{"id":212126,"date":"2024-12-20T13:13:33","date_gmt":"2024-12-20T12:13:33","guid":{"rendered":"https:\/\/radioljubuski.ba\/?p=212126"},"modified":"2024-12-20T13:13:35","modified_gmt":"2024-12-20T12:13:35","slug":"ljubuski-domacin-foruma-odrzivog-razvoja-turizma-zapadnohercegovacke-zupanije-2024","status":"publish","type":"post","link":"https:\/\/radioljubuski.ba\/index.php\/2024\/12\/20\/ljubuski-domacin-foruma-odrzivog-razvoja-turizma-zapadnohercegovacke-zupanije-2024\/","title":{"rendered":"Ljubu\u0161ki doma\u0107in &#8220;Foruma odr\u017eivog razvoja turizma Zapadnohercegova\u010dke \u017eupanije 2024.&#8221;"},"content":{"rendered":"\n<p>\u201cForum odr\u017eivog turizma \u017dupanije Zapadnohercegova\u010dke 2024.\u201d odr\u017ean je danas u hotelu Bigeste u Ljubu\u0161kom.<br>Forum je organiziran se u okviru projekta \u201eRomansWineDanube\u201c, kojeg provodi Ured Vlade \u017dupanije Zapadnohercegova\u010dke za europske integracije, a financira se kroz INTERREG DANUBE 2021-2027 program.<br>Doma\u0107ini Foruma su Grad Ljubu\u0161ki i Turisti\u010dka zajednica Grada Ljubu\u0161kog. Forum odr\u017eivog turizma okupio je \u0107e klju\u010dne dionike turizma, stru\u010dnjake i organizacije koje se bave odr\u017eivim turizmom iz Hercegovine, kao i predstavnike javnog sektora.<br>Program foruma donio je pregled aktualnog stanja turizma u Zapadnohercegova\u010dkoj \u017eupaniji, predstaviv\u0161i Grad Ljubu\u0161ki kao primjer uspje\u0161nog razvoja turizma, smjernice za razvoj odr\u017eivog turizma, predstavljanje novih trendova u turizmu, razvoj odr\u017eivih turisti\u010dkih proizvoda, pozicioniranje Hercegovine kao biciklisti\u010dke destinacije i destinacije za digitalne nomade, festivale kao odr\u017eivog turisti\u010dkog proizvoda te mogu\u0107nosti financiranja turisti\u010dkih proizvoda.<br>U programu foruma sudjelovali su Vedran Markoti\u0107 gradona\u010delnik Ljubu\u0161kog, Ivan Jurilj ravnatelj ureda za europske integracije \u017dZH, Veronika Pinjuh v.d. predsjednice Turisti\u010dke zajednice grada Ljubu\u0161kog, Damir Kre\u0161i\u0107, Ravnatelj Instituta za turizam Republike Hrvatske, Ana Soldo ispred ured-a V\u017dZH za EUI, Stanislava Borovac, Herzegovinabike, Vedran \u0160imunovi\u0107, INTERA TP, Toni Krtali\u0107-Udruga za promicanje urbane kulture, Bo\u017eena Kaltak, UNDP, Stjepan Primorac, predsjednik Udruge za turizam Gospodarske komore FBiH te ostali gosti i uzvanici iz turisti\u010dkog i javnog sektora.<\/p>\n\n\n\n<figure class=\"wp-block-image size-large\"><img loading=\"lazy\" decoding=\"async\" width=\"768\" height=\"1024\" src=\"https:\/\/radioljubuski.ba\/wp-content\/uploads\/2024\/12\/IMG_20241220_105336-768x1024.jpg\" alt=\"\" class=\"wp-image-212142\" srcset=\"https:\/\/radioljubuski.ba\/wp-content\/uploads\/2024\/12\/IMG_20241220_105336-768x1024.jpg 768w, https:\/\/radioljubuski.ba\/wp-content\/uploads\/2024\/12\/IMG_20241220_105336-225x300.jpg 225w, https:\/\/radioljubuski.ba\/wp-content\/uploads\/2024\/12\/IMG_20241220_105336-1152x1536.jpg 1152w, https:\/\/radioljubuski.ba\/wp-content\/uploads\/2024\/12\/IMG_20241220_105336-1536x2048.jpg 1536w, https:\/\/radioljubuski.ba\/wp-content\/uploads\/2024\/12\/IMG_20241220_105336-9x12.jpg 9w, https:\/\/radioljubuski.ba\/wp-content\/uploads\/2024\/12\/IMG_20241220_105336-scaled.jpg 1920w\" sizes=\"auto, (max-width: 768px) 100vw, 768px\" \/><\/figure>\n\n\n\n<figure class=\"wp-block-image size-large\"><img loading=\"lazy\" decoding=\"async\" width=\"1024\" height=\"768\" src=\"https:\/\/radioljubuski.ba\/wp-content\/uploads\/2024\/12\/IMG_20241220_110354-1024x768.jpg\" alt=\"\" class=\"wp-image-212138\" srcset=\"https:\/\/radioljubuski.ba\/wp-content\/uploads\/2024\/12\/IMG_20241220_110354-1024x768.jpg 1024w, https:\/\/radioljubuski.ba\/wp-content\/uploads\/2024\/12\/IMG_20241220_110354-300x225.jpg 300w, https:\/\/radioljubuski.ba\/wp-content\/uploads\/2024\/12\/IMG_20241220_110354-768x576.jpg 768w, https:\/\/radioljubuski.ba\/wp-content\/uploads\/2024\/12\/IMG_20241220_110354-1536x1152.jpg 1536w, https:\/\/radioljubuski.ba\/wp-content\/uploads\/2024\/12\/IMG_20241220_110354-2048x1536.jpg 2048w, https:\/\/radioljubuski.ba\/wp-content\/uploads\/2024\/12\/IMG_20241220_110354-16x12.jpg 16w\" sizes=\"auto, (max-width: 1024px) 100vw, 1024px\" \/><\/figure>\n\n\n\n<figure class=\"wp-block-image size-large\"><img loading=\"lazy\" decoding=\"async\" width=\"576\" height=\"1024\" src=\"https:\/\/radioljubuski.ba\/wp-content\/uploads\/2024\/12\/IMG_20241220_105451-576x1024.jpg\" alt=\"\" class=\"wp-image-212141\" srcset=\"https:\/\/radioljubuski.ba\/wp-content\/uploads\/2024\/12\/IMG_20241220_105451-576x1024.jpg 576w, https:\/\/radioljubuski.ba\/wp-content\/uploads\/2024\/12\/IMG_20241220_105451-169x300.jpg 169w, https:\/\/radioljubuski.ba\/wp-content\/uploads\/2024\/12\/IMG_20241220_105451-768x1365.jpg 768w, https:\/\/radioljubuski.ba\/wp-content\/uploads\/2024\/12\/IMG_20241220_105451-864x1536.jpg 864w, https:\/\/radioljubuski.ba\/wp-content\/uploads\/2024\/12\/IMG_20241220_105451-1152x2048.jpg 1152w, https:\/\/radioljubuski.ba\/wp-content\/uploads\/2024\/12\/IMG_20241220_105451-7x12.jpg 7w, https:\/\/radioljubuski.ba\/wp-content\/uploads\/2024\/12\/IMG_20241220_105451-scaled.jpg 1440w\" sizes=\"auto, (max-width: 576px) 100vw, 576px\" \/><\/figure>\n\n\n\n<figure class=\"wp-block-image size-large\"><img loading=\"lazy\" decoding=\"async\" width=\"768\" height=\"1024\" src=\"https:\/\/radioljubuski.ba\/wp-content\/uploads\/2024\/12\/IMG_20241220_105734-768x1024.jpg\" alt=\"\" class=\"wp-image-212140\" srcset=\"https:\/\/radioljubuski.ba\/wp-content\/uploads\/2024\/12\/IMG_20241220_105734-768x1024.jpg 768w, https:\/\/radioljubuski.ba\/wp-content\/uploads\/2024\/12\/IMG_20241220_105734-225x300.jpg 225w, https:\/\/radioljubuski.ba\/wp-content\/uploads\/2024\/12\/IMG_20241220_105734-1152x1536.jpg 1152w, https:\/\/radioljubuski.ba\/wp-content\/uploads\/2024\/12\/IMG_20241220_105734-1536x2048.jpg 1536w, https:\/\/radioljubuski.ba\/wp-content\/uploads\/2024\/12\/IMG_20241220_105734-9x12.jpg 9w, https:\/\/radioljubuski.ba\/wp-content\/uploads\/2024\/12\/IMG_20241220_105734-scaled.jpg 1920w\" sizes=\"auto, (max-width: 768px) 100vw, 768px\" \/><\/figure>\n\n\n\n<figure class=\"wp-block-image size-large\"><img loading=\"lazy\" decoding=\"async\" width=\"1024\" height=\"768\" src=\"https:\/\/radioljubuski.ba\/wp-content\/uploads\/2024\/12\/IMG_20241220_111511-1024x768.jpg\" alt=\"\" class=\"wp-image-212139\" srcset=\"https:\/\/radioljubuski.ba\/wp-content\/uploads\/2024\/12\/IMG_20241220_111511-1024x768.jpg 1024w, https:\/\/radioljubuski.ba\/wp-content\/uploads\/2024\/12\/IMG_20241220_111511-300x225.jpg 300w, https:\/\/radioljubuski.ba\/wp-content\/uploads\/2024\/12\/IMG_20241220_111511-768x576.jpg 768w, https:\/\/radioljubuski.ba\/wp-content\/uploads\/2024\/12\/IMG_20241220_111511-1536x1152.jpg 1536w, https:\/\/radioljubuski.ba\/wp-content\/uploads\/2024\/12\/IMG_20241220_111511-2048x1536.jpg 2048w, https:\/\/radioljubuski.ba\/wp-content\/uploads\/2024\/12\/IMG_20241220_111511-16x12.jpg 16w\" sizes=\"auto, (max-width: 1024px) 100vw, 1024px\" \/><\/figure>\n\n\n\n<p>Radio Ljubu\u0161ki<\/p>\n","protected":false},"excerpt":{"rendered":"<p>\u201cForum odr\u017eivog turizma \u017dupanije Zapadnohercegova\u010dke 2024.\u201d odr\u017ean je danas u hotelu Bigeste u Ljubu\u0161kom.Forum je organiziran se u okviru projekta \u201eRomansWineDanube\u201c, kojeg provodi Ured Vlade \u017dupanije Zapadnohercegova\u010dke za europske integracije, a financira se kroz INTERREG DANUBE 2021-2027 program.Doma\u0107ini Foruma su Grad Ljubu\u0161ki i Turisti\u010dka zajednica Grada Ljubu\u0161kog. Forum odr\u017eivog turizma okupio je \u0107e klju\u010dne dionike [&hellip;]<\/p>\n","protected":false},"author":2,"featured_media":212134,"comment_status":"closed","ping_status":"closed","sticky":false,"template":"","format":"standard","meta":{"h5ap_radio_sources":[],"footnotes":""},"categories":[1,3],"tags":[],"class_list":["post-212126","post","type-post","status-publish","format-standard","has-post-thumbnail","hentry","category-bihiregija","category-ljubuski"],"yoast_head":"<!-- This site is optimized with the Yoast SEO plugin v27.5 - https:\/\/yoast.com\/product\/yoast-seo-wordpress\/ -->\n<title>Ljubu\u0161ki doma\u0107in &quot;Foruma odr\u017eivog razvoja turizma Zapadnohercegova\u010dke \u017eupanije 2024.&quot; - RADIO LJUBU\u0160KI<\/title>\n<meta name=\"robots\" content=\"index, follow, max-snippet:-1, max-image-preview:large, max-video-preview:-1\" \/>\n<link rel=\"canonical\" href=\"https:\/\/radioljubuski.ba\/index.php\/2024\/12\/20\/ljubuski-domacin-foruma-odrzivog-razvoja-turizma-zapadnohercegovacke-zupanije-2024\/\" \/>\n<meta property=\"og:locale\" content=\"hr_HR\" \/>\n<meta property=\"og:type\" content=\"article\" \/>\n<meta property=\"og:title\" content=\"Ljubu\u0161ki doma\u0107in &quot;Foruma odr\u017eivog razvoja turizma Zapadnohercegova\u010dke \u017eupanije 2024.&quot; - RADIO LJUBU\u0160KI\" \/>\n<meta property=\"og:description\" content=\"\u201cForum odr\u017eivog turizma \u017dupanije Zapadnohercegova\u010dke 2024.\u201d odr\u017ean je danas u hotelu Bigeste u Ljubu\u0161kom.Forum je organiziran se u okviru projekta \u201eRomansWineDanube\u201c, kojeg provodi Ured Vlade \u017dupanije Zapadnohercegova\u010dke za europske integracije, a financira se kroz INTERREG DANUBE 2021-2027 program.Doma\u0107ini Foruma su Grad Ljubu\u0161ki i Turisti\u010dka zajednica Grada Ljubu\u0161kog. Forum odr\u017eivog turizma okupio je \u0107e klju\u010dne dionike [&hellip;]\" \/>\n<meta property=\"og:url\" content=\"https:\/\/radioljubuski.ba\/index.php\/2024\/12\/20\/ljubuski-domacin-foruma-odrzivog-razvoja-turizma-zapadnohercegovacke-zupanije-2024\/\" \/>\n<meta property=\"og:site_name\" content=\"RADIO LJUBU\u0160KI\" \/>\n<meta property=\"article:publisher\" content=\"https:\/\/www.facebook.com\/Radiio-Ljubuski-1490835324566332\" \/>\n<meta property=\"article:published_time\" content=\"2024-12-20T12:13:33+00:00\" \/>\n<meta property=\"article:modified_time\" content=\"2024-12-20T12:13:35+00:00\" \/>\n<meta property=\"og:image\" content=\"https:\/\/radioljubuski.ba\/wp-content\/uploads\/2024\/12\/IMG_20241220_111540-2-scaled.jpg\" \/>\n\t<meta property=\"og:image:width\" content=\"2560\" \/>\n\t<meta property=\"og:image:height\" content=\"1920\" \/>\n\t<meta property=\"og:image:type\" content=\"image\/jpeg\" \/>\n<meta name=\"author\" content=\"Radio Ljubu\u0161ki\" \/>\n<meta name=\"twitter:card\" content=\"summary_large_image\" \/>\n<meta name=\"twitter:creator\" content=\"@radioljubuski\" \/>\n<meta name=\"twitter:site\" content=\"@radioljubuski\" \/>\n<meta name=\"twitter:label1\" content=\"Napisao\/la\" \/>\n\t<meta name=\"twitter:data1\" content=\"Radio Ljubu\u0161ki\" \/>\n\t<meta name=\"twitter:label2\" content=\"Procijenjeno vrijeme \u010ditanja\" \/>\n\t<meta name=\"twitter:data2\" content=\"3 minute\" \/>\n<script type=\"application\/ld+json\" class=\"yoast-schema-graph\">{\"@context\":\"https:\\\/\\\/schema.org\",\"@graph\":[{\"@type\":\"Article\",\"@id\":\"https:\\\/\\\/radioljubuski.ba\\\/index.php\\\/2024\\\/12\\\/20\\\/ljubuski-domacin-foruma-odrzivog-razvoja-turizma-zapadnohercegovacke-zupanije-2024\\\/#article\",\"isPartOf\":{\"@id\":\"https:\\\/\\\/radioljubuski.ba\\\/index.php\\\/2024\\\/12\\\/20\\\/ljubuski-domacin-foruma-odrzivog-razvoja-turizma-zapadnohercegovacke-zupanije-2024\\\/\"},\"author\":{\"name\":\"Radio Ljubu\u0161ki\",\"@id\":\"https:\\\/\\\/radioljubuski.ba\\\/#\\\/schema\\\/person\\\/19fc700381a780f69665d7956c469e3b\"},\"headline\":\"Ljubu\u0161ki doma\u0107in &#8220;Foruma odr\u017eivog razvoja turizma Zapadnohercegova\u010dke \u017eupanije 2024.&#8221;\",\"datePublished\":\"2024-12-20T12:13:33+00:00\",\"dateModified\":\"2024-12-20T12:13:35+00:00\",\"mainEntityOfPage\":{\"@id\":\"https:\\\/\\\/radioljubuski.ba\\\/index.php\\\/2024\\\/12\\\/20\\\/ljubuski-domacin-foruma-odrzivog-razvoja-turizma-zapadnohercegovacke-zupanije-2024\\\/\"},\"wordCount\":250,\"publisher\":{\"@id\":\"https:\\\/\\\/radioljubuski.ba\\\/#organization\"},\"image\":{\"@id\":\"https:\\\/\\\/radioljubuski.ba\\\/index.php\\\/2024\\\/12\\\/20\\\/ljubuski-domacin-foruma-odrzivog-razvoja-turizma-zapadnohercegovacke-zupanije-2024\\\/#primaryimage\"},\"thumbnailUrl\":\"https:\\\/\\\/radioljubuski.ba\\\/wp-content\\\/uploads\\\/2024\\\/12\\\/IMG_20241220_111540-2-scaled.jpg\",\"articleSection\":[\"BIH i regija\",\"Ljubu\u0161ki\"],\"inLanguage\":\"hr\"},{\"@type\":\"WebPage\",\"@id\":\"https:\\\/\\\/radioljubuski.ba\\\/index.php\\\/2024\\\/12\\\/20\\\/ljubuski-domacin-foruma-odrzivog-razvoja-turizma-zapadnohercegovacke-zupanije-2024\\\/\",\"url\":\"https:\\\/\\\/radioljubuski.ba\\\/index.php\\\/2024\\\/12\\\/20\\\/ljubuski-domacin-foruma-odrzivog-razvoja-turizma-zapadnohercegovacke-zupanije-2024\\\/\",\"name\":\"Ljubu\u0161ki doma\u0107in \\\"Foruma odr\u017eivog razvoja turizma Zapadnohercegova\u010dke \u017eupanije 2024.\\\" - RADIO LJUBU\u0160KI\",\"isPartOf\":{\"@id\":\"https:\\\/\\\/radioljubuski.ba\\\/#website\"},\"primaryImageOfPage\":{\"@id\":\"https:\\\/\\\/radioljubuski.ba\\\/index.php\\\/2024\\\/12\\\/20\\\/ljubuski-domacin-foruma-odrzivog-razvoja-turizma-zapadnohercegovacke-zupanije-2024\\\/#primaryimage\"},\"image\":{\"@id\":\"https:\\\/\\\/radioljubuski.ba\\\/index.php\\\/2024\\\/12\\\/20\\\/ljubuski-domacin-foruma-odrzivog-razvoja-turizma-zapadnohercegovacke-zupanije-2024\\\/#primaryimage\"},\"thumbnailUrl\":\"https:\\\/\\\/radioljubuski.ba\\\/wp-content\\\/uploads\\\/2024\\\/12\\\/IMG_20241220_111540-2-scaled.jpg\",\"datePublished\":\"2024-12-20T12:13:33+00:00\",\"dateModified\":\"2024-12-20T12:13:35+00:00\",\"breadcrumb\":{\"@id\":\"https:\\\/\\\/radioljubuski.ba\\\/index.php\\\/2024\\\/12\\\/20\\\/ljubuski-domacin-foruma-odrzivog-razvoja-turizma-zapadnohercegovacke-zupanije-2024\\\/#breadcrumb\"},\"inLanguage\":\"hr\",\"potentialAction\":[{\"@type\":\"ReadAction\",\"target\":[\"https:\\\/\\\/radioljubuski.ba\\\/index.php\\\/2024\\\/12\\\/20\\\/ljubuski-domacin-foruma-odrzivog-razvoja-turizma-zapadnohercegovacke-zupanije-2024\\\/\"]}]},{\"@type\":\"ImageObject\",\"inLanguage\":\"hr\",\"@id\":\"https:\\\/\\\/radioljubuski.ba\\\/index.php\\\/2024\\\/12\\\/20\\\/ljubuski-domacin-foruma-odrzivog-razvoja-turizma-zapadnohercegovacke-zupanije-2024\\\/#primaryimage\",\"url\":\"https:\\\/\\\/radioljubuski.ba\\\/wp-content\\\/uploads\\\/2024\\\/12\\\/IMG_20241220_111540-2-scaled.jpg\",\"contentUrl\":\"https:\\\/\\\/radioljubuski.ba\\\/wp-content\\\/uploads\\\/2024\\\/12\\\/IMG_20241220_111540-2-scaled.jpg\",\"width\":2560,\"height\":1920},{\"@type\":\"BreadcrumbList\",\"@id\":\"https:\\\/\\\/radioljubuski.ba\\\/index.php\\\/2024\\\/12\\\/20\\\/ljubuski-domacin-foruma-odrzivog-razvoja-turizma-zapadnohercegovacke-zupanije-2024\\\/#breadcrumb\",\"itemListElement\":[{\"@type\":\"ListItem\",\"position\":1,\"name\":\"Po\u010detna stranica\",\"item\":\"https:\\\/\\\/radioljubuski.ba\\\/\"},{\"@type\":\"ListItem\",\"position\":2,\"name\":\"Ljubu\u0161ki doma\u0107in &#8220;Foruma odr\u017eivog razvoja turizma Zapadnohercegova\u010dke \u017eupanije 2024.&#8221;\"}]},{\"@type\":\"WebSite\",\"@id\":\"https:\\\/\\\/radioljubuski.ba\\\/#website\",\"url\":\"https:\\\/\\\/radioljubuski.ba\\\/\",\"name\":\"Radio Ljubu\u0161ki\",\"description\":\"Sun\u010dana frekvencija Hercegovine\",\"publisher\":{\"@id\":\"https:\\\/\\\/radioljubuski.ba\\\/#organization\"},\"potentialAction\":[{\"@type\":\"SearchAction\",\"target\":{\"@type\":\"EntryPoint\",\"urlTemplate\":\"https:\\\/\\\/radioljubuski.ba\\\/?s={search_term_string}\"},\"query-input\":{\"@type\":\"PropertyValueSpecification\",\"valueRequired\":true,\"valueName\":\"search_term_string\"}}],\"inLanguage\":\"hr\"},{\"@type\":\"Organization\",\"@id\":\"https:\\\/\\\/radioljubuski.ba\\\/#organization\",\"name\":\"Radio Ljubu\u0161ki\",\"url\":\"https:\\\/\\\/radioljubuski.ba\\\/\",\"logo\":{\"@type\":\"ImageObject\",\"inLanguage\":\"hr\",\"@id\":\"https:\\\/\\\/radioljubuski.ba\\\/#\\\/schema\\\/logo\\\/image\\\/\",\"url\":\"https:\\\/\\\/radioljubuski.ba\\\/wp-content\\\/uploads\\\/2021\\\/02\\\/cropped-Radio_Ljubuski_logo1.jpg\",\"contentUrl\":\"https:\\\/\\\/radioljubuski.ba\\\/wp-content\\\/uploads\\\/2021\\\/02\\\/cropped-Radio_Ljubuski_logo1.jpg\",\"width\":512,\"height\":512,\"caption\":\"Radio Ljubu\u0161ki\"},\"image\":{\"@id\":\"https:\\\/\\\/radioljubuski.ba\\\/#\\\/schema\\\/logo\\\/image\\\/\"},\"sameAs\":[\"https:\\\/\\\/www.facebook.com\\\/Radiio-Ljubuski-1490835324566332\",\"https:\\\/\\\/x.com\\\/radioljubuski\",\"https:\\\/\\\/hr.linkedin.com\\\/company\\\/radio-ljubuski\",\"https:\\\/\\\/www.youtube.com\\\/channel\\\/UCHYaeO_n0Db3tjNGudGpXyw\"]},{\"@type\":\"Person\",\"@id\":\"https:\\\/\\\/radioljubuski.ba\\\/#\\\/schema\\\/person\\\/19fc700381a780f69665d7956c469e3b\",\"name\":\"Radio Ljubu\u0161ki\"}]}<\/script>\n<!-- \/ Yoast SEO plugin. -->","yoast_head_json":{"title":"Ljubu\u0161ki doma\u0107in \"Foruma odr\u017eivog razvoja turizma Zapadnohercegova\u010dke \u017eupanije 2024.\" - RADIO LJUBU\u0160KI","robots":{"index":"index","follow":"follow","max-snippet":"max-snippet:-1","max-image-preview":"max-image-preview:large","max-video-preview":"max-video-preview:-1"},"canonical":"https:\/\/radioljubuski.ba\/index.php\/2024\/12\/20\/ljubuski-domacin-foruma-odrzivog-razvoja-turizma-zapadnohercegovacke-zupanije-2024\/","og_locale":"hr_HR","og_type":"article","og_title":"Ljubu\u0161ki doma\u0107in \"Foruma odr\u017eivog razvoja turizma Zapadnohercegova\u010dke \u017eupanije 2024.\" - RADIO LJUBU\u0160KI","og_description":"\u201cForum odr\u017eivog turizma \u017dupanije Zapadnohercegova\u010dke 2024.\u201d odr\u017ean je danas u hotelu Bigeste u Ljubu\u0161kom.Forum je organiziran se u okviru projekta \u201eRomansWineDanube\u201c, kojeg provodi Ured Vlade \u017dupanije Zapadnohercegova\u010dke za europske integracije, a financira se kroz INTERREG DANUBE 2021-2027 program.Doma\u0107ini Foruma su Grad Ljubu\u0161ki i Turisti\u010dka zajednica Grada Ljubu\u0161kog. Forum odr\u017eivog turizma okupio je \u0107e klju\u010dne dionike [&hellip;]","og_url":"https:\/\/radioljubuski.ba\/index.php\/2024\/12\/20\/ljubuski-domacin-foruma-odrzivog-razvoja-turizma-zapadnohercegovacke-zupanije-2024\/","og_site_name":"RADIO LJUBU\u0160KI","article_publisher":"https:\/\/www.facebook.com\/Radiio-Ljubuski-1490835324566332","article_published_time":"2024-12-20T12:13:33+00:00","article_modified_time":"2024-12-20T12:13:35+00:00","og_image":[{"width":2560,"height":1920,"url":"https:\/\/radioljubuski.ba\/wp-content\/uploads\/2024\/12\/IMG_20241220_111540-2-scaled.jpg","type":"image\/jpeg"}],"author":"Radio Ljubu\u0161ki","twitter_card":"summary_large_image","twitter_creator":"@radioljubuski","twitter_site":"@radioljubuski","twitter_misc":{"Napisao\/la":"Radio Ljubu\u0161ki","Procijenjeno vrijeme \u010ditanja":"3 minute"},"schema":{"@context":"https:\/\/schema.org","@graph":[{"@type":"Article","@id":"https:\/\/radioljubuski.ba\/index.php\/2024\/12\/20\/ljubuski-domacin-foruma-odrzivog-razvoja-turizma-zapadnohercegovacke-zupanije-2024\/#article","isPartOf":{"@id":"https:\/\/radioljubuski.ba\/index.php\/2024\/12\/20\/ljubuski-domacin-foruma-odrzivog-razvoja-turizma-zapadnohercegovacke-zupanije-2024\/"},"author":{"name":"Radio Ljubu\u0161ki","@id":"https:\/\/radioljubuski.ba\/#\/schema\/person\/19fc700381a780f69665d7956c469e3b"},"headline":"Ljubu\u0161ki doma\u0107in &#8220;Foruma odr\u017eivog razvoja turizma Zapadnohercegova\u010dke \u017eupanije 2024.&#8221;","datePublished":"2024-12-20T12:13:33+00:00","dateModified":"2024-12-20T12:13:35+00:00","mainEntityOfPage":{"@id":"https:\/\/radioljubuski.ba\/index.php\/2024\/12\/20\/ljubuski-domacin-foruma-odrzivog-razvoja-turizma-zapadnohercegovacke-zupanije-2024\/"},"wordCount":250,"publisher":{"@id":"https:\/\/radioljubuski.ba\/#organization"},"image":{"@id":"https:\/\/radioljubuski.ba\/index.php\/2024\/12\/20\/ljubuski-domacin-foruma-odrzivog-razvoja-turizma-zapadnohercegovacke-zupanije-2024\/#primaryimage"},"thumbnailUrl":"https:\/\/radioljubuski.ba\/wp-content\/uploads\/2024\/12\/IMG_20241220_111540-2-scaled.jpg","articleSection":["BIH i regija","Ljubu\u0161ki"],"inLanguage":"hr"},{"@type":"WebPage","@id":"https:\/\/radioljubuski.ba\/index.php\/2024\/12\/20\/ljubuski-domacin-foruma-odrzivog-razvoja-turizma-zapadnohercegovacke-zupanije-2024\/","url":"https:\/\/radioljubuski.ba\/index.php\/2024\/12\/20\/ljubuski-domacin-foruma-odrzivog-razvoja-turizma-zapadnohercegovacke-zupanije-2024\/","name":"Ljubu\u0161ki doma\u0107in \"Foruma odr\u017eivog razvoja turizma Zapadnohercegova\u010dke \u017eupanije 2024.\" - RADIO LJUBU\u0160KI","isPartOf":{"@id":"https:\/\/radioljubuski.ba\/#website"},"primaryImageOfPage":{"@id":"https:\/\/radioljubuski.ba\/index.php\/2024\/12\/20\/ljubuski-domacin-foruma-odrzivog-razvoja-turizma-zapadnohercegovacke-zupanije-2024\/#primaryimage"},"image":{"@id":"https:\/\/radioljubuski.ba\/index.php\/2024\/12\/20\/ljubuski-domacin-foruma-odrzivog-razvoja-turizma-zapadnohercegovacke-zupanije-2024\/#primaryimage"},"thumbnailUrl":"https:\/\/radioljubuski.ba\/wp-content\/uploads\/2024\/12\/IMG_20241220_111540-2-scaled.jpg","datePublished":"2024-12-20T12:13:33+00:00","dateModified":"2024-12-20T12:13:35+00:00","breadcrumb":{"@id":"https:\/\/radioljubuski.ba\/index.php\/2024\/12\/20\/ljubuski-domacin-foruma-odrzivog-razvoja-turizma-zapadnohercegovacke-zupanije-2024\/#breadcrumb"},"inLanguage":"hr","potentialAction":[{"@type":"ReadAction","target":["https:\/\/radioljubuski.ba\/index.php\/2024\/12\/20\/ljubuski-domacin-foruma-odrzivog-razvoja-turizma-zapadnohercegovacke-zupanije-2024\/"]}]},{"@type":"ImageObject","inLanguage":"hr","@id":"https:\/\/radioljubuski.ba\/index.php\/2024\/12\/20\/ljubuski-domacin-foruma-odrzivog-razvoja-turizma-zapadnohercegovacke-zupanije-2024\/#primaryimage","url":"https:\/\/radioljubuski.ba\/wp-content\/uploads\/2024\/12\/IMG_20241220_111540-2-scaled.jpg","contentUrl":"https:\/\/radioljubuski.ba\/wp-content\/uploads\/2024\/12\/IMG_20241220_111540-2-scaled.jpg","width":2560,"height":1920},{"@type":"BreadcrumbList","@id":"https:\/\/radioljubuski.ba\/index.php\/2024\/12\/20\/ljubuski-domacin-foruma-odrzivog-razvoja-turizma-zapadnohercegovacke-zupanije-2024\/#breadcrumb","itemListElement":[{"@type":"ListItem","position":1,"name":"Po\u010detna stranica","item":"https:\/\/radioljubuski.ba\/"},{"@type":"ListItem","position":2,"name":"Ljubu\u0161ki doma\u0107in &#8220;Foruma odr\u017eivog razvoja turizma Zapadnohercegova\u010dke \u017eupanije 2024.&#8221;"}]},{"@type":"WebSite","@id":"https:\/\/radioljubuski.ba\/#website","url":"https:\/\/radioljubuski.ba\/","name":"Radio Ljubu\u0161ki","description":"Sun\u010dana frekvencija Hercegovine","publisher":{"@id":"https:\/\/radioljubuski.ba\/#organization"},"potentialAction":[{"@type":"SearchAction","target":{"@type":"EntryPoint","urlTemplate":"https:\/\/radioljubuski.ba\/?s={search_term_string}"},"query-input":{"@type":"PropertyValueSpecification","valueRequired":true,"valueName":"search_term_string"}}],"inLanguage":"hr"},{"@type":"Organization","@id":"https:\/\/radioljubuski.ba\/#organization","name":"Radio Ljubu\u0161ki","url":"https:\/\/radioljubuski.ba\/","logo":{"@type":"ImageObject","inLanguage":"hr","@id":"https:\/\/radioljubuski.ba\/#\/schema\/logo\/image\/","url":"https:\/\/radioljubuski.ba\/wp-content\/uploads\/2021\/02\/cropped-Radio_Ljubuski_logo1.jpg","contentUrl":"https:\/\/radioljubuski.ba\/wp-content\/uploads\/2021\/02\/cropped-Radio_Ljubuski_logo1.jpg","width":512,"height":512,"caption":"Radio Ljubu\u0161ki"},"image":{"@id":"https:\/\/radioljubuski.ba\/#\/schema\/logo\/image\/"},"sameAs":["https:\/\/www.facebook.com\/Radiio-Ljubuski-1490835324566332","https:\/\/x.com\/radioljubuski","https:\/\/hr.linkedin.com\/company\/radio-ljubuski","https:\/\/www.youtube.com\/channel\/UCHYaeO_n0Db3tjNGudGpXyw"]},{"@type":"Person","@id":"https:\/\/radioljubuski.ba\/#\/schema\/person\/19fc700381a780f69665d7956c469e3b","name":"Radio Ljubu\u0161ki"}]}},"_links":{"self":[{"href":"https:\/\/radioljubuski.ba\/index.php\/wp-json\/wp\/v2\/posts\/212126","targetHints":{"allow":["GET"]}}],"collection":[{"href":"https:\/\/radioljubuski.ba\/index.php\/wp-json\/wp\/v2\/posts"}],"about":[{"href":"https:\/\/radioljubuski.ba\/index.php\/wp-json\/wp\/v2\/types\/post"}],"author":[{"embeddable":true,"href":"https:\/\/radioljubuski.ba\/index.php\/wp-json\/wp\/v2\/users\/2"}],"replies":[{"embeddable":true,"href":"https:\/\/radioljubuski.ba\/index.php\/wp-json\/wp\/v2\/comments?post=212126"}],"version-history":[{"count":2,"href":"https:\/\/radioljubuski.ba\/index.php\/wp-json\/wp\/v2\/posts\/212126\/revisions"}],"predecessor-version":[{"id":212143,"href":"https:\/\/radioljubuski.ba\/index.php\/wp-json\/wp\/v2\/posts\/212126\/revisions\/212143"}],"wp:featuredmedia":[{"embeddable":true,"href":"https:\/\/radioljubuski.ba\/index.php\/wp-json\/wp\/v2\/media\/212134"}],"wp:attachment":[{"href":"https:\/\/radioljubuski.ba\/index.php\/wp-json\/wp\/v2\/media?parent=212126"}],"wp:term":[{"taxonomy":"category","embeddable":true,"href":"https:\/\/radioljubuski.ba\/index.php\/wp-json\/wp\/v2\/categories?post=212126"},{"taxonomy":"post_tag","embeddable":true,"href":"https:\/\/radioljubuski.ba\/index.php\/wp-json\/wp\/v2\/tags?post=212126"}],"curies":[{"name":"wp","href":"https:\/\/api.w.org\/{rel}","templated":true}]}}