{"id":212821,"date":"2025-01-02T12:17:46","date_gmt":"2025-01-02T11:17:46","guid":{"rendered":"https:\/\/radioljubuski.ba\/?p=212821"},"modified":"2025-01-02T12:23:02","modified_gmt":"2025-01-02T11:23:02","slug":"ured-za-hrvate-jos-920-000-eura-za-projekte-hrvata-izvan-hrvatske","status":"publish","type":"post","link":"https:\/\/radioljubuski.ba\/index.php\/2025\/01\/02\/ured-za-hrvate-jos-920-000-eura-za-projekte-hrvata-izvan-hrvatske\/","title":{"rendered":"Ured za Hrvate: Jo\u0161 920.000 eura za projekte Hrvata izvan Hrvatske"},"content":{"rendered":"\n<p><strong>ZAGREB, 2. sije\u010dnja (FENA) &#8211;\u00a0Nakon 906. 000 eura dodijeljenih u lipnju, Sredi\u0161nji ured za Hrvate izvan Hrvatske dodijelio je jo\u0161 920.000 eura za posebne potrebe i projekte od interesa za Hrvate izvan Hrvatske, \u0161to je ukupno ne\u0161to vi\u0161e od 1, 8 milijuna eura, najvi\u0161e unatrag deset godina.<\/strong><\/p>\n\n\n\n<h3 class=\"wp-block-heading\">Sredi\u0161nji dr\u017eavni ured za Hrvate izvan Republike Hrvatske donio je Odluku o dodjeli financijske potpore za posebne potrebe i projekte od interesa za Hrvate izvan Republike Hrvatske za 2024. godinu.<\/h3>\n\n\n\n<p>Temeljem provedenog 2. Javnog poziva za prijavu posebnih potreba i projekata od interesa za Hrvate izvan Republike Hrvatske u svrhu ostvarenja financijske potpore za 2024. godinu, Sredi\u0161nji dr\u017eavni ured za Hrvate izvan Republike Hrvatske donio je Odluku o dodjeli financijske potpore za posebne potrebe i projekte od interesa za Hrvate izvan Republike Hrvatske za 2024. godinu.<\/p>\n\n\n\n<p>S obzirom na pove\u0107an broj pristiglih prijava u odnosu na ranija razdoblja, a kako bismo u \u0161to ve\u0107oj mjeri pozitivno odgovorili na iskazane potrebe i projekte Hrvata izvan Republike Hrvatske, u Dr\u017eavnom prora\u010dunu za 2024. godinu, preraspodjelom sredstava osigurano je dodatnih 120.000,00 eura na aktivnosti A862006 \u201eProgrami Hrvata izvan Republike Hrvatske\u201c.<\/p>\n\n\n\n<p>Javni poziv provodi se s ciljem promicanja veza i ja\u010danja suradnje Republike Hrvatske s Hrvatima izvan Republike Hrvatske te o\u010duvanja i ja\u010danja nacionalnog identiteta, za\u0161tite prava i interesa hrvatskih zajednica, o\u010duvanja hrvatskog jezika, kulturnog stvarala\u0161tva i ba\u0161tine te poticanja hrvatskog kulturnog zajedni\u0161tva, kao i pomo\u0107i ugro\u017eenim pojedincima &#8211; pripadnicima hrvatskog naroda izvan Republike Hrvatske.<br><br>Odluka o dodjeli financijske potpore nalazi se u dokumentu u privitku.<\/p>\n\n\n\n<p><a href=\"https:\/\/hrvatiizvanrh.gov.hr\/UserDocsImages\/\/dokumenti\/Javni_natjecaji_i_pozivi\/\/Odluka%20o%20dodjeli%20financijske%20potpore%20za%20posebne%20potrebe%20i%20projekte%20od%20interesa%20za%20Hrvate%20izvan%20Republike%20Hrvatske%20za%202024.%20godinu.pdf\">https:\/\/hrvatiizvanrh.gov.hr\/UserDocsImages\/\/dokumenti\/Javni_natjecaji_i_pozivi\/\/Odluka%20o%20dodjeli%20financijske%20potpore%20za%20posebne%20potrebe%20i%20projekte%20od%20interesa%20za%20Hrvate%20izvan%20Republike%20Hrvatske%20za%202024.%20godinu.pdf<\/a><\/p>\n","protected":false},"excerpt":{"rendered":"<p>ZAGREB, 2. sije\u010dnja (FENA) &#8211;\u00a0Nakon 906. 000 eura dodijeljenih u lipnju, Sredi\u0161nji ured za Hrvate izvan Hrvatske dodijelio je jo\u0161 920.000 eura za posebne potrebe i projekte od interesa za Hrvate izvan Hrvatske, \u0161to je ukupno ne\u0161to vi\u0161e od 1, 8 milijuna eura, najvi\u0161e unatrag deset godina. Sredi\u0161nji dr\u017eavni ured za Hrvate izvan Republike Hrvatske [&hellip;]<\/p>\n","protected":false},"author":2,"featured_media":212822,"comment_status":"closed","ping_status":"closed","sticky":false,"template":"","format":"standard","meta":{"h5ap_radio_sources":[],"footnotes":""},"categories":[28],"tags":[],"class_list":["post-212821","post","type-post","status-publish","format-standard","has-post-thumbnail","hentry","category-novosti"],"yoast_head":"<!-- This site is optimized with the Yoast SEO plugin v27.5 - https:\/\/yoast.com\/product\/yoast-seo-wordpress\/ -->\n<title>Ured za Hrvate: Jo\u0161 920.000 eura za projekte Hrvata izvan Hrvatske - RADIO LJUBU\u0160KI<\/title>\n<meta name=\"robots\" content=\"index, follow, max-snippet:-1, max-image-preview:large, max-video-preview:-1\" \/>\n<link rel=\"canonical\" href=\"https:\/\/radioljubuski.ba\/index.php\/2025\/01\/02\/ured-za-hrvate-jos-920-000-eura-za-projekte-hrvata-izvan-hrvatske\/\" \/>\n<meta property=\"og:locale\" content=\"hr_HR\" \/>\n<meta property=\"og:type\" content=\"article\" \/>\n<meta property=\"og:title\" content=\"Ured za Hrvate: Jo\u0161 920.000 eura za projekte Hrvata izvan Hrvatske - RADIO LJUBU\u0160KI\" \/>\n<meta property=\"og:description\" content=\"ZAGREB, 2. sije\u010dnja (FENA) &#8211;\u00a0Nakon 906. 000 eura dodijeljenih u lipnju, Sredi\u0161nji ured za Hrvate izvan Hrvatske dodijelio je jo\u0161 920.000 eura za posebne potrebe i projekte od interesa za Hrvate izvan Hrvatske, \u0161to je ukupno ne\u0161to vi\u0161e od 1, 8 milijuna eura, najvi\u0161e unatrag deset godina. Sredi\u0161nji dr\u017eavni ured za Hrvate izvan Republike Hrvatske [&hellip;]\" \/>\n<meta property=\"og:url\" content=\"https:\/\/radioljubuski.ba\/index.php\/2025\/01\/02\/ured-za-hrvate-jos-920-000-eura-za-projekte-hrvata-izvan-hrvatske\/\" \/>\n<meta property=\"og:site_name\" content=\"RADIO LJUBU\u0160KI\" \/>\n<meta property=\"article:publisher\" content=\"https:\/\/www.facebook.com\/Radiio-Ljubuski-1490835324566332\" \/>\n<meta property=\"article:published_time\" content=\"2025-01-02T11:17:46+00:00\" \/>\n<meta property=\"article:modified_time\" content=\"2025-01-02T11:23:02+00:00\" \/>\n<meta property=\"og:image\" content=\"https:\/\/radioljubuski.ba\/wp-content\/uploads\/2025\/01\/sredisnji-ured.jpg\" \/>\n\t<meta property=\"og:image:width\" content=\"1024\" \/>\n\t<meta property=\"og:image:height\" content=\"713\" \/>\n\t<meta property=\"og:image:type\" content=\"image\/jpeg\" \/>\n<meta name=\"author\" content=\"Radio Ljubu\u0161ki\" \/>\n<meta name=\"twitter:card\" content=\"summary_large_image\" \/>\n<meta name=\"twitter:creator\" content=\"@radioljubuski\" \/>\n<meta name=\"twitter:site\" content=\"@radioljubuski\" \/>\n<meta name=\"twitter:label1\" content=\"Napisao\/la\" \/>\n\t<meta name=\"twitter:data1\" content=\"Radio Ljubu\u0161ki\" \/>\n\t<meta name=\"twitter:label2\" content=\"Procijenjeno vrijeme \u010ditanja\" \/>\n\t<meta name=\"twitter:data2\" content=\"2 minute\" \/>\n<script type=\"application\/ld+json\" class=\"yoast-schema-graph\">{\"@context\":\"https:\\\/\\\/schema.org\",\"@graph\":[{\"@type\":\"Article\",\"@id\":\"https:\\\/\\\/radioljubuski.ba\\\/index.php\\\/2025\\\/01\\\/02\\\/ured-za-hrvate-jos-920-000-eura-za-projekte-hrvata-izvan-hrvatske\\\/#article\",\"isPartOf\":{\"@id\":\"https:\\\/\\\/radioljubuski.ba\\\/index.php\\\/2025\\\/01\\\/02\\\/ured-za-hrvate-jos-920-000-eura-za-projekte-hrvata-izvan-hrvatske\\\/\"},\"author\":{\"name\":\"Radio Ljubu\u0161ki\",\"@id\":\"https:\\\/\\\/radioljubuski.ba\\\/#\\\/schema\\\/person\\\/19fc700381a780f69665d7956c469e3b\"},\"headline\":\"Ured za Hrvate: Jo\u0161 920.000 eura za projekte Hrvata izvan Hrvatske\",\"datePublished\":\"2025-01-02T11:17:46+00:00\",\"dateModified\":\"2025-01-02T11:23:02+00:00\",\"mainEntityOfPage\":{\"@id\":\"https:\\\/\\\/radioljubuski.ba\\\/index.php\\\/2025\\\/01\\\/02\\\/ured-za-hrvate-jos-920-000-eura-za-projekte-hrvata-izvan-hrvatske\\\/\"},\"wordCount\":301,\"publisher\":{\"@id\":\"https:\\\/\\\/radioljubuski.ba\\\/#organization\"},\"image\":{\"@id\":\"https:\\\/\\\/radioljubuski.ba\\\/index.php\\\/2025\\\/01\\\/02\\\/ured-za-hrvate-jos-920-000-eura-za-projekte-hrvata-izvan-hrvatske\\\/#primaryimage\"},\"thumbnailUrl\":\"https:\\\/\\\/radioljubuski.ba\\\/wp-content\\\/uploads\\\/2025\\\/01\\\/sredisnji-ured.jpg\",\"articleSection\":[\"Novosti\"],\"inLanguage\":\"hr\"},{\"@type\":\"WebPage\",\"@id\":\"https:\\\/\\\/radioljubuski.ba\\\/index.php\\\/2025\\\/01\\\/02\\\/ured-za-hrvate-jos-920-000-eura-za-projekte-hrvata-izvan-hrvatske\\\/\",\"url\":\"https:\\\/\\\/radioljubuski.ba\\\/index.php\\\/2025\\\/01\\\/02\\\/ured-za-hrvate-jos-920-000-eura-za-projekte-hrvata-izvan-hrvatske\\\/\",\"name\":\"Ured za Hrvate: Jo\u0161 920.000 eura za projekte Hrvata izvan Hrvatske - RADIO LJUBU\u0160KI\",\"isPartOf\":{\"@id\":\"https:\\\/\\\/radioljubuski.ba\\\/#website\"},\"primaryImageOfPage\":{\"@id\":\"https:\\\/\\\/radioljubuski.ba\\\/index.php\\\/2025\\\/01\\\/02\\\/ured-za-hrvate-jos-920-000-eura-za-projekte-hrvata-izvan-hrvatske\\\/#primaryimage\"},\"image\":{\"@id\":\"https:\\\/\\\/radioljubuski.ba\\\/index.php\\\/2025\\\/01\\\/02\\\/ured-za-hrvate-jos-920-000-eura-za-projekte-hrvata-izvan-hrvatske\\\/#primaryimage\"},\"thumbnailUrl\":\"https:\\\/\\\/radioljubuski.ba\\\/wp-content\\\/uploads\\\/2025\\\/01\\\/sredisnji-ured.jpg\",\"datePublished\":\"2025-01-02T11:17:46+00:00\",\"dateModified\":\"2025-01-02T11:23:02+00:00\",\"breadcrumb\":{\"@id\":\"https:\\\/\\\/radioljubuski.ba\\\/index.php\\\/2025\\\/01\\\/02\\\/ured-za-hrvate-jos-920-000-eura-za-projekte-hrvata-izvan-hrvatske\\\/#breadcrumb\"},\"inLanguage\":\"hr\",\"potentialAction\":[{\"@type\":\"ReadAction\",\"target\":[\"https:\\\/\\\/radioljubuski.ba\\\/index.php\\\/2025\\\/01\\\/02\\\/ured-za-hrvate-jos-920-000-eura-za-projekte-hrvata-izvan-hrvatske\\\/\"]}]},{\"@type\":\"ImageObject\",\"inLanguage\":\"hr\",\"@id\":\"https:\\\/\\\/radioljubuski.ba\\\/index.php\\\/2025\\\/01\\\/02\\\/ured-za-hrvate-jos-920-000-eura-za-projekte-hrvata-izvan-hrvatske\\\/#primaryimage\",\"url\":\"https:\\\/\\\/radioljubuski.ba\\\/wp-content\\\/uploads\\\/2025\\\/01\\\/sredisnji-ured.jpg\",\"contentUrl\":\"https:\\\/\\\/radioljubuski.ba\\\/wp-content\\\/uploads\\\/2025\\\/01\\\/sredisnji-ured.jpg\",\"width\":1024,\"height\":713},{\"@type\":\"BreadcrumbList\",\"@id\":\"https:\\\/\\\/radioljubuski.ba\\\/index.php\\\/2025\\\/01\\\/02\\\/ured-za-hrvate-jos-920-000-eura-za-projekte-hrvata-izvan-hrvatske\\\/#breadcrumb\",\"itemListElement\":[{\"@type\":\"ListItem\",\"position\":1,\"name\":\"Po\u010detna stranica\",\"item\":\"https:\\\/\\\/radioljubuski.ba\\\/\"},{\"@type\":\"ListItem\",\"position\":2,\"name\":\"Ured za Hrvate: Jo\u0161 920.000 eura za projekte Hrvata izvan Hrvatske\"}]},{\"@type\":\"WebSite\",\"@id\":\"https:\\\/\\\/radioljubuski.ba\\\/#website\",\"url\":\"https:\\\/\\\/radioljubuski.ba\\\/\",\"name\":\"Radio Ljubu\u0161ki\",\"description\":\"Sun\u010dana frekvencija Hercegovine\",\"publisher\":{\"@id\":\"https:\\\/\\\/radioljubuski.ba\\\/#organization\"},\"potentialAction\":[{\"@type\":\"SearchAction\",\"target\":{\"@type\":\"EntryPoint\",\"urlTemplate\":\"https:\\\/\\\/radioljubuski.ba\\\/?s={search_term_string}\"},\"query-input\":{\"@type\":\"PropertyValueSpecification\",\"valueRequired\":true,\"valueName\":\"search_term_string\"}}],\"inLanguage\":\"hr\"},{\"@type\":\"Organization\",\"@id\":\"https:\\\/\\\/radioljubuski.ba\\\/#organization\",\"name\":\"Radio Ljubu\u0161ki\",\"url\":\"https:\\\/\\\/radioljubuski.ba\\\/\",\"logo\":{\"@type\":\"ImageObject\",\"inLanguage\":\"hr\",\"@id\":\"https:\\\/\\\/radioljubuski.ba\\\/#\\\/schema\\\/logo\\\/image\\\/\",\"url\":\"https:\\\/\\\/radioljubuski.ba\\\/wp-content\\\/uploads\\\/2021\\\/02\\\/cropped-Radio_Ljubuski_logo1.jpg\",\"contentUrl\":\"https:\\\/\\\/radioljubuski.ba\\\/wp-content\\\/uploads\\\/2021\\\/02\\\/cropped-Radio_Ljubuski_logo1.jpg\",\"width\":512,\"height\":512,\"caption\":\"Radio Ljubu\u0161ki\"},\"image\":{\"@id\":\"https:\\\/\\\/radioljubuski.ba\\\/#\\\/schema\\\/logo\\\/image\\\/\"},\"sameAs\":[\"https:\\\/\\\/www.facebook.com\\\/Radiio-Ljubuski-1490835324566332\",\"https:\\\/\\\/x.com\\\/radioljubuski\",\"https:\\\/\\\/hr.linkedin.com\\\/company\\\/radio-ljubuski\",\"https:\\\/\\\/www.youtube.com\\\/channel\\\/UCHYaeO_n0Db3tjNGudGpXyw\"]},{\"@type\":\"Person\",\"@id\":\"https:\\\/\\\/radioljubuski.ba\\\/#\\\/schema\\\/person\\\/19fc700381a780f69665d7956c469e3b\",\"name\":\"Radio Ljubu\u0161ki\"}]}<\/script>\n<!-- \/ Yoast SEO plugin. -->","yoast_head_json":{"title":"Ured za Hrvate: Jo\u0161 920.000 eura za projekte Hrvata izvan Hrvatske - RADIO LJUBU\u0160KI","robots":{"index":"index","follow":"follow","max-snippet":"max-snippet:-1","max-image-preview":"max-image-preview:large","max-video-preview":"max-video-preview:-1"},"canonical":"https:\/\/radioljubuski.ba\/index.php\/2025\/01\/02\/ured-za-hrvate-jos-920-000-eura-za-projekte-hrvata-izvan-hrvatske\/","og_locale":"hr_HR","og_type":"article","og_title":"Ured za Hrvate: Jo\u0161 920.000 eura za projekte Hrvata izvan Hrvatske - RADIO LJUBU\u0160KI","og_description":"ZAGREB, 2. sije\u010dnja (FENA) &#8211;\u00a0Nakon 906. 000 eura dodijeljenih u lipnju, Sredi\u0161nji ured za Hrvate izvan Hrvatske dodijelio je jo\u0161 920.000 eura za posebne potrebe i projekte od interesa za Hrvate izvan Hrvatske, \u0161to je ukupno ne\u0161to vi\u0161e od 1, 8 milijuna eura, najvi\u0161e unatrag deset godina. Sredi\u0161nji dr\u017eavni ured za Hrvate izvan Republike Hrvatske [&hellip;]","og_url":"https:\/\/radioljubuski.ba\/index.php\/2025\/01\/02\/ured-za-hrvate-jos-920-000-eura-za-projekte-hrvata-izvan-hrvatske\/","og_site_name":"RADIO LJUBU\u0160KI","article_publisher":"https:\/\/www.facebook.com\/Radiio-Ljubuski-1490835324566332","article_published_time":"2025-01-02T11:17:46+00:00","article_modified_time":"2025-01-02T11:23:02+00:00","og_image":[{"width":1024,"height":713,"url":"https:\/\/radioljubuski.ba\/wp-content\/uploads\/2025\/01\/sredisnji-ured.jpg","type":"image\/jpeg"}],"author":"Radio Ljubu\u0161ki","twitter_card":"summary_large_image","twitter_creator":"@radioljubuski","twitter_site":"@radioljubuski","twitter_misc":{"Napisao\/la":"Radio Ljubu\u0161ki","Procijenjeno vrijeme \u010ditanja":"2 minute"},"schema":{"@context":"https:\/\/schema.org","@graph":[{"@type":"Article","@id":"https:\/\/radioljubuski.ba\/index.php\/2025\/01\/02\/ured-za-hrvate-jos-920-000-eura-za-projekte-hrvata-izvan-hrvatske\/#article","isPartOf":{"@id":"https:\/\/radioljubuski.ba\/index.php\/2025\/01\/02\/ured-za-hrvate-jos-920-000-eura-za-projekte-hrvata-izvan-hrvatske\/"},"author":{"name":"Radio Ljubu\u0161ki","@id":"https:\/\/radioljubuski.ba\/#\/schema\/person\/19fc700381a780f69665d7956c469e3b"},"headline":"Ured za Hrvate: Jo\u0161 920.000 eura za projekte Hrvata izvan Hrvatske","datePublished":"2025-01-02T11:17:46+00:00","dateModified":"2025-01-02T11:23:02+00:00","mainEntityOfPage":{"@id":"https:\/\/radioljubuski.ba\/index.php\/2025\/01\/02\/ured-za-hrvate-jos-920-000-eura-za-projekte-hrvata-izvan-hrvatske\/"},"wordCount":301,"publisher":{"@id":"https:\/\/radioljubuski.ba\/#organization"},"image":{"@id":"https:\/\/radioljubuski.ba\/index.php\/2025\/01\/02\/ured-za-hrvate-jos-920-000-eura-za-projekte-hrvata-izvan-hrvatske\/#primaryimage"},"thumbnailUrl":"https:\/\/radioljubuski.ba\/wp-content\/uploads\/2025\/01\/sredisnji-ured.jpg","articleSection":["Novosti"],"inLanguage":"hr"},{"@type":"WebPage","@id":"https:\/\/radioljubuski.ba\/index.php\/2025\/01\/02\/ured-za-hrvate-jos-920-000-eura-za-projekte-hrvata-izvan-hrvatske\/","url":"https:\/\/radioljubuski.ba\/index.php\/2025\/01\/02\/ured-za-hrvate-jos-920-000-eura-za-projekte-hrvata-izvan-hrvatske\/","name":"Ured za Hrvate: Jo\u0161 920.000 eura za projekte Hrvata izvan Hrvatske - RADIO LJUBU\u0160KI","isPartOf":{"@id":"https:\/\/radioljubuski.ba\/#website"},"primaryImageOfPage":{"@id":"https:\/\/radioljubuski.ba\/index.php\/2025\/01\/02\/ured-za-hrvate-jos-920-000-eura-za-projekte-hrvata-izvan-hrvatske\/#primaryimage"},"image":{"@id":"https:\/\/radioljubuski.ba\/index.php\/2025\/01\/02\/ured-za-hrvate-jos-920-000-eura-za-projekte-hrvata-izvan-hrvatske\/#primaryimage"},"thumbnailUrl":"https:\/\/radioljubuski.ba\/wp-content\/uploads\/2025\/01\/sredisnji-ured.jpg","datePublished":"2025-01-02T11:17:46+00:00","dateModified":"2025-01-02T11:23:02+00:00","breadcrumb":{"@id":"https:\/\/radioljubuski.ba\/index.php\/2025\/01\/02\/ured-za-hrvate-jos-920-000-eura-za-projekte-hrvata-izvan-hrvatske\/#breadcrumb"},"inLanguage":"hr","potentialAction":[{"@type":"ReadAction","target":["https:\/\/radioljubuski.ba\/index.php\/2025\/01\/02\/ured-za-hrvate-jos-920-000-eura-za-projekte-hrvata-izvan-hrvatske\/"]}]},{"@type":"ImageObject","inLanguage":"hr","@id":"https:\/\/radioljubuski.ba\/index.php\/2025\/01\/02\/ured-za-hrvate-jos-920-000-eura-za-projekte-hrvata-izvan-hrvatske\/#primaryimage","url":"https:\/\/radioljubuski.ba\/wp-content\/uploads\/2025\/01\/sredisnji-ured.jpg","contentUrl":"https:\/\/radioljubuski.ba\/wp-content\/uploads\/2025\/01\/sredisnji-ured.jpg","width":1024,"height":713},{"@type":"BreadcrumbList","@id":"https:\/\/radioljubuski.ba\/index.php\/2025\/01\/02\/ured-za-hrvate-jos-920-000-eura-za-projekte-hrvata-izvan-hrvatske\/#breadcrumb","itemListElement":[{"@type":"ListItem","position":1,"name":"Po\u010detna stranica","item":"https:\/\/radioljubuski.ba\/"},{"@type":"ListItem","position":2,"name":"Ured za Hrvate: Jo\u0161 920.000 eura za projekte Hrvata izvan Hrvatske"}]},{"@type":"WebSite","@id":"https:\/\/radioljubuski.ba\/#website","url":"https:\/\/radioljubuski.ba\/","name":"Radio Ljubu\u0161ki","description":"Sun\u010dana frekvencija Hercegovine","publisher":{"@id":"https:\/\/radioljubuski.ba\/#organization"},"potentialAction":[{"@type":"SearchAction","target":{"@type":"EntryPoint","urlTemplate":"https:\/\/radioljubuski.ba\/?s={search_term_string}"},"query-input":{"@type":"PropertyValueSpecification","valueRequired":true,"valueName":"search_term_string"}}],"inLanguage":"hr"},{"@type":"Organization","@id":"https:\/\/radioljubuski.ba\/#organization","name":"Radio Ljubu\u0161ki","url":"https:\/\/radioljubuski.ba\/","logo":{"@type":"ImageObject","inLanguage":"hr","@id":"https:\/\/radioljubuski.ba\/#\/schema\/logo\/image\/","url":"https:\/\/radioljubuski.ba\/wp-content\/uploads\/2021\/02\/cropped-Radio_Ljubuski_logo1.jpg","contentUrl":"https:\/\/radioljubuski.ba\/wp-content\/uploads\/2021\/02\/cropped-Radio_Ljubuski_logo1.jpg","width":512,"height":512,"caption":"Radio Ljubu\u0161ki"},"image":{"@id":"https:\/\/radioljubuski.ba\/#\/schema\/logo\/image\/"},"sameAs":["https:\/\/www.facebook.com\/Radiio-Ljubuski-1490835324566332","https:\/\/x.com\/radioljubuski","https:\/\/hr.linkedin.com\/company\/radio-ljubuski","https:\/\/www.youtube.com\/channel\/UCHYaeO_n0Db3tjNGudGpXyw"]},{"@type":"Person","@id":"https:\/\/radioljubuski.ba\/#\/schema\/person\/19fc700381a780f69665d7956c469e3b","name":"Radio Ljubu\u0161ki"}]}},"_links":{"self":[{"href":"https:\/\/radioljubuski.ba\/index.php\/wp-json\/wp\/v2\/posts\/212821","targetHints":{"allow":["GET"]}}],"collection":[{"href":"https:\/\/radioljubuski.ba\/index.php\/wp-json\/wp\/v2\/posts"}],"about":[{"href":"https:\/\/radioljubuski.ba\/index.php\/wp-json\/wp\/v2\/types\/post"}],"author":[{"embeddable":true,"href":"https:\/\/radioljubuski.ba\/index.php\/wp-json\/wp\/v2\/users\/2"}],"replies":[{"embeddable":true,"href":"https:\/\/radioljubuski.ba\/index.php\/wp-json\/wp\/v2\/comments?post=212821"}],"version-history":[{"count":1,"href":"https:\/\/radioljubuski.ba\/index.php\/wp-json\/wp\/v2\/posts\/212821\/revisions"}],"predecessor-version":[{"id":212823,"href":"https:\/\/radioljubuski.ba\/index.php\/wp-json\/wp\/v2\/posts\/212821\/revisions\/212823"}],"wp:featuredmedia":[{"embeddable":true,"href":"https:\/\/radioljubuski.ba\/index.php\/wp-json\/wp\/v2\/media\/212822"}],"wp:attachment":[{"href":"https:\/\/radioljubuski.ba\/index.php\/wp-json\/wp\/v2\/media?parent=212821"}],"wp:term":[{"taxonomy":"category","embeddable":true,"href":"https:\/\/radioljubuski.ba\/index.php\/wp-json\/wp\/v2\/categories?post=212821"},{"taxonomy":"post_tag","embeddable":true,"href":"https:\/\/radioljubuski.ba\/index.php\/wp-json\/wp\/v2\/tags?post=212821"}],"curies":[{"name":"wp","href":"https:\/\/api.w.org\/{rel}","templated":true}]}}