{"id":212829,"date":"2025-01-07T08:46:47","date_gmt":"2025-01-07T07:46:47","guid":{"rendered":"https:\/\/radioljubuski.ba\/?p=212829"},"modified":"2025-01-07T08:48:50","modified_gmt":"2025-01-07T07:48:50","slug":"pocelo-drugo-obrazovno-razdobljenastava-u-gimnaziji-ljubuski-od-ponedjeljka-13-sijecnja","status":"publish","type":"post","link":"https:\/\/radioljubuski.ba\/index.php\/2025\/01\/07\/pocelo-drugo-obrazovno-razdobljenastava-u-gimnaziji-ljubuski-od-ponedjeljka-13-sijecnja\/","title":{"rendered":"Po\u010delo drugo obrazovno razdoblje,nastava u Gimnaziji Ljubu\u0161ki od ponedjeljka 13. sije\u010dnja"},"content":{"rendered":"\n<p>U\u010denici osnovnih i srednjih \u0161kola Zapadnohercegova\u010dke \u017eupanije krenuli su jutros na nastavu\u00a0 zapo\u010dev\u0161i drugo obrazovno razdoblje u \u0161kolskoj 2024\/2025 godini. U\u010denici Gimnazije Ljubu\u0161ki u \u0161kolske \u0107e klupe sjesti tjedan dana kasnije, 13. sije\u010dnja, kako Radio Ljubu\u0161ki saznaje od Lea Mandi\u0107a direktora Gimnazije Ljubu\u0161ki nastava u Gimnaziji Ljubu\u0161ki odgo\u0111ena je zbog gra\u0111evinsko obrtni\u010dkih i elektro instalacijskih radova koji se odvijaju na obnovi unutra\u0161njosti zgrade, radovi su u zavr\u0161noj fazi te se odvijaju na ulaznim stepenicama i potkrovlju, rije\u010d je o radovima  vrijednim vi\u0161e od pola milijuna maraka koje su financirali Grad Ljubu\u0161ki, Vlada Zapadnohercegova\u010dke \u017eupanije, Vlada FBIH i Vlada Republike Hrvatske. Pogledajte kako trenutno izgleda unutra\u0161njost Gimnazije.<\/p>\n\n\n\n<figure class=\"wp-block-image size-large\"><img loading=\"lazy\" decoding=\"async\" width=\"461\" height=\"1024\" src=\"https:\/\/radioljubuski.ba\/wp-content\/uploads\/2025\/01\/IMG-20250107-WA0000-461x1024.jpg\" alt=\"\" class=\"wp-image-212835\" srcset=\"https:\/\/radioljubuski.ba\/wp-content\/uploads\/2025\/01\/IMG-20250107-WA0000-461x1024.jpg 461w, https:\/\/radioljubuski.ba\/wp-content\/uploads\/2025\/01\/IMG-20250107-WA0000-135x300.jpg 135w, https:\/\/radioljubuski.ba\/wp-content\/uploads\/2025\/01\/IMG-20250107-WA0000-691x1536.jpg 691w, https:\/\/radioljubuski.ba\/wp-content\/uploads\/2025\/01\/IMG-20250107-WA0000-5x12.jpg 5w, https:\/\/radioljubuski.ba\/wp-content\/uploads\/2025\/01\/IMG-20250107-WA0000.jpg 720w\" sizes=\"auto, (max-width: 461px) 100vw, 461px\" \/><\/figure>\n\n\n\n<figure class=\"wp-block-image size-large\"><img loading=\"lazy\" decoding=\"async\" width=\"461\" height=\"1024\" src=\"https:\/\/radioljubuski.ba\/wp-content\/uploads\/2025\/01\/IMG-20250107-WA0002-461x1024.jpg\" alt=\"\" class=\"wp-image-212834\" srcset=\"https:\/\/radioljubuski.ba\/wp-content\/uploads\/2025\/01\/IMG-20250107-WA0002-461x1024.jpg 461w, https:\/\/radioljubuski.ba\/wp-content\/uploads\/2025\/01\/IMG-20250107-WA0002-135x300.jpg 135w, https:\/\/radioljubuski.ba\/wp-content\/uploads\/2025\/01\/IMG-20250107-WA0002-691x1536.jpg 691w, https:\/\/radioljubuski.ba\/wp-content\/uploads\/2025\/01\/IMG-20250107-WA0002-5x12.jpg 5w, https:\/\/radioljubuski.ba\/wp-content\/uploads\/2025\/01\/IMG-20250107-WA0002.jpg 720w\" sizes=\"auto, (max-width: 461px) 100vw, 461px\" \/><\/figure>\n\n\n\n<figure class=\"wp-block-image size-large\"><img loading=\"lazy\" decoding=\"async\" width=\"461\" height=\"1024\" src=\"https:\/\/radioljubuski.ba\/wp-content\/uploads\/2025\/01\/IMG-20250107-WA0003-1-461x1024.jpg\" alt=\"\" class=\"wp-image-212833\" srcset=\"https:\/\/radioljubuski.ba\/wp-content\/uploads\/2025\/01\/IMG-20250107-WA0003-1-461x1024.jpg 461w, https:\/\/radioljubuski.ba\/wp-content\/uploads\/2025\/01\/IMG-20250107-WA0003-1-135x300.jpg 135w, https:\/\/radioljubuski.ba\/wp-content\/uploads\/2025\/01\/IMG-20250107-WA0003-1-691x1536.jpg 691w, https:\/\/radioljubuski.ba\/wp-content\/uploads\/2025\/01\/IMG-20250107-WA0003-1-5x12.jpg 5w, https:\/\/radioljubuski.ba\/wp-content\/uploads\/2025\/01\/IMG-20250107-WA0003-1.jpg 720w\" sizes=\"auto, (max-width: 461px) 100vw, 461px\" \/><\/figure>\n\n\n\n<figure class=\"wp-block-embed is-type-wp-embed is-provider-radio-ljubu-ki wp-block-embed-radio-ljubu-ki\"><div class=\"wp-block-embed__wrapper\">\n<blockquote class=\"wp-embedded-content\" data-secret=\"nWXuYLJAGU\"><a href=\"https:\/\/radioljubuski.ba\/index.php\/2024\/11\/11\/gimnazija-ljubuski-u-tijeku-obnova-unutrasnjosti\/\">Gimnazija Ljubu\u0161ki: U tijeku obnova unutra\u0161njosti<\/a><\/blockquote><iframe loading=\"lazy\" class=\"wp-embedded-content\" sandbox=\"allow-scripts\" security=\"restricted\" style=\"position: absolute; visibility: hidden;\" title=\"&#8220;Gimnazija Ljubu\u0161ki: U tijeku obnova unutra\u0161njosti&#8221; &#8212;   RADIO LJUBU\u0160KI\" src=\"https:\/\/radioljubuski.ba\/index.php\/2024\/11\/11\/gimnazija-ljubuski-u-tijeku-obnova-unutrasnjosti\/embed\/#?secret=72a8RUzGmX#?secret=nWXuYLJAGU\" data-secret=\"nWXuYLJAGU\" width=\"600\" height=\"338\" frameborder=\"0\" marginwidth=\"0\" marginheight=\"0\" scrolling=\"no\"><\/iframe>\n<\/div><\/figure>\n\n\n\n<p>B.Medi\u0107\/Radio Ljubu\u0161ki<\/p>\n","protected":false},"excerpt":{"rendered":"<p>U\u010denici osnovnih i srednjih \u0161kola Zapadnohercegova\u010dke \u017eupanije krenuli su jutros na nastavu\u00a0 zapo\u010dev\u0161i drugo obrazovno razdoblje u \u0161kolskoj 2024\/2025 godini. U\u010denici Gimnazije Ljubu\u0161ki u \u0161kolske \u0107e klupe sjesti tjedan dana kasnije, 13. sije\u010dnja, kako Radio Ljubu\u0161ki saznaje od Lea Mandi\u0107a direktora Gimnazije Ljubu\u0161ki nastava u Gimnaziji Ljubu\u0161ki odgo\u0111ena je zbog gra\u0111evinsko obrtni\u010dkih i elektro instalacijskih [&hellip;]<\/p>\n","protected":false},"author":2,"featured_media":212832,"comment_status":"closed","ping_status":"closed","sticky":false,"template":"","format":"standard","meta":{"h5ap_radio_sources":[],"footnotes":""},"categories":[3,28],"tags":[],"class_list":["post-212829","post","type-post","status-publish","format-standard","has-post-thumbnail","hentry","category-ljubuski","category-novosti"],"yoast_head":"<!-- This site is optimized with the Yoast SEO plugin v27.5 - https:\/\/yoast.com\/product\/yoast-seo-wordpress\/ -->\n<title>Po\u010delo drugo obrazovno razdoblje,nastava u Gimnaziji Ljubu\u0161ki od ponedjeljka 13. sije\u010dnja - RADIO LJUBU\u0160KI<\/title>\n<meta name=\"robots\" content=\"index, follow, max-snippet:-1, max-image-preview:large, max-video-preview:-1\" \/>\n<link rel=\"canonical\" href=\"https:\/\/radioljubuski.ba\/index.php\/2025\/01\/07\/pocelo-drugo-obrazovno-razdobljenastava-u-gimnaziji-ljubuski-od-ponedjeljka-13-sijecnja\/\" \/>\n<meta property=\"og:locale\" content=\"hr_HR\" \/>\n<meta property=\"og:type\" content=\"article\" \/>\n<meta property=\"og:title\" content=\"Po\u010delo drugo obrazovno razdoblje,nastava u Gimnaziji Ljubu\u0161ki od ponedjeljka 13. sije\u010dnja - RADIO LJUBU\u0160KI\" \/>\n<meta property=\"og:description\" content=\"U\u010denici osnovnih i srednjih \u0161kola Zapadnohercegova\u010dke \u017eupanije krenuli su jutros na nastavu\u00a0 zapo\u010dev\u0161i drugo obrazovno razdoblje u \u0161kolskoj 2024\/2025 godini. U\u010denici Gimnazije Ljubu\u0161ki u \u0161kolske \u0107e klupe sjesti tjedan dana kasnije, 13. sije\u010dnja, kako Radio Ljubu\u0161ki saznaje od Lea Mandi\u0107a direktora Gimnazije Ljubu\u0161ki nastava u Gimnaziji Ljubu\u0161ki odgo\u0111ena je zbog gra\u0111evinsko obrtni\u010dkih i elektro instalacijskih [&hellip;]\" \/>\n<meta property=\"og:url\" content=\"https:\/\/radioljubuski.ba\/index.php\/2025\/01\/07\/pocelo-drugo-obrazovno-razdobljenastava-u-gimnaziji-ljubuski-od-ponedjeljka-13-sijecnja\/\" \/>\n<meta property=\"og:site_name\" content=\"RADIO LJUBU\u0160KI\" \/>\n<meta property=\"article:publisher\" content=\"https:\/\/www.facebook.com\/Radiio-Ljubuski-1490835324566332\" \/>\n<meta property=\"article:published_time\" content=\"2025-01-07T07:46:47+00:00\" \/>\n<meta property=\"article:modified_time\" content=\"2025-01-07T07:48:50+00:00\" \/>\n<meta property=\"og:image\" content=\"https:\/\/radioljubuski.ba\/wp-content\/uploads\/2025\/01\/IMG-20250107-WA0003.jpg\" \/>\n\t<meta property=\"og:image:width\" content=\"720\" \/>\n\t<meta property=\"og:image:height\" content=\"1600\" \/>\n\t<meta property=\"og:image:type\" content=\"image\/jpeg\" \/>\n<meta name=\"author\" content=\"Radio Ljubu\u0161ki\" \/>\n<meta name=\"twitter:card\" content=\"summary_large_image\" \/>\n<meta name=\"twitter:creator\" content=\"@radioljubuski\" \/>\n<meta name=\"twitter:site\" content=\"@radioljubuski\" \/>\n<meta name=\"twitter:label1\" content=\"Napisao\/la\" \/>\n\t<meta name=\"twitter:data1\" content=\"Radio Ljubu\u0161ki\" \/>\n\t<meta name=\"twitter:label2\" content=\"Procijenjeno vrijeme \u010ditanja\" \/>\n\t<meta name=\"twitter:data2\" content=\"2 minute\" \/>\n<script type=\"application\/ld+json\" class=\"yoast-schema-graph\">{\"@context\":\"https:\\\/\\\/schema.org\",\"@graph\":[{\"@type\":\"Article\",\"@id\":\"https:\\\/\\\/radioljubuski.ba\\\/index.php\\\/2025\\\/01\\\/07\\\/pocelo-drugo-obrazovno-razdobljenastava-u-gimnaziji-ljubuski-od-ponedjeljka-13-sijecnja\\\/#article\",\"isPartOf\":{\"@id\":\"https:\\\/\\\/radioljubuski.ba\\\/index.php\\\/2025\\\/01\\\/07\\\/pocelo-drugo-obrazovno-razdobljenastava-u-gimnaziji-ljubuski-od-ponedjeljka-13-sijecnja\\\/\"},\"author\":{\"name\":\"Radio Ljubu\u0161ki\",\"@id\":\"https:\\\/\\\/radioljubuski.ba\\\/#\\\/schema\\\/person\\\/19fc700381a780f69665d7956c469e3b\"},\"headline\":\"Po\u010delo drugo obrazovno razdoblje,nastava u Gimnaziji Ljubu\u0161ki od ponedjeljka 13. sije\u010dnja\",\"datePublished\":\"2025-01-07T07:46:47+00:00\",\"dateModified\":\"2025-01-07T07:48:50+00:00\",\"mainEntityOfPage\":{\"@id\":\"https:\\\/\\\/radioljubuski.ba\\\/index.php\\\/2025\\\/01\\\/07\\\/pocelo-drugo-obrazovno-razdobljenastava-u-gimnaziji-ljubuski-od-ponedjeljka-13-sijecnja\\\/\"},\"wordCount\":149,\"publisher\":{\"@id\":\"https:\\\/\\\/radioljubuski.ba\\\/#organization\"},\"image\":{\"@id\":\"https:\\\/\\\/radioljubuski.ba\\\/index.php\\\/2025\\\/01\\\/07\\\/pocelo-drugo-obrazovno-razdobljenastava-u-gimnaziji-ljubuski-od-ponedjeljka-13-sijecnja\\\/#primaryimage\"},\"thumbnailUrl\":\"https:\\\/\\\/radioljubuski.ba\\\/wp-content\\\/uploads\\\/2025\\\/01\\\/IMG-20250107-WA0003.jpg\",\"articleSection\":[\"Ljubu\u0161ki\",\"Novosti\"],\"inLanguage\":\"hr\"},{\"@type\":\"WebPage\",\"@id\":\"https:\\\/\\\/radioljubuski.ba\\\/index.php\\\/2025\\\/01\\\/07\\\/pocelo-drugo-obrazovno-razdobljenastava-u-gimnaziji-ljubuski-od-ponedjeljka-13-sijecnja\\\/\",\"url\":\"https:\\\/\\\/radioljubuski.ba\\\/index.php\\\/2025\\\/01\\\/07\\\/pocelo-drugo-obrazovno-razdobljenastava-u-gimnaziji-ljubuski-od-ponedjeljka-13-sijecnja\\\/\",\"name\":\"Po\u010delo drugo obrazovno razdoblje,nastava u Gimnaziji Ljubu\u0161ki od ponedjeljka 13. sije\u010dnja - RADIO LJUBU\u0160KI\",\"isPartOf\":{\"@id\":\"https:\\\/\\\/radioljubuski.ba\\\/#website\"},\"primaryImageOfPage\":{\"@id\":\"https:\\\/\\\/radioljubuski.ba\\\/index.php\\\/2025\\\/01\\\/07\\\/pocelo-drugo-obrazovno-razdobljenastava-u-gimnaziji-ljubuski-od-ponedjeljka-13-sijecnja\\\/#primaryimage\"},\"image\":{\"@id\":\"https:\\\/\\\/radioljubuski.ba\\\/index.php\\\/2025\\\/01\\\/07\\\/pocelo-drugo-obrazovno-razdobljenastava-u-gimnaziji-ljubuski-od-ponedjeljka-13-sijecnja\\\/#primaryimage\"},\"thumbnailUrl\":\"https:\\\/\\\/radioljubuski.ba\\\/wp-content\\\/uploads\\\/2025\\\/01\\\/IMG-20250107-WA0003.jpg\",\"datePublished\":\"2025-01-07T07:46:47+00:00\",\"dateModified\":\"2025-01-07T07:48:50+00:00\",\"breadcrumb\":{\"@id\":\"https:\\\/\\\/radioljubuski.ba\\\/index.php\\\/2025\\\/01\\\/07\\\/pocelo-drugo-obrazovno-razdobljenastava-u-gimnaziji-ljubuski-od-ponedjeljka-13-sijecnja\\\/#breadcrumb\"},\"inLanguage\":\"hr\",\"potentialAction\":[{\"@type\":\"ReadAction\",\"target\":[\"https:\\\/\\\/radioljubuski.ba\\\/index.php\\\/2025\\\/01\\\/07\\\/pocelo-drugo-obrazovno-razdobljenastava-u-gimnaziji-ljubuski-od-ponedjeljka-13-sijecnja\\\/\"]}]},{\"@type\":\"ImageObject\",\"inLanguage\":\"hr\",\"@id\":\"https:\\\/\\\/radioljubuski.ba\\\/index.php\\\/2025\\\/01\\\/07\\\/pocelo-drugo-obrazovno-razdobljenastava-u-gimnaziji-ljubuski-od-ponedjeljka-13-sijecnja\\\/#primaryimage\",\"url\":\"https:\\\/\\\/radioljubuski.ba\\\/wp-content\\\/uploads\\\/2025\\\/01\\\/IMG-20250107-WA0003.jpg\",\"contentUrl\":\"https:\\\/\\\/radioljubuski.ba\\\/wp-content\\\/uploads\\\/2025\\\/01\\\/IMG-20250107-WA0003.jpg\",\"width\":720,\"height\":1600},{\"@type\":\"BreadcrumbList\",\"@id\":\"https:\\\/\\\/radioljubuski.ba\\\/index.php\\\/2025\\\/01\\\/07\\\/pocelo-drugo-obrazovno-razdobljenastava-u-gimnaziji-ljubuski-od-ponedjeljka-13-sijecnja\\\/#breadcrumb\",\"itemListElement\":[{\"@type\":\"ListItem\",\"position\":1,\"name\":\"Po\u010detna stranica\",\"item\":\"https:\\\/\\\/radioljubuski.ba\\\/\"},{\"@type\":\"ListItem\",\"position\":2,\"name\":\"Po\u010delo drugo obrazovno razdoblje,nastava u Gimnaziji Ljubu\u0161ki od ponedjeljka 13. sije\u010dnja\"}]},{\"@type\":\"WebSite\",\"@id\":\"https:\\\/\\\/radioljubuski.ba\\\/#website\",\"url\":\"https:\\\/\\\/radioljubuski.ba\\\/\",\"name\":\"Radio Ljubu\u0161ki\",\"description\":\"Sun\u010dana frekvencija Hercegovine\",\"publisher\":{\"@id\":\"https:\\\/\\\/radioljubuski.ba\\\/#organization\"},\"potentialAction\":[{\"@type\":\"SearchAction\",\"target\":{\"@type\":\"EntryPoint\",\"urlTemplate\":\"https:\\\/\\\/radioljubuski.ba\\\/?s={search_term_string}\"},\"query-input\":{\"@type\":\"PropertyValueSpecification\",\"valueRequired\":true,\"valueName\":\"search_term_string\"}}],\"inLanguage\":\"hr\"},{\"@type\":\"Organization\",\"@id\":\"https:\\\/\\\/radioljubuski.ba\\\/#organization\",\"name\":\"Radio Ljubu\u0161ki\",\"url\":\"https:\\\/\\\/radioljubuski.ba\\\/\",\"logo\":{\"@type\":\"ImageObject\",\"inLanguage\":\"hr\",\"@id\":\"https:\\\/\\\/radioljubuski.ba\\\/#\\\/schema\\\/logo\\\/image\\\/\",\"url\":\"https:\\\/\\\/radioljubuski.ba\\\/wp-content\\\/uploads\\\/2021\\\/02\\\/cropped-Radio_Ljubuski_logo1.jpg\",\"contentUrl\":\"https:\\\/\\\/radioljubuski.ba\\\/wp-content\\\/uploads\\\/2021\\\/02\\\/cropped-Radio_Ljubuski_logo1.jpg\",\"width\":512,\"height\":512,\"caption\":\"Radio Ljubu\u0161ki\"},\"image\":{\"@id\":\"https:\\\/\\\/radioljubuski.ba\\\/#\\\/schema\\\/logo\\\/image\\\/\"},\"sameAs\":[\"https:\\\/\\\/www.facebook.com\\\/Radiio-Ljubuski-1490835324566332\",\"https:\\\/\\\/x.com\\\/radioljubuski\",\"https:\\\/\\\/hr.linkedin.com\\\/company\\\/radio-ljubuski\",\"https:\\\/\\\/www.youtube.com\\\/channel\\\/UCHYaeO_n0Db3tjNGudGpXyw\"]},{\"@type\":\"Person\",\"@id\":\"https:\\\/\\\/radioljubuski.ba\\\/#\\\/schema\\\/person\\\/19fc700381a780f69665d7956c469e3b\",\"name\":\"Radio Ljubu\u0161ki\"}]}<\/script>\n<!-- \/ Yoast SEO plugin. -->","yoast_head_json":{"title":"Po\u010delo drugo obrazovno razdoblje,nastava u Gimnaziji Ljubu\u0161ki od ponedjeljka 13. sije\u010dnja - RADIO LJUBU\u0160KI","robots":{"index":"index","follow":"follow","max-snippet":"max-snippet:-1","max-image-preview":"max-image-preview:large","max-video-preview":"max-video-preview:-1"},"canonical":"https:\/\/radioljubuski.ba\/index.php\/2025\/01\/07\/pocelo-drugo-obrazovno-razdobljenastava-u-gimnaziji-ljubuski-od-ponedjeljka-13-sijecnja\/","og_locale":"hr_HR","og_type":"article","og_title":"Po\u010delo drugo obrazovno razdoblje,nastava u Gimnaziji Ljubu\u0161ki od ponedjeljka 13. sije\u010dnja - RADIO LJUBU\u0160KI","og_description":"U\u010denici osnovnih i srednjih \u0161kola Zapadnohercegova\u010dke \u017eupanije krenuli su jutros na nastavu\u00a0 zapo\u010dev\u0161i drugo obrazovno razdoblje u \u0161kolskoj 2024\/2025 godini. U\u010denici Gimnazije Ljubu\u0161ki u \u0161kolske \u0107e klupe sjesti tjedan dana kasnije, 13. sije\u010dnja, kako Radio Ljubu\u0161ki saznaje od Lea Mandi\u0107a direktora Gimnazije Ljubu\u0161ki nastava u Gimnaziji Ljubu\u0161ki odgo\u0111ena je zbog gra\u0111evinsko obrtni\u010dkih i elektro instalacijskih [&hellip;]","og_url":"https:\/\/radioljubuski.ba\/index.php\/2025\/01\/07\/pocelo-drugo-obrazovno-razdobljenastava-u-gimnaziji-ljubuski-od-ponedjeljka-13-sijecnja\/","og_site_name":"RADIO LJUBU\u0160KI","article_publisher":"https:\/\/www.facebook.com\/Radiio-Ljubuski-1490835324566332","article_published_time":"2025-01-07T07:46:47+00:00","article_modified_time":"2025-01-07T07:48:50+00:00","og_image":[{"width":720,"height":1600,"url":"https:\/\/radioljubuski.ba\/wp-content\/uploads\/2025\/01\/IMG-20250107-WA0003.jpg","type":"image\/jpeg"}],"author":"Radio Ljubu\u0161ki","twitter_card":"summary_large_image","twitter_creator":"@radioljubuski","twitter_site":"@radioljubuski","twitter_misc":{"Napisao\/la":"Radio Ljubu\u0161ki","Procijenjeno vrijeme \u010ditanja":"2 minute"},"schema":{"@context":"https:\/\/schema.org","@graph":[{"@type":"Article","@id":"https:\/\/radioljubuski.ba\/index.php\/2025\/01\/07\/pocelo-drugo-obrazovno-razdobljenastava-u-gimnaziji-ljubuski-od-ponedjeljka-13-sijecnja\/#article","isPartOf":{"@id":"https:\/\/radioljubuski.ba\/index.php\/2025\/01\/07\/pocelo-drugo-obrazovno-razdobljenastava-u-gimnaziji-ljubuski-od-ponedjeljka-13-sijecnja\/"},"author":{"name":"Radio Ljubu\u0161ki","@id":"https:\/\/radioljubuski.ba\/#\/schema\/person\/19fc700381a780f69665d7956c469e3b"},"headline":"Po\u010delo drugo obrazovno razdoblje,nastava u Gimnaziji Ljubu\u0161ki od ponedjeljka 13. sije\u010dnja","datePublished":"2025-01-07T07:46:47+00:00","dateModified":"2025-01-07T07:48:50+00:00","mainEntityOfPage":{"@id":"https:\/\/radioljubuski.ba\/index.php\/2025\/01\/07\/pocelo-drugo-obrazovno-razdobljenastava-u-gimnaziji-ljubuski-od-ponedjeljka-13-sijecnja\/"},"wordCount":149,"publisher":{"@id":"https:\/\/radioljubuski.ba\/#organization"},"image":{"@id":"https:\/\/radioljubuski.ba\/index.php\/2025\/01\/07\/pocelo-drugo-obrazovno-razdobljenastava-u-gimnaziji-ljubuski-od-ponedjeljka-13-sijecnja\/#primaryimage"},"thumbnailUrl":"https:\/\/radioljubuski.ba\/wp-content\/uploads\/2025\/01\/IMG-20250107-WA0003.jpg","articleSection":["Ljubu\u0161ki","Novosti"],"inLanguage":"hr"},{"@type":"WebPage","@id":"https:\/\/radioljubuski.ba\/index.php\/2025\/01\/07\/pocelo-drugo-obrazovno-razdobljenastava-u-gimnaziji-ljubuski-od-ponedjeljka-13-sijecnja\/","url":"https:\/\/radioljubuski.ba\/index.php\/2025\/01\/07\/pocelo-drugo-obrazovno-razdobljenastava-u-gimnaziji-ljubuski-od-ponedjeljka-13-sijecnja\/","name":"Po\u010delo drugo obrazovno razdoblje,nastava u Gimnaziji Ljubu\u0161ki od ponedjeljka 13. sije\u010dnja - RADIO LJUBU\u0160KI","isPartOf":{"@id":"https:\/\/radioljubuski.ba\/#website"},"primaryImageOfPage":{"@id":"https:\/\/radioljubuski.ba\/index.php\/2025\/01\/07\/pocelo-drugo-obrazovno-razdobljenastava-u-gimnaziji-ljubuski-od-ponedjeljka-13-sijecnja\/#primaryimage"},"image":{"@id":"https:\/\/radioljubuski.ba\/index.php\/2025\/01\/07\/pocelo-drugo-obrazovno-razdobljenastava-u-gimnaziji-ljubuski-od-ponedjeljka-13-sijecnja\/#primaryimage"},"thumbnailUrl":"https:\/\/radioljubuski.ba\/wp-content\/uploads\/2025\/01\/IMG-20250107-WA0003.jpg","datePublished":"2025-01-07T07:46:47+00:00","dateModified":"2025-01-07T07:48:50+00:00","breadcrumb":{"@id":"https:\/\/radioljubuski.ba\/index.php\/2025\/01\/07\/pocelo-drugo-obrazovno-razdobljenastava-u-gimnaziji-ljubuski-od-ponedjeljka-13-sijecnja\/#breadcrumb"},"inLanguage":"hr","potentialAction":[{"@type":"ReadAction","target":["https:\/\/radioljubuski.ba\/index.php\/2025\/01\/07\/pocelo-drugo-obrazovno-razdobljenastava-u-gimnaziji-ljubuski-od-ponedjeljka-13-sijecnja\/"]}]},{"@type":"ImageObject","inLanguage":"hr","@id":"https:\/\/radioljubuski.ba\/index.php\/2025\/01\/07\/pocelo-drugo-obrazovno-razdobljenastava-u-gimnaziji-ljubuski-od-ponedjeljka-13-sijecnja\/#primaryimage","url":"https:\/\/radioljubuski.ba\/wp-content\/uploads\/2025\/01\/IMG-20250107-WA0003.jpg","contentUrl":"https:\/\/radioljubuski.ba\/wp-content\/uploads\/2025\/01\/IMG-20250107-WA0003.jpg","width":720,"height":1600},{"@type":"BreadcrumbList","@id":"https:\/\/radioljubuski.ba\/index.php\/2025\/01\/07\/pocelo-drugo-obrazovno-razdobljenastava-u-gimnaziji-ljubuski-od-ponedjeljka-13-sijecnja\/#breadcrumb","itemListElement":[{"@type":"ListItem","position":1,"name":"Po\u010detna stranica","item":"https:\/\/radioljubuski.ba\/"},{"@type":"ListItem","position":2,"name":"Po\u010delo drugo obrazovno razdoblje,nastava u Gimnaziji Ljubu\u0161ki od ponedjeljka 13. sije\u010dnja"}]},{"@type":"WebSite","@id":"https:\/\/radioljubuski.ba\/#website","url":"https:\/\/radioljubuski.ba\/","name":"Radio Ljubu\u0161ki","description":"Sun\u010dana frekvencija Hercegovine","publisher":{"@id":"https:\/\/radioljubuski.ba\/#organization"},"potentialAction":[{"@type":"SearchAction","target":{"@type":"EntryPoint","urlTemplate":"https:\/\/radioljubuski.ba\/?s={search_term_string}"},"query-input":{"@type":"PropertyValueSpecification","valueRequired":true,"valueName":"search_term_string"}}],"inLanguage":"hr"},{"@type":"Organization","@id":"https:\/\/radioljubuski.ba\/#organization","name":"Radio Ljubu\u0161ki","url":"https:\/\/radioljubuski.ba\/","logo":{"@type":"ImageObject","inLanguage":"hr","@id":"https:\/\/radioljubuski.ba\/#\/schema\/logo\/image\/","url":"https:\/\/radioljubuski.ba\/wp-content\/uploads\/2021\/02\/cropped-Radio_Ljubuski_logo1.jpg","contentUrl":"https:\/\/radioljubuski.ba\/wp-content\/uploads\/2021\/02\/cropped-Radio_Ljubuski_logo1.jpg","width":512,"height":512,"caption":"Radio Ljubu\u0161ki"},"image":{"@id":"https:\/\/radioljubuski.ba\/#\/schema\/logo\/image\/"},"sameAs":["https:\/\/www.facebook.com\/Radiio-Ljubuski-1490835324566332","https:\/\/x.com\/radioljubuski","https:\/\/hr.linkedin.com\/company\/radio-ljubuski","https:\/\/www.youtube.com\/channel\/UCHYaeO_n0Db3tjNGudGpXyw"]},{"@type":"Person","@id":"https:\/\/radioljubuski.ba\/#\/schema\/person\/19fc700381a780f69665d7956c469e3b","name":"Radio Ljubu\u0161ki"}]}},"_links":{"self":[{"href":"https:\/\/radioljubuski.ba\/index.php\/wp-json\/wp\/v2\/posts\/212829","targetHints":{"allow":["GET"]}}],"collection":[{"href":"https:\/\/radioljubuski.ba\/index.php\/wp-json\/wp\/v2\/posts"}],"about":[{"href":"https:\/\/radioljubuski.ba\/index.php\/wp-json\/wp\/v2\/types\/post"}],"author":[{"embeddable":true,"href":"https:\/\/radioljubuski.ba\/index.php\/wp-json\/wp\/v2\/users\/2"}],"replies":[{"embeddable":true,"href":"https:\/\/radioljubuski.ba\/index.php\/wp-json\/wp\/v2\/comments?post=212829"}],"version-history":[{"count":4,"href":"https:\/\/radioljubuski.ba\/index.php\/wp-json\/wp\/v2\/posts\/212829\/revisions"}],"predecessor-version":[{"id":212837,"href":"https:\/\/radioljubuski.ba\/index.php\/wp-json\/wp\/v2\/posts\/212829\/revisions\/212837"}],"wp:featuredmedia":[{"embeddable":true,"href":"https:\/\/radioljubuski.ba\/index.php\/wp-json\/wp\/v2\/media\/212832"}],"wp:attachment":[{"href":"https:\/\/radioljubuski.ba\/index.php\/wp-json\/wp\/v2\/media?parent=212829"}],"wp:term":[{"taxonomy":"category","embeddable":true,"href":"https:\/\/radioljubuski.ba\/index.php\/wp-json\/wp\/v2\/categories?post=212829"},{"taxonomy":"post_tag","embeddable":true,"href":"https:\/\/radioljubuski.ba\/index.php\/wp-json\/wp\/v2\/tags?post=212829"}],"curies":[{"name":"wp","href":"https:\/\/api.w.org\/{rel}","templated":true}]}}