{"id":213652,"date":"2025-02-05T14:46:54","date_gmt":"2025-02-05T13:46:54","guid":{"rendered":"https:\/\/radioljubuski.ba\/?p=213652"},"modified":"2025-02-05T15:00:47","modified_gmt":"2025-02-05T14:00:47","slug":"u-ljubuskom-odrzan-drugi-gospodarski-forum-zzh","status":"publish","type":"post","link":"https:\/\/radioljubuski.ba\/index.php\/2025\/02\/05\/u-ljubuskom-odrzan-drugi-gospodarski-forum-zzh\/","title":{"rendered":"U Ljubu\u0161kom odr\u017ean Drugi gospodarski forum \u017dZH"},"content":{"rendered":"\n<p>Danas je u organizaciji Vlade \u017dupanije Zapadnohercegova\u010dke u hotelu Bigeste u Ljubu\u0161kom odr\u017ean Drugi gospodarski forum na temu &#8220;Razvoj gospodarstva i izazovi u 2025. godini&#8221;.<\/p>\n\n\n\n<p>U programu Drugog gospodarskog foruma \u017dupanije Zapadnohercegova\u010dke uvodno obra\u0107anje odr\u017eao je Predrag \u010covi\u0107, predsjednik Vlade \u017dupanije Zapadnohercegova\u010dke, koji je govorio o gospodarskim pokazateljima u toj \u017eupaniji, kao i aktivnostima koje Vlada poduzima s ciljem potpore gospodarstvenicima.<\/p>\n\n\n\n<p>Klju\u010dno uvodno izlaganje na temu &#8220;Globalni izazovi za gospodarstvenike&#8221; odr\u017eao je Zdravko Mari\u0107, vlasnik i direktor Marabizz d.o.o za poslovno savjetovanje iz Zagreba i biv\u0161i ministar financija u Vladi RH.<\/p>\n\n\n\n<p>Uslijedila je panel diskusija na kojoj su, uz Mari\u0107a, sudjelovali, Andrej Grubi\u0161i\u0107, partner u GRUBI\u0160I\u0106 &amp; PARTNERI korporativne financije, Zagreb, Jelena \u010ca\u010dulovi\u0107, direktorica tvrtke Weltplast, Posu\u0161je i Marko \u0160anti\u0107, predsjednik Gospodarske komore Federacije Bosne i Hercegovine.<\/p>\n\n\n\n<p>Moderator panel diskusije bio je Zoran Zeljko, direktor Direkcije za ekonomsko planiranje Vije\u0107a ministara Bosne i Hercegovine.<\/p>\n\n\n\n<p>Kroz panel diskusiju mogli su se \u010duti zanimljivi komentari, pitanja i odgovori sudionika i nazo\u010dnih gospodarstvenika.<\/p>\n\n\n\n<p>Kako su istaknuli iz Vlade \u017dZH cilj Gospodarskog foruma je pru\u017eiti ruku suradnje prema gospodarstvenicima kako bi ukazali na va\u017ene poduzetni\u010dke teme i izazove s kojima se privatni sektor svakodnevno susre\u0107e te predlo\u017eiti mogu\u0107a rje\u0161enja.<\/p>\n\n\n\n<p>Vlada \u017dZH intenzivno sura\u0111uje s poduzetnicima na svim pitanjima va\u017enim za nastavak razvoja gospodarstva. U protekloj godini usvojen je Zakon o srednjem strukovnom obrazovanju i obuci koji, me\u0111u ostalim, uklju\u010duje prakti\u010dan rad i praksu za srednjo\u0161kolce, kako bi po zavr\u0161etku \u0161kole bili spremni za rad. Vlada provodi aktivnosti na pripremi sustava za digitalizaciju javne uprave, izmjenama zakonskih rje\u0161enja iz oblasti gra\u0111evinarstva i prostornog ure\u0111enja, inicira izradu Akcijskog plana za tr\u017ei\u0161te radne snage te poti\u010de infrastrukturne projekte koji \u0107e poduzetnicima olak\u0161ati svakodnevne izazove.<\/p>\n\n\n\n<p>Gospodarski forum je uz brojne gospodarstvenike okupio i brojne goste me\u0111u kojima su bili: veleposlanik RH u BiH Ivan Saboli\u0107, predstavnici Veleposlanstva \u010ce\u0161ke u BiH, predstavnici ministarstva regionalnog razvoja i fondova EU iz RH, predstavnici Hrvatske agencije za malo gospodarstvo i investicije, predstavnici Splitsko \u2013 dalmatinske \u017eupanije, predstavnici Europske komisije u BiH, predsjednica Vlade HN\u017d, zamjenica predsjednika Skup\u0161tine \u017dZH, ministri u Vladi \u017dZH, gradona\u010delnici i predsjednici Op\u0107inskih vije\u0107a Ljubu\u0161kog, \u0160irokog Brijega, Gruda i Posu\u0161ja te drugi gosti i predava\u010di iz BiH i RH.<\/p>\n\n\n\n<figure class=\"wp-block-image size-large\"><img loading=\"lazy\" decoding=\"async\" width=\"1024\" height=\"683\" src=\"https:\/\/radioljubuski.ba\/wp-content\/uploads\/2025\/02\/gforum-ljubuski3-1024x683.jpg\" alt=\"\" class=\"wp-image-213656\" srcset=\"https:\/\/radioljubuski.ba\/wp-content\/uploads\/2025\/02\/gforum-ljubuski3-1024x683.jpg 1024w, https:\/\/radioljubuski.ba\/wp-content\/uploads\/2025\/02\/gforum-ljubuski3-300x200.jpg 300w, https:\/\/radioljubuski.ba\/wp-content\/uploads\/2025\/02\/gforum-ljubuski3-768x512.jpg 768w, https:\/\/radioljubuski.ba\/wp-content\/uploads\/2025\/02\/gforum-ljubuski3-1536x1024.jpg 1536w, https:\/\/radioljubuski.ba\/wp-content\/uploads\/2025\/02\/gforum-ljubuski3-2048x1365.jpg 2048w, https:\/\/radioljubuski.ba\/wp-content\/uploads\/2025\/02\/gforum-ljubuski3-18x12.jpg 18w\" sizes=\"auto, (max-width: 1024px) 100vw, 1024px\" \/><\/figure>\n\n\n\n<figure class=\"wp-block-image size-large\"><img loading=\"lazy\" decoding=\"async\" width=\"1024\" height=\"683\" src=\"https:\/\/radioljubuski.ba\/wp-content\/uploads\/2025\/02\/blagica-for-1024x683.jpg\" alt=\"\" class=\"wp-image-213657\" srcset=\"https:\/\/radioljubuski.ba\/wp-content\/uploads\/2025\/02\/blagica-for-1024x683.jpg 1024w, https:\/\/radioljubuski.ba\/wp-content\/uploads\/2025\/02\/blagica-for-300x200.jpg 300w, https:\/\/radioljubuski.ba\/wp-content\/uploads\/2025\/02\/blagica-for-768x512.jpg 768w, https:\/\/radioljubuski.ba\/wp-content\/uploads\/2025\/02\/blagica-for-1536x1024.jpg 1536w, https:\/\/radioljubuski.ba\/wp-content\/uploads\/2025\/02\/blagica-for-2048x1365.jpg 2048w, https:\/\/radioljubuski.ba\/wp-content\/uploads\/2025\/02\/blagica-for-18x12.jpg 18w\" sizes=\"auto, (max-width: 1024px) 100vw, 1024px\" \/><\/figure>\n\n\n\n<figure class=\"wp-block-image size-large\"><img loading=\"lazy\" decoding=\"async\" width=\"1024\" height=\"683\" src=\"https:\/\/radioljubuski.ba\/wp-content\/uploads\/2025\/02\/gforum-ljubuski-1024x683.jpg\" alt=\"\" class=\"wp-image-213658\" srcset=\"https:\/\/radioljubuski.ba\/wp-content\/uploads\/2025\/02\/gforum-ljubuski-1024x683.jpg 1024w, https:\/\/radioljubuski.ba\/wp-content\/uploads\/2025\/02\/gforum-ljubuski-300x200.jpg 300w, https:\/\/radioljubuski.ba\/wp-content\/uploads\/2025\/02\/gforum-ljubuski-768x512.jpg 768w, https:\/\/radioljubuski.ba\/wp-content\/uploads\/2025\/02\/gforum-ljubuski-1536x1024.jpg 1536w, https:\/\/radioljubuski.ba\/wp-content\/uploads\/2025\/02\/gforum-ljubuski-2048x1365.jpg 2048w, https:\/\/radioljubuski.ba\/wp-content\/uploads\/2025\/02\/gforum-ljubuski-18x12.jpg 18w\" sizes=\"auto, (max-width: 1024px) 100vw, 1024px\" \/><\/figure>\n\n\n\n<figure class=\"wp-block-image size-large\"><img loading=\"lazy\" decoding=\"async\" width=\"1024\" height=\"683\" src=\"https:\/\/radioljubuski.ba\/wp-content\/uploads\/2025\/02\/gforum-ljubuski4-1024x683.jpg\" alt=\"\" class=\"wp-image-213659\" srcset=\"https:\/\/radioljubuski.ba\/wp-content\/uploads\/2025\/02\/gforum-ljubuski4-1024x683.jpg 1024w, https:\/\/radioljubuski.ba\/wp-content\/uploads\/2025\/02\/gforum-ljubuski4-300x200.jpg 300w, https:\/\/radioljubuski.ba\/wp-content\/uploads\/2025\/02\/gforum-ljubuski4-768x512.jpg 768w, https:\/\/radioljubuski.ba\/wp-content\/uploads\/2025\/02\/gforum-ljubuski4-1536x1024.jpg 1536w, https:\/\/radioljubuski.ba\/wp-content\/uploads\/2025\/02\/gforum-ljubuski4-2048x1365.jpg 2048w, https:\/\/radioljubuski.ba\/wp-content\/uploads\/2025\/02\/gforum-ljubuski4-18x12.jpg 18w\" sizes=\"auto, (max-width: 1024px) 100vw, 1024px\" \/><\/figure>\n\n\n\n<p>Na konferenciji za novinare, koja je odr\u017eana prije po\u010detka Gospodarskog foruma govorili su: <\/p>\n\n\n\n<p>Predsjednik Vlade \u017dZH Predrag \u010covi\u0107<\/p>\n\n\n\n<p>Jelena \u010ca\u010dulovi\u0107, direktorica tvrtke Weltplast<\/p>\n\n\n\n<p>Zdravko Mari\u0107, vlasnik i direktor Marabizz d.o.o za poslovno savjetovanje iz Zagreba i biv\u0161i ministar financija u Vladi RH<\/p>\n\n\n\n<p>Bari\u0161a \u0160u\u0161njar, predsjednik Udruge gospodarstvenika op\u0107ine Posu\u0161je<\/p>\n\n\n\n<p>Zvonimir \u0160iri\u0107, ministar gospodarstva u Vladi \u017dZH<\/p>\n\n\n\n<p>Predsjednik Vlade \u017dupanije Zapadnohercegova\u010dke Predrag \u010covi\u0107 rekao je kako je cilj drugog gospodarskog foruma ja\u010danje suradnje gospodarstva i Vlade u smislu razvoja, konstruktivnog dijaloga u rje\u0161avanju izazova i kori\u0161tenje prilika koje dolaze u narednom razdoblju.<\/p>\n\n\n\n<p>Kad je rije\u010d o gostima i panelistima, rekao je kako su se potrudili dovesti eminentne stru\u010dnjake za oblasti kako javnih financija tako i ekonomije.<\/p>\n\n\n\n<p>Panelisti su gospodin Zdravko Mari\u0107, biv\u0161i ministar u Vladi HR, gospodin Andrej Grubi\u0161i\u0107 koji je stru\u010dnjak u oblasti ekonomije, direktorica tvrtke \u201eWeltplast\u201c Jelena \u010ca\u010dulovi\u0107 i Marko \u0160anti\u0107, predsjednik Gospodarske komore Federacije Bosne i Hercegovine. Nastojali smo razraditi temu izazovi i prilike 2025.godine u okviru globalnih pitanja koji se kre\u0107u kako u Europi tako i u BiH \u2013 rekao je \u010covi\u0107.<\/p>\n\n\n\n<p>Predsjednik Vlade \u017dZH je istaknuo kako je poduzetni\u0161tvo uvijek rizik, ali i prilika.<\/p>\n\n\n\n<p>Mi smo ponosni na na\u0161e gospodarstvenike koji imaju znanje, iskustvo i tehnolo\u0161ku razinu da koriste sve to u konkurenciji s europskim firmama. Na sre\u0107u na\u0161i rezultati su izuzetno dobri, trendovi su pozitivni u svim poljima gospodarskog djelovanja &#8211; dodao je.<\/p>\n\n\n\n<p>\u010covi\u0107 je naglasio kako Vlada treba u\u010dini sve ono \u0161to je u njenoj mo\u0107i, pripremiti zakonske okvire te kako javni sektor treba biti na usluzi gospodarstvenicima.<\/p>\n\n\n\n<p>Mi kao javna uprava se trebamo potruditi da to bude \u0161to jednostavnije za njih sa \u0161to manje prepreka. Donijeli smo Zakon o srednje strukovnom obrazovanju i obuci te u\u010dinili prvi korak ka obrazovanju na\u0161ih mladih prema potrebama tr\u017ei\u0161tu rada. Donijeli smo Zakone iz graditeljstva i prostornog ure\u0111enja kojima poku\u0161avamo olak\u0161ati razvoj gospodarstva u smislu infrastrukture. Poduzimamo i neke koraku u smislu razvoja cestovne infrastrukture, energetske infrastrukture, razvoja internetskih mre\u017ea i drugih. Nije sve do nas, ali \u010dinimo sve \u0161to je u na\u0161oj mo\u0107i da potaknemo odre\u0111ene institucije da rje\u0161avaju te probleme &#8211; zaklju\u010dio je predsjednik Vlade \u017dZH.<\/p>\n\n\n\n<p>Izvr\u0161na direktorica poduze\u0107a \u201eWeltplast\u201c Jelena \u010ca\u010dulovi\u0107 kazala je kako se BiH se nalazi na jednoj ozbiljnoj prekretnici prema kojoj i privatni i javni sektor treba pristupiti jako ozbiljno, fleksibilno i efikasno, kako bi se dobila dr\u017eava s kojom se mo\u017ee i\u0107i naprijed prema EU.<\/p>\n\n\n\n<p>Kao predstavnica privatnog sektora, rekla je da se &#8216;privatnici&#8217; ve\u0107 du\u017ee vrijeme suo\u010davaju s tri klju\u010dna izazova.<\/p>\n\n\n\n<p>Radi se o digitalizaciji, automatizaciji procesa, nedostatku radne snage i odr\u017eivost \u2013 nabrojala je \u010ca\u010dulovi\u0107.<\/p>\n\n\n\n<p>Tako\u0111er, ukazala je i na va\u017enost dijaloga izme\u0111u privatnog i javnog sektora, a kako ka\u017ee, najve\u0107i problemi dolaze zbog lo\u0161e komunikacije.<\/p>\n\n\n\n<p>\u010ca\u010dulovi\u0107 nije \u017eeljela komentirati Odluku Vlade FBIH o minimalnoj pla\u0107i, kazav\u0161i samo kratko da su njihovi radnici ve\u0107 dugi niz godina iznad minimalne pla\u0107e.<br>Biv\u0161i ministar financija u Vladi RH Zdravko Mari\u0107 nagla\u0161ava kako je suradnja i zajedni\u010dko djelovanje na razli\u010ditim podru\u010djima gospodarstva i javnog sektora, odnosno dr\u017eave, \u201enepresu\u0161na\u201c.<\/p>\n\n\n\n<p>Mari\u0107 kao jedan od globalnih izazova, na koji se po njegovim rije\u010dima, ne mo\u017ee utjecati, vidi problematiku nedostatka radne snage.<\/p>\n\n\n\n<p>Kazao je kako je ulaskom Hrvatske u EU do\u0161lo do odlijeva mladih, poglavito bolje educiranih, a zbog potreba gospodarstva u Hrvatskoj je do\u0161lo do zna\u010dajnijeg uvoza radne snage iz bli\u017eih, ali i iz dosta dalekih zemalja.<\/p>\n\n\n\n<p>Na koji na\u010din i kako dalje, to je sigurno jedan dijalog gdje realni sektor, privatni sektor i dr\u017eava moraju usko sura\u0111ivati i pratiti potrebe jednih i drugih. U nekom duljem roku moramo govoriti i o obrazovnom sustavu, poveznicama sustava obrazovanja i tr\u017ei\u0161ta rada tako da obrazujemo i educiramo na\u0161u djecu, radnike za zanimanja koja \u0107e biti tra\u017eena \u2013 zaklju\u010dio je Mari\u0107.<\/p>\n\n\n\n<p>U audio zapisu poslu\u0161ajte \u0161to su kazali:<\/p>\n\n\n\n<p>Bari\u0161a \u0160u\u0161njar, predsjednik Udruge gospodarstvenika op\u0107ine Posu\u0161je<\/p>\n\n\n\n<p>Zvonimir \u0160iri\u0107, ministar gospodarstva u Vladi \u017dZH<\/p>\n\n\n\n<p><\/p>\n\n\n\n<figure class=\"wp-block-audio\"><audio controls src=\"https:\/\/radioljubuski.ba\/wp-content\/uploads\/2025\/02\/Gospodarski-forum-PRILOG-1-1.mp3\"><\/audio><\/figure>\n\n\n\n<p>Radio Ljubu\u0161ki<\/p>\n","protected":false},"excerpt":{"rendered":"<p>Danas je u organizaciji Vlade \u017dupanije Zapadnohercegova\u010dke u hotelu Bigeste u Ljubu\u0161kom odr\u017ean Drugi gospodarski forum na temu &#8220;Razvoj gospodarstva i izazovi u 2025. godini&#8221;. U programu Drugog gospodarskog foruma \u017dupanije Zapadnohercegova\u010dke uvodno obra\u0107anje odr\u017eao je Predrag \u010covi\u0107, predsjednik Vlade \u017dupanije Zapadnohercegova\u010dke, koji je govorio o gospodarskim pokazateljima u toj \u017eupaniji, kao i aktivnostima koje [&hellip;]<\/p>\n","protected":false},"author":2,"featured_media":213655,"comment_status":"closed","ping_status":"closed","sticky":false,"template":"","format":"standard","meta":{"h5ap_radio_sources":[],"footnotes":""},"categories":[3,28],"tags":[],"class_list":["post-213652","post","type-post","status-publish","format-standard","has-post-thumbnail","hentry","category-ljubuski","category-novosti"],"yoast_head":"<!-- This site is optimized with the Yoast SEO plugin v27.4 - https:\/\/yoast.com\/product\/yoast-seo-wordpress\/ -->\n<title>U Ljubu\u0161kom odr\u017ean Drugi gospodarski forum \u017dZH - RADIO LJUBU\u0160KI<\/title>\n<meta name=\"robots\" content=\"index, follow, max-snippet:-1, max-image-preview:large, max-video-preview:-1\" \/>\n<link rel=\"canonical\" href=\"https:\/\/radioljubuski.ba\/index.php\/2025\/02\/05\/u-ljubuskom-odrzan-drugi-gospodarski-forum-zzh\/\" \/>\n<meta property=\"og:locale\" content=\"hr_HR\" \/>\n<meta property=\"og:type\" content=\"article\" \/>\n<meta property=\"og:title\" content=\"U Ljubu\u0161kom odr\u017ean Drugi gospodarski forum \u017dZH - RADIO LJUBU\u0160KI\" \/>\n<meta property=\"og:description\" content=\"Danas je u organizaciji Vlade \u017dupanije Zapadnohercegova\u010dke u hotelu Bigeste u Ljubu\u0161kom odr\u017ean Drugi gospodarski forum na temu &#8220;Razvoj gospodarstva i izazovi u 2025. godini&#8221;. U programu Drugog gospodarskog foruma \u017dupanije Zapadnohercegova\u010dke uvodno obra\u0107anje odr\u017eao je Predrag \u010covi\u0107, predsjednik Vlade \u017dupanije Zapadnohercegova\u010dke, koji je govorio o gospodarskim pokazateljima u toj \u017eupaniji, kao i aktivnostima koje [&hellip;]\" \/>\n<meta property=\"og:url\" content=\"https:\/\/radioljubuski.ba\/index.php\/2025\/02\/05\/u-ljubuskom-odrzan-drugi-gospodarski-forum-zzh\/\" \/>\n<meta property=\"og:site_name\" content=\"RADIO LJUBU\u0160KI\" \/>\n<meta property=\"article:publisher\" content=\"https:\/\/www.facebook.com\/Radiio-Ljubuski-1490835324566332\" \/>\n<meta property=\"article:published_time\" content=\"2025-02-05T13:46:54+00:00\" \/>\n<meta property=\"article:modified_time\" content=\"2025-02-05T14:00:47+00:00\" \/>\n<meta property=\"og:image\" content=\"https:\/\/radioljubuski.ba\/wp-content\/uploads\/2025\/02\/gforum-naslovna.jpg\" \/>\n\t<meta property=\"og:image:width\" content=\"2400\" \/>\n\t<meta property=\"og:image:height\" content=\"1600\" \/>\n\t<meta property=\"og:image:type\" content=\"image\/jpeg\" \/>\n<meta name=\"author\" content=\"Radio Ljubu\u0161ki\" \/>\n<meta name=\"twitter:card\" content=\"summary_large_image\" \/>\n<meta name=\"twitter:creator\" content=\"@radioljubuski\" \/>\n<meta name=\"twitter:site\" content=\"@radioljubuski\" \/>\n<meta name=\"twitter:label1\" content=\"Napisao\/la\" \/>\n\t<meta name=\"twitter:data1\" content=\"Radio Ljubu\u0161ki\" \/>\n\t<meta name=\"twitter:label2\" content=\"Procijenjeno vrijeme \u010ditanja\" \/>\n\t<meta name=\"twitter:data2\" content=\"7 minuta\" \/>\n<script type=\"application\/ld+json\" class=\"yoast-schema-graph\">{\"@context\":\"https:\\\/\\\/schema.org\",\"@graph\":[{\"@type\":\"Article\",\"@id\":\"https:\\\/\\\/radioljubuski.ba\\\/index.php\\\/2025\\\/02\\\/05\\\/u-ljubuskom-odrzan-drugi-gospodarski-forum-zzh\\\/#article\",\"isPartOf\":{\"@id\":\"https:\\\/\\\/radioljubuski.ba\\\/index.php\\\/2025\\\/02\\\/05\\\/u-ljubuskom-odrzan-drugi-gospodarski-forum-zzh\\\/\"},\"author\":{\"name\":\"Radio Ljubu\u0161ki\",\"@id\":\"https:\\\/\\\/radioljubuski.ba\\\/#\\\/schema\\\/person\\\/19fc700381a780f69665d7956c469e3b\"},\"headline\":\"U Ljubu\u0161kom odr\u017ean Drugi gospodarski forum \u017dZH\",\"datePublished\":\"2025-02-05T13:46:54+00:00\",\"dateModified\":\"2025-02-05T14:00:47+00:00\",\"mainEntityOfPage\":{\"@id\":\"https:\\\/\\\/radioljubuski.ba\\\/index.php\\\/2025\\\/02\\\/05\\\/u-ljubuskom-odrzan-drugi-gospodarski-forum-zzh\\\/\"},\"wordCount\":1138,\"publisher\":{\"@id\":\"https:\\\/\\\/radioljubuski.ba\\\/#organization\"},\"image\":{\"@id\":\"https:\\\/\\\/radioljubuski.ba\\\/index.php\\\/2025\\\/02\\\/05\\\/u-ljubuskom-odrzan-drugi-gospodarski-forum-zzh\\\/#primaryimage\"},\"thumbnailUrl\":\"https:\\\/\\\/radioljubuski.ba\\\/wp-content\\\/uploads\\\/2025\\\/02\\\/gforum-naslovna.jpg\",\"articleSection\":[\"Ljubu\u0161ki\",\"Novosti\"],\"inLanguage\":\"hr\"},{\"@type\":\"WebPage\",\"@id\":\"https:\\\/\\\/radioljubuski.ba\\\/index.php\\\/2025\\\/02\\\/05\\\/u-ljubuskom-odrzan-drugi-gospodarski-forum-zzh\\\/\",\"url\":\"https:\\\/\\\/radioljubuski.ba\\\/index.php\\\/2025\\\/02\\\/05\\\/u-ljubuskom-odrzan-drugi-gospodarski-forum-zzh\\\/\",\"name\":\"U Ljubu\u0161kom odr\u017ean Drugi gospodarski forum \u017dZH - RADIO LJUBU\u0160KI\",\"isPartOf\":{\"@id\":\"https:\\\/\\\/radioljubuski.ba\\\/#website\"},\"primaryImageOfPage\":{\"@id\":\"https:\\\/\\\/radioljubuski.ba\\\/index.php\\\/2025\\\/02\\\/05\\\/u-ljubuskom-odrzan-drugi-gospodarski-forum-zzh\\\/#primaryimage\"},\"image\":{\"@id\":\"https:\\\/\\\/radioljubuski.ba\\\/index.php\\\/2025\\\/02\\\/05\\\/u-ljubuskom-odrzan-drugi-gospodarski-forum-zzh\\\/#primaryimage\"},\"thumbnailUrl\":\"https:\\\/\\\/radioljubuski.ba\\\/wp-content\\\/uploads\\\/2025\\\/02\\\/gforum-naslovna.jpg\",\"datePublished\":\"2025-02-05T13:46:54+00:00\",\"dateModified\":\"2025-02-05T14:00:47+00:00\",\"breadcrumb\":{\"@id\":\"https:\\\/\\\/radioljubuski.ba\\\/index.php\\\/2025\\\/02\\\/05\\\/u-ljubuskom-odrzan-drugi-gospodarski-forum-zzh\\\/#breadcrumb\"},\"inLanguage\":\"hr\",\"potentialAction\":[{\"@type\":\"ReadAction\",\"target\":[\"https:\\\/\\\/radioljubuski.ba\\\/index.php\\\/2025\\\/02\\\/05\\\/u-ljubuskom-odrzan-drugi-gospodarski-forum-zzh\\\/\"]}]},{\"@type\":\"ImageObject\",\"inLanguage\":\"hr\",\"@id\":\"https:\\\/\\\/radioljubuski.ba\\\/index.php\\\/2025\\\/02\\\/05\\\/u-ljubuskom-odrzan-drugi-gospodarski-forum-zzh\\\/#primaryimage\",\"url\":\"https:\\\/\\\/radioljubuski.ba\\\/wp-content\\\/uploads\\\/2025\\\/02\\\/gforum-naslovna.jpg\",\"contentUrl\":\"https:\\\/\\\/radioljubuski.ba\\\/wp-content\\\/uploads\\\/2025\\\/02\\\/gforum-naslovna.jpg\",\"width\":2400,\"height\":1600},{\"@type\":\"BreadcrumbList\",\"@id\":\"https:\\\/\\\/radioljubuski.ba\\\/index.php\\\/2025\\\/02\\\/05\\\/u-ljubuskom-odrzan-drugi-gospodarski-forum-zzh\\\/#breadcrumb\",\"itemListElement\":[{\"@type\":\"ListItem\",\"position\":1,\"name\":\"Po\u010detna stranica\",\"item\":\"https:\\\/\\\/radioljubuski.ba\\\/\"},{\"@type\":\"ListItem\",\"position\":2,\"name\":\"U Ljubu\u0161kom odr\u017ean Drugi gospodarski forum \u017dZH\"}]},{\"@type\":\"WebSite\",\"@id\":\"https:\\\/\\\/radioljubuski.ba\\\/#website\",\"url\":\"https:\\\/\\\/radioljubuski.ba\\\/\",\"name\":\"Radio Ljubu\u0161ki\",\"description\":\"Sun\u010dana frekvencija Hercegovine\",\"publisher\":{\"@id\":\"https:\\\/\\\/radioljubuski.ba\\\/#organization\"},\"potentialAction\":[{\"@type\":\"SearchAction\",\"target\":{\"@type\":\"EntryPoint\",\"urlTemplate\":\"https:\\\/\\\/radioljubuski.ba\\\/?s={search_term_string}\"},\"query-input\":{\"@type\":\"PropertyValueSpecification\",\"valueRequired\":true,\"valueName\":\"search_term_string\"}}],\"inLanguage\":\"hr\"},{\"@type\":\"Organization\",\"@id\":\"https:\\\/\\\/radioljubuski.ba\\\/#organization\",\"name\":\"Radio Ljubu\u0161ki\",\"url\":\"https:\\\/\\\/radioljubuski.ba\\\/\",\"logo\":{\"@type\":\"ImageObject\",\"inLanguage\":\"hr\",\"@id\":\"https:\\\/\\\/radioljubuski.ba\\\/#\\\/schema\\\/logo\\\/image\\\/\",\"url\":\"https:\\\/\\\/radioljubuski.ba\\\/wp-content\\\/uploads\\\/2021\\\/02\\\/cropped-Radio_Ljubuski_logo1.jpg\",\"contentUrl\":\"https:\\\/\\\/radioljubuski.ba\\\/wp-content\\\/uploads\\\/2021\\\/02\\\/cropped-Radio_Ljubuski_logo1.jpg\",\"width\":512,\"height\":512,\"caption\":\"Radio Ljubu\u0161ki\"},\"image\":{\"@id\":\"https:\\\/\\\/radioljubuski.ba\\\/#\\\/schema\\\/logo\\\/image\\\/\"},\"sameAs\":[\"https:\\\/\\\/www.facebook.com\\\/Radiio-Ljubuski-1490835324566332\",\"https:\\\/\\\/x.com\\\/radioljubuski\",\"https:\\\/\\\/hr.linkedin.com\\\/company\\\/radio-ljubuski\",\"https:\\\/\\\/www.youtube.com\\\/channel\\\/UCHYaeO_n0Db3tjNGudGpXyw\"]},{\"@type\":\"Person\",\"@id\":\"https:\\\/\\\/radioljubuski.ba\\\/#\\\/schema\\\/person\\\/19fc700381a780f69665d7956c469e3b\",\"name\":\"Radio Ljubu\u0161ki\"}]}<\/script>\n<!-- \/ Yoast SEO plugin. -->","yoast_head_json":{"title":"U Ljubu\u0161kom odr\u017ean Drugi gospodarski forum \u017dZH - RADIO LJUBU\u0160KI","robots":{"index":"index","follow":"follow","max-snippet":"max-snippet:-1","max-image-preview":"max-image-preview:large","max-video-preview":"max-video-preview:-1"},"canonical":"https:\/\/radioljubuski.ba\/index.php\/2025\/02\/05\/u-ljubuskom-odrzan-drugi-gospodarski-forum-zzh\/","og_locale":"hr_HR","og_type":"article","og_title":"U Ljubu\u0161kom odr\u017ean Drugi gospodarski forum \u017dZH - RADIO LJUBU\u0160KI","og_description":"Danas je u organizaciji Vlade \u017dupanije Zapadnohercegova\u010dke u hotelu Bigeste u Ljubu\u0161kom odr\u017ean Drugi gospodarski forum na temu &#8220;Razvoj gospodarstva i izazovi u 2025. godini&#8221;. U programu Drugog gospodarskog foruma \u017dupanije Zapadnohercegova\u010dke uvodno obra\u0107anje odr\u017eao je Predrag \u010covi\u0107, predsjednik Vlade \u017dupanije Zapadnohercegova\u010dke, koji je govorio o gospodarskim pokazateljima u toj \u017eupaniji, kao i aktivnostima koje [&hellip;]","og_url":"https:\/\/radioljubuski.ba\/index.php\/2025\/02\/05\/u-ljubuskom-odrzan-drugi-gospodarski-forum-zzh\/","og_site_name":"RADIO LJUBU\u0160KI","article_publisher":"https:\/\/www.facebook.com\/Radiio-Ljubuski-1490835324566332","article_published_time":"2025-02-05T13:46:54+00:00","article_modified_time":"2025-02-05T14:00:47+00:00","og_image":[{"width":2400,"height":1600,"url":"https:\/\/radioljubuski.ba\/wp-content\/uploads\/2025\/02\/gforum-naslovna.jpg","type":"image\/jpeg"}],"author":"Radio Ljubu\u0161ki","twitter_card":"summary_large_image","twitter_creator":"@radioljubuski","twitter_site":"@radioljubuski","twitter_misc":{"Napisao\/la":"Radio Ljubu\u0161ki","Procijenjeno vrijeme \u010ditanja":"7 minuta"},"schema":{"@context":"https:\/\/schema.org","@graph":[{"@type":"Article","@id":"https:\/\/radioljubuski.ba\/index.php\/2025\/02\/05\/u-ljubuskom-odrzan-drugi-gospodarski-forum-zzh\/#article","isPartOf":{"@id":"https:\/\/radioljubuski.ba\/index.php\/2025\/02\/05\/u-ljubuskom-odrzan-drugi-gospodarski-forum-zzh\/"},"author":{"name":"Radio Ljubu\u0161ki","@id":"https:\/\/radioljubuski.ba\/#\/schema\/person\/19fc700381a780f69665d7956c469e3b"},"headline":"U Ljubu\u0161kom odr\u017ean Drugi gospodarski forum \u017dZH","datePublished":"2025-02-05T13:46:54+00:00","dateModified":"2025-02-05T14:00:47+00:00","mainEntityOfPage":{"@id":"https:\/\/radioljubuski.ba\/index.php\/2025\/02\/05\/u-ljubuskom-odrzan-drugi-gospodarski-forum-zzh\/"},"wordCount":1138,"publisher":{"@id":"https:\/\/radioljubuski.ba\/#organization"},"image":{"@id":"https:\/\/radioljubuski.ba\/index.php\/2025\/02\/05\/u-ljubuskom-odrzan-drugi-gospodarski-forum-zzh\/#primaryimage"},"thumbnailUrl":"https:\/\/radioljubuski.ba\/wp-content\/uploads\/2025\/02\/gforum-naslovna.jpg","articleSection":["Ljubu\u0161ki","Novosti"],"inLanguage":"hr"},{"@type":"WebPage","@id":"https:\/\/radioljubuski.ba\/index.php\/2025\/02\/05\/u-ljubuskom-odrzan-drugi-gospodarski-forum-zzh\/","url":"https:\/\/radioljubuski.ba\/index.php\/2025\/02\/05\/u-ljubuskom-odrzan-drugi-gospodarski-forum-zzh\/","name":"U Ljubu\u0161kom odr\u017ean Drugi gospodarski forum \u017dZH - RADIO LJUBU\u0160KI","isPartOf":{"@id":"https:\/\/radioljubuski.ba\/#website"},"primaryImageOfPage":{"@id":"https:\/\/radioljubuski.ba\/index.php\/2025\/02\/05\/u-ljubuskom-odrzan-drugi-gospodarski-forum-zzh\/#primaryimage"},"image":{"@id":"https:\/\/radioljubuski.ba\/index.php\/2025\/02\/05\/u-ljubuskom-odrzan-drugi-gospodarski-forum-zzh\/#primaryimage"},"thumbnailUrl":"https:\/\/radioljubuski.ba\/wp-content\/uploads\/2025\/02\/gforum-naslovna.jpg","datePublished":"2025-02-05T13:46:54+00:00","dateModified":"2025-02-05T14:00:47+00:00","breadcrumb":{"@id":"https:\/\/radioljubuski.ba\/index.php\/2025\/02\/05\/u-ljubuskom-odrzan-drugi-gospodarski-forum-zzh\/#breadcrumb"},"inLanguage":"hr","potentialAction":[{"@type":"ReadAction","target":["https:\/\/radioljubuski.ba\/index.php\/2025\/02\/05\/u-ljubuskom-odrzan-drugi-gospodarski-forum-zzh\/"]}]},{"@type":"ImageObject","inLanguage":"hr","@id":"https:\/\/radioljubuski.ba\/index.php\/2025\/02\/05\/u-ljubuskom-odrzan-drugi-gospodarski-forum-zzh\/#primaryimage","url":"https:\/\/radioljubuski.ba\/wp-content\/uploads\/2025\/02\/gforum-naslovna.jpg","contentUrl":"https:\/\/radioljubuski.ba\/wp-content\/uploads\/2025\/02\/gforum-naslovna.jpg","width":2400,"height":1600},{"@type":"BreadcrumbList","@id":"https:\/\/radioljubuski.ba\/index.php\/2025\/02\/05\/u-ljubuskom-odrzan-drugi-gospodarski-forum-zzh\/#breadcrumb","itemListElement":[{"@type":"ListItem","position":1,"name":"Po\u010detna stranica","item":"https:\/\/radioljubuski.ba\/"},{"@type":"ListItem","position":2,"name":"U Ljubu\u0161kom odr\u017ean Drugi gospodarski forum \u017dZH"}]},{"@type":"WebSite","@id":"https:\/\/radioljubuski.ba\/#website","url":"https:\/\/radioljubuski.ba\/","name":"Radio Ljubu\u0161ki","description":"Sun\u010dana frekvencija Hercegovine","publisher":{"@id":"https:\/\/radioljubuski.ba\/#organization"},"potentialAction":[{"@type":"SearchAction","target":{"@type":"EntryPoint","urlTemplate":"https:\/\/radioljubuski.ba\/?s={search_term_string}"},"query-input":{"@type":"PropertyValueSpecification","valueRequired":true,"valueName":"search_term_string"}}],"inLanguage":"hr"},{"@type":"Organization","@id":"https:\/\/radioljubuski.ba\/#organization","name":"Radio Ljubu\u0161ki","url":"https:\/\/radioljubuski.ba\/","logo":{"@type":"ImageObject","inLanguage":"hr","@id":"https:\/\/radioljubuski.ba\/#\/schema\/logo\/image\/","url":"https:\/\/radioljubuski.ba\/wp-content\/uploads\/2021\/02\/cropped-Radio_Ljubuski_logo1.jpg","contentUrl":"https:\/\/radioljubuski.ba\/wp-content\/uploads\/2021\/02\/cropped-Radio_Ljubuski_logo1.jpg","width":512,"height":512,"caption":"Radio Ljubu\u0161ki"},"image":{"@id":"https:\/\/radioljubuski.ba\/#\/schema\/logo\/image\/"},"sameAs":["https:\/\/www.facebook.com\/Radiio-Ljubuski-1490835324566332","https:\/\/x.com\/radioljubuski","https:\/\/hr.linkedin.com\/company\/radio-ljubuski","https:\/\/www.youtube.com\/channel\/UCHYaeO_n0Db3tjNGudGpXyw"]},{"@type":"Person","@id":"https:\/\/radioljubuski.ba\/#\/schema\/person\/19fc700381a780f69665d7956c469e3b","name":"Radio Ljubu\u0161ki"}]}},"_links":{"self":[{"href":"https:\/\/radioljubuski.ba\/index.php\/wp-json\/wp\/v2\/posts\/213652","targetHints":{"allow":["GET"]}}],"collection":[{"href":"https:\/\/radioljubuski.ba\/index.php\/wp-json\/wp\/v2\/posts"}],"about":[{"href":"https:\/\/radioljubuski.ba\/index.php\/wp-json\/wp\/v2\/types\/post"}],"author":[{"embeddable":true,"href":"https:\/\/radioljubuski.ba\/index.php\/wp-json\/wp\/v2\/users\/2"}],"replies":[{"embeddable":true,"href":"https:\/\/radioljubuski.ba\/index.php\/wp-json\/wp\/v2\/comments?post=213652"}],"version-history":[{"count":5,"href":"https:\/\/radioljubuski.ba\/index.php\/wp-json\/wp\/v2\/posts\/213652\/revisions"}],"predecessor-version":[{"id":213665,"href":"https:\/\/radioljubuski.ba\/index.php\/wp-json\/wp\/v2\/posts\/213652\/revisions\/213665"}],"wp:featuredmedia":[{"embeddable":true,"href":"https:\/\/radioljubuski.ba\/index.php\/wp-json\/wp\/v2\/media\/213655"}],"wp:attachment":[{"href":"https:\/\/radioljubuski.ba\/index.php\/wp-json\/wp\/v2\/media?parent=213652"}],"wp:term":[{"taxonomy":"category","embeddable":true,"href":"https:\/\/radioljubuski.ba\/index.php\/wp-json\/wp\/v2\/categories?post=213652"},{"taxonomy":"post_tag","embeddable":true,"href":"https:\/\/radioljubuski.ba\/index.php\/wp-json\/wp\/v2\/tags?post=213652"}],"curies":[{"name":"wp","href":"https:\/\/api.w.org\/{rel}","templated":true}]}}