{"id":213727,"date":"2025-02-09T14:46:27","date_gmt":"2025-02-09T13:46:27","guid":{"rendered":"https:\/\/radioljubuski.ba\/?p=213727"},"modified":"2025-02-09T14:46:30","modified_gmt":"2025-02-09T13:46:30","slug":"skauti-uvjerljivi-u-utakmici-s-maglajem-za-dobru-najavu-europskih-utakmica","status":"publish","type":"post","link":"https:\/\/radioljubuski.ba\/index.php\/2025\/02\/09\/skauti-uvjerljivi-u-utakmici-s-maglajem-za-dobru-najavu-europskih-utakmica\/","title":{"rendered":"\u201cSkauti\u201d uvjerljivi u utakmici s Maglajem za dobru najavu europskih utakmica"},"content":{"rendered":"\n<p>Rukometa\u0161i Izvi\u0111a\u010d Agrama uspje\u0161no u\u0161li u proljetni dio natjecanja Premijer ligi BiH. Ako se po jutru dan poznaje, utakmica protiv mom\u010dadi Maglaja je pokazala da \u201cSkauti\u201d spremno ulaze u drugi dio sezone. Dobar je to znak uo\u010di dvije europske utakmice 1\/8 finala EHF Europena Cup-a protiv ciparske mom\u010dadi Sabbianco Anorthosis Famagusta.<\/p>\n\n\n\n<p>\u201cSkauti\u201d su odli\u010dno otvorili utakmicu s Maglajem. Nekoliko vezanih obrana vratara&nbsp;<strong>Aldina Alihod\u017ei\u0107a<\/strong>&nbsp;i ve\u0107 u 3. minuti bilo je 3:0, a u 7. minuti razlika se popela na plus 6 (7:1), \u0161to je prisililo gostuju\u0107i trener da u 6.minuti pozove prvi time-out. Nakon toga, gosti su se malo pribrali, tako da su u 13. minuti prepolovili prednost \u201cSkauta\u201d (9:6). Me\u0111utim, uslijedio je brzi odgovor Izvi\u0111a\u010da i 20. minuti rezultatska razlika je narasla na 8 golova (15:7). U 28. minuti Izvi\u0111a\u010d je stigao do dvoznamenkaste prednosti (20:10), ali u zavr\u0161nici poluvremena Maglaj je uspio, serijom 3:1, ubla\u017eiti rezultatski zaostatak. Na stanku, izme\u0111u dva poluvremena, odlazi se pri rezultatu 21:13.<\/p>\n\n\n\n<p>Drugi dio utakmice protekao je u donekle ravnopravnijoj igri. Izvi\u0111a\u010d je u 33. minuti ponovno stigao do dvoznamenkaste prednosti (24:14), a u 37.minuti bilo je 27:16.<br>Nakon toga, pa sve do 50. minute igralo, se u ritmu \u201cgol za gol\u201d (33:22), da bi Maglaj s dva vezana gola u 53. minuti uspio smanjiti razliku na 9 golova. U zavr\u0161nici utakmice \u201cSkauti\u201d ponovno ubacuju u vi\u0161u brzinu i serijom 5:2, privode utakmicu kraju, s kona\u010dnim rezultatom 38:26. Valja naglasiti da je trenerski dvojac D\u017eoli\u0107\/Toli\u0107 ravnomjerno rasporedio minuta\u017eu i dao priliku svim igra\u010dima koji su bili u zapisniku utakmice da zaigraju.<\/p>\n\n\n\n<p>Najefikasniji u redovima Izvi\u0111a\u010da bili su&nbsp;<strong>Filip Odak i Kerim Semi\u0107<\/strong>&nbsp;sa po \u0161est golova. Pet puta u listu stijelaca se upisao&nbsp;<strong>Amer \u0160ahinovi\u0107<\/strong>, a \u010detiri puta&nbsp;<strong>Milan Vuk\u0161i\u0107<\/strong>.<\/p>\n\n\n\n<p>Odli\u010dnu predstavu prikazao je vratarski tandem Alihod\u017ei\u0107\/Suljevi\u0107.&nbsp;<strong>Aldin Alihod\u017ei\u0107<\/strong>&nbsp;skinuo je 13 \u0161utova s nevjerojatnim postotkom uspje\u0161nosti od 50%.&nbsp;<strong>Haris Suljevi\u0107<\/strong>&nbsp;u drugom poluvremenu nastavio je u istom stilu s obranjenih 10 udaraca i sa uspje\u0161no\u0161\u0107u od 47%.<\/p>\n\n\n\n<p>Kod gostiju daleko najefikasniji bio je Velibor Manji\u0107 s 9 golova, dok je Amar Gra\u010di\u0107 bio uspje\u0161an 6 puta.<br>Nakon ove utakmice \u201cSkauti\u201d se okre\u0107u europskim utakmicama. U nedjelju, 16.02.2025. u Nikoziji igraju 1. utakmicu 1\/8 finala EHF European Cupa- a, a uzvrat je na rasporedu 22.02.2025.godine u Gradskoj \u0161portskoj dvorani u Ljubu\u0161kom.<\/p>\n\n\n\n<p>Premijer liga BiH, sezona 2024.\/2025., 14. kolo.<br>Ljubu\u0161ki, 08.02.2025. u 19:00 sati.<\/p>\n\n\n\n<p><strong>RK Maglaj \u2013 RK Izvi\u0111a\u010d Agram 38:26 (21:13)<\/strong><\/p>\n\n\n\n<p>Ljubu\u0161ki, Gradska \u0161portska dvorana, 300 gledatelja.<br>Suci: Dejan Berjan (I. Sarajevo) i Goran Ili\u0107 (Doboj).<br>Nadzornik: Vedran Palsksi\u0107 (Doboj).<\/p>\n\n\n\n<p><strong>RK Izvi\u0111a\u010d Agram<\/strong>: Alihod\u017ei\u0107 (13 obrana, 2 sedmerca), Suljevi\u0107 (10 obrana), Vuk\u0161i\u0107 4\/1, Lukenda 1, Odak 6, \u0160ahinovi\u0107 5\/2, Ljubi\u0107, Dedi\u0107 3, \u0160imi\u0107 2, Bubalo 3, \u0160aravanja 3, \u0106e\u0161ko 2\/1, Semi\u0107 6, Bebek 1, Lasi\u0107 2, \u010cuvalo.<br>Trener: Ivan D\u017eoli\u0107, Milan Toli\u0107.<\/p>\n\n\n\n<p><strong>RK Maglaj<\/strong>: Jupi\u0107, Poli\u0107 (9 obarna, 1 sedmerac), \u0160abhaz, Gra\u010di\u0107 6, Basor 2, Suljakovi\u0107, Lokmi\u0107, Barjaktarovi\u0107 2, Kadri\u0107 1, Deli\u0107 2, Omahi\u0107, Omi\u0107, Musi\u0107 1, Halilovi\u0107 3\/2, Manji\u0107 9.<\/p>\n\n\n\n<p>Trener: Samir Smajlagi\u0107.<\/p>\n\n\n\n<p>Isklju\u010denja: Izvi\u0111a\u010d 6 minuta, Maglaj 6 minuta.<br>Sedmerci: Izvi\u0111a\u010d 5\/4, Maglaj 4\/2.<\/p>\n\n\n\n<figure class=\"wp-block-image size-large\"><img loading=\"lazy\" decoding=\"async\" width=\"819\" height=\"1024\" src=\"https:\/\/radioljubuski.ba\/wp-content\/uploads\/2025\/02\/rk-izvidac-819x1024.jpg\" alt=\"\" class=\"wp-image-213728\" srcset=\"https:\/\/radioljubuski.ba\/wp-content\/uploads\/2025\/02\/rk-izvidac-819x1024.jpg 819w, https:\/\/radioljubuski.ba\/wp-content\/uploads\/2025\/02\/rk-izvidac-240x300.jpg 240w, https:\/\/radioljubuski.ba\/wp-content\/uploads\/2025\/02\/rk-izvidac-768x960.jpg 768w, https:\/\/radioljubuski.ba\/wp-content\/uploads\/2025\/02\/rk-izvidac-10x12.jpg 10w, https:\/\/radioljubuski.ba\/wp-content\/uploads\/2025\/02\/rk-izvidac.jpg 1080w\" sizes=\"auto, (max-width: 819px) 100vw, 819px\" \/><\/figure>\n\n\n\n<p>RK IZVI\u0110A\u010c AGRAM<\/p>\n","protected":false},"excerpt":{"rendered":"<p>Rukometa\u0161i Izvi\u0111a\u010d Agrama uspje\u0161no u\u0161li u proljetni dio natjecanja Premijer ligi BiH. Ako se po jutru dan poznaje, utakmica protiv mom\u010dadi Maglaja je pokazala da \u201cSkauti\u201d spremno ulaze u drugi dio sezone. Dobar je to znak uo\u010di dvije europske utakmice 1\/8 finala EHF Europena Cup-a protiv ciparske mom\u010dadi Sabbianco Anorthosis Famagusta. \u201cSkauti\u201d su odli\u010dno otvorili [&hellip;]<\/p>\n","protected":false},"author":2,"featured_media":213729,"comment_status":"closed","ping_status":"closed","sticky":false,"template":"","format":"standard","meta":{"h5ap_radio_sources":[],"footnotes":""},"categories":[3,28],"tags":[],"class_list":["post-213727","post","type-post","status-publish","format-standard","has-post-thumbnail","hentry","category-ljubuski","category-novosti"],"yoast_head":"<!-- This site is optimized with the Yoast SEO plugin v27.5 - https:\/\/yoast.com\/product\/yoast-seo-wordpress\/ -->\n<title>\u201cSkauti\u201d uvjerljivi u utakmici s Maglajem za dobru najavu europskih utakmica - RADIO LJUBU\u0160KI<\/title>\n<meta name=\"robots\" content=\"index, follow, max-snippet:-1, max-image-preview:large, max-video-preview:-1\" \/>\n<link rel=\"canonical\" href=\"https:\/\/radioljubuski.ba\/index.php\/2025\/02\/09\/skauti-uvjerljivi-u-utakmici-s-maglajem-za-dobru-najavu-europskih-utakmica\/\" \/>\n<meta property=\"og:locale\" content=\"hr_HR\" \/>\n<meta property=\"og:type\" content=\"article\" \/>\n<meta property=\"og:title\" content=\"\u201cSkauti\u201d uvjerljivi u utakmici s Maglajem za dobru najavu europskih utakmica - RADIO LJUBU\u0160KI\" \/>\n<meta property=\"og:description\" content=\"Rukometa\u0161i Izvi\u0111a\u010d Agrama uspje\u0161no u\u0161li u proljetni dio natjecanja Premijer ligi BiH. Ako se po jutru dan poznaje, utakmica protiv mom\u010dadi Maglaja je pokazala da \u201cSkauti\u201d spremno ulaze u drugi dio sezone. Dobar je to znak uo\u010di dvije europske utakmice 1\/8 finala EHF Europena Cup-a protiv ciparske mom\u010dadi Sabbianco Anorthosis Famagusta. \u201cSkauti\u201d su odli\u010dno otvorili [&hellip;]\" \/>\n<meta property=\"og:url\" content=\"https:\/\/radioljubuski.ba\/index.php\/2025\/02\/09\/skauti-uvjerljivi-u-utakmici-s-maglajem-za-dobru-najavu-europskih-utakmica\/\" \/>\n<meta property=\"og:site_name\" content=\"RADIO LJUBU\u0160KI\" \/>\n<meta property=\"article:publisher\" content=\"https:\/\/www.facebook.com\/Radiio-Ljubuski-1490835324566332\" \/>\n<meta property=\"article:published_time\" content=\"2025-02-09T13:46:27+00:00\" \/>\n<meta property=\"article:modified_time\" content=\"2025-02-09T13:46:30+00:00\" \/>\n<meta property=\"og:image\" content=\"https:\/\/radioljubuski.ba\/wp-content\/uploads\/2025\/02\/pobjeda.jpg\" \/>\n\t<meta property=\"og:image:width\" content=\"1024\" \/>\n\t<meta property=\"og:image:height\" content=\"682\" \/>\n\t<meta property=\"og:image:type\" content=\"image\/jpeg\" \/>\n<meta name=\"author\" content=\"Radio Ljubu\u0161ki\" \/>\n<meta name=\"twitter:card\" content=\"summary_large_image\" \/>\n<meta name=\"twitter:creator\" content=\"@radioljubuski\" \/>\n<meta name=\"twitter:site\" content=\"@radioljubuski\" \/>\n<meta name=\"twitter:label1\" content=\"Napisao\/la\" \/>\n\t<meta name=\"twitter:data1\" content=\"Radio Ljubu\u0161ki\" \/>\n\t<meta name=\"twitter:label2\" content=\"Procijenjeno vrijeme \u010ditanja\" \/>\n\t<meta name=\"twitter:data2\" content=\"4 minute\" \/>\n<script type=\"application\/ld+json\" class=\"yoast-schema-graph\">{\"@context\":\"https:\\\/\\\/schema.org\",\"@graph\":[{\"@type\":\"Article\",\"@id\":\"https:\\\/\\\/radioljubuski.ba\\\/index.php\\\/2025\\\/02\\\/09\\\/skauti-uvjerljivi-u-utakmici-s-maglajem-za-dobru-najavu-europskih-utakmica\\\/#article\",\"isPartOf\":{\"@id\":\"https:\\\/\\\/radioljubuski.ba\\\/index.php\\\/2025\\\/02\\\/09\\\/skauti-uvjerljivi-u-utakmici-s-maglajem-za-dobru-najavu-europskih-utakmica\\\/\"},\"author\":{\"name\":\"Radio Ljubu\u0161ki\",\"@id\":\"https:\\\/\\\/radioljubuski.ba\\\/#\\\/schema\\\/person\\\/19fc700381a780f69665d7956c469e3b\"},\"headline\":\"\u201cSkauti\u201d uvjerljivi u utakmici s Maglajem za dobru najavu europskih utakmica\",\"datePublished\":\"2025-02-09T13:46:27+00:00\",\"dateModified\":\"2025-02-09T13:46:30+00:00\",\"mainEntityOfPage\":{\"@id\":\"https:\\\/\\\/radioljubuski.ba\\\/index.php\\\/2025\\\/02\\\/09\\\/skauti-uvjerljivi-u-utakmici-s-maglajem-za-dobru-najavu-europskih-utakmica\\\/\"},\"wordCount\":511,\"publisher\":{\"@id\":\"https:\\\/\\\/radioljubuski.ba\\\/#organization\"},\"image\":{\"@id\":\"https:\\\/\\\/radioljubuski.ba\\\/index.php\\\/2025\\\/02\\\/09\\\/skauti-uvjerljivi-u-utakmici-s-maglajem-za-dobru-najavu-europskih-utakmica\\\/#primaryimage\"},\"thumbnailUrl\":\"https:\\\/\\\/radioljubuski.ba\\\/wp-content\\\/uploads\\\/2025\\\/02\\\/pobjeda.jpg\",\"articleSection\":[\"Ljubu\u0161ki\",\"Novosti\"],\"inLanguage\":\"hr\"},{\"@type\":\"WebPage\",\"@id\":\"https:\\\/\\\/radioljubuski.ba\\\/index.php\\\/2025\\\/02\\\/09\\\/skauti-uvjerljivi-u-utakmici-s-maglajem-za-dobru-najavu-europskih-utakmica\\\/\",\"url\":\"https:\\\/\\\/radioljubuski.ba\\\/index.php\\\/2025\\\/02\\\/09\\\/skauti-uvjerljivi-u-utakmici-s-maglajem-za-dobru-najavu-europskih-utakmica\\\/\",\"name\":\"\u201cSkauti\u201d uvjerljivi u utakmici s Maglajem za dobru najavu europskih utakmica - RADIO LJUBU\u0160KI\",\"isPartOf\":{\"@id\":\"https:\\\/\\\/radioljubuski.ba\\\/#website\"},\"primaryImageOfPage\":{\"@id\":\"https:\\\/\\\/radioljubuski.ba\\\/index.php\\\/2025\\\/02\\\/09\\\/skauti-uvjerljivi-u-utakmici-s-maglajem-za-dobru-najavu-europskih-utakmica\\\/#primaryimage\"},\"image\":{\"@id\":\"https:\\\/\\\/radioljubuski.ba\\\/index.php\\\/2025\\\/02\\\/09\\\/skauti-uvjerljivi-u-utakmici-s-maglajem-za-dobru-najavu-europskih-utakmica\\\/#primaryimage\"},\"thumbnailUrl\":\"https:\\\/\\\/radioljubuski.ba\\\/wp-content\\\/uploads\\\/2025\\\/02\\\/pobjeda.jpg\",\"datePublished\":\"2025-02-09T13:46:27+00:00\",\"dateModified\":\"2025-02-09T13:46:30+00:00\",\"breadcrumb\":{\"@id\":\"https:\\\/\\\/radioljubuski.ba\\\/index.php\\\/2025\\\/02\\\/09\\\/skauti-uvjerljivi-u-utakmici-s-maglajem-za-dobru-najavu-europskih-utakmica\\\/#breadcrumb\"},\"inLanguage\":\"hr\",\"potentialAction\":[{\"@type\":\"ReadAction\",\"target\":[\"https:\\\/\\\/radioljubuski.ba\\\/index.php\\\/2025\\\/02\\\/09\\\/skauti-uvjerljivi-u-utakmici-s-maglajem-za-dobru-najavu-europskih-utakmica\\\/\"]}]},{\"@type\":\"ImageObject\",\"inLanguage\":\"hr\",\"@id\":\"https:\\\/\\\/radioljubuski.ba\\\/index.php\\\/2025\\\/02\\\/09\\\/skauti-uvjerljivi-u-utakmici-s-maglajem-za-dobru-najavu-europskih-utakmica\\\/#primaryimage\",\"url\":\"https:\\\/\\\/radioljubuski.ba\\\/wp-content\\\/uploads\\\/2025\\\/02\\\/pobjeda.jpg\",\"contentUrl\":\"https:\\\/\\\/radioljubuski.ba\\\/wp-content\\\/uploads\\\/2025\\\/02\\\/pobjeda.jpg\",\"width\":1024,\"height\":682},{\"@type\":\"BreadcrumbList\",\"@id\":\"https:\\\/\\\/radioljubuski.ba\\\/index.php\\\/2025\\\/02\\\/09\\\/skauti-uvjerljivi-u-utakmici-s-maglajem-za-dobru-najavu-europskih-utakmica\\\/#breadcrumb\",\"itemListElement\":[{\"@type\":\"ListItem\",\"position\":1,\"name\":\"Po\u010detna stranica\",\"item\":\"https:\\\/\\\/radioljubuski.ba\\\/\"},{\"@type\":\"ListItem\",\"position\":2,\"name\":\"\u201cSkauti\u201d uvjerljivi u utakmici s Maglajem za dobru najavu europskih utakmica\"}]},{\"@type\":\"WebSite\",\"@id\":\"https:\\\/\\\/radioljubuski.ba\\\/#website\",\"url\":\"https:\\\/\\\/radioljubuski.ba\\\/\",\"name\":\"Radio Ljubu\u0161ki\",\"description\":\"Sun\u010dana frekvencija Hercegovine\",\"publisher\":{\"@id\":\"https:\\\/\\\/radioljubuski.ba\\\/#organization\"},\"potentialAction\":[{\"@type\":\"SearchAction\",\"target\":{\"@type\":\"EntryPoint\",\"urlTemplate\":\"https:\\\/\\\/radioljubuski.ba\\\/?s={search_term_string}\"},\"query-input\":{\"@type\":\"PropertyValueSpecification\",\"valueRequired\":true,\"valueName\":\"search_term_string\"}}],\"inLanguage\":\"hr\"},{\"@type\":\"Organization\",\"@id\":\"https:\\\/\\\/radioljubuski.ba\\\/#organization\",\"name\":\"Radio Ljubu\u0161ki\",\"url\":\"https:\\\/\\\/radioljubuski.ba\\\/\",\"logo\":{\"@type\":\"ImageObject\",\"inLanguage\":\"hr\",\"@id\":\"https:\\\/\\\/radioljubuski.ba\\\/#\\\/schema\\\/logo\\\/image\\\/\",\"url\":\"https:\\\/\\\/radioljubuski.ba\\\/wp-content\\\/uploads\\\/2021\\\/02\\\/cropped-Radio_Ljubuski_logo1.jpg\",\"contentUrl\":\"https:\\\/\\\/radioljubuski.ba\\\/wp-content\\\/uploads\\\/2021\\\/02\\\/cropped-Radio_Ljubuski_logo1.jpg\",\"width\":512,\"height\":512,\"caption\":\"Radio Ljubu\u0161ki\"},\"image\":{\"@id\":\"https:\\\/\\\/radioljubuski.ba\\\/#\\\/schema\\\/logo\\\/image\\\/\"},\"sameAs\":[\"https:\\\/\\\/www.facebook.com\\\/Radiio-Ljubuski-1490835324566332\",\"https:\\\/\\\/x.com\\\/radioljubuski\",\"https:\\\/\\\/hr.linkedin.com\\\/company\\\/radio-ljubuski\",\"https:\\\/\\\/www.youtube.com\\\/channel\\\/UCHYaeO_n0Db3tjNGudGpXyw\"]},{\"@type\":\"Person\",\"@id\":\"https:\\\/\\\/radioljubuski.ba\\\/#\\\/schema\\\/person\\\/19fc700381a780f69665d7956c469e3b\",\"name\":\"Radio Ljubu\u0161ki\"}]}<\/script>\n<!-- \/ Yoast SEO plugin. -->","yoast_head_json":{"title":"\u201cSkauti\u201d uvjerljivi u utakmici s Maglajem za dobru najavu europskih utakmica - RADIO LJUBU\u0160KI","robots":{"index":"index","follow":"follow","max-snippet":"max-snippet:-1","max-image-preview":"max-image-preview:large","max-video-preview":"max-video-preview:-1"},"canonical":"https:\/\/radioljubuski.ba\/index.php\/2025\/02\/09\/skauti-uvjerljivi-u-utakmici-s-maglajem-za-dobru-najavu-europskih-utakmica\/","og_locale":"hr_HR","og_type":"article","og_title":"\u201cSkauti\u201d uvjerljivi u utakmici s Maglajem za dobru najavu europskih utakmica - RADIO LJUBU\u0160KI","og_description":"Rukometa\u0161i Izvi\u0111a\u010d Agrama uspje\u0161no u\u0161li u proljetni dio natjecanja Premijer ligi BiH. Ako se po jutru dan poznaje, utakmica protiv mom\u010dadi Maglaja je pokazala da \u201cSkauti\u201d spremno ulaze u drugi dio sezone. Dobar je to znak uo\u010di dvije europske utakmice 1\/8 finala EHF Europena Cup-a protiv ciparske mom\u010dadi Sabbianco Anorthosis Famagusta. \u201cSkauti\u201d su odli\u010dno otvorili [&hellip;]","og_url":"https:\/\/radioljubuski.ba\/index.php\/2025\/02\/09\/skauti-uvjerljivi-u-utakmici-s-maglajem-za-dobru-najavu-europskih-utakmica\/","og_site_name":"RADIO LJUBU\u0160KI","article_publisher":"https:\/\/www.facebook.com\/Radiio-Ljubuski-1490835324566332","article_published_time":"2025-02-09T13:46:27+00:00","article_modified_time":"2025-02-09T13:46:30+00:00","og_image":[{"width":1024,"height":682,"url":"https:\/\/radioljubuski.ba\/wp-content\/uploads\/2025\/02\/pobjeda.jpg","type":"image\/jpeg"}],"author":"Radio Ljubu\u0161ki","twitter_card":"summary_large_image","twitter_creator":"@radioljubuski","twitter_site":"@radioljubuski","twitter_misc":{"Napisao\/la":"Radio Ljubu\u0161ki","Procijenjeno vrijeme \u010ditanja":"4 minute"},"schema":{"@context":"https:\/\/schema.org","@graph":[{"@type":"Article","@id":"https:\/\/radioljubuski.ba\/index.php\/2025\/02\/09\/skauti-uvjerljivi-u-utakmici-s-maglajem-za-dobru-najavu-europskih-utakmica\/#article","isPartOf":{"@id":"https:\/\/radioljubuski.ba\/index.php\/2025\/02\/09\/skauti-uvjerljivi-u-utakmici-s-maglajem-za-dobru-najavu-europskih-utakmica\/"},"author":{"name":"Radio Ljubu\u0161ki","@id":"https:\/\/radioljubuski.ba\/#\/schema\/person\/19fc700381a780f69665d7956c469e3b"},"headline":"\u201cSkauti\u201d uvjerljivi u utakmici s Maglajem za dobru najavu europskih utakmica","datePublished":"2025-02-09T13:46:27+00:00","dateModified":"2025-02-09T13:46:30+00:00","mainEntityOfPage":{"@id":"https:\/\/radioljubuski.ba\/index.php\/2025\/02\/09\/skauti-uvjerljivi-u-utakmici-s-maglajem-za-dobru-najavu-europskih-utakmica\/"},"wordCount":511,"publisher":{"@id":"https:\/\/radioljubuski.ba\/#organization"},"image":{"@id":"https:\/\/radioljubuski.ba\/index.php\/2025\/02\/09\/skauti-uvjerljivi-u-utakmici-s-maglajem-za-dobru-najavu-europskih-utakmica\/#primaryimage"},"thumbnailUrl":"https:\/\/radioljubuski.ba\/wp-content\/uploads\/2025\/02\/pobjeda.jpg","articleSection":["Ljubu\u0161ki","Novosti"],"inLanguage":"hr"},{"@type":"WebPage","@id":"https:\/\/radioljubuski.ba\/index.php\/2025\/02\/09\/skauti-uvjerljivi-u-utakmici-s-maglajem-za-dobru-najavu-europskih-utakmica\/","url":"https:\/\/radioljubuski.ba\/index.php\/2025\/02\/09\/skauti-uvjerljivi-u-utakmici-s-maglajem-za-dobru-najavu-europskih-utakmica\/","name":"\u201cSkauti\u201d uvjerljivi u utakmici s Maglajem za dobru najavu europskih utakmica - RADIO LJUBU\u0160KI","isPartOf":{"@id":"https:\/\/radioljubuski.ba\/#website"},"primaryImageOfPage":{"@id":"https:\/\/radioljubuski.ba\/index.php\/2025\/02\/09\/skauti-uvjerljivi-u-utakmici-s-maglajem-za-dobru-najavu-europskih-utakmica\/#primaryimage"},"image":{"@id":"https:\/\/radioljubuski.ba\/index.php\/2025\/02\/09\/skauti-uvjerljivi-u-utakmici-s-maglajem-za-dobru-najavu-europskih-utakmica\/#primaryimage"},"thumbnailUrl":"https:\/\/radioljubuski.ba\/wp-content\/uploads\/2025\/02\/pobjeda.jpg","datePublished":"2025-02-09T13:46:27+00:00","dateModified":"2025-02-09T13:46:30+00:00","breadcrumb":{"@id":"https:\/\/radioljubuski.ba\/index.php\/2025\/02\/09\/skauti-uvjerljivi-u-utakmici-s-maglajem-za-dobru-najavu-europskih-utakmica\/#breadcrumb"},"inLanguage":"hr","potentialAction":[{"@type":"ReadAction","target":["https:\/\/radioljubuski.ba\/index.php\/2025\/02\/09\/skauti-uvjerljivi-u-utakmici-s-maglajem-za-dobru-najavu-europskih-utakmica\/"]}]},{"@type":"ImageObject","inLanguage":"hr","@id":"https:\/\/radioljubuski.ba\/index.php\/2025\/02\/09\/skauti-uvjerljivi-u-utakmici-s-maglajem-za-dobru-najavu-europskih-utakmica\/#primaryimage","url":"https:\/\/radioljubuski.ba\/wp-content\/uploads\/2025\/02\/pobjeda.jpg","contentUrl":"https:\/\/radioljubuski.ba\/wp-content\/uploads\/2025\/02\/pobjeda.jpg","width":1024,"height":682},{"@type":"BreadcrumbList","@id":"https:\/\/radioljubuski.ba\/index.php\/2025\/02\/09\/skauti-uvjerljivi-u-utakmici-s-maglajem-za-dobru-najavu-europskih-utakmica\/#breadcrumb","itemListElement":[{"@type":"ListItem","position":1,"name":"Po\u010detna stranica","item":"https:\/\/radioljubuski.ba\/"},{"@type":"ListItem","position":2,"name":"\u201cSkauti\u201d uvjerljivi u utakmici s Maglajem za dobru najavu europskih utakmica"}]},{"@type":"WebSite","@id":"https:\/\/radioljubuski.ba\/#website","url":"https:\/\/radioljubuski.ba\/","name":"Radio Ljubu\u0161ki","description":"Sun\u010dana frekvencija Hercegovine","publisher":{"@id":"https:\/\/radioljubuski.ba\/#organization"},"potentialAction":[{"@type":"SearchAction","target":{"@type":"EntryPoint","urlTemplate":"https:\/\/radioljubuski.ba\/?s={search_term_string}"},"query-input":{"@type":"PropertyValueSpecification","valueRequired":true,"valueName":"search_term_string"}}],"inLanguage":"hr"},{"@type":"Organization","@id":"https:\/\/radioljubuski.ba\/#organization","name":"Radio Ljubu\u0161ki","url":"https:\/\/radioljubuski.ba\/","logo":{"@type":"ImageObject","inLanguage":"hr","@id":"https:\/\/radioljubuski.ba\/#\/schema\/logo\/image\/","url":"https:\/\/radioljubuski.ba\/wp-content\/uploads\/2021\/02\/cropped-Radio_Ljubuski_logo1.jpg","contentUrl":"https:\/\/radioljubuski.ba\/wp-content\/uploads\/2021\/02\/cropped-Radio_Ljubuski_logo1.jpg","width":512,"height":512,"caption":"Radio Ljubu\u0161ki"},"image":{"@id":"https:\/\/radioljubuski.ba\/#\/schema\/logo\/image\/"},"sameAs":["https:\/\/www.facebook.com\/Radiio-Ljubuski-1490835324566332","https:\/\/x.com\/radioljubuski","https:\/\/hr.linkedin.com\/company\/radio-ljubuski","https:\/\/www.youtube.com\/channel\/UCHYaeO_n0Db3tjNGudGpXyw"]},{"@type":"Person","@id":"https:\/\/radioljubuski.ba\/#\/schema\/person\/19fc700381a780f69665d7956c469e3b","name":"Radio Ljubu\u0161ki"}]}},"_links":{"self":[{"href":"https:\/\/radioljubuski.ba\/index.php\/wp-json\/wp\/v2\/posts\/213727","targetHints":{"allow":["GET"]}}],"collection":[{"href":"https:\/\/radioljubuski.ba\/index.php\/wp-json\/wp\/v2\/posts"}],"about":[{"href":"https:\/\/radioljubuski.ba\/index.php\/wp-json\/wp\/v2\/types\/post"}],"author":[{"embeddable":true,"href":"https:\/\/radioljubuski.ba\/index.php\/wp-json\/wp\/v2\/users\/2"}],"replies":[{"embeddable":true,"href":"https:\/\/radioljubuski.ba\/index.php\/wp-json\/wp\/v2\/comments?post=213727"}],"version-history":[{"count":1,"href":"https:\/\/radioljubuski.ba\/index.php\/wp-json\/wp\/v2\/posts\/213727\/revisions"}],"predecessor-version":[{"id":213730,"href":"https:\/\/radioljubuski.ba\/index.php\/wp-json\/wp\/v2\/posts\/213727\/revisions\/213730"}],"wp:featuredmedia":[{"embeddable":true,"href":"https:\/\/radioljubuski.ba\/index.php\/wp-json\/wp\/v2\/media\/213729"}],"wp:attachment":[{"href":"https:\/\/radioljubuski.ba\/index.php\/wp-json\/wp\/v2\/media?parent=213727"}],"wp:term":[{"taxonomy":"category","embeddable":true,"href":"https:\/\/radioljubuski.ba\/index.php\/wp-json\/wp\/v2\/categories?post=213727"},{"taxonomy":"post_tag","embeddable":true,"href":"https:\/\/radioljubuski.ba\/index.php\/wp-json\/wp\/v2\/tags?post=213727"}],"curies":[{"name":"wp","href":"https:\/\/api.w.org\/{rel}","templated":true}]}}