{"id":213735,"date":"2025-02-09T15:17:37","date_gmt":"2025-02-09T14:17:37","guid":{"rendered":"https:\/\/radioljubuski.ba\/?p=213735"},"modified":"2025-02-09T15:19:53","modified_gmt":"2025-02-09T14:19:53","slug":"odrzana-skola-robotike-i-elektronike-u-ljubuskom","status":"publish","type":"post","link":"https:\/\/radioljubuski.ba\/index.php\/2025\/02\/09\/odrzana-skola-robotike-i-elektronike-u-ljubuskom\/","title":{"rendered":"Odr\u017eana &#8220;\u0160kola robotike i elektronike&#8221; u Ljubu\u0161kom"},"content":{"rendered":"\n<p>Fakultet strojarstva, ra\u010dunarstva i elektrotehnike Sveu\u010dili\u0161ta u Mostaru, uz podr\u0161ku Centra za tehni\u010dku kulturu Mostar, uspje\u0161no su organizirali &#8221; \u0160kolu robotike i elektronike&#8221; u Ljubu\u0161kom! Ova inicijativa, pokrenuta od strane doc. dr. sc. Ivana Marki\u0107a, omogu\u0107ila je osnovno\u0161kolcima iz Ljubu\u0161kog da kroz prakti\u010dne radionice upoznaju svijet tehnologije, robotike i elektronike te razviju vje\u0161tine klju\u010dne za budu\u0107e in\u017eenjere.<\/p>\n\n\n\n<p>\u0160kola je odr\u017eana u prostorijama O\u0160 Marka Maruli\u0107a a uz u\u010denike ove \u0161kole poha\u0111ali su je i u\u010denici O\u0160 Tina Ujevi\u0107a Vitina, O\u0160 Ivane Brli\u0107 Ma\u017eurani\u0107 Ljubu\u0161ki. <\/p>\n\n\n\n<p> &#8220;Vjerujemo da je ovo samo po\u010detak i da \u0107emo nastaviti suradnju na sli\u010dnim projektima u budu\u0107nosti.Zahvaljujemo Gradskoj upravi Ljubu\u0161ki, na \u010delu s gradona\u010delnikom Vedranom Markoti\u0107em, na podr\u0161ci ovoj inicijativi koja doprinosi tehnolo\u0161kom obrazovanju mladih u lokalnoj zajednici.&#8221; poruka je sudionika.<\/p>\n\n\n\n<figure class=\"wp-block-image size-large\"><img loading=\"lazy\" decoding=\"async\" width=\"819\" height=\"1024\" src=\"https:\/\/radioljubuski.ba\/wp-content\/uploads\/2025\/02\/FB_IMG_1739110015846-819x1024.jpg\" alt=\"\" class=\"wp-image-213737\" srcset=\"https:\/\/radioljubuski.ba\/wp-content\/uploads\/2025\/02\/FB_IMG_1739110015846-819x1024.jpg 819w, https:\/\/radioljubuski.ba\/wp-content\/uploads\/2025\/02\/FB_IMG_1739110015846-240x300.jpg 240w, https:\/\/radioljubuski.ba\/wp-content\/uploads\/2025\/02\/FB_IMG_1739110015846-768x960.jpg 768w, https:\/\/radioljubuski.ba\/wp-content\/uploads\/2025\/02\/FB_IMG_1739110015846-10x12.jpg 10w, https:\/\/radioljubuski.ba\/wp-content\/uploads\/2025\/02\/FB_IMG_1739110015846.jpg 1080w\" sizes=\"auto, (max-width: 819px) 100vw, 819px\" \/><\/figure>\n\n\n\n<p>&#8220;Posebnu zahvalnost upu\u0107ujemo i ravnateljima osnovnih \u0161kola koji su ovu inicijativu prihvatili s velikim odu\u0161evljenjem i pohvalili njezinu vrijednost za u\u010denike. Njihova podr\u0161ka klju\u010dna je za uspje\u0161nu realizaciju ovog programa! <\/p>\n\n\n\n<p>Kroz ovakve projekte \u017eelimo ne samo potaknuti interes djece za tehni\u010dka usmjerenja, ve\u0107 ih i upoznati s mogu\u0107nostima koje im jednog dana mo\u017ee ponuditi na\u0161 fakultet. Mo\u017eda \u0107e upravo netko od polaznika ove \u0161kole jednog dana biti na\u0161 student i budu\u0107i in\u017eenjer! <\/p>\n\n\n\n<p>Predano radimo na izgradnji dru\u0161tva znanja i poti\u010demo lokalne sredine na osnivanje centara za tehni\u010dku kulturu, kako bismo mladima omogu\u0107ili kvalitetno obrazovanje i razvoj vje\u0161tina potrebnih za tehnolo\u0161ku budu\u0107nost.Hvala svima koji su dio ove pri\u010de!&#8221; Fakultet strojarstva, ra\u010dunarstva i elektrotehnike Sveu\u010dili\u0161ta u Mostaru<\/p>\n\n\n\n<figure class=\"wp-block-image size-large\"><img loading=\"lazy\" decoding=\"async\" width=\"819\" height=\"1024\" src=\"https:\/\/radioljubuski.ba\/wp-content\/uploads\/2025\/02\/FB_IMG_1739110006932-1-819x1024.jpg\" alt=\"\" class=\"wp-image-213738\" srcset=\"https:\/\/radioljubuski.ba\/wp-content\/uploads\/2025\/02\/FB_IMG_1739110006932-1-819x1024.jpg 819w, https:\/\/radioljubuski.ba\/wp-content\/uploads\/2025\/02\/FB_IMG_1739110006932-1-240x300.jpg 240w, https:\/\/radioljubuski.ba\/wp-content\/uploads\/2025\/02\/FB_IMG_1739110006932-1-768x960.jpg 768w, https:\/\/radioljubuski.ba\/wp-content\/uploads\/2025\/02\/FB_IMG_1739110006932-1-10x12.jpg 10w, https:\/\/radioljubuski.ba\/wp-content\/uploads\/2025\/02\/FB_IMG_1739110006932-1.jpg 1080w\" sizes=\"auto, (max-width: 819px) 100vw, 819px\" \/><\/figure>\n\n\n\n<p>Radio Ljubu\u0161ki<\/p>\n","protected":false},"excerpt":{"rendered":"<p>Fakultet strojarstva, ra\u010dunarstva i elektrotehnike Sveu\u010dili\u0161ta u Mostaru, uz podr\u0161ku Centra za tehni\u010dku kulturu Mostar, uspje\u0161no su organizirali &#8221; \u0160kolu robotike i elektronike&#8221; u Ljubu\u0161kom! Ova inicijativa, pokrenuta od strane doc. dr. sc. Ivana Marki\u0107a, omogu\u0107ila je osnovno\u0161kolcima iz Ljubu\u0161kog da kroz prakti\u010dne radionice upoznaju svijet tehnologije, robotike i elektronike te razviju vje\u0161tine klju\u010dne za [&hellip;]<\/p>\n","protected":false},"author":2,"featured_media":213736,"comment_status":"closed","ping_status":"closed","sticky":false,"template":"","format":"standard","meta":{"h5ap_radio_sources":[],"footnotes":""},"categories":[3,28],"tags":[],"class_list":["post-213735","post","type-post","status-publish","format-standard","has-post-thumbnail","hentry","category-ljubuski","category-novosti"],"yoast_head":"<!-- This site is optimized with the Yoast SEO plugin v27.5 - https:\/\/yoast.com\/product\/yoast-seo-wordpress\/ -->\n<title>Odr\u017eana &quot;\u0160kola robotike i elektronike&quot; u Ljubu\u0161kom - RADIO LJUBU\u0160KI<\/title>\n<meta name=\"robots\" content=\"index, follow, max-snippet:-1, max-image-preview:large, max-video-preview:-1\" \/>\n<link rel=\"canonical\" href=\"https:\/\/radioljubuski.ba\/index.php\/2025\/02\/09\/odrzana-skola-robotike-i-elektronike-u-ljubuskom\/\" \/>\n<meta property=\"og:locale\" content=\"hr_HR\" \/>\n<meta property=\"og:type\" content=\"article\" \/>\n<meta property=\"og:title\" content=\"Odr\u017eana &quot;\u0160kola robotike i elektronike&quot; u Ljubu\u0161kom - RADIO LJUBU\u0160KI\" \/>\n<meta property=\"og:description\" content=\"Fakultet strojarstva, ra\u010dunarstva i elektrotehnike Sveu\u010dili\u0161ta u Mostaru, uz podr\u0161ku Centra za tehni\u010dku kulturu Mostar, uspje\u0161no su organizirali &#8221; \u0160kolu robotike i elektronike&#8221; u Ljubu\u0161kom! Ova inicijativa, pokrenuta od strane doc. dr. sc. Ivana Marki\u0107a, omogu\u0107ila je osnovno\u0161kolcima iz Ljubu\u0161kog da kroz prakti\u010dne radionice upoznaju svijet tehnologije, robotike i elektronike te razviju vje\u0161tine klju\u010dne za [&hellip;]\" \/>\n<meta property=\"og:url\" content=\"https:\/\/radioljubuski.ba\/index.php\/2025\/02\/09\/odrzana-skola-robotike-i-elektronike-u-ljubuskom\/\" \/>\n<meta property=\"og:site_name\" content=\"RADIO LJUBU\u0160KI\" \/>\n<meta property=\"article:publisher\" content=\"https:\/\/www.facebook.com\/Radiio-Ljubuski-1490835324566332\" \/>\n<meta property=\"article:published_time\" content=\"2025-02-09T14:17:37+00:00\" \/>\n<meta property=\"article:modified_time\" content=\"2025-02-09T14:19:53+00:00\" \/>\n<meta property=\"og:image\" content=\"https:\/\/radioljubuski.ba\/wp-content\/uploads\/2025\/02\/FB_IMG_1739110006932.jpg\" \/>\n\t<meta property=\"og:image:width\" content=\"1080\" \/>\n\t<meta property=\"og:image:height\" content=\"1350\" \/>\n\t<meta property=\"og:image:type\" content=\"image\/jpeg\" \/>\n<meta name=\"author\" content=\"Radio Ljubu\u0161ki\" \/>\n<meta name=\"twitter:card\" content=\"summary_large_image\" \/>\n<meta name=\"twitter:creator\" content=\"@radioljubuski\" \/>\n<meta name=\"twitter:site\" content=\"@radioljubuski\" \/>\n<meta name=\"twitter:label1\" content=\"Napisao\/la\" \/>\n\t<meta name=\"twitter:data1\" content=\"Radio Ljubu\u0161ki\" \/>\n\t<meta name=\"twitter:label2\" content=\"Procijenjeno vrijeme \u010ditanja\" \/>\n\t<meta name=\"twitter:data2\" content=\"2 minute\" \/>\n<script type=\"application\/ld+json\" class=\"yoast-schema-graph\">{\"@context\":\"https:\\\/\\\/schema.org\",\"@graph\":[{\"@type\":\"Article\",\"@id\":\"https:\\\/\\\/radioljubuski.ba\\\/index.php\\\/2025\\\/02\\\/09\\\/odrzana-skola-robotike-i-elektronike-u-ljubuskom\\\/#article\",\"isPartOf\":{\"@id\":\"https:\\\/\\\/radioljubuski.ba\\\/index.php\\\/2025\\\/02\\\/09\\\/odrzana-skola-robotike-i-elektronike-u-ljubuskom\\\/\"},\"author\":{\"name\":\"Radio Ljubu\u0161ki\",\"@id\":\"https:\\\/\\\/radioljubuski.ba\\\/#\\\/schema\\\/person\\\/19fc700381a780f69665d7956c469e3b\"},\"headline\":\"Odr\u017eana &#8220;\u0160kola robotike i elektronike&#8221; u Ljubu\u0161kom\",\"datePublished\":\"2025-02-09T14:17:37+00:00\",\"dateModified\":\"2025-02-09T14:19:53+00:00\",\"mainEntityOfPage\":{\"@id\":\"https:\\\/\\\/radioljubuski.ba\\\/index.php\\\/2025\\\/02\\\/09\\\/odrzana-skola-robotike-i-elektronike-u-ljubuskom\\\/\"},\"wordCount\":307,\"publisher\":{\"@id\":\"https:\\\/\\\/radioljubuski.ba\\\/#organization\"},\"image\":{\"@id\":\"https:\\\/\\\/radioljubuski.ba\\\/index.php\\\/2025\\\/02\\\/09\\\/odrzana-skola-robotike-i-elektronike-u-ljubuskom\\\/#primaryimage\"},\"thumbnailUrl\":\"https:\\\/\\\/radioljubuski.ba\\\/wp-content\\\/uploads\\\/2025\\\/02\\\/FB_IMG_1739110006932.jpg\",\"articleSection\":[\"Ljubu\u0161ki\",\"Novosti\"],\"inLanguage\":\"hr\"},{\"@type\":\"WebPage\",\"@id\":\"https:\\\/\\\/radioljubuski.ba\\\/index.php\\\/2025\\\/02\\\/09\\\/odrzana-skola-robotike-i-elektronike-u-ljubuskom\\\/\",\"url\":\"https:\\\/\\\/radioljubuski.ba\\\/index.php\\\/2025\\\/02\\\/09\\\/odrzana-skola-robotike-i-elektronike-u-ljubuskom\\\/\",\"name\":\"Odr\u017eana \\\"\u0160kola robotike i elektronike\\\" u Ljubu\u0161kom - RADIO LJUBU\u0160KI\",\"isPartOf\":{\"@id\":\"https:\\\/\\\/radioljubuski.ba\\\/#website\"},\"primaryImageOfPage\":{\"@id\":\"https:\\\/\\\/radioljubuski.ba\\\/index.php\\\/2025\\\/02\\\/09\\\/odrzana-skola-robotike-i-elektronike-u-ljubuskom\\\/#primaryimage\"},\"image\":{\"@id\":\"https:\\\/\\\/radioljubuski.ba\\\/index.php\\\/2025\\\/02\\\/09\\\/odrzana-skola-robotike-i-elektronike-u-ljubuskom\\\/#primaryimage\"},\"thumbnailUrl\":\"https:\\\/\\\/radioljubuski.ba\\\/wp-content\\\/uploads\\\/2025\\\/02\\\/FB_IMG_1739110006932.jpg\",\"datePublished\":\"2025-02-09T14:17:37+00:00\",\"dateModified\":\"2025-02-09T14:19:53+00:00\",\"breadcrumb\":{\"@id\":\"https:\\\/\\\/radioljubuski.ba\\\/index.php\\\/2025\\\/02\\\/09\\\/odrzana-skola-robotike-i-elektronike-u-ljubuskom\\\/#breadcrumb\"},\"inLanguage\":\"hr\",\"potentialAction\":[{\"@type\":\"ReadAction\",\"target\":[\"https:\\\/\\\/radioljubuski.ba\\\/index.php\\\/2025\\\/02\\\/09\\\/odrzana-skola-robotike-i-elektronike-u-ljubuskom\\\/\"]}]},{\"@type\":\"ImageObject\",\"inLanguage\":\"hr\",\"@id\":\"https:\\\/\\\/radioljubuski.ba\\\/index.php\\\/2025\\\/02\\\/09\\\/odrzana-skola-robotike-i-elektronike-u-ljubuskom\\\/#primaryimage\",\"url\":\"https:\\\/\\\/radioljubuski.ba\\\/wp-content\\\/uploads\\\/2025\\\/02\\\/FB_IMG_1739110006932.jpg\",\"contentUrl\":\"https:\\\/\\\/radioljubuski.ba\\\/wp-content\\\/uploads\\\/2025\\\/02\\\/FB_IMG_1739110006932.jpg\",\"width\":1080,\"height\":1350},{\"@type\":\"BreadcrumbList\",\"@id\":\"https:\\\/\\\/radioljubuski.ba\\\/index.php\\\/2025\\\/02\\\/09\\\/odrzana-skola-robotike-i-elektronike-u-ljubuskom\\\/#breadcrumb\",\"itemListElement\":[{\"@type\":\"ListItem\",\"position\":1,\"name\":\"Po\u010detna stranica\",\"item\":\"https:\\\/\\\/radioljubuski.ba\\\/\"},{\"@type\":\"ListItem\",\"position\":2,\"name\":\"Odr\u017eana &#8220;\u0160kola robotike i elektronike&#8221; u Ljubu\u0161kom\"}]},{\"@type\":\"WebSite\",\"@id\":\"https:\\\/\\\/radioljubuski.ba\\\/#website\",\"url\":\"https:\\\/\\\/radioljubuski.ba\\\/\",\"name\":\"Radio Ljubu\u0161ki\",\"description\":\"Sun\u010dana frekvencija Hercegovine\",\"publisher\":{\"@id\":\"https:\\\/\\\/radioljubuski.ba\\\/#organization\"},\"potentialAction\":[{\"@type\":\"SearchAction\",\"target\":{\"@type\":\"EntryPoint\",\"urlTemplate\":\"https:\\\/\\\/radioljubuski.ba\\\/?s={search_term_string}\"},\"query-input\":{\"@type\":\"PropertyValueSpecification\",\"valueRequired\":true,\"valueName\":\"search_term_string\"}}],\"inLanguage\":\"hr\"},{\"@type\":\"Organization\",\"@id\":\"https:\\\/\\\/radioljubuski.ba\\\/#organization\",\"name\":\"Radio Ljubu\u0161ki\",\"url\":\"https:\\\/\\\/radioljubuski.ba\\\/\",\"logo\":{\"@type\":\"ImageObject\",\"inLanguage\":\"hr\",\"@id\":\"https:\\\/\\\/radioljubuski.ba\\\/#\\\/schema\\\/logo\\\/image\\\/\",\"url\":\"https:\\\/\\\/radioljubuski.ba\\\/wp-content\\\/uploads\\\/2021\\\/02\\\/cropped-Radio_Ljubuski_logo1.jpg\",\"contentUrl\":\"https:\\\/\\\/radioljubuski.ba\\\/wp-content\\\/uploads\\\/2021\\\/02\\\/cropped-Radio_Ljubuski_logo1.jpg\",\"width\":512,\"height\":512,\"caption\":\"Radio Ljubu\u0161ki\"},\"image\":{\"@id\":\"https:\\\/\\\/radioljubuski.ba\\\/#\\\/schema\\\/logo\\\/image\\\/\"},\"sameAs\":[\"https:\\\/\\\/www.facebook.com\\\/Radiio-Ljubuski-1490835324566332\",\"https:\\\/\\\/x.com\\\/radioljubuski\",\"https:\\\/\\\/hr.linkedin.com\\\/company\\\/radio-ljubuski\",\"https:\\\/\\\/www.youtube.com\\\/channel\\\/UCHYaeO_n0Db3tjNGudGpXyw\"]},{\"@type\":\"Person\",\"@id\":\"https:\\\/\\\/radioljubuski.ba\\\/#\\\/schema\\\/person\\\/19fc700381a780f69665d7956c469e3b\",\"name\":\"Radio Ljubu\u0161ki\"}]}<\/script>\n<!-- \/ Yoast SEO plugin. -->","yoast_head_json":{"title":"Odr\u017eana \"\u0160kola robotike i elektronike\" u Ljubu\u0161kom - RADIO LJUBU\u0160KI","robots":{"index":"index","follow":"follow","max-snippet":"max-snippet:-1","max-image-preview":"max-image-preview:large","max-video-preview":"max-video-preview:-1"},"canonical":"https:\/\/radioljubuski.ba\/index.php\/2025\/02\/09\/odrzana-skola-robotike-i-elektronike-u-ljubuskom\/","og_locale":"hr_HR","og_type":"article","og_title":"Odr\u017eana \"\u0160kola robotike i elektronike\" u Ljubu\u0161kom - RADIO LJUBU\u0160KI","og_description":"Fakultet strojarstva, ra\u010dunarstva i elektrotehnike Sveu\u010dili\u0161ta u Mostaru, uz podr\u0161ku Centra za tehni\u010dku kulturu Mostar, uspje\u0161no su organizirali &#8221; \u0160kolu robotike i elektronike&#8221; u Ljubu\u0161kom! Ova inicijativa, pokrenuta od strane doc. dr. sc. Ivana Marki\u0107a, omogu\u0107ila je osnovno\u0161kolcima iz Ljubu\u0161kog da kroz prakti\u010dne radionice upoznaju svijet tehnologije, robotike i elektronike te razviju vje\u0161tine klju\u010dne za [&hellip;]","og_url":"https:\/\/radioljubuski.ba\/index.php\/2025\/02\/09\/odrzana-skola-robotike-i-elektronike-u-ljubuskom\/","og_site_name":"RADIO LJUBU\u0160KI","article_publisher":"https:\/\/www.facebook.com\/Radiio-Ljubuski-1490835324566332","article_published_time":"2025-02-09T14:17:37+00:00","article_modified_time":"2025-02-09T14:19:53+00:00","og_image":[{"width":1080,"height":1350,"url":"https:\/\/radioljubuski.ba\/wp-content\/uploads\/2025\/02\/FB_IMG_1739110006932.jpg","type":"image\/jpeg"}],"author":"Radio Ljubu\u0161ki","twitter_card":"summary_large_image","twitter_creator":"@radioljubuski","twitter_site":"@radioljubuski","twitter_misc":{"Napisao\/la":"Radio Ljubu\u0161ki","Procijenjeno vrijeme \u010ditanja":"2 minute"},"schema":{"@context":"https:\/\/schema.org","@graph":[{"@type":"Article","@id":"https:\/\/radioljubuski.ba\/index.php\/2025\/02\/09\/odrzana-skola-robotike-i-elektronike-u-ljubuskom\/#article","isPartOf":{"@id":"https:\/\/radioljubuski.ba\/index.php\/2025\/02\/09\/odrzana-skola-robotike-i-elektronike-u-ljubuskom\/"},"author":{"name":"Radio Ljubu\u0161ki","@id":"https:\/\/radioljubuski.ba\/#\/schema\/person\/19fc700381a780f69665d7956c469e3b"},"headline":"Odr\u017eana &#8220;\u0160kola robotike i elektronike&#8221; u Ljubu\u0161kom","datePublished":"2025-02-09T14:17:37+00:00","dateModified":"2025-02-09T14:19:53+00:00","mainEntityOfPage":{"@id":"https:\/\/radioljubuski.ba\/index.php\/2025\/02\/09\/odrzana-skola-robotike-i-elektronike-u-ljubuskom\/"},"wordCount":307,"publisher":{"@id":"https:\/\/radioljubuski.ba\/#organization"},"image":{"@id":"https:\/\/radioljubuski.ba\/index.php\/2025\/02\/09\/odrzana-skola-robotike-i-elektronike-u-ljubuskom\/#primaryimage"},"thumbnailUrl":"https:\/\/radioljubuski.ba\/wp-content\/uploads\/2025\/02\/FB_IMG_1739110006932.jpg","articleSection":["Ljubu\u0161ki","Novosti"],"inLanguage":"hr"},{"@type":"WebPage","@id":"https:\/\/radioljubuski.ba\/index.php\/2025\/02\/09\/odrzana-skola-robotike-i-elektronike-u-ljubuskom\/","url":"https:\/\/radioljubuski.ba\/index.php\/2025\/02\/09\/odrzana-skola-robotike-i-elektronike-u-ljubuskom\/","name":"Odr\u017eana \"\u0160kola robotike i elektronike\" u Ljubu\u0161kom - RADIO LJUBU\u0160KI","isPartOf":{"@id":"https:\/\/radioljubuski.ba\/#website"},"primaryImageOfPage":{"@id":"https:\/\/radioljubuski.ba\/index.php\/2025\/02\/09\/odrzana-skola-robotike-i-elektronike-u-ljubuskom\/#primaryimage"},"image":{"@id":"https:\/\/radioljubuski.ba\/index.php\/2025\/02\/09\/odrzana-skola-robotike-i-elektronike-u-ljubuskom\/#primaryimage"},"thumbnailUrl":"https:\/\/radioljubuski.ba\/wp-content\/uploads\/2025\/02\/FB_IMG_1739110006932.jpg","datePublished":"2025-02-09T14:17:37+00:00","dateModified":"2025-02-09T14:19:53+00:00","breadcrumb":{"@id":"https:\/\/radioljubuski.ba\/index.php\/2025\/02\/09\/odrzana-skola-robotike-i-elektronike-u-ljubuskom\/#breadcrumb"},"inLanguage":"hr","potentialAction":[{"@type":"ReadAction","target":["https:\/\/radioljubuski.ba\/index.php\/2025\/02\/09\/odrzana-skola-robotike-i-elektronike-u-ljubuskom\/"]}]},{"@type":"ImageObject","inLanguage":"hr","@id":"https:\/\/radioljubuski.ba\/index.php\/2025\/02\/09\/odrzana-skola-robotike-i-elektronike-u-ljubuskom\/#primaryimage","url":"https:\/\/radioljubuski.ba\/wp-content\/uploads\/2025\/02\/FB_IMG_1739110006932.jpg","contentUrl":"https:\/\/radioljubuski.ba\/wp-content\/uploads\/2025\/02\/FB_IMG_1739110006932.jpg","width":1080,"height":1350},{"@type":"BreadcrumbList","@id":"https:\/\/radioljubuski.ba\/index.php\/2025\/02\/09\/odrzana-skola-robotike-i-elektronike-u-ljubuskom\/#breadcrumb","itemListElement":[{"@type":"ListItem","position":1,"name":"Po\u010detna stranica","item":"https:\/\/radioljubuski.ba\/"},{"@type":"ListItem","position":2,"name":"Odr\u017eana &#8220;\u0160kola robotike i elektronike&#8221; u Ljubu\u0161kom"}]},{"@type":"WebSite","@id":"https:\/\/radioljubuski.ba\/#website","url":"https:\/\/radioljubuski.ba\/","name":"Radio Ljubu\u0161ki","description":"Sun\u010dana frekvencija Hercegovine","publisher":{"@id":"https:\/\/radioljubuski.ba\/#organization"},"potentialAction":[{"@type":"SearchAction","target":{"@type":"EntryPoint","urlTemplate":"https:\/\/radioljubuski.ba\/?s={search_term_string}"},"query-input":{"@type":"PropertyValueSpecification","valueRequired":true,"valueName":"search_term_string"}}],"inLanguage":"hr"},{"@type":"Organization","@id":"https:\/\/radioljubuski.ba\/#organization","name":"Radio Ljubu\u0161ki","url":"https:\/\/radioljubuski.ba\/","logo":{"@type":"ImageObject","inLanguage":"hr","@id":"https:\/\/radioljubuski.ba\/#\/schema\/logo\/image\/","url":"https:\/\/radioljubuski.ba\/wp-content\/uploads\/2021\/02\/cropped-Radio_Ljubuski_logo1.jpg","contentUrl":"https:\/\/radioljubuski.ba\/wp-content\/uploads\/2021\/02\/cropped-Radio_Ljubuski_logo1.jpg","width":512,"height":512,"caption":"Radio Ljubu\u0161ki"},"image":{"@id":"https:\/\/radioljubuski.ba\/#\/schema\/logo\/image\/"},"sameAs":["https:\/\/www.facebook.com\/Radiio-Ljubuski-1490835324566332","https:\/\/x.com\/radioljubuski","https:\/\/hr.linkedin.com\/company\/radio-ljubuski","https:\/\/www.youtube.com\/channel\/UCHYaeO_n0Db3tjNGudGpXyw"]},{"@type":"Person","@id":"https:\/\/radioljubuski.ba\/#\/schema\/person\/19fc700381a780f69665d7956c469e3b","name":"Radio Ljubu\u0161ki"}]}},"_links":{"self":[{"href":"https:\/\/radioljubuski.ba\/index.php\/wp-json\/wp\/v2\/posts\/213735","targetHints":{"allow":["GET"]}}],"collection":[{"href":"https:\/\/radioljubuski.ba\/index.php\/wp-json\/wp\/v2\/posts"}],"about":[{"href":"https:\/\/radioljubuski.ba\/index.php\/wp-json\/wp\/v2\/types\/post"}],"author":[{"embeddable":true,"href":"https:\/\/radioljubuski.ba\/index.php\/wp-json\/wp\/v2\/users\/2"}],"replies":[{"embeddable":true,"href":"https:\/\/radioljubuski.ba\/index.php\/wp-json\/wp\/v2\/comments?post=213735"}],"version-history":[{"count":2,"href":"https:\/\/radioljubuski.ba\/index.php\/wp-json\/wp\/v2\/posts\/213735\/revisions"}],"predecessor-version":[{"id":213741,"href":"https:\/\/radioljubuski.ba\/index.php\/wp-json\/wp\/v2\/posts\/213735\/revisions\/213741"}],"wp:featuredmedia":[{"embeddable":true,"href":"https:\/\/radioljubuski.ba\/index.php\/wp-json\/wp\/v2\/media\/213736"}],"wp:attachment":[{"href":"https:\/\/radioljubuski.ba\/index.php\/wp-json\/wp\/v2\/media?parent=213735"}],"wp:term":[{"taxonomy":"category","embeddable":true,"href":"https:\/\/radioljubuski.ba\/index.php\/wp-json\/wp\/v2\/categories?post=213735"},{"taxonomy":"post_tag","embeddable":true,"href":"https:\/\/radioljubuski.ba\/index.php\/wp-json\/wp\/v2\/tags?post=213735"}],"curies":[{"name":"wp","href":"https:\/\/api.w.org\/{rel}","templated":true}]}}