{"id":213762,"date":"2025-02-10T12:11:28","date_gmt":"2025-02-10T11:11:28","guid":{"rendered":"https:\/\/radioljubuski.ba\/?p=213762"},"modified":"2025-02-11T08:21:28","modified_gmt":"2025-02-11T07:21:28","slug":"broncana-medalja-za-cheerleadersice-ljubuskog-odlicni-rezultati-karatista-u-ivanic-gradu-pobjeda-kosarkasa-u-mostaru","status":"publish","type":"post","link":"https:\/\/radioljubuski.ba\/index.php\/2025\/02\/10\/broncana-medalja-za-cheerleadersice-ljubuskog-odlicni-rezultati-karatista-u-ivanic-gradu-pobjeda-kosarkasa-u-mostaru\/","title":{"rendered":"Bron\u010dana medalja za cheerleadersice Ljubu\u0161kog, odli\u010dni rezultati karatista u Ivani\u0107 Gradu, pobjeda ko\u0161arka\u0161a u Mostaru"},"content":{"rendered":"\n<p><strong>RUKOMET<\/strong><\/p>\n\n\n\n<p>Rukometa\u0161i Izvi\u0111a\u010d Agrama uspje\u0161no u\u0161li u proljetni dio natjecanja Premijer ligi BiH. U Gradskoj sportskoj dvorani u Ljubu\u0161kom svladali su Maglaj 38:26.<\/p>\n\n\n\n<p>Ako se po jutru dan poznaje, utakmica protiv mom\u010dadi Maglaja je pokazala da \u201cSkauti\u201d spremno ulaze u drugi dio sezone. Dobar je to znak uo\u010di dvije europske utakmice 1\/8 finala EHF Europena Cup-a protiv ciparske mom\u010dadi Sabbianco Anorthosis Famagusta.<\/p>\n\n\n\n<p>Vi\u0161e o utakmici Izvi\u0111a\u010d \u2013 Maglaj pogledajte na linku:<\/p>\n\n\n\n<blockquote class=\"wp-embedded-content\" data-secret=\"7kI0tBZ5ky\"><a href=\"https:\/\/radioljubuski.ba\/index.php\/2025\/02\/09\/skauti-uvjerljivi-u-utakmici-s-maglajem-za-dobru-najavu-europskih-utakmica\/\">\u201cSkauti\u201d uvjerljivi u utakmici s Maglajem za dobru najavu europskih utakmica<\/a><\/blockquote><iframe loading=\"lazy\" class=\"wp-embedded-content\" sandbox=\"allow-scripts\" security=\"restricted\" style=\"position: absolute; visibility: hidden;\" title=\"&#8220;\u201cSkauti\u201d uvjerljivi u utakmici s Maglajem za dobru najavu europskih utakmica&#8221; &#8212;   RADIO LJUBU\u0160KI\" src=\"https:\/\/radioljubuski.ba\/index.php\/2025\/02\/09\/skauti-uvjerljivi-u-utakmici-s-maglajem-za-dobru-najavu-europskih-utakmica\/embed\/#?secret=ZuqeiDo7vb#?secret=7kI0tBZ5ky\" data-secret=\"7kI0tBZ5ky\" width=\"600\" height=\"338\" frameborder=\"0\" marginwidth=\"0\" marginheight=\"0\" scrolling=\"no\"><\/iframe>\n\n\n\n<p><strong>CHEERLEADING<\/strong><\/p>\n\n\n\n<p>Bron\u010dana medalja za cheerleadersice Ljubu\u0161kog na me\u0111unarodnom turniru<\/p>\n\n\n\n<p>Sportski cheerleading klub Ljubu\u0161ki osvojio je bron\u010danu medalju u group stunt disciplini u pred juniorskom uzrastu na me\u0111unarodnom Cheerleading turniru u Zagrebu. Za Ljubu\u0161ki igrale su Lana Bari\u0161i\u0107, Sara Tomi\u0107, Nikolina \u0160ari\u0107, Stela Ani\u0107 i Lorena Bebek.<\/p>\n\n\n\n<p>Na samom turniru sudjelovale su ekipe iz Ma\u0111arske, Hrvatske, Slovenije, Srbije i Bosne i Hercegovine. A turnir su sudili suci iz Amerike, Hrvatske, Slovenije i Ma\u0111arske.<\/p>\n\n\n\n<p>Samo prvenstvo se prenosilo u\u017eivo preko interneta.<\/p>\n\n\n\n<p>Link video<\/p>\n\n\n\n<p>priloga:&nbsp;<a href=\"https:\/\/www.tiktok.com\/@sckljubuski\/video\/7469446546501668151?is_from_webapp=1&amp;sender_device=pc&amp;web_id=7404036630698296837\" target=\"_blank\" rel=\"noreferrer noopener\">https:\/\/www.tiktok.com\/@sckljubuski\/video\/7469446546501668151?is_from_webapp=1&amp;sender_device=pc&amp;web_id=7404036630698296837<\/a><\/p>\n\n\n\n<p>\u201ePrezadovoljni smo nastupom na\u0161ih sporta\u0161ica, ovo je odli\u010dna uvertira za dr\u017eavno prvenstvo koje nas o\u010dekuje u o\u017eujku. Radujemo se nastavku priprema za isto, a ova medalja \u0107e biti dodatni poticaj zasigurno\u201c, objavili su iz SCK Ljubu\u0161ki<\/p>\n\n\n\n<figure class=\"wp-block-image size-large\"><img loading=\"lazy\" decoding=\"async\" width=\"768\" height=\"1024\" src=\"https:\/\/radioljubuski.ba\/wp-content\/uploads\/2025\/02\/20250208_143810-768x1024.jpg\" alt=\"\" class=\"wp-image-213770\" srcset=\"https:\/\/radioljubuski.ba\/wp-content\/uploads\/2025\/02\/20250208_143810-768x1024.jpg 768w, https:\/\/radioljubuski.ba\/wp-content\/uploads\/2025\/02\/20250208_143810-225x300.jpg 225w, https:\/\/radioljubuski.ba\/wp-content\/uploads\/2025\/02\/20250208_143810-1152x1536.jpg 1152w, https:\/\/radioljubuski.ba\/wp-content\/uploads\/2025\/02\/20250208_143810-1536x2048.jpg 1536w, https:\/\/radioljubuski.ba\/wp-content\/uploads\/2025\/02\/20250208_143810-9x12.jpg 9w, https:\/\/radioljubuski.ba\/wp-content\/uploads\/2025\/02\/20250208_143810-scaled.jpg 1920w\" sizes=\"auto, (max-width: 768px) 100vw, 768px\" \/><\/figure>\n\n\n\n<figure class=\"wp-block-image size-large\"><img loading=\"lazy\" decoding=\"async\" width=\"1024\" height=\"768\" src=\"https:\/\/radioljubuski.ba\/wp-content\/uploads\/2025\/02\/20250208_185456-1024x768.jpg\" alt=\"\" class=\"wp-image-213771\" srcset=\"https:\/\/radioljubuski.ba\/wp-content\/uploads\/2025\/02\/20250208_185456-1024x768.jpg 1024w, https:\/\/radioljubuski.ba\/wp-content\/uploads\/2025\/02\/20250208_185456-300x225.jpg 300w, https:\/\/radioljubuski.ba\/wp-content\/uploads\/2025\/02\/20250208_185456-768x576.jpg 768w, https:\/\/radioljubuski.ba\/wp-content\/uploads\/2025\/02\/20250208_185456-1536x1152.jpg 1536w, https:\/\/radioljubuski.ba\/wp-content\/uploads\/2025\/02\/20250208_185456-2048x1536.jpg 2048w, https:\/\/radioljubuski.ba\/wp-content\/uploads\/2025\/02\/20250208_185456-16x12.jpg 16w\" sizes=\"auto, (max-width: 1024px) 100vw, 1024px\" \/><\/figure>\n\n\n\n<p><strong>KARATE<\/strong><\/p>\n\n\n\n<p>U subotu 8. velja\u010de 2025. u Ivani\u0107 Gradu je odr\u017ean 35. me\u0111unarodni turnir Kup Mladosti, koji organizira karate klub Mladost Ivani\u0107 Grad&nbsp; i Hrvatski karate savez.<\/p>\n\n\n\n<p>Na natjecanju je nastupilo 400 natjecatelja&nbsp; iz 39 klubova.<\/p>\n\n\n\n<p>Karate klub Ljubu\u0161ki nastupio je s 3 natjecatelja u kategorijama borbe.<\/p>\n\n\n\n<p>Mladi ljubu\u0161ki karatisti su ostvarili sljede\u0107i rezultat:<\/p>\n\n\n\n<p>&#8211; Luka Ani\u0107 1. mjesto<\/p>\n\n\n\n<p>&#8211; Josip Hrka\u0107 2. mjesto<\/p>\n\n\n\n<p>&#8211; Mihael Ani\u0107 2. mjesto<\/p>\n\n\n\n<p>Idu\u0107i nastup Karate klub Ljubu\u0161ki imati \u0107e 22.velja\u010de. u sklopu 2. kola&nbsp; karate lige.<\/p>\n\n\n\n<figure class=\"wp-block-image size-large\"><img loading=\"lazy\" decoding=\"async\" width=\"1024\" height=\"478\" src=\"https:\/\/radioljubuski.ba\/wp-content\/uploads\/2025\/02\/20250208_150322-1024x478.jpg\" alt=\"\" class=\"wp-image-213767\" srcset=\"https:\/\/radioljubuski.ba\/wp-content\/uploads\/2025\/02\/20250208_150322-1024x478.jpg 1024w, https:\/\/radioljubuski.ba\/wp-content\/uploads\/2025\/02\/20250208_150322-300x140.jpg 300w, https:\/\/radioljubuski.ba\/wp-content\/uploads\/2025\/02\/20250208_150322-768x359.jpg 768w, https:\/\/radioljubuski.ba\/wp-content\/uploads\/2025\/02\/20250208_150322-1536x717.jpg 1536w, https:\/\/radioljubuski.ba\/wp-content\/uploads\/2025\/02\/20250208_150322-2048x956.jpg 2048w, https:\/\/radioljubuski.ba\/wp-content\/uploads\/2025\/02\/20250208_150322-18x8.jpg 18w\" sizes=\"auto, (max-width: 1024px) 100vw, 1024px\" \/><\/figure>\n\n\n\n<figure class=\"wp-block-image size-large\"><img loading=\"lazy\" decoding=\"async\" width=\"1024\" height=\"478\" src=\"https:\/\/radioljubuski.ba\/wp-content\/uploads\/2025\/02\/20250208_150353-1024x478.jpg\" alt=\"\" class=\"wp-image-213768\" srcset=\"https:\/\/radioljubuski.ba\/wp-content\/uploads\/2025\/02\/20250208_150353-1024x478.jpg 1024w, https:\/\/radioljubuski.ba\/wp-content\/uploads\/2025\/02\/20250208_150353-300x140.jpg 300w, https:\/\/radioljubuski.ba\/wp-content\/uploads\/2025\/02\/20250208_150353-768x359.jpg 768w, https:\/\/radioljubuski.ba\/wp-content\/uploads\/2025\/02\/20250208_150353-1536x717.jpg 1536w, https:\/\/radioljubuski.ba\/wp-content\/uploads\/2025\/02\/20250208_150353-2048x956.jpg 2048w, https:\/\/radioljubuski.ba\/wp-content\/uploads\/2025\/02\/20250208_150353-18x8.jpg 18w\" sizes=\"auto, (max-width: 1024px) 100vw, 1024px\" \/><\/figure>\n\n\n\n<figure class=\"wp-block-image size-large\"><img loading=\"lazy\" decoding=\"async\" width=\"1024\" height=\"478\" src=\"https:\/\/radioljubuski.ba\/wp-content\/uploads\/2025\/02\/20250208_142854-1024x478.jpg\" alt=\"\" class=\"wp-image-213769\" srcset=\"https:\/\/radioljubuski.ba\/wp-content\/uploads\/2025\/02\/20250208_142854-1024x478.jpg 1024w, https:\/\/radioljubuski.ba\/wp-content\/uploads\/2025\/02\/20250208_142854-300x140.jpg 300w, https:\/\/radioljubuski.ba\/wp-content\/uploads\/2025\/02\/20250208_142854-768x359.jpg 768w, https:\/\/radioljubuski.ba\/wp-content\/uploads\/2025\/02\/20250208_142854-1536x717.jpg 1536w, https:\/\/radioljubuski.ba\/wp-content\/uploads\/2025\/02\/20250208_142854-2048x956.jpg 2048w, https:\/\/radioljubuski.ba\/wp-content\/uploads\/2025\/02\/20250208_142854-18x8.jpg 18w\" sizes=\"auto, (max-width: 1024px) 100vw, 1024px\" \/><\/figure>\n\n\n\n<p><strong>ODBOJKA<\/strong><\/p>\n\n\n\n<p>Odbojka\u0161ice ljubu\u0161kog Libera su proteklog vikenda u 9. kolu Lige Hercegovine gostovale u Livnu kod Triglava.<\/p>\n\n\n\n<p>U kategoriji djevoj\u010dica Troglav je slavio s 2:0, po setovima 25:12 i 25:10.<\/p>\n\n\n\n<p>U kategoriji mla\u0111e kadetkinje ljubu\u0161anke su pru\u017eile ne\u0161to bolji otpor, ali je na kraju ipak zavr\u0161ilo 2:0 za cure iz Livna, po setovima 25:19 i 25:18.<\/p>\n\n\n\n<p>U kategoriji kadetkinja tako\u0111er uvjerljiva pobjeda Livanjki od 2:0, po setovima 25:15 i 25:13.<\/p>\n\n\n\n<p>Podsje\u0107amo, vikend ranije, u 8. kolu, Liberice su ugostile HOK \u0160iroki.<\/p>\n\n\n\n<p>U uzrastu kadetkinja cure iz \u0160irokog slavile su rezultatom 2:0, po setovima 25:14 i 25:12.<\/p>\n\n\n\n<p>U uzrastu mla\u0111e kadetkinje, cure ro\u0111ene 2010.\/11., Liberice su slavile s 2:0, po setovima 25:15 i 25:21 te tako odli\u010dno zapo\u010dele drugi dio sezone.<\/p>\n\n\n\n<p>U tre\u0107oj utakmici, utakmici najmla\u0111ih odbojka\u0161ica, slavile su djevoj\u010dice iz \u0160irokog s 2:0, po setovima 25:15 i 25:22. Treba napomenuti da je kod djevoj\u010dica Libera, zbog viroze i gripe, nedostajalo nekoliko igra\u010dica.<\/p>\n\n\n\n<p>Idu\u0107i vikend odbojka\u0161ice Libera gostuju u Konjicu.<\/p>\n\n\n\n<figure class=\"wp-block-image size-large\"><img loading=\"lazy\" decoding=\"async\" width=\"1024\" height=\"1024\" src=\"https:\/\/radioljubuski.ba\/wp-content\/uploads\/2025\/02\/476375512_18298567828210707_5691032118003171000_n-1024x1024.jpg\" alt=\"\" class=\"wp-image-213764\" srcset=\"https:\/\/radioljubuski.ba\/wp-content\/uploads\/2025\/02\/476375512_18298567828210707_5691032118003171000_n-1024x1024.jpg 1024w, https:\/\/radioljubuski.ba\/wp-content\/uploads\/2025\/02\/476375512_18298567828210707_5691032118003171000_n-300x300.jpg 300w, https:\/\/radioljubuski.ba\/wp-content\/uploads\/2025\/02\/476375512_18298567828210707_5691032118003171000_n-150x150.jpg 150w, https:\/\/radioljubuski.ba\/wp-content\/uploads\/2025\/02\/476375512_18298567828210707_5691032118003171000_n-768x768.jpg 768w, https:\/\/radioljubuski.ba\/wp-content\/uploads\/2025\/02\/476375512_18298567828210707_5691032118003171000_n-12x12.jpg 12w, https:\/\/radioljubuski.ba\/wp-content\/uploads\/2025\/02\/476375512_18298567828210707_5691032118003171000_n-64x64.jpg 64w, https:\/\/radioljubuski.ba\/wp-content\/uploads\/2025\/02\/476375512_18298567828210707_5691032118003171000_n-560x560.jpg 560w, https:\/\/radioljubuski.ba\/wp-content\/uploads\/2025\/02\/476375512_18298567828210707_5691032118003171000_n.jpg 1440w\" sizes=\"auto, (max-width: 1024px) 100vw, 1024px\" \/><\/figure>\n\n\n\n<figure class=\"wp-block-image size-large\"><img loading=\"lazy\" decoding=\"async\" width=\"1024\" height=\"1024\" src=\"https:\/\/radioljubuski.ba\/wp-content\/uploads\/2025\/02\/476403954_18298567837210707_7818649620611133576_n-1024x1024.jpg\" alt=\"\" class=\"wp-image-213765\" srcset=\"https:\/\/radioljubuski.ba\/wp-content\/uploads\/2025\/02\/476403954_18298567837210707_7818649620611133576_n-1024x1024.jpg 1024w, https:\/\/radioljubuski.ba\/wp-content\/uploads\/2025\/02\/476403954_18298567837210707_7818649620611133576_n-300x300.jpg 300w, https:\/\/radioljubuski.ba\/wp-content\/uploads\/2025\/02\/476403954_18298567837210707_7818649620611133576_n-150x150.jpg 150w, https:\/\/radioljubuski.ba\/wp-content\/uploads\/2025\/02\/476403954_18298567837210707_7818649620611133576_n-768x768.jpg 768w, https:\/\/radioljubuski.ba\/wp-content\/uploads\/2025\/02\/476403954_18298567837210707_7818649620611133576_n-12x12.jpg 12w, https:\/\/radioljubuski.ba\/wp-content\/uploads\/2025\/02\/476403954_18298567837210707_7818649620611133576_n-64x64.jpg 64w, https:\/\/radioljubuski.ba\/wp-content\/uploads\/2025\/02\/476403954_18298567837210707_7818649620611133576_n-560x560.jpg 560w, https:\/\/radioljubuski.ba\/wp-content\/uploads\/2025\/02\/476403954_18298567837210707_7818649620611133576_n.jpg 1440w\" sizes=\"auto, (max-width: 1024px) 100vw, 1024px\" \/><\/figure>\n\n\n\n<figure class=\"wp-block-image size-large\"><img loading=\"lazy\" decoding=\"async\" width=\"1024\" height=\"1024\" src=\"https:\/\/radioljubuski.ba\/wp-content\/uploads\/2025\/02\/476616845_18298567846210707_3365468338724987750_n-1024x1024.jpg\" alt=\"\" class=\"wp-image-213766\" srcset=\"https:\/\/radioljubuski.ba\/wp-content\/uploads\/2025\/02\/476616845_18298567846210707_3365468338724987750_n-1024x1024.jpg 1024w, https:\/\/radioljubuski.ba\/wp-content\/uploads\/2025\/02\/476616845_18298567846210707_3365468338724987750_n-300x300.jpg 300w, https:\/\/radioljubuski.ba\/wp-content\/uploads\/2025\/02\/476616845_18298567846210707_3365468338724987750_n-150x150.jpg 150w, https:\/\/radioljubuski.ba\/wp-content\/uploads\/2025\/02\/476616845_18298567846210707_3365468338724987750_n-768x768.jpg 768w, https:\/\/radioljubuski.ba\/wp-content\/uploads\/2025\/02\/476616845_18298567846210707_3365468338724987750_n-12x12.jpg 12w, https:\/\/radioljubuski.ba\/wp-content\/uploads\/2025\/02\/476616845_18298567846210707_3365468338724987750_n-64x64.jpg 64w, https:\/\/radioljubuski.ba\/wp-content\/uploads\/2025\/02\/476616845_18298567846210707_3365468338724987750_n-560x560.jpg 560w, https:\/\/radioljubuski.ba\/wp-content\/uploads\/2025\/02\/476616845_18298567846210707_3365468338724987750_n.jpg 1440w\" sizes=\"auto, (max-width: 1024px) 100vw, 1024px\" \/><\/figure>\n\n\n\n<p><strong>KO\u0160ARKA<\/strong><\/p>\n\n\n\n<p>U 8. kolu Lige Hercegovine ko\u0161arka\u0161i Ljubu\u0161kog su u Mostaru svladali doma\u0107i Mostar Junior s uvjerljivih 110:70.<\/p>\n\n\n\n<p>Najefikasniji u redovima Ljubu\u0161aka je bio David Bevanda s 35 postignutih ko\u0161eva, Dragan D\u017eaji\u0107 upisao je 29 poena, Stipe Dugand\u017ei\u0107 i Matej Jeli\u0107 po 10, Marko Bo\u0161njak i ante Ke\u017ei\u0107 po 8, Antonio Pehar 5, Mihael Ragu\u017e 3 i Nikola Tadi\u0107 2 poena.<\/p>\n\n\n\n<p>Ljubu\u0161ki nakon \u0161est odigranih utakmica ima tri pobjede i tri poraza uz dvije zaostale utakmice.<\/p>\n\n\n\n<figure class=\"wp-block-image size-large\"><img loading=\"lazy\" decoding=\"async\" width=\"1024\" height=\"1024\" src=\"https:\/\/radioljubuski.ba\/wp-content\/uploads\/2025\/02\/476807594_17998750625748994_7011059047771420947_n-1024x1024.jpg\" alt=\"\" class=\"wp-image-213763\" srcset=\"https:\/\/radioljubuski.ba\/wp-content\/uploads\/2025\/02\/476807594_17998750625748994_7011059047771420947_n-1024x1024.jpg 1024w, https:\/\/radioljubuski.ba\/wp-content\/uploads\/2025\/02\/476807594_17998750625748994_7011059047771420947_n-300x300.jpg 300w, https:\/\/radioljubuski.ba\/wp-content\/uploads\/2025\/02\/476807594_17998750625748994_7011059047771420947_n-150x150.jpg 150w, https:\/\/radioljubuski.ba\/wp-content\/uploads\/2025\/02\/476807594_17998750625748994_7011059047771420947_n-768x768.jpg 768w, https:\/\/radioljubuski.ba\/wp-content\/uploads\/2025\/02\/476807594_17998750625748994_7011059047771420947_n-12x12.jpg 12w, https:\/\/radioljubuski.ba\/wp-content\/uploads\/2025\/02\/476807594_17998750625748994_7011059047771420947_n-64x64.jpg 64w, https:\/\/radioljubuski.ba\/wp-content\/uploads\/2025\/02\/476807594_17998750625748994_7011059047771420947_n-560x560.jpg 560w, https:\/\/radioljubuski.ba\/wp-content\/uploads\/2025\/02\/476807594_17998750625748994_7011059047771420947_n.jpg 1080w\" sizes=\"auto, (max-width: 1024px) 100vw, 1024px\" \/><\/figure>\n\n\n\n<p>Radio Ljubu\u0161ki<\/p>\n","protected":false},"excerpt":{"rendered":"<p>RUKOMET Rukometa\u0161i Izvi\u0111a\u010d Agrama uspje\u0161no u\u0161li u proljetni dio natjecanja Premijer ligi BiH. U Gradskoj sportskoj dvorani u Ljubu\u0161kom svladali su Maglaj 38:26. Ako se po jutru dan poznaje, utakmica protiv mom\u010dadi Maglaja je pokazala da \u201cSkauti\u201d spremno ulaze u drugi dio sezone. Dobar je to znak uo\u010di dvije europske utakmice 1\/8 finala EHF Europena [&hellip;]<\/p>\n","protected":false},"author":2,"featured_media":213772,"comment_status":"closed","ping_status":"closed","sticky":false,"template":"","format":"standard","meta":{"h5ap_radio_sources":[],"footnotes":""},"categories":[3,7],"tags":[],"class_list":["post-213762","post","type-post","status-publish","format-standard","has-post-thumbnail","hentry","category-ljubuski","category-sport"],"yoast_head":"<!-- This site is optimized with the Yoast SEO plugin v27.5 - https:\/\/yoast.com\/product\/yoast-seo-wordpress\/ -->\n<title>Bron\u010dana medalja za cheerleadersice Ljubu\u0161kog, odli\u010dni rezultati karatista u Ivani\u0107 Gradu, pobjeda ko\u0161arka\u0161a u Mostaru - RADIO LJUBU\u0160KI<\/title>\n<meta name=\"robots\" content=\"index, follow, max-snippet:-1, max-image-preview:large, max-video-preview:-1\" \/>\n<link rel=\"canonical\" href=\"https:\/\/radioljubuski.ba\/index.php\/2025\/02\/10\/broncana-medalja-za-cheerleadersice-ljubuskog-odlicni-rezultati-karatista-u-ivanic-gradu-pobjeda-kosarkasa-u-mostaru\/\" \/>\n<meta property=\"og:locale\" content=\"hr_HR\" \/>\n<meta property=\"og:type\" content=\"article\" \/>\n<meta property=\"og:title\" content=\"Bron\u010dana medalja za cheerleadersice Ljubu\u0161kog, odli\u010dni rezultati karatista u Ivani\u0107 Gradu, pobjeda ko\u0161arka\u0161a u Mostaru - RADIO LJUBU\u0160KI\" \/>\n<meta property=\"og:description\" content=\"RUKOMET Rukometa\u0161i Izvi\u0111a\u010d Agrama uspje\u0161no u\u0161li u proljetni dio natjecanja Premijer ligi BiH. U Gradskoj sportskoj dvorani u Ljubu\u0161kom svladali su Maglaj 38:26. Ako se po jutru dan poznaje, utakmica protiv mom\u010dadi Maglaja je pokazala da \u201cSkauti\u201d spremno ulaze u drugi dio sezone. Dobar je to znak uo\u010di dvije europske utakmice 1\/8 finala EHF Europena [&hellip;]\" \/>\n<meta property=\"og:url\" content=\"https:\/\/radioljubuski.ba\/index.php\/2025\/02\/10\/broncana-medalja-za-cheerleadersice-ljubuskog-odlicni-rezultati-karatista-u-ivanic-gradu-pobjeda-kosarkasa-u-mostaru\/\" \/>\n<meta property=\"og:site_name\" content=\"RADIO LJUBU\u0160KI\" \/>\n<meta property=\"article:publisher\" content=\"https:\/\/www.facebook.com\/Radiio-Ljubuski-1490835324566332\" \/>\n<meta property=\"article:published_time\" content=\"2025-02-10T11:11:28+00:00\" \/>\n<meta property=\"article:modified_time\" content=\"2025-02-11T07:21:28+00:00\" \/>\n<meta property=\"og:image\" content=\"https:\/\/radioljubuski.ba\/wp-content\/uploads\/2025\/02\/chirliding-ljubuski.png\" \/>\n\t<meta property=\"og:image:width\" content=\"475\" \/>\n\t<meta property=\"og:image:height\" content=\"473\" \/>\n\t<meta property=\"og:image:type\" content=\"image\/png\" \/>\n<meta name=\"author\" content=\"Radio Ljubu\u0161ki\" \/>\n<meta name=\"twitter:card\" content=\"summary_large_image\" \/>\n<meta name=\"twitter:creator\" content=\"@radioljubuski\" \/>\n<meta name=\"twitter:site\" content=\"@radioljubuski\" \/>\n<meta name=\"twitter:label1\" content=\"Napisao\/la\" \/>\n\t<meta name=\"twitter:data1\" content=\"Radio Ljubu\u0161ki\" \/>\n\t<meta name=\"twitter:label2\" content=\"Procijenjeno vrijeme \u010ditanja\" \/>\n\t<meta name=\"twitter:data2\" content=\"5 minuta\" \/>\n<script type=\"application\/ld+json\" class=\"yoast-schema-graph\">{\"@context\":\"https:\\\/\\\/schema.org\",\"@graph\":[{\"@type\":\"Article\",\"@id\":\"https:\\\/\\\/radioljubuski.ba\\\/index.php\\\/2025\\\/02\\\/10\\\/broncana-medalja-za-cheerleadersice-ljubuskog-odlicni-rezultati-karatista-u-ivanic-gradu-pobjeda-kosarkasa-u-mostaru\\\/#article\",\"isPartOf\":{\"@id\":\"https:\\\/\\\/radioljubuski.ba\\\/index.php\\\/2025\\\/02\\\/10\\\/broncana-medalja-za-cheerleadersice-ljubuskog-odlicni-rezultati-karatista-u-ivanic-gradu-pobjeda-kosarkasa-u-mostaru\\\/\"},\"author\":{\"name\":\"Radio Ljubu\u0161ki\",\"@id\":\"https:\\\/\\\/radioljubuski.ba\\\/#\\\/schema\\\/person\\\/19fc700381a780f69665d7956c469e3b\"},\"headline\":\"Bron\u010dana medalja za cheerleadersice Ljubu\u0161kog, odli\u010dni rezultati karatista u Ivani\u0107 Gradu, pobjeda ko\u0161arka\u0161a u Mostaru\",\"datePublished\":\"2025-02-10T11:11:28+00:00\",\"dateModified\":\"2025-02-11T07:21:28+00:00\",\"mainEntityOfPage\":{\"@id\":\"https:\\\/\\\/radioljubuski.ba\\\/index.php\\\/2025\\\/02\\\/10\\\/broncana-medalja-za-cheerleadersice-ljubuskog-odlicni-rezultati-karatista-u-ivanic-gradu-pobjeda-kosarkasa-u-mostaru\\\/\"},\"wordCount\":584,\"publisher\":{\"@id\":\"https:\\\/\\\/radioljubuski.ba\\\/#organization\"},\"image\":{\"@id\":\"https:\\\/\\\/radioljubuski.ba\\\/index.php\\\/2025\\\/02\\\/10\\\/broncana-medalja-za-cheerleadersice-ljubuskog-odlicni-rezultati-karatista-u-ivanic-gradu-pobjeda-kosarkasa-u-mostaru\\\/#primaryimage\"},\"thumbnailUrl\":\"https:\\\/\\\/radioljubuski.ba\\\/wp-content\\\/uploads\\\/2025\\\/02\\\/chirliding-ljubuski.png\",\"articleSection\":[\"Ljubu\u0161ki\",\"\u0160port\"],\"inLanguage\":\"hr\"},{\"@type\":\"WebPage\",\"@id\":\"https:\\\/\\\/radioljubuski.ba\\\/index.php\\\/2025\\\/02\\\/10\\\/broncana-medalja-za-cheerleadersice-ljubuskog-odlicni-rezultati-karatista-u-ivanic-gradu-pobjeda-kosarkasa-u-mostaru\\\/\",\"url\":\"https:\\\/\\\/radioljubuski.ba\\\/index.php\\\/2025\\\/02\\\/10\\\/broncana-medalja-za-cheerleadersice-ljubuskog-odlicni-rezultati-karatista-u-ivanic-gradu-pobjeda-kosarkasa-u-mostaru\\\/\",\"name\":\"Bron\u010dana medalja za cheerleadersice Ljubu\u0161kog, odli\u010dni rezultati karatista u Ivani\u0107 Gradu, pobjeda ko\u0161arka\u0161a u Mostaru - RADIO LJUBU\u0160KI\",\"isPartOf\":{\"@id\":\"https:\\\/\\\/radioljubuski.ba\\\/#website\"},\"primaryImageOfPage\":{\"@id\":\"https:\\\/\\\/radioljubuski.ba\\\/index.php\\\/2025\\\/02\\\/10\\\/broncana-medalja-za-cheerleadersice-ljubuskog-odlicni-rezultati-karatista-u-ivanic-gradu-pobjeda-kosarkasa-u-mostaru\\\/#primaryimage\"},\"image\":{\"@id\":\"https:\\\/\\\/radioljubuski.ba\\\/index.php\\\/2025\\\/02\\\/10\\\/broncana-medalja-za-cheerleadersice-ljubuskog-odlicni-rezultati-karatista-u-ivanic-gradu-pobjeda-kosarkasa-u-mostaru\\\/#primaryimage\"},\"thumbnailUrl\":\"https:\\\/\\\/radioljubuski.ba\\\/wp-content\\\/uploads\\\/2025\\\/02\\\/chirliding-ljubuski.png\",\"datePublished\":\"2025-02-10T11:11:28+00:00\",\"dateModified\":\"2025-02-11T07:21:28+00:00\",\"breadcrumb\":{\"@id\":\"https:\\\/\\\/radioljubuski.ba\\\/index.php\\\/2025\\\/02\\\/10\\\/broncana-medalja-za-cheerleadersice-ljubuskog-odlicni-rezultati-karatista-u-ivanic-gradu-pobjeda-kosarkasa-u-mostaru\\\/#breadcrumb\"},\"inLanguage\":\"hr\",\"potentialAction\":[{\"@type\":\"ReadAction\",\"target\":[\"https:\\\/\\\/radioljubuski.ba\\\/index.php\\\/2025\\\/02\\\/10\\\/broncana-medalja-za-cheerleadersice-ljubuskog-odlicni-rezultati-karatista-u-ivanic-gradu-pobjeda-kosarkasa-u-mostaru\\\/\"]}]},{\"@type\":\"ImageObject\",\"inLanguage\":\"hr\",\"@id\":\"https:\\\/\\\/radioljubuski.ba\\\/index.php\\\/2025\\\/02\\\/10\\\/broncana-medalja-za-cheerleadersice-ljubuskog-odlicni-rezultati-karatista-u-ivanic-gradu-pobjeda-kosarkasa-u-mostaru\\\/#primaryimage\",\"url\":\"https:\\\/\\\/radioljubuski.ba\\\/wp-content\\\/uploads\\\/2025\\\/02\\\/chirliding-ljubuski.png\",\"contentUrl\":\"https:\\\/\\\/radioljubuski.ba\\\/wp-content\\\/uploads\\\/2025\\\/02\\\/chirliding-ljubuski.png\",\"width\":475,\"height\":473},{\"@type\":\"BreadcrumbList\",\"@id\":\"https:\\\/\\\/radioljubuski.ba\\\/index.php\\\/2025\\\/02\\\/10\\\/broncana-medalja-za-cheerleadersice-ljubuskog-odlicni-rezultati-karatista-u-ivanic-gradu-pobjeda-kosarkasa-u-mostaru\\\/#breadcrumb\",\"itemListElement\":[{\"@type\":\"ListItem\",\"position\":1,\"name\":\"Po\u010detna stranica\",\"item\":\"https:\\\/\\\/radioljubuski.ba\\\/\"},{\"@type\":\"ListItem\",\"position\":2,\"name\":\"Bron\u010dana medalja za cheerleadersice Ljubu\u0161kog, odli\u010dni rezultati karatista u Ivani\u0107 Gradu, pobjeda ko\u0161arka\u0161a u Mostaru\"}]},{\"@type\":\"WebSite\",\"@id\":\"https:\\\/\\\/radioljubuski.ba\\\/#website\",\"url\":\"https:\\\/\\\/radioljubuski.ba\\\/\",\"name\":\"Radio Ljubu\u0161ki\",\"description\":\"Sun\u010dana frekvencija Hercegovine\",\"publisher\":{\"@id\":\"https:\\\/\\\/radioljubuski.ba\\\/#organization\"},\"potentialAction\":[{\"@type\":\"SearchAction\",\"target\":{\"@type\":\"EntryPoint\",\"urlTemplate\":\"https:\\\/\\\/radioljubuski.ba\\\/?s={search_term_string}\"},\"query-input\":{\"@type\":\"PropertyValueSpecification\",\"valueRequired\":true,\"valueName\":\"search_term_string\"}}],\"inLanguage\":\"hr\"},{\"@type\":\"Organization\",\"@id\":\"https:\\\/\\\/radioljubuski.ba\\\/#organization\",\"name\":\"Radio Ljubu\u0161ki\",\"url\":\"https:\\\/\\\/radioljubuski.ba\\\/\",\"logo\":{\"@type\":\"ImageObject\",\"inLanguage\":\"hr\",\"@id\":\"https:\\\/\\\/radioljubuski.ba\\\/#\\\/schema\\\/logo\\\/image\\\/\",\"url\":\"https:\\\/\\\/radioljubuski.ba\\\/wp-content\\\/uploads\\\/2021\\\/02\\\/cropped-Radio_Ljubuski_logo1.jpg\",\"contentUrl\":\"https:\\\/\\\/radioljubuski.ba\\\/wp-content\\\/uploads\\\/2021\\\/02\\\/cropped-Radio_Ljubuski_logo1.jpg\",\"width\":512,\"height\":512,\"caption\":\"Radio Ljubu\u0161ki\"},\"image\":{\"@id\":\"https:\\\/\\\/radioljubuski.ba\\\/#\\\/schema\\\/logo\\\/image\\\/\"},\"sameAs\":[\"https:\\\/\\\/www.facebook.com\\\/Radiio-Ljubuski-1490835324566332\",\"https:\\\/\\\/x.com\\\/radioljubuski\",\"https:\\\/\\\/hr.linkedin.com\\\/company\\\/radio-ljubuski\",\"https:\\\/\\\/www.youtube.com\\\/channel\\\/UCHYaeO_n0Db3tjNGudGpXyw\"]},{\"@type\":\"Person\",\"@id\":\"https:\\\/\\\/radioljubuski.ba\\\/#\\\/schema\\\/person\\\/19fc700381a780f69665d7956c469e3b\",\"name\":\"Radio Ljubu\u0161ki\"}]}<\/script>\n<!-- \/ Yoast SEO plugin. -->","yoast_head_json":{"title":"Bron\u010dana medalja za cheerleadersice Ljubu\u0161kog, odli\u010dni rezultati karatista u Ivani\u0107 Gradu, pobjeda ko\u0161arka\u0161a u Mostaru - RADIO LJUBU\u0160KI","robots":{"index":"index","follow":"follow","max-snippet":"max-snippet:-1","max-image-preview":"max-image-preview:large","max-video-preview":"max-video-preview:-1"},"canonical":"https:\/\/radioljubuski.ba\/index.php\/2025\/02\/10\/broncana-medalja-za-cheerleadersice-ljubuskog-odlicni-rezultati-karatista-u-ivanic-gradu-pobjeda-kosarkasa-u-mostaru\/","og_locale":"hr_HR","og_type":"article","og_title":"Bron\u010dana medalja za cheerleadersice Ljubu\u0161kog, odli\u010dni rezultati karatista u Ivani\u0107 Gradu, pobjeda ko\u0161arka\u0161a u Mostaru - RADIO LJUBU\u0160KI","og_description":"RUKOMET Rukometa\u0161i Izvi\u0111a\u010d Agrama uspje\u0161no u\u0161li u proljetni dio natjecanja Premijer ligi BiH. U Gradskoj sportskoj dvorani u Ljubu\u0161kom svladali su Maglaj 38:26. Ako se po jutru dan poznaje, utakmica protiv mom\u010dadi Maglaja je pokazala da \u201cSkauti\u201d spremno ulaze u drugi dio sezone. Dobar je to znak uo\u010di dvije europske utakmice 1\/8 finala EHF Europena [&hellip;]","og_url":"https:\/\/radioljubuski.ba\/index.php\/2025\/02\/10\/broncana-medalja-za-cheerleadersice-ljubuskog-odlicni-rezultati-karatista-u-ivanic-gradu-pobjeda-kosarkasa-u-mostaru\/","og_site_name":"RADIO LJUBU\u0160KI","article_publisher":"https:\/\/www.facebook.com\/Radiio-Ljubuski-1490835324566332","article_published_time":"2025-02-10T11:11:28+00:00","article_modified_time":"2025-02-11T07:21:28+00:00","og_image":[{"width":475,"height":473,"url":"https:\/\/radioljubuski.ba\/wp-content\/uploads\/2025\/02\/chirliding-ljubuski.png","type":"image\/png"}],"author":"Radio Ljubu\u0161ki","twitter_card":"summary_large_image","twitter_creator":"@radioljubuski","twitter_site":"@radioljubuski","twitter_misc":{"Napisao\/la":"Radio Ljubu\u0161ki","Procijenjeno vrijeme \u010ditanja":"5 minuta"},"schema":{"@context":"https:\/\/schema.org","@graph":[{"@type":"Article","@id":"https:\/\/radioljubuski.ba\/index.php\/2025\/02\/10\/broncana-medalja-za-cheerleadersice-ljubuskog-odlicni-rezultati-karatista-u-ivanic-gradu-pobjeda-kosarkasa-u-mostaru\/#article","isPartOf":{"@id":"https:\/\/radioljubuski.ba\/index.php\/2025\/02\/10\/broncana-medalja-za-cheerleadersice-ljubuskog-odlicni-rezultati-karatista-u-ivanic-gradu-pobjeda-kosarkasa-u-mostaru\/"},"author":{"name":"Radio Ljubu\u0161ki","@id":"https:\/\/radioljubuski.ba\/#\/schema\/person\/19fc700381a780f69665d7956c469e3b"},"headline":"Bron\u010dana medalja za cheerleadersice Ljubu\u0161kog, odli\u010dni rezultati karatista u Ivani\u0107 Gradu, pobjeda ko\u0161arka\u0161a u Mostaru","datePublished":"2025-02-10T11:11:28+00:00","dateModified":"2025-02-11T07:21:28+00:00","mainEntityOfPage":{"@id":"https:\/\/radioljubuski.ba\/index.php\/2025\/02\/10\/broncana-medalja-za-cheerleadersice-ljubuskog-odlicni-rezultati-karatista-u-ivanic-gradu-pobjeda-kosarkasa-u-mostaru\/"},"wordCount":584,"publisher":{"@id":"https:\/\/radioljubuski.ba\/#organization"},"image":{"@id":"https:\/\/radioljubuski.ba\/index.php\/2025\/02\/10\/broncana-medalja-za-cheerleadersice-ljubuskog-odlicni-rezultati-karatista-u-ivanic-gradu-pobjeda-kosarkasa-u-mostaru\/#primaryimage"},"thumbnailUrl":"https:\/\/radioljubuski.ba\/wp-content\/uploads\/2025\/02\/chirliding-ljubuski.png","articleSection":["Ljubu\u0161ki","\u0160port"],"inLanguage":"hr"},{"@type":"WebPage","@id":"https:\/\/radioljubuski.ba\/index.php\/2025\/02\/10\/broncana-medalja-za-cheerleadersice-ljubuskog-odlicni-rezultati-karatista-u-ivanic-gradu-pobjeda-kosarkasa-u-mostaru\/","url":"https:\/\/radioljubuski.ba\/index.php\/2025\/02\/10\/broncana-medalja-za-cheerleadersice-ljubuskog-odlicni-rezultati-karatista-u-ivanic-gradu-pobjeda-kosarkasa-u-mostaru\/","name":"Bron\u010dana medalja za cheerleadersice Ljubu\u0161kog, odli\u010dni rezultati karatista u Ivani\u0107 Gradu, pobjeda ko\u0161arka\u0161a u Mostaru - RADIO LJUBU\u0160KI","isPartOf":{"@id":"https:\/\/radioljubuski.ba\/#website"},"primaryImageOfPage":{"@id":"https:\/\/radioljubuski.ba\/index.php\/2025\/02\/10\/broncana-medalja-za-cheerleadersice-ljubuskog-odlicni-rezultati-karatista-u-ivanic-gradu-pobjeda-kosarkasa-u-mostaru\/#primaryimage"},"image":{"@id":"https:\/\/radioljubuski.ba\/index.php\/2025\/02\/10\/broncana-medalja-za-cheerleadersice-ljubuskog-odlicni-rezultati-karatista-u-ivanic-gradu-pobjeda-kosarkasa-u-mostaru\/#primaryimage"},"thumbnailUrl":"https:\/\/radioljubuski.ba\/wp-content\/uploads\/2025\/02\/chirliding-ljubuski.png","datePublished":"2025-02-10T11:11:28+00:00","dateModified":"2025-02-11T07:21:28+00:00","breadcrumb":{"@id":"https:\/\/radioljubuski.ba\/index.php\/2025\/02\/10\/broncana-medalja-za-cheerleadersice-ljubuskog-odlicni-rezultati-karatista-u-ivanic-gradu-pobjeda-kosarkasa-u-mostaru\/#breadcrumb"},"inLanguage":"hr","potentialAction":[{"@type":"ReadAction","target":["https:\/\/radioljubuski.ba\/index.php\/2025\/02\/10\/broncana-medalja-za-cheerleadersice-ljubuskog-odlicni-rezultati-karatista-u-ivanic-gradu-pobjeda-kosarkasa-u-mostaru\/"]}]},{"@type":"ImageObject","inLanguage":"hr","@id":"https:\/\/radioljubuski.ba\/index.php\/2025\/02\/10\/broncana-medalja-za-cheerleadersice-ljubuskog-odlicni-rezultati-karatista-u-ivanic-gradu-pobjeda-kosarkasa-u-mostaru\/#primaryimage","url":"https:\/\/radioljubuski.ba\/wp-content\/uploads\/2025\/02\/chirliding-ljubuski.png","contentUrl":"https:\/\/radioljubuski.ba\/wp-content\/uploads\/2025\/02\/chirliding-ljubuski.png","width":475,"height":473},{"@type":"BreadcrumbList","@id":"https:\/\/radioljubuski.ba\/index.php\/2025\/02\/10\/broncana-medalja-za-cheerleadersice-ljubuskog-odlicni-rezultati-karatista-u-ivanic-gradu-pobjeda-kosarkasa-u-mostaru\/#breadcrumb","itemListElement":[{"@type":"ListItem","position":1,"name":"Po\u010detna stranica","item":"https:\/\/radioljubuski.ba\/"},{"@type":"ListItem","position":2,"name":"Bron\u010dana medalja za cheerleadersice Ljubu\u0161kog, odli\u010dni rezultati karatista u Ivani\u0107 Gradu, pobjeda ko\u0161arka\u0161a u Mostaru"}]},{"@type":"WebSite","@id":"https:\/\/radioljubuski.ba\/#website","url":"https:\/\/radioljubuski.ba\/","name":"Radio Ljubu\u0161ki","description":"Sun\u010dana frekvencija Hercegovine","publisher":{"@id":"https:\/\/radioljubuski.ba\/#organization"},"potentialAction":[{"@type":"SearchAction","target":{"@type":"EntryPoint","urlTemplate":"https:\/\/radioljubuski.ba\/?s={search_term_string}"},"query-input":{"@type":"PropertyValueSpecification","valueRequired":true,"valueName":"search_term_string"}}],"inLanguage":"hr"},{"@type":"Organization","@id":"https:\/\/radioljubuski.ba\/#organization","name":"Radio Ljubu\u0161ki","url":"https:\/\/radioljubuski.ba\/","logo":{"@type":"ImageObject","inLanguage":"hr","@id":"https:\/\/radioljubuski.ba\/#\/schema\/logo\/image\/","url":"https:\/\/radioljubuski.ba\/wp-content\/uploads\/2021\/02\/cropped-Radio_Ljubuski_logo1.jpg","contentUrl":"https:\/\/radioljubuski.ba\/wp-content\/uploads\/2021\/02\/cropped-Radio_Ljubuski_logo1.jpg","width":512,"height":512,"caption":"Radio Ljubu\u0161ki"},"image":{"@id":"https:\/\/radioljubuski.ba\/#\/schema\/logo\/image\/"},"sameAs":["https:\/\/www.facebook.com\/Radiio-Ljubuski-1490835324566332","https:\/\/x.com\/radioljubuski","https:\/\/hr.linkedin.com\/company\/radio-ljubuski","https:\/\/www.youtube.com\/channel\/UCHYaeO_n0Db3tjNGudGpXyw"]},{"@type":"Person","@id":"https:\/\/radioljubuski.ba\/#\/schema\/person\/19fc700381a780f69665d7956c469e3b","name":"Radio Ljubu\u0161ki"}]}},"_links":{"self":[{"href":"https:\/\/radioljubuski.ba\/index.php\/wp-json\/wp\/v2\/posts\/213762","targetHints":{"allow":["GET"]}}],"collection":[{"href":"https:\/\/radioljubuski.ba\/index.php\/wp-json\/wp\/v2\/posts"}],"about":[{"href":"https:\/\/radioljubuski.ba\/index.php\/wp-json\/wp\/v2\/types\/post"}],"author":[{"embeddable":true,"href":"https:\/\/radioljubuski.ba\/index.php\/wp-json\/wp\/v2\/users\/2"}],"replies":[{"embeddable":true,"href":"https:\/\/radioljubuski.ba\/index.php\/wp-json\/wp\/v2\/comments?post=213762"}],"version-history":[{"count":1,"href":"https:\/\/radioljubuski.ba\/index.php\/wp-json\/wp\/v2\/posts\/213762\/revisions"}],"predecessor-version":[{"id":213773,"href":"https:\/\/radioljubuski.ba\/index.php\/wp-json\/wp\/v2\/posts\/213762\/revisions\/213773"}],"wp:featuredmedia":[{"embeddable":true,"href":"https:\/\/radioljubuski.ba\/index.php\/wp-json\/wp\/v2\/media\/213772"}],"wp:attachment":[{"href":"https:\/\/radioljubuski.ba\/index.php\/wp-json\/wp\/v2\/media?parent=213762"}],"wp:term":[{"taxonomy":"category","embeddable":true,"href":"https:\/\/radioljubuski.ba\/index.php\/wp-json\/wp\/v2\/categories?post=213762"},{"taxonomy":"post_tag","embeddable":true,"href":"https:\/\/radioljubuski.ba\/index.php\/wp-json\/wp\/v2\/tags?post=213762"}],"curies":[{"name":"wp","href":"https:\/\/api.w.org\/{rel}","templated":true}]}}