{"id":214028,"date":"2025-02-17T20:58:33","date_gmt":"2025-02-17T19:58:33","guid":{"rendered":"https:\/\/radioljubuski.ba\/?p=214028"},"modified":"2025-02-21T14:27:36","modified_gmt":"2025-02-21T13:27:36","slug":"ljubuski-predstavljena-slikovnica-adrijane-prskalo-nikad-neces-hodati-sama","status":"publish","type":"post","link":"https:\/\/radioljubuski.ba\/index.php\/2025\/02\/17\/ljubuski-predstavljena-slikovnica-adrijane-prskalo-nikad-neces-hodati-sama\/","title":{"rendered":"Ljubu\u0161ki: Predstavljena slikovnica Adrijane Prskalo &#8220;Nikad ne\u0107e\u0161 hodati sama&#8221;"},"content":{"rendered":"\n<p>&#8220;Mora\u0161 slijediti svoje snove&#8221; poruka je slikovnice &#8220;Nikad ne\u0107e\u0161 hodati sama&#8221; autorice Adrijane Prskalo koja je ve\u010deras predstavljena u Kulturnom centru u Ljubu\u0161kom. Druga je to slikovnica koja se predstavlja doma\u0107oj publici u sklopu sve\u010danog obilje\u017eavanja Dana grada Ljubu\u0161kog s ciljem poticanja djece i mladih na \u010ditanje i promoviranja dje\u010dje knji\u017eevnosti. Uz autoricu u programu predstavljanja sudjelovao je istaknuti hrvatski sporta\u0161 Igor Boraska osvaja\u010d olimpijskog odli\u010dja koji je istaknuo kako je poveznica izme\u0111u njega i autorice ljubav prema jednom od najuspje\u0161nijih engleskih nogometnih klubova Liverpoolu, naglasiv\u0161i pozitivna iskustva i dragocjene uspomene koje ima tijekom svoje uspje\u0161ne sportske karijere &#8220;\u017delim poru\u010diti svoj djeci i mladima da je sport izvanredna prilika da se ostvare na najbolji na\u010din, ovdje u Ljubu\u0161kom imate kvalitetne sportske klubove i mno\u0161tvo uspje\u0161nih sporta\u0161a \u010diji primjer mo\u017eete slijediti&#8221; naglasio je.<\/p>\n\n\n\n<figure class=\"wp-block-image size-large\"><img loading=\"lazy\" decoding=\"async\" width=\"1024\" height=\"683\" src=\"https:\/\/radioljubuski.ba\/wp-content\/uploads\/2025\/02\/3P0A1612-1024x683.jpg\" alt=\"\" class=\"wp-image-214034\" srcset=\"https:\/\/radioljubuski.ba\/wp-content\/uploads\/2025\/02\/3P0A1612-1024x683.jpg 1024w, https:\/\/radioljubuski.ba\/wp-content\/uploads\/2025\/02\/3P0A1612-300x200.jpg 300w, https:\/\/radioljubuski.ba\/wp-content\/uploads\/2025\/02\/3P0A1612-768x512.jpg 768w, https:\/\/radioljubuski.ba\/wp-content\/uploads\/2025\/02\/3P0A1612-1536x1024.jpg 1536w, https:\/\/radioljubuski.ba\/wp-content\/uploads\/2025\/02\/3P0A1612-2048x1365.jpg 2048w, https:\/\/radioljubuski.ba\/wp-content\/uploads\/2025\/02\/3P0A1612-18x12.jpg 18w\" sizes=\"auto, (max-width: 1024px) 100vw, 1024px\" \/><\/figure>\n\n\n\n<p>Ova autobiografska slikovnica nastavak je i sadr\u017eajno djeci prilago\u0111ena pri\u010da autori\u010dinog romana prvijenca &#8221; Nikad ne\u0107e\u0161 hodati sam&#8221; objavljenog 2019. godine i koji je u fazi pripreme za svjetsko tr\u017ei\u0161te. Sama autorica prilikom izlaganja ponosno je istaknula i svoje korijene koji je ve\u017eu za Ljubu\u0161ki i selo Lipno odakle joj je djed po ocu.<\/p>\n\n\n\n<figure class=\"wp-block-image size-large\"><img loading=\"lazy\" decoding=\"async\" width=\"1024\" height=\"683\" src=\"https:\/\/radioljubuski.ba\/wp-content\/uploads\/2025\/02\/3P0A1591-1024x683.jpg\" alt=\"\" class=\"wp-image-214032\" srcset=\"https:\/\/radioljubuski.ba\/wp-content\/uploads\/2025\/02\/3P0A1591-1024x683.jpg 1024w, https:\/\/radioljubuski.ba\/wp-content\/uploads\/2025\/02\/3P0A1591-300x200.jpg 300w, https:\/\/radioljubuski.ba\/wp-content\/uploads\/2025\/02\/3P0A1591-768x512.jpg 768w, https:\/\/radioljubuski.ba\/wp-content\/uploads\/2025\/02\/3P0A1591-1536x1024.jpg 1536w, https:\/\/radioljubuski.ba\/wp-content\/uploads\/2025\/02\/3P0A1591-2048x1365.jpg 2048w, https:\/\/radioljubuski.ba\/wp-content\/uploads\/2025\/02\/3P0A1591-18x12.jpg 18w\" sizes=\"auto, (max-width: 1024px) 100vw, 1024px\" \/><\/figure>\n\n\n\n<figure class=\"wp-block-image size-large\"><img loading=\"lazy\" decoding=\"async\" width=\"1024\" height=\"683\" src=\"https:\/\/radioljubuski.ba\/wp-content\/uploads\/2025\/02\/3P0A1590-1024x683.jpg\" alt=\"\" class=\"wp-image-214037\" srcset=\"https:\/\/radioljubuski.ba\/wp-content\/uploads\/2025\/02\/3P0A1590-1024x683.jpg 1024w, https:\/\/radioljubuski.ba\/wp-content\/uploads\/2025\/02\/3P0A1590-300x200.jpg 300w, https:\/\/radioljubuski.ba\/wp-content\/uploads\/2025\/02\/3P0A1590-768x512.jpg 768w, https:\/\/radioljubuski.ba\/wp-content\/uploads\/2025\/02\/3P0A1590-1536x1024.jpg 1536w, https:\/\/radioljubuski.ba\/wp-content\/uploads\/2025\/02\/3P0A1590-2048x1365.jpg 2048w, https:\/\/radioljubuski.ba\/wp-content\/uploads\/2025\/02\/3P0A1590-18x12.jpg 18w\" sizes=\"auto, (max-width: 1024px) 100vw, 1024px\" \/><\/figure>\n\n\n\n<p class=\"has-text-align-center\">    Pogledajte predstavljanje Adrijane Prskalo<\/p>\n\n\n\n<figure class=\"wp-block-video\"><video height=\"480\" style=\"aspect-ratio: 848 \/ 480;\" width=\"848\" controls src=\"https:\/\/radioljubuski.ba\/wp-content\/uploads\/2025\/02\/WhatsApp-Video-2025-02-17-at-20.25.21-3.mp4\"><\/video><\/figure>\n\n\n\n<p>&#8220;Pri\u010da o malenoj Adri , djevoj\u010dici koja se usudila po\u017eeljeti ne\u0161to &#8221; druga\u010dije&#8221; pri\u010da je o svakoj odva\u017enoj djevoj\u010dici koju ni strah ni predrasude ne sprje\u010davaju da bude jedinstvena &#8221; napisala je zme\u0111u ostalog u prologu slikovnice mr.art. Andrea \u0160unji\u0107 -Bernardi\u0107 kojeg je posjetiteljima pro\u010ditala voditeljica programa Bjanka Medi\u0107. U glazbenom dijelu programa nastupila je u\u010denica 4.razreda Osnovne glazbene \u0161kole Ljubu\u0161ki Mihaela Musa na violini sa djelom &#8220;Tamburin&#8221; skladatelja Louisa Auberta, uz klavirsku pratnju Marka Petkovi\u0107a, glazbenu to\u010dku je pripremila Marija \u010ciki\u0107.<\/p>\n\n\n\n<figure class=\"wp-block-image size-large\"><img loading=\"lazy\" decoding=\"async\" width=\"1024\" height=\"683\" src=\"https:\/\/radioljubuski.ba\/wp-content\/uploads\/2025\/02\/3P0A1603-1024x683.jpg\" alt=\"\" class=\"wp-image-214030\" srcset=\"https:\/\/radioljubuski.ba\/wp-content\/uploads\/2025\/02\/3P0A1603-1024x683.jpg 1024w, https:\/\/radioljubuski.ba\/wp-content\/uploads\/2025\/02\/3P0A1603-300x200.jpg 300w, https:\/\/radioljubuski.ba\/wp-content\/uploads\/2025\/02\/3P0A1603-768x512.jpg 768w, https:\/\/radioljubuski.ba\/wp-content\/uploads\/2025\/02\/3P0A1603-1536x1024.jpg 1536w, https:\/\/radioljubuski.ba\/wp-content\/uploads\/2025\/02\/3P0A1603-2048x1365.jpg 2048w, https:\/\/radioljubuski.ba\/wp-content\/uploads\/2025\/02\/3P0A1603-18x12.jpg 18w\" sizes=\"auto, (max-width: 1024px) 100vw, 1024px\" \/><\/figure>\n\n\n\n<p>Iznena\u0111enje ve\u010deri je bio i pozdrav  mlade nogometa\u0161ice NK Ljubu\u0161ki Josipe Grani\u0107 koja je sa prisutnima podijelila svoje iskustvo igranja nogometa ali i odu\u0161evljenje predstavljenom slikovnicom. <\/p>\n\n\n\n<figure class=\"wp-block-image size-large\"><img loading=\"lazy\" decoding=\"async\" width=\"1024\" height=\"683\" src=\"https:\/\/radioljubuski.ba\/wp-content\/uploads\/2025\/02\/3P0A1626-1024x683.jpg\" alt=\"\" class=\"wp-image-214035\" srcset=\"https:\/\/radioljubuski.ba\/wp-content\/uploads\/2025\/02\/3P0A1626-1024x683.jpg 1024w, https:\/\/radioljubuski.ba\/wp-content\/uploads\/2025\/02\/3P0A1626-300x200.jpg 300w, https:\/\/radioljubuski.ba\/wp-content\/uploads\/2025\/02\/3P0A1626-768x512.jpg 768w, https:\/\/radioljubuski.ba\/wp-content\/uploads\/2025\/02\/3P0A1626-1536x1024.jpg 1536w, https:\/\/radioljubuski.ba\/wp-content\/uploads\/2025\/02\/3P0A1626-2048x1365.jpg 2048w, https:\/\/radioljubuski.ba\/wp-content\/uploads\/2025\/02\/3P0A1626-18x12.jpg 18w\" sizes=\"auto, (max-width: 1024px) 100vw, 1024px\" \/><\/figure>\n\n\n\n<p>Odrasle posjetitelje zanimalo je kako se postaje \u010dlan Liverpool fan kluba koji djeluje u Mostaru i koji je slu\u017ebeno priznat ali i detalji o mnogobrojnim Adrijaninim susretima prilikom posjete Anfieldu  i dru\u017eenjima  sa mom\u010dadi proslavljenog engleskog kluba. <\/p>\n\n\n\n<figure class=\"wp-block-image size-large\"><img loading=\"lazy\" decoding=\"async\" width=\"1024\" height=\"683\" src=\"https:\/\/radioljubuski.ba\/wp-content\/uploads\/2025\/02\/3P0A1620-1024x683.jpg\" alt=\"\" class=\"wp-image-214031\" srcset=\"https:\/\/radioljubuski.ba\/wp-content\/uploads\/2025\/02\/3P0A1620-1024x683.jpg 1024w, https:\/\/radioljubuski.ba\/wp-content\/uploads\/2025\/02\/3P0A1620-300x200.jpg 300w, https:\/\/radioljubuski.ba\/wp-content\/uploads\/2025\/02\/3P0A1620-768x512.jpg 768w, https:\/\/radioljubuski.ba\/wp-content\/uploads\/2025\/02\/3P0A1620-1536x1024.jpg 1536w, https:\/\/radioljubuski.ba\/wp-content\/uploads\/2025\/02\/3P0A1620-2048x1365.jpg 2048w, https:\/\/radioljubuski.ba\/wp-content\/uploads\/2025\/02\/3P0A1620-18x12.jpg 18w\" sizes=\"auto, (max-width: 1024px) 100vw, 1024px\" \/><\/figure>\n\n\n\n<p>Svi posjetitelji su dobili slikovnicu na poklon, najmla\u0111i su nestrpljivo \u010dekali u redu na autori\u010dinu posvetu .<\/p>\n\n\n\n<figure class=\"wp-block-image size-large\"><img loading=\"lazy\" decoding=\"async\" width=\"1024\" height=\"683\" src=\"https:\/\/radioljubuski.ba\/wp-content\/uploads\/2025\/02\/3P0A1563-1024x683.jpg\" alt=\"\" class=\"wp-image-214033\" srcset=\"https:\/\/radioljubuski.ba\/wp-content\/uploads\/2025\/02\/3P0A1563-1024x683.jpg 1024w, https:\/\/radioljubuski.ba\/wp-content\/uploads\/2025\/02\/3P0A1563-300x200.jpg 300w, https:\/\/radioljubuski.ba\/wp-content\/uploads\/2025\/02\/3P0A1563-768x512.jpg 768w, https:\/\/radioljubuski.ba\/wp-content\/uploads\/2025\/02\/3P0A1563-1536x1024.jpg 1536w, https:\/\/radioljubuski.ba\/wp-content\/uploads\/2025\/02\/3P0A1563-2048x1365.jpg 2048w, https:\/\/radioljubuski.ba\/wp-content\/uploads\/2025\/02\/3P0A1563-18x12.jpg 18w\" sizes=\"auto, (max-width: 1024px) 100vw, 1024px\" \/><\/figure>\n\n\n\n<figure class=\"wp-block-image size-large\"><img loading=\"lazy\" decoding=\"async\" width=\"1024\" height=\"683\" src=\"https:\/\/radioljubuski.ba\/wp-content\/uploads\/2025\/02\/3P0A1660-1024x683.jpg\" alt=\"\" class=\"wp-image-214029\" srcset=\"https:\/\/radioljubuski.ba\/wp-content\/uploads\/2025\/02\/3P0A1660-1024x683.jpg 1024w, https:\/\/radioljubuski.ba\/wp-content\/uploads\/2025\/02\/3P0A1660-300x200.jpg 300w, https:\/\/radioljubuski.ba\/wp-content\/uploads\/2025\/02\/3P0A1660-768x512.jpg 768w, https:\/\/radioljubuski.ba\/wp-content\/uploads\/2025\/02\/3P0A1660-1536x1024.jpg 1536w, https:\/\/radioljubuski.ba\/wp-content\/uploads\/2025\/02\/3P0A1660-2048x1365.jpg 2048w, https:\/\/radioljubuski.ba\/wp-content\/uploads\/2025\/02\/3P0A1660-18x12.jpg 18w\" sizes=\"auto, (max-width: 1024px) 100vw, 1024px\" \/><\/figure>\n\n\n\n<p>G.Ili\u0107 <\/p>\n","protected":false},"excerpt":{"rendered":"<p>&#8220;Mora\u0161 slijediti svoje snove&#8221; poruka je slikovnice &#8220;Nikad ne\u0107e\u0161 hodati sama&#8221; autorice Adrijane Prskalo koja je ve\u010deras predstavljena u Kulturnom centru u Ljubu\u0161kom. Druga je to slikovnica koja se predstavlja doma\u0107oj publici u sklopu sve\u010danog obilje\u017eavanja Dana grada Ljubu\u0161kog s ciljem poticanja djece i mladih na \u010ditanje i promoviranja dje\u010dje knji\u017eevnosti. Uz autoricu u programu [&hellip;]<\/p>\n","protected":false},"author":2,"featured_media":214036,"comment_status":"closed","ping_status":"closed","sticky":false,"template":"","format":"standard","meta":{"h5ap_radio_sources":[],"footnotes":""},"categories":[29,3,28],"tags":[],"class_list":["post-214028","post","type-post","status-publish","format-standard","has-post-thumbnail","hentry","category-gradska-uprava","category-ljubuski","category-novosti"],"yoast_head":"<!-- This site is optimized with the Yoast SEO plugin v27.5 - https:\/\/yoast.com\/product\/yoast-seo-wordpress\/ -->\n<title>Ljubu\u0161ki: Predstavljena slikovnica Adrijane Prskalo &quot;Nikad ne\u0107e\u0161 hodati sama&quot; - RADIO LJUBU\u0160KI<\/title>\n<meta name=\"robots\" content=\"index, follow, max-snippet:-1, max-image-preview:large, max-video-preview:-1\" \/>\n<link rel=\"canonical\" href=\"https:\/\/radioljubuski.ba\/index.php\/2025\/02\/17\/ljubuski-predstavljena-slikovnica-adrijane-prskalo-nikad-neces-hodati-sama\/\" \/>\n<meta property=\"og:locale\" content=\"hr_HR\" \/>\n<meta property=\"og:type\" content=\"article\" \/>\n<meta property=\"og:title\" content=\"Ljubu\u0161ki: Predstavljena slikovnica Adrijane Prskalo &quot;Nikad ne\u0107e\u0161 hodati sama&quot; - RADIO LJUBU\u0160KI\" \/>\n<meta property=\"og:description\" content=\"&#8220;Mora\u0161 slijediti svoje snove&#8221; poruka je slikovnice &#8220;Nikad ne\u0107e\u0161 hodati sama&#8221; autorice Adrijane Prskalo koja je ve\u010deras predstavljena u Kulturnom centru u Ljubu\u0161kom. Druga je to slikovnica koja se predstavlja doma\u0107oj publici u sklopu sve\u010danog obilje\u017eavanja Dana grada Ljubu\u0161kog s ciljem poticanja djece i mladih na \u010ditanje i promoviranja dje\u010dje knji\u017eevnosti. Uz autoricu u programu [&hellip;]\" \/>\n<meta property=\"og:url\" content=\"https:\/\/radioljubuski.ba\/index.php\/2025\/02\/17\/ljubuski-predstavljena-slikovnica-adrijane-prskalo-nikad-neces-hodati-sama\/\" \/>\n<meta property=\"og:site_name\" content=\"RADIO LJUBU\u0160KI\" \/>\n<meta property=\"article:publisher\" content=\"https:\/\/www.facebook.com\/Radiio-Ljubuski-1490835324566332\" \/>\n<meta property=\"article:published_time\" content=\"2025-02-17T19:58:33+00:00\" \/>\n<meta property=\"article:modified_time\" content=\"2025-02-21T13:27:36+00:00\" \/>\n<meta property=\"og:image\" content=\"https:\/\/radioljubuski.ba\/wp-content\/uploads\/2025\/02\/3P0A1641-scaled.jpg\" \/>\n\t<meta property=\"og:image:width\" content=\"2560\" \/>\n\t<meta property=\"og:image:height\" content=\"1707\" \/>\n\t<meta property=\"og:image:type\" content=\"image\/jpeg\" \/>\n<meta name=\"author\" content=\"Radio Ljubu\u0161ki\" \/>\n<meta name=\"twitter:card\" content=\"summary_large_image\" \/>\n<meta name=\"twitter:creator\" content=\"@radioljubuski\" \/>\n<meta name=\"twitter:site\" content=\"@radioljubuski\" \/>\n<meta name=\"twitter:label1\" content=\"Napisao\/la\" \/>\n\t<meta name=\"twitter:data1\" content=\"Radio Ljubu\u0161ki\" \/>\n\t<meta name=\"twitter:label2\" content=\"Procijenjeno vrijeme \u010ditanja\" \/>\n\t<meta name=\"twitter:data2\" content=\"4 minute\" \/>\n<script type=\"application\/ld+json\" class=\"yoast-schema-graph\">{\"@context\":\"https:\\\/\\\/schema.org\",\"@graph\":[{\"@type\":\"Article\",\"@id\":\"https:\\\/\\\/radioljubuski.ba\\\/index.php\\\/2025\\\/02\\\/17\\\/ljubuski-predstavljena-slikovnica-adrijane-prskalo-nikad-neces-hodati-sama\\\/#article\",\"isPartOf\":{\"@id\":\"https:\\\/\\\/radioljubuski.ba\\\/index.php\\\/2025\\\/02\\\/17\\\/ljubuski-predstavljena-slikovnica-adrijane-prskalo-nikad-neces-hodati-sama\\\/\"},\"author\":{\"name\":\"Radio Ljubu\u0161ki\",\"@id\":\"https:\\\/\\\/radioljubuski.ba\\\/#\\\/schema\\\/person\\\/19fc700381a780f69665d7956c469e3b\"},\"headline\":\"Ljubu\u0161ki: Predstavljena slikovnica Adrijane Prskalo &#8220;Nikad ne\u0107e\u0161 hodati sama&#8221;\",\"datePublished\":\"2025-02-17T19:58:33+00:00\",\"dateModified\":\"2025-02-21T13:27:36+00:00\",\"mainEntityOfPage\":{\"@id\":\"https:\\\/\\\/radioljubuski.ba\\\/index.php\\\/2025\\\/02\\\/17\\\/ljubuski-predstavljena-slikovnica-adrijane-prskalo-nikad-neces-hodati-sama\\\/\"},\"wordCount\":415,\"publisher\":{\"@id\":\"https:\\\/\\\/radioljubuski.ba\\\/#organization\"},\"image\":{\"@id\":\"https:\\\/\\\/radioljubuski.ba\\\/index.php\\\/2025\\\/02\\\/17\\\/ljubuski-predstavljena-slikovnica-adrijane-prskalo-nikad-neces-hodati-sama\\\/#primaryimage\"},\"thumbnailUrl\":\"https:\\\/\\\/radioljubuski.ba\\\/wp-content\\\/uploads\\\/2025\\\/02\\\/3P0A1641-scaled.jpg\",\"articleSection\":[\"Gradska Uprava\",\"Ljubu\u0161ki\",\"Novosti\"],\"inLanguage\":\"hr\"},{\"@type\":\"WebPage\",\"@id\":\"https:\\\/\\\/radioljubuski.ba\\\/index.php\\\/2025\\\/02\\\/17\\\/ljubuski-predstavljena-slikovnica-adrijane-prskalo-nikad-neces-hodati-sama\\\/\",\"url\":\"https:\\\/\\\/radioljubuski.ba\\\/index.php\\\/2025\\\/02\\\/17\\\/ljubuski-predstavljena-slikovnica-adrijane-prskalo-nikad-neces-hodati-sama\\\/\",\"name\":\"Ljubu\u0161ki: Predstavljena slikovnica Adrijane Prskalo \\\"Nikad ne\u0107e\u0161 hodati sama\\\" - RADIO LJUBU\u0160KI\",\"isPartOf\":{\"@id\":\"https:\\\/\\\/radioljubuski.ba\\\/#website\"},\"primaryImageOfPage\":{\"@id\":\"https:\\\/\\\/radioljubuski.ba\\\/index.php\\\/2025\\\/02\\\/17\\\/ljubuski-predstavljena-slikovnica-adrijane-prskalo-nikad-neces-hodati-sama\\\/#primaryimage\"},\"image\":{\"@id\":\"https:\\\/\\\/radioljubuski.ba\\\/index.php\\\/2025\\\/02\\\/17\\\/ljubuski-predstavljena-slikovnica-adrijane-prskalo-nikad-neces-hodati-sama\\\/#primaryimage\"},\"thumbnailUrl\":\"https:\\\/\\\/radioljubuski.ba\\\/wp-content\\\/uploads\\\/2025\\\/02\\\/3P0A1641-scaled.jpg\",\"datePublished\":\"2025-02-17T19:58:33+00:00\",\"dateModified\":\"2025-02-21T13:27:36+00:00\",\"breadcrumb\":{\"@id\":\"https:\\\/\\\/radioljubuski.ba\\\/index.php\\\/2025\\\/02\\\/17\\\/ljubuski-predstavljena-slikovnica-adrijane-prskalo-nikad-neces-hodati-sama\\\/#breadcrumb\"},\"inLanguage\":\"hr\",\"potentialAction\":[{\"@type\":\"ReadAction\",\"target\":[\"https:\\\/\\\/radioljubuski.ba\\\/index.php\\\/2025\\\/02\\\/17\\\/ljubuski-predstavljena-slikovnica-adrijane-prskalo-nikad-neces-hodati-sama\\\/\"]}]},{\"@type\":\"ImageObject\",\"inLanguage\":\"hr\",\"@id\":\"https:\\\/\\\/radioljubuski.ba\\\/index.php\\\/2025\\\/02\\\/17\\\/ljubuski-predstavljena-slikovnica-adrijane-prskalo-nikad-neces-hodati-sama\\\/#primaryimage\",\"url\":\"https:\\\/\\\/radioljubuski.ba\\\/wp-content\\\/uploads\\\/2025\\\/02\\\/3P0A1641-scaled.jpg\",\"contentUrl\":\"https:\\\/\\\/radioljubuski.ba\\\/wp-content\\\/uploads\\\/2025\\\/02\\\/3P0A1641-scaled.jpg\",\"width\":2560,\"height\":1707},{\"@type\":\"BreadcrumbList\",\"@id\":\"https:\\\/\\\/radioljubuski.ba\\\/index.php\\\/2025\\\/02\\\/17\\\/ljubuski-predstavljena-slikovnica-adrijane-prskalo-nikad-neces-hodati-sama\\\/#breadcrumb\",\"itemListElement\":[{\"@type\":\"ListItem\",\"position\":1,\"name\":\"Po\u010detna stranica\",\"item\":\"https:\\\/\\\/radioljubuski.ba\\\/\"},{\"@type\":\"ListItem\",\"position\":2,\"name\":\"Ljubu\u0161ki: Predstavljena slikovnica Adrijane Prskalo &#8220;Nikad ne\u0107e\u0161 hodati sama&#8221;\"}]},{\"@type\":\"WebSite\",\"@id\":\"https:\\\/\\\/radioljubuski.ba\\\/#website\",\"url\":\"https:\\\/\\\/radioljubuski.ba\\\/\",\"name\":\"Radio Ljubu\u0161ki\",\"description\":\"Sun\u010dana frekvencija Hercegovine\",\"publisher\":{\"@id\":\"https:\\\/\\\/radioljubuski.ba\\\/#organization\"},\"potentialAction\":[{\"@type\":\"SearchAction\",\"target\":{\"@type\":\"EntryPoint\",\"urlTemplate\":\"https:\\\/\\\/radioljubuski.ba\\\/?s={search_term_string}\"},\"query-input\":{\"@type\":\"PropertyValueSpecification\",\"valueRequired\":true,\"valueName\":\"search_term_string\"}}],\"inLanguage\":\"hr\"},{\"@type\":\"Organization\",\"@id\":\"https:\\\/\\\/radioljubuski.ba\\\/#organization\",\"name\":\"Radio Ljubu\u0161ki\",\"url\":\"https:\\\/\\\/radioljubuski.ba\\\/\",\"logo\":{\"@type\":\"ImageObject\",\"inLanguage\":\"hr\",\"@id\":\"https:\\\/\\\/radioljubuski.ba\\\/#\\\/schema\\\/logo\\\/image\\\/\",\"url\":\"https:\\\/\\\/radioljubuski.ba\\\/wp-content\\\/uploads\\\/2021\\\/02\\\/cropped-Radio_Ljubuski_logo1.jpg\",\"contentUrl\":\"https:\\\/\\\/radioljubuski.ba\\\/wp-content\\\/uploads\\\/2021\\\/02\\\/cropped-Radio_Ljubuski_logo1.jpg\",\"width\":512,\"height\":512,\"caption\":\"Radio Ljubu\u0161ki\"},\"image\":{\"@id\":\"https:\\\/\\\/radioljubuski.ba\\\/#\\\/schema\\\/logo\\\/image\\\/\"},\"sameAs\":[\"https:\\\/\\\/www.facebook.com\\\/Radiio-Ljubuski-1490835324566332\",\"https:\\\/\\\/x.com\\\/radioljubuski\",\"https:\\\/\\\/hr.linkedin.com\\\/company\\\/radio-ljubuski\",\"https:\\\/\\\/www.youtube.com\\\/channel\\\/UCHYaeO_n0Db3tjNGudGpXyw\"]},{\"@type\":\"Person\",\"@id\":\"https:\\\/\\\/radioljubuski.ba\\\/#\\\/schema\\\/person\\\/19fc700381a780f69665d7956c469e3b\",\"name\":\"Radio Ljubu\u0161ki\"}]}<\/script>\n<!-- \/ Yoast SEO plugin. -->","yoast_head_json":{"title":"Ljubu\u0161ki: Predstavljena slikovnica Adrijane Prskalo \"Nikad ne\u0107e\u0161 hodati sama\" - RADIO LJUBU\u0160KI","robots":{"index":"index","follow":"follow","max-snippet":"max-snippet:-1","max-image-preview":"max-image-preview:large","max-video-preview":"max-video-preview:-1"},"canonical":"https:\/\/radioljubuski.ba\/index.php\/2025\/02\/17\/ljubuski-predstavljena-slikovnica-adrijane-prskalo-nikad-neces-hodati-sama\/","og_locale":"hr_HR","og_type":"article","og_title":"Ljubu\u0161ki: Predstavljena slikovnica Adrijane Prskalo \"Nikad ne\u0107e\u0161 hodati sama\" - RADIO LJUBU\u0160KI","og_description":"&#8220;Mora\u0161 slijediti svoje snove&#8221; poruka je slikovnice &#8220;Nikad ne\u0107e\u0161 hodati sama&#8221; autorice Adrijane Prskalo koja je ve\u010deras predstavljena u Kulturnom centru u Ljubu\u0161kom. Druga je to slikovnica koja se predstavlja doma\u0107oj publici u sklopu sve\u010danog obilje\u017eavanja Dana grada Ljubu\u0161kog s ciljem poticanja djece i mladih na \u010ditanje i promoviranja dje\u010dje knji\u017eevnosti. Uz autoricu u programu [&hellip;]","og_url":"https:\/\/radioljubuski.ba\/index.php\/2025\/02\/17\/ljubuski-predstavljena-slikovnica-adrijane-prskalo-nikad-neces-hodati-sama\/","og_site_name":"RADIO LJUBU\u0160KI","article_publisher":"https:\/\/www.facebook.com\/Radiio-Ljubuski-1490835324566332","article_published_time":"2025-02-17T19:58:33+00:00","article_modified_time":"2025-02-21T13:27:36+00:00","og_image":[{"width":2560,"height":1707,"url":"https:\/\/radioljubuski.ba\/wp-content\/uploads\/2025\/02\/3P0A1641-scaled.jpg","type":"image\/jpeg"}],"author":"Radio Ljubu\u0161ki","twitter_card":"summary_large_image","twitter_creator":"@radioljubuski","twitter_site":"@radioljubuski","twitter_misc":{"Napisao\/la":"Radio Ljubu\u0161ki","Procijenjeno vrijeme \u010ditanja":"4 minute"},"schema":{"@context":"https:\/\/schema.org","@graph":[{"@type":"Article","@id":"https:\/\/radioljubuski.ba\/index.php\/2025\/02\/17\/ljubuski-predstavljena-slikovnica-adrijane-prskalo-nikad-neces-hodati-sama\/#article","isPartOf":{"@id":"https:\/\/radioljubuski.ba\/index.php\/2025\/02\/17\/ljubuski-predstavljena-slikovnica-adrijane-prskalo-nikad-neces-hodati-sama\/"},"author":{"name":"Radio Ljubu\u0161ki","@id":"https:\/\/radioljubuski.ba\/#\/schema\/person\/19fc700381a780f69665d7956c469e3b"},"headline":"Ljubu\u0161ki: Predstavljena slikovnica Adrijane Prskalo &#8220;Nikad ne\u0107e\u0161 hodati sama&#8221;","datePublished":"2025-02-17T19:58:33+00:00","dateModified":"2025-02-21T13:27:36+00:00","mainEntityOfPage":{"@id":"https:\/\/radioljubuski.ba\/index.php\/2025\/02\/17\/ljubuski-predstavljena-slikovnica-adrijane-prskalo-nikad-neces-hodati-sama\/"},"wordCount":415,"publisher":{"@id":"https:\/\/radioljubuski.ba\/#organization"},"image":{"@id":"https:\/\/radioljubuski.ba\/index.php\/2025\/02\/17\/ljubuski-predstavljena-slikovnica-adrijane-prskalo-nikad-neces-hodati-sama\/#primaryimage"},"thumbnailUrl":"https:\/\/radioljubuski.ba\/wp-content\/uploads\/2025\/02\/3P0A1641-scaled.jpg","articleSection":["Gradska Uprava","Ljubu\u0161ki","Novosti"],"inLanguage":"hr"},{"@type":"WebPage","@id":"https:\/\/radioljubuski.ba\/index.php\/2025\/02\/17\/ljubuski-predstavljena-slikovnica-adrijane-prskalo-nikad-neces-hodati-sama\/","url":"https:\/\/radioljubuski.ba\/index.php\/2025\/02\/17\/ljubuski-predstavljena-slikovnica-adrijane-prskalo-nikad-neces-hodati-sama\/","name":"Ljubu\u0161ki: Predstavljena slikovnica Adrijane Prskalo \"Nikad ne\u0107e\u0161 hodati sama\" - RADIO LJUBU\u0160KI","isPartOf":{"@id":"https:\/\/radioljubuski.ba\/#website"},"primaryImageOfPage":{"@id":"https:\/\/radioljubuski.ba\/index.php\/2025\/02\/17\/ljubuski-predstavljena-slikovnica-adrijane-prskalo-nikad-neces-hodati-sama\/#primaryimage"},"image":{"@id":"https:\/\/radioljubuski.ba\/index.php\/2025\/02\/17\/ljubuski-predstavljena-slikovnica-adrijane-prskalo-nikad-neces-hodati-sama\/#primaryimage"},"thumbnailUrl":"https:\/\/radioljubuski.ba\/wp-content\/uploads\/2025\/02\/3P0A1641-scaled.jpg","datePublished":"2025-02-17T19:58:33+00:00","dateModified":"2025-02-21T13:27:36+00:00","breadcrumb":{"@id":"https:\/\/radioljubuski.ba\/index.php\/2025\/02\/17\/ljubuski-predstavljena-slikovnica-adrijane-prskalo-nikad-neces-hodati-sama\/#breadcrumb"},"inLanguage":"hr","potentialAction":[{"@type":"ReadAction","target":["https:\/\/radioljubuski.ba\/index.php\/2025\/02\/17\/ljubuski-predstavljena-slikovnica-adrijane-prskalo-nikad-neces-hodati-sama\/"]}]},{"@type":"ImageObject","inLanguage":"hr","@id":"https:\/\/radioljubuski.ba\/index.php\/2025\/02\/17\/ljubuski-predstavljena-slikovnica-adrijane-prskalo-nikad-neces-hodati-sama\/#primaryimage","url":"https:\/\/radioljubuski.ba\/wp-content\/uploads\/2025\/02\/3P0A1641-scaled.jpg","contentUrl":"https:\/\/radioljubuski.ba\/wp-content\/uploads\/2025\/02\/3P0A1641-scaled.jpg","width":2560,"height":1707},{"@type":"BreadcrumbList","@id":"https:\/\/radioljubuski.ba\/index.php\/2025\/02\/17\/ljubuski-predstavljena-slikovnica-adrijane-prskalo-nikad-neces-hodati-sama\/#breadcrumb","itemListElement":[{"@type":"ListItem","position":1,"name":"Po\u010detna stranica","item":"https:\/\/radioljubuski.ba\/"},{"@type":"ListItem","position":2,"name":"Ljubu\u0161ki: Predstavljena slikovnica Adrijane Prskalo &#8220;Nikad ne\u0107e\u0161 hodati sama&#8221;"}]},{"@type":"WebSite","@id":"https:\/\/radioljubuski.ba\/#website","url":"https:\/\/radioljubuski.ba\/","name":"Radio Ljubu\u0161ki","description":"Sun\u010dana frekvencija Hercegovine","publisher":{"@id":"https:\/\/radioljubuski.ba\/#organization"},"potentialAction":[{"@type":"SearchAction","target":{"@type":"EntryPoint","urlTemplate":"https:\/\/radioljubuski.ba\/?s={search_term_string}"},"query-input":{"@type":"PropertyValueSpecification","valueRequired":true,"valueName":"search_term_string"}}],"inLanguage":"hr"},{"@type":"Organization","@id":"https:\/\/radioljubuski.ba\/#organization","name":"Radio Ljubu\u0161ki","url":"https:\/\/radioljubuski.ba\/","logo":{"@type":"ImageObject","inLanguage":"hr","@id":"https:\/\/radioljubuski.ba\/#\/schema\/logo\/image\/","url":"https:\/\/radioljubuski.ba\/wp-content\/uploads\/2021\/02\/cropped-Radio_Ljubuski_logo1.jpg","contentUrl":"https:\/\/radioljubuski.ba\/wp-content\/uploads\/2021\/02\/cropped-Radio_Ljubuski_logo1.jpg","width":512,"height":512,"caption":"Radio Ljubu\u0161ki"},"image":{"@id":"https:\/\/radioljubuski.ba\/#\/schema\/logo\/image\/"},"sameAs":["https:\/\/www.facebook.com\/Radiio-Ljubuski-1490835324566332","https:\/\/x.com\/radioljubuski","https:\/\/hr.linkedin.com\/company\/radio-ljubuski","https:\/\/www.youtube.com\/channel\/UCHYaeO_n0Db3tjNGudGpXyw"]},{"@type":"Person","@id":"https:\/\/radioljubuski.ba\/#\/schema\/person\/19fc700381a780f69665d7956c469e3b","name":"Radio Ljubu\u0161ki"}]}},"_links":{"self":[{"href":"https:\/\/radioljubuski.ba\/index.php\/wp-json\/wp\/v2\/posts\/214028","targetHints":{"allow":["GET"]}}],"collection":[{"href":"https:\/\/radioljubuski.ba\/index.php\/wp-json\/wp\/v2\/posts"}],"about":[{"href":"https:\/\/radioljubuski.ba\/index.php\/wp-json\/wp\/v2\/types\/post"}],"author":[{"embeddable":true,"href":"https:\/\/radioljubuski.ba\/index.php\/wp-json\/wp\/v2\/users\/2"}],"replies":[{"embeddable":true,"href":"https:\/\/radioljubuski.ba\/index.php\/wp-json\/wp\/v2\/comments?post=214028"}],"version-history":[{"count":5,"href":"https:\/\/radioljubuski.ba\/index.php\/wp-json\/wp\/v2\/posts\/214028\/revisions"}],"predecessor-version":[{"id":214044,"href":"https:\/\/radioljubuski.ba\/index.php\/wp-json\/wp\/v2\/posts\/214028\/revisions\/214044"}],"wp:featuredmedia":[{"embeddable":true,"href":"https:\/\/radioljubuski.ba\/index.php\/wp-json\/wp\/v2\/media\/214036"}],"wp:attachment":[{"href":"https:\/\/radioljubuski.ba\/index.php\/wp-json\/wp\/v2\/media?parent=214028"}],"wp:term":[{"taxonomy":"category","embeddable":true,"href":"https:\/\/radioljubuski.ba\/index.php\/wp-json\/wp\/v2\/categories?post=214028"},{"taxonomy":"post_tag","embeddable":true,"href":"https:\/\/radioljubuski.ba\/index.php\/wp-json\/wp\/v2\/tags?post=214028"}],"curies":[{"name":"wp","href":"https:\/\/api.w.org\/{rel}","templated":true}]}}