{"id":214247,"date":"2025-02-23T22:08:07","date_gmt":"2025-02-23T21:08:07","guid":{"rendered":"https:\/\/radioljubuski.ba\/?p=214247"},"modified":"2025-02-23T22:44:24","modified_gmt":"2025-02-23T21:44:24","slug":"dan-gradapredstavljena-knjiga-valentina-coricain-vino-libertas-autobiografski-zapisi-iz-haagau-sklopu-obiljezavanja-dana-grada-ljubuskog","status":"publish","type":"post","link":"https:\/\/radioljubuski.ba\/index.php\/2025\/02\/23\/dan-gradapredstavljena-knjiga-valentina-coricain-vino-libertas-autobiografski-zapisi-iz-haagau-sklopu-obiljezavanja-dana-grada-ljubuskog\/","title":{"rendered":"Dan grada:Predstavljena knjiga Valentina \u0106ori\u0107a\u201eIn vino libertas \u2013 Autobiografski zapisi iz Haaga\u201c"},"content":{"rendered":"\n<p>U okviru obilje\u017eavanja Dana Grada Ljubu\u0161kog, u nedjelju 23. velja\u010de u hotelu Bigeste predstavljena je knjiga  \u201eIn vino libertas \u2013 Autobiografski zapisi iz Haaga\u201cautora Valentina \u0106ori\u0107a. Predstavljanje je odr\u017eano u organizaciji Grada Ljubu\u0161kog i naklade P.I.P. Pavi\u010di\u0107 d.o.o. Zagreb.<\/p>\n\n\n\n<p>Prisutne je u ime Grada Ljubu\u0161kog pozdravio gradona\u010delnik Vedran Markoti\u0107 koji je uputio zahvalu svima koji su sudjelovali u organizaciji ove ve\u010deri. U programu predstavljanja o knjizi su govorili; knji\u017eevni kriti\u010dar Slobodan Prosperov Novak, odvjetnik i nekada\u0161nji ministar pravosu\u0111a u Vladi Republike Hrvatske Bosiljko Mi\u0161eti\u0107, te general Hrvatske vojske i knji\u017eevnik Ivan Tolj. U glazbenom dijelu ve\u010deri nastupila je instrumentalna skupina Celestis Amor , program je vodila Bjanka Medi\u0107.<\/p>\n\n\n<div class=\"wp-block-image\">\n<figure class=\"aligncenter size-large\"><img loading=\"lazy\" decoding=\"async\" width=\"1024\" height=\"683\" src=\"https:\/\/radioljubuski.ba\/wp-content\/uploads\/2025\/02\/3P0A1792-1024x683.jpg\" alt=\"\" class=\"wp-image-214255\" srcset=\"https:\/\/radioljubuski.ba\/wp-content\/uploads\/2025\/02\/3P0A1792-1024x683.jpg 1024w, https:\/\/radioljubuski.ba\/wp-content\/uploads\/2025\/02\/3P0A1792-300x200.jpg 300w, https:\/\/radioljubuski.ba\/wp-content\/uploads\/2025\/02\/3P0A1792-768x512.jpg 768w, https:\/\/radioljubuski.ba\/wp-content\/uploads\/2025\/02\/3P0A1792-1536x1024.jpg 1536w, https:\/\/radioljubuski.ba\/wp-content\/uploads\/2025\/02\/3P0A1792-2048x1365.jpg 2048w, https:\/\/radioljubuski.ba\/wp-content\/uploads\/2025\/02\/3P0A1792-18x12.jpg 18w\" sizes=\"auto, (max-width: 1024px) 100vw, 1024px\" \/><\/figure>\n<\/div>\n\n\n<figure class=\"wp-block-gallery has-nested-images columns-default is-cropped wp-block-gallery-1 is-layout-flex wp-block-gallery-is-layout-flex\">\n<figure class=\"wp-block-image size-large\"><img loading=\"lazy\" decoding=\"async\" width=\"1024\" height=\"683\" data-id=\"214260\" src=\"https:\/\/radioljubuski.ba\/wp-content\/uploads\/2025\/02\/3P0A1812-1024x683.jpg\" alt=\"\" class=\"wp-image-214260\" srcset=\"https:\/\/radioljubuski.ba\/wp-content\/uploads\/2025\/02\/3P0A1812-1024x683.jpg 1024w, https:\/\/radioljubuski.ba\/wp-content\/uploads\/2025\/02\/3P0A1812-300x200.jpg 300w, https:\/\/radioljubuski.ba\/wp-content\/uploads\/2025\/02\/3P0A1812-768x512.jpg 768w, https:\/\/radioljubuski.ba\/wp-content\/uploads\/2025\/02\/3P0A1812-1536x1024.jpg 1536w, https:\/\/radioljubuski.ba\/wp-content\/uploads\/2025\/02\/3P0A1812-2048x1365.jpg 2048w, https:\/\/radioljubuski.ba\/wp-content\/uploads\/2025\/02\/3P0A1812-18x12.jpg 18w\" sizes=\"auto, (max-width: 1024px) 100vw, 1024px\" \/><\/figure>\n<\/figure>\n\n\n\n<figure class=\"wp-block-gallery has-nested-images columns-default is-cropped wp-block-gallery-2 is-layout-flex wp-block-gallery-is-layout-flex\">\n<figure class=\"wp-block-image size-large\"><img loading=\"lazy\" decoding=\"async\" width=\"1024\" height=\"683\" data-id=\"214257\" src=\"https:\/\/radioljubuski.ba\/wp-content\/uploads\/2025\/02\/3P0A1830-1024x683.jpg\" alt=\"\" class=\"wp-image-214257\" srcset=\"https:\/\/radioljubuski.ba\/wp-content\/uploads\/2025\/02\/3P0A1830-1024x683.jpg 1024w, https:\/\/radioljubuski.ba\/wp-content\/uploads\/2025\/02\/3P0A1830-300x200.jpg 300w, https:\/\/radioljubuski.ba\/wp-content\/uploads\/2025\/02\/3P0A1830-768x512.jpg 768w, https:\/\/radioljubuski.ba\/wp-content\/uploads\/2025\/02\/3P0A1830-1536x1024.jpg 1536w, https:\/\/radioljubuski.ba\/wp-content\/uploads\/2025\/02\/3P0A1830-2048x1365.jpg 2048w, https:\/\/radioljubuski.ba\/wp-content\/uploads\/2025\/02\/3P0A1830-18x12.jpg 18w\" sizes=\"auto, (max-width: 1024px) 100vw, 1024px\" \/><\/figure>\n<\/figure>\n\n\n\n<figure class=\"wp-block-image size-large is-resized\"><img loading=\"lazy\" decoding=\"async\" width=\"683\" height=\"1024\" src=\"https:\/\/radioljubuski.ba\/wp-content\/uploads\/2025\/02\/3P0A1766-683x1024.jpg\" alt=\"\" class=\"wp-image-214253\" style=\"width:840px;height:auto\" srcset=\"https:\/\/radioljubuski.ba\/wp-content\/uploads\/2025\/02\/3P0A1766-683x1024.jpg 683w, https:\/\/radioljubuski.ba\/wp-content\/uploads\/2025\/02\/3P0A1766-200x300.jpg 200w, https:\/\/radioljubuski.ba\/wp-content\/uploads\/2025\/02\/3P0A1766-768x1152.jpg 768w, https:\/\/radioljubuski.ba\/wp-content\/uploads\/2025\/02\/3P0A1766-1024x1536.jpg 1024w, https:\/\/radioljubuski.ba\/wp-content\/uploads\/2025\/02\/3P0A1766-1365x2048.jpg 1365w, https:\/\/radioljubuski.ba\/wp-content\/uploads\/2025\/02\/3P0A1766-8x12.jpg 8w, https:\/\/radioljubuski.ba\/wp-content\/uploads\/2025\/02\/3P0A1766-scaled.jpg 1707w\" sizes=\"auto, (max-width: 683px) 100vw, 683px\" \/><\/figure>\n\n\n\n<figure class=\"wp-block-gallery has-nested-images columns-default is-cropped wp-block-gallery-3 is-layout-flex wp-block-gallery-is-layout-flex\">\n<figure class=\"wp-block-image size-large\"><img loading=\"lazy\" decoding=\"async\" width=\"1024\" height=\"683\" data-id=\"214263\" src=\"https:\/\/radioljubuski.ba\/wp-content\/uploads\/2025\/02\/3P0A1834-1024x683.jpg\" alt=\"\" class=\"wp-image-214263\" srcset=\"https:\/\/radioljubuski.ba\/wp-content\/uploads\/2025\/02\/3P0A1834-1024x683.jpg 1024w, https:\/\/radioljubuski.ba\/wp-content\/uploads\/2025\/02\/3P0A1834-300x200.jpg 300w, https:\/\/radioljubuski.ba\/wp-content\/uploads\/2025\/02\/3P0A1834-768x512.jpg 768w, https:\/\/radioljubuski.ba\/wp-content\/uploads\/2025\/02\/3P0A1834-1536x1024.jpg 1536w, https:\/\/radioljubuski.ba\/wp-content\/uploads\/2025\/02\/3P0A1834-2048x1365.jpg 2048w, https:\/\/radioljubuski.ba\/wp-content\/uploads\/2025\/02\/3P0A1834-18x12.jpg 18w\" sizes=\"auto, (max-width: 1024px) 100vw, 1024px\" \/><\/figure>\n<\/figure>\n\n\n\n<figure class=\"wp-block-image size-large\"><img loading=\"lazy\" decoding=\"async\" width=\"1024\" height=\"683\" src=\"https:\/\/radioljubuski.ba\/wp-content\/uploads\/2025\/02\/3P0A1796-1024x683.jpg\" alt=\"\" class=\"wp-image-214262\" srcset=\"https:\/\/radioljubuski.ba\/wp-content\/uploads\/2025\/02\/3P0A1796-1024x683.jpg 1024w, https:\/\/radioljubuski.ba\/wp-content\/uploads\/2025\/02\/3P0A1796-300x200.jpg 300w, https:\/\/radioljubuski.ba\/wp-content\/uploads\/2025\/02\/3P0A1796-768x512.jpg 768w, https:\/\/radioljubuski.ba\/wp-content\/uploads\/2025\/02\/3P0A1796-1536x1024.jpg 1536w, https:\/\/radioljubuski.ba\/wp-content\/uploads\/2025\/02\/3P0A1796-2048x1365.jpg 2048w, https:\/\/radioljubuski.ba\/wp-content\/uploads\/2025\/02\/3P0A1796-18x12.jpg 18w\" sizes=\"auto, (max-width: 1024px) 100vw, 1024px\" \/><\/figure>\n\n\n\n<p>Valentin \u0106ori\u0107, general-bojnik i diplomirani in\u017eenjer strojarstva, u svojoj knjizi donosi autenti\u010dnu ispovijest o petnaestogodi\u0161njem zato\u010deni\u0161tvu u Haagu, gdje je bio optu\u017een zajedno s petoricom vo\u0111a HVO-a. <\/p>\n\n\n\n<p>&#8220;In vino libertas&#8221; opisuje \u017eivot u zatvorskoj \u0107eliji, svakodnevne izazove i nastojanja da se prona\u0111e smisao i snaga unato\u010d neslobodi. Posebno intrigantan dio knjige otkriva kako je autor, usprkos strogim zatvorskim pravilima, uspio proizvesti 1.200 litara vina, pretvaraju\u0107i tako kapljice vina u simbol otpora i slobode.<\/p>\n\n\n\n<figure class=\"wp-block-image size-large\"><img loading=\"lazy\" decoding=\"async\" width=\"1024\" height=\"683\" src=\"https:\/\/radioljubuski.ba\/wp-content\/uploads\/2025\/02\/3P0A1778-1024x683.jpg\" alt=\"\" class=\"wp-image-214272\" srcset=\"https:\/\/radioljubuski.ba\/wp-content\/uploads\/2025\/02\/3P0A1778-1024x683.jpg 1024w, https:\/\/radioljubuski.ba\/wp-content\/uploads\/2025\/02\/3P0A1778-300x200.jpg 300w, https:\/\/radioljubuski.ba\/wp-content\/uploads\/2025\/02\/3P0A1778-768x512.jpg 768w, https:\/\/radioljubuski.ba\/wp-content\/uploads\/2025\/02\/3P0A1778-1536x1024.jpg 1536w, https:\/\/radioljubuski.ba\/wp-content\/uploads\/2025\/02\/3P0A1778-2048x1365.jpg 2048w, https:\/\/radioljubuski.ba\/wp-content\/uploads\/2025\/02\/3P0A1778-18x12.jpg 18w\" sizes=\"auto, (max-width: 1024px) 100vw, 1024px\" \/><\/figure>\n\n\n\n<figure class=\"wp-block-gallery has-nested-images columns-default is-cropped wp-block-gallery-4 is-layout-flex wp-block-gallery-is-layout-flex\">\n<figure class=\"wp-block-image size-large\"><img loading=\"lazy\" decoding=\"async\" width=\"1024\" height=\"683\" data-id=\"214275\" src=\"https:\/\/radioljubuski.ba\/wp-content\/uploads\/2025\/02\/3P0A1842-1024x683.jpg\" alt=\"\" class=\"wp-image-214275\" srcset=\"https:\/\/radioljubuski.ba\/wp-content\/uploads\/2025\/02\/3P0A1842-1024x683.jpg 1024w, https:\/\/radioljubuski.ba\/wp-content\/uploads\/2025\/02\/3P0A1842-300x200.jpg 300w, https:\/\/radioljubuski.ba\/wp-content\/uploads\/2025\/02\/3P0A1842-768x512.jpg 768w, https:\/\/radioljubuski.ba\/wp-content\/uploads\/2025\/02\/3P0A1842-1536x1024.jpg 1536w, https:\/\/radioljubuski.ba\/wp-content\/uploads\/2025\/02\/3P0A1842-2048x1365.jpg 2048w, https:\/\/radioljubuski.ba\/wp-content\/uploads\/2025\/02\/3P0A1842-18x12.jpg 18w\" sizes=\"auto, (max-width: 1024px) 100vw, 1024px\" \/><\/figure>\n<\/figure>\n\n\n\n<figure class=\"wp-block-gallery has-nested-images columns-default is-cropped wp-block-gallery-5 is-layout-flex wp-block-gallery-is-layout-flex\">\n<figure class=\"wp-block-image size-large\"><img loading=\"lazy\" decoding=\"async\" width=\"1024\" height=\"683\" data-id=\"214269\" src=\"https:\/\/radioljubuski.ba\/wp-content\/uploads\/2025\/02\/3P0A1820-1024x683.jpg\" alt=\"\" class=\"wp-image-214269\" srcset=\"https:\/\/radioljubuski.ba\/wp-content\/uploads\/2025\/02\/3P0A1820-1024x683.jpg 1024w, https:\/\/radioljubuski.ba\/wp-content\/uploads\/2025\/02\/3P0A1820-300x200.jpg 300w, https:\/\/radioljubuski.ba\/wp-content\/uploads\/2025\/02\/3P0A1820-768x512.jpg 768w, https:\/\/radioljubuski.ba\/wp-content\/uploads\/2025\/02\/3P0A1820-1536x1024.jpg 1536w, https:\/\/radioljubuski.ba\/wp-content\/uploads\/2025\/02\/3P0A1820-2048x1365.jpg 2048w, https:\/\/radioljubuski.ba\/wp-content\/uploads\/2025\/02\/3P0A1820-18x12.jpg 18w\" sizes=\"auto, (max-width: 1024px) 100vw, 1024px\" \/><\/figure>\n<\/figure>\n\n\n\n<p>Pogledajte cjelovito izlaganje Valentina \u0106ori\u0107a: <\/p>\n\n\n\n<figure class=\"wp-block-video\"><video height=\"480\" style=\"aspect-ratio: 848 \/ 480;\" width=\"848\" controls src=\"https:\/\/radioljubuski.ba\/wp-content\/uploads\/2025\/02\/WhatsApp-Video-2025-02-23-at-21.26.01-1-1.mp4\"><\/video><\/figure>\n\n\n\n<figure class=\"wp-block-video\"><video height=\"480\" style=\"aspect-ratio: 848 \/ 480;\" width=\"848\" controls src=\"https:\/\/radioljubuski.ba\/wp-content\/uploads\/2025\/02\/WhatsApp-Video-2025-02-23-at-21.31.57.mp4\"><\/video><\/figure>\n\n\n\n<p>Pogledajte dijelove izlaganja Slobodana Prosperova Novaka, Bosiljka Mi\u0161eti\u0107a i Ivana Tolja :<\/p>\n\n\n\n<figure class=\"wp-block-video\"><video height=\"480\" style=\"aspect-ratio: 848 \/ 480;\" width=\"848\" controls src=\"https:\/\/radioljubuski.ba\/wp-content\/uploads\/2025\/02\/WhatsApp-Video-2025-02-23-at-21.40.39.mp4\"><\/video><\/figure>\n\n\n\n<figure class=\"wp-block-video\"><video height=\"480\" style=\"aspect-ratio: 848 \/ 480;\" width=\"848\" controls src=\"https:\/\/radioljubuski.ba\/wp-content\/uploads\/2025\/02\/WhatsApp-Video-2025-02-23-at-21.45.07.mp4\"><\/video><\/figure>\n\n\n\n<figure class=\"wp-block-video\"><video height=\"480\" style=\"aspect-ratio: 848 \/ 480;\" width=\"848\" controls src=\"https:\/\/radioljubuski.ba\/wp-content\/uploads\/2025\/02\/WhatsApp-Video-2025-02-23-at-21.45.54.mp4\"><\/video><\/figure>\n\n\n\n<figure class=\"wp-block-gallery has-nested-images columns-default is-cropped wp-block-gallery-6 is-layout-flex wp-block-gallery-is-layout-flex\">\n<figure class=\"wp-block-image size-large\"><img loading=\"lazy\" decoding=\"async\" width=\"1024\" height=\"683\" data-id=\"214267\" src=\"https:\/\/radioljubuski.ba\/wp-content\/uploads\/2025\/02\/3P0A1841-1024x683.jpg\" alt=\"\" class=\"wp-image-214267\" srcset=\"https:\/\/radioljubuski.ba\/wp-content\/uploads\/2025\/02\/3P0A1841-1024x683.jpg 1024w, https:\/\/radioljubuski.ba\/wp-content\/uploads\/2025\/02\/3P0A1841-300x200.jpg 300w, https:\/\/radioljubuski.ba\/wp-content\/uploads\/2025\/02\/3P0A1841-768x512.jpg 768w, https:\/\/radioljubuski.ba\/wp-content\/uploads\/2025\/02\/3P0A1841-1536x1024.jpg 1536w, https:\/\/radioljubuski.ba\/wp-content\/uploads\/2025\/02\/3P0A1841-2048x1365.jpg 2048w, https:\/\/radioljubuski.ba\/wp-content\/uploads\/2025\/02\/3P0A1841-18x12.jpg 18w\" sizes=\"auto, (max-width: 1024px) 100vw, 1024px\" \/><\/figure>\n\n\n\n<figure class=\"wp-block-image size-large\"><img loading=\"lazy\" decoding=\"async\" width=\"1024\" height=\"683\" data-id=\"214273\" src=\"https:\/\/radioljubuski.ba\/wp-content\/uploads\/2025\/02\/3P0A1781-1024x683.jpg\" alt=\"\" class=\"wp-image-214273\" srcset=\"https:\/\/radioljubuski.ba\/wp-content\/uploads\/2025\/02\/3P0A1781-1024x683.jpg 1024w, https:\/\/radioljubuski.ba\/wp-content\/uploads\/2025\/02\/3P0A1781-300x200.jpg 300w, https:\/\/radioljubuski.ba\/wp-content\/uploads\/2025\/02\/3P0A1781-768x512.jpg 768w, https:\/\/radioljubuski.ba\/wp-content\/uploads\/2025\/02\/3P0A1781-1536x1024.jpg 1536w, https:\/\/radioljubuski.ba\/wp-content\/uploads\/2025\/02\/3P0A1781-2048x1365.jpg 2048w, https:\/\/radioljubuski.ba\/wp-content\/uploads\/2025\/02\/3P0A1781-18x12.jpg 18w\" sizes=\"auto, (max-width: 1024px) 100vw, 1024px\" \/><\/figure>\n<\/figure>\n\n\n\n<figure class=\"wp-block-gallery has-nested-images columns-default is-cropped wp-block-gallery-7 is-layout-flex wp-block-gallery-is-layout-flex\">\n<figure class=\"wp-block-image size-large\"><img loading=\"lazy\" decoding=\"async\" width=\"1024\" height=\"683\" data-id=\"214268\" src=\"https:\/\/radioljubuski.ba\/wp-content\/uploads\/2025\/02\/3P0A1783-1024x683.jpg\" alt=\"\" class=\"wp-image-214268\" srcset=\"https:\/\/radioljubuski.ba\/wp-content\/uploads\/2025\/02\/3P0A1783-1024x683.jpg 1024w, https:\/\/radioljubuski.ba\/wp-content\/uploads\/2025\/02\/3P0A1783-300x200.jpg 300w, https:\/\/radioljubuski.ba\/wp-content\/uploads\/2025\/02\/3P0A1783-768x512.jpg 768w, https:\/\/radioljubuski.ba\/wp-content\/uploads\/2025\/02\/3P0A1783-1536x1024.jpg 1536w, https:\/\/radioljubuski.ba\/wp-content\/uploads\/2025\/02\/3P0A1783-2048x1365.jpg 2048w, https:\/\/radioljubuski.ba\/wp-content\/uploads\/2025\/02\/3P0A1783-18x12.jpg 18w\" sizes=\"auto, (max-width: 1024px) 100vw, 1024px\" \/><\/figure>\n\n\n\n<figure class=\"wp-block-image size-large\"><img loading=\"lazy\" decoding=\"async\" width=\"1024\" height=\"683\" data-id=\"214256\" src=\"https:\/\/radioljubuski.ba\/wp-content\/uploads\/2025\/02\/3P0A1773-1024x683.jpg\" alt=\"\" class=\"wp-image-214256\" srcset=\"https:\/\/radioljubuski.ba\/wp-content\/uploads\/2025\/02\/3P0A1773-1024x683.jpg 1024w, https:\/\/radioljubuski.ba\/wp-content\/uploads\/2025\/02\/3P0A1773-300x200.jpg 300w, https:\/\/radioljubuski.ba\/wp-content\/uploads\/2025\/02\/3P0A1773-768x512.jpg 768w, https:\/\/radioljubuski.ba\/wp-content\/uploads\/2025\/02\/3P0A1773-1536x1024.jpg 1536w, https:\/\/radioljubuski.ba\/wp-content\/uploads\/2025\/02\/3P0A1773-2048x1365.jpg 2048w, https:\/\/radioljubuski.ba\/wp-content\/uploads\/2025\/02\/3P0A1773-18x12.jpg 18w\" sizes=\"auto, (max-width: 1024px) 100vw, 1024px\" \/><\/figure>\n<\/figure>\n\n\n\n<p>Na kraju ve\u010deri posjetitelji su imali priliku kupiti knjigu, te u\u017eivati u simboli\u010dnoj &#8220;pao\u010dkoj kapljici&#8221; In vino libertas&#8221; uz razgovor s autorom.<\/p>\n\n\n\n<p>Poslu\u0161ajte izjave:<\/p>\n\n\n\n<figure class=\"wp-block-audio\"><audio controls src=\"https:\/\/radioljubuski.ba\/wp-content\/uploads\/2025\/02\/In-vino-libertas-\u2013-Autobiografski-zapisi-iz-Haaga.mp3\"><\/audio><\/figure>\n\n\n\n<figure class=\"wp-block-embed is-type-wp-embed is-provider-radio-ljubu-ki wp-block-embed-radio-ljubu-ki\"><div class=\"wp-block-embed__wrapper\">\n<blockquote class=\"wp-embedded-content\" data-secret=\"l8AiTZiL7B\"><a href=\"https:\/\/radioljubuski.ba\/index.php\/2025\/02\/11\/donosimo-program-svecanog-obiljezavanja-dana-grada-ljubuskog-koji-pocinje-u-subotu-15-veljace\/\">Donosimo program sve\u010danog obilje\u017eavanja Dana Grada Ljubu\u0161kog<\/a><\/blockquote><iframe loading=\"lazy\" class=\"wp-embedded-content\" sandbox=\"allow-scripts\" security=\"restricted\" style=\"position: absolute; visibility: hidden;\" title=\"&#8220;Donosimo program sve\u010danog obilje\u017eavanja Dana Grada Ljubu\u0161kog&#8221; &#8212;   RADIO LJUBU\u0160KI\" src=\"https:\/\/radioljubuski.ba\/index.php\/2025\/02\/11\/donosimo-program-svecanog-obiljezavanja-dana-grada-ljubuskog-koji-pocinje-u-subotu-15-veljace\/embed\/#?secret=kVxCjYn2Qy#?secret=l8AiTZiL7B\" data-secret=\"l8AiTZiL7B\" width=\"600\" height=\"338\" frameborder=\"0\" marginwidth=\"0\" marginheight=\"0\" scrolling=\"no\"><\/iframe>\n<\/div><\/figure>\n\n\n\n<p>G. Ili\u0107<\/p>\n","protected":false},"excerpt":{"rendered":"<p>U okviru obilje\u017eavanja Dana Grada Ljubu\u0161kog, u nedjelju 23. velja\u010de u hotelu Bigeste predstavljena je knjiga \u201eIn vino libertas \u2013 Autobiografski zapisi iz Haaga\u201cautora Valentina \u0106ori\u0107a. Predstavljanje je odr\u017eano u organizaciji Grada Ljubu\u0161kog i naklade P.I.P. Pavi\u010di\u0107 d.o.o. Zagreb. Prisutne je u ime Grada Ljubu\u0161kog pozdravio gradona\u010delnik Vedran Markoti\u0107 koji je uputio zahvalu svima koji [&hellip;]<\/p>\n","protected":false},"author":2,"featured_media":214283,"comment_status":"closed","ping_status":"closed","sticky":false,"template":"","format":"standard","meta":{"h5ap_radio_sources":[],"footnotes":""},"categories":[3,28],"tags":[],"class_list":["post-214247","post","type-post","status-publish","format-standard","has-post-thumbnail","hentry","category-ljubuski","category-novosti"],"yoast_head":"<!-- This site is optimized with the Yoast SEO plugin v27.5 - https:\/\/yoast.com\/product\/yoast-seo-wordpress\/ -->\n<title>Dan grada:Predstavljena knjiga Valentina \u0106ori\u0107a\u201eIn vino libertas \u2013 Autobiografski zapisi iz Haaga\u201c - RADIO LJUBU\u0160KI<\/title>\n<meta name=\"robots\" content=\"index, follow, max-snippet:-1, max-image-preview:large, max-video-preview:-1\" \/>\n<link rel=\"canonical\" href=\"https:\/\/radioljubuski.ba\/index.php\/2025\/02\/23\/dan-gradapredstavljena-knjiga-valentina-coricain-vino-libertas-autobiografski-zapisi-iz-haagau-sklopu-obiljezavanja-dana-grada-ljubuskog\/\" \/>\n<meta property=\"og:locale\" content=\"hr_HR\" \/>\n<meta property=\"og:type\" content=\"article\" \/>\n<meta property=\"og:title\" content=\"Dan grada:Predstavljena knjiga Valentina \u0106ori\u0107a\u201eIn vino libertas \u2013 Autobiografski zapisi iz Haaga\u201c - RADIO LJUBU\u0160KI\" \/>\n<meta property=\"og:description\" content=\"U okviru obilje\u017eavanja Dana Grada Ljubu\u0161kog, u nedjelju 23. velja\u010de u hotelu Bigeste predstavljena je knjiga \u201eIn vino libertas \u2013 Autobiografski zapisi iz Haaga\u201cautora Valentina \u0106ori\u0107a. Predstavljanje je odr\u017eano u organizaciji Grada Ljubu\u0161kog i naklade P.I.P. Pavi\u010di\u0107 d.o.o. Zagreb. Prisutne je u ime Grada Ljubu\u0161kog pozdravio gradona\u010delnik Vedran Markoti\u0107 koji je uputio zahvalu svima koji [&hellip;]\" \/>\n<meta property=\"og:url\" content=\"https:\/\/radioljubuski.ba\/index.php\/2025\/02\/23\/dan-gradapredstavljena-knjiga-valentina-coricain-vino-libertas-autobiografski-zapisi-iz-haagau-sklopu-obiljezavanja-dana-grada-ljubuskog\/\" \/>\n<meta property=\"og:site_name\" content=\"RADIO LJUBU\u0160KI\" \/>\n<meta property=\"article:publisher\" content=\"https:\/\/www.facebook.com\/Radiio-Ljubuski-1490835324566332\" \/>\n<meta property=\"article:published_time\" content=\"2025-02-23T21:08:07+00:00\" \/>\n<meta property=\"article:modified_time\" content=\"2025-02-23T21:44:24+00:00\" \/>\n<meta property=\"og:image\" content=\"https:\/\/radioljubuski.ba\/wp-content\/uploads\/2025\/02\/naslovna-scaled.jpg\" \/>\n\t<meta property=\"og:image:width\" content=\"2560\" \/>\n\t<meta property=\"og:image:height\" content=\"1707\" \/>\n\t<meta property=\"og:image:type\" content=\"image\/jpeg\" \/>\n<meta name=\"author\" content=\"Radio Ljubu\u0161ki\" \/>\n<meta name=\"twitter:card\" content=\"summary_large_image\" \/>\n<meta name=\"twitter:creator\" content=\"@radioljubuski\" \/>\n<meta name=\"twitter:site\" content=\"@radioljubuski\" \/>\n<meta name=\"twitter:label1\" content=\"Napisao\/la\" \/>\n\t<meta name=\"twitter:data1\" content=\"Radio Ljubu\u0161ki\" \/>\n\t<meta name=\"twitter:label2\" content=\"Procijenjeno vrijeme \u010ditanja\" \/>\n\t<meta name=\"twitter:data2\" content=\"5 minuta\" \/>\n<script type=\"application\/ld+json\" class=\"yoast-schema-graph\">{\"@context\":\"https:\\\/\\\/schema.org\",\"@graph\":[{\"@type\":\"Article\",\"@id\":\"https:\\\/\\\/radioljubuski.ba\\\/index.php\\\/2025\\\/02\\\/23\\\/dan-gradapredstavljena-knjiga-valentina-coricain-vino-libertas-autobiografski-zapisi-iz-haagau-sklopu-obiljezavanja-dana-grada-ljubuskog\\\/#article\",\"isPartOf\":{\"@id\":\"https:\\\/\\\/radioljubuski.ba\\\/index.php\\\/2025\\\/02\\\/23\\\/dan-gradapredstavljena-knjiga-valentina-coricain-vino-libertas-autobiografski-zapisi-iz-haagau-sklopu-obiljezavanja-dana-grada-ljubuskog\\\/\"},\"author\":{\"name\":\"Radio Ljubu\u0161ki\",\"@id\":\"https:\\\/\\\/radioljubuski.ba\\\/#\\\/schema\\\/person\\\/19fc700381a780f69665d7956c469e3b\"},\"headline\":\"Dan grada:Predstavljena knjiga Valentina \u0106ori\u0107a\u201eIn vino libertas \u2013 Autobiografski zapisi iz Haaga\u201c\",\"datePublished\":\"2025-02-23T21:08:07+00:00\",\"dateModified\":\"2025-02-23T21:44:24+00:00\",\"mainEntityOfPage\":{\"@id\":\"https:\\\/\\\/radioljubuski.ba\\\/index.php\\\/2025\\\/02\\\/23\\\/dan-gradapredstavljena-knjiga-valentina-coricain-vino-libertas-autobiografski-zapisi-iz-haagau-sklopu-obiljezavanja-dana-grada-ljubuskog\\\/\"},\"wordCount\":279,\"publisher\":{\"@id\":\"https:\\\/\\\/radioljubuski.ba\\\/#organization\"},\"image\":{\"@id\":\"https:\\\/\\\/radioljubuski.ba\\\/index.php\\\/2025\\\/02\\\/23\\\/dan-gradapredstavljena-knjiga-valentina-coricain-vino-libertas-autobiografski-zapisi-iz-haagau-sklopu-obiljezavanja-dana-grada-ljubuskog\\\/#primaryimage\"},\"thumbnailUrl\":\"https:\\\/\\\/radioljubuski.ba\\\/wp-content\\\/uploads\\\/2025\\\/02\\\/naslovna-scaled.jpg\",\"articleSection\":[\"Ljubu\u0161ki\",\"Novosti\"],\"inLanguage\":\"hr\"},{\"@type\":\"WebPage\",\"@id\":\"https:\\\/\\\/radioljubuski.ba\\\/index.php\\\/2025\\\/02\\\/23\\\/dan-gradapredstavljena-knjiga-valentina-coricain-vino-libertas-autobiografski-zapisi-iz-haagau-sklopu-obiljezavanja-dana-grada-ljubuskog\\\/\",\"url\":\"https:\\\/\\\/radioljubuski.ba\\\/index.php\\\/2025\\\/02\\\/23\\\/dan-gradapredstavljena-knjiga-valentina-coricain-vino-libertas-autobiografski-zapisi-iz-haagau-sklopu-obiljezavanja-dana-grada-ljubuskog\\\/\",\"name\":\"Dan grada:Predstavljena knjiga Valentina \u0106ori\u0107a\u201eIn vino libertas \u2013 Autobiografski zapisi iz Haaga\u201c - RADIO LJUBU\u0160KI\",\"isPartOf\":{\"@id\":\"https:\\\/\\\/radioljubuski.ba\\\/#website\"},\"primaryImageOfPage\":{\"@id\":\"https:\\\/\\\/radioljubuski.ba\\\/index.php\\\/2025\\\/02\\\/23\\\/dan-gradapredstavljena-knjiga-valentina-coricain-vino-libertas-autobiografski-zapisi-iz-haagau-sklopu-obiljezavanja-dana-grada-ljubuskog\\\/#primaryimage\"},\"image\":{\"@id\":\"https:\\\/\\\/radioljubuski.ba\\\/index.php\\\/2025\\\/02\\\/23\\\/dan-gradapredstavljena-knjiga-valentina-coricain-vino-libertas-autobiografski-zapisi-iz-haagau-sklopu-obiljezavanja-dana-grada-ljubuskog\\\/#primaryimage\"},\"thumbnailUrl\":\"https:\\\/\\\/radioljubuski.ba\\\/wp-content\\\/uploads\\\/2025\\\/02\\\/naslovna-scaled.jpg\",\"datePublished\":\"2025-02-23T21:08:07+00:00\",\"dateModified\":\"2025-02-23T21:44:24+00:00\",\"breadcrumb\":{\"@id\":\"https:\\\/\\\/radioljubuski.ba\\\/index.php\\\/2025\\\/02\\\/23\\\/dan-gradapredstavljena-knjiga-valentina-coricain-vino-libertas-autobiografski-zapisi-iz-haagau-sklopu-obiljezavanja-dana-grada-ljubuskog\\\/#breadcrumb\"},\"inLanguage\":\"hr\",\"potentialAction\":[{\"@type\":\"ReadAction\",\"target\":[\"https:\\\/\\\/radioljubuski.ba\\\/index.php\\\/2025\\\/02\\\/23\\\/dan-gradapredstavljena-knjiga-valentina-coricain-vino-libertas-autobiografski-zapisi-iz-haagau-sklopu-obiljezavanja-dana-grada-ljubuskog\\\/\"]}]},{\"@type\":\"ImageObject\",\"inLanguage\":\"hr\",\"@id\":\"https:\\\/\\\/radioljubuski.ba\\\/index.php\\\/2025\\\/02\\\/23\\\/dan-gradapredstavljena-knjiga-valentina-coricain-vino-libertas-autobiografski-zapisi-iz-haagau-sklopu-obiljezavanja-dana-grada-ljubuskog\\\/#primaryimage\",\"url\":\"https:\\\/\\\/radioljubuski.ba\\\/wp-content\\\/uploads\\\/2025\\\/02\\\/naslovna-scaled.jpg\",\"contentUrl\":\"https:\\\/\\\/radioljubuski.ba\\\/wp-content\\\/uploads\\\/2025\\\/02\\\/naslovna-scaled.jpg\",\"width\":2560,\"height\":1707},{\"@type\":\"BreadcrumbList\",\"@id\":\"https:\\\/\\\/radioljubuski.ba\\\/index.php\\\/2025\\\/02\\\/23\\\/dan-gradapredstavljena-knjiga-valentina-coricain-vino-libertas-autobiografski-zapisi-iz-haagau-sklopu-obiljezavanja-dana-grada-ljubuskog\\\/#breadcrumb\",\"itemListElement\":[{\"@type\":\"ListItem\",\"position\":1,\"name\":\"Po\u010detna stranica\",\"item\":\"https:\\\/\\\/radioljubuski.ba\\\/\"},{\"@type\":\"ListItem\",\"position\":2,\"name\":\"Dan grada:Predstavljena knjiga Valentina \u0106ori\u0107a\u201eIn vino libertas \u2013 Autobiografski zapisi iz Haaga\u201c\"}]},{\"@type\":\"WebSite\",\"@id\":\"https:\\\/\\\/radioljubuski.ba\\\/#website\",\"url\":\"https:\\\/\\\/radioljubuski.ba\\\/\",\"name\":\"Radio Ljubu\u0161ki\",\"description\":\"Sun\u010dana frekvencija Hercegovine\",\"publisher\":{\"@id\":\"https:\\\/\\\/radioljubuski.ba\\\/#organization\"},\"potentialAction\":[{\"@type\":\"SearchAction\",\"target\":{\"@type\":\"EntryPoint\",\"urlTemplate\":\"https:\\\/\\\/radioljubuski.ba\\\/?s={search_term_string}\"},\"query-input\":{\"@type\":\"PropertyValueSpecification\",\"valueRequired\":true,\"valueName\":\"search_term_string\"}}],\"inLanguage\":\"hr\"},{\"@type\":\"Organization\",\"@id\":\"https:\\\/\\\/radioljubuski.ba\\\/#organization\",\"name\":\"Radio Ljubu\u0161ki\",\"url\":\"https:\\\/\\\/radioljubuski.ba\\\/\",\"logo\":{\"@type\":\"ImageObject\",\"inLanguage\":\"hr\",\"@id\":\"https:\\\/\\\/radioljubuski.ba\\\/#\\\/schema\\\/logo\\\/image\\\/\",\"url\":\"https:\\\/\\\/radioljubuski.ba\\\/wp-content\\\/uploads\\\/2021\\\/02\\\/cropped-Radio_Ljubuski_logo1.jpg\",\"contentUrl\":\"https:\\\/\\\/radioljubuski.ba\\\/wp-content\\\/uploads\\\/2021\\\/02\\\/cropped-Radio_Ljubuski_logo1.jpg\",\"width\":512,\"height\":512,\"caption\":\"Radio Ljubu\u0161ki\"},\"image\":{\"@id\":\"https:\\\/\\\/radioljubuski.ba\\\/#\\\/schema\\\/logo\\\/image\\\/\"},\"sameAs\":[\"https:\\\/\\\/www.facebook.com\\\/Radiio-Ljubuski-1490835324566332\",\"https:\\\/\\\/x.com\\\/radioljubuski\",\"https:\\\/\\\/hr.linkedin.com\\\/company\\\/radio-ljubuski\",\"https:\\\/\\\/www.youtube.com\\\/channel\\\/UCHYaeO_n0Db3tjNGudGpXyw\"]},{\"@type\":\"Person\",\"@id\":\"https:\\\/\\\/radioljubuski.ba\\\/#\\\/schema\\\/person\\\/19fc700381a780f69665d7956c469e3b\",\"name\":\"Radio Ljubu\u0161ki\"}]}<\/script>\n<!-- \/ Yoast SEO plugin. -->","yoast_head_json":{"title":"Dan grada:Predstavljena knjiga Valentina \u0106ori\u0107a\u201eIn vino libertas \u2013 Autobiografski zapisi iz Haaga\u201c - RADIO LJUBU\u0160KI","robots":{"index":"index","follow":"follow","max-snippet":"max-snippet:-1","max-image-preview":"max-image-preview:large","max-video-preview":"max-video-preview:-1"},"canonical":"https:\/\/radioljubuski.ba\/index.php\/2025\/02\/23\/dan-gradapredstavljena-knjiga-valentina-coricain-vino-libertas-autobiografski-zapisi-iz-haagau-sklopu-obiljezavanja-dana-grada-ljubuskog\/","og_locale":"hr_HR","og_type":"article","og_title":"Dan grada:Predstavljena knjiga Valentina \u0106ori\u0107a\u201eIn vino libertas \u2013 Autobiografski zapisi iz Haaga\u201c - RADIO LJUBU\u0160KI","og_description":"U okviru obilje\u017eavanja Dana Grada Ljubu\u0161kog, u nedjelju 23. velja\u010de u hotelu Bigeste predstavljena je knjiga \u201eIn vino libertas \u2013 Autobiografski zapisi iz Haaga\u201cautora Valentina \u0106ori\u0107a. Predstavljanje je odr\u017eano u organizaciji Grada Ljubu\u0161kog i naklade P.I.P. Pavi\u010di\u0107 d.o.o. Zagreb. Prisutne je u ime Grada Ljubu\u0161kog pozdravio gradona\u010delnik Vedran Markoti\u0107 koji je uputio zahvalu svima koji [&hellip;]","og_url":"https:\/\/radioljubuski.ba\/index.php\/2025\/02\/23\/dan-gradapredstavljena-knjiga-valentina-coricain-vino-libertas-autobiografski-zapisi-iz-haagau-sklopu-obiljezavanja-dana-grada-ljubuskog\/","og_site_name":"RADIO LJUBU\u0160KI","article_publisher":"https:\/\/www.facebook.com\/Radiio-Ljubuski-1490835324566332","article_published_time":"2025-02-23T21:08:07+00:00","article_modified_time":"2025-02-23T21:44:24+00:00","og_image":[{"width":2560,"height":1707,"url":"https:\/\/radioljubuski.ba\/wp-content\/uploads\/2025\/02\/naslovna-scaled.jpg","type":"image\/jpeg"}],"author":"Radio Ljubu\u0161ki","twitter_card":"summary_large_image","twitter_creator":"@radioljubuski","twitter_site":"@radioljubuski","twitter_misc":{"Napisao\/la":"Radio Ljubu\u0161ki","Procijenjeno vrijeme \u010ditanja":"5 minuta"},"schema":{"@context":"https:\/\/schema.org","@graph":[{"@type":"Article","@id":"https:\/\/radioljubuski.ba\/index.php\/2025\/02\/23\/dan-gradapredstavljena-knjiga-valentina-coricain-vino-libertas-autobiografski-zapisi-iz-haagau-sklopu-obiljezavanja-dana-grada-ljubuskog\/#article","isPartOf":{"@id":"https:\/\/radioljubuski.ba\/index.php\/2025\/02\/23\/dan-gradapredstavljena-knjiga-valentina-coricain-vino-libertas-autobiografski-zapisi-iz-haagau-sklopu-obiljezavanja-dana-grada-ljubuskog\/"},"author":{"name":"Radio Ljubu\u0161ki","@id":"https:\/\/radioljubuski.ba\/#\/schema\/person\/19fc700381a780f69665d7956c469e3b"},"headline":"Dan grada:Predstavljena knjiga Valentina \u0106ori\u0107a\u201eIn vino libertas \u2013 Autobiografski zapisi iz Haaga\u201c","datePublished":"2025-02-23T21:08:07+00:00","dateModified":"2025-02-23T21:44:24+00:00","mainEntityOfPage":{"@id":"https:\/\/radioljubuski.ba\/index.php\/2025\/02\/23\/dan-gradapredstavljena-knjiga-valentina-coricain-vino-libertas-autobiografski-zapisi-iz-haagau-sklopu-obiljezavanja-dana-grada-ljubuskog\/"},"wordCount":279,"publisher":{"@id":"https:\/\/radioljubuski.ba\/#organization"},"image":{"@id":"https:\/\/radioljubuski.ba\/index.php\/2025\/02\/23\/dan-gradapredstavljena-knjiga-valentina-coricain-vino-libertas-autobiografski-zapisi-iz-haagau-sklopu-obiljezavanja-dana-grada-ljubuskog\/#primaryimage"},"thumbnailUrl":"https:\/\/radioljubuski.ba\/wp-content\/uploads\/2025\/02\/naslovna-scaled.jpg","articleSection":["Ljubu\u0161ki","Novosti"],"inLanguage":"hr"},{"@type":"WebPage","@id":"https:\/\/radioljubuski.ba\/index.php\/2025\/02\/23\/dan-gradapredstavljena-knjiga-valentina-coricain-vino-libertas-autobiografski-zapisi-iz-haagau-sklopu-obiljezavanja-dana-grada-ljubuskog\/","url":"https:\/\/radioljubuski.ba\/index.php\/2025\/02\/23\/dan-gradapredstavljena-knjiga-valentina-coricain-vino-libertas-autobiografski-zapisi-iz-haagau-sklopu-obiljezavanja-dana-grada-ljubuskog\/","name":"Dan grada:Predstavljena knjiga Valentina \u0106ori\u0107a\u201eIn vino libertas \u2013 Autobiografski zapisi iz Haaga\u201c - RADIO LJUBU\u0160KI","isPartOf":{"@id":"https:\/\/radioljubuski.ba\/#website"},"primaryImageOfPage":{"@id":"https:\/\/radioljubuski.ba\/index.php\/2025\/02\/23\/dan-gradapredstavljena-knjiga-valentina-coricain-vino-libertas-autobiografski-zapisi-iz-haagau-sklopu-obiljezavanja-dana-grada-ljubuskog\/#primaryimage"},"image":{"@id":"https:\/\/radioljubuski.ba\/index.php\/2025\/02\/23\/dan-gradapredstavljena-knjiga-valentina-coricain-vino-libertas-autobiografski-zapisi-iz-haagau-sklopu-obiljezavanja-dana-grada-ljubuskog\/#primaryimage"},"thumbnailUrl":"https:\/\/radioljubuski.ba\/wp-content\/uploads\/2025\/02\/naslovna-scaled.jpg","datePublished":"2025-02-23T21:08:07+00:00","dateModified":"2025-02-23T21:44:24+00:00","breadcrumb":{"@id":"https:\/\/radioljubuski.ba\/index.php\/2025\/02\/23\/dan-gradapredstavljena-knjiga-valentina-coricain-vino-libertas-autobiografski-zapisi-iz-haagau-sklopu-obiljezavanja-dana-grada-ljubuskog\/#breadcrumb"},"inLanguage":"hr","potentialAction":[{"@type":"ReadAction","target":["https:\/\/radioljubuski.ba\/index.php\/2025\/02\/23\/dan-gradapredstavljena-knjiga-valentina-coricain-vino-libertas-autobiografski-zapisi-iz-haagau-sklopu-obiljezavanja-dana-grada-ljubuskog\/"]}]},{"@type":"ImageObject","inLanguage":"hr","@id":"https:\/\/radioljubuski.ba\/index.php\/2025\/02\/23\/dan-gradapredstavljena-knjiga-valentina-coricain-vino-libertas-autobiografski-zapisi-iz-haagau-sklopu-obiljezavanja-dana-grada-ljubuskog\/#primaryimage","url":"https:\/\/radioljubuski.ba\/wp-content\/uploads\/2025\/02\/naslovna-scaled.jpg","contentUrl":"https:\/\/radioljubuski.ba\/wp-content\/uploads\/2025\/02\/naslovna-scaled.jpg","width":2560,"height":1707},{"@type":"BreadcrumbList","@id":"https:\/\/radioljubuski.ba\/index.php\/2025\/02\/23\/dan-gradapredstavljena-knjiga-valentina-coricain-vino-libertas-autobiografski-zapisi-iz-haagau-sklopu-obiljezavanja-dana-grada-ljubuskog\/#breadcrumb","itemListElement":[{"@type":"ListItem","position":1,"name":"Po\u010detna stranica","item":"https:\/\/radioljubuski.ba\/"},{"@type":"ListItem","position":2,"name":"Dan grada:Predstavljena knjiga Valentina \u0106ori\u0107a\u201eIn vino libertas \u2013 Autobiografski zapisi iz Haaga\u201c"}]},{"@type":"WebSite","@id":"https:\/\/radioljubuski.ba\/#website","url":"https:\/\/radioljubuski.ba\/","name":"Radio Ljubu\u0161ki","description":"Sun\u010dana frekvencija Hercegovine","publisher":{"@id":"https:\/\/radioljubuski.ba\/#organization"},"potentialAction":[{"@type":"SearchAction","target":{"@type":"EntryPoint","urlTemplate":"https:\/\/radioljubuski.ba\/?s={search_term_string}"},"query-input":{"@type":"PropertyValueSpecification","valueRequired":true,"valueName":"search_term_string"}}],"inLanguage":"hr"},{"@type":"Organization","@id":"https:\/\/radioljubuski.ba\/#organization","name":"Radio Ljubu\u0161ki","url":"https:\/\/radioljubuski.ba\/","logo":{"@type":"ImageObject","inLanguage":"hr","@id":"https:\/\/radioljubuski.ba\/#\/schema\/logo\/image\/","url":"https:\/\/radioljubuski.ba\/wp-content\/uploads\/2021\/02\/cropped-Radio_Ljubuski_logo1.jpg","contentUrl":"https:\/\/radioljubuski.ba\/wp-content\/uploads\/2021\/02\/cropped-Radio_Ljubuski_logo1.jpg","width":512,"height":512,"caption":"Radio Ljubu\u0161ki"},"image":{"@id":"https:\/\/radioljubuski.ba\/#\/schema\/logo\/image\/"},"sameAs":["https:\/\/www.facebook.com\/Radiio-Ljubuski-1490835324566332","https:\/\/x.com\/radioljubuski","https:\/\/hr.linkedin.com\/company\/radio-ljubuski","https:\/\/www.youtube.com\/channel\/UCHYaeO_n0Db3tjNGudGpXyw"]},{"@type":"Person","@id":"https:\/\/radioljubuski.ba\/#\/schema\/person\/19fc700381a780f69665d7956c469e3b","name":"Radio Ljubu\u0161ki"}]}},"_links":{"self":[{"href":"https:\/\/radioljubuski.ba\/index.php\/wp-json\/wp\/v2\/posts\/214247","targetHints":{"allow":["GET"]}}],"collection":[{"href":"https:\/\/radioljubuski.ba\/index.php\/wp-json\/wp\/v2\/posts"}],"about":[{"href":"https:\/\/radioljubuski.ba\/index.php\/wp-json\/wp\/v2\/types\/post"}],"author":[{"embeddable":true,"href":"https:\/\/radioljubuski.ba\/index.php\/wp-json\/wp\/v2\/users\/2"}],"replies":[{"embeddable":true,"href":"https:\/\/radioljubuski.ba\/index.php\/wp-json\/wp\/v2\/comments?post=214247"}],"version-history":[{"count":8,"href":"https:\/\/radioljubuski.ba\/index.php\/wp-json\/wp\/v2\/posts\/214247\/revisions"}],"predecessor-version":[{"id":214288,"href":"https:\/\/radioljubuski.ba\/index.php\/wp-json\/wp\/v2\/posts\/214247\/revisions\/214288"}],"wp:featuredmedia":[{"embeddable":true,"href":"https:\/\/radioljubuski.ba\/index.php\/wp-json\/wp\/v2\/media\/214283"}],"wp:attachment":[{"href":"https:\/\/radioljubuski.ba\/index.php\/wp-json\/wp\/v2\/media?parent=214247"}],"wp:term":[{"taxonomy":"category","embeddable":true,"href":"https:\/\/radioljubuski.ba\/index.php\/wp-json\/wp\/v2\/categories?post=214247"},{"taxonomy":"post_tag","embeddable":true,"href":"https:\/\/radioljubuski.ba\/index.php\/wp-json\/wp\/v2\/tags?post=214247"}],"curies":[{"name":"wp","href":"https:\/\/api.w.org\/{rel}","templated":true}]}}