{"id":214298,"date":"2025-02-24T12:36:05","date_gmt":"2025-02-24T11:36:05","guid":{"rendered":"https:\/\/radioljubuski.ba\/?p=214298"},"modified":"2025-02-24T12:40:30","modified_gmt":"2025-02-24T11:40:30","slug":"odrzana-iv-sjednica-gradskog-vijeca-ljubuski","status":"publish","type":"post","link":"https:\/\/radioljubuski.ba\/index.php\/2025\/02\/24\/odrzana-iv-sjednica-gradskog-vijeca-ljubuski\/","title":{"rendered":"Odr\u017eana IV. sjednica Gradskog vije\u0107a Ljubu\u0161ki (AUDIO)"},"content":{"rendered":"\n<p>IV. sjednica Gradskog vije\u0107a Ljubu\u0161ki odr\u017eana je u ponedjeljak u Gradskoj vije\u0107nici.<\/p>\n\n\n\n<p>Na dnevnom redu bilo je ukupno 14 to\u010daka:<br>1. Usvajanje zapisnika s III. sjednice Gradskog vije\u0107a,<br>2. Aktualni sat (vije\u0107ni\u010dka pitanja, sugestije, prijedlozi i ostalo),<br>3. Prijedlog Zaklju\u010dka o prihva\u0107anju Izvje\u0161\u0107a o ostvarivanju Programa rada Gradskog vije\u0107a Ljubu\u0161ki za 2024. godinu s Izvje\u0161\u0107em o ispitivanju zadovoljstva gra\u0111ana radom Gradskog vije\u0107a Ljubu\u0161ki,<br>4. Prijedlog Programa rada Gradskog vije\u0107a Ljubu\u0161ki za 2025. godinu,<br>5. Prijedlog Odluke o dodjeli javnih priznanja Grada Ljubu\u0161kog za 2024. godinu,<br>6. Prijedlog Odluke o davanju suglasnosti na Odluku o nabavi \u201eIzgradnja senzorskog parka\u201c za potrebe Javne ustanove Edukacijsko-rehabilitacijski centar za djecu, mlade i odrasle osobe s te\u0161ko\u0107ama u razvoju Grada Ljubu\u0161kog,<br>7. Prijedlog Zaklju\u010dka o usvajanju Izvje\u0161\u0107a o realizaciji Ugovora o pru\u017eanju javnih vodnih usluga na podru\u010dju Grada Ljubu\u0161kog,<br>8. Prijedlog Odluke o uvjetima, kriterijima i postupku dodjele prora\u010dunskih sredstava Grada Ljubu\u0161kog za projekte iz podru\u010dja \u0161porta za 2025. godinu,<br>9. Prijedlog Odluke o uvjetima, kriterijima i postupku dodjele prora\u010dunskih sredstava Grada Ljubu\u0161kog za projekte iz podru\u010dja kulture za 2025. godinu,<br>10. Prijedlog Rje\u0161enja o davanju suglasnosti za uvo\u0111enje novih struka \u2013 zanimanja,<br>11. Prijedlog Zaklju\u010dka o zamjeni nekretnina izme\u0111u Grada Ljubu\u0161kog s jedne strane i Milana (Stanko) Vukojevi\u0107a iz Ljubu\u0161kog s druge strane,<br>12. Prijedlog Zaklju\u010dka o zamjeni nekretnina izme\u0111u Grada Ljubu\u0161kog s jedne strane i Jelene (Ante) Mati\u0107 iz Ljubu\u0161kog s druge strane,<br>13. Prijedlog Rje\u0161enja o razrje\u0161enju v.d. ravnatelja Javne ustanove Edukacijsko-rehabilitacijski centar za djecu, mlade i odrasle osobe s te\u0161ko\u0107ama u razvoju Grada Ljubu\u0161kog,<br>14. Prijedlog Rje\u0161enja o davanju suglasnosti na imenovanje ravnatelja Javne ustanove Edukacijsko-rehabilitacijski centar za djecu, mlade i odrasle osobe s te\u0161ko\u0107ama u razvoju Grada Ljubu\u0161kog,<\/p>\n\n\n\n<p>Sve to\u010dke dnevnog reda o kojima se glasovalo usvojene su jednoglasno s izuzetkom 5. to\u010dke dnevnog reda koja je usvojena ve\u0107inom glasova za, uz tri protiv i jednim suzdr\u017eanim glasim.<\/p>\n\n\n\n<p>Grad Ljubu\u0161ki nastavlja praksu iz prethodnih godina dodjele prora\u010dunskih sredstava za kulturu i \u0161port po objavama javnih poziva. Usvojenim prijedlozima odluka o dodjeli sredstava iz podru\u010dja kulture i \u0161porta propisano je tko sve mo\u017ee aplicirati, koje uvjeti aplikanti moraju ispunjavati za sredstva kao i kriteriji za dodjelu sredstava \u010diji \u0107e ukupan iznos za dodjelu biti odre\u0111en u javnim pozivima.<\/p>\n\n\n\n<p>Dana je suglasnost Srednjoj strukovnoj \u0161koli Ru\u0111era Bo\u0161kovi\u0107a u Ljubu\u0161kom za uvo\u0111enje novih struka, odnosno za narednu \u0161kolsku 2025.\/2026 . godinu za smjer gra\u0111evinski tehni\u010dar te suglasnost za imenovanje Zore Skoko za ravnateljice Javne ustanove Edukacijsko-rehabilitacijski centar za djecu, mlade i odrasle osobe s te\u0161ko\u0107ama u razvoju Grada Ljubu\u0161kog.<\/p>\n\n\n\n<p><strong>Cjelovitu audio snimku mo\u017eete poslu\u0161ati ovdje:<\/strong><\/p>\n\n\n\n<figure class=\"wp-block-audio\"><audio controls src=\"https:\/\/radioljubuski.ba\/wp-content\/uploads\/2025\/02\/4-sj.-GVLJ-24-2-25-1.mp3\"><\/audio><\/figure>\n\n\n\n<p><\/p>\n\n\n\n<p>Izvor: Grad Ljubu\u0161ki<\/p>\n","protected":false},"excerpt":{"rendered":"<p>IV. sjednica Gradskog vije\u0107a Ljubu\u0161ki odr\u017eana je u ponedjeljak u Gradskoj vije\u0107nici. Na dnevnom redu bilo je ukupno 14 to\u010daka:1. Usvajanje zapisnika s III. sjednice Gradskog vije\u0107a,2. Aktualni sat (vije\u0107ni\u010dka pitanja, sugestije, prijedlozi i ostalo),3. Prijedlog Zaklju\u010dka o prihva\u0107anju Izvje\u0161\u0107a o ostvarivanju Programa rada Gradskog vije\u0107a Ljubu\u0161ki za 2024. godinu s Izvje\u0161\u0107em o ispitivanju zadovoljstva [&hellip;]<\/p>\n","protected":false},"author":2,"featured_media":214299,"comment_status":"closed","ping_status":"closed","sticky":false,"template":"","format":"standard","meta":{"h5ap_radio_sources":[],"footnotes":""},"categories":[50,28],"tags":[],"class_list":["post-214298","post","type-post","status-publish","format-standard","has-post-thumbnail","hentry","category-gradskovijece","category-novosti"],"yoast_head":"<!-- This site is optimized with the Yoast SEO plugin v27.5 - https:\/\/yoast.com\/product\/yoast-seo-wordpress\/ -->\n<title>Odr\u017eana IV. sjednica Gradskog vije\u0107a Ljubu\u0161ki (AUDIO) - RADIO LJUBU\u0160KI<\/title>\n<meta name=\"robots\" content=\"index, follow, max-snippet:-1, max-image-preview:large, max-video-preview:-1\" \/>\n<link rel=\"canonical\" href=\"https:\/\/radioljubuski.ba\/index.php\/2025\/02\/24\/odrzana-iv-sjednica-gradskog-vijeca-ljubuski\/\" \/>\n<meta property=\"og:locale\" content=\"hr_HR\" \/>\n<meta property=\"og:type\" content=\"article\" \/>\n<meta property=\"og:title\" content=\"Odr\u017eana IV. sjednica Gradskog vije\u0107a Ljubu\u0161ki (AUDIO) - RADIO LJUBU\u0160KI\" \/>\n<meta property=\"og:description\" content=\"IV. sjednica Gradskog vije\u0107a Ljubu\u0161ki odr\u017eana je u ponedjeljak u Gradskoj vije\u0107nici. Na dnevnom redu bilo je ukupno 14 to\u010daka:1. Usvajanje zapisnika s III. sjednice Gradskog vije\u0107a,2. Aktualni sat (vije\u0107ni\u010dka pitanja, sugestije, prijedlozi i ostalo),3. Prijedlog Zaklju\u010dka o prihva\u0107anju Izvje\u0161\u0107a o ostvarivanju Programa rada Gradskog vije\u0107a Ljubu\u0161ki za 2024. godinu s Izvje\u0161\u0107em o ispitivanju zadovoljstva [&hellip;]\" \/>\n<meta property=\"og:url\" content=\"https:\/\/radioljubuski.ba\/index.php\/2025\/02\/24\/odrzana-iv-sjednica-gradskog-vijeca-ljubuski\/\" \/>\n<meta property=\"og:site_name\" content=\"RADIO LJUBU\u0160KI\" \/>\n<meta property=\"article:publisher\" content=\"https:\/\/www.facebook.com\/Radiio-Ljubuski-1490835324566332\" \/>\n<meta property=\"article:published_time\" content=\"2025-02-24T11:36:05+00:00\" \/>\n<meta property=\"article:modified_time\" content=\"2025-02-24T11:40:30+00:00\" \/>\n<meta property=\"og:image\" content=\"https:\/\/radioljubuski.ba\/wp-content\/uploads\/2025\/02\/IMG_7124.jpg\" \/>\n\t<meta property=\"og:image:width\" content=\"1000\" \/>\n\t<meta property=\"og:image:height\" content=\"667\" \/>\n\t<meta property=\"og:image:type\" content=\"image\/jpeg\" \/>\n<meta name=\"author\" content=\"Radio Ljubu\u0161ki\" \/>\n<meta name=\"twitter:card\" content=\"summary_large_image\" \/>\n<meta name=\"twitter:creator\" content=\"@radioljubuski\" \/>\n<meta name=\"twitter:site\" content=\"@radioljubuski\" \/>\n<meta name=\"twitter:label1\" content=\"Napisao\/la\" \/>\n\t<meta name=\"twitter:data1\" content=\"Radio Ljubu\u0161ki\" \/>\n\t<meta name=\"twitter:label2\" content=\"Procijenjeno vrijeme \u010ditanja\" \/>\n\t<meta name=\"twitter:data2\" content=\"3 minute\" \/>\n<script type=\"application\/ld+json\" class=\"yoast-schema-graph\">{\"@context\":\"https:\\\/\\\/schema.org\",\"@graph\":[{\"@type\":\"Article\",\"@id\":\"https:\\\/\\\/radioljubuski.ba\\\/index.php\\\/2025\\\/02\\\/24\\\/odrzana-iv-sjednica-gradskog-vijeca-ljubuski\\\/#article\",\"isPartOf\":{\"@id\":\"https:\\\/\\\/radioljubuski.ba\\\/index.php\\\/2025\\\/02\\\/24\\\/odrzana-iv-sjednica-gradskog-vijeca-ljubuski\\\/\"},\"author\":{\"name\":\"Radio Ljubu\u0161ki\",\"@id\":\"https:\\\/\\\/radioljubuski.ba\\\/#\\\/schema\\\/person\\\/19fc700381a780f69665d7956c469e3b\"},\"headline\":\"Odr\u017eana IV. sjednica Gradskog vije\u0107a Ljubu\u0161ki (AUDIO)\",\"datePublished\":\"2025-02-24T11:36:05+00:00\",\"dateModified\":\"2025-02-24T11:40:30+00:00\",\"mainEntityOfPage\":{\"@id\":\"https:\\\/\\\/radioljubuski.ba\\\/index.php\\\/2025\\\/02\\\/24\\\/odrzana-iv-sjednica-gradskog-vijeca-ljubuski\\\/\"},\"wordCount\":488,\"publisher\":{\"@id\":\"https:\\\/\\\/radioljubuski.ba\\\/#organization\"},\"image\":{\"@id\":\"https:\\\/\\\/radioljubuski.ba\\\/index.php\\\/2025\\\/02\\\/24\\\/odrzana-iv-sjednica-gradskog-vijeca-ljubuski\\\/#primaryimage\"},\"thumbnailUrl\":\"https:\\\/\\\/radioljubuski.ba\\\/wp-content\\\/uploads\\\/2025\\\/02\\\/IMG_7124.jpg\",\"articleSection\":[\"GV Ljubu\u0161ki\",\"Novosti\"],\"inLanguage\":\"hr\"},{\"@type\":\"WebPage\",\"@id\":\"https:\\\/\\\/radioljubuski.ba\\\/index.php\\\/2025\\\/02\\\/24\\\/odrzana-iv-sjednica-gradskog-vijeca-ljubuski\\\/\",\"url\":\"https:\\\/\\\/radioljubuski.ba\\\/index.php\\\/2025\\\/02\\\/24\\\/odrzana-iv-sjednica-gradskog-vijeca-ljubuski\\\/\",\"name\":\"Odr\u017eana IV. sjednica Gradskog vije\u0107a Ljubu\u0161ki (AUDIO) - RADIO LJUBU\u0160KI\",\"isPartOf\":{\"@id\":\"https:\\\/\\\/radioljubuski.ba\\\/#website\"},\"primaryImageOfPage\":{\"@id\":\"https:\\\/\\\/radioljubuski.ba\\\/index.php\\\/2025\\\/02\\\/24\\\/odrzana-iv-sjednica-gradskog-vijeca-ljubuski\\\/#primaryimage\"},\"image\":{\"@id\":\"https:\\\/\\\/radioljubuski.ba\\\/index.php\\\/2025\\\/02\\\/24\\\/odrzana-iv-sjednica-gradskog-vijeca-ljubuski\\\/#primaryimage\"},\"thumbnailUrl\":\"https:\\\/\\\/radioljubuski.ba\\\/wp-content\\\/uploads\\\/2025\\\/02\\\/IMG_7124.jpg\",\"datePublished\":\"2025-02-24T11:36:05+00:00\",\"dateModified\":\"2025-02-24T11:40:30+00:00\",\"breadcrumb\":{\"@id\":\"https:\\\/\\\/radioljubuski.ba\\\/index.php\\\/2025\\\/02\\\/24\\\/odrzana-iv-sjednica-gradskog-vijeca-ljubuski\\\/#breadcrumb\"},\"inLanguage\":\"hr\",\"potentialAction\":[{\"@type\":\"ReadAction\",\"target\":[\"https:\\\/\\\/radioljubuski.ba\\\/index.php\\\/2025\\\/02\\\/24\\\/odrzana-iv-sjednica-gradskog-vijeca-ljubuski\\\/\"]}]},{\"@type\":\"ImageObject\",\"inLanguage\":\"hr\",\"@id\":\"https:\\\/\\\/radioljubuski.ba\\\/index.php\\\/2025\\\/02\\\/24\\\/odrzana-iv-sjednica-gradskog-vijeca-ljubuski\\\/#primaryimage\",\"url\":\"https:\\\/\\\/radioljubuski.ba\\\/wp-content\\\/uploads\\\/2025\\\/02\\\/IMG_7124.jpg\",\"contentUrl\":\"https:\\\/\\\/radioljubuski.ba\\\/wp-content\\\/uploads\\\/2025\\\/02\\\/IMG_7124.jpg\",\"width\":1000,\"height\":667},{\"@type\":\"BreadcrumbList\",\"@id\":\"https:\\\/\\\/radioljubuski.ba\\\/index.php\\\/2025\\\/02\\\/24\\\/odrzana-iv-sjednica-gradskog-vijeca-ljubuski\\\/#breadcrumb\",\"itemListElement\":[{\"@type\":\"ListItem\",\"position\":1,\"name\":\"Po\u010detna stranica\",\"item\":\"https:\\\/\\\/radioljubuski.ba\\\/\"},{\"@type\":\"ListItem\",\"position\":2,\"name\":\"Odr\u017eana IV. sjednica Gradskog vije\u0107a Ljubu\u0161ki (AUDIO)\"}]},{\"@type\":\"WebSite\",\"@id\":\"https:\\\/\\\/radioljubuski.ba\\\/#website\",\"url\":\"https:\\\/\\\/radioljubuski.ba\\\/\",\"name\":\"Radio Ljubu\u0161ki\",\"description\":\"Sun\u010dana frekvencija Hercegovine\",\"publisher\":{\"@id\":\"https:\\\/\\\/radioljubuski.ba\\\/#organization\"},\"potentialAction\":[{\"@type\":\"SearchAction\",\"target\":{\"@type\":\"EntryPoint\",\"urlTemplate\":\"https:\\\/\\\/radioljubuski.ba\\\/?s={search_term_string}\"},\"query-input\":{\"@type\":\"PropertyValueSpecification\",\"valueRequired\":true,\"valueName\":\"search_term_string\"}}],\"inLanguage\":\"hr\"},{\"@type\":\"Organization\",\"@id\":\"https:\\\/\\\/radioljubuski.ba\\\/#organization\",\"name\":\"Radio Ljubu\u0161ki\",\"url\":\"https:\\\/\\\/radioljubuski.ba\\\/\",\"logo\":{\"@type\":\"ImageObject\",\"inLanguage\":\"hr\",\"@id\":\"https:\\\/\\\/radioljubuski.ba\\\/#\\\/schema\\\/logo\\\/image\\\/\",\"url\":\"https:\\\/\\\/radioljubuski.ba\\\/wp-content\\\/uploads\\\/2021\\\/02\\\/cropped-Radio_Ljubuski_logo1.jpg\",\"contentUrl\":\"https:\\\/\\\/radioljubuski.ba\\\/wp-content\\\/uploads\\\/2021\\\/02\\\/cropped-Radio_Ljubuski_logo1.jpg\",\"width\":512,\"height\":512,\"caption\":\"Radio Ljubu\u0161ki\"},\"image\":{\"@id\":\"https:\\\/\\\/radioljubuski.ba\\\/#\\\/schema\\\/logo\\\/image\\\/\"},\"sameAs\":[\"https:\\\/\\\/www.facebook.com\\\/Radiio-Ljubuski-1490835324566332\",\"https:\\\/\\\/x.com\\\/radioljubuski\",\"https:\\\/\\\/hr.linkedin.com\\\/company\\\/radio-ljubuski\",\"https:\\\/\\\/www.youtube.com\\\/channel\\\/UCHYaeO_n0Db3tjNGudGpXyw\"]},{\"@type\":\"Person\",\"@id\":\"https:\\\/\\\/radioljubuski.ba\\\/#\\\/schema\\\/person\\\/19fc700381a780f69665d7956c469e3b\",\"name\":\"Radio Ljubu\u0161ki\"}]}<\/script>\n<!-- \/ Yoast SEO plugin. -->","yoast_head_json":{"title":"Odr\u017eana IV. sjednica Gradskog vije\u0107a Ljubu\u0161ki (AUDIO) - RADIO LJUBU\u0160KI","robots":{"index":"index","follow":"follow","max-snippet":"max-snippet:-1","max-image-preview":"max-image-preview:large","max-video-preview":"max-video-preview:-1"},"canonical":"https:\/\/radioljubuski.ba\/index.php\/2025\/02\/24\/odrzana-iv-sjednica-gradskog-vijeca-ljubuski\/","og_locale":"hr_HR","og_type":"article","og_title":"Odr\u017eana IV. sjednica Gradskog vije\u0107a Ljubu\u0161ki (AUDIO) - RADIO LJUBU\u0160KI","og_description":"IV. sjednica Gradskog vije\u0107a Ljubu\u0161ki odr\u017eana je u ponedjeljak u Gradskoj vije\u0107nici. Na dnevnom redu bilo je ukupno 14 to\u010daka:1. Usvajanje zapisnika s III. sjednice Gradskog vije\u0107a,2. Aktualni sat (vije\u0107ni\u010dka pitanja, sugestije, prijedlozi i ostalo),3. Prijedlog Zaklju\u010dka o prihva\u0107anju Izvje\u0161\u0107a o ostvarivanju Programa rada Gradskog vije\u0107a Ljubu\u0161ki za 2024. godinu s Izvje\u0161\u0107em o ispitivanju zadovoljstva [&hellip;]","og_url":"https:\/\/radioljubuski.ba\/index.php\/2025\/02\/24\/odrzana-iv-sjednica-gradskog-vijeca-ljubuski\/","og_site_name":"RADIO LJUBU\u0160KI","article_publisher":"https:\/\/www.facebook.com\/Radiio-Ljubuski-1490835324566332","article_published_time":"2025-02-24T11:36:05+00:00","article_modified_time":"2025-02-24T11:40:30+00:00","og_image":[{"width":1000,"height":667,"url":"https:\/\/radioljubuski.ba\/wp-content\/uploads\/2025\/02\/IMG_7124.jpg","type":"image\/jpeg"}],"author":"Radio Ljubu\u0161ki","twitter_card":"summary_large_image","twitter_creator":"@radioljubuski","twitter_site":"@radioljubuski","twitter_misc":{"Napisao\/la":"Radio Ljubu\u0161ki","Procijenjeno vrijeme \u010ditanja":"3 minute"},"schema":{"@context":"https:\/\/schema.org","@graph":[{"@type":"Article","@id":"https:\/\/radioljubuski.ba\/index.php\/2025\/02\/24\/odrzana-iv-sjednica-gradskog-vijeca-ljubuski\/#article","isPartOf":{"@id":"https:\/\/radioljubuski.ba\/index.php\/2025\/02\/24\/odrzana-iv-sjednica-gradskog-vijeca-ljubuski\/"},"author":{"name":"Radio Ljubu\u0161ki","@id":"https:\/\/radioljubuski.ba\/#\/schema\/person\/19fc700381a780f69665d7956c469e3b"},"headline":"Odr\u017eana IV. sjednica Gradskog vije\u0107a Ljubu\u0161ki (AUDIO)","datePublished":"2025-02-24T11:36:05+00:00","dateModified":"2025-02-24T11:40:30+00:00","mainEntityOfPage":{"@id":"https:\/\/radioljubuski.ba\/index.php\/2025\/02\/24\/odrzana-iv-sjednica-gradskog-vijeca-ljubuski\/"},"wordCount":488,"publisher":{"@id":"https:\/\/radioljubuski.ba\/#organization"},"image":{"@id":"https:\/\/radioljubuski.ba\/index.php\/2025\/02\/24\/odrzana-iv-sjednica-gradskog-vijeca-ljubuski\/#primaryimage"},"thumbnailUrl":"https:\/\/radioljubuski.ba\/wp-content\/uploads\/2025\/02\/IMG_7124.jpg","articleSection":["GV Ljubu\u0161ki","Novosti"],"inLanguage":"hr"},{"@type":"WebPage","@id":"https:\/\/radioljubuski.ba\/index.php\/2025\/02\/24\/odrzana-iv-sjednica-gradskog-vijeca-ljubuski\/","url":"https:\/\/radioljubuski.ba\/index.php\/2025\/02\/24\/odrzana-iv-sjednica-gradskog-vijeca-ljubuski\/","name":"Odr\u017eana IV. sjednica Gradskog vije\u0107a Ljubu\u0161ki (AUDIO) - RADIO LJUBU\u0160KI","isPartOf":{"@id":"https:\/\/radioljubuski.ba\/#website"},"primaryImageOfPage":{"@id":"https:\/\/radioljubuski.ba\/index.php\/2025\/02\/24\/odrzana-iv-sjednica-gradskog-vijeca-ljubuski\/#primaryimage"},"image":{"@id":"https:\/\/radioljubuski.ba\/index.php\/2025\/02\/24\/odrzana-iv-sjednica-gradskog-vijeca-ljubuski\/#primaryimage"},"thumbnailUrl":"https:\/\/radioljubuski.ba\/wp-content\/uploads\/2025\/02\/IMG_7124.jpg","datePublished":"2025-02-24T11:36:05+00:00","dateModified":"2025-02-24T11:40:30+00:00","breadcrumb":{"@id":"https:\/\/radioljubuski.ba\/index.php\/2025\/02\/24\/odrzana-iv-sjednica-gradskog-vijeca-ljubuski\/#breadcrumb"},"inLanguage":"hr","potentialAction":[{"@type":"ReadAction","target":["https:\/\/radioljubuski.ba\/index.php\/2025\/02\/24\/odrzana-iv-sjednica-gradskog-vijeca-ljubuski\/"]}]},{"@type":"ImageObject","inLanguage":"hr","@id":"https:\/\/radioljubuski.ba\/index.php\/2025\/02\/24\/odrzana-iv-sjednica-gradskog-vijeca-ljubuski\/#primaryimage","url":"https:\/\/radioljubuski.ba\/wp-content\/uploads\/2025\/02\/IMG_7124.jpg","contentUrl":"https:\/\/radioljubuski.ba\/wp-content\/uploads\/2025\/02\/IMG_7124.jpg","width":1000,"height":667},{"@type":"BreadcrumbList","@id":"https:\/\/radioljubuski.ba\/index.php\/2025\/02\/24\/odrzana-iv-sjednica-gradskog-vijeca-ljubuski\/#breadcrumb","itemListElement":[{"@type":"ListItem","position":1,"name":"Po\u010detna stranica","item":"https:\/\/radioljubuski.ba\/"},{"@type":"ListItem","position":2,"name":"Odr\u017eana IV. sjednica Gradskog vije\u0107a Ljubu\u0161ki (AUDIO)"}]},{"@type":"WebSite","@id":"https:\/\/radioljubuski.ba\/#website","url":"https:\/\/radioljubuski.ba\/","name":"Radio Ljubu\u0161ki","description":"Sun\u010dana frekvencija Hercegovine","publisher":{"@id":"https:\/\/radioljubuski.ba\/#organization"},"potentialAction":[{"@type":"SearchAction","target":{"@type":"EntryPoint","urlTemplate":"https:\/\/radioljubuski.ba\/?s={search_term_string}"},"query-input":{"@type":"PropertyValueSpecification","valueRequired":true,"valueName":"search_term_string"}}],"inLanguage":"hr"},{"@type":"Organization","@id":"https:\/\/radioljubuski.ba\/#organization","name":"Radio Ljubu\u0161ki","url":"https:\/\/radioljubuski.ba\/","logo":{"@type":"ImageObject","inLanguage":"hr","@id":"https:\/\/radioljubuski.ba\/#\/schema\/logo\/image\/","url":"https:\/\/radioljubuski.ba\/wp-content\/uploads\/2021\/02\/cropped-Radio_Ljubuski_logo1.jpg","contentUrl":"https:\/\/radioljubuski.ba\/wp-content\/uploads\/2021\/02\/cropped-Radio_Ljubuski_logo1.jpg","width":512,"height":512,"caption":"Radio Ljubu\u0161ki"},"image":{"@id":"https:\/\/radioljubuski.ba\/#\/schema\/logo\/image\/"},"sameAs":["https:\/\/www.facebook.com\/Radiio-Ljubuski-1490835324566332","https:\/\/x.com\/radioljubuski","https:\/\/hr.linkedin.com\/company\/radio-ljubuski","https:\/\/www.youtube.com\/channel\/UCHYaeO_n0Db3tjNGudGpXyw"]},{"@type":"Person","@id":"https:\/\/radioljubuski.ba\/#\/schema\/person\/19fc700381a780f69665d7956c469e3b","name":"Radio Ljubu\u0161ki"}]}},"_links":{"self":[{"href":"https:\/\/radioljubuski.ba\/index.php\/wp-json\/wp\/v2\/posts\/214298","targetHints":{"allow":["GET"]}}],"collection":[{"href":"https:\/\/radioljubuski.ba\/index.php\/wp-json\/wp\/v2\/posts"}],"about":[{"href":"https:\/\/radioljubuski.ba\/index.php\/wp-json\/wp\/v2\/types\/post"}],"author":[{"embeddable":true,"href":"https:\/\/radioljubuski.ba\/index.php\/wp-json\/wp\/v2\/users\/2"}],"replies":[{"embeddable":true,"href":"https:\/\/radioljubuski.ba\/index.php\/wp-json\/wp\/v2\/comments?post=214298"}],"version-history":[{"count":2,"href":"https:\/\/radioljubuski.ba\/index.php\/wp-json\/wp\/v2\/posts\/214298\/revisions"}],"predecessor-version":[{"id":214303,"href":"https:\/\/radioljubuski.ba\/index.php\/wp-json\/wp\/v2\/posts\/214298\/revisions\/214303"}],"wp:featuredmedia":[{"embeddable":true,"href":"https:\/\/radioljubuski.ba\/index.php\/wp-json\/wp\/v2\/media\/214299"}],"wp:attachment":[{"href":"https:\/\/radioljubuski.ba\/index.php\/wp-json\/wp\/v2\/media?parent=214298"}],"wp:term":[{"taxonomy":"category","embeddable":true,"href":"https:\/\/radioljubuski.ba\/index.php\/wp-json\/wp\/v2\/categories?post=214298"},{"taxonomy":"post_tag","embeddable":true,"href":"https:\/\/radioljubuski.ba\/index.php\/wp-json\/wp\/v2\/tags?post=214298"}],"curies":[{"name":"wp","href":"https:\/\/api.w.org\/{rel}","templated":true}]}}