{"id":214977,"date":"2025-03-21T07:51:03","date_gmt":"2025-03-21T06:51:03","guid":{"rendered":"https:\/\/radioljubuski.ba\/?p=214977"},"modified":"2025-03-21T07:51:06","modified_gmt":"2025-03-21T06:51:06","slug":"vlada-dodijelila-1-500-000-km-za-sufinanciranje-prijevoza-ucenika","status":"publish","type":"post","link":"https:\/\/radioljubuski.ba\/index.php\/2025\/03\/21\/vlada-dodijelila-1-500-000-km-za-sufinanciranje-prijevoza-ucenika\/","title":{"rendered":"Vlada dodijelila 1.500.000 KM za sufinanciranje prijevoza u\u010denika"},"content":{"rendered":"\n<p>Potpisani ugovori o dodjeli sredstava gradovima i op\u0107inama u \u017dZH za sufinanciranje prijevoza u\u010denika.<\/p>\n\n\n\n<p>U zgradi Vlade \u017dupanije Zapadnohercegova\u010dke u \u0160irokom Brijegu danas je uprili\u010deno potpisivanje Ugovora o dodjeli sredstava za sufinanciranje prijevoza u\u010denika u \u017dupaniji Zapadnohercegova\u010dkoj za 2025. godinu gradovima i op\u0107inama u \u017dupaniji Zapadnohercegova\u010dkoj.<\/p>\n\n\n\n<p><br>Ugovore su potpisali predsjednik Vlade Predrag \u010covi\u0107, gradona\u010delnik \u0160irokog Brijega Ivo Pavkovi\u0107, gradona\u010delnik Ljubu\u0161kog Vedran Markoti\u0107, na\u010delnik Op\u0107ine Posu\u0161je Ante Begi\u0107 i na\u010delnik Op\u0107ine Grude Ljubo Grizelj, uz nazo\u010dnost \u010dlanova Vlade.&nbsp;<\/p>\n\n\n\n<p><br>Vlada \u017dupanije Zapadnohercegova\u010dke sufinancirat \u0107e prijevoz u\u010denika u ukupnom iznosu od 1.500.000,00 KM, a kriterij raspodjele sredstava je broj upisanih redovitih u\u010denika u javne osnovne i srednje \u0161kole u gradovima i op\u0107inama u \u017dupaniji Zapadnohercegova\u010dkoj u \u0161kolskoj 2024.\/2025. godini, osim glazbenih \u0161kola.<br>U javnim osnovnim i srednjim \u0161kolama u jedinicama lokalne samouprave upisana su ukupno 10350 redovita u\u010denika.<\/p>\n\n\n\n<p><br>Navedena sredstva se raspodjeljuju jedinicama lokalne samouprave kako slijedi: Gradu \u0160iroki Brijeg iznos od 513.900,00 KM ili 34,26% (3546 u\u010denika), Gradu Ljubu\u0161ki iznos od 382.950,00 KM ili 25,53% (2642 u\u010denika), Op\u0107ini Posu\u0161je iznos od 339.900,00 KM ili 22,66% (2345 u\u010denika) i Op\u0107ini Grude iznos od 263.250,00 KM ili 17,55% (1817 u\u010denika), a bit \u0107e ispla\u0107ena u tri obroka.<\/p>\n\n\n\n<p>Vlada \u017dZH<\/p>\n","protected":false},"excerpt":{"rendered":"<p>Potpisani ugovori o dodjeli sredstava gradovima i op\u0107inama u \u017dZH za sufinanciranje prijevoza u\u010denika. U zgradi Vlade \u017dupanije Zapadnohercegova\u010dke u \u0160irokom Brijegu danas je uprili\u010deno potpisivanje Ugovora o dodjeli sredstava za sufinanciranje prijevoza u\u010denika u \u017dupaniji Zapadnohercegova\u010dkoj za 2025. godinu gradovima i op\u0107inama u \u017dupaniji Zapadnohercegova\u010dkoj. Ugovore su potpisali predsjednik Vlade Predrag \u010covi\u0107, gradona\u010delnik \u0160irokog [&hellip;]<\/p>\n","protected":false},"author":2,"featured_media":214978,"comment_status":"closed","ping_status":"closed","sticky":false,"template":"","format":"standard","meta":{"h5ap_radio_sources":[],"footnotes":""},"categories":[29,3,28,30],"tags":[],"class_list":["post-214977","post","type-post","status-publish","format-standard","has-post-thumbnail","hentry","category-gradska-uprava","category-ljubuski","category-novosti","category-zupanija-zapadnohercegovacka"],"yoast_head":"<!-- This site is optimized with the Yoast SEO plugin v27.4 - https:\/\/yoast.com\/product\/yoast-seo-wordpress\/ -->\n<title>Vlada dodijelila 1.500.000 KM za sufinanciranje prijevoza u\u010denika - RADIO LJUBU\u0160KI<\/title>\n<meta name=\"robots\" content=\"index, follow, max-snippet:-1, max-image-preview:large, max-video-preview:-1\" \/>\n<link rel=\"canonical\" href=\"https:\/\/radioljubuski.ba\/index.php\/2025\/03\/21\/vlada-dodijelila-1-500-000-km-za-sufinanciranje-prijevoza-ucenika\/\" \/>\n<meta property=\"og:locale\" content=\"hr_HR\" \/>\n<meta property=\"og:type\" content=\"article\" \/>\n<meta property=\"og:title\" content=\"Vlada dodijelila 1.500.000 KM za sufinanciranje prijevoza u\u010denika - RADIO LJUBU\u0160KI\" \/>\n<meta property=\"og:description\" content=\"Potpisani ugovori o dodjeli sredstava gradovima i op\u0107inama u \u017dZH za sufinanciranje prijevoza u\u010denika. U zgradi Vlade \u017dupanije Zapadnohercegova\u010dke u \u0160irokom Brijegu danas je uprili\u010deno potpisivanje Ugovora o dodjeli sredstava za sufinanciranje prijevoza u\u010denika u \u017dupaniji Zapadnohercegova\u010dkoj za 2025. godinu gradovima i op\u0107inama u \u017dupaniji Zapadnohercegova\u010dkoj. Ugovore su potpisali predsjednik Vlade Predrag \u010covi\u0107, gradona\u010delnik \u0160irokog [&hellip;]\" \/>\n<meta property=\"og:url\" content=\"https:\/\/radioljubuski.ba\/index.php\/2025\/03\/21\/vlada-dodijelila-1-500-000-km-za-sufinanciranje-prijevoza-ucenika\/\" \/>\n<meta property=\"og:site_name\" content=\"RADIO LJUBU\u0160KI\" \/>\n<meta property=\"article:publisher\" content=\"https:\/\/www.facebook.com\/Radiio-Ljubuski-1490835324566332\" \/>\n<meta property=\"article:published_time\" content=\"2025-03-21T06:51:03+00:00\" \/>\n<meta property=\"article:modified_time\" content=\"2025-03-21T06:51:06+00:00\" \/>\n<meta property=\"og:image\" content=\"https:\/\/radioljubuski.ba\/wp-content\/uploads\/2025\/03\/20032025-sufinanciranje-2.jpg\" \/>\n\t<meta property=\"og:image:width\" content=\"1200\" \/>\n\t<meta property=\"og:image:height\" content=\"900\" \/>\n\t<meta property=\"og:image:type\" content=\"image\/jpeg\" \/>\n<meta name=\"author\" content=\"Radio Ljubu\u0161ki\" \/>\n<meta name=\"twitter:card\" content=\"summary_large_image\" \/>\n<meta name=\"twitter:creator\" content=\"@radioljubuski\" \/>\n<meta name=\"twitter:site\" content=\"@radioljubuski\" \/>\n<meta name=\"twitter:label1\" content=\"Napisao\/la\" \/>\n\t<meta name=\"twitter:data1\" content=\"Radio Ljubu\u0161ki\" \/>\n\t<meta name=\"twitter:label2\" content=\"Procijenjeno vrijeme \u010ditanja\" \/>\n\t<meta name=\"twitter:data2\" content=\"2 minute\" \/>\n<script type=\"application\/ld+json\" class=\"yoast-schema-graph\">{\"@context\":\"https:\\\/\\\/schema.org\",\"@graph\":[{\"@type\":\"Article\",\"@id\":\"https:\\\/\\\/radioljubuski.ba\\\/index.php\\\/2025\\\/03\\\/21\\\/vlada-dodijelila-1-500-000-km-za-sufinanciranje-prijevoza-ucenika\\\/#article\",\"isPartOf\":{\"@id\":\"https:\\\/\\\/radioljubuski.ba\\\/index.php\\\/2025\\\/03\\\/21\\\/vlada-dodijelila-1-500-000-km-za-sufinanciranje-prijevoza-ucenika\\\/\"},\"author\":{\"name\":\"Radio Ljubu\u0161ki\",\"@id\":\"https:\\\/\\\/radioljubuski.ba\\\/#\\\/schema\\\/person\\\/19fc700381a780f69665d7956c469e3b\"},\"headline\":\"Vlada dodijelila 1.500.000 KM za sufinanciranje prijevoza u\u010denika\",\"datePublished\":\"2025-03-21T06:51:03+00:00\",\"dateModified\":\"2025-03-21T06:51:06+00:00\",\"mainEntityOfPage\":{\"@id\":\"https:\\\/\\\/radioljubuski.ba\\\/index.php\\\/2025\\\/03\\\/21\\\/vlada-dodijelila-1-500-000-km-za-sufinanciranje-prijevoza-ucenika\\\/\"},\"wordCount\":220,\"publisher\":{\"@id\":\"https:\\\/\\\/radioljubuski.ba\\\/#organization\"},\"image\":{\"@id\":\"https:\\\/\\\/radioljubuski.ba\\\/index.php\\\/2025\\\/03\\\/21\\\/vlada-dodijelila-1-500-000-km-za-sufinanciranje-prijevoza-ucenika\\\/#primaryimage\"},\"thumbnailUrl\":\"https:\\\/\\\/radioljubuski.ba\\\/wp-content\\\/uploads\\\/2025\\\/03\\\/20032025-sufinanciranje-2.jpg\",\"articleSection\":[\"Gradska Uprava\",\"Ljubu\u0161ki\",\"Novosti\",\"\u017dupanija Zapadnohercegova\u010dka\"],\"inLanguage\":\"hr\"},{\"@type\":\"WebPage\",\"@id\":\"https:\\\/\\\/radioljubuski.ba\\\/index.php\\\/2025\\\/03\\\/21\\\/vlada-dodijelila-1-500-000-km-za-sufinanciranje-prijevoza-ucenika\\\/\",\"url\":\"https:\\\/\\\/radioljubuski.ba\\\/index.php\\\/2025\\\/03\\\/21\\\/vlada-dodijelila-1-500-000-km-za-sufinanciranje-prijevoza-ucenika\\\/\",\"name\":\"Vlada dodijelila 1.500.000 KM za sufinanciranje prijevoza u\u010denika - RADIO LJUBU\u0160KI\",\"isPartOf\":{\"@id\":\"https:\\\/\\\/radioljubuski.ba\\\/#website\"},\"primaryImageOfPage\":{\"@id\":\"https:\\\/\\\/radioljubuski.ba\\\/index.php\\\/2025\\\/03\\\/21\\\/vlada-dodijelila-1-500-000-km-za-sufinanciranje-prijevoza-ucenika\\\/#primaryimage\"},\"image\":{\"@id\":\"https:\\\/\\\/radioljubuski.ba\\\/index.php\\\/2025\\\/03\\\/21\\\/vlada-dodijelila-1-500-000-km-za-sufinanciranje-prijevoza-ucenika\\\/#primaryimage\"},\"thumbnailUrl\":\"https:\\\/\\\/radioljubuski.ba\\\/wp-content\\\/uploads\\\/2025\\\/03\\\/20032025-sufinanciranje-2.jpg\",\"datePublished\":\"2025-03-21T06:51:03+00:00\",\"dateModified\":\"2025-03-21T06:51:06+00:00\",\"breadcrumb\":{\"@id\":\"https:\\\/\\\/radioljubuski.ba\\\/index.php\\\/2025\\\/03\\\/21\\\/vlada-dodijelila-1-500-000-km-za-sufinanciranje-prijevoza-ucenika\\\/#breadcrumb\"},\"inLanguage\":\"hr\",\"potentialAction\":[{\"@type\":\"ReadAction\",\"target\":[\"https:\\\/\\\/radioljubuski.ba\\\/index.php\\\/2025\\\/03\\\/21\\\/vlada-dodijelila-1-500-000-km-za-sufinanciranje-prijevoza-ucenika\\\/\"]}]},{\"@type\":\"ImageObject\",\"inLanguage\":\"hr\",\"@id\":\"https:\\\/\\\/radioljubuski.ba\\\/index.php\\\/2025\\\/03\\\/21\\\/vlada-dodijelila-1-500-000-km-za-sufinanciranje-prijevoza-ucenika\\\/#primaryimage\",\"url\":\"https:\\\/\\\/radioljubuski.ba\\\/wp-content\\\/uploads\\\/2025\\\/03\\\/20032025-sufinanciranje-2.jpg\",\"contentUrl\":\"https:\\\/\\\/radioljubuski.ba\\\/wp-content\\\/uploads\\\/2025\\\/03\\\/20032025-sufinanciranje-2.jpg\",\"width\":1200,\"height\":900},{\"@type\":\"BreadcrumbList\",\"@id\":\"https:\\\/\\\/radioljubuski.ba\\\/index.php\\\/2025\\\/03\\\/21\\\/vlada-dodijelila-1-500-000-km-za-sufinanciranje-prijevoza-ucenika\\\/#breadcrumb\",\"itemListElement\":[{\"@type\":\"ListItem\",\"position\":1,\"name\":\"Po\u010detna stranica\",\"item\":\"https:\\\/\\\/radioljubuski.ba\\\/\"},{\"@type\":\"ListItem\",\"position\":2,\"name\":\"Vlada dodijelila 1.500.000 KM za sufinanciranje prijevoza u\u010denika\"}]},{\"@type\":\"WebSite\",\"@id\":\"https:\\\/\\\/radioljubuski.ba\\\/#website\",\"url\":\"https:\\\/\\\/radioljubuski.ba\\\/\",\"name\":\"Radio Ljubu\u0161ki\",\"description\":\"Sun\u010dana frekvencija Hercegovine\",\"publisher\":{\"@id\":\"https:\\\/\\\/radioljubuski.ba\\\/#organization\"},\"potentialAction\":[{\"@type\":\"SearchAction\",\"target\":{\"@type\":\"EntryPoint\",\"urlTemplate\":\"https:\\\/\\\/radioljubuski.ba\\\/?s={search_term_string}\"},\"query-input\":{\"@type\":\"PropertyValueSpecification\",\"valueRequired\":true,\"valueName\":\"search_term_string\"}}],\"inLanguage\":\"hr\"},{\"@type\":\"Organization\",\"@id\":\"https:\\\/\\\/radioljubuski.ba\\\/#organization\",\"name\":\"Radio Ljubu\u0161ki\",\"url\":\"https:\\\/\\\/radioljubuski.ba\\\/\",\"logo\":{\"@type\":\"ImageObject\",\"inLanguage\":\"hr\",\"@id\":\"https:\\\/\\\/radioljubuski.ba\\\/#\\\/schema\\\/logo\\\/image\\\/\",\"url\":\"https:\\\/\\\/radioljubuski.ba\\\/wp-content\\\/uploads\\\/2021\\\/02\\\/cropped-Radio_Ljubuski_logo1.jpg\",\"contentUrl\":\"https:\\\/\\\/radioljubuski.ba\\\/wp-content\\\/uploads\\\/2021\\\/02\\\/cropped-Radio_Ljubuski_logo1.jpg\",\"width\":512,\"height\":512,\"caption\":\"Radio Ljubu\u0161ki\"},\"image\":{\"@id\":\"https:\\\/\\\/radioljubuski.ba\\\/#\\\/schema\\\/logo\\\/image\\\/\"},\"sameAs\":[\"https:\\\/\\\/www.facebook.com\\\/Radiio-Ljubuski-1490835324566332\",\"https:\\\/\\\/x.com\\\/radioljubuski\",\"https:\\\/\\\/hr.linkedin.com\\\/company\\\/radio-ljubuski\",\"https:\\\/\\\/www.youtube.com\\\/channel\\\/UCHYaeO_n0Db3tjNGudGpXyw\"]},{\"@type\":\"Person\",\"@id\":\"https:\\\/\\\/radioljubuski.ba\\\/#\\\/schema\\\/person\\\/19fc700381a780f69665d7956c469e3b\",\"name\":\"Radio Ljubu\u0161ki\"}]}<\/script>\n<!-- \/ Yoast SEO plugin. -->","yoast_head_json":{"title":"Vlada dodijelila 1.500.000 KM za sufinanciranje prijevoza u\u010denika - RADIO LJUBU\u0160KI","robots":{"index":"index","follow":"follow","max-snippet":"max-snippet:-1","max-image-preview":"max-image-preview:large","max-video-preview":"max-video-preview:-1"},"canonical":"https:\/\/radioljubuski.ba\/index.php\/2025\/03\/21\/vlada-dodijelila-1-500-000-km-za-sufinanciranje-prijevoza-ucenika\/","og_locale":"hr_HR","og_type":"article","og_title":"Vlada dodijelila 1.500.000 KM za sufinanciranje prijevoza u\u010denika - RADIO LJUBU\u0160KI","og_description":"Potpisani ugovori o dodjeli sredstava gradovima i op\u0107inama u \u017dZH za sufinanciranje prijevoza u\u010denika. U zgradi Vlade \u017dupanije Zapadnohercegova\u010dke u \u0160irokom Brijegu danas je uprili\u010deno potpisivanje Ugovora o dodjeli sredstava za sufinanciranje prijevoza u\u010denika u \u017dupaniji Zapadnohercegova\u010dkoj za 2025. godinu gradovima i op\u0107inama u \u017dupaniji Zapadnohercegova\u010dkoj. Ugovore su potpisali predsjednik Vlade Predrag \u010covi\u0107, gradona\u010delnik \u0160irokog [&hellip;]","og_url":"https:\/\/radioljubuski.ba\/index.php\/2025\/03\/21\/vlada-dodijelila-1-500-000-km-za-sufinanciranje-prijevoza-ucenika\/","og_site_name":"RADIO LJUBU\u0160KI","article_publisher":"https:\/\/www.facebook.com\/Radiio-Ljubuski-1490835324566332","article_published_time":"2025-03-21T06:51:03+00:00","article_modified_time":"2025-03-21T06:51:06+00:00","og_image":[{"width":1200,"height":900,"url":"https:\/\/radioljubuski.ba\/wp-content\/uploads\/2025\/03\/20032025-sufinanciranje-2.jpg","type":"image\/jpeg"}],"author":"Radio Ljubu\u0161ki","twitter_card":"summary_large_image","twitter_creator":"@radioljubuski","twitter_site":"@radioljubuski","twitter_misc":{"Napisao\/la":"Radio Ljubu\u0161ki","Procijenjeno vrijeme \u010ditanja":"2 minute"},"schema":{"@context":"https:\/\/schema.org","@graph":[{"@type":"Article","@id":"https:\/\/radioljubuski.ba\/index.php\/2025\/03\/21\/vlada-dodijelila-1-500-000-km-za-sufinanciranje-prijevoza-ucenika\/#article","isPartOf":{"@id":"https:\/\/radioljubuski.ba\/index.php\/2025\/03\/21\/vlada-dodijelila-1-500-000-km-za-sufinanciranje-prijevoza-ucenika\/"},"author":{"name":"Radio Ljubu\u0161ki","@id":"https:\/\/radioljubuski.ba\/#\/schema\/person\/19fc700381a780f69665d7956c469e3b"},"headline":"Vlada dodijelila 1.500.000 KM za sufinanciranje prijevoza u\u010denika","datePublished":"2025-03-21T06:51:03+00:00","dateModified":"2025-03-21T06:51:06+00:00","mainEntityOfPage":{"@id":"https:\/\/radioljubuski.ba\/index.php\/2025\/03\/21\/vlada-dodijelila-1-500-000-km-za-sufinanciranje-prijevoza-ucenika\/"},"wordCount":220,"publisher":{"@id":"https:\/\/radioljubuski.ba\/#organization"},"image":{"@id":"https:\/\/radioljubuski.ba\/index.php\/2025\/03\/21\/vlada-dodijelila-1-500-000-km-za-sufinanciranje-prijevoza-ucenika\/#primaryimage"},"thumbnailUrl":"https:\/\/radioljubuski.ba\/wp-content\/uploads\/2025\/03\/20032025-sufinanciranje-2.jpg","articleSection":["Gradska Uprava","Ljubu\u0161ki","Novosti","\u017dupanija Zapadnohercegova\u010dka"],"inLanguage":"hr"},{"@type":"WebPage","@id":"https:\/\/radioljubuski.ba\/index.php\/2025\/03\/21\/vlada-dodijelila-1-500-000-km-za-sufinanciranje-prijevoza-ucenika\/","url":"https:\/\/radioljubuski.ba\/index.php\/2025\/03\/21\/vlada-dodijelila-1-500-000-km-za-sufinanciranje-prijevoza-ucenika\/","name":"Vlada dodijelila 1.500.000 KM za sufinanciranje prijevoza u\u010denika - RADIO LJUBU\u0160KI","isPartOf":{"@id":"https:\/\/radioljubuski.ba\/#website"},"primaryImageOfPage":{"@id":"https:\/\/radioljubuski.ba\/index.php\/2025\/03\/21\/vlada-dodijelila-1-500-000-km-za-sufinanciranje-prijevoza-ucenika\/#primaryimage"},"image":{"@id":"https:\/\/radioljubuski.ba\/index.php\/2025\/03\/21\/vlada-dodijelila-1-500-000-km-za-sufinanciranje-prijevoza-ucenika\/#primaryimage"},"thumbnailUrl":"https:\/\/radioljubuski.ba\/wp-content\/uploads\/2025\/03\/20032025-sufinanciranje-2.jpg","datePublished":"2025-03-21T06:51:03+00:00","dateModified":"2025-03-21T06:51:06+00:00","breadcrumb":{"@id":"https:\/\/radioljubuski.ba\/index.php\/2025\/03\/21\/vlada-dodijelila-1-500-000-km-za-sufinanciranje-prijevoza-ucenika\/#breadcrumb"},"inLanguage":"hr","potentialAction":[{"@type":"ReadAction","target":["https:\/\/radioljubuski.ba\/index.php\/2025\/03\/21\/vlada-dodijelila-1-500-000-km-za-sufinanciranje-prijevoza-ucenika\/"]}]},{"@type":"ImageObject","inLanguage":"hr","@id":"https:\/\/radioljubuski.ba\/index.php\/2025\/03\/21\/vlada-dodijelila-1-500-000-km-za-sufinanciranje-prijevoza-ucenika\/#primaryimage","url":"https:\/\/radioljubuski.ba\/wp-content\/uploads\/2025\/03\/20032025-sufinanciranje-2.jpg","contentUrl":"https:\/\/radioljubuski.ba\/wp-content\/uploads\/2025\/03\/20032025-sufinanciranje-2.jpg","width":1200,"height":900},{"@type":"BreadcrumbList","@id":"https:\/\/radioljubuski.ba\/index.php\/2025\/03\/21\/vlada-dodijelila-1-500-000-km-za-sufinanciranje-prijevoza-ucenika\/#breadcrumb","itemListElement":[{"@type":"ListItem","position":1,"name":"Po\u010detna stranica","item":"https:\/\/radioljubuski.ba\/"},{"@type":"ListItem","position":2,"name":"Vlada dodijelila 1.500.000 KM za sufinanciranje prijevoza u\u010denika"}]},{"@type":"WebSite","@id":"https:\/\/radioljubuski.ba\/#website","url":"https:\/\/radioljubuski.ba\/","name":"Radio Ljubu\u0161ki","description":"Sun\u010dana frekvencija Hercegovine","publisher":{"@id":"https:\/\/radioljubuski.ba\/#organization"},"potentialAction":[{"@type":"SearchAction","target":{"@type":"EntryPoint","urlTemplate":"https:\/\/radioljubuski.ba\/?s={search_term_string}"},"query-input":{"@type":"PropertyValueSpecification","valueRequired":true,"valueName":"search_term_string"}}],"inLanguage":"hr"},{"@type":"Organization","@id":"https:\/\/radioljubuski.ba\/#organization","name":"Radio Ljubu\u0161ki","url":"https:\/\/radioljubuski.ba\/","logo":{"@type":"ImageObject","inLanguage":"hr","@id":"https:\/\/radioljubuski.ba\/#\/schema\/logo\/image\/","url":"https:\/\/radioljubuski.ba\/wp-content\/uploads\/2021\/02\/cropped-Radio_Ljubuski_logo1.jpg","contentUrl":"https:\/\/radioljubuski.ba\/wp-content\/uploads\/2021\/02\/cropped-Radio_Ljubuski_logo1.jpg","width":512,"height":512,"caption":"Radio Ljubu\u0161ki"},"image":{"@id":"https:\/\/radioljubuski.ba\/#\/schema\/logo\/image\/"},"sameAs":["https:\/\/www.facebook.com\/Radiio-Ljubuski-1490835324566332","https:\/\/x.com\/radioljubuski","https:\/\/hr.linkedin.com\/company\/radio-ljubuski","https:\/\/www.youtube.com\/channel\/UCHYaeO_n0Db3tjNGudGpXyw"]},{"@type":"Person","@id":"https:\/\/radioljubuski.ba\/#\/schema\/person\/19fc700381a780f69665d7956c469e3b","name":"Radio Ljubu\u0161ki"}]}},"_links":{"self":[{"href":"https:\/\/radioljubuski.ba\/index.php\/wp-json\/wp\/v2\/posts\/214977","targetHints":{"allow":["GET"]}}],"collection":[{"href":"https:\/\/radioljubuski.ba\/index.php\/wp-json\/wp\/v2\/posts"}],"about":[{"href":"https:\/\/radioljubuski.ba\/index.php\/wp-json\/wp\/v2\/types\/post"}],"author":[{"embeddable":true,"href":"https:\/\/radioljubuski.ba\/index.php\/wp-json\/wp\/v2\/users\/2"}],"replies":[{"embeddable":true,"href":"https:\/\/radioljubuski.ba\/index.php\/wp-json\/wp\/v2\/comments?post=214977"}],"version-history":[{"count":1,"href":"https:\/\/radioljubuski.ba\/index.php\/wp-json\/wp\/v2\/posts\/214977\/revisions"}],"predecessor-version":[{"id":214979,"href":"https:\/\/radioljubuski.ba\/index.php\/wp-json\/wp\/v2\/posts\/214977\/revisions\/214979"}],"wp:featuredmedia":[{"embeddable":true,"href":"https:\/\/radioljubuski.ba\/index.php\/wp-json\/wp\/v2\/media\/214978"}],"wp:attachment":[{"href":"https:\/\/radioljubuski.ba\/index.php\/wp-json\/wp\/v2\/media?parent=214977"}],"wp:term":[{"taxonomy":"category","embeddable":true,"href":"https:\/\/radioljubuski.ba\/index.php\/wp-json\/wp\/v2\/categories?post=214977"},{"taxonomy":"post_tag","embeddable":true,"href":"https:\/\/radioljubuski.ba\/index.php\/wp-json\/wp\/v2\/tags?post=214977"}],"curies":[{"name":"wp","href":"https:\/\/api.w.org\/{rel}","templated":true}]}}