{"id":215988,"date":"2025-04-17T11:55:40","date_gmt":"2025-04-17T10:55:40","guid":{"rendered":"https:\/\/radioljubuski.ba\/?p=215988"},"modified":"2025-04-17T13:20:11","modified_gmt":"2025-04-17T12:20:11","slug":"izvidac-obranio-titulu-prvaka-bih-milan-tolic-bit-ce-toga-jos","status":"publish","type":"post","link":"https:\/\/radioljubuski.ba\/index.php\/2025\/04\/17\/izvidac-obranio-titulu-prvaka-bih-milan-tolic-bit-ce-toga-jos\/","title":{"rendered":"Izvi\u0111a\u010d obranio titulu prvaka BiH; Milan Toli\u0107: &#8220;Bit \u0107e toga jo\u0161&#8221;"},"content":{"rendered":"\n<p><a href=\"https:\/\/radioljubuski.ba\/wp-admin\/edit.php\">Sve objave<\/a><\/p>\n\n\n\n<p>Rukometa\u0161i Izvi\u0111a\u010da ovih danas ispisuju povijest. Sino\u0107 su pobjedom nad mom\u010dadi Bosne i matemati\u010dki osigurali 11.titulu prvaka. Nije bilo velikog slavlja jer su svi bili u mislima na subotu i na jo\u0161 jedan od povijesnih dana Kluba.<\/p>\n\n\n\n<p>Trenerski dvojac D\u017eoli\u0107\/Toli\u0107 ovih dana je na mukama, kako sa\u010duvati igra\u010de za subotu, a kako zadr\u017eati kontinuitet pobjeda. Svjesni su da u subotu u Ateni samo 100% kompletni i vi\u0161e od 100% spremni i motivirani se mogu uspje\u0161no suprotstaviti iskusnim igra\u010dima AEK-a.<\/p>\n\n\n\n<p>U sino\u0107njoj utakmici s Bosnom na po\u0161tedi su bili&nbsp;<strong>\u0106e\u0161ko, Ljubi\u0107, \u0160evi\u0107 i Bubalo<\/strong>, dok su samo malu minuta\u017eu dobili Odak i Vuk\u0161i\u0107 tek toliko da se rastr\u010de.<br>\u201eSkauti\u201c su dobro otvorili utakmicu tako da je u 9.minuti prednost od 5 golova bila na njihovoj strani (7:2, po 2 gola Bebeka i D\u017eelilovi\u0107a i 3 gola \u0160ahnovi\u0107a).<br>U 20.minuti Izvi\u0111a\u010d je imamo i 7 golova \u201evi\u0161ka\u201c (15:8), koliko je bilo i u 26. minuti (17:10).<br>U zavr\u0161nici poluvremena gosti su uspjeli ubla\u017eiti zaostatak tako da se je oti\u0161lo na odmor pri rezultatu 18:14.<\/p>\n\n\n\n<p>U drugom poluvremenu Bosna je krenula ne\u0161to agilnije tako da je u 41. minuti stigla na 2 gola zaostatka (21:19). Uslijedio je brz odgovor \u201eSkauta\u201c, koji su serijom 6:1, ponovno, oti\u0161li na pristojnu prednost (27:20, 46.minuti).<br>Do kraja utakmice \u201eSkauti\u201c su igrali koliko je bilo potrebno da bi osigurali pobjedu, mada su igra\u010di Bosne, zbog situacije u kojoj se nalaze, poku\u0161avali da preokrenu rezultat.<br>Na koncu Izvo\u0111a\u010devi rukometa\u0161i su do\u0161li do pobjede, kojom su i matemati\u010dki osigurali 3. uzastopnu i ukupno 11. titulu prvaka BiH.<\/p>\n\n\n\n<p>Najefikasniji u redovima Izvi\u0111a\u010da bili su povratnik&nbsp;<strong>Edvin D\u017eelilovi\u0107<\/strong>&nbsp;sa 7,&nbsp;<strong>Mihael Bebek<\/strong>&nbsp;s 5,&nbsp;<strong>Kerim Semi\u0107<\/strong>&nbsp;s 4, a po 3 gola postigli su&nbsp;<strong>Filip Odak<\/strong>,&nbsp;<strong>Amer \u0160ahinovi\u0107&nbsp;<\/strong>i&nbsp;<strong>Ognjen Kalamanda<\/strong>.<br>Vratarski dvojac skupio je 14 obrana (<strong>Aldin Alihod\u017ei\u0107&nbsp;<\/strong>8,&nbsp;<strong>Haris Suljevi\u0107<\/strong>&nbsp;6)<\/p>\n\n\n\n<p><strong>Njego\u0161 \u0110uki\u0107<\/strong>&nbsp;bio je najefikasniji igra\u010d susreta i Bosne s 11 golova, dok su&nbsp;<strong>Kenan Selimovi\u0107<\/strong>&nbsp;i&nbsp;<strong>Simon Mrda<\/strong>&nbsp;postigli po 5, a&nbsp;<strong>Milo\u0161 \u010ceki\u0107<\/strong>&nbsp;i&nbsp;<strong>Adis Halilovi\u0107&nbsp;<\/strong>po 3 gola<\/p>\n\n\n\n<p>Kako smo rekli nije bilo velikog slavlja. Titula se kratko proslavila na terenu i u Cafe baru Akademija.<\/p>\n\n\n\n<p>\u201eSkauti\u201c u ve\u0107 u petak, 18.04.2025., letom iz Dubrovnika, putuju u Atenu, gdje ih o\u010dekuje novi veliki izazov, prva \u00bd finalna utakmica EHF EUROPEAN CUP-a, s mom\u010dadi AEK-a, u subotu, 19.04.2025. godine.<\/p>\n\n\n\n<p>Premijer liga BiH, sezona 2024.\/2025., 231. kolo.<br>Ljubu\u0161ki, 16.04.2025. u 20:00 sati.<\/p>\n\n\n\n<p><strong>RK Izvi\u0111a\u010d Agram \u2013 RK Bosna Sarajevo 34:30 (18:14)<\/strong><\/p>\n\n\n\n<p>Ljubu\u0161ki, Gradska \u0161portska dvorana, 700 gledatelja.<br>Suci: Sa\u0161a Bijeli\u0107 (Gradi\u0161ka) i Miroslav Tovilovi\u0107 (Doboj).<br>Nadzornik: Sr\u0111an Jovi\u0107 (Doboj).<\/p>\n\n\n\n<p><strong>RK Izvi\u0111a\u010d Agram<\/strong>: Alihod\u017ei\u0107 (8 obrana), Suljevi\u0107 (6 obrana), Vuk\u0161i\u0107, Lukenda 1, Mandi\u0107 1, Odak 3, \u0160ahinovi\u0107 3, D\u017eelilovi\u0107 7\/5, \u0160imi\u0107 1, \u0160aravanja 1, Semi\u0107 4, Bebek 5, Puri\u0107 2,Lasi\u0107 1, Kalamanda 3, Kati\u0107 2.<br>Trener: Ivan D\u017eoli\u0107, Milan Toli\u0107.<\/p>\n\n\n\n<p>RK Bosna: Korjeni\u0107, Malagi\u0107, Domazet, Selimovi\u0107 5, D. Korkari\u0107, Lili\u0107 (7 obrana), \u010ceki\u0107 3, Gajevi\u0107 (1 obrana), \u0160abanovi\u0107 1, Lale, A. Korkari\u0107 2, Halilovi\u0107 3, \u0110uki\u0107 11\/2, Mrda 5, \u010celica.<br>Trener: Zuhdija Korkari\u0107.<\/p>\n\n\n\n<p>Isklju\u010denja: Izvi\u0111a\u010d 4 minuta, Bosna 10 minuta.<br>Sedmerci: Izvi\u0111a\u010d 6\/5, Bosna 2\/2<\/p>\n\n\n<div class=\"wp-block-image\">\n<figure class=\"aligncenter size-full\"><img loading=\"lazy\" decoding=\"async\" width=\"1024\" height=\"663\" src=\"https:\/\/radioljubuski.ba\/wp-content\/uploads\/2025\/04\/slavlje-1024x663-1.jpg\" alt=\"\" class=\"wp-image-215990\" srcset=\"https:\/\/radioljubuski.ba\/wp-content\/uploads\/2025\/04\/slavlje-1024x663-1.jpg 1024w, https:\/\/radioljubuski.ba\/wp-content\/uploads\/2025\/04\/slavlje-1024x663-1-300x194.jpg 300w, https:\/\/radioljubuski.ba\/wp-content\/uploads\/2025\/04\/slavlje-1024x663-1-768x497.jpg 768w, https:\/\/radioljubuski.ba\/wp-content\/uploads\/2025\/04\/slavlje-1024x663-1-18x12.jpg 18w\" sizes=\"auto, (max-width: 1024px) 100vw, 1024px\" \/><\/figure>\n<\/div>\n\n\n<p><\/p>\n\n\n\n<blockquote class=\"instagram-media\" data-instgrm-captioned data-instgrm-permalink=\"https:\/\/www.instagram.com\/reel\/DIhPeczN7Gx\/?utm_source=ig_embed&amp;utm_campaign=loading\" data-instgrm-version=\"14\" style=\" background:#FFF; border:0; border-radius:3px; box-shadow:0 0 1px 0 rgba(0,0,0,0.5),0 1px 10px 0 rgba(0,0,0,0.15); margin: 1px; max-width:540px; min-width:326px; padding:0; width:99.375%; width:-webkit-calc(100% - 2px); width:calc(100% - 2px);\"><div style=\"padding:16px;\"> <a href=\"https:\/\/www.instagram.com\/reel\/DIhPeczN7Gx\/?utm_source=ig_embed&amp;utm_campaign=loading\" style=\" background:#FFFFFF; line-height:0; padding:0 0; text-align:center; text-decoration:none; width:100%;\" target=\"_blank\"> <div style=\" display: flex; flex-direction: row; align-items: center;\"> <div style=\"background-color: #F4F4F4; border-radius: 50%; flex-grow: 0; height: 40px; margin-right: 14px; width: 40px;\"><\/div> <div style=\"display: flex; flex-direction: column; flex-grow: 1; justify-content: center;\"> <div style=\" background-color: #F4F4F4; border-radius: 4px; flex-grow: 0; height: 14px; margin-bottom: 6px; width: 100px;\"><\/div> <div style=\" background-color: #F4F4F4; border-radius: 4px; flex-grow: 0; height: 14px; width: 60px;\"><\/div><\/div><\/div><div style=\"padding: 19% 0;\"><\/div> <div style=\"display:block; height:50px; margin:0 auto 12px; width:50px;\"><svg width=\"50px\" height=\"50px\" viewBox=\"0 0 60 60\" version=\"1.1\" xmlns=\"https:\/\/www.w3.org\/2000\/svg\" xmlns:xlink=\"https:\/\/www.w3.org\/1999\/xlink\"><g stroke=\"none\" stroke-width=\"1\" fill=\"none\" fill-rule=\"evenodd\"><g transform=\"translate(-511.000000, -20.000000)\" fill=\"#000000\"><g><path d=\"M556.869,30.41 C554.814,30.41 553.148,32.076 553.148,34.131 C553.148,36.186 554.814,37.852 556.869,37.852 C558.924,37.852 560.59,36.186 560.59,34.131 C560.59,32.076 558.924,30.41 556.869,30.41 M541,60.657 C535.114,60.657 530.342,55.887 530.342,50 C530.342,44.114 535.114,39.342 541,39.342 C546.887,39.342 551.658,44.114 551.658,50 C551.658,55.887 546.887,60.657 541,60.657 M541,33.886 C532.1,33.886 524.886,41.1 524.886,50 C524.886,58.899 532.1,66.113 541,66.113 C549.9,66.113 557.115,58.899 557.115,50 C557.115,41.1 549.9,33.886 541,33.886 M565.378,62.101 C565.244,65.022 564.756,66.606 564.346,67.663 C563.803,69.06 563.154,70.057 562.106,71.106 C561.058,72.155 560.06,72.803 558.662,73.347 C557.607,73.757 556.021,74.244 553.102,74.378 C549.944,74.521 548.997,74.552 541,74.552 C533.003,74.552 532.056,74.521 528.898,74.378 C525.979,74.244 524.393,73.757 523.338,73.347 C521.94,72.803 520.942,72.155 519.894,71.106 C518.846,70.057 518.197,69.06 517.654,67.663 C517.244,66.606 516.755,65.022 516.623,62.101 C516.479,58.943 516.448,57.996 516.448,50 C516.448,42.003 516.479,41.056 516.623,37.899 C516.755,34.978 517.244,33.391 517.654,32.338 C518.197,30.938 518.846,29.942 519.894,28.894 C520.942,27.846 521.94,27.196 523.338,26.654 C524.393,26.244 525.979,25.756 528.898,25.623 C532.057,25.479 533.004,25.448 541,25.448 C548.997,25.448 549.943,25.479 553.102,25.623 C556.021,25.756 557.607,26.244 558.662,26.654 C560.06,27.196 561.058,27.846 562.106,28.894 C563.154,29.942 563.803,30.938 564.346,32.338 C564.756,33.391 565.244,34.978 565.378,37.899 C565.522,41.056 565.552,42.003 565.552,50 C565.552,57.996 565.522,58.943 565.378,62.101 M570.82,37.631 C570.674,34.438 570.167,32.258 569.425,30.349 C568.659,28.377 567.633,26.702 565.965,25.035 C564.297,23.368 562.623,22.342 560.652,21.575 C558.743,20.834 556.562,20.326 553.369,20.18 C550.169,20.033 549.148,20 541,20 C532.853,20 531.831,20.033 528.631,20.18 C525.438,20.326 523.257,20.834 521.349,21.575 C519.376,22.342 517.703,23.368 516.035,25.035 C514.368,26.702 513.342,28.377 512.574,30.349 C511.834,32.258 511.326,34.438 511.181,37.631 C511.035,40.831 511,41.851 511,50 C511,58.147 511.035,59.17 511.181,62.369 C511.326,65.562 511.834,67.743 512.574,69.651 C513.342,71.625 514.368,73.296 516.035,74.965 C517.703,76.634 519.376,77.658 521.349,78.425 C523.257,79.167 525.438,79.673 528.631,79.82 C531.831,79.965 532.853,80.001 541,80.001 C549.148,80.001 550.169,79.965 553.369,79.82 C556.562,79.673 558.743,79.167 560.652,78.425 C562.623,77.658 564.297,76.634 565.965,74.965 C567.633,73.296 568.659,71.625 569.425,69.651 C570.167,67.743 570.674,65.562 570.82,62.369 C570.966,59.17 571,58.147 571,50 C571,41.851 570.966,40.831 570.82,37.631\"><\/path><\/g><\/g><\/g><\/svg><\/div><div style=\"padding-top: 8px;\"> <div style=\" color:#3897f0; font-family:Arial,sans-serif; font-size:14px; font-style:normal; font-weight:550; line-height:18px;\">Pogledajte ovu objavu na Instagramu.<\/div><\/div><div style=\"padding: 12.5% 0;\"><\/div> <div style=\"display: flex; flex-direction: row; margin-bottom: 14px; align-items: center;\"><div> <div style=\"background-color: #F4F4F4; border-radius: 50%; height: 12.5px; width: 12.5px; transform: translateX(0px) translateY(7px);\"><\/div> <div style=\"background-color: #F4F4F4; height: 12.5px; transform: rotate(-45deg) translateX(3px) translateY(1px); width: 12.5px; flex-grow: 0; margin-right: 14px; margin-left: 2px;\"><\/div> <div style=\"background-color: #F4F4F4; border-radius: 50%; height: 12.5px; width: 12.5px; transform: translateX(9px) translateY(-18px);\"><\/div><\/div><div style=\"margin-left: 8px;\"> <div style=\" background-color: #F4F4F4; border-radius: 50%; flex-grow: 0; height: 20px; width: 20px;\"><\/div> <div style=\" width: 0; height: 0; border-top: 2px solid transparent; border-left: 6px solid #f4f4f4; border-bottom: 2px solid transparent; transform: translateX(16px) translateY(-4px) rotate(30deg)\"><\/div><\/div><div style=\"margin-left: auto;\"> <div style=\" width: 0px; border-top: 8px solid #F4F4F4; border-right: 8px solid transparent; transform: translateY(16px);\"><\/div> <div style=\" background-color: #F4F4F4; flex-grow: 0; height: 12px; width: 16px; transform: translateY(-4px);\"><\/div> <div style=\" width: 0; height: 0; border-top: 8px solid #F4F4F4; border-left: 8px solid transparent; transform: translateY(-4px) translateX(8px);\"><\/div><\/div><\/div> <div style=\"display: flex; flex-direction: column; flex-grow: 1; justify-content: center; margin-bottom: 24px;\"> <div style=\" background-color: #F4F4F4; border-radius: 4px; flex-grow: 0; height: 14px; margin-bottom: 6px; width: 224px;\"><\/div> <div style=\" background-color: #F4F4F4; border-radius: 4px; flex-grow: 0; height: 14px; width: 144px;\"><\/div><\/div><\/a><p style=\" color:#c9c8cd; font-family:Arial,sans-serif; font-size:14px; line-height:17px; margin-bottom:0; margin-top:8px; overflow:hidden; padding:8px 0 7px; text-align:center; text-overflow:ellipsis; white-space:nowrap;\"><a href=\"https:\/\/www.instagram.com\/reel\/DIhPeczN7Gx\/?utm_source=ig_embed&amp;utm_campaign=loading\" style=\" color:#c9c8cd; font-family:Arial,sans-serif; font-size:14px; font-style:normal; font-weight:normal; line-height:17px; text-decoration:none;\" target=\"_blank\">Objavu dijeli Radio Ljubu\u0161ki\ud83d\udcfb (@radio_ljubuski)<\/a><\/p><\/div><\/blockquote>\n<script async src=\"\/\/www.instagram.com\/embed.js\"><\/script>\n\n\n<div class=\"wp-block-image\">\n<figure class=\"aligncenter size-full\"><img loading=\"lazy\" decoding=\"async\" width=\"1024\" height=\"842\" src=\"https:\/\/radioljubuski.ba\/wp-content\/uploads\/2025\/04\/milan-tolic.jpg\" alt=\"\" class=\"wp-image-215989\" srcset=\"https:\/\/radioljubuski.ba\/wp-content\/uploads\/2025\/04\/milan-tolic.jpg 1024w, https:\/\/radioljubuski.ba\/wp-content\/uploads\/2025\/04\/milan-tolic-300x247.jpg 300w, https:\/\/radioljubuski.ba\/wp-content\/uploads\/2025\/04\/milan-tolic-768x632.jpg 768w, https:\/\/radioljubuski.ba\/wp-content\/uploads\/2025\/04\/milan-tolic-15x12.jpg 15w\" sizes=\"auto, (max-width: 1024px) 100vw, 1024px\" \/><\/figure>\n<\/div>\n\n\n<p>Rukometa\u0161i Izvi\u0111a\u010d Agrama su novi\/stari prvaci BiH.<\/p>\n\n\n\n<p>Pobjedom nad mom\u010dadi Bosne u 23. kolu Premijer lige BiH rukometa\u0161i Izvi\u0111a\u010d Agrama iz Ljubu\u0161kog su tri kola prije kraja prvenstva osigurali titulu prvaka BiH i tako obranili naslov prvaka iz pro\u0161le sezone.<\/p>\n\n\n\n<p>Za \u201cSkaute\u201d je ovo povijesni trenutak jer su osvojili svoju 11. titulu prvaka BiH, a istovremeno i tre\u0107u uzastopnu titulu, potvr\u0111uju\u0107i tako svoju dominaciju u bh. rukometu.<\/p>\n\n\n\n<p>Me\u0111utim, za rukometa\u0161e Izvi\u0111a\u010da nema odmora. Ve\u0107 u subotu pred njima je novi izazov, utakmica polufinala EHF Europa kupa, gdje ih o\u010dekuje gostovanje kod gr\u010dkog AEK-a u Ateni.<\/p>\n\n\n\n<p>Tjedan dana kasnije na redu je uzvratna utakmica u Ljubu\u0161kom.<\/p>\n\n\n\n<p>Tim povodom razgovarali smo s trenerom Izvi\u0111a\u010da Milanom Mimijem Toli\u0107em.<\/p>\n\n\n\n<p>Toli\u0107 je izrazio zadovoljstvo obranom titule prvaka i sezonom koja je iza rukometa\u0161a Izvi\u0111a\u010da.<\/p>\n\n\n\n<p>\u201eIza nas je odli\u010dna sezona u kojoj smo nadma\u0161ili na\u0161a o\u010dekivanja. Sje\u0107am se kad je uprava Izvi\u0111a\u010da izabrala mene i Ivana D\u017eoli\u0107a za trenere da je bilo i odre\u0111ene doze straha kako \u0107emo mi to odraditi ali na kraju se pokazalo da smo ispunili o\u010dekivanja. Vjerujem da smo do sada ostvarili i puno vi\u0161e od onoga \u0161to se od nas o\u010dekivalo. Tako\u0111er, vjerujem da i u Europi mo\u017eemo napraviti jo\u0161 vi\u0161e. Imamo odli\u010dnu mom\u010dad i ne mogu ne pohvaliti sve na\u0161e igra\u010de i njihovu kvalitetu, ali i njihovu volju, zajedni\u0161tvo, zalaganje i mogu samo re\u0107i da su u svakoj utakmici davali sve od sebe i ostavljali srce na terenu\u201c, isti\u010de Toli\u0107.<\/p>\n\n\n\n<p>Osvr\u0107u\u0107i se na sino\u0107nju utakmicu Toli\u0107 nagla\u0161ava kako je mom\u010dad Izvi\u0111a\u010da jo\u0161 nakon pobjede nad Slogom u Doboju \u201eglavom u Ateni.\u201c<\/p>\n\n\n\n<p>\u201eU zadnjih dvadesetak dana smo odigrali sedam utakmica i sigurno da su igra\u010di umorni. Kada smo mi treneri umorni mo\u017eete misliti kako je igra\u010dima koji su iznijeli veliki teret ove sezone gotovo stalno igraju\u0107i ritmom srijeda \u2013 nedjelja. Nakon pobjede nad Slogom u Doboju moram priznati da smo mi glavom u Ateni. I u Gora\u017edu i sino\u0107 morali smo odmarati i rotirati neke igra\u010de. I u Gora\u017edu smo o\u010dekivali povoljniji rezultat, ali nakon tog poraza vjerovali smo da \u0107emo sino\u0107 u Ljubu\u0161kom obraniti titulu. Moram re\u0107i da smo mi u Gora\u017edu i sino\u0107 fizi\u010dki bili na terenu, ali smo glavom bili u Ateni i to nam je predstavljalo odre\u0111eni problem. Koliko god se ti borio da ne razmi\u0161lja\u0161 o Ateni ona ti se stalno vrti u glavi\u201c, ka\u017ee Toli\u0107.<\/p>\n\n\n\n<p>Kratko se osvrnuo i na o\u010dekivanja od dvije utakmice polufinala EHF Europa kupa protiv gr\u010dkog AEK-a.<\/p>\n\n\n\n<p>\u201eSutra kre\u0107emo u Gr\u010dku. Idemo do Dubrovnika, a onda avionom letimo direktno za Atenu. Sutra nave\u010der imat \u0107emo trening u Ateni, a onda nas u subotu \u010deka utakmica. Ako bih iskreno govorio o izgledima za prolazak u finale rekao bih da su \u0161anse AEK-a 55 posto, a na\u0161e 45 posto. Ali mi vjerujemo da mo\u017eemo pro\u0107i AEK i plasirati se u finale. Vjerujemo u na\u0161e de\u010dke, vjerujemo da su oni najbolji, oni vjeruju u sebe i to je na\u0161a snaga. U Ateni o\u010dekujemo dobar rezultat koji bi nam jam\u010dio da dobrom igrom u uzvratu u Ljubu\u0161om i no\u0161eni podr\u0161kom na\u0161ih navija\u010da mo\u017eemo pro\u0107i u finale\u201c, s optimizmom govori trener D\u017eoli\u0107.<\/p>\n\n\n\n<p>Za kraj razgovora popularni Mimi je podsjetio na poznati Izvi\u0111a\u010dev slogan \u201eBit \u0107e toga jo\u0161\u201c.<\/p>\n\n\n\n<p>Mi vjerujemo da \u0107e doista tako i biti.<\/p>\n\n\n\n<p>D. Vukojevi\u0107<\/p>\n\n\n\n<p>RK Izvi\u0111a\u010d<\/p>\n\n\n\n<p><\/p>\n","protected":false},"excerpt":{"rendered":"<p>Sve objave Rukometa\u0161i Izvi\u0111a\u010da ovih danas ispisuju povijest. Sino\u0107 su pobjedom nad mom\u010dadi Bosne i matemati\u010dki osigurali 11.titulu prvaka. Nije bilo velikog slavlja jer su svi bili u mislima na subotu i na jo\u0161 jedan od povijesnih dana Kluba. Trenerski dvojac D\u017eoli\u0107\/Toli\u0107 ovih dana je na mukama, kako sa\u010duvati igra\u010de za subotu, a kako zadr\u017eati [&hellip;]<\/p>\n","protected":false},"author":2,"featured_media":215991,"comment_status":"closed","ping_status":"closed","sticky":false,"template":"","format":"standard","meta":{"h5ap_radio_sources":[],"footnotes":""},"categories":[3,28,7],"tags":[],"class_list":["post-215988","post","type-post","status-publish","format-standard","has-post-thumbnail","hentry","category-ljubuski","category-novosti","category-sport"],"yoast_head":"<!-- This site is optimized with the Yoast SEO plugin v27.5 - https:\/\/yoast.com\/product\/yoast-seo-wordpress\/ -->\n<title>Izvi\u0111a\u010d obranio titulu prvaka BiH; Milan Toli\u0107: &quot;Bit \u0107e toga jo\u0161&quot; - RADIO LJUBU\u0160KI<\/title>\n<meta name=\"robots\" content=\"index, follow, max-snippet:-1, max-image-preview:large, max-video-preview:-1\" \/>\n<link rel=\"canonical\" href=\"https:\/\/radioljubuski.ba\/index.php\/2025\/04\/17\/izvidac-obranio-titulu-prvaka-bih-milan-tolic-bit-ce-toga-jos\/\" \/>\n<meta property=\"og:locale\" content=\"hr_HR\" \/>\n<meta property=\"og:type\" content=\"article\" \/>\n<meta property=\"og:title\" content=\"Izvi\u0111a\u010d obranio titulu prvaka BiH; Milan Toli\u0107: &quot;Bit \u0107e toga jo\u0161&quot; - RADIO LJUBU\u0160KI\" \/>\n<meta property=\"og:description\" content=\"Sve objave Rukometa\u0161i Izvi\u0111a\u010da ovih danas ispisuju povijest. Sino\u0107 su pobjedom nad mom\u010dadi Bosne i matemati\u010dki osigurali 11.titulu prvaka. Nije bilo velikog slavlja jer su svi bili u mislima na subotu i na jo\u0161 jedan od povijesnih dana Kluba. Trenerski dvojac D\u017eoli\u0107\/Toli\u0107 ovih dana je na mukama, kako sa\u010duvati igra\u010de za subotu, a kako zadr\u017eati [&hellip;]\" \/>\n<meta property=\"og:url\" content=\"https:\/\/radioljubuski.ba\/index.php\/2025\/04\/17\/izvidac-obranio-titulu-prvaka-bih-milan-tolic-bit-ce-toga-jos\/\" \/>\n<meta property=\"og:site_name\" content=\"RADIO LJUBU\u0160KI\" \/>\n<meta property=\"article:publisher\" content=\"https:\/\/www.facebook.com\/Radiio-Ljubuski-1490835324566332\" \/>\n<meta property=\"article:published_time\" content=\"2025-04-17T10:55:40+00:00\" \/>\n<meta property=\"article:modified_time\" content=\"2025-04-17T12:20:11+00:00\" \/>\n<meta property=\"og:image\" content=\"https:\/\/radioljubuski.ba\/wp-content\/uploads\/2025\/04\/izvidac.jpg\" \/>\n\t<meta property=\"og:image:width\" content=\"1024\" \/>\n\t<meta property=\"og:image:height\" content=\"475\" \/>\n\t<meta property=\"og:image:type\" content=\"image\/jpeg\" \/>\n<meta name=\"author\" content=\"Radio Ljubu\u0161ki\" \/>\n<meta name=\"twitter:card\" content=\"summary_large_image\" \/>\n<meta name=\"twitter:creator\" content=\"@radioljubuski\" \/>\n<meta name=\"twitter:site\" content=\"@radioljubuski\" \/>\n<meta name=\"twitter:label1\" content=\"Napisao\/la\" \/>\n\t<meta name=\"twitter:data1\" content=\"Radio Ljubu\u0161ki\" \/>\n\t<meta name=\"twitter:label2\" content=\"Procijenjeno vrijeme \u010ditanja\" \/>\n\t<meta name=\"twitter:data2\" content=\"7 minuta\" \/>\n<script type=\"application\/ld+json\" class=\"yoast-schema-graph\">{\"@context\":\"https:\\\/\\\/schema.org\",\"@graph\":[{\"@type\":\"Article\",\"@id\":\"https:\\\/\\\/radioljubuski.ba\\\/index.php\\\/2025\\\/04\\\/17\\\/izvidac-obranio-titulu-prvaka-bih-milan-tolic-bit-ce-toga-jos\\\/#article\",\"isPartOf\":{\"@id\":\"https:\\\/\\\/radioljubuski.ba\\\/index.php\\\/2025\\\/04\\\/17\\\/izvidac-obranio-titulu-prvaka-bih-milan-tolic-bit-ce-toga-jos\\\/\"},\"author\":{\"name\":\"Radio Ljubu\u0161ki\",\"@id\":\"https:\\\/\\\/radioljubuski.ba\\\/#\\\/schema\\\/person\\\/19fc700381a780f69665d7956c469e3b\"},\"headline\":\"Izvi\u0111a\u010d obranio titulu prvaka BiH; Milan Toli\u0107: &#8220;Bit \u0107e toga jo\u0161&#8221;\",\"datePublished\":\"2025-04-17T10:55:40+00:00\",\"dateModified\":\"2025-04-17T12:20:11+00:00\",\"mainEntityOfPage\":{\"@id\":\"https:\\\/\\\/radioljubuski.ba\\\/index.php\\\/2025\\\/04\\\/17\\\/izvidac-obranio-titulu-prvaka-bih-milan-tolic-bit-ce-toga-jos\\\/\"},\"wordCount\":1176,\"publisher\":{\"@id\":\"https:\\\/\\\/radioljubuski.ba\\\/#organization\"},\"image\":{\"@id\":\"https:\\\/\\\/radioljubuski.ba\\\/index.php\\\/2025\\\/04\\\/17\\\/izvidac-obranio-titulu-prvaka-bih-milan-tolic-bit-ce-toga-jos\\\/#primaryimage\"},\"thumbnailUrl\":\"https:\\\/\\\/radioljubuski.ba\\\/wp-content\\\/uploads\\\/2025\\\/04\\\/izvidac.jpg\",\"articleSection\":[\"Ljubu\u0161ki\",\"Novosti\",\"\u0160port\"],\"inLanguage\":\"hr\"},{\"@type\":\"WebPage\",\"@id\":\"https:\\\/\\\/radioljubuski.ba\\\/index.php\\\/2025\\\/04\\\/17\\\/izvidac-obranio-titulu-prvaka-bih-milan-tolic-bit-ce-toga-jos\\\/\",\"url\":\"https:\\\/\\\/radioljubuski.ba\\\/index.php\\\/2025\\\/04\\\/17\\\/izvidac-obranio-titulu-prvaka-bih-milan-tolic-bit-ce-toga-jos\\\/\",\"name\":\"Izvi\u0111a\u010d obranio titulu prvaka BiH; Milan Toli\u0107: \\\"Bit \u0107e toga jo\u0161\\\" - RADIO LJUBU\u0160KI\",\"isPartOf\":{\"@id\":\"https:\\\/\\\/radioljubuski.ba\\\/#website\"},\"primaryImageOfPage\":{\"@id\":\"https:\\\/\\\/radioljubuski.ba\\\/index.php\\\/2025\\\/04\\\/17\\\/izvidac-obranio-titulu-prvaka-bih-milan-tolic-bit-ce-toga-jos\\\/#primaryimage\"},\"image\":{\"@id\":\"https:\\\/\\\/radioljubuski.ba\\\/index.php\\\/2025\\\/04\\\/17\\\/izvidac-obranio-titulu-prvaka-bih-milan-tolic-bit-ce-toga-jos\\\/#primaryimage\"},\"thumbnailUrl\":\"https:\\\/\\\/radioljubuski.ba\\\/wp-content\\\/uploads\\\/2025\\\/04\\\/izvidac.jpg\",\"datePublished\":\"2025-04-17T10:55:40+00:00\",\"dateModified\":\"2025-04-17T12:20:11+00:00\",\"breadcrumb\":{\"@id\":\"https:\\\/\\\/radioljubuski.ba\\\/index.php\\\/2025\\\/04\\\/17\\\/izvidac-obranio-titulu-prvaka-bih-milan-tolic-bit-ce-toga-jos\\\/#breadcrumb\"},\"inLanguage\":\"hr\",\"potentialAction\":[{\"@type\":\"ReadAction\",\"target\":[\"https:\\\/\\\/radioljubuski.ba\\\/index.php\\\/2025\\\/04\\\/17\\\/izvidac-obranio-titulu-prvaka-bih-milan-tolic-bit-ce-toga-jos\\\/\"]}]},{\"@type\":\"ImageObject\",\"inLanguage\":\"hr\",\"@id\":\"https:\\\/\\\/radioljubuski.ba\\\/index.php\\\/2025\\\/04\\\/17\\\/izvidac-obranio-titulu-prvaka-bih-milan-tolic-bit-ce-toga-jos\\\/#primaryimage\",\"url\":\"https:\\\/\\\/radioljubuski.ba\\\/wp-content\\\/uploads\\\/2025\\\/04\\\/izvidac.jpg\",\"contentUrl\":\"https:\\\/\\\/radioljubuski.ba\\\/wp-content\\\/uploads\\\/2025\\\/04\\\/izvidac.jpg\",\"width\":1024,\"height\":475},{\"@type\":\"BreadcrumbList\",\"@id\":\"https:\\\/\\\/radioljubuski.ba\\\/index.php\\\/2025\\\/04\\\/17\\\/izvidac-obranio-titulu-prvaka-bih-milan-tolic-bit-ce-toga-jos\\\/#breadcrumb\",\"itemListElement\":[{\"@type\":\"ListItem\",\"position\":1,\"name\":\"Po\u010detna stranica\",\"item\":\"https:\\\/\\\/radioljubuski.ba\\\/\"},{\"@type\":\"ListItem\",\"position\":2,\"name\":\"Izvi\u0111a\u010d obranio titulu prvaka BiH; Milan Toli\u0107: &#8220;Bit \u0107e toga jo\u0161&#8221;\"}]},{\"@type\":\"WebSite\",\"@id\":\"https:\\\/\\\/radioljubuski.ba\\\/#website\",\"url\":\"https:\\\/\\\/radioljubuski.ba\\\/\",\"name\":\"Radio Ljubu\u0161ki\",\"description\":\"Sun\u010dana frekvencija Hercegovine\",\"publisher\":{\"@id\":\"https:\\\/\\\/radioljubuski.ba\\\/#organization\"},\"potentialAction\":[{\"@type\":\"SearchAction\",\"target\":{\"@type\":\"EntryPoint\",\"urlTemplate\":\"https:\\\/\\\/radioljubuski.ba\\\/?s={search_term_string}\"},\"query-input\":{\"@type\":\"PropertyValueSpecification\",\"valueRequired\":true,\"valueName\":\"search_term_string\"}}],\"inLanguage\":\"hr\"},{\"@type\":\"Organization\",\"@id\":\"https:\\\/\\\/radioljubuski.ba\\\/#organization\",\"name\":\"Radio Ljubu\u0161ki\",\"url\":\"https:\\\/\\\/radioljubuski.ba\\\/\",\"logo\":{\"@type\":\"ImageObject\",\"inLanguage\":\"hr\",\"@id\":\"https:\\\/\\\/radioljubuski.ba\\\/#\\\/schema\\\/logo\\\/image\\\/\",\"url\":\"https:\\\/\\\/radioljubuski.ba\\\/wp-content\\\/uploads\\\/2021\\\/02\\\/cropped-Radio_Ljubuski_logo1.jpg\",\"contentUrl\":\"https:\\\/\\\/radioljubuski.ba\\\/wp-content\\\/uploads\\\/2021\\\/02\\\/cropped-Radio_Ljubuski_logo1.jpg\",\"width\":512,\"height\":512,\"caption\":\"Radio Ljubu\u0161ki\"},\"image\":{\"@id\":\"https:\\\/\\\/radioljubuski.ba\\\/#\\\/schema\\\/logo\\\/image\\\/\"},\"sameAs\":[\"https:\\\/\\\/www.facebook.com\\\/Radiio-Ljubuski-1490835324566332\",\"https:\\\/\\\/x.com\\\/radioljubuski\",\"https:\\\/\\\/hr.linkedin.com\\\/company\\\/radio-ljubuski\",\"https:\\\/\\\/www.youtube.com\\\/channel\\\/UCHYaeO_n0Db3tjNGudGpXyw\"]},{\"@type\":\"Person\",\"@id\":\"https:\\\/\\\/radioljubuski.ba\\\/#\\\/schema\\\/person\\\/19fc700381a780f69665d7956c469e3b\",\"name\":\"Radio Ljubu\u0161ki\"}]}<\/script>\n<!-- \/ Yoast SEO plugin. -->","yoast_head_json":{"title":"Izvi\u0111a\u010d obranio titulu prvaka BiH; Milan Toli\u0107: \"Bit \u0107e toga jo\u0161\" - RADIO LJUBU\u0160KI","robots":{"index":"index","follow":"follow","max-snippet":"max-snippet:-1","max-image-preview":"max-image-preview:large","max-video-preview":"max-video-preview:-1"},"canonical":"https:\/\/radioljubuski.ba\/index.php\/2025\/04\/17\/izvidac-obranio-titulu-prvaka-bih-milan-tolic-bit-ce-toga-jos\/","og_locale":"hr_HR","og_type":"article","og_title":"Izvi\u0111a\u010d obranio titulu prvaka BiH; Milan Toli\u0107: \"Bit \u0107e toga jo\u0161\" - RADIO LJUBU\u0160KI","og_description":"Sve objave Rukometa\u0161i Izvi\u0111a\u010da ovih danas ispisuju povijest. Sino\u0107 su pobjedom nad mom\u010dadi Bosne i matemati\u010dki osigurali 11.titulu prvaka. Nije bilo velikog slavlja jer su svi bili u mislima na subotu i na jo\u0161 jedan od povijesnih dana Kluba. Trenerski dvojac D\u017eoli\u0107\/Toli\u0107 ovih dana je na mukama, kako sa\u010duvati igra\u010de za subotu, a kako zadr\u017eati [&hellip;]","og_url":"https:\/\/radioljubuski.ba\/index.php\/2025\/04\/17\/izvidac-obranio-titulu-prvaka-bih-milan-tolic-bit-ce-toga-jos\/","og_site_name":"RADIO LJUBU\u0160KI","article_publisher":"https:\/\/www.facebook.com\/Radiio-Ljubuski-1490835324566332","article_published_time":"2025-04-17T10:55:40+00:00","article_modified_time":"2025-04-17T12:20:11+00:00","og_image":[{"width":1024,"height":475,"url":"https:\/\/radioljubuski.ba\/wp-content\/uploads\/2025\/04\/izvidac.jpg","type":"image\/jpeg"}],"author":"Radio Ljubu\u0161ki","twitter_card":"summary_large_image","twitter_creator":"@radioljubuski","twitter_site":"@radioljubuski","twitter_misc":{"Napisao\/la":"Radio Ljubu\u0161ki","Procijenjeno vrijeme \u010ditanja":"7 minuta"},"schema":{"@context":"https:\/\/schema.org","@graph":[{"@type":"Article","@id":"https:\/\/radioljubuski.ba\/index.php\/2025\/04\/17\/izvidac-obranio-titulu-prvaka-bih-milan-tolic-bit-ce-toga-jos\/#article","isPartOf":{"@id":"https:\/\/radioljubuski.ba\/index.php\/2025\/04\/17\/izvidac-obranio-titulu-prvaka-bih-milan-tolic-bit-ce-toga-jos\/"},"author":{"name":"Radio Ljubu\u0161ki","@id":"https:\/\/radioljubuski.ba\/#\/schema\/person\/19fc700381a780f69665d7956c469e3b"},"headline":"Izvi\u0111a\u010d obranio titulu prvaka BiH; Milan Toli\u0107: &#8220;Bit \u0107e toga jo\u0161&#8221;","datePublished":"2025-04-17T10:55:40+00:00","dateModified":"2025-04-17T12:20:11+00:00","mainEntityOfPage":{"@id":"https:\/\/radioljubuski.ba\/index.php\/2025\/04\/17\/izvidac-obranio-titulu-prvaka-bih-milan-tolic-bit-ce-toga-jos\/"},"wordCount":1176,"publisher":{"@id":"https:\/\/radioljubuski.ba\/#organization"},"image":{"@id":"https:\/\/radioljubuski.ba\/index.php\/2025\/04\/17\/izvidac-obranio-titulu-prvaka-bih-milan-tolic-bit-ce-toga-jos\/#primaryimage"},"thumbnailUrl":"https:\/\/radioljubuski.ba\/wp-content\/uploads\/2025\/04\/izvidac.jpg","articleSection":["Ljubu\u0161ki","Novosti","\u0160port"],"inLanguage":"hr"},{"@type":"WebPage","@id":"https:\/\/radioljubuski.ba\/index.php\/2025\/04\/17\/izvidac-obranio-titulu-prvaka-bih-milan-tolic-bit-ce-toga-jos\/","url":"https:\/\/radioljubuski.ba\/index.php\/2025\/04\/17\/izvidac-obranio-titulu-prvaka-bih-milan-tolic-bit-ce-toga-jos\/","name":"Izvi\u0111a\u010d obranio titulu prvaka BiH; Milan Toli\u0107: \"Bit \u0107e toga jo\u0161\" - RADIO LJUBU\u0160KI","isPartOf":{"@id":"https:\/\/radioljubuski.ba\/#website"},"primaryImageOfPage":{"@id":"https:\/\/radioljubuski.ba\/index.php\/2025\/04\/17\/izvidac-obranio-titulu-prvaka-bih-milan-tolic-bit-ce-toga-jos\/#primaryimage"},"image":{"@id":"https:\/\/radioljubuski.ba\/index.php\/2025\/04\/17\/izvidac-obranio-titulu-prvaka-bih-milan-tolic-bit-ce-toga-jos\/#primaryimage"},"thumbnailUrl":"https:\/\/radioljubuski.ba\/wp-content\/uploads\/2025\/04\/izvidac.jpg","datePublished":"2025-04-17T10:55:40+00:00","dateModified":"2025-04-17T12:20:11+00:00","breadcrumb":{"@id":"https:\/\/radioljubuski.ba\/index.php\/2025\/04\/17\/izvidac-obranio-titulu-prvaka-bih-milan-tolic-bit-ce-toga-jos\/#breadcrumb"},"inLanguage":"hr","potentialAction":[{"@type":"ReadAction","target":["https:\/\/radioljubuski.ba\/index.php\/2025\/04\/17\/izvidac-obranio-titulu-prvaka-bih-milan-tolic-bit-ce-toga-jos\/"]}]},{"@type":"ImageObject","inLanguage":"hr","@id":"https:\/\/radioljubuski.ba\/index.php\/2025\/04\/17\/izvidac-obranio-titulu-prvaka-bih-milan-tolic-bit-ce-toga-jos\/#primaryimage","url":"https:\/\/radioljubuski.ba\/wp-content\/uploads\/2025\/04\/izvidac.jpg","contentUrl":"https:\/\/radioljubuski.ba\/wp-content\/uploads\/2025\/04\/izvidac.jpg","width":1024,"height":475},{"@type":"BreadcrumbList","@id":"https:\/\/radioljubuski.ba\/index.php\/2025\/04\/17\/izvidac-obranio-titulu-prvaka-bih-milan-tolic-bit-ce-toga-jos\/#breadcrumb","itemListElement":[{"@type":"ListItem","position":1,"name":"Po\u010detna stranica","item":"https:\/\/radioljubuski.ba\/"},{"@type":"ListItem","position":2,"name":"Izvi\u0111a\u010d obranio titulu prvaka BiH; Milan Toli\u0107: &#8220;Bit \u0107e toga jo\u0161&#8221;"}]},{"@type":"WebSite","@id":"https:\/\/radioljubuski.ba\/#website","url":"https:\/\/radioljubuski.ba\/","name":"Radio Ljubu\u0161ki","description":"Sun\u010dana frekvencija Hercegovine","publisher":{"@id":"https:\/\/radioljubuski.ba\/#organization"},"potentialAction":[{"@type":"SearchAction","target":{"@type":"EntryPoint","urlTemplate":"https:\/\/radioljubuski.ba\/?s={search_term_string}"},"query-input":{"@type":"PropertyValueSpecification","valueRequired":true,"valueName":"search_term_string"}}],"inLanguage":"hr"},{"@type":"Organization","@id":"https:\/\/radioljubuski.ba\/#organization","name":"Radio Ljubu\u0161ki","url":"https:\/\/radioljubuski.ba\/","logo":{"@type":"ImageObject","inLanguage":"hr","@id":"https:\/\/radioljubuski.ba\/#\/schema\/logo\/image\/","url":"https:\/\/radioljubuski.ba\/wp-content\/uploads\/2021\/02\/cropped-Radio_Ljubuski_logo1.jpg","contentUrl":"https:\/\/radioljubuski.ba\/wp-content\/uploads\/2021\/02\/cropped-Radio_Ljubuski_logo1.jpg","width":512,"height":512,"caption":"Radio Ljubu\u0161ki"},"image":{"@id":"https:\/\/radioljubuski.ba\/#\/schema\/logo\/image\/"},"sameAs":["https:\/\/www.facebook.com\/Radiio-Ljubuski-1490835324566332","https:\/\/x.com\/radioljubuski","https:\/\/hr.linkedin.com\/company\/radio-ljubuski","https:\/\/www.youtube.com\/channel\/UCHYaeO_n0Db3tjNGudGpXyw"]},{"@type":"Person","@id":"https:\/\/radioljubuski.ba\/#\/schema\/person\/19fc700381a780f69665d7956c469e3b","name":"Radio Ljubu\u0161ki"}]}},"_links":{"self":[{"href":"https:\/\/radioljubuski.ba\/index.php\/wp-json\/wp\/v2\/posts\/215988","targetHints":{"allow":["GET"]}}],"collection":[{"href":"https:\/\/radioljubuski.ba\/index.php\/wp-json\/wp\/v2\/posts"}],"about":[{"href":"https:\/\/radioljubuski.ba\/index.php\/wp-json\/wp\/v2\/types\/post"}],"author":[{"embeddable":true,"href":"https:\/\/radioljubuski.ba\/index.php\/wp-json\/wp\/v2\/users\/2"}],"replies":[{"embeddable":true,"href":"https:\/\/radioljubuski.ba\/index.php\/wp-json\/wp\/v2\/comments?post=215988"}],"version-history":[{"count":3,"href":"https:\/\/radioljubuski.ba\/index.php\/wp-json\/wp\/v2\/posts\/215988\/revisions"}],"predecessor-version":[{"id":215996,"href":"https:\/\/radioljubuski.ba\/index.php\/wp-json\/wp\/v2\/posts\/215988\/revisions\/215996"}],"wp:featuredmedia":[{"embeddable":true,"href":"https:\/\/radioljubuski.ba\/index.php\/wp-json\/wp\/v2\/media\/215991"}],"wp:attachment":[{"href":"https:\/\/radioljubuski.ba\/index.php\/wp-json\/wp\/v2\/media?parent=215988"}],"wp:term":[{"taxonomy":"category","embeddable":true,"href":"https:\/\/radioljubuski.ba\/index.php\/wp-json\/wp\/v2\/categories?post=215988"},{"taxonomy":"post_tag","embeddable":true,"href":"https:\/\/radioljubuski.ba\/index.php\/wp-json\/wp\/v2\/tags?post=215988"}],"curies":[{"name":"wp","href":"https:\/\/api.w.org\/{rel}","templated":true}]}}