{"id":216058,"date":"2025-04-22T15:50:35","date_gmt":"2025-04-22T14:50:35","guid":{"rendered":"https:\/\/radioljubuski.ba\/?p=216058"},"modified":"2025-04-22T15:50:37","modified_gmt":"2025-04-22T14:50:37","slug":"kraljevic-novim-zakonom-nakon-gotovo-dva-desetljeca-smanjili-smo-doprinose-u-fbih","status":"publish","type":"post","link":"https:\/\/radioljubuski.ba\/index.php\/2025\/04\/22\/kraljevic-novim-zakonom-nakon-gotovo-dva-desetljeca-smanjili-smo-doprinose-u-fbih\/","title":{"rendered":"Kraljevi\u0107: Novim zakonom nakon gotovo dva desetlje\u0107a smanjili smo doprinose u FBiH"},"content":{"rendered":"\n<p>Dono\u0161enje Zakona o izmjenama i dopunama zakona o doprinosima predstavlja stvarni prelazak iz sfere fiskalnih intervencija u sferu fiskalnih reformi, kazao je dopremijer Federacije BiH i federalni ministar financija Toni Kraljevi\u0107 na dana\u0161njoj sjednici Doma naroda Parlamenta FBiH obrazla\u017eu\u0107i navedeni zakon kojem je predlaga\u010d Federalno ministarstvo financija.<\/p>\n\n\n\n<p>Naglasio je kako se ovim zakonskim rje\u0161enjem nakon gotovo dva desetlje\u0107a u Federaciji BiH zbirna stopa doprinosa smanjuje za 13,25 posto, odnosno za pet i po indeksnih poena.<\/p>\n\n\n\n<p>\u201eEppur si mouve (ipak se kre\u0107e)\u201c, zaklju\u010dio je Kraljevi\u0107 na kraju svog izlaganja.<\/p>\n\n\n\n<p>Dom naroda Parlamenta Federacije Bosne i Hercegovine usvojio je na dana\u0161njoj  sjednici, gotovo jednoglasno, Zakon o izmjenama i dopunama zakona o doprinosima FBiH \u010dijom \u0107e primjenom zbirna stopa doprinosa umjesto trenutnih 41,5 posto ubudu\u0107e biti smanjena na 36 posto.<\/p>\n\n\n\n<p>Ina\u010de, danas usvojeni Zakon dio je fiskalne reforme koju je zapo\u010dela Vlada Federacije BiH dono\u0161enjem Odluke o najni\u017eoj pla\u0107i za 2025. godinu u visini od 1000 KM.Tom prilikom dopremijer Kraljevi\u0107 je naglasio kako treba imati na umu da pove\u0107anje najni\u017ee pla\u0107e nije i ne\u0107e biti izolirani potez ve\u0107 dio sveobuhvatne strategije reforme fiskalnog sustava u kojem kontekstu treba promatrati ovu odluku Vlade FBiH.Dono\u0161enje Zakona o izmjenama i dopunama zakona o doprinosima FBiH, te \u010dinjenica da je u zavr\u0161noj fazi rasprave jo\u0161 jedan iz seta fiskalnih zakona koje je pripremilo Ministarstvo financija FBiH &#8211; Zakon o fiskalizaciji transakcija u FBiH potvr\u0111uje opredijeljenost Vlade FBiH za rastere\u0107enje gospodarstva i pove\u0107anje konkurentnosti.<\/p>\n\n\n\n<p>D.J.\/Fena<\/p>\n","protected":false},"excerpt":{"rendered":"<p>Dono\u0161enje Zakona o izmjenama i dopunama zakona o doprinosima predstavlja stvarni prelazak iz sfere fiskalnih intervencija u sferu fiskalnih reformi, kazao je dopremijer Federacije BiH i federalni ministar financija Toni Kraljevi\u0107 na dana\u0161njoj sjednici Doma naroda Parlamenta FBiH obrazla\u017eu\u0107i navedeni zakon kojem je predlaga\u010d Federalno ministarstvo financija. Naglasio je kako se ovim zakonskim rje\u0161enjem nakon [&hellip;]<\/p>\n","protected":false},"author":2,"featured_media":208021,"comment_status":"closed","ping_status":"closed","sticky":false,"template":"","format":"standard","meta":{"h5ap_radio_sources":[],"footnotes":""},"categories":[1,28],"tags":[],"class_list":["post-216058","post","type-post","status-publish","format-standard","has-post-thumbnail","hentry","category-bihiregija","category-novosti"],"yoast_head":"<!-- This site is optimized with the Yoast SEO plugin v27.5 - https:\/\/yoast.com\/product\/yoast-seo-wordpress\/ -->\n<title>Kraljevi\u0107: Novim zakonom nakon gotovo dva desetlje\u0107a smanjili smo doprinose u FBiH - RADIO LJUBU\u0160KI<\/title>\n<meta name=\"robots\" content=\"index, follow, max-snippet:-1, max-image-preview:large, max-video-preview:-1\" \/>\n<link rel=\"canonical\" href=\"https:\/\/radioljubuski.ba\/index.php\/2025\/04\/22\/kraljevic-novim-zakonom-nakon-gotovo-dva-desetljeca-smanjili-smo-doprinose-u-fbih\/\" \/>\n<meta property=\"og:locale\" content=\"hr_HR\" \/>\n<meta property=\"og:type\" content=\"article\" \/>\n<meta property=\"og:title\" content=\"Kraljevi\u0107: Novim zakonom nakon gotovo dva desetlje\u0107a smanjili smo doprinose u FBiH - RADIO LJUBU\u0160KI\" \/>\n<meta property=\"og:description\" content=\"Dono\u0161enje Zakona o izmjenama i dopunama zakona o doprinosima predstavlja stvarni prelazak iz sfere fiskalnih intervencija u sferu fiskalnih reformi, kazao je dopremijer Federacije BiH i federalni ministar financija Toni Kraljevi\u0107 na dana\u0161njoj sjednici Doma naroda Parlamenta FBiH obrazla\u017eu\u0107i navedeni zakon kojem je predlaga\u010d Federalno ministarstvo financija. Naglasio je kako se ovim zakonskim rje\u0161enjem nakon [&hellip;]\" \/>\n<meta property=\"og:url\" content=\"https:\/\/radioljubuski.ba\/index.php\/2025\/04\/22\/kraljevic-novim-zakonom-nakon-gotovo-dva-desetljeca-smanjili-smo-doprinose-u-fbih\/\" \/>\n<meta property=\"og:site_name\" content=\"RADIO LJUBU\u0160KI\" \/>\n<meta property=\"article:publisher\" content=\"https:\/\/www.facebook.com\/Radiio-Ljubuski-1490835324566332\" \/>\n<meta property=\"article:published_time\" content=\"2025-04-22T14:50:35+00:00\" \/>\n<meta property=\"article:modified_time\" content=\"2025-04-22T14:50:37+00:00\" \/>\n<meta property=\"og:image\" content=\"https:\/\/radioljubuski.ba\/wp-content\/uploads\/2024\/08\/toni_1724843159.jpg\" \/>\n\t<meta property=\"og:image:width\" content=\"1024\" \/>\n\t<meta property=\"og:image:height\" content=\"683\" \/>\n\t<meta property=\"og:image:type\" content=\"image\/jpeg\" \/>\n<meta name=\"author\" content=\"Radio Ljubu\u0161ki\" \/>\n<meta name=\"twitter:card\" content=\"summary_large_image\" \/>\n<meta name=\"twitter:creator\" content=\"@radioljubuski\" \/>\n<meta name=\"twitter:site\" content=\"@radioljubuski\" \/>\n<meta name=\"twitter:label1\" content=\"Napisao\/la\" \/>\n\t<meta name=\"twitter:data1\" content=\"Radio Ljubu\u0161ki\" \/>\n\t<meta name=\"twitter:label2\" content=\"Procijenjeno vrijeme \u010ditanja\" \/>\n\t<meta name=\"twitter:data2\" content=\"2 minute\" \/>\n<script type=\"application\/ld+json\" class=\"yoast-schema-graph\">{\"@context\":\"https:\\\/\\\/schema.org\",\"@graph\":[{\"@type\":\"Article\",\"@id\":\"https:\\\/\\\/radioljubuski.ba\\\/index.php\\\/2025\\\/04\\\/22\\\/kraljevic-novim-zakonom-nakon-gotovo-dva-desetljeca-smanjili-smo-doprinose-u-fbih\\\/#article\",\"isPartOf\":{\"@id\":\"https:\\\/\\\/radioljubuski.ba\\\/index.php\\\/2025\\\/04\\\/22\\\/kraljevic-novim-zakonom-nakon-gotovo-dva-desetljeca-smanjili-smo-doprinose-u-fbih\\\/\"},\"author\":{\"name\":\"Radio Ljubu\u0161ki\",\"@id\":\"https:\\\/\\\/radioljubuski.ba\\\/#\\\/schema\\\/person\\\/19fc700381a780f69665d7956c469e3b\"},\"headline\":\"Kraljevi\u0107: Novim zakonom nakon gotovo dva desetlje\u0107a smanjili smo doprinose u FBiH\",\"datePublished\":\"2025-04-22T14:50:35+00:00\",\"dateModified\":\"2025-04-22T14:50:37+00:00\",\"mainEntityOfPage\":{\"@id\":\"https:\\\/\\\/radioljubuski.ba\\\/index.php\\\/2025\\\/04\\\/22\\\/kraljevic-novim-zakonom-nakon-gotovo-dva-desetljeca-smanjili-smo-doprinose-u-fbih\\\/\"},\"wordCount\":273,\"publisher\":{\"@id\":\"https:\\\/\\\/radioljubuski.ba\\\/#organization\"},\"image\":{\"@id\":\"https:\\\/\\\/radioljubuski.ba\\\/index.php\\\/2025\\\/04\\\/22\\\/kraljevic-novim-zakonom-nakon-gotovo-dva-desetljeca-smanjili-smo-doprinose-u-fbih\\\/#primaryimage\"},\"thumbnailUrl\":\"https:\\\/\\\/radioljubuski.ba\\\/wp-content\\\/uploads\\\/2024\\\/08\\\/toni_1724843159.jpg\",\"articleSection\":[\"BIH i regija\",\"Novosti\"],\"inLanguage\":\"hr\"},{\"@type\":\"WebPage\",\"@id\":\"https:\\\/\\\/radioljubuski.ba\\\/index.php\\\/2025\\\/04\\\/22\\\/kraljevic-novim-zakonom-nakon-gotovo-dva-desetljeca-smanjili-smo-doprinose-u-fbih\\\/\",\"url\":\"https:\\\/\\\/radioljubuski.ba\\\/index.php\\\/2025\\\/04\\\/22\\\/kraljevic-novim-zakonom-nakon-gotovo-dva-desetljeca-smanjili-smo-doprinose-u-fbih\\\/\",\"name\":\"Kraljevi\u0107: Novim zakonom nakon gotovo dva desetlje\u0107a smanjili smo doprinose u FBiH - RADIO LJUBU\u0160KI\",\"isPartOf\":{\"@id\":\"https:\\\/\\\/radioljubuski.ba\\\/#website\"},\"primaryImageOfPage\":{\"@id\":\"https:\\\/\\\/radioljubuski.ba\\\/index.php\\\/2025\\\/04\\\/22\\\/kraljevic-novim-zakonom-nakon-gotovo-dva-desetljeca-smanjili-smo-doprinose-u-fbih\\\/#primaryimage\"},\"image\":{\"@id\":\"https:\\\/\\\/radioljubuski.ba\\\/index.php\\\/2025\\\/04\\\/22\\\/kraljevic-novim-zakonom-nakon-gotovo-dva-desetljeca-smanjili-smo-doprinose-u-fbih\\\/#primaryimage\"},\"thumbnailUrl\":\"https:\\\/\\\/radioljubuski.ba\\\/wp-content\\\/uploads\\\/2024\\\/08\\\/toni_1724843159.jpg\",\"datePublished\":\"2025-04-22T14:50:35+00:00\",\"dateModified\":\"2025-04-22T14:50:37+00:00\",\"breadcrumb\":{\"@id\":\"https:\\\/\\\/radioljubuski.ba\\\/index.php\\\/2025\\\/04\\\/22\\\/kraljevic-novim-zakonom-nakon-gotovo-dva-desetljeca-smanjili-smo-doprinose-u-fbih\\\/#breadcrumb\"},\"inLanguage\":\"hr\",\"potentialAction\":[{\"@type\":\"ReadAction\",\"target\":[\"https:\\\/\\\/radioljubuski.ba\\\/index.php\\\/2025\\\/04\\\/22\\\/kraljevic-novim-zakonom-nakon-gotovo-dva-desetljeca-smanjili-smo-doprinose-u-fbih\\\/\"]}]},{\"@type\":\"ImageObject\",\"inLanguage\":\"hr\",\"@id\":\"https:\\\/\\\/radioljubuski.ba\\\/index.php\\\/2025\\\/04\\\/22\\\/kraljevic-novim-zakonom-nakon-gotovo-dva-desetljeca-smanjili-smo-doprinose-u-fbih\\\/#primaryimage\",\"url\":\"https:\\\/\\\/radioljubuski.ba\\\/wp-content\\\/uploads\\\/2024\\\/08\\\/toni_1724843159.jpg\",\"contentUrl\":\"https:\\\/\\\/radioljubuski.ba\\\/wp-content\\\/uploads\\\/2024\\\/08\\\/toni_1724843159.jpg\",\"width\":1024,\"height\":683},{\"@type\":\"BreadcrumbList\",\"@id\":\"https:\\\/\\\/radioljubuski.ba\\\/index.php\\\/2025\\\/04\\\/22\\\/kraljevic-novim-zakonom-nakon-gotovo-dva-desetljeca-smanjili-smo-doprinose-u-fbih\\\/#breadcrumb\",\"itemListElement\":[{\"@type\":\"ListItem\",\"position\":1,\"name\":\"Po\u010detna stranica\",\"item\":\"https:\\\/\\\/radioljubuski.ba\\\/\"},{\"@type\":\"ListItem\",\"position\":2,\"name\":\"Kraljevi\u0107: Novim zakonom nakon gotovo dva desetlje\u0107a smanjili smo doprinose u FBiH\"}]},{\"@type\":\"WebSite\",\"@id\":\"https:\\\/\\\/radioljubuski.ba\\\/#website\",\"url\":\"https:\\\/\\\/radioljubuski.ba\\\/\",\"name\":\"Radio Ljubu\u0161ki\",\"description\":\"Sun\u010dana frekvencija Hercegovine\",\"publisher\":{\"@id\":\"https:\\\/\\\/radioljubuski.ba\\\/#organization\"},\"potentialAction\":[{\"@type\":\"SearchAction\",\"target\":{\"@type\":\"EntryPoint\",\"urlTemplate\":\"https:\\\/\\\/radioljubuski.ba\\\/?s={search_term_string}\"},\"query-input\":{\"@type\":\"PropertyValueSpecification\",\"valueRequired\":true,\"valueName\":\"search_term_string\"}}],\"inLanguage\":\"hr\"},{\"@type\":\"Organization\",\"@id\":\"https:\\\/\\\/radioljubuski.ba\\\/#organization\",\"name\":\"Radio Ljubu\u0161ki\",\"url\":\"https:\\\/\\\/radioljubuski.ba\\\/\",\"logo\":{\"@type\":\"ImageObject\",\"inLanguage\":\"hr\",\"@id\":\"https:\\\/\\\/radioljubuski.ba\\\/#\\\/schema\\\/logo\\\/image\\\/\",\"url\":\"https:\\\/\\\/radioljubuski.ba\\\/wp-content\\\/uploads\\\/2021\\\/02\\\/cropped-Radio_Ljubuski_logo1.jpg\",\"contentUrl\":\"https:\\\/\\\/radioljubuski.ba\\\/wp-content\\\/uploads\\\/2021\\\/02\\\/cropped-Radio_Ljubuski_logo1.jpg\",\"width\":512,\"height\":512,\"caption\":\"Radio Ljubu\u0161ki\"},\"image\":{\"@id\":\"https:\\\/\\\/radioljubuski.ba\\\/#\\\/schema\\\/logo\\\/image\\\/\"},\"sameAs\":[\"https:\\\/\\\/www.facebook.com\\\/Radiio-Ljubuski-1490835324566332\",\"https:\\\/\\\/x.com\\\/radioljubuski\",\"https:\\\/\\\/hr.linkedin.com\\\/company\\\/radio-ljubuski\",\"https:\\\/\\\/www.youtube.com\\\/channel\\\/UCHYaeO_n0Db3tjNGudGpXyw\"]},{\"@type\":\"Person\",\"@id\":\"https:\\\/\\\/radioljubuski.ba\\\/#\\\/schema\\\/person\\\/19fc700381a780f69665d7956c469e3b\",\"name\":\"Radio Ljubu\u0161ki\"}]}<\/script>\n<!-- \/ Yoast SEO plugin. -->","yoast_head_json":{"title":"Kraljevi\u0107: Novim zakonom nakon gotovo dva desetlje\u0107a smanjili smo doprinose u FBiH - RADIO LJUBU\u0160KI","robots":{"index":"index","follow":"follow","max-snippet":"max-snippet:-1","max-image-preview":"max-image-preview:large","max-video-preview":"max-video-preview:-1"},"canonical":"https:\/\/radioljubuski.ba\/index.php\/2025\/04\/22\/kraljevic-novim-zakonom-nakon-gotovo-dva-desetljeca-smanjili-smo-doprinose-u-fbih\/","og_locale":"hr_HR","og_type":"article","og_title":"Kraljevi\u0107: Novim zakonom nakon gotovo dva desetlje\u0107a smanjili smo doprinose u FBiH - RADIO LJUBU\u0160KI","og_description":"Dono\u0161enje Zakona o izmjenama i dopunama zakona o doprinosima predstavlja stvarni prelazak iz sfere fiskalnih intervencija u sferu fiskalnih reformi, kazao je dopremijer Federacije BiH i federalni ministar financija Toni Kraljevi\u0107 na dana\u0161njoj sjednici Doma naroda Parlamenta FBiH obrazla\u017eu\u0107i navedeni zakon kojem je predlaga\u010d Federalno ministarstvo financija. Naglasio je kako se ovim zakonskim rje\u0161enjem nakon [&hellip;]","og_url":"https:\/\/radioljubuski.ba\/index.php\/2025\/04\/22\/kraljevic-novim-zakonom-nakon-gotovo-dva-desetljeca-smanjili-smo-doprinose-u-fbih\/","og_site_name":"RADIO LJUBU\u0160KI","article_publisher":"https:\/\/www.facebook.com\/Radiio-Ljubuski-1490835324566332","article_published_time":"2025-04-22T14:50:35+00:00","article_modified_time":"2025-04-22T14:50:37+00:00","og_image":[{"width":1024,"height":683,"url":"https:\/\/radioljubuski.ba\/wp-content\/uploads\/2024\/08\/toni_1724843159.jpg","type":"image\/jpeg"}],"author":"Radio Ljubu\u0161ki","twitter_card":"summary_large_image","twitter_creator":"@radioljubuski","twitter_site":"@radioljubuski","twitter_misc":{"Napisao\/la":"Radio Ljubu\u0161ki","Procijenjeno vrijeme \u010ditanja":"2 minute"},"schema":{"@context":"https:\/\/schema.org","@graph":[{"@type":"Article","@id":"https:\/\/radioljubuski.ba\/index.php\/2025\/04\/22\/kraljevic-novim-zakonom-nakon-gotovo-dva-desetljeca-smanjili-smo-doprinose-u-fbih\/#article","isPartOf":{"@id":"https:\/\/radioljubuski.ba\/index.php\/2025\/04\/22\/kraljevic-novim-zakonom-nakon-gotovo-dva-desetljeca-smanjili-smo-doprinose-u-fbih\/"},"author":{"name":"Radio Ljubu\u0161ki","@id":"https:\/\/radioljubuski.ba\/#\/schema\/person\/19fc700381a780f69665d7956c469e3b"},"headline":"Kraljevi\u0107: Novim zakonom nakon gotovo dva desetlje\u0107a smanjili smo doprinose u FBiH","datePublished":"2025-04-22T14:50:35+00:00","dateModified":"2025-04-22T14:50:37+00:00","mainEntityOfPage":{"@id":"https:\/\/radioljubuski.ba\/index.php\/2025\/04\/22\/kraljevic-novim-zakonom-nakon-gotovo-dva-desetljeca-smanjili-smo-doprinose-u-fbih\/"},"wordCount":273,"publisher":{"@id":"https:\/\/radioljubuski.ba\/#organization"},"image":{"@id":"https:\/\/radioljubuski.ba\/index.php\/2025\/04\/22\/kraljevic-novim-zakonom-nakon-gotovo-dva-desetljeca-smanjili-smo-doprinose-u-fbih\/#primaryimage"},"thumbnailUrl":"https:\/\/radioljubuski.ba\/wp-content\/uploads\/2024\/08\/toni_1724843159.jpg","articleSection":["BIH i regija","Novosti"],"inLanguage":"hr"},{"@type":"WebPage","@id":"https:\/\/radioljubuski.ba\/index.php\/2025\/04\/22\/kraljevic-novim-zakonom-nakon-gotovo-dva-desetljeca-smanjili-smo-doprinose-u-fbih\/","url":"https:\/\/radioljubuski.ba\/index.php\/2025\/04\/22\/kraljevic-novim-zakonom-nakon-gotovo-dva-desetljeca-smanjili-smo-doprinose-u-fbih\/","name":"Kraljevi\u0107: Novim zakonom nakon gotovo dva desetlje\u0107a smanjili smo doprinose u FBiH - RADIO LJUBU\u0160KI","isPartOf":{"@id":"https:\/\/radioljubuski.ba\/#website"},"primaryImageOfPage":{"@id":"https:\/\/radioljubuski.ba\/index.php\/2025\/04\/22\/kraljevic-novim-zakonom-nakon-gotovo-dva-desetljeca-smanjili-smo-doprinose-u-fbih\/#primaryimage"},"image":{"@id":"https:\/\/radioljubuski.ba\/index.php\/2025\/04\/22\/kraljevic-novim-zakonom-nakon-gotovo-dva-desetljeca-smanjili-smo-doprinose-u-fbih\/#primaryimage"},"thumbnailUrl":"https:\/\/radioljubuski.ba\/wp-content\/uploads\/2024\/08\/toni_1724843159.jpg","datePublished":"2025-04-22T14:50:35+00:00","dateModified":"2025-04-22T14:50:37+00:00","breadcrumb":{"@id":"https:\/\/radioljubuski.ba\/index.php\/2025\/04\/22\/kraljevic-novim-zakonom-nakon-gotovo-dva-desetljeca-smanjili-smo-doprinose-u-fbih\/#breadcrumb"},"inLanguage":"hr","potentialAction":[{"@type":"ReadAction","target":["https:\/\/radioljubuski.ba\/index.php\/2025\/04\/22\/kraljevic-novim-zakonom-nakon-gotovo-dva-desetljeca-smanjili-smo-doprinose-u-fbih\/"]}]},{"@type":"ImageObject","inLanguage":"hr","@id":"https:\/\/radioljubuski.ba\/index.php\/2025\/04\/22\/kraljevic-novim-zakonom-nakon-gotovo-dva-desetljeca-smanjili-smo-doprinose-u-fbih\/#primaryimage","url":"https:\/\/radioljubuski.ba\/wp-content\/uploads\/2024\/08\/toni_1724843159.jpg","contentUrl":"https:\/\/radioljubuski.ba\/wp-content\/uploads\/2024\/08\/toni_1724843159.jpg","width":1024,"height":683},{"@type":"BreadcrumbList","@id":"https:\/\/radioljubuski.ba\/index.php\/2025\/04\/22\/kraljevic-novim-zakonom-nakon-gotovo-dva-desetljeca-smanjili-smo-doprinose-u-fbih\/#breadcrumb","itemListElement":[{"@type":"ListItem","position":1,"name":"Po\u010detna stranica","item":"https:\/\/radioljubuski.ba\/"},{"@type":"ListItem","position":2,"name":"Kraljevi\u0107: Novim zakonom nakon gotovo dva desetlje\u0107a smanjili smo doprinose u FBiH"}]},{"@type":"WebSite","@id":"https:\/\/radioljubuski.ba\/#website","url":"https:\/\/radioljubuski.ba\/","name":"Radio Ljubu\u0161ki","description":"Sun\u010dana frekvencija Hercegovine","publisher":{"@id":"https:\/\/radioljubuski.ba\/#organization"},"potentialAction":[{"@type":"SearchAction","target":{"@type":"EntryPoint","urlTemplate":"https:\/\/radioljubuski.ba\/?s={search_term_string}"},"query-input":{"@type":"PropertyValueSpecification","valueRequired":true,"valueName":"search_term_string"}}],"inLanguage":"hr"},{"@type":"Organization","@id":"https:\/\/radioljubuski.ba\/#organization","name":"Radio Ljubu\u0161ki","url":"https:\/\/radioljubuski.ba\/","logo":{"@type":"ImageObject","inLanguage":"hr","@id":"https:\/\/radioljubuski.ba\/#\/schema\/logo\/image\/","url":"https:\/\/radioljubuski.ba\/wp-content\/uploads\/2021\/02\/cropped-Radio_Ljubuski_logo1.jpg","contentUrl":"https:\/\/radioljubuski.ba\/wp-content\/uploads\/2021\/02\/cropped-Radio_Ljubuski_logo1.jpg","width":512,"height":512,"caption":"Radio Ljubu\u0161ki"},"image":{"@id":"https:\/\/radioljubuski.ba\/#\/schema\/logo\/image\/"},"sameAs":["https:\/\/www.facebook.com\/Radiio-Ljubuski-1490835324566332","https:\/\/x.com\/radioljubuski","https:\/\/hr.linkedin.com\/company\/radio-ljubuski","https:\/\/www.youtube.com\/channel\/UCHYaeO_n0Db3tjNGudGpXyw"]},{"@type":"Person","@id":"https:\/\/radioljubuski.ba\/#\/schema\/person\/19fc700381a780f69665d7956c469e3b","name":"Radio Ljubu\u0161ki"}]}},"_links":{"self":[{"href":"https:\/\/radioljubuski.ba\/index.php\/wp-json\/wp\/v2\/posts\/216058","targetHints":{"allow":["GET"]}}],"collection":[{"href":"https:\/\/radioljubuski.ba\/index.php\/wp-json\/wp\/v2\/posts"}],"about":[{"href":"https:\/\/radioljubuski.ba\/index.php\/wp-json\/wp\/v2\/types\/post"}],"author":[{"embeddable":true,"href":"https:\/\/radioljubuski.ba\/index.php\/wp-json\/wp\/v2\/users\/2"}],"replies":[{"embeddable":true,"href":"https:\/\/radioljubuski.ba\/index.php\/wp-json\/wp\/v2\/comments?post=216058"}],"version-history":[{"count":2,"href":"https:\/\/radioljubuski.ba\/index.php\/wp-json\/wp\/v2\/posts\/216058\/revisions"}],"predecessor-version":[{"id":216060,"href":"https:\/\/radioljubuski.ba\/index.php\/wp-json\/wp\/v2\/posts\/216058\/revisions\/216060"}],"wp:featuredmedia":[{"embeddable":true,"href":"https:\/\/radioljubuski.ba\/index.php\/wp-json\/wp\/v2\/media\/208021"}],"wp:attachment":[{"href":"https:\/\/radioljubuski.ba\/index.php\/wp-json\/wp\/v2\/media?parent=216058"}],"wp:term":[{"taxonomy":"category","embeddable":true,"href":"https:\/\/radioljubuski.ba\/index.php\/wp-json\/wp\/v2\/categories?post=216058"},{"taxonomy":"post_tag","embeddable":true,"href":"https:\/\/radioljubuski.ba\/index.php\/wp-json\/wp\/v2\/tags?post=216058"}],"curies":[{"name":"wp","href":"https:\/\/api.w.org\/{rel}","templated":true}]}}