{"id":216094,"date":"2025-04-26T08:39:35","date_gmt":"2025-04-26T07:39:35","guid":{"rendered":"https:\/\/radioljubuski.ba\/?p=216094"},"modified":"2025-04-26T08:39:36","modified_gmt":"2025-04-26T07:39:36","slug":"u-izvidacu-optimisticni-pred-uzvrat-s-aek-om","status":"publish","type":"post","link":"https:\/\/radioljubuski.ba\/index.php\/2025\/04\/26\/u-izvidacu-optimisticni-pred-uzvrat-s-aek-om\/","title":{"rendered":"U Izvi\u0111a\u010du optimisti\u010dni pred uzvrat s AEK-om"},"content":{"rendered":"\n<p>Subota je dan kada \u0107e rukometa\u0161i Izvi\u0111a\u010d Agrama poku\u0161ati napraviti \u010dudo.<\/p>\n\n\n\n<p>Naime, u subotu, 26. travnja 2025., rukometa\u0161i Izvi\u0111a\u010d Agrama u Gradskoj \u0161portskoj dvorani u Ljubu\u0161kom, igraju uzvratni susret polufinala EHF European Cup-a protiv gr\u010dkog AEK-a. Podsje\u0107amo, u prvom susretu u Gr\u010dkoj Izvi\u0111a\u010d je pora\u017een 37:28 i u uzvratu \u0107e poku\u0161ati nadoknaditi devet golova minusa iz prve utakmice.<\/p>\n\n\n\n<p>Tim povodom danas je u prostorijama Izvi\u0111a\u010d Agrama odr\u017eana konferencija za novinare na kojoj su govorili, voditelj mom\u010dadi Nedan Zovak, trener Ivan D\u017eoli\u0107, kapetan Milan Mi\u0107a Vuk\u0161i\u0107 i golman Haris Suljevi\u0107.<\/p>\n\n\n<div class=\"wp-block-image\">\n<figure class=\"aligncenter size-large\"><img loading=\"lazy\" decoding=\"async\" width=\"1024\" height=\"683\" src=\"https:\/\/radioljubuski.ba\/wp-content\/uploads\/2025\/04\/IMG_3214-1024x683.jpg\" alt=\"\" class=\"wp-image-216086\" srcset=\"https:\/\/radioljubuski.ba\/wp-content\/uploads\/2025\/04\/IMG_3214-1024x683.jpg 1024w, https:\/\/radioljubuski.ba\/wp-content\/uploads\/2025\/04\/IMG_3214-300x200.jpg 300w, https:\/\/radioljubuski.ba\/wp-content\/uploads\/2025\/04\/IMG_3214-768x512.jpg 768w, https:\/\/radioljubuski.ba\/wp-content\/uploads\/2025\/04\/IMG_3214-1536x1024.jpg 1536w, https:\/\/radioljubuski.ba\/wp-content\/uploads\/2025\/04\/IMG_3214-2048x1365.jpg 2048w, https:\/\/radioljubuski.ba\/wp-content\/uploads\/2025\/04\/IMG_3214-18x12.jpg 18w\" sizes=\"auto, (max-width: 1024px) 100vw, 1024px\" \/><\/figure>\n<\/div>\n\n\n<p>Prvi se novinarima obratio Nedan Zovak koji je, uz najavu uzvratne utakmice protiv AEK-a najavio i ostale aktivnosti mom\u010dadi Izvi\u0111a\u010da u nadolaze\u0107em vremenu.<\/p>\n\n\n\n<p>\u201eOvo je ve\u0107 jedna od najuspje\u0161nijih sezona na\u0161eg kluba, a mogu\u0107e da na kraju sezone bude i najuspje\u0161nija sezona Izvi\u0111a\u010da u povijesti. U srijedu, 30.travnja, igramo utakmicu 25. kola Premijer lige BiH protiv Gra\u010danice. &nbsp;Na toj utakmici bit \u0107e uprili\u010dena sve\u010danost dodjele pehara i medalja za 11. titulu prvaka BiH. Na\u0161 klub i grad Ljubu\u0161ki su podnijeli kandidaturu za zavr\u0161nicu Kup-a BiH koja bi se, prema sada\u0161njem rasporedu, trebala igrati 24. i 25. svibnja\u201c, kazao je Zovak, najavljuju\u0107i predstoje\u0107e aktivnosti Izvi\u0111a\u010da.<\/p>\n\n\n\n<p><\/p>\n\n\n\n<p>Nakon toga najavio je utakmicu protiv AEK-a iznijev\u0161i tehni\u010dke detalje vezane za tu utakmicu.<\/p>\n\n\n\n<p>\u201eGr\u010dka mom\u010dad dolazi sutra iza devet sati u Dubrovnik. U na\u0161oj dvorani \u0107e odraditi dva treninga, u petak ve\u010der i u subotu ujutro. Ve\u010deras \u0107emo u dvoranu postaviti gerflor podlogu. Za utakmicu smo osigurali i LED display tako da \u0107e svi vizualni elementi na ovoj utakmici biti na najve\u0107oj razini. Ulaznice za utakmicu su pu\u0161tene u prodaju i mogu se nabaviti u prostorijama kluba i u caffe baru Academia. Prema dosada\u0161njoj potra\u017enji za ulaznicama i ostalim informacijama vjerujemo da \u0107e dvorana biti ispunjena do posljednjeg mjesta, pa je \u010dak mogu\u0107e da pojedini ljubitelji rukometa ostanu bez ulaznice. Za sve one koji ne budu mogli osigurati ulaznicu osiguran je TV prijenos utakmice\u201c, upoznao je Zovak novinare s tehni\u010dkim detaljima utakmice.<\/p>\n\n\n<div class=\"wp-block-image\">\n<figure class=\"aligncenter size-large\"><img loading=\"lazy\" decoding=\"async\" width=\"1024\" height=\"683\" src=\"https:\/\/radioljubuski.ba\/wp-content\/uploads\/2025\/04\/IMG_3215-1024x683.jpg\" alt=\"\" class=\"wp-image-216090\" srcset=\"https:\/\/radioljubuski.ba\/wp-content\/uploads\/2025\/04\/IMG_3215-1024x683.jpg 1024w, https:\/\/radioljubuski.ba\/wp-content\/uploads\/2025\/04\/IMG_3215-300x200.jpg 300w, https:\/\/radioljubuski.ba\/wp-content\/uploads\/2025\/04\/IMG_3215-768x512.jpg 768w, https:\/\/radioljubuski.ba\/wp-content\/uploads\/2025\/04\/IMG_3215-1536x1024.jpg 1536w, https:\/\/radioljubuski.ba\/wp-content\/uploads\/2025\/04\/IMG_3215-2048x1365.jpg 2048w, https:\/\/radioljubuski.ba\/wp-content\/uploads\/2025\/04\/IMG_3215-18x12.jpg 18w\" sizes=\"auto, (max-width: 1024px) 100vw, 1024px\" \/><\/figure>\n<\/div>\n\n\n<p>Trener Izvi\u0111a\u010da Ivan D\u017eoli\u0107 se osvrnuo na poraz u Gr\u010dkoj te kazao \u0161to bi se sve trebalo poklopiti da Izvi\u0111a\u010d do\u0111e do pobjede i eventualne prilike da eliminira gr\u010dkog predstavnika iz daljnjeg natjecanja.<\/p>\n\n\n\n<p>\u201e U Gr\u010dkoj je bilo dosta lo\u0161ih stvari s na\u0161e strane. U pojedinim trenucima bili smo prenervozni, \u017eeljeli rje\u0161avati stvari na brzinu, nepotrebno uzimali neke \u0161utove nakon 15-20 sekundi napada, imali i previ\u0161e tehni\u010dkih pogre\u0161aka i jo\u0161 nekih pogre\u0161aka koje su doprinijele ovako visokom porazu. Nastojimo to ispraviti na treninzima i u subotu pokazati pravu sliku na\u0161e mom\u010dadi. Da bi u subotu ostvarili pobjedu i eventualno do\u0161li u priliku da eliminiramo Grke moramo imati super raspolo\u017eenu obranu, super raspolo\u017eenog Hareta ili Aldina, ali i ostatak ekipe, zna\u010di treba nam 7-10 raspolo\u017eenih igra\u010da. Na\u0161a \u0161ansa je u tome da do sredine utakmice ili drugog dijela utakmice napravimo neku lijepu prednost koja bi unijela nervozu u njihove redove. Morat \u0107emo ubrzati ritam i odigrati brzu utakmicu jer u utakmici s malo golova te\u0161ko da \u0107emo nadoknaditi njihovu prednost. Bez obzira na visok poraz u prvoj utakmici mi \u0107emo u subotu dati sve od sebe da ostvarimo pobjedu u na\u0161oj dvorani. Moramo poku\u0161ati isprovocirati malo sportske sre\u0107e i svega ostalog \u0161to je potrebno te uz podr\u0161ku na\u0161ih navija\u010da probati okrenuti stvari u na\u0161u korist\u201c, kazao je, me\u0111u ostalim, D\u017eoli\u0107.<\/p>\n\n\n<div class=\"wp-block-image\">\n<figure class=\"aligncenter size-large\"><img loading=\"lazy\" decoding=\"async\" width=\"1024\" height=\"683\" src=\"https:\/\/radioljubuski.ba\/wp-content\/uploads\/2025\/04\/IMG_3210-1024x683.jpg\" alt=\"\" class=\"wp-image-216084\" srcset=\"https:\/\/radioljubuski.ba\/wp-content\/uploads\/2025\/04\/IMG_3210-1024x683.jpg 1024w, https:\/\/radioljubuski.ba\/wp-content\/uploads\/2025\/04\/IMG_3210-300x200.jpg 300w, https:\/\/radioljubuski.ba\/wp-content\/uploads\/2025\/04\/IMG_3210-768x512.jpg 768w, https:\/\/radioljubuski.ba\/wp-content\/uploads\/2025\/04\/IMG_3210-1536x1024.jpg 1536w, https:\/\/radioljubuski.ba\/wp-content\/uploads\/2025\/04\/IMG_3210-2048x1365.jpg 2048w, https:\/\/radioljubuski.ba\/wp-content\/uploads\/2025\/04\/IMG_3210-18x12.jpg 18w\" sizes=\"auto, (max-width: 1024px) 100vw, 1024px\" \/><\/figure>\n<\/div>\n\n\n<p>Kapetan Milan Mi\u0107a Vuk\u0161i\u0107 se sla\u017ee s trenerom D\u017eoli\u0107em da je u Gr\u010dkoj bilo i previ\u0161e gre\u0161aka, ali se nada pobjedi \u201eSkauta\u201c pred doma\u0107om publikom.<\/p>\n\n\n\n<p>\u201e U subotu moramo puno toga popraviti u odnosu na utakmicu u Ateni. Unato\u010d tome \u0161to su dosta starija i iskusnija mom\u010dad od nas pokazali su da jo\u0161 uvijek mogu uspje\u0161no igrati tranziciju i da to vrlo dobro rade. Nama \u0107e sigurno iskustva iz prve utakmice mnogo zna\u010diti, sada imamo i neke dodatne spoznaje o njihovoj mom\u010dadi i to \u0107e nam puno zna\u010diti u uzvratnoj utakmici. Raduje \u010dinjenica da smo svi u mom\u010dadi zdravi i optimisti\u010dni pred subotnju utakmicu. Vjerujem da uz podr\u0161ku na\u0161ih navija\u010da mo\u017eemo ostvariti pobjedu u na\u0161oj dvorani\u201c, optimisti\u010dan je Vuk\u0161i\u0107.<\/p>\n\n\n<div class=\"wp-block-image\">\n<figure class=\"aligncenter size-large\"><img loading=\"lazy\" decoding=\"async\" width=\"1024\" height=\"683\" src=\"https:\/\/radioljubuski.ba\/wp-content\/uploads\/2025\/04\/IMG_3217-1024x683.jpg\" alt=\"\" class=\"wp-image-216088\" srcset=\"https:\/\/radioljubuski.ba\/wp-content\/uploads\/2025\/04\/IMG_3217-1024x683.jpg 1024w, https:\/\/radioljubuski.ba\/wp-content\/uploads\/2025\/04\/IMG_3217-300x200.jpg 300w, https:\/\/radioljubuski.ba\/wp-content\/uploads\/2025\/04\/IMG_3217-768x512.jpg 768w, https:\/\/radioljubuski.ba\/wp-content\/uploads\/2025\/04\/IMG_3217-1536x1024.jpg 1536w, https:\/\/radioljubuski.ba\/wp-content\/uploads\/2025\/04\/IMG_3217-2048x1365.jpg 2048w, https:\/\/radioljubuski.ba\/wp-content\/uploads\/2025\/04\/IMG_3217-18x12.jpg 18w\" sizes=\"auto, (max-width: 1024px) 100vw, 1024px\" \/><\/figure>\n<\/div>\n\n\n<p>Ipak, najoptimisti\u010dniji u redovima Izvi\u0111a\u010da je golman Haris Suljevi\u0107 koji je u prvoj utakmici &nbsp;ostvario izvanrednih 15 obrana.<\/p>\n\n\n\n<p>\u201eIzgubili smo devet razlike ponajvi\u0161e zbog na\u0161ih tehni\u010dkih gre\u0161aka. Priznajem da ni ja nisam bio najbolji prvo poluvrijeme. Uvjeren sam, a to sam vi\u0161e puta i pokazao, da cijelu utakmicu mogu odigrati na visokoj razini i da \u0107u to u subotu ovdje i potvrditi. \u010cvrsto sam uvjeren, ne samo da mo\u017eemo pobijediti u drugoj utakmici, ve\u0107 da mo\u017eemo pro\u0107i dalje. Znam da je prevelika razlika iz prve utakmice, ali svaki rezultat je nadoknadiv. I ja i ostali igra\u010di trudimo se razmi\u0161ljati pozitivno te se nadamo da \u0107emo uz pomo\u0107 pune dvorane uspjeti ostvariti pobjedu i pro\u0107i u finale\u201c, samouvjeren je golman Izvi\u0111a\u010da.<\/p>\n\n\n\n<p>Radio Ljubu\u0161ki<\/p>\n\n\n\n<p><\/p>\n","protected":false},"excerpt":{"rendered":"<p>Subota je dan kada \u0107e rukometa\u0161i Izvi\u0111a\u010d Agrama poku\u0161ati napraviti \u010dudo. Naime, u subotu, 26. travnja 2025., rukometa\u0161i Izvi\u0111a\u010d Agrama u Gradskoj \u0161portskoj dvorani u Ljubu\u0161kom, igraju uzvratni susret polufinala EHF European Cup-a protiv gr\u010dkog AEK-a. Podsje\u0107amo, u prvom susretu u Gr\u010dkoj Izvi\u0111a\u010d je pora\u017een 37:28 i u uzvratu \u0107e poku\u0161ati nadoknaditi devet golova minusa [&hellip;]<\/p>\n","protected":false},"author":2,"featured_media":216089,"comment_status":"closed","ping_status":"closed","sticky":false,"template":"","format":"standard","meta":{"h5ap_radio_sources":[],"footnotes":""},"categories":[3,28,7],"tags":[],"class_list":["post-216094","post","type-post","status-publish","format-standard","has-post-thumbnail","hentry","category-ljubuski","category-novosti","category-sport"],"yoast_head":"<!-- This site is optimized with the Yoast SEO plugin v27.5 - https:\/\/yoast.com\/product\/yoast-seo-wordpress\/ -->\n<title>U Izvi\u0111a\u010du optimisti\u010dni pred uzvrat s AEK-om - RADIO LJUBU\u0160KI<\/title>\n<meta name=\"robots\" content=\"index, follow, max-snippet:-1, max-image-preview:large, max-video-preview:-1\" \/>\n<link rel=\"canonical\" href=\"https:\/\/radioljubuski.ba\/index.php\/2025\/04\/26\/u-izvidacu-optimisticni-pred-uzvrat-s-aek-om\/\" \/>\n<meta property=\"og:locale\" content=\"hr_HR\" \/>\n<meta property=\"og:type\" content=\"article\" \/>\n<meta property=\"og:title\" content=\"U Izvi\u0111a\u010du optimisti\u010dni pred uzvrat s AEK-om - RADIO LJUBU\u0160KI\" \/>\n<meta property=\"og:description\" content=\"Subota je dan kada \u0107e rukometa\u0161i Izvi\u0111a\u010d Agrama poku\u0161ati napraviti \u010dudo. Naime, u subotu, 26. travnja 2025., rukometa\u0161i Izvi\u0111a\u010d Agrama u Gradskoj \u0161portskoj dvorani u Ljubu\u0161kom, igraju uzvratni susret polufinala EHF European Cup-a protiv gr\u010dkog AEK-a. Podsje\u0107amo, u prvom susretu u Gr\u010dkoj Izvi\u0111a\u010d je pora\u017een 37:28 i u uzvratu \u0107e poku\u0161ati nadoknaditi devet golova minusa [&hellip;]\" \/>\n<meta property=\"og:url\" content=\"https:\/\/radioljubuski.ba\/index.php\/2025\/04\/26\/u-izvidacu-optimisticni-pred-uzvrat-s-aek-om\/\" \/>\n<meta property=\"og:site_name\" content=\"RADIO LJUBU\u0160KI\" \/>\n<meta property=\"article:publisher\" content=\"https:\/\/www.facebook.com\/Radiio-Ljubuski-1490835324566332\" \/>\n<meta property=\"article:published_time\" content=\"2025-04-26T07:39:35+00:00\" \/>\n<meta property=\"article:modified_time\" content=\"2025-04-26T07:39:36+00:00\" \/>\n<meta property=\"og:image\" content=\"https:\/\/radioljubuski.ba\/wp-content\/uploads\/2025\/04\/IMG_3221.jpg\" \/>\n\t<meta property=\"og:image:width\" content=\"2400\" \/>\n\t<meta property=\"og:image:height\" content=\"1600\" \/>\n\t<meta property=\"og:image:type\" content=\"image\/jpeg\" \/>\n<meta name=\"author\" content=\"Radio Ljubu\u0161ki\" \/>\n<meta name=\"twitter:card\" content=\"summary_large_image\" \/>\n<meta name=\"twitter:creator\" content=\"@radioljubuski\" \/>\n<meta name=\"twitter:site\" content=\"@radioljubuski\" \/>\n<meta name=\"twitter:label1\" content=\"Napisao\/la\" \/>\n\t<meta name=\"twitter:data1\" content=\"Radio Ljubu\u0161ki\" \/>\n\t<meta name=\"twitter:label2\" content=\"Procijenjeno vrijeme \u010ditanja\" \/>\n\t<meta name=\"twitter:data2\" content=\"6 minuta\" \/>\n<script type=\"application\/ld+json\" class=\"yoast-schema-graph\">{\"@context\":\"https:\\\/\\\/schema.org\",\"@graph\":[{\"@type\":\"Article\",\"@id\":\"https:\\\/\\\/radioljubuski.ba\\\/index.php\\\/2025\\\/04\\\/26\\\/u-izvidacu-optimisticni-pred-uzvrat-s-aek-om\\\/#article\",\"isPartOf\":{\"@id\":\"https:\\\/\\\/radioljubuski.ba\\\/index.php\\\/2025\\\/04\\\/26\\\/u-izvidacu-optimisticni-pred-uzvrat-s-aek-om\\\/\"},\"author\":{\"name\":\"Radio Ljubu\u0161ki\",\"@id\":\"https:\\\/\\\/radioljubuski.ba\\\/#\\\/schema\\\/person\\\/19fc700381a780f69665d7956c469e3b\"},\"headline\":\"U Izvi\u0111a\u010du optimisti\u010dni pred uzvrat s AEK-om\",\"datePublished\":\"2025-04-26T07:39:35+00:00\",\"dateModified\":\"2025-04-26T07:39:36+00:00\",\"mainEntityOfPage\":{\"@id\":\"https:\\\/\\\/radioljubuski.ba\\\/index.php\\\/2025\\\/04\\\/26\\\/u-izvidacu-optimisticni-pred-uzvrat-s-aek-om\\\/\"},\"wordCount\":913,\"publisher\":{\"@id\":\"https:\\\/\\\/radioljubuski.ba\\\/#organization\"},\"image\":{\"@id\":\"https:\\\/\\\/radioljubuski.ba\\\/index.php\\\/2025\\\/04\\\/26\\\/u-izvidacu-optimisticni-pred-uzvrat-s-aek-om\\\/#primaryimage\"},\"thumbnailUrl\":\"https:\\\/\\\/radioljubuski.ba\\\/wp-content\\\/uploads\\\/2025\\\/04\\\/IMG_3221.jpg\",\"articleSection\":[\"Ljubu\u0161ki\",\"Novosti\",\"\u0160port\"],\"inLanguage\":\"hr\"},{\"@type\":\"WebPage\",\"@id\":\"https:\\\/\\\/radioljubuski.ba\\\/index.php\\\/2025\\\/04\\\/26\\\/u-izvidacu-optimisticni-pred-uzvrat-s-aek-om\\\/\",\"url\":\"https:\\\/\\\/radioljubuski.ba\\\/index.php\\\/2025\\\/04\\\/26\\\/u-izvidacu-optimisticni-pred-uzvrat-s-aek-om\\\/\",\"name\":\"U Izvi\u0111a\u010du optimisti\u010dni pred uzvrat s AEK-om - RADIO LJUBU\u0160KI\",\"isPartOf\":{\"@id\":\"https:\\\/\\\/radioljubuski.ba\\\/#website\"},\"primaryImageOfPage\":{\"@id\":\"https:\\\/\\\/radioljubuski.ba\\\/index.php\\\/2025\\\/04\\\/26\\\/u-izvidacu-optimisticni-pred-uzvrat-s-aek-om\\\/#primaryimage\"},\"image\":{\"@id\":\"https:\\\/\\\/radioljubuski.ba\\\/index.php\\\/2025\\\/04\\\/26\\\/u-izvidacu-optimisticni-pred-uzvrat-s-aek-om\\\/#primaryimage\"},\"thumbnailUrl\":\"https:\\\/\\\/radioljubuski.ba\\\/wp-content\\\/uploads\\\/2025\\\/04\\\/IMG_3221.jpg\",\"datePublished\":\"2025-04-26T07:39:35+00:00\",\"dateModified\":\"2025-04-26T07:39:36+00:00\",\"breadcrumb\":{\"@id\":\"https:\\\/\\\/radioljubuski.ba\\\/index.php\\\/2025\\\/04\\\/26\\\/u-izvidacu-optimisticni-pred-uzvrat-s-aek-om\\\/#breadcrumb\"},\"inLanguage\":\"hr\",\"potentialAction\":[{\"@type\":\"ReadAction\",\"target\":[\"https:\\\/\\\/radioljubuski.ba\\\/index.php\\\/2025\\\/04\\\/26\\\/u-izvidacu-optimisticni-pred-uzvrat-s-aek-om\\\/\"]}]},{\"@type\":\"ImageObject\",\"inLanguage\":\"hr\",\"@id\":\"https:\\\/\\\/radioljubuski.ba\\\/index.php\\\/2025\\\/04\\\/26\\\/u-izvidacu-optimisticni-pred-uzvrat-s-aek-om\\\/#primaryimage\",\"url\":\"https:\\\/\\\/radioljubuski.ba\\\/wp-content\\\/uploads\\\/2025\\\/04\\\/IMG_3221.jpg\",\"contentUrl\":\"https:\\\/\\\/radioljubuski.ba\\\/wp-content\\\/uploads\\\/2025\\\/04\\\/IMG_3221.jpg\",\"width\":2400,\"height\":1600},{\"@type\":\"BreadcrumbList\",\"@id\":\"https:\\\/\\\/radioljubuski.ba\\\/index.php\\\/2025\\\/04\\\/26\\\/u-izvidacu-optimisticni-pred-uzvrat-s-aek-om\\\/#breadcrumb\",\"itemListElement\":[{\"@type\":\"ListItem\",\"position\":1,\"name\":\"Po\u010detna stranica\",\"item\":\"https:\\\/\\\/radioljubuski.ba\\\/\"},{\"@type\":\"ListItem\",\"position\":2,\"name\":\"U Izvi\u0111a\u010du optimisti\u010dni pred uzvrat s AEK-om\"}]},{\"@type\":\"WebSite\",\"@id\":\"https:\\\/\\\/radioljubuski.ba\\\/#website\",\"url\":\"https:\\\/\\\/radioljubuski.ba\\\/\",\"name\":\"Radio Ljubu\u0161ki\",\"description\":\"Sun\u010dana frekvencija Hercegovine\",\"publisher\":{\"@id\":\"https:\\\/\\\/radioljubuski.ba\\\/#organization\"},\"potentialAction\":[{\"@type\":\"SearchAction\",\"target\":{\"@type\":\"EntryPoint\",\"urlTemplate\":\"https:\\\/\\\/radioljubuski.ba\\\/?s={search_term_string}\"},\"query-input\":{\"@type\":\"PropertyValueSpecification\",\"valueRequired\":true,\"valueName\":\"search_term_string\"}}],\"inLanguage\":\"hr\"},{\"@type\":\"Organization\",\"@id\":\"https:\\\/\\\/radioljubuski.ba\\\/#organization\",\"name\":\"Radio Ljubu\u0161ki\",\"url\":\"https:\\\/\\\/radioljubuski.ba\\\/\",\"logo\":{\"@type\":\"ImageObject\",\"inLanguage\":\"hr\",\"@id\":\"https:\\\/\\\/radioljubuski.ba\\\/#\\\/schema\\\/logo\\\/image\\\/\",\"url\":\"https:\\\/\\\/radioljubuski.ba\\\/wp-content\\\/uploads\\\/2021\\\/02\\\/cropped-Radio_Ljubuski_logo1.jpg\",\"contentUrl\":\"https:\\\/\\\/radioljubuski.ba\\\/wp-content\\\/uploads\\\/2021\\\/02\\\/cropped-Radio_Ljubuski_logo1.jpg\",\"width\":512,\"height\":512,\"caption\":\"Radio Ljubu\u0161ki\"},\"image\":{\"@id\":\"https:\\\/\\\/radioljubuski.ba\\\/#\\\/schema\\\/logo\\\/image\\\/\"},\"sameAs\":[\"https:\\\/\\\/www.facebook.com\\\/Radiio-Ljubuski-1490835324566332\",\"https:\\\/\\\/x.com\\\/radioljubuski\",\"https:\\\/\\\/hr.linkedin.com\\\/company\\\/radio-ljubuski\",\"https:\\\/\\\/www.youtube.com\\\/channel\\\/UCHYaeO_n0Db3tjNGudGpXyw\"]},{\"@type\":\"Person\",\"@id\":\"https:\\\/\\\/radioljubuski.ba\\\/#\\\/schema\\\/person\\\/19fc700381a780f69665d7956c469e3b\",\"name\":\"Radio Ljubu\u0161ki\"}]}<\/script>\n<!-- \/ Yoast SEO plugin. -->","yoast_head_json":{"title":"U Izvi\u0111a\u010du optimisti\u010dni pred uzvrat s AEK-om - RADIO LJUBU\u0160KI","robots":{"index":"index","follow":"follow","max-snippet":"max-snippet:-1","max-image-preview":"max-image-preview:large","max-video-preview":"max-video-preview:-1"},"canonical":"https:\/\/radioljubuski.ba\/index.php\/2025\/04\/26\/u-izvidacu-optimisticni-pred-uzvrat-s-aek-om\/","og_locale":"hr_HR","og_type":"article","og_title":"U Izvi\u0111a\u010du optimisti\u010dni pred uzvrat s AEK-om - RADIO LJUBU\u0160KI","og_description":"Subota je dan kada \u0107e rukometa\u0161i Izvi\u0111a\u010d Agrama poku\u0161ati napraviti \u010dudo. Naime, u subotu, 26. travnja 2025., rukometa\u0161i Izvi\u0111a\u010d Agrama u Gradskoj \u0161portskoj dvorani u Ljubu\u0161kom, igraju uzvratni susret polufinala EHF European Cup-a protiv gr\u010dkog AEK-a. Podsje\u0107amo, u prvom susretu u Gr\u010dkoj Izvi\u0111a\u010d je pora\u017een 37:28 i u uzvratu \u0107e poku\u0161ati nadoknaditi devet golova minusa [&hellip;]","og_url":"https:\/\/radioljubuski.ba\/index.php\/2025\/04\/26\/u-izvidacu-optimisticni-pred-uzvrat-s-aek-om\/","og_site_name":"RADIO LJUBU\u0160KI","article_publisher":"https:\/\/www.facebook.com\/Radiio-Ljubuski-1490835324566332","article_published_time":"2025-04-26T07:39:35+00:00","article_modified_time":"2025-04-26T07:39:36+00:00","og_image":[{"width":2400,"height":1600,"url":"https:\/\/radioljubuski.ba\/wp-content\/uploads\/2025\/04\/IMG_3221.jpg","type":"image\/jpeg"}],"author":"Radio Ljubu\u0161ki","twitter_card":"summary_large_image","twitter_creator":"@radioljubuski","twitter_site":"@radioljubuski","twitter_misc":{"Napisao\/la":"Radio Ljubu\u0161ki","Procijenjeno vrijeme \u010ditanja":"6 minuta"},"schema":{"@context":"https:\/\/schema.org","@graph":[{"@type":"Article","@id":"https:\/\/radioljubuski.ba\/index.php\/2025\/04\/26\/u-izvidacu-optimisticni-pred-uzvrat-s-aek-om\/#article","isPartOf":{"@id":"https:\/\/radioljubuski.ba\/index.php\/2025\/04\/26\/u-izvidacu-optimisticni-pred-uzvrat-s-aek-om\/"},"author":{"name":"Radio Ljubu\u0161ki","@id":"https:\/\/radioljubuski.ba\/#\/schema\/person\/19fc700381a780f69665d7956c469e3b"},"headline":"U Izvi\u0111a\u010du optimisti\u010dni pred uzvrat s AEK-om","datePublished":"2025-04-26T07:39:35+00:00","dateModified":"2025-04-26T07:39:36+00:00","mainEntityOfPage":{"@id":"https:\/\/radioljubuski.ba\/index.php\/2025\/04\/26\/u-izvidacu-optimisticni-pred-uzvrat-s-aek-om\/"},"wordCount":913,"publisher":{"@id":"https:\/\/radioljubuski.ba\/#organization"},"image":{"@id":"https:\/\/radioljubuski.ba\/index.php\/2025\/04\/26\/u-izvidacu-optimisticni-pred-uzvrat-s-aek-om\/#primaryimage"},"thumbnailUrl":"https:\/\/radioljubuski.ba\/wp-content\/uploads\/2025\/04\/IMG_3221.jpg","articleSection":["Ljubu\u0161ki","Novosti","\u0160port"],"inLanguage":"hr"},{"@type":"WebPage","@id":"https:\/\/radioljubuski.ba\/index.php\/2025\/04\/26\/u-izvidacu-optimisticni-pred-uzvrat-s-aek-om\/","url":"https:\/\/radioljubuski.ba\/index.php\/2025\/04\/26\/u-izvidacu-optimisticni-pred-uzvrat-s-aek-om\/","name":"U Izvi\u0111a\u010du optimisti\u010dni pred uzvrat s AEK-om - RADIO LJUBU\u0160KI","isPartOf":{"@id":"https:\/\/radioljubuski.ba\/#website"},"primaryImageOfPage":{"@id":"https:\/\/radioljubuski.ba\/index.php\/2025\/04\/26\/u-izvidacu-optimisticni-pred-uzvrat-s-aek-om\/#primaryimage"},"image":{"@id":"https:\/\/radioljubuski.ba\/index.php\/2025\/04\/26\/u-izvidacu-optimisticni-pred-uzvrat-s-aek-om\/#primaryimage"},"thumbnailUrl":"https:\/\/radioljubuski.ba\/wp-content\/uploads\/2025\/04\/IMG_3221.jpg","datePublished":"2025-04-26T07:39:35+00:00","dateModified":"2025-04-26T07:39:36+00:00","breadcrumb":{"@id":"https:\/\/radioljubuski.ba\/index.php\/2025\/04\/26\/u-izvidacu-optimisticni-pred-uzvrat-s-aek-om\/#breadcrumb"},"inLanguage":"hr","potentialAction":[{"@type":"ReadAction","target":["https:\/\/radioljubuski.ba\/index.php\/2025\/04\/26\/u-izvidacu-optimisticni-pred-uzvrat-s-aek-om\/"]}]},{"@type":"ImageObject","inLanguage":"hr","@id":"https:\/\/radioljubuski.ba\/index.php\/2025\/04\/26\/u-izvidacu-optimisticni-pred-uzvrat-s-aek-om\/#primaryimage","url":"https:\/\/radioljubuski.ba\/wp-content\/uploads\/2025\/04\/IMG_3221.jpg","contentUrl":"https:\/\/radioljubuski.ba\/wp-content\/uploads\/2025\/04\/IMG_3221.jpg","width":2400,"height":1600},{"@type":"BreadcrumbList","@id":"https:\/\/radioljubuski.ba\/index.php\/2025\/04\/26\/u-izvidacu-optimisticni-pred-uzvrat-s-aek-om\/#breadcrumb","itemListElement":[{"@type":"ListItem","position":1,"name":"Po\u010detna stranica","item":"https:\/\/radioljubuski.ba\/"},{"@type":"ListItem","position":2,"name":"U Izvi\u0111a\u010du optimisti\u010dni pred uzvrat s AEK-om"}]},{"@type":"WebSite","@id":"https:\/\/radioljubuski.ba\/#website","url":"https:\/\/radioljubuski.ba\/","name":"Radio Ljubu\u0161ki","description":"Sun\u010dana frekvencija Hercegovine","publisher":{"@id":"https:\/\/radioljubuski.ba\/#organization"},"potentialAction":[{"@type":"SearchAction","target":{"@type":"EntryPoint","urlTemplate":"https:\/\/radioljubuski.ba\/?s={search_term_string}"},"query-input":{"@type":"PropertyValueSpecification","valueRequired":true,"valueName":"search_term_string"}}],"inLanguage":"hr"},{"@type":"Organization","@id":"https:\/\/radioljubuski.ba\/#organization","name":"Radio Ljubu\u0161ki","url":"https:\/\/radioljubuski.ba\/","logo":{"@type":"ImageObject","inLanguage":"hr","@id":"https:\/\/radioljubuski.ba\/#\/schema\/logo\/image\/","url":"https:\/\/radioljubuski.ba\/wp-content\/uploads\/2021\/02\/cropped-Radio_Ljubuski_logo1.jpg","contentUrl":"https:\/\/radioljubuski.ba\/wp-content\/uploads\/2021\/02\/cropped-Radio_Ljubuski_logo1.jpg","width":512,"height":512,"caption":"Radio Ljubu\u0161ki"},"image":{"@id":"https:\/\/radioljubuski.ba\/#\/schema\/logo\/image\/"},"sameAs":["https:\/\/www.facebook.com\/Radiio-Ljubuski-1490835324566332","https:\/\/x.com\/radioljubuski","https:\/\/hr.linkedin.com\/company\/radio-ljubuski","https:\/\/www.youtube.com\/channel\/UCHYaeO_n0Db3tjNGudGpXyw"]},{"@type":"Person","@id":"https:\/\/radioljubuski.ba\/#\/schema\/person\/19fc700381a780f69665d7956c469e3b","name":"Radio Ljubu\u0161ki"}]}},"_links":{"self":[{"href":"https:\/\/radioljubuski.ba\/index.php\/wp-json\/wp\/v2\/posts\/216094","targetHints":{"allow":["GET"]}}],"collection":[{"href":"https:\/\/radioljubuski.ba\/index.php\/wp-json\/wp\/v2\/posts"}],"about":[{"href":"https:\/\/radioljubuski.ba\/index.php\/wp-json\/wp\/v2\/types\/post"}],"author":[{"embeddable":true,"href":"https:\/\/radioljubuski.ba\/index.php\/wp-json\/wp\/v2\/users\/2"}],"replies":[{"embeddable":true,"href":"https:\/\/radioljubuski.ba\/index.php\/wp-json\/wp\/v2\/comments?post=216094"}],"version-history":[{"count":5,"href":"https:\/\/radioljubuski.ba\/index.php\/wp-json\/wp\/v2\/posts\/216094\/revisions"}],"predecessor-version":[{"id":216108,"href":"https:\/\/radioljubuski.ba\/index.php\/wp-json\/wp\/v2\/posts\/216094\/revisions\/216108"}],"wp:featuredmedia":[{"embeddable":true,"href":"https:\/\/radioljubuski.ba\/index.php\/wp-json\/wp\/v2\/media\/216089"}],"wp:attachment":[{"href":"https:\/\/radioljubuski.ba\/index.php\/wp-json\/wp\/v2\/media?parent=216094"}],"wp:term":[{"taxonomy":"category","embeddable":true,"href":"https:\/\/radioljubuski.ba\/index.php\/wp-json\/wp\/v2\/categories?post=216094"},{"taxonomy":"post_tag","embeddable":true,"href":"https:\/\/radioljubuski.ba\/index.php\/wp-json\/wp\/v2\/tags?post=216094"}],"curies":[{"name":"wp","href":"https:\/\/api.w.org\/{rel}","templated":true}]}}