{"id":216111,"date":"2025-04-25T07:34:06","date_gmt":"2025-04-25T06:34:06","guid":{"rendered":"https:\/\/radioljubuski.ba\/?p=216111"},"modified":"2025-04-25T07:36:18","modified_gmt":"2025-04-25T06:36:18","slug":"upisi-u-4-generaciju-skole-gange-u-hercegovini","status":"publish","type":"post","link":"https:\/\/radioljubuski.ba\/index.php\/2025\/04\/25\/upisi-u-4-generaciju-skole-gange-u-hercegovini\/","title":{"rendered":"Upisi u 4. generaciju &#8220;\u0160kole gange&#8221; u Hercegovini"},"content":{"rendered":"\n<h2 class=\"wp-block-heading\"><strong>Ganga je vi\u0161e od glazbe. To je glas predaka, ritam zajedni\u0161tva i sna\u017ean izraz identiteta koji se prenosi s koljena na koljeno. U svakom stihu gange odzvanja povijest, ponos i du\u0161a na\u0161eg naroda. Zato s velikim veseljem najavljujemo &#8220;\u0160kolu gange&#8221;, koja se odr\u017eava u  Hercegovini.<\/strong><\/h2>\n\n\n\n<p>\u0160kola gange nije namijenjena samo pjeva\u010dima ili glazbenicima \u2013 otvorena je za sve, neovisno o dobi ili prethodnom iskustvu. Dovoljna je ljubav prema tradiciji i \u017eelja za u\u010denjem. Ovo je prilika da upoznate gangu iznutra: ne samo tehniku pjevanja, ve\u0107 i kontekst, simboliku i \u017eivotnu snagu koju nosi.<\/p>\n\n\n\n<p>\u0160kola \u0107e se odr\u017eavati tijekom svibnja u \u0160irokom Brijegu, u prostorijama HKUD-a Hercegovac, koje ve\u0107 desetlje\u0107ima \u010duva i njeguje kulturnu ba\u0161tinu ovog kraja.<\/p>\n\n\n\n<p>Voditelj je etnoglazbenik Jure Milo\u0161, jedan od najistaknutijih promicatelja tradicijske glazbe na ovim prostorima. Njegovo dugogodi\u0161nje iskustvo i strast prema gangi garantiraju kvalitetan, autenti\u010dan i nadahnut rad s polaznicima.<\/p>\n\n\n\n<p>Prijave traju do 1.svibnja 2025., na email: juremilos@yahoo.com ili pozivom na broj <strong>063 908 206.<\/strong><\/p>\n\n\n\n<hr class=\"wp-block-separator has-alpha-channel-opacity\"\/>\n\n\n\n<p>Do\u0111ite, nau\u010dite i zapjevajte.<br>Zajedno o\u017eivimo gangom ono \u0161to nas povezuje \u2013 pro\u0161lost, sada\u0161njost i budu\u0107nost.<br>Ganga \u017eivi dok je mi pjevamo.<\/p>\n\n\n<div class=\"wp-block-image\">\n<figure class=\"aligncenter size-full\"><img loading=\"lazy\" decoding=\"async\" width=\"526\" height=\"902\" src=\"https:\/\/radioljubuski.ba\/wp-content\/uploads\/2025\/04\/ganga.jpg\" alt=\"\" class=\"wp-image-216112\" srcset=\"https:\/\/radioljubuski.ba\/wp-content\/uploads\/2025\/04\/ganga.jpg 526w, https:\/\/radioljubuski.ba\/wp-content\/uploads\/2025\/04\/ganga-175x300.jpg 175w, https:\/\/radioljubuski.ba\/wp-content\/uploads\/2025\/04\/ganga-7x12.jpg 7w\" sizes=\"auto, (max-width: 526px) 100vw, 526px\" \/><\/figure>\n<\/div>\n\n\n<p> Radio Ljubu\u0161ki<\/p>\n","protected":false},"excerpt":{"rendered":"<p>Ganga je vi\u0161e od glazbe. To je glas predaka, ritam zajedni\u0161tva i sna\u017ean izraz identiteta koji se prenosi s koljena na koljeno. U svakom stihu gange odzvanja povijest, ponos i du\u0161a na\u0161eg naroda. Zato s velikim veseljem najavljujemo &#8220;\u0160kolu gange&#8221;, koja se odr\u017eava u Hercegovini. \u0160kola gange nije namijenjena samo pjeva\u010dima ili glazbenicima \u2013 otvorena [&hellip;]<\/p>\n","protected":false},"author":2,"featured_media":216113,"comment_status":"closed","ping_status":"closed","sticky":false,"template":"","format":"standard","meta":{"h5ap_radio_sources":[],"footnotes":""},"categories":[3,30],"tags":[],"class_list":["post-216111","post","type-post","status-publish","format-standard","has-post-thumbnail","hentry","category-ljubuski","category-zupanija-zapadnohercegovacka"],"yoast_head":"<!-- This site is optimized with the Yoast SEO plugin v27.5 - https:\/\/yoast.com\/product\/yoast-seo-wordpress\/ -->\n<title>Upisi u 4. generaciju &quot;\u0160kole gange&quot; u Hercegovini - RADIO LJUBU\u0160KI<\/title>\n<meta name=\"robots\" content=\"index, follow, max-snippet:-1, max-image-preview:large, max-video-preview:-1\" \/>\n<link rel=\"canonical\" href=\"https:\/\/radioljubuski.ba\/index.php\/2025\/04\/25\/upisi-u-4-generaciju-skole-gange-u-hercegovini\/\" \/>\n<meta property=\"og:locale\" content=\"hr_HR\" \/>\n<meta property=\"og:type\" content=\"article\" \/>\n<meta property=\"og:title\" content=\"Upisi u 4. generaciju &quot;\u0160kole gange&quot; u Hercegovini - RADIO LJUBU\u0160KI\" \/>\n<meta property=\"og:description\" content=\"Ganga je vi\u0161e od glazbe. To je glas predaka, ritam zajedni\u0161tva i sna\u017ean izraz identiteta koji se prenosi s koljena na koljeno. U svakom stihu gange odzvanja povijest, ponos i du\u0161a na\u0161eg naroda. Zato s velikim veseljem najavljujemo &#8220;\u0160kolu gange&#8221;, koja se odr\u017eava u Hercegovini. \u0160kola gange nije namijenjena samo pjeva\u010dima ili glazbenicima \u2013 otvorena [&hellip;]\" \/>\n<meta property=\"og:url\" content=\"https:\/\/radioljubuski.ba\/index.php\/2025\/04\/25\/upisi-u-4-generaciju-skole-gange-u-hercegovini\/\" \/>\n<meta property=\"og:site_name\" content=\"RADIO LJUBU\u0160KI\" \/>\n<meta property=\"article:publisher\" content=\"https:\/\/www.facebook.com\/Radiio-Ljubuski-1490835324566332\" \/>\n<meta property=\"article:published_time\" content=\"2025-04-25T06:34:06+00:00\" \/>\n<meta property=\"article:modified_time\" content=\"2025-04-25T06:36:18+00:00\" \/>\n<meta property=\"og:image\" content=\"https:\/\/radioljubuski.ba\/wp-content\/uploads\/2025\/04\/skola-gange2.jpg\" \/>\n\t<meta property=\"og:image:width\" content=\"1200\" \/>\n\t<meta property=\"og:image:height\" content=\"675\" \/>\n\t<meta property=\"og:image:type\" content=\"image\/jpeg\" \/>\n<meta name=\"author\" content=\"Radio Ljubu\u0161ki\" \/>\n<meta name=\"twitter:card\" content=\"summary_large_image\" \/>\n<meta name=\"twitter:creator\" content=\"@radioljubuski\" \/>\n<meta name=\"twitter:site\" content=\"@radioljubuski\" \/>\n<meta name=\"twitter:label1\" content=\"Napisao\/la\" \/>\n\t<meta name=\"twitter:data1\" content=\"Radio Ljubu\u0161ki\" \/>\n\t<meta name=\"twitter:label2\" content=\"Procijenjeno vrijeme \u010ditanja\" \/>\n\t<meta name=\"twitter:data2\" content=\"2 minute\" \/>\n<script type=\"application\/ld+json\" class=\"yoast-schema-graph\">{\"@context\":\"https:\\\/\\\/schema.org\",\"@graph\":[{\"@type\":\"Article\",\"@id\":\"https:\\\/\\\/radioljubuski.ba\\\/index.php\\\/2025\\\/04\\\/25\\\/upisi-u-4-generaciju-skole-gange-u-hercegovini\\\/#article\",\"isPartOf\":{\"@id\":\"https:\\\/\\\/radioljubuski.ba\\\/index.php\\\/2025\\\/04\\\/25\\\/upisi-u-4-generaciju-skole-gange-u-hercegovini\\\/\"},\"author\":{\"name\":\"Radio Ljubu\u0161ki\",\"@id\":\"https:\\\/\\\/radioljubuski.ba\\\/#\\\/schema\\\/person\\\/19fc700381a780f69665d7956c469e3b\"},\"headline\":\"Upisi u 4. generaciju &#8220;\u0160kole gange&#8221; u Hercegovini\",\"datePublished\":\"2025-04-25T06:34:06+00:00\",\"dateModified\":\"2025-04-25T06:36:18+00:00\",\"mainEntityOfPage\":{\"@id\":\"https:\\\/\\\/radioljubuski.ba\\\/index.php\\\/2025\\\/04\\\/25\\\/upisi-u-4-generaciju-skole-gange-u-hercegovini\\\/\"},\"wordCount\":207,\"publisher\":{\"@id\":\"https:\\\/\\\/radioljubuski.ba\\\/#organization\"},\"image\":{\"@id\":\"https:\\\/\\\/radioljubuski.ba\\\/index.php\\\/2025\\\/04\\\/25\\\/upisi-u-4-generaciju-skole-gange-u-hercegovini\\\/#primaryimage\"},\"thumbnailUrl\":\"https:\\\/\\\/radioljubuski.ba\\\/wp-content\\\/uploads\\\/2025\\\/04\\\/skola-gange2.jpg\",\"articleSection\":[\"Ljubu\u0161ki\",\"\u017dupanija Zapadnohercegova\u010dka\"],\"inLanguage\":\"hr\"},{\"@type\":\"WebPage\",\"@id\":\"https:\\\/\\\/radioljubuski.ba\\\/index.php\\\/2025\\\/04\\\/25\\\/upisi-u-4-generaciju-skole-gange-u-hercegovini\\\/\",\"url\":\"https:\\\/\\\/radioljubuski.ba\\\/index.php\\\/2025\\\/04\\\/25\\\/upisi-u-4-generaciju-skole-gange-u-hercegovini\\\/\",\"name\":\"Upisi u 4. generaciju \\\"\u0160kole gange\\\" u Hercegovini - RADIO LJUBU\u0160KI\",\"isPartOf\":{\"@id\":\"https:\\\/\\\/radioljubuski.ba\\\/#website\"},\"primaryImageOfPage\":{\"@id\":\"https:\\\/\\\/radioljubuski.ba\\\/index.php\\\/2025\\\/04\\\/25\\\/upisi-u-4-generaciju-skole-gange-u-hercegovini\\\/#primaryimage\"},\"image\":{\"@id\":\"https:\\\/\\\/radioljubuski.ba\\\/index.php\\\/2025\\\/04\\\/25\\\/upisi-u-4-generaciju-skole-gange-u-hercegovini\\\/#primaryimage\"},\"thumbnailUrl\":\"https:\\\/\\\/radioljubuski.ba\\\/wp-content\\\/uploads\\\/2025\\\/04\\\/skola-gange2.jpg\",\"datePublished\":\"2025-04-25T06:34:06+00:00\",\"dateModified\":\"2025-04-25T06:36:18+00:00\",\"breadcrumb\":{\"@id\":\"https:\\\/\\\/radioljubuski.ba\\\/index.php\\\/2025\\\/04\\\/25\\\/upisi-u-4-generaciju-skole-gange-u-hercegovini\\\/#breadcrumb\"},\"inLanguage\":\"hr\",\"potentialAction\":[{\"@type\":\"ReadAction\",\"target\":[\"https:\\\/\\\/radioljubuski.ba\\\/index.php\\\/2025\\\/04\\\/25\\\/upisi-u-4-generaciju-skole-gange-u-hercegovini\\\/\"]}]},{\"@type\":\"ImageObject\",\"inLanguage\":\"hr\",\"@id\":\"https:\\\/\\\/radioljubuski.ba\\\/index.php\\\/2025\\\/04\\\/25\\\/upisi-u-4-generaciju-skole-gange-u-hercegovini\\\/#primaryimage\",\"url\":\"https:\\\/\\\/radioljubuski.ba\\\/wp-content\\\/uploads\\\/2025\\\/04\\\/skola-gange2.jpg\",\"contentUrl\":\"https:\\\/\\\/radioljubuski.ba\\\/wp-content\\\/uploads\\\/2025\\\/04\\\/skola-gange2.jpg\",\"width\":1200,\"height\":675},{\"@type\":\"BreadcrumbList\",\"@id\":\"https:\\\/\\\/radioljubuski.ba\\\/index.php\\\/2025\\\/04\\\/25\\\/upisi-u-4-generaciju-skole-gange-u-hercegovini\\\/#breadcrumb\",\"itemListElement\":[{\"@type\":\"ListItem\",\"position\":1,\"name\":\"Po\u010detna stranica\",\"item\":\"https:\\\/\\\/radioljubuski.ba\\\/\"},{\"@type\":\"ListItem\",\"position\":2,\"name\":\"Upisi u 4. generaciju &#8220;\u0160kole gange&#8221; u Hercegovini\"}]},{\"@type\":\"WebSite\",\"@id\":\"https:\\\/\\\/radioljubuski.ba\\\/#website\",\"url\":\"https:\\\/\\\/radioljubuski.ba\\\/\",\"name\":\"Radio Ljubu\u0161ki\",\"description\":\"Sun\u010dana frekvencija Hercegovine\",\"publisher\":{\"@id\":\"https:\\\/\\\/radioljubuski.ba\\\/#organization\"},\"potentialAction\":[{\"@type\":\"SearchAction\",\"target\":{\"@type\":\"EntryPoint\",\"urlTemplate\":\"https:\\\/\\\/radioljubuski.ba\\\/?s={search_term_string}\"},\"query-input\":{\"@type\":\"PropertyValueSpecification\",\"valueRequired\":true,\"valueName\":\"search_term_string\"}}],\"inLanguage\":\"hr\"},{\"@type\":\"Organization\",\"@id\":\"https:\\\/\\\/radioljubuski.ba\\\/#organization\",\"name\":\"Radio Ljubu\u0161ki\",\"url\":\"https:\\\/\\\/radioljubuski.ba\\\/\",\"logo\":{\"@type\":\"ImageObject\",\"inLanguage\":\"hr\",\"@id\":\"https:\\\/\\\/radioljubuski.ba\\\/#\\\/schema\\\/logo\\\/image\\\/\",\"url\":\"https:\\\/\\\/radioljubuski.ba\\\/wp-content\\\/uploads\\\/2021\\\/02\\\/cropped-Radio_Ljubuski_logo1.jpg\",\"contentUrl\":\"https:\\\/\\\/radioljubuski.ba\\\/wp-content\\\/uploads\\\/2021\\\/02\\\/cropped-Radio_Ljubuski_logo1.jpg\",\"width\":512,\"height\":512,\"caption\":\"Radio Ljubu\u0161ki\"},\"image\":{\"@id\":\"https:\\\/\\\/radioljubuski.ba\\\/#\\\/schema\\\/logo\\\/image\\\/\"},\"sameAs\":[\"https:\\\/\\\/www.facebook.com\\\/Radiio-Ljubuski-1490835324566332\",\"https:\\\/\\\/x.com\\\/radioljubuski\",\"https:\\\/\\\/hr.linkedin.com\\\/company\\\/radio-ljubuski\",\"https:\\\/\\\/www.youtube.com\\\/channel\\\/UCHYaeO_n0Db3tjNGudGpXyw\"]},{\"@type\":\"Person\",\"@id\":\"https:\\\/\\\/radioljubuski.ba\\\/#\\\/schema\\\/person\\\/19fc700381a780f69665d7956c469e3b\",\"name\":\"Radio Ljubu\u0161ki\"}]}<\/script>\n<!-- \/ Yoast SEO plugin. -->","yoast_head_json":{"title":"Upisi u 4. generaciju \"\u0160kole gange\" u Hercegovini - RADIO LJUBU\u0160KI","robots":{"index":"index","follow":"follow","max-snippet":"max-snippet:-1","max-image-preview":"max-image-preview:large","max-video-preview":"max-video-preview:-1"},"canonical":"https:\/\/radioljubuski.ba\/index.php\/2025\/04\/25\/upisi-u-4-generaciju-skole-gange-u-hercegovini\/","og_locale":"hr_HR","og_type":"article","og_title":"Upisi u 4. generaciju \"\u0160kole gange\" u Hercegovini - RADIO LJUBU\u0160KI","og_description":"Ganga je vi\u0161e od glazbe. To je glas predaka, ritam zajedni\u0161tva i sna\u017ean izraz identiteta koji se prenosi s koljena na koljeno. U svakom stihu gange odzvanja povijest, ponos i du\u0161a na\u0161eg naroda. Zato s velikim veseljem najavljujemo &#8220;\u0160kolu gange&#8221;, koja se odr\u017eava u Hercegovini. \u0160kola gange nije namijenjena samo pjeva\u010dima ili glazbenicima \u2013 otvorena [&hellip;]","og_url":"https:\/\/radioljubuski.ba\/index.php\/2025\/04\/25\/upisi-u-4-generaciju-skole-gange-u-hercegovini\/","og_site_name":"RADIO LJUBU\u0160KI","article_publisher":"https:\/\/www.facebook.com\/Radiio-Ljubuski-1490835324566332","article_published_time":"2025-04-25T06:34:06+00:00","article_modified_time":"2025-04-25T06:36:18+00:00","og_image":[{"width":1200,"height":675,"url":"https:\/\/radioljubuski.ba\/wp-content\/uploads\/2025\/04\/skola-gange2.jpg","type":"image\/jpeg"}],"author":"Radio Ljubu\u0161ki","twitter_card":"summary_large_image","twitter_creator":"@radioljubuski","twitter_site":"@radioljubuski","twitter_misc":{"Napisao\/la":"Radio Ljubu\u0161ki","Procijenjeno vrijeme \u010ditanja":"2 minute"},"schema":{"@context":"https:\/\/schema.org","@graph":[{"@type":"Article","@id":"https:\/\/radioljubuski.ba\/index.php\/2025\/04\/25\/upisi-u-4-generaciju-skole-gange-u-hercegovini\/#article","isPartOf":{"@id":"https:\/\/radioljubuski.ba\/index.php\/2025\/04\/25\/upisi-u-4-generaciju-skole-gange-u-hercegovini\/"},"author":{"name":"Radio Ljubu\u0161ki","@id":"https:\/\/radioljubuski.ba\/#\/schema\/person\/19fc700381a780f69665d7956c469e3b"},"headline":"Upisi u 4. generaciju &#8220;\u0160kole gange&#8221; u Hercegovini","datePublished":"2025-04-25T06:34:06+00:00","dateModified":"2025-04-25T06:36:18+00:00","mainEntityOfPage":{"@id":"https:\/\/radioljubuski.ba\/index.php\/2025\/04\/25\/upisi-u-4-generaciju-skole-gange-u-hercegovini\/"},"wordCount":207,"publisher":{"@id":"https:\/\/radioljubuski.ba\/#organization"},"image":{"@id":"https:\/\/radioljubuski.ba\/index.php\/2025\/04\/25\/upisi-u-4-generaciju-skole-gange-u-hercegovini\/#primaryimage"},"thumbnailUrl":"https:\/\/radioljubuski.ba\/wp-content\/uploads\/2025\/04\/skola-gange2.jpg","articleSection":["Ljubu\u0161ki","\u017dupanija Zapadnohercegova\u010dka"],"inLanguage":"hr"},{"@type":"WebPage","@id":"https:\/\/radioljubuski.ba\/index.php\/2025\/04\/25\/upisi-u-4-generaciju-skole-gange-u-hercegovini\/","url":"https:\/\/radioljubuski.ba\/index.php\/2025\/04\/25\/upisi-u-4-generaciju-skole-gange-u-hercegovini\/","name":"Upisi u 4. generaciju \"\u0160kole gange\" u Hercegovini - RADIO LJUBU\u0160KI","isPartOf":{"@id":"https:\/\/radioljubuski.ba\/#website"},"primaryImageOfPage":{"@id":"https:\/\/radioljubuski.ba\/index.php\/2025\/04\/25\/upisi-u-4-generaciju-skole-gange-u-hercegovini\/#primaryimage"},"image":{"@id":"https:\/\/radioljubuski.ba\/index.php\/2025\/04\/25\/upisi-u-4-generaciju-skole-gange-u-hercegovini\/#primaryimage"},"thumbnailUrl":"https:\/\/radioljubuski.ba\/wp-content\/uploads\/2025\/04\/skola-gange2.jpg","datePublished":"2025-04-25T06:34:06+00:00","dateModified":"2025-04-25T06:36:18+00:00","breadcrumb":{"@id":"https:\/\/radioljubuski.ba\/index.php\/2025\/04\/25\/upisi-u-4-generaciju-skole-gange-u-hercegovini\/#breadcrumb"},"inLanguage":"hr","potentialAction":[{"@type":"ReadAction","target":["https:\/\/radioljubuski.ba\/index.php\/2025\/04\/25\/upisi-u-4-generaciju-skole-gange-u-hercegovini\/"]}]},{"@type":"ImageObject","inLanguage":"hr","@id":"https:\/\/radioljubuski.ba\/index.php\/2025\/04\/25\/upisi-u-4-generaciju-skole-gange-u-hercegovini\/#primaryimage","url":"https:\/\/radioljubuski.ba\/wp-content\/uploads\/2025\/04\/skola-gange2.jpg","contentUrl":"https:\/\/radioljubuski.ba\/wp-content\/uploads\/2025\/04\/skola-gange2.jpg","width":1200,"height":675},{"@type":"BreadcrumbList","@id":"https:\/\/radioljubuski.ba\/index.php\/2025\/04\/25\/upisi-u-4-generaciju-skole-gange-u-hercegovini\/#breadcrumb","itemListElement":[{"@type":"ListItem","position":1,"name":"Po\u010detna stranica","item":"https:\/\/radioljubuski.ba\/"},{"@type":"ListItem","position":2,"name":"Upisi u 4. generaciju &#8220;\u0160kole gange&#8221; u Hercegovini"}]},{"@type":"WebSite","@id":"https:\/\/radioljubuski.ba\/#website","url":"https:\/\/radioljubuski.ba\/","name":"Radio Ljubu\u0161ki","description":"Sun\u010dana frekvencija Hercegovine","publisher":{"@id":"https:\/\/radioljubuski.ba\/#organization"},"potentialAction":[{"@type":"SearchAction","target":{"@type":"EntryPoint","urlTemplate":"https:\/\/radioljubuski.ba\/?s={search_term_string}"},"query-input":{"@type":"PropertyValueSpecification","valueRequired":true,"valueName":"search_term_string"}}],"inLanguage":"hr"},{"@type":"Organization","@id":"https:\/\/radioljubuski.ba\/#organization","name":"Radio Ljubu\u0161ki","url":"https:\/\/radioljubuski.ba\/","logo":{"@type":"ImageObject","inLanguage":"hr","@id":"https:\/\/radioljubuski.ba\/#\/schema\/logo\/image\/","url":"https:\/\/radioljubuski.ba\/wp-content\/uploads\/2021\/02\/cropped-Radio_Ljubuski_logo1.jpg","contentUrl":"https:\/\/radioljubuski.ba\/wp-content\/uploads\/2021\/02\/cropped-Radio_Ljubuski_logo1.jpg","width":512,"height":512,"caption":"Radio Ljubu\u0161ki"},"image":{"@id":"https:\/\/radioljubuski.ba\/#\/schema\/logo\/image\/"},"sameAs":["https:\/\/www.facebook.com\/Radiio-Ljubuski-1490835324566332","https:\/\/x.com\/radioljubuski","https:\/\/hr.linkedin.com\/company\/radio-ljubuski","https:\/\/www.youtube.com\/channel\/UCHYaeO_n0Db3tjNGudGpXyw"]},{"@type":"Person","@id":"https:\/\/radioljubuski.ba\/#\/schema\/person\/19fc700381a780f69665d7956c469e3b","name":"Radio Ljubu\u0161ki"}]}},"_links":{"self":[{"href":"https:\/\/radioljubuski.ba\/index.php\/wp-json\/wp\/v2\/posts\/216111","targetHints":{"allow":["GET"]}}],"collection":[{"href":"https:\/\/radioljubuski.ba\/index.php\/wp-json\/wp\/v2\/posts"}],"about":[{"href":"https:\/\/radioljubuski.ba\/index.php\/wp-json\/wp\/v2\/types\/post"}],"author":[{"embeddable":true,"href":"https:\/\/radioljubuski.ba\/index.php\/wp-json\/wp\/v2\/users\/2"}],"replies":[{"embeddable":true,"href":"https:\/\/radioljubuski.ba\/index.php\/wp-json\/wp\/v2\/comments?post=216111"}],"version-history":[{"count":2,"href":"https:\/\/radioljubuski.ba\/index.php\/wp-json\/wp\/v2\/posts\/216111\/revisions"}],"predecessor-version":[{"id":216116,"href":"https:\/\/radioljubuski.ba\/index.php\/wp-json\/wp\/v2\/posts\/216111\/revisions\/216116"}],"wp:featuredmedia":[{"embeddable":true,"href":"https:\/\/radioljubuski.ba\/index.php\/wp-json\/wp\/v2\/media\/216113"}],"wp:attachment":[{"href":"https:\/\/radioljubuski.ba\/index.php\/wp-json\/wp\/v2\/media?parent=216111"}],"wp:term":[{"taxonomy":"category","embeddable":true,"href":"https:\/\/radioljubuski.ba\/index.php\/wp-json\/wp\/v2\/categories?post=216111"},{"taxonomy":"post_tag","embeddable":true,"href":"https:\/\/radioljubuski.ba\/index.php\/wp-json\/wp\/v2\/tags?post=216111"}],"curies":[{"name":"wp","href":"https:\/\/api.w.org\/{rel}","templated":true}]}}