{"id":216300,"date":"2025-04-27T10:56:14","date_gmt":"2025-04-27T09:56:14","guid":{"rendered":"https:\/\/radioljubuski.ba\/?p=216300"},"modified":"2025-06-12T11:42:44","modified_gmt":"2025-06-12T10:42:44","slug":"ljubuski-outdoor-festival-2025-prijave-otvorene-do-10-svibnja","status":"publish","type":"post","link":"https:\/\/radioljubuski.ba\/index.php\/2025\/04\/27\/ljubuski-outdoor-festival-2025-prijave-otvorene-do-10-svibnja\/","title":{"rendered":"Ljubu\u0161ki Outdoor Festival 2025: Prijave otvorene do 10. svibnja!"},"content":{"rendered":"\n<p>Ljubu\u0161ki postaje sredi\u0161te zdravog \u017eivljenja i sportskog duha! <strong>Ljubu\u0161ki Outdoor Festival 2025<\/strong>. nudi nevjerojatnu priliku za sve ljubitelje sporta i prirode, u\u017eivajte u jedinstvenim aktivnostima na otvorenom, u srcu Hercegovine.<\/p>\n\n\n\n<p>Festival uklju\u010duje razli\u010dita natjecanja i discipline za sve uzraste i razine fizi\u010dke spreme:<\/p>\n\n\n\n<h3 class=\"wp-block-heading\"><strong>Trka\u010dke discipline<\/strong><\/h3>\n\n\n\n<p>\ud83c\udfc3 <strong>Polumaraton &#8220;Dva slapa&#8221; (21.1k)<\/strong><br>\ud83c\udfc3\u200d\u2642\ufe0f <strong>Ljubu\u0161ka desetka &#8220;Scunasticus&#8221; (10.4k)<\/strong><br>\ud83d\udc5f <strong>Dje\u010dja utrka &#8220;Kids Run&#8221; (1k)<\/strong> \u2013 za pred\u0161kolski uzrast i osnovno\u0161kolce (od I. do IX. razreda).<\/p>\n\n\n\n<h3 class=\"wp-block-heading\"><strong>Biciklisti\u010dke discipline<\/strong><\/h3>\n\n\n\n<p>\ud83d\udeb4\u200d\u2642\ufe0f <strong>Biciklisti\u010dka utrka &#8220;Stipe&#8221; (40k)<\/strong><\/p>\n\n\n\n<ul class=\"wp-block-list\">\n<li>Juniori<\/li>\n\n\n\n<li>U23<\/li>\n\n\n\n<li>Elite<\/li>\n\n\n\n<li>\u017denska kategorija<\/li>\n\n\n\n<li>Amateri B (16-35)<\/li>\n\n\n\n<li>Amateri C (35+)<\/li>\n\n\n\n<li>Master A<\/li>\n\n\n\n<li>Master B<br><strong>Biciklisti\u010dka utrka &#8220;Mara&#8221; (21.1k)<\/strong><\/li>\n\n\n\n<li>Mla\u0111i kadeti<\/li>\n\n\n\n<li>Kadeti<\/li>\n\n\n\n<li>Amateri A (-16)<\/li>\n\n\n\n<li>Veteran C, D<br><strong>Biciklijada &#8220;Mara&#8221;<\/strong><br><strong>Dje\u010dja utrka &#8220;Mala Mara&#8221; (1k)<\/strong> \u2013 za pred\u0161kolski uzrast do IV. razreda.<\/li>\n<\/ul>\n\n\n\n<h3 class=\"wp-block-heading\"><strong>Paragliding natjecanje u preciznom slijetanju &#8220;Kosa\u010da&#8221; \u2013 za sve ljubitelje letenja.<\/strong><\/h3>\n\n\n\n<h3 class=\"wp-block-heading\"><strong>Kotizacija<\/strong><\/h3>\n\n\n\n<p>Startnina za sve discipline iznosi <strong>30 KM<\/strong>, dok su dje\u010dje utrke &#8220;Kids Run&#8221; i &#8220;Mala Mara&#8221; besplatne.<br>\ud83d\udcc6 <strong>Rok za prijave i uplatu je 10. svibnja 2025.<\/strong><\/p>\n\n\n\n<h3 class=\"wp-block-heading\"><strong>Prijave i uplata<\/strong><\/h3>\n\n\n\n<p>Za prijave i uplatu, posjetite slu\u017ebenu stranicu festivala: <a class=\"\" href=\"http:\/\/ljof.ba\/hr\/\">www.ljof.ba<\/a>.<br>Detalji za uplatu iz BiH i inozemstva tako\u0111er su dostupni na stranici.<\/p>\n\n\n\n<p>Kontakt: <a class=\"\">info@ljof.ba<\/a><br>Facebook: <a class=\"\" href=\"https:\/\/www.facebook.com\/ljubuskioutdoor\/\">LJOF Facebook<\/a><\/p>\n\n\n\n<p><strong>Ljubu\u0161ki Outdoor Festival 2025<\/strong> \u2013 do\u0111ite, natje\u010dite se, u\u017eivajte i podr\u017eite zdrav na\u010din \u017eivota!<\/p>\n\n\n\n<p><strong>Organizatori:<\/strong> <strong>JP Parkovi Ljubu\u0161ki d.o.o., Grad Ljubu\u0161ki, Turisti\u010dka zajednica Ljubu\u0161ki, Biciklisti\u010dki klub Ljubu\u0161ki, Paragliding klub Ljubu\u0161ki, Hrvatski atletski klub Ljubu\u0161ki, Gorska slu\u017eba spa\u0161avanja Ljubu\u0161ki (GSS Ljubu\u0161ki), Foto klub Fokus Ljubu\u0161ki.<\/strong><\/p>\n\n\n\n<figure class=\"wp-block-image size-large\"><img loading=\"lazy\" decoding=\"async\" width=\"1024\" height=\"683\" src=\"https:\/\/radioljubuski.ba\/wp-content\/uploads\/2025\/04\/ljof2-1024x683.jpg\" alt=\"\" class=\"wp-image-216301\" srcset=\"https:\/\/radioljubuski.ba\/wp-content\/uploads\/2025\/04\/ljof2-1024x683.jpg 1024w, https:\/\/radioljubuski.ba\/wp-content\/uploads\/2025\/04\/ljof2-300x200.jpg 300w, https:\/\/radioljubuski.ba\/wp-content\/uploads\/2025\/04\/ljof2-768x512.jpg 768w, https:\/\/radioljubuski.ba\/wp-content\/uploads\/2025\/04\/ljof2-18x12.jpg 18w, https:\/\/radioljubuski.ba\/wp-content\/uploads\/2025\/04\/ljof2.jpg 1536w\" sizes=\"auto, (max-width: 1024px) 100vw, 1024px\" \/><\/figure>\n\n\n\n<p>Radio Ljubu\u0161ki<\/p>\n\n\n\n<figure class=\"wp-block-embed is-type-wp-embed is-provider-radio-ljubu-ki wp-block-embed-radio-ljubu-ki\"><div class=\"wp-block-embed__wrapper\">\n<blockquote class=\"wp-embedded-content\" data-secret=\"hztXk8CX2Q\"><a href=\"https:\/\/radioljubuski.ba\/index.php\/2025\/04\/17\/najavljen-bogat-program-ljubuski-outdoor-festivala-2025\/\">Najavljen bogat program Ljubu\u0161ki Outdoor Festivala 2025<\/a><\/blockquote><iframe loading=\"lazy\" class=\"wp-embedded-content\" sandbox=\"allow-scripts\" security=\"restricted\" style=\"position: absolute; visibility: hidden;\" title=\"&#8220;Najavljen bogat program Ljubu\u0161ki Outdoor Festivala 2025&#8221; &#8212;   RADIO LJUBU\u0160KI\" src=\"https:\/\/radioljubuski.ba\/index.php\/2025\/04\/17\/najavljen-bogat-program-ljubuski-outdoor-festivala-2025\/embed\/#?secret=Q18N4ANLmI#?secret=hztXk8CX2Q\" data-secret=\"hztXk8CX2Q\" width=\"600\" height=\"338\" frameborder=\"0\" marginwidth=\"0\" marginheight=\"0\" scrolling=\"no\"><\/iframe>\n<\/div><\/figure>\n","protected":false},"excerpt":{"rendered":"<p>Ljubu\u0161ki postaje sredi\u0161te zdravog \u017eivljenja i sportskog duha! Ljubu\u0161ki Outdoor Festival 2025. nudi nevjerojatnu priliku za sve ljubitelje sporta i prirode, u\u017eivajte u jedinstvenim aktivnostima na otvorenom, u srcu Hercegovine. Festival uklju\u010duje razli\u010dita natjecanja i discipline za sve uzraste i razine fizi\u010dke spreme: Trka\u010dke discipline \ud83c\udfc3 Polumaraton &#8220;Dva slapa&#8221; (21.1k)\ud83c\udfc3\u200d\u2642\ufe0f Ljubu\u0161ka desetka &#8220;Scunasticus&#8221; (10.4k)\ud83d\udc5f Dje\u010dja [&hellip;]<\/p>\n","protected":false},"author":2,"featured_media":216303,"comment_status":"closed","ping_status":"closed","sticky":false,"template":"","format":"standard","meta":{"h5ap_radio_sources":[],"footnotes":""},"categories":[3],"tags":[],"class_list":["post-216300","post","type-post","status-publish","format-standard","has-post-thumbnail","hentry","category-ljubuski"],"yoast_head":"<!-- This site is optimized with the Yoast SEO plugin v27.5 - https:\/\/yoast.com\/product\/yoast-seo-wordpress\/ -->\n<title>Ljubu\u0161ki Outdoor Festival 2025: Prijave otvorene do 10. svibnja! - RADIO LJUBU\u0160KI<\/title>\n<meta name=\"robots\" content=\"index, follow, max-snippet:-1, max-image-preview:large, max-video-preview:-1\" \/>\n<link rel=\"canonical\" href=\"https:\/\/radioljubuski.ba\/index.php\/2025\/04\/27\/ljubuski-outdoor-festival-2025-prijave-otvorene-do-10-svibnja\/\" \/>\n<meta property=\"og:locale\" content=\"hr_HR\" \/>\n<meta property=\"og:type\" content=\"article\" \/>\n<meta property=\"og:title\" content=\"Ljubu\u0161ki Outdoor Festival 2025: Prijave otvorene do 10. svibnja! - RADIO LJUBU\u0160KI\" \/>\n<meta property=\"og:description\" content=\"Ljubu\u0161ki postaje sredi\u0161te zdravog \u017eivljenja i sportskog duha! Ljubu\u0161ki Outdoor Festival 2025. nudi nevjerojatnu priliku za sve ljubitelje sporta i prirode, u\u017eivajte u jedinstvenim aktivnostima na otvorenom, u srcu Hercegovine. Festival uklju\u010duje razli\u010dita natjecanja i discipline za sve uzraste i razine fizi\u010dke spreme: Trka\u010dke discipline \ud83c\udfc3 Polumaraton &#8220;Dva slapa&#8221; (21.1k)\ud83c\udfc3\u200d\u2642\ufe0f Ljubu\u0161ka desetka &#8220;Scunasticus&#8221; (10.4k)\ud83d\udc5f Dje\u010dja [&hellip;]\" \/>\n<meta property=\"og:url\" content=\"https:\/\/radioljubuski.ba\/index.php\/2025\/04\/27\/ljubuski-outdoor-festival-2025-prijave-otvorene-do-10-svibnja\/\" \/>\n<meta property=\"og:site_name\" content=\"RADIO LJUBU\u0160KI\" \/>\n<meta property=\"article:publisher\" content=\"https:\/\/www.facebook.com\/Radiio-Ljubuski-1490835324566332\" \/>\n<meta property=\"article:published_time\" content=\"2025-04-27T09:56:14+00:00\" \/>\n<meta property=\"article:modified_time\" content=\"2025-06-12T10:42:44+00:00\" \/>\n<meta property=\"og:image\" content=\"https:\/\/radioljubuski.ba\/wp-content\/uploads\/2025\/04\/naslovna-ljof.jpg\" \/>\n\t<meta property=\"og:image:width\" content=\"1638\" \/>\n\t<meta property=\"og:image:height\" content=\"2048\" \/>\n\t<meta property=\"og:image:type\" content=\"image\/jpeg\" \/>\n<meta name=\"author\" content=\"Radio Ljubu\u0161ki\" \/>\n<meta name=\"twitter:card\" content=\"summary_large_image\" \/>\n<meta name=\"twitter:creator\" content=\"@radioljubuski\" \/>\n<meta name=\"twitter:site\" content=\"@radioljubuski\" \/>\n<meta name=\"twitter:label1\" content=\"Napisao\/la\" \/>\n\t<meta name=\"twitter:data1\" content=\"Radio Ljubu\u0161ki\" \/>\n\t<meta name=\"twitter:label2\" content=\"Procijenjeno vrijeme \u010ditanja\" \/>\n\t<meta name=\"twitter:data2\" content=\"2 minute\" \/>\n<script type=\"application\/ld+json\" class=\"yoast-schema-graph\">{\"@context\":\"https:\\\/\\\/schema.org\",\"@graph\":[{\"@type\":\"Article\",\"@id\":\"https:\\\/\\\/radioljubuski.ba\\\/index.php\\\/2025\\\/04\\\/27\\\/ljubuski-outdoor-festival-2025-prijave-otvorene-do-10-svibnja\\\/#article\",\"isPartOf\":{\"@id\":\"https:\\\/\\\/radioljubuski.ba\\\/index.php\\\/2025\\\/04\\\/27\\\/ljubuski-outdoor-festival-2025-prijave-otvorene-do-10-svibnja\\\/\"},\"author\":{\"name\":\"Radio Ljubu\u0161ki\",\"@id\":\"https:\\\/\\\/radioljubuski.ba\\\/#\\\/schema\\\/person\\\/19fc700381a780f69665d7956c469e3b\"},\"headline\":\"Ljubu\u0161ki Outdoor Festival 2025: Prijave otvorene do 10. svibnja!\",\"datePublished\":\"2025-04-27T09:56:14+00:00\",\"dateModified\":\"2025-06-12T10:42:44+00:00\",\"mainEntityOfPage\":{\"@id\":\"https:\\\/\\\/radioljubuski.ba\\\/index.php\\\/2025\\\/04\\\/27\\\/ljubuski-outdoor-festival-2025-prijave-otvorene-do-10-svibnja\\\/\"},\"wordCount\":282,\"publisher\":{\"@id\":\"https:\\\/\\\/radioljubuski.ba\\\/#organization\"},\"image\":{\"@id\":\"https:\\\/\\\/radioljubuski.ba\\\/index.php\\\/2025\\\/04\\\/27\\\/ljubuski-outdoor-festival-2025-prijave-otvorene-do-10-svibnja\\\/#primaryimage\"},\"thumbnailUrl\":\"https:\\\/\\\/radioljubuski.ba\\\/wp-content\\\/uploads\\\/2025\\\/04\\\/naslovna-ljof.jpg\",\"articleSection\":[\"Ljubu\u0161ki\"],\"inLanguage\":\"hr\"},{\"@type\":\"WebPage\",\"@id\":\"https:\\\/\\\/radioljubuski.ba\\\/index.php\\\/2025\\\/04\\\/27\\\/ljubuski-outdoor-festival-2025-prijave-otvorene-do-10-svibnja\\\/\",\"url\":\"https:\\\/\\\/radioljubuski.ba\\\/index.php\\\/2025\\\/04\\\/27\\\/ljubuski-outdoor-festival-2025-prijave-otvorene-do-10-svibnja\\\/\",\"name\":\"Ljubu\u0161ki Outdoor Festival 2025: Prijave otvorene do 10. svibnja! - RADIO LJUBU\u0160KI\",\"isPartOf\":{\"@id\":\"https:\\\/\\\/radioljubuski.ba\\\/#website\"},\"primaryImageOfPage\":{\"@id\":\"https:\\\/\\\/radioljubuski.ba\\\/index.php\\\/2025\\\/04\\\/27\\\/ljubuski-outdoor-festival-2025-prijave-otvorene-do-10-svibnja\\\/#primaryimage\"},\"image\":{\"@id\":\"https:\\\/\\\/radioljubuski.ba\\\/index.php\\\/2025\\\/04\\\/27\\\/ljubuski-outdoor-festival-2025-prijave-otvorene-do-10-svibnja\\\/#primaryimage\"},\"thumbnailUrl\":\"https:\\\/\\\/radioljubuski.ba\\\/wp-content\\\/uploads\\\/2025\\\/04\\\/naslovna-ljof.jpg\",\"datePublished\":\"2025-04-27T09:56:14+00:00\",\"dateModified\":\"2025-06-12T10:42:44+00:00\",\"breadcrumb\":{\"@id\":\"https:\\\/\\\/radioljubuski.ba\\\/index.php\\\/2025\\\/04\\\/27\\\/ljubuski-outdoor-festival-2025-prijave-otvorene-do-10-svibnja\\\/#breadcrumb\"},\"inLanguage\":\"hr\",\"potentialAction\":[{\"@type\":\"ReadAction\",\"target\":[\"https:\\\/\\\/radioljubuski.ba\\\/index.php\\\/2025\\\/04\\\/27\\\/ljubuski-outdoor-festival-2025-prijave-otvorene-do-10-svibnja\\\/\"]}]},{\"@type\":\"ImageObject\",\"inLanguage\":\"hr\",\"@id\":\"https:\\\/\\\/radioljubuski.ba\\\/index.php\\\/2025\\\/04\\\/27\\\/ljubuski-outdoor-festival-2025-prijave-otvorene-do-10-svibnja\\\/#primaryimage\",\"url\":\"https:\\\/\\\/radioljubuski.ba\\\/wp-content\\\/uploads\\\/2025\\\/04\\\/naslovna-ljof.jpg\",\"contentUrl\":\"https:\\\/\\\/radioljubuski.ba\\\/wp-content\\\/uploads\\\/2025\\\/04\\\/naslovna-ljof.jpg\",\"width\":1638,\"height\":2048},{\"@type\":\"BreadcrumbList\",\"@id\":\"https:\\\/\\\/radioljubuski.ba\\\/index.php\\\/2025\\\/04\\\/27\\\/ljubuski-outdoor-festival-2025-prijave-otvorene-do-10-svibnja\\\/#breadcrumb\",\"itemListElement\":[{\"@type\":\"ListItem\",\"position\":1,\"name\":\"Po\u010detna stranica\",\"item\":\"https:\\\/\\\/radioljubuski.ba\\\/\"},{\"@type\":\"ListItem\",\"position\":2,\"name\":\"Ljubu\u0161ki Outdoor Festival 2025: Prijave otvorene do 10. svibnja!\"}]},{\"@type\":\"WebSite\",\"@id\":\"https:\\\/\\\/radioljubuski.ba\\\/#website\",\"url\":\"https:\\\/\\\/radioljubuski.ba\\\/\",\"name\":\"Radio Ljubu\u0161ki\",\"description\":\"Sun\u010dana frekvencija Hercegovine\",\"publisher\":{\"@id\":\"https:\\\/\\\/radioljubuski.ba\\\/#organization\"},\"potentialAction\":[{\"@type\":\"SearchAction\",\"target\":{\"@type\":\"EntryPoint\",\"urlTemplate\":\"https:\\\/\\\/radioljubuski.ba\\\/?s={search_term_string}\"},\"query-input\":{\"@type\":\"PropertyValueSpecification\",\"valueRequired\":true,\"valueName\":\"search_term_string\"}}],\"inLanguage\":\"hr\"},{\"@type\":\"Organization\",\"@id\":\"https:\\\/\\\/radioljubuski.ba\\\/#organization\",\"name\":\"Radio Ljubu\u0161ki\",\"url\":\"https:\\\/\\\/radioljubuski.ba\\\/\",\"logo\":{\"@type\":\"ImageObject\",\"inLanguage\":\"hr\",\"@id\":\"https:\\\/\\\/radioljubuski.ba\\\/#\\\/schema\\\/logo\\\/image\\\/\",\"url\":\"https:\\\/\\\/radioljubuski.ba\\\/wp-content\\\/uploads\\\/2021\\\/02\\\/cropped-Radio_Ljubuski_logo1.jpg\",\"contentUrl\":\"https:\\\/\\\/radioljubuski.ba\\\/wp-content\\\/uploads\\\/2021\\\/02\\\/cropped-Radio_Ljubuski_logo1.jpg\",\"width\":512,\"height\":512,\"caption\":\"Radio Ljubu\u0161ki\"},\"image\":{\"@id\":\"https:\\\/\\\/radioljubuski.ba\\\/#\\\/schema\\\/logo\\\/image\\\/\"},\"sameAs\":[\"https:\\\/\\\/www.facebook.com\\\/Radiio-Ljubuski-1490835324566332\",\"https:\\\/\\\/x.com\\\/radioljubuski\",\"https:\\\/\\\/hr.linkedin.com\\\/company\\\/radio-ljubuski\",\"https:\\\/\\\/www.youtube.com\\\/channel\\\/UCHYaeO_n0Db3tjNGudGpXyw\"]},{\"@type\":\"Person\",\"@id\":\"https:\\\/\\\/radioljubuski.ba\\\/#\\\/schema\\\/person\\\/19fc700381a780f69665d7956c469e3b\",\"name\":\"Radio Ljubu\u0161ki\"}]}<\/script>\n<!-- \/ Yoast SEO plugin. -->","yoast_head_json":{"title":"Ljubu\u0161ki Outdoor Festival 2025: Prijave otvorene do 10. svibnja! - RADIO LJUBU\u0160KI","robots":{"index":"index","follow":"follow","max-snippet":"max-snippet:-1","max-image-preview":"max-image-preview:large","max-video-preview":"max-video-preview:-1"},"canonical":"https:\/\/radioljubuski.ba\/index.php\/2025\/04\/27\/ljubuski-outdoor-festival-2025-prijave-otvorene-do-10-svibnja\/","og_locale":"hr_HR","og_type":"article","og_title":"Ljubu\u0161ki Outdoor Festival 2025: Prijave otvorene do 10. svibnja! - RADIO LJUBU\u0160KI","og_description":"Ljubu\u0161ki postaje sredi\u0161te zdravog \u017eivljenja i sportskog duha! Ljubu\u0161ki Outdoor Festival 2025. nudi nevjerojatnu priliku za sve ljubitelje sporta i prirode, u\u017eivajte u jedinstvenim aktivnostima na otvorenom, u srcu Hercegovine. Festival uklju\u010duje razli\u010dita natjecanja i discipline za sve uzraste i razine fizi\u010dke spreme: Trka\u010dke discipline \ud83c\udfc3 Polumaraton &#8220;Dva slapa&#8221; (21.1k)\ud83c\udfc3\u200d\u2642\ufe0f Ljubu\u0161ka desetka &#8220;Scunasticus&#8221; (10.4k)\ud83d\udc5f Dje\u010dja [&hellip;]","og_url":"https:\/\/radioljubuski.ba\/index.php\/2025\/04\/27\/ljubuski-outdoor-festival-2025-prijave-otvorene-do-10-svibnja\/","og_site_name":"RADIO LJUBU\u0160KI","article_publisher":"https:\/\/www.facebook.com\/Radiio-Ljubuski-1490835324566332","article_published_time":"2025-04-27T09:56:14+00:00","article_modified_time":"2025-06-12T10:42:44+00:00","og_image":[{"width":1638,"height":2048,"url":"https:\/\/radioljubuski.ba\/wp-content\/uploads\/2025\/04\/naslovna-ljof.jpg","type":"image\/jpeg"}],"author":"Radio Ljubu\u0161ki","twitter_card":"summary_large_image","twitter_creator":"@radioljubuski","twitter_site":"@radioljubuski","twitter_misc":{"Napisao\/la":"Radio Ljubu\u0161ki","Procijenjeno vrijeme \u010ditanja":"2 minute"},"schema":{"@context":"https:\/\/schema.org","@graph":[{"@type":"Article","@id":"https:\/\/radioljubuski.ba\/index.php\/2025\/04\/27\/ljubuski-outdoor-festival-2025-prijave-otvorene-do-10-svibnja\/#article","isPartOf":{"@id":"https:\/\/radioljubuski.ba\/index.php\/2025\/04\/27\/ljubuski-outdoor-festival-2025-prijave-otvorene-do-10-svibnja\/"},"author":{"name":"Radio Ljubu\u0161ki","@id":"https:\/\/radioljubuski.ba\/#\/schema\/person\/19fc700381a780f69665d7956c469e3b"},"headline":"Ljubu\u0161ki Outdoor Festival 2025: Prijave otvorene do 10. svibnja!","datePublished":"2025-04-27T09:56:14+00:00","dateModified":"2025-06-12T10:42:44+00:00","mainEntityOfPage":{"@id":"https:\/\/radioljubuski.ba\/index.php\/2025\/04\/27\/ljubuski-outdoor-festival-2025-prijave-otvorene-do-10-svibnja\/"},"wordCount":282,"publisher":{"@id":"https:\/\/radioljubuski.ba\/#organization"},"image":{"@id":"https:\/\/radioljubuski.ba\/index.php\/2025\/04\/27\/ljubuski-outdoor-festival-2025-prijave-otvorene-do-10-svibnja\/#primaryimage"},"thumbnailUrl":"https:\/\/radioljubuski.ba\/wp-content\/uploads\/2025\/04\/naslovna-ljof.jpg","articleSection":["Ljubu\u0161ki"],"inLanguage":"hr"},{"@type":"WebPage","@id":"https:\/\/radioljubuski.ba\/index.php\/2025\/04\/27\/ljubuski-outdoor-festival-2025-prijave-otvorene-do-10-svibnja\/","url":"https:\/\/radioljubuski.ba\/index.php\/2025\/04\/27\/ljubuski-outdoor-festival-2025-prijave-otvorene-do-10-svibnja\/","name":"Ljubu\u0161ki Outdoor Festival 2025: Prijave otvorene do 10. svibnja! - RADIO LJUBU\u0160KI","isPartOf":{"@id":"https:\/\/radioljubuski.ba\/#website"},"primaryImageOfPage":{"@id":"https:\/\/radioljubuski.ba\/index.php\/2025\/04\/27\/ljubuski-outdoor-festival-2025-prijave-otvorene-do-10-svibnja\/#primaryimage"},"image":{"@id":"https:\/\/radioljubuski.ba\/index.php\/2025\/04\/27\/ljubuski-outdoor-festival-2025-prijave-otvorene-do-10-svibnja\/#primaryimage"},"thumbnailUrl":"https:\/\/radioljubuski.ba\/wp-content\/uploads\/2025\/04\/naslovna-ljof.jpg","datePublished":"2025-04-27T09:56:14+00:00","dateModified":"2025-06-12T10:42:44+00:00","breadcrumb":{"@id":"https:\/\/radioljubuski.ba\/index.php\/2025\/04\/27\/ljubuski-outdoor-festival-2025-prijave-otvorene-do-10-svibnja\/#breadcrumb"},"inLanguage":"hr","potentialAction":[{"@type":"ReadAction","target":["https:\/\/radioljubuski.ba\/index.php\/2025\/04\/27\/ljubuski-outdoor-festival-2025-prijave-otvorene-do-10-svibnja\/"]}]},{"@type":"ImageObject","inLanguage":"hr","@id":"https:\/\/radioljubuski.ba\/index.php\/2025\/04\/27\/ljubuski-outdoor-festival-2025-prijave-otvorene-do-10-svibnja\/#primaryimage","url":"https:\/\/radioljubuski.ba\/wp-content\/uploads\/2025\/04\/naslovna-ljof.jpg","contentUrl":"https:\/\/radioljubuski.ba\/wp-content\/uploads\/2025\/04\/naslovna-ljof.jpg","width":1638,"height":2048},{"@type":"BreadcrumbList","@id":"https:\/\/radioljubuski.ba\/index.php\/2025\/04\/27\/ljubuski-outdoor-festival-2025-prijave-otvorene-do-10-svibnja\/#breadcrumb","itemListElement":[{"@type":"ListItem","position":1,"name":"Po\u010detna stranica","item":"https:\/\/radioljubuski.ba\/"},{"@type":"ListItem","position":2,"name":"Ljubu\u0161ki Outdoor Festival 2025: Prijave otvorene do 10. svibnja!"}]},{"@type":"WebSite","@id":"https:\/\/radioljubuski.ba\/#website","url":"https:\/\/radioljubuski.ba\/","name":"Radio Ljubu\u0161ki","description":"Sun\u010dana frekvencija Hercegovine","publisher":{"@id":"https:\/\/radioljubuski.ba\/#organization"},"potentialAction":[{"@type":"SearchAction","target":{"@type":"EntryPoint","urlTemplate":"https:\/\/radioljubuski.ba\/?s={search_term_string}"},"query-input":{"@type":"PropertyValueSpecification","valueRequired":true,"valueName":"search_term_string"}}],"inLanguage":"hr"},{"@type":"Organization","@id":"https:\/\/radioljubuski.ba\/#organization","name":"Radio Ljubu\u0161ki","url":"https:\/\/radioljubuski.ba\/","logo":{"@type":"ImageObject","inLanguage":"hr","@id":"https:\/\/radioljubuski.ba\/#\/schema\/logo\/image\/","url":"https:\/\/radioljubuski.ba\/wp-content\/uploads\/2021\/02\/cropped-Radio_Ljubuski_logo1.jpg","contentUrl":"https:\/\/radioljubuski.ba\/wp-content\/uploads\/2021\/02\/cropped-Radio_Ljubuski_logo1.jpg","width":512,"height":512,"caption":"Radio Ljubu\u0161ki"},"image":{"@id":"https:\/\/radioljubuski.ba\/#\/schema\/logo\/image\/"},"sameAs":["https:\/\/www.facebook.com\/Radiio-Ljubuski-1490835324566332","https:\/\/x.com\/radioljubuski","https:\/\/hr.linkedin.com\/company\/radio-ljubuski","https:\/\/www.youtube.com\/channel\/UCHYaeO_n0Db3tjNGudGpXyw"]},{"@type":"Person","@id":"https:\/\/radioljubuski.ba\/#\/schema\/person\/19fc700381a780f69665d7956c469e3b","name":"Radio Ljubu\u0161ki"}]}},"_links":{"self":[{"href":"https:\/\/radioljubuski.ba\/index.php\/wp-json\/wp\/v2\/posts\/216300","targetHints":{"allow":["GET"]}}],"collection":[{"href":"https:\/\/radioljubuski.ba\/index.php\/wp-json\/wp\/v2\/posts"}],"about":[{"href":"https:\/\/radioljubuski.ba\/index.php\/wp-json\/wp\/v2\/types\/post"}],"author":[{"embeddable":true,"href":"https:\/\/radioljubuski.ba\/index.php\/wp-json\/wp\/v2\/users\/2"}],"replies":[{"embeddable":true,"href":"https:\/\/radioljubuski.ba\/index.php\/wp-json\/wp\/v2\/comments?post=216300"}],"version-history":[{"count":2,"href":"https:\/\/radioljubuski.ba\/index.php\/wp-json\/wp\/v2\/posts\/216300\/revisions"}],"predecessor-version":[{"id":216305,"href":"https:\/\/radioljubuski.ba\/index.php\/wp-json\/wp\/v2\/posts\/216300\/revisions\/216305"}],"wp:featuredmedia":[{"embeddable":true,"href":"https:\/\/radioljubuski.ba\/index.php\/wp-json\/wp\/v2\/media\/216303"}],"wp:attachment":[{"href":"https:\/\/radioljubuski.ba\/index.php\/wp-json\/wp\/v2\/media?parent=216300"}],"wp:term":[{"taxonomy":"category","embeddable":true,"href":"https:\/\/radioljubuski.ba\/index.php\/wp-json\/wp\/v2\/categories?post=216300"},{"taxonomy":"post_tag","embeddable":true,"href":"https:\/\/radioljubuski.ba\/index.php\/wp-json\/wp\/v2\/tags?post=216300"}],"curies":[{"name":"wp","href":"https:\/\/api.w.org\/{rel}","templated":true}]}}