{"id":216373,"date":"2025-04-29T12:24:57","date_gmt":"2025-04-29T11:24:57","guid":{"rendered":"https:\/\/radioljubuski.ba\/?p=216373"},"modified":"2025-04-29T12:24:58","modified_gmt":"2025-04-29T11:24:58","slug":"najava-skola-cijepljenja-masline-2025-godine","status":"publish","type":"post","link":"https:\/\/radioljubuski.ba\/index.php\/2025\/04\/29\/najava-skola-cijepljenja-masline-2025-godine\/","title":{"rendered":"NAJAVA: \u0160kola cijepljenja masline 2025. godine"},"content":{"rendered":"\n<p>Federalni agromediteranski zavod Mostar i u mjesecu svibnju nastavlja sa svojim aktivnostima u vo\u0107arstvu, ovaj put sa &#8220;\u0160kolom cijepljenja&#8221;.<br><br>\u0160kola je namijenjena svima koji \u017eele znati kako na kvalitetan na\u010din obaviti cijepljenje masline. Polaznici \u0161kole mogu biti svi koji \u017eele obaviti kvalitetno cijepljenje masline.<br><br>Metoda cijepljenja \u201epod koru\u201c.<br><br>\u0160kola je besplatna.<br><br>Ovom prilikom se pozivaju svi zainteresirani uzgajiva\u010di masline, kao i hobisti, da se prijave te nakon zavr\u0161etka \u0161kole budu bogatiji za nova i pou\u010dna iskustva.<br><br>Zainteresirani polaznici koji \u017eele sudjelovati u ovoj \u0161koli mogu se prijaviti do 16. svibnja 2025. god. u Federalni agromediteranski zavod, Ul. Biskupa \u010cule br. 10 ili pak prijavu izvr\u0161iti telefonski na sljede\u0107e brojeve:<br><br>&#8211; 036\/335-064; 036\/335-060<br>&#8211; 036\/335-053<br><br>Radnim danom u vremenu od 8:00 do 16:00 sati.<br><br>Termin odr\u017eavanja bit \u0107e u razdoblju od 19.05. do 30.05.2025. godine, sukladno vremenskim prilikama.<br>To\u010dan datum odr\u017eavanja \u0161kole cijepljenja masline polaznici \u0107e biti obavije\u0161teni telefonskim putem.<\/p>\n\n\n\n<p><br><\/p>\n\n\n\n<p>FAZ Mostar<\/p>\n","protected":false},"excerpt":{"rendered":"<p>Federalni agromediteranski zavod Mostar i u mjesecu svibnju nastavlja sa svojim aktivnostima u vo\u0107arstvu, ovaj put sa &#8220;\u0160kolom cijepljenja&#8221;. \u0160kola je namijenjena svima koji \u017eele znati kako na kvalitetan na\u010din obaviti cijepljenje masline. Polaznici \u0161kole mogu biti svi koji \u017eele obaviti kvalitetno cijepljenje masline. Metoda cijepljenja \u201epod koru\u201c. \u0160kola je besplatna. Ovom prilikom se pozivaju [&hellip;]<\/p>\n","protected":false},"author":2,"featured_media":139528,"comment_status":"closed","ping_status":"closed","sticky":false,"template":"","format":"standard","meta":{"h5ap_radio_sources":[],"footnotes":""},"categories":[1,3],"tags":[],"class_list":["post-216373","post","type-post","status-publish","format-standard","has-post-thumbnail","hentry","category-bihiregija","category-ljubuski"],"yoast_head":"<!-- This site is optimized with the Yoast SEO plugin v27.5 - https:\/\/yoast.com\/product\/yoast-seo-wordpress\/ -->\n<title>NAJAVA: \u0160kola cijepljenja masline 2025. godine - RADIO LJUBU\u0160KI<\/title>\n<meta name=\"robots\" content=\"index, follow, max-snippet:-1, max-image-preview:large, max-video-preview:-1\" \/>\n<link rel=\"canonical\" href=\"https:\/\/radioljubuski.ba\/index.php\/2025\/04\/29\/najava-skola-cijepljenja-masline-2025-godine\/\" \/>\n<meta property=\"og:locale\" content=\"hr_HR\" \/>\n<meta property=\"og:type\" content=\"article\" \/>\n<meta property=\"og:title\" content=\"NAJAVA: \u0160kola cijepljenja masline 2025. godine - RADIO LJUBU\u0160KI\" \/>\n<meta property=\"og:description\" content=\"Federalni agromediteranski zavod Mostar i u mjesecu svibnju nastavlja sa svojim aktivnostima u vo\u0107arstvu, ovaj put sa &#8220;\u0160kolom cijepljenja&#8221;. \u0160kola je namijenjena svima koji \u017eele znati kako na kvalitetan na\u010din obaviti cijepljenje masline. Polaznici \u0161kole mogu biti svi koji \u017eele obaviti kvalitetno cijepljenje masline. Metoda cijepljenja \u201epod koru\u201c. \u0160kola je besplatna. Ovom prilikom se pozivaju [&hellip;]\" \/>\n<meta property=\"og:url\" content=\"https:\/\/radioljubuski.ba\/index.php\/2025\/04\/29\/najava-skola-cijepljenja-masline-2025-godine\/\" \/>\n<meta property=\"og:site_name\" content=\"RADIO LJUBU\u0160KI\" \/>\n<meta property=\"article:publisher\" content=\"https:\/\/www.facebook.com\/Radiio-Ljubuski-1490835324566332\" \/>\n<meta property=\"article:published_time\" content=\"2025-04-29T11:24:57+00:00\" \/>\n<meta property=\"article:modified_time\" content=\"2025-04-29T11:24:58+00:00\" \/>\n<meta property=\"og:image\" content=\"https:\/\/radioljubuski.ba\/wp-content\/uploads\/2022\/05\/JH6fBRtj_maslina.jpg\" \/>\n\t<meta property=\"og:image:width\" content=\"1000\" \/>\n\t<meta property=\"og:image:height\" content=\"625\" \/>\n\t<meta property=\"og:image:type\" content=\"image\/jpeg\" \/>\n<meta name=\"author\" content=\"Radio Ljubu\u0161ki\" \/>\n<meta name=\"twitter:card\" content=\"summary_large_image\" \/>\n<meta name=\"twitter:creator\" content=\"@radioljubuski\" \/>\n<meta name=\"twitter:site\" content=\"@radioljubuski\" \/>\n<meta name=\"twitter:label1\" content=\"Napisao\/la\" \/>\n\t<meta name=\"twitter:data1\" content=\"Radio Ljubu\u0161ki\" \/>\n\t<meta name=\"twitter:label2\" content=\"Procijenjeno vrijeme \u010ditanja\" \/>\n\t<meta name=\"twitter:data2\" content=\"2 minute\" \/>\n<script type=\"application\/ld+json\" class=\"yoast-schema-graph\">{\"@context\":\"https:\\\/\\\/schema.org\",\"@graph\":[{\"@type\":\"Article\",\"@id\":\"https:\\\/\\\/radioljubuski.ba\\\/index.php\\\/2025\\\/04\\\/29\\\/najava-skola-cijepljenja-masline-2025-godine\\\/#article\",\"isPartOf\":{\"@id\":\"https:\\\/\\\/radioljubuski.ba\\\/index.php\\\/2025\\\/04\\\/29\\\/najava-skola-cijepljenja-masline-2025-godine\\\/\"},\"author\":{\"name\":\"Radio Ljubu\u0161ki\",\"@id\":\"https:\\\/\\\/radioljubuski.ba\\\/#\\\/schema\\\/person\\\/19fc700381a780f69665d7956c469e3b\"},\"headline\":\"NAJAVA: \u0160kola cijepljenja masline 2025. godine\",\"datePublished\":\"2025-04-29T11:24:57+00:00\",\"dateModified\":\"2025-04-29T11:24:58+00:00\",\"mainEntityOfPage\":{\"@id\":\"https:\\\/\\\/radioljubuski.ba\\\/index.php\\\/2025\\\/04\\\/29\\\/najava-skola-cijepljenja-masline-2025-godine\\\/\"},\"wordCount\":160,\"publisher\":{\"@id\":\"https:\\\/\\\/radioljubuski.ba\\\/#organization\"},\"image\":{\"@id\":\"https:\\\/\\\/radioljubuski.ba\\\/index.php\\\/2025\\\/04\\\/29\\\/najava-skola-cijepljenja-masline-2025-godine\\\/#primaryimage\"},\"thumbnailUrl\":\"https:\\\/\\\/radioljubuski.ba\\\/wp-content\\\/uploads\\\/2022\\\/05\\\/JH6fBRtj_maslina.jpg\",\"articleSection\":[\"BIH i regija\",\"Ljubu\u0161ki\"],\"inLanguage\":\"hr\"},{\"@type\":\"WebPage\",\"@id\":\"https:\\\/\\\/radioljubuski.ba\\\/index.php\\\/2025\\\/04\\\/29\\\/najava-skola-cijepljenja-masline-2025-godine\\\/\",\"url\":\"https:\\\/\\\/radioljubuski.ba\\\/index.php\\\/2025\\\/04\\\/29\\\/najava-skola-cijepljenja-masline-2025-godine\\\/\",\"name\":\"NAJAVA: \u0160kola cijepljenja masline 2025. godine - RADIO LJUBU\u0160KI\",\"isPartOf\":{\"@id\":\"https:\\\/\\\/radioljubuski.ba\\\/#website\"},\"primaryImageOfPage\":{\"@id\":\"https:\\\/\\\/radioljubuski.ba\\\/index.php\\\/2025\\\/04\\\/29\\\/najava-skola-cijepljenja-masline-2025-godine\\\/#primaryimage\"},\"image\":{\"@id\":\"https:\\\/\\\/radioljubuski.ba\\\/index.php\\\/2025\\\/04\\\/29\\\/najava-skola-cijepljenja-masline-2025-godine\\\/#primaryimage\"},\"thumbnailUrl\":\"https:\\\/\\\/radioljubuski.ba\\\/wp-content\\\/uploads\\\/2022\\\/05\\\/JH6fBRtj_maslina.jpg\",\"datePublished\":\"2025-04-29T11:24:57+00:00\",\"dateModified\":\"2025-04-29T11:24:58+00:00\",\"breadcrumb\":{\"@id\":\"https:\\\/\\\/radioljubuski.ba\\\/index.php\\\/2025\\\/04\\\/29\\\/najava-skola-cijepljenja-masline-2025-godine\\\/#breadcrumb\"},\"inLanguage\":\"hr\",\"potentialAction\":[{\"@type\":\"ReadAction\",\"target\":[\"https:\\\/\\\/radioljubuski.ba\\\/index.php\\\/2025\\\/04\\\/29\\\/najava-skola-cijepljenja-masline-2025-godine\\\/\"]}]},{\"@type\":\"ImageObject\",\"inLanguage\":\"hr\",\"@id\":\"https:\\\/\\\/radioljubuski.ba\\\/index.php\\\/2025\\\/04\\\/29\\\/najava-skola-cijepljenja-masline-2025-godine\\\/#primaryimage\",\"url\":\"https:\\\/\\\/radioljubuski.ba\\\/wp-content\\\/uploads\\\/2022\\\/05\\\/JH6fBRtj_maslina.jpg\",\"contentUrl\":\"https:\\\/\\\/radioljubuski.ba\\\/wp-content\\\/uploads\\\/2022\\\/05\\\/JH6fBRtj_maslina.jpg\",\"width\":1000,\"height\":625},{\"@type\":\"BreadcrumbList\",\"@id\":\"https:\\\/\\\/radioljubuski.ba\\\/index.php\\\/2025\\\/04\\\/29\\\/najava-skola-cijepljenja-masline-2025-godine\\\/#breadcrumb\",\"itemListElement\":[{\"@type\":\"ListItem\",\"position\":1,\"name\":\"Po\u010detna stranica\",\"item\":\"https:\\\/\\\/radioljubuski.ba\\\/\"},{\"@type\":\"ListItem\",\"position\":2,\"name\":\"NAJAVA: \u0160kola cijepljenja masline 2025. godine\"}]},{\"@type\":\"WebSite\",\"@id\":\"https:\\\/\\\/radioljubuski.ba\\\/#website\",\"url\":\"https:\\\/\\\/radioljubuski.ba\\\/\",\"name\":\"Radio Ljubu\u0161ki\",\"description\":\"Sun\u010dana frekvencija Hercegovine\",\"publisher\":{\"@id\":\"https:\\\/\\\/radioljubuski.ba\\\/#organization\"},\"potentialAction\":[{\"@type\":\"SearchAction\",\"target\":{\"@type\":\"EntryPoint\",\"urlTemplate\":\"https:\\\/\\\/radioljubuski.ba\\\/?s={search_term_string}\"},\"query-input\":{\"@type\":\"PropertyValueSpecification\",\"valueRequired\":true,\"valueName\":\"search_term_string\"}}],\"inLanguage\":\"hr\"},{\"@type\":\"Organization\",\"@id\":\"https:\\\/\\\/radioljubuski.ba\\\/#organization\",\"name\":\"Radio Ljubu\u0161ki\",\"url\":\"https:\\\/\\\/radioljubuski.ba\\\/\",\"logo\":{\"@type\":\"ImageObject\",\"inLanguage\":\"hr\",\"@id\":\"https:\\\/\\\/radioljubuski.ba\\\/#\\\/schema\\\/logo\\\/image\\\/\",\"url\":\"https:\\\/\\\/radioljubuski.ba\\\/wp-content\\\/uploads\\\/2021\\\/02\\\/cropped-Radio_Ljubuski_logo1.jpg\",\"contentUrl\":\"https:\\\/\\\/radioljubuski.ba\\\/wp-content\\\/uploads\\\/2021\\\/02\\\/cropped-Radio_Ljubuski_logo1.jpg\",\"width\":512,\"height\":512,\"caption\":\"Radio Ljubu\u0161ki\"},\"image\":{\"@id\":\"https:\\\/\\\/radioljubuski.ba\\\/#\\\/schema\\\/logo\\\/image\\\/\"},\"sameAs\":[\"https:\\\/\\\/www.facebook.com\\\/Radiio-Ljubuski-1490835324566332\",\"https:\\\/\\\/x.com\\\/radioljubuski\",\"https:\\\/\\\/hr.linkedin.com\\\/company\\\/radio-ljubuski\",\"https:\\\/\\\/www.youtube.com\\\/channel\\\/UCHYaeO_n0Db3tjNGudGpXyw\"]},{\"@type\":\"Person\",\"@id\":\"https:\\\/\\\/radioljubuski.ba\\\/#\\\/schema\\\/person\\\/19fc700381a780f69665d7956c469e3b\",\"name\":\"Radio Ljubu\u0161ki\"}]}<\/script>\n<!-- \/ Yoast SEO plugin. -->","yoast_head_json":{"title":"NAJAVA: \u0160kola cijepljenja masline 2025. godine - RADIO LJUBU\u0160KI","robots":{"index":"index","follow":"follow","max-snippet":"max-snippet:-1","max-image-preview":"max-image-preview:large","max-video-preview":"max-video-preview:-1"},"canonical":"https:\/\/radioljubuski.ba\/index.php\/2025\/04\/29\/najava-skola-cijepljenja-masline-2025-godine\/","og_locale":"hr_HR","og_type":"article","og_title":"NAJAVA: \u0160kola cijepljenja masline 2025. godine - RADIO LJUBU\u0160KI","og_description":"Federalni agromediteranski zavod Mostar i u mjesecu svibnju nastavlja sa svojim aktivnostima u vo\u0107arstvu, ovaj put sa &#8220;\u0160kolom cijepljenja&#8221;. \u0160kola je namijenjena svima koji \u017eele znati kako na kvalitetan na\u010din obaviti cijepljenje masline. Polaznici \u0161kole mogu biti svi koji \u017eele obaviti kvalitetno cijepljenje masline. Metoda cijepljenja \u201epod koru\u201c. \u0160kola je besplatna. Ovom prilikom se pozivaju [&hellip;]","og_url":"https:\/\/radioljubuski.ba\/index.php\/2025\/04\/29\/najava-skola-cijepljenja-masline-2025-godine\/","og_site_name":"RADIO LJUBU\u0160KI","article_publisher":"https:\/\/www.facebook.com\/Radiio-Ljubuski-1490835324566332","article_published_time":"2025-04-29T11:24:57+00:00","article_modified_time":"2025-04-29T11:24:58+00:00","og_image":[{"width":1000,"height":625,"url":"https:\/\/radioljubuski.ba\/wp-content\/uploads\/2022\/05\/JH6fBRtj_maslina.jpg","type":"image\/jpeg"}],"author":"Radio Ljubu\u0161ki","twitter_card":"summary_large_image","twitter_creator":"@radioljubuski","twitter_site":"@radioljubuski","twitter_misc":{"Napisao\/la":"Radio Ljubu\u0161ki","Procijenjeno vrijeme \u010ditanja":"2 minute"},"schema":{"@context":"https:\/\/schema.org","@graph":[{"@type":"Article","@id":"https:\/\/radioljubuski.ba\/index.php\/2025\/04\/29\/najava-skola-cijepljenja-masline-2025-godine\/#article","isPartOf":{"@id":"https:\/\/radioljubuski.ba\/index.php\/2025\/04\/29\/najava-skola-cijepljenja-masline-2025-godine\/"},"author":{"name":"Radio Ljubu\u0161ki","@id":"https:\/\/radioljubuski.ba\/#\/schema\/person\/19fc700381a780f69665d7956c469e3b"},"headline":"NAJAVA: \u0160kola cijepljenja masline 2025. godine","datePublished":"2025-04-29T11:24:57+00:00","dateModified":"2025-04-29T11:24:58+00:00","mainEntityOfPage":{"@id":"https:\/\/radioljubuski.ba\/index.php\/2025\/04\/29\/najava-skola-cijepljenja-masline-2025-godine\/"},"wordCount":160,"publisher":{"@id":"https:\/\/radioljubuski.ba\/#organization"},"image":{"@id":"https:\/\/radioljubuski.ba\/index.php\/2025\/04\/29\/najava-skola-cijepljenja-masline-2025-godine\/#primaryimage"},"thumbnailUrl":"https:\/\/radioljubuski.ba\/wp-content\/uploads\/2022\/05\/JH6fBRtj_maslina.jpg","articleSection":["BIH i regija","Ljubu\u0161ki"],"inLanguage":"hr"},{"@type":"WebPage","@id":"https:\/\/radioljubuski.ba\/index.php\/2025\/04\/29\/najava-skola-cijepljenja-masline-2025-godine\/","url":"https:\/\/radioljubuski.ba\/index.php\/2025\/04\/29\/najava-skola-cijepljenja-masline-2025-godine\/","name":"NAJAVA: \u0160kola cijepljenja masline 2025. godine - RADIO LJUBU\u0160KI","isPartOf":{"@id":"https:\/\/radioljubuski.ba\/#website"},"primaryImageOfPage":{"@id":"https:\/\/radioljubuski.ba\/index.php\/2025\/04\/29\/najava-skola-cijepljenja-masline-2025-godine\/#primaryimage"},"image":{"@id":"https:\/\/radioljubuski.ba\/index.php\/2025\/04\/29\/najava-skola-cijepljenja-masline-2025-godine\/#primaryimage"},"thumbnailUrl":"https:\/\/radioljubuski.ba\/wp-content\/uploads\/2022\/05\/JH6fBRtj_maslina.jpg","datePublished":"2025-04-29T11:24:57+00:00","dateModified":"2025-04-29T11:24:58+00:00","breadcrumb":{"@id":"https:\/\/radioljubuski.ba\/index.php\/2025\/04\/29\/najava-skola-cijepljenja-masline-2025-godine\/#breadcrumb"},"inLanguage":"hr","potentialAction":[{"@type":"ReadAction","target":["https:\/\/radioljubuski.ba\/index.php\/2025\/04\/29\/najava-skola-cijepljenja-masline-2025-godine\/"]}]},{"@type":"ImageObject","inLanguage":"hr","@id":"https:\/\/radioljubuski.ba\/index.php\/2025\/04\/29\/najava-skola-cijepljenja-masline-2025-godine\/#primaryimage","url":"https:\/\/radioljubuski.ba\/wp-content\/uploads\/2022\/05\/JH6fBRtj_maslina.jpg","contentUrl":"https:\/\/radioljubuski.ba\/wp-content\/uploads\/2022\/05\/JH6fBRtj_maslina.jpg","width":1000,"height":625},{"@type":"BreadcrumbList","@id":"https:\/\/radioljubuski.ba\/index.php\/2025\/04\/29\/najava-skola-cijepljenja-masline-2025-godine\/#breadcrumb","itemListElement":[{"@type":"ListItem","position":1,"name":"Po\u010detna stranica","item":"https:\/\/radioljubuski.ba\/"},{"@type":"ListItem","position":2,"name":"NAJAVA: \u0160kola cijepljenja masline 2025. godine"}]},{"@type":"WebSite","@id":"https:\/\/radioljubuski.ba\/#website","url":"https:\/\/radioljubuski.ba\/","name":"Radio Ljubu\u0161ki","description":"Sun\u010dana frekvencija Hercegovine","publisher":{"@id":"https:\/\/radioljubuski.ba\/#organization"},"potentialAction":[{"@type":"SearchAction","target":{"@type":"EntryPoint","urlTemplate":"https:\/\/radioljubuski.ba\/?s={search_term_string}"},"query-input":{"@type":"PropertyValueSpecification","valueRequired":true,"valueName":"search_term_string"}}],"inLanguage":"hr"},{"@type":"Organization","@id":"https:\/\/radioljubuski.ba\/#organization","name":"Radio Ljubu\u0161ki","url":"https:\/\/radioljubuski.ba\/","logo":{"@type":"ImageObject","inLanguage":"hr","@id":"https:\/\/radioljubuski.ba\/#\/schema\/logo\/image\/","url":"https:\/\/radioljubuski.ba\/wp-content\/uploads\/2021\/02\/cropped-Radio_Ljubuski_logo1.jpg","contentUrl":"https:\/\/radioljubuski.ba\/wp-content\/uploads\/2021\/02\/cropped-Radio_Ljubuski_logo1.jpg","width":512,"height":512,"caption":"Radio Ljubu\u0161ki"},"image":{"@id":"https:\/\/radioljubuski.ba\/#\/schema\/logo\/image\/"},"sameAs":["https:\/\/www.facebook.com\/Radiio-Ljubuski-1490835324566332","https:\/\/x.com\/radioljubuski","https:\/\/hr.linkedin.com\/company\/radio-ljubuski","https:\/\/www.youtube.com\/channel\/UCHYaeO_n0Db3tjNGudGpXyw"]},{"@type":"Person","@id":"https:\/\/radioljubuski.ba\/#\/schema\/person\/19fc700381a780f69665d7956c469e3b","name":"Radio Ljubu\u0161ki"}]}},"_links":{"self":[{"href":"https:\/\/radioljubuski.ba\/index.php\/wp-json\/wp\/v2\/posts\/216373","targetHints":{"allow":["GET"]}}],"collection":[{"href":"https:\/\/radioljubuski.ba\/index.php\/wp-json\/wp\/v2\/posts"}],"about":[{"href":"https:\/\/radioljubuski.ba\/index.php\/wp-json\/wp\/v2\/types\/post"}],"author":[{"embeddable":true,"href":"https:\/\/radioljubuski.ba\/index.php\/wp-json\/wp\/v2\/users\/2"}],"replies":[{"embeddable":true,"href":"https:\/\/radioljubuski.ba\/index.php\/wp-json\/wp\/v2\/comments?post=216373"}],"version-history":[{"count":1,"href":"https:\/\/radioljubuski.ba\/index.php\/wp-json\/wp\/v2\/posts\/216373\/revisions"}],"predecessor-version":[{"id":216375,"href":"https:\/\/radioljubuski.ba\/index.php\/wp-json\/wp\/v2\/posts\/216373\/revisions\/216375"}],"wp:featuredmedia":[{"embeddable":true,"href":"https:\/\/radioljubuski.ba\/index.php\/wp-json\/wp\/v2\/media\/139528"}],"wp:attachment":[{"href":"https:\/\/radioljubuski.ba\/index.php\/wp-json\/wp\/v2\/media?parent=216373"}],"wp:term":[{"taxonomy":"category","embeddable":true,"href":"https:\/\/radioljubuski.ba\/index.php\/wp-json\/wp\/v2\/categories?post=216373"},{"taxonomy":"post_tag","embeddable":true,"href":"https:\/\/radioljubuski.ba\/index.php\/wp-json\/wp\/v2\/tags?post=216373"}],"curies":[{"name":"wp","href":"https:\/\/api.w.org\/{rel}","templated":true}]}}