{"id":216626,"date":"2025-05-09T11:10:24","date_gmt":"2025-05-09T10:10:24","guid":{"rendered":"https:\/\/radioljubuski.ba\/?p=216626"},"modified":"2025-05-09T11:10:25","modified_gmt":"2025-05-09T10:10:25","slug":"davanje-na-uvid-javnosti-elaborata-utvrdivanja-granica-vodnog-dobra-na-vodotocima-ii-kategorije-grad-ljubuski-vodotok-lukoc","status":"publish","type":"post","link":"https:\/\/radioljubuski.ba\/index.php\/2025\/05\/09\/davanje-na-uvid-javnosti-elaborata-utvrdivanja-granica-vodnog-dobra-na-vodotocima-ii-kategorije-grad-ljubuski-vodotok-lukoc\/","title":{"rendered":"Davanje na uvid javnosti Elaborata utvr\u0111ivanja granica vodnog dobra na vodotocima II. kategorije \u2013 Grad Ljubu\u0161ki, vodotok Luko\u010d"},"content":{"rendered":"\n<p><a href=\"https:\/\/ljubuski.ba\/wp-content\/uploads\/Parcele_vd_Lukoc-1.xlsx\">Parcele_vd_Luko\u010d<\/a><\/p>\n\n\n\n<p><a href=\"https:\/\/ljubuski.ba\/wp-content\/uploads\/Popis-koordinata_vd-1.doc\">Popis koordinata_vd<\/a><\/p>\n\n\n\n<p><a href=\"https:\/\/drive.google.com\/file\/d\/1QgR678dEtmUmnQgoApr33V0VytZtL-uC\/view?usp=drive_link\" target=\"_blank\" rel=\"noreferrer noopener\">Elaborat VD Luko\u010d \u2013ko Miletina Ljubu\u0161ki<\/a><\/p>\n","protected":false},"excerpt":{"rendered":"<p>Parcele_vd_Luko\u010d Popis koordinata_vd Elaborat VD Luko\u010d \u2013ko Miletina Ljubu\u0161ki<\/p>\n","protected":false},"author":2,"featured_media":189394,"comment_status":"closed","ping_status":"closed","sticky":false,"template":"","format":"standard","meta":{"h5ap_radio_sources":[],"footnotes":""},"categories":[29],"tags":[],"class_list":["post-216626","post","type-post","status-publish","format-standard","has-post-thumbnail","hentry","category-gradska-uprava"],"yoast_head":"<!-- This site is optimized with the Yoast SEO plugin v27.5 - https:\/\/yoast.com\/product\/yoast-seo-wordpress\/ -->\n<title>Davanje na uvid javnosti Elaborata utvr\u0111ivanja granica vodnog dobra na vodotocima II. kategorije \u2013 Grad Ljubu\u0161ki, vodotok Luko\u010d - RADIO LJUBU\u0160KI<\/title>\n<meta name=\"robots\" content=\"index, follow, max-snippet:-1, max-image-preview:large, max-video-preview:-1\" \/>\n<link rel=\"canonical\" href=\"https:\/\/radioljubuski.ba\/index.php\/2025\/05\/09\/davanje-na-uvid-javnosti-elaborata-utvrdivanja-granica-vodnog-dobra-na-vodotocima-ii-kategorije-grad-ljubuski-vodotok-lukoc\/\" \/>\n<meta property=\"og:locale\" content=\"hr_HR\" \/>\n<meta property=\"og:type\" content=\"article\" \/>\n<meta property=\"og:title\" content=\"Davanje na uvid javnosti Elaborata utvr\u0111ivanja granica vodnog dobra na vodotocima II. kategorije \u2013 Grad Ljubu\u0161ki, vodotok Luko\u010d - RADIO LJUBU\u0160KI\" \/>\n<meta property=\"og:description\" content=\"Parcele_vd_Luko\u010d Popis koordinata_vd Elaborat VD Luko\u010d \u2013ko Miletina Ljubu\u0161ki\" \/>\n<meta property=\"og:url\" content=\"https:\/\/radioljubuski.ba\/index.php\/2025\/05\/09\/davanje-na-uvid-javnosti-elaborata-utvrdivanja-granica-vodnog-dobra-na-vodotocima-ii-kategorije-grad-ljubuski-vodotok-lukoc\/\" \/>\n<meta property=\"og:site_name\" content=\"RADIO LJUBU\u0160KI\" \/>\n<meta property=\"article:publisher\" content=\"https:\/\/www.facebook.com\/Radiio-Ljubuski-1490835324566332\" \/>\n<meta property=\"article:published_time\" content=\"2025-05-09T10:10:24+00:00\" \/>\n<meta property=\"article:modified_time\" content=\"2025-05-09T10:10:25+00:00\" \/>\n<meta property=\"og:image\" content=\"https:\/\/radioljubuski.ba\/wp-content\/uploads\/2023\/03\/grad-ljubuski.jpg\" \/>\n\t<meta property=\"og:image:width\" content=\"1024\" \/>\n\t<meta property=\"og:image:height\" content=\"538\" \/>\n\t<meta property=\"og:image:type\" content=\"image\/jpeg\" \/>\n<meta name=\"author\" content=\"Radio Ljubu\u0161ki\" \/>\n<meta name=\"twitter:card\" content=\"summary_large_image\" \/>\n<meta name=\"twitter:creator\" content=\"@radioljubuski\" \/>\n<meta name=\"twitter:site\" content=\"@radioljubuski\" \/>\n<meta name=\"twitter:label1\" content=\"Napisao\/la\" \/>\n\t<meta name=\"twitter:data1\" content=\"Radio Ljubu\u0161ki\" \/>\n\t<meta name=\"twitter:label2\" content=\"Procijenjeno vrijeme \u010ditanja\" \/>\n\t<meta name=\"twitter:data2\" content=\"1 minuta\" \/>\n<script type=\"application\/ld+json\" class=\"yoast-schema-graph\">{\"@context\":\"https:\\\/\\\/schema.org\",\"@graph\":[{\"@type\":\"Article\",\"@id\":\"https:\\\/\\\/radioljubuski.ba\\\/index.php\\\/2025\\\/05\\\/09\\\/davanje-na-uvid-javnosti-elaborata-utvrdivanja-granica-vodnog-dobra-na-vodotocima-ii-kategorije-grad-ljubuski-vodotok-lukoc\\\/#article\",\"isPartOf\":{\"@id\":\"https:\\\/\\\/radioljubuski.ba\\\/index.php\\\/2025\\\/05\\\/09\\\/davanje-na-uvid-javnosti-elaborata-utvrdivanja-granica-vodnog-dobra-na-vodotocima-ii-kategorije-grad-ljubuski-vodotok-lukoc\\\/\"},\"author\":{\"name\":\"Radio Ljubu\u0161ki\",\"@id\":\"https:\\\/\\\/radioljubuski.ba\\\/#\\\/schema\\\/person\\\/19fc700381a780f69665d7956c469e3b\"},\"headline\":\"Davanje na uvid javnosti Elaborata utvr\u0111ivanja granica vodnog dobra na vodotocima II. kategorije \u2013 Grad Ljubu\u0161ki, vodotok Luko\u010d\",\"datePublished\":\"2025-05-09T10:10:24+00:00\",\"dateModified\":\"2025-05-09T10:10:25+00:00\",\"mainEntityOfPage\":{\"@id\":\"https:\\\/\\\/radioljubuski.ba\\\/index.php\\\/2025\\\/05\\\/09\\\/davanje-na-uvid-javnosti-elaborata-utvrdivanja-granica-vodnog-dobra-na-vodotocima-ii-kategorije-grad-ljubuski-vodotok-lukoc\\\/\"},\"wordCount\":32,\"publisher\":{\"@id\":\"https:\\\/\\\/radioljubuski.ba\\\/#organization\"},\"image\":{\"@id\":\"https:\\\/\\\/radioljubuski.ba\\\/index.php\\\/2025\\\/05\\\/09\\\/davanje-na-uvid-javnosti-elaborata-utvrdivanja-granica-vodnog-dobra-na-vodotocima-ii-kategorije-grad-ljubuski-vodotok-lukoc\\\/#primaryimage\"},\"thumbnailUrl\":\"https:\\\/\\\/radioljubuski.ba\\\/wp-content\\\/uploads\\\/2023\\\/03\\\/grad-ljubuski.jpg\",\"articleSection\":[\"Gradska Uprava\"],\"inLanguage\":\"hr\"},{\"@type\":\"WebPage\",\"@id\":\"https:\\\/\\\/radioljubuski.ba\\\/index.php\\\/2025\\\/05\\\/09\\\/davanje-na-uvid-javnosti-elaborata-utvrdivanja-granica-vodnog-dobra-na-vodotocima-ii-kategorije-grad-ljubuski-vodotok-lukoc\\\/\",\"url\":\"https:\\\/\\\/radioljubuski.ba\\\/index.php\\\/2025\\\/05\\\/09\\\/davanje-na-uvid-javnosti-elaborata-utvrdivanja-granica-vodnog-dobra-na-vodotocima-ii-kategorije-grad-ljubuski-vodotok-lukoc\\\/\",\"name\":\"Davanje na uvid javnosti Elaborata utvr\u0111ivanja granica vodnog dobra na vodotocima II. kategorije \u2013 Grad Ljubu\u0161ki, vodotok Luko\u010d - RADIO LJUBU\u0160KI\",\"isPartOf\":{\"@id\":\"https:\\\/\\\/radioljubuski.ba\\\/#website\"},\"primaryImageOfPage\":{\"@id\":\"https:\\\/\\\/radioljubuski.ba\\\/index.php\\\/2025\\\/05\\\/09\\\/davanje-na-uvid-javnosti-elaborata-utvrdivanja-granica-vodnog-dobra-na-vodotocima-ii-kategorije-grad-ljubuski-vodotok-lukoc\\\/#primaryimage\"},\"image\":{\"@id\":\"https:\\\/\\\/radioljubuski.ba\\\/index.php\\\/2025\\\/05\\\/09\\\/davanje-na-uvid-javnosti-elaborata-utvrdivanja-granica-vodnog-dobra-na-vodotocima-ii-kategorije-grad-ljubuski-vodotok-lukoc\\\/#primaryimage\"},\"thumbnailUrl\":\"https:\\\/\\\/radioljubuski.ba\\\/wp-content\\\/uploads\\\/2023\\\/03\\\/grad-ljubuski.jpg\",\"datePublished\":\"2025-05-09T10:10:24+00:00\",\"dateModified\":\"2025-05-09T10:10:25+00:00\",\"breadcrumb\":{\"@id\":\"https:\\\/\\\/radioljubuski.ba\\\/index.php\\\/2025\\\/05\\\/09\\\/davanje-na-uvid-javnosti-elaborata-utvrdivanja-granica-vodnog-dobra-na-vodotocima-ii-kategorije-grad-ljubuski-vodotok-lukoc\\\/#breadcrumb\"},\"inLanguage\":\"hr\",\"potentialAction\":[{\"@type\":\"ReadAction\",\"target\":[\"https:\\\/\\\/radioljubuski.ba\\\/index.php\\\/2025\\\/05\\\/09\\\/davanje-na-uvid-javnosti-elaborata-utvrdivanja-granica-vodnog-dobra-na-vodotocima-ii-kategorije-grad-ljubuski-vodotok-lukoc\\\/\"]}]},{\"@type\":\"ImageObject\",\"inLanguage\":\"hr\",\"@id\":\"https:\\\/\\\/radioljubuski.ba\\\/index.php\\\/2025\\\/05\\\/09\\\/davanje-na-uvid-javnosti-elaborata-utvrdivanja-granica-vodnog-dobra-na-vodotocima-ii-kategorije-grad-ljubuski-vodotok-lukoc\\\/#primaryimage\",\"url\":\"https:\\\/\\\/radioljubuski.ba\\\/wp-content\\\/uploads\\\/2023\\\/03\\\/grad-ljubuski.jpg\",\"contentUrl\":\"https:\\\/\\\/radioljubuski.ba\\\/wp-content\\\/uploads\\\/2023\\\/03\\\/grad-ljubuski.jpg\",\"width\":1024,\"height\":538},{\"@type\":\"BreadcrumbList\",\"@id\":\"https:\\\/\\\/radioljubuski.ba\\\/index.php\\\/2025\\\/05\\\/09\\\/davanje-na-uvid-javnosti-elaborata-utvrdivanja-granica-vodnog-dobra-na-vodotocima-ii-kategorije-grad-ljubuski-vodotok-lukoc\\\/#breadcrumb\",\"itemListElement\":[{\"@type\":\"ListItem\",\"position\":1,\"name\":\"Po\u010detna stranica\",\"item\":\"https:\\\/\\\/radioljubuski.ba\\\/\"},{\"@type\":\"ListItem\",\"position\":2,\"name\":\"Davanje na uvid javnosti Elaborata utvr\u0111ivanja granica vodnog dobra na vodotocima II. kategorije \u2013 Grad Ljubu\u0161ki, vodotok Luko\u010d\"}]},{\"@type\":\"WebSite\",\"@id\":\"https:\\\/\\\/radioljubuski.ba\\\/#website\",\"url\":\"https:\\\/\\\/radioljubuski.ba\\\/\",\"name\":\"Radio Ljubu\u0161ki\",\"description\":\"Sun\u010dana frekvencija Hercegovine\",\"publisher\":{\"@id\":\"https:\\\/\\\/radioljubuski.ba\\\/#organization\"},\"potentialAction\":[{\"@type\":\"SearchAction\",\"target\":{\"@type\":\"EntryPoint\",\"urlTemplate\":\"https:\\\/\\\/radioljubuski.ba\\\/?s={search_term_string}\"},\"query-input\":{\"@type\":\"PropertyValueSpecification\",\"valueRequired\":true,\"valueName\":\"search_term_string\"}}],\"inLanguage\":\"hr\"},{\"@type\":\"Organization\",\"@id\":\"https:\\\/\\\/radioljubuski.ba\\\/#organization\",\"name\":\"Radio Ljubu\u0161ki\",\"url\":\"https:\\\/\\\/radioljubuski.ba\\\/\",\"logo\":{\"@type\":\"ImageObject\",\"inLanguage\":\"hr\",\"@id\":\"https:\\\/\\\/radioljubuski.ba\\\/#\\\/schema\\\/logo\\\/image\\\/\",\"url\":\"https:\\\/\\\/radioljubuski.ba\\\/wp-content\\\/uploads\\\/2021\\\/02\\\/cropped-Radio_Ljubuski_logo1.jpg\",\"contentUrl\":\"https:\\\/\\\/radioljubuski.ba\\\/wp-content\\\/uploads\\\/2021\\\/02\\\/cropped-Radio_Ljubuski_logo1.jpg\",\"width\":512,\"height\":512,\"caption\":\"Radio Ljubu\u0161ki\"},\"image\":{\"@id\":\"https:\\\/\\\/radioljubuski.ba\\\/#\\\/schema\\\/logo\\\/image\\\/\"},\"sameAs\":[\"https:\\\/\\\/www.facebook.com\\\/Radiio-Ljubuski-1490835324566332\",\"https:\\\/\\\/x.com\\\/radioljubuski\",\"https:\\\/\\\/hr.linkedin.com\\\/company\\\/radio-ljubuski\",\"https:\\\/\\\/www.youtube.com\\\/channel\\\/UCHYaeO_n0Db3tjNGudGpXyw\"]},{\"@type\":\"Person\",\"@id\":\"https:\\\/\\\/radioljubuski.ba\\\/#\\\/schema\\\/person\\\/19fc700381a780f69665d7956c469e3b\",\"name\":\"Radio Ljubu\u0161ki\"}]}<\/script>\n<!-- \/ Yoast SEO plugin. -->","yoast_head_json":{"title":"Davanje na uvid javnosti Elaborata utvr\u0111ivanja granica vodnog dobra na vodotocima II. kategorije \u2013 Grad Ljubu\u0161ki, vodotok Luko\u010d - RADIO LJUBU\u0160KI","robots":{"index":"index","follow":"follow","max-snippet":"max-snippet:-1","max-image-preview":"max-image-preview:large","max-video-preview":"max-video-preview:-1"},"canonical":"https:\/\/radioljubuski.ba\/index.php\/2025\/05\/09\/davanje-na-uvid-javnosti-elaborata-utvrdivanja-granica-vodnog-dobra-na-vodotocima-ii-kategorije-grad-ljubuski-vodotok-lukoc\/","og_locale":"hr_HR","og_type":"article","og_title":"Davanje na uvid javnosti Elaborata utvr\u0111ivanja granica vodnog dobra na vodotocima II. kategorije \u2013 Grad Ljubu\u0161ki, vodotok Luko\u010d - RADIO LJUBU\u0160KI","og_description":"Parcele_vd_Luko\u010d Popis koordinata_vd Elaborat VD Luko\u010d \u2013ko Miletina Ljubu\u0161ki","og_url":"https:\/\/radioljubuski.ba\/index.php\/2025\/05\/09\/davanje-na-uvid-javnosti-elaborata-utvrdivanja-granica-vodnog-dobra-na-vodotocima-ii-kategorije-grad-ljubuski-vodotok-lukoc\/","og_site_name":"RADIO LJUBU\u0160KI","article_publisher":"https:\/\/www.facebook.com\/Radiio-Ljubuski-1490835324566332","article_published_time":"2025-05-09T10:10:24+00:00","article_modified_time":"2025-05-09T10:10:25+00:00","og_image":[{"width":1024,"height":538,"url":"https:\/\/radioljubuski.ba\/wp-content\/uploads\/2023\/03\/grad-ljubuski.jpg","type":"image\/jpeg"}],"author":"Radio Ljubu\u0161ki","twitter_card":"summary_large_image","twitter_creator":"@radioljubuski","twitter_site":"@radioljubuski","twitter_misc":{"Napisao\/la":"Radio Ljubu\u0161ki","Procijenjeno vrijeme \u010ditanja":"1 minuta"},"schema":{"@context":"https:\/\/schema.org","@graph":[{"@type":"Article","@id":"https:\/\/radioljubuski.ba\/index.php\/2025\/05\/09\/davanje-na-uvid-javnosti-elaborata-utvrdivanja-granica-vodnog-dobra-na-vodotocima-ii-kategorije-grad-ljubuski-vodotok-lukoc\/#article","isPartOf":{"@id":"https:\/\/radioljubuski.ba\/index.php\/2025\/05\/09\/davanje-na-uvid-javnosti-elaborata-utvrdivanja-granica-vodnog-dobra-na-vodotocima-ii-kategorije-grad-ljubuski-vodotok-lukoc\/"},"author":{"name":"Radio Ljubu\u0161ki","@id":"https:\/\/radioljubuski.ba\/#\/schema\/person\/19fc700381a780f69665d7956c469e3b"},"headline":"Davanje na uvid javnosti Elaborata utvr\u0111ivanja granica vodnog dobra na vodotocima II. kategorije \u2013 Grad Ljubu\u0161ki, vodotok Luko\u010d","datePublished":"2025-05-09T10:10:24+00:00","dateModified":"2025-05-09T10:10:25+00:00","mainEntityOfPage":{"@id":"https:\/\/radioljubuski.ba\/index.php\/2025\/05\/09\/davanje-na-uvid-javnosti-elaborata-utvrdivanja-granica-vodnog-dobra-na-vodotocima-ii-kategorije-grad-ljubuski-vodotok-lukoc\/"},"wordCount":32,"publisher":{"@id":"https:\/\/radioljubuski.ba\/#organization"},"image":{"@id":"https:\/\/radioljubuski.ba\/index.php\/2025\/05\/09\/davanje-na-uvid-javnosti-elaborata-utvrdivanja-granica-vodnog-dobra-na-vodotocima-ii-kategorije-grad-ljubuski-vodotok-lukoc\/#primaryimage"},"thumbnailUrl":"https:\/\/radioljubuski.ba\/wp-content\/uploads\/2023\/03\/grad-ljubuski.jpg","articleSection":["Gradska Uprava"],"inLanguage":"hr"},{"@type":"WebPage","@id":"https:\/\/radioljubuski.ba\/index.php\/2025\/05\/09\/davanje-na-uvid-javnosti-elaborata-utvrdivanja-granica-vodnog-dobra-na-vodotocima-ii-kategorije-grad-ljubuski-vodotok-lukoc\/","url":"https:\/\/radioljubuski.ba\/index.php\/2025\/05\/09\/davanje-na-uvid-javnosti-elaborata-utvrdivanja-granica-vodnog-dobra-na-vodotocima-ii-kategorije-grad-ljubuski-vodotok-lukoc\/","name":"Davanje na uvid javnosti Elaborata utvr\u0111ivanja granica vodnog dobra na vodotocima II. kategorije \u2013 Grad Ljubu\u0161ki, vodotok Luko\u010d - RADIO LJUBU\u0160KI","isPartOf":{"@id":"https:\/\/radioljubuski.ba\/#website"},"primaryImageOfPage":{"@id":"https:\/\/radioljubuski.ba\/index.php\/2025\/05\/09\/davanje-na-uvid-javnosti-elaborata-utvrdivanja-granica-vodnog-dobra-na-vodotocima-ii-kategorije-grad-ljubuski-vodotok-lukoc\/#primaryimage"},"image":{"@id":"https:\/\/radioljubuski.ba\/index.php\/2025\/05\/09\/davanje-na-uvid-javnosti-elaborata-utvrdivanja-granica-vodnog-dobra-na-vodotocima-ii-kategorije-grad-ljubuski-vodotok-lukoc\/#primaryimage"},"thumbnailUrl":"https:\/\/radioljubuski.ba\/wp-content\/uploads\/2023\/03\/grad-ljubuski.jpg","datePublished":"2025-05-09T10:10:24+00:00","dateModified":"2025-05-09T10:10:25+00:00","breadcrumb":{"@id":"https:\/\/radioljubuski.ba\/index.php\/2025\/05\/09\/davanje-na-uvid-javnosti-elaborata-utvrdivanja-granica-vodnog-dobra-na-vodotocima-ii-kategorije-grad-ljubuski-vodotok-lukoc\/#breadcrumb"},"inLanguage":"hr","potentialAction":[{"@type":"ReadAction","target":["https:\/\/radioljubuski.ba\/index.php\/2025\/05\/09\/davanje-na-uvid-javnosti-elaborata-utvrdivanja-granica-vodnog-dobra-na-vodotocima-ii-kategorije-grad-ljubuski-vodotok-lukoc\/"]}]},{"@type":"ImageObject","inLanguage":"hr","@id":"https:\/\/radioljubuski.ba\/index.php\/2025\/05\/09\/davanje-na-uvid-javnosti-elaborata-utvrdivanja-granica-vodnog-dobra-na-vodotocima-ii-kategorije-grad-ljubuski-vodotok-lukoc\/#primaryimage","url":"https:\/\/radioljubuski.ba\/wp-content\/uploads\/2023\/03\/grad-ljubuski.jpg","contentUrl":"https:\/\/radioljubuski.ba\/wp-content\/uploads\/2023\/03\/grad-ljubuski.jpg","width":1024,"height":538},{"@type":"BreadcrumbList","@id":"https:\/\/radioljubuski.ba\/index.php\/2025\/05\/09\/davanje-na-uvid-javnosti-elaborata-utvrdivanja-granica-vodnog-dobra-na-vodotocima-ii-kategorije-grad-ljubuski-vodotok-lukoc\/#breadcrumb","itemListElement":[{"@type":"ListItem","position":1,"name":"Po\u010detna stranica","item":"https:\/\/radioljubuski.ba\/"},{"@type":"ListItem","position":2,"name":"Davanje na uvid javnosti Elaborata utvr\u0111ivanja granica vodnog dobra na vodotocima II. kategorije \u2013 Grad Ljubu\u0161ki, vodotok Luko\u010d"}]},{"@type":"WebSite","@id":"https:\/\/radioljubuski.ba\/#website","url":"https:\/\/radioljubuski.ba\/","name":"Radio Ljubu\u0161ki","description":"Sun\u010dana frekvencija Hercegovine","publisher":{"@id":"https:\/\/radioljubuski.ba\/#organization"},"potentialAction":[{"@type":"SearchAction","target":{"@type":"EntryPoint","urlTemplate":"https:\/\/radioljubuski.ba\/?s={search_term_string}"},"query-input":{"@type":"PropertyValueSpecification","valueRequired":true,"valueName":"search_term_string"}}],"inLanguage":"hr"},{"@type":"Organization","@id":"https:\/\/radioljubuski.ba\/#organization","name":"Radio Ljubu\u0161ki","url":"https:\/\/radioljubuski.ba\/","logo":{"@type":"ImageObject","inLanguage":"hr","@id":"https:\/\/radioljubuski.ba\/#\/schema\/logo\/image\/","url":"https:\/\/radioljubuski.ba\/wp-content\/uploads\/2021\/02\/cropped-Radio_Ljubuski_logo1.jpg","contentUrl":"https:\/\/radioljubuski.ba\/wp-content\/uploads\/2021\/02\/cropped-Radio_Ljubuski_logo1.jpg","width":512,"height":512,"caption":"Radio Ljubu\u0161ki"},"image":{"@id":"https:\/\/radioljubuski.ba\/#\/schema\/logo\/image\/"},"sameAs":["https:\/\/www.facebook.com\/Radiio-Ljubuski-1490835324566332","https:\/\/x.com\/radioljubuski","https:\/\/hr.linkedin.com\/company\/radio-ljubuski","https:\/\/www.youtube.com\/channel\/UCHYaeO_n0Db3tjNGudGpXyw"]},{"@type":"Person","@id":"https:\/\/radioljubuski.ba\/#\/schema\/person\/19fc700381a780f69665d7956c469e3b","name":"Radio Ljubu\u0161ki"}]}},"_links":{"self":[{"href":"https:\/\/radioljubuski.ba\/index.php\/wp-json\/wp\/v2\/posts\/216626","targetHints":{"allow":["GET"]}}],"collection":[{"href":"https:\/\/radioljubuski.ba\/index.php\/wp-json\/wp\/v2\/posts"}],"about":[{"href":"https:\/\/radioljubuski.ba\/index.php\/wp-json\/wp\/v2\/types\/post"}],"author":[{"embeddable":true,"href":"https:\/\/radioljubuski.ba\/index.php\/wp-json\/wp\/v2\/users\/2"}],"replies":[{"embeddable":true,"href":"https:\/\/radioljubuski.ba\/index.php\/wp-json\/wp\/v2\/comments?post=216626"}],"version-history":[{"count":1,"href":"https:\/\/radioljubuski.ba\/index.php\/wp-json\/wp\/v2\/posts\/216626\/revisions"}],"predecessor-version":[{"id":216627,"href":"https:\/\/radioljubuski.ba\/index.php\/wp-json\/wp\/v2\/posts\/216626\/revisions\/216627"}],"wp:featuredmedia":[{"embeddable":true,"href":"https:\/\/radioljubuski.ba\/index.php\/wp-json\/wp\/v2\/media\/189394"}],"wp:attachment":[{"href":"https:\/\/radioljubuski.ba\/index.php\/wp-json\/wp\/v2\/media?parent=216626"}],"wp:term":[{"taxonomy":"category","embeddable":true,"href":"https:\/\/radioljubuski.ba\/index.php\/wp-json\/wp\/v2\/categories?post=216626"},{"taxonomy":"post_tag","embeddable":true,"href":"https:\/\/radioljubuski.ba\/index.php\/wp-json\/wp\/v2\/tags?post=216626"}],"curies":[{"name":"wp","href":"https:\/\/api.w.org\/{rel}","templated":true}]}}