{"id":216742,"date":"2025-05-13T11:35:32","date_gmt":"2025-05-13T10:35:32","guid":{"rendered":"https:\/\/radioljubuski.ba\/?p=216742"},"modified":"2025-05-13T11:35:33","modified_gmt":"2025-05-13T10:35:33","slug":"u-ljubuskom-odrzan-zajednicki-dijalog-zene-vode-na-putu-mira-i-sigurnosti-u-bosni-i-hercegovini","status":"publish","type":"post","link":"https:\/\/radioljubuski.ba\/index.php\/2025\/05\/13\/u-ljubuskom-odrzan-zajednicki-dijalog-zene-vode-na-putu-mira-i-sigurnosti-u-bosni-i-hercegovini\/","title":{"rendered":"U Ljubu\u0161kom odr\u017ean Zajedni\u010dki dijalog \u201e\u017dene vode na putu mira i sigurnosti u Bosni i Hercegovini\u201c"},"content":{"rendered":"\n<p>Danas je u Kulturnom centru u Ljubu\u0161kom odr\u017ean Zajedni\u010dki dijalog \u201e\u017dene vode na putu mira i sigurnosti u Bosni i Hercegovini\u201c, koji je organiziran s ciljem uklju\u010divanje lokalne zajednice u ja\u010danje primjene Agende \u017eena, mira i sigurnosti kroz otvoreni dijalog, razmjenu iskustava i zajedni\u010dko kreiranje rje\u0161enja za izazove u podru\u010dju mira i sigurnosti.<\/p>\n\n\n\n<p>Dijalog je okupio predstavnike institucija, civilnog dru\u0161tva, lokalne lidere i liderke, \u017eene, mlade i druge aktere koji su zajedni\u010dki razgovarali o izazovima, prilikama i konkretnim koracima za unaprje\u0111enje mira i sigurnosti u lokalnim zajednicama.<\/p>\n\n\n\n<p>Oni su kroz dijalog poku\u0161ali zajedni\u010dki oblikovali budu\u0107nost lokalnih zajednica, sigurniju, pravedniju i inkluzivniju.&nbsp;<\/p>\n\n\n\n<p>Dijalog je otvorio koordinator projekta Centra civilnih inicijativa Emir Kustura.<\/p>\n\n\n\n<figure class=\"wp-block-image size-large\"><img loading=\"lazy\" decoding=\"async\" width=\"1024\" height=\"683\" src=\"https:\/\/radioljubuski.ba\/wp-content\/uploads\/2025\/05\/IMG_3604-1024x683.jpg\" alt=\"\" class=\"wp-image-216741\" srcset=\"https:\/\/radioljubuski.ba\/wp-content\/uploads\/2025\/05\/IMG_3604-1024x683.jpg 1024w, https:\/\/radioljubuski.ba\/wp-content\/uploads\/2025\/05\/IMG_3604-300x200.jpg 300w, https:\/\/radioljubuski.ba\/wp-content\/uploads\/2025\/05\/IMG_3604-768x512.jpg 768w, https:\/\/radioljubuski.ba\/wp-content\/uploads\/2025\/05\/IMG_3604-1536x1024.jpg 1536w, https:\/\/radioljubuski.ba\/wp-content\/uploads\/2025\/05\/IMG_3604-2048x1365.jpg 2048w, https:\/\/radioljubuski.ba\/wp-content\/uploads\/2025\/05\/IMG_3604-18x12.jpg 18w\" sizes=\"auto, (max-width: 1024px) 100vw, 1024px\" \/><\/figure>\n\n\n\n<p>Nakon njega nazo\u010dne je pozdravila i u kratkim crtama predstavila projekt, Martina Planini\u0107, stru\u010dni savjetnik za promociju i odnose s javno\u0161\u0107u Ureda Vlade \u017dupanije Zapadnohercegova\u010dke za europske integracije. &nbsp;<\/p>\n\n\n\n<p>O projektu i ulozi Me\u0111unarodne organizacije za migracije nekoliko rije\u010di je kazao i Samir Puri\u0107 predstavnik te organizacije.<\/p>\n\n\n\n<p>Predstavljaju\u0107i projekt Martina Planini\u0107 je istaknula nekoliko stvari.<\/p>\n\n\n\n<p>\u201eDanas ovdje govorimo o stvarnim izazovima iz lokalne perspektive o mapiranju potreba lokalne zajednice, o me\u0111usobnoj razmjeni iskustava i naravno konkretnim akcijama koje \u0107e se poduzeti na na\u0161em prostoru\u201c, naglasila je Martina dodaju\u0107i da Ured Vlade \u017dupanije Zapadnohercegova\u010dke za europske integracije daje sna\u017enu podr\u0161ku i potporu tom projektu prepoznaju\u0107i va\u017enost uloge \u017eena u procesima izgradnje mira i ja\u010danja kapaciteta.<\/p>\n\n\n\n<p>Posebno je istaknula da je poseban naglasak u ovom vremenu stavljen na izgradnju Sigurne ku\u0107e u Ljubu\u0161kom koja \u0107e predstavljati sna\u017ean resurs za za\u0161titu \u017eena i djece \u017ertava nasilja.<\/p>\n\n\n\n<p>Informirala je sudionike o va\u017enoj inicijativi Ureda Vlade \u017dupanije Zapadnohercegova\u010dke za europske integracije koja se odnosi na izradu Strategije razvoja civilnog dru\u0161tva za razdoblje 2025. do 20230. godine koja ne\u0107e biti samo administrativni dokument ve\u0107 temelj za izgradnju mostova izme\u0111u institucija i gra\u0111ana, izme\u0111u politika i svakodnevnog \u017eivota.<\/p>\n\n\n\n<p>Dana\u0161nji Zajedni\u010dki dijalog je, kako je naglasila Martina, sigurno jedan korak na putu ka boljem, sigurnijem i jednakopravnijem dru\u0161tvu.<\/p>\n\n\n\n<p>Radio Ljubu\u0161ki<\/p>\n","protected":false},"excerpt":{"rendered":"<p>Danas je u Kulturnom centru u Ljubu\u0161kom odr\u017ean Zajedni\u010dki dijalog \u201e\u017dene vode na putu mira i sigurnosti u Bosni i Hercegovini\u201c, koji je organiziran s ciljem uklju\u010divanje lokalne zajednice u ja\u010danje primjene Agende \u017eena, mira i sigurnosti kroz otvoreni dijalog, razmjenu iskustava i zajedni\u010dko kreiranje rje\u0161enja za izazove u podru\u010dju mira i sigurnosti. Dijalog je [&hellip;]<\/p>\n","protected":false},"author":2,"featured_media":216740,"comment_status":"closed","ping_status":"closed","sticky":false,"template":"","format":"standard","meta":{"h5ap_radio_sources":[],"footnotes":""},"categories":[3],"tags":[],"class_list":["post-216742","post","type-post","status-publish","format-standard","has-post-thumbnail","hentry","category-ljubuski"],"yoast_head":"<!-- This site is optimized with the Yoast SEO plugin v27.5 - https:\/\/yoast.com\/product\/yoast-seo-wordpress\/ -->\n<title>U Ljubu\u0161kom odr\u017ean Zajedni\u010dki dijalog \u201e\u017dene vode na putu mira i sigurnosti u Bosni i Hercegovini\u201c - RADIO LJUBU\u0160KI<\/title>\n<meta name=\"robots\" content=\"index, follow, max-snippet:-1, max-image-preview:large, max-video-preview:-1\" \/>\n<link rel=\"canonical\" href=\"https:\/\/radioljubuski.ba\/index.php\/2025\/05\/13\/u-ljubuskom-odrzan-zajednicki-dijalog-zene-vode-na-putu-mira-i-sigurnosti-u-bosni-i-hercegovini\/\" \/>\n<meta property=\"og:locale\" content=\"hr_HR\" \/>\n<meta property=\"og:type\" content=\"article\" \/>\n<meta property=\"og:title\" content=\"U Ljubu\u0161kom odr\u017ean Zajedni\u010dki dijalog \u201e\u017dene vode na putu mira i sigurnosti u Bosni i Hercegovini\u201c - RADIO LJUBU\u0160KI\" \/>\n<meta property=\"og:description\" content=\"Danas je u Kulturnom centru u Ljubu\u0161kom odr\u017ean Zajedni\u010dki dijalog \u201e\u017dene vode na putu mira i sigurnosti u Bosni i Hercegovini\u201c, koji je organiziran s ciljem uklju\u010divanje lokalne zajednice u ja\u010danje primjene Agende \u017eena, mira i sigurnosti kroz otvoreni dijalog, razmjenu iskustava i zajedni\u010dko kreiranje rje\u0161enja za izazove u podru\u010dju mira i sigurnosti. Dijalog je [&hellip;]\" \/>\n<meta property=\"og:url\" content=\"https:\/\/radioljubuski.ba\/index.php\/2025\/05\/13\/u-ljubuskom-odrzan-zajednicki-dijalog-zene-vode-na-putu-mira-i-sigurnosti-u-bosni-i-hercegovini\/\" \/>\n<meta property=\"og:site_name\" content=\"RADIO LJUBU\u0160KI\" \/>\n<meta property=\"article:publisher\" content=\"https:\/\/www.facebook.com\/Radiio-Ljubuski-1490835324566332\" \/>\n<meta property=\"article:published_time\" content=\"2025-05-13T10:35:32+00:00\" \/>\n<meta property=\"article:modified_time\" content=\"2025-05-13T10:35:33+00:00\" \/>\n<meta property=\"og:image\" content=\"https:\/\/radioljubuski.ba\/wp-content\/uploads\/2025\/05\/IMG_3601.jpg\" \/>\n\t<meta property=\"og:image:width\" content=\"2400\" \/>\n\t<meta property=\"og:image:height\" content=\"1600\" \/>\n\t<meta property=\"og:image:type\" content=\"image\/jpeg\" \/>\n<meta name=\"author\" content=\"Radio Ljubu\u0161ki\" \/>\n<meta name=\"twitter:card\" content=\"summary_large_image\" \/>\n<meta name=\"twitter:creator\" content=\"@radioljubuski\" \/>\n<meta name=\"twitter:site\" content=\"@radioljubuski\" \/>\n<meta name=\"twitter:label1\" content=\"Napisao\/la\" \/>\n\t<meta name=\"twitter:data1\" content=\"Radio Ljubu\u0161ki\" \/>\n\t<meta name=\"twitter:label2\" content=\"Procijenjeno vrijeme \u010ditanja\" \/>\n\t<meta name=\"twitter:data2\" content=\"3 minute\" \/>\n<script type=\"application\/ld+json\" class=\"yoast-schema-graph\">{\"@context\":\"https:\\\/\\\/schema.org\",\"@graph\":[{\"@type\":\"Article\",\"@id\":\"https:\\\/\\\/radioljubuski.ba\\\/index.php\\\/2025\\\/05\\\/13\\\/u-ljubuskom-odrzan-zajednicki-dijalog-zene-vode-na-putu-mira-i-sigurnosti-u-bosni-i-hercegovini\\\/#article\",\"isPartOf\":{\"@id\":\"https:\\\/\\\/radioljubuski.ba\\\/index.php\\\/2025\\\/05\\\/13\\\/u-ljubuskom-odrzan-zajednicki-dijalog-zene-vode-na-putu-mira-i-sigurnosti-u-bosni-i-hercegovini\\\/\"},\"author\":{\"name\":\"Radio Ljubu\u0161ki\",\"@id\":\"https:\\\/\\\/radioljubuski.ba\\\/#\\\/schema\\\/person\\\/19fc700381a780f69665d7956c469e3b\"},\"headline\":\"U Ljubu\u0161kom odr\u017ean Zajedni\u010dki dijalog \u201e\u017dene vode na putu mira i sigurnosti u Bosni i Hercegovini\u201c\",\"datePublished\":\"2025-05-13T10:35:32+00:00\",\"dateModified\":\"2025-05-13T10:35:33+00:00\",\"mainEntityOfPage\":{\"@id\":\"https:\\\/\\\/radioljubuski.ba\\\/index.php\\\/2025\\\/05\\\/13\\\/u-ljubuskom-odrzan-zajednicki-dijalog-zene-vode-na-putu-mira-i-sigurnosti-u-bosni-i-hercegovini\\\/\"},\"wordCount\":386,\"publisher\":{\"@id\":\"https:\\\/\\\/radioljubuski.ba\\\/#organization\"},\"image\":{\"@id\":\"https:\\\/\\\/radioljubuski.ba\\\/index.php\\\/2025\\\/05\\\/13\\\/u-ljubuskom-odrzan-zajednicki-dijalog-zene-vode-na-putu-mira-i-sigurnosti-u-bosni-i-hercegovini\\\/#primaryimage\"},\"thumbnailUrl\":\"https:\\\/\\\/radioljubuski.ba\\\/wp-content\\\/uploads\\\/2025\\\/05\\\/IMG_3601.jpg\",\"articleSection\":[\"Ljubu\u0161ki\"],\"inLanguage\":\"hr\"},{\"@type\":\"WebPage\",\"@id\":\"https:\\\/\\\/radioljubuski.ba\\\/index.php\\\/2025\\\/05\\\/13\\\/u-ljubuskom-odrzan-zajednicki-dijalog-zene-vode-na-putu-mira-i-sigurnosti-u-bosni-i-hercegovini\\\/\",\"url\":\"https:\\\/\\\/radioljubuski.ba\\\/index.php\\\/2025\\\/05\\\/13\\\/u-ljubuskom-odrzan-zajednicki-dijalog-zene-vode-na-putu-mira-i-sigurnosti-u-bosni-i-hercegovini\\\/\",\"name\":\"U Ljubu\u0161kom odr\u017ean Zajedni\u010dki dijalog \u201e\u017dene vode na putu mira i sigurnosti u Bosni i Hercegovini\u201c - RADIO LJUBU\u0160KI\",\"isPartOf\":{\"@id\":\"https:\\\/\\\/radioljubuski.ba\\\/#website\"},\"primaryImageOfPage\":{\"@id\":\"https:\\\/\\\/radioljubuski.ba\\\/index.php\\\/2025\\\/05\\\/13\\\/u-ljubuskom-odrzan-zajednicki-dijalog-zene-vode-na-putu-mira-i-sigurnosti-u-bosni-i-hercegovini\\\/#primaryimage\"},\"image\":{\"@id\":\"https:\\\/\\\/radioljubuski.ba\\\/index.php\\\/2025\\\/05\\\/13\\\/u-ljubuskom-odrzan-zajednicki-dijalog-zene-vode-na-putu-mira-i-sigurnosti-u-bosni-i-hercegovini\\\/#primaryimage\"},\"thumbnailUrl\":\"https:\\\/\\\/radioljubuski.ba\\\/wp-content\\\/uploads\\\/2025\\\/05\\\/IMG_3601.jpg\",\"datePublished\":\"2025-05-13T10:35:32+00:00\",\"dateModified\":\"2025-05-13T10:35:33+00:00\",\"breadcrumb\":{\"@id\":\"https:\\\/\\\/radioljubuski.ba\\\/index.php\\\/2025\\\/05\\\/13\\\/u-ljubuskom-odrzan-zajednicki-dijalog-zene-vode-na-putu-mira-i-sigurnosti-u-bosni-i-hercegovini\\\/#breadcrumb\"},\"inLanguage\":\"hr\",\"potentialAction\":[{\"@type\":\"ReadAction\",\"target\":[\"https:\\\/\\\/radioljubuski.ba\\\/index.php\\\/2025\\\/05\\\/13\\\/u-ljubuskom-odrzan-zajednicki-dijalog-zene-vode-na-putu-mira-i-sigurnosti-u-bosni-i-hercegovini\\\/\"]}]},{\"@type\":\"ImageObject\",\"inLanguage\":\"hr\",\"@id\":\"https:\\\/\\\/radioljubuski.ba\\\/index.php\\\/2025\\\/05\\\/13\\\/u-ljubuskom-odrzan-zajednicki-dijalog-zene-vode-na-putu-mira-i-sigurnosti-u-bosni-i-hercegovini\\\/#primaryimage\",\"url\":\"https:\\\/\\\/radioljubuski.ba\\\/wp-content\\\/uploads\\\/2025\\\/05\\\/IMG_3601.jpg\",\"contentUrl\":\"https:\\\/\\\/radioljubuski.ba\\\/wp-content\\\/uploads\\\/2025\\\/05\\\/IMG_3601.jpg\",\"width\":2400,\"height\":1600},{\"@type\":\"BreadcrumbList\",\"@id\":\"https:\\\/\\\/radioljubuski.ba\\\/index.php\\\/2025\\\/05\\\/13\\\/u-ljubuskom-odrzan-zajednicki-dijalog-zene-vode-na-putu-mira-i-sigurnosti-u-bosni-i-hercegovini\\\/#breadcrumb\",\"itemListElement\":[{\"@type\":\"ListItem\",\"position\":1,\"name\":\"Po\u010detna stranica\",\"item\":\"https:\\\/\\\/radioljubuski.ba\\\/\"},{\"@type\":\"ListItem\",\"position\":2,\"name\":\"U Ljubu\u0161kom odr\u017ean Zajedni\u010dki dijalog \u201e\u017dene vode na putu mira i sigurnosti u Bosni i Hercegovini\u201c\"}]},{\"@type\":\"WebSite\",\"@id\":\"https:\\\/\\\/radioljubuski.ba\\\/#website\",\"url\":\"https:\\\/\\\/radioljubuski.ba\\\/\",\"name\":\"Radio Ljubu\u0161ki\",\"description\":\"Sun\u010dana frekvencija Hercegovine\",\"publisher\":{\"@id\":\"https:\\\/\\\/radioljubuski.ba\\\/#organization\"},\"potentialAction\":[{\"@type\":\"SearchAction\",\"target\":{\"@type\":\"EntryPoint\",\"urlTemplate\":\"https:\\\/\\\/radioljubuski.ba\\\/?s={search_term_string}\"},\"query-input\":{\"@type\":\"PropertyValueSpecification\",\"valueRequired\":true,\"valueName\":\"search_term_string\"}}],\"inLanguage\":\"hr\"},{\"@type\":\"Organization\",\"@id\":\"https:\\\/\\\/radioljubuski.ba\\\/#organization\",\"name\":\"Radio Ljubu\u0161ki\",\"url\":\"https:\\\/\\\/radioljubuski.ba\\\/\",\"logo\":{\"@type\":\"ImageObject\",\"inLanguage\":\"hr\",\"@id\":\"https:\\\/\\\/radioljubuski.ba\\\/#\\\/schema\\\/logo\\\/image\\\/\",\"url\":\"https:\\\/\\\/radioljubuski.ba\\\/wp-content\\\/uploads\\\/2021\\\/02\\\/cropped-Radio_Ljubuski_logo1.jpg\",\"contentUrl\":\"https:\\\/\\\/radioljubuski.ba\\\/wp-content\\\/uploads\\\/2021\\\/02\\\/cropped-Radio_Ljubuski_logo1.jpg\",\"width\":512,\"height\":512,\"caption\":\"Radio Ljubu\u0161ki\"},\"image\":{\"@id\":\"https:\\\/\\\/radioljubuski.ba\\\/#\\\/schema\\\/logo\\\/image\\\/\"},\"sameAs\":[\"https:\\\/\\\/www.facebook.com\\\/Radiio-Ljubuski-1490835324566332\",\"https:\\\/\\\/x.com\\\/radioljubuski\",\"https:\\\/\\\/hr.linkedin.com\\\/company\\\/radio-ljubuski\",\"https:\\\/\\\/www.youtube.com\\\/channel\\\/UCHYaeO_n0Db3tjNGudGpXyw\"]},{\"@type\":\"Person\",\"@id\":\"https:\\\/\\\/radioljubuski.ba\\\/#\\\/schema\\\/person\\\/19fc700381a780f69665d7956c469e3b\",\"name\":\"Radio Ljubu\u0161ki\"}]}<\/script>\n<!-- \/ Yoast SEO plugin. -->","yoast_head_json":{"title":"U Ljubu\u0161kom odr\u017ean Zajedni\u010dki dijalog \u201e\u017dene vode na putu mira i sigurnosti u Bosni i Hercegovini\u201c - RADIO LJUBU\u0160KI","robots":{"index":"index","follow":"follow","max-snippet":"max-snippet:-1","max-image-preview":"max-image-preview:large","max-video-preview":"max-video-preview:-1"},"canonical":"https:\/\/radioljubuski.ba\/index.php\/2025\/05\/13\/u-ljubuskom-odrzan-zajednicki-dijalog-zene-vode-na-putu-mira-i-sigurnosti-u-bosni-i-hercegovini\/","og_locale":"hr_HR","og_type":"article","og_title":"U Ljubu\u0161kom odr\u017ean Zajedni\u010dki dijalog \u201e\u017dene vode na putu mira i sigurnosti u Bosni i Hercegovini\u201c - RADIO LJUBU\u0160KI","og_description":"Danas je u Kulturnom centru u Ljubu\u0161kom odr\u017ean Zajedni\u010dki dijalog \u201e\u017dene vode na putu mira i sigurnosti u Bosni i Hercegovini\u201c, koji je organiziran s ciljem uklju\u010divanje lokalne zajednice u ja\u010danje primjene Agende \u017eena, mira i sigurnosti kroz otvoreni dijalog, razmjenu iskustava i zajedni\u010dko kreiranje rje\u0161enja za izazove u podru\u010dju mira i sigurnosti. Dijalog je [&hellip;]","og_url":"https:\/\/radioljubuski.ba\/index.php\/2025\/05\/13\/u-ljubuskom-odrzan-zajednicki-dijalog-zene-vode-na-putu-mira-i-sigurnosti-u-bosni-i-hercegovini\/","og_site_name":"RADIO LJUBU\u0160KI","article_publisher":"https:\/\/www.facebook.com\/Radiio-Ljubuski-1490835324566332","article_published_time":"2025-05-13T10:35:32+00:00","article_modified_time":"2025-05-13T10:35:33+00:00","og_image":[{"width":2400,"height":1600,"url":"https:\/\/radioljubuski.ba\/wp-content\/uploads\/2025\/05\/IMG_3601.jpg","type":"image\/jpeg"}],"author":"Radio Ljubu\u0161ki","twitter_card":"summary_large_image","twitter_creator":"@radioljubuski","twitter_site":"@radioljubuski","twitter_misc":{"Napisao\/la":"Radio Ljubu\u0161ki","Procijenjeno vrijeme \u010ditanja":"3 minute"},"schema":{"@context":"https:\/\/schema.org","@graph":[{"@type":"Article","@id":"https:\/\/radioljubuski.ba\/index.php\/2025\/05\/13\/u-ljubuskom-odrzan-zajednicki-dijalog-zene-vode-na-putu-mira-i-sigurnosti-u-bosni-i-hercegovini\/#article","isPartOf":{"@id":"https:\/\/radioljubuski.ba\/index.php\/2025\/05\/13\/u-ljubuskom-odrzan-zajednicki-dijalog-zene-vode-na-putu-mira-i-sigurnosti-u-bosni-i-hercegovini\/"},"author":{"name":"Radio Ljubu\u0161ki","@id":"https:\/\/radioljubuski.ba\/#\/schema\/person\/19fc700381a780f69665d7956c469e3b"},"headline":"U Ljubu\u0161kom odr\u017ean Zajedni\u010dki dijalog \u201e\u017dene vode na putu mira i sigurnosti u Bosni i Hercegovini\u201c","datePublished":"2025-05-13T10:35:32+00:00","dateModified":"2025-05-13T10:35:33+00:00","mainEntityOfPage":{"@id":"https:\/\/radioljubuski.ba\/index.php\/2025\/05\/13\/u-ljubuskom-odrzan-zajednicki-dijalog-zene-vode-na-putu-mira-i-sigurnosti-u-bosni-i-hercegovini\/"},"wordCount":386,"publisher":{"@id":"https:\/\/radioljubuski.ba\/#organization"},"image":{"@id":"https:\/\/radioljubuski.ba\/index.php\/2025\/05\/13\/u-ljubuskom-odrzan-zajednicki-dijalog-zene-vode-na-putu-mira-i-sigurnosti-u-bosni-i-hercegovini\/#primaryimage"},"thumbnailUrl":"https:\/\/radioljubuski.ba\/wp-content\/uploads\/2025\/05\/IMG_3601.jpg","articleSection":["Ljubu\u0161ki"],"inLanguage":"hr"},{"@type":"WebPage","@id":"https:\/\/radioljubuski.ba\/index.php\/2025\/05\/13\/u-ljubuskom-odrzan-zajednicki-dijalog-zene-vode-na-putu-mira-i-sigurnosti-u-bosni-i-hercegovini\/","url":"https:\/\/radioljubuski.ba\/index.php\/2025\/05\/13\/u-ljubuskom-odrzan-zajednicki-dijalog-zene-vode-na-putu-mira-i-sigurnosti-u-bosni-i-hercegovini\/","name":"U Ljubu\u0161kom odr\u017ean Zajedni\u010dki dijalog \u201e\u017dene vode na putu mira i sigurnosti u Bosni i Hercegovini\u201c - RADIO LJUBU\u0160KI","isPartOf":{"@id":"https:\/\/radioljubuski.ba\/#website"},"primaryImageOfPage":{"@id":"https:\/\/radioljubuski.ba\/index.php\/2025\/05\/13\/u-ljubuskom-odrzan-zajednicki-dijalog-zene-vode-na-putu-mira-i-sigurnosti-u-bosni-i-hercegovini\/#primaryimage"},"image":{"@id":"https:\/\/radioljubuski.ba\/index.php\/2025\/05\/13\/u-ljubuskom-odrzan-zajednicki-dijalog-zene-vode-na-putu-mira-i-sigurnosti-u-bosni-i-hercegovini\/#primaryimage"},"thumbnailUrl":"https:\/\/radioljubuski.ba\/wp-content\/uploads\/2025\/05\/IMG_3601.jpg","datePublished":"2025-05-13T10:35:32+00:00","dateModified":"2025-05-13T10:35:33+00:00","breadcrumb":{"@id":"https:\/\/radioljubuski.ba\/index.php\/2025\/05\/13\/u-ljubuskom-odrzan-zajednicki-dijalog-zene-vode-na-putu-mira-i-sigurnosti-u-bosni-i-hercegovini\/#breadcrumb"},"inLanguage":"hr","potentialAction":[{"@type":"ReadAction","target":["https:\/\/radioljubuski.ba\/index.php\/2025\/05\/13\/u-ljubuskom-odrzan-zajednicki-dijalog-zene-vode-na-putu-mira-i-sigurnosti-u-bosni-i-hercegovini\/"]}]},{"@type":"ImageObject","inLanguage":"hr","@id":"https:\/\/radioljubuski.ba\/index.php\/2025\/05\/13\/u-ljubuskom-odrzan-zajednicki-dijalog-zene-vode-na-putu-mira-i-sigurnosti-u-bosni-i-hercegovini\/#primaryimage","url":"https:\/\/radioljubuski.ba\/wp-content\/uploads\/2025\/05\/IMG_3601.jpg","contentUrl":"https:\/\/radioljubuski.ba\/wp-content\/uploads\/2025\/05\/IMG_3601.jpg","width":2400,"height":1600},{"@type":"BreadcrumbList","@id":"https:\/\/radioljubuski.ba\/index.php\/2025\/05\/13\/u-ljubuskom-odrzan-zajednicki-dijalog-zene-vode-na-putu-mira-i-sigurnosti-u-bosni-i-hercegovini\/#breadcrumb","itemListElement":[{"@type":"ListItem","position":1,"name":"Po\u010detna stranica","item":"https:\/\/radioljubuski.ba\/"},{"@type":"ListItem","position":2,"name":"U Ljubu\u0161kom odr\u017ean Zajedni\u010dki dijalog \u201e\u017dene vode na putu mira i sigurnosti u Bosni i Hercegovini\u201c"}]},{"@type":"WebSite","@id":"https:\/\/radioljubuski.ba\/#website","url":"https:\/\/radioljubuski.ba\/","name":"Radio Ljubu\u0161ki","description":"Sun\u010dana frekvencija Hercegovine","publisher":{"@id":"https:\/\/radioljubuski.ba\/#organization"},"potentialAction":[{"@type":"SearchAction","target":{"@type":"EntryPoint","urlTemplate":"https:\/\/radioljubuski.ba\/?s={search_term_string}"},"query-input":{"@type":"PropertyValueSpecification","valueRequired":true,"valueName":"search_term_string"}}],"inLanguage":"hr"},{"@type":"Organization","@id":"https:\/\/radioljubuski.ba\/#organization","name":"Radio Ljubu\u0161ki","url":"https:\/\/radioljubuski.ba\/","logo":{"@type":"ImageObject","inLanguage":"hr","@id":"https:\/\/radioljubuski.ba\/#\/schema\/logo\/image\/","url":"https:\/\/radioljubuski.ba\/wp-content\/uploads\/2021\/02\/cropped-Radio_Ljubuski_logo1.jpg","contentUrl":"https:\/\/radioljubuski.ba\/wp-content\/uploads\/2021\/02\/cropped-Radio_Ljubuski_logo1.jpg","width":512,"height":512,"caption":"Radio Ljubu\u0161ki"},"image":{"@id":"https:\/\/radioljubuski.ba\/#\/schema\/logo\/image\/"},"sameAs":["https:\/\/www.facebook.com\/Radiio-Ljubuski-1490835324566332","https:\/\/x.com\/radioljubuski","https:\/\/hr.linkedin.com\/company\/radio-ljubuski","https:\/\/www.youtube.com\/channel\/UCHYaeO_n0Db3tjNGudGpXyw"]},{"@type":"Person","@id":"https:\/\/radioljubuski.ba\/#\/schema\/person\/19fc700381a780f69665d7956c469e3b","name":"Radio Ljubu\u0161ki"}]}},"_links":{"self":[{"href":"https:\/\/radioljubuski.ba\/index.php\/wp-json\/wp\/v2\/posts\/216742","targetHints":{"allow":["GET"]}}],"collection":[{"href":"https:\/\/radioljubuski.ba\/index.php\/wp-json\/wp\/v2\/posts"}],"about":[{"href":"https:\/\/radioljubuski.ba\/index.php\/wp-json\/wp\/v2\/types\/post"}],"author":[{"embeddable":true,"href":"https:\/\/radioljubuski.ba\/index.php\/wp-json\/wp\/v2\/users\/2"}],"replies":[{"embeddable":true,"href":"https:\/\/radioljubuski.ba\/index.php\/wp-json\/wp\/v2\/comments?post=216742"}],"version-history":[{"count":2,"href":"https:\/\/radioljubuski.ba\/index.php\/wp-json\/wp\/v2\/posts\/216742\/revisions"}],"predecessor-version":[{"id":216745,"href":"https:\/\/radioljubuski.ba\/index.php\/wp-json\/wp\/v2\/posts\/216742\/revisions\/216745"}],"wp:featuredmedia":[{"embeddable":true,"href":"https:\/\/radioljubuski.ba\/index.php\/wp-json\/wp\/v2\/media\/216740"}],"wp:attachment":[{"href":"https:\/\/radioljubuski.ba\/index.php\/wp-json\/wp\/v2\/media?parent=216742"}],"wp:term":[{"taxonomy":"category","embeddable":true,"href":"https:\/\/radioljubuski.ba\/index.php\/wp-json\/wp\/v2\/categories?post=216742"},{"taxonomy":"post_tag","embeddable":true,"href":"https:\/\/radioljubuski.ba\/index.php\/wp-json\/wp\/v2\/tags?post=216742"}],"curies":[{"name":"wp","href":"https:\/\/api.w.org\/{rel}","templated":true}]}}