{"id":216746,"date":"2025-05-13T12:38:59","date_gmt":"2025-05-13T11:38:59","guid":{"rendered":"https:\/\/radioljubuski.ba\/?p=216746"},"modified":"2025-05-19T09:23:54","modified_gmt":"2025-05-19T08:23:54","slug":"javni-poziv-za-ostvarivanje-prava-na-subvenciju-za-privatne-djecje-vrtice-na-podrucju-grada-ljubuskog-za-2025-godinu","status":"publish","type":"post","link":"https:\/\/radioljubuski.ba\/index.php\/2025\/05\/13\/javni-poziv-za-ostvarivanje-prava-na-subvenciju-za-privatne-djecje-vrtice-na-podrucju-grada-ljubuskog-za-2025-godinu\/","title":{"rendered":"Javni poziv za ostvarivanje prava na subvenciju za privatne dje\u010dje vrti\u0107e na podru\u010dju Grada Ljubu\u0161kog za 2025. godinu"},"content":{"rendered":"\n<p>Na temelju \u010dlanka 132. Statuta Grada Ljubu\u0161kog (\u201eSlu\u017ebeni glasnik Grada Ljubu\u0161kog\u201d broj: 6\/19) i \u010dlanka 4. stavak 1. Odluke o subvenciji za privatne dje\u010dje vrti\u0107e na podru\u010dju grada Ljubu\u0161kog za 2024. godinu (\u201eSlu\u017ebeni glasnik Grada Ljubu\u0161kog\u201d broj: 1\/24), Gradona\u010delnik Grada Ljubu\u0161kog&nbsp;&nbsp; o b j a v lj u j e<\/p>\n\n\n\n<p><strong>J A V N I&nbsp;&nbsp;&nbsp; P O Z I V<\/strong><\/p>\n\n\n\n<p><strong>za ostvarivanje prava na subvenciju za privatne dje\u010dje vrti\u0107e na podru\u010dju grada Ljubu\u0161kog za 2025. godinu<\/strong><\/p>\n\n\n\n<p><strong>I.&nbsp;&nbsp; PREDMET JAVNOG POZIVA&nbsp;&nbsp;&nbsp;&nbsp;&nbsp;&nbsp;<\/strong><\/p>\n\n\n\n<p><strong>&nbsp;&nbsp;&nbsp;&nbsp;&nbsp;&nbsp;&nbsp;&nbsp;&nbsp;&nbsp;&nbsp;&nbsp; <\/strong>&nbsp;Predmet Javnog poziva je ostvarivanje prava na subvenciju za privatne dje\u010dje vrti\u0107e na podru\u010dju grada Ljubu\u0161kog za 2025. godinu.<\/p>\n\n\n\n<p><strong>II. IZNOS SUBVENCIJE<\/strong><\/p>\n\n\n\n<p>&nbsp;&nbsp;&nbsp;&nbsp;&nbsp;&nbsp;&nbsp;&nbsp;&nbsp;&nbsp;&nbsp;&nbsp;&nbsp; Subvencija se dodjeljuje po broju upisane djece sa prebivali\u0161tem na podru\u010dju Grada Ljubu\u0161kog i iznosi 70 &nbsp;KM po djetetu za dijete jasli\u010dke dobi, te 60 &nbsp;KM po djetetu pred\u0161kolske dobi.<\/p>\n\n\n\n<p><strong>III.<\/strong><strong>&nbsp;&nbsp; <\/strong><strong>UVJETI ZA OSTVARIVANJE PRAVA NA POTPORU<\/strong><\/p>\n\n\n\n<p>Kako bi ostvarili pravo na subvenciju, dje\u010dji vrti\u0107i su du\u017eni kumulativno ispunjavati sljede\u0107e uvjete:<\/p>\n\n\n\n<p>a) da imaju sjedi\u0161te na podru\u010dju grada Ljubu\u0161kog,<\/p>\n\n\n\n<p>b) da su osnovani od strane fizi\u010dke osobe,<\/p>\n\n\n\n<p>c) da imaju odobrenje za po\u010detak obavljanja djelatnosti pred\u0161kolskog odgoja izdano od nadle\u017ene slu\u017ebe Gradske uprave Ljubu\u0161ki,<\/p>\n\n\n\n<p>d) da imaju rje\u0161enje nadle\u017enog Ministarstva kojim je utvr\u0111eno da je akt o osnivanju dje\u010djeg vrti\u0107a sukladan zakonu.<\/p>\n\n\n\n<p>e) da moraju imati a\u017euriran cjenik usluga.<\/p>\n\n\n\n<p>Kako bi ostvarili pravo na subvenciju privatni dje\u010dji vrti\u0107i tako\u0111er moraju ispuniti sljede\u0107e uvjete:<\/p>\n\n\n\n<p>a) Cijena usluga privatnih vrti\u0107a za djecu pred\u0161kolske dobi prema roditeljima ne mo\u017ee biti ve\u0107a od 220 KM.<\/p>\n\n\n\n<p>b) Cijena usluga privatnih vrti\u0107a za djecu jasli\u010dke dobi prema roditeljima ne mo\u017ee biti ve\u0107a od 240 KM.<\/p>\n\n\n\n<p><strong>IV.&nbsp; POTREBNA DOKUMENTACIJA<\/strong><\/p>\n\n\n\n<p>Uz prijavu na Javni poziv, dje\u010dji vrti\u0107i trebaju prilo\u017eiti originale ili ovjerene preslike sljede\u0107e dokumentacije:<\/p>\n\n\n\n<ul class=\"wp-block-list\">\n<li>Prijavni obrazac (u prilogu ovog Javnog poziva),<\/li>\n\n\n\n<li>Aktualni izvod iz sudskog registra, s tim da datum izdavanja originala ne smije biti stariji od tri (3) mjeseca,<\/li>\n\n\n\n<li>Rje\u0161enje o po\u010detku obavljanja djelatnosti pred\u0161kolskog odgoja izdano od nadle\u017ene slu\u017ebe Gradske uprave Ljubu\u0161ki,<\/li>\n\n\n\n<li>Rje\u0161enje nadle\u017enog ministarstva kojim je utvr\u0111eno da je akt o osnivanju dje\u010djeg vrti\u0107a sukladan zakonu,<\/li>\n\n\n\n<li>Popis djece koja su trenutni korisnici dje\u010djeg vrti\u0107a, uz obveznu dostavu svih ugovora izme\u0111u Dje\u010djeg vrti\u0107a i roditelja, a u kojima je navedena adresa prebivali\u0161ta djece (Gradska uprava zadr\u017eava pravo provjere to\u010dnosti popisa).<\/li>\n\n\n\n<li>A\u017euriran cjenik usluga<\/li>\n<\/ul>\n\n\n\n<p><strong>V.&nbsp; OSTALE INFORMACIJE<\/strong><\/p>\n\n\n\n<p>Sve dodatne informacije mogu se dobiti na broj telefona: 039-835-545.<\/p>\n\n\n\n<p>Dokumentacija iz to\u010dke III ovog Poziva dostavlja se:<\/p>\n\n\n\n<ul class=\"wp-block-list\">\n<li>osobno ili preporu\u010deno putem po\u0161te na adresu: Grad Ljubu\u0161ki, Trg dr. Franje Tu\u0111mana 1, 88320 Ljubu\u0161ki, s naznakom &#8221;ZA JAVNI POZIV &#8211; ZA OSTVARIVANJE PRAVA NA SUBVENCIJU ZA PRIVATNE DJE\u010cJE VRTI\u0106E NA PODRU\u010cJU GRADA LJUBU\u0160KOG ZA 2025. GODINU&#8221; i &#8221;NE OTVARAJ&#8221;.<\/li>\n<\/ul>\n\n\n\n<p>Javni poziv ostaje otvoren 10 (deset) dana od dana objavljivanja Javnog poziva na slu\u017ebenoj web stranici Grada Ljubu\u0161kog <a href=\"http:\/\/www.ljubuski.ba\/\">www.ljubuski.ba<\/a>.<\/p>\n\n\n\n<p>Nepotpune i nepravovremene prijave ne\u0107e se razmatrati.<\/p>\n\n\n\n<p>Popis dje\u010djih vrti\u0107a koji ostvare pravo na subvenciju biti \u0107e objavljen na oglasnoj plo\u010di Gradske uprave te na slu\u017ebenoj web stranici Grada Ljubu\u0161kog.<\/p>\n\n\n\n<p><strong>Privitci<\/strong><\/p>\n\n\n\n<div class=\"wp-block-file\"><a id=\"wp-block-file--media-afb0f244-c0c9-42fd-a6bb-8fa4046ba2b6\" href=\"https:\/\/radioljubuski.ba\/wp-content\/uploads\/2025\/05\/Prijavni-obrazac-Javni-poziv-za-djecje-vrtice.docx\">Prijavni-obrazac-Javni-poziv-za-djecje-vrtice<\/a><a href=\"https:\/\/radioljubuski.ba\/wp-content\/uploads\/2025\/05\/Prijavni-obrazac-Javni-poziv-za-djecje-vrtice.docx\" class=\"wp-block-file__button wp-element-button\" download aria-describedby=\"wp-block-file--media-afb0f244-c0c9-42fd-a6bb-8fa4046ba2b6\">Preuzmi<\/a><\/div>\n\n\n\n<p><\/p>\n\n\n\n<p><\/p>\n\n\n\n<p>Grad Ljubu\u0161ki<\/p>\n\n\n\n<p><\/p>\n","protected":false},"excerpt":{"rendered":"<p>Na temelju \u010dlanka 132. Statuta Grada Ljubu\u0161kog (\u201eSlu\u017ebeni glasnik Grada Ljubu\u0161kog\u201d broj: 6\/19) i \u010dlanka 4. stavak 1. Odluke o subvenciji za privatne dje\u010dje vrti\u0107e na podru\u010dju grada Ljubu\u0161kog za 2024. godinu (\u201eSlu\u017ebeni glasnik Grada Ljubu\u0161kog\u201d broj: 1\/24), Gradona\u010delnik Grada Ljubu\u0161kog&nbsp;&nbsp; o b j a v lj u j e J A V N I&nbsp;&nbsp;&nbsp; [&hellip;]<\/p>\n","protected":false},"author":2,"featured_media":216748,"comment_status":"closed","ping_status":"closed","sticky":false,"template":"","format":"standard","meta":{"h5ap_radio_sources":[],"footnotes":""},"categories":[29,3],"tags":[],"class_list":["post-216746","post","type-post","status-publish","format-standard","has-post-thumbnail","hentry","category-gradska-uprava","category-ljubuski"],"yoast_head":"<!-- This site is optimized with the Yoast SEO plugin v27.5 - https:\/\/yoast.com\/product\/yoast-seo-wordpress\/ -->\n<title>Javni poziv za ostvarivanje prava na subvenciju za privatne dje\u010dje vrti\u0107e na podru\u010dju Grada Ljubu\u0161kog za 2025. godinu - RADIO LJUBU\u0160KI<\/title>\n<meta name=\"robots\" content=\"index, follow, max-snippet:-1, max-image-preview:large, max-video-preview:-1\" \/>\n<link rel=\"canonical\" href=\"https:\/\/radioljubuski.ba\/index.php\/2025\/05\/13\/javni-poziv-za-ostvarivanje-prava-na-subvenciju-za-privatne-djecje-vrtice-na-podrucju-grada-ljubuskog-za-2025-godinu\/\" \/>\n<meta property=\"og:locale\" content=\"hr_HR\" \/>\n<meta property=\"og:type\" content=\"article\" \/>\n<meta property=\"og:title\" content=\"Javni poziv za ostvarivanje prava na subvenciju za privatne dje\u010dje vrti\u0107e na podru\u010dju Grada Ljubu\u0161kog za 2025. godinu - RADIO LJUBU\u0160KI\" \/>\n<meta property=\"og:description\" content=\"Na temelju \u010dlanka 132. Statuta Grada Ljubu\u0161kog (\u201eSlu\u017ebeni glasnik Grada Ljubu\u0161kog\u201d broj: 6\/19) i \u010dlanka 4. stavak 1. Odluke o subvenciji za privatne dje\u010dje vrti\u0107e na podru\u010dju grada Ljubu\u0161kog za 2024. godinu (\u201eSlu\u017ebeni glasnik Grada Ljubu\u0161kog\u201d broj: 1\/24), Gradona\u010delnik Grada Ljubu\u0161kog&nbsp;&nbsp; o b j a v lj u j e J A V N I&nbsp;&nbsp;&nbsp; [&hellip;]\" \/>\n<meta property=\"og:url\" content=\"https:\/\/radioljubuski.ba\/index.php\/2025\/05\/13\/javni-poziv-za-ostvarivanje-prava-na-subvenciju-za-privatne-djecje-vrtice-na-podrucju-grada-ljubuskog-za-2025-godinu\/\" \/>\n<meta property=\"og:site_name\" content=\"RADIO LJUBU\u0160KI\" \/>\n<meta property=\"article:publisher\" content=\"https:\/\/www.facebook.com\/Radiio-Ljubuski-1490835324566332\" \/>\n<meta property=\"article:published_time\" content=\"2025-05-13T11:38:59+00:00\" \/>\n<meta property=\"article:modified_time\" content=\"2025-05-19T08:23:54+00:00\" \/>\n<meta property=\"og:image\" content=\"https:\/\/radioljubuski.ba\/wp-content\/uploads\/2025\/05\/a67ba610-6d02-4ff2-9f7e-00bbb4b57738.jpg\" \/>\n\t<meta property=\"og:image:width\" content=\"1536\" \/>\n\t<meta property=\"og:image:height\" content=\"2048\" \/>\n\t<meta property=\"og:image:type\" content=\"image\/jpeg\" \/>\n<meta name=\"author\" content=\"Radio Ljubu\u0161ki\" \/>\n<meta name=\"twitter:card\" content=\"summary_large_image\" \/>\n<meta name=\"twitter:creator\" content=\"@radioljubuski\" \/>\n<meta name=\"twitter:site\" content=\"@radioljubuski\" \/>\n<meta name=\"twitter:label1\" content=\"Napisao\/la\" \/>\n\t<meta name=\"twitter:data1\" content=\"Radio Ljubu\u0161ki\" \/>\n\t<meta name=\"twitter:label2\" content=\"Procijenjeno vrijeme \u010ditanja\" \/>\n\t<meta name=\"twitter:data2\" content=\"3 minute\" \/>\n<script type=\"application\/ld+json\" class=\"yoast-schema-graph\">{\"@context\":\"https:\\\/\\\/schema.org\",\"@graph\":[{\"@type\":\"Article\",\"@id\":\"https:\\\/\\\/radioljubuski.ba\\\/index.php\\\/2025\\\/05\\\/13\\\/javni-poziv-za-ostvarivanje-prava-na-subvenciju-za-privatne-djecje-vrtice-na-podrucju-grada-ljubuskog-za-2025-godinu\\\/#article\",\"isPartOf\":{\"@id\":\"https:\\\/\\\/radioljubuski.ba\\\/index.php\\\/2025\\\/05\\\/13\\\/javni-poziv-za-ostvarivanje-prava-na-subvenciju-za-privatne-djecje-vrtice-na-podrucju-grada-ljubuskog-za-2025-godinu\\\/\"},\"author\":{\"name\":\"Radio Ljubu\u0161ki\",\"@id\":\"https:\\\/\\\/radioljubuski.ba\\\/#\\\/schema\\\/person\\\/19fc700381a780f69665d7956c469e3b\"},\"headline\":\"Javni poziv za ostvarivanje prava na subvenciju za privatne dje\u010dje vrti\u0107e na podru\u010dju Grada Ljubu\u0161kog za 2025. godinu\",\"datePublished\":\"2025-05-13T11:38:59+00:00\",\"dateModified\":\"2025-05-19T08:23:54+00:00\",\"mainEntityOfPage\":{\"@id\":\"https:\\\/\\\/radioljubuski.ba\\\/index.php\\\/2025\\\/05\\\/13\\\/javni-poziv-za-ostvarivanje-prava-na-subvenciju-za-privatne-djecje-vrtice-na-podrucju-grada-ljubuskog-za-2025-godinu\\\/\"},\"wordCount\":636,\"publisher\":{\"@id\":\"https:\\\/\\\/radioljubuski.ba\\\/#organization\"},\"image\":{\"@id\":\"https:\\\/\\\/radioljubuski.ba\\\/index.php\\\/2025\\\/05\\\/13\\\/javni-poziv-za-ostvarivanje-prava-na-subvenciju-za-privatne-djecje-vrtice-na-podrucju-grada-ljubuskog-za-2025-godinu\\\/#primaryimage\"},\"thumbnailUrl\":\"https:\\\/\\\/radioljubuski.ba\\\/wp-content\\\/uploads\\\/2025\\\/05\\\/a67ba610-6d02-4ff2-9f7e-00bbb4b57738.jpg\",\"articleSection\":[\"Gradska Uprava\",\"Ljubu\u0161ki\"],\"inLanguage\":\"hr\"},{\"@type\":\"WebPage\",\"@id\":\"https:\\\/\\\/radioljubuski.ba\\\/index.php\\\/2025\\\/05\\\/13\\\/javni-poziv-za-ostvarivanje-prava-na-subvenciju-za-privatne-djecje-vrtice-na-podrucju-grada-ljubuskog-za-2025-godinu\\\/\",\"url\":\"https:\\\/\\\/radioljubuski.ba\\\/index.php\\\/2025\\\/05\\\/13\\\/javni-poziv-za-ostvarivanje-prava-na-subvenciju-za-privatne-djecje-vrtice-na-podrucju-grada-ljubuskog-za-2025-godinu\\\/\",\"name\":\"Javni poziv za ostvarivanje prava na subvenciju za privatne dje\u010dje vrti\u0107e na podru\u010dju Grada Ljubu\u0161kog za 2025. godinu - RADIO LJUBU\u0160KI\",\"isPartOf\":{\"@id\":\"https:\\\/\\\/radioljubuski.ba\\\/#website\"},\"primaryImageOfPage\":{\"@id\":\"https:\\\/\\\/radioljubuski.ba\\\/index.php\\\/2025\\\/05\\\/13\\\/javni-poziv-za-ostvarivanje-prava-na-subvenciju-za-privatne-djecje-vrtice-na-podrucju-grada-ljubuskog-za-2025-godinu\\\/#primaryimage\"},\"image\":{\"@id\":\"https:\\\/\\\/radioljubuski.ba\\\/index.php\\\/2025\\\/05\\\/13\\\/javni-poziv-za-ostvarivanje-prava-na-subvenciju-za-privatne-djecje-vrtice-na-podrucju-grada-ljubuskog-za-2025-godinu\\\/#primaryimage\"},\"thumbnailUrl\":\"https:\\\/\\\/radioljubuski.ba\\\/wp-content\\\/uploads\\\/2025\\\/05\\\/a67ba610-6d02-4ff2-9f7e-00bbb4b57738.jpg\",\"datePublished\":\"2025-05-13T11:38:59+00:00\",\"dateModified\":\"2025-05-19T08:23:54+00:00\",\"breadcrumb\":{\"@id\":\"https:\\\/\\\/radioljubuski.ba\\\/index.php\\\/2025\\\/05\\\/13\\\/javni-poziv-za-ostvarivanje-prava-na-subvenciju-za-privatne-djecje-vrtice-na-podrucju-grada-ljubuskog-za-2025-godinu\\\/#breadcrumb\"},\"inLanguage\":\"hr\",\"potentialAction\":[{\"@type\":\"ReadAction\",\"target\":[\"https:\\\/\\\/radioljubuski.ba\\\/index.php\\\/2025\\\/05\\\/13\\\/javni-poziv-za-ostvarivanje-prava-na-subvenciju-za-privatne-djecje-vrtice-na-podrucju-grada-ljubuskog-za-2025-godinu\\\/\"]}]},{\"@type\":\"ImageObject\",\"inLanguage\":\"hr\",\"@id\":\"https:\\\/\\\/radioljubuski.ba\\\/index.php\\\/2025\\\/05\\\/13\\\/javni-poziv-za-ostvarivanje-prava-na-subvenciju-za-privatne-djecje-vrtice-na-podrucju-grada-ljubuskog-za-2025-godinu\\\/#primaryimage\",\"url\":\"https:\\\/\\\/radioljubuski.ba\\\/wp-content\\\/uploads\\\/2025\\\/05\\\/a67ba610-6d02-4ff2-9f7e-00bbb4b57738.jpg\",\"contentUrl\":\"https:\\\/\\\/radioljubuski.ba\\\/wp-content\\\/uploads\\\/2025\\\/05\\\/a67ba610-6d02-4ff2-9f7e-00bbb4b57738.jpg\",\"width\":1536,\"height\":2048},{\"@type\":\"BreadcrumbList\",\"@id\":\"https:\\\/\\\/radioljubuski.ba\\\/index.php\\\/2025\\\/05\\\/13\\\/javni-poziv-za-ostvarivanje-prava-na-subvenciju-za-privatne-djecje-vrtice-na-podrucju-grada-ljubuskog-za-2025-godinu\\\/#breadcrumb\",\"itemListElement\":[{\"@type\":\"ListItem\",\"position\":1,\"name\":\"Po\u010detna stranica\",\"item\":\"https:\\\/\\\/radioljubuski.ba\\\/\"},{\"@type\":\"ListItem\",\"position\":2,\"name\":\"Javni poziv za ostvarivanje prava na subvenciju za privatne dje\u010dje vrti\u0107e na podru\u010dju Grada Ljubu\u0161kog za 2025. godinu\"}]},{\"@type\":\"WebSite\",\"@id\":\"https:\\\/\\\/radioljubuski.ba\\\/#website\",\"url\":\"https:\\\/\\\/radioljubuski.ba\\\/\",\"name\":\"Radio Ljubu\u0161ki\",\"description\":\"Sun\u010dana frekvencija Hercegovine\",\"publisher\":{\"@id\":\"https:\\\/\\\/radioljubuski.ba\\\/#organization\"},\"potentialAction\":[{\"@type\":\"SearchAction\",\"target\":{\"@type\":\"EntryPoint\",\"urlTemplate\":\"https:\\\/\\\/radioljubuski.ba\\\/?s={search_term_string}\"},\"query-input\":{\"@type\":\"PropertyValueSpecification\",\"valueRequired\":true,\"valueName\":\"search_term_string\"}}],\"inLanguage\":\"hr\"},{\"@type\":\"Organization\",\"@id\":\"https:\\\/\\\/radioljubuski.ba\\\/#organization\",\"name\":\"Radio Ljubu\u0161ki\",\"url\":\"https:\\\/\\\/radioljubuski.ba\\\/\",\"logo\":{\"@type\":\"ImageObject\",\"inLanguage\":\"hr\",\"@id\":\"https:\\\/\\\/radioljubuski.ba\\\/#\\\/schema\\\/logo\\\/image\\\/\",\"url\":\"https:\\\/\\\/radioljubuski.ba\\\/wp-content\\\/uploads\\\/2021\\\/02\\\/cropped-Radio_Ljubuski_logo1.jpg\",\"contentUrl\":\"https:\\\/\\\/radioljubuski.ba\\\/wp-content\\\/uploads\\\/2021\\\/02\\\/cropped-Radio_Ljubuski_logo1.jpg\",\"width\":512,\"height\":512,\"caption\":\"Radio Ljubu\u0161ki\"},\"image\":{\"@id\":\"https:\\\/\\\/radioljubuski.ba\\\/#\\\/schema\\\/logo\\\/image\\\/\"},\"sameAs\":[\"https:\\\/\\\/www.facebook.com\\\/Radiio-Ljubuski-1490835324566332\",\"https:\\\/\\\/x.com\\\/radioljubuski\",\"https:\\\/\\\/hr.linkedin.com\\\/company\\\/radio-ljubuski\",\"https:\\\/\\\/www.youtube.com\\\/channel\\\/UCHYaeO_n0Db3tjNGudGpXyw\"]},{\"@type\":\"Person\",\"@id\":\"https:\\\/\\\/radioljubuski.ba\\\/#\\\/schema\\\/person\\\/19fc700381a780f69665d7956c469e3b\",\"name\":\"Radio Ljubu\u0161ki\"}]}<\/script>\n<!-- \/ Yoast SEO plugin. -->","yoast_head_json":{"title":"Javni poziv za ostvarivanje prava na subvenciju za privatne dje\u010dje vrti\u0107e na podru\u010dju Grada Ljubu\u0161kog za 2025. godinu - RADIO LJUBU\u0160KI","robots":{"index":"index","follow":"follow","max-snippet":"max-snippet:-1","max-image-preview":"max-image-preview:large","max-video-preview":"max-video-preview:-1"},"canonical":"https:\/\/radioljubuski.ba\/index.php\/2025\/05\/13\/javni-poziv-za-ostvarivanje-prava-na-subvenciju-za-privatne-djecje-vrtice-na-podrucju-grada-ljubuskog-za-2025-godinu\/","og_locale":"hr_HR","og_type":"article","og_title":"Javni poziv za ostvarivanje prava na subvenciju za privatne dje\u010dje vrti\u0107e na podru\u010dju Grada Ljubu\u0161kog za 2025. godinu - RADIO LJUBU\u0160KI","og_description":"Na temelju \u010dlanka 132. Statuta Grada Ljubu\u0161kog (\u201eSlu\u017ebeni glasnik Grada Ljubu\u0161kog\u201d broj: 6\/19) i \u010dlanka 4. stavak 1. Odluke o subvenciji za privatne dje\u010dje vrti\u0107e na podru\u010dju grada Ljubu\u0161kog za 2024. godinu (\u201eSlu\u017ebeni glasnik Grada Ljubu\u0161kog\u201d broj: 1\/24), Gradona\u010delnik Grada Ljubu\u0161kog&nbsp;&nbsp; o b j a v lj u j e J A V N I&nbsp;&nbsp;&nbsp; [&hellip;]","og_url":"https:\/\/radioljubuski.ba\/index.php\/2025\/05\/13\/javni-poziv-za-ostvarivanje-prava-na-subvenciju-za-privatne-djecje-vrtice-na-podrucju-grada-ljubuskog-za-2025-godinu\/","og_site_name":"RADIO LJUBU\u0160KI","article_publisher":"https:\/\/www.facebook.com\/Radiio-Ljubuski-1490835324566332","article_published_time":"2025-05-13T11:38:59+00:00","article_modified_time":"2025-05-19T08:23:54+00:00","og_image":[{"width":1536,"height":2048,"url":"https:\/\/radioljubuski.ba\/wp-content\/uploads\/2025\/05\/a67ba610-6d02-4ff2-9f7e-00bbb4b57738.jpg","type":"image\/jpeg"}],"author":"Radio Ljubu\u0161ki","twitter_card":"summary_large_image","twitter_creator":"@radioljubuski","twitter_site":"@radioljubuski","twitter_misc":{"Napisao\/la":"Radio Ljubu\u0161ki","Procijenjeno vrijeme \u010ditanja":"3 minute"},"schema":{"@context":"https:\/\/schema.org","@graph":[{"@type":"Article","@id":"https:\/\/radioljubuski.ba\/index.php\/2025\/05\/13\/javni-poziv-za-ostvarivanje-prava-na-subvenciju-za-privatne-djecje-vrtice-na-podrucju-grada-ljubuskog-za-2025-godinu\/#article","isPartOf":{"@id":"https:\/\/radioljubuski.ba\/index.php\/2025\/05\/13\/javni-poziv-za-ostvarivanje-prava-na-subvenciju-za-privatne-djecje-vrtice-na-podrucju-grada-ljubuskog-za-2025-godinu\/"},"author":{"name":"Radio Ljubu\u0161ki","@id":"https:\/\/radioljubuski.ba\/#\/schema\/person\/19fc700381a780f69665d7956c469e3b"},"headline":"Javni poziv za ostvarivanje prava na subvenciju za privatne dje\u010dje vrti\u0107e na podru\u010dju Grada Ljubu\u0161kog za 2025. godinu","datePublished":"2025-05-13T11:38:59+00:00","dateModified":"2025-05-19T08:23:54+00:00","mainEntityOfPage":{"@id":"https:\/\/radioljubuski.ba\/index.php\/2025\/05\/13\/javni-poziv-za-ostvarivanje-prava-na-subvenciju-za-privatne-djecje-vrtice-na-podrucju-grada-ljubuskog-za-2025-godinu\/"},"wordCount":636,"publisher":{"@id":"https:\/\/radioljubuski.ba\/#organization"},"image":{"@id":"https:\/\/radioljubuski.ba\/index.php\/2025\/05\/13\/javni-poziv-za-ostvarivanje-prava-na-subvenciju-za-privatne-djecje-vrtice-na-podrucju-grada-ljubuskog-za-2025-godinu\/#primaryimage"},"thumbnailUrl":"https:\/\/radioljubuski.ba\/wp-content\/uploads\/2025\/05\/a67ba610-6d02-4ff2-9f7e-00bbb4b57738.jpg","articleSection":["Gradska Uprava","Ljubu\u0161ki"],"inLanguage":"hr"},{"@type":"WebPage","@id":"https:\/\/radioljubuski.ba\/index.php\/2025\/05\/13\/javni-poziv-za-ostvarivanje-prava-na-subvenciju-za-privatne-djecje-vrtice-na-podrucju-grada-ljubuskog-za-2025-godinu\/","url":"https:\/\/radioljubuski.ba\/index.php\/2025\/05\/13\/javni-poziv-za-ostvarivanje-prava-na-subvenciju-za-privatne-djecje-vrtice-na-podrucju-grada-ljubuskog-za-2025-godinu\/","name":"Javni poziv za ostvarivanje prava na subvenciju za privatne dje\u010dje vrti\u0107e na podru\u010dju Grada Ljubu\u0161kog za 2025. godinu - RADIO LJUBU\u0160KI","isPartOf":{"@id":"https:\/\/radioljubuski.ba\/#website"},"primaryImageOfPage":{"@id":"https:\/\/radioljubuski.ba\/index.php\/2025\/05\/13\/javni-poziv-za-ostvarivanje-prava-na-subvenciju-za-privatne-djecje-vrtice-na-podrucju-grada-ljubuskog-za-2025-godinu\/#primaryimage"},"image":{"@id":"https:\/\/radioljubuski.ba\/index.php\/2025\/05\/13\/javni-poziv-za-ostvarivanje-prava-na-subvenciju-za-privatne-djecje-vrtice-na-podrucju-grada-ljubuskog-za-2025-godinu\/#primaryimage"},"thumbnailUrl":"https:\/\/radioljubuski.ba\/wp-content\/uploads\/2025\/05\/a67ba610-6d02-4ff2-9f7e-00bbb4b57738.jpg","datePublished":"2025-05-13T11:38:59+00:00","dateModified":"2025-05-19T08:23:54+00:00","breadcrumb":{"@id":"https:\/\/radioljubuski.ba\/index.php\/2025\/05\/13\/javni-poziv-za-ostvarivanje-prava-na-subvenciju-za-privatne-djecje-vrtice-na-podrucju-grada-ljubuskog-za-2025-godinu\/#breadcrumb"},"inLanguage":"hr","potentialAction":[{"@type":"ReadAction","target":["https:\/\/radioljubuski.ba\/index.php\/2025\/05\/13\/javni-poziv-za-ostvarivanje-prava-na-subvenciju-za-privatne-djecje-vrtice-na-podrucju-grada-ljubuskog-za-2025-godinu\/"]}]},{"@type":"ImageObject","inLanguage":"hr","@id":"https:\/\/radioljubuski.ba\/index.php\/2025\/05\/13\/javni-poziv-za-ostvarivanje-prava-na-subvenciju-za-privatne-djecje-vrtice-na-podrucju-grada-ljubuskog-za-2025-godinu\/#primaryimage","url":"https:\/\/radioljubuski.ba\/wp-content\/uploads\/2025\/05\/a67ba610-6d02-4ff2-9f7e-00bbb4b57738.jpg","contentUrl":"https:\/\/radioljubuski.ba\/wp-content\/uploads\/2025\/05\/a67ba610-6d02-4ff2-9f7e-00bbb4b57738.jpg","width":1536,"height":2048},{"@type":"BreadcrumbList","@id":"https:\/\/radioljubuski.ba\/index.php\/2025\/05\/13\/javni-poziv-za-ostvarivanje-prava-na-subvenciju-za-privatne-djecje-vrtice-na-podrucju-grada-ljubuskog-za-2025-godinu\/#breadcrumb","itemListElement":[{"@type":"ListItem","position":1,"name":"Po\u010detna stranica","item":"https:\/\/radioljubuski.ba\/"},{"@type":"ListItem","position":2,"name":"Javni poziv za ostvarivanje prava na subvenciju za privatne dje\u010dje vrti\u0107e na podru\u010dju Grada Ljubu\u0161kog za 2025. godinu"}]},{"@type":"WebSite","@id":"https:\/\/radioljubuski.ba\/#website","url":"https:\/\/radioljubuski.ba\/","name":"Radio Ljubu\u0161ki","description":"Sun\u010dana frekvencija Hercegovine","publisher":{"@id":"https:\/\/radioljubuski.ba\/#organization"},"potentialAction":[{"@type":"SearchAction","target":{"@type":"EntryPoint","urlTemplate":"https:\/\/radioljubuski.ba\/?s={search_term_string}"},"query-input":{"@type":"PropertyValueSpecification","valueRequired":true,"valueName":"search_term_string"}}],"inLanguage":"hr"},{"@type":"Organization","@id":"https:\/\/radioljubuski.ba\/#organization","name":"Radio Ljubu\u0161ki","url":"https:\/\/radioljubuski.ba\/","logo":{"@type":"ImageObject","inLanguage":"hr","@id":"https:\/\/radioljubuski.ba\/#\/schema\/logo\/image\/","url":"https:\/\/radioljubuski.ba\/wp-content\/uploads\/2021\/02\/cropped-Radio_Ljubuski_logo1.jpg","contentUrl":"https:\/\/radioljubuski.ba\/wp-content\/uploads\/2021\/02\/cropped-Radio_Ljubuski_logo1.jpg","width":512,"height":512,"caption":"Radio Ljubu\u0161ki"},"image":{"@id":"https:\/\/radioljubuski.ba\/#\/schema\/logo\/image\/"},"sameAs":["https:\/\/www.facebook.com\/Radiio-Ljubuski-1490835324566332","https:\/\/x.com\/radioljubuski","https:\/\/hr.linkedin.com\/company\/radio-ljubuski","https:\/\/www.youtube.com\/channel\/UCHYaeO_n0Db3tjNGudGpXyw"]},{"@type":"Person","@id":"https:\/\/radioljubuski.ba\/#\/schema\/person\/19fc700381a780f69665d7956c469e3b","name":"Radio Ljubu\u0161ki"}]}},"_links":{"self":[{"href":"https:\/\/radioljubuski.ba\/index.php\/wp-json\/wp\/v2\/posts\/216746","targetHints":{"allow":["GET"]}}],"collection":[{"href":"https:\/\/radioljubuski.ba\/index.php\/wp-json\/wp\/v2\/posts"}],"about":[{"href":"https:\/\/radioljubuski.ba\/index.php\/wp-json\/wp\/v2\/types\/post"}],"author":[{"embeddable":true,"href":"https:\/\/radioljubuski.ba\/index.php\/wp-json\/wp\/v2\/users\/2"}],"replies":[{"embeddable":true,"href":"https:\/\/radioljubuski.ba\/index.php\/wp-json\/wp\/v2\/comments?post=216746"}],"version-history":[{"count":3,"href":"https:\/\/radioljubuski.ba\/index.php\/wp-json\/wp\/v2\/posts\/216746\/revisions"}],"predecessor-version":[{"id":216751,"href":"https:\/\/radioljubuski.ba\/index.php\/wp-json\/wp\/v2\/posts\/216746\/revisions\/216751"}],"wp:featuredmedia":[{"embeddable":true,"href":"https:\/\/radioljubuski.ba\/index.php\/wp-json\/wp\/v2\/media\/216748"}],"wp:attachment":[{"href":"https:\/\/radioljubuski.ba\/index.php\/wp-json\/wp\/v2\/media?parent=216746"}],"wp:term":[{"taxonomy":"category","embeddable":true,"href":"https:\/\/radioljubuski.ba\/index.php\/wp-json\/wp\/v2\/categories?post=216746"},{"taxonomy":"post_tag","embeddable":true,"href":"https:\/\/radioljubuski.ba\/index.php\/wp-json\/wp\/v2\/tags?post=216746"}],"curies":[{"name":"wp","href":"https:\/\/api.w.org\/{rel}","templated":true}]}}