{"id":217578,"date":"2025-06-06T06:56:33","date_gmt":"2025-06-06T05:56:33","guid":{"rendered":"https:\/\/radioljubuski.ba\/?p=217578"},"modified":"2025-06-06T06:56:34","modified_gmt":"2025-06-06T05:56:34","slug":"javni-poziv-za-upis-djece-u-programe-ju-djecji-vrtic-ljubuski-za-pedagosku-2025-2026-godinu","status":"publish","type":"post","link":"https:\/\/radioljubuski.ba\/index.php\/2025\/06\/06\/javni-poziv-za-upis-djece-u-programe-ju-djecji-vrtic-ljubuski-za-pedagosku-2025-2026-godinu\/","title":{"rendered":"Javni poziv za upis djece u programe JU \u201eDje\u010dji vrti\u0107 Ljubu\u0161ki\u201c za pedago\u0161ku 2025.\/2026. godinu"},"content":{"rendered":"\n<p>Na temelju \u010dlanka 3. Pravilnika o na\u010dinu ostvarivanja prednosti pri upisu djece u Dje\u010dji vrti\u0107 Ljubu\u0161ki, broj: 101\/25 od 15. travnja 2025. godine, Ravnatelj Javne ustanove Dje\u010dji vrti\u0107 Ljubu\u0161ki o b j a v lj u j e<\/p>\n\n\n\n<p>JAVNI POZIV za upis djece u programe JU \u201eDje\u010dji vrti\u0107 Ljubu\u0161ki\u201c za pedago\u0161ku 2025.\/2026. godinu<\/p>\n\n\n\n<h3 class=\"wp-block-heading\">Privitci<\/h3>\n\n\n\n<ul class=\"wp-block-list\">\n<li><a href=\"https:\/\/ljubuski.ba\/download-attachment\/244352\" target=\"_blank\" rel=\"noreferrer noopener\">Javni poziv za upis djece u programe JU \u201eDje\u010dji vrti\u0107 Ljubu\u0161ki\u201c za pedago\u0161ku 2025.\/2026. godinu<\/a><\/li>\n\n\n\n<li><a href=\"https:\/\/ljubuski.ba\/download-attachment\/244353\" target=\"_blank\" rel=\"noreferrer noopener\">Zahtjev i upitnik<\/a><\/li>\n<\/ul>\n\n\n\n<p>Grad Ljubu\u0161ki<\/p>\n","protected":false},"excerpt":{"rendered":"<p>Na temelju \u010dlanka 3. Pravilnika o na\u010dinu ostvarivanja prednosti pri upisu djece u Dje\u010dji vrti\u0107 Ljubu\u0161ki, broj: 101\/25 od 15. travnja 2025. godine, Ravnatelj Javne ustanove Dje\u010dji vrti\u0107 Ljubu\u0161ki o b j a v lj u j e JAVNI POZIV za upis djece u programe JU \u201eDje\u010dji vrti\u0107 Ljubu\u0161ki\u201c za pedago\u0161ku 2025.\/2026. godinu Privitci Grad [&hellip;]<\/p>\n","protected":false},"author":2,"featured_media":213287,"comment_status":"closed","ping_status":"closed","sticky":false,"template":"","format":"standard","meta":{"h5ap_radio_sources":[],"footnotes":""},"categories":[29,3],"tags":[],"class_list":["post-217578","post","type-post","status-publish","format-standard","has-post-thumbnail","hentry","category-gradska-uprava","category-ljubuski"],"yoast_head":"<!-- This site is optimized with the Yoast SEO plugin v27.5 - https:\/\/yoast.com\/product\/yoast-seo-wordpress\/ -->\n<title>Javni poziv za upis djece u programe JU \u201eDje\u010dji vrti\u0107 Ljubu\u0161ki\u201c za pedago\u0161ku 2025.\/2026. godinu - RADIO LJUBU\u0160KI<\/title>\n<meta name=\"robots\" content=\"index, follow, max-snippet:-1, max-image-preview:large, max-video-preview:-1\" \/>\n<link rel=\"canonical\" href=\"https:\/\/radioljubuski.ba\/index.php\/2025\/06\/06\/javni-poziv-za-upis-djece-u-programe-ju-djecji-vrtic-ljubuski-za-pedagosku-2025-2026-godinu\/\" \/>\n<meta property=\"og:locale\" content=\"hr_HR\" \/>\n<meta property=\"og:type\" content=\"article\" \/>\n<meta property=\"og:title\" content=\"Javni poziv za upis djece u programe JU \u201eDje\u010dji vrti\u0107 Ljubu\u0161ki\u201c za pedago\u0161ku 2025.\/2026. godinu - RADIO LJUBU\u0160KI\" \/>\n<meta property=\"og:description\" content=\"Na temelju \u010dlanka 3. Pravilnika o na\u010dinu ostvarivanja prednosti pri upisu djece u Dje\u010dji vrti\u0107 Ljubu\u0161ki, broj: 101\/25 od 15. travnja 2025. godine, Ravnatelj Javne ustanove Dje\u010dji vrti\u0107 Ljubu\u0161ki o b j a v lj u j e JAVNI POZIV za upis djece u programe JU \u201eDje\u010dji vrti\u0107 Ljubu\u0161ki\u201c za pedago\u0161ku 2025.\/2026. godinu Privitci Grad [&hellip;]\" \/>\n<meta property=\"og:url\" content=\"https:\/\/radioljubuski.ba\/index.php\/2025\/06\/06\/javni-poziv-za-upis-djece-u-programe-ju-djecji-vrtic-ljubuski-za-pedagosku-2025-2026-godinu\/\" \/>\n<meta property=\"og:site_name\" content=\"RADIO LJUBU\u0160KI\" \/>\n<meta property=\"article:publisher\" content=\"https:\/\/www.facebook.com\/Radiio-Ljubuski-1490835324566332\" \/>\n<meta property=\"article:published_time\" content=\"2025-06-06T05:56:33+00:00\" \/>\n<meta property=\"article:modified_time\" content=\"2025-06-06T05:56:34+00:00\" \/>\n<meta property=\"og:image\" content=\"https:\/\/radioljubuski.ba\/wp-content\/uploads\/2025\/01\/radio-ljubuski-2.jpg\" \/>\n\t<meta property=\"og:image:width\" content=\"1200\" \/>\n\t<meta property=\"og:image:height\" content=\"300\" \/>\n\t<meta property=\"og:image:type\" content=\"image\/jpeg\" \/>\n<meta name=\"author\" content=\"Radio Ljubu\u0161ki\" \/>\n<meta name=\"twitter:card\" content=\"summary_large_image\" \/>\n<meta name=\"twitter:creator\" content=\"@radioljubuski\" \/>\n<meta name=\"twitter:site\" content=\"@radioljubuski\" \/>\n<meta name=\"twitter:label1\" content=\"Napisao\/la\" \/>\n\t<meta name=\"twitter:data1\" content=\"Radio Ljubu\u0161ki\" \/>\n\t<meta name=\"twitter:label2\" content=\"Procijenjeno vrijeme \u010ditanja\" \/>\n\t<meta name=\"twitter:data2\" content=\"1 minuta\" \/>\n<script type=\"application\/ld+json\" class=\"yoast-schema-graph\">{\"@context\":\"https:\\\/\\\/schema.org\",\"@graph\":[{\"@type\":\"Article\",\"@id\":\"https:\\\/\\\/radioljubuski.ba\\\/index.php\\\/2025\\\/06\\\/06\\\/javni-poziv-za-upis-djece-u-programe-ju-djecji-vrtic-ljubuski-za-pedagosku-2025-2026-godinu\\\/#article\",\"isPartOf\":{\"@id\":\"https:\\\/\\\/radioljubuski.ba\\\/index.php\\\/2025\\\/06\\\/06\\\/javni-poziv-za-upis-djece-u-programe-ju-djecji-vrtic-ljubuski-za-pedagosku-2025-2026-godinu\\\/\"},\"author\":{\"name\":\"Radio Ljubu\u0161ki\",\"@id\":\"https:\\\/\\\/radioljubuski.ba\\\/#\\\/schema\\\/person\\\/19fc700381a780f69665d7956c469e3b\"},\"headline\":\"Javni poziv za upis djece u programe JU \u201eDje\u010dji vrti\u0107 Ljubu\u0161ki\u201c za pedago\u0161ku 2025.\\\/2026. godinu\",\"datePublished\":\"2025-06-06T05:56:33+00:00\",\"dateModified\":\"2025-06-06T05:56:34+00:00\",\"mainEntityOfPage\":{\"@id\":\"https:\\\/\\\/radioljubuski.ba\\\/index.php\\\/2025\\\/06\\\/06\\\/javni-poziv-za-upis-djece-u-programe-ju-djecji-vrtic-ljubuski-za-pedagosku-2025-2026-godinu\\\/\"},\"wordCount\":97,\"publisher\":{\"@id\":\"https:\\\/\\\/radioljubuski.ba\\\/#organization\"},\"image\":{\"@id\":\"https:\\\/\\\/radioljubuski.ba\\\/index.php\\\/2025\\\/06\\\/06\\\/javni-poziv-za-upis-djece-u-programe-ju-djecji-vrtic-ljubuski-za-pedagosku-2025-2026-godinu\\\/#primaryimage\"},\"thumbnailUrl\":\"https:\\\/\\\/radioljubuski.ba\\\/wp-content\\\/uploads\\\/2025\\\/01\\\/radio-ljubuski-2.jpg\",\"articleSection\":[\"Gradska Uprava\",\"Ljubu\u0161ki\"],\"inLanguage\":\"hr\"},{\"@type\":\"WebPage\",\"@id\":\"https:\\\/\\\/radioljubuski.ba\\\/index.php\\\/2025\\\/06\\\/06\\\/javni-poziv-za-upis-djece-u-programe-ju-djecji-vrtic-ljubuski-za-pedagosku-2025-2026-godinu\\\/\",\"url\":\"https:\\\/\\\/radioljubuski.ba\\\/index.php\\\/2025\\\/06\\\/06\\\/javni-poziv-za-upis-djece-u-programe-ju-djecji-vrtic-ljubuski-za-pedagosku-2025-2026-godinu\\\/\",\"name\":\"Javni poziv za upis djece u programe JU \u201eDje\u010dji vrti\u0107 Ljubu\u0161ki\u201c za pedago\u0161ku 2025.\\\/2026. godinu - RADIO LJUBU\u0160KI\",\"isPartOf\":{\"@id\":\"https:\\\/\\\/radioljubuski.ba\\\/#website\"},\"primaryImageOfPage\":{\"@id\":\"https:\\\/\\\/radioljubuski.ba\\\/index.php\\\/2025\\\/06\\\/06\\\/javni-poziv-za-upis-djece-u-programe-ju-djecji-vrtic-ljubuski-za-pedagosku-2025-2026-godinu\\\/#primaryimage\"},\"image\":{\"@id\":\"https:\\\/\\\/radioljubuski.ba\\\/index.php\\\/2025\\\/06\\\/06\\\/javni-poziv-za-upis-djece-u-programe-ju-djecji-vrtic-ljubuski-za-pedagosku-2025-2026-godinu\\\/#primaryimage\"},\"thumbnailUrl\":\"https:\\\/\\\/radioljubuski.ba\\\/wp-content\\\/uploads\\\/2025\\\/01\\\/radio-ljubuski-2.jpg\",\"datePublished\":\"2025-06-06T05:56:33+00:00\",\"dateModified\":\"2025-06-06T05:56:34+00:00\",\"breadcrumb\":{\"@id\":\"https:\\\/\\\/radioljubuski.ba\\\/index.php\\\/2025\\\/06\\\/06\\\/javni-poziv-za-upis-djece-u-programe-ju-djecji-vrtic-ljubuski-za-pedagosku-2025-2026-godinu\\\/#breadcrumb\"},\"inLanguage\":\"hr\",\"potentialAction\":[{\"@type\":\"ReadAction\",\"target\":[\"https:\\\/\\\/radioljubuski.ba\\\/index.php\\\/2025\\\/06\\\/06\\\/javni-poziv-za-upis-djece-u-programe-ju-djecji-vrtic-ljubuski-za-pedagosku-2025-2026-godinu\\\/\"]}]},{\"@type\":\"ImageObject\",\"inLanguage\":\"hr\",\"@id\":\"https:\\\/\\\/radioljubuski.ba\\\/index.php\\\/2025\\\/06\\\/06\\\/javni-poziv-za-upis-djece-u-programe-ju-djecji-vrtic-ljubuski-za-pedagosku-2025-2026-godinu\\\/#primaryimage\",\"url\":\"https:\\\/\\\/radioljubuski.ba\\\/wp-content\\\/uploads\\\/2025\\\/01\\\/radio-ljubuski-2.jpg\",\"contentUrl\":\"https:\\\/\\\/radioljubuski.ba\\\/wp-content\\\/uploads\\\/2025\\\/01\\\/radio-ljubuski-2.jpg\",\"width\":1200,\"height\":300},{\"@type\":\"BreadcrumbList\",\"@id\":\"https:\\\/\\\/radioljubuski.ba\\\/index.php\\\/2025\\\/06\\\/06\\\/javni-poziv-za-upis-djece-u-programe-ju-djecji-vrtic-ljubuski-za-pedagosku-2025-2026-godinu\\\/#breadcrumb\",\"itemListElement\":[{\"@type\":\"ListItem\",\"position\":1,\"name\":\"Po\u010detna stranica\",\"item\":\"https:\\\/\\\/radioljubuski.ba\\\/\"},{\"@type\":\"ListItem\",\"position\":2,\"name\":\"Javni poziv za upis djece u programe JU \u201eDje\u010dji vrti\u0107 Ljubu\u0161ki\u201c za pedago\u0161ku 2025.\\\/2026. godinu\"}]},{\"@type\":\"WebSite\",\"@id\":\"https:\\\/\\\/radioljubuski.ba\\\/#website\",\"url\":\"https:\\\/\\\/radioljubuski.ba\\\/\",\"name\":\"Radio Ljubu\u0161ki\",\"description\":\"Sun\u010dana frekvencija Hercegovine\",\"publisher\":{\"@id\":\"https:\\\/\\\/radioljubuski.ba\\\/#organization\"},\"potentialAction\":[{\"@type\":\"SearchAction\",\"target\":{\"@type\":\"EntryPoint\",\"urlTemplate\":\"https:\\\/\\\/radioljubuski.ba\\\/?s={search_term_string}\"},\"query-input\":{\"@type\":\"PropertyValueSpecification\",\"valueRequired\":true,\"valueName\":\"search_term_string\"}}],\"inLanguage\":\"hr\"},{\"@type\":\"Organization\",\"@id\":\"https:\\\/\\\/radioljubuski.ba\\\/#organization\",\"name\":\"Radio Ljubu\u0161ki\",\"url\":\"https:\\\/\\\/radioljubuski.ba\\\/\",\"logo\":{\"@type\":\"ImageObject\",\"inLanguage\":\"hr\",\"@id\":\"https:\\\/\\\/radioljubuski.ba\\\/#\\\/schema\\\/logo\\\/image\\\/\",\"url\":\"https:\\\/\\\/radioljubuski.ba\\\/wp-content\\\/uploads\\\/2021\\\/02\\\/cropped-Radio_Ljubuski_logo1.jpg\",\"contentUrl\":\"https:\\\/\\\/radioljubuski.ba\\\/wp-content\\\/uploads\\\/2021\\\/02\\\/cropped-Radio_Ljubuski_logo1.jpg\",\"width\":512,\"height\":512,\"caption\":\"Radio Ljubu\u0161ki\"},\"image\":{\"@id\":\"https:\\\/\\\/radioljubuski.ba\\\/#\\\/schema\\\/logo\\\/image\\\/\"},\"sameAs\":[\"https:\\\/\\\/www.facebook.com\\\/Radiio-Ljubuski-1490835324566332\",\"https:\\\/\\\/x.com\\\/radioljubuski\",\"https:\\\/\\\/hr.linkedin.com\\\/company\\\/radio-ljubuski\",\"https:\\\/\\\/www.youtube.com\\\/channel\\\/UCHYaeO_n0Db3tjNGudGpXyw\"]},{\"@type\":\"Person\",\"@id\":\"https:\\\/\\\/radioljubuski.ba\\\/#\\\/schema\\\/person\\\/19fc700381a780f69665d7956c469e3b\",\"name\":\"Radio Ljubu\u0161ki\"}]}<\/script>\n<!-- \/ Yoast SEO plugin. -->","yoast_head_json":{"title":"Javni poziv za upis djece u programe JU \u201eDje\u010dji vrti\u0107 Ljubu\u0161ki\u201c za pedago\u0161ku 2025.\/2026. godinu - RADIO LJUBU\u0160KI","robots":{"index":"index","follow":"follow","max-snippet":"max-snippet:-1","max-image-preview":"max-image-preview:large","max-video-preview":"max-video-preview:-1"},"canonical":"https:\/\/radioljubuski.ba\/index.php\/2025\/06\/06\/javni-poziv-za-upis-djece-u-programe-ju-djecji-vrtic-ljubuski-za-pedagosku-2025-2026-godinu\/","og_locale":"hr_HR","og_type":"article","og_title":"Javni poziv za upis djece u programe JU \u201eDje\u010dji vrti\u0107 Ljubu\u0161ki\u201c za pedago\u0161ku 2025.\/2026. godinu - RADIO LJUBU\u0160KI","og_description":"Na temelju \u010dlanka 3. Pravilnika o na\u010dinu ostvarivanja prednosti pri upisu djece u Dje\u010dji vrti\u0107 Ljubu\u0161ki, broj: 101\/25 od 15. travnja 2025. godine, Ravnatelj Javne ustanove Dje\u010dji vrti\u0107 Ljubu\u0161ki o b j a v lj u j e JAVNI POZIV za upis djece u programe JU \u201eDje\u010dji vrti\u0107 Ljubu\u0161ki\u201c za pedago\u0161ku 2025.\/2026. godinu Privitci Grad [&hellip;]","og_url":"https:\/\/radioljubuski.ba\/index.php\/2025\/06\/06\/javni-poziv-za-upis-djece-u-programe-ju-djecji-vrtic-ljubuski-za-pedagosku-2025-2026-godinu\/","og_site_name":"RADIO LJUBU\u0160KI","article_publisher":"https:\/\/www.facebook.com\/Radiio-Ljubuski-1490835324566332","article_published_time":"2025-06-06T05:56:33+00:00","article_modified_time":"2025-06-06T05:56:34+00:00","og_image":[{"width":1200,"height":300,"url":"https:\/\/radioljubuski.ba\/wp-content\/uploads\/2025\/01\/radio-ljubuski-2.jpg","type":"image\/jpeg"}],"author":"Radio Ljubu\u0161ki","twitter_card":"summary_large_image","twitter_creator":"@radioljubuski","twitter_site":"@radioljubuski","twitter_misc":{"Napisao\/la":"Radio Ljubu\u0161ki","Procijenjeno vrijeme \u010ditanja":"1 minuta"},"schema":{"@context":"https:\/\/schema.org","@graph":[{"@type":"Article","@id":"https:\/\/radioljubuski.ba\/index.php\/2025\/06\/06\/javni-poziv-za-upis-djece-u-programe-ju-djecji-vrtic-ljubuski-za-pedagosku-2025-2026-godinu\/#article","isPartOf":{"@id":"https:\/\/radioljubuski.ba\/index.php\/2025\/06\/06\/javni-poziv-za-upis-djece-u-programe-ju-djecji-vrtic-ljubuski-za-pedagosku-2025-2026-godinu\/"},"author":{"name":"Radio Ljubu\u0161ki","@id":"https:\/\/radioljubuski.ba\/#\/schema\/person\/19fc700381a780f69665d7956c469e3b"},"headline":"Javni poziv za upis djece u programe JU \u201eDje\u010dji vrti\u0107 Ljubu\u0161ki\u201c za pedago\u0161ku 2025.\/2026. godinu","datePublished":"2025-06-06T05:56:33+00:00","dateModified":"2025-06-06T05:56:34+00:00","mainEntityOfPage":{"@id":"https:\/\/radioljubuski.ba\/index.php\/2025\/06\/06\/javni-poziv-za-upis-djece-u-programe-ju-djecji-vrtic-ljubuski-za-pedagosku-2025-2026-godinu\/"},"wordCount":97,"publisher":{"@id":"https:\/\/radioljubuski.ba\/#organization"},"image":{"@id":"https:\/\/radioljubuski.ba\/index.php\/2025\/06\/06\/javni-poziv-za-upis-djece-u-programe-ju-djecji-vrtic-ljubuski-za-pedagosku-2025-2026-godinu\/#primaryimage"},"thumbnailUrl":"https:\/\/radioljubuski.ba\/wp-content\/uploads\/2025\/01\/radio-ljubuski-2.jpg","articleSection":["Gradska Uprava","Ljubu\u0161ki"],"inLanguage":"hr"},{"@type":"WebPage","@id":"https:\/\/radioljubuski.ba\/index.php\/2025\/06\/06\/javni-poziv-za-upis-djece-u-programe-ju-djecji-vrtic-ljubuski-za-pedagosku-2025-2026-godinu\/","url":"https:\/\/radioljubuski.ba\/index.php\/2025\/06\/06\/javni-poziv-za-upis-djece-u-programe-ju-djecji-vrtic-ljubuski-za-pedagosku-2025-2026-godinu\/","name":"Javni poziv za upis djece u programe JU \u201eDje\u010dji vrti\u0107 Ljubu\u0161ki\u201c za pedago\u0161ku 2025.\/2026. godinu - RADIO LJUBU\u0160KI","isPartOf":{"@id":"https:\/\/radioljubuski.ba\/#website"},"primaryImageOfPage":{"@id":"https:\/\/radioljubuski.ba\/index.php\/2025\/06\/06\/javni-poziv-za-upis-djece-u-programe-ju-djecji-vrtic-ljubuski-za-pedagosku-2025-2026-godinu\/#primaryimage"},"image":{"@id":"https:\/\/radioljubuski.ba\/index.php\/2025\/06\/06\/javni-poziv-za-upis-djece-u-programe-ju-djecji-vrtic-ljubuski-za-pedagosku-2025-2026-godinu\/#primaryimage"},"thumbnailUrl":"https:\/\/radioljubuski.ba\/wp-content\/uploads\/2025\/01\/radio-ljubuski-2.jpg","datePublished":"2025-06-06T05:56:33+00:00","dateModified":"2025-06-06T05:56:34+00:00","breadcrumb":{"@id":"https:\/\/radioljubuski.ba\/index.php\/2025\/06\/06\/javni-poziv-za-upis-djece-u-programe-ju-djecji-vrtic-ljubuski-za-pedagosku-2025-2026-godinu\/#breadcrumb"},"inLanguage":"hr","potentialAction":[{"@type":"ReadAction","target":["https:\/\/radioljubuski.ba\/index.php\/2025\/06\/06\/javni-poziv-za-upis-djece-u-programe-ju-djecji-vrtic-ljubuski-za-pedagosku-2025-2026-godinu\/"]}]},{"@type":"ImageObject","inLanguage":"hr","@id":"https:\/\/radioljubuski.ba\/index.php\/2025\/06\/06\/javni-poziv-za-upis-djece-u-programe-ju-djecji-vrtic-ljubuski-za-pedagosku-2025-2026-godinu\/#primaryimage","url":"https:\/\/radioljubuski.ba\/wp-content\/uploads\/2025\/01\/radio-ljubuski-2.jpg","contentUrl":"https:\/\/radioljubuski.ba\/wp-content\/uploads\/2025\/01\/radio-ljubuski-2.jpg","width":1200,"height":300},{"@type":"BreadcrumbList","@id":"https:\/\/radioljubuski.ba\/index.php\/2025\/06\/06\/javni-poziv-za-upis-djece-u-programe-ju-djecji-vrtic-ljubuski-za-pedagosku-2025-2026-godinu\/#breadcrumb","itemListElement":[{"@type":"ListItem","position":1,"name":"Po\u010detna stranica","item":"https:\/\/radioljubuski.ba\/"},{"@type":"ListItem","position":2,"name":"Javni poziv za upis djece u programe JU \u201eDje\u010dji vrti\u0107 Ljubu\u0161ki\u201c za pedago\u0161ku 2025.\/2026. godinu"}]},{"@type":"WebSite","@id":"https:\/\/radioljubuski.ba\/#website","url":"https:\/\/radioljubuski.ba\/","name":"Radio Ljubu\u0161ki","description":"Sun\u010dana frekvencija Hercegovine","publisher":{"@id":"https:\/\/radioljubuski.ba\/#organization"},"potentialAction":[{"@type":"SearchAction","target":{"@type":"EntryPoint","urlTemplate":"https:\/\/radioljubuski.ba\/?s={search_term_string}"},"query-input":{"@type":"PropertyValueSpecification","valueRequired":true,"valueName":"search_term_string"}}],"inLanguage":"hr"},{"@type":"Organization","@id":"https:\/\/radioljubuski.ba\/#organization","name":"Radio Ljubu\u0161ki","url":"https:\/\/radioljubuski.ba\/","logo":{"@type":"ImageObject","inLanguage":"hr","@id":"https:\/\/radioljubuski.ba\/#\/schema\/logo\/image\/","url":"https:\/\/radioljubuski.ba\/wp-content\/uploads\/2021\/02\/cropped-Radio_Ljubuski_logo1.jpg","contentUrl":"https:\/\/radioljubuski.ba\/wp-content\/uploads\/2021\/02\/cropped-Radio_Ljubuski_logo1.jpg","width":512,"height":512,"caption":"Radio Ljubu\u0161ki"},"image":{"@id":"https:\/\/radioljubuski.ba\/#\/schema\/logo\/image\/"},"sameAs":["https:\/\/www.facebook.com\/Radiio-Ljubuski-1490835324566332","https:\/\/x.com\/radioljubuski","https:\/\/hr.linkedin.com\/company\/radio-ljubuski","https:\/\/www.youtube.com\/channel\/UCHYaeO_n0Db3tjNGudGpXyw"]},{"@type":"Person","@id":"https:\/\/radioljubuski.ba\/#\/schema\/person\/19fc700381a780f69665d7956c469e3b","name":"Radio Ljubu\u0161ki"}]}},"_links":{"self":[{"href":"https:\/\/radioljubuski.ba\/index.php\/wp-json\/wp\/v2\/posts\/217578","targetHints":{"allow":["GET"]}}],"collection":[{"href":"https:\/\/radioljubuski.ba\/index.php\/wp-json\/wp\/v2\/posts"}],"about":[{"href":"https:\/\/radioljubuski.ba\/index.php\/wp-json\/wp\/v2\/types\/post"}],"author":[{"embeddable":true,"href":"https:\/\/radioljubuski.ba\/index.php\/wp-json\/wp\/v2\/users\/2"}],"replies":[{"embeddable":true,"href":"https:\/\/radioljubuski.ba\/index.php\/wp-json\/wp\/v2\/comments?post=217578"}],"version-history":[{"count":1,"href":"https:\/\/radioljubuski.ba\/index.php\/wp-json\/wp\/v2\/posts\/217578\/revisions"}],"predecessor-version":[{"id":217579,"href":"https:\/\/radioljubuski.ba\/index.php\/wp-json\/wp\/v2\/posts\/217578\/revisions\/217579"}],"wp:featuredmedia":[{"embeddable":true,"href":"https:\/\/radioljubuski.ba\/index.php\/wp-json\/wp\/v2\/media\/213287"}],"wp:attachment":[{"href":"https:\/\/radioljubuski.ba\/index.php\/wp-json\/wp\/v2\/media?parent=217578"}],"wp:term":[{"taxonomy":"category","embeddable":true,"href":"https:\/\/radioljubuski.ba\/index.php\/wp-json\/wp\/v2\/categories?post=217578"},{"taxonomy":"post_tag","embeddable":true,"href":"https:\/\/radioljubuski.ba\/index.php\/wp-json\/wp\/v2\/tags?post=217578"}],"curies":[{"name":"wp","href":"https:\/\/api.w.org\/{rel}","templated":true}]}}