{"id":219,"date":"2021-02-11T09:27:47","date_gmt":"2021-02-11T09:27:47","guid":{"rendered":"https:\/\/radioljubuski.ba\/?p=219"},"modified":"2021-02-25T09:29:59","modified_gmt":"2021-02-25T09:29:59","slug":"izvrsna-akcija-ucenika-srednje-skole-rudera-boskovica-prikupljena-31-doza-krvi","status":"publish","type":"post","link":"https:\/\/radioljubuski.ba\/index.php\/2021\/02\/11\/izvrsna-akcija-ucenika-srednje-skole-rudera-boskovica-prikupljena-31-doza-krvi\/","title":{"rendered":"Izvrsna akcija u\u010denika Srednje \u0161kole Ru\u0111era Bo\u0161kovi\u0107a: Prikupljena 31 doza krvi!"},"content":{"rendered":"\n<p>Srednja strukovna \u0161kola Ru\u0111era Bo\u0161kovi\u0107a&nbsp; Ljubu\u0161ki pokrenula je akciju dobrovoljnog darivanja krvi pod nazivom Kap ljubavi.<\/p>\n\n\n\n<p>Akcija se odr\u017eala danas prijepodne u prostorijama \u0161kole.<\/p>\n\n\n\n<p>O samoj akciji govori nam Mirko Tomi\u0107, voditelj smjene \u201e Akciju smo organizirali u suradnji sa gradskim i \u017eupanijskim Crvenim kri\u017eem i Odjelom za transfuziologiju SKB Mostar, a u povodu Dana Gospe Lurdske koji se obilje\u017eava kao Me\u0111unarodni dan bolesnika i Valentinova, dana ljubavi. Zadovoljni smo odazivom u\u010denika, na preliminarnim prijavama interes je pokazao veliki broj u\u010denika koji su bili odu\u0161evljeni akcijom, svi&nbsp; su prijavljeni ovdje.\u201c<\/p>\n\n\n\n<p>Uz u\u010denike kojima je to prvo darivanje krvi u \u017eivotu akciji su pristupili i redoviti darivatelji.&nbsp;<\/p>\n\n\n\n<p><em>\u201eNakon provedene akcije prikupljena je 31 doza dragocjene teku\u0107ine. Ovo je izvrstan rezultat, pogotovo jer je uglavnom rije\u010d o mladim ljudima kojima je ovo bilo prvo darivanje. Raduje nas \u010dinjenica da su to srednjo\u0161kolci koji su\u00a0 i ovim humanim \u010dinom polo\u017eili pravi ispit zrelosti&#8221;,\u00a0<\/em>kazali su nam iz SKB Mostar.<\/p>\n\n\n\n<figure class=\"wp-block-embed is-type-rich is-provider-soundcloud wp-block-embed-soundcloud\"><div class=\"wp-block-embed__wrapper\">\n<iframe loading=\"lazy\" title=\"Akcija dobrovoljnog darivanja krvi pod nazivom &quot;Kap ljubavi&quot; by RadioLjubuski\" width=\"640\" height=\"400\" scrolling=\"no\" frameborder=\"no\" src=\"https:\/\/w.soundcloud.com\/player\/?visual=true&#038;url=https%3A%2F%2Fapi.soundcloud.com%2Ftracks%2F983358952&#038;show_artwork=true&#038;maxheight=960&#038;maxwidth=640\"><\/iframe>\n<\/div><\/figure>\n\n\n\n<p><strong>Bjanka Medi\u0107 \/ Radio Ljubu\u0161ki<\/strong><\/p>\n","protected":false},"excerpt":{"rendered":"<p>Srednja strukovna \u0161kola Ru\u0111era Bo\u0161kovi\u0107a&nbsp; Ljubu\u0161ki pokrenula je akciju dobrovoljnog darivanja krvi pod nazivom Kap ljubavi. Akcija se odr\u017eala danas prijepodne u prostorijama \u0161kole. O samoj akciji govori nam Mirko Tomi\u0107, voditelj smjene \u201e Akciju smo organizirali u suradnji sa gradskim i \u017eupanijskim Crvenim kri\u017eem i Odjelom za transfuziologiju SKB Mostar, a u povodu Dana [&hellip;]<\/p>\n","protected":false},"author":2,"featured_media":220,"comment_status":"closed","ping_status":"closed","sticky":false,"template":"","format":"standard","meta":{"h5ap_radio_sources":[],"footnotes":""},"categories":[8],"tags":[],"class_list":["post-219","post","type-post","status-publish","format-standard","has-post-thumbnail","hentry","category-rlj-audio"],"yoast_head":"<!-- This site is optimized with the Yoast SEO plugin v27.5 - https:\/\/yoast.com\/product\/yoast-seo-wordpress\/ -->\n<title>Izvrsna akcija u\u010denika Srednje \u0161kole Ru\u0111era Bo\u0161kovi\u0107a: Prikupljena 31 doza krvi! - RADIO LJUBU\u0160KI<\/title>\n<meta name=\"robots\" content=\"index, follow, max-snippet:-1, max-image-preview:large, max-video-preview:-1\" \/>\n<link rel=\"canonical\" href=\"https:\/\/radioljubuski.ba\/index.php\/2021\/02\/11\/izvrsna-akcija-ucenika-srednje-skole-rudera-boskovica-prikupljena-31-doza-krvi\/\" \/>\n<meta property=\"og:locale\" content=\"hr_HR\" \/>\n<meta property=\"og:type\" content=\"article\" \/>\n<meta property=\"og:title\" content=\"Izvrsna akcija u\u010denika Srednje \u0161kole Ru\u0111era Bo\u0161kovi\u0107a: Prikupljena 31 doza krvi! - RADIO LJUBU\u0160KI\" \/>\n<meta property=\"og:description\" content=\"Srednja strukovna \u0161kola Ru\u0111era Bo\u0161kovi\u0107a&nbsp; Ljubu\u0161ki pokrenula je akciju dobrovoljnog darivanja krvi pod nazivom Kap ljubavi. Akcija se odr\u017eala danas prijepodne u prostorijama \u0161kole. O samoj akciji govori nam Mirko Tomi\u0107, voditelj smjene \u201e Akciju smo organizirali u suradnji sa gradskim i \u017eupanijskim Crvenim kri\u017eem i Odjelom za transfuziologiju SKB Mostar, a u povodu Dana [&hellip;]\" \/>\n<meta property=\"og:url\" content=\"https:\/\/radioljubuski.ba\/index.php\/2021\/02\/11\/izvrsna-akcija-ucenika-srednje-skole-rudera-boskovica-prikupljena-31-doza-krvi\/\" \/>\n<meta property=\"og:site_name\" content=\"RADIO LJUBU\u0160KI\" \/>\n<meta property=\"article:publisher\" content=\"https:\/\/www.facebook.com\/Radiio-Ljubuski-1490835324566332\" \/>\n<meta property=\"article:published_time\" content=\"2021-02-11T09:27:47+00:00\" \/>\n<meta property=\"article:modified_time\" content=\"2021-02-25T09:29:59+00:00\" \/>\n<meta property=\"og:image\" content=\"https:\/\/radioljubuski.ba\/wp-content\/uploads\/2021\/02\/darivanje-krvi-ljubuski.jpg\" \/>\n\t<meta property=\"og:image:width\" content=\"492\" \/>\n\t<meta property=\"og:image:height\" content=\"273\" \/>\n\t<meta property=\"og:image:type\" content=\"image\/jpeg\" \/>\n<meta name=\"author\" content=\"Radio Ljubu\u0161ki\" \/>\n<meta name=\"twitter:card\" content=\"summary_large_image\" \/>\n<meta name=\"twitter:creator\" content=\"@radioljubuski\" \/>\n<meta name=\"twitter:site\" content=\"@radioljubuski\" \/>\n<meta name=\"twitter:label1\" content=\"Napisao\/la\" \/>\n\t<meta name=\"twitter:data1\" content=\"Radio Ljubu\u0161ki\" \/>\n\t<meta name=\"twitter:label2\" content=\"Procijenjeno vrijeme \u010ditanja\" \/>\n\t<meta name=\"twitter:data2\" content=\"1 minuta\" \/>\n<script type=\"application\/ld+json\" class=\"yoast-schema-graph\">{\"@context\":\"https:\\\/\\\/schema.org\",\"@graph\":[{\"@type\":\"Article\",\"@id\":\"https:\\\/\\\/radioljubuski.ba\\\/index.php\\\/2021\\\/02\\\/11\\\/izvrsna-akcija-ucenika-srednje-skole-rudera-boskovica-prikupljena-31-doza-krvi\\\/#article\",\"isPartOf\":{\"@id\":\"https:\\\/\\\/radioljubuski.ba\\\/index.php\\\/2021\\\/02\\\/11\\\/izvrsna-akcija-ucenika-srednje-skole-rudera-boskovica-prikupljena-31-doza-krvi\\\/\"},\"author\":{\"name\":\"Radio Ljubu\u0161ki\",\"@id\":\"https:\\\/\\\/radioljubuski.ba\\\/#\\\/schema\\\/person\\\/19fc700381a780f69665d7956c469e3b\"},\"headline\":\"Izvrsna akcija u\u010denika Srednje \u0161kole Ru\u0111era Bo\u0161kovi\u0107a: Prikupljena 31 doza krvi!\",\"datePublished\":\"2021-02-11T09:27:47+00:00\",\"dateModified\":\"2021-02-25T09:29:59+00:00\",\"mainEntityOfPage\":{\"@id\":\"https:\\\/\\\/radioljubuski.ba\\\/index.php\\\/2021\\\/02\\\/11\\\/izvrsna-akcija-ucenika-srednje-skole-rudera-boskovica-prikupljena-31-doza-krvi\\\/\"},\"wordCount\":196,\"publisher\":{\"@id\":\"https:\\\/\\\/radioljubuski.ba\\\/#organization\"},\"image\":{\"@id\":\"https:\\\/\\\/radioljubuski.ba\\\/index.php\\\/2021\\\/02\\\/11\\\/izvrsna-akcija-ucenika-srednje-skole-rudera-boskovica-prikupljena-31-doza-krvi\\\/#primaryimage\"},\"thumbnailUrl\":\"https:\\\/\\\/radioljubuski.ba\\\/wp-content\\\/uploads\\\/2021\\\/02\\\/darivanje-krvi-ljubuski.jpg\",\"articleSection\":[\"RLJ Audio\"],\"inLanguage\":\"hr\"},{\"@type\":\"WebPage\",\"@id\":\"https:\\\/\\\/radioljubuski.ba\\\/index.php\\\/2021\\\/02\\\/11\\\/izvrsna-akcija-ucenika-srednje-skole-rudera-boskovica-prikupljena-31-doza-krvi\\\/\",\"url\":\"https:\\\/\\\/radioljubuski.ba\\\/index.php\\\/2021\\\/02\\\/11\\\/izvrsna-akcija-ucenika-srednje-skole-rudera-boskovica-prikupljena-31-doza-krvi\\\/\",\"name\":\"Izvrsna akcija u\u010denika Srednje \u0161kole Ru\u0111era Bo\u0161kovi\u0107a: Prikupljena 31 doza krvi! - RADIO LJUBU\u0160KI\",\"isPartOf\":{\"@id\":\"https:\\\/\\\/radioljubuski.ba\\\/#website\"},\"primaryImageOfPage\":{\"@id\":\"https:\\\/\\\/radioljubuski.ba\\\/index.php\\\/2021\\\/02\\\/11\\\/izvrsna-akcija-ucenika-srednje-skole-rudera-boskovica-prikupljena-31-doza-krvi\\\/#primaryimage\"},\"image\":{\"@id\":\"https:\\\/\\\/radioljubuski.ba\\\/index.php\\\/2021\\\/02\\\/11\\\/izvrsna-akcija-ucenika-srednje-skole-rudera-boskovica-prikupljena-31-doza-krvi\\\/#primaryimage\"},\"thumbnailUrl\":\"https:\\\/\\\/radioljubuski.ba\\\/wp-content\\\/uploads\\\/2021\\\/02\\\/darivanje-krvi-ljubuski.jpg\",\"datePublished\":\"2021-02-11T09:27:47+00:00\",\"dateModified\":\"2021-02-25T09:29:59+00:00\",\"breadcrumb\":{\"@id\":\"https:\\\/\\\/radioljubuski.ba\\\/index.php\\\/2021\\\/02\\\/11\\\/izvrsna-akcija-ucenika-srednje-skole-rudera-boskovica-prikupljena-31-doza-krvi\\\/#breadcrumb\"},\"inLanguage\":\"hr\",\"potentialAction\":[{\"@type\":\"ReadAction\",\"target\":[\"https:\\\/\\\/radioljubuski.ba\\\/index.php\\\/2021\\\/02\\\/11\\\/izvrsna-akcija-ucenika-srednje-skole-rudera-boskovica-prikupljena-31-doza-krvi\\\/\"]}]},{\"@type\":\"ImageObject\",\"inLanguage\":\"hr\",\"@id\":\"https:\\\/\\\/radioljubuski.ba\\\/index.php\\\/2021\\\/02\\\/11\\\/izvrsna-akcija-ucenika-srednje-skole-rudera-boskovica-prikupljena-31-doza-krvi\\\/#primaryimage\",\"url\":\"https:\\\/\\\/radioljubuski.ba\\\/wp-content\\\/uploads\\\/2021\\\/02\\\/darivanje-krvi-ljubuski.jpg\",\"contentUrl\":\"https:\\\/\\\/radioljubuski.ba\\\/wp-content\\\/uploads\\\/2021\\\/02\\\/darivanje-krvi-ljubuski.jpg\",\"width\":492,\"height\":273},{\"@type\":\"BreadcrumbList\",\"@id\":\"https:\\\/\\\/radioljubuski.ba\\\/index.php\\\/2021\\\/02\\\/11\\\/izvrsna-akcija-ucenika-srednje-skole-rudera-boskovica-prikupljena-31-doza-krvi\\\/#breadcrumb\",\"itemListElement\":[{\"@type\":\"ListItem\",\"position\":1,\"name\":\"Po\u010detna stranica\",\"item\":\"https:\\\/\\\/radioljubuski.ba\\\/\"},{\"@type\":\"ListItem\",\"position\":2,\"name\":\"Izvrsna akcija u\u010denika Srednje \u0161kole Ru\u0111era Bo\u0161kovi\u0107a: Prikupljena 31 doza krvi!\"}]},{\"@type\":\"WebSite\",\"@id\":\"https:\\\/\\\/radioljubuski.ba\\\/#website\",\"url\":\"https:\\\/\\\/radioljubuski.ba\\\/\",\"name\":\"Radio Ljubu\u0161ki\",\"description\":\"Sun\u010dana frekvencija Hercegovine\",\"publisher\":{\"@id\":\"https:\\\/\\\/radioljubuski.ba\\\/#organization\"},\"potentialAction\":[{\"@type\":\"SearchAction\",\"target\":{\"@type\":\"EntryPoint\",\"urlTemplate\":\"https:\\\/\\\/radioljubuski.ba\\\/?s={search_term_string}\"},\"query-input\":{\"@type\":\"PropertyValueSpecification\",\"valueRequired\":true,\"valueName\":\"search_term_string\"}}],\"inLanguage\":\"hr\"},{\"@type\":\"Organization\",\"@id\":\"https:\\\/\\\/radioljubuski.ba\\\/#organization\",\"name\":\"Radio Ljubu\u0161ki\",\"url\":\"https:\\\/\\\/radioljubuski.ba\\\/\",\"logo\":{\"@type\":\"ImageObject\",\"inLanguage\":\"hr\",\"@id\":\"https:\\\/\\\/radioljubuski.ba\\\/#\\\/schema\\\/logo\\\/image\\\/\",\"url\":\"https:\\\/\\\/radioljubuski.ba\\\/wp-content\\\/uploads\\\/2021\\\/02\\\/cropped-Radio_Ljubuski_logo1.jpg\",\"contentUrl\":\"https:\\\/\\\/radioljubuski.ba\\\/wp-content\\\/uploads\\\/2021\\\/02\\\/cropped-Radio_Ljubuski_logo1.jpg\",\"width\":512,\"height\":512,\"caption\":\"Radio Ljubu\u0161ki\"},\"image\":{\"@id\":\"https:\\\/\\\/radioljubuski.ba\\\/#\\\/schema\\\/logo\\\/image\\\/\"},\"sameAs\":[\"https:\\\/\\\/www.facebook.com\\\/Radiio-Ljubuski-1490835324566332\",\"https:\\\/\\\/x.com\\\/radioljubuski\",\"https:\\\/\\\/hr.linkedin.com\\\/company\\\/radio-ljubuski\",\"https:\\\/\\\/www.youtube.com\\\/channel\\\/UCHYaeO_n0Db3tjNGudGpXyw\"]},{\"@type\":\"Person\",\"@id\":\"https:\\\/\\\/radioljubuski.ba\\\/#\\\/schema\\\/person\\\/19fc700381a780f69665d7956c469e3b\",\"name\":\"Radio Ljubu\u0161ki\"}]}<\/script>\n<!-- \/ Yoast SEO plugin. -->","yoast_head_json":{"title":"Izvrsna akcija u\u010denika Srednje \u0161kole Ru\u0111era Bo\u0161kovi\u0107a: Prikupljena 31 doza krvi! - RADIO LJUBU\u0160KI","robots":{"index":"index","follow":"follow","max-snippet":"max-snippet:-1","max-image-preview":"max-image-preview:large","max-video-preview":"max-video-preview:-1"},"canonical":"https:\/\/radioljubuski.ba\/index.php\/2021\/02\/11\/izvrsna-akcija-ucenika-srednje-skole-rudera-boskovica-prikupljena-31-doza-krvi\/","og_locale":"hr_HR","og_type":"article","og_title":"Izvrsna akcija u\u010denika Srednje \u0161kole Ru\u0111era Bo\u0161kovi\u0107a: Prikupljena 31 doza krvi! - RADIO LJUBU\u0160KI","og_description":"Srednja strukovna \u0161kola Ru\u0111era Bo\u0161kovi\u0107a&nbsp; Ljubu\u0161ki pokrenula je akciju dobrovoljnog darivanja krvi pod nazivom Kap ljubavi. Akcija se odr\u017eala danas prijepodne u prostorijama \u0161kole. O samoj akciji govori nam Mirko Tomi\u0107, voditelj smjene \u201e Akciju smo organizirali u suradnji sa gradskim i \u017eupanijskim Crvenim kri\u017eem i Odjelom za transfuziologiju SKB Mostar, a u povodu Dana [&hellip;]","og_url":"https:\/\/radioljubuski.ba\/index.php\/2021\/02\/11\/izvrsna-akcija-ucenika-srednje-skole-rudera-boskovica-prikupljena-31-doza-krvi\/","og_site_name":"RADIO LJUBU\u0160KI","article_publisher":"https:\/\/www.facebook.com\/Radiio-Ljubuski-1490835324566332","article_published_time":"2021-02-11T09:27:47+00:00","article_modified_time":"2021-02-25T09:29:59+00:00","og_image":[{"width":492,"height":273,"url":"https:\/\/radioljubuski.ba\/wp-content\/uploads\/2021\/02\/darivanje-krvi-ljubuski.jpg","type":"image\/jpeg"}],"author":"Radio Ljubu\u0161ki","twitter_card":"summary_large_image","twitter_creator":"@radioljubuski","twitter_site":"@radioljubuski","twitter_misc":{"Napisao\/la":"Radio Ljubu\u0161ki","Procijenjeno vrijeme \u010ditanja":"1 minuta"},"schema":{"@context":"https:\/\/schema.org","@graph":[{"@type":"Article","@id":"https:\/\/radioljubuski.ba\/index.php\/2021\/02\/11\/izvrsna-akcija-ucenika-srednje-skole-rudera-boskovica-prikupljena-31-doza-krvi\/#article","isPartOf":{"@id":"https:\/\/radioljubuski.ba\/index.php\/2021\/02\/11\/izvrsna-akcija-ucenika-srednje-skole-rudera-boskovica-prikupljena-31-doza-krvi\/"},"author":{"name":"Radio Ljubu\u0161ki","@id":"https:\/\/radioljubuski.ba\/#\/schema\/person\/19fc700381a780f69665d7956c469e3b"},"headline":"Izvrsna akcija u\u010denika Srednje \u0161kole Ru\u0111era Bo\u0161kovi\u0107a: Prikupljena 31 doza krvi!","datePublished":"2021-02-11T09:27:47+00:00","dateModified":"2021-02-25T09:29:59+00:00","mainEntityOfPage":{"@id":"https:\/\/radioljubuski.ba\/index.php\/2021\/02\/11\/izvrsna-akcija-ucenika-srednje-skole-rudera-boskovica-prikupljena-31-doza-krvi\/"},"wordCount":196,"publisher":{"@id":"https:\/\/radioljubuski.ba\/#organization"},"image":{"@id":"https:\/\/radioljubuski.ba\/index.php\/2021\/02\/11\/izvrsna-akcija-ucenika-srednje-skole-rudera-boskovica-prikupljena-31-doza-krvi\/#primaryimage"},"thumbnailUrl":"https:\/\/radioljubuski.ba\/wp-content\/uploads\/2021\/02\/darivanje-krvi-ljubuski.jpg","articleSection":["RLJ Audio"],"inLanguage":"hr"},{"@type":"WebPage","@id":"https:\/\/radioljubuski.ba\/index.php\/2021\/02\/11\/izvrsna-akcija-ucenika-srednje-skole-rudera-boskovica-prikupljena-31-doza-krvi\/","url":"https:\/\/radioljubuski.ba\/index.php\/2021\/02\/11\/izvrsna-akcija-ucenika-srednje-skole-rudera-boskovica-prikupljena-31-doza-krvi\/","name":"Izvrsna akcija u\u010denika Srednje \u0161kole Ru\u0111era Bo\u0161kovi\u0107a: Prikupljena 31 doza krvi! - RADIO LJUBU\u0160KI","isPartOf":{"@id":"https:\/\/radioljubuski.ba\/#website"},"primaryImageOfPage":{"@id":"https:\/\/radioljubuski.ba\/index.php\/2021\/02\/11\/izvrsna-akcija-ucenika-srednje-skole-rudera-boskovica-prikupljena-31-doza-krvi\/#primaryimage"},"image":{"@id":"https:\/\/radioljubuski.ba\/index.php\/2021\/02\/11\/izvrsna-akcija-ucenika-srednje-skole-rudera-boskovica-prikupljena-31-doza-krvi\/#primaryimage"},"thumbnailUrl":"https:\/\/radioljubuski.ba\/wp-content\/uploads\/2021\/02\/darivanje-krvi-ljubuski.jpg","datePublished":"2021-02-11T09:27:47+00:00","dateModified":"2021-02-25T09:29:59+00:00","breadcrumb":{"@id":"https:\/\/radioljubuski.ba\/index.php\/2021\/02\/11\/izvrsna-akcija-ucenika-srednje-skole-rudera-boskovica-prikupljena-31-doza-krvi\/#breadcrumb"},"inLanguage":"hr","potentialAction":[{"@type":"ReadAction","target":["https:\/\/radioljubuski.ba\/index.php\/2021\/02\/11\/izvrsna-akcija-ucenika-srednje-skole-rudera-boskovica-prikupljena-31-doza-krvi\/"]}]},{"@type":"ImageObject","inLanguage":"hr","@id":"https:\/\/radioljubuski.ba\/index.php\/2021\/02\/11\/izvrsna-akcija-ucenika-srednje-skole-rudera-boskovica-prikupljena-31-doza-krvi\/#primaryimage","url":"https:\/\/radioljubuski.ba\/wp-content\/uploads\/2021\/02\/darivanje-krvi-ljubuski.jpg","contentUrl":"https:\/\/radioljubuski.ba\/wp-content\/uploads\/2021\/02\/darivanje-krvi-ljubuski.jpg","width":492,"height":273},{"@type":"BreadcrumbList","@id":"https:\/\/radioljubuski.ba\/index.php\/2021\/02\/11\/izvrsna-akcija-ucenika-srednje-skole-rudera-boskovica-prikupljena-31-doza-krvi\/#breadcrumb","itemListElement":[{"@type":"ListItem","position":1,"name":"Po\u010detna stranica","item":"https:\/\/radioljubuski.ba\/"},{"@type":"ListItem","position":2,"name":"Izvrsna akcija u\u010denika Srednje \u0161kole Ru\u0111era Bo\u0161kovi\u0107a: Prikupljena 31 doza krvi!"}]},{"@type":"WebSite","@id":"https:\/\/radioljubuski.ba\/#website","url":"https:\/\/radioljubuski.ba\/","name":"Radio Ljubu\u0161ki","description":"Sun\u010dana frekvencija Hercegovine","publisher":{"@id":"https:\/\/radioljubuski.ba\/#organization"},"potentialAction":[{"@type":"SearchAction","target":{"@type":"EntryPoint","urlTemplate":"https:\/\/radioljubuski.ba\/?s={search_term_string}"},"query-input":{"@type":"PropertyValueSpecification","valueRequired":true,"valueName":"search_term_string"}}],"inLanguage":"hr"},{"@type":"Organization","@id":"https:\/\/radioljubuski.ba\/#organization","name":"Radio Ljubu\u0161ki","url":"https:\/\/radioljubuski.ba\/","logo":{"@type":"ImageObject","inLanguage":"hr","@id":"https:\/\/radioljubuski.ba\/#\/schema\/logo\/image\/","url":"https:\/\/radioljubuski.ba\/wp-content\/uploads\/2021\/02\/cropped-Radio_Ljubuski_logo1.jpg","contentUrl":"https:\/\/radioljubuski.ba\/wp-content\/uploads\/2021\/02\/cropped-Radio_Ljubuski_logo1.jpg","width":512,"height":512,"caption":"Radio Ljubu\u0161ki"},"image":{"@id":"https:\/\/radioljubuski.ba\/#\/schema\/logo\/image\/"},"sameAs":["https:\/\/www.facebook.com\/Radiio-Ljubuski-1490835324566332","https:\/\/x.com\/radioljubuski","https:\/\/hr.linkedin.com\/company\/radio-ljubuski","https:\/\/www.youtube.com\/channel\/UCHYaeO_n0Db3tjNGudGpXyw"]},{"@type":"Person","@id":"https:\/\/radioljubuski.ba\/#\/schema\/person\/19fc700381a780f69665d7956c469e3b","name":"Radio Ljubu\u0161ki"}]}},"_links":{"self":[{"href":"https:\/\/radioljubuski.ba\/index.php\/wp-json\/wp\/v2\/posts\/219","targetHints":{"allow":["GET"]}}],"collection":[{"href":"https:\/\/radioljubuski.ba\/index.php\/wp-json\/wp\/v2\/posts"}],"about":[{"href":"https:\/\/radioljubuski.ba\/index.php\/wp-json\/wp\/v2\/types\/post"}],"author":[{"embeddable":true,"href":"https:\/\/radioljubuski.ba\/index.php\/wp-json\/wp\/v2\/users\/2"}],"replies":[{"embeddable":true,"href":"https:\/\/radioljubuski.ba\/index.php\/wp-json\/wp\/v2\/comments?post=219"}],"version-history":[{"count":1,"href":"https:\/\/radioljubuski.ba\/index.php\/wp-json\/wp\/v2\/posts\/219\/revisions"}],"predecessor-version":[{"id":221,"href":"https:\/\/radioljubuski.ba\/index.php\/wp-json\/wp\/v2\/posts\/219\/revisions\/221"}],"wp:featuredmedia":[{"embeddable":true,"href":"https:\/\/radioljubuski.ba\/index.php\/wp-json\/wp\/v2\/media\/220"}],"wp:attachment":[{"href":"https:\/\/radioljubuski.ba\/index.php\/wp-json\/wp\/v2\/media?parent=219"}],"wp:term":[{"taxonomy":"category","embeddable":true,"href":"https:\/\/radioljubuski.ba\/index.php\/wp-json\/wp\/v2\/categories?post=219"},{"taxonomy":"post_tag","embeddable":true,"href":"https:\/\/radioljubuski.ba\/index.php\/wp-json\/wp\/v2\/tags?post=219"}],"curies":[{"name":"wp","href":"https:\/\/api.w.org\/{rel}","templated":true}]}}