{"id":220404,"date":"2025-09-04T13:26:24","date_gmt":"2025-09-04T12:26:24","guid":{"rendered":"https:\/\/radioljubuski.ba\/?p=220404"},"modified":"2025-09-05T10:40:06","modified_gmt":"2025-09-05T09:40:06","slug":"grad-ljubuski-isplacene-potpore-za-prvasice-svim-osnovnoskolcima-biljeznice-i-skolski-pribor","status":"publish","type":"post","link":"https:\/\/radioljubuski.ba\/index.php\/2025\/09\/04\/grad-ljubuski-isplacene-potpore-za-prvasice-svim-osnovnoskolcima-biljeznice-i-skolski-pribor\/","title":{"rendered":"Grad Ljubu\u0161ki: Ispla\u0107ene potpore za prva\u0161i\u0107e, svim osnovno\u0161kolcima bilje\u017enice i \u0161kolski pribor"},"content":{"rendered":"\n<p>U Ljubu\u0161kom, kao i u drugim sredinama u Hercegovini, nova nastavna godina zapo\u010dinje u ponedjeljak. Kako bi olak\u0161ali roditeljima opremanje djece za po\u010detak nastave, Grad Ljubu\u0161ki je iz gradskog prora\u010duna danas isplatio po 200 KM potpore za sve prva\u0161i\u0107e \u010diji su se roditelji prijavili na javni poziv za dodjelu jednokratnih financijskih potpora. Potpora je ispla\u0107ena za 168 polaznika prvih razreda, a ovom prilikom iz Gradske uprave pozvali su roditelje\/skrbnike djece koji ostvaraju pravo, a nisu dostavili potrebnu dokumentaciju da se jave u Gradsku upravu Ljubu\u0161ki kako bi im ista bila ispla\u0107ena.<\/p>\n\n\n\n<p>Pored ove potpore, Grad Ljubu\u0161ki je zajedno s JP Parkovi d.o.o. ve\u0107 petu godinu zaredom osigurao bilje\u017enice i osnovni \u0161kolski pribor (olovke, gumice, bojice, flomasteri\u2026) koje \u0107e ih do\u010dekati prvog dana nastave. Njih ovih dana pripremaju i razvrstavaju po odjeljenjima njihovi u\u010ditelji i nastavnici. Uz navedeno, Grad je uz pomo\u0107 \u017dupanije Zapadnohercegova\u010dke, koja je u\u010denicima omogu\u0107ila ud\u017ebenike, osigurao i besplatan prijevoz u\u010denika osnovnih i srednjih \u0161kola.<\/p>\n\n\n\n<p>U samim \u0161kolama u tijeku su zavr\u0161ne aktivnosti na ure\u0111enju unutarnjih prostorija i vanjskih povr\u0161ina za \u0161to ugodniji boravak u\u010denika. Danijela Planini\u0107, ravnateljica Osnovne \u0161kola Ivane Brli\u0107 Ma\u017eurani\u0107 na Gra\u010dinama upoznala nas je s aktivnostima djelatnika \u0161kole na pripremi za novu nastavnu godinu.<\/p>\n\n\n\n<p>\u2013&nbsp;<em>Ve\u0107 tjedan dana svaki razrednik, svaki u\u010ditelj za svoj razred priprema bilje\u017enice i osnovni \u0161kolski pribor za u\u010denike. Tako\u0111er, ovih dana izvr\u0161iti \u0107e se i deratizacija \u0161kole \u010dije je detaljno \u010di\u0161\u0107enje u tijeku. Izvr\u0161ili smo obnavljanje podova u \u010detiri u\u010dionice, nabavljen je novi \u0161kolski namje\u0161taj, okre\u010deni su zidovi, tako\u0111er, gdje je nekad bila \u0161kolska kuhinja, preuredili smo u u\u010dionicu itd. Imamo jo\u0161 nekih sitnih poslova, no spremni smo za po\u010detak nastave<\/em>&nbsp;\u2013 kazala je ravnateljica Planini\u0107.<\/p>\n\n\n\n<p>U posljednje vrijeme ova \u0161kola bilje\u017ei upis u\u010denika iz Njema\u010dke, Irske, Hrvatske\u2026, pove\u0107an je broj upisa u sredi\u0161nju, a smanjen u podru\u010dne \u0161kole. Novitet je i da \u0107e \u0161kolarcima ubudu\u0107e biti dostupni \u0161kolski ormari\u0107i koji bi trebali zamijeniti te\u0161ke torbe.<\/p>\n\n\n\n<p>\u2013&nbsp;<em>Budu\u0107i da smo primijetili da sve vi\u0161e u\u010denika ima skolioti\u010dno dr\u017eanje i razli\u010dite probleme s le\u0111ima odlu\u010dili smo se za projekt \u0161kolskih ormari\u0107a. Kroz projekt \u2018te\u0161kih torbi\u2019 na\u0161a \u0161kola je u suradnji s Roditeljskim vije\u0107em nabavila 100 ormari\u0107a za u\u010denike. Ova godina \u0107e biti eksperimentalna faza da vidimo kako \u0107e to funkcionirati i na koji na\u010din<\/em>&nbsp;\u2013 pojasnila je ravnateljica Planini\u0107.<\/p>\n\n\n\n<p>Kad je rije\u010d o broju upisanih prva\u0161i\u0107a na podru\u010dju Grada Ljubu\u0161kog, njih 185 \u0107e po prvi put sjesti u \u0161kolske klupe i to u Osnovnu \u0161kolu Marka Maruli\u0107a 92, u Osnovnu \u0161kolu Ivane Brli\u0107 Ma\u017eurani\u0107 63 i u Osnovnu \u0161kolu Tina Ujevi\u0107a u Vitini njih 30.<\/p>\n\n\n\n<p>Gradska uprava na \u010delu s gradona\u010delnikom Vedranom Markoti\u0107em i predsjednikom Gradskog vije\u0107a Tihomirom Kvesi\u0107em na\u0161im prva\u0161i\u0107ima, svim u\u010denicima, u\u010diteljima, nastavnicima i svom \u0161kolskom osoblju \u017eeli sretan po\u010detak nove nastavne godine.<\/p>\n\n\n\n<figure class=\"wp-block-gallery has-nested-images columns-default is-cropped wp-block-gallery-1 is-layout-flex wp-block-gallery-is-layout-flex\">\n<figure class=\"wp-block-image size-large\"><img loading=\"lazy\" decoding=\"async\" width=\"400\" height=\"284\" data-id=\"220409\" src=\"https:\/\/radioljubuski.ba\/wp-content\/uploads\/2025\/09\/IMG_8031-400x284-1.jpg\" alt=\"\" class=\"wp-image-220409\" srcset=\"https:\/\/radioljubuski.ba\/wp-content\/uploads\/2025\/09\/IMG_8031-400x284-1.jpg 400w, https:\/\/radioljubuski.ba\/wp-content\/uploads\/2025\/09\/IMG_8031-400x284-1-300x213.jpg 300w, https:\/\/radioljubuski.ba\/wp-content\/uploads\/2025\/09\/IMG_8031-400x284-1-18x12.jpg 18w\" sizes=\"auto, (max-width: 400px) 100vw, 400px\" \/><\/figure>\n\n\n\n<figure class=\"wp-block-image size-large\"><img loading=\"lazy\" decoding=\"async\" width=\"400\" height=\"284\" data-id=\"220408\" src=\"https:\/\/radioljubuski.ba\/wp-content\/uploads\/2025\/09\/IMG_8015-400x284-1.jpg\" alt=\"\" class=\"wp-image-220408\" srcset=\"https:\/\/radioljubuski.ba\/wp-content\/uploads\/2025\/09\/IMG_8015-400x284-1.jpg 400w, https:\/\/radioljubuski.ba\/wp-content\/uploads\/2025\/09\/IMG_8015-400x284-1-300x213.jpg 300w, https:\/\/radioljubuski.ba\/wp-content\/uploads\/2025\/09\/IMG_8015-400x284-1-18x12.jpg 18w\" sizes=\"auto, (max-width: 400px) 100vw, 400px\" \/><\/figure>\n\n\n\n<figure class=\"wp-block-image size-large\"><img loading=\"lazy\" decoding=\"async\" width=\"400\" height=\"284\" data-id=\"220407\" src=\"https:\/\/radioljubuski.ba\/wp-content\/uploads\/2025\/09\/IMG_8016-400x284-1.jpg\" alt=\"\" class=\"wp-image-220407\" srcset=\"https:\/\/radioljubuski.ba\/wp-content\/uploads\/2025\/09\/IMG_8016-400x284-1.jpg 400w, https:\/\/radioljubuski.ba\/wp-content\/uploads\/2025\/09\/IMG_8016-400x284-1-300x213.jpg 300w, https:\/\/radioljubuski.ba\/wp-content\/uploads\/2025\/09\/IMG_8016-400x284-1-18x12.jpg 18w\" sizes=\"auto, (max-width: 400px) 100vw, 400px\" \/><\/figure>\n<\/figure>\n\n\n\n<p>Grad Ljubu\u0161ki<a href=\"https:\/\/ljubuski.ba\/wp-content\/uploads\/IMG_8014.jpg\"><\/a><\/p>\n\n\n\n<p><a href=\"https:\/\/ljubuski.ba\/wp-content\/uploads\/IMG_8015.jpg\"><\/a><a href=\"https:\/\/ljubuski.ba\/wp-content\/uploads\/IMG_8016.jpg\"><\/a><a href=\"https:\/\/ljubuski.ba\/wp-content\/uploads\/IMG_8019.jpg\"><\/a><\/p>\n","protected":false},"excerpt":{"rendered":"<p>U Ljubu\u0161kom, kao i u drugim sredinama u Hercegovini, nova nastavna godina zapo\u010dinje u ponedjeljak. Kako bi olak\u0161ali roditeljima opremanje djece za po\u010detak nastave, Grad Ljubu\u0161ki je iz gradskog prora\u010duna danas isplatio po 200 KM potpore za sve prva\u0161i\u0107e \u010diji su se roditelji prijavili na javni poziv za dodjelu jednokratnih financijskih potpora. Potpora je ispla\u0107ena [&hellip;]<\/p>\n","protected":false},"author":2,"featured_media":220405,"comment_status":"closed","ping_status":"closed","sticky":false,"template":"","format":"standard","meta":{"h5ap_radio_sources":[],"footnotes":""},"categories":[3,28],"tags":[],"class_list":["post-220404","post","type-post","status-publish","format-standard","has-post-thumbnail","hentry","category-ljubuski","category-novosti"],"yoast_head":"<!-- This site is optimized with the Yoast SEO plugin v27.5 - https:\/\/yoast.com\/product\/yoast-seo-wordpress\/ -->\n<title>Grad Ljubu\u0161ki: Ispla\u0107ene potpore za prva\u0161i\u0107e, svim osnovno\u0161kolcima bilje\u017enice i \u0161kolski pribor - RADIO LJUBU\u0160KI<\/title>\n<meta name=\"robots\" content=\"index, follow, max-snippet:-1, max-image-preview:large, max-video-preview:-1\" \/>\n<link rel=\"canonical\" href=\"https:\/\/radioljubuski.ba\/index.php\/2025\/09\/04\/grad-ljubuski-isplacene-potpore-za-prvasice-svim-osnovnoskolcima-biljeznice-i-skolski-pribor\/\" \/>\n<meta property=\"og:locale\" content=\"hr_HR\" \/>\n<meta property=\"og:type\" content=\"article\" \/>\n<meta property=\"og:title\" content=\"Grad Ljubu\u0161ki: Ispla\u0107ene potpore za prva\u0161i\u0107e, svim osnovno\u0161kolcima bilje\u017enice i \u0161kolski pribor - RADIO LJUBU\u0160KI\" \/>\n<meta property=\"og:description\" content=\"U Ljubu\u0161kom, kao i u drugim sredinama u Hercegovini, nova nastavna godina zapo\u010dinje u ponedjeljak. Kako bi olak\u0161ali roditeljima opremanje djece za po\u010detak nastave, Grad Ljubu\u0161ki je iz gradskog prora\u010duna danas isplatio po 200 KM potpore za sve prva\u0161i\u0107e \u010diji su se roditelji prijavili na javni poziv za dodjelu jednokratnih financijskih potpora. Potpora je ispla\u0107ena [&hellip;]\" \/>\n<meta property=\"og:url\" content=\"https:\/\/radioljubuski.ba\/index.php\/2025\/09\/04\/grad-ljubuski-isplacene-potpore-za-prvasice-svim-osnovnoskolcima-biljeznice-i-skolski-pribor\/\" \/>\n<meta property=\"og:site_name\" content=\"RADIO LJUBU\u0160KI\" \/>\n<meta property=\"article:publisher\" content=\"https:\/\/www.facebook.com\/Radiio-Ljubuski-1490835324566332\" \/>\n<meta property=\"article:published_time\" content=\"2025-09-04T12:26:24+00:00\" \/>\n<meta property=\"article:modified_time\" content=\"2025-09-05T09:40:06+00:00\" \/>\n<meta property=\"og:image\" content=\"https:\/\/radioljubuski.ba\/wp-content\/uploads\/2025\/09\/IMG_8019-1.jpg\" \/>\n\t<meta property=\"og:image:width\" content=\"1000\" \/>\n\t<meta property=\"og:image:height\" content=\"667\" \/>\n\t<meta property=\"og:image:type\" content=\"image\/jpeg\" \/>\n<meta name=\"author\" content=\"Radio Ljubu\u0161ki\" \/>\n<meta name=\"twitter:card\" content=\"summary_large_image\" \/>\n<meta name=\"twitter:creator\" content=\"@radioljubuski\" \/>\n<meta name=\"twitter:site\" content=\"@radioljubuski\" \/>\n<meta name=\"twitter:label1\" content=\"Napisao\/la\" \/>\n\t<meta name=\"twitter:data1\" content=\"Radio Ljubu\u0161ki\" \/>\n\t<meta name=\"twitter:label2\" content=\"Procijenjeno vrijeme \u010ditanja\" \/>\n\t<meta name=\"twitter:data2\" content=\"4 minute\" \/>\n<script type=\"application\/ld+json\" class=\"yoast-schema-graph\">{\"@context\":\"https:\\\/\\\/schema.org\",\"@graph\":[{\"@type\":\"Article\",\"@id\":\"https:\\\/\\\/radioljubuski.ba\\\/index.php\\\/2025\\\/09\\\/04\\\/grad-ljubuski-isplacene-potpore-za-prvasice-svim-osnovnoskolcima-biljeznice-i-skolski-pribor\\\/#article\",\"isPartOf\":{\"@id\":\"https:\\\/\\\/radioljubuski.ba\\\/index.php\\\/2025\\\/09\\\/04\\\/grad-ljubuski-isplacene-potpore-za-prvasice-svim-osnovnoskolcima-biljeznice-i-skolski-pribor\\\/\"},\"author\":{\"name\":\"Radio Ljubu\u0161ki\",\"@id\":\"https:\\\/\\\/radioljubuski.ba\\\/#\\\/schema\\\/person\\\/19fc700381a780f69665d7956c469e3b\"},\"headline\":\"Grad Ljubu\u0161ki: Ispla\u0107ene potpore za prva\u0161i\u0107e, svim osnovno\u0161kolcima bilje\u017enice i \u0161kolski pribor\",\"datePublished\":\"2025-09-04T12:26:24+00:00\",\"dateModified\":\"2025-09-05T09:40:06+00:00\",\"mainEntityOfPage\":{\"@id\":\"https:\\\/\\\/radioljubuski.ba\\\/index.php\\\/2025\\\/09\\\/04\\\/grad-ljubuski-isplacene-potpore-za-prvasice-svim-osnovnoskolcima-biljeznice-i-skolski-pribor\\\/\"},\"wordCount\":552,\"publisher\":{\"@id\":\"https:\\\/\\\/radioljubuski.ba\\\/#organization\"},\"image\":{\"@id\":\"https:\\\/\\\/radioljubuski.ba\\\/index.php\\\/2025\\\/09\\\/04\\\/grad-ljubuski-isplacene-potpore-za-prvasice-svim-osnovnoskolcima-biljeznice-i-skolski-pribor\\\/#primaryimage\"},\"thumbnailUrl\":\"https:\\\/\\\/radioljubuski.ba\\\/wp-content\\\/uploads\\\/2025\\\/09\\\/IMG_8019-1.jpg\",\"articleSection\":[\"Ljubu\u0161ki\",\"Novosti\"],\"inLanguage\":\"hr\"},{\"@type\":\"WebPage\",\"@id\":\"https:\\\/\\\/radioljubuski.ba\\\/index.php\\\/2025\\\/09\\\/04\\\/grad-ljubuski-isplacene-potpore-za-prvasice-svim-osnovnoskolcima-biljeznice-i-skolski-pribor\\\/\",\"url\":\"https:\\\/\\\/radioljubuski.ba\\\/index.php\\\/2025\\\/09\\\/04\\\/grad-ljubuski-isplacene-potpore-za-prvasice-svim-osnovnoskolcima-biljeznice-i-skolski-pribor\\\/\",\"name\":\"Grad Ljubu\u0161ki: Ispla\u0107ene potpore za prva\u0161i\u0107e, svim osnovno\u0161kolcima bilje\u017enice i \u0161kolski pribor - RADIO LJUBU\u0160KI\",\"isPartOf\":{\"@id\":\"https:\\\/\\\/radioljubuski.ba\\\/#website\"},\"primaryImageOfPage\":{\"@id\":\"https:\\\/\\\/radioljubuski.ba\\\/index.php\\\/2025\\\/09\\\/04\\\/grad-ljubuski-isplacene-potpore-za-prvasice-svim-osnovnoskolcima-biljeznice-i-skolski-pribor\\\/#primaryimage\"},\"image\":{\"@id\":\"https:\\\/\\\/radioljubuski.ba\\\/index.php\\\/2025\\\/09\\\/04\\\/grad-ljubuski-isplacene-potpore-za-prvasice-svim-osnovnoskolcima-biljeznice-i-skolski-pribor\\\/#primaryimage\"},\"thumbnailUrl\":\"https:\\\/\\\/radioljubuski.ba\\\/wp-content\\\/uploads\\\/2025\\\/09\\\/IMG_8019-1.jpg\",\"datePublished\":\"2025-09-04T12:26:24+00:00\",\"dateModified\":\"2025-09-05T09:40:06+00:00\",\"breadcrumb\":{\"@id\":\"https:\\\/\\\/radioljubuski.ba\\\/index.php\\\/2025\\\/09\\\/04\\\/grad-ljubuski-isplacene-potpore-za-prvasice-svim-osnovnoskolcima-biljeznice-i-skolski-pribor\\\/#breadcrumb\"},\"inLanguage\":\"hr\",\"potentialAction\":[{\"@type\":\"ReadAction\",\"target\":[\"https:\\\/\\\/radioljubuski.ba\\\/index.php\\\/2025\\\/09\\\/04\\\/grad-ljubuski-isplacene-potpore-za-prvasice-svim-osnovnoskolcima-biljeznice-i-skolski-pribor\\\/\"]}]},{\"@type\":\"ImageObject\",\"inLanguage\":\"hr\",\"@id\":\"https:\\\/\\\/radioljubuski.ba\\\/index.php\\\/2025\\\/09\\\/04\\\/grad-ljubuski-isplacene-potpore-za-prvasice-svim-osnovnoskolcima-biljeznice-i-skolski-pribor\\\/#primaryimage\",\"url\":\"https:\\\/\\\/radioljubuski.ba\\\/wp-content\\\/uploads\\\/2025\\\/09\\\/IMG_8019-1.jpg\",\"contentUrl\":\"https:\\\/\\\/radioljubuski.ba\\\/wp-content\\\/uploads\\\/2025\\\/09\\\/IMG_8019-1.jpg\",\"width\":1000,\"height\":667},{\"@type\":\"BreadcrumbList\",\"@id\":\"https:\\\/\\\/radioljubuski.ba\\\/index.php\\\/2025\\\/09\\\/04\\\/grad-ljubuski-isplacene-potpore-za-prvasice-svim-osnovnoskolcima-biljeznice-i-skolski-pribor\\\/#breadcrumb\",\"itemListElement\":[{\"@type\":\"ListItem\",\"position\":1,\"name\":\"Po\u010detna stranica\",\"item\":\"https:\\\/\\\/radioljubuski.ba\\\/\"},{\"@type\":\"ListItem\",\"position\":2,\"name\":\"Grad Ljubu\u0161ki: Ispla\u0107ene potpore za prva\u0161i\u0107e, svim osnovno\u0161kolcima bilje\u017enice i \u0161kolski pribor\"}]},{\"@type\":\"WebSite\",\"@id\":\"https:\\\/\\\/radioljubuski.ba\\\/#website\",\"url\":\"https:\\\/\\\/radioljubuski.ba\\\/\",\"name\":\"Radio Ljubu\u0161ki\",\"description\":\"Sun\u010dana frekvencija Hercegovine\",\"publisher\":{\"@id\":\"https:\\\/\\\/radioljubuski.ba\\\/#organization\"},\"potentialAction\":[{\"@type\":\"SearchAction\",\"target\":{\"@type\":\"EntryPoint\",\"urlTemplate\":\"https:\\\/\\\/radioljubuski.ba\\\/?s={search_term_string}\"},\"query-input\":{\"@type\":\"PropertyValueSpecification\",\"valueRequired\":true,\"valueName\":\"search_term_string\"}}],\"inLanguage\":\"hr\"},{\"@type\":\"Organization\",\"@id\":\"https:\\\/\\\/radioljubuski.ba\\\/#organization\",\"name\":\"Radio Ljubu\u0161ki\",\"url\":\"https:\\\/\\\/radioljubuski.ba\\\/\",\"logo\":{\"@type\":\"ImageObject\",\"inLanguage\":\"hr\",\"@id\":\"https:\\\/\\\/radioljubuski.ba\\\/#\\\/schema\\\/logo\\\/image\\\/\",\"url\":\"https:\\\/\\\/radioljubuski.ba\\\/wp-content\\\/uploads\\\/2021\\\/02\\\/cropped-Radio_Ljubuski_logo1.jpg\",\"contentUrl\":\"https:\\\/\\\/radioljubuski.ba\\\/wp-content\\\/uploads\\\/2021\\\/02\\\/cropped-Radio_Ljubuski_logo1.jpg\",\"width\":512,\"height\":512,\"caption\":\"Radio Ljubu\u0161ki\"},\"image\":{\"@id\":\"https:\\\/\\\/radioljubuski.ba\\\/#\\\/schema\\\/logo\\\/image\\\/\"},\"sameAs\":[\"https:\\\/\\\/www.facebook.com\\\/Radiio-Ljubuski-1490835324566332\",\"https:\\\/\\\/x.com\\\/radioljubuski\",\"https:\\\/\\\/hr.linkedin.com\\\/company\\\/radio-ljubuski\",\"https:\\\/\\\/www.youtube.com\\\/channel\\\/UCHYaeO_n0Db3tjNGudGpXyw\"]},{\"@type\":\"Person\",\"@id\":\"https:\\\/\\\/radioljubuski.ba\\\/#\\\/schema\\\/person\\\/19fc700381a780f69665d7956c469e3b\",\"name\":\"Radio Ljubu\u0161ki\"}]}<\/script>\n<!-- \/ Yoast SEO plugin. -->","yoast_head_json":{"title":"Grad Ljubu\u0161ki: Ispla\u0107ene potpore za prva\u0161i\u0107e, svim osnovno\u0161kolcima bilje\u017enice i \u0161kolski pribor - RADIO LJUBU\u0160KI","robots":{"index":"index","follow":"follow","max-snippet":"max-snippet:-1","max-image-preview":"max-image-preview:large","max-video-preview":"max-video-preview:-1"},"canonical":"https:\/\/radioljubuski.ba\/index.php\/2025\/09\/04\/grad-ljubuski-isplacene-potpore-za-prvasice-svim-osnovnoskolcima-biljeznice-i-skolski-pribor\/","og_locale":"hr_HR","og_type":"article","og_title":"Grad Ljubu\u0161ki: Ispla\u0107ene potpore za prva\u0161i\u0107e, svim osnovno\u0161kolcima bilje\u017enice i \u0161kolski pribor - RADIO LJUBU\u0160KI","og_description":"U Ljubu\u0161kom, kao i u drugim sredinama u Hercegovini, nova nastavna godina zapo\u010dinje u ponedjeljak. Kako bi olak\u0161ali roditeljima opremanje djece za po\u010detak nastave, Grad Ljubu\u0161ki je iz gradskog prora\u010duna danas isplatio po 200 KM potpore za sve prva\u0161i\u0107e \u010diji su se roditelji prijavili na javni poziv za dodjelu jednokratnih financijskih potpora. Potpora je ispla\u0107ena [&hellip;]","og_url":"https:\/\/radioljubuski.ba\/index.php\/2025\/09\/04\/grad-ljubuski-isplacene-potpore-za-prvasice-svim-osnovnoskolcima-biljeznice-i-skolski-pribor\/","og_site_name":"RADIO LJUBU\u0160KI","article_publisher":"https:\/\/www.facebook.com\/Radiio-Ljubuski-1490835324566332","article_published_time":"2025-09-04T12:26:24+00:00","article_modified_time":"2025-09-05T09:40:06+00:00","og_image":[{"width":1000,"height":667,"url":"https:\/\/radioljubuski.ba\/wp-content\/uploads\/2025\/09\/IMG_8019-1.jpg","type":"image\/jpeg"}],"author":"Radio Ljubu\u0161ki","twitter_card":"summary_large_image","twitter_creator":"@radioljubuski","twitter_site":"@radioljubuski","twitter_misc":{"Napisao\/la":"Radio Ljubu\u0161ki","Procijenjeno vrijeme \u010ditanja":"4 minute"},"schema":{"@context":"https:\/\/schema.org","@graph":[{"@type":"Article","@id":"https:\/\/radioljubuski.ba\/index.php\/2025\/09\/04\/grad-ljubuski-isplacene-potpore-za-prvasice-svim-osnovnoskolcima-biljeznice-i-skolski-pribor\/#article","isPartOf":{"@id":"https:\/\/radioljubuski.ba\/index.php\/2025\/09\/04\/grad-ljubuski-isplacene-potpore-za-prvasice-svim-osnovnoskolcima-biljeznice-i-skolski-pribor\/"},"author":{"name":"Radio Ljubu\u0161ki","@id":"https:\/\/radioljubuski.ba\/#\/schema\/person\/19fc700381a780f69665d7956c469e3b"},"headline":"Grad Ljubu\u0161ki: Ispla\u0107ene potpore za prva\u0161i\u0107e, svim osnovno\u0161kolcima bilje\u017enice i \u0161kolski pribor","datePublished":"2025-09-04T12:26:24+00:00","dateModified":"2025-09-05T09:40:06+00:00","mainEntityOfPage":{"@id":"https:\/\/radioljubuski.ba\/index.php\/2025\/09\/04\/grad-ljubuski-isplacene-potpore-za-prvasice-svim-osnovnoskolcima-biljeznice-i-skolski-pribor\/"},"wordCount":552,"publisher":{"@id":"https:\/\/radioljubuski.ba\/#organization"},"image":{"@id":"https:\/\/radioljubuski.ba\/index.php\/2025\/09\/04\/grad-ljubuski-isplacene-potpore-za-prvasice-svim-osnovnoskolcima-biljeznice-i-skolski-pribor\/#primaryimage"},"thumbnailUrl":"https:\/\/radioljubuski.ba\/wp-content\/uploads\/2025\/09\/IMG_8019-1.jpg","articleSection":["Ljubu\u0161ki","Novosti"],"inLanguage":"hr"},{"@type":"WebPage","@id":"https:\/\/radioljubuski.ba\/index.php\/2025\/09\/04\/grad-ljubuski-isplacene-potpore-za-prvasice-svim-osnovnoskolcima-biljeznice-i-skolski-pribor\/","url":"https:\/\/radioljubuski.ba\/index.php\/2025\/09\/04\/grad-ljubuski-isplacene-potpore-za-prvasice-svim-osnovnoskolcima-biljeznice-i-skolski-pribor\/","name":"Grad Ljubu\u0161ki: Ispla\u0107ene potpore za prva\u0161i\u0107e, svim osnovno\u0161kolcima bilje\u017enice i \u0161kolski pribor - RADIO LJUBU\u0160KI","isPartOf":{"@id":"https:\/\/radioljubuski.ba\/#website"},"primaryImageOfPage":{"@id":"https:\/\/radioljubuski.ba\/index.php\/2025\/09\/04\/grad-ljubuski-isplacene-potpore-za-prvasice-svim-osnovnoskolcima-biljeznice-i-skolski-pribor\/#primaryimage"},"image":{"@id":"https:\/\/radioljubuski.ba\/index.php\/2025\/09\/04\/grad-ljubuski-isplacene-potpore-za-prvasice-svim-osnovnoskolcima-biljeznice-i-skolski-pribor\/#primaryimage"},"thumbnailUrl":"https:\/\/radioljubuski.ba\/wp-content\/uploads\/2025\/09\/IMG_8019-1.jpg","datePublished":"2025-09-04T12:26:24+00:00","dateModified":"2025-09-05T09:40:06+00:00","breadcrumb":{"@id":"https:\/\/radioljubuski.ba\/index.php\/2025\/09\/04\/grad-ljubuski-isplacene-potpore-za-prvasice-svim-osnovnoskolcima-biljeznice-i-skolski-pribor\/#breadcrumb"},"inLanguage":"hr","potentialAction":[{"@type":"ReadAction","target":["https:\/\/radioljubuski.ba\/index.php\/2025\/09\/04\/grad-ljubuski-isplacene-potpore-za-prvasice-svim-osnovnoskolcima-biljeznice-i-skolski-pribor\/"]}]},{"@type":"ImageObject","inLanguage":"hr","@id":"https:\/\/radioljubuski.ba\/index.php\/2025\/09\/04\/grad-ljubuski-isplacene-potpore-za-prvasice-svim-osnovnoskolcima-biljeznice-i-skolski-pribor\/#primaryimage","url":"https:\/\/radioljubuski.ba\/wp-content\/uploads\/2025\/09\/IMG_8019-1.jpg","contentUrl":"https:\/\/radioljubuski.ba\/wp-content\/uploads\/2025\/09\/IMG_8019-1.jpg","width":1000,"height":667},{"@type":"BreadcrumbList","@id":"https:\/\/radioljubuski.ba\/index.php\/2025\/09\/04\/grad-ljubuski-isplacene-potpore-za-prvasice-svim-osnovnoskolcima-biljeznice-i-skolski-pribor\/#breadcrumb","itemListElement":[{"@type":"ListItem","position":1,"name":"Po\u010detna stranica","item":"https:\/\/radioljubuski.ba\/"},{"@type":"ListItem","position":2,"name":"Grad Ljubu\u0161ki: Ispla\u0107ene potpore za prva\u0161i\u0107e, svim osnovno\u0161kolcima bilje\u017enice i \u0161kolski pribor"}]},{"@type":"WebSite","@id":"https:\/\/radioljubuski.ba\/#website","url":"https:\/\/radioljubuski.ba\/","name":"Radio Ljubu\u0161ki","description":"Sun\u010dana frekvencija Hercegovine","publisher":{"@id":"https:\/\/radioljubuski.ba\/#organization"},"potentialAction":[{"@type":"SearchAction","target":{"@type":"EntryPoint","urlTemplate":"https:\/\/radioljubuski.ba\/?s={search_term_string}"},"query-input":{"@type":"PropertyValueSpecification","valueRequired":true,"valueName":"search_term_string"}}],"inLanguage":"hr"},{"@type":"Organization","@id":"https:\/\/radioljubuski.ba\/#organization","name":"Radio Ljubu\u0161ki","url":"https:\/\/radioljubuski.ba\/","logo":{"@type":"ImageObject","inLanguage":"hr","@id":"https:\/\/radioljubuski.ba\/#\/schema\/logo\/image\/","url":"https:\/\/radioljubuski.ba\/wp-content\/uploads\/2021\/02\/cropped-Radio_Ljubuski_logo1.jpg","contentUrl":"https:\/\/radioljubuski.ba\/wp-content\/uploads\/2021\/02\/cropped-Radio_Ljubuski_logo1.jpg","width":512,"height":512,"caption":"Radio Ljubu\u0161ki"},"image":{"@id":"https:\/\/radioljubuski.ba\/#\/schema\/logo\/image\/"},"sameAs":["https:\/\/www.facebook.com\/Radiio-Ljubuski-1490835324566332","https:\/\/x.com\/radioljubuski","https:\/\/hr.linkedin.com\/company\/radio-ljubuski","https:\/\/www.youtube.com\/channel\/UCHYaeO_n0Db3tjNGudGpXyw"]},{"@type":"Person","@id":"https:\/\/radioljubuski.ba\/#\/schema\/person\/19fc700381a780f69665d7956c469e3b","name":"Radio Ljubu\u0161ki"}]}},"_links":{"self":[{"href":"https:\/\/radioljubuski.ba\/index.php\/wp-json\/wp\/v2\/posts\/220404","targetHints":{"allow":["GET"]}}],"collection":[{"href":"https:\/\/radioljubuski.ba\/index.php\/wp-json\/wp\/v2\/posts"}],"about":[{"href":"https:\/\/radioljubuski.ba\/index.php\/wp-json\/wp\/v2\/types\/post"}],"author":[{"embeddable":true,"href":"https:\/\/radioljubuski.ba\/index.php\/wp-json\/wp\/v2\/users\/2"}],"replies":[{"embeddable":true,"href":"https:\/\/radioljubuski.ba\/index.php\/wp-json\/wp\/v2\/comments?post=220404"}],"version-history":[{"count":1,"href":"https:\/\/radioljubuski.ba\/index.php\/wp-json\/wp\/v2\/posts\/220404\/revisions"}],"predecessor-version":[{"id":220410,"href":"https:\/\/radioljubuski.ba\/index.php\/wp-json\/wp\/v2\/posts\/220404\/revisions\/220410"}],"wp:featuredmedia":[{"embeddable":true,"href":"https:\/\/radioljubuski.ba\/index.php\/wp-json\/wp\/v2\/media\/220405"}],"wp:attachment":[{"href":"https:\/\/radioljubuski.ba\/index.php\/wp-json\/wp\/v2\/media?parent=220404"}],"wp:term":[{"taxonomy":"category","embeddable":true,"href":"https:\/\/radioljubuski.ba\/index.php\/wp-json\/wp\/v2\/categories?post=220404"},{"taxonomy":"post_tag","embeddable":true,"href":"https:\/\/radioljubuski.ba\/index.php\/wp-json\/wp\/v2\/tags?post=220404"}],"curies":[{"name":"wp","href":"https:\/\/api.w.org\/{rel}","templated":true}]}}