{"id":220411,"date":"2025-09-04T13:25:37","date_gmt":"2025-09-04T12:25:37","guid":{"rendered":"https:\/\/radioljubuski.ba\/?p=220411"},"modified":"2025-09-05T13:23:19","modified_gmt":"2025-09-05T12:23:19","slug":"ljubuski-donosimo-raspored-za-osnovne-i-srednje-skole","status":"publish","type":"post","link":"https:\/\/radioljubuski.ba\/index.php\/2025\/09\/04\/ljubuski-donosimo-raspored-za-osnovne-i-srednje-skole\/","title":{"rendered":"Ljubu\u0161ki: Donosimo raspored za glazbene, osnovne i srednje \u0161kole"},"content":{"rendered":"\n<p>Nova nastavna godina za sve u\u010denike osnovnih i srednjih \u0161kola Zapadnohercegova\u010dke \u017eupanije, pa time i  na podru\u010dju Ljubu\u0161kog po\u010dinje u ponedjeljak 8. rujna 2025. godine, podjelom rasporeda sati.<\/p>\n\n\n\n<h2 class=\"wp-block-heading\">Pregled  rasporeda za tri osnovne \u0161kole na podru\u010dju Ljubu\u0161kog<\/h2>\n\n\n\n<h2 class=\"wp-block-heading\">Osnovna \u0161kola Tina Ujevi\u0107a Vitina<\/h2>\n\n\n\n<p>U\u010denici dolaze po raspored sati u sljede\u0107im terminima:<\/p>\n\n\n\n<p>\u2022 Vitina (6.\u20139. razredi) u 7:30 sati<br>\u2022 Vitina (1.\u20135. razredi) u 8 sati<br>\u2022 Klobuk (1.\u20139. razredi) u 7:30 sati<br>\u2022 Podru\u010dne \u0161kole Grab, Grljevi\u0107i, \u0160ipova\u010da i Vojni\u0107i u 8 sati<\/p>\n\n\n\n<p>U ponedjeljak svi u\u010denici dobit \u0107e ud\u017ebenike, raspored sati i pribor. Sve\u010dana sveta misa i blagoslov u\u010denika i djelatnika odr\u017eat \u0107e se u 9 sati u crkvi sv. Pa\u0161kala u Vitini, dok \u0107e u\u010denici iz podru\u010dnih \u0161kola sudjelovati na misama u svojim \u017eupama.<\/p>\n\n\n\n<p>Redovita nastava po\u010dinje u utorak, 9. rujna 2025. godine.<\/p>\n\n\n\n<h2 class=\"wp-block-heading\">Osnovna \u0161kola Marka Maruli\u0107a Ljubu\u0161ki<\/h2>\n\n\n\n<p>Podjela rasporeda odr\u017eat \u0107e se po sljede\u0107oj satnici:<\/p>\n\n\n\n<ul class=\"wp-block-list\">\n<li>u 8 sati za u\u010denike 6.-9. razreda<\/li>\n\n\n\n<li>u 9 sati za u\u010denike 2.-5. razreda<\/li>\n\n\n\n<li>u 9 sati za sve u\u010denike podru\u010dnih \u0161kola.<\/li>\n<\/ul>\n\n\n\n<p><\/p>\n\n\n\n<p><strong>Prijem u\u010denika prvog razreda<\/strong>&nbsp;u sredi\u0161njoj \u0161koli uprili\u010dit \u0107emo u&nbsp;<strong>10 sati<\/strong>&nbsp;na \u0161kolskom dvori\u0161tu prigodnim programom. U\u010denici \u0107e do\u0107i u pratnji roditelja na dvori\u0161te, a sve potrebne informacije \u0107e potom dobiti od u\u010diteljica u u\u010dionicama odjela. Na priredbu dolaze i u\u010denici prvog razreda podru\u010dnih \u0161kola koji \u0107e prethodno upoznati svoje u\u010diteljice u podru\u010dnim \u0161kolama. U slu\u010daju ki\u0161e u\u010denici u pratnji roditelja odlaze izravno u u\u010dionicu odjela. Nastava za u\u010denike prvog razreda \u0107e prva dva tjedna biti skra\u0107ena i trajati \u0107e 2 sun\u010dana sata.<\/p>\n\n\n\n<p>Ministarstvo obrazovanja, znanosti, kulture i \u0161porta \u017dZH osiguralo je ud\u017ebenike za sve u\u010denike, dok je pisa\u0107i pribor i bilje\u017enice osigurao Grad Ljubu\u0161ki. Molimo u\u010denike da sa sobom u ponedjeljak ponesu \u0161kolske torbe.<\/p>\n\n\n\n<p>Svima \u017eelimo ugodan po\u010detak nove \u0161kolske godine!<\/p>\n\n\n\n<p><\/p>\n\n\n\n<h3 class=\"wp-block-heading\">Predmetna nastava (6.\u20139. razredi)<\/h3>\n\n\n\n<figure class=\"wp-block-table\"><table class=\"has-fixed-layout\"><tbody><tr><td>Odjel<\/td><td>Razrednik<\/td><td>U\u010dionica<\/td><td>Stari naziv<\/td><\/tr><tr><td>6.A<\/td><td>Vedran Pa\u017eulj<\/td><td>7<\/td><td>U\u010dionica pored knji\u017enice<\/td><\/tr><tr><td>6.B<\/td><td>Lucija Milo\u0161<\/td><td>6<\/td><td>Mala 1<\/td><\/tr><tr><td>6.C<\/td><td>Marin Pavlovi\u0107<\/td><td>5<\/td><td>Mala 2<\/td><\/tr><tr><td>6.D<\/td><td>Martin Artukovi\u0107<\/td><td>8<\/td><td>Vjeronauk<\/td><\/tr><tr><td>6.E<\/td><td>Sara Marolt<\/td><td>9<\/td><td>Geografija<\/td><\/tr><tr><td>7.A<\/td><td>Antonija Bo\u0161njak<\/td><td>26<\/td><td>Biologija<\/td><\/tr><tr><td>7.B<\/td><td>Ivan Lovri\u0107<\/td><td>19<\/td><td>Hrvatski jezik 3<\/td><\/tr><tr><td>7.C<\/td><td>Dragica Petrovi\u0107<\/td><td>12<\/td><td>Likovna kultura 1<\/td><\/tr><tr><td>7.D<\/td><td>Marija Pavlovi\u0107<\/td><td>11<\/td><td>Likovna kultura 2<\/td><\/tr><tr><td>7.E<\/td><td>Marija Me\u0111ugorac<\/td><td>25<\/td><td>Fizika<\/td><\/tr><tr><td>8.A<\/td><td>Mary Bili\u0107<\/td><td>15<\/td><td>Kemija<\/td><\/tr><tr><td>8.B<\/td><td>Marija Bezer<\/td><td>23<\/td><td>Matematika 1<\/td><\/tr><tr><td>8.C<\/td><td>\u017deljana Palameta<\/td><td>18<\/td><td>Tehni\u010dka kultura<\/td><\/tr><tr><td>8.D<\/td><td>Nikolina Mili\u0107evi\u0107<\/td><td>16<\/td><td>Glazbena kultura<\/td><\/tr><tr><td>8.E<\/td><td>Bo\u017eana Bo\u0161njak<\/td><td>17<\/td><td>Njema\u010dki jezik<\/td><\/tr><tr><td>9.A<\/td><td>Ljiljana Ani\u0107<\/td><td>24<\/td><td>Matematika 2<\/td><\/tr><tr><td>9.B<\/td><td>Mate Grbavac<\/td><td>21<\/td><td>Hrvatski jezik 1<\/td><\/tr><tr><td>9.C<\/td><td>Jo\u0161ko Bebek<\/td><td>14<\/td><td>Informatika<\/td><\/tr><tr><td>9.D<\/td><td>Ivana Bubalo<\/td><td>20<\/td><td>Hrvatski jezik 2<\/td><\/tr><tr><td>9.E<\/td><td>Tanja Jerkovi\u0107<\/td><td>10<\/td><td>Povijest<\/td><\/tr><\/tbody><\/table><\/figure>\n\n\n\n<h3 class=\"wp-block-heading\">Razredna nastava (1.\u20135. razredi)<\/h3>\n\n\n\n<figure class=\"wp-block-table\"><table class=\"has-fixed-layout\"><tbody><tr><td>Odjel<\/td><td>U\u010ditelj<\/td><td>U\u010dionica<\/td><td>Stari naziv<\/td><\/tr><tr><td>1.A<\/td><td>Marlena Beus<\/td><td>1<\/td><td>Prva u\u010dionica do dvorane<\/td><\/tr><tr><td>1.B<\/td><td>Ivana Mi\u0161ki\u0107<\/td><td>2<\/td><td>Druga u\u010dionica do dvorane<\/td><\/tr><tr><td>1.C<\/td><td>Ivana Primorac<\/td><td>3<\/td><td>Prva u\u010dionica pored toaleta za dje\u010dake<\/td><\/tr><tr><td>1.D<\/td><td>Ivana Skoko<\/td><td>4<\/td><td>Druga u\u010dionica pored toaleta za dje\u010dake<\/td><\/tr><tr><td>2.A<\/td><td>Mladenka Bebek<\/td><td>12<\/td><td>Likovna kultura 1<\/td><\/tr><tr><td>2.B<\/td><td>Katarina Karlovi\u0107<\/td><td>11<\/td><td>Likovna kultura 2<\/td><\/tr><tr><td>2.C<\/td><td>Natalija Matija\u0161evi\u0107<\/td><td>8<\/td><td>Vjeronauk<\/td><\/tr><tr><td>2.D<\/td><td>Renata Medi\u0107<\/td><td>9<\/td><td>Geografija<\/td><\/tr><tr><td>2.E<\/td><td>Anja Primorac<\/td><td>10<\/td><td>Povijest<\/td><\/tr><tr><td>3.A<\/td><td>Lidija Dugand\u017ei\u0107<\/td><td>16<\/td><td>Glazbena kultura<\/td><\/tr><tr><td>3.B<\/td><td>Marijana Milo\u0161<\/td><td>17<\/td><td>Njema\u010dki jezik<\/td><\/tr><tr><td>3.C<\/td><td>Danijela Bebi\u0107<\/td><td>7<\/td><td>U\u010dionica pored knji\u017enice<\/td><\/tr><tr><td>3.D<\/td><td>Nada Bandur<\/td><td>5<\/td><td>Mala 2<\/td><\/tr><tr><td>3.E<\/td><td>Ana Vuk\u0161i\u0107<\/td><td>6<\/td><td>Mala 1<\/td><\/tr><tr><td>4.A<\/td><td>Slavena Marki\u0107<\/td><td>21<\/td><td>Hrvatski jezik 1<\/td><\/tr><tr><td>4.B<\/td><td>\u017deljka Barbari\u0107<\/td><td>20<\/td><td>Hrvatski jezik 2<\/td><\/tr><tr><td>4.C<\/td><td>Marijana Gad\u017ee<\/td><td>18<\/td><td>Tehni\u010dka kultura<\/td><\/tr><tr><td>4.D<\/td><td>Dra\u017eana Dodig<\/td><td>19<\/td><td>Hrvatski jezik 3<\/td><\/tr><tr><td>5.A<\/td><td>Marina Bili\u0107<\/td><td>23<\/td><td>Matematika 1<\/td><\/tr><tr><td>5.B<\/td><td>Mirjana Su\u0161ac<\/td><td>24<\/td><td>Matematika 2<\/td><\/tr><tr><td>5.C<\/td><td>Adrijana Luburi\u0107<\/td><td>25<\/td><td>Fizika<\/td><\/tr><tr><td>5.D<\/td><td>Maja Ra\u0161i\u0107<\/td><td>26<\/td><td>Biologija<\/td><\/tr><tr><td>PO1<\/td><td>Marija Sablji\u0107<\/td><td>22 (jutarnja)<\/td><td>Poseban odjel<\/td><\/tr><tr><td>PO2<\/td><td>Iris Boras<\/td><td>22 (pp)<\/td><td>Poseban odjel<\/td><\/tr><tr><td>PO3<\/td><td>Ivana Dugand\u017ei\u0107<\/td><td>13 (pp)<\/td><td>Stvaraonica<\/td><\/tr><\/tbody><\/table><\/figure>\n\n\n\n<h2 class=\"wp-block-heading\">Osnovna \u0161kola Ivane Brli\u0107-Ma\u017eurani\u0107, Humac<\/h2>\n\n\n\n<p>Raspored za u\u010denike od 2. do 9. razreda:<\/p>\n\n\n\n<p>\u2022 jutarnja smjena u 7:30 sati<br>\u2022 poslijepodnevna smjena u 8 sati<\/p>\n\n\n\n<p>Za sve prva\u0161i\u0107e i njihove roditelje u \u0161kolskom predvorju odr\u017eat \u0107e se sve\u010danost dobrodo\u0161lice u 9 sati.<\/p>\n\n\n\n<h3 class=\"wp-block-heading\">Razredna nastava (1.\u20135. razredi)<\/h3>\n\n\n\n<figure class=\"wp-block-table\"><table class=\"has-fixed-layout\"><tbody><tr><td>Odjel<\/td><td>Razrednik<\/td><td>U\u010dionica<\/td><\/tr><tr><td>1.a<\/td><td>Antonija Bo\u0161njak<\/td><td>16<\/td><\/tr><tr><td>1.b<\/td><td>Tijana Rup\u010di\u0107<\/td><td>15<\/td><\/tr><tr><td>1.c<\/td><td>Anamarija Milas<\/td><td>17<\/td><\/tr><tr><td>2.a<\/td><td>Marijana Rup\u010di\u0107<\/td><td>14<\/td><\/tr><tr><td>2.b<\/td><td>Silvija Muci\u0107<\/td><td>13<\/td><\/tr><tr><td>2.c<\/td><td>Danijela Dodig<\/td><td>8<\/td><\/tr><tr><td>3.a<\/td><td>Vesna Raki\u0107<\/td><td>9<\/td><\/tr><tr><td>3.b<\/td><td>Branka Lauc<\/td><td>10<\/td><\/tr><tr><td>3.c<\/td><td>Dijana Grbavac<\/td><td>11<\/td><\/tr><tr><td>4.a<\/td><td>Ivana Dodig<\/td><td>7<\/td><\/tr><tr><td>4.b<\/td><td>Mladenka Marinovi\u0107<\/td><td>6<\/td><\/tr><tr><td>4.c<\/td><td>Lidija Rup\u010di\u0107<\/td><td>5<\/td><\/tr><tr><td>5.a<\/td><td>Dra\u017eana Matija\u0161evi\u0107<\/td><td>4<\/td><\/tr><tr><td>5.b<\/td><td>Valerija Dodig<\/td><td>1<\/td><\/tr><tr><td>5.c<\/td><td>\u017deljana Pavlovi\u0107<\/td><td>2<\/td><\/tr><\/tbody><\/table><\/figure>\n\n\n\n<h3 class=\"wp-block-heading\">Predmetna nastava (6.\u20139. razredi)<\/h3>\n\n\n\n<figure class=\"wp-block-table\"><table class=\"has-fixed-layout\"><tbody><tr><td>Odjel<\/td><td>Razrednik<\/td><td>U\u010dionica<\/td><\/tr><tr><td>6.a<\/td><td>Igor Skoko<\/td><td>16<\/td><\/tr><tr><td>6.b<\/td><td>Vedrana Turudi\u0107<\/td><td>15<\/td><\/tr><tr><td>6.c<\/td><td>Marija Kozina<\/td><td>14<\/td><\/tr><tr><td>7.a<\/td><td>Branimir Gagro<\/td><td>13<\/td><\/tr><tr><td>7.b<\/td><td>Marija Rai\u010d<\/td><td>8<\/td><\/tr><tr><td>7.c<\/td><td>Iva \u0160iljeg<\/td><td>9<\/td><\/tr><tr><td>8.a<\/td><td>Matea Bo\u0161njak<\/td><td>10<\/td><\/tr><tr><td>8.b<\/td><td>Marija Ba\u0161i\u0107<\/td><td>11<\/td><\/tr><tr><td>8.c<\/td><td>Antonija Luburi\u0107<\/td><td>7<\/td><\/tr><tr><td>9.a<\/td><td>Mateja Vu\u010di\u0107<\/td><td>6<\/td><\/tr><tr><td>9.b<\/td><td>Danijela Sablji\u0107<\/td><td>5<\/td><\/tr><tr><td>9.c<\/td><td>Stoja Dugand\u017ei\u0107<\/td><td>4<\/td><\/tr><\/tbody><\/table><\/figure>\n\n\n\n<h2 class=\"wp-block-heading\">Pregled rasporeda za srednje \u0161kole na podru\u010dju Ljubu\u0161kog <\/h2>\n\n\n\n<h2 class=\"wp-block-heading\">Gimnazija Ljubu\u0161ki<\/h2>\n\n\n\n<p>U Gimnaziji podjela rasporeda:<\/p>\n\n\n\n<p>\u2022 za vi\u0161e razrede u 7:30 sati<br>\u2022 za prve razrede u 8:00 sati<\/p>\n\n\n\n<p>\u0160kola ove godine broji 290 u\u010denika, od \u010dega je 67 u\u010denika u prvim razredima.<\/p>\n\n\n\n<h2 class=\"wp-block-heading\">Srednja strukovna \u0161kola Ru\u0111era Bo\u0161kovi\u0107a Ljubu\u0161ki<\/h2>\n\n\n\n<p>Redovna nastava zapo\u010dinje u ponedjeljak podjelom rasporeda:<\/p>\n\n\n\n<p>\u2022 jutarnja smjena u 8 sati<br>\u2022 poslijepodnevna smjena u 9 sati<\/p>\n\n\n\n<p>\u0160kolu poha\u0111a ukupno 541 u\u010denik.<\/p>\n\n\n\n<p><\/p>\n\n\n\n<p>Svim u\u010denicima, roditeljima i u\u010diteljima \u017eelimo uspje\u0161an i blagoslovljen po\u010detak nove \u0161kolske godine!<\/p>\n\n\n\n<h2 class=\"wp-block-heading\">Glazbena \u0161kola Ljubu\u0161ki<\/h2>\n\n\n\n<figure class=\"wp-block-image size-full\"><img loading=\"lazy\" decoding=\"async\" width=\"941\" height=\"609\" src=\"https:\/\/radioljubuski.ba\/wp-content\/uploads\/2025\/09\/glazbena-ljub.jpg\" alt=\"\" class=\"wp-image-220438\" srcset=\"https:\/\/radioljubuski.ba\/wp-content\/uploads\/2025\/09\/glazbena-ljub.jpg 941w, https:\/\/radioljubuski.ba\/wp-content\/uploads\/2025\/09\/glazbena-ljub-300x194.jpg 300w, https:\/\/radioljubuski.ba\/wp-content\/uploads\/2025\/09\/glazbena-ljub-768x497.jpg 768w, https:\/\/radioljubuski.ba\/wp-content\/uploads\/2025\/09\/glazbena-ljub-18x12.jpg 18w\" sizes=\"auto, (max-width: 941px) 100vw, 941px\" \/><\/figure>\n\n\n\n<p>Autor : Radio Ljubu\u0161ki<\/p>\n","protected":false},"excerpt":{"rendered":"<p>Nova nastavna godina za sve u\u010denike osnovnih i srednjih \u0161kola Zapadnohercegova\u010dke \u017eupanije, pa time i na podru\u010dju Ljubu\u0161kog po\u010dinje u ponedjeljak 8. rujna 2025. godine, podjelom rasporeda sati. Pregled rasporeda za tri osnovne \u0161kole na podru\u010dju Ljubu\u0161kog Osnovna \u0161kola Tina Ujevi\u0107a Vitina U\u010denici dolaze po raspored sati u sljede\u0107im terminima: \u2022 Vitina (6.\u20139. razredi) u [&hellip;]<\/p>\n","protected":false},"author":2,"featured_media":32373,"comment_status":"closed","ping_status":"closed","sticky":false,"template":"","format":"standard","meta":{"h5ap_radio_sources":[],"footnotes":""},"categories":[3,28],"tags":[],"class_list":["post-220411","post","type-post","status-publish","format-standard","has-post-thumbnail","hentry","category-ljubuski","category-novosti"],"yoast_head":"<!-- This site is optimized with the Yoast SEO plugin v27.5 - https:\/\/yoast.com\/product\/yoast-seo-wordpress\/ -->\n<title>Ljubu\u0161ki: Donosimo raspored za glazbene, osnovne i srednje \u0161kole - RADIO LJUBU\u0160KI<\/title>\n<meta name=\"robots\" content=\"index, follow, max-snippet:-1, max-image-preview:large, max-video-preview:-1\" \/>\n<link rel=\"canonical\" href=\"https:\/\/radioljubuski.ba\/index.php\/2025\/09\/04\/ljubuski-donosimo-raspored-za-osnovne-i-srednje-skole\/\" \/>\n<meta property=\"og:locale\" content=\"hr_HR\" \/>\n<meta property=\"og:type\" content=\"article\" \/>\n<meta property=\"og:title\" content=\"Ljubu\u0161ki: Donosimo raspored za glazbene, osnovne i srednje \u0161kole - RADIO LJUBU\u0160KI\" \/>\n<meta property=\"og:description\" content=\"Nova nastavna godina za sve u\u010denike osnovnih i srednjih \u0161kola Zapadnohercegova\u010dke \u017eupanije, pa time i na podru\u010dju Ljubu\u0161kog po\u010dinje u ponedjeljak 8. rujna 2025. godine, podjelom rasporeda sati. Pregled rasporeda za tri osnovne \u0161kole na podru\u010dju Ljubu\u0161kog Osnovna \u0161kola Tina Ujevi\u0107a Vitina U\u010denici dolaze po raspored sati u sljede\u0107im terminima: \u2022 Vitina (6.\u20139. razredi) u [&hellip;]\" \/>\n<meta property=\"og:url\" content=\"https:\/\/radioljubuski.ba\/index.php\/2025\/09\/04\/ljubuski-donosimo-raspored-za-osnovne-i-srednje-skole\/\" \/>\n<meta property=\"og:site_name\" content=\"RADIO LJUBU\u0160KI\" \/>\n<meta property=\"article:publisher\" content=\"https:\/\/www.facebook.com\/Radiio-Ljubuski-1490835324566332\" \/>\n<meta property=\"article:published_time\" content=\"2025-09-04T12:25:37+00:00\" \/>\n<meta property=\"article:modified_time\" content=\"2025-09-05T12:23:19+00:00\" \/>\n<meta property=\"og:image\" content=\"https:\/\/radioljubuski.ba\/wp-content\/uploads\/2021\/06\/6HnSz8xv_skola_ucenici_prvasici_259825b0bf0345aa9bf2980af6c7366d_view_article.jpg\" \/>\n\t<meta property=\"og:image:width\" content=\"1000\" \/>\n\t<meta property=\"og:image:height\" content=\"625\" \/>\n\t<meta property=\"og:image:type\" content=\"image\/jpeg\" \/>\n<meta name=\"author\" content=\"Radio Ljubu\u0161ki\" \/>\n<meta name=\"twitter:card\" content=\"summary_large_image\" \/>\n<meta name=\"twitter:creator\" content=\"@radioljubuski\" \/>\n<meta name=\"twitter:site\" content=\"@radioljubuski\" \/>\n<meta name=\"twitter:label1\" content=\"Napisao\/la\" \/>\n\t<meta name=\"twitter:data1\" content=\"Radio Ljubu\u0161ki\" \/>\n\t<meta name=\"twitter:label2\" content=\"Procijenjeno vrijeme \u010ditanja\" \/>\n\t<meta name=\"twitter:data2\" content=\"6 minuta\" \/>\n<script type=\"application\/ld+json\" class=\"yoast-schema-graph\">{\"@context\":\"https:\\\/\\\/schema.org\",\"@graph\":[{\"@type\":\"Article\",\"@id\":\"https:\\\/\\\/radioljubuski.ba\\\/index.php\\\/2025\\\/09\\\/04\\\/ljubuski-donosimo-raspored-za-osnovne-i-srednje-skole\\\/#article\",\"isPartOf\":{\"@id\":\"https:\\\/\\\/radioljubuski.ba\\\/index.php\\\/2025\\\/09\\\/04\\\/ljubuski-donosimo-raspored-za-osnovne-i-srednje-skole\\\/\"},\"author\":{\"name\":\"Radio Ljubu\u0161ki\",\"@id\":\"https:\\\/\\\/radioljubuski.ba\\\/#\\\/schema\\\/person\\\/19fc700381a780f69665d7956c469e3b\"},\"headline\":\"Ljubu\u0161ki: Donosimo raspored za glazbene, osnovne i srednje \u0161kole\",\"datePublished\":\"2025-09-04T12:25:37+00:00\",\"dateModified\":\"2025-09-05T12:23:19+00:00\",\"mainEntityOfPage\":{\"@id\":\"https:\\\/\\\/radioljubuski.ba\\\/index.php\\\/2025\\\/09\\\/04\\\/ljubuski-donosimo-raspored-za-osnovne-i-srednje-skole\\\/\"},\"wordCount\":859,\"publisher\":{\"@id\":\"https:\\\/\\\/radioljubuski.ba\\\/#organization\"},\"image\":{\"@id\":\"https:\\\/\\\/radioljubuski.ba\\\/index.php\\\/2025\\\/09\\\/04\\\/ljubuski-donosimo-raspored-za-osnovne-i-srednje-skole\\\/#primaryimage\"},\"thumbnailUrl\":\"https:\\\/\\\/radioljubuski.ba\\\/wp-content\\\/uploads\\\/2021\\\/06\\\/6HnSz8xv_skola_ucenici_prvasici_259825b0bf0345aa9bf2980af6c7366d_view_article.jpg\",\"articleSection\":[\"Ljubu\u0161ki\",\"Novosti\"],\"inLanguage\":\"hr\"},{\"@type\":\"WebPage\",\"@id\":\"https:\\\/\\\/radioljubuski.ba\\\/index.php\\\/2025\\\/09\\\/04\\\/ljubuski-donosimo-raspored-za-osnovne-i-srednje-skole\\\/\",\"url\":\"https:\\\/\\\/radioljubuski.ba\\\/index.php\\\/2025\\\/09\\\/04\\\/ljubuski-donosimo-raspored-za-osnovne-i-srednje-skole\\\/\",\"name\":\"Ljubu\u0161ki: Donosimo raspored za glazbene, osnovne i srednje \u0161kole - RADIO LJUBU\u0160KI\",\"isPartOf\":{\"@id\":\"https:\\\/\\\/radioljubuski.ba\\\/#website\"},\"primaryImageOfPage\":{\"@id\":\"https:\\\/\\\/radioljubuski.ba\\\/index.php\\\/2025\\\/09\\\/04\\\/ljubuski-donosimo-raspored-za-osnovne-i-srednje-skole\\\/#primaryimage\"},\"image\":{\"@id\":\"https:\\\/\\\/radioljubuski.ba\\\/index.php\\\/2025\\\/09\\\/04\\\/ljubuski-donosimo-raspored-za-osnovne-i-srednje-skole\\\/#primaryimage\"},\"thumbnailUrl\":\"https:\\\/\\\/radioljubuski.ba\\\/wp-content\\\/uploads\\\/2021\\\/06\\\/6HnSz8xv_skola_ucenici_prvasici_259825b0bf0345aa9bf2980af6c7366d_view_article.jpg\",\"datePublished\":\"2025-09-04T12:25:37+00:00\",\"dateModified\":\"2025-09-05T12:23:19+00:00\",\"breadcrumb\":{\"@id\":\"https:\\\/\\\/radioljubuski.ba\\\/index.php\\\/2025\\\/09\\\/04\\\/ljubuski-donosimo-raspored-za-osnovne-i-srednje-skole\\\/#breadcrumb\"},\"inLanguage\":\"hr\",\"potentialAction\":[{\"@type\":\"ReadAction\",\"target\":[\"https:\\\/\\\/radioljubuski.ba\\\/index.php\\\/2025\\\/09\\\/04\\\/ljubuski-donosimo-raspored-za-osnovne-i-srednje-skole\\\/\"]}]},{\"@type\":\"ImageObject\",\"inLanguage\":\"hr\",\"@id\":\"https:\\\/\\\/radioljubuski.ba\\\/index.php\\\/2025\\\/09\\\/04\\\/ljubuski-donosimo-raspored-za-osnovne-i-srednje-skole\\\/#primaryimage\",\"url\":\"https:\\\/\\\/radioljubuski.ba\\\/wp-content\\\/uploads\\\/2021\\\/06\\\/6HnSz8xv_skola_ucenici_prvasici_259825b0bf0345aa9bf2980af6c7366d_view_article.jpg\",\"contentUrl\":\"https:\\\/\\\/radioljubuski.ba\\\/wp-content\\\/uploads\\\/2021\\\/06\\\/6HnSz8xv_skola_ucenici_prvasici_259825b0bf0345aa9bf2980af6c7366d_view_article.jpg\",\"width\":1000,\"height\":625},{\"@type\":\"BreadcrumbList\",\"@id\":\"https:\\\/\\\/radioljubuski.ba\\\/index.php\\\/2025\\\/09\\\/04\\\/ljubuski-donosimo-raspored-za-osnovne-i-srednje-skole\\\/#breadcrumb\",\"itemListElement\":[{\"@type\":\"ListItem\",\"position\":1,\"name\":\"Po\u010detna stranica\",\"item\":\"https:\\\/\\\/radioljubuski.ba\\\/\"},{\"@type\":\"ListItem\",\"position\":2,\"name\":\"Ljubu\u0161ki: Donosimo raspored za glazbene, osnovne i srednje \u0161kole\"}]},{\"@type\":\"WebSite\",\"@id\":\"https:\\\/\\\/radioljubuski.ba\\\/#website\",\"url\":\"https:\\\/\\\/radioljubuski.ba\\\/\",\"name\":\"Radio Ljubu\u0161ki\",\"description\":\"Sun\u010dana frekvencija Hercegovine\",\"publisher\":{\"@id\":\"https:\\\/\\\/radioljubuski.ba\\\/#organization\"},\"potentialAction\":[{\"@type\":\"SearchAction\",\"target\":{\"@type\":\"EntryPoint\",\"urlTemplate\":\"https:\\\/\\\/radioljubuski.ba\\\/?s={search_term_string}\"},\"query-input\":{\"@type\":\"PropertyValueSpecification\",\"valueRequired\":true,\"valueName\":\"search_term_string\"}}],\"inLanguage\":\"hr\"},{\"@type\":\"Organization\",\"@id\":\"https:\\\/\\\/radioljubuski.ba\\\/#organization\",\"name\":\"Radio Ljubu\u0161ki\",\"url\":\"https:\\\/\\\/radioljubuski.ba\\\/\",\"logo\":{\"@type\":\"ImageObject\",\"inLanguage\":\"hr\",\"@id\":\"https:\\\/\\\/radioljubuski.ba\\\/#\\\/schema\\\/logo\\\/image\\\/\",\"url\":\"https:\\\/\\\/radioljubuski.ba\\\/wp-content\\\/uploads\\\/2021\\\/02\\\/cropped-Radio_Ljubuski_logo1.jpg\",\"contentUrl\":\"https:\\\/\\\/radioljubuski.ba\\\/wp-content\\\/uploads\\\/2021\\\/02\\\/cropped-Radio_Ljubuski_logo1.jpg\",\"width\":512,\"height\":512,\"caption\":\"Radio Ljubu\u0161ki\"},\"image\":{\"@id\":\"https:\\\/\\\/radioljubuski.ba\\\/#\\\/schema\\\/logo\\\/image\\\/\"},\"sameAs\":[\"https:\\\/\\\/www.facebook.com\\\/Radiio-Ljubuski-1490835324566332\",\"https:\\\/\\\/x.com\\\/radioljubuski\",\"https:\\\/\\\/hr.linkedin.com\\\/company\\\/radio-ljubuski\",\"https:\\\/\\\/www.youtube.com\\\/channel\\\/UCHYaeO_n0Db3tjNGudGpXyw\"]},{\"@type\":\"Person\",\"@id\":\"https:\\\/\\\/radioljubuski.ba\\\/#\\\/schema\\\/person\\\/19fc700381a780f69665d7956c469e3b\",\"name\":\"Radio Ljubu\u0161ki\"}]}<\/script>\n<!-- \/ Yoast SEO plugin. -->","yoast_head_json":{"title":"Ljubu\u0161ki: Donosimo raspored za glazbene, osnovne i srednje \u0161kole - RADIO LJUBU\u0160KI","robots":{"index":"index","follow":"follow","max-snippet":"max-snippet:-1","max-image-preview":"max-image-preview:large","max-video-preview":"max-video-preview:-1"},"canonical":"https:\/\/radioljubuski.ba\/index.php\/2025\/09\/04\/ljubuski-donosimo-raspored-za-osnovne-i-srednje-skole\/","og_locale":"hr_HR","og_type":"article","og_title":"Ljubu\u0161ki: Donosimo raspored za glazbene, osnovne i srednje \u0161kole - RADIO LJUBU\u0160KI","og_description":"Nova nastavna godina za sve u\u010denike osnovnih i srednjih \u0161kola Zapadnohercegova\u010dke \u017eupanije, pa time i na podru\u010dju Ljubu\u0161kog po\u010dinje u ponedjeljak 8. rujna 2025. godine, podjelom rasporeda sati. Pregled rasporeda za tri osnovne \u0161kole na podru\u010dju Ljubu\u0161kog Osnovna \u0161kola Tina Ujevi\u0107a Vitina U\u010denici dolaze po raspored sati u sljede\u0107im terminima: \u2022 Vitina (6.\u20139. razredi) u [&hellip;]","og_url":"https:\/\/radioljubuski.ba\/index.php\/2025\/09\/04\/ljubuski-donosimo-raspored-za-osnovne-i-srednje-skole\/","og_site_name":"RADIO LJUBU\u0160KI","article_publisher":"https:\/\/www.facebook.com\/Radiio-Ljubuski-1490835324566332","article_published_time":"2025-09-04T12:25:37+00:00","article_modified_time":"2025-09-05T12:23:19+00:00","og_image":[{"width":1000,"height":625,"url":"https:\/\/radioljubuski.ba\/wp-content\/uploads\/2021\/06\/6HnSz8xv_skola_ucenici_prvasici_259825b0bf0345aa9bf2980af6c7366d_view_article.jpg","type":"image\/jpeg"}],"author":"Radio Ljubu\u0161ki","twitter_card":"summary_large_image","twitter_creator":"@radioljubuski","twitter_site":"@radioljubuski","twitter_misc":{"Napisao\/la":"Radio Ljubu\u0161ki","Procijenjeno vrijeme \u010ditanja":"6 minuta"},"schema":{"@context":"https:\/\/schema.org","@graph":[{"@type":"Article","@id":"https:\/\/radioljubuski.ba\/index.php\/2025\/09\/04\/ljubuski-donosimo-raspored-za-osnovne-i-srednje-skole\/#article","isPartOf":{"@id":"https:\/\/radioljubuski.ba\/index.php\/2025\/09\/04\/ljubuski-donosimo-raspored-za-osnovne-i-srednje-skole\/"},"author":{"name":"Radio Ljubu\u0161ki","@id":"https:\/\/radioljubuski.ba\/#\/schema\/person\/19fc700381a780f69665d7956c469e3b"},"headline":"Ljubu\u0161ki: Donosimo raspored za glazbene, osnovne i srednje \u0161kole","datePublished":"2025-09-04T12:25:37+00:00","dateModified":"2025-09-05T12:23:19+00:00","mainEntityOfPage":{"@id":"https:\/\/radioljubuski.ba\/index.php\/2025\/09\/04\/ljubuski-donosimo-raspored-za-osnovne-i-srednje-skole\/"},"wordCount":859,"publisher":{"@id":"https:\/\/radioljubuski.ba\/#organization"},"image":{"@id":"https:\/\/radioljubuski.ba\/index.php\/2025\/09\/04\/ljubuski-donosimo-raspored-za-osnovne-i-srednje-skole\/#primaryimage"},"thumbnailUrl":"https:\/\/radioljubuski.ba\/wp-content\/uploads\/2021\/06\/6HnSz8xv_skola_ucenici_prvasici_259825b0bf0345aa9bf2980af6c7366d_view_article.jpg","articleSection":["Ljubu\u0161ki","Novosti"],"inLanguage":"hr"},{"@type":"WebPage","@id":"https:\/\/radioljubuski.ba\/index.php\/2025\/09\/04\/ljubuski-donosimo-raspored-za-osnovne-i-srednje-skole\/","url":"https:\/\/radioljubuski.ba\/index.php\/2025\/09\/04\/ljubuski-donosimo-raspored-za-osnovne-i-srednje-skole\/","name":"Ljubu\u0161ki: Donosimo raspored za glazbene, osnovne i srednje \u0161kole - RADIO LJUBU\u0160KI","isPartOf":{"@id":"https:\/\/radioljubuski.ba\/#website"},"primaryImageOfPage":{"@id":"https:\/\/radioljubuski.ba\/index.php\/2025\/09\/04\/ljubuski-donosimo-raspored-za-osnovne-i-srednje-skole\/#primaryimage"},"image":{"@id":"https:\/\/radioljubuski.ba\/index.php\/2025\/09\/04\/ljubuski-donosimo-raspored-za-osnovne-i-srednje-skole\/#primaryimage"},"thumbnailUrl":"https:\/\/radioljubuski.ba\/wp-content\/uploads\/2021\/06\/6HnSz8xv_skola_ucenici_prvasici_259825b0bf0345aa9bf2980af6c7366d_view_article.jpg","datePublished":"2025-09-04T12:25:37+00:00","dateModified":"2025-09-05T12:23:19+00:00","breadcrumb":{"@id":"https:\/\/radioljubuski.ba\/index.php\/2025\/09\/04\/ljubuski-donosimo-raspored-za-osnovne-i-srednje-skole\/#breadcrumb"},"inLanguage":"hr","potentialAction":[{"@type":"ReadAction","target":["https:\/\/radioljubuski.ba\/index.php\/2025\/09\/04\/ljubuski-donosimo-raspored-za-osnovne-i-srednje-skole\/"]}]},{"@type":"ImageObject","inLanguage":"hr","@id":"https:\/\/radioljubuski.ba\/index.php\/2025\/09\/04\/ljubuski-donosimo-raspored-za-osnovne-i-srednje-skole\/#primaryimage","url":"https:\/\/radioljubuski.ba\/wp-content\/uploads\/2021\/06\/6HnSz8xv_skola_ucenici_prvasici_259825b0bf0345aa9bf2980af6c7366d_view_article.jpg","contentUrl":"https:\/\/radioljubuski.ba\/wp-content\/uploads\/2021\/06\/6HnSz8xv_skola_ucenici_prvasici_259825b0bf0345aa9bf2980af6c7366d_view_article.jpg","width":1000,"height":625},{"@type":"BreadcrumbList","@id":"https:\/\/radioljubuski.ba\/index.php\/2025\/09\/04\/ljubuski-donosimo-raspored-za-osnovne-i-srednje-skole\/#breadcrumb","itemListElement":[{"@type":"ListItem","position":1,"name":"Po\u010detna stranica","item":"https:\/\/radioljubuski.ba\/"},{"@type":"ListItem","position":2,"name":"Ljubu\u0161ki: Donosimo raspored za glazbene, osnovne i srednje \u0161kole"}]},{"@type":"WebSite","@id":"https:\/\/radioljubuski.ba\/#website","url":"https:\/\/radioljubuski.ba\/","name":"Radio Ljubu\u0161ki","description":"Sun\u010dana frekvencija Hercegovine","publisher":{"@id":"https:\/\/radioljubuski.ba\/#organization"},"potentialAction":[{"@type":"SearchAction","target":{"@type":"EntryPoint","urlTemplate":"https:\/\/radioljubuski.ba\/?s={search_term_string}"},"query-input":{"@type":"PropertyValueSpecification","valueRequired":true,"valueName":"search_term_string"}}],"inLanguage":"hr"},{"@type":"Organization","@id":"https:\/\/radioljubuski.ba\/#organization","name":"Radio Ljubu\u0161ki","url":"https:\/\/radioljubuski.ba\/","logo":{"@type":"ImageObject","inLanguage":"hr","@id":"https:\/\/radioljubuski.ba\/#\/schema\/logo\/image\/","url":"https:\/\/radioljubuski.ba\/wp-content\/uploads\/2021\/02\/cropped-Radio_Ljubuski_logo1.jpg","contentUrl":"https:\/\/radioljubuski.ba\/wp-content\/uploads\/2021\/02\/cropped-Radio_Ljubuski_logo1.jpg","width":512,"height":512,"caption":"Radio Ljubu\u0161ki"},"image":{"@id":"https:\/\/radioljubuski.ba\/#\/schema\/logo\/image\/"},"sameAs":["https:\/\/www.facebook.com\/Radiio-Ljubuski-1490835324566332","https:\/\/x.com\/radioljubuski","https:\/\/hr.linkedin.com\/company\/radio-ljubuski","https:\/\/www.youtube.com\/channel\/UCHYaeO_n0Db3tjNGudGpXyw"]},{"@type":"Person","@id":"https:\/\/radioljubuski.ba\/#\/schema\/person\/19fc700381a780f69665d7956c469e3b","name":"Radio Ljubu\u0161ki"}]}},"_links":{"self":[{"href":"https:\/\/radioljubuski.ba\/index.php\/wp-json\/wp\/v2\/posts\/220411","targetHints":{"allow":["GET"]}}],"collection":[{"href":"https:\/\/radioljubuski.ba\/index.php\/wp-json\/wp\/v2\/posts"}],"about":[{"href":"https:\/\/radioljubuski.ba\/index.php\/wp-json\/wp\/v2\/types\/post"}],"author":[{"embeddable":true,"href":"https:\/\/radioljubuski.ba\/index.php\/wp-json\/wp\/v2\/users\/2"}],"replies":[{"embeddable":true,"href":"https:\/\/radioljubuski.ba\/index.php\/wp-json\/wp\/v2\/comments?post=220411"}],"version-history":[{"count":4,"href":"https:\/\/radioljubuski.ba\/index.php\/wp-json\/wp\/v2\/posts\/220411\/revisions"}],"predecessor-version":[{"id":220439,"href":"https:\/\/radioljubuski.ba\/index.php\/wp-json\/wp\/v2\/posts\/220411\/revisions\/220439"}],"wp:featuredmedia":[{"embeddable":true,"href":"https:\/\/radioljubuski.ba\/index.php\/wp-json\/wp\/v2\/media\/32373"}],"wp:attachment":[{"href":"https:\/\/radioljubuski.ba\/index.php\/wp-json\/wp\/v2\/media?parent=220411"}],"wp:term":[{"taxonomy":"category","embeddable":true,"href":"https:\/\/radioljubuski.ba\/index.php\/wp-json\/wp\/v2\/categories?post=220411"},{"taxonomy":"post_tag","embeddable":true,"href":"https:\/\/radioljubuski.ba\/index.php\/wp-json\/wp\/v2\/tags?post=220411"}],"curies":[{"name":"wp","href":"https:\/\/api.w.org\/{rel}","templated":true}]}}