{"id":220415,"date":"2025-09-04T13:50:34","date_gmt":"2025-09-04T12:50:34","guid":{"rendered":"https:\/\/radioljubuski.ba\/?p=220415"},"modified":"2025-09-04T17:47:04","modified_gmt":"2025-09-04T16:47:04","slug":"lda-mostar-u-kocusi-odrzala-obuka-za-buduce-mlade-koordinatore-za-inkluziju","status":"publish","type":"post","link":"https:\/\/radioljubuski.ba\/index.php\/2025\/09\/04\/lda-mostar-u-kocusi-odrzala-obuka-za-buduce-mlade-koordinatore-za-inkluziju\/","title":{"rendered":"LDA Mostar u Ko\u0107u\u0161i odr\u017eala obuku za budu\u0107e mlade koordinatore za inkluziju"},"content":{"rendered":"\n<p>Agencija lokalne demokracije (LDA) Mostar u Ko\u0107u\u0161i u blizini Ljubu\u0161kog drugi ciklus obuke za budu\u0107e mlade koordinatore\/ice za inkluziju.<\/p>\n\n\n\n<p>Radi se o jedinstvenom programu u Bosni i Hercegovini usmjerenom na ja\u010danje kapaciteta za rad s mladima koji nisu uklju\u010deni u obrazovanje, zapo\u0161ljavanje ili osposobljavanje (NEET).<\/p>\n\n\n\n<p>Projekt LDA Mostar pod nazivom \u201eNot Neat to be NEET \u2013 Nije po\u017eeljno biti neanga\u017eiran\u201c financiran sredstvima Europske unije kroz Erasmus+ program, fokusira se na uklju\u010divanje mladih s manje povoljnim \u017eivotnim uvjetima.<\/p>\n\n\n\n<p>Radi se o mladima izme\u0111u 15 i 29 godina koji nisu zaposleni, ne \u0161koluju se i nisu uklju\u010deni u stru\u010dnu obuku, poznatima kao NEET populacija. Taj status nosi ozbiljne posljedice: financijsku nesigurnost, gubitak vje\u0161tina i ote\u017ean pristup tr\u017ei\u0161tu rada.<\/p>\n\n\n\n<p>O projektu smo razgovarali s koordinatoricom Majom Vejzovi\u0107 Voloder iz LDA Mostar.<\/p>\n\n\n\n<p>\u201eLDA Mostar, zajedno s partnerskim organizacijama koje dolaze iz zemalja zapadnog Balkana, prepoznaju\u0107i ovaj problem, razvila je jedinstveni metodolo\u0161ki okvir koji se prvi put primjenjuje u BiH. Temeljen je na opse\u017enom istra\u017eivanju koje je provedeno u osam lokalnih zajednica \u0161irom zemlje, uklju\u010duju\u0107i 62 ispitanika i niz fokus grupa s mladim djelatnicima. Vi\u0161e od polovine mladih ispitanike ne radi niti poha\u0111a nikakvu edukaciju, dok ve\u0107ina nikada nije sudjelovala u razmjenama mladih, radionicama ili treninzima. Poseban izazov predstavljaju mladi iz ruralnih sredina, kojima su zbog financijskih i vremenskih barijera prilike za obrazovanje ili zapo\u0161ljevanje gotovo nedostupne. Rezultati tog istra\u017eivanja preto\u010deni su u publikaciji koja nudi konkretne preporuke za unaprje\u0111enje u sektoru mladih u BiH\u201c, kazala je, me\u0111u ostalim, Vejzovi\u0107 Voloder.<\/p>\n\n\n\n<p>Ona nagla\u0161ava, da obuke koje se trenutno odr\u017eavaju, a drugi ciklus se odvija u Ljubu\u0161kom, predstavljaju prvi takav program u regiji, a cilj je da mladi ljudi nau\u010de prepoznavati, razumjeti i djelovati u svrhu socijalne uklju\u010denosti onih koji su marginalizirani.<\/p>\n\n\n\n<p>\u201eMladi iz NEET populacije predstavljaju neiskori\u0161teni potencijal i dragocjeni kapacitet na\u0161e zemlje. Upravo njihovo osna\u017eivanje i uklju\u010divanje mo\u017ee donijeti nove ideje, energiju i inovativna rje\u0161enja koja BiH treba za dru\u0161tveni i ekonomski razvoj. Ulaganjem u ovu grupu mladih, otvaramo vrata budu\u0107nosti u kojoj svi imaju priliku doprinijeti napretku zajednice i dr\u017eave\u201c, kazala je Vejzovi\u0107 Voloder.<\/p>\n\n\n\n<p>Razgovarali smo i sa sudionicima obuke. Tako Jelena Mihi\u0107 iz Mostara i Adis Kriko iz Zenice dr\u017ee da ta obuka predstavlja niz novih saznanja ali i obuku za prakti\u010dno djelovanje u zajednici iz koje dolaze i primjenu tih dosta produktivnih praksi u zajednici gdje rade. Dr\u017ee da je inkluzija ne\u0161to \u0161to nas okru\u017euje i \u0161to trebamo svi \u017eivjeti. \u010cvrsto vjeruju da uklju\u010divanje mladih i njihova jednakopravnost predstavljaju sigurnost i budu\u0107nost kako za njih tako i za cijelu zajednicu. Ka\u017eu da su kroz ovaj ciklus obuke osposobljeni da znanja koja su tu prikupili konkretno primjene u svojoj zajednici.<\/p>\n\n\n\n<p>Andrea Marinkovi\u0107, specijalistkinja za pra\u0107enje prava djece i evaluacije pri uredu UNICEF-a u BiH je naglasila da je organizacija koju predstavlja izuzetno sretna \u0161to je mogla da podr\u017ei mlade ljude u njihovoj izgradnji i realizaciji kapaciteta kako bi mogli da djeluju na razinama lokalnih zajednica.<\/p>\n\n\n\n<p>\u201eInkluzija je jedna od vrlo bitnih tema kojima se UNICEF bavi. Za participaciju mladih generalno te posebice participaciju mladih koji dolaze iz marginaliziranih grupa mogu re\u0107i da je vrlo bitno da oni budu uklju\u010deni u sve procese koji se njih ti\u010du po\u010dev\u0161i od njihovih \u0161kola da im bude omogu\u0107eno kvalitetno i inkluzivno obrazovanje u skladu s njihovim potrebama, da im bude omogu\u0107ena participacija u dono\u0161enju odluka na razinama \u0161kola, ali i u svojim lokalnim zajednicama. Ono \u0161to doista vidimo kao trend u BiH jeste da pitanja koja se ti\u010du mladih i djece u BiH vrlo \u010desto ne uklju\u010duju mlade i djecu u diskusiju o tim pitanjima bilo to obrazovanje, zdravstvo, socijalna za\u0161tita djece, planiranje doga\u0111aja koji se ti\u010du vremenskih i elementarnih nepogoda. Sve to ima utjecaj na mlade i djecu, ali oni nemaju mjesto za stolom kada se o tome razgovara. Omogu\u0107avanje njihove nazo\u010dnosti, participacije i uva\u017eavanje njihovog mi\u0161ljenja i institucionaliziranje mehanizma je vrlo bitno\u201c, naglasila je, me\u0111u ostalim, Marinkovi\u0107.<\/p>\n\n\n\n<p>Goran Mitrovi\u0107 iz Narodnog parlamenta Leskovac u Srbiji, menager projekta \u201eNot Neat to be NEET\u201c, koji se osim BiH realizira u Srbiji, Crnoj Gori, Albaniji i Kosovu govorio je o zna\u010daju samog projekta u regiji.<\/p>\n\n\n\n<p>\u201eOvaj projekt je prvi projekt ovog tipa u regiji zapadnog Balkana zato \u0161to ima ambiciozan cilj da educira blizu 100 koordinatora za inkluziju koji rade za organizacije koje rade s mladima. Nakon ovog na\u0161eg programa i nakon serije treninga i stjecanja prakti\u010dnog iskustva u radu s mladima ti mladi \u0107e postati koordinatori za inkluziju i nadamo se da \u0107e njihov budu\u0107i rad omogu\u0107iti ve\u0107e uklju\u010divanje ovih osjetljivih skupina mladih u projekte za mlade\u201c, istaknuo je Mitrovi\u0107.<\/p>\n\n\n\n<p>Naglasio je da \u0107e ta mre\u017ea mladih lidera biti sna\u017ean temelj za dugoro\u010dne promjene i \u0161irenja inluzivnih praksi u sektoru mladih.<\/p>\n\n\n\n<p>Svi organizatori i sudionici obuke posebno su istaknuli zadovoljstvo gostoprimstvom u Ko\u0107u\u0161i i Ljubu\u0161kom.<\/p>\n\n\n\n<figure class=\"wp-block-gallery has-nested-images columns-default is-cropped wp-block-gallery-1 is-layout-flex wp-block-gallery-is-layout-flex\">\n<figure class=\"wp-block-image size-large\"><img loading=\"lazy\" decoding=\"async\" width=\"1024\" height=\"768\" data-id=\"220418\" src=\"https:\/\/radioljubuski.ba\/wp-content\/uploads\/2025\/09\/IMG-20250902-WA0018-1024x768.jpg\" alt=\"\" class=\"wp-image-220418\" srcset=\"https:\/\/radioljubuski.ba\/wp-content\/uploads\/2025\/09\/IMG-20250902-WA0018-1024x768.jpg 1024w, https:\/\/radioljubuski.ba\/wp-content\/uploads\/2025\/09\/IMG-20250902-WA0018-300x225.jpg 300w, https:\/\/radioljubuski.ba\/wp-content\/uploads\/2025\/09\/IMG-20250902-WA0018-768x576.jpg 768w, https:\/\/radioljubuski.ba\/wp-content\/uploads\/2025\/09\/IMG-20250902-WA0018-1536x1152.jpg 1536w, https:\/\/radioljubuski.ba\/wp-content\/uploads\/2025\/09\/IMG-20250902-WA0018-16x12.jpg 16w, https:\/\/radioljubuski.ba\/wp-content\/uploads\/2025\/09\/IMG-20250902-WA0018.jpg 2000w\" sizes=\"auto, (max-width: 1024px) 100vw, 1024px\" \/><\/figure>\n<\/figure>\n\n\n\n<p>Radio Ljubu\u0161ki &nbsp;&nbsp;<\/p>\n","protected":false},"excerpt":{"rendered":"<p>Agencija lokalne demokracije (LDA) Mostar u Ko\u0107u\u0161i u blizini Ljubu\u0161kog drugi ciklus obuke za budu\u0107e mlade koordinatore\/ice za inkluziju. Radi se o jedinstvenom programu u Bosni i Hercegovini usmjerenom na ja\u010danje kapaciteta za rad s mladima koji nisu uklju\u010deni u obrazovanje, zapo\u0161ljavanje ili osposobljavanje (NEET). Projekt LDA Mostar pod nazivom \u201eNot Neat to be NEET [&hellip;]<\/p>\n","protected":false},"author":2,"featured_media":220417,"comment_status":"closed","ping_status":"closed","sticky":false,"template":"","format":"standard","meta":{"h5ap_radio_sources":[],"footnotes":""},"categories":[1,3],"tags":[],"class_list":["post-220415","post","type-post","status-publish","format-standard","has-post-thumbnail","hentry","category-bihiregija","category-ljubuski"],"yoast_head":"<!-- This site is optimized with the Yoast SEO plugin v27.5 - https:\/\/yoast.com\/product\/yoast-seo-wordpress\/ -->\n<title>LDA Mostar u Ko\u0107u\u0161i odr\u017eala obuku za budu\u0107e mlade koordinatore za inkluziju - RADIO LJUBU\u0160KI<\/title>\n<meta name=\"robots\" content=\"index, follow, max-snippet:-1, max-image-preview:large, max-video-preview:-1\" \/>\n<link rel=\"canonical\" href=\"https:\/\/radioljubuski.ba\/index.php\/2025\/09\/04\/lda-mostar-u-kocusi-odrzala-obuka-za-buduce-mlade-koordinatore-za-inkluziju\/\" \/>\n<meta property=\"og:locale\" content=\"hr_HR\" \/>\n<meta property=\"og:type\" content=\"article\" \/>\n<meta property=\"og:title\" content=\"LDA Mostar u Ko\u0107u\u0161i odr\u017eala obuku za budu\u0107e mlade koordinatore za inkluziju - RADIO LJUBU\u0160KI\" \/>\n<meta property=\"og:description\" content=\"Agencija lokalne demokracije (LDA) Mostar u Ko\u0107u\u0161i u blizini Ljubu\u0161kog drugi ciklus obuke za budu\u0107e mlade koordinatore\/ice za inkluziju. Radi se o jedinstvenom programu u Bosni i Hercegovini usmjerenom na ja\u010danje kapaciteta za rad s mladima koji nisu uklju\u010deni u obrazovanje, zapo\u0161ljavanje ili osposobljavanje (NEET). Projekt LDA Mostar pod nazivom \u201eNot Neat to be NEET [&hellip;]\" \/>\n<meta property=\"og:url\" content=\"https:\/\/radioljubuski.ba\/index.php\/2025\/09\/04\/lda-mostar-u-kocusi-odrzala-obuka-za-buduce-mlade-koordinatore-za-inkluziju\/\" \/>\n<meta property=\"og:site_name\" content=\"RADIO LJUBU\u0160KI\" \/>\n<meta property=\"article:publisher\" content=\"https:\/\/www.facebook.com\/Radiio-Ljubuski-1490835324566332\" \/>\n<meta property=\"article:published_time\" content=\"2025-09-04T12:50:34+00:00\" \/>\n<meta property=\"article:modified_time\" content=\"2025-09-04T16:47:04+00:00\" \/>\n<meta property=\"og:image\" content=\"https:\/\/radioljubuski.ba\/wp-content\/uploads\/2025\/09\/IMG_20250901_160840-scaled.jpg\" \/>\n\t<meta property=\"og:image:width\" content=\"2560\" \/>\n\t<meta property=\"og:image:height\" content=\"1928\" \/>\n\t<meta property=\"og:image:type\" content=\"image\/jpeg\" \/>\n<meta name=\"author\" content=\"Radio Ljubu\u0161ki\" \/>\n<meta name=\"twitter:card\" content=\"summary_large_image\" \/>\n<meta name=\"twitter:creator\" content=\"@radioljubuski\" \/>\n<meta name=\"twitter:site\" content=\"@radioljubuski\" \/>\n<meta name=\"twitter:label1\" content=\"Napisao\/la\" \/>\n\t<meta name=\"twitter:data1\" content=\"Radio Ljubu\u0161ki\" \/>\n\t<meta name=\"twitter:label2\" content=\"Procijenjeno vrijeme \u010ditanja\" \/>\n\t<meta name=\"twitter:data2\" content=\"5 minuta\" \/>\n<script type=\"application\/ld+json\" class=\"yoast-schema-graph\">{\"@context\":\"https:\\\/\\\/schema.org\",\"@graph\":[{\"@type\":\"Article\",\"@id\":\"https:\\\/\\\/radioljubuski.ba\\\/index.php\\\/2025\\\/09\\\/04\\\/lda-mostar-u-kocusi-odrzala-obuka-za-buduce-mlade-koordinatore-za-inkluziju\\\/#article\",\"isPartOf\":{\"@id\":\"https:\\\/\\\/radioljubuski.ba\\\/index.php\\\/2025\\\/09\\\/04\\\/lda-mostar-u-kocusi-odrzala-obuka-za-buduce-mlade-koordinatore-za-inkluziju\\\/\"},\"author\":{\"name\":\"Radio Ljubu\u0161ki\",\"@id\":\"https:\\\/\\\/radioljubuski.ba\\\/#\\\/schema\\\/person\\\/19fc700381a780f69665d7956c469e3b\"},\"headline\":\"LDA Mostar u Ko\u0107u\u0161i odr\u017eala obuku za budu\u0107e mlade koordinatore za inkluziju\",\"datePublished\":\"2025-09-04T12:50:34+00:00\",\"dateModified\":\"2025-09-04T16:47:04+00:00\",\"mainEntityOfPage\":{\"@id\":\"https:\\\/\\\/radioljubuski.ba\\\/index.php\\\/2025\\\/09\\\/04\\\/lda-mostar-u-kocusi-odrzala-obuka-za-buduce-mlade-koordinatore-za-inkluziju\\\/\"},\"wordCount\":892,\"publisher\":{\"@id\":\"https:\\\/\\\/radioljubuski.ba\\\/#organization\"},\"image\":{\"@id\":\"https:\\\/\\\/radioljubuski.ba\\\/index.php\\\/2025\\\/09\\\/04\\\/lda-mostar-u-kocusi-odrzala-obuka-za-buduce-mlade-koordinatore-za-inkluziju\\\/#primaryimage\"},\"thumbnailUrl\":\"https:\\\/\\\/radioljubuski.ba\\\/wp-content\\\/uploads\\\/2025\\\/09\\\/IMG_20250901_160840-scaled.jpg\",\"articleSection\":[\"BIH i regija\",\"Ljubu\u0161ki\"],\"inLanguage\":\"hr\"},{\"@type\":\"WebPage\",\"@id\":\"https:\\\/\\\/radioljubuski.ba\\\/index.php\\\/2025\\\/09\\\/04\\\/lda-mostar-u-kocusi-odrzala-obuka-za-buduce-mlade-koordinatore-za-inkluziju\\\/\",\"url\":\"https:\\\/\\\/radioljubuski.ba\\\/index.php\\\/2025\\\/09\\\/04\\\/lda-mostar-u-kocusi-odrzala-obuka-za-buduce-mlade-koordinatore-za-inkluziju\\\/\",\"name\":\"LDA Mostar u Ko\u0107u\u0161i odr\u017eala obuku za budu\u0107e mlade koordinatore za inkluziju - RADIO LJUBU\u0160KI\",\"isPartOf\":{\"@id\":\"https:\\\/\\\/radioljubuski.ba\\\/#website\"},\"primaryImageOfPage\":{\"@id\":\"https:\\\/\\\/radioljubuski.ba\\\/index.php\\\/2025\\\/09\\\/04\\\/lda-mostar-u-kocusi-odrzala-obuka-za-buduce-mlade-koordinatore-za-inkluziju\\\/#primaryimage\"},\"image\":{\"@id\":\"https:\\\/\\\/radioljubuski.ba\\\/index.php\\\/2025\\\/09\\\/04\\\/lda-mostar-u-kocusi-odrzala-obuka-za-buduce-mlade-koordinatore-za-inkluziju\\\/#primaryimage\"},\"thumbnailUrl\":\"https:\\\/\\\/radioljubuski.ba\\\/wp-content\\\/uploads\\\/2025\\\/09\\\/IMG_20250901_160840-scaled.jpg\",\"datePublished\":\"2025-09-04T12:50:34+00:00\",\"dateModified\":\"2025-09-04T16:47:04+00:00\",\"breadcrumb\":{\"@id\":\"https:\\\/\\\/radioljubuski.ba\\\/index.php\\\/2025\\\/09\\\/04\\\/lda-mostar-u-kocusi-odrzala-obuka-za-buduce-mlade-koordinatore-za-inkluziju\\\/#breadcrumb\"},\"inLanguage\":\"hr\",\"potentialAction\":[{\"@type\":\"ReadAction\",\"target\":[\"https:\\\/\\\/radioljubuski.ba\\\/index.php\\\/2025\\\/09\\\/04\\\/lda-mostar-u-kocusi-odrzala-obuka-za-buduce-mlade-koordinatore-za-inkluziju\\\/\"]}]},{\"@type\":\"ImageObject\",\"inLanguage\":\"hr\",\"@id\":\"https:\\\/\\\/radioljubuski.ba\\\/index.php\\\/2025\\\/09\\\/04\\\/lda-mostar-u-kocusi-odrzala-obuka-za-buduce-mlade-koordinatore-za-inkluziju\\\/#primaryimage\",\"url\":\"https:\\\/\\\/radioljubuski.ba\\\/wp-content\\\/uploads\\\/2025\\\/09\\\/IMG_20250901_160840-scaled.jpg\",\"contentUrl\":\"https:\\\/\\\/radioljubuski.ba\\\/wp-content\\\/uploads\\\/2025\\\/09\\\/IMG_20250901_160840-scaled.jpg\",\"width\":2560,\"height\":1928},{\"@type\":\"BreadcrumbList\",\"@id\":\"https:\\\/\\\/radioljubuski.ba\\\/index.php\\\/2025\\\/09\\\/04\\\/lda-mostar-u-kocusi-odrzala-obuka-za-buduce-mlade-koordinatore-za-inkluziju\\\/#breadcrumb\",\"itemListElement\":[{\"@type\":\"ListItem\",\"position\":1,\"name\":\"Po\u010detna stranica\",\"item\":\"https:\\\/\\\/radioljubuski.ba\\\/\"},{\"@type\":\"ListItem\",\"position\":2,\"name\":\"LDA Mostar u Ko\u0107u\u0161i odr\u017eala obuku za budu\u0107e mlade koordinatore za inkluziju\"}]},{\"@type\":\"WebSite\",\"@id\":\"https:\\\/\\\/radioljubuski.ba\\\/#website\",\"url\":\"https:\\\/\\\/radioljubuski.ba\\\/\",\"name\":\"Radio Ljubu\u0161ki\",\"description\":\"Sun\u010dana frekvencija Hercegovine\",\"publisher\":{\"@id\":\"https:\\\/\\\/radioljubuski.ba\\\/#organization\"},\"potentialAction\":[{\"@type\":\"SearchAction\",\"target\":{\"@type\":\"EntryPoint\",\"urlTemplate\":\"https:\\\/\\\/radioljubuski.ba\\\/?s={search_term_string}\"},\"query-input\":{\"@type\":\"PropertyValueSpecification\",\"valueRequired\":true,\"valueName\":\"search_term_string\"}}],\"inLanguage\":\"hr\"},{\"@type\":\"Organization\",\"@id\":\"https:\\\/\\\/radioljubuski.ba\\\/#organization\",\"name\":\"Radio Ljubu\u0161ki\",\"url\":\"https:\\\/\\\/radioljubuski.ba\\\/\",\"logo\":{\"@type\":\"ImageObject\",\"inLanguage\":\"hr\",\"@id\":\"https:\\\/\\\/radioljubuski.ba\\\/#\\\/schema\\\/logo\\\/image\\\/\",\"url\":\"https:\\\/\\\/radioljubuski.ba\\\/wp-content\\\/uploads\\\/2021\\\/02\\\/cropped-Radio_Ljubuski_logo1.jpg\",\"contentUrl\":\"https:\\\/\\\/radioljubuski.ba\\\/wp-content\\\/uploads\\\/2021\\\/02\\\/cropped-Radio_Ljubuski_logo1.jpg\",\"width\":512,\"height\":512,\"caption\":\"Radio Ljubu\u0161ki\"},\"image\":{\"@id\":\"https:\\\/\\\/radioljubuski.ba\\\/#\\\/schema\\\/logo\\\/image\\\/\"},\"sameAs\":[\"https:\\\/\\\/www.facebook.com\\\/Radiio-Ljubuski-1490835324566332\",\"https:\\\/\\\/x.com\\\/radioljubuski\",\"https:\\\/\\\/hr.linkedin.com\\\/company\\\/radio-ljubuski\",\"https:\\\/\\\/www.youtube.com\\\/channel\\\/UCHYaeO_n0Db3tjNGudGpXyw\"]},{\"@type\":\"Person\",\"@id\":\"https:\\\/\\\/radioljubuski.ba\\\/#\\\/schema\\\/person\\\/19fc700381a780f69665d7956c469e3b\",\"name\":\"Radio Ljubu\u0161ki\"}]}<\/script>\n<!-- \/ Yoast SEO plugin. -->","yoast_head_json":{"title":"LDA Mostar u Ko\u0107u\u0161i odr\u017eala obuku za budu\u0107e mlade koordinatore za inkluziju - RADIO LJUBU\u0160KI","robots":{"index":"index","follow":"follow","max-snippet":"max-snippet:-1","max-image-preview":"max-image-preview:large","max-video-preview":"max-video-preview:-1"},"canonical":"https:\/\/radioljubuski.ba\/index.php\/2025\/09\/04\/lda-mostar-u-kocusi-odrzala-obuka-za-buduce-mlade-koordinatore-za-inkluziju\/","og_locale":"hr_HR","og_type":"article","og_title":"LDA Mostar u Ko\u0107u\u0161i odr\u017eala obuku za budu\u0107e mlade koordinatore za inkluziju - RADIO LJUBU\u0160KI","og_description":"Agencija lokalne demokracije (LDA) Mostar u Ko\u0107u\u0161i u blizini Ljubu\u0161kog drugi ciklus obuke za budu\u0107e mlade koordinatore\/ice za inkluziju. Radi se o jedinstvenom programu u Bosni i Hercegovini usmjerenom na ja\u010danje kapaciteta za rad s mladima koji nisu uklju\u010deni u obrazovanje, zapo\u0161ljavanje ili osposobljavanje (NEET). Projekt LDA Mostar pod nazivom \u201eNot Neat to be NEET [&hellip;]","og_url":"https:\/\/radioljubuski.ba\/index.php\/2025\/09\/04\/lda-mostar-u-kocusi-odrzala-obuka-za-buduce-mlade-koordinatore-za-inkluziju\/","og_site_name":"RADIO LJUBU\u0160KI","article_publisher":"https:\/\/www.facebook.com\/Radiio-Ljubuski-1490835324566332","article_published_time":"2025-09-04T12:50:34+00:00","article_modified_time":"2025-09-04T16:47:04+00:00","og_image":[{"width":2560,"height":1928,"url":"https:\/\/radioljubuski.ba\/wp-content\/uploads\/2025\/09\/IMG_20250901_160840-scaled.jpg","type":"image\/jpeg"}],"author":"Radio Ljubu\u0161ki","twitter_card":"summary_large_image","twitter_creator":"@radioljubuski","twitter_site":"@radioljubuski","twitter_misc":{"Napisao\/la":"Radio Ljubu\u0161ki","Procijenjeno vrijeme \u010ditanja":"5 minuta"},"schema":{"@context":"https:\/\/schema.org","@graph":[{"@type":"Article","@id":"https:\/\/radioljubuski.ba\/index.php\/2025\/09\/04\/lda-mostar-u-kocusi-odrzala-obuka-za-buduce-mlade-koordinatore-za-inkluziju\/#article","isPartOf":{"@id":"https:\/\/radioljubuski.ba\/index.php\/2025\/09\/04\/lda-mostar-u-kocusi-odrzala-obuka-za-buduce-mlade-koordinatore-za-inkluziju\/"},"author":{"name":"Radio Ljubu\u0161ki","@id":"https:\/\/radioljubuski.ba\/#\/schema\/person\/19fc700381a780f69665d7956c469e3b"},"headline":"LDA Mostar u Ko\u0107u\u0161i odr\u017eala obuku za budu\u0107e mlade koordinatore za inkluziju","datePublished":"2025-09-04T12:50:34+00:00","dateModified":"2025-09-04T16:47:04+00:00","mainEntityOfPage":{"@id":"https:\/\/radioljubuski.ba\/index.php\/2025\/09\/04\/lda-mostar-u-kocusi-odrzala-obuka-za-buduce-mlade-koordinatore-za-inkluziju\/"},"wordCount":892,"publisher":{"@id":"https:\/\/radioljubuski.ba\/#organization"},"image":{"@id":"https:\/\/radioljubuski.ba\/index.php\/2025\/09\/04\/lda-mostar-u-kocusi-odrzala-obuka-za-buduce-mlade-koordinatore-za-inkluziju\/#primaryimage"},"thumbnailUrl":"https:\/\/radioljubuski.ba\/wp-content\/uploads\/2025\/09\/IMG_20250901_160840-scaled.jpg","articleSection":["BIH i regija","Ljubu\u0161ki"],"inLanguage":"hr"},{"@type":"WebPage","@id":"https:\/\/radioljubuski.ba\/index.php\/2025\/09\/04\/lda-mostar-u-kocusi-odrzala-obuka-za-buduce-mlade-koordinatore-za-inkluziju\/","url":"https:\/\/radioljubuski.ba\/index.php\/2025\/09\/04\/lda-mostar-u-kocusi-odrzala-obuka-za-buduce-mlade-koordinatore-za-inkluziju\/","name":"LDA Mostar u Ko\u0107u\u0161i odr\u017eala obuku za budu\u0107e mlade koordinatore za inkluziju - RADIO LJUBU\u0160KI","isPartOf":{"@id":"https:\/\/radioljubuski.ba\/#website"},"primaryImageOfPage":{"@id":"https:\/\/radioljubuski.ba\/index.php\/2025\/09\/04\/lda-mostar-u-kocusi-odrzala-obuka-za-buduce-mlade-koordinatore-za-inkluziju\/#primaryimage"},"image":{"@id":"https:\/\/radioljubuski.ba\/index.php\/2025\/09\/04\/lda-mostar-u-kocusi-odrzala-obuka-za-buduce-mlade-koordinatore-za-inkluziju\/#primaryimage"},"thumbnailUrl":"https:\/\/radioljubuski.ba\/wp-content\/uploads\/2025\/09\/IMG_20250901_160840-scaled.jpg","datePublished":"2025-09-04T12:50:34+00:00","dateModified":"2025-09-04T16:47:04+00:00","breadcrumb":{"@id":"https:\/\/radioljubuski.ba\/index.php\/2025\/09\/04\/lda-mostar-u-kocusi-odrzala-obuka-za-buduce-mlade-koordinatore-za-inkluziju\/#breadcrumb"},"inLanguage":"hr","potentialAction":[{"@type":"ReadAction","target":["https:\/\/radioljubuski.ba\/index.php\/2025\/09\/04\/lda-mostar-u-kocusi-odrzala-obuka-za-buduce-mlade-koordinatore-za-inkluziju\/"]}]},{"@type":"ImageObject","inLanguage":"hr","@id":"https:\/\/radioljubuski.ba\/index.php\/2025\/09\/04\/lda-mostar-u-kocusi-odrzala-obuka-za-buduce-mlade-koordinatore-za-inkluziju\/#primaryimage","url":"https:\/\/radioljubuski.ba\/wp-content\/uploads\/2025\/09\/IMG_20250901_160840-scaled.jpg","contentUrl":"https:\/\/radioljubuski.ba\/wp-content\/uploads\/2025\/09\/IMG_20250901_160840-scaled.jpg","width":2560,"height":1928},{"@type":"BreadcrumbList","@id":"https:\/\/radioljubuski.ba\/index.php\/2025\/09\/04\/lda-mostar-u-kocusi-odrzala-obuka-za-buduce-mlade-koordinatore-za-inkluziju\/#breadcrumb","itemListElement":[{"@type":"ListItem","position":1,"name":"Po\u010detna stranica","item":"https:\/\/radioljubuski.ba\/"},{"@type":"ListItem","position":2,"name":"LDA Mostar u Ko\u0107u\u0161i odr\u017eala obuku za budu\u0107e mlade koordinatore za inkluziju"}]},{"@type":"WebSite","@id":"https:\/\/radioljubuski.ba\/#website","url":"https:\/\/radioljubuski.ba\/","name":"Radio Ljubu\u0161ki","description":"Sun\u010dana frekvencija Hercegovine","publisher":{"@id":"https:\/\/radioljubuski.ba\/#organization"},"potentialAction":[{"@type":"SearchAction","target":{"@type":"EntryPoint","urlTemplate":"https:\/\/radioljubuski.ba\/?s={search_term_string}"},"query-input":{"@type":"PropertyValueSpecification","valueRequired":true,"valueName":"search_term_string"}}],"inLanguage":"hr"},{"@type":"Organization","@id":"https:\/\/radioljubuski.ba\/#organization","name":"Radio Ljubu\u0161ki","url":"https:\/\/radioljubuski.ba\/","logo":{"@type":"ImageObject","inLanguage":"hr","@id":"https:\/\/radioljubuski.ba\/#\/schema\/logo\/image\/","url":"https:\/\/radioljubuski.ba\/wp-content\/uploads\/2021\/02\/cropped-Radio_Ljubuski_logo1.jpg","contentUrl":"https:\/\/radioljubuski.ba\/wp-content\/uploads\/2021\/02\/cropped-Radio_Ljubuski_logo1.jpg","width":512,"height":512,"caption":"Radio Ljubu\u0161ki"},"image":{"@id":"https:\/\/radioljubuski.ba\/#\/schema\/logo\/image\/"},"sameAs":["https:\/\/www.facebook.com\/Radiio-Ljubuski-1490835324566332","https:\/\/x.com\/radioljubuski","https:\/\/hr.linkedin.com\/company\/radio-ljubuski","https:\/\/www.youtube.com\/channel\/UCHYaeO_n0Db3tjNGudGpXyw"]},{"@type":"Person","@id":"https:\/\/radioljubuski.ba\/#\/schema\/person\/19fc700381a780f69665d7956c469e3b","name":"Radio Ljubu\u0161ki"}]}},"_links":{"self":[{"href":"https:\/\/radioljubuski.ba\/index.php\/wp-json\/wp\/v2\/posts\/220415","targetHints":{"allow":["GET"]}}],"collection":[{"href":"https:\/\/radioljubuski.ba\/index.php\/wp-json\/wp\/v2\/posts"}],"about":[{"href":"https:\/\/radioljubuski.ba\/index.php\/wp-json\/wp\/v2\/types\/post"}],"author":[{"embeddable":true,"href":"https:\/\/radioljubuski.ba\/index.php\/wp-json\/wp\/v2\/users\/2"}],"replies":[{"embeddable":true,"href":"https:\/\/radioljubuski.ba\/index.php\/wp-json\/wp\/v2\/comments?post=220415"}],"version-history":[{"count":3,"href":"https:\/\/radioljubuski.ba\/index.php\/wp-json\/wp\/v2\/posts\/220415\/revisions"}],"predecessor-version":[{"id":220420,"href":"https:\/\/radioljubuski.ba\/index.php\/wp-json\/wp\/v2\/posts\/220415\/revisions\/220420"}],"wp:featuredmedia":[{"embeddable":true,"href":"https:\/\/radioljubuski.ba\/index.php\/wp-json\/wp\/v2\/media\/220417"}],"wp:attachment":[{"href":"https:\/\/radioljubuski.ba\/index.php\/wp-json\/wp\/v2\/media?parent=220415"}],"wp:term":[{"taxonomy":"category","embeddable":true,"href":"https:\/\/radioljubuski.ba\/index.php\/wp-json\/wp\/v2\/categories?post=220415"},{"taxonomy":"post_tag","embeddable":true,"href":"https:\/\/radioljubuski.ba\/index.php\/wp-json\/wp\/v2\/tags?post=220415"}],"curies":[{"name":"wp","href":"https:\/\/api.w.org\/{rel}","templated":true}]}}