{"id":220422,"date":"2025-09-05T07:22:16","date_gmt":"2025-09-05T06:22:16","guid":{"rendered":"https:\/\/radioljubuski.ba\/?p=220422"},"modified":"2025-09-05T11:01:42","modified_gmt":"2025-09-05T10:01:42","slug":"veca-prava-i-novcane-naknade-za-roditelje-njegovatelje-u-fbih-ocekuje-se-i-veci-broj-korisnika","status":"publish","type":"post","link":"https:\/\/radioljubuski.ba\/index.php\/2025\/09\/05\/veca-prava-i-novcane-naknade-za-roditelje-njegovatelje-u-fbih-ocekuje-se-i-veci-broj-korisnika\/","title":{"rendered":"Ve\u0107a prava i nov\u010dane naknade za roditelje njegovatelje u FBiH, o\u010dekuje se i ve\u0107i broj korisnika"},"content":{"rendered":"\n<p>Na prijedlog Ministarstva rada i socijalne politike Vlada FBiH utvrdila je nacrt zakona o izmjenama i dopunama Zakona o roditeljima njegovateljima u Federadiji BiH koji \u0107e biti upu\u0107en u daljnju parlamentarnu proceduru. Predlaga\u010d u obrazlo\u017eenju navodi da ove izmjene i dopune sadr\u017ee ukupno 11 \u010dlanaka \u010dijim se odredbama nastoje unaprijediti postoje\u0107a zakonska rje\u0161enja i otkloniti uo\u010deni problemi u provedbi ovoga propisa. Izmjene i dopune odnose se na pojam i status roditelja njegovatelja, zatim na uvjete za priznavanje statusa, kao i razloge za nepriznavanje tog statusa. Jedna od izmjena i dopuna odnosi se na taksativno definiranje kategorije srodnika koji, u kontekstu primjene ovoga propisa, mogu ste\u0107i status roditelja njegovatelja. Tako se propisuje da status roditelja njegovatelja mo\u017ee ostvariti bra\u010dni ili izvanbra\u010dni partner, dijete ili pastorak, krvni srodnici i srodnici po tazbini. Do\u0161lo je i do pove\u0107anja nov\u010dane naknade roditeljima njegovateljima, koja se priznaje upravo u visini navedene pla\u0107e.<\/p>\n\n\n\n<p>Vlada FBiH upoznala se s informacijom o sastanku premijera FBiH s predstavnicima Konzorcija Logistika BiH. Vlada je jednoglasno usvojila zaklju\u010dak kojim je premijera FBiH ovlastila da uputi inicijative Vije\u0107u ministara BiH, kojim Vlada daje podr\u0161ku za rje\u0161avanje aktualnih zahtjeva doma\u0107ih prijevoznika u me\u0111unarodnom prometu. Vlada je dala podr\u0161ku i rje\u0161avanju svih pitanja koja su u nadle\u017enosti FBiH. Podr\u0161ka je iskazana za dono\u0161enje pravilnika o povratu tro\u0161arine te uvo\u0111enju 24-satnih inspekcija na grani\u010dnim prijelazima u cilju ubrzavanja prelaska granica i transporta roba, kao i za olak\u0161avanje upotrebe zajedni\u010dkog taga radi povoljnijeg kori\u0161tenja mre\u017ee autocesta kroz BiH. Potvr\u0111ena je spremnost i Ministarstva prometa i veza na svaki oblik suradnje radi rje\u0161avanja zahtjeva prijevoznika.<\/p>\n\n\n\n<p>Na ju\u010der odr\u017eanoj sjednici Vlada je, me\u0111u ostalim, na prijedlog Ministarstva rada i socijalne politike, utvrdila nacrt zakona o izmjenama i dopunama Zakona o roditeljima njegovateljima u FBiH koji \u0107e biti upu\u0107en u daljnju parlamentarnu proceduru. Predlaga\u010d u obrazlo\u017eenju navodi da ove izmjene i dopune sadr\u017ee ukupno 11 \u010dlanaka \u010dijim se odredbama nastoje unaprijediti postoje\u0107a zakonska rje\u0161enja i otkloniti uo\u010deni problemi u provedbi ovoga propisa. Izmjene i dopune odnose se na pojam i status roditelja njegovatelja, zatim na uvjete za priznavanje statusa, kao i razloge za nepriznavanje tog statusa. Odnose se i na prestanak statusa i pokretanje postupka za priznavanje statusa roditelja njegovatelja te na evidenciju osoba kojima je priznat ovaj status. Me\u0111u ostalim, jedna od izmjena i dopuna odnosi se na taksativno definiranje kategorije srodnika koje, u kontekstu primjene ovoga propisa, mogu ste\u0107i status roditelja njegovatelja. Tako se propisuje da status roditelja njegovatelja mo\u017ee ostvariti bra\u010dni ili izvanbra\u010dni partner, dijete ili pastorak, krvni srodnici i srodnici po tazbini. Tako\u0111er, kod srodnika kao roditelja njegovatelja definirano je zajedni\u010dko ku\u0107anstvo kao uvjet za stjecanje statusa. Uz to, izvanbra\u010dna zajednica izjedna\u010dena je s bra\u010dnom, a predlo\u017eenim izmjenama omogu\u0107eno je i da status roditelja njegovatelja mogu ste\u0107i i oni roditelji \u010dija su djeca u obrazovnom sustavu bez obzira na broj sati provedenih u obrazovnoj ili pred\u0161kolskoj ustanovi.<\/p>\n\n\n\n<p>Predlaga\u010d u obrazlo\u017eenju navodi da \u0107e u pogledu fiskalnih u\u010dinaka koje \u0107e izmjene i dopune Zakona o roditeljima njegovateljima imati za prora\u010dun biti potrebno osigurati dodatna sredstva. Obja\u0161njeno je da je razlog za ovo pove\u0107anje novi, uve\u0107ani iznos najni\u017ee pla\u0107e za 2025., koja je s dosada\u0161njih 619 KM pove\u0107ana na 1000 KM, \u010dime je automatski do\u0161lo i do pove\u0107anja nov\u010dane naknade roditeljima njegovateljima koja se priznaje upravo u visini navedene pla\u0107e. Kao drugi razlog navode da \u0107e predlo\u017eenim izmjenama i dopunama do\u0107i i do pove\u0107anja broja korisnika ove naknade jer se ukida povreda kao uzrok nastanka invaliditeta, \u0161to je do sada bio isklju\u010duju\u0107i kriterij za ostvarivanje prava, zatim se uvode supru\u017enici kao nova kategorija te se ukida ograni\u010denje za djecu koja u obrazovnim pred\u0161kolskim ustanovama borave vi\u0161e od \u010detiri sata. Na osnovi navedenih izmjena i dopuna predlaga\u010d o\u010dekuje pove\u0107anje postoje\u0107eg broja korisnika.<\/p>\n\n\n\n<p>Vlada je, na prijedlog Federalnog ministarstva kulture i sporta, donijela uredbu o osnivanju Vije\u0107a za mlade FBiH. Ovom uredbom osniva se Vije\u0107e za mlade kao stalno stru\u010dno, me\u0111uresorno, savjetodavno i koordinacijsko tijelo Vlade. Vije\u0107e se, me\u0111u ostalim, bavi promoviranjem i za\u0161titom prava mladih, prati pojave u dru\u0161tvu od zna\u010daja za mlade i predla\u017ee mjere i aktivnosti u vezi s njima te koordinira usugla\u0161avanje politika prema mladima FBiH. Prijedlog ove odluke bit \u0107e upu\u0107en u Parlament. Prijedlog odluke predvi\u0111a prihva\u0107anje zadu\u017eenja FBiH po sporazumu o zajmu izme\u0111u BiH i Svjetske banke \u2013 Me\u0111unarodne banke za obnovu i razvoj u ukupnom iznosu od 79,900.000 eura. Projekt \u0107e pru\u017eiti podr\u0161ku za razvoj mikro, malih i srednjih poduze\u0107a u regijama bogatim ugljem, ja\u010danje institucionalnog okvira za pravednu tranziciju, zatvaranje rudnika (RMU Zenica), rekultivaciju i prenamjenu zemlji\u0161ta za novo kori\u0161tenje, uvo\u0111enje \u010diste energije, kao i pru\u017eanje podr\u0161ke rudarima i zajednicama za ekonomsku tranziciju. Sredstva \u0107e se koristiti i za podizanje svijesti o predstoje\u0107em procesu tranzicije u Zenici, Tuzli i Banovi\u0107ima.<\/p>\n\n\n\n<p>Ljportal<\/p>\n","protected":false},"excerpt":{"rendered":"<p>Na prijedlog Ministarstva rada i socijalne politike Vlada FBiH utvrdila je nacrt zakona o izmjenama i dopunama Zakona o roditeljima njegovateljima u Federadiji BiH koji \u0107e biti upu\u0107en u daljnju parlamentarnu proceduru. Predlaga\u010d u obrazlo\u017eenju navodi da ove izmjene i dopune sadr\u017ee ukupno 11 \u010dlanaka \u010dijim se odredbama nastoje unaprijediti postoje\u0107a zakonska rje\u0161enja i otkloniti [&hellip;]<\/p>\n","protected":false},"author":2,"featured_media":220423,"comment_status":"closed","ping_status":"closed","sticky":false,"template":"","format":"standard","meta":{"h5ap_radio_sources":[],"footnotes":""},"categories":[1,28],"tags":[],"class_list":["post-220422","post","type-post","status-publish","format-standard","has-post-thumbnail","hentry","category-bihiregija","category-novosti"],"yoast_head":"<!-- This site is optimized with the Yoast SEO plugin v27.5 - https:\/\/yoast.com\/product\/yoast-seo-wordpress\/ -->\n<title>Ve\u0107a prava i nov\u010dane naknade za roditelje njegovatelje u FBiH, o\u010dekuje se i ve\u0107i broj korisnika - RADIO LJUBU\u0160KI<\/title>\n<meta name=\"robots\" content=\"index, follow, max-snippet:-1, max-image-preview:large, max-video-preview:-1\" \/>\n<link rel=\"canonical\" href=\"https:\/\/radioljubuski.ba\/index.php\/2025\/09\/05\/veca-prava-i-novcane-naknade-za-roditelje-njegovatelje-u-fbih-ocekuje-se-i-veci-broj-korisnika\/\" \/>\n<meta property=\"og:locale\" content=\"hr_HR\" \/>\n<meta property=\"og:type\" content=\"article\" \/>\n<meta property=\"og:title\" content=\"Ve\u0107a prava i nov\u010dane naknade za roditelje njegovatelje u FBiH, o\u010dekuje se i ve\u0107i broj korisnika - RADIO LJUBU\u0160KI\" \/>\n<meta property=\"og:description\" content=\"Na prijedlog Ministarstva rada i socijalne politike Vlada FBiH utvrdila je nacrt zakona o izmjenama i dopunama Zakona o roditeljima njegovateljima u Federadiji BiH koji \u0107e biti upu\u0107en u daljnju parlamentarnu proceduru. Predlaga\u010d u obrazlo\u017eenju navodi da ove izmjene i dopune sadr\u017ee ukupno 11 \u010dlanaka \u010dijim se odredbama nastoje unaprijediti postoje\u0107a zakonska rje\u0161enja i otkloniti [&hellip;]\" \/>\n<meta property=\"og:url\" content=\"https:\/\/radioljubuski.ba\/index.php\/2025\/09\/05\/veca-prava-i-novcane-naknade-za-roditelje-njegovatelje-u-fbih-ocekuje-se-i-veci-broj-korisnika\/\" \/>\n<meta property=\"og:site_name\" content=\"RADIO LJUBU\u0160KI\" \/>\n<meta property=\"article:publisher\" content=\"https:\/\/www.facebook.com\/Radiio-Ljubuski-1490835324566332\" \/>\n<meta property=\"article:published_time\" content=\"2025-09-05T06:22:16+00:00\" \/>\n<meta property=\"article:modified_time\" content=\"2025-09-05T10:01:42+00:00\" \/>\n<meta property=\"og:image\" content=\"https:\/\/radioljubuski.ba\/wp-content\/uploads\/2025\/09\/vlada-feceracije.jpg\" \/>\n\t<meta property=\"og:image:width\" content=\"600\" \/>\n\t<meta property=\"og:image:height\" content=\"400\" \/>\n\t<meta property=\"og:image:type\" content=\"image\/jpeg\" \/>\n<meta name=\"author\" content=\"Radio Ljubu\u0161ki\" \/>\n<meta name=\"twitter:card\" content=\"summary_large_image\" \/>\n<meta name=\"twitter:creator\" content=\"@radioljubuski\" \/>\n<meta name=\"twitter:site\" content=\"@radioljubuski\" \/>\n<meta name=\"twitter:label1\" content=\"Napisao\/la\" \/>\n\t<meta name=\"twitter:data1\" content=\"Radio Ljubu\u0161ki\" \/>\n\t<meta name=\"twitter:label2\" content=\"Procijenjeno vrijeme \u010ditanja\" \/>\n\t<meta name=\"twitter:data2\" content=\"5 minuta\" \/>\n<script type=\"application\/ld+json\" class=\"yoast-schema-graph\">{\"@context\":\"https:\\\/\\\/schema.org\",\"@graph\":[{\"@type\":\"Article\",\"@id\":\"https:\\\/\\\/radioljubuski.ba\\\/index.php\\\/2025\\\/09\\\/05\\\/veca-prava-i-novcane-naknade-za-roditelje-njegovatelje-u-fbih-ocekuje-se-i-veci-broj-korisnika\\\/#article\",\"isPartOf\":{\"@id\":\"https:\\\/\\\/radioljubuski.ba\\\/index.php\\\/2025\\\/09\\\/05\\\/veca-prava-i-novcane-naknade-za-roditelje-njegovatelje-u-fbih-ocekuje-se-i-veci-broj-korisnika\\\/\"},\"author\":{\"name\":\"Radio Ljubu\u0161ki\",\"@id\":\"https:\\\/\\\/radioljubuski.ba\\\/#\\\/schema\\\/person\\\/19fc700381a780f69665d7956c469e3b\"},\"headline\":\"Ve\u0107a prava i nov\u010dane naknade za roditelje njegovatelje u FBiH, o\u010dekuje se i ve\u0107i broj korisnika\",\"datePublished\":\"2025-09-05T06:22:16+00:00\",\"dateModified\":\"2025-09-05T10:01:42+00:00\",\"mainEntityOfPage\":{\"@id\":\"https:\\\/\\\/radioljubuski.ba\\\/index.php\\\/2025\\\/09\\\/05\\\/veca-prava-i-novcane-naknade-za-roditelje-njegovatelje-u-fbih-ocekuje-se-i-veci-broj-korisnika\\\/\"},\"wordCount\":905,\"publisher\":{\"@id\":\"https:\\\/\\\/radioljubuski.ba\\\/#organization\"},\"image\":{\"@id\":\"https:\\\/\\\/radioljubuski.ba\\\/index.php\\\/2025\\\/09\\\/05\\\/veca-prava-i-novcane-naknade-za-roditelje-njegovatelje-u-fbih-ocekuje-se-i-veci-broj-korisnika\\\/#primaryimage\"},\"thumbnailUrl\":\"https:\\\/\\\/radioljubuski.ba\\\/wp-content\\\/uploads\\\/2025\\\/09\\\/vlada-feceracije.jpg\",\"articleSection\":[\"BIH i regija\",\"Novosti\"],\"inLanguage\":\"hr\"},{\"@type\":\"WebPage\",\"@id\":\"https:\\\/\\\/radioljubuski.ba\\\/index.php\\\/2025\\\/09\\\/05\\\/veca-prava-i-novcane-naknade-za-roditelje-njegovatelje-u-fbih-ocekuje-se-i-veci-broj-korisnika\\\/\",\"url\":\"https:\\\/\\\/radioljubuski.ba\\\/index.php\\\/2025\\\/09\\\/05\\\/veca-prava-i-novcane-naknade-za-roditelje-njegovatelje-u-fbih-ocekuje-se-i-veci-broj-korisnika\\\/\",\"name\":\"Ve\u0107a prava i nov\u010dane naknade za roditelje njegovatelje u FBiH, o\u010dekuje se i ve\u0107i broj korisnika - RADIO LJUBU\u0160KI\",\"isPartOf\":{\"@id\":\"https:\\\/\\\/radioljubuski.ba\\\/#website\"},\"primaryImageOfPage\":{\"@id\":\"https:\\\/\\\/radioljubuski.ba\\\/index.php\\\/2025\\\/09\\\/05\\\/veca-prava-i-novcane-naknade-za-roditelje-njegovatelje-u-fbih-ocekuje-se-i-veci-broj-korisnika\\\/#primaryimage\"},\"image\":{\"@id\":\"https:\\\/\\\/radioljubuski.ba\\\/index.php\\\/2025\\\/09\\\/05\\\/veca-prava-i-novcane-naknade-za-roditelje-njegovatelje-u-fbih-ocekuje-se-i-veci-broj-korisnika\\\/#primaryimage\"},\"thumbnailUrl\":\"https:\\\/\\\/radioljubuski.ba\\\/wp-content\\\/uploads\\\/2025\\\/09\\\/vlada-feceracije.jpg\",\"datePublished\":\"2025-09-05T06:22:16+00:00\",\"dateModified\":\"2025-09-05T10:01:42+00:00\",\"breadcrumb\":{\"@id\":\"https:\\\/\\\/radioljubuski.ba\\\/index.php\\\/2025\\\/09\\\/05\\\/veca-prava-i-novcane-naknade-za-roditelje-njegovatelje-u-fbih-ocekuje-se-i-veci-broj-korisnika\\\/#breadcrumb\"},\"inLanguage\":\"hr\",\"potentialAction\":[{\"@type\":\"ReadAction\",\"target\":[\"https:\\\/\\\/radioljubuski.ba\\\/index.php\\\/2025\\\/09\\\/05\\\/veca-prava-i-novcane-naknade-za-roditelje-njegovatelje-u-fbih-ocekuje-se-i-veci-broj-korisnika\\\/\"]}]},{\"@type\":\"ImageObject\",\"inLanguage\":\"hr\",\"@id\":\"https:\\\/\\\/radioljubuski.ba\\\/index.php\\\/2025\\\/09\\\/05\\\/veca-prava-i-novcane-naknade-za-roditelje-njegovatelje-u-fbih-ocekuje-se-i-veci-broj-korisnika\\\/#primaryimage\",\"url\":\"https:\\\/\\\/radioljubuski.ba\\\/wp-content\\\/uploads\\\/2025\\\/09\\\/vlada-feceracije.jpg\",\"contentUrl\":\"https:\\\/\\\/radioljubuski.ba\\\/wp-content\\\/uploads\\\/2025\\\/09\\\/vlada-feceracije.jpg\",\"width\":600,\"height\":400},{\"@type\":\"BreadcrumbList\",\"@id\":\"https:\\\/\\\/radioljubuski.ba\\\/index.php\\\/2025\\\/09\\\/05\\\/veca-prava-i-novcane-naknade-za-roditelje-njegovatelje-u-fbih-ocekuje-se-i-veci-broj-korisnika\\\/#breadcrumb\",\"itemListElement\":[{\"@type\":\"ListItem\",\"position\":1,\"name\":\"Po\u010detna stranica\",\"item\":\"https:\\\/\\\/radioljubuski.ba\\\/\"},{\"@type\":\"ListItem\",\"position\":2,\"name\":\"Ve\u0107a prava i nov\u010dane naknade za roditelje njegovatelje u FBiH, o\u010dekuje se i ve\u0107i broj korisnika\"}]},{\"@type\":\"WebSite\",\"@id\":\"https:\\\/\\\/radioljubuski.ba\\\/#website\",\"url\":\"https:\\\/\\\/radioljubuski.ba\\\/\",\"name\":\"Radio Ljubu\u0161ki\",\"description\":\"Sun\u010dana frekvencija Hercegovine\",\"publisher\":{\"@id\":\"https:\\\/\\\/radioljubuski.ba\\\/#organization\"},\"potentialAction\":[{\"@type\":\"SearchAction\",\"target\":{\"@type\":\"EntryPoint\",\"urlTemplate\":\"https:\\\/\\\/radioljubuski.ba\\\/?s={search_term_string}\"},\"query-input\":{\"@type\":\"PropertyValueSpecification\",\"valueRequired\":true,\"valueName\":\"search_term_string\"}}],\"inLanguage\":\"hr\"},{\"@type\":\"Organization\",\"@id\":\"https:\\\/\\\/radioljubuski.ba\\\/#organization\",\"name\":\"Radio Ljubu\u0161ki\",\"url\":\"https:\\\/\\\/radioljubuski.ba\\\/\",\"logo\":{\"@type\":\"ImageObject\",\"inLanguage\":\"hr\",\"@id\":\"https:\\\/\\\/radioljubuski.ba\\\/#\\\/schema\\\/logo\\\/image\\\/\",\"url\":\"https:\\\/\\\/radioljubuski.ba\\\/wp-content\\\/uploads\\\/2021\\\/02\\\/cropped-Radio_Ljubuski_logo1.jpg\",\"contentUrl\":\"https:\\\/\\\/radioljubuski.ba\\\/wp-content\\\/uploads\\\/2021\\\/02\\\/cropped-Radio_Ljubuski_logo1.jpg\",\"width\":512,\"height\":512,\"caption\":\"Radio Ljubu\u0161ki\"},\"image\":{\"@id\":\"https:\\\/\\\/radioljubuski.ba\\\/#\\\/schema\\\/logo\\\/image\\\/\"},\"sameAs\":[\"https:\\\/\\\/www.facebook.com\\\/Radiio-Ljubuski-1490835324566332\",\"https:\\\/\\\/x.com\\\/radioljubuski\",\"https:\\\/\\\/hr.linkedin.com\\\/company\\\/radio-ljubuski\",\"https:\\\/\\\/www.youtube.com\\\/channel\\\/UCHYaeO_n0Db3tjNGudGpXyw\"]},{\"@type\":\"Person\",\"@id\":\"https:\\\/\\\/radioljubuski.ba\\\/#\\\/schema\\\/person\\\/19fc700381a780f69665d7956c469e3b\",\"name\":\"Radio Ljubu\u0161ki\"}]}<\/script>\n<!-- \/ Yoast SEO plugin. -->","yoast_head_json":{"title":"Ve\u0107a prava i nov\u010dane naknade za roditelje njegovatelje u FBiH, o\u010dekuje se i ve\u0107i broj korisnika - RADIO LJUBU\u0160KI","robots":{"index":"index","follow":"follow","max-snippet":"max-snippet:-1","max-image-preview":"max-image-preview:large","max-video-preview":"max-video-preview:-1"},"canonical":"https:\/\/radioljubuski.ba\/index.php\/2025\/09\/05\/veca-prava-i-novcane-naknade-za-roditelje-njegovatelje-u-fbih-ocekuje-se-i-veci-broj-korisnika\/","og_locale":"hr_HR","og_type":"article","og_title":"Ve\u0107a prava i nov\u010dane naknade za roditelje njegovatelje u FBiH, o\u010dekuje se i ve\u0107i broj korisnika - RADIO LJUBU\u0160KI","og_description":"Na prijedlog Ministarstva rada i socijalne politike Vlada FBiH utvrdila je nacrt zakona o izmjenama i dopunama Zakona o roditeljima njegovateljima u Federadiji BiH koji \u0107e biti upu\u0107en u daljnju parlamentarnu proceduru. Predlaga\u010d u obrazlo\u017eenju navodi da ove izmjene i dopune sadr\u017ee ukupno 11 \u010dlanaka \u010dijim se odredbama nastoje unaprijediti postoje\u0107a zakonska rje\u0161enja i otkloniti [&hellip;]","og_url":"https:\/\/radioljubuski.ba\/index.php\/2025\/09\/05\/veca-prava-i-novcane-naknade-za-roditelje-njegovatelje-u-fbih-ocekuje-se-i-veci-broj-korisnika\/","og_site_name":"RADIO LJUBU\u0160KI","article_publisher":"https:\/\/www.facebook.com\/Radiio-Ljubuski-1490835324566332","article_published_time":"2025-09-05T06:22:16+00:00","article_modified_time":"2025-09-05T10:01:42+00:00","og_image":[{"width":600,"height":400,"url":"https:\/\/radioljubuski.ba\/wp-content\/uploads\/2025\/09\/vlada-feceracije.jpg","type":"image\/jpeg"}],"author":"Radio Ljubu\u0161ki","twitter_card":"summary_large_image","twitter_creator":"@radioljubuski","twitter_site":"@radioljubuski","twitter_misc":{"Napisao\/la":"Radio Ljubu\u0161ki","Procijenjeno vrijeme \u010ditanja":"5 minuta"},"schema":{"@context":"https:\/\/schema.org","@graph":[{"@type":"Article","@id":"https:\/\/radioljubuski.ba\/index.php\/2025\/09\/05\/veca-prava-i-novcane-naknade-za-roditelje-njegovatelje-u-fbih-ocekuje-se-i-veci-broj-korisnika\/#article","isPartOf":{"@id":"https:\/\/radioljubuski.ba\/index.php\/2025\/09\/05\/veca-prava-i-novcane-naknade-za-roditelje-njegovatelje-u-fbih-ocekuje-se-i-veci-broj-korisnika\/"},"author":{"name":"Radio Ljubu\u0161ki","@id":"https:\/\/radioljubuski.ba\/#\/schema\/person\/19fc700381a780f69665d7956c469e3b"},"headline":"Ve\u0107a prava i nov\u010dane naknade za roditelje njegovatelje u FBiH, o\u010dekuje se i ve\u0107i broj korisnika","datePublished":"2025-09-05T06:22:16+00:00","dateModified":"2025-09-05T10:01:42+00:00","mainEntityOfPage":{"@id":"https:\/\/radioljubuski.ba\/index.php\/2025\/09\/05\/veca-prava-i-novcane-naknade-za-roditelje-njegovatelje-u-fbih-ocekuje-se-i-veci-broj-korisnika\/"},"wordCount":905,"publisher":{"@id":"https:\/\/radioljubuski.ba\/#organization"},"image":{"@id":"https:\/\/radioljubuski.ba\/index.php\/2025\/09\/05\/veca-prava-i-novcane-naknade-za-roditelje-njegovatelje-u-fbih-ocekuje-se-i-veci-broj-korisnika\/#primaryimage"},"thumbnailUrl":"https:\/\/radioljubuski.ba\/wp-content\/uploads\/2025\/09\/vlada-feceracije.jpg","articleSection":["BIH i regija","Novosti"],"inLanguage":"hr"},{"@type":"WebPage","@id":"https:\/\/radioljubuski.ba\/index.php\/2025\/09\/05\/veca-prava-i-novcane-naknade-za-roditelje-njegovatelje-u-fbih-ocekuje-se-i-veci-broj-korisnika\/","url":"https:\/\/radioljubuski.ba\/index.php\/2025\/09\/05\/veca-prava-i-novcane-naknade-za-roditelje-njegovatelje-u-fbih-ocekuje-se-i-veci-broj-korisnika\/","name":"Ve\u0107a prava i nov\u010dane naknade za roditelje njegovatelje u FBiH, o\u010dekuje se i ve\u0107i broj korisnika - RADIO LJUBU\u0160KI","isPartOf":{"@id":"https:\/\/radioljubuski.ba\/#website"},"primaryImageOfPage":{"@id":"https:\/\/radioljubuski.ba\/index.php\/2025\/09\/05\/veca-prava-i-novcane-naknade-za-roditelje-njegovatelje-u-fbih-ocekuje-se-i-veci-broj-korisnika\/#primaryimage"},"image":{"@id":"https:\/\/radioljubuski.ba\/index.php\/2025\/09\/05\/veca-prava-i-novcane-naknade-za-roditelje-njegovatelje-u-fbih-ocekuje-se-i-veci-broj-korisnika\/#primaryimage"},"thumbnailUrl":"https:\/\/radioljubuski.ba\/wp-content\/uploads\/2025\/09\/vlada-feceracije.jpg","datePublished":"2025-09-05T06:22:16+00:00","dateModified":"2025-09-05T10:01:42+00:00","breadcrumb":{"@id":"https:\/\/radioljubuski.ba\/index.php\/2025\/09\/05\/veca-prava-i-novcane-naknade-za-roditelje-njegovatelje-u-fbih-ocekuje-se-i-veci-broj-korisnika\/#breadcrumb"},"inLanguage":"hr","potentialAction":[{"@type":"ReadAction","target":["https:\/\/radioljubuski.ba\/index.php\/2025\/09\/05\/veca-prava-i-novcane-naknade-za-roditelje-njegovatelje-u-fbih-ocekuje-se-i-veci-broj-korisnika\/"]}]},{"@type":"ImageObject","inLanguage":"hr","@id":"https:\/\/radioljubuski.ba\/index.php\/2025\/09\/05\/veca-prava-i-novcane-naknade-za-roditelje-njegovatelje-u-fbih-ocekuje-se-i-veci-broj-korisnika\/#primaryimage","url":"https:\/\/radioljubuski.ba\/wp-content\/uploads\/2025\/09\/vlada-feceracije.jpg","contentUrl":"https:\/\/radioljubuski.ba\/wp-content\/uploads\/2025\/09\/vlada-feceracije.jpg","width":600,"height":400},{"@type":"BreadcrumbList","@id":"https:\/\/radioljubuski.ba\/index.php\/2025\/09\/05\/veca-prava-i-novcane-naknade-za-roditelje-njegovatelje-u-fbih-ocekuje-se-i-veci-broj-korisnika\/#breadcrumb","itemListElement":[{"@type":"ListItem","position":1,"name":"Po\u010detna stranica","item":"https:\/\/radioljubuski.ba\/"},{"@type":"ListItem","position":2,"name":"Ve\u0107a prava i nov\u010dane naknade za roditelje njegovatelje u FBiH, o\u010dekuje se i ve\u0107i broj korisnika"}]},{"@type":"WebSite","@id":"https:\/\/radioljubuski.ba\/#website","url":"https:\/\/radioljubuski.ba\/","name":"Radio Ljubu\u0161ki","description":"Sun\u010dana frekvencija Hercegovine","publisher":{"@id":"https:\/\/radioljubuski.ba\/#organization"},"potentialAction":[{"@type":"SearchAction","target":{"@type":"EntryPoint","urlTemplate":"https:\/\/radioljubuski.ba\/?s={search_term_string}"},"query-input":{"@type":"PropertyValueSpecification","valueRequired":true,"valueName":"search_term_string"}}],"inLanguage":"hr"},{"@type":"Organization","@id":"https:\/\/radioljubuski.ba\/#organization","name":"Radio Ljubu\u0161ki","url":"https:\/\/radioljubuski.ba\/","logo":{"@type":"ImageObject","inLanguage":"hr","@id":"https:\/\/radioljubuski.ba\/#\/schema\/logo\/image\/","url":"https:\/\/radioljubuski.ba\/wp-content\/uploads\/2021\/02\/cropped-Radio_Ljubuski_logo1.jpg","contentUrl":"https:\/\/radioljubuski.ba\/wp-content\/uploads\/2021\/02\/cropped-Radio_Ljubuski_logo1.jpg","width":512,"height":512,"caption":"Radio Ljubu\u0161ki"},"image":{"@id":"https:\/\/radioljubuski.ba\/#\/schema\/logo\/image\/"},"sameAs":["https:\/\/www.facebook.com\/Radiio-Ljubuski-1490835324566332","https:\/\/x.com\/radioljubuski","https:\/\/hr.linkedin.com\/company\/radio-ljubuski","https:\/\/www.youtube.com\/channel\/UCHYaeO_n0Db3tjNGudGpXyw"]},{"@type":"Person","@id":"https:\/\/radioljubuski.ba\/#\/schema\/person\/19fc700381a780f69665d7956c469e3b","name":"Radio Ljubu\u0161ki"}]}},"_links":{"self":[{"href":"https:\/\/radioljubuski.ba\/index.php\/wp-json\/wp\/v2\/posts\/220422","targetHints":{"allow":["GET"]}}],"collection":[{"href":"https:\/\/radioljubuski.ba\/index.php\/wp-json\/wp\/v2\/posts"}],"about":[{"href":"https:\/\/radioljubuski.ba\/index.php\/wp-json\/wp\/v2\/types\/post"}],"author":[{"embeddable":true,"href":"https:\/\/radioljubuski.ba\/index.php\/wp-json\/wp\/v2\/users\/2"}],"replies":[{"embeddable":true,"href":"https:\/\/radioljubuski.ba\/index.php\/wp-json\/wp\/v2\/comments?post=220422"}],"version-history":[{"count":1,"href":"https:\/\/radioljubuski.ba\/index.php\/wp-json\/wp\/v2\/posts\/220422\/revisions"}],"predecessor-version":[{"id":220424,"href":"https:\/\/radioljubuski.ba\/index.php\/wp-json\/wp\/v2\/posts\/220422\/revisions\/220424"}],"wp:featuredmedia":[{"embeddable":true,"href":"https:\/\/radioljubuski.ba\/index.php\/wp-json\/wp\/v2\/media\/220423"}],"wp:attachment":[{"href":"https:\/\/radioljubuski.ba\/index.php\/wp-json\/wp\/v2\/media?parent=220422"}],"wp:term":[{"taxonomy":"category","embeddable":true,"href":"https:\/\/radioljubuski.ba\/index.php\/wp-json\/wp\/v2\/categories?post=220422"},{"taxonomy":"post_tag","embeddable":true,"href":"https:\/\/radioljubuski.ba\/index.php\/wp-json\/wp\/v2\/tags?post=220422"}],"curies":[{"name":"wp","href":"https:\/\/api.w.org\/{rel}","templated":true}]}}