{"id":220440,"date":"2025-09-05T13:27:37","date_gmt":"2025-09-05T12:27:37","guid":{"rendered":"https:\/\/radioljubuski.ba\/?p=220440"},"modified":"2025-09-05T14:44:37","modified_gmt":"2025-09-05T13:44:37","slug":"u-nedjelju-12-ljubuska-biciklijada-luburic-i-bubalo-pozvali-sve-bicikliste-na-druzenje-i-uzivanje-u-prekrasnom-ljubuskom-krajoliku","status":"publish","type":"post","link":"https:\/\/radioljubuski.ba\/index.php\/2025\/09\/05\/u-nedjelju-12-ljubuska-biciklijada-luburic-i-bubalo-pozvali-sve-bicikliste-na-druzenje-i-uzivanje-u-prekrasnom-ljubuskom-krajoliku\/","title":{"rendered":"U nedjelju 12. Ljubu\u0161ka biciklijada, Luburi\u0107 i Bubalo pozvali sve bicikliste na dru\u017eenje i u\u017eivanje u prekrasnom ljubu\u0161kom krajoliku"},"content":{"rendered":"\n<p>Biciklisti\u010dki klub Ljubu\u0161ki organizira 12. Ljubu\u0161ku biciklijadu, koja \u0107e se tradicionalno odr\u017eati 7.09.2025 godine u sklopu projekta \u201cRutom ste\u0107aka\u201d. \u00a0Ova rekreativna biciklisti\u010dka vo\u017enja okuplja ljubitelje biciklizma svih uzrasta i kategorija, pru\u017eaju\u0107i im priliku za nezaboravno dru\u017eenje i u\u017eivanje u predivnom krajoliku Ljubu\u0161kog.<\/p>\n\n\n\n<p>Tim povodom u programu Radija Ljubu\u0161ki gostovali su predsjednik Biciklisti\u010dkog kluba Ljubu\u0161ki Mirko Luburi\u0107 i \u010dlan kluba Ivan Bubalo Dupli.<\/p>\n\n\n\n<p>Na po\u010detku razgovora gosti su iznijeli osnovne podatke o nedjeljnoj biciklijadi.<\/p>\n\n\n\n<p>Istaknuli su da je okupljanje sudionika u 10 sati na Trgu dr. Franje Tu\u0111mana u Ljubu\u0161kom, da pravo sudjelovanja imaju svi stariji od 12 godina, a mla\u0111i uz pratnju odraslih. Nakon dolaska na Kravicu uslijedit \u0107e zajedni\u010dko kratko dru\u017eenje svih sudionika, a nakon toga slijedi povratak u Ljubu\u0161ki i zajedni\u010dki ru\u010dak.<\/p>\n\n\n\n<p>Luburi\u0107 je naglasio da je zbog porasta vodostaja rijeke Trebi\u017eat izmijenjena ranije planirana staza uz rijeku i da \u0107e se biciklijada voziti cestom cijelom du\u017einom.<\/p>\n\n\n\n<p>\u201eNakon polaska iz Ljubu\u0161kog vozimo za Gra\u010dine gdje \u0107e nas na\u0161 arheolog Mirko Ra\u0161i\u0107 upoznati s Rimskim vojnim logorom na Humcu. Na Gra\u010dinama se razdvajamo, jedna ekipa voziti \u0107e prema Kravici, a druga ekipa prema Nekropoli ste\u0107aka na Zviri\u0107ima gdje \u0107e nas ponovo Mirko Ra\u0161i\u0107 upoznati s tom Nekropolom. Nakon toga i ta ekipa nastavlja put prema Kravici, gdje \u0107emo se svi skupa sastati\u201c, objasnio je Luburi\u0107.<\/p>\n\n\n\n<p>Bubalo je naglasio da je biciklijada namijenjena isklju\u010divo rekreativcima te dodao da \u010dak i oni koji nemaju bicikl mogu sudjelovati i da \u0107e organizator za njih osigurati bicikl. Pozvao je sve sudionika da do\u0111u ne\u0161to ranije, a posebice one koji imaju lak\u0161ih kvarova na biciklima kako bi se ti kvarovi rije\u0161ili do po\u010detka utrke.<\/p>\n\n\n\n<p>Luburi\u0107 i Bubalo su na kraju razgovora pozvali sve ljubitelje biciklizma, ali i ostale gra\u0111ane da iskoriste ovu ljubu\u0161ku biciklijadu za jedno nezaboravno dru\u017eenje i u\u017eivanje u prekrasnom ljubu\u0161kom krajoliku.<\/p>\n\n\n\n<p>Radio Ljubu\u0161ki<\/p>\n","protected":false},"excerpt":{"rendered":"<p>Biciklisti\u010dki klub Ljubu\u0161ki organizira 12. Ljubu\u0161ku biciklijadu, koja \u0107e se tradicionalno odr\u017eati 7.09.2025 godine u sklopu projekta \u201cRutom ste\u0107aka\u201d. \u00a0Ova rekreativna biciklisti\u010dka vo\u017enja okuplja ljubitelje biciklizma svih uzrasta i kategorija, pru\u017eaju\u0107i im priliku za nezaboravno dru\u017eenje i u\u017eivanje u predivnom krajoliku Ljubu\u0161kog. Tim povodom u programu Radija Ljubu\u0161ki gostovali su predsjednik Biciklisti\u010dkog kluba Ljubu\u0161ki Mirko [&hellip;]<\/p>\n","protected":false},"author":2,"featured_media":220434,"comment_status":"closed","ping_status":"closed","sticky":false,"template":"","format":"standard","meta":{"h5ap_radio_sources":[],"footnotes":""},"categories":[3],"tags":[],"class_list":["post-220440","post","type-post","status-publish","format-standard","has-post-thumbnail","hentry","category-ljubuski"],"yoast_head":"<!-- This site is optimized with the Yoast SEO plugin v27.5 - https:\/\/yoast.com\/product\/yoast-seo-wordpress\/ -->\n<title>U nedjelju 12. Ljubu\u0161ka biciklijada, Luburi\u0107 i Bubalo pozvali sve bicikliste na dru\u017eenje i u\u017eivanje u prekrasnom ljubu\u0161kom krajoliku - RADIO LJUBU\u0160KI<\/title>\n<meta name=\"robots\" content=\"index, follow, max-snippet:-1, max-image-preview:large, max-video-preview:-1\" \/>\n<link rel=\"canonical\" href=\"https:\/\/radioljubuski.ba\/index.php\/2025\/09\/05\/u-nedjelju-12-ljubuska-biciklijada-luburic-i-bubalo-pozvali-sve-bicikliste-na-druzenje-i-uzivanje-u-prekrasnom-ljubuskom-krajoliku\/\" \/>\n<meta property=\"og:locale\" content=\"hr_HR\" \/>\n<meta property=\"og:type\" content=\"article\" \/>\n<meta property=\"og:title\" content=\"U nedjelju 12. Ljubu\u0161ka biciklijada, Luburi\u0107 i Bubalo pozvali sve bicikliste na dru\u017eenje i u\u017eivanje u prekrasnom ljubu\u0161kom krajoliku - RADIO LJUBU\u0160KI\" \/>\n<meta property=\"og:description\" content=\"Biciklisti\u010dki klub Ljubu\u0161ki organizira 12. Ljubu\u0161ku biciklijadu, koja \u0107e se tradicionalno odr\u017eati 7.09.2025 godine u sklopu projekta \u201cRutom ste\u0107aka\u201d. \u00a0Ova rekreativna biciklisti\u010dka vo\u017enja okuplja ljubitelje biciklizma svih uzrasta i kategorija, pru\u017eaju\u0107i im priliku za nezaboravno dru\u017eenje i u\u017eivanje u predivnom krajoliku Ljubu\u0161kog. Tim povodom u programu Radija Ljubu\u0161ki gostovali su predsjednik Biciklisti\u010dkog kluba Ljubu\u0161ki Mirko [&hellip;]\" \/>\n<meta property=\"og:url\" content=\"https:\/\/radioljubuski.ba\/index.php\/2025\/09\/05\/u-nedjelju-12-ljubuska-biciklijada-luburic-i-bubalo-pozvali-sve-bicikliste-na-druzenje-i-uzivanje-u-prekrasnom-ljubuskom-krajoliku\/\" \/>\n<meta property=\"og:site_name\" content=\"RADIO LJUBU\u0160KI\" \/>\n<meta property=\"article:publisher\" content=\"https:\/\/www.facebook.com\/Radiio-Ljubuski-1490835324566332\" \/>\n<meta property=\"article:published_time\" content=\"2025-09-05T12:27:37+00:00\" \/>\n<meta property=\"article:modified_time\" content=\"2025-09-05T13:44:37+00:00\" \/>\n<meta property=\"og:image\" content=\"https:\/\/radioljubuski.ba\/wp-content\/uploads\/2025\/09\/mirko-i-dupli-scaled.jpg\" \/>\n\t<meta property=\"og:image:width\" content=\"2560\" \/>\n\t<meta property=\"og:image:height\" content=\"1920\" \/>\n\t<meta property=\"og:image:type\" content=\"image\/jpeg\" \/>\n<meta name=\"author\" content=\"Radio Ljubu\u0161ki\" \/>\n<meta name=\"twitter:card\" content=\"summary_large_image\" \/>\n<meta name=\"twitter:creator\" content=\"@radioljubuski\" \/>\n<meta name=\"twitter:site\" content=\"@radioljubuski\" \/>\n<meta name=\"twitter:label1\" content=\"Napisao\/la\" \/>\n\t<meta name=\"twitter:data1\" content=\"Radio Ljubu\u0161ki\" \/>\n\t<meta name=\"twitter:label2\" content=\"Procijenjeno vrijeme \u010ditanja\" \/>\n\t<meta name=\"twitter:data2\" content=\"2 minute\" \/>\n<script type=\"application\/ld+json\" class=\"yoast-schema-graph\">{\"@context\":\"https:\\\/\\\/schema.org\",\"@graph\":[{\"@type\":\"Article\",\"@id\":\"https:\\\/\\\/radioljubuski.ba\\\/index.php\\\/2025\\\/09\\\/05\\\/u-nedjelju-12-ljubuska-biciklijada-luburic-i-bubalo-pozvali-sve-bicikliste-na-druzenje-i-uzivanje-u-prekrasnom-ljubuskom-krajoliku\\\/#article\",\"isPartOf\":{\"@id\":\"https:\\\/\\\/radioljubuski.ba\\\/index.php\\\/2025\\\/09\\\/05\\\/u-nedjelju-12-ljubuska-biciklijada-luburic-i-bubalo-pozvali-sve-bicikliste-na-druzenje-i-uzivanje-u-prekrasnom-ljubuskom-krajoliku\\\/\"},\"author\":{\"name\":\"Radio Ljubu\u0161ki\",\"@id\":\"https:\\\/\\\/radioljubuski.ba\\\/#\\\/schema\\\/person\\\/19fc700381a780f69665d7956c469e3b\"},\"headline\":\"U nedjelju 12. Ljubu\u0161ka biciklijada, Luburi\u0107 i Bubalo pozvali sve bicikliste na dru\u017eenje i u\u017eivanje u prekrasnom ljubu\u0161kom krajoliku\",\"datePublished\":\"2025-09-05T12:27:37+00:00\",\"dateModified\":\"2025-09-05T13:44:37+00:00\",\"mainEntityOfPage\":{\"@id\":\"https:\\\/\\\/radioljubuski.ba\\\/index.php\\\/2025\\\/09\\\/05\\\/u-nedjelju-12-ljubuska-biciklijada-luburic-i-bubalo-pozvali-sve-bicikliste-na-druzenje-i-uzivanje-u-prekrasnom-ljubuskom-krajoliku\\\/\"},\"wordCount\":365,\"publisher\":{\"@id\":\"https:\\\/\\\/radioljubuski.ba\\\/#organization\"},\"image\":{\"@id\":\"https:\\\/\\\/radioljubuski.ba\\\/index.php\\\/2025\\\/09\\\/05\\\/u-nedjelju-12-ljubuska-biciklijada-luburic-i-bubalo-pozvali-sve-bicikliste-na-druzenje-i-uzivanje-u-prekrasnom-ljubuskom-krajoliku\\\/#primaryimage\"},\"thumbnailUrl\":\"https:\\\/\\\/radioljubuski.ba\\\/wp-content\\\/uploads\\\/2025\\\/09\\\/mirko-i-dupli-scaled.jpg\",\"articleSection\":[\"Ljubu\u0161ki\"],\"inLanguage\":\"hr\"},{\"@type\":\"WebPage\",\"@id\":\"https:\\\/\\\/radioljubuski.ba\\\/index.php\\\/2025\\\/09\\\/05\\\/u-nedjelju-12-ljubuska-biciklijada-luburic-i-bubalo-pozvali-sve-bicikliste-na-druzenje-i-uzivanje-u-prekrasnom-ljubuskom-krajoliku\\\/\",\"url\":\"https:\\\/\\\/radioljubuski.ba\\\/index.php\\\/2025\\\/09\\\/05\\\/u-nedjelju-12-ljubuska-biciklijada-luburic-i-bubalo-pozvali-sve-bicikliste-na-druzenje-i-uzivanje-u-prekrasnom-ljubuskom-krajoliku\\\/\",\"name\":\"U nedjelju 12. Ljubu\u0161ka biciklijada, Luburi\u0107 i Bubalo pozvali sve bicikliste na dru\u017eenje i u\u017eivanje u prekrasnom ljubu\u0161kom krajoliku - RADIO LJUBU\u0160KI\",\"isPartOf\":{\"@id\":\"https:\\\/\\\/radioljubuski.ba\\\/#website\"},\"primaryImageOfPage\":{\"@id\":\"https:\\\/\\\/radioljubuski.ba\\\/index.php\\\/2025\\\/09\\\/05\\\/u-nedjelju-12-ljubuska-biciklijada-luburic-i-bubalo-pozvali-sve-bicikliste-na-druzenje-i-uzivanje-u-prekrasnom-ljubuskom-krajoliku\\\/#primaryimage\"},\"image\":{\"@id\":\"https:\\\/\\\/radioljubuski.ba\\\/index.php\\\/2025\\\/09\\\/05\\\/u-nedjelju-12-ljubuska-biciklijada-luburic-i-bubalo-pozvali-sve-bicikliste-na-druzenje-i-uzivanje-u-prekrasnom-ljubuskom-krajoliku\\\/#primaryimage\"},\"thumbnailUrl\":\"https:\\\/\\\/radioljubuski.ba\\\/wp-content\\\/uploads\\\/2025\\\/09\\\/mirko-i-dupli-scaled.jpg\",\"datePublished\":\"2025-09-05T12:27:37+00:00\",\"dateModified\":\"2025-09-05T13:44:37+00:00\",\"breadcrumb\":{\"@id\":\"https:\\\/\\\/radioljubuski.ba\\\/index.php\\\/2025\\\/09\\\/05\\\/u-nedjelju-12-ljubuska-biciklijada-luburic-i-bubalo-pozvali-sve-bicikliste-na-druzenje-i-uzivanje-u-prekrasnom-ljubuskom-krajoliku\\\/#breadcrumb\"},\"inLanguage\":\"hr\",\"potentialAction\":[{\"@type\":\"ReadAction\",\"target\":[\"https:\\\/\\\/radioljubuski.ba\\\/index.php\\\/2025\\\/09\\\/05\\\/u-nedjelju-12-ljubuska-biciklijada-luburic-i-bubalo-pozvali-sve-bicikliste-na-druzenje-i-uzivanje-u-prekrasnom-ljubuskom-krajoliku\\\/\"]}]},{\"@type\":\"ImageObject\",\"inLanguage\":\"hr\",\"@id\":\"https:\\\/\\\/radioljubuski.ba\\\/index.php\\\/2025\\\/09\\\/05\\\/u-nedjelju-12-ljubuska-biciklijada-luburic-i-bubalo-pozvali-sve-bicikliste-na-druzenje-i-uzivanje-u-prekrasnom-ljubuskom-krajoliku\\\/#primaryimage\",\"url\":\"https:\\\/\\\/radioljubuski.ba\\\/wp-content\\\/uploads\\\/2025\\\/09\\\/mirko-i-dupli-scaled.jpg\",\"contentUrl\":\"https:\\\/\\\/radioljubuski.ba\\\/wp-content\\\/uploads\\\/2025\\\/09\\\/mirko-i-dupli-scaled.jpg\",\"width\":2560,\"height\":1920},{\"@type\":\"BreadcrumbList\",\"@id\":\"https:\\\/\\\/radioljubuski.ba\\\/index.php\\\/2025\\\/09\\\/05\\\/u-nedjelju-12-ljubuska-biciklijada-luburic-i-bubalo-pozvali-sve-bicikliste-na-druzenje-i-uzivanje-u-prekrasnom-ljubuskom-krajoliku\\\/#breadcrumb\",\"itemListElement\":[{\"@type\":\"ListItem\",\"position\":1,\"name\":\"Po\u010detna stranica\",\"item\":\"https:\\\/\\\/radioljubuski.ba\\\/\"},{\"@type\":\"ListItem\",\"position\":2,\"name\":\"U nedjelju 12. Ljubu\u0161ka biciklijada, Luburi\u0107 i Bubalo pozvali sve bicikliste na dru\u017eenje i u\u017eivanje u prekrasnom ljubu\u0161kom krajoliku\"}]},{\"@type\":\"WebSite\",\"@id\":\"https:\\\/\\\/radioljubuski.ba\\\/#website\",\"url\":\"https:\\\/\\\/radioljubuski.ba\\\/\",\"name\":\"Radio Ljubu\u0161ki\",\"description\":\"Sun\u010dana frekvencija Hercegovine\",\"publisher\":{\"@id\":\"https:\\\/\\\/radioljubuski.ba\\\/#organization\"},\"potentialAction\":[{\"@type\":\"SearchAction\",\"target\":{\"@type\":\"EntryPoint\",\"urlTemplate\":\"https:\\\/\\\/radioljubuski.ba\\\/?s={search_term_string}\"},\"query-input\":{\"@type\":\"PropertyValueSpecification\",\"valueRequired\":true,\"valueName\":\"search_term_string\"}}],\"inLanguage\":\"hr\"},{\"@type\":\"Organization\",\"@id\":\"https:\\\/\\\/radioljubuski.ba\\\/#organization\",\"name\":\"Radio Ljubu\u0161ki\",\"url\":\"https:\\\/\\\/radioljubuski.ba\\\/\",\"logo\":{\"@type\":\"ImageObject\",\"inLanguage\":\"hr\",\"@id\":\"https:\\\/\\\/radioljubuski.ba\\\/#\\\/schema\\\/logo\\\/image\\\/\",\"url\":\"https:\\\/\\\/radioljubuski.ba\\\/wp-content\\\/uploads\\\/2021\\\/02\\\/cropped-Radio_Ljubuski_logo1.jpg\",\"contentUrl\":\"https:\\\/\\\/radioljubuski.ba\\\/wp-content\\\/uploads\\\/2021\\\/02\\\/cropped-Radio_Ljubuski_logo1.jpg\",\"width\":512,\"height\":512,\"caption\":\"Radio Ljubu\u0161ki\"},\"image\":{\"@id\":\"https:\\\/\\\/radioljubuski.ba\\\/#\\\/schema\\\/logo\\\/image\\\/\"},\"sameAs\":[\"https:\\\/\\\/www.facebook.com\\\/Radiio-Ljubuski-1490835324566332\",\"https:\\\/\\\/x.com\\\/radioljubuski\",\"https:\\\/\\\/hr.linkedin.com\\\/company\\\/radio-ljubuski\",\"https:\\\/\\\/www.youtube.com\\\/channel\\\/UCHYaeO_n0Db3tjNGudGpXyw\"]},{\"@type\":\"Person\",\"@id\":\"https:\\\/\\\/radioljubuski.ba\\\/#\\\/schema\\\/person\\\/19fc700381a780f69665d7956c469e3b\",\"name\":\"Radio Ljubu\u0161ki\"}]}<\/script>\n<!-- \/ Yoast SEO plugin. -->","yoast_head_json":{"title":"U nedjelju 12. Ljubu\u0161ka biciklijada, Luburi\u0107 i Bubalo pozvali sve bicikliste na dru\u017eenje i u\u017eivanje u prekrasnom ljubu\u0161kom krajoliku - RADIO LJUBU\u0160KI","robots":{"index":"index","follow":"follow","max-snippet":"max-snippet:-1","max-image-preview":"max-image-preview:large","max-video-preview":"max-video-preview:-1"},"canonical":"https:\/\/radioljubuski.ba\/index.php\/2025\/09\/05\/u-nedjelju-12-ljubuska-biciklijada-luburic-i-bubalo-pozvali-sve-bicikliste-na-druzenje-i-uzivanje-u-prekrasnom-ljubuskom-krajoliku\/","og_locale":"hr_HR","og_type":"article","og_title":"U nedjelju 12. Ljubu\u0161ka biciklijada, Luburi\u0107 i Bubalo pozvali sve bicikliste na dru\u017eenje i u\u017eivanje u prekrasnom ljubu\u0161kom krajoliku - RADIO LJUBU\u0160KI","og_description":"Biciklisti\u010dki klub Ljubu\u0161ki organizira 12. Ljubu\u0161ku biciklijadu, koja \u0107e se tradicionalno odr\u017eati 7.09.2025 godine u sklopu projekta \u201cRutom ste\u0107aka\u201d. \u00a0Ova rekreativna biciklisti\u010dka vo\u017enja okuplja ljubitelje biciklizma svih uzrasta i kategorija, pru\u017eaju\u0107i im priliku za nezaboravno dru\u017eenje i u\u017eivanje u predivnom krajoliku Ljubu\u0161kog. Tim povodom u programu Radija Ljubu\u0161ki gostovali su predsjednik Biciklisti\u010dkog kluba Ljubu\u0161ki Mirko [&hellip;]","og_url":"https:\/\/radioljubuski.ba\/index.php\/2025\/09\/05\/u-nedjelju-12-ljubuska-biciklijada-luburic-i-bubalo-pozvali-sve-bicikliste-na-druzenje-i-uzivanje-u-prekrasnom-ljubuskom-krajoliku\/","og_site_name":"RADIO LJUBU\u0160KI","article_publisher":"https:\/\/www.facebook.com\/Radiio-Ljubuski-1490835324566332","article_published_time":"2025-09-05T12:27:37+00:00","article_modified_time":"2025-09-05T13:44:37+00:00","og_image":[{"width":2560,"height":1920,"url":"https:\/\/radioljubuski.ba\/wp-content\/uploads\/2025\/09\/mirko-i-dupli-scaled.jpg","type":"image\/jpeg"}],"author":"Radio Ljubu\u0161ki","twitter_card":"summary_large_image","twitter_creator":"@radioljubuski","twitter_site":"@radioljubuski","twitter_misc":{"Napisao\/la":"Radio Ljubu\u0161ki","Procijenjeno vrijeme \u010ditanja":"2 minute"},"schema":{"@context":"https:\/\/schema.org","@graph":[{"@type":"Article","@id":"https:\/\/radioljubuski.ba\/index.php\/2025\/09\/05\/u-nedjelju-12-ljubuska-biciklijada-luburic-i-bubalo-pozvali-sve-bicikliste-na-druzenje-i-uzivanje-u-prekrasnom-ljubuskom-krajoliku\/#article","isPartOf":{"@id":"https:\/\/radioljubuski.ba\/index.php\/2025\/09\/05\/u-nedjelju-12-ljubuska-biciklijada-luburic-i-bubalo-pozvali-sve-bicikliste-na-druzenje-i-uzivanje-u-prekrasnom-ljubuskom-krajoliku\/"},"author":{"name":"Radio Ljubu\u0161ki","@id":"https:\/\/radioljubuski.ba\/#\/schema\/person\/19fc700381a780f69665d7956c469e3b"},"headline":"U nedjelju 12. Ljubu\u0161ka biciklijada, Luburi\u0107 i Bubalo pozvali sve bicikliste na dru\u017eenje i u\u017eivanje u prekrasnom ljubu\u0161kom krajoliku","datePublished":"2025-09-05T12:27:37+00:00","dateModified":"2025-09-05T13:44:37+00:00","mainEntityOfPage":{"@id":"https:\/\/radioljubuski.ba\/index.php\/2025\/09\/05\/u-nedjelju-12-ljubuska-biciklijada-luburic-i-bubalo-pozvali-sve-bicikliste-na-druzenje-i-uzivanje-u-prekrasnom-ljubuskom-krajoliku\/"},"wordCount":365,"publisher":{"@id":"https:\/\/radioljubuski.ba\/#organization"},"image":{"@id":"https:\/\/radioljubuski.ba\/index.php\/2025\/09\/05\/u-nedjelju-12-ljubuska-biciklijada-luburic-i-bubalo-pozvali-sve-bicikliste-na-druzenje-i-uzivanje-u-prekrasnom-ljubuskom-krajoliku\/#primaryimage"},"thumbnailUrl":"https:\/\/radioljubuski.ba\/wp-content\/uploads\/2025\/09\/mirko-i-dupli-scaled.jpg","articleSection":["Ljubu\u0161ki"],"inLanguage":"hr"},{"@type":"WebPage","@id":"https:\/\/radioljubuski.ba\/index.php\/2025\/09\/05\/u-nedjelju-12-ljubuska-biciklijada-luburic-i-bubalo-pozvali-sve-bicikliste-na-druzenje-i-uzivanje-u-prekrasnom-ljubuskom-krajoliku\/","url":"https:\/\/radioljubuski.ba\/index.php\/2025\/09\/05\/u-nedjelju-12-ljubuska-biciklijada-luburic-i-bubalo-pozvali-sve-bicikliste-na-druzenje-i-uzivanje-u-prekrasnom-ljubuskom-krajoliku\/","name":"U nedjelju 12. Ljubu\u0161ka biciklijada, Luburi\u0107 i Bubalo pozvali sve bicikliste na dru\u017eenje i u\u017eivanje u prekrasnom ljubu\u0161kom krajoliku - RADIO LJUBU\u0160KI","isPartOf":{"@id":"https:\/\/radioljubuski.ba\/#website"},"primaryImageOfPage":{"@id":"https:\/\/radioljubuski.ba\/index.php\/2025\/09\/05\/u-nedjelju-12-ljubuska-biciklijada-luburic-i-bubalo-pozvali-sve-bicikliste-na-druzenje-i-uzivanje-u-prekrasnom-ljubuskom-krajoliku\/#primaryimage"},"image":{"@id":"https:\/\/radioljubuski.ba\/index.php\/2025\/09\/05\/u-nedjelju-12-ljubuska-biciklijada-luburic-i-bubalo-pozvali-sve-bicikliste-na-druzenje-i-uzivanje-u-prekrasnom-ljubuskom-krajoliku\/#primaryimage"},"thumbnailUrl":"https:\/\/radioljubuski.ba\/wp-content\/uploads\/2025\/09\/mirko-i-dupli-scaled.jpg","datePublished":"2025-09-05T12:27:37+00:00","dateModified":"2025-09-05T13:44:37+00:00","breadcrumb":{"@id":"https:\/\/radioljubuski.ba\/index.php\/2025\/09\/05\/u-nedjelju-12-ljubuska-biciklijada-luburic-i-bubalo-pozvali-sve-bicikliste-na-druzenje-i-uzivanje-u-prekrasnom-ljubuskom-krajoliku\/#breadcrumb"},"inLanguage":"hr","potentialAction":[{"@type":"ReadAction","target":["https:\/\/radioljubuski.ba\/index.php\/2025\/09\/05\/u-nedjelju-12-ljubuska-biciklijada-luburic-i-bubalo-pozvali-sve-bicikliste-na-druzenje-i-uzivanje-u-prekrasnom-ljubuskom-krajoliku\/"]}]},{"@type":"ImageObject","inLanguage":"hr","@id":"https:\/\/radioljubuski.ba\/index.php\/2025\/09\/05\/u-nedjelju-12-ljubuska-biciklijada-luburic-i-bubalo-pozvali-sve-bicikliste-na-druzenje-i-uzivanje-u-prekrasnom-ljubuskom-krajoliku\/#primaryimage","url":"https:\/\/radioljubuski.ba\/wp-content\/uploads\/2025\/09\/mirko-i-dupli-scaled.jpg","contentUrl":"https:\/\/radioljubuski.ba\/wp-content\/uploads\/2025\/09\/mirko-i-dupli-scaled.jpg","width":2560,"height":1920},{"@type":"BreadcrumbList","@id":"https:\/\/radioljubuski.ba\/index.php\/2025\/09\/05\/u-nedjelju-12-ljubuska-biciklijada-luburic-i-bubalo-pozvali-sve-bicikliste-na-druzenje-i-uzivanje-u-prekrasnom-ljubuskom-krajoliku\/#breadcrumb","itemListElement":[{"@type":"ListItem","position":1,"name":"Po\u010detna stranica","item":"https:\/\/radioljubuski.ba\/"},{"@type":"ListItem","position":2,"name":"U nedjelju 12. Ljubu\u0161ka biciklijada, Luburi\u0107 i Bubalo pozvali sve bicikliste na dru\u017eenje i u\u017eivanje u prekrasnom ljubu\u0161kom krajoliku"}]},{"@type":"WebSite","@id":"https:\/\/radioljubuski.ba\/#website","url":"https:\/\/radioljubuski.ba\/","name":"Radio Ljubu\u0161ki","description":"Sun\u010dana frekvencija Hercegovine","publisher":{"@id":"https:\/\/radioljubuski.ba\/#organization"},"potentialAction":[{"@type":"SearchAction","target":{"@type":"EntryPoint","urlTemplate":"https:\/\/radioljubuski.ba\/?s={search_term_string}"},"query-input":{"@type":"PropertyValueSpecification","valueRequired":true,"valueName":"search_term_string"}}],"inLanguage":"hr"},{"@type":"Organization","@id":"https:\/\/radioljubuski.ba\/#organization","name":"Radio Ljubu\u0161ki","url":"https:\/\/radioljubuski.ba\/","logo":{"@type":"ImageObject","inLanguage":"hr","@id":"https:\/\/radioljubuski.ba\/#\/schema\/logo\/image\/","url":"https:\/\/radioljubuski.ba\/wp-content\/uploads\/2021\/02\/cropped-Radio_Ljubuski_logo1.jpg","contentUrl":"https:\/\/radioljubuski.ba\/wp-content\/uploads\/2021\/02\/cropped-Radio_Ljubuski_logo1.jpg","width":512,"height":512,"caption":"Radio Ljubu\u0161ki"},"image":{"@id":"https:\/\/radioljubuski.ba\/#\/schema\/logo\/image\/"},"sameAs":["https:\/\/www.facebook.com\/Radiio-Ljubuski-1490835324566332","https:\/\/x.com\/radioljubuski","https:\/\/hr.linkedin.com\/company\/radio-ljubuski","https:\/\/www.youtube.com\/channel\/UCHYaeO_n0Db3tjNGudGpXyw"]},{"@type":"Person","@id":"https:\/\/radioljubuski.ba\/#\/schema\/person\/19fc700381a780f69665d7956c469e3b","name":"Radio Ljubu\u0161ki"}]}},"_links":{"self":[{"href":"https:\/\/radioljubuski.ba\/index.php\/wp-json\/wp\/v2\/posts\/220440","targetHints":{"allow":["GET"]}}],"collection":[{"href":"https:\/\/radioljubuski.ba\/index.php\/wp-json\/wp\/v2\/posts"}],"about":[{"href":"https:\/\/radioljubuski.ba\/index.php\/wp-json\/wp\/v2\/types\/post"}],"author":[{"embeddable":true,"href":"https:\/\/radioljubuski.ba\/index.php\/wp-json\/wp\/v2\/users\/2"}],"replies":[{"embeddable":true,"href":"https:\/\/radioljubuski.ba\/index.php\/wp-json\/wp\/v2\/comments?post=220440"}],"version-history":[{"count":2,"href":"https:\/\/radioljubuski.ba\/index.php\/wp-json\/wp\/v2\/posts\/220440\/revisions"}],"predecessor-version":[{"id":220443,"href":"https:\/\/radioljubuski.ba\/index.php\/wp-json\/wp\/v2\/posts\/220440\/revisions\/220443"}],"wp:featuredmedia":[{"embeddable":true,"href":"https:\/\/radioljubuski.ba\/index.php\/wp-json\/wp\/v2\/media\/220434"}],"wp:attachment":[{"href":"https:\/\/radioljubuski.ba\/index.php\/wp-json\/wp\/v2\/media?parent=220440"}],"wp:term":[{"taxonomy":"category","embeddable":true,"href":"https:\/\/radioljubuski.ba\/index.php\/wp-json\/wp\/v2\/categories?post=220440"},{"taxonomy":"post_tag","embeddable":true,"href":"https:\/\/radioljubuski.ba\/index.php\/wp-json\/wp\/v2\/tags?post=220440"}],"curies":[{"name":"wp","href":"https:\/\/api.w.org\/{rel}","templated":true}]}}