{"id":220445,"date":"2025-09-06T08:24:40","date_gmt":"2025-09-06T07:24:40","guid":{"rendered":"https:\/\/radioljubuski.ba\/?p=220445"},"modified":"2025-09-06T08:24:41","modified_gmt":"2025-09-06T07:24:41","slug":"hercegovacki-maslinari-pozvani-na-medunarodni-simpozij-o-maslinovim-uljima-na-bracu","status":"publish","type":"post","link":"https:\/\/radioljubuski.ba\/index.php\/2025\/09\/06\/hercegovacki-maslinari-pozvani-na-medunarodni-simpozij-o-maslinovim-uljima-na-bracu\/","title":{"rendered":"Hercegova\u010dki maslinari pozvani na Me\u0111unarodni simpozij o maslinovim uljima na Bra\u010du"},"content":{"rendered":"\n<p>Za sve uspje\u0161nije hercegova\u010dke maslinare i maslinarske stru\u010dnjake stiglo je novo priznanje, pozvani su na Me\u0111unarodni simpozij maslinarstva i uljarstva zemalja sjevernog Jadrana, koje \u0107e se od 16. do 18. rujna odr\u017eati u Postirama na hrvatskom otoku Bra\u010du.<\/p>\n\n\n\n<p>Uz hrvatske, hercegova\u010dke, slovenske i crnogorske predstavnike okupit \u0107e se i vode\u0107i istra\u017eiva\u010di, edukatori i kulinarski stru\u010dnjaci iz cijelog svijeta. Kroz stru\u010dno vo\u0111enje radionice i degustacije, bit \u0107e govora i o odr\u017eivoj poljoprivrednoj praksi, utjecaju klimatskih promjena na uzgoj maslina i o razvoju svjetskih premium brendova, priop\u0107eno je s Federalnog agromediteranskog zavoda (FAZ) Mostar.<\/p>\n\n\n\n<p>&#8220;Hercegova\u010dka ulja su prepoznata kao vrhunska, a donedavno je, izvan BiH, malo tko za njih znao. Renesansa hercegova\u010dkog maslinarstva zapo\u010dela je prije 15 godina kada smo imali samo 80 ha pod maslinama. Danas masline rastu na 668 hektara. Podizanje novih nasada se nastavlja. Strate\u0161ki srednjoro\u010dni cilj je 1.000 hektara maslinika do 2030. godine.  Sada\u0161njih 380 tisu\u0107a litara cilj je udvostru\u010diti, a kvalitetu stalno pobolj\u0161avati&#8221;, kazao je direktor FAZ-a Mostar Marko Ivankovi\u0107.<\/p>\n\n\n\n<p>Prije \u010detiri godine osnovana je Udruga hercegova\u010dkih uljara i maslinara (HUUM) koja okuplja pripadnike svih triju naroda \u2013 Hrvata, Bo\u0161njaka i Srba.U sinergiji FAZ-a i HUUM-a ostvarena su iznimna postignu\u0107a, od kojih se isti\u010du Za\u0161tita oznake proizvoda (ZOP) i za\u0161tita brenda &#8220;Zlatne kapi Hercegovine&#8221;.<\/p>\n\n\n\n<p>&#8220;Kvaliteta ulja sve je bolja \u0161to potvr\u0111uju i analize laboratorija za znanstvenu ispravnost u Buni. Od 243 uzorka, analizirana u sklopu posljednje manifestacije Dani masline i maslinovog ulja, \u010dak 141 ili 60 posto njih uz ostale vitalne sastojke imali su 250 i vi\u0161e miligrama polifenola po litri \u0161to zna\u010di da zadovoljavaju uredbu EU 432\/2012 o ljekovitim tvrdnjama za maslinova ulja. Ulja s vi\u0161e polifenola imaju i vi\u0161e zdravstvenih svojstava&#8221;, istaknuo je Ivankovi\u0107.<\/p>\n\n\n\n<p>Iznimna kvaliteta hercegova\u010dkih ulja potvr\u0111ena je nedavno i na najve\u0107em svjetskom ocjenjivanju maslinovog ulja u New Yorku. Od 11 prijavljenih uzoraka sva ulja su nagra\u0111ena i to sa \u0161est zlatnih i pet srebrnih medalja.<\/p>\n\n\n\n<p>Simpozij u Postirama bit \u0107e prilika za razgovore o suradnji maslinara Hrvatske, BiH, Slovenije i Crne Gore. <\/p>\n\n\n\n<p>Ivankovi\u0107 \u0107e predlo\u017eiti i projekt prekograni\u010dne suradnje (cross border) s ciljem detaljnih laboratorijskih istra\u017eivanja terroira.&#8221;Na ovaj na\u010din mogli bi odgovoriti na pitanje od kud vrhunska kvaliteta ekstra djevi\u010danskih maslinovih ulja na podru\u010dju isto\u010dnog Jadrana. Mogli bi dati odgovor svima za\u0161to na\u0161a maslinova ulja posti\u017eu znatno ve\u0107u cijenu na tr\u017ei\u0161tu, od talijanskih, \u0161panjolskih, turskih ili gr\u010dkih ulja&#8221;, kazao je Ivankovi\u0107.<\/p>\n\n\n\n<p>Podsjetio je da je Hercegovina nedavno dobila za\u0161titu oznake proizvoda (ZOP \u2013 Protected Designation of Origin-PDO).&#8221;Paralelno s tim uradili smo brendiranje na\u0161ih maslinovih ulja pod imenom &#8216;Zlatne kapi Hercegovine&#8217;, a time smo brendirali cijelu Hercegovinu kao maslinarsku regiju. Godine pred nama zna\u010de da nam predstoji mukotrpan posao na promociji brenda i cijele maslinarske regije Hercegovina. Sustavnim pristupom ovome problemu nadamo se da \u0107emo uspjeti. Jedan od na\u010dina je poslati u 2025. godini barem 30 uzoraka na natjecanje u New York&#8221;, kazao je Ivankovi\u0107.<\/p>\n\n\n\n<p>Pored toga, FAZ i HUUM intenzivno rade na dobivanju projekta pod nazivom &#8220;Ceste maslinovih ulja Hercegovine&#8221;.Trajanje projekta je zami\u0161ljeno na tri godine u okviru koji se planira uspostaviti mre\u017ea ku\u0161aonica na budu\u0107oj &#8220;cesti maslinovih ulja&#8221;.Po Ivankovi\u0107evim rije\u010dima, taj projekt predstavlja po\u010detak razvitka oleoturizma kao novoga oblika turizma u BiH.<\/p>\n\n\n\n<p>R.G.\/Fena<\/p>\n","protected":false},"excerpt":{"rendered":"<p>Za sve uspje\u0161nije hercegova\u010dke maslinare i maslinarske stru\u010dnjake stiglo je novo priznanje, pozvani su na Me\u0111unarodni simpozij maslinarstva i uljarstva zemalja sjevernog Jadrana, koje \u0107e se od 16. do 18. rujna odr\u017eati u Postirama na hrvatskom otoku Bra\u010du. Uz hrvatske, hercegova\u010dke, slovenske i crnogorske predstavnike okupit \u0107e se i vode\u0107i istra\u017eiva\u010di, edukatori i kulinarski stru\u010dnjaci [&hellip;]<\/p>\n","protected":false},"author":2,"featured_media":58357,"comment_status":"closed","ping_status":"closed","sticky":false,"template":"","format":"standard","meta":{"h5ap_radio_sources":[],"footnotes":""},"categories":[1,3],"tags":[],"class_list":["post-220445","post","type-post","status-publish","format-standard","has-post-thumbnail","hentry","category-bihiregija","category-ljubuski"],"yoast_head":"<!-- This site is optimized with the Yoast SEO plugin v27.5 - https:\/\/yoast.com\/product\/yoast-seo-wordpress\/ -->\n<title>Hercegova\u010dki maslinari pozvani na Me\u0111unarodni simpozij o maslinovim uljima na Bra\u010du - RADIO LJUBU\u0160KI<\/title>\n<meta name=\"robots\" content=\"index, follow, max-snippet:-1, max-image-preview:large, max-video-preview:-1\" \/>\n<link rel=\"canonical\" href=\"https:\/\/radioljubuski.ba\/index.php\/2025\/09\/06\/hercegovacki-maslinari-pozvani-na-medunarodni-simpozij-o-maslinovim-uljima-na-bracu\/\" \/>\n<meta property=\"og:locale\" content=\"hr_HR\" \/>\n<meta property=\"og:type\" content=\"article\" \/>\n<meta property=\"og:title\" content=\"Hercegova\u010dki maslinari pozvani na Me\u0111unarodni simpozij o maslinovim uljima na Bra\u010du - RADIO LJUBU\u0160KI\" \/>\n<meta property=\"og:description\" content=\"Za sve uspje\u0161nije hercegova\u010dke maslinare i maslinarske stru\u010dnjake stiglo je novo priznanje, pozvani su na Me\u0111unarodni simpozij maslinarstva i uljarstva zemalja sjevernog Jadrana, koje \u0107e se od 16. do 18. rujna odr\u017eati u Postirama na hrvatskom otoku Bra\u010du. Uz hrvatske, hercegova\u010dke, slovenske i crnogorske predstavnike okupit \u0107e se i vode\u0107i istra\u017eiva\u010di, edukatori i kulinarski stru\u010dnjaci [&hellip;]\" \/>\n<meta property=\"og:url\" content=\"https:\/\/radioljubuski.ba\/index.php\/2025\/09\/06\/hercegovacki-maslinari-pozvani-na-medunarodni-simpozij-o-maslinovim-uljima-na-bracu\/\" \/>\n<meta property=\"og:site_name\" content=\"RADIO LJUBU\u0160KI\" \/>\n<meta property=\"article:publisher\" content=\"https:\/\/www.facebook.com\/Radiio-Ljubuski-1490835324566332\" \/>\n<meta property=\"article:published_time\" content=\"2025-09-06T07:24:40+00:00\" \/>\n<meta property=\"article:modified_time\" content=\"2025-09-06T07:24:41+00:00\" \/>\n<meta property=\"og:image\" content=\"https:\/\/radioljubuski.ba\/wp-content\/uploads\/2021\/08\/maslinovo-ulje-760x525-1.jpg\" \/>\n\t<meta property=\"og:image:width\" content=\"760\" \/>\n\t<meta property=\"og:image:height\" content=\"525\" \/>\n\t<meta property=\"og:image:type\" content=\"image\/jpeg\" \/>\n<meta name=\"author\" content=\"Radio Ljubu\u0161ki\" \/>\n<meta name=\"twitter:card\" content=\"summary_large_image\" \/>\n<meta name=\"twitter:creator\" content=\"@radioljubuski\" \/>\n<meta name=\"twitter:site\" content=\"@radioljubuski\" \/>\n<meta name=\"twitter:label1\" content=\"Napisao\/la\" \/>\n\t<meta name=\"twitter:data1\" content=\"Radio Ljubu\u0161ki\" \/>\n\t<meta name=\"twitter:label2\" content=\"Procijenjeno vrijeme \u010ditanja\" \/>\n\t<meta name=\"twitter:data2\" content=\"4 minute\" \/>\n<script type=\"application\/ld+json\" class=\"yoast-schema-graph\">{\"@context\":\"https:\\\/\\\/schema.org\",\"@graph\":[{\"@type\":\"Article\",\"@id\":\"https:\\\/\\\/radioljubuski.ba\\\/index.php\\\/2025\\\/09\\\/06\\\/hercegovacki-maslinari-pozvani-na-medunarodni-simpozij-o-maslinovim-uljima-na-bracu\\\/#article\",\"isPartOf\":{\"@id\":\"https:\\\/\\\/radioljubuski.ba\\\/index.php\\\/2025\\\/09\\\/06\\\/hercegovacki-maslinari-pozvani-na-medunarodni-simpozij-o-maslinovim-uljima-na-bracu\\\/\"},\"author\":{\"name\":\"Radio Ljubu\u0161ki\",\"@id\":\"https:\\\/\\\/radioljubuski.ba\\\/#\\\/schema\\\/person\\\/19fc700381a780f69665d7956c469e3b\"},\"headline\":\"Hercegova\u010dki maslinari pozvani na Me\u0111unarodni simpozij o maslinovim uljima na Bra\u010du\",\"datePublished\":\"2025-09-06T07:24:40+00:00\",\"dateModified\":\"2025-09-06T07:24:41+00:00\",\"mainEntityOfPage\":{\"@id\":\"https:\\\/\\\/radioljubuski.ba\\\/index.php\\\/2025\\\/09\\\/06\\\/hercegovacki-maslinari-pozvani-na-medunarodni-simpozij-o-maslinovim-uljima-na-bracu\\\/\"},\"wordCount\":589,\"publisher\":{\"@id\":\"https:\\\/\\\/radioljubuski.ba\\\/#organization\"},\"image\":{\"@id\":\"https:\\\/\\\/radioljubuski.ba\\\/index.php\\\/2025\\\/09\\\/06\\\/hercegovacki-maslinari-pozvani-na-medunarodni-simpozij-o-maslinovim-uljima-na-bracu\\\/#primaryimage\"},\"thumbnailUrl\":\"https:\\\/\\\/radioljubuski.ba\\\/wp-content\\\/uploads\\\/2021\\\/08\\\/maslinovo-ulje-760x525-1.jpg\",\"articleSection\":[\"BIH i regija\",\"Ljubu\u0161ki\"],\"inLanguage\":\"hr\"},{\"@type\":\"WebPage\",\"@id\":\"https:\\\/\\\/radioljubuski.ba\\\/index.php\\\/2025\\\/09\\\/06\\\/hercegovacki-maslinari-pozvani-na-medunarodni-simpozij-o-maslinovim-uljima-na-bracu\\\/\",\"url\":\"https:\\\/\\\/radioljubuski.ba\\\/index.php\\\/2025\\\/09\\\/06\\\/hercegovacki-maslinari-pozvani-na-medunarodni-simpozij-o-maslinovim-uljima-na-bracu\\\/\",\"name\":\"Hercegova\u010dki maslinari pozvani na Me\u0111unarodni simpozij o maslinovim uljima na Bra\u010du - RADIO LJUBU\u0160KI\",\"isPartOf\":{\"@id\":\"https:\\\/\\\/radioljubuski.ba\\\/#website\"},\"primaryImageOfPage\":{\"@id\":\"https:\\\/\\\/radioljubuski.ba\\\/index.php\\\/2025\\\/09\\\/06\\\/hercegovacki-maslinari-pozvani-na-medunarodni-simpozij-o-maslinovim-uljima-na-bracu\\\/#primaryimage\"},\"image\":{\"@id\":\"https:\\\/\\\/radioljubuski.ba\\\/index.php\\\/2025\\\/09\\\/06\\\/hercegovacki-maslinari-pozvani-na-medunarodni-simpozij-o-maslinovim-uljima-na-bracu\\\/#primaryimage\"},\"thumbnailUrl\":\"https:\\\/\\\/radioljubuski.ba\\\/wp-content\\\/uploads\\\/2021\\\/08\\\/maslinovo-ulje-760x525-1.jpg\",\"datePublished\":\"2025-09-06T07:24:40+00:00\",\"dateModified\":\"2025-09-06T07:24:41+00:00\",\"breadcrumb\":{\"@id\":\"https:\\\/\\\/radioljubuski.ba\\\/index.php\\\/2025\\\/09\\\/06\\\/hercegovacki-maslinari-pozvani-na-medunarodni-simpozij-o-maslinovim-uljima-na-bracu\\\/#breadcrumb\"},\"inLanguage\":\"hr\",\"potentialAction\":[{\"@type\":\"ReadAction\",\"target\":[\"https:\\\/\\\/radioljubuski.ba\\\/index.php\\\/2025\\\/09\\\/06\\\/hercegovacki-maslinari-pozvani-na-medunarodni-simpozij-o-maslinovim-uljima-na-bracu\\\/\"]}]},{\"@type\":\"ImageObject\",\"inLanguage\":\"hr\",\"@id\":\"https:\\\/\\\/radioljubuski.ba\\\/index.php\\\/2025\\\/09\\\/06\\\/hercegovacki-maslinari-pozvani-na-medunarodni-simpozij-o-maslinovim-uljima-na-bracu\\\/#primaryimage\",\"url\":\"https:\\\/\\\/radioljubuski.ba\\\/wp-content\\\/uploads\\\/2021\\\/08\\\/maslinovo-ulje-760x525-1.jpg\",\"contentUrl\":\"https:\\\/\\\/radioljubuski.ba\\\/wp-content\\\/uploads\\\/2021\\\/08\\\/maslinovo-ulje-760x525-1.jpg\",\"width\":760,\"height\":525},{\"@type\":\"BreadcrumbList\",\"@id\":\"https:\\\/\\\/radioljubuski.ba\\\/index.php\\\/2025\\\/09\\\/06\\\/hercegovacki-maslinari-pozvani-na-medunarodni-simpozij-o-maslinovim-uljima-na-bracu\\\/#breadcrumb\",\"itemListElement\":[{\"@type\":\"ListItem\",\"position\":1,\"name\":\"Po\u010detna stranica\",\"item\":\"https:\\\/\\\/radioljubuski.ba\\\/\"},{\"@type\":\"ListItem\",\"position\":2,\"name\":\"Hercegova\u010dki maslinari pozvani na Me\u0111unarodni simpozij o maslinovim uljima na Bra\u010du\"}]},{\"@type\":\"WebSite\",\"@id\":\"https:\\\/\\\/radioljubuski.ba\\\/#website\",\"url\":\"https:\\\/\\\/radioljubuski.ba\\\/\",\"name\":\"Radio Ljubu\u0161ki\",\"description\":\"Sun\u010dana frekvencija Hercegovine\",\"publisher\":{\"@id\":\"https:\\\/\\\/radioljubuski.ba\\\/#organization\"},\"potentialAction\":[{\"@type\":\"SearchAction\",\"target\":{\"@type\":\"EntryPoint\",\"urlTemplate\":\"https:\\\/\\\/radioljubuski.ba\\\/?s={search_term_string}\"},\"query-input\":{\"@type\":\"PropertyValueSpecification\",\"valueRequired\":true,\"valueName\":\"search_term_string\"}}],\"inLanguage\":\"hr\"},{\"@type\":\"Organization\",\"@id\":\"https:\\\/\\\/radioljubuski.ba\\\/#organization\",\"name\":\"Radio Ljubu\u0161ki\",\"url\":\"https:\\\/\\\/radioljubuski.ba\\\/\",\"logo\":{\"@type\":\"ImageObject\",\"inLanguage\":\"hr\",\"@id\":\"https:\\\/\\\/radioljubuski.ba\\\/#\\\/schema\\\/logo\\\/image\\\/\",\"url\":\"https:\\\/\\\/radioljubuski.ba\\\/wp-content\\\/uploads\\\/2021\\\/02\\\/cropped-Radio_Ljubuski_logo1.jpg\",\"contentUrl\":\"https:\\\/\\\/radioljubuski.ba\\\/wp-content\\\/uploads\\\/2021\\\/02\\\/cropped-Radio_Ljubuski_logo1.jpg\",\"width\":512,\"height\":512,\"caption\":\"Radio Ljubu\u0161ki\"},\"image\":{\"@id\":\"https:\\\/\\\/radioljubuski.ba\\\/#\\\/schema\\\/logo\\\/image\\\/\"},\"sameAs\":[\"https:\\\/\\\/www.facebook.com\\\/Radiio-Ljubuski-1490835324566332\",\"https:\\\/\\\/x.com\\\/radioljubuski\",\"https:\\\/\\\/hr.linkedin.com\\\/company\\\/radio-ljubuski\",\"https:\\\/\\\/www.youtube.com\\\/channel\\\/UCHYaeO_n0Db3tjNGudGpXyw\"]},{\"@type\":\"Person\",\"@id\":\"https:\\\/\\\/radioljubuski.ba\\\/#\\\/schema\\\/person\\\/19fc700381a780f69665d7956c469e3b\",\"name\":\"Radio Ljubu\u0161ki\"}]}<\/script>\n<!-- \/ Yoast SEO plugin. -->","yoast_head_json":{"title":"Hercegova\u010dki maslinari pozvani na Me\u0111unarodni simpozij o maslinovim uljima na Bra\u010du - RADIO LJUBU\u0160KI","robots":{"index":"index","follow":"follow","max-snippet":"max-snippet:-1","max-image-preview":"max-image-preview:large","max-video-preview":"max-video-preview:-1"},"canonical":"https:\/\/radioljubuski.ba\/index.php\/2025\/09\/06\/hercegovacki-maslinari-pozvani-na-medunarodni-simpozij-o-maslinovim-uljima-na-bracu\/","og_locale":"hr_HR","og_type":"article","og_title":"Hercegova\u010dki maslinari pozvani na Me\u0111unarodni simpozij o maslinovim uljima na Bra\u010du - RADIO LJUBU\u0160KI","og_description":"Za sve uspje\u0161nije hercegova\u010dke maslinare i maslinarske stru\u010dnjake stiglo je novo priznanje, pozvani su na Me\u0111unarodni simpozij maslinarstva i uljarstva zemalja sjevernog Jadrana, koje \u0107e se od 16. do 18. rujna odr\u017eati u Postirama na hrvatskom otoku Bra\u010du. Uz hrvatske, hercegova\u010dke, slovenske i crnogorske predstavnike okupit \u0107e se i vode\u0107i istra\u017eiva\u010di, edukatori i kulinarski stru\u010dnjaci [&hellip;]","og_url":"https:\/\/radioljubuski.ba\/index.php\/2025\/09\/06\/hercegovacki-maslinari-pozvani-na-medunarodni-simpozij-o-maslinovim-uljima-na-bracu\/","og_site_name":"RADIO LJUBU\u0160KI","article_publisher":"https:\/\/www.facebook.com\/Radiio-Ljubuski-1490835324566332","article_published_time":"2025-09-06T07:24:40+00:00","article_modified_time":"2025-09-06T07:24:41+00:00","og_image":[{"width":760,"height":525,"url":"https:\/\/radioljubuski.ba\/wp-content\/uploads\/2021\/08\/maslinovo-ulje-760x525-1.jpg","type":"image\/jpeg"}],"author":"Radio Ljubu\u0161ki","twitter_card":"summary_large_image","twitter_creator":"@radioljubuski","twitter_site":"@radioljubuski","twitter_misc":{"Napisao\/la":"Radio Ljubu\u0161ki","Procijenjeno vrijeme \u010ditanja":"4 minute"},"schema":{"@context":"https:\/\/schema.org","@graph":[{"@type":"Article","@id":"https:\/\/radioljubuski.ba\/index.php\/2025\/09\/06\/hercegovacki-maslinari-pozvani-na-medunarodni-simpozij-o-maslinovim-uljima-na-bracu\/#article","isPartOf":{"@id":"https:\/\/radioljubuski.ba\/index.php\/2025\/09\/06\/hercegovacki-maslinari-pozvani-na-medunarodni-simpozij-o-maslinovim-uljima-na-bracu\/"},"author":{"name":"Radio Ljubu\u0161ki","@id":"https:\/\/radioljubuski.ba\/#\/schema\/person\/19fc700381a780f69665d7956c469e3b"},"headline":"Hercegova\u010dki maslinari pozvani na Me\u0111unarodni simpozij o maslinovim uljima na Bra\u010du","datePublished":"2025-09-06T07:24:40+00:00","dateModified":"2025-09-06T07:24:41+00:00","mainEntityOfPage":{"@id":"https:\/\/radioljubuski.ba\/index.php\/2025\/09\/06\/hercegovacki-maslinari-pozvani-na-medunarodni-simpozij-o-maslinovim-uljima-na-bracu\/"},"wordCount":589,"publisher":{"@id":"https:\/\/radioljubuski.ba\/#organization"},"image":{"@id":"https:\/\/radioljubuski.ba\/index.php\/2025\/09\/06\/hercegovacki-maslinari-pozvani-na-medunarodni-simpozij-o-maslinovim-uljima-na-bracu\/#primaryimage"},"thumbnailUrl":"https:\/\/radioljubuski.ba\/wp-content\/uploads\/2021\/08\/maslinovo-ulje-760x525-1.jpg","articleSection":["BIH i regija","Ljubu\u0161ki"],"inLanguage":"hr"},{"@type":"WebPage","@id":"https:\/\/radioljubuski.ba\/index.php\/2025\/09\/06\/hercegovacki-maslinari-pozvani-na-medunarodni-simpozij-o-maslinovim-uljima-na-bracu\/","url":"https:\/\/radioljubuski.ba\/index.php\/2025\/09\/06\/hercegovacki-maslinari-pozvani-na-medunarodni-simpozij-o-maslinovim-uljima-na-bracu\/","name":"Hercegova\u010dki maslinari pozvani na Me\u0111unarodni simpozij o maslinovim uljima na Bra\u010du - RADIO LJUBU\u0160KI","isPartOf":{"@id":"https:\/\/radioljubuski.ba\/#website"},"primaryImageOfPage":{"@id":"https:\/\/radioljubuski.ba\/index.php\/2025\/09\/06\/hercegovacki-maslinari-pozvani-na-medunarodni-simpozij-o-maslinovim-uljima-na-bracu\/#primaryimage"},"image":{"@id":"https:\/\/radioljubuski.ba\/index.php\/2025\/09\/06\/hercegovacki-maslinari-pozvani-na-medunarodni-simpozij-o-maslinovim-uljima-na-bracu\/#primaryimage"},"thumbnailUrl":"https:\/\/radioljubuski.ba\/wp-content\/uploads\/2021\/08\/maslinovo-ulje-760x525-1.jpg","datePublished":"2025-09-06T07:24:40+00:00","dateModified":"2025-09-06T07:24:41+00:00","breadcrumb":{"@id":"https:\/\/radioljubuski.ba\/index.php\/2025\/09\/06\/hercegovacki-maslinari-pozvani-na-medunarodni-simpozij-o-maslinovim-uljima-na-bracu\/#breadcrumb"},"inLanguage":"hr","potentialAction":[{"@type":"ReadAction","target":["https:\/\/radioljubuski.ba\/index.php\/2025\/09\/06\/hercegovacki-maslinari-pozvani-na-medunarodni-simpozij-o-maslinovim-uljima-na-bracu\/"]}]},{"@type":"ImageObject","inLanguage":"hr","@id":"https:\/\/radioljubuski.ba\/index.php\/2025\/09\/06\/hercegovacki-maslinari-pozvani-na-medunarodni-simpozij-o-maslinovim-uljima-na-bracu\/#primaryimage","url":"https:\/\/radioljubuski.ba\/wp-content\/uploads\/2021\/08\/maslinovo-ulje-760x525-1.jpg","contentUrl":"https:\/\/radioljubuski.ba\/wp-content\/uploads\/2021\/08\/maslinovo-ulje-760x525-1.jpg","width":760,"height":525},{"@type":"BreadcrumbList","@id":"https:\/\/radioljubuski.ba\/index.php\/2025\/09\/06\/hercegovacki-maslinari-pozvani-na-medunarodni-simpozij-o-maslinovim-uljima-na-bracu\/#breadcrumb","itemListElement":[{"@type":"ListItem","position":1,"name":"Po\u010detna stranica","item":"https:\/\/radioljubuski.ba\/"},{"@type":"ListItem","position":2,"name":"Hercegova\u010dki maslinari pozvani na Me\u0111unarodni simpozij o maslinovim uljima na Bra\u010du"}]},{"@type":"WebSite","@id":"https:\/\/radioljubuski.ba\/#website","url":"https:\/\/radioljubuski.ba\/","name":"Radio Ljubu\u0161ki","description":"Sun\u010dana frekvencija Hercegovine","publisher":{"@id":"https:\/\/radioljubuski.ba\/#organization"},"potentialAction":[{"@type":"SearchAction","target":{"@type":"EntryPoint","urlTemplate":"https:\/\/radioljubuski.ba\/?s={search_term_string}"},"query-input":{"@type":"PropertyValueSpecification","valueRequired":true,"valueName":"search_term_string"}}],"inLanguage":"hr"},{"@type":"Organization","@id":"https:\/\/radioljubuski.ba\/#organization","name":"Radio Ljubu\u0161ki","url":"https:\/\/radioljubuski.ba\/","logo":{"@type":"ImageObject","inLanguage":"hr","@id":"https:\/\/radioljubuski.ba\/#\/schema\/logo\/image\/","url":"https:\/\/radioljubuski.ba\/wp-content\/uploads\/2021\/02\/cropped-Radio_Ljubuski_logo1.jpg","contentUrl":"https:\/\/radioljubuski.ba\/wp-content\/uploads\/2021\/02\/cropped-Radio_Ljubuski_logo1.jpg","width":512,"height":512,"caption":"Radio Ljubu\u0161ki"},"image":{"@id":"https:\/\/radioljubuski.ba\/#\/schema\/logo\/image\/"},"sameAs":["https:\/\/www.facebook.com\/Radiio-Ljubuski-1490835324566332","https:\/\/x.com\/radioljubuski","https:\/\/hr.linkedin.com\/company\/radio-ljubuski","https:\/\/www.youtube.com\/channel\/UCHYaeO_n0Db3tjNGudGpXyw"]},{"@type":"Person","@id":"https:\/\/radioljubuski.ba\/#\/schema\/person\/19fc700381a780f69665d7956c469e3b","name":"Radio Ljubu\u0161ki"}]}},"_links":{"self":[{"href":"https:\/\/radioljubuski.ba\/index.php\/wp-json\/wp\/v2\/posts\/220445","targetHints":{"allow":["GET"]}}],"collection":[{"href":"https:\/\/radioljubuski.ba\/index.php\/wp-json\/wp\/v2\/posts"}],"about":[{"href":"https:\/\/radioljubuski.ba\/index.php\/wp-json\/wp\/v2\/types\/post"}],"author":[{"embeddable":true,"href":"https:\/\/radioljubuski.ba\/index.php\/wp-json\/wp\/v2\/users\/2"}],"replies":[{"embeddable":true,"href":"https:\/\/radioljubuski.ba\/index.php\/wp-json\/wp\/v2\/comments?post=220445"}],"version-history":[{"count":2,"href":"https:\/\/radioljubuski.ba\/index.php\/wp-json\/wp\/v2\/posts\/220445\/revisions"}],"predecessor-version":[{"id":220447,"href":"https:\/\/radioljubuski.ba\/index.php\/wp-json\/wp\/v2\/posts\/220445\/revisions\/220447"}],"wp:featuredmedia":[{"embeddable":true,"href":"https:\/\/radioljubuski.ba\/index.php\/wp-json\/wp\/v2\/media\/58357"}],"wp:attachment":[{"href":"https:\/\/radioljubuski.ba\/index.php\/wp-json\/wp\/v2\/media?parent=220445"}],"wp:term":[{"taxonomy":"category","embeddable":true,"href":"https:\/\/radioljubuski.ba\/index.php\/wp-json\/wp\/v2\/categories?post=220445"},{"taxonomy":"post_tag","embeddable":true,"href":"https:\/\/radioljubuski.ba\/index.php\/wp-json\/wp\/v2\/tags?post=220445"}],"curies":[{"name":"wp","href":"https:\/\/api.w.org\/{rel}","templated":true}]}}