{"id":220450,"date":"2025-09-07T09:23:35","date_gmt":"2025-09-07T08:23:35","guid":{"rendered":"https:\/\/radioljubuski.ba\/?p=220450"},"modified":"2025-09-07T10:05:05","modified_gmt":"2025-09-07T09:05:05","slug":"hkud-sveti-ante-humac-u-slavoniji-ljubusanka-najljepsa-djevojka-u-narodnoj-nosnji","status":"publish","type":"post","link":"https:\/\/radioljubuski.ba\/index.php\/2025\/09\/07\/hkud-sveti-ante-humac-u-slavoniji-ljubusanka-najljepsa-djevojka-u-narodnoj-nosnji\/","title":{"rendered":"HKUD Sveti Ante Humac u Slavoniji: Ljubu\u0161anka najljep\u0161a djevojka u narodnoj no\u0161nji"},"content":{"rendered":"\n<p>Tijekom 21. kulturno-tradicijske manifestacije <em>&#8220;Slavonijo, u jesen si zlatna&#8221;<\/em>, koja je od 4. do 6. rujna 2025. odr\u017eana u Tenji, \u010dlanovi HKUD-a Sveti Ante Humac dostojanstveno su predstavili bogatstvo folklorne tradicije Ljubu\u0161kog i zapadne Hercegovine. Manifestaciju organizira KUD &#8220;Josip \u0160o\u0161i\u0107&#8221; iz Tenje uz podr\u0161ku Grada Osijeka, a rije\u010d je o jednoj od najzna\u010dajnijih kulturno-tradicijskih sve\u010danosti u isto\u010dnoj Hrvatskoj.<\/p>\n\n\n\n<p>U okviru programa, koji je uklju\u010divao sve\u010danu povorku u narodnim no\u0161njama, prikaz \u017eetvenih obi\u010daja i nastupe brojnih folklornih i tambura\u0161kih skupina, HKUD Humac je svojim nastupom odu\u0161evio publiku i prenio duh hercegova\u010dkog kraja.<\/p>\n\n\n\n<figure class=\"wp-block-image size-large\"><img loading=\"lazy\" decoding=\"async\" width=\"1024\" height=\"683\" src=\"https:\/\/radioljubuski.ba\/wp-content\/uploads\/2025\/09\/FB_IMG_1757233317131-1024x683.jpg\" alt=\"\" class=\"wp-image-220464\" srcset=\"https:\/\/radioljubuski.ba\/wp-content\/uploads\/2025\/09\/FB_IMG_1757233317131-1024x683.jpg 1024w, https:\/\/radioljubuski.ba\/wp-content\/uploads\/2025\/09\/FB_IMG_1757233317131-300x200.jpg 300w, https:\/\/radioljubuski.ba\/wp-content\/uploads\/2025\/09\/FB_IMG_1757233317131-768x512.jpg 768w, https:\/\/radioljubuski.ba\/wp-content\/uploads\/2025\/09\/FB_IMG_1757233317131-1536x1024.jpg 1536w, https:\/\/radioljubuski.ba\/wp-content\/uploads\/2025\/09\/FB_IMG_1757233317131-18x12.jpg 18w, https:\/\/radioljubuski.ba\/wp-content\/uploads\/2025\/09\/FB_IMG_1757233317131.jpg 2048w\" sizes=\"auto, (max-width: 1024px) 100vw, 1024px\" \/><\/figure>\n\n\n\n<figure class=\"wp-block-image size-large\"><img loading=\"lazy\" decoding=\"async\" width=\"1024\" height=\"683\" src=\"https:\/\/radioljubuski.ba\/wp-content\/uploads\/2025\/09\/FB_IMG_1757231188222-1024x683.jpg\" alt=\"\" class=\"wp-image-220460\" srcset=\"https:\/\/radioljubuski.ba\/wp-content\/uploads\/2025\/09\/FB_IMG_1757231188222-1024x683.jpg 1024w, https:\/\/radioljubuski.ba\/wp-content\/uploads\/2025\/09\/FB_IMG_1757231188222-300x200.jpg 300w, https:\/\/radioljubuski.ba\/wp-content\/uploads\/2025\/09\/FB_IMG_1757231188222-768x512.jpg 768w, https:\/\/radioljubuski.ba\/wp-content\/uploads\/2025\/09\/FB_IMG_1757231188222-1536x1024.jpg 1536w, https:\/\/radioljubuski.ba\/wp-content\/uploads\/2025\/09\/FB_IMG_1757231188222-18x12.jpg 18w, https:\/\/radioljubuski.ba\/wp-content\/uploads\/2025\/09\/FB_IMG_1757231188222.jpg 2048w\" sizes=\"auto, (max-width: 1024px) 100vw, 1024px\" \/><\/figure>\n\n\n\n<figure class=\"wp-block-image size-large\"><img loading=\"lazy\" decoding=\"async\" width=\"1024\" height=\"683\" src=\"https:\/\/radioljubuski.ba\/wp-content\/uploads\/2025\/09\/FB_IMG_1757231206205-1024x683.jpg\" alt=\"\" class=\"wp-image-220461\" srcset=\"https:\/\/radioljubuski.ba\/wp-content\/uploads\/2025\/09\/FB_IMG_1757231206205-1024x683.jpg 1024w, https:\/\/radioljubuski.ba\/wp-content\/uploads\/2025\/09\/FB_IMG_1757231206205-300x200.jpg 300w, https:\/\/radioljubuski.ba\/wp-content\/uploads\/2025\/09\/FB_IMG_1757231206205-768x512.jpg 768w, https:\/\/radioljubuski.ba\/wp-content\/uploads\/2025\/09\/FB_IMG_1757231206205-1536x1024.jpg 1536w, https:\/\/radioljubuski.ba\/wp-content\/uploads\/2025\/09\/FB_IMG_1757231206205-18x12.jpg 18w, https:\/\/radioljubuski.ba\/wp-content\/uploads\/2025\/09\/FB_IMG_1757231206205.jpg 2048w\" sizes=\"auto, (max-width: 1024px) 100vw, 1024px\" \/><\/figure>\n\n\n\n<figure class=\"wp-block-image size-large\"><img loading=\"lazy\" decoding=\"async\" width=\"768\" height=\"1024\" src=\"https:\/\/radioljubuski.ba\/wp-content\/uploads\/2025\/09\/IMG_20250907_095137-1-768x1024.jpg\" alt=\"\" class=\"wp-image-220462\" srcset=\"https:\/\/radioljubuski.ba\/wp-content\/uploads\/2025\/09\/IMG_20250907_095137-1-768x1024.jpg 768w, https:\/\/radioljubuski.ba\/wp-content\/uploads\/2025\/09\/IMG_20250907_095137-1-225x300.jpg 225w, https:\/\/radioljubuski.ba\/wp-content\/uploads\/2025\/09\/IMG_20250907_095137-1-1152x1536.jpg 1152w, https:\/\/radioljubuski.ba\/wp-content\/uploads\/2025\/09\/IMG_20250907_095137-1-9x12.jpg 9w, https:\/\/radioljubuski.ba\/wp-content\/uploads\/2025\/09\/IMG_20250907_095137-1.jpg 1373w\" sizes=\"auto, (max-width: 768px) 100vw, 768px\" \/><\/figure>\n\n\n\n<p>\u010clanica na\u0161eg dru\u0161tva Ana Ni\u017ei\u0107 progla\u0161ena je &#8220;Najljep\u0161om djevojkom u narodnoj no\u0161nji&#8221;, odnosno najljep\u0161om djevojkom manifestacije.<\/p>\n\n\n\n<figure class=\"wp-block-image size-large\"><img loading=\"lazy\" decoding=\"async\" width=\"794\" height=\"1024\" src=\"https:\/\/radioljubuski.ba\/wp-content\/uploads\/2025\/09\/IMG_20250907_105529-794x1024.jpg\" alt=\"\" class=\"wp-image-220472\" srcset=\"https:\/\/radioljubuski.ba\/wp-content\/uploads\/2025\/09\/IMG_20250907_105529-794x1024.jpg 794w, https:\/\/radioljubuski.ba\/wp-content\/uploads\/2025\/09\/IMG_20250907_105529-233x300.jpg 233w, https:\/\/radioljubuski.ba\/wp-content\/uploads\/2025\/09\/IMG_20250907_105529-768x991.jpg 768w, https:\/\/radioljubuski.ba\/wp-content\/uploads\/2025\/09\/IMG_20250907_105529-9x12.jpg 9w, https:\/\/radioljubuski.ba\/wp-content\/uploads\/2025\/09\/IMG_20250907_105529.jpg 955w\" sizes=\"auto, (max-width: 794px) 100vw, 794px\" \/><\/figure>\n\n\n\n<p>Tijekom boravka u Slavoniji, \u010dlanovi dru\u0161tva iskoristili su priliku i za posjet va\u017enim povijesnim mjestima. <\/p>\n\n\n\n<figure class=\"wp-block-image size-large\"><img loading=\"lazy\" decoding=\"async\" width=\"838\" height=\"1024\" src=\"https:\/\/radioljubuski.ba\/wp-content\/uploads\/2025\/09\/IMG_20250907_102844-838x1024.jpg\" alt=\"\" class=\"wp-image-220470\" srcset=\"https:\/\/radioljubuski.ba\/wp-content\/uploads\/2025\/09\/IMG_20250907_102844-838x1024.jpg 838w, https:\/\/radioljubuski.ba\/wp-content\/uploads\/2025\/09\/IMG_20250907_102844-246x300.jpg 246w, https:\/\/radioljubuski.ba\/wp-content\/uploads\/2025\/09\/IMG_20250907_102844-768x938.jpg 768w, https:\/\/radioljubuski.ba\/wp-content\/uploads\/2025\/09\/IMG_20250907_102844-10x12.jpg 10w, https:\/\/radioljubuski.ba\/wp-content\/uploads\/2025\/09\/IMG_20250907_102844.jpg 1080w\" sizes=\"auto, (max-width: 838px) 100vw, 838px\" \/><\/figure>\n\n\n\n<figure class=\"wp-block-image size-full\"><img loading=\"lazy\" decoding=\"async\" width=\"932\" height=\"836\" src=\"https:\/\/radioljubuski.ba\/wp-content\/uploads\/2025\/09\/IMG_20250907_101622.jpg\" alt=\"\" class=\"wp-image-220457\" srcset=\"https:\/\/radioljubuski.ba\/wp-content\/uploads\/2025\/09\/IMG_20250907_101622.jpg 932w, https:\/\/radioljubuski.ba\/wp-content\/uploads\/2025\/09\/IMG_20250907_101622-300x269.jpg 300w, https:\/\/radioljubuski.ba\/wp-content\/uploads\/2025\/09\/IMG_20250907_101622-768x689.jpg 768w, https:\/\/radioljubuski.ba\/wp-content\/uploads\/2025\/09\/IMG_20250907_101622-13x12.jpg 13w\" sizes=\"auto, (max-width: 932px) 100vw, 932px\" \/><\/figure>\n\n\n\n<p>U Osijeku i Vukovaru obi\u0161li su sva spomen mjesta Domovinskog rata, te se u ti\u0161ini i molitvi poklonili svim poginulim braniteljima koji su svoje \u017eivote dali za slobodu Hrvatske. \u010clanovima na\u0161eg dru\u0161tva \u010destitamo na lijepoj promociji na\u0161ih obi\u010daja i \u017eelimo im sretan povratak ku\u0107i!<\/p>\n\n\n\n<figure class=\"wp-block-image size-large\"><img loading=\"lazy\" decoding=\"async\" width=\"1024\" height=\"979\" src=\"https:\/\/radioljubuski.ba\/wp-content\/uploads\/2025\/09\/IMG_20250907_101640-1024x979.jpg\" alt=\"\" class=\"wp-image-220458\" srcset=\"https:\/\/radioljubuski.ba\/wp-content\/uploads\/2025\/09\/IMG_20250907_101640-1024x979.jpg 1024w, https:\/\/radioljubuski.ba\/wp-content\/uploads\/2025\/09\/IMG_20250907_101640-300x287.jpg 300w, https:\/\/radioljubuski.ba\/wp-content\/uploads\/2025\/09\/IMG_20250907_101640-768x735.jpg 768w, https:\/\/radioljubuski.ba\/wp-content\/uploads\/2025\/09\/IMG_20250907_101640-13x12.jpg 13w, https:\/\/radioljubuski.ba\/wp-content\/uploads\/2025\/09\/IMG_20250907_101640.jpg 1080w\" sizes=\"auto, (max-width: 1024px) 100vw, 1024px\" \/><\/figure>\n\n\n\n<p>Autor:B.Medi\u0107<\/p>\n\n\n\n<p>Foto: KUD Josip \u0160o\u0161i\u0107 Tenja\/ HKUD sv.Ante<\/p>\n","protected":false},"excerpt":{"rendered":"<p>Tijekom 21. kulturno-tradicijske manifestacije &#8220;Slavonijo, u jesen si zlatna&#8221;, koja je od 4. do 6. rujna 2025. odr\u017eana u Tenji, \u010dlanovi HKUD-a Sveti Ante Humac dostojanstveno su predstavili bogatstvo folklorne tradicije Ljubu\u0161kog i zapadne Hercegovine. Manifestaciju organizira KUD &#8220;Josip \u0160o\u0161i\u0107&#8221; iz Tenje uz podr\u0161ku Grada Osijeka, a rije\u010d je o jednoj od najzna\u010dajnijih kulturno-tradicijskih sve\u010danosti [&hellip;]<\/p>\n","protected":false},"author":2,"featured_media":220451,"comment_status":"closed","ping_status":"closed","sticky":false,"template":"","format":"standard","meta":{"h5ap_radio_sources":[],"footnotes":""},"categories":[1,3,28],"tags":[],"class_list":["post-220450","post","type-post","status-publish","format-standard","has-post-thumbnail","hentry","category-bihiregija","category-ljubuski","category-novosti"],"yoast_head":"<!-- This site is optimized with the Yoast SEO plugin v27.5 - https:\/\/yoast.com\/product\/yoast-seo-wordpress\/ -->\n<title>HKUD Sveti Ante Humac u Slavoniji: Ljubu\u0161anka najljep\u0161a djevojka u narodnoj no\u0161nji - RADIO LJUBU\u0160KI<\/title>\n<meta name=\"robots\" content=\"index, follow, max-snippet:-1, max-image-preview:large, max-video-preview:-1\" \/>\n<link rel=\"canonical\" href=\"https:\/\/radioljubuski.ba\/index.php\/2025\/09\/07\/hkud-sveti-ante-humac-u-slavoniji-ljubusanka-najljepsa-djevojka-u-narodnoj-nosnji\/\" \/>\n<meta property=\"og:locale\" content=\"hr_HR\" \/>\n<meta property=\"og:type\" content=\"article\" \/>\n<meta property=\"og:title\" content=\"HKUD Sveti Ante Humac u Slavoniji: Ljubu\u0161anka najljep\u0161a djevojka u narodnoj no\u0161nji - RADIO LJUBU\u0160KI\" \/>\n<meta property=\"og:description\" content=\"Tijekom 21. kulturno-tradicijske manifestacije &#8220;Slavonijo, u jesen si zlatna&#8221;, koja je od 4. do 6. rujna 2025. odr\u017eana u Tenji, \u010dlanovi HKUD-a Sveti Ante Humac dostojanstveno su predstavili bogatstvo folklorne tradicije Ljubu\u0161kog i zapadne Hercegovine. Manifestaciju organizira KUD &#8220;Josip \u0160o\u0161i\u0107&#8221; iz Tenje uz podr\u0161ku Grada Osijeka, a rije\u010d je o jednoj od najzna\u010dajnijih kulturno-tradicijskih sve\u010danosti [&hellip;]\" \/>\n<meta property=\"og:url\" content=\"https:\/\/radioljubuski.ba\/index.php\/2025\/09\/07\/hkud-sveti-ante-humac-u-slavoniji-ljubusanka-najljepsa-djevojka-u-narodnoj-nosnji\/\" \/>\n<meta property=\"og:site_name\" content=\"RADIO LJUBU\u0160KI\" \/>\n<meta property=\"article:publisher\" content=\"https:\/\/www.facebook.com\/Radiio-Ljubuski-1490835324566332\" \/>\n<meta property=\"article:published_time\" content=\"2025-09-07T08:23:35+00:00\" \/>\n<meta property=\"article:modified_time\" content=\"2025-09-07T09:05:05+00:00\" \/>\n<meta property=\"og:image\" content=\"https:\/\/radioljubuski.ba\/wp-content\/uploads\/2025\/09\/IMG_20250907_095137.jpg\" \/>\n\t<meta property=\"og:image:width\" content=\"1373\" \/>\n\t<meta property=\"og:image:height\" content=\"1831\" \/>\n\t<meta property=\"og:image:type\" content=\"image\/jpeg\" \/>\n<meta name=\"author\" content=\"Radio Ljubu\u0161ki\" \/>\n<meta name=\"twitter:card\" content=\"summary_large_image\" \/>\n<meta name=\"twitter:creator\" content=\"@radioljubuski\" \/>\n<meta name=\"twitter:site\" content=\"@radioljubuski\" \/>\n<meta name=\"twitter:label1\" content=\"Napisao\/la\" \/>\n\t<meta name=\"twitter:data1\" content=\"Radio Ljubu\u0161ki\" \/>\n\t<meta name=\"twitter:label2\" content=\"Procijenjeno vrijeme \u010ditanja\" \/>\n\t<meta name=\"twitter:data2\" content=\"3 minute\" \/>\n<script type=\"application\/ld+json\" class=\"yoast-schema-graph\">{\"@context\":\"https:\\\/\\\/schema.org\",\"@graph\":[{\"@type\":\"Article\",\"@id\":\"https:\\\/\\\/radioljubuski.ba\\\/index.php\\\/2025\\\/09\\\/07\\\/hkud-sveti-ante-humac-u-slavoniji-ljubusanka-najljepsa-djevojka-u-narodnoj-nosnji\\\/#article\",\"isPartOf\":{\"@id\":\"https:\\\/\\\/radioljubuski.ba\\\/index.php\\\/2025\\\/09\\\/07\\\/hkud-sveti-ante-humac-u-slavoniji-ljubusanka-najljepsa-djevojka-u-narodnoj-nosnji\\\/\"},\"author\":{\"name\":\"Radio Ljubu\u0161ki\",\"@id\":\"https:\\\/\\\/radioljubuski.ba\\\/#\\\/schema\\\/person\\\/19fc700381a780f69665d7956c469e3b\"},\"headline\":\"HKUD Sveti Ante Humac u Slavoniji: Ljubu\u0161anka najljep\u0161a djevojka u narodnoj no\u0161nji\",\"datePublished\":\"2025-09-07T08:23:35+00:00\",\"dateModified\":\"2025-09-07T09:05:05+00:00\",\"mainEntityOfPage\":{\"@id\":\"https:\\\/\\\/radioljubuski.ba\\\/index.php\\\/2025\\\/09\\\/07\\\/hkud-sveti-ante-humac-u-slavoniji-ljubusanka-najljepsa-djevojka-u-narodnoj-nosnji\\\/\"},\"wordCount\":219,\"publisher\":{\"@id\":\"https:\\\/\\\/radioljubuski.ba\\\/#organization\"},\"image\":{\"@id\":\"https:\\\/\\\/radioljubuski.ba\\\/index.php\\\/2025\\\/09\\\/07\\\/hkud-sveti-ante-humac-u-slavoniji-ljubusanka-najljepsa-djevojka-u-narodnoj-nosnji\\\/#primaryimage\"},\"thumbnailUrl\":\"https:\\\/\\\/radioljubuski.ba\\\/wp-content\\\/uploads\\\/2025\\\/09\\\/IMG_20250907_095137.jpg\",\"articleSection\":[\"BIH i regija\",\"Ljubu\u0161ki\",\"Novosti\"],\"inLanguage\":\"hr\"},{\"@type\":\"WebPage\",\"@id\":\"https:\\\/\\\/radioljubuski.ba\\\/index.php\\\/2025\\\/09\\\/07\\\/hkud-sveti-ante-humac-u-slavoniji-ljubusanka-najljepsa-djevojka-u-narodnoj-nosnji\\\/\",\"url\":\"https:\\\/\\\/radioljubuski.ba\\\/index.php\\\/2025\\\/09\\\/07\\\/hkud-sveti-ante-humac-u-slavoniji-ljubusanka-najljepsa-djevojka-u-narodnoj-nosnji\\\/\",\"name\":\"HKUD Sveti Ante Humac u Slavoniji: Ljubu\u0161anka najljep\u0161a djevojka u narodnoj no\u0161nji - RADIO LJUBU\u0160KI\",\"isPartOf\":{\"@id\":\"https:\\\/\\\/radioljubuski.ba\\\/#website\"},\"primaryImageOfPage\":{\"@id\":\"https:\\\/\\\/radioljubuski.ba\\\/index.php\\\/2025\\\/09\\\/07\\\/hkud-sveti-ante-humac-u-slavoniji-ljubusanka-najljepsa-djevojka-u-narodnoj-nosnji\\\/#primaryimage\"},\"image\":{\"@id\":\"https:\\\/\\\/radioljubuski.ba\\\/index.php\\\/2025\\\/09\\\/07\\\/hkud-sveti-ante-humac-u-slavoniji-ljubusanka-najljepsa-djevojka-u-narodnoj-nosnji\\\/#primaryimage\"},\"thumbnailUrl\":\"https:\\\/\\\/radioljubuski.ba\\\/wp-content\\\/uploads\\\/2025\\\/09\\\/IMG_20250907_095137.jpg\",\"datePublished\":\"2025-09-07T08:23:35+00:00\",\"dateModified\":\"2025-09-07T09:05:05+00:00\",\"breadcrumb\":{\"@id\":\"https:\\\/\\\/radioljubuski.ba\\\/index.php\\\/2025\\\/09\\\/07\\\/hkud-sveti-ante-humac-u-slavoniji-ljubusanka-najljepsa-djevojka-u-narodnoj-nosnji\\\/#breadcrumb\"},\"inLanguage\":\"hr\",\"potentialAction\":[{\"@type\":\"ReadAction\",\"target\":[\"https:\\\/\\\/radioljubuski.ba\\\/index.php\\\/2025\\\/09\\\/07\\\/hkud-sveti-ante-humac-u-slavoniji-ljubusanka-najljepsa-djevojka-u-narodnoj-nosnji\\\/\"]}]},{\"@type\":\"ImageObject\",\"inLanguage\":\"hr\",\"@id\":\"https:\\\/\\\/radioljubuski.ba\\\/index.php\\\/2025\\\/09\\\/07\\\/hkud-sveti-ante-humac-u-slavoniji-ljubusanka-najljepsa-djevojka-u-narodnoj-nosnji\\\/#primaryimage\",\"url\":\"https:\\\/\\\/radioljubuski.ba\\\/wp-content\\\/uploads\\\/2025\\\/09\\\/IMG_20250907_095137.jpg\",\"contentUrl\":\"https:\\\/\\\/radioljubuski.ba\\\/wp-content\\\/uploads\\\/2025\\\/09\\\/IMG_20250907_095137.jpg\",\"width\":1373,\"height\":1831},{\"@type\":\"BreadcrumbList\",\"@id\":\"https:\\\/\\\/radioljubuski.ba\\\/index.php\\\/2025\\\/09\\\/07\\\/hkud-sveti-ante-humac-u-slavoniji-ljubusanka-najljepsa-djevojka-u-narodnoj-nosnji\\\/#breadcrumb\",\"itemListElement\":[{\"@type\":\"ListItem\",\"position\":1,\"name\":\"Po\u010detna stranica\",\"item\":\"https:\\\/\\\/radioljubuski.ba\\\/\"},{\"@type\":\"ListItem\",\"position\":2,\"name\":\"HKUD Sveti Ante Humac u Slavoniji: Ljubu\u0161anka najljep\u0161a djevojka u narodnoj no\u0161nji\"}]},{\"@type\":\"WebSite\",\"@id\":\"https:\\\/\\\/radioljubuski.ba\\\/#website\",\"url\":\"https:\\\/\\\/radioljubuski.ba\\\/\",\"name\":\"Radio Ljubu\u0161ki\",\"description\":\"Sun\u010dana frekvencija Hercegovine\",\"publisher\":{\"@id\":\"https:\\\/\\\/radioljubuski.ba\\\/#organization\"},\"potentialAction\":[{\"@type\":\"SearchAction\",\"target\":{\"@type\":\"EntryPoint\",\"urlTemplate\":\"https:\\\/\\\/radioljubuski.ba\\\/?s={search_term_string}\"},\"query-input\":{\"@type\":\"PropertyValueSpecification\",\"valueRequired\":true,\"valueName\":\"search_term_string\"}}],\"inLanguage\":\"hr\"},{\"@type\":\"Organization\",\"@id\":\"https:\\\/\\\/radioljubuski.ba\\\/#organization\",\"name\":\"Radio Ljubu\u0161ki\",\"url\":\"https:\\\/\\\/radioljubuski.ba\\\/\",\"logo\":{\"@type\":\"ImageObject\",\"inLanguage\":\"hr\",\"@id\":\"https:\\\/\\\/radioljubuski.ba\\\/#\\\/schema\\\/logo\\\/image\\\/\",\"url\":\"https:\\\/\\\/radioljubuski.ba\\\/wp-content\\\/uploads\\\/2021\\\/02\\\/cropped-Radio_Ljubuski_logo1.jpg\",\"contentUrl\":\"https:\\\/\\\/radioljubuski.ba\\\/wp-content\\\/uploads\\\/2021\\\/02\\\/cropped-Radio_Ljubuski_logo1.jpg\",\"width\":512,\"height\":512,\"caption\":\"Radio Ljubu\u0161ki\"},\"image\":{\"@id\":\"https:\\\/\\\/radioljubuski.ba\\\/#\\\/schema\\\/logo\\\/image\\\/\"},\"sameAs\":[\"https:\\\/\\\/www.facebook.com\\\/Radiio-Ljubuski-1490835324566332\",\"https:\\\/\\\/x.com\\\/radioljubuski\",\"https:\\\/\\\/hr.linkedin.com\\\/company\\\/radio-ljubuski\",\"https:\\\/\\\/www.youtube.com\\\/channel\\\/UCHYaeO_n0Db3tjNGudGpXyw\"]},{\"@type\":\"Person\",\"@id\":\"https:\\\/\\\/radioljubuski.ba\\\/#\\\/schema\\\/person\\\/19fc700381a780f69665d7956c469e3b\",\"name\":\"Radio Ljubu\u0161ki\"}]}<\/script>\n<!-- \/ Yoast SEO plugin. -->","yoast_head_json":{"title":"HKUD Sveti Ante Humac u Slavoniji: Ljubu\u0161anka najljep\u0161a djevojka u narodnoj no\u0161nji - RADIO LJUBU\u0160KI","robots":{"index":"index","follow":"follow","max-snippet":"max-snippet:-1","max-image-preview":"max-image-preview:large","max-video-preview":"max-video-preview:-1"},"canonical":"https:\/\/radioljubuski.ba\/index.php\/2025\/09\/07\/hkud-sveti-ante-humac-u-slavoniji-ljubusanka-najljepsa-djevojka-u-narodnoj-nosnji\/","og_locale":"hr_HR","og_type":"article","og_title":"HKUD Sveti Ante Humac u Slavoniji: Ljubu\u0161anka najljep\u0161a djevojka u narodnoj no\u0161nji - RADIO LJUBU\u0160KI","og_description":"Tijekom 21. kulturno-tradicijske manifestacije &#8220;Slavonijo, u jesen si zlatna&#8221;, koja je od 4. do 6. rujna 2025. odr\u017eana u Tenji, \u010dlanovi HKUD-a Sveti Ante Humac dostojanstveno su predstavili bogatstvo folklorne tradicije Ljubu\u0161kog i zapadne Hercegovine. Manifestaciju organizira KUD &#8220;Josip \u0160o\u0161i\u0107&#8221; iz Tenje uz podr\u0161ku Grada Osijeka, a rije\u010d je o jednoj od najzna\u010dajnijih kulturno-tradicijskih sve\u010danosti [&hellip;]","og_url":"https:\/\/radioljubuski.ba\/index.php\/2025\/09\/07\/hkud-sveti-ante-humac-u-slavoniji-ljubusanka-najljepsa-djevojka-u-narodnoj-nosnji\/","og_site_name":"RADIO LJUBU\u0160KI","article_publisher":"https:\/\/www.facebook.com\/Radiio-Ljubuski-1490835324566332","article_published_time":"2025-09-07T08:23:35+00:00","article_modified_time":"2025-09-07T09:05:05+00:00","og_image":[{"width":1373,"height":1831,"url":"https:\/\/radioljubuski.ba\/wp-content\/uploads\/2025\/09\/IMG_20250907_095137.jpg","type":"image\/jpeg"}],"author":"Radio Ljubu\u0161ki","twitter_card":"summary_large_image","twitter_creator":"@radioljubuski","twitter_site":"@radioljubuski","twitter_misc":{"Napisao\/la":"Radio Ljubu\u0161ki","Procijenjeno vrijeme \u010ditanja":"3 minute"},"schema":{"@context":"https:\/\/schema.org","@graph":[{"@type":"Article","@id":"https:\/\/radioljubuski.ba\/index.php\/2025\/09\/07\/hkud-sveti-ante-humac-u-slavoniji-ljubusanka-najljepsa-djevojka-u-narodnoj-nosnji\/#article","isPartOf":{"@id":"https:\/\/radioljubuski.ba\/index.php\/2025\/09\/07\/hkud-sveti-ante-humac-u-slavoniji-ljubusanka-najljepsa-djevojka-u-narodnoj-nosnji\/"},"author":{"name":"Radio Ljubu\u0161ki","@id":"https:\/\/radioljubuski.ba\/#\/schema\/person\/19fc700381a780f69665d7956c469e3b"},"headline":"HKUD Sveti Ante Humac u Slavoniji: Ljubu\u0161anka najljep\u0161a djevojka u narodnoj no\u0161nji","datePublished":"2025-09-07T08:23:35+00:00","dateModified":"2025-09-07T09:05:05+00:00","mainEntityOfPage":{"@id":"https:\/\/radioljubuski.ba\/index.php\/2025\/09\/07\/hkud-sveti-ante-humac-u-slavoniji-ljubusanka-najljepsa-djevojka-u-narodnoj-nosnji\/"},"wordCount":219,"publisher":{"@id":"https:\/\/radioljubuski.ba\/#organization"},"image":{"@id":"https:\/\/radioljubuski.ba\/index.php\/2025\/09\/07\/hkud-sveti-ante-humac-u-slavoniji-ljubusanka-najljepsa-djevojka-u-narodnoj-nosnji\/#primaryimage"},"thumbnailUrl":"https:\/\/radioljubuski.ba\/wp-content\/uploads\/2025\/09\/IMG_20250907_095137.jpg","articleSection":["BIH i regija","Ljubu\u0161ki","Novosti"],"inLanguage":"hr"},{"@type":"WebPage","@id":"https:\/\/radioljubuski.ba\/index.php\/2025\/09\/07\/hkud-sveti-ante-humac-u-slavoniji-ljubusanka-najljepsa-djevojka-u-narodnoj-nosnji\/","url":"https:\/\/radioljubuski.ba\/index.php\/2025\/09\/07\/hkud-sveti-ante-humac-u-slavoniji-ljubusanka-najljepsa-djevojka-u-narodnoj-nosnji\/","name":"HKUD Sveti Ante Humac u Slavoniji: Ljubu\u0161anka najljep\u0161a djevojka u narodnoj no\u0161nji - RADIO LJUBU\u0160KI","isPartOf":{"@id":"https:\/\/radioljubuski.ba\/#website"},"primaryImageOfPage":{"@id":"https:\/\/radioljubuski.ba\/index.php\/2025\/09\/07\/hkud-sveti-ante-humac-u-slavoniji-ljubusanka-najljepsa-djevojka-u-narodnoj-nosnji\/#primaryimage"},"image":{"@id":"https:\/\/radioljubuski.ba\/index.php\/2025\/09\/07\/hkud-sveti-ante-humac-u-slavoniji-ljubusanka-najljepsa-djevojka-u-narodnoj-nosnji\/#primaryimage"},"thumbnailUrl":"https:\/\/radioljubuski.ba\/wp-content\/uploads\/2025\/09\/IMG_20250907_095137.jpg","datePublished":"2025-09-07T08:23:35+00:00","dateModified":"2025-09-07T09:05:05+00:00","breadcrumb":{"@id":"https:\/\/radioljubuski.ba\/index.php\/2025\/09\/07\/hkud-sveti-ante-humac-u-slavoniji-ljubusanka-najljepsa-djevojka-u-narodnoj-nosnji\/#breadcrumb"},"inLanguage":"hr","potentialAction":[{"@type":"ReadAction","target":["https:\/\/radioljubuski.ba\/index.php\/2025\/09\/07\/hkud-sveti-ante-humac-u-slavoniji-ljubusanka-najljepsa-djevojka-u-narodnoj-nosnji\/"]}]},{"@type":"ImageObject","inLanguage":"hr","@id":"https:\/\/radioljubuski.ba\/index.php\/2025\/09\/07\/hkud-sveti-ante-humac-u-slavoniji-ljubusanka-najljepsa-djevojka-u-narodnoj-nosnji\/#primaryimage","url":"https:\/\/radioljubuski.ba\/wp-content\/uploads\/2025\/09\/IMG_20250907_095137.jpg","contentUrl":"https:\/\/radioljubuski.ba\/wp-content\/uploads\/2025\/09\/IMG_20250907_095137.jpg","width":1373,"height":1831},{"@type":"BreadcrumbList","@id":"https:\/\/radioljubuski.ba\/index.php\/2025\/09\/07\/hkud-sveti-ante-humac-u-slavoniji-ljubusanka-najljepsa-djevojka-u-narodnoj-nosnji\/#breadcrumb","itemListElement":[{"@type":"ListItem","position":1,"name":"Po\u010detna stranica","item":"https:\/\/radioljubuski.ba\/"},{"@type":"ListItem","position":2,"name":"HKUD Sveti Ante Humac u Slavoniji: Ljubu\u0161anka najljep\u0161a djevojka u narodnoj no\u0161nji"}]},{"@type":"WebSite","@id":"https:\/\/radioljubuski.ba\/#website","url":"https:\/\/radioljubuski.ba\/","name":"Radio Ljubu\u0161ki","description":"Sun\u010dana frekvencija Hercegovine","publisher":{"@id":"https:\/\/radioljubuski.ba\/#organization"},"potentialAction":[{"@type":"SearchAction","target":{"@type":"EntryPoint","urlTemplate":"https:\/\/radioljubuski.ba\/?s={search_term_string}"},"query-input":{"@type":"PropertyValueSpecification","valueRequired":true,"valueName":"search_term_string"}}],"inLanguage":"hr"},{"@type":"Organization","@id":"https:\/\/radioljubuski.ba\/#organization","name":"Radio Ljubu\u0161ki","url":"https:\/\/radioljubuski.ba\/","logo":{"@type":"ImageObject","inLanguage":"hr","@id":"https:\/\/radioljubuski.ba\/#\/schema\/logo\/image\/","url":"https:\/\/radioljubuski.ba\/wp-content\/uploads\/2021\/02\/cropped-Radio_Ljubuski_logo1.jpg","contentUrl":"https:\/\/radioljubuski.ba\/wp-content\/uploads\/2021\/02\/cropped-Radio_Ljubuski_logo1.jpg","width":512,"height":512,"caption":"Radio Ljubu\u0161ki"},"image":{"@id":"https:\/\/radioljubuski.ba\/#\/schema\/logo\/image\/"},"sameAs":["https:\/\/www.facebook.com\/Radiio-Ljubuski-1490835324566332","https:\/\/x.com\/radioljubuski","https:\/\/hr.linkedin.com\/company\/radio-ljubuski","https:\/\/www.youtube.com\/channel\/UCHYaeO_n0Db3tjNGudGpXyw"]},{"@type":"Person","@id":"https:\/\/radioljubuski.ba\/#\/schema\/person\/19fc700381a780f69665d7956c469e3b","name":"Radio Ljubu\u0161ki"}]}},"_links":{"self":[{"href":"https:\/\/radioljubuski.ba\/index.php\/wp-json\/wp\/v2\/posts\/220450","targetHints":{"allow":["GET"]}}],"collection":[{"href":"https:\/\/radioljubuski.ba\/index.php\/wp-json\/wp\/v2\/posts"}],"about":[{"href":"https:\/\/radioljubuski.ba\/index.php\/wp-json\/wp\/v2\/types\/post"}],"author":[{"embeddable":true,"href":"https:\/\/radioljubuski.ba\/index.php\/wp-json\/wp\/v2\/users\/2"}],"replies":[{"embeddable":true,"href":"https:\/\/radioljubuski.ba\/index.php\/wp-json\/wp\/v2\/comments?post=220450"}],"version-history":[{"count":9,"href":"https:\/\/radioljubuski.ba\/index.php\/wp-json\/wp\/v2\/posts\/220450\/revisions"}],"predecessor-version":[{"id":220475,"href":"https:\/\/radioljubuski.ba\/index.php\/wp-json\/wp\/v2\/posts\/220450\/revisions\/220475"}],"wp:featuredmedia":[{"embeddable":true,"href":"https:\/\/radioljubuski.ba\/index.php\/wp-json\/wp\/v2\/media\/220451"}],"wp:attachment":[{"href":"https:\/\/radioljubuski.ba\/index.php\/wp-json\/wp\/v2\/media?parent=220450"}],"wp:term":[{"taxonomy":"category","embeddable":true,"href":"https:\/\/radioljubuski.ba\/index.php\/wp-json\/wp\/v2\/categories?post=220450"},{"taxonomy":"post_tag","embeddable":true,"href":"https:\/\/radioljubuski.ba\/index.php\/wp-json\/wp\/v2\/tags?post=220450"}],"curies":[{"name":"wp","href":"https:\/\/api.w.org\/{rel}","templated":true}]}}