{"id":220504,"date":"2025-09-08T11:41:38","date_gmt":"2025-09-08T10:41:38","guid":{"rendered":"https:\/\/radioljubuski.ba\/?p=220504"},"modified":"2025-09-08T13:04:21","modified_gmt":"2025-09-08T12:04:21","slug":"radio-ljubuski-posjetili-smo-os-ivane-brlic-mazuranic","status":"publish","type":"post","link":"https:\/\/radioljubuski.ba\/index.php\/2025\/09\/08\/radio-ljubuski-posjetili-smo-os-ivane-brlic-mazuranic\/","title":{"rendered":"Radio Ljubu\u0161ki: Posjetili smo O\u0160 Ivane Brli\u0107 Ma\u017eurani\u0107"},"content":{"rendered":"\n<p>Nova \u0161kolska godina 2025.\/2026. zapo\u010dela je danas u svim \u0161kolama na podru\u010dju \u017dupanije Zapadnohercegova\u010dke. Tim povodom posjetili smo Osnovnu \u0161kolu Ivane Brli\u0107 Ma\u017eurani\u0107 na Gra\u010dinama, gdje smo razgovarali s ravnateljicom Danijelom Planini\u0107 o po\u010detku nastave, upisu novih prva\u0161i\u0107a i novitetima u \u0161koli.<\/p>\n\n\n\n<p>Ravnateljica Planini\u0107 istaknula je kako \u0161kola u ovoj \u0161kolskoj godini broji oko 550 u\u010denika, od \u010dega 65 prva\u0161i\u0107a. Posebno ih raduje \u010dinjenica da su me\u0111u njima i djeca povratnika iz Njema\u010dke i Irske. \u201eTo nam je veliko zadovoljstvo jer pokazuje da se obitelji vra\u0107aju i ovdje nastavljaju \u0161kolovati svoju djecu\u201c, rekla je ravnateljica.<\/p>\n\n\n\n<figure class=\"wp-block-gallery has-nested-images columns-default is-cropped wp-block-gallery-1 is-layout-flex wp-block-gallery-is-layout-flex\">\n<figure class=\"wp-block-image size-large\"><img loading=\"lazy\" decoding=\"async\" width=\"1024\" height=\"768\" data-id=\"220506\" src=\"https:\/\/radioljubuski.ba\/wp-content\/uploads\/2025\/09\/IMG_3286-1024x768.jpg\" alt=\"\" class=\"wp-image-220506\" srcset=\"https:\/\/radioljubuski.ba\/wp-content\/uploads\/2025\/09\/IMG_3286-1024x768.jpg 1024w, https:\/\/radioljubuski.ba\/wp-content\/uploads\/2025\/09\/IMG_3286-300x225.jpg 300w, https:\/\/radioljubuski.ba\/wp-content\/uploads\/2025\/09\/IMG_3286-768x576.jpg 768w, https:\/\/radioljubuski.ba\/wp-content\/uploads\/2025\/09\/IMG_3286-1536x1152.jpg 1536w, https:\/\/radioljubuski.ba\/wp-content\/uploads\/2025\/09\/IMG_3286-2048x1536.jpg 2048w, https:\/\/radioljubuski.ba\/wp-content\/uploads\/2025\/09\/IMG_3286-16x12.jpg 16w\" sizes=\"auto, (max-width: 1024px) 100vw, 1024px\" \/><\/figure>\n\n\n\n<figure class=\"wp-block-image size-large\"><img loading=\"lazy\" decoding=\"async\" width=\"1024\" height=\"768\" data-id=\"220507\" src=\"https:\/\/radioljubuski.ba\/wp-content\/uploads\/2025\/09\/IMG_3290-1024x768.jpg\" alt=\"\" class=\"wp-image-220507\" srcset=\"https:\/\/radioljubuski.ba\/wp-content\/uploads\/2025\/09\/IMG_3290-1024x768.jpg 1024w, https:\/\/radioljubuski.ba\/wp-content\/uploads\/2025\/09\/IMG_3290-300x225.jpg 300w, https:\/\/radioljubuski.ba\/wp-content\/uploads\/2025\/09\/IMG_3290-768x576.jpg 768w, https:\/\/radioljubuski.ba\/wp-content\/uploads\/2025\/09\/IMG_3290-1536x1152.jpg 1536w, https:\/\/radioljubuski.ba\/wp-content\/uploads\/2025\/09\/IMG_3290-2048x1536.jpg 2048w, https:\/\/radioljubuski.ba\/wp-content\/uploads\/2025\/09\/IMG_3290-16x12.jpg 16w\" sizes=\"auto, (max-width: 1024px) 100vw, 1024px\" \/><\/figure>\n<\/figure>\n\n\n\n<p><\/p>\n\n\n\n<p>Ravnateljica je predstavila u\u010ditelje u sredi\u0161njoj \u0161koli; od prvog do petog razreda:<\/p>\n\n\n\n<figure class=\"wp-block-table\"><table class=\"has-fixed-layout\"><tbody><tr><td>Razred<\/td><td>U\u010ditelj\/ica<\/td><\/tr><tr><td>1.a<\/td><td>Antonija Bo\u0161njak<\/td><\/tr><tr><td>1.b<\/td><td>Tijana Rup\u010di\u0107<\/td><\/tr><tr><td>1.c<\/td><td>Anamarija Milas<\/td><\/tr><tr><td>2.a<\/td><td>Marijana Rup\u010di\u0107<\/td><\/tr><tr><td>2.b<\/td><td>Silvija Muci\u0107<\/td><\/tr><tr><td>2.c<\/td><td>Danijela Dodig<\/td><\/tr><tr><td>3.a<\/td><td>Vesna Raki\u0107<\/td><\/tr><tr><td>3.b<\/td><td>Branka Lauc<\/td><\/tr><tr><td>3.c<\/td><td>Dijana Grbavac<\/td><\/tr><tr><td>4.a<\/td><td>Ivana Dodig<\/td><\/tr><tr><td>4.b<\/td><td>Mladenka Marinovi\u0107<\/td><\/tr><tr><td>4.c<\/td><td>Lidija Rup\u010di\u0107<\/td><\/tr><tr><td>5.a<\/td><td>Dra\u017eana Matija\u0161evi\u0107<\/td><\/tr><\/tbody><\/table><\/figure>\n\n\n\n<p><br>Poseban doprinos naravno, daju i u\u010diteljice u podru\u010dnim \u0161kolama: Jelena Bili\u0107, Mirjana Marinovi\u0107, Ankica Herceg, Marijana Ra\u0161i\u0107, Marina Ere\u0161, Tonka Mlinarevi\u0107, Katica Mati\u0107, Lenka Herceg i Jelena Mili\u010devi\u0107.<\/p>\n\n\n\n<p>Grad Ljubu\u0161ki i ove je godine osigurao zna\u010dajnu pomo\u0107 roditeljima i u\u010denicima. Prva\u0161i\u0107i su dobili po 200 maraka potpore, a svi u\u010denici besplatne ud\u017ebenike, \u0161kolski pribor i prijevoz. \u201eZahvaljujemo se Gradu Ljubu\u0161kom i na\u010delniku Vedranu Markoti\u0107u, kao i \u017dupaniji i Parkovima Ljubu\u0161ki. Ova potpora roditeljima puno zna\u010di i olak\u0161ava pripremu za \u0161kolu\u201c, naglasila je ravnateljica.<\/p>\n\n\n\n<p><\/p>\n\n\n\n<figure class=\"wp-block-gallery has-nested-images columns-default is-cropped wp-block-gallery-2 is-layout-flex wp-block-gallery-is-layout-flex\">\n<figure class=\"wp-block-image size-large\"><img loading=\"lazy\" decoding=\"async\" width=\"1024\" height=\"768\" data-id=\"220508\" src=\"https:\/\/radioljubuski.ba\/wp-content\/uploads\/2025\/09\/IMG_3302-1024x768.jpg\" alt=\"\" class=\"wp-image-220508\" srcset=\"https:\/\/radioljubuski.ba\/wp-content\/uploads\/2025\/09\/IMG_3302-1024x768.jpg 1024w, https:\/\/radioljubuski.ba\/wp-content\/uploads\/2025\/09\/IMG_3302-300x225.jpg 300w, https:\/\/radioljubuski.ba\/wp-content\/uploads\/2025\/09\/IMG_3302-768x576.jpg 768w, https:\/\/radioljubuski.ba\/wp-content\/uploads\/2025\/09\/IMG_3302-1536x1152.jpg 1536w, https:\/\/radioljubuski.ba\/wp-content\/uploads\/2025\/09\/IMG_3302-2048x1536.jpg 2048w, https:\/\/radioljubuski.ba\/wp-content\/uploads\/2025\/09\/IMG_3302-16x12.jpg 16w\" sizes=\"auto, (max-width: 1024px) 100vw, 1024px\" \/><\/figure>\n\n\n\n<figure class=\"wp-block-image size-large\"><img loading=\"lazy\" decoding=\"async\" width=\"1024\" height=\"768\" data-id=\"220509\" src=\"https:\/\/radioljubuski.ba\/wp-content\/uploads\/2025\/09\/IMG_3324-1024x768.jpg\" alt=\"\" class=\"wp-image-220509\" srcset=\"https:\/\/radioljubuski.ba\/wp-content\/uploads\/2025\/09\/IMG_3324-1024x768.jpg 1024w, https:\/\/radioljubuski.ba\/wp-content\/uploads\/2025\/09\/IMG_3324-300x225.jpg 300w, https:\/\/radioljubuski.ba\/wp-content\/uploads\/2025\/09\/IMG_3324-768x576.jpg 768w, https:\/\/radioljubuski.ba\/wp-content\/uploads\/2025\/09\/IMG_3324-1536x1152.jpg 1536w, https:\/\/radioljubuski.ba\/wp-content\/uploads\/2025\/09\/IMG_3324-2048x1536.jpg 2048w, https:\/\/radioljubuski.ba\/wp-content\/uploads\/2025\/09\/IMG_3324-16x12.jpg 16w\" sizes=\"auto, (max-width: 1024px) 100vw, 1024px\" \/><\/figure>\n<\/figure>\n\n\n\n<p><\/p>\n\n\n\n<p>Tijekom ljeta provedeni su radovi na obnovi i opremanju u\u010dionica. Tri u\u010dionice su renovirane, a nova je izra\u0111ena u prostoru biv\u0161e \u0161kolske kuhinje zbog pove\u0107anog broja u\u010denika.<br><br>\u201eObnovili smo podove, kupili novi namje\u0161taj i okre\u010dili zidove. Plan nam je u idu\u0107ih godinu-dvije renovirati sve u\u010dionice\u201c, istaknula je Planini\u0107. Jedan od noviteta je i nabava ormari\u0107a za stotinjak u\u010denika. Ove godine pretince \u0107e koristiti svi u\u010denici \u0161estih razreda i u\u010denici s pote\u0161ko\u0107ama, a cilj je olak\u0161ati teret \u0161kolskih torbi.<\/p>\n\n\n\n<p>Na kraju razgovora ravnateljica Danijela Planini\u0107 po\u017eeljela je svim u\u010denicima, roditeljima i nastavnicima uspje\u0161nu i blagoslovljenu novu \u0161kolsku godinu. \u201e\u017delim da svi zajedno budemo podr\u0161ka jedni drugima kako bi  na\u0161a djeca bila sretna i radosna u \u0161koli\u201c, poru\u010dila je.<\/p>\n\n\n\n<p>Pogledajte kako je bilo na sve\u010danosti dobrodo\u0161lice prva\u0161i\u0107ima odr\u017eanoj jutros u ovoj \u0161koli.<\/p>\n\n\n\n<blockquote class=\"instagram-media\" data-instgrm-captioned data-instgrm-permalink=\"https:\/\/www.instagram.com\/reel\/DOVebFrjdVz\/?utm_source=ig_embed&amp;utm_campaign=loading\" data-instgrm-version=\"14\" style=\" background:#FFF; border:0; border-radius:3px; box-shadow:0 0 1px 0 rgba(0,0,0,0.5),0 1px 10px 0 rgba(0,0,0,0.15); margin: 1px; max-width:540px; min-width:326px; padding:0; width:99.375%; width:-webkit-calc(100% - 2px); width:calc(100% - 2px);\"><div style=\"padding:16px;\"> <a href=\"https:\/\/www.instagram.com\/reel\/DOVebFrjdVz\/?utm_source=ig_embed&amp;utm_campaign=loading\" style=\" background:#FFFFFF; line-height:0; padding:0 0; text-align:center; text-decoration:none; width:100%;\" target=\"_blank\"> <div style=\" display: flex; flex-direction: row; align-items: center;\"> <div style=\"background-color: #F4F4F4; border-radius: 50%; flex-grow: 0; height: 40px; margin-right: 14px; width: 40px;\"><\/div> <div style=\"display: flex; flex-direction: column; flex-grow: 1; justify-content: center;\"> <div style=\" background-color: #F4F4F4; border-radius: 4px; flex-grow: 0; height: 14px; margin-bottom: 6px; width: 100px;\"><\/div> <div style=\" background-color: #F4F4F4; border-radius: 4px; flex-grow: 0; height: 14px; width: 60px;\"><\/div><\/div><\/div><div style=\"padding: 19% 0;\"><\/div> <div style=\"display:block; height:50px; margin:0 auto 12px; width:50px;\"><svg width=\"50px\" height=\"50px\" viewBox=\"0 0 60 60\" version=\"1.1\" xmlns=\"https:\/\/www.w3.org\/2000\/svg\" xmlns:xlink=\"https:\/\/www.w3.org\/1999\/xlink\"><g stroke=\"none\" stroke-width=\"1\" fill=\"none\" fill-rule=\"evenodd\"><g transform=\"translate(-511.000000, -20.000000)\" fill=\"#000000\"><g><path d=\"M556.869,30.41 C554.814,30.41 553.148,32.076 553.148,34.131 C553.148,36.186 554.814,37.852 556.869,37.852 C558.924,37.852 560.59,36.186 560.59,34.131 C560.59,32.076 558.924,30.41 556.869,30.41 M541,60.657 C535.114,60.657 530.342,55.887 530.342,50 C530.342,44.114 535.114,39.342 541,39.342 C546.887,39.342 551.658,44.114 551.658,50 C551.658,55.887 546.887,60.657 541,60.657 M541,33.886 C532.1,33.886 524.886,41.1 524.886,50 C524.886,58.899 532.1,66.113 541,66.113 C549.9,66.113 557.115,58.899 557.115,50 C557.115,41.1 549.9,33.886 541,33.886 M565.378,62.101 C565.244,65.022 564.756,66.606 564.346,67.663 C563.803,69.06 563.154,70.057 562.106,71.106 C561.058,72.155 560.06,72.803 558.662,73.347 C557.607,73.757 556.021,74.244 553.102,74.378 C549.944,74.521 548.997,74.552 541,74.552 C533.003,74.552 532.056,74.521 528.898,74.378 C525.979,74.244 524.393,73.757 523.338,73.347 C521.94,72.803 520.942,72.155 519.894,71.106 C518.846,70.057 518.197,69.06 517.654,67.663 C517.244,66.606 516.755,65.022 516.623,62.101 C516.479,58.943 516.448,57.996 516.448,50 C516.448,42.003 516.479,41.056 516.623,37.899 C516.755,34.978 517.244,33.391 517.654,32.338 C518.197,30.938 518.846,29.942 519.894,28.894 C520.942,27.846 521.94,27.196 523.338,26.654 C524.393,26.244 525.979,25.756 528.898,25.623 C532.057,25.479 533.004,25.448 541,25.448 C548.997,25.448 549.943,25.479 553.102,25.623 C556.021,25.756 557.607,26.244 558.662,26.654 C560.06,27.196 561.058,27.846 562.106,28.894 C563.154,29.942 563.803,30.938 564.346,32.338 C564.756,33.391 565.244,34.978 565.378,37.899 C565.522,41.056 565.552,42.003 565.552,50 C565.552,57.996 565.522,58.943 565.378,62.101 M570.82,37.631 C570.674,34.438 570.167,32.258 569.425,30.349 C568.659,28.377 567.633,26.702 565.965,25.035 C564.297,23.368 562.623,22.342 560.652,21.575 C558.743,20.834 556.562,20.326 553.369,20.18 C550.169,20.033 549.148,20 541,20 C532.853,20 531.831,20.033 528.631,20.18 C525.438,20.326 523.257,20.834 521.349,21.575 C519.376,22.342 517.703,23.368 516.035,25.035 C514.368,26.702 513.342,28.377 512.574,30.349 C511.834,32.258 511.326,34.438 511.181,37.631 C511.035,40.831 511,41.851 511,50 C511,58.147 511.035,59.17 511.181,62.369 C511.326,65.562 511.834,67.743 512.574,69.651 C513.342,71.625 514.368,73.296 516.035,74.965 C517.703,76.634 519.376,77.658 521.349,78.425 C523.257,79.167 525.438,79.673 528.631,79.82 C531.831,79.965 532.853,80.001 541,80.001 C549.148,80.001 550.169,79.965 553.369,79.82 C556.562,79.673 558.743,79.167 560.652,78.425 C562.623,77.658 564.297,76.634 565.965,74.965 C567.633,73.296 568.659,71.625 569.425,69.651 C570.167,67.743 570.674,65.562 570.82,62.369 C570.966,59.17 571,58.147 571,50 C571,41.851 570.966,40.831 570.82,37.631\"><\/path><\/g><\/g><\/g><\/svg><\/div><div style=\"padding-top: 8px;\"> <div style=\" color:#3897f0; font-family:Arial,sans-serif; font-size:14px; font-style:normal; font-weight:550; line-height:18px;\">Pogledajte ovu objavu na Instagramu.<\/div><\/div><div style=\"padding: 12.5% 0;\"><\/div> <div style=\"display: flex; flex-direction: row; margin-bottom: 14px; align-items: center;\"><div> <div style=\"background-color: #F4F4F4; border-radius: 50%; height: 12.5px; width: 12.5px; transform: translateX(0px) translateY(7px);\"><\/div> <div style=\"background-color: #F4F4F4; height: 12.5px; transform: rotate(-45deg) translateX(3px) translateY(1px); width: 12.5px; flex-grow: 0; margin-right: 14px; margin-left: 2px;\"><\/div> <div style=\"background-color: #F4F4F4; border-radius: 50%; height: 12.5px; width: 12.5px; transform: translateX(9px) translateY(-18px);\"><\/div><\/div><div style=\"margin-left: 8px;\"> <div style=\" background-color: #F4F4F4; border-radius: 50%; flex-grow: 0; height: 20px; width: 20px;\"><\/div> <div style=\" width: 0; height: 0; border-top: 2px solid transparent; border-left: 6px solid #f4f4f4; border-bottom: 2px solid transparent; transform: translateX(16px) translateY(-4px) rotate(30deg)\"><\/div><\/div><div style=\"margin-left: auto;\"> <div style=\" width: 0px; border-top: 8px solid #F4F4F4; border-right: 8px solid transparent; transform: translateY(16px);\"><\/div> <div style=\" background-color: #F4F4F4; flex-grow: 0; height: 12px; width: 16px; transform: translateY(-4px);\"><\/div> <div style=\" width: 0; height: 0; border-top: 8px solid #F4F4F4; border-left: 8px solid transparent; transform: translateY(-4px) translateX(8px);\"><\/div><\/div><\/div> <div style=\"display: flex; flex-direction: column; flex-grow: 1; justify-content: center; margin-bottom: 24px;\"> <div style=\" background-color: #F4F4F4; border-radius: 4px; flex-grow: 0; height: 14px; margin-bottom: 6px; width: 224px;\"><\/div> <div style=\" background-color: #F4F4F4; border-radius: 4px; flex-grow: 0; height: 14px; width: 144px;\"><\/div><\/div><\/a><p style=\" color:#c9c8cd; font-family:Arial,sans-serif; font-size:14px; line-height:17px; margin-bottom:0; margin-top:8px; overflow:hidden; padding:8px 0 7px; text-align:center; text-overflow:ellipsis; white-space:nowrap;\"><a href=\"https:\/\/www.instagram.com\/reel\/DOVebFrjdVz\/?utm_source=ig_embed&amp;utm_campaign=loading\" style=\" color:#c9c8cd; font-family:Arial,sans-serif; font-size:14px; font-style:normal; font-weight:normal; line-height:17px; text-decoration:none;\" target=\"_blank\">Objavu dijeli Radio Ljubu\u0161ki\ud83d\udcfb (@radio_ljubuski)<\/a><\/p><\/div><\/blockquote>\n<script async src=\"\/\/www.instagram.com\/embed.js\"><\/script>\n\n\n\n<p>G. Ili\u0107 i B. Medi\u0107 <\/p>\n","protected":false},"excerpt":{"rendered":"<p>Nova \u0161kolska godina 2025.\/2026. zapo\u010dela je danas u svim \u0161kolama na podru\u010dju \u017dupanije Zapadnohercegova\u010dke. Tim povodom posjetili smo Osnovnu \u0161kolu Ivane Brli\u0107 Ma\u017eurani\u0107 na Gra\u010dinama, gdje smo razgovarali s ravnateljicom Danijelom Planini\u0107 o po\u010detku nastave, upisu novih prva\u0161i\u0107a i novitetima u \u0161koli. Ravnateljica Planini\u0107 istaknula je kako \u0161kola u ovoj \u0161kolskoj godini broji oko 550 [&hellip;]<\/p>\n","protected":false},"author":2,"featured_media":220505,"comment_status":"closed","ping_status":"closed","sticky":false,"template":"","format":"standard","meta":{"h5ap_radio_sources":[],"footnotes":""},"categories":[3,28],"tags":[],"class_list":["post-220504","post","type-post","status-publish","format-standard","has-post-thumbnail","hentry","category-ljubuski","category-novosti"],"yoast_head":"<!-- This site is optimized with the Yoast SEO plugin v27.5 - https:\/\/yoast.com\/product\/yoast-seo-wordpress\/ -->\n<title>Radio Ljubu\u0161ki: Posjetili smo O\u0160 Ivane Brli\u0107 Ma\u017eurani\u0107 - RADIO LJUBU\u0160KI<\/title>\n<meta name=\"robots\" content=\"index, follow, max-snippet:-1, max-image-preview:large, max-video-preview:-1\" \/>\n<link rel=\"canonical\" href=\"https:\/\/radioljubuski.ba\/index.php\/2025\/09\/08\/radio-ljubuski-posjetili-smo-os-ivane-brlic-mazuranic\/\" \/>\n<meta property=\"og:locale\" content=\"hr_HR\" \/>\n<meta property=\"og:type\" content=\"article\" \/>\n<meta property=\"og:title\" content=\"Radio Ljubu\u0161ki: Posjetili smo O\u0160 Ivane Brli\u0107 Ma\u017eurani\u0107 - RADIO LJUBU\u0160KI\" \/>\n<meta property=\"og:description\" content=\"Nova \u0161kolska godina 2025.\/2026. zapo\u010dela je danas u svim \u0161kolama na podru\u010dju \u017dupanije Zapadnohercegova\u010dke. Tim povodom posjetili smo Osnovnu \u0161kolu Ivane Brli\u0107 Ma\u017eurani\u0107 na Gra\u010dinama, gdje smo razgovarali s ravnateljicom Danijelom Planini\u0107 o po\u010detku nastave, upisu novih prva\u0161i\u0107a i novitetima u \u0161koli. Ravnateljica Planini\u0107 istaknula je kako \u0161kola u ovoj \u0161kolskoj godini broji oko 550 [&hellip;]\" \/>\n<meta property=\"og:url\" content=\"https:\/\/radioljubuski.ba\/index.php\/2025\/09\/08\/radio-ljubuski-posjetili-smo-os-ivane-brlic-mazuranic\/\" \/>\n<meta property=\"og:site_name\" content=\"RADIO LJUBU\u0160KI\" \/>\n<meta property=\"article:publisher\" content=\"https:\/\/www.facebook.com\/Radiio-Ljubuski-1490835324566332\" \/>\n<meta property=\"article:published_time\" content=\"2025-09-08T10:41:38+00:00\" \/>\n<meta property=\"article:modified_time\" content=\"2025-09-08T12:04:21+00:00\" \/>\n<meta property=\"og:image\" content=\"https:\/\/radioljubuski.ba\/wp-content\/uploads\/2025\/09\/IMG_3291-scaled.jpg\" \/>\n\t<meta property=\"og:image:width\" content=\"2560\" \/>\n\t<meta property=\"og:image:height\" content=\"1920\" \/>\n\t<meta property=\"og:image:type\" content=\"image\/jpeg\" \/>\n<meta name=\"author\" content=\"Radio Ljubu\u0161ki\" \/>\n<meta name=\"twitter:card\" content=\"summary_large_image\" \/>\n<meta name=\"twitter:creator\" content=\"@radioljubuski\" \/>\n<meta name=\"twitter:site\" content=\"@radioljubuski\" \/>\n<meta name=\"twitter:label1\" content=\"Napisao\/la\" \/>\n\t<meta name=\"twitter:data1\" content=\"Radio Ljubu\u0161ki\" \/>\n\t<meta name=\"twitter:label2\" content=\"Procijenjeno vrijeme \u010ditanja\" \/>\n\t<meta name=\"twitter:data2\" content=\"3 minute\" \/>\n<script type=\"application\/ld+json\" class=\"yoast-schema-graph\">{\"@context\":\"https:\\\/\\\/schema.org\",\"@graph\":[{\"@type\":\"Article\",\"@id\":\"https:\\\/\\\/radioljubuski.ba\\\/index.php\\\/2025\\\/09\\\/08\\\/radio-ljubuski-posjetili-smo-os-ivane-brlic-mazuranic\\\/#article\",\"isPartOf\":{\"@id\":\"https:\\\/\\\/radioljubuski.ba\\\/index.php\\\/2025\\\/09\\\/08\\\/radio-ljubuski-posjetili-smo-os-ivane-brlic-mazuranic\\\/\"},\"author\":{\"name\":\"Radio Ljubu\u0161ki\",\"@id\":\"https:\\\/\\\/radioljubuski.ba\\\/#\\\/schema\\\/person\\\/19fc700381a780f69665d7956c469e3b\"},\"headline\":\"Radio Ljubu\u0161ki: Posjetili smo O\u0160 Ivane Brli\u0107 Ma\u017eurani\u0107\",\"datePublished\":\"2025-09-08T10:41:38+00:00\",\"dateModified\":\"2025-09-08T12:04:21+00:00\",\"mainEntityOfPage\":{\"@id\":\"https:\\\/\\\/radioljubuski.ba\\\/index.php\\\/2025\\\/09\\\/08\\\/radio-ljubuski-posjetili-smo-os-ivane-brlic-mazuranic\\\/\"},\"wordCount\":453,\"publisher\":{\"@id\":\"https:\\\/\\\/radioljubuski.ba\\\/#organization\"},\"image\":{\"@id\":\"https:\\\/\\\/radioljubuski.ba\\\/index.php\\\/2025\\\/09\\\/08\\\/radio-ljubuski-posjetili-smo-os-ivane-brlic-mazuranic\\\/#primaryimage\"},\"thumbnailUrl\":\"https:\\\/\\\/radioljubuski.ba\\\/wp-content\\\/uploads\\\/2025\\\/09\\\/IMG_3291-scaled.jpg\",\"articleSection\":[\"Ljubu\u0161ki\",\"Novosti\"],\"inLanguage\":\"hr\"},{\"@type\":\"WebPage\",\"@id\":\"https:\\\/\\\/radioljubuski.ba\\\/index.php\\\/2025\\\/09\\\/08\\\/radio-ljubuski-posjetili-smo-os-ivane-brlic-mazuranic\\\/\",\"url\":\"https:\\\/\\\/radioljubuski.ba\\\/index.php\\\/2025\\\/09\\\/08\\\/radio-ljubuski-posjetili-smo-os-ivane-brlic-mazuranic\\\/\",\"name\":\"Radio Ljubu\u0161ki: Posjetili smo O\u0160 Ivane Brli\u0107 Ma\u017eurani\u0107 - RADIO LJUBU\u0160KI\",\"isPartOf\":{\"@id\":\"https:\\\/\\\/radioljubuski.ba\\\/#website\"},\"primaryImageOfPage\":{\"@id\":\"https:\\\/\\\/radioljubuski.ba\\\/index.php\\\/2025\\\/09\\\/08\\\/radio-ljubuski-posjetili-smo-os-ivane-brlic-mazuranic\\\/#primaryimage\"},\"image\":{\"@id\":\"https:\\\/\\\/radioljubuski.ba\\\/index.php\\\/2025\\\/09\\\/08\\\/radio-ljubuski-posjetili-smo-os-ivane-brlic-mazuranic\\\/#primaryimage\"},\"thumbnailUrl\":\"https:\\\/\\\/radioljubuski.ba\\\/wp-content\\\/uploads\\\/2025\\\/09\\\/IMG_3291-scaled.jpg\",\"datePublished\":\"2025-09-08T10:41:38+00:00\",\"dateModified\":\"2025-09-08T12:04:21+00:00\",\"breadcrumb\":{\"@id\":\"https:\\\/\\\/radioljubuski.ba\\\/index.php\\\/2025\\\/09\\\/08\\\/radio-ljubuski-posjetili-smo-os-ivane-brlic-mazuranic\\\/#breadcrumb\"},\"inLanguage\":\"hr\",\"potentialAction\":[{\"@type\":\"ReadAction\",\"target\":[\"https:\\\/\\\/radioljubuski.ba\\\/index.php\\\/2025\\\/09\\\/08\\\/radio-ljubuski-posjetili-smo-os-ivane-brlic-mazuranic\\\/\"]}]},{\"@type\":\"ImageObject\",\"inLanguage\":\"hr\",\"@id\":\"https:\\\/\\\/radioljubuski.ba\\\/index.php\\\/2025\\\/09\\\/08\\\/radio-ljubuski-posjetili-smo-os-ivane-brlic-mazuranic\\\/#primaryimage\",\"url\":\"https:\\\/\\\/radioljubuski.ba\\\/wp-content\\\/uploads\\\/2025\\\/09\\\/IMG_3291-scaled.jpg\",\"contentUrl\":\"https:\\\/\\\/radioljubuski.ba\\\/wp-content\\\/uploads\\\/2025\\\/09\\\/IMG_3291-scaled.jpg\",\"width\":2560,\"height\":1920},{\"@type\":\"BreadcrumbList\",\"@id\":\"https:\\\/\\\/radioljubuski.ba\\\/index.php\\\/2025\\\/09\\\/08\\\/radio-ljubuski-posjetili-smo-os-ivane-brlic-mazuranic\\\/#breadcrumb\",\"itemListElement\":[{\"@type\":\"ListItem\",\"position\":1,\"name\":\"Po\u010detna stranica\",\"item\":\"https:\\\/\\\/radioljubuski.ba\\\/\"},{\"@type\":\"ListItem\",\"position\":2,\"name\":\"Radio Ljubu\u0161ki: Posjetili smo O\u0160 Ivane Brli\u0107 Ma\u017eurani\u0107\"}]},{\"@type\":\"WebSite\",\"@id\":\"https:\\\/\\\/radioljubuski.ba\\\/#website\",\"url\":\"https:\\\/\\\/radioljubuski.ba\\\/\",\"name\":\"Radio Ljubu\u0161ki\",\"description\":\"Sun\u010dana frekvencija Hercegovine\",\"publisher\":{\"@id\":\"https:\\\/\\\/radioljubuski.ba\\\/#organization\"},\"potentialAction\":[{\"@type\":\"SearchAction\",\"target\":{\"@type\":\"EntryPoint\",\"urlTemplate\":\"https:\\\/\\\/radioljubuski.ba\\\/?s={search_term_string}\"},\"query-input\":{\"@type\":\"PropertyValueSpecification\",\"valueRequired\":true,\"valueName\":\"search_term_string\"}}],\"inLanguage\":\"hr\"},{\"@type\":\"Organization\",\"@id\":\"https:\\\/\\\/radioljubuski.ba\\\/#organization\",\"name\":\"Radio Ljubu\u0161ki\",\"url\":\"https:\\\/\\\/radioljubuski.ba\\\/\",\"logo\":{\"@type\":\"ImageObject\",\"inLanguage\":\"hr\",\"@id\":\"https:\\\/\\\/radioljubuski.ba\\\/#\\\/schema\\\/logo\\\/image\\\/\",\"url\":\"https:\\\/\\\/radioljubuski.ba\\\/wp-content\\\/uploads\\\/2021\\\/02\\\/cropped-Radio_Ljubuski_logo1.jpg\",\"contentUrl\":\"https:\\\/\\\/radioljubuski.ba\\\/wp-content\\\/uploads\\\/2021\\\/02\\\/cropped-Radio_Ljubuski_logo1.jpg\",\"width\":512,\"height\":512,\"caption\":\"Radio Ljubu\u0161ki\"},\"image\":{\"@id\":\"https:\\\/\\\/radioljubuski.ba\\\/#\\\/schema\\\/logo\\\/image\\\/\"},\"sameAs\":[\"https:\\\/\\\/www.facebook.com\\\/Radiio-Ljubuski-1490835324566332\",\"https:\\\/\\\/x.com\\\/radioljubuski\",\"https:\\\/\\\/hr.linkedin.com\\\/company\\\/radio-ljubuski\",\"https:\\\/\\\/www.youtube.com\\\/channel\\\/UCHYaeO_n0Db3tjNGudGpXyw\"]},{\"@type\":\"Person\",\"@id\":\"https:\\\/\\\/radioljubuski.ba\\\/#\\\/schema\\\/person\\\/19fc700381a780f69665d7956c469e3b\",\"name\":\"Radio Ljubu\u0161ki\"}]}<\/script>\n<!-- \/ Yoast SEO plugin. -->","yoast_head_json":{"title":"Radio Ljubu\u0161ki: Posjetili smo O\u0160 Ivane Brli\u0107 Ma\u017eurani\u0107 - RADIO LJUBU\u0160KI","robots":{"index":"index","follow":"follow","max-snippet":"max-snippet:-1","max-image-preview":"max-image-preview:large","max-video-preview":"max-video-preview:-1"},"canonical":"https:\/\/radioljubuski.ba\/index.php\/2025\/09\/08\/radio-ljubuski-posjetili-smo-os-ivane-brlic-mazuranic\/","og_locale":"hr_HR","og_type":"article","og_title":"Radio Ljubu\u0161ki: Posjetili smo O\u0160 Ivane Brli\u0107 Ma\u017eurani\u0107 - RADIO LJUBU\u0160KI","og_description":"Nova \u0161kolska godina 2025.\/2026. zapo\u010dela je danas u svim \u0161kolama na podru\u010dju \u017dupanije Zapadnohercegova\u010dke. Tim povodom posjetili smo Osnovnu \u0161kolu Ivane Brli\u0107 Ma\u017eurani\u0107 na Gra\u010dinama, gdje smo razgovarali s ravnateljicom Danijelom Planini\u0107 o po\u010detku nastave, upisu novih prva\u0161i\u0107a i novitetima u \u0161koli. Ravnateljica Planini\u0107 istaknula je kako \u0161kola u ovoj \u0161kolskoj godini broji oko 550 [&hellip;]","og_url":"https:\/\/radioljubuski.ba\/index.php\/2025\/09\/08\/radio-ljubuski-posjetili-smo-os-ivane-brlic-mazuranic\/","og_site_name":"RADIO LJUBU\u0160KI","article_publisher":"https:\/\/www.facebook.com\/Radiio-Ljubuski-1490835324566332","article_published_time":"2025-09-08T10:41:38+00:00","article_modified_time":"2025-09-08T12:04:21+00:00","og_image":[{"width":2560,"height":1920,"url":"https:\/\/radioljubuski.ba\/wp-content\/uploads\/2025\/09\/IMG_3291-scaled.jpg","type":"image\/jpeg"}],"author":"Radio Ljubu\u0161ki","twitter_card":"summary_large_image","twitter_creator":"@radioljubuski","twitter_site":"@radioljubuski","twitter_misc":{"Napisao\/la":"Radio Ljubu\u0161ki","Procijenjeno vrijeme \u010ditanja":"3 minute"},"schema":{"@context":"https:\/\/schema.org","@graph":[{"@type":"Article","@id":"https:\/\/radioljubuski.ba\/index.php\/2025\/09\/08\/radio-ljubuski-posjetili-smo-os-ivane-brlic-mazuranic\/#article","isPartOf":{"@id":"https:\/\/radioljubuski.ba\/index.php\/2025\/09\/08\/radio-ljubuski-posjetili-smo-os-ivane-brlic-mazuranic\/"},"author":{"name":"Radio Ljubu\u0161ki","@id":"https:\/\/radioljubuski.ba\/#\/schema\/person\/19fc700381a780f69665d7956c469e3b"},"headline":"Radio Ljubu\u0161ki: Posjetili smo O\u0160 Ivane Brli\u0107 Ma\u017eurani\u0107","datePublished":"2025-09-08T10:41:38+00:00","dateModified":"2025-09-08T12:04:21+00:00","mainEntityOfPage":{"@id":"https:\/\/radioljubuski.ba\/index.php\/2025\/09\/08\/radio-ljubuski-posjetili-smo-os-ivane-brlic-mazuranic\/"},"wordCount":453,"publisher":{"@id":"https:\/\/radioljubuski.ba\/#organization"},"image":{"@id":"https:\/\/radioljubuski.ba\/index.php\/2025\/09\/08\/radio-ljubuski-posjetili-smo-os-ivane-brlic-mazuranic\/#primaryimage"},"thumbnailUrl":"https:\/\/radioljubuski.ba\/wp-content\/uploads\/2025\/09\/IMG_3291-scaled.jpg","articleSection":["Ljubu\u0161ki","Novosti"],"inLanguage":"hr"},{"@type":"WebPage","@id":"https:\/\/radioljubuski.ba\/index.php\/2025\/09\/08\/radio-ljubuski-posjetili-smo-os-ivane-brlic-mazuranic\/","url":"https:\/\/radioljubuski.ba\/index.php\/2025\/09\/08\/radio-ljubuski-posjetili-smo-os-ivane-brlic-mazuranic\/","name":"Radio Ljubu\u0161ki: Posjetili smo O\u0160 Ivane Brli\u0107 Ma\u017eurani\u0107 - RADIO LJUBU\u0160KI","isPartOf":{"@id":"https:\/\/radioljubuski.ba\/#website"},"primaryImageOfPage":{"@id":"https:\/\/radioljubuski.ba\/index.php\/2025\/09\/08\/radio-ljubuski-posjetili-smo-os-ivane-brlic-mazuranic\/#primaryimage"},"image":{"@id":"https:\/\/radioljubuski.ba\/index.php\/2025\/09\/08\/radio-ljubuski-posjetili-smo-os-ivane-brlic-mazuranic\/#primaryimage"},"thumbnailUrl":"https:\/\/radioljubuski.ba\/wp-content\/uploads\/2025\/09\/IMG_3291-scaled.jpg","datePublished":"2025-09-08T10:41:38+00:00","dateModified":"2025-09-08T12:04:21+00:00","breadcrumb":{"@id":"https:\/\/radioljubuski.ba\/index.php\/2025\/09\/08\/radio-ljubuski-posjetili-smo-os-ivane-brlic-mazuranic\/#breadcrumb"},"inLanguage":"hr","potentialAction":[{"@type":"ReadAction","target":["https:\/\/radioljubuski.ba\/index.php\/2025\/09\/08\/radio-ljubuski-posjetili-smo-os-ivane-brlic-mazuranic\/"]}]},{"@type":"ImageObject","inLanguage":"hr","@id":"https:\/\/radioljubuski.ba\/index.php\/2025\/09\/08\/radio-ljubuski-posjetili-smo-os-ivane-brlic-mazuranic\/#primaryimage","url":"https:\/\/radioljubuski.ba\/wp-content\/uploads\/2025\/09\/IMG_3291-scaled.jpg","contentUrl":"https:\/\/radioljubuski.ba\/wp-content\/uploads\/2025\/09\/IMG_3291-scaled.jpg","width":2560,"height":1920},{"@type":"BreadcrumbList","@id":"https:\/\/radioljubuski.ba\/index.php\/2025\/09\/08\/radio-ljubuski-posjetili-smo-os-ivane-brlic-mazuranic\/#breadcrumb","itemListElement":[{"@type":"ListItem","position":1,"name":"Po\u010detna stranica","item":"https:\/\/radioljubuski.ba\/"},{"@type":"ListItem","position":2,"name":"Radio Ljubu\u0161ki: Posjetili smo O\u0160 Ivane Brli\u0107 Ma\u017eurani\u0107"}]},{"@type":"WebSite","@id":"https:\/\/radioljubuski.ba\/#website","url":"https:\/\/radioljubuski.ba\/","name":"Radio Ljubu\u0161ki","description":"Sun\u010dana frekvencija Hercegovine","publisher":{"@id":"https:\/\/radioljubuski.ba\/#organization"},"potentialAction":[{"@type":"SearchAction","target":{"@type":"EntryPoint","urlTemplate":"https:\/\/radioljubuski.ba\/?s={search_term_string}"},"query-input":{"@type":"PropertyValueSpecification","valueRequired":true,"valueName":"search_term_string"}}],"inLanguage":"hr"},{"@type":"Organization","@id":"https:\/\/radioljubuski.ba\/#organization","name":"Radio Ljubu\u0161ki","url":"https:\/\/radioljubuski.ba\/","logo":{"@type":"ImageObject","inLanguage":"hr","@id":"https:\/\/radioljubuski.ba\/#\/schema\/logo\/image\/","url":"https:\/\/radioljubuski.ba\/wp-content\/uploads\/2021\/02\/cropped-Radio_Ljubuski_logo1.jpg","contentUrl":"https:\/\/radioljubuski.ba\/wp-content\/uploads\/2021\/02\/cropped-Radio_Ljubuski_logo1.jpg","width":512,"height":512,"caption":"Radio Ljubu\u0161ki"},"image":{"@id":"https:\/\/radioljubuski.ba\/#\/schema\/logo\/image\/"},"sameAs":["https:\/\/www.facebook.com\/Radiio-Ljubuski-1490835324566332","https:\/\/x.com\/radioljubuski","https:\/\/hr.linkedin.com\/company\/radio-ljubuski","https:\/\/www.youtube.com\/channel\/UCHYaeO_n0Db3tjNGudGpXyw"]},{"@type":"Person","@id":"https:\/\/radioljubuski.ba\/#\/schema\/person\/19fc700381a780f69665d7956c469e3b","name":"Radio Ljubu\u0161ki"}]}},"_links":{"self":[{"href":"https:\/\/radioljubuski.ba\/index.php\/wp-json\/wp\/v2\/posts\/220504","targetHints":{"allow":["GET"]}}],"collection":[{"href":"https:\/\/radioljubuski.ba\/index.php\/wp-json\/wp\/v2\/posts"}],"about":[{"href":"https:\/\/radioljubuski.ba\/index.php\/wp-json\/wp\/v2\/types\/post"}],"author":[{"embeddable":true,"href":"https:\/\/radioljubuski.ba\/index.php\/wp-json\/wp\/v2\/users\/2"}],"replies":[{"embeddable":true,"href":"https:\/\/radioljubuski.ba\/index.php\/wp-json\/wp\/v2\/comments?post=220504"}],"version-history":[{"count":5,"href":"https:\/\/radioljubuski.ba\/index.php\/wp-json\/wp\/v2\/posts\/220504\/revisions"}],"predecessor-version":[{"id":220519,"href":"https:\/\/radioljubuski.ba\/index.php\/wp-json\/wp\/v2\/posts\/220504\/revisions\/220519"}],"wp:featuredmedia":[{"embeddable":true,"href":"https:\/\/radioljubuski.ba\/index.php\/wp-json\/wp\/v2\/media\/220505"}],"wp:attachment":[{"href":"https:\/\/radioljubuski.ba\/index.php\/wp-json\/wp\/v2\/media?parent=220504"}],"wp:term":[{"taxonomy":"category","embeddable":true,"href":"https:\/\/radioljubuski.ba\/index.php\/wp-json\/wp\/v2\/categories?post=220504"},{"taxonomy":"post_tag","embeddable":true,"href":"https:\/\/radioljubuski.ba\/index.php\/wp-json\/wp\/v2\/tags?post=220504"}],"curies":[{"name":"wp","href":"https:\/\/api.w.org\/{rel}","templated":true}]}}