{"id":220511,"date":"2025-09-08T18:40:43","date_gmt":"2025-09-08T17:40:43","guid":{"rendered":"https:\/\/radioljubuski.ba\/?p=220511"},"modified":"2025-09-08T18:40:44","modified_gmt":"2025-09-08T17:40:44","slug":"dr-blanka-matkovic-za-rlj-1945-ljubuski-je-bio-vazan-tranzitni-i-operativni-prostor-krizara","status":"publish","type":"post","link":"https:\/\/radioljubuski.ba\/index.php\/2025\/09\/08\/dr-blanka-matkovic-za-rlj-1945-ljubuski-je-bio-vazan-tranzitni-i-operativni-prostor-krizara\/","title":{"rendered":"Dr.Blanka Matkovi\u0107 za RLJ: 1945. Ljubu\u0161ki je bio va\u017ean tranzitni i operativni prostor kri\u017eara"},"content":{"rendered":"\n<p>Predstavljanje dviju knjiga dr.sc. Blanke Matkovi\u0107 koje donose nova saznanja o protukomunisti\u010dkom otporu i djelovanju kri\u017earskih skupina na prostoru Dalmacije i zapadne Hercegovine bit \u0107e odr\u017eano u Hercegovini, predstavljanje po\u010dinje ve\u010deras u Grudama, nastavlja se sutra u Ljubu\u0161kom, potom u Posu\u0161ju, \u010capljini, \u010citluku, Neumu, Stocu, Mostaru, \u0160irokom Brijegu i drugim mjestima.<\/p>\n\n\n\n<p>Rije\u010d je o djelima \u201eOd Vrana do Biokova \u2013 Hrvatski protukomunisti\u010dki otpor djelovanjem imotskih i zapadnohercegova\u010dkih kri\u017earskih skupina\u201c te \u201eOd Vrana do \u017dabe \u2013 Hrvatski protukomunisti\u010dki otpor djelovanjem \u0161irokobrije\u0161kih i neretvanskih kri\u017earskih skupina\u201c, objavljenima ove godine u nakladi Hrvatske dru\u017ebe povjesni\u010dara dr. Rudolf Horvat iz Zagreba koja je i organizator predstavljanja uz suradnju doma\u0107ih udruga.<\/p>\n\n\n\n<p>Knjige \u201eOd Vrana do Biokova\u201c i \u201eOd Vrana do \u017dabe\u201c zajedno broje oko 1700 stranica te donose va\u017ean doprinos razumijevanju doga\u0111aja nakon Drugog svjetskog rata na prostoru Dalmacije i Hercegovine<\/p>\n\n\n\n<p>Gostuju\u0107i u programu Radio postaje Ljubu\u0161ki zamolili smo autoricu da se osvrne na podru\u010dje Ljubu\u0161kog u tom povijesnom razdoblju.<\/p>\n\n\n\n<p>&#8221; Ljubu\u0161ki se u knjigama spominje kao zna\u010dajno podru\u010dje jo\u0161 od kraja 1944. godine. Prema dostupnim dokumentima, upravo su preko Ljubu\u0161kog prolazile grupe diverzanata iz Dalmacije na gerilsku obuku u Sarajevo, a zatim su se vra\u0107ale i nastavljale djelovanje na hercegova\u010dkom terenu. Po\u010detkom 1945. godine Ljubu\u0161ki je bio mjesto sukoba u kojem je razbijena Metkovska diverzantska skupina, a kasnije i popri\u0161te djelovanja vi\u0161e kri\u017earskih postrojbi. Dokumenti iz o\u017eujka 1945. godine bilje\u017ee da se na prostoru Ljubu\u0161kog tada nalazilo oko 400 odmetnika u razli\u010ditim skupinama, ovo odmetnik u tada\u0161njem vremenu, mo\u017ee zna\u010diti oru\u017eane protukomunisti\u010dke skupine, dakle ono \u0161to se u Hercegovini naj\u010de\u0161\u0107e nazivalo \u0161kripari, a u Dalmaciji kami\u0161ari, odnosno zajedni\u010dkim nazivom kri\u017eari, ali u tom trenutku ta rije\u010d se tako\u0111er odnosi i na razne dezertere, bjegunce, ljude koji su se jednostavno skrivali pred postrojbama Jugoslavenske armije i tako dalje. U tim trenutcima, dakle tijekom 1945. godine je vrlo intenzivno djelovanje kri\u017earskih skupina na \u010ditavom tom pograni\u010dnom prostoru. Posebno je zna\u010dajno i povremeno prebacivanje hercegova\u010dkih kri\u017eara na imotski teren i zatim prebacivanje imotskih kri\u017eara u Hercegovinu.&#8221;<\/p>\n\n\n\n<p>&#8220;Tako za 1948. godinu imamo podatak za podru\u010dje Ljubu\u0161kog, da je tu ubijen kri\u017ear Ante Buljan Klapiri\u0107, uhva\u0107en je gvardijan Franjeva\u010dkog samostana na Humcu, koji se prema kazivanju UDBE kao jatak navodno dopisivao s Buljanom, a spomenuto je ime Marka Luburi\u0107a kao jedne od osoba koje su ubijene u tom razdoblju. Dakle, ovo je kratak prikaz onih podataka iz jedne od ovih knjiga koje su vezane uz prostor Ljubu\u0161kog&nbsp;jer knjige obuhva\u0107aju puno \u0161iri prostor. &#8221; istaknula je dr. Matkovi\u0107.<\/p>\n\n\n\n<p>\u201eOve knjige donose prvi cjelovit znanstveni prikaz protukomunisti\u010dkog otpora na prostoru Dalmacije i Hercegovine. One osim detaljnog opisa djelovanja kri\u017eara donose i brojne arhivske dokumente, zapisnike, presude i iskaze uhva\u0107enih pripadnika skupina i njihovih pomaga\u010da\u201c, naglasila je autorica.<\/p>\n\n\n\n<p>Radio Ljubu\u0161ki<\/p>\n\n\n\n<p>Foto: HDP dr. Rudolf Horvat Zagreb<\/p>\n","protected":false},"excerpt":{"rendered":"<p>Predstavljanje dviju knjiga dr.sc. Blanke Matkovi\u0107 koje donose nova saznanja o protukomunisti\u010dkom otporu i djelovanju kri\u017earskih skupina na prostoru Dalmacije i zapadne Hercegovine bit \u0107e odr\u017eano u Hercegovini, predstavljanje po\u010dinje ve\u010deras u Grudama, nastavlja se sutra u Ljubu\u0161kom, potom u Posu\u0161ju, \u010capljini, \u010citluku, Neumu, Stocu, Mostaru, \u0160irokom Brijegu i drugim mjestima. Rije\u010d je o djelima [&hellip;]<\/p>\n","protected":false},"author":2,"featured_media":220512,"comment_status":"closed","ping_status":"closed","sticky":false,"template":"","format":"standard","meta":{"h5ap_radio_sources":[],"footnotes":""},"categories":[1,3],"tags":[],"class_list":["post-220511","post","type-post","status-publish","format-standard","has-post-thumbnail","hentry","category-bihiregija","category-ljubuski"],"yoast_head":"<!-- This site is optimized with the Yoast SEO plugin v27.5 - https:\/\/yoast.com\/product\/yoast-seo-wordpress\/ -->\n<title>Dr.Blanka Matkovi\u0107 za RLJ: 1945. Ljubu\u0161ki je bio va\u017ean tranzitni i operativni prostor kri\u017eara - RADIO LJUBU\u0160KI<\/title>\n<meta name=\"robots\" content=\"index, follow, max-snippet:-1, max-image-preview:large, max-video-preview:-1\" \/>\n<link rel=\"canonical\" href=\"https:\/\/radioljubuski.ba\/index.php\/2025\/09\/08\/dr-blanka-matkovic-za-rlj-1945-ljubuski-je-bio-vazan-tranzitni-i-operativni-prostor-krizara\/\" \/>\n<meta property=\"og:locale\" content=\"hr_HR\" \/>\n<meta property=\"og:type\" content=\"article\" \/>\n<meta property=\"og:title\" content=\"Dr.Blanka Matkovi\u0107 za RLJ: 1945. Ljubu\u0161ki je bio va\u017ean tranzitni i operativni prostor kri\u017eara - RADIO LJUBU\u0160KI\" \/>\n<meta property=\"og:description\" content=\"Predstavljanje dviju knjiga dr.sc. Blanke Matkovi\u0107 koje donose nova saznanja o protukomunisti\u010dkom otporu i djelovanju kri\u017earskih skupina na prostoru Dalmacije i zapadne Hercegovine bit \u0107e odr\u017eano u Hercegovini, predstavljanje po\u010dinje ve\u010deras u Grudama, nastavlja se sutra u Ljubu\u0161kom, potom u Posu\u0161ju, \u010capljini, \u010citluku, Neumu, Stocu, Mostaru, \u0160irokom Brijegu i drugim mjestima. Rije\u010d je o djelima [&hellip;]\" \/>\n<meta property=\"og:url\" content=\"https:\/\/radioljubuski.ba\/index.php\/2025\/09\/08\/dr-blanka-matkovic-za-rlj-1945-ljubuski-je-bio-vazan-tranzitni-i-operativni-prostor-krizara\/\" \/>\n<meta property=\"og:site_name\" content=\"RADIO LJUBU\u0160KI\" \/>\n<meta property=\"article:publisher\" content=\"https:\/\/www.facebook.com\/Radiio-Ljubuski-1490835324566332\" \/>\n<meta property=\"article:published_time\" content=\"2025-09-08T17:40:43+00:00\" \/>\n<meta property=\"article:modified_time\" content=\"2025-09-08T17:40:44+00:00\" \/>\n<meta property=\"og:image\" content=\"https:\/\/radioljubuski.ba\/wp-content\/uploads\/2025\/09\/krizari.jpg\" \/>\n\t<meta property=\"og:image:width\" content=\"1284\" \/>\n\t<meta property=\"og:image:height\" content=\"1713\" \/>\n\t<meta property=\"og:image:type\" content=\"image\/jpeg\" \/>\n<meta name=\"author\" content=\"Radio Ljubu\u0161ki\" \/>\n<meta name=\"twitter:card\" content=\"summary_large_image\" \/>\n<meta name=\"twitter:creator\" content=\"@radioljubuski\" \/>\n<meta name=\"twitter:site\" content=\"@radioljubuski\" \/>\n<meta name=\"twitter:label1\" content=\"Napisao\/la\" \/>\n\t<meta name=\"twitter:data1\" content=\"Radio Ljubu\u0161ki\" \/>\n\t<meta name=\"twitter:label2\" content=\"Procijenjeno vrijeme \u010ditanja\" \/>\n\t<meta name=\"twitter:data2\" content=\"3 minute\" \/>\n<script type=\"application\/ld+json\" class=\"yoast-schema-graph\">{\"@context\":\"https:\\\/\\\/schema.org\",\"@graph\":[{\"@type\":\"Article\",\"@id\":\"https:\\\/\\\/radioljubuski.ba\\\/index.php\\\/2025\\\/09\\\/08\\\/dr-blanka-matkovic-za-rlj-1945-ljubuski-je-bio-vazan-tranzitni-i-operativni-prostor-krizara\\\/#article\",\"isPartOf\":{\"@id\":\"https:\\\/\\\/radioljubuski.ba\\\/index.php\\\/2025\\\/09\\\/08\\\/dr-blanka-matkovic-za-rlj-1945-ljubuski-je-bio-vazan-tranzitni-i-operativni-prostor-krizara\\\/\"},\"author\":{\"name\":\"Radio Ljubu\u0161ki\",\"@id\":\"https:\\\/\\\/radioljubuski.ba\\\/#\\\/schema\\\/person\\\/19fc700381a780f69665d7956c469e3b\"},\"headline\":\"Dr.Blanka Matkovi\u0107 za RLJ: 1945. Ljubu\u0161ki je bio va\u017ean tranzitni i operativni prostor kri\u017eara\",\"datePublished\":\"2025-09-08T17:40:43+00:00\",\"dateModified\":\"2025-09-08T17:40:44+00:00\",\"mainEntityOfPage\":{\"@id\":\"https:\\\/\\\/radioljubuski.ba\\\/index.php\\\/2025\\\/09\\\/08\\\/dr-blanka-matkovic-za-rlj-1945-ljubuski-je-bio-vazan-tranzitni-i-operativni-prostor-krizara\\\/\"},\"wordCount\":530,\"publisher\":{\"@id\":\"https:\\\/\\\/radioljubuski.ba\\\/#organization\"},\"image\":{\"@id\":\"https:\\\/\\\/radioljubuski.ba\\\/index.php\\\/2025\\\/09\\\/08\\\/dr-blanka-matkovic-za-rlj-1945-ljubuski-je-bio-vazan-tranzitni-i-operativni-prostor-krizara\\\/#primaryimage\"},\"thumbnailUrl\":\"https:\\\/\\\/radioljubuski.ba\\\/wp-content\\\/uploads\\\/2025\\\/09\\\/krizari.jpg\",\"articleSection\":[\"BIH i regija\",\"Ljubu\u0161ki\"],\"inLanguage\":\"hr\"},{\"@type\":\"WebPage\",\"@id\":\"https:\\\/\\\/radioljubuski.ba\\\/index.php\\\/2025\\\/09\\\/08\\\/dr-blanka-matkovic-za-rlj-1945-ljubuski-je-bio-vazan-tranzitni-i-operativni-prostor-krizara\\\/\",\"url\":\"https:\\\/\\\/radioljubuski.ba\\\/index.php\\\/2025\\\/09\\\/08\\\/dr-blanka-matkovic-za-rlj-1945-ljubuski-je-bio-vazan-tranzitni-i-operativni-prostor-krizara\\\/\",\"name\":\"Dr.Blanka Matkovi\u0107 za RLJ: 1945. Ljubu\u0161ki je bio va\u017ean tranzitni i operativni prostor kri\u017eara - RADIO LJUBU\u0160KI\",\"isPartOf\":{\"@id\":\"https:\\\/\\\/radioljubuski.ba\\\/#website\"},\"primaryImageOfPage\":{\"@id\":\"https:\\\/\\\/radioljubuski.ba\\\/index.php\\\/2025\\\/09\\\/08\\\/dr-blanka-matkovic-za-rlj-1945-ljubuski-je-bio-vazan-tranzitni-i-operativni-prostor-krizara\\\/#primaryimage\"},\"image\":{\"@id\":\"https:\\\/\\\/radioljubuski.ba\\\/index.php\\\/2025\\\/09\\\/08\\\/dr-blanka-matkovic-za-rlj-1945-ljubuski-je-bio-vazan-tranzitni-i-operativni-prostor-krizara\\\/#primaryimage\"},\"thumbnailUrl\":\"https:\\\/\\\/radioljubuski.ba\\\/wp-content\\\/uploads\\\/2025\\\/09\\\/krizari.jpg\",\"datePublished\":\"2025-09-08T17:40:43+00:00\",\"dateModified\":\"2025-09-08T17:40:44+00:00\",\"breadcrumb\":{\"@id\":\"https:\\\/\\\/radioljubuski.ba\\\/index.php\\\/2025\\\/09\\\/08\\\/dr-blanka-matkovic-za-rlj-1945-ljubuski-je-bio-vazan-tranzitni-i-operativni-prostor-krizara\\\/#breadcrumb\"},\"inLanguage\":\"hr\",\"potentialAction\":[{\"@type\":\"ReadAction\",\"target\":[\"https:\\\/\\\/radioljubuski.ba\\\/index.php\\\/2025\\\/09\\\/08\\\/dr-blanka-matkovic-za-rlj-1945-ljubuski-je-bio-vazan-tranzitni-i-operativni-prostor-krizara\\\/\"]}]},{\"@type\":\"ImageObject\",\"inLanguage\":\"hr\",\"@id\":\"https:\\\/\\\/radioljubuski.ba\\\/index.php\\\/2025\\\/09\\\/08\\\/dr-blanka-matkovic-za-rlj-1945-ljubuski-je-bio-vazan-tranzitni-i-operativni-prostor-krizara\\\/#primaryimage\",\"url\":\"https:\\\/\\\/radioljubuski.ba\\\/wp-content\\\/uploads\\\/2025\\\/09\\\/krizari.jpg\",\"contentUrl\":\"https:\\\/\\\/radioljubuski.ba\\\/wp-content\\\/uploads\\\/2025\\\/09\\\/krizari.jpg\",\"width\":1284,\"height\":1713},{\"@type\":\"BreadcrumbList\",\"@id\":\"https:\\\/\\\/radioljubuski.ba\\\/index.php\\\/2025\\\/09\\\/08\\\/dr-blanka-matkovic-za-rlj-1945-ljubuski-je-bio-vazan-tranzitni-i-operativni-prostor-krizara\\\/#breadcrumb\",\"itemListElement\":[{\"@type\":\"ListItem\",\"position\":1,\"name\":\"Po\u010detna stranica\",\"item\":\"https:\\\/\\\/radioljubuski.ba\\\/\"},{\"@type\":\"ListItem\",\"position\":2,\"name\":\"Dr.Blanka Matkovi\u0107 za RLJ: 1945. Ljubu\u0161ki je bio va\u017ean tranzitni i operativni prostor kri\u017eara\"}]},{\"@type\":\"WebSite\",\"@id\":\"https:\\\/\\\/radioljubuski.ba\\\/#website\",\"url\":\"https:\\\/\\\/radioljubuski.ba\\\/\",\"name\":\"Radio Ljubu\u0161ki\",\"description\":\"Sun\u010dana frekvencija Hercegovine\",\"publisher\":{\"@id\":\"https:\\\/\\\/radioljubuski.ba\\\/#organization\"},\"potentialAction\":[{\"@type\":\"SearchAction\",\"target\":{\"@type\":\"EntryPoint\",\"urlTemplate\":\"https:\\\/\\\/radioljubuski.ba\\\/?s={search_term_string}\"},\"query-input\":{\"@type\":\"PropertyValueSpecification\",\"valueRequired\":true,\"valueName\":\"search_term_string\"}}],\"inLanguage\":\"hr\"},{\"@type\":\"Organization\",\"@id\":\"https:\\\/\\\/radioljubuski.ba\\\/#organization\",\"name\":\"Radio Ljubu\u0161ki\",\"url\":\"https:\\\/\\\/radioljubuski.ba\\\/\",\"logo\":{\"@type\":\"ImageObject\",\"inLanguage\":\"hr\",\"@id\":\"https:\\\/\\\/radioljubuski.ba\\\/#\\\/schema\\\/logo\\\/image\\\/\",\"url\":\"https:\\\/\\\/radioljubuski.ba\\\/wp-content\\\/uploads\\\/2021\\\/02\\\/cropped-Radio_Ljubuski_logo1.jpg\",\"contentUrl\":\"https:\\\/\\\/radioljubuski.ba\\\/wp-content\\\/uploads\\\/2021\\\/02\\\/cropped-Radio_Ljubuski_logo1.jpg\",\"width\":512,\"height\":512,\"caption\":\"Radio Ljubu\u0161ki\"},\"image\":{\"@id\":\"https:\\\/\\\/radioljubuski.ba\\\/#\\\/schema\\\/logo\\\/image\\\/\"},\"sameAs\":[\"https:\\\/\\\/www.facebook.com\\\/Radiio-Ljubuski-1490835324566332\",\"https:\\\/\\\/x.com\\\/radioljubuski\",\"https:\\\/\\\/hr.linkedin.com\\\/company\\\/radio-ljubuski\",\"https:\\\/\\\/www.youtube.com\\\/channel\\\/UCHYaeO_n0Db3tjNGudGpXyw\"]},{\"@type\":\"Person\",\"@id\":\"https:\\\/\\\/radioljubuski.ba\\\/#\\\/schema\\\/person\\\/19fc700381a780f69665d7956c469e3b\",\"name\":\"Radio Ljubu\u0161ki\"}]}<\/script>\n<!-- \/ Yoast SEO plugin. -->","yoast_head_json":{"title":"Dr.Blanka Matkovi\u0107 za RLJ: 1945. Ljubu\u0161ki je bio va\u017ean tranzitni i operativni prostor kri\u017eara - RADIO LJUBU\u0160KI","robots":{"index":"index","follow":"follow","max-snippet":"max-snippet:-1","max-image-preview":"max-image-preview:large","max-video-preview":"max-video-preview:-1"},"canonical":"https:\/\/radioljubuski.ba\/index.php\/2025\/09\/08\/dr-blanka-matkovic-za-rlj-1945-ljubuski-je-bio-vazan-tranzitni-i-operativni-prostor-krizara\/","og_locale":"hr_HR","og_type":"article","og_title":"Dr.Blanka Matkovi\u0107 za RLJ: 1945. Ljubu\u0161ki je bio va\u017ean tranzitni i operativni prostor kri\u017eara - RADIO LJUBU\u0160KI","og_description":"Predstavljanje dviju knjiga dr.sc. Blanke Matkovi\u0107 koje donose nova saznanja o protukomunisti\u010dkom otporu i djelovanju kri\u017earskih skupina na prostoru Dalmacije i zapadne Hercegovine bit \u0107e odr\u017eano u Hercegovini, predstavljanje po\u010dinje ve\u010deras u Grudama, nastavlja se sutra u Ljubu\u0161kom, potom u Posu\u0161ju, \u010capljini, \u010citluku, Neumu, Stocu, Mostaru, \u0160irokom Brijegu i drugim mjestima. Rije\u010d je o djelima [&hellip;]","og_url":"https:\/\/radioljubuski.ba\/index.php\/2025\/09\/08\/dr-blanka-matkovic-za-rlj-1945-ljubuski-je-bio-vazan-tranzitni-i-operativni-prostor-krizara\/","og_site_name":"RADIO LJUBU\u0160KI","article_publisher":"https:\/\/www.facebook.com\/Radiio-Ljubuski-1490835324566332","article_published_time":"2025-09-08T17:40:43+00:00","article_modified_time":"2025-09-08T17:40:44+00:00","og_image":[{"width":1284,"height":1713,"url":"https:\/\/radioljubuski.ba\/wp-content\/uploads\/2025\/09\/krizari.jpg","type":"image\/jpeg"}],"author":"Radio Ljubu\u0161ki","twitter_card":"summary_large_image","twitter_creator":"@radioljubuski","twitter_site":"@radioljubuski","twitter_misc":{"Napisao\/la":"Radio Ljubu\u0161ki","Procijenjeno vrijeme \u010ditanja":"3 minute"},"schema":{"@context":"https:\/\/schema.org","@graph":[{"@type":"Article","@id":"https:\/\/radioljubuski.ba\/index.php\/2025\/09\/08\/dr-blanka-matkovic-za-rlj-1945-ljubuski-je-bio-vazan-tranzitni-i-operativni-prostor-krizara\/#article","isPartOf":{"@id":"https:\/\/radioljubuski.ba\/index.php\/2025\/09\/08\/dr-blanka-matkovic-za-rlj-1945-ljubuski-je-bio-vazan-tranzitni-i-operativni-prostor-krizara\/"},"author":{"name":"Radio Ljubu\u0161ki","@id":"https:\/\/radioljubuski.ba\/#\/schema\/person\/19fc700381a780f69665d7956c469e3b"},"headline":"Dr.Blanka Matkovi\u0107 za RLJ: 1945. Ljubu\u0161ki je bio va\u017ean tranzitni i operativni prostor kri\u017eara","datePublished":"2025-09-08T17:40:43+00:00","dateModified":"2025-09-08T17:40:44+00:00","mainEntityOfPage":{"@id":"https:\/\/radioljubuski.ba\/index.php\/2025\/09\/08\/dr-blanka-matkovic-za-rlj-1945-ljubuski-je-bio-vazan-tranzitni-i-operativni-prostor-krizara\/"},"wordCount":530,"publisher":{"@id":"https:\/\/radioljubuski.ba\/#organization"},"image":{"@id":"https:\/\/radioljubuski.ba\/index.php\/2025\/09\/08\/dr-blanka-matkovic-za-rlj-1945-ljubuski-je-bio-vazan-tranzitni-i-operativni-prostor-krizara\/#primaryimage"},"thumbnailUrl":"https:\/\/radioljubuski.ba\/wp-content\/uploads\/2025\/09\/krizari.jpg","articleSection":["BIH i regija","Ljubu\u0161ki"],"inLanguage":"hr"},{"@type":"WebPage","@id":"https:\/\/radioljubuski.ba\/index.php\/2025\/09\/08\/dr-blanka-matkovic-za-rlj-1945-ljubuski-je-bio-vazan-tranzitni-i-operativni-prostor-krizara\/","url":"https:\/\/radioljubuski.ba\/index.php\/2025\/09\/08\/dr-blanka-matkovic-za-rlj-1945-ljubuski-je-bio-vazan-tranzitni-i-operativni-prostor-krizara\/","name":"Dr.Blanka Matkovi\u0107 za RLJ: 1945. Ljubu\u0161ki je bio va\u017ean tranzitni i operativni prostor kri\u017eara - RADIO LJUBU\u0160KI","isPartOf":{"@id":"https:\/\/radioljubuski.ba\/#website"},"primaryImageOfPage":{"@id":"https:\/\/radioljubuski.ba\/index.php\/2025\/09\/08\/dr-blanka-matkovic-za-rlj-1945-ljubuski-je-bio-vazan-tranzitni-i-operativni-prostor-krizara\/#primaryimage"},"image":{"@id":"https:\/\/radioljubuski.ba\/index.php\/2025\/09\/08\/dr-blanka-matkovic-za-rlj-1945-ljubuski-je-bio-vazan-tranzitni-i-operativni-prostor-krizara\/#primaryimage"},"thumbnailUrl":"https:\/\/radioljubuski.ba\/wp-content\/uploads\/2025\/09\/krizari.jpg","datePublished":"2025-09-08T17:40:43+00:00","dateModified":"2025-09-08T17:40:44+00:00","breadcrumb":{"@id":"https:\/\/radioljubuski.ba\/index.php\/2025\/09\/08\/dr-blanka-matkovic-za-rlj-1945-ljubuski-je-bio-vazan-tranzitni-i-operativni-prostor-krizara\/#breadcrumb"},"inLanguage":"hr","potentialAction":[{"@type":"ReadAction","target":["https:\/\/radioljubuski.ba\/index.php\/2025\/09\/08\/dr-blanka-matkovic-za-rlj-1945-ljubuski-je-bio-vazan-tranzitni-i-operativni-prostor-krizara\/"]}]},{"@type":"ImageObject","inLanguage":"hr","@id":"https:\/\/radioljubuski.ba\/index.php\/2025\/09\/08\/dr-blanka-matkovic-za-rlj-1945-ljubuski-je-bio-vazan-tranzitni-i-operativni-prostor-krizara\/#primaryimage","url":"https:\/\/radioljubuski.ba\/wp-content\/uploads\/2025\/09\/krizari.jpg","contentUrl":"https:\/\/radioljubuski.ba\/wp-content\/uploads\/2025\/09\/krizari.jpg","width":1284,"height":1713},{"@type":"BreadcrumbList","@id":"https:\/\/radioljubuski.ba\/index.php\/2025\/09\/08\/dr-blanka-matkovic-za-rlj-1945-ljubuski-je-bio-vazan-tranzitni-i-operativni-prostor-krizara\/#breadcrumb","itemListElement":[{"@type":"ListItem","position":1,"name":"Po\u010detna stranica","item":"https:\/\/radioljubuski.ba\/"},{"@type":"ListItem","position":2,"name":"Dr.Blanka Matkovi\u0107 za RLJ: 1945. Ljubu\u0161ki je bio va\u017ean tranzitni i operativni prostor kri\u017eara"}]},{"@type":"WebSite","@id":"https:\/\/radioljubuski.ba\/#website","url":"https:\/\/radioljubuski.ba\/","name":"Radio Ljubu\u0161ki","description":"Sun\u010dana frekvencija Hercegovine","publisher":{"@id":"https:\/\/radioljubuski.ba\/#organization"},"potentialAction":[{"@type":"SearchAction","target":{"@type":"EntryPoint","urlTemplate":"https:\/\/radioljubuski.ba\/?s={search_term_string}"},"query-input":{"@type":"PropertyValueSpecification","valueRequired":true,"valueName":"search_term_string"}}],"inLanguage":"hr"},{"@type":"Organization","@id":"https:\/\/radioljubuski.ba\/#organization","name":"Radio Ljubu\u0161ki","url":"https:\/\/radioljubuski.ba\/","logo":{"@type":"ImageObject","inLanguage":"hr","@id":"https:\/\/radioljubuski.ba\/#\/schema\/logo\/image\/","url":"https:\/\/radioljubuski.ba\/wp-content\/uploads\/2021\/02\/cropped-Radio_Ljubuski_logo1.jpg","contentUrl":"https:\/\/radioljubuski.ba\/wp-content\/uploads\/2021\/02\/cropped-Radio_Ljubuski_logo1.jpg","width":512,"height":512,"caption":"Radio Ljubu\u0161ki"},"image":{"@id":"https:\/\/radioljubuski.ba\/#\/schema\/logo\/image\/"},"sameAs":["https:\/\/www.facebook.com\/Radiio-Ljubuski-1490835324566332","https:\/\/x.com\/radioljubuski","https:\/\/hr.linkedin.com\/company\/radio-ljubuski","https:\/\/www.youtube.com\/channel\/UCHYaeO_n0Db3tjNGudGpXyw"]},{"@type":"Person","@id":"https:\/\/radioljubuski.ba\/#\/schema\/person\/19fc700381a780f69665d7956c469e3b","name":"Radio Ljubu\u0161ki"}]}},"_links":{"self":[{"href":"https:\/\/radioljubuski.ba\/index.php\/wp-json\/wp\/v2\/posts\/220511","targetHints":{"allow":["GET"]}}],"collection":[{"href":"https:\/\/radioljubuski.ba\/index.php\/wp-json\/wp\/v2\/posts"}],"about":[{"href":"https:\/\/radioljubuski.ba\/index.php\/wp-json\/wp\/v2\/types\/post"}],"author":[{"embeddable":true,"href":"https:\/\/radioljubuski.ba\/index.php\/wp-json\/wp\/v2\/users\/2"}],"replies":[{"embeddable":true,"href":"https:\/\/radioljubuski.ba\/index.php\/wp-json\/wp\/v2\/comments?post=220511"}],"version-history":[{"count":5,"href":"https:\/\/radioljubuski.ba\/index.php\/wp-json\/wp\/v2\/posts\/220511\/revisions"}],"predecessor-version":[{"id":220540,"href":"https:\/\/radioljubuski.ba\/index.php\/wp-json\/wp\/v2\/posts\/220511\/revisions\/220540"}],"wp:featuredmedia":[{"embeddable":true,"href":"https:\/\/radioljubuski.ba\/index.php\/wp-json\/wp\/v2\/media\/220512"}],"wp:attachment":[{"href":"https:\/\/radioljubuski.ba\/index.php\/wp-json\/wp\/v2\/media?parent=220511"}],"wp:term":[{"taxonomy":"category","embeddable":true,"href":"https:\/\/radioljubuski.ba\/index.php\/wp-json\/wp\/v2\/categories?post=220511"},{"taxonomy":"post_tag","embeddable":true,"href":"https:\/\/radioljubuski.ba\/index.php\/wp-json\/wp\/v2\/tags?post=220511"}],"curies":[{"name":"wp","href":"https:\/\/api.w.org\/{rel}","templated":true}]}}