{"id":220525,"date":"2025-09-08T13:51:15","date_gmt":"2025-09-08T12:51:15","guid":{"rendered":"https:\/\/radioljubuski.ba\/?p=220525"},"modified":"2025-09-08T13:52:07","modified_gmt":"2025-09-08T12:52:07","slug":"grad-ljubuski-dobio-sredstva-za-sanaciju-divljih-odlagalista-otpada","status":"publish","type":"post","link":"https:\/\/radioljubuski.ba\/index.php\/2025\/09\/08\/grad-ljubuski-dobio-sredstva-za-sanaciju-divljih-odlagalista-otpada\/","title":{"rendered":"Grad Ljubu\u0161ki dobio sredstva za sanaciju divljih odlagali\u0161ta otpada"},"content":{"rendered":"\n<p><br>Grad Ljubu\u0161ki dobio je 92.285,95 KM od Federalnog ministarstva okoli\u0161a i turizma za sanaciju i uklanjanje nesanitarnih (divljih) odlagali\u0161ta otpada. Ugovor je s gradona\u010delnikom Ljubu\u0161kog Vedranom Markoti\u0107em potpisala federalna ministrica Nasiha Pozder u okviru Odluke \u201eTeku\u0107i transferi drugim razinama vlasti i fondovima &#8211; Akcijski plan strategije okoli\u0161a\u201c za 2025. godinu.<\/p>\n\n\n\n<p><br>Federalna ministrica okoli\u0161a i turizma Nasiha Pozder potpisala je danas ugovore o dodjeli prora\u010dunskih sredstava u ukupnom iznosu od 400.000 KM za sufinanciranje projekata sanacije i uklanjanja nesanitarnih (divljih) odlagali\u0161ta otpada na podru\u010dju Federacije Bosne i Hercegovine, a u okviru Odluke \u201eTeku\u0107i transferi drugim razinama vlasti i fondovima &#8211; Akcijski plan strategije okoli\u0161a\u201c za 2025. godinu.<br><br>Ova potpora usmjerena je prema sedam lokalnih zajednica koje su uspje\u0161no aplicirale i ispunile uvjete i kriterije iz javnog poziva, te \u0107e u narednom razdoblju realizirati projekte \u010di\u0161\u0107enja i sanacije nesanitarnih odlagali\u0161ta, priop\u0107eno je iz Federalnog ministarstva okoli\u0161a i turizma.<br><br>Potpisivanju ugovora prisustvovali su i predstavnici jedinica lokalne samouprave: gradona\u010delnik Gra\u010danice Sadmir D\u017eebo, na\u010delnica Drvara Du\u0161ica Runi\u0107, gradona\u010delnik Stoca Stjepan Bo\u0161kovi\u0107, na\u010delnik Kaknja Mirnes Bajtarevi\u0107, gradona\u010delnica \u010capljine Iva Ragu\u017e, <strong>gradona\u010delnik Ljubu\u0161kog Vedran Markoti\u0107<\/strong> i na\u010delnik Gornjeg Vakufa-Uskoplja Esmin Hajdarevi\u0107, \u010dime je potvr\u0111ena va\u017enost partnerstva izme\u0111u entitetske razine vlasti i lokalnih zajednica.<br><br>Federalna ministrica Nasiha Pozder naglasila je da su suradnja s lokalnim vlastima i odgovornost svih aktera u sustavu klju\u010dni u izgradnji odr\u017eivog sustava upravljanja otpadom u Federaciji BiH.<br><br>\u2013 Uklanjanje divljih odlagali\u0161ta otpada jedan je od osnovnih koraka ka zdravijem i sigurnijem okru\u017eenju. Realizacijom ovih projekata pomo\u0107i \u0107emo u saniranju nekoliko od brojnih problema. Do kraja godine imat \u0107emo Federalni plan upravljanja otpadom koji \u0107e dati strate\u0161ke smjernice. U provedbi ovog plana ponovno \u0107e nam trebati i kantoni i lokalne zajednice, jer samo kroz partnerski rad mo\u017eemo popravljati stanje na terenu i imati temelje za odgovorniji odnos prema okoli\u0161u i budu\u0107im generacijama \u2013 kazala je ministrica Pozder.<br><br>Za realizaciju ovih aktivnosti, Op\u0107ina Drvar dobila je 15.968,76 KM za saniranje i uklanjanje \u0161est nesanitarnih divljih odlagali\u0161ta, dok je Gradu Stocu dodijeljeno 76.000,20 KM za prvu fazu sanacije postoje\u0107e deponije komunalnog otpada. Op\u0107ina Kakanj \u0107e realizirati projekt uklanjanja otpada s divljih deponija na podru\u010dju op\u0107ine u vrijednosti od 20.919,12 KM, a Grad \u010capljina \u0107e kroz sredstva od 70.000,00 KM sanirati divlje deponije na svom podru\u010dju. Grad Ljubu\u0161ki dobio je 92.285,95 KM za sanaciju i uklanjanje nesanitarnih odlagali\u0161ta, dok \u0107e Grad Gra\u010danica s iznosom od 32.540,00 KM uklanjati otpad s divljih deponija. Op\u0107ini Gornji Vakuf-Uskoplje odobreno je 92.285,95 KM za sanaciju divljih deponija, priop\u0107eno je iz Federalnog ministarstva okoli\u0161a i turizma.<\/p>\n\n\n\n<p>Vlada FBiH<\/p>\n","protected":false},"excerpt":{"rendered":"<p>Grad Ljubu\u0161ki dobio je 92.285,95 KM od Federalnog ministarstva okoli\u0161a i turizma za sanaciju i uklanjanje nesanitarnih (divljih) odlagali\u0161ta otpada. Ugovor je s gradona\u010delnikom Ljubu\u0161kog Vedranom Markoti\u0107em potpisala federalna ministrica Nasiha Pozder u okviru Odluke \u201eTeku\u0107i transferi drugim razinama vlasti i fondovima &#8211; Akcijski plan strategije okoli\u0161a\u201c za 2025. godinu. Federalna ministrica okoli\u0161a i turizma [&hellip;]<\/p>\n","protected":false},"author":2,"featured_media":220526,"comment_status":"closed","ping_status":"closed","sticky":false,"template":"","format":"standard","meta":{"h5ap_radio_sources":[],"footnotes":""},"categories":[3,28],"tags":[],"class_list":["post-220525","post","type-post","status-publish","format-standard","has-post-thumbnail","hentry","category-ljubuski","category-novosti"],"yoast_head":"<!-- This site is optimized with the Yoast SEO plugin v27.5 - https:\/\/yoast.com\/product\/yoast-seo-wordpress\/ -->\n<title>Grad Ljubu\u0161ki dobio sredstva za sanaciju divljih odlagali\u0161ta otpada - RADIO LJUBU\u0160KI<\/title>\n<meta name=\"robots\" content=\"index, follow, max-snippet:-1, max-image-preview:large, max-video-preview:-1\" \/>\n<link rel=\"canonical\" href=\"https:\/\/radioljubuski.ba\/index.php\/2025\/09\/08\/grad-ljubuski-dobio-sredstva-za-sanaciju-divljih-odlagalista-otpada\/\" \/>\n<meta property=\"og:locale\" content=\"hr_HR\" \/>\n<meta property=\"og:type\" content=\"article\" \/>\n<meta property=\"og:title\" content=\"Grad Ljubu\u0161ki dobio sredstva za sanaciju divljih odlagali\u0161ta otpada - RADIO LJUBU\u0160KI\" \/>\n<meta property=\"og:description\" content=\"Grad Ljubu\u0161ki dobio je 92.285,95 KM od Federalnog ministarstva okoli\u0161a i turizma za sanaciju i uklanjanje nesanitarnih (divljih) odlagali\u0161ta otpada. Ugovor je s gradona\u010delnikom Ljubu\u0161kog Vedranom Markoti\u0107em potpisala federalna ministrica Nasiha Pozder u okviru Odluke \u201eTeku\u0107i transferi drugim razinama vlasti i fondovima &#8211; Akcijski plan strategije okoli\u0161a\u201c za 2025. godinu. Federalna ministrica okoli\u0161a i turizma [&hellip;]\" \/>\n<meta property=\"og:url\" content=\"https:\/\/radioljubuski.ba\/index.php\/2025\/09\/08\/grad-ljubuski-dobio-sredstva-za-sanaciju-divljih-odlagalista-otpada\/\" \/>\n<meta property=\"og:site_name\" content=\"RADIO LJUBU\u0160KI\" \/>\n<meta property=\"article:publisher\" content=\"https:\/\/www.facebook.com\/Radiio-Ljubuski-1490835324566332\" \/>\n<meta property=\"article:published_time\" content=\"2025-09-08T12:51:15+00:00\" \/>\n<meta property=\"article:modified_time\" content=\"2025-09-08T12:52:07+00:00\" \/>\n<meta property=\"og:image\" content=\"https:\/\/radioljubuski.ba\/wp-content\/uploads\/2025\/09\/545516964_809833048276385_6046645539383904604_n.jpg\" \/>\n\t<meta property=\"og:image:width\" content=\"1600\" \/>\n\t<meta property=\"og:image:height\" content=\"1200\" \/>\n\t<meta property=\"og:image:type\" content=\"image\/jpeg\" \/>\n<meta name=\"author\" content=\"Radio Ljubu\u0161ki\" \/>\n<meta name=\"twitter:card\" content=\"summary_large_image\" \/>\n<meta name=\"twitter:creator\" content=\"@radioljubuski\" \/>\n<meta name=\"twitter:site\" content=\"@radioljubuski\" \/>\n<meta name=\"twitter:label1\" content=\"Napisao\/la\" \/>\n\t<meta name=\"twitter:data1\" content=\"Radio Ljubu\u0161ki\" \/>\n\t<meta name=\"twitter:label2\" content=\"Procijenjeno vrijeme \u010ditanja\" \/>\n\t<meta name=\"twitter:data2\" content=\"3 minute\" \/>\n<script type=\"application\/ld+json\" class=\"yoast-schema-graph\">{\"@context\":\"https:\\\/\\\/schema.org\",\"@graph\":[{\"@type\":\"Article\",\"@id\":\"https:\\\/\\\/radioljubuski.ba\\\/index.php\\\/2025\\\/09\\\/08\\\/grad-ljubuski-dobio-sredstva-za-sanaciju-divljih-odlagalista-otpada\\\/#article\",\"isPartOf\":{\"@id\":\"https:\\\/\\\/radioljubuski.ba\\\/index.php\\\/2025\\\/09\\\/08\\\/grad-ljubuski-dobio-sredstva-za-sanaciju-divljih-odlagalista-otpada\\\/\"},\"author\":{\"name\":\"Radio Ljubu\u0161ki\",\"@id\":\"https:\\\/\\\/radioljubuski.ba\\\/#\\\/schema\\\/person\\\/19fc700381a780f69665d7956c469e3b\"},\"headline\":\"Grad Ljubu\u0161ki dobio sredstva za sanaciju divljih odlagali\u0161ta otpada\",\"datePublished\":\"2025-09-08T12:51:15+00:00\",\"dateModified\":\"2025-09-08T12:52:07+00:00\",\"mainEntityOfPage\":{\"@id\":\"https:\\\/\\\/radioljubuski.ba\\\/index.php\\\/2025\\\/09\\\/08\\\/grad-ljubuski-dobio-sredstva-za-sanaciju-divljih-odlagalista-otpada\\\/\"},\"wordCount\":471,\"publisher\":{\"@id\":\"https:\\\/\\\/radioljubuski.ba\\\/#organization\"},\"image\":{\"@id\":\"https:\\\/\\\/radioljubuski.ba\\\/index.php\\\/2025\\\/09\\\/08\\\/grad-ljubuski-dobio-sredstva-za-sanaciju-divljih-odlagalista-otpada\\\/#primaryimage\"},\"thumbnailUrl\":\"https:\\\/\\\/radioljubuski.ba\\\/wp-content\\\/uploads\\\/2025\\\/09\\\/545516964_809833048276385_6046645539383904604_n.jpg\",\"articleSection\":[\"Ljubu\u0161ki\",\"Novosti\"],\"inLanguage\":\"hr\"},{\"@type\":\"WebPage\",\"@id\":\"https:\\\/\\\/radioljubuski.ba\\\/index.php\\\/2025\\\/09\\\/08\\\/grad-ljubuski-dobio-sredstva-za-sanaciju-divljih-odlagalista-otpada\\\/\",\"url\":\"https:\\\/\\\/radioljubuski.ba\\\/index.php\\\/2025\\\/09\\\/08\\\/grad-ljubuski-dobio-sredstva-za-sanaciju-divljih-odlagalista-otpada\\\/\",\"name\":\"Grad Ljubu\u0161ki dobio sredstva za sanaciju divljih odlagali\u0161ta otpada - RADIO LJUBU\u0160KI\",\"isPartOf\":{\"@id\":\"https:\\\/\\\/radioljubuski.ba\\\/#website\"},\"primaryImageOfPage\":{\"@id\":\"https:\\\/\\\/radioljubuski.ba\\\/index.php\\\/2025\\\/09\\\/08\\\/grad-ljubuski-dobio-sredstva-za-sanaciju-divljih-odlagalista-otpada\\\/#primaryimage\"},\"image\":{\"@id\":\"https:\\\/\\\/radioljubuski.ba\\\/index.php\\\/2025\\\/09\\\/08\\\/grad-ljubuski-dobio-sredstva-za-sanaciju-divljih-odlagalista-otpada\\\/#primaryimage\"},\"thumbnailUrl\":\"https:\\\/\\\/radioljubuski.ba\\\/wp-content\\\/uploads\\\/2025\\\/09\\\/545516964_809833048276385_6046645539383904604_n.jpg\",\"datePublished\":\"2025-09-08T12:51:15+00:00\",\"dateModified\":\"2025-09-08T12:52:07+00:00\",\"breadcrumb\":{\"@id\":\"https:\\\/\\\/radioljubuski.ba\\\/index.php\\\/2025\\\/09\\\/08\\\/grad-ljubuski-dobio-sredstva-za-sanaciju-divljih-odlagalista-otpada\\\/#breadcrumb\"},\"inLanguage\":\"hr\",\"potentialAction\":[{\"@type\":\"ReadAction\",\"target\":[\"https:\\\/\\\/radioljubuski.ba\\\/index.php\\\/2025\\\/09\\\/08\\\/grad-ljubuski-dobio-sredstva-za-sanaciju-divljih-odlagalista-otpada\\\/\"]}]},{\"@type\":\"ImageObject\",\"inLanguage\":\"hr\",\"@id\":\"https:\\\/\\\/radioljubuski.ba\\\/index.php\\\/2025\\\/09\\\/08\\\/grad-ljubuski-dobio-sredstva-za-sanaciju-divljih-odlagalista-otpada\\\/#primaryimage\",\"url\":\"https:\\\/\\\/radioljubuski.ba\\\/wp-content\\\/uploads\\\/2025\\\/09\\\/545516964_809833048276385_6046645539383904604_n.jpg\",\"contentUrl\":\"https:\\\/\\\/radioljubuski.ba\\\/wp-content\\\/uploads\\\/2025\\\/09\\\/545516964_809833048276385_6046645539383904604_n.jpg\",\"width\":1600,\"height\":1200},{\"@type\":\"BreadcrumbList\",\"@id\":\"https:\\\/\\\/radioljubuski.ba\\\/index.php\\\/2025\\\/09\\\/08\\\/grad-ljubuski-dobio-sredstva-za-sanaciju-divljih-odlagalista-otpada\\\/#breadcrumb\",\"itemListElement\":[{\"@type\":\"ListItem\",\"position\":1,\"name\":\"Po\u010detna stranica\",\"item\":\"https:\\\/\\\/radioljubuski.ba\\\/\"},{\"@type\":\"ListItem\",\"position\":2,\"name\":\"Grad Ljubu\u0161ki dobio sredstva za sanaciju divljih odlagali\u0161ta otpada\"}]},{\"@type\":\"WebSite\",\"@id\":\"https:\\\/\\\/radioljubuski.ba\\\/#website\",\"url\":\"https:\\\/\\\/radioljubuski.ba\\\/\",\"name\":\"Radio Ljubu\u0161ki\",\"description\":\"Sun\u010dana frekvencija Hercegovine\",\"publisher\":{\"@id\":\"https:\\\/\\\/radioljubuski.ba\\\/#organization\"},\"potentialAction\":[{\"@type\":\"SearchAction\",\"target\":{\"@type\":\"EntryPoint\",\"urlTemplate\":\"https:\\\/\\\/radioljubuski.ba\\\/?s={search_term_string}\"},\"query-input\":{\"@type\":\"PropertyValueSpecification\",\"valueRequired\":true,\"valueName\":\"search_term_string\"}}],\"inLanguage\":\"hr\"},{\"@type\":\"Organization\",\"@id\":\"https:\\\/\\\/radioljubuski.ba\\\/#organization\",\"name\":\"Radio Ljubu\u0161ki\",\"url\":\"https:\\\/\\\/radioljubuski.ba\\\/\",\"logo\":{\"@type\":\"ImageObject\",\"inLanguage\":\"hr\",\"@id\":\"https:\\\/\\\/radioljubuski.ba\\\/#\\\/schema\\\/logo\\\/image\\\/\",\"url\":\"https:\\\/\\\/radioljubuski.ba\\\/wp-content\\\/uploads\\\/2021\\\/02\\\/cropped-Radio_Ljubuski_logo1.jpg\",\"contentUrl\":\"https:\\\/\\\/radioljubuski.ba\\\/wp-content\\\/uploads\\\/2021\\\/02\\\/cropped-Radio_Ljubuski_logo1.jpg\",\"width\":512,\"height\":512,\"caption\":\"Radio Ljubu\u0161ki\"},\"image\":{\"@id\":\"https:\\\/\\\/radioljubuski.ba\\\/#\\\/schema\\\/logo\\\/image\\\/\"},\"sameAs\":[\"https:\\\/\\\/www.facebook.com\\\/Radiio-Ljubuski-1490835324566332\",\"https:\\\/\\\/x.com\\\/radioljubuski\",\"https:\\\/\\\/hr.linkedin.com\\\/company\\\/radio-ljubuski\",\"https:\\\/\\\/www.youtube.com\\\/channel\\\/UCHYaeO_n0Db3tjNGudGpXyw\"]},{\"@type\":\"Person\",\"@id\":\"https:\\\/\\\/radioljubuski.ba\\\/#\\\/schema\\\/person\\\/19fc700381a780f69665d7956c469e3b\",\"name\":\"Radio Ljubu\u0161ki\"}]}<\/script>\n<!-- \/ Yoast SEO plugin. -->","yoast_head_json":{"title":"Grad Ljubu\u0161ki dobio sredstva za sanaciju divljih odlagali\u0161ta otpada - RADIO LJUBU\u0160KI","robots":{"index":"index","follow":"follow","max-snippet":"max-snippet:-1","max-image-preview":"max-image-preview:large","max-video-preview":"max-video-preview:-1"},"canonical":"https:\/\/radioljubuski.ba\/index.php\/2025\/09\/08\/grad-ljubuski-dobio-sredstva-za-sanaciju-divljih-odlagalista-otpada\/","og_locale":"hr_HR","og_type":"article","og_title":"Grad Ljubu\u0161ki dobio sredstva za sanaciju divljih odlagali\u0161ta otpada - RADIO LJUBU\u0160KI","og_description":"Grad Ljubu\u0161ki dobio je 92.285,95 KM od Federalnog ministarstva okoli\u0161a i turizma za sanaciju i uklanjanje nesanitarnih (divljih) odlagali\u0161ta otpada. Ugovor je s gradona\u010delnikom Ljubu\u0161kog Vedranom Markoti\u0107em potpisala federalna ministrica Nasiha Pozder u okviru Odluke \u201eTeku\u0107i transferi drugim razinama vlasti i fondovima &#8211; Akcijski plan strategije okoli\u0161a\u201c za 2025. godinu. Federalna ministrica okoli\u0161a i turizma [&hellip;]","og_url":"https:\/\/radioljubuski.ba\/index.php\/2025\/09\/08\/grad-ljubuski-dobio-sredstva-za-sanaciju-divljih-odlagalista-otpada\/","og_site_name":"RADIO LJUBU\u0160KI","article_publisher":"https:\/\/www.facebook.com\/Radiio-Ljubuski-1490835324566332","article_published_time":"2025-09-08T12:51:15+00:00","article_modified_time":"2025-09-08T12:52:07+00:00","og_image":[{"width":1600,"height":1200,"url":"https:\/\/radioljubuski.ba\/wp-content\/uploads\/2025\/09\/545516964_809833048276385_6046645539383904604_n.jpg","type":"image\/jpeg"}],"author":"Radio Ljubu\u0161ki","twitter_card":"summary_large_image","twitter_creator":"@radioljubuski","twitter_site":"@radioljubuski","twitter_misc":{"Napisao\/la":"Radio Ljubu\u0161ki","Procijenjeno vrijeme \u010ditanja":"3 minute"},"schema":{"@context":"https:\/\/schema.org","@graph":[{"@type":"Article","@id":"https:\/\/radioljubuski.ba\/index.php\/2025\/09\/08\/grad-ljubuski-dobio-sredstva-za-sanaciju-divljih-odlagalista-otpada\/#article","isPartOf":{"@id":"https:\/\/radioljubuski.ba\/index.php\/2025\/09\/08\/grad-ljubuski-dobio-sredstva-za-sanaciju-divljih-odlagalista-otpada\/"},"author":{"name":"Radio Ljubu\u0161ki","@id":"https:\/\/radioljubuski.ba\/#\/schema\/person\/19fc700381a780f69665d7956c469e3b"},"headline":"Grad Ljubu\u0161ki dobio sredstva za sanaciju divljih odlagali\u0161ta otpada","datePublished":"2025-09-08T12:51:15+00:00","dateModified":"2025-09-08T12:52:07+00:00","mainEntityOfPage":{"@id":"https:\/\/radioljubuski.ba\/index.php\/2025\/09\/08\/grad-ljubuski-dobio-sredstva-za-sanaciju-divljih-odlagalista-otpada\/"},"wordCount":471,"publisher":{"@id":"https:\/\/radioljubuski.ba\/#organization"},"image":{"@id":"https:\/\/radioljubuski.ba\/index.php\/2025\/09\/08\/grad-ljubuski-dobio-sredstva-za-sanaciju-divljih-odlagalista-otpada\/#primaryimage"},"thumbnailUrl":"https:\/\/radioljubuski.ba\/wp-content\/uploads\/2025\/09\/545516964_809833048276385_6046645539383904604_n.jpg","articleSection":["Ljubu\u0161ki","Novosti"],"inLanguage":"hr"},{"@type":"WebPage","@id":"https:\/\/radioljubuski.ba\/index.php\/2025\/09\/08\/grad-ljubuski-dobio-sredstva-za-sanaciju-divljih-odlagalista-otpada\/","url":"https:\/\/radioljubuski.ba\/index.php\/2025\/09\/08\/grad-ljubuski-dobio-sredstva-za-sanaciju-divljih-odlagalista-otpada\/","name":"Grad Ljubu\u0161ki dobio sredstva za sanaciju divljih odlagali\u0161ta otpada - RADIO LJUBU\u0160KI","isPartOf":{"@id":"https:\/\/radioljubuski.ba\/#website"},"primaryImageOfPage":{"@id":"https:\/\/radioljubuski.ba\/index.php\/2025\/09\/08\/grad-ljubuski-dobio-sredstva-za-sanaciju-divljih-odlagalista-otpada\/#primaryimage"},"image":{"@id":"https:\/\/radioljubuski.ba\/index.php\/2025\/09\/08\/grad-ljubuski-dobio-sredstva-za-sanaciju-divljih-odlagalista-otpada\/#primaryimage"},"thumbnailUrl":"https:\/\/radioljubuski.ba\/wp-content\/uploads\/2025\/09\/545516964_809833048276385_6046645539383904604_n.jpg","datePublished":"2025-09-08T12:51:15+00:00","dateModified":"2025-09-08T12:52:07+00:00","breadcrumb":{"@id":"https:\/\/radioljubuski.ba\/index.php\/2025\/09\/08\/grad-ljubuski-dobio-sredstva-za-sanaciju-divljih-odlagalista-otpada\/#breadcrumb"},"inLanguage":"hr","potentialAction":[{"@type":"ReadAction","target":["https:\/\/radioljubuski.ba\/index.php\/2025\/09\/08\/grad-ljubuski-dobio-sredstva-za-sanaciju-divljih-odlagalista-otpada\/"]}]},{"@type":"ImageObject","inLanguage":"hr","@id":"https:\/\/radioljubuski.ba\/index.php\/2025\/09\/08\/grad-ljubuski-dobio-sredstva-za-sanaciju-divljih-odlagalista-otpada\/#primaryimage","url":"https:\/\/radioljubuski.ba\/wp-content\/uploads\/2025\/09\/545516964_809833048276385_6046645539383904604_n.jpg","contentUrl":"https:\/\/radioljubuski.ba\/wp-content\/uploads\/2025\/09\/545516964_809833048276385_6046645539383904604_n.jpg","width":1600,"height":1200},{"@type":"BreadcrumbList","@id":"https:\/\/radioljubuski.ba\/index.php\/2025\/09\/08\/grad-ljubuski-dobio-sredstva-za-sanaciju-divljih-odlagalista-otpada\/#breadcrumb","itemListElement":[{"@type":"ListItem","position":1,"name":"Po\u010detna stranica","item":"https:\/\/radioljubuski.ba\/"},{"@type":"ListItem","position":2,"name":"Grad Ljubu\u0161ki dobio sredstva za sanaciju divljih odlagali\u0161ta otpada"}]},{"@type":"WebSite","@id":"https:\/\/radioljubuski.ba\/#website","url":"https:\/\/radioljubuski.ba\/","name":"Radio Ljubu\u0161ki","description":"Sun\u010dana frekvencija Hercegovine","publisher":{"@id":"https:\/\/radioljubuski.ba\/#organization"},"potentialAction":[{"@type":"SearchAction","target":{"@type":"EntryPoint","urlTemplate":"https:\/\/radioljubuski.ba\/?s={search_term_string}"},"query-input":{"@type":"PropertyValueSpecification","valueRequired":true,"valueName":"search_term_string"}}],"inLanguage":"hr"},{"@type":"Organization","@id":"https:\/\/radioljubuski.ba\/#organization","name":"Radio Ljubu\u0161ki","url":"https:\/\/radioljubuski.ba\/","logo":{"@type":"ImageObject","inLanguage":"hr","@id":"https:\/\/radioljubuski.ba\/#\/schema\/logo\/image\/","url":"https:\/\/radioljubuski.ba\/wp-content\/uploads\/2021\/02\/cropped-Radio_Ljubuski_logo1.jpg","contentUrl":"https:\/\/radioljubuski.ba\/wp-content\/uploads\/2021\/02\/cropped-Radio_Ljubuski_logo1.jpg","width":512,"height":512,"caption":"Radio Ljubu\u0161ki"},"image":{"@id":"https:\/\/radioljubuski.ba\/#\/schema\/logo\/image\/"},"sameAs":["https:\/\/www.facebook.com\/Radiio-Ljubuski-1490835324566332","https:\/\/x.com\/radioljubuski","https:\/\/hr.linkedin.com\/company\/radio-ljubuski","https:\/\/www.youtube.com\/channel\/UCHYaeO_n0Db3tjNGudGpXyw"]},{"@type":"Person","@id":"https:\/\/radioljubuski.ba\/#\/schema\/person\/19fc700381a780f69665d7956c469e3b","name":"Radio Ljubu\u0161ki"}]}},"_links":{"self":[{"href":"https:\/\/radioljubuski.ba\/index.php\/wp-json\/wp\/v2\/posts\/220525","targetHints":{"allow":["GET"]}}],"collection":[{"href":"https:\/\/radioljubuski.ba\/index.php\/wp-json\/wp\/v2\/posts"}],"about":[{"href":"https:\/\/radioljubuski.ba\/index.php\/wp-json\/wp\/v2\/types\/post"}],"author":[{"embeddable":true,"href":"https:\/\/radioljubuski.ba\/index.php\/wp-json\/wp\/v2\/users\/2"}],"replies":[{"embeddable":true,"href":"https:\/\/radioljubuski.ba\/index.php\/wp-json\/wp\/v2\/comments?post=220525"}],"version-history":[{"count":3,"href":"https:\/\/radioljubuski.ba\/index.php\/wp-json\/wp\/v2\/posts\/220525\/revisions"}],"predecessor-version":[{"id":220531,"href":"https:\/\/radioljubuski.ba\/index.php\/wp-json\/wp\/v2\/posts\/220525\/revisions\/220531"}],"wp:featuredmedia":[{"embeddable":true,"href":"https:\/\/radioljubuski.ba\/index.php\/wp-json\/wp\/v2\/media\/220526"}],"wp:attachment":[{"href":"https:\/\/radioljubuski.ba\/index.php\/wp-json\/wp\/v2\/media?parent=220525"}],"wp:term":[{"taxonomy":"category","embeddable":true,"href":"https:\/\/radioljubuski.ba\/index.php\/wp-json\/wp\/v2\/categories?post=220525"},{"taxonomy":"post_tag","embeddable":true,"href":"https:\/\/radioljubuski.ba\/index.php\/wp-json\/wp\/v2\/tags?post=220525"}],"curies":[{"name":"wp","href":"https:\/\/api.w.org\/{rel}","templated":true}]}}