{"id":220786,"date":"2025-09-23T10:32:42","date_gmt":"2025-09-23T09:32:42","guid":{"rendered":"https:\/\/radioljubuski.ba\/?p=220786"},"modified":"2025-09-23T10:32:43","modified_gmt":"2025-09-23T09:32:43","slug":"donosimo-popis-120-brucosa-dobilo-smjestaj-u-studentskom-centru-sveucilista-u-mostaru","status":"publish","type":"post","link":"https:\/\/radioljubuski.ba\/index.php\/2025\/09\/23\/donosimo-popis-120-brucosa-dobilo-smjestaj-u-studentskom-centru-sveucilista-u-mostaru\/","title":{"rendered":"DONOSIMO POPIS: 120 bruco\u0161a dobilo smje\u0161taj u Studentskom centru Sveu\u010dili\u0161ta u Mostaru"},"content":{"rendered":"\n<p>Studentski centar Sveu\u010dili\u0161ta u Mostaru objavio je popis bruco\u0161a koji su dobili smje\u0161taj u dolaze\u0107oj akademskoj godini. Od 255 prijavljenih, njih 120 je dobilo smje\u0161taj u Studentskom centru Sveu\u010dili\u0161ta u Mostaru, a ravnateljica ove institucije Anita Glibi\u0107 je istaknula kako je i ove godine zabilje\u017een rekordan broj prijava.<\/p>\n\n\n\n<p>-Ponovo imamo vi\u0161e nego dvostruko prijava u odnosu na broj mjesta raspolo\u017eivih i to jasno govori kakav ugled me\u0111u studentima u\u017eiva Studentski centar Sveu\u010dili\u0161ta u Mostaru. Jako nam je \u017eao \u0161to ne mo\u017eemo odgovoriti na sve zahtjeve, odnosno, da \u0107e veliki broj studenata smje\u0161taj za idu\u0107u akademsku godinu morati potra\u017eiti na nekom drugom mjestu. Na\u0161i kapaciteti su takvi kakvi jesu i to je jedan od tema o kojima moramo razgovarati u budu\u0107nosti \u2013 istaknula je Glibi\u0107.<\/p>\n\n\n\n<p>Na na\u0161e pitanje zna\u010di li to otvaranje pri\u010de o izgradnji Paviljona 3 Studentskog centra Sveu\u010dili\u0161ta u Mostaru, ravnateljica Glibi\u0107 poru\u010duje kako broj aplikacija i ove godine jasno govori kako bi realizacija jednog takvog projekta bila zna\u010dajna investicija koja bi imala ogroman uticaj na studentski \u017eivot u Mostaru i razvoj Sveu\u010dili\u0161ta.<\/p>\n\n\n\n<p>-Svi oni koji nisu dobili smje\u0161taj u na\u0161em Centru sada tra\u017ee privatni smje\u0161taj koji je znatno skuplji i veliko je pitanje mogu li ti mladi ljudi i njihove obitelji to sebi priu\u0161titi ili \u0107e biti primorani na odustajanje od studiranja. Ovoliki broj prijava koje mi imamo je samo znak kvalitete rada Sveu\u010dili\u0161ta u Mostaru i ako \u017eelimo da sve te mlade ljude zadr\u017eimo u na\u0161em gradu, onda moramo ozbiljno razmotriti projekt izgradnje Paviljona 3 Studentskog centra Sveu\u010dili\u0161ta u Mostaru. Za jedan takav projekt potrebna je potpora na svim razinama i vjerujem da uz jedan ozbiljan rad mo\u017eemo to posti\u0107i. Nadam se kako \u0107emo uskoro sa vodstvom Sveu\u010dili\u0161ta u Mostaru ozbiljno razgovarati o toj temi \u2013 rekla je Glibi\u0107 za Pogled.ba.<\/p>\n\n\n\n<p>Poru\u010dila je i kako studenti koji nisu dobili smje\u0161taj u Studentskom centru Sveu\u010dili\u0161ta u Mostaru mogu i dalje biti vezani za ovu instituciju i koristiti njihove usluge.<\/p>\n\n\n\n<p>-Svi oni mogu koristiti usluge na\u0161e menze i dobiti cijeli meni (juha, glavno jelo, desert) po cijeni od 5 KM. Tako\u0111er, tu su i brojni drugi sadr\u017eaji koje nudimo kroz brojne projekte koje provodimo. Mi \u0107emo i dalje \u010diniti sve kako bi studentima Sveu\u010dili\u0161ta u Mostaru pru\u017eili optimalne uvjete i na\u0161e strane im zna\u010dajno olak\u0161ali proces studiranja \u2013 zaklju\u010dila je ravnateljica Glibi\u0107.<\/p>\n\n\n\n<div data-wp-interactive=\"core\/file\" class=\"wp-block-file\"><object data-wp-bind--hidden=\"!state.hasPdfPreview\" hidden class=\"wp-block-file__embed\" data=\"https:\/\/radioljubuski.ba\/wp-content\/uploads\/2025\/09\/Rang-lista-studenata-brucosa-koji-su-se-prijavili-za-smjestaj-u-Studentski-centar-Sveucilista-u-Mostaru-za-akademsku-2025.2026-godinu-3.pdf\" type=\"application\/pdf\" style=\"width:100%;height:600px\" aria-label=\"Ugra\u0111eno Rang-lista-studenata-brucosa-koji-su-se-prijavili-za-smjestaj-u-Studentski-centar-Sveucilista-u-Mostaru-za-akademsku-2025.2026-godinu (3).\"><\/object><a id=\"wp-block-file--media-4a669129-526f-4dca-a231-12131d57171e\" href=\"https:\/\/radioljubuski.ba\/wp-content\/uploads\/2025\/09\/Rang-lista-studenata-brucosa-koji-su-se-prijavili-za-smjestaj-u-Studentski-centar-Sveucilista-u-Mostaru-za-akademsku-2025.2026-godinu-3.pdf\">Rang-lista-studenata-brucosa-koji-su-se-prijavili-za-smjestaj-u-Studentski-centar-Sveucilista-u-Mostaru-za-akademsku-2025.2026-godinu (3)<\/a><a href=\"https:\/\/radioljubuski.ba\/wp-content\/uploads\/2025\/09\/Rang-lista-studenata-brucosa-koji-su-se-prijavili-za-smjestaj-u-Studentski-centar-Sveucilista-u-Mostaru-za-akademsku-2025.2026-godinu-3.pdf\" class=\"wp-block-file__button wp-element-button\" download aria-describedby=\"wp-block-file--media-4a669129-526f-4dca-a231-12131d57171e\">Preuzmi<\/a><\/div>\n\n\n\n<p><\/p>\n\n\n\n<p>Izvor: Pogled.ba<\/p>\n","protected":false},"excerpt":{"rendered":"<p>Studentski centar Sveu\u010dili\u0161ta u Mostaru objavio je popis bruco\u0161a koji su dobili smje\u0161taj u dolaze\u0107oj akademskoj godini. Od 255 prijavljenih, njih 120 je dobilo smje\u0161taj u Studentskom centru Sveu\u010dili\u0161ta u Mostaru, a ravnateljica ove institucije Anita Glibi\u0107 je istaknula kako je i ove godine zabilje\u017een rekordan broj prijava. -Ponovo imamo vi\u0161e nego dvostruko prijava u [&hellip;]<\/p>\n","protected":false},"author":2,"featured_media":207927,"comment_status":"closed","ping_status":"closed","sticky":false,"template":"","format":"standard","meta":{"h5ap_radio_sources":[],"footnotes":""},"categories":[1],"tags":[],"class_list":["post-220786","post","type-post","status-publish","format-standard","has-post-thumbnail","hentry","category-bihiregija"],"yoast_head":"<!-- This site is optimized with the Yoast SEO plugin v27.5 - https:\/\/yoast.com\/product\/yoast-seo-wordpress\/ -->\n<title>DONOSIMO POPIS: 120 bruco\u0161a dobilo smje\u0161taj u Studentskom centru Sveu\u010dili\u0161ta u Mostaru - RADIO LJUBU\u0160KI<\/title>\n<meta name=\"robots\" content=\"index, follow, max-snippet:-1, max-image-preview:large, max-video-preview:-1\" \/>\n<link rel=\"canonical\" href=\"https:\/\/radioljubuski.ba\/index.php\/2025\/09\/23\/donosimo-popis-120-brucosa-dobilo-smjestaj-u-studentskom-centru-sveucilista-u-mostaru\/\" \/>\n<meta property=\"og:locale\" content=\"hr_HR\" \/>\n<meta property=\"og:type\" content=\"article\" \/>\n<meta property=\"og:title\" content=\"DONOSIMO POPIS: 120 bruco\u0161a dobilo smje\u0161taj u Studentskom centru Sveu\u010dili\u0161ta u Mostaru - RADIO LJUBU\u0160KI\" \/>\n<meta property=\"og:description\" content=\"Studentski centar Sveu\u010dili\u0161ta u Mostaru objavio je popis bruco\u0161a koji su dobili smje\u0161taj u dolaze\u0107oj akademskoj godini. Od 255 prijavljenih, njih 120 je dobilo smje\u0161taj u Studentskom centru Sveu\u010dili\u0161ta u Mostaru, a ravnateljica ove institucije Anita Glibi\u0107 je istaknula kako je i ove godine zabilje\u017een rekordan broj prijava. -Ponovo imamo vi\u0161e nego dvostruko prijava u [&hellip;]\" \/>\n<meta property=\"og:url\" content=\"https:\/\/radioljubuski.ba\/index.php\/2025\/09\/23\/donosimo-popis-120-brucosa-dobilo-smjestaj-u-studentskom-centru-sveucilista-u-mostaru\/\" \/>\n<meta property=\"og:site_name\" content=\"RADIO LJUBU\u0160KI\" \/>\n<meta property=\"article:publisher\" content=\"https:\/\/www.facebook.com\/Radiio-Ljubuski-1490835324566332\" \/>\n<meta property=\"article:published_time\" content=\"2025-09-23T09:32:42+00:00\" \/>\n<meta property=\"article:modified_time\" content=\"2025-09-23T09:32:43+00:00\" \/>\n<meta property=\"og:image\" content=\"https:\/\/radioljubuski.ba\/wp-content\/uploads\/2024\/08\/scm.png\" \/>\n\t<meta property=\"og:image:width\" content=\"864\" \/>\n\t<meta property=\"og:image:height\" content=\"864\" \/>\n\t<meta property=\"og:image:type\" content=\"image\/png\" \/>\n<meta name=\"author\" content=\"Radio Ljubu\u0161ki\" \/>\n<meta name=\"twitter:card\" content=\"summary_large_image\" \/>\n<meta name=\"twitter:creator\" content=\"@radioljubuski\" \/>\n<meta name=\"twitter:site\" content=\"@radioljubuski\" \/>\n<meta name=\"twitter:label1\" content=\"Napisao\/la\" \/>\n\t<meta name=\"twitter:data1\" content=\"Radio Ljubu\u0161ki\" \/>\n\t<meta name=\"twitter:label2\" content=\"Procijenjeno vrijeme \u010ditanja\" \/>\n\t<meta name=\"twitter:data2\" content=\"3 minute\" \/>\n<script type=\"application\/ld+json\" class=\"yoast-schema-graph\">{\"@context\":\"https:\\\/\\\/schema.org\",\"@graph\":[{\"@type\":\"Article\",\"@id\":\"https:\\\/\\\/radioljubuski.ba\\\/index.php\\\/2025\\\/09\\\/23\\\/donosimo-popis-120-brucosa-dobilo-smjestaj-u-studentskom-centru-sveucilista-u-mostaru\\\/#article\",\"isPartOf\":{\"@id\":\"https:\\\/\\\/radioljubuski.ba\\\/index.php\\\/2025\\\/09\\\/23\\\/donosimo-popis-120-brucosa-dobilo-smjestaj-u-studentskom-centru-sveucilista-u-mostaru\\\/\"},\"author\":{\"name\":\"Radio Ljubu\u0161ki\",\"@id\":\"https:\\\/\\\/radioljubuski.ba\\\/#\\\/schema\\\/person\\\/19fc700381a780f69665d7956c469e3b\"},\"headline\":\"DONOSIMO POPIS: 120 bruco\u0161a dobilo smje\u0161taj u Studentskom centru Sveu\u010dili\u0161ta u Mostaru\",\"datePublished\":\"2025-09-23T09:32:42+00:00\",\"dateModified\":\"2025-09-23T09:32:43+00:00\",\"mainEntityOfPage\":{\"@id\":\"https:\\\/\\\/radioljubuski.ba\\\/index.php\\\/2025\\\/09\\\/23\\\/donosimo-popis-120-brucosa-dobilo-smjestaj-u-studentskom-centru-sveucilista-u-mostaru\\\/\"},\"wordCount\":456,\"publisher\":{\"@id\":\"https:\\\/\\\/radioljubuski.ba\\\/#organization\"},\"image\":{\"@id\":\"https:\\\/\\\/radioljubuski.ba\\\/index.php\\\/2025\\\/09\\\/23\\\/donosimo-popis-120-brucosa-dobilo-smjestaj-u-studentskom-centru-sveucilista-u-mostaru\\\/#primaryimage\"},\"thumbnailUrl\":\"https:\\\/\\\/radioljubuski.ba\\\/wp-content\\\/uploads\\\/2024\\\/08\\\/scm.png\",\"articleSection\":[\"BIH i regija\"],\"inLanguage\":\"hr\"},{\"@type\":\"WebPage\",\"@id\":\"https:\\\/\\\/radioljubuski.ba\\\/index.php\\\/2025\\\/09\\\/23\\\/donosimo-popis-120-brucosa-dobilo-smjestaj-u-studentskom-centru-sveucilista-u-mostaru\\\/\",\"url\":\"https:\\\/\\\/radioljubuski.ba\\\/index.php\\\/2025\\\/09\\\/23\\\/donosimo-popis-120-brucosa-dobilo-smjestaj-u-studentskom-centru-sveucilista-u-mostaru\\\/\",\"name\":\"DONOSIMO POPIS: 120 bruco\u0161a dobilo smje\u0161taj u Studentskom centru Sveu\u010dili\u0161ta u Mostaru - RADIO LJUBU\u0160KI\",\"isPartOf\":{\"@id\":\"https:\\\/\\\/radioljubuski.ba\\\/#website\"},\"primaryImageOfPage\":{\"@id\":\"https:\\\/\\\/radioljubuski.ba\\\/index.php\\\/2025\\\/09\\\/23\\\/donosimo-popis-120-brucosa-dobilo-smjestaj-u-studentskom-centru-sveucilista-u-mostaru\\\/#primaryimage\"},\"image\":{\"@id\":\"https:\\\/\\\/radioljubuski.ba\\\/index.php\\\/2025\\\/09\\\/23\\\/donosimo-popis-120-brucosa-dobilo-smjestaj-u-studentskom-centru-sveucilista-u-mostaru\\\/#primaryimage\"},\"thumbnailUrl\":\"https:\\\/\\\/radioljubuski.ba\\\/wp-content\\\/uploads\\\/2024\\\/08\\\/scm.png\",\"datePublished\":\"2025-09-23T09:32:42+00:00\",\"dateModified\":\"2025-09-23T09:32:43+00:00\",\"breadcrumb\":{\"@id\":\"https:\\\/\\\/radioljubuski.ba\\\/index.php\\\/2025\\\/09\\\/23\\\/donosimo-popis-120-brucosa-dobilo-smjestaj-u-studentskom-centru-sveucilista-u-mostaru\\\/#breadcrumb\"},\"inLanguage\":\"hr\",\"potentialAction\":[{\"@type\":\"ReadAction\",\"target\":[\"https:\\\/\\\/radioljubuski.ba\\\/index.php\\\/2025\\\/09\\\/23\\\/donosimo-popis-120-brucosa-dobilo-smjestaj-u-studentskom-centru-sveucilista-u-mostaru\\\/\"]}]},{\"@type\":\"ImageObject\",\"inLanguage\":\"hr\",\"@id\":\"https:\\\/\\\/radioljubuski.ba\\\/index.php\\\/2025\\\/09\\\/23\\\/donosimo-popis-120-brucosa-dobilo-smjestaj-u-studentskom-centru-sveucilista-u-mostaru\\\/#primaryimage\",\"url\":\"https:\\\/\\\/radioljubuski.ba\\\/wp-content\\\/uploads\\\/2024\\\/08\\\/scm.png\",\"contentUrl\":\"https:\\\/\\\/radioljubuski.ba\\\/wp-content\\\/uploads\\\/2024\\\/08\\\/scm.png\",\"width\":864,\"height\":864},{\"@type\":\"BreadcrumbList\",\"@id\":\"https:\\\/\\\/radioljubuski.ba\\\/index.php\\\/2025\\\/09\\\/23\\\/donosimo-popis-120-brucosa-dobilo-smjestaj-u-studentskom-centru-sveucilista-u-mostaru\\\/#breadcrumb\",\"itemListElement\":[{\"@type\":\"ListItem\",\"position\":1,\"name\":\"Po\u010detna stranica\",\"item\":\"https:\\\/\\\/radioljubuski.ba\\\/\"},{\"@type\":\"ListItem\",\"position\":2,\"name\":\"DONOSIMO POPIS: 120 bruco\u0161a dobilo smje\u0161taj u Studentskom centru Sveu\u010dili\u0161ta u Mostaru\"}]},{\"@type\":\"WebSite\",\"@id\":\"https:\\\/\\\/radioljubuski.ba\\\/#website\",\"url\":\"https:\\\/\\\/radioljubuski.ba\\\/\",\"name\":\"Radio Ljubu\u0161ki\",\"description\":\"Sun\u010dana frekvencija Hercegovine\",\"publisher\":{\"@id\":\"https:\\\/\\\/radioljubuski.ba\\\/#organization\"},\"potentialAction\":[{\"@type\":\"SearchAction\",\"target\":{\"@type\":\"EntryPoint\",\"urlTemplate\":\"https:\\\/\\\/radioljubuski.ba\\\/?s={search_term_string}\"},\"query-input\":{\"@type\":\"PropertyValueSpecification\",\"valueRequired\":true,\"valueName\":\"search_term_string\"}}],\"inLanguage\":\"hr\"},{\"@type\":\"Organization\",\"@id\":\"https:\\\/\\\/radioljubuski.ba\\\/#organization\",\"name\":\"Radio Ljubu\u0161ki\",\"url\":\"https:\\\/\\\/radioljubuski.ba\\\/\",\"logo\":{\"@type\":\"ImageObject\",\"inLanguage\":\"hr\",\"@id\":\"https:\\\/\\\/radioljubuski.ba\\\/#\\\/schema\\\/logo\\\/image\\\/\",\"url\":\"https:\\\/\\\/radioljubuski.ba\\\/wp-content\\\/uploads\\\/2021\\\/02\\\/cropped-Radio_Ljubuski_logo1.jpg\",\"contentUrl\":\"https:\\\/\\\/radioljubuski.ba\\\/wp-content\\\/uploads\\\/2021\\\/02\\\/cropped-Radio_Ljubuski_logo1.jpg\",\"width\":512,\"height\":512,\"caption\":\"Radio Ljubu\u0161ki\"},\"image\":{\"@id\":\"https:\\\/\\\/radioljubuski.ba\\\/#\\\/schema\\\/logo\\\/image\\\/\"},\"sameAs\":[\"https:\\\/\\\/www.facebook.com\\\/Radiio-Ljubuski-1490835324566332\",\"https:\\\/\\\/x.com\\\/radioljubuski\",\"https:\\\/\\\/hr.linkedin.com\\\/company\\\/radio-ljubuski\",\"https:\\\/\\\/www.youtube.com\\\/channel\\\/UCHYaeO_n0Db3tjNGudGpXyw\"]},{\"@type\":\"Person\",\"@id\":\"https:\\\/\\\/radioljubuski.ba\\\/#\\\/schema\\\/person\\\/19fc700381a780f69665d7956c469e3b\",\"name\":\"Radio Ljubu\u0161ki\"}]}<\/script>\n<!-- \/ Yoast SEO plugin. -->","yoast_head_json":{"title":"DONOSIMO POPIS: 120 bruco\u0161a dobilo smje\u0161taj u Studentskom centru Sveu\u010dili\u0161ta u Mostaru - RADIO LJUBU\u0160KI","robots":{"index":"index","follow":"follow","max-snippet":"max-snippet:-1","max-image-preview":"max-image-preview:large","max-video-preview":"max-video-preview:-1"},"canonical":"https:\/\/radioljubuski.ba\/index.php\/2025\/09\/23\/donosimo-popis-120-brucosa-dobilo-smjestaj-u-studentskom-centru-sveucilista-u-mostaru\/","og_locale":"hr_HR","og_type":"article","og_title":"DONOSIMO POPIS: 120 bruco\u0161a dobilo smje\u0161taj u Studentskom centru Sveu\u010dili\u0161ta u Mostaru - RADIO LJUBU\u0160KI","og_description":"Studentski centar Sveu\u010dili\u0161ta u Mostaru objavio je popis bruco\u0161a koji su dobili smje\u0161taj u dolaze\u0107oj akademskoj godini. Od 255 prijavljenih, njih 120 je dobilo smje\u0161taj u Studentskom centru Sveu\u010dili\u0161ta u Mostaru, a ravnateljica ove institucije Anita Glibi\u0107 je istaknula kako je i ove godine zabilje\u017een rekordan broj prijava. -Ponovo imamo vi\u0161e nego dvostruko prijava u [&hellip;]","og_url":"https:\/\/radioljubuski.ba\/index.php\/2025\/09\/23\/donosimo-popis-120-brucosa-dobilo-smjestaj-u-studentskom-centru-sveucilista-u-mostaru\/","og_site_name":"RADIO LJUBU\u0160KI","article_publisher":"https:\/\/www.facebook.com\/Radiio-Ljubuski-1490835324566332","article_published_time":"2025-09-23T09:32:42+00:00","article_modified_time":"2025-09-23T09:32:43+00:00","og_image":[{"width":864,"height":864,"url":"https:\/\/radioljubuski.ba\/wp-content\/uploads\/2024\/08\/scm.png","type":"image\/png"}],"author":"Radio Ljubu\u0161ki","twitter_card":"summary_large_image","twitter_creator":"@radioljubuski","twitter_site":"@radioljubuski","twitter_misc":{"Napisao\/la":"Radio Ljubu\u0161ki","Procijenjeno vrijeme \u010ditanja":"3 minute"},"schema":{"@context":"https:\/\/schema.org","@graph":[{"@type":"Article","@id":"https:\/\/radioljubuski.ba\/index.php\/2025\/09\/23\/donosimo-popis-120-brucosa-dobilo-smjestaj-u-studentskom-centru-sveucilista-u-mostaru\/#article","isPartOf":{"@id":"https:\/\/radioljubuski.ba\/index.php\/2025\/09\/23\/donosimo-popis-120-brucosa-dobilo-smjestaj-u-studentskom-centru-sveucilista-u-mostaru\/"},"author":{"name":"Radio Ljubu\u0161ki","@id":"https:\/\/radioljubuski.ba\/#\/schema\/person\/19fc700381a780f69665d7956c469e3b"},"headline":"DONOSIMO POPIS: 120 bruco\u0161a dobilo smje\u0161taj u Studentskom centru Sveu\u010dili\u0161ta u Mostaru","datePublished":"2025-09-23T09:32:42+00:00","dateModified":"2025-09-23T09:32:43+00:00","mainEntityOfPage":{"@id":"https:\/\/radioljubuski.ba\/index.php\/2025\/09\/23\/donosimo-popis-120-brucosa-dobilo-smjestaj-u-studentskom-centru-sveucilista-u-mostaru\/"},"wordCount":456,"publisher":{"@id":"https:\/\/radioljubuski.ba\/#organization"},"image":{"@id":"https:\/\/radioljubuski.ba\/index.php\/2025\/09\/23\/donosimo-popis-120-brucosa-dobilo-smjestaj-u-studentskom-centru-sveucilista-u-mostaru\/#primaryimage"},"thumbnailUrl":"https:\/\/radioljubuski.ba\/wp-content\/uploads\/2024\/08\/scm.png","articleSection":["BIH i regija"],"inLanguage":"hr"},{"@type":"WebPage","@id":"https:\/\/radioljubuski.ba\/index.php\/2025\/09\/23\/donosimo-popis-120-brucosa-dobilo-smjestaj-u-studentskom-centru-sveucilista-u-mostaru\/","url":"https:\/\/radioljubuski.ba\/index.php\/2025\/09\/23\/donosimo-popis-120-brucosa-dobilo-smjestaj-u-studentskom-centru-sveucilista-u-mostaru\/","name":"DONOSIMO POPIS: 120 bruco\u0161a dobilo smje\u0161taj u Studentskom centru Sveu\u010dili\u0161ta u Mostaru - RADIO LJUBU\u0160KI","isPartOf":{"@id":"https:\/\/radioljubuski.ba\/#website"},"primaryImageOfPage":{"@id":"https:\/\/radioljubuski.ba\/index.php\/2025\/09\/23\/donosimo-popis-120-brucosa-dobilo-smjestaj-u-studentskom-centru-sveucilista-u-mostaru\/#primaryimage"},"image":{"@id":"https:\/\/radioljubuski.ba\/index.php\/2025\/09\/23\/donosimo-popis-120-brucosa-dobilo-smjestaj-u-studentskom-centru-sveucilista-u-mostaru\/#primaryimage"},"thumbnailUrl":"https:\/\/radioljubuski.ba\/wp-content\/uploads\/2024\/08\/scm.png","datePublished":"2025-09-23T09:32:42+00:00","dateModified":"2025-09-23T09:32:43+00:00","breadcrumb":{"@id":"https:\/\/radioljubuski.ba\/index.php\/2025\/09\/23\/donosimo-popis-120-brucosa-dobilo-smjestaj-u-studentskom-centru-sveucilista-u-mostaru\/#breadcrumb"},"inLanguage":"hr","potentialAction":[{"@type":"ReadAction","target":["https:\/\/radioljubuski.ba\/index.php\/2025\/09\/23\/donosimo-popis-120-brucosa-dobilo-smjestaj-u-studentskom-centru-sveucilista-u-mostaru\/"]}]},{"@type":"ImageObject","inLanguage":"hr","@id":"https:\/\/radioljubuski.ba\/index.php\/2025\/09\/23\/donosimo-popis-120-brucosa-dobilo-smjestaj-u-studentskom-centru-sveucilista-u-mostaru\/#primaryimage","url":"https:\/\/radioljubuski.ba\/wp-content\/uploads\/2024\/08\/scm.png","contentUrl":"https:\/\/radioljubuski.ba\/wp-content\/uploads\/2024\/08\/scm.png","width":864,"height":864},{"@type":"BreadcrumbList","@id":"https:\/\/radioljubuski.ba\/index.php\/2025\/09\/23\/donosimo-popis-120-brucosa-dobilo-smjestaj-u-studentskom-centru-sveucilista-u-mostaru\/#breadcrumb","itemListElement":[{"@type":"ListItem","position":1,"name":"Po\u010detna stranica","item":"https:\/\/radioljubuski.ba\/"},{"@type":"ListItem","position":2,"name":"DONOSIMO POPIS: 120 bruco\u0161a dobilo smje\u0161taj u Studentskom centru Sveu\u010dili\u0161ta u Mostaru"}]},{"@type":"WebSite","@id":"https:\/\/radioljubuski.ba\/#website","url":"https:\/\/radioljubuski.ba\/","name":"Radio Ljubu\u0161ki","description":"Sun\u010dana frekvencija Hercegovine","publisher":{"@id":"https:\/\/radioljubuski.ba\/#organization"},"potentialAction":[{"@type":"SearchAction","target":{"@type":"EntryPoint","urlTemplate":"https:\/\/radioljubuski.ba\/?s={search_term_string}"},"query-input":{"@type":"PropertyValueSpecification","valueRequired":true,"valueName":"search_term_string"}}],"inLanguage":"hr"},{"@type":"Organization","@id":"https:\/\/radioljubuski.ba\/#organization","name":"Radio Ljubu\u0161ki","url":"https:\/\/radioljubuski.ba\/","logo":{"@type":"ImageObject","inLanguage":"hr","@id":"https:\/\/radioljubuski.ba\/#\/schema\/logo\/image\/","url":"https:\/\/radioljubuski.ba\/wp-content\/uploads\/2021\/02\/cropped-Radio_Ljubuski_logo1.jpg","contentUrl":"https:\/\/radioljubuski.ba\/wp-content\/uploads\/2021\/02\/cropped-Radio_Ljubuski_logo1.jpg","width":512,"height":512,"caption":"Radio Ljubu\u0161ki"},"image":{"@id":"https:\/\/radioljubuski.ba\/#\/schema\/logo\/image\/"},"sameAs":["https:\/\/www.facebook.com\/Radiio-Ljubuski-1490835324566332","https:\/\/x.com\/radioljubuski","https:\/\/hr.linkedin.com\/company\/radio-ljubuski","https:\/\/www.youtube.com\/channel\/UCHYaeO_n0Db3tjNGudGpXyw"]},{"@type":"Person","@id":"https:\/\/radioljubuski.ba\/#\/schema\/person\/19fc700381a780f69665d7956c469e3b","name":"Radio Ljubu\u0161ki"}]}},"_links":{"self":[{"href":"https:\/\/radioljubuski.ba\/index.php\/wp-json\/wp\/v2\/posts\/220786","targetHints":{"allow":["GET"]}}],"collection":[{"href":"https:\/\/radioljubuski.ba\/index.php\/wp-json\/wp\/v2\/posts"}],"about":[{"href":"https:\/\/radioljubuski.ba\/index.php\/wp-json\/wp\/v2\/types\/post"}],"author":[{"embeddable":true,"href":"https:\/\/radioljubuski.ba\/index.php\/wp-json\/wp\/v2\/users\/2"}],"replies":[{"embeddable":true,"href":"https:\/\/radioljubuski.ba\/index.php\/wp-json\/wp\/v2\/comments?post=220786"}],"version-history":[{"count":2,"href":"https:\/\/radioljubuski.ba\/index.php\/wp-json\/wp\/v2\/posts\/220786\/revisions"}],"predecessor-version":[{"id":220789,"href":"https:\/\/radioljubuski.ba\/index.php\/wp-json\/wp\/v2\/posts\/220786\/revisions\/220789"}],"wp:featuredmedia":[{"embeddable":true,"href":"https:\/\/radioljubuski.ba\/index.php\/wp-json\/wp\/v2\/media\/207927"}],"wp:attachment":[{"href":"https:\/\/radioljubuski.ba\/index.php\/wp-json\/wp\/v2\/media?parent=220786"}],"wp:term":[{"taxonomy":"category","embeddable":true,"href":"https:\/\/radioljubuski.ba\/index.php\/wp-json\/wp\/v2\/categories?post=220786"},{"taxonomy":"post_tag","embeddable":true,"href":"https:\/\/radioljubuski.ba\/index.php\/wp-json\/wp\/v2\/tags?post=220786"}],"curies":[{"name":"wp","href":"https:\/\/api.w.org\/{rel}","templated":true}]}}