{"id":220846,"date":"2025-09-26T08:25:59","date_gmt":"2025-09-26T07:25:59","guid":{"rendered":"https:\/\/radioljubuski.ba\/?p=220846"},"modified":"2025-09-26T08:26:02","modified_gmt":"2025-09-26T07:26:02","slug":"interreg-rise-up-poziv-na-radionicu-o-zdravim-stilovima-zivota","status":"publish","type":"post","link":"https:\/\/radioljubuski.ba\/index.php\/2025\/09\/26\/interreg-rise-up-poziv-na-radionicu-o-zdravim-stilovima-zivota\/","title":{"rendered":"Interreg RISE-UP &#8211; Poziv na radionicu o zdravim stilovima \u017eivota"},"content":{"rendered":"\n<p>Po\u0161tovani sugra\u0111ani, dragi prijatelji,<\/p>\n\n\n\n<p>ovim putem Vas \u017eelimo pozvati na radionicu o zdravim stilovima \u017eivota, koju na\u0161a zdravstvena ustanova organizira u sklopu projektnih aktivnosti RISE-UP projekta prekograni\u010dne suradnje iz Programa Interreg IPA.<\/p>\n\n\n\n<p><a><\/a>Radionica \u0107e se odr\u017eati u utorak, 30. rujna 2025. godine s po\u010detkom u 12.00h u Hotelu Bigeste u Ljubu\u0161kom (dvorana pored ulaza na recepciju).<\/p>\n\n\n\n<p>Ovaj projekt se primarno bavi pobolj\u0161anjem primarne zdravstvene za\u0161tite, a organizacijom ove radionice \u017eelimo jo\u0161 jednom naglasiti va\u017enost zdrave prehrane, fizi\u010dke aktivnosti, kvalitetnog sna, kao i ostalih postupaka kojima smanjujemo razinu stresa i na taj na\u010din preveniramo brojne te\u0161ke bolesti.<\/p>\n\n\n\n<p>Na radionici \u0107ete mo\u0107i \u010duti izlaganja nutricionista, fitness trenera i psihologa na gore navedene teme, pa se nadamo da \u0107e Vam biti korisno i zanimljivo.<\/p>\n\n\n\n<p>Vidimo se.<\/p>\n\n\n\n<p>Uprava JU DZ Ljubu\u0161ki<\/p>\n","protected":false},"excerpt":{"rendered":"<p>Po\u0161tovani sugra\u0111ani, dragi prijatelji, ovim putem Vas \u017eelimo pozvati na radionicu o zdravim stilovima \u017eivota, koju na\u0161a zdravstvena ustanova organizira u sklopu projektnih aktivnosti RISE-UP projekta prekograni\u010dne suradnje iz Programa Interreg IPA. Radionica \u0107e se odr\u017eati u utorak, 30. rujna 2025. godine s po\u010detkom u 12.00h u Hotelu Bigeste u Ljubu\u0161kom (dvorana pored ulaza na [&hellip;]<\/p>\n","protected":false},"author":2,"featured_media":208380,"comment_status":"closed","ping_status":"closed","sticky":false,"template":"","format":"standard","meta":{"h5ap_radio_sources":[],"footnotes":""},"categories":[3],"tags":[],"class_list":["post-220846","post","type-post","status-publish","format-standard","has-post-thumbnail","hentry","category-ljubuski"],"yoast_head":"<!-- This site is optimized with the Yoast SEO plugin v27.5 - https:\/\/yoast.com\/product\/yoast-seo-wordpress\/ -->\n<title>Interreg RISE-UP - Poziv na radionicu o zdravim stilovima \u017eivota - RADIO LJUBU\u0160KI<\/title>\n<meta name=\"robots\" content=\"index, follow, max-snippet:-1, max-image-preview:large, max-video-preview:-1\" \/>\n<link rel=\"canonical\" href=\"https:\/\/radioljubuski.ba\/index.php\/2025\/09\/26\/interreg-rise-up-poziv-na-radionicu-o-zdravim-stilovima-zivota\/\" \/>\n<meta property=\"og:locale\" content=\"hr_HR\" \/>\n<meta property=\"og:type\" content=\"article\" \/>\n<meta property=\"og:title\" content=\"Interreg RISE-UP - Poziv na radionicu o zdravim stilovima \u017eivota - RADIO LJUBU\u0160KI\" \/>\n<meta property=\"og:description\" content=\"Po\u0161tovani sugra\u0111ani, dragi prijatelji, ovim putem Vas \u017eelimo pozvati na radionicu o zdravim stilovima \u017eivota, koju na\u0161a zdravstvena ustanova organizira u sklopu projektnih aktivnosti RISE-UP projekta prekograni\u010dne suradnje iz Programa Interreg IPA. Radionica \u0107e se odr\u017eati u utorak, 30. rujna 2025. godine s po\u010detkom u 12.00h u Hotelu Bigeste u Ljubu\u0161kom (dvorana pored ulaza na [&hellip;]\" \/>\n<meta property=\"og:url\" content=\"https:\/\/radioljubuski.ba\/index.php\/2025\/09\/26\/interreg-rise-up-poziv-na-radionicu-o-zdravim-stilovima-zivota\/\" \/>\n<meta property=\"og:site_name\" content=\"RADIO LJUBU\u0160KI\" \/>\n<meta property=\"article:publisher\" content=\"https:\/\/www.facebook.com\/Radiio-Ljubuski-1490835324566332\" \/>\n<meta property=\"article:published_time\" content=\"2025-09-26T07:25:59+00:00\" \/>\n<meta property=\"article:modified_time\" content=\"2025-09-26T07:26:02+00:00\" \/>\n<meta property=\"og:image\" content=\"https:\/\/radioljubuski.ba\/wp-content\/uploads\/2024\/09\/dom-zdravlja-ljubuski-radio-ljubuski.jpg\" \/>\n\t<meta property=\"og:image:width\" content=\"1080\" \/>\n\t<meta property=\"og:image:height\" content=\"1920\" \/>\n\t<meta property=\"og:image:type\" content=\"image\/jpeg\" \/>\n<meta name=\"author\" content=\"Radio Ljubu\u0161ki\" \/>\n<meta name=\"twitter:card\" content=\"summary_large_image\" \/>\n<meta name=\"twitter:creator\" content=\"@radioljubuski\" \/>\n<meta name=\"twitter:site\" content=\"@radioljubuski\" \/>\n<meta name=\"twitter:label1\" content=\"Napisao\/la\" \/>\n\t<meta name=\"twitter:data1\" content=\"Radio Ljubu\u0161ki\" \/>\n\t<meta name=\"twitter:label2\" content=\"Procijenjeno vrijeme \u010ditanja\" \/>\n\t<meta name=\"twitter:data2\" content=\"1 minuta\" \/>\n<script type=\"application\/ld+json\" class=\"yoast-schema-graph\">{\"@context\":\"https:\\\/\\\/schema.org\",\"@graph\":[{\"@type\":\"Article\",\"@id\":\"https:\\\/\\\/radioljubuski.ba\\\/index.php\\\/2025\\\/09\\\/26\\\/interreg-rise-up-poziv-na-radionicu-o-zdravim-stilovima-zivota\\\/#article\",\"isPartOf\":{\"@id\":\"https:\\\/\\\/radioljubuski.ba\\\/index.php\\\/2025\\\/09\\\/26\\\/interreg-rise-up-poziv-na-radionicu-o-zdravim-stilovima-zivota\\\/\"},\"author\":{\"name\":\"Radio Ljubu\u0161ki\",\"@id\":\"https:\\\/\\\/radioljubuski.ba\\\/#\\\/schema\\\/person\\\/19fc700381a780f69665d7956c469e3b\"},\"headline\":\"Interreg RISE-UP &#8211; Poziv na radionicu o zdravim stilovima \u017eivota\",\"datePublished\":\"2025-09-26T07:25:59+00:00\",\"dateModified\":\"2025-09-26T07:26:02+00:00\",\"mainEntityOfPage\":{\"@id\":\"https:\\\/\\\/radioljubuski.ba\\\/index.php\\\/2025\\\/09\\\/26\\\/interreg-rise-up-poziv-na-radionicu-o-zdravim-stilovima-zivota\\\/\"},\"wordCount\":150,\"publisher\":{\"@id\":\"https:\\\/\\\/radioljubuski.ba\\\/#organization\"},\"image\":{\"@id\":\"https:\\\/\\\/radioljubuski.ba\\\/index.php\\\/2025\\\/09\\\/26\\\/interreg-rise-up-poziv-na-radionicu-o-zdravim-stilovima-zivota\\\/#primaryimage\"},\"thumbnailUrl\":\"https:\\\/\\\/radioljubuski.ba\\\/wp-content\\\/uploads\\\/2024\\\/09\\\/dom-zdravlja-ljubuski-radio-ljubuski.jpg\",\"articleSection\":[\"Ljubu\u0161ki\"],\"inLanguage\":\"hr\"},{\"@type\":\"WebPage\",\"@id\":\"https:\\\/\\\/radioljubuski.ba\\\/index.php\\\/2025\\\/09\\\/26\\\/interreg-rise-up-poziv-na-radionicu-o-zdravim-stilovima-zivota\\\/\",\"url\":\"https:\\\/\\\/radioljubuski.ba\\\/index.php\\\/2025\\\/09\\\/26\\\/interreg-rise-up-poziv-na-radionicu-o-zdravim-stilovima-zivota\\\/\",\"name\":\"Interreg RISE-UP - Poziv na radionicu o zdravim stilovima \u017eivota - RADIO LJUBU\u0160KI\",\"isPartOf\":{\"@id\":\"https:\\\/\\\/radioljubuski.ba\\\/#website\"},\"primaryImageOfPage\":{\"@id\":\"https:\\\/\\\/radioljubuski.ba\\\/index.php\\\/2025\\\/09\\\/26\\\/interreg-rise-up-poziv-na-radionicu-o-zdravim-stilovima-zivota\\\/#primaryimage\"},\"image\":{\"@id\":\"https:\\\/\\\/radioljubuski.ba\\\/index.php\\\/2025\\\/09\\\/26\\\/interreg-rise-up-poziv-na-radionicu-o-zdravim-stilovima-zivota\\\/#primaryimage\"},\"thumbnailUrl\":\"https:\\\/\\\/radioljubuski.ba\\\/wp-content\\\/uploads\\\/2024\\\/09\\\/dom-zdravlja-ljubuski-radio-ljubuski.jpg\",\"datePublished\":\"2025-09-26T07:25:59+00:00\",\"dateModified\":\"2025-09-26T07:26:02+00:00\",\"breadcrumb\":{\"@id\":\"https:\\\/\\\/radioljubuski.ba\\\/index.php\\\/2025\\\/09\\\/26\\\/interreg-rise-up-poziv-na-radionicu-o-zdravim-stilovima-zivota\\\/#breadcrumb\"},\"inLanguage\":\"hr\",\"potentialAction\":[{\"@type\":\"ReadAction\",\"target\":[\"https:\\\/\\\/radioljubuski.ba\\\/index.php\\\/2025\\\/09\\\/26\\\/interreg-rise-up-poziv-na-radionicu-o-zdravim-stilovima-zivota\\\/\"]}]},{\"@type\":\"ImageObject\",\"inLanguage\":\"hr\",\"@id\":\"https:\\\/\\\/radioljubuski.ba\\\/index.php\\\/2025\\\/09\\\/26\\\/interreg-rise-up-poziv-na-radionicu-o-zdravim-stilovima-zivota\\\/#primaryimage\",\"url\":\"https:\\\/\\\/radioljubuski.ba\\\/wp-content\\\/uploads\\\/2024\\\/09\\\/dom-zdravlja-ljubuski-radio-ljubuski.jpg\",\"contentUrl\":\"https:\\\/\\\/radioljubuski.ba\\\/wp-content\\\/uploads\\\/2024\\\/09\\\/dom-zdravlja-ljubuski-radio-ljubuski.jpg\",\"width\":1080,\"height\":1920},{\"@type\":\"BreadcrumbList\",\"@id\":\"https:\\\/\\\/radioljubuski.ba\\\/index.php\\\/2025\\\/09\\\/26\\\/interreg-rise-up-poziv-na-radionicu-o-zdravim-stilovima-zivota\\\/#breadcrumb\",\"itemListElement\":[{\"@type\":\"ListItem\",\"position\":1,\"name\":\"Po\u010detna stranica\",\"item\":\"https:\\\/\\\/radioljubuski.ba\\\/\"},{\"@type\":\"ListItem\",\"position\":2,\"name\":\"Interreg RISE-UP &#8211; Poziv na radionicu o zdravim stilovima \u017eivota\"}]},{\"@type\":\"WebSite\",\"@id\":\"https:\\\/\\\/radioljubuski.ba\\\/#website\",\"url\":\"https:\\\/\\\/radioljubuski.ba\\\/\",\"name\":\"Radio Ljubu\u0161ki\",\"description\":\"Sun\u010dana frekvencija Hercegovine\",\"publisher\":{\"@id\":\"https:\\\/\\\/radioljubuski.ba\\\/#organization\"},\"potentialAction\":[{\"@type\":\"SearchAction\",\"target\":{\"@type\":\"EntryPoint\",\"urlTemplate\":\"https:\\\/\\\/radioljubuski.ba\\\/?s={search_term_string}\"},\"query-input\":{\"@type\":\"PropertyValueSpecification\",\"valueRequired\":true,\"valueName\":\"search_term_string\"}}],\"inLanguage\":\"hr\"},{\"@type\":\"Organization\",\"@id\":\"https:\\\/\\\/radioljubuski.ba\\\/#organization\",\"name\":\"Radio Ljubu\u0161ki\",\"url\":\"https:\\\/\\\/radioljubuski.ba\\\/\",\"logo\":{\"@type\":\"ImageObject\",\"inLanguage\":\"hr\",\"@id\":\"https:\\\/\\\/radioljubuski.ba\\\/#\\\/schema\\\/logo\\\/image\\\/\",\"url\":\"https:\\\/\\\/radioljubuski.ba\\\/wp-content\\\/uploads\\\/2021\\\/02\\\/cropped-Radio_Ljubuski_logo1.jpg\",\"contentUrl\":\"https:\\\/\\\/radioljubuski.ba\\\/wp-content\\\/uploads\\\/2021\\\/02\\\/cropped-Radio_Ljubuski_logo1.jpg\",\"width\":512,\"height\":512,\"caption\":\"Radio Ljubu\u0161ki\"},\"image\":{\"@id\":\"https:\\\/\\\/radioljubuski.ba\\\/#\\\/schema\\\/logo\\\/image\\\/\"},\"sameAs\":[\"https:\\\/\\\/www.facebook.com\\\/Radiio-Ljubuski-1490835324566332\",\"https:\\\/\\\/x.com\\\/radioljubuski\",\"https:\\\/\\\/hr.linkedin.com\\\/company\\\/radio-ljubuski\",\"https:\\\/\\\/www.youtube.com\\\/channel\\\/UCHYaeO_n0Db3tjNGudGpXyw\"]},{\"@type\":\"Person\",\"@id\":\"https:\\\/\\\/radioljubuski.ba\\\/#\\\/schema\\\/person\\\/19fc700381a780f69665d7956c469e3b\",\"name\":\"Radio Ljubu\u0161ki\"}]}<\/script>\n<!-- \/ Yoast SEO plugin. -->","yoast_head_json":{"title":"Interreg RISE-UP - Poziv na radionicu o zdravim stilovima \u017eivota - RADIO LJUBU\u0160KI","robots":{"index":"index","follow":"follow","max-snippet":"max-snippet:-1","max-image-preview":"max-image-preview:large","max-video-preview":"max-video-preview:-1"},"canonical":"https:\/\/radioljubuski.ba\/index.php\/2025\/09\/26\/interreg-rise-up-poziv-na-radionicu-o-zdravim-stilovima-zivota\/","og_locale":"hr_HR","og_type":"article","og_title":"Interreg RISE-UP - Poziv na radionicu o zdravim stilovima \u017eivota - RADIO LJUBU\u0160KI","og_description":"Po\u0161tovani sugra\u0111ani, dragi prijatelji, ovim putem Vas \u017eelimo pozvati na radionicu o zdravim stilovima \u017eivota, koju na\u0161a zdravstvena ustanova organizira u sklopu projektnih aktivnosti RISE-UP projekta prekograni\u010dne suradnje iz Programa Interreg IPA. Radionica \u0107e se odr\u017eati u utorak, 30. rujna 2025. godine s po\u010detkom u 12.00h u Hotelu Bigeste u Ljubu\u0161kom (dvorana pored ulaza na [&hellip;]","og_url":"https:\/\/radioljubuski.ba\/index.php\/2025\/09\/26\/interreg-rise-up-poziv-na-radionicu-o-zdravim-stilovima-zivota\/","og_site_name":"RADIO LJUBU\u0160KI","article_publisher":"https:\/\/www.facebook.com\/Radiio-Ljubuski-1490835324566332","article_published_time":"2025-09-26T07:25:59+00:00","article_modified_time":"2025-09-26T07:26:02+00:00","og_image":[{"width":1080,"height":1920,"url":"https:\/\/radioljubuski.ba\/wp-content\/uploads\/2024\/09\/dom-zdravlja-ljubuski-radio-ljubuski.jpg","type":"image\/jpeg"}],"author":"Radio Ljubu\u0161ki","twitter_card":"summary_large_image","twitter_creator":"@radioljubuski","twitter_site":"@radioljubuski","twitter_misc":{"Napisao\/la":"Radio Ljubu\u0161ki","Procijenjeno vrijeme \u010ditanja":"1 minuta"},"schema":{"@context":"https:\/\/schema.org","@graph":[{"@type":"Article","@id":"https:\/\/radioljubuski.ba\/index.php\/2025\/09\/26\/interreg-rise-up-poziv-na-radionicu-o-zdravim-stilovima-zivota\/#article","isPartOf":{"@id":"https:\/\/radioljubuski.ba\/index.php\/2025\/09\/26\/interreg-rise-up-poziv-na-radionicu-o-zdravim-stilovima-zivota\/"},"author":{"name":"Radio Ljubu\u0161ki","@id":"https:\/\/radioljubuski.ba\/#\/schema\/person\/19fc700381a780f69665d7956c469e3b"},"headline":"Interreg RISE-UP &#8211; Poziv na radionicu o zdravim stilovima \u017eivota","datePublished":"2025-09-26T07:25:59+00:00","dateModified":"2025-09-26T07:26:02+00:00","mainEntityOfPage":{"@id":"https:\/\/radioljubuski.ba\/index.php\/2025\/09\/26\/interreg-rise-up-poziv-na-radionicu-o-zdravim-stilovima-zivota\/"},"wordCount":150,"publisher":{"@id":"https:\/\/radioljubuski.ba\/#organization"},"image":{"@id":"https:\/\/radioljubuski.ba\/index.php\/2025\/09\/26\/interreg-rise-up-poziv-na-radionicu-o-zdravim-stilovima-zivota\/#primaryimage"},"thumbnailUrl":"https:\/\/radioljubuski.ba\/wp-content\/uploads\/2024\/09\/dom-zdravlja-ljubuski-radio-ljubuski.jpg","articleSection":["Ljubu\u0161ki"],"inLanguage":"hr"},{"@type":"WebPage","@id":"https:\/\/radioljubuski.ba\/index.php\/2025\/09\/26\/interreg-rise-up-poziv-na-radionicu-o-zdravim-stilovima-zivota\/","url":"https:\/\/radioljubuski.ba\/index.php\/2025\/09\/26\/interreg-rise-up-poziv-na-radionicu-o-zdravim-stilovima-zivota\/","name":"Interreg RISE-UP - Poziv na radionicu o zdravim stilovima \u017eivota - RADIO LJUBU\u0160KI","isPartOf":{"@id":"https:\/\/radioljubuski.ba\/#website"},"primaryImageOfPage":{"@id":"https:\/\/radioljubuski.ba\/index.php\/2025\/09\/26\/interreg-rise-up-poziv-na-radionicu-o-zdravim-stilovima-zivota\/#primaryimage"},"image":{"@id":"https:\/\/radioljubuski.ba\/index.php\/2025\/09\/26\/interreg-rise-up-poziv-na-radionicu-o-zdravim-stilovima-zivota\/#primaryimage"},"thumbnailUrl":"https:\/\/radioljubuski.ba\/wp-content\/uploads\/2024\/09\/dom-zdravlja-ljubuski-radio-ljubuski.jpg","datePublished":"2025-09-26T07:25:59+00:00","dateModified":"2025-09-26T07:26:02+00:00","breadcrumb":{"@id":"https:\/\/radioljubuski.ba\/index.php\/2025\/09\/26\/interreg-rise-up-poziv-na-radionicu-o-zdravim-stilovima-zivota\/#breadcrumb"},"inLanguage":"hr","potentialAction":[{"@type":"ReadAction","target":["https:\/\/radioljubuski.ba\/index.php\/2025\/09\/26\/interreg-rise-up-poziv-na-radionicu-o-zdravim-stilovima-zivota\/"]}]},{"@type":"ImageObject","inLanguage":"hr","@id":"https:\/\/radioljubuski.ba\/index.php\/2025\/09\/26\/interreg-rise-up-poziv-na-radionicu-o-zdravim-stilovima-zivota\/#primaryimage","url":"https:\/\/radioljubuski.ba\/wp-content\/uploads\/2024\/09\/dom-zdravlja-ljubuski-radio-ljubuski.jpg","contentUrl":"https:\/\/radioljubuski.ba\/wp-content\/uploads\/2024\/09\/dom-zdravlja-ljubuski-radio-ljubuski.jpg","width":1080,"height":1920},{"@type":"BreadcrumbList","@id":"https:\/\/radioljubuski.ba\/index.php\/2025\/09\/26\/interreg-rise-up-poziv-na-radionicu-o-zdravim-stilovima-zivota\/#breadcrumb","itemListElement":[{"@type":"ListItem","position":1,"name":"Po\u010detna stranica","item":"https:\/\/radioljubuski.ba\/"},{"@type":"ListItem","position":2,"name":"Interreg RISE-UP &#8211; Poziv na radionicu o zdravim stilovima \u017eivota"}]},{"@type":"WebSite","@id":"https:\/\/radioljubuski.ba\/#website","url":"https:\/\/radioljubuski.ba\/","name":"Radio Ljubu\u0161ki","description":"Sun\u010dana frekvencija Hercegovine","publisher":{"@id":"https:\/\/radioljubuski.ba\/#organization"},"potentialAction":[{"@type":"SearchAction","target":{"@type":"EntryPoint","urlTemplate":"https:\/\/radioljubuski.ba\/?s={search_term_string}"},"query-input":{"@type":"PropertyValueSpecification","valueRequired":true,"valueName":"search_term_string"}}],"inLanguage":"hr"},{"@type":"Organization","@id":"https:\/\/radioljubuski.ba\/#organization","name":"Radio Ljubu\u0161ki","url":"https:\/\/radioljubuski.ba\/","logo":{"@type":"ImageObject","inLanguage":"hr","@id":"https:\/\/radioljubuski.ba\/#\/schema\/logo\/image\/","url":"https:\/\/radioljubuski.ba\/wp-content\/uploads\/2021\/02\/cropped-Radio_Ljubuski_logo1.jpg","contentUrl":"https:\/\/radioljubuski.ba\/wp-content\/uploads\/2021\/02\/cropped-Radio_Ljubuski_logo1.jpg","width":512,"height":512,"caption":"Radio Ljubu\u0161ki"},"image":{"@id":"https:\/\/radioljubuski.ba\/#\/schema\/logo\/image\/"},"sameAs":["https:\/\/www.facebook.com\/Radiio-Ljubuski-1490835324566332","https:\/\/x.com\/radioljubuski","https:\/\/hr.linkedin.com\/company\/radio-ljubuski","https:\/\/www.youtube.com\/channel\/UCHYaeO_n0Db3tjNGudGpXyw"]},{"@type":"Person","@id":"https:\/\/radioljubuski.ba\/#\/schema\/person\/19fc700381a780f69665d7956c469e3b","name":"Radio Ljubu\u0161ki"}]}},"_links":{"self":[{"href":"https:\/\/radioljubuski.ba\/index.php\/wp-json\/wp\/v2\/posts\/220846","targetHints":{"allow":["GET"]}}],"collection":[{"href":"https:\/\/radioljubuski.ba\/index.php\/wp-json\/wp\/v2\/posts"}],"about":[{"href":"https:\/\/radioljubuski.ba\/index.php\/wp-json\/wp\/v2\/types\/post"}],"author":[{"embeddable":true,"href":"https:\/\/radioljubuski.ba\/index.php\/wp-json\/wp\/v2\/users\/2"}],"replies":[{"embeddable":true,"href":"https:\/\/radioljubuski.ba\/index.php\/wp-json\/wp\/v2\/comments?post=220846"}],"version-history":[{"count":2,"href":"https:\/\/radioljubuski.ba\/index.php\/wp-json\/wp\/v2\/posts\/220846\/revisions"}],"predecessor-version":[{"id":220949,"href":"https:\/\/radioljubuski.ba\/index.php\/wp-json\/wp\/v2\/posts\/220846\/revisions\/220949"}],"wp:featuredmedia":[{"embeddable":true,"href":"https:\/\/radioljubuski.ba\/index.php\/wp-json\/wp\/v2\/media\/208380"}],"wp:attachment":[{"href":"https:\/\/radioljubuski.ba\/index.php\/wp-json\/wp\/v2\/media?parent=220846"}],"wp:term":[{"taxonomy":"category","embeddable":true,"href":"https:\/\/radioljubuski.ba\/index.php\/wp-json\/wp\/v2\/categories?post=220846"},{"taxonomy":"post_tag","embeddable":true,"href":"https:\/\/radioljubuski.ba\/index.php\/wp-json\/wp\/v2\/tags?post=220846"}],"curies":[{"name":"wp","href":"https:\/\/api.w.org\/{rel}","templated":true}]}}