{"id":220900,"date":"2025-09-29T12:22:27","date_gmt":"2025-09-29T11:22:27","guid":{"rendered":"https:\/\/radioljubuski.ba\/?p=220900"},"modified":"2025-09-29T12:25:51","modified_gmt":"2025-09-29T11:25:51","slug":"jednoglasno-usvojen-drugi-rebalans-proracuna-grada-ljubuskog-potpore-srednjoskolcima-i-studentima","status":"publish","type":"post","link":"https:\/\/radioljubuski.ba\/index.php\/2025\/09\/29\/jednoglasno-usvojen-drugi-rebalans-proracuna-grada-ljubuskog-potpore-srednjoskolcima-i-studentima\/","title":{"rendered":"Jednoglasno usvojen drugi rebalans Prora\u010duna Grada Ljubu\u0161kog, potpore srednjo\u0161kolcima i studentima"},"content":{"rendered":"\n<p>Vije\u0107nici Gradskog vije\u0107a Ljubu\u0161ki, na VIII. sjednici odr\u017eanoj u ponedjeljak, jednoglasno su usvojili drugi rebalans Prora\u010duna Grada Ljubu\u0161kog za 2025. godinu, koji je u odnosu na prvu izmjenu pove\u0107an za 800.000 KM te sada iznosi 24.797.000 KM.<\/p>\n\n\n\n<p>Prijedlog odluke o dodjeli jednokratnih potpora svim u\u010denicima prvih razreda srednjih \u0161kola tako\u0111er je jednoglasno podr\u017ean. Tako \u0107e po prvi put svi u\u010denici prvih razreda ljubu\u0161kih srednjih \u0161kola dobiti po 300 KM potpore. Osim toga, usvojene su i odluke o potporama bruco\u0161ima te studentima vi\u0161ih godina.<\/p>\n\n\n\n<p>Vije\u0107nici su, tako\u0111er jednoglasno, dali suglasnost na Rje\u0161enja Nadzornog odbora JP \u201eParkovi\u201c d.o.o., kojim se dosada\u0161nji direktor ovog javnog poduze\u0107a Nikica Vu\u010di\u0107, nakon provedenog javnog natje\u010daja, imenuje na novi mandat od \u010detiri godine.<\/p>\n\n\n\n<p>Prije samog po\u010detka sjednice, gradona\u010delnik Vedran Markoti\u0107, predsjednik Gradskog vije\u0107a Tihomir Kvesi\u0107 i gradski vije\u0107nici na Trgu dr. Franje Tu\u0111mana su odali po\u010dast pokojnim braniteljima povodom obilje\u017eavanja sv. Mihovila, za\u0161titnika vojske i policije.<\/p>\n\n\n\n<p>Na odr\u017eanoj sjednici ukupno je bila 21 to\u010dka dnevnog reda:<br>1. Usvajanje zapisnika sa VII. sjednice Gradskog vije\u0107a,<br>2. Aktualni sat (vije\u0107ni\u010dka pitanja, sugestije, prijedlozi i ostalo),<br>3. Prijedlog Odluke o izmjeni i dopuni Odluke o Prora\u010dunu Grada Ljubu\u0161kog za 2025. godinu,<br>4. Prijedlog Odluke o dodjeli jednokratne financijske potpore polaznicima prvih razreda srednjih \u0161kola na podru\u010dju Grada Ljubu\u0161kog za \u0161kolsku godinu 2025.\/2026.,<br>5. Prijedlog Odluke o dodjeli jednokratnih financijskih potpora bruco\u0161ima Grada Ljubu\u0161kog za akademsku 2025.\/2026. godinu,<br>6. Prijedlog Odluke o dodjeli jednokratnih financijskih potpora studentima vi\u0161ih godina Grada<br>Ljubu\u0161kog za akademsku 2025.\/2026. godinu,<br>7. Prijedlog Odluke o uvjetima, iznosu i postupku dodjele nov\u010danih potpora za uzgajiva\u010de goveda na podru\u010dju Grada Ljubu\u0161kog,<br>8. Prijedlog Odluke o pokretanju postupka o dodjeli koncesija za kori\u0161tenje poljoprivrednog<br>zemlji\u0161ta na podru\u010dju Grada Ljubu\u0161kog,<br>9. Prijedlog Rje\u0161enja o imenovanju Povjerenstva za provedbu postupka dodjele koncesija na<br>poljoprivrednom zemlji\u0161tu na podru\u010dju Grada Ljubu\u0161kog,<br>10. Prijedlog Rje\u0161enja o dodjeli koncesije za kori\u0161tenje zemlji\u0161ta u poljoprivredne svrhe:<br>a) SD Boro, vl. Borislav Ra\u0161i\u0107 Dole 10,<br>b) SD Boro, vl. Borislav Ra\u0161i\u0107 Dole 10,<br>c) SD Boro, vl. Borislav Ra\u0161i\u0107 Dole 10,<br>11. Prijedlog Zaklju\u010dka o davanju suglasnosti za prijenos Ugovora o koncesiji:<br>a) broj: 02-24-1407\/15 od 7. kolovoza 2015. s Kre\u0161e (Ivan) Zeli\u0107 na Ivanu (Boro) Zeli\u0107,<br>b) broj: 02-24-2382\/15 od 18. sije\u010dnja 2016. ustupljenog Ugovorom o ustupanju ugovora o koncesiji broj: 02-24-2382-1\/15 od 16. o\u017eujka 2017. s V.D.M. PROMET d.o.o. Ljubu\u0161ki zastupano po direktoru Marijani Ili\u0107 na Maru Alilovi\u0107 Hra\u0161ljani 46,<br>12. Prijedlog Rje\u0161enja o davanju suglasnosti na Rje\u0161enja Nadzornog odbora JP \u201eParkovi\u201c d.o.o., o :<br>a) razrje\u0161enju direktora JP \u201eParkovi\u201c d.o.o.,<br>b) imenovanju direktora JP \u201eParkovi\u201c d.o.o.,<br>13. Prijedlog Rje\u0161enja o:<br>a) razrje\u0161enju privremenog \u010dlana Upravnog vije\u0107a JU \u201eKulturno \u0161portski centar\u201c Ljubu\u0161ki,<br>b) kona\u010dnom imenovanju \u010dlana Upravnog vije\u0107a JU \u201eKulturno \u0161portski centar\u201c Ljubu\u0161ki,<br>c) razrje\u0161enju \u010dlanova Nadzornog odbora Turisti\u010dke zajednice Ljubu\u0161ki,<br>d) kona\u010dnom imenovanju \u010dlanova Nadzornog odbora Turisti\u010dke zajednice Ljubu\u0161ki,<br>e) razrje\u0161enju \u010dlanova Nadzornog odbora JP Radio Ljubu\u0161ki d.o.o.,<br>f) kona\u010dnom imenovanju \u010dlanova Nadzornog odbora JP Radio Ljubu\u0161ki d.o.o.,<br>g) razrje\u0161enju \u010dlanova Upravnog vije\u0107a JU Centar za socijalni rad Ljubu\u0161ki,<br>h) kona\u010dnom imenovanju \u010dlanova Upravnog vije\u0107a JU Centar za socijalni rad Ljubu\u0161ki,<br>14. Prijedlog Odluke o utvr\u0111ivanju uvjeta i kriterija, raspisivanju i provedbi ponovljenog javnog oglasa i javnog oglasa za izbor i imenovanje predsjednika i \u010dlanova Nadzornih odbora i Upravnih vije\u0107a Grada Ljubu\u0161kog s Ponovljenim i Javnim oglasom za izbor i imenovanje,<br>15. Prijedlog Rje\u0161enja o imenovanju Povjerenstva za izbor predsjednika i \u010dlanova Nadzornih odbora i Upravnih vije\u0107a Grada Ljubu\u0161kog,<br>16. Prijedlog Odluke o davanju suglasnosti na blizinu gradnje objekta granice parcele na udaljenosti manjoj od tri metra,<br>17. Prijedlog Zaklju\u010dka o ispravci rje\u0161enja Sekretarijata za privredu i komunalne poslove broj:03\/9-463-45\/73 od 15.7.1974.,<br>18. Prijedlog Zaklju\u010dka o prodaji neizgra\u0111enog gra\u0111evinskog zemlji\u0161ta,<br>19. Prijedlog Zaklju\u010dka o prodaji stanova na k.\u010d. 499\/1 i 821\/1 k.o. Ljubu\u0161ki,<br>20. Prijedlog Odluke o darovanju motornog vozila Crvenom kri\u017eu Ljubu\u0161ki,<br>21. Potpisivanje sve\u010dane prisege \u010dlana GIP-a Ljubu\u0161ki.<\/p>\n\n\n\n<p>Gradona\u010delnik Vedran Markoti\u0107 u izjavi za medije komentirao je novu mjeru potpore srednjo\u0161kolcima istaknuv\u0161i kako ona uklju\u010duje u\u010denike iz Ljubu\u0161kog, ali i u\u010denike iz susjednih sredina koji poha\u0111aju srednje \u0161kole u Ljubu\u0161kom te u\u010denike koji su iz Ljubu\u0161kog, a idu u \u0161kole u druge op\u0107ine\/gradove..<\/p>\n\n\n\n<p>\u2013&nbsp;<em>Na inicijativu Kluba HDZ-a BiH i mene kao gradona\u010delnika predvidjeli smo pomo\u0107 pri nabavi knjigu za u\u010denike prvih razreda srednjih \u0161kola koje kre\u0107u u kurikularnu reformu. Njihovi roditelji imaju dosta velikih tro\u0161kova pri nabavi ud\u017ebenika pa smo odlu\u010dili da im pomognemo<\/em>&nbsp;\u2013 rekao je gradona\u010delnik Markoti\u0107 i izrazio nadu kako \u0107e u idu\u0107em razdoblju Grad Ljubu\u0161ki skupa sa \u017dupanijom Zapadnohercegova\u010dkom i\u0107i u smjeru osiguravanja ud\u017ebenika za sve razrede srednjih \u0161kola, kao \u0161to je to u osnovnim \u0161kolama.<\/p>\n\n\n\n<p>Integralna snimka 8. sjednice Gradskog vije\u0107a Ljubu\u0161ki <\/p>\n\n\n\n<figure class=\"wp-block-audio\"><audio controls src=\"https:\/\/radioljubuski.ba\/wp-content\/uploads\/2025\/09\/8.-sjednica-29-9-2025.mp3\"><\/audio><\/figure>\n\n\n\n<p>Izjava gradona\u010delnika Ljubu\u0161kog Vedrana Markoti\u0107a<\/p>\n\n\n\n<figure class=\"wp-block-audio\"><audio controls src=\"https:\/\/radioljubuski.ba\/wp-content\/uploads\/2025\/09\/8.-sjednica-GV-KOMENTAR-Gradonacelnik-Vedran-Markotic.mp3\"><\/audio><\/figure>\n\n\n\n<figure class=\"wp-block-gallery has-nested-images columns-default is-cropped wp-block-gallery-1 is-layout-flex wp-block-gallery-is-layout-flex\">\n<figure class=\"wp-block-image size-large\"><img loading=\"lazy\" decoding=\"async\" width=\"1000\" height=\"667\" data-id=\"220908\" src=\"https:\/\/radioljubuski.ba\/wp-content\/uploads\/2025\/09\/IMG_8091.jpg\" alt=\"\" class=\"wp-image-220908\" srcset=\"https:\/\/radioljubuski.ba\/wp-content\/uploads\/2025\/09\/IMG_8091.jpg 1000w, https:\/\/radioljubuski.ba\/wp-content\/uploads\/2025\/09\/IMG_8091-300x200.jpg 300w, https:\/\/radioljubuski.ba\/wp-content\/uploads\/2025\/09\/IMG_8091-768x512.jpg 768w, https:\/\/radioljubuski.ba\/wp-content\/uploads\/2025\/09\/IMG_8091-18x12.jpg 18w\" sizes=\"auto, (max-width: 1000px) 100vw, 1000px\" \/><\/figure>\n<\/figure>\n\n\n\n<p><\/p>\n\n\n\n<figure class=\"wp-block-image size-full\"><img loading=\"lazy\" decoding=\"async\" width=\"1000\" height=\"667\" src=\"https:\/\/radioljubuski.ba\/wp-content\/uploads\/2025\/09\/IMG_8101-1.jpg\" alt=\"\" class=\"wp-image-220906\" srcset=\"https:\/\/radioljubuski.ba\/wp-content\/uploads\/2025\/09\/IMG_8101-1.jpg 1000w, https:\/\/radioljubuski.ba\/wp-content\/uploads\/2025\/09\/IMG_8101-1-300x200.jpg 300w, https:\/\/radioljubuski.ba\/wp-content\/uploads\/2025\/09\/IMG_8101-1-768x512.jpg 768w, https:\/\/radioljubuski.ba\/wp-content\/uploads\/2025\/09\/IMG_8101-1-18x12.jpg 18w\" sizes=\"auto, (max-width: 1000px) 100vw, 1000px\" \/><\/figure>\n\n\n\n<figure class=\"wp-block-gallery has-nested-images columns-default is-cropped wp-block-gallery-2 is-layout-flex wp-block-gallery-is-layout-flex\">\n<figure class=\"wp-block-image size-large\"><img loading=\"lazy\" decoding=\"async\" width=\"1000\" height=\"667\" data-id=\"220907\" src=\"https:\/\/radioljubuski.ba\/wp-content\/uploads\/2025\/09\/IMG_8100.jpg\" alt=\"\" class=\"wp-image-220907\" srcset=\"https:\/\/radioljubuski.ba\/wp-content\/uploads\/2025\/09\/IMG_8100.jpg 1000w, https:\/\/radioljubuski.ba\/wp-content\/uploads\/2025\/09\/IMG_8100-300x200.jpg 300w, https:\/\/radioljubuski.ba\/wp-content\/uploads\/2025\/09\/IMG_8100-768x512.jpg 768w, https:\/\/radioljubuski.ba\/wp-content\/uploads\/2025\/09\/IMG_8100-18x12.jpg 18w\" sizes=\"auto, (max-width: 1000px) 100vw, 1000px\" \/><\/figure>\n<\/figure>\n\n\n\n<p><\/p>\n\n\n\n<p>Grad Ljubu\u0161ki \/ Radio Ljubu\u0161ki <\/p>\n","protected":false},"excerpt":{"rendered":"<p>Vije\u0107nici Gradskog vije\u0107a Ljubu\u0161ki, na VIII. sjednici odr\u017eanoj u ponedjeljak, jednoglasno su usvojili drugi rebalans Prora\u010duna Grada Ljubu\u0161kog za 2025. godinu, koji je u odnosu na prvu izmjenu pove\u0107an za 800.000 KM te sada iznosi 24.797.000 KM. Prijedlog odluke o dodjeli jednokratnih potpora svim u\u010denicima prvih razreda srednjih \u0161kola tako\u0111er je jednoglasno podr\u017ean. Tako \u0107e [&hellip;]<\/p>\n","protected":false},"author":2,"featured_media":220905,"comment_status":"closed","ping_status":"closed","sticky":false,"template":"","format":"standard","meta":{"h5ap_radio_sources":[],"footnotes":""},"categories":[50,28],"tags":[],"class_list":["post-220900","post","type-post","status-publish","format-standard","has-post-thumbnail","hentry","category-gradskovijece","category-novosti"],"yoast_head":"<!-- This site is optimized with the Yoast SEO plugin v27.5 - https:\/\/yoast.com\/product\/yoast-seo-wordpress\/ -->\n<title>Jednoglasno usvojen drugi rebalans Prora\u010duna Grada Ljubu\u0161kog, potpore srednjo\u0161kolcima i studentima - RADIO LJUBU\u0160KI<\/title>\n<meta name=\"robots\" content=\"index, follow, max-snippet:-1, max-image-preview:large, max-video-preview:-1\" \/>\n<link rel=\"canonical\" href=\"https:\/\/radioljubuski.ba\/index.php\/2025\/09\/29\/jednoglasno-usvojen-drugi-rebalans-proracuna-grada-ljubuskog-potpore-srednjoskolcima-i-studentima\/\" \/>\n<meta property=\"og:locale\" content=\"hr_HR\" \/>\n<meta property=\"og:type\" content=\"article\" \/>\n<meta property=\"og:title\" content=\"Jednoglasno usvojen drugi rebalans Prora\u010duna Grada Ljubu\u0161kog, potpore srednjo\u0161kolcima i studentima - RADIO LJUBU\u0160KI\" \/>\n<meta property=\"og:description\" content=\"Vije\u0107nici Gradskog vije\u0107a Ljubu\u0161ki, na VIII. sjednici odr\u017eanoj u ponedjeljak, jednoglasno su usvojili drugi rebalans Prora\u010duna Grada Ljubu\u0161kog za 2025. godinu, koji je u odnosu na prvu izmjenu pove\u0107an za 800.000 KM te sada iznosi 24.797.000 KM. Prijedlog odluke o dodjeli jednokratnih potpora svim u\u010denicima prvih razreda srednjih \u0161kola tako\u0111er je jednoglasno podr\u017ean. Tako \u0107e [&hellip;]\" \/>\n<meta property=\"og:url\" content=\"https:\/\/radioljubuski.ba\/index.php\/2025\/09\/29\/jednoglasno-usvojen-drugi-rebalans-proracuna-grada-ljubuskog-potpore-srednjoskolcima-i-studentima\/\" \/>\n<meta property=\"og:site_name\" content=\"RADIO LJUBU\u0160KI\" \/>\n<meta property=\"article:publisher\" content=\"https:\/\/www.facebook.com\/Radiio-Ljubuski-1490835324566332\" \/>\n<meta property=\"article:published_time\" content=\"2025-09-29T11:22:27+00:00\" \/>\n<meta property=\"article:modified_time\" content=\"2025-09-29T11:25:51+00:00\" \/>\n<meta property=\"og:image\" content=\"https:\/\/radioljubuski.ba\/wp-content\/uploads\/2025\/09\/IMG_8105.jpg\" \/>\n\t<meta property=\"og:image:width\" content=\"1000\" \/>\n\t<meta property=\"og:image:height\" content=\"676\" \/>\n\t<meta property=\"og:image:type\" content=\"image\/jpeg\" \/>\n<meta name=\"author\" content=\"Radio Ljubu\u0161ki\" \/>\n<meta name=\"twitter:card\" content=\"summary_large_image\" \/>\n<meta name=\"twitter:creator\" content=\"@radioljubuski\" \/>\n<meta name=\"twitter:site\" content=\"@radioljubuski\" \/>\n<meta name=\"twitter:label1\" content=\"Napisao\/la\" \/>\n\t<meta name=\"twitter:data1\" content=\"Radio Ljubu\u0161ki\" \/>\n\t<meta name=\"twitter:label2\" content=\"Procijenjeno vrijeme \u010ditanja\" \/>\n\t<meta name=\"twitter:data2\" content=\"6 minuta\" \/>\n<script type=\"application\/ld+json\" class=\"yoast-schema-graph\">{\"@context\":\"https:\\\/\\\/schema.org\",\"@graph\":[{\"@type\":\"Article\",\"@id\":\"https:\\\/\\\/radioljubuski.ba\\\/index.php\\\/2025\\\/09\\\/29\\\/jednoglasno-usvojen-drugi-rebalans-proracuna-grada-ljubuskog-potpore-srednjoskolcima-i-studentima\\\/#article\",\"isPartOf\":{\"@id\":\"https:\\\/\\\/radioljubuski.ba\\\/index.php\\\/2025\\\/09\\\/29\\\/jednoglasno-usvojen-drugi-rebalans-proracuna-grada-ljubuskog-potpore-srednjoskolcima-i-studentima\\\/\"},\"author\":{\"name\":\"Radio Ljubu\u0161ki\",\"@id\":\"https:\\\/\\\/radioljubuski.ba\\\/#\\\/schema\\\/person\\\/19fc700381a780f69665d7956c469e3b\"},\"headline\":\"Jednoglasno usvojen drugi rebalans Prora\u010duna Grada Ljubu\u0161kog, potpore srednjo\u0161kolcima i studentima\",\"datePublished\":\"2025-09-29T11:22:27+00:00\",\"dateModified\":\"2025-09-29T11:25:51+00:00\",\"mainEntityOfPage\":{\"@id\":\"https:\\\/\\\/radioljubuski.ba\\\/index.php\\\/2025\\\/09\\\/29\\\/jednoglasno-usvojen-drugi-rebalans-proracuna-grada-ljubuskog-potpore-srednjoskolcima-i-studentima\\\/\"},\"wordCount\":905,\"publisher\":{\"@id\":\"https:\\\/\\\/radioljubuski.ba\\\/#organization\"},\"image\":{\"@id\":\"https:\\\/\\\/radioljubuski.ba\\\/index.php\\\/2025\\\/09\\\/29\\\/jednoglasno-usvojen-drugi-rebalans-proracuna-grada-ljubuskog-potpore-srednjoskolcima-i-studentima\\\/#primaryimage\"},\"thumbnailUrl\":\"https:\\\/\\\/radioljubuski.ba\\\/wp-content\\\/uploads\\\/2025\\\/09\\\/IMG_8105.jpg\",\"articleSection\":[\"GV Ljubu\u0161ki\",\"Novosti\"],\"inLanguage\":\"hr\"},{\"@type\":\"WebPage\",\"@id\":\"https:\\\/\\\/radioljubuski.ba\\\/index.php\\\/2025\\\/09\\\/29\\\/jednoglasno-usvojen-drugi-rebalans-proracuna-grada-ljubuskog-potpore-srednjoskolcima-i-studentima\\\/\",\"url\":\"https:\\\/\\\/radioljubuski.ba\\\/index.php\\\/2025\\\/09\\\/29\\\/jednoglasno-usvojen-drugi-rebalans-proracuna-grada-ljubuskog-potpore-srednjoskolcima-i-studentima\\\/\",\"name\":\"Jednoglasno usvojen drugi rebalans Prora\u010duna Grada Ljubu\u0161kog, potpore srednjo\u0161kolcima i studentima - RADIO LJUBU\u0160KI\",\"isPartOf\":{\"@id\":\"https:\\\/\\\/radioljubuski.ba\\\/#website\"},\"primaryImageOfPage\":{\"@id\":\"https:\\\/\\\/radioljubuski.ba\\\/index.php\\\/2025\\\/09\\\/29\\\/jednoglasno-usvojen-drugi-rebalans-proracuna-grada-ljubuskog-potpore-srednjoskolcima-i-studentima\\\/#primaryimage\"},\"image\":{\"@id\":\"https:\\\/\\\/radioljubuski.ba\\\/index.php\\\/2025\\\/09\\\/29\\\/jednoglasno-usvojen-drugi-rebalans-proracuna-grada-ljubuskog-potpore-srednjoskolcima-i-studentima\\\/#primaryimage\"},\"thumbnailUrl\":\"https:\\\/\\\/radioljubuski.ba\\\/wp-content\\\/uploads\\\/2025\\\/09\\\/IMG_8105.jpg\",\"datePublished\":\"2025-09-29T11:22:27+00:00\",\"dateModified\":\"2025-09-29T11:25:51+00:00\",\"breadcrumb\":{\"@id\":\"https:\\\/\\\/radioljubuski.ba\\\/index.php\\\/2025\\\/09\\\/29\\\/jednoglasno-usvojen-drugi-rebalans-proracuna-grada-ljubuskog-potpore-srednjoskolcima-i-studentima\\\/#breadcrumb\"},\"inLanguage\":\"hr\",\"potentialAction\":[{\"@type\":\"ReadAction\",\"target\":[\"https:\\\/\\\/radioljubuski.ba\\\/index.php\\\/2025\\\/09\\\/29\\\/jednoglasno-usvojen-drugi-rebalans-proracuna-grada-ljubuskog-potpore-srednjoskolcima-i-studentima\\\/\"]}]},{\"@type\":\"ImageObject\",\"inLanguage\":\"hr\",\"@id\":\"https:\\\/\\\/radioljubuski.ba\\\/index.php\\\/2025\\\/09\\\/29\\\/jednoglasno-usvojen-drugi-rebalans-proracuna-grada-ljubuskog-potpore-srednjoskolcima-i-studentima\\\/#primaryimage\",\"url\":\"https:\\\/\\\/radioljubuski.ba\\\/wp-content\\\/uploads\\\/2025\\\/09\\\/IMG_8105.jpg\",\"contentUrl\":\"https:\\\/\\\/radioljubuski.ba\\\/wp-content\\\/uploads\\\/2025\\\/09\\\/IMG_8105.jpg\",\"width\":1000,\"height\":676},{\"@type\":\"BreadcrumbList\",\"@id\":\"https:\\\/\\\/radioljubuski.ba\\\/index.php\\\/2025\\\/09\\\/29\\\/jednoglasno-usvojen-drugi-rebalans-proracuna-grada-ljubuskog-potpore-srednjoskolcima-i-studentima\\\/#breadcrumb\",\"itemListElement\":[{\"@type\":\"ListItem\",\"position\":1,\"name\":\"Po\u010detna stranica\",\"item\":\"https:\\\/\\\/radioljubuski.ba\\\/\"},{\"@type\":\"ListItem\",\"position\":2,\"name\":\"Jednoglasno usvojen drugi rebalans Prora\u010duna Grada Ljubu\u0161kog, potpore srednjo\u0161kolcima i studentima\"}]},{\"@type\":\"WebSite\",\"@id\":\"https:\\\/\\\/radioljubuski.ba\\\/#website\",\"url\":\"https:\\\/\\\/radioljubuski.ba\\\/\",\"name\":\"Radio Ljubu\u0161ki\",\"description\":\"Sun\u010dana frekvencija Hercegovine\",\"publisher\":{\"@id\":\"https:\\\/\\\/radioljubuski.ba\\\/#organization\"},\"potentialAction\":[{\"@type\":\"SearchAction\",\"target\":{\"@type\":\"EntryPoint\",\"urlTemplate\":\"https:\\\/\\\/radioljubuski.ba\\\/?s={search_term_string}\"},\"query-input\":{\"@type\":\"PropertyValueSpecification\",\"valueRequired\":true,\"valueName\":\"search_term_string\"}}],\"inLanguage\":\"hr\"},{\"@type\":\"Organization\",\"@id\":\"https:\\\/\\\/radioljubuski.ba\\\/#organization\",\"name\":\"Radio Ljubu\u0161ki\",\"url\":\"https:\\\/\\\/radioljubuski.ba\\\/\",\"logo\":{\"@type\":\"ImageObject\",\"inLanguage\":\"hr\",\"@id\":\"https:\\\/\\\/radioljubuski.ba\\\/#\\\/schema\\\/logo\\\/image\\\/\",\"url\":\"https:\\\/\\\/radioljubuski.ba\\\/wp-content\\\/uploads\\\/2021\\\/02\\\/cropped-Radio_Ljubuski_logo1.jpg\",\"contentUrl\":\"https:\\\/\\\/radioljubuski.ba\\\/wp-content\\\/uploads\\\/2021\\\/02\\\/cropped-Radio_Ljubuski_logo1.jpg\",\"width\":512,\"height\":512,\"caption\":\"Radio Ljubu\u0161ki\"},\"image\":{\"@id\":\"https:\\\/\\\/radioljubuski.ba\\\/#\\\/schema\\\/logo\\\/image\\\/\"},\"sameAs\":[\"https:\\\/\\\/www.facebook.com\\\/Radiio-Ljubuski-1490835324566332\",\"https:\\\/\\\/x.com\\\/radioljubuski\",\"https:\\\/\\\/hr.linkedin.com\\\/company\\\/radio-ljubuski\",\"https:\\\/\\\/www.youtube.com\\\/channel\\\/UCHYaeO_n0Db3tjNGudGpXyw\"]},{\"@type\":\"Person\",\"@id\":\"https:\\\/\\\/radioljubuski.ba\\\/#\\\/schema\\\/person\\\/19fc700381a780f69665d7956c469e3b\",\"name\":\"Radio Ljubu\u0161ki\"}]}<\/script>\n<!-- \/ Yoast SEO plugin. -->","yoast_head_json":{"title":"Jednoglasno usvojen drugi rebalans Prora\u010duna Grada Ljubu\u0161kog, potpore srednjo\u0161kolcima i studentima - RADIO LJUBU\u0160KI","robots":{"index":"index","follow":"follow","max-snippet":"max-snippet:-1","max-image-preview":"max-image-preview:large","max-video-preview":"max-video-preview:-1"},"canonical":"https:\/\/radioljubuski.ba\/index.php\/2025\/09\/29\/jednoglasno-usvojen-drugi-rebalans-proracuna-grada-ljubuskog-potpore-srednjoskolcima-i-studentima\/","og_locale":"hr_HR","og_type":"article","og_title":"Jednoglasno usvojen drugi rebalans Prora\u010duna Grada Ljubu\u0161kog, potpore srednjo\u0161kolcima i studentima - RADIO LJUBU\u0160KI","og_description":"Vije\u0107nici Gradskog vije\u0107a Ljubu\u0161ki, na VIII. sjednici odr\u017eanoj u ponedjeljak, jednoglasno su usvojili drugi rebalans Prora\u010duna Grada Ljubu\u0161kog za 2025. godinu, koji je u odnosu na prvu izmjenu pove\u0107an za 800.000 KM te sada iznosi 24.797.000 KM. Prijedlog odluke o dodjeli jednokratnih potpora svim u\u010denicima prvih razreda srednjih \u0161kola tako\u0111er je jednoglasno podr\u017ean. Tako \u0107e [&hellip;]","og_url":"https:\/\/radioljubuski.ba\/index.php\/2025\/09\/29\/jednoglasno-usvojen-drugi-rebalans-proracuna-grada-ljubuskog-potpore-srednjoskolcima-i-studentima\/","og_site_name":"RADIO LJUBU\u0160KI","article_publisher":"https:\/\/www.facebook.com\/Radiio-Ljubuski-1490835324566332","article_published_time":"2025-09-29T11:22:27+00:00","article_modified_time":"2025-09-29T11:25:51+00:00","og_image":[{"width":1000,"height":676,"url":"https:\/\/radioljubuski.ba\/wp-content\/uploads\/2025\/09\/IMG_8105.jpg","type":"image\/jpeg"}],"author":"Radio Ljubu\u0161ki","twitter_card":"summary_large_image","twitter_creator":"@radioljubuski","twitter_site":"@radioljubuski","twitter_misc":{"Napisao\/la":"Radio Ljubu\u0161ki","Procijenjeno vrijeme \u010ditanja":"6 minuta"},"schema":{"@context":"https:\/\/schema.org","@graph":[{"@type":"Article","@id":"https:\/\/radioljubuski.ba\/index.php\/2025\/09\/29\/jednoglasno-usvojen-drugi-rebalans-proracuna-grada-ljubuskog-potpore-srednjoskolcima-i-studentima\/#article","isPartOf":{"@id":"https:\/\/radioljubuski.ba\/index.php\/2025\/09\/29\/jednoglasno-usvojen-drugi-rebalans-proracuna-grada-ljubuskog-potpore-srednjoskolcima-i-studentima\/"},"author":{"name":"Radio Ljubu\u0161ki","@id":"https:\/\/radioljubuski.ba\/#\/schema\/person\/19fc700381a780f69665d7956c469e3b"},"headline":"Jednoglasno usvojen drugi rebalans Prora\u010duna Grada Ljubu\u0161kog, potpore srednjo\u0161kolcima i studentima","datePublished":"2025-09-29T11:22:27+00:00","dateModified":"2025-09-29T11:25:51+00:00","mainEntityOfPage":{"@id":"https:\/\/radioljubuski.ba\/index.php\/2025\/09\/29\/jednoglasno-usvojen-drugi-rebalans-proracuna-grada-ljubuskog-potpore-srednjoskolcima-i-studentima\/"},"wordCount":905,"publisher":{"@id":"https:\/\/radioljubuski.ba\/#organization"},"image":{"@id":"https:\/\/radioljubuski.ba\/index.php\/2025\/09\/29\/jednoglasno-usvojen-drugi-rebalans-proracuna-grada-ljubuskog-potpore-srednjoskolcima-i-studentima\/#primaryimage"},"thumbnailUrl":"https:\/\/radioljubuski.ba\/wp-content\/uploads\/2025\/09\/IMG_8105.jpg","articleSection":["GV Ljubu\u0161ki","Novosti"],"inLanguage":"hr"},{"@type":"WebPage","@id":"https:\/\/radioljubuski.ba\/index.php\/2025\/09\/29\/jednoglasno-usvojen-drugi-rebalans-proracuna-grada-ljubuskog-potpore-srednjoskolcima-i-studentima\/","url":"https:\/\/radioljubuski.ba\/index.php\/2025\/09\/29\/jednoglasno-usvojen-drugi-rebalans-proracuna-grada-ljubuskog-potpore-srednjoskolcima-i-studentima\/","name":"Jednoglasno usvojen drugi rebalans Prora\u010duna Grada Ljubu\u0161kog, potpore srednjo\u0161kolcima i studentima - RADIO LJUBU\u0160KI","isPartOf":{"@id":"https:\/\/radioljubuski.ba\/#website"},"primaryImageOfPage":{"@id":"https:\/\/radioljubuski.ba\/index.php\/2025\/09\/29\/jednoglasno-usvojen-drugi-rebalans-proracuna-grada-ljubuskog-potpore-srednjoskolcima-i-studentima\/#primaryimage"},"image":{"@id":"https:\/\/radioljubuski.ba\/index.php\/2025\/09\/29\/jednoglasno-usvojen-drugi-rebalans-proracuna-grada-ljubuskog-potpore-srednjoskolcima-i-studentima\/#primaryimage"},"thumbnailUrl":"https:\/\/radioljubuski.ba\/wp-content\/uploads\/2025\/09\/IMG_8105.jpg","datePublished":"2025-09-29T11:22:27+00:00","dateModified":"2025-09-29T11:25:51+00:00","breadcrumb":{"@id":"https:\/\/radioljubuski.ba\/index.php\/2025\/09\/29\/jednoglasno-usvojen-drugi-rebalans-proracuna-grada-ljubuskog-potpore-srednjoskolcima-i-studentima\/#breadcrumb"},"inLanguage":"hr","potentialAction":[{"@type":"ReadAction","target":["https:\/\/radioljubuski.ba\/index.php\/2025\/09\/29\/jednoglasno-usvojen-drugi-rebalans-proracuna-grada-ljubuskog-potpore-srednjoskolcima-i-studentima\/"]}]},{"@type":"ImageObject","inLanguage":"hr","@id":"https:\/\/radioljubuski.ba\/index.php\/2025\/09\/29\/jednoglasno-usvojen-drugi-rebalans-proracuna-grada-ljubuskog-potpore-srednjoskolcima-i-studentima\/#primaryimage","url":"https:\/\/radioljubuski.ba\/wp-content\/uploads\/2025\/09\/IMG_8105.jpg","contentUrl":"https:\/\/radioljubuski.ba\/wp-content\/uploads\/2025\/09\/IMG_8105.jpg","width":1000,"height":676},{"@type":"BreadcrumbList","@id":"https:\/\/radioljubuski.ba\/index.php\/2025\/09\/29\/jednoglasno-usvojen-drugi-rebalans-proracuna-grada-ljubuskog-potpore-srednjoskolcima-i-studentima\/#breadcrumb","itemListElement":[{"@type":"ListItem","position":1,"name":"Po\u010detna stranica","item":"https:\/\/radioljubuski.ba\/"},{"@type":"ListItem","position":2,"name":"Jednoglasno usvojen drugi rebalans Prora\u010duna Grada Ljubu\u0161kog, potpore srednjo\u0161kolcima i studentima"}]},{"@type":"WebSite","@id":"https:\/\/radioljubuski.ba\/#website","url":"https:\/\/radioljubuski.ba\/","name":"Radio Ljubu\u0161ki","description":"Sun\u010dana frekvencija Hercegovine","publisher":{"@id":"https:\/\/radioljubuski.ba\/#organization"},"potentialAction":[{"@type":"SearchAction","target":{"@type":"EntryPoint","urlTemplate":"https:\/\/radioljubuski.ba\/?s={search_term_string}"},"query-input":{"@type":"PropertyValueSpecification","valueRequired":true,"valueName":"search_term_string"}}],"inLanguage":"hr"},{"@type":"Organization","@id":"https:\/\/radioljubuski.ba\/#organization","name":"Radio Ljubu\u0161ki","url":"https:\/\/radioljubuski.ba\/","logo":{"@type":"ImageObject","inLanguage":"hr","@id":"https:\/\/radioljubuski.ba\/#\/schema\/logo\/image\/","url":"https:\/\/radioljubuski.ba\/wp-content\/uploads\/2021\/02\/cropped-Radio_Ljubuski_logo1.jpg","contentUrl":"https:\/\/radioljubuski.ba\/wp-content\/uploads\/2021\/02\/cropped-Radio_Ljubuski_logo1.jpg","width":512,"height":512,"caption":"Radio Ljubu\u0161ki"},"image":{"@id":"https:\/\/radioljubuski.ba\/#\/schema\/logo\/image\/"},"sameAs":["https:\/\/www.facebook.com\/Radiio-Ljubuski-1490835324566332","https:\/\/x.com\/radioljubuski","https:\/\/hr.linkedin.com\/company\/radio-ljubuski","https:\/\/www.youtube.com\/channel\/UCHYaeO_n0Db3tjNGudGpXyw"]},{"@type":"Person","@id":"https:\/\/radioljubuski.ba\/#\/schema\/person\/19fc700381a780f69665d7956c469e3b","name":"Radio Ljubu\u0161ki"}]}},"_links":{"self":[{"href":"https:\/\/radioljubuski.ba\/index.php\/wp-json\/wp\/v2\/posts\/220900","targetHints":{"allow":["GET"]}}],"collection":[{"href":"https:\/\/radioljubuski.ba\/index.php\/wp-json\/wp\/v2\/posts"}],"about":[{"href":"https:\/\/radioljubuski.ba\/index.php\/wp-json\/wp\/v2\/types\/post"}],"author":[{"embeddable":true,"href":"https:\/\/radioljubuski.ba\/index.php\/wp-json\/wp\/v2\/users\/2"}],"replies":[{"embeddable":true,"href":"https:\/\/radioljubuski.ba\/index.php\/wp-json\/wp\/v2\/comments?post=220900"}],"version-history":[{"count":2,"href":"https:\/\/radioljubuski.ba\/index.php\/wp-json\/wp\/v2\/posts\/220900\/revisions"}],"predecessor-version":[{"id":220911,"href":"https:\/\/radioljubuski.ba\/index.php\/wp-json\/wp\/v2\/posts\/220900\/revisions\/220911"}],"wp:featuredmedia":[{"embeddable":true,"href":"https:\/\/radioljubuski.ba\/index.php\/wp-json\/wp\/v2\/media\/220905"}],"wp:attachment":[{"href":"https:\/\/radioljubuski.ba\/index.php\/wp-json\/wp\/v2\/media?parent=220900"}],"wp:term":[{"taxonomy":"category","embeddable":true,"href":"https:\/\/radioljubuski.ba\/index.php\/wp-json\/wp\/v2\/categories?post=220900"},{"taxonomy":"post_tag","embeddable":true,"href":"https:\/\/radioljubuski.ba\/index.php\/wp-json\/wp\/v2\/tags?post=220900"}],"curies":[{"name":"wp","href":"https:\/\/api.w.org\/{rel}","templated":true}]}}