{"id":221355,"date":"2025-10-12T19:17:26","date_gmt":"2025-10-12T18:17:26","guid":{"rendered":"https:\/\/radioljubuski.ba\/?p=221355"},"modified":"2025-10-13T08:58:41","modified_gmt":"2025-10-13T07:58:41","slug":"svecani-blagoslov-nove-crkve-svetog-franje-u-prologu","status":"publish","type":"post","link":"https:\/\/radioljubuski.ba\/index.php\/2025\/10\/12\/svecani-blagoslov-nove-crkve-svetog-franje-u-prologu\/","title":{"rendered":"Sve\u010dani blagoslov nove crkve svetog Franje u Prologu"},"content":{"rendered":"\n<p>Danas je u \u017eupi Humac vladalo osobito sve\u010dano ozra\u010dje, u filijalnoj zajednici Prolog uprili\u010deno je veliko slavlje povodom blagoslova novoizgra\u0111ene crkve posve\u0107ene svetom Franji. Nakon trodnevne duhovne priprave, ove nedjelje 12.listopada 2025. godine u 17.00 sati odr\u017eano je sredi\u0161nje misno slavlje s \u010dinom sve\u010danog blagoslova nove crkve.<\/p>\n\n\n\n<p>Svetu misu i obred blagoslova predvodio je mostarsko duvanjski biskup mons.Petar Pali\u0107 u koncelebraciji sa velikim brojem sve\u0107enika, uz huma\u010dkog gvardijana i \u017eupnika fra Miru \u0160egu u slavlju su sudjelovali i biv\u0161i \u017eupnici fra Dario Dodig, fra Ljubo Kurtovi\u0107, sada\u0161nji voditelj filijale fra Marko Bandi\u0107, te fra Ivan Landeka ml., fra Ferdo Boban, don Antonio Zidrum, don Ante Pavlovi\u0107, fra Ante Vukoja i don Pa\u0161ko Glasnovi\u0107 \u017eupnik i rektor sveti\u0161ta Majke na\u0161ih stradanja u Gori kraj Petrinje. Na misi su sudjelovali i novaci sa Humca uz ministrante i pjeva\u010dki zbor sv.Cecilija kojeg \u010dine mje\u0161tani Prologa i Crvenog Grma pod ravnanjem Nikole Sablji\u0107a.<\/p>\n\n\n\n<p>Novu crkvu krasi lijepi zvonik sa zvonom te\u0161kim 130 kilograma, koji \u0107e svojom zvonjavom pozivati vjernike na molitvu.Slavlju je nazo\u010dio veliki broj vjernika iz Prologa , okolnih mjesta i cijele \u017eupe Humac a nakon mise dru\u017eenje se nastavilo uz prigodno slavlje i okrijepu okupljenih.<\/p>\n\n\n\n<p>O samoj crkvi i njenoj gradnji razgovarali smo sa mje\u0161tanima, pred mikrofon Radio postaje Ljubu\u0161ki stali su Neven Dodig, Jure Herceg i Jelenko Dodig koji su nam otkrili kako je nova crkva sagra\u0111ena na mjestu stare a gradnja je po\u010dela 2020. godine, uputili su zahvalu Gradu Ljubu\u0161kom i \u017dupaniji Zapadnohercegova\u010dkoj na potpori, ali i svim mje\u0161tanima koji su na bilo koji na\u010din sudjelovali i pomogli pri gradnji nove crkve. &#8220;Ovdje je prvo bila mala kapelica 1958. godine, nakon nje izgra\u0111ena je mala crkva od 57 kvadrata koja je postala premala i trebalo joj je mijenjati krov pa smo se odlu\u010dili sagraditi novu, zahvaljujemo i biv\u0161im \u017eupnicima fra Dariju Dodigu i fra Ljubi Kurtovi\u0107u koji su nam bili podr\u0161ka. Sada\u0161nja crkva je posve nova, sve smo lijepo uredili, unutra\u0161njost, klupe, kor, zvonik imamo i klimatizaciju. Mise su ovdje nedjeljom u 9.30 sati i crkva je uvijek puna. Imamo i zbor zajedno sa prijateljima iz susjednog Crvenog Grma, zajedno pjevamo izvrsno se sla\u017eemo, pjevamo u svim filijalama na\u0161e huma\u010dke \u017eupe i \u0161ire, fra Tomislav Sablje je prvi pokrenuo pjeva\u010dku skupinu a sada nas vodi Nikola Sablji\u0107. Na\u0161i sugovornici podijelili su s nama i zanimljivu pri\u010du o zvoniku &#8221; Na po\u010detku kada je bila kapelica bio je drveni zvonik, pa \u017eeljezni, sada je ovaj betonski oblo\u017een kamenom sa na\u0161im zvonom koje je te\u0161ko nekih 130-140 kilograma i koje je ovdje od 1958. godine. Kada vlada sloga i kad su ljudi vrijedni sve se mo\u017ee, mi smo zaista ponosni na sve na\u0161e sumje\u0161tane, na sve na\u0161e prijatelje koji su slo\u017eno prionuli gradnji , rezultat je vidljiv i jako smo zadovoljni, nitko nije imao primjedbu na novu crkvu. &#8220;<\/p>\n\n\n\n<figure class=\"wp-block-gallery has-nested-images columns-default is-cropped wp-block-gallery-1 is-layout-flex wp-block-gallery-is-layout-flex\">\n<figure class=\"wp-block-image size-large\"><img loading=\"lazy\" decoding=\"async\" width=\"821\" height=\"1024\" data-id=\"221439\" src=\"https:\/\/radioljubuski.ba\/wp-content\/uploads\/2025\/10\/IMG_20251012_201924-821x1024.jpg\" alt=\"\" class=\"wp-image-221439\" srcset=\"https:\/\/radioljubuski.ba\/wp-content\/uploads\/2025\/10\/IMG_20251012_201924-821x1024.jpg 821w, https:\/\/radioljubuski.ba\/wp-content\/uploads\/2025\/10\/IMG_20251012_201924-241x300.jpg 241w, https:\/\/radioljubuski.ba\/wp-content\/uploads\/2025\/10\/IMG_20251012_201924-768x958.jpg 768w, https:\/\/radioljubuski.ba\/wp-content\/uploads\/2025\/10\/IMG_20251012_201924-10x12.jpg 10w, https:\/\/radioljubuski.ba\/wp-content\/uploads\/2025\/10\/IMG_20251012_201924.jpg 1080w\" sizes=\"auto, (max-width: 821px) 100vw, 821px\" \/><\/figure>\n\n\n\n<figure class=\"wp-block-image size-large\"><img loading=\"lazy\" decoding=\"async\" width=\"834\" height=\"1024\" data-id=\"221440\" src=\"https:\/\/radioljubuski.ba\/wp-content\/uploads\/2025\/10\/IMG_20251012_201911-834x1024.jpg\" alt=\"\" class=\"wp-image-221440\" srcset=\"https:\/\/radioljubuski.ba\/wp-content\/uploads\/2025\/10\/IMG_20251012_201911-834x1024.jpg 834w, https:\/\/radioljubuski.ba\/wp-content\/uploads\/2025\/10\/IMG_20251012_201911-244x300.jpg 244w, https:\/\/radioljubuski.ba\/wp-content\/uploads\/2025\/10\/IMG_20251012_201911-768x943.jpg 768w, https:\/\/radioljubuski.ba\/wp-content\/uploads\/2025\/10\/IMG_20251012_201911-10x12.jpg 10w, https:\/\/radioljubuski.ba\/wp-content\/uploads\/2025\/10\/IMG_20251012_201911.jpg 1080w\" sizes=\"auto, (max-width: 834px) 100vw, 834px\" \/><\/figure>\n<\/figure>\n\n\n\n<figure class=\"wp-block-gallery has-nested-images columns-default is-cropped wp-block-gallery-2 is-layout-flex wp-block-gallery-is-layout-flex\">\n<figure class=\"wp-block-image size-large\"><img loading=\"lazy\" decoding=\"async\" width=\"816\" height=\"1024\" data-id=\"221442\" src=\"https:\/\/radioljubuski.ba\/wp-content\/uploads\/2025\/10\/IMG_20251012_201859-1-816x1024.jpg\" alt=\"\" class=\"wp-image-221442\" srcset=\"https:\/\/radioljubuski.ba\/wp-content\/uploads\/2025\/10\/IMG_20251012_201859-1-816x1024.jpg 816w, https:\/\/radioljubuski.ba\/wp-content\/uploads\/2025\/10\/IMG_20251012_201859-1-239x300.jpg 239w, https:\/\/radioljubuski.ba\/wp-content\/uploads\/2025\/10\/IMG_20251012_201859-1-768x964.jpg 768w, https:\/\/radioljubuski.ba\/wp-content\/uploads\/2025\/10\/IMG_20251012_201859-1-10x12.jpg 10w, https:\/\/radioljubuski.ba\/wp-content\/uploads\/2025\/10\/IMG_20251012_201859-1.jpg 1080w\" sizes=\"auto, (max-width: 816px) 100vw, 816px\" \/><\/figure>\n\n\n\n<figure class=\"wp-block-image size-large\"><img loading=\"lazy\" decoding=\"async\" width=\"1024\" height=\"1024\" data-id=\"221443\" src=\"https:\/\/radioljubuski.ba\/wp-content\/uploads\/2025\/10\/IMG_20251012_174337-1024x1024.jpg\" alt=\"\" class=\"wp-image-221443\" srcset=\"https:\/\/radioljubuski.ba\/wp-content\/uploads\/2025\/10\/IMG_20251012_174337-1024x1024.jpg 1024w, https:\/\/radioljubuski.ba\/wp-content\/uploads\/2025\/10\/IMG_20251012_174337-300x300.jpg 300w, https:\/\/radioljubuski.ba\/wp-content\/uploads\/2025\/10\/IMG_20251012_174337-150x150.jpg 150w, https:\/\/radioljubuski.ba\/wp-content\/uploads\/2025\/10\/IMG_20251012_174337-768x768.jpg 768w, https:\/\/radioljubuski.ba\/wp-content\/uploads\/2025\/10\/IMG_20251012_174337-1536x1536.jpg 1536w, https:\/\/radioljubuski.ba\/wp-content\/uploads\/2025\/10\/IMG_20251012_174337-2048x2048.jpg 2048w, https:\/\/radioljubuski.ba\/wp-content\/uploads\/2025\/10\/IMG_20251012_174337-12x12.jpg 12w, https:\/\/radioljubuski.ba\/wp-content\/uploads\/2025\/10\/IMG_20251012_174337-64x64.jpg 64w, https:\/\/radioljubuski.ba\/wp-content\/uploads\/2025\/10\/IMG_20251012_174337-560x560.jpg 560w\" sizes=\"auto, (max-width: 1024px) 100vw, 1024px\" \/><\/figure>\n<\/figure>\n\n\n\n<p>Razgovarali smo i sa biv\u0161im \u017eupnikom fra Dariom Dodigom \u010dije zalaganje su istaknuli na\u0161i sugovornici &#8220;Pa ja bih rekao, na pamet mi dolazi jedna izjava svete majke Terezije koja je napisala &#8221; Olovka sam Bo\u017eja u ruci Bo\u017ejoj i Bog pi\u0161e ali ne razumijem &#8220;, evo i ja ne razumijem kako to Bog djeluje ali pak ide na pravi put i dovede do kraja.&nbsp;Tako i ova crkva kada je 2020. po\u010deto, bilo je to te\u0161ko i nestvarno, ja sam razmi\u0161ljao kako \u0107e se to sve napraviti ali evo vidite kako to Bog vodi i pi\u0161e i danas ova crkva je gotova, potpuno izgra\u0111ena, potpuno zavr\u0161ena, dakle lijepa, mislim da je ovo kako sam im rekao na po\u010detku kapitalni projekt ovdje u selu.&nbsp;Ovim doga\u0111ajem i dana\u0161njim blagoslovom rekao bih kako je ispravljena mala nepravda u na\u0161oj \u017eupi Humac koja ima 10 filijala, od kojih samo Prolog nije imao adekvatnu crkvu.&nbsp;I evo, ono \u0161to je mene jo\u0161 bodrilo u ovome radu i izgradnji ove crkve jesu vjernici, ljudi, evo i Jure i Gojo i ostali koji su nekako \u017eivjeli s crkvom, rasli s crkvom, radovali se napretku crkve, zavr\u0161etku crkve i to je nama isto bio sve\u0107enicima stimulans da idemo naprijed i da dovr\u0161imo ovo dijelo Bo\u017eje.&#8221; kazao je fra Dario.<\/p>\n\n\n\n<p>\u201eVeliki je ovo doga\u0111aj za nas, zadovoljstvo mi je vidjeti ovu lijepu crkvu, prekrasno je ure\u0111ena, ovdje do\u0111emo na groblje, obi\u0111emo po\u010divali\u0161te na\u0161ih dragih, moje obitelji. Sada \u0107emo do\u0107i pomoliti se za njih u crkvi i to je jedan poseban osje\u0107aj.\u201c kazuje nam Milenka Herceg.<\/p>\n\n\n\n<p>\ud83d\udd0a Poslu\u0161ajte audiozapis u nastavku<\/p>\n\n\n\n<figure class=\"wp-block-audio\"><audio controls src=\"https:\/\/radioljubuski.ba\/wp-content\/uploads\/2025\/10\/Prolog-prilog-o-crkvi.mp3\"><\/audio><\/figure>\n\n\n\n<blockquote class=\"instagram-media\" data-instgrm-captioned data-instgrm-permalink=\"https:\/\/www.instagram.com\/reel\/DPt_UrijSYw\/?utm_source=ig_embed&amp;utm_campaign=loading\" data-instgrm-version=\"14\" style=\" background:#FFF; border:0; border-radius:3px; box-shadow:0 0 1px 0 rgba(0,0,0,0.5),0 1px 10px 0 rgba(0,0,0,0.15); margin: 1px; max-width:540px; min-width:326px; padding:0; width:99.375%; width:-webkit-calc(100% - 2px); width:calc(100% - 2px);\"><div style=\"padding:16px;\"> <a href=\"https:\/\/www.instagram.com\/reel\/DPt_UrijSYw\/?utm_source=ig_embed&amp;utm_campaign=loading\" style=\" background:#FFFFFF; line-height:0; padding:0 0; text-align:center; text-decoration:none; width:100%;\" target=\"_blank\"> <div style=\" display: flex; flex-direction: row; align-items: center;\"> <div style=\"background-color: #F4F4F4; border-radius: 50%; flex-grow: 0; height: 40px; margin-right: 14px; width: 40px;\"><\/div> <div style=\"display: flex; flex-direction: column; flex-grow: 1; justify-content: center;\"> <div style=\" background-color: #F4F4F4; border-radius: 4px; flex-grow: 0; height: 14px; margin-bottom: 6px; width: 100px;\"><\/div> <div style=\" background-color: #F4F4F4; border-radius: 4px; flex-grow: 0; height: 14px; width: 60px;\"><\/div><\/div><\/div><div style=\"padding: 19% 0;\"><\/div> <div style=\"display:block; height:50px; margin:0 auto 12px; width:50px;\"><svg width=\"50px\" height=\"50px\" viewBox=\"0 0 60 60\" version=\"1.1\" xmlns=\"https:\/\/www.w3.org\/2000\/svg\" xmlns:xlink=\"https:\/\/www.w3.org\/1999\/xlink\"><g stroke=\"none\" stroke-width=\"1\" fill=\"none\" fill-rule=\"evenodd\"><g transform=\"translate(-511.000000, -20.000000)\" fill=\"#000000\"><g><path d=\"M556.869,30.41 C554.814,30.41 553.148,32.076 553.148,34.131 C553.148,36.186 554.814,37.852 556.869,37.852 C558.924,37.852 560.59,36.186 560.59,34.131 C560.59,32.076 558.924,30.41 556.869,30.41 M541,60.657 C535.114,60.657 530.342,55.887 530.342,50 C530.342,44.114 535.114,39.342 541,39.342 C546.887,39.342 551.658,44.114 551.658,50 C551.658,55.887 546.887,60.657 541,60.657 M541,33.886 C532.1,33.886 524.886,41.1 524.886,50 C524.886,58.899 532.1,66.113 541,66.113 C549.9,66.113 557.115,58.899 557.115,50 C557.115,41.1 549.9,33.886 541,33.886 M565.378,62.101 C565.244,65.022 564.756,66.606 564.346,67.663 C563.803,69.06 563.154,70.057 562.106,71.106 C561.058,72.155 560.06,72.803 558.662,73.347 C557.607,73.757 556.021,74.244 553.102,74.378 C549.944,74.521 548.997,74.552 541,74.552 C533.003,74.552 532.056,74.521 528.898,74.378 C525.979,74.244 524.393,73.757 523.338,73.347 C521.94,72.803 520.942,72.155 519.894,71.106 C518.846,70.057 518.197,69.06 517.654,67.663 C517.244,66.606 516.755,65.022 516.623,62.101 C516.479,58.943 516.448,57.996 516.448,50 C516.448,42.003 516.479,41.056 516.623,37.899 C516.755,34.978 517.244,33.391 517.654,32.338 C518.197,30.938 518.846,29.942 519.894,28.894 C520.942,27.846 521.94,27.196 523.338,26.654 C524.393,26.244 525.979,25.756 528.898,25.623 C532.057,25.479 533.004,25.448 541,25.448 C548.997,25.448 549.943,25.479 553.102,25.623 C556.021,25.756 557.607,26.244 558.662,26.654 C560.06,27.196 561.058,27.846 562.106,28.894 C563.154,29.942 563.803,30.938 564.346,32.338 C564.756,33.391 565.244,34.978 565.378,37.899 C565.522,41.056 565.552,42.003 565.552,50 C565.552,57.996 565.522,58.943 565.378,62.101 M570.82,37.631 C570.674,34.438 570.167,32.258 569.425,30.349 C568.659,28.377 567.633,26.702 565.965,25.035 C564.297,23.368 562.623,22.342 560.652,21.575 C558.743,20.834 556.562,20.326 553.369,20.18 C550.169,20.033 549.148,20 541,20 C532.853,20 531.831,20.033 528.631,20.18 C525.438,20.326 523.257,20.834 521.349,21.575 C519.376,22.342 517.703,23.368 516.035,25.035 C514.368,26.702 513.342,28.377 512.574,30.349 C511.834,32.258 511.326,34.438 511.181,37.631 C511.035,40.831 511,41.851 511,50 C511,58.147 511.035,59.17 511.181,62.369 C511.326,65.562 511.834,67.743 512.574,69.651 C513.342,71.625 514.368,73.296 516.035,74.965 C517.703,76.634 519.376,77.658 521.349,78.425 C523.257,79.167 525.438,79.673 528.631,79.82 C531.831,79.965 532.853,80.001 541,80.001 C549.148,80.001 550.169,79.965 553.369,79.82 C556.562,79.673 558.743,79.167 560.652,78.425 C562.623,77.658 564.297,76.634 565.965,74.965 C567.633,73.296 568.659,71.625 569.425,69.651 C570.167,67.743 570.674,65.562 570.82,62.369 C570.966,59.17 571,58.147 571,50 C571,41.851 570.966,40.831 570.82,37.631\"><\/path><\/g><\/g><\/g><\/svg><\/div><div style=\"padding-top: 8px;\"> <div style=\" color:#3897f0; font-family:Arial,sans-serif; font-size:14px; font-style:normal; font-weight:550; line-height:18px;\">Pogledajte ovu objavu na Instagramu.<\/div><\/div><div style=\"padding: 12.5% 0;\"><\/div> <div style=\"display: flex; flex-direction: row; margin-bottom: 14px; align-items: center;\"><div> <div style=\"background-color: #F4F4F4; border-radius: 50%; height: 12.5px; width: 12.5px; transform: translateX(0px) translateY(7px);\"><\/div> <div style=\"background-color: #F4F4F4; height: 12.5px; transform: rotate(-45deg) translateX(3px) translateY(1px); width: 12.5px; flex-grow: 0; margin-right: 14px; margin-left: 2px;\"><\/div> <div style=\"background-color: #F4F4F4; border-radius: 50%; height: 12.5px; width: 12.5px; transform: translateX(9px) translateY(-18px);\"><\/div><\/div><div style=\"margin-left: 8px;\"> <div style=\" background-color: #F4F4F4; border-radius: 50%; flex-grow: 0; height: 20px; width: 20px;\"><\/div> <div style=\" width: 0; height: 0; border-top: 2px solid transparent; border-left: 6px solid #f4f4f4; border-bottom: 2px solid transparent; transform: translateX(16px) translateY(-4px) rotate(30deg)\"><\/div><\/div><div style=\"margin-left: auto;\"> <div style=\" width: 0px; border-top: 8px solid #F4F4F4; border-right: 8px solid transparent; transform: translateY(16px);\"><\/div> <div style=\" background-color: #F4F4F4; flex-grow: 0; height: 12px; width: 16px; transform: translateY(-4px);\"><\/div> <div style=\" width: 0; height: 0; border-top: 8px solid #F4F4F4; border-left: 8px solid transparent; transform: translateY(-4px) translateX(8px);\"><\/div><\/div><\/div> <div style=\"display: flex; flex-direction: column; flex-grow: 1; justify-content: center; margin-bottom: 24px;\"> <div style=\" background-color: #F4F4F4; border-radius: 4px; flex-grow: 0; height: 14px; margin-bottom: 6px; width: 224px;\"><\/div> <div style=\" background-color: #F4F4F4; border-radius: 4px; flex-grow: 0; height: 14px; width: 144px;\"><\/div><\/div><\/a><p style=\" color:#c9c8cd; font-family:Arial,sans-serif; font-size:14px; line-height:17px; margin-bottom:0; margin-top:8px; overflow:hidden; padding:8px 0 7px; text-align:center; text-overflow:ellipsis; white-space:nowrap;\"><a href=\"https:\/\/www.instagram.com\/reel\/DPt_UrijSYw\/?utm_source=ig_embed&amp;utm_campaign=loading\" style=\" color:#c9c8cd; font-family:Arial,sans-serif; font-size:14px; font-style:normal; font-weight:normal; line-height:17px; text-decoration:none;\" target=\"_blank\">Objavu dijeli Radio Ljubu\u0161ki\ud83d\udcfb (@radio_ljubuski)<\/a><\/p><\/div><\/blockquote>\n<script async src=\"\/\/www.instagram.com\/embed.js\"><\/script>\n\n\n\n<h3 class=\"wp-block-heading\">Poslu\u0161ajte propovijed biskupa Petra Pali\u0107a u Prologu:<\/h3>\n\n\n\n<figure class=\"wp-block-audio\"><audio controls src=\"https:\/\/radioljubuski.ba\/wp-content\/uploads\/2025\/10\/Biskup-Petar-Palic-Prolog.mp3\"><\/audio><\/figure>\n\n\n\n<p><a href=\"https:\/\/www.jabuka.tv\/poslusajte-propovijed-biskupa-petra-palica-u-knespolju\/\"><\/a><strong>Pogledajte fotogaleriju:<\/strong><\/p>\n\n\n\n<figure class=\"wp-block-gallery has-nested-images columns-default is-cropped wp-block-gallery-3 is-layout-flex wp-block-gallery-is-layout-flex\">\n<figure class=\"wp-block-image size-large\"><img loading=\"lazy\" decoding=\"async\" width=\"1024\" height=\"1024\" data-id=\"221434\" src=\"https:\/\/radioljubuski.ba\/wp-content\/uploads\/2025\/10\/IMG_20251012_164211-1024x1024.jpg\" alt=\"\" class=\"wp-image-221434\" srcset=\"https:\/\/radioljubuski.ba\/wp-content\/uploads\/2025\/10\/IMG_20251012_164211-1024x1024.jpg 1024w, https:\/\/radioljubuski.ba\/wp-content\/uploads\/2025\/10\/IMG_20251012_164211-300x300.jpg 300w, https:\/\/radioljubuski.ba\/wp-content\/uploads\/2025\/10\/IMG_20251012_164211-150x150.jpg 150w, https:\/\/radioljubuski.ba\/wp-content\/uploads\/2025\/10\/IMG_20251012_164211-768x768.jpg 768w, https:\/\/radioljubuski.ba\/wp-content\/uploads\/2025\/10\/IMG_20251012_164211-1536x1536.jpg 1536w, https:\/\/radioljubuski.ba\/wp-content\/uploads\/2025\/10\/IMG_20251012_164211-2048x2048.jpg 2048w, https:\/\/radioljubuski.ba\/wp-content\/uploads\/2025\/10\/IMG_20251012_164211-12x12.jpg 12w, https:\/\/radioljubuski.ba\/wp-content\/uploads\/2025\/10\/IMG_20251012_164211-64x64.jpg 64w, https:\/\/radioljubuski.ba\/wp-content\/uploads\/2025\/10\/IMG_20251012_164211-560x560.jpg 560w\" sizes=\"auto, (max-width: 1024px) 100vw, 1024px\" \/><\/figure>\n\n\n\n<figure class=\"wp-block-image size-large\"><img loading=\"lazy\" decoding=\"async\" width=\"1024\" height=\"1024\" data-id=\"221435\" src=\"https:\/\/radioljubuski.ba\/wp-content\/uploads\/2025\/10\/IMG_20251012_161502-1024x1024.jpg\" alt=\"\" class=\"wp-image-221435\" srcset=\"https:\/\/radioljubuski.ba\/wp-content\/uploads\/2025\/10\/IMG_20251012_161502-1024x1024.jpg 1024w, https:\/\/radioljubuski.ba\/wp-content\/uploads\/2025\/10\/IMG_20251012_161502-300x300.jpg 300w, https:\/\/radioljubuski.ba\/wp-content\/uploads\/2025\/10\/IMG_20251012_161502-150x150.jpg 150w, https:\/\/radioljubuski.ba\/wp-content\/uploads\/2025\/10\/IMG_20251012_161502-768x768.jpg 768w, https:\/\/radioljubuski.ba\/wp-content\/uploads\/2025\/10\/IMG_20251012_161502-1536x1536.jpg 1536w, https:\/\/radioljubuski.ba\/wp-content\/uploads\/2025\/10\/IMG_20251012_161502-2048x2048.jpg 2048w, https:\/\/radioljubuski.ba\/wp-content\/uploads\/2025\/10\/IMG_20251012_161502-12x12.jpg 12w, https:\/\/radioljubuski.ba\/wp-content\/uploads\/2025\/10\/IMG_20251012_161502-64x64.jpg 64w, https:\/\/radioljubuski.ba\/wp-content\/uploads\/2025\/10\/IMG_20251012_161502-560x560.jpg 560w\" sizes=\"auto, (max-width: 1024px) 100vw, 1024px\" \/><\/figure>\n<\/figure>\n\n\n\n<figure class=\"wp-block-gallery has-nested-images columns-default is-cropped wp-block-gallery-4 is-layout-flex wp-block-gallery-is-layout-flex\">\n<figure class=\"wp-block-image size-large\"><img loading=\"lazy\" decoding=\"async\" width=\"1024\" height=\"683\" data-id=\"221359\" src=\"https:\/\/radioljubuski.ba\/wp-content\/uploads\/2025\/10\/3P0A4045-1024x683.jpg\" alt=\"\" class=\"wp-image-221359\" srcset=\"https:\/\/radioljubuski.ba\/wp-content\/uploads\/2025\/10\/3P0A4045-1024x683.jpg 1024w, https:\/\/radioljubuski.ba\/wp-content\/uploads\/2025\/10\/3P0A4045-300x200.jpg 300w, https:\/\/radioljubuski.ba\/wp-content\/uploads\/2025\/10\/3P0A4045-768x512.jpg 768w, https:\/\/radioljubuski.ba\/wp-content\/uploads\/2025\/10\/3P0A4045-1536x1024.jpg 1536w, https:\/\/radioljubuski.ba\/wp-content\/uploads\/2025\/10\/3P0A4045-2048x1365.jpg 2048w, https:\/\/radioljubuski.ba\/wp-content\/uploads\/2025\/10\/3P0A4045-18x12.jpg 18w\" sizes=\"auto, (max-width: 1024px) 100vw, 1024px\" \/><\/figure>\n\n\n\n<figure class=\"wp-block-image size-large\"><img loading=\"lazy\" decoding=\"async\" width=\"1024\" height=\"683\" data-id=\"221358\" src=\"https:\/\/radioljubuski.ba\/wp-content\/uploads\/2025\/10\/3P0A4051-1024x683.jpg\" alt=\"\" class=\"wp-image-221358\" srcset=\"https:\/\/radioljubuski.ba\/wp-content\/uploads\/2025\/10\/3P0A4051-1024x683.jpg 1024w, https:\/\/radioljubuski.ba\/wp-content\/uploads\/2025\/10\/3P0A4051-300x200.jpg 300w, https:\/\/radioljubuski.ba\/wp-content\/uploads\/2025\/10\/3P0A4051-768x512.jpg 768w, https:\/\/radioljubuski.ba\/wp-content\/uploads\/2025\/10\/3P0A4051-1536x1024.jpg 1536w, https:\/\/radioljubuski.ba\/wp-content\/uploads\/2025\/10\/3P0A4051-2048x1365.jpg 2048w, https:\/\/radioljubuski.ba\/wp-content\/uploads\/2025\/10\/3P0A4051-18x12.jpg 18w\" sizes=\"auto, (max-width: 1024px) 100vw, 1024px\" \/><\/figure>\n<\/figure>\n\n\n\n<figure class=\"wp-block-gallery has-nested-images columns-default is-cropped wp-block-gallery-5 is-layout-flex wp-block-gallery-is-layout-flex\">\n<figure class=\"wp-block-image size-large\"><img loading=\"lazy\" decoding=\"async\" width=\"1024\" height=\"683\" data-id=\"221356\" src=\"https:\/\/radioljubuski.ba\/wp-content\/uploads\/2025\/10\/3P0A4035-1024x683.jpg\" alt=\"\" class=\"wp-image-221356\" srcset=\"https:\/\/radioljubuski.ba\/wp-content\/uploads\/2025\/10\/3P0A4035-1024x683.jpg 1024w, https:\/\/radioljubuski.ba\/wp-content\/uploads\/2025\/10\/3P0A4035-300x200.jpg 300w, https:\/\/radioljubuski.ba\/wp-content\/uploads\/2025\/10\/3P0A4035-768x512.jpg 768w, https:\/\/radioljubuski.ba\/wp-content\/uploads\/2025\/10\/3P0A4035-1536x1024.jpg 1536w, https:\/\/radioljubuski.ba\/wp-content\/uploads\/2025\/10\/3P0A4035-2048x1365.jpg 2048w, https:\/\/radioljubuski.ba\/wp-content\/uploads\/2025\/10\/3P0A4035-18x12.jpg 18w\" sizes=\"auto, (max-width: 1024px) 100vw, 1024px\" \/><\/figure>\n\n\n\n<figure class=\"wp-block-image size-large\"><img loading=\"lazy\" decoding=\"async\" width=\"1024\" height=\"683\" data-id=\"221357\" src=\"https:\/\/radioljubuski.ba\/wp-content\/uploads\/2025\/10\/3P0A4042-1024x683.jpg\" alt=\"\" class=\"wp-image-221357\" srcset=\"https:\/\/radioljubuski.ba\/wp-content\/uploads\/2025\/10\/3P0A4042-1024x683.jpg 1024w, https:\/\/radioljubuski.ba\/wp-content\/uploads\/2025\/10\/3P0A4042-300x200.jpg 300w, https:\/\/radioljubuski.ba\/wp-content\/uploads\/2025\/10\/3P0A4042-768x512.jpg 768w, https:\/\/radioljubuski.ba\/wp-content\/uploads\/2025\/10\/3P0A4042-1536x1024.jpg 1536w, https:\/\/radioljubuski.ba\/wp-content\/uploads\/2025\/10\/3P0A4042-2048x1365.jpg 2048w, https:\/\/radioljubuski.ba\/wp-content\/uploads\/2025\/10\/3P0A4042-18x12.jpg 18w\" sizes=\"auto, (max-width: 1024px) 100vw, 1024px\" \/><\/figure>\n<\/figure>\n\n\n\n<figure class=\"wp-block-gallery has-nested-images columns-default is-cropped wp-block-gallery-6 is-layout-flex wp-block-gallery-is-layout-flex\">\n<figure class=\"wp-block-image size-large\"><img loading=\"lazy\" decoding=\"async\" width=\"1024\" height=\"683\" data-id=\"221360\" src=\"https:\/\/radioljubuski.ba\/wp-content\/uploads\/2025\/10\/3P0A4052-1024x683.jpg\" alt=\"\" class=\"wp-image-221360\" srcset=\"https:\/\/radioljubuski.ba\/wp-content\/uploads\/2025\/10\/3P0A4052-1024x683.jpg 1024w, https:\/\/radioljubuski.ba\/wp-content\/uploads\/2025\/10\/3P0A4052-300x200.jpg 300w, https:\/\/radioljubuski.ba\/wp-content\/uploads\/2025\/10\/3P0A4052-768x512.jpg 768w, https:\/\/radioljubuski.ba\/wp-content\/uploads\/2025\/10\/3P0A4052-1536x1024.jpg 1536w, https:\/\/radioljubuski.ba\/wp-content\/uploads\/2025\/10\/3P0A4052-2048x1365.jpg 2048w, https:\/\/radioljubuski.ba\/wp-content\/uploads\/2025\/10\/3P0A4052-18x12.jpg 18w\" sizes=\"auto, (max-width: 1024px) 100vw, 1024px\" \/><\/figure>\n\n\n\n<figure class=\"wp-block-image size-large\"><img loading=\"lazy\" decoding=\"async\" width=\"1024\" height=\"683\" data-id=\"221361\" src=\"https:\/\/radioljubuski.ba\/wp-content\/uploads\/2025\/10\/3P0A4053-1024x683.jpg\" alt=\"\" class=\"wp-image-221361\" srcset=\"https:\/\/radioljubuski.ba\/wp-content\/uploads\/2025\/10\/3P0A4053-1024x683.jpg 1024w, https:\/\/radioljubuski.ba\/wp-content\/uploads\/2025\/10\/3P0A4053-300x200.jpg 300w, https:\/\/radioljubuski.ba\/wp-content\/uploads\/2025\/10\/3P0A4053-768x512.jpg 768w, https:\/\/radioljubuski.ba\/wp-content\/uploads\/2025\/10\/3P0A4053-1536x1024.jpg 1536w, https:\/\/radioljubuski.ba\/wp-content\/uploads\/2025\/10\/3P0A4053-2048x1365.jpg 2048w, https:\/\/radioljubuski.ba\/wp-content\/uploads\/2025\/10\/3P0A4053-18x12.jpg 18w\" sizes=\"auto, (max-width: 1024px) 100vw, 1024px\" \/><\/figure>\n<\/figure>\n\n\n\n<figure class=\"wp-block-gallery has-nested-images columns-default is-cropped wp-block-gallery-7 is-layout-flex wp-block-gallery-is-layout-flex\">\n<figure class=\"wp-block-image size-large\"><img loading=\"lazy\" decoding=\"async\" width=\"1024\" height=\"683\" data-id=\"221363\" src=\"https:\/\/radioljubuski.ba\/wp-content\/uploads\/2025\/10\/3P0A4054-1024x683.jpg\" alt=\"\" class=\"wp-image-221363\" srcset=\"https:\/\/radioljubuski.ba\/wp-content\/uploads\/2025\/10\/3P0A4054-1024x683.jpg 1024w, https:\/\/radioljubuski.ba\/wp-content\/uploads\/2025\/10\/3P0A4054-300x200.jpg 300w, https:\/\/radioljubuski.ba\/wp-content\/uploads\/2025\/10\/3P0A4054-768x512.jpg 768w, https:\/\/radioljubuski.ba\/wp-content\/uploads\/2025\/10\/3P0A4054-1536x1024.jpg 1536w, https:\/\/radioljubuski.ba\/wp-content\/uploads\/2025\/10\/3P0A4054-2048x1365.jpg 2048w, https:\/\/radioljubuski.ba\/wp-content\/uploads\/2025\/10\/3P0A4054-18x12.jpg 18w\" sizes=\"auto, (max-width: 1024px) 100vw, 1024px\" \/><\/figure>\n\n\n\n<figure class=\"wp-block-image size-large\"><img loading=\"lazy\" decoding=\"async\" width=\"1024\" height=\"683\" data-id=\"221362\" src=\"https:\/\/radioljubuski.ba\/wp-content\/uploads\/2025\/10\/3P0A4055-1024x683.jpg\" alt=\"\" class=\"wp-image-221362\" srcset=\"https:\/\/radioljubuski.ba\/wp-content\/uploads\/2025\/10\/3P0A4055-1024x683.jpg 1024w, https:\/\/radioljubuski.ba\/wp-content\/uploads\/2025\/10\/3P0A4055-300x200.jpg 300w, https:\/\/radioljubuski.ba\/wp-content\/uploads\/2025\/10\/3P0A4055-768x512.jpg 768w, https:\/\/radioljubuski.ba\/wp-content\/uploads\/2025\/10\/3P0A4055-1536x1024.jpg 1536w, https:\/\/radioljubuski.ba\/wp-content\/uploads\/2025\/10\/3P0A4055-2048x1365.jpg 2048w, https:\/\/radioljubuski.ba\/wp-content\/uploads\/2025\/10\/3P0A4055-18x12.jpg 18w\" sizes=\"auto, (max-width: 1024px) 100vw, 1024px\" \/><\/figure>\n<\/figure>\n\n\n\n<figure class=\"wp-block-gallery has-nested-images columns-default is-cropped wp-block-gallery-8 is-layout-flex wp-block-gallery-is-layout-flex\">\n<figure class=\"wp-block-image size-large\"><img loading=\"lazy\" decoding=\"async\" width=\"1024\" height=\"683\" data-id=\"221364\" src=\"https:\/\/radioljubuski.ba\/wp-content\/uploads\/2025\/10\/3P0A4058-1024x683.jpg\" alt=\"\" class=\"wp-image-221364\" srcset=\"https:\/\/radioljubuski.ba\/wp-content\/uploads\/2025\/10\/3P0A4058-1024x683.jpg 1024w, https:\/\/radioljubuski.ba\/wp-content\/uploads\/2025\/10\/3P0A4058-300x200.jpg 300w, https:\/\/radioljubuski.ba\/wp-content\/uploads\/2025\/10\/3P0A4058-768x512.jpg 768w, https:\/\/radioljubuski.ba\/wp-content\/uploads\/2025\/10\/3P0A4058-1536x1024.jpg 1536w, https:\/\/radioljubuski.ba\/wp-content\/uploads\/2025\/10\/3P0A4058-2048x1365.jpg 2048w, https:\/\/radioljubuski.ba\/wp-content\/uploads\/2025\/10\/3P0A4058-18x12.jpg 18w\" sizes=\"auto, (max-width: 1024px) 100vw, 1024px\" \/><\/figure>\n\n\n\n<figure class=\"wp-block-image size-large\"><img loading=\"lazy\" decoding=\"async\" width=\"1024\" height=\"683\" data-id=\"221365\" src=\"https:\/\/radioljubuski.ba\/wp-content\/uploads\/2025\/10\/3P0A4059-1024x683.jpg\" alt=\"\" class=\"wp-image-221365\" srcset=\"https:\/\/radioljubuski.ba\/wp-content\/uploads\/2025\/10\/3P0A4059-1024x683.jpg 1024w, https:\/\/radioljubuski.ba\/wp-content\/uploads\/2025\/10\/3P0A4059-300x200.jpg 300w, https:\/\/radioljubuski.ba\/wp-content\/uploads\/2025\/10\/3P0A4059-768x512.jpg 768w, https:\/\/radioljubuski.ba\/wp-content\/uploads\/2025\/10\/3P0A4059-1536x1024.jpg 1536w, https:\/\/radioljubuski.ba\/wp-content\/uploads\/2025\/10\/3P0A4059-2048x1365.jpg 2048w, https:\/\/radioljubuski.ba\/wp-content\/uploads\/2025\/10\/3P0A4059-18x12.jpg 18w\" sizes=\"auto, (max-width: 1024px) 100vw, 1024px\" \/><\/figure>\n<\/figure>\n\n\n\n<figure class=\"wp-block-gallery has-nested-images columns-default is-cropped wp-block-gallery-9 is-layout-flex wp-block-gallery-is-layout-flex\">\n<figure class=\"wp-block-image size-large\"><img loading=\"lazy\" decoding=\"async\" width=\"1024\" height=\"683\" data-id=\"221366\" src=\"https:\/\/radioljubuski.ba\/wp-content\/uploads\/2025\/10\/3P0A4065-1024x683.jpg\" alt=\"\" class=\"wp-image-221366\" srcset=\"https:\/\/radioljubuski.ba\/wp-content\/uploads\/2025\/10\/3P0A4065-1024x683.jpg 1024w, https:\/\/radioljubuski.ba\/wp-content\/uploads\/2025\/10\/3P0A4065-300x200.jpg 300w, https:\/\/radioljubuski.ba\/wp-content\/uploads\/2025\/10\/3P0A4065-768x512.jpg 768w, https:\/\/radioljubuski.ba\/wp-content\/uploads\/2025\/10\/3P0A4065-1536x1024.jpg 1536w, https:\/\/radioljubuski.ba\/wp-content\/uploads\/2025\/10\/3P0A4065-2048x1365.jpg 2048w, https:\/\/radioljubuski.ba\/wp-content\/uploads\/2025\/10\/3P0A4065-18x12.jpg 18w\" sizes=\"auto, (max-width: 1024px) 100vw, 1024px\" \/><\/figure>\n\n\n\n<figure class=\"wp-block-image size-large\"><img loading=\"lazy\" decoding=\"async\" width=\"1024\" height=\"683\" data-id=\"221367\" src=\"https:\/\/radioljubuski.ba\/wp-content\/uploads\/2025\/10\/3P0A4068-1024x683.jpg\" alt=\"\" class=\"wp-image-221367\" srcset=\"https:\/\/radioljubuski.ba\/wp-content\/uploads\/2025\/10\/3P0A4068-1024x683.jpg 1024w, https:\/\/radioljubuski.ba\/wp-content\/uploads\/2025\/10\/3P0A4068-300x200.jpg 300w, https:\/\/radioljubuski.ba\/wp-content\/uploads\/2025\/10\/3P0A4068-768x512.jpg 768w, https:\/\/radioljubuski.ba\/wp-content\/uploads\/2025\/10\/3P0A4068-1536x1024.jpg 1536w, https:\/\/radioljubuski.ba\/wp-content\/uploads\/2025\/10\/3P0A4068-2048x1365.jpg 2048w, https:\/\/radioljubuski.ba\/wp-content\/uploads\/2025\/10\/3P0A4068-18x12.jpg 18w\" sizes=\"auto, (max-width: 1024px) 100vw, 1024px\" \/><\/figure>\n<\/figure>\n\n\n\n<figure class=\"wp-block-gallery has-nested-images columns-default is-cropped wp-block-gallery-10 is-layout-flex wp-block-gallery-is-layout-flex\">\n<figure class=\"wp-block-image size-large\"><img loading=\"lazy\" decoding=\"async\" width=\"1024\" height=\"683\" data-id=\"221369\" src=\"https:\/\/radioljubuski.ba\/wp-content\/uploads\/2025\/10\/3P0A4070-1024x683.jpg\" alt=\"\" class=\"wp-image-221369\" srcset=\"https:\/\/radioljubuski.ba\/wp-content\/uploads\/2025\/10\/3P0A4070-1024x683.jpg 1024w, https:\/\/radioljubuski.ba\/wp-content\/uploads\/2025\/10\/3P0A4070-300x200.jpg 300w, https:\/\/radioljubuski.ba\/wp-content\/uploads\/2025\/10\/3P0A4070-768x512.jpg 768w, https:\/\/radioljubuski.ba\/wp-content\/uploads\/2025\/10\/3P0A4070-1536x1024.jpg 1536w, https:\/\/radioljubuski.ba\/wp-content\/uploads\/2025\/10\/3P0A4070-2048x1365.jpg 2048w, https:\/\/radioljubuski.ba\/wp-content\/uploads\/2025\/10\/3P0A4070-18x12.jpg 18w\" sizes=\"auto, (max-width: 1024px) 100vw, 1024px\" \/><\/figure>\n\n\n\n<figure class=\"wp-block-image size-large\"><img loading=\"lazy\" decoding=\"async\" width=\"1024\" height=\"683\" data-id=\"221368\" src=\"https:\/\/radioljubuski.ba\/wp-content\/uploads\/2025\/10\/3P0A4072-1024x683.jpg\" alt=\"\" class=\"wp-image-221368\" srcset=\"https:\/\/radioljubuski.ba\/wp-content\/uploads\/2025\/10\/3P0A4072-1024x683.jpg 1024w, https:\/\/radioljubuski.ba\/wp-content\/uploads\/2025\/10\/3P0A4072-300x200.jpg 300w, https:\/\/radioljubuski.ba\/wp-content\/uploads\/2025\/10\/3P0A4072-768x512.jpg 768w, https:\/\/radioljubuski.ba\/wp-content\/uploads\/2025\/10\/3P0A4072-1536x1024.jpg 1536w, https:\/\/radioljubuski.ba\/wp-content\/uploads\/2025\/10\/3P0A4072-2048x1365.jpg 2048w, https:\/\/radioljubuski.ba\/wp-content\/uploads\/2025\/10\/3P0A4072-18x12.jpg 18w\" sizes=\"auto, (max-width: 1024px) 100vw, 1024px\" \/><\/figure>\n<\/figure>\n\n\n\n<figure class=\"wp-block-gallery has-nested-images columns-default is-cropped wp-block-gallery-11 is-layout-flex wp-block-gallery-is-layout-flex\">\n<figure class=\"wp-block-image size-large\"><img loading=\"lazy\" decoding=\"async\" width=\"1024\" height=\"683\" data-id=\"221370\" src=\"https:\/\/radioljubuski.ba\/wp-content\/uploads\/2025\/10\/3P0A4076-1024x683.jpg\" alt=\"\" class=\"wp-image-221370\" srcset=\"https:\/\/radioljubuski.ba\/wp-content\/uploads\/2025\/10\/3P0A4076-1024x683.jpg 1024w, https:\/\/radioljubuski.ba\/wp-content\/uploads\/2025\/10\/3P0A4076-300x200.jpg 300w, https:\/\/radioljubuski.ba\/wp-content\/uploads\/2025\/10\/3P0A4076-768x512.jpg 768w, https:\/\/radioljubuski.ba\/wp-content\/uploads\/2025\/10\/3P0A4076-1536x1024.jpg 1536w, https:\/\/radioljubuski.ba\/wp-content\/uploads\/2025\/10\/3P0A4076-2048x1365.jpg 2048w, https:\/\/radioljubuski.ba\/wp-content\/uploads\/2025\/10\/3P0A4076-18x12.jpg 18w\" sizes=\"auto, (max-width: 1024px) 100vw, 1024px\" \/><\/figure>\n\n\n\n<figure class=\"wp-block-image size-large\"><img loading=\"lazy\" decoding=\"async\" width=\"1024\" height=\"683\" data-id=\"221371\" src=\"https:\/\/radioljubuski.ba\/wp-content\/uploads\/2025\/10\/3P0A4077-1024x683.jpg\" alt=\"\" class=\"wp-image-221371\" srcset=\"https:\/\/radioljubuski.ba\/wp-content\/uploads\/2025\/10\/3P0A4077-1024x683.jpg 1024w, https:\/\/radioljubuski.ba\/wp-content\/uploads\/2025\/10\/3P0A4077-300x200.jpg 300w, https:\/\/radioljubuski.ba\/wp-content\/uploads\/2025\/10\/3P0A4077-768x512.jpg 768w, https:\/\/radioljubuski.ba\/wp-content\/uploads\/2025\/10\/3P0A4077-1536x1024.jpg 1536w, https:\/\/radioljubuski.ba\/wp-content\/uploads\/2025\/10\/3P0A4077-2048x1365.jpg 2048w, https:\/\/radioljubuski.ba\/wp-content\/uploads\/2025\/10\/3P0A4077-18x12.jpg 18w\" sizes=\"auto, (max-width: 1024px) 100vw, 1024px\" \/><\/figure>\n<\/figure>\n\n\n\n<figure class=\"wp-block-gallery has-nested-images columns-default is-cropped wp-block-gallery-12 is-layout-flex wp-block-gallery-is-layout-flex\">\n<figure class=\"wp-block-image size-large\"><img loading=\"lazy\" decoding=\"async\" width=\"1024\" height=\"683\" data-id=\"221372\" src=\"https:\/\/radioljubuski.ba\/wp-content\/uploads\/2025\/10\/3P0A4057-1024x683.jpg\" alt=\"\" class=\"wp-image-221372\" srcset=\"https:\/\/radioljubuski.ba\/wp-content\/uploads\/2025\/10\/3P0A4057-1024x683.jpg 1024w, https:\/\/radioljubuski.ba\/wp-content\/uploads\/2025\/10\/3P0A4057-300x200.jpg 300w, https:\/\/radioljubuski.ba\/wp-content\/uploads\/2025\/10\/3P0A4057-768x512.jpg 768w, https:\/\/radioljubuski.ba\/wp-content\/uploads\/2025\/10\/3P0A4057-1536x1024.jpg 1536w, https:\/\/radioljubuski.ba\/wp-content\/uploads\/2025\/10\/3P0A4057-2048x1365.jpg 2048w, https:\/\/radioljubuski.ba\/wp-content\/uploads\/2025\/10\/3P0A4057-18x12.jpg 18w\" sizes=\"auto, (max-width: 1024px) 100vw, 1024px\" \/><\/figure>\n\n\n\n<figure class=\"wp-block-image size-large\"><img loading=\"lazy\" decoding=\"async\" width=\"1024\" height=\"683\" data-id=\"221373\" src=\"https:\/\/radioljubuski.ba\/wp-content\/uploads\/2025\/10\/3P0A4078-1024x683.jpg\" alt=\"\" class=\"wp-image-221373\" srcset=\"https:\/\/radioljubuski.ba\/wp-content\/uploads\/2025\/10\/3P0A4078-1024x683.jpg 1024w, https:\/\/radioljubuski.ba\/wp-content\/uploads\/2025\/10\/3P0A4078-300x200.jpg 300w, https:\/\/radioljubuski.ba\/wp-content\/uploads\/2025\/10\/3P0A4078-768x512.jpg 768w, https:\/\/radioljubuski.ba\/wp-content\/uploads\/2025\/10\/3P0A4078-1536x1024.jpg 1536w, https:\/\/radioljubuski.ba\/wp-content\/uploads\/2025\/10\/3P0A4078-2048x1365.jpg 2048w, https:\/\/radioljubuski.ba\/wp-content\/uploads\/2025\/10\/3P0A4078-18x12.jpg 18w\" sizes=\"auto, (max-width: 1024px) 100vw, 1024px\" \/><\/figure>\n<\/figure>\n\n\n\n<figure class=\"wp-block-gallery has-nested-images columns-default is-cropped wp-block-gallery-13 is-layout-flex wp-block-gallery-is-layout-flex\">\n<figure class=\"wp-block-image size-large\"><img loading=\"lazy\" decoding=\"async\" width=\"1024\" height=\"683\" data-id=\"221376\" src=\"https:\/\/radioljubuski.ba\/wp-content\/uploads\/2025\/10\/3P0A4083-1024x683.jpg\" alt=\"\" class=\"wp-image-221376\" srcset=\"https:\/\/radioljubuski.ba\/wp-content\/uploads\/2025\/10\/3P0A4083-1024x683.jpg 1024w, https:\/\/radioljubuski.ba\/wp-content\/uploads\/2025\/10\/3P0A4083-300x200.jpg 300w, https:\/\/radioljubuski.ba\/wp-content\/uploads\/2025\/10\/3P0A4083-768x512.jpg 768w, https:\/\/radioljubuski.ba\/wp-content\/uploads\/2025\/10\/3P0A4083-1536x1024.jpg 1536w, https:\/\/radioljubuski.ba\/wp-content\/uploads\/2025\/10\/3P0A4083-2048x1365.jpg 2048w, https:\/\/radioljubuski.ba\/wp-content\/uploads\/2025\/10\/3P0A4083-18x12.jpg 18w\" sizes=\"auto, (max-width: 1024px) 100vw, 1024px\" \/><\/figure>\n\n\n\n<figure class=\"wp-block-image size-large\"><img loading=\"lazy\" decoding=\"async\" width=\"1024\" height=\"683\" data-id=\"221377\" src=\"https:\/\/radioljubuski.ba\/wp-content\/uploads\/2025\/10\/3P0A4084-1024x683.jpg\" alt=\"\" class=\"wp-image-221377\" srcset=\"https:\/\/radioljubuski.ba\/wp-content\/uploads\/2025\/10\/3P0A4084-1024x683.jpg 1024w, https:\/\/radioljubuski.ba\/wp-content\/uploads\/2025\/10\/3P0A4084-300x200.jpg 300w, https:\/\/radioljubuski.ba\/wp-content\/uploads\/2025\/10\/3P0A4084-768x512.jpg 768w, https:\/\/radioljubuski.ba\/wp-content\/uploads\/2025\/10\/3P0A4084-1536x1024.jpg 1536w, https:\/\/radioljubuski.ba\/wp-content\/uploads\/2025\/10\/3P0A4084-2048x1365.jpg 2048w, https:\/\/radioljubuski.ba\/wp-content\/uploads\/2025\/10\/3P0A4084-18x12.jpg 18w\" sizes=\"auto, (max-width: 1024px) 100vw, 1024px\" \/><\/figure>\n<\/figure>\n\n\n\n<figure class=\"wp-block-gallery has-nested-images columns-default is-cropped wp-block-gallery-14 is-layout-flex wp-block-gallery-is-layout-flex\">\n<figure class=\"wp-block-image size-large\"><img loading=\"lazy\" decoding=\"async\" width=\"1024\" height=\"683\" data-id=\"221382\" src=\"https:\/\/radioljubuski.ba\/wp-content\/uploads\/2025\/10\/3P0A4090-1-1024x683.jpg\" alt=\"\" class=\"wp-image-221382\" srcset=\"https:\/\/radioljubuski.ba\/wp-content\/uploads\/2025\/10\/3P0A4090-1-1024x683.jpg 1024w, https:\/\/radioljubuski.ba\/wp-content\/uploads\/2025\/10\/3P0A4090-1-300x200.jpg 300w, https:\/\/radioljubuski.ba\/wp-content\/uploads\/2025\/10\/3P0A4090-1-768x512.jpg 768w, https:\/\/radioljubuski.ba\/wp-content\/uploads\/2025\/10\/3P0A4090-1-1536x1024.jpg 1536w, https:\/\/radioljubuski.ba\/wp-content\/uploads\/2025\/10\/3P0A4090-1-2048x1365.jpg 2048w, https:\/\/radioljubuski.ba\/wp-content\/uploads\/2025\/10\/3P0A4090-1-18x12.jpg 18w\" sizes=\"auto, (max-width: 1024px) 100vw, 1024px\" \/><\/figure>\n\n\n\n<figure class=\"wp-block-image size-large\"><img loading=\"lazy\" decoding=\"async\" width=\"1024\" height=\"683\" data-id=\"221380\" src=\"https:\/\/radioljubuski.ba\/wp-content\/uploads\/2025\/10\/3P0A4088-1024x683.jpg\" alt=\"\" class=\"wp-image-221380\" srcset=\"https:\/\/radioljubuski.ba\/wp-content\/uploads\/2025\/10\/3P0A4088-1024x683.jpg 1024w, https:\/\/radioljubuski.ba\/wp-content\/uploads\/2025\/10\/3P0A4088-300x200.jpg 300w, https:\/\/radioljubuski.ba\/wp-content\/uploads\/2025\/10\/3P0A4088-768x512.jpg 768w, https:\/\/radioljubuski.ba\/wp-content\/uploads\/2025\/10\/3P0A4088-1536x1024.jpg 1536w, https:\/\/radioljubuski.ba\/wp-content\/uploads\/2025\/10\/3P0A4088-2048x1365.jpg 2048w, https:\/\/radioljubuski.ba\/wp-content\/uploads\/2025\/10\/3P0A4088-18x12.jpg 18w\" sizes=\"auto, (max-width: 1024px) 100vw, 1024px\" \/><\/figure>\n<\/figure>\n\n\n\n<figure class=\"wp-block-gallery has-nested-images columns-default is-cropped wp-block-gallery-15 is-layout-flex wp-block-gallery-is-layout-flex\">\n<figure class=\"wp-block-image size-large\"><img loading=\"lazy\" decoding=\"async\" width=\"1024\" height=\"683\" data-id=\"221383\" src=\"https:\/\/radioljubuski.ba\/wp-content\/uploads\/2025\/10\/3P0A4091-1024x683.jpg\" alt=\"\" class=\"wp-image-221383\" srcset=\"https:\/\/radioljubuski.ba\/wp-content\/uploads\/2025\/10\/3P0A4091-1024x683.jpg 1024w, https:\/\/radioljubuski.ba\/wp-content\/uploads\/2025\/10\/3P0A4091-300x200.jpg 300w, https:\/\/radioljubuski.ba\/wp-content\/uploads\/2025\/10\/3P0A4091-768x512.jpg 768w, https:\/\/radioljubuski.ba\/wp-content\/uploads\/2025\/10\/3P0A4091-1536x1024.jpg 1536w, https:\/\/radioljubuski.ba\/wp-content\/uploads\/2025\/10\/3P0A4091-2048x1365.jpg 2048w, https:\/\/radioljubuski.ba\/wp-content\/uploads\/2025\/10\/3P0A4091-18x12.jpg 18w\" sizes=\"auto, (max-width: 1024px) 100vw, 1024px\" \/><\/figure>\n\n\n\n<figure class=\"wp-block-image size-large\"><img loading=\"lazy\" decoding=\"async\" width=\"1024\" height=\"683\" data-id=\"221378\" src=\"https:\/\/radioljubuski.ba\/wp-content\/uploads\/2025\/10\/3P0A4085-1024x683.jpg\" alt=\"\" class=\"wp-image-221378\" srcset=\"https:\/\/radioljubuski.ba\/wp-content\/uploads\/2025\/10\/3P0A4085-1024x683.jpg 1024w, https:\/\/radioljubuski.ba\/wp-content\/uploads\/2025\/10\/3P0A4085-300x200.jpg 300w, https:\/\/radioljubuski.ba\/wp-content\/uploads\/2025\/10\/3P0A4085-768x512.jpg 768w, https:\/\/radioljubuski.ba\/wp-content\/uploads\/2025\/10\/3P0A4085-1536x1024.jpg 1536w, https:\/\/radioljubuski.ba\/wp-content\/uploads\/2025\/10\/3P0A4085-2048x1365.jpg 2048w, https:\/\/radioljubuski.ba\/wp-content\/uploads\/2025\/10\/3P0A4085-18x12.jpg 18w\" sizes=\"auto, (max-width: 1024px) 100vw, 1024px\" \/><\/figure>\n<\/figure>\n\n\n\n<figure class=\"wp-block-gallery has-nested-images columns-default is-cropped wp-block-gallery-16 is-layout-flex wp-block-gallery-is-layout-flex\">\n<figure class=\"wp-block-image size-large\"><img loading=\"lazy\" decoding=\"async\" width=\"1024\" height=\"683\" data-id=\"221384\" src=\"https:\/\/radioljubuski.ba\/wp-content\/uploads\/2025\/10\/3P0A4108-1024x683.jpg\" alt=\"\" class=\"wp-image-221384\" srcset=\"https:\/\/radioljubuski.ba\/wp-content\/uploads\/2025\/10\/3P0A4108-1024x683.jpg 1024w, https:\/\/radioljubuski.ba\/wp-content\/uploads\/2025\/10\/3P0A4108-300x200.jpg 300w, https:\/\/radioljubuski.ba\/wp-content\/uploads\/2025\/10\/3P0A4108-768x512.jpg 768w, https:\/\/radioljubuski.ba\/wp-content\/uploads\/2025\/10\/3P0A4108-1536x1024.jpg 1536w, https:\/\/radioljubuski.ba\/wp-content\/uploads\/2025\/10\/3P0A4108-2048x1365.jpg 2048w, https:\/\/radioljubuski.ba\/wp-content\/uploads\/2025\/10\/3P0A4108-18x12.jpg 18w\" sizes=\"auto, (max-width: 1024px) 100vw, 1024px\" \/><\/figure>\n\n\n\n<figure class=\"wp-block-image size-large\"><img loading=\"lazy\" decoding=\"async\" width=\"1024\" height=\"683\" data-id=\"221385\" src=\"https:\/\/radioljubuski.ba\/wp-content\/uploads\/2025\/10\/3P0A4110-1024x683.jpg\" alt=\"\" class=\"wp-image-221385\" srcset=\"https:\/\/radioljubuski.ba\/wp-content\/uploads\/2025\/10\/3P0A4110-1024x683.jpg 1024w, https:\/\/radioljubuski.ba\/wp-content\/uploads\/2025\/10\/3P0A4110-300x200.jpg 300w, https:\/\/radioljubuski.ba\/wp-content\/uploads\/2025\/10\/3P0A4110-768x512.jpg 768w, https:\/\/radioljubuski.ba\/wp-content\/uploads\/2025\/10\/3P0A4110-1536x1024.jpg 1536w, https:\/\/radioljubuski.ba\/wp-content\/uploads\/2025\/10\/3P0A4110-2048x1365.jpg 2048w, https:\/\/radioljubuski.ba\/wp-content\/uploads\/2025\/10\/3P0A4110-18x12.jpg 18w\" sizes=\"auto, (max-width: 1024px) 100vw, 1024px\" \/><\/figure>\n<\/figure>\n\n\n\n<figure class=\"wp-block-gallery has-nested-images columns-default is-cropped wp-block-gallery-17 is-layout-flex wp-block-gallery-is-layout-flex\">\n<figure class=\"wp-block-image size-large\"><img loading=\"lazy\" decoding=\"async\" width=\"1024\" height=\"683\" data-id=\"221386\" src=\"https:\/\/radioljubuski.ba\/wp-content\/uploads\/2025\/10\/3P0A4111-1024x683.jpg\" alt=\"\" class=\"wp-image-221386\" srcset=\"https:\/\/radioljubuski.ba\/wp-content\/uploads\/2025\/10\/3P0A4111-1024x683.jpg 1024w, https:\/\/radioljubuski.ba\/wp-content\/uploads\/2025\/10\/3P0A4111-300x200.jpg 300w, https:\/\/radioljubuski.ba\/wp-content\/uploads\/2025\/10\/3P0A4111-768x512.jpg 768w, https:\/\/radioljubuski.ba\/wp-content\/uploads\/2025\/10\/3P0A4111-1536x1024.jpg 1536w, https:\/\/radioljubuski.ba\/wp-content\/uploads\/2025\/10\/3P0A4111-2048x1365.jpg 2048w, https:\/\/radioljubuski.ba\/wp-content\/uploads\/2025\/10\/3P0A4111-18x12.jpg 18w\" sizes=\"auto, (max-width: 1024px) 100vw, 1024px\" \/><\/figure>\n\n\n\n<figure class=\"wp-block-image size-large\"><img loading=\"lazy\" decoding=\"async\" width=\"1024\" height=\"683\" data-id=\"221387\" src=\"https:\/\/radioljubuski.ba\/wp-content\/uploads\/2025\/10\/3P0A4114-1024x683.jpg\" alt=\"\" class=\"wp-image-221387\" srcset=\"https:\/\/radioljubuski.ba\/wp-content\/uploads\/2025\/10\/3P0A4114-1024x683.jpg 1024w, https:\/\/radioljubuski.ba\/wp-content\/uploads\/2025\/10\/3P0A4114-300x200.jpg 300w, https:\/\/radioljubuski.ba\/wp-content\/uploads\/2025\/10\/3P0A4114-768x512.jpg 768w, https:\/\/radioljubuski.ba\/wp-content\/uploads\/2025\/10\/3P0A4114-1536x1024.jpg 1536w, https:\/\/radioljubuski.ba\/wp-content\/uploads\/2025\/10\/3P0A4114-2048x1365.jpg 2048w, https:\/\/radioljubuski.ba\/wp-content\/uploads\/2025\/10\/3P0A4114-18x12.jpg 18w\" sizes=\"auto, (max-width: 1024px) 100vw, 1024px\" \/><\/figure>\n<\/figure>\n\n\n\n<figure class=\"wp-block-gallery has-nested-images columns-default is-cropped wp-block-gallery-18 is-layout-flex wp-block-gallery-is-layout-flex\">\n<figure class=\"wp-block-image size-large\"><img loading=\"lazy\" decoding=\"async\" width=\"1024\" height=\"683\" data-id=\"221388\" src=\"https:\/\/radioljubuski.ba\/wp-content\/uploads\/2025\/10\/3P0A4116-1024x683.jpg\" alt=\"\" class=\"wp-image-221388\" srcset=\"https:\/\/radioljubuski.ba\/wp-content\/uploads\/2025\/10\/3P0A4116-1024x683.jpg 1024w, https:\/\/radioljubuski.ba\/wp-content\/uploads\/2025\/10\/3P0A4116-300x200.jpg 300w, https:\/\/radioljubuski.ba\/wp-content\/uploads\/2025\/10\/3P0A4116-768x512.jpg 768w, https:\/\/radioljubuski.ba\/wp-content\/uploads\/2025\/10\/3P0A4116-1536x1024.jpg 1536w, https:\/\/radioljubuski.ba\/wp-content\/uploads\/2025\/10\/3P0A4116-2048x1365.jpg 2048w, https:\/\/radioljubuski.ba\/wp-content\/uploads\/2025\/10\/3P0A4116-18x12.jpg 18w\" sizes=\"auto, (max-width: 1024px) 100vw, 1024px\" \/><\/figure>\n\n\n\n<figure class=\"wp-block-image size-large\"><img loading=\"lazy\" decoding=\"async\" width=\"1024\" height=\"683\" data-id=\"221389\" src=\"https:\/\/radioljubuski.ba\/wp-content\/uploads\/2025\/10\/3P0A4118-1024x683.jpg\" alt=\"\" class=\"wp-image-221389\" srcset=\"https:\/\/radioljubuski.ba\/wp-content\/uploads\/2025\/10\/3P0A4118-1024x683.jpg 1024w, https:\/\/radioljubuski.ba\/wp-content\/uploads\/2025\/10\/3P0A4118-300x200.jpg 300w, https:\/\/radioljubuski.ba\/wp-content\/uploads\/2025\/10\/3P0A4118-768x512.jpg 768w, https:\/\/radioljubuski.ba\/wp-content\/uploads\/2025\/10\/3P0A4118-1536x1024.jpg 1536w, https:\/\/radioljubuski.ba\/wp-content\/uploads\/2025\/10\/3P0A4118-2048x1365.jpg 2048w, https:\/\/radioljubuski.ba\/wp-content\/uploads\/2025\/10\/3P0A4118-18x12.jpg 18w\" sizes=\"auto, (max-width: 1024px) 100vw, 1024px\" \/><\/figure>\n<\/figure>\n\n\n\n<figure class=\"wp-block-gallery has-nested-images columns-default is-cropped wp-block-gallery-19 is-layout-flex wp-block-gallery-is-layout-flex\">\n<figure class=\"wp-block-image size-large\"><img loading=\"lazy\" decoding=\"async\" width=\"1024\" height=\"683\" data-id=\"221390\" src=\"https:\/\/radioljubuski.ba\/wp-content\/uploads\/2025\/10\/3P0A4122-1024x683.jpg\" alt=\"\" class=\"wp-image-221390\" srcset=\"https:\/\/radioljubuski.ba\/wp-content\/uploads\/2025\/10\/3P0A4122-1024x683.jpg 1024w, https:\/\/radioljubuski.ba\/wp-content\/uploads\/2025\/10\/3P0A4122-300x200.jpg 300w, https:\/\/radioljubuski.ba\/wp-content\/uploads\/2025\/10\/3P0A4122-768x512.jpg 768w, https:\/\/radioljubuski.ba\/wp-content\/uploads\/2025\/10\/3P0A4122-1536x1024.jpg 1536w, https:\/\/radioljubuski.ba\/wp-content\/uploads\/2025\/10\/3P0A4122-2048x1365.jpg 2048w, https:\/\/radioljubuski.ba\/wp-content\/uploads\/2025\/10\/3P0A4122-18x12.jpg 18w\" sizes=\"auto, (max-width: 1024px) 100vw, 1024px\" \/><\/figure>\n\n\n\n<figure class=\"wp-block-image size-large\"><img loading=\"lazy\" decoding=\"async\" width=\"1024\" height=\"683\" data-id=\"221391\" src=\"https:\/\/radioljubuski.ba\/wp-content\/uploads\/2025\/10\/3P0A4123-1024x683.jpg\" alt=\"\" class=\"wp-image-221391\" srcset=\"https:\/\/radioljubuski.ba\/wp-content\/uploads\/2025\/10\/3P0A4123-1024x683.jpg 1024w, https:\/\/radioljubuski.ba\/wp-content\/uploads\/2025\/10\/3P0A4123-300x200.jpg 300w, https:\/\/radioljubuski.ba\/wp-content\/uploads\/2025\/10\/3P0A4123-768x512.jpg 768w, https:\/\/radioljubuski.ba\/wp-content\/uploads\/2025\/10\/3P0A4123-1536x1024.jpg 1536w, https:\/\/radioljubuski.ba\/wp-content\/uploads\/2025\/10\/3P0A4123-2048x1365.jpg 2048w, https:\/\/radioljubuski.ba\/wp-content\/uploads\/2025\/10\/3P0A4123-18x12.jpg 18w\" sizes=\"auto, (max-width: 1024px) 100vw, 1024px\" \/><\/figure>\n<\/figure>\n\n\n\n<figure class=\"wp-block-gallery has-nested-images columns-default is-cropped wp-block-gallery-20 is-layout-flex wp-block-gallery-is-layout-flex\">\n<figure class=\"wp-block-image size-large\"><img loading=\"lazy\" decoding=\"async\" width=\"1024\" height=\"683\" data-id=\"221393\" src=\"https:\/\/radioljubuski.ba\/wp-content\/uploads\/2025\/10\/3P0A4125-1024x683.jpg\" alt=\"\" class=\"wp-image-221393\" srcset=\"https:\/\/radioljubuski.ba\/wp-content\/uploads\/2025\/10\/3P0A4125-1024x683.jpg 1024w, https:\/\/radioljubuski.ba\/wp-content\/uploads\/2025\/10\/3P0A4125-300x200.jpg 300w, https:\/\/radioljubuski.ba\/wp-content\/uploads\/2025\/10\/3P0A4125-768x512.jpg 768w, https:\/\/radioljubuski.ba\/wp-content\/uploads\/2025\/10\/3P0A4125-1536x1024.jpg 1536w, https:\/\/radioljubuski.ba\/wp-content\/uploads\/2025\/10\/3P0A4125-2048x1365.jpg 2048w, https:\/\/radioljubuski.ba\/wp-content\/uploads\/2025\/10\/3P0A4125-18x12.jpg 18w\" sizes=\"auto, (max-width: 1024px) 100vw, 1024px\" \/><\/figure>\n\n\n\n<figure class=\"wp-block-image size-large\"><img loading=\"lazy\" decoding=\"async\" width=\"1024\" height=\"683\" data-id=\"221392\" src=\"https:\/\/radioljubuski.ba\/wp-content\/uploads\/2025\/10\/3P0A4126-1024x683.jpg\" alt=\"\" class=\"wp-image-221392\" srcset=\"https:\/\/radioljubuski.ba\/wp-content\/uploads\/2025\/10\/3P0A4126-1024x683.jpg 1024w, https:\/\/radioljubuski.ba\/wp-content\/uploads\/2025\/10\/3P0A4126-300x200.jpg 300w, https:\/\/radioljubuski.ba\/wp-content\/uploads\/2025\/10\/3P0A4126-768x512.jpg 768w, https:\/\/radioljubuski.ba\/wp-content\/uploads\/2025\/10\/3P0A4126-1536x1024.jpg 1536w, https:\/\/radioljubuski.ba\/wp-content\/uploads\/2025\/10\/3P0A4126-2048x1365.jpg 2048w, https:\/\/radioljubuski.ba\/wp-content\/uploads\/2025\/10\/3P0A4126-18x12.jpg 18w\" sizes=\"auto, (max-width: 1024px) 100vw, 1024px\" \/><\/figure>\n<\/figure>\n\n\n\n<figure class=\"wp-block-gallery has-nested-images columns-default is-cropped wp-block-gallery-21 is-layout-flex wp-block-gallery-is-layout-flex\">\n<figure class=\"wp-block-image size-large\"><img loading=\"lazy\" decoding=\"async\" width=\"1024\" height=\"683\" data-id=\"221394\" src=\"https:\/\/radioljubuski.ba\/wp-content\/uploads\/2025\/10\/3P0A4130-1024x683.jpg\" alt=\"\" class=\"wp-image-221394\" srcset=\"https:\/\/radioljubuski.ba\/wp-content\/uploads\/2025\/10\/3P0A4130-1024x683.jpg 1024w, https:\/\/radioljubuski.ba\/wp-content\/uploads\/2025\/10\/3P0A4130-300x200.jpg 300w, https:\/\/radioljubuski.ba\/wp-content\/uploads\/2025\/10\/3P0A4130-768x512.jpg 768w, https:\/\/radioljubuski.ba\/wp-content\/uploads\/2025\/10\/3P0A4130-1536x1024.jpg 1536w, https:\/\/radioljubuski.ba\/wp-content\/uploads\/2025\/10\/3P0A4130-2048x1365.jpg 2048w, https:\/\/radioljubuski.ba\/wp-content\/uploads\/2025\/10\/3P0A4130-18x12.jpg 18w\" sizes=\"auto, (max-width: 1024px) 100vw, 1024px\" \/><\/figure>\n\n\n\n<figure class=\"wp-block-image size-large\"><img loading=\"lazy\" decoding=\"async\" width=\"1024\" height=\"683\" data-id=\"221395\" src=\"https:\/\/radioljubuski.ba\/wp-content\/uploads\/2025\/10\/3P0A4131-1024x683.jpg\" alt=\"\" class=\"wp-image-221395\" srcset=\"https:\/\/radioljubuski.ba\/wp-content\/uploads\/2025\/10\/3P0A4131-1024x683.jpg 1024w, https:\/\/radioljubuski.ba\/wp-content\/uploads\/2025\/10\/3P0A4131-300x200.jpg 300w, https:\/\/radioljubuski.ba\/wp-content\/uploads\/2025\/10\/3P0A4131-768x512.jpg 768w, https:\/\/radioljubuski.ba\/wp-content\/uploads\/2025\/10\/3P0A4131-1536x1024.jpg 1536w, https:\/\/radioljubuski.ba\/wp-content\/uploads\/2025\/10\/3P0A4131-2048x1365.jpg 2048w, https:\/\/radioljubuski.ba\/wp-content\/uploads\/2025\/10\/3P0A4131-18x12.jpg 18w\" sizes=\"auto, (max-width: 1024px) 100vw, 1024px\" \/><\/figure>\n<\/figure>\n\n\n\n<figure class=\"wp-block-gallery has-nested-images columns-default is-cropped wp-block-gallery-22 is-layout-flex wp-block-gallery-is-layout-flex\">\n<figure class=\"wp-block-image size-large\"><img loading=\"lazy\" decoding=\"async\" width=\"1024\" height=\"1024\" data-id=\"221428\" src=\"https:\/\/radioljubuski.ba\/wp-content\/uploads\/2025\/10\/IMG_20251012_164652-1024x1024.jpg\" alt=\"\" class=\"wp-image-221428\" srcset=\"https:\/\/radioljubuski.ba\/wp-content\/uploads\/2025\/10\/IMG_20251012_164652-1024x1024.jpg 1024w, https:\/\/radioljubuski.ba\/wp-content\/uploads\/2025\/10\/IMG_20251012_164652-300x300.jpg 300w, https:\/\/radioljubuski.ba\/wp-content\/uploads\/2025\/10\/IMG_20251012_164652-150x150.jpg 150w, https:\/\/radioljubuski.ba\/wp-content\/uploads\/2025\/10\/IMG_20251012_164652-768x768.jpg 768w, https:\/\/radioljubuski.ba\/wp-content\/uploads\/2025\/10\/IMG_20251012_164652-1536x1536.jpg 1536w, https:\/\/radioljubuski.ba\/wp-content\/uploads\/2025\/10\/IMG_20251012_164652-2048x2048.jpg 2048w, https:\/\/radioljubuski.ba\/wp-content\/uploads\/2025\/10\/IMG_20251012_164652-12x12.jpg 12w, https:\/\/radioljubuski.ba\/wp-content\/uploads\/2025\/10\/IMG_20251012_164652-64x64.jpg 64w, https:\/\/radioljubuski.ba\/wp-content\/uploads\/2025\/10\/IMG_20251012_164652-560x560.jpg 560w\" sizes=\"auto, (max-width: 1024px) 100vw, 1024px\" \/><\/figure>\n\n\n\n<figure class=\"wp-block-image size-large\"><img loading=\"lazy\" decoding=\"async\" width=\"1024\" height=\"1024\" data-id=\"221429\" src=\"https:\/\/radioljubuski.ba\/wp-content\/uploads\/2025\/10\/IMG_20251012_164640-1024x1024.jpg\" alt=\"\" class=\"wp-image-221429\" srcset=\"https:\/\/radioljubuski.ba\/wp-content\/uploads\/2025\/10\/IMG_20251012_164640-1024x1024.jpg 1024w, https:\/\/radioljubuski.ba\/wp-content\/uploads\/2025\/10\/IMG_20251012_164640-300x300.jpg 300w, https:\/\/radioljubuski.ba\/wp-content\/uploads\/2025\/10\/IMG_20251012_164640-150x150.jpg 150w, https:\/\/radioljubuski.ba\/wp-content\/uploads\/2025\/10\/IMG_20251012_164640-768x768.jpg 768w, https:\/\/radioljubuski.ba\/wp-content\/uploads\/2025\/10\/IMG_20251012_164640-1536x1536.jpg 1536w, https:\/\/radioljubuski.ba\/wp-content\/uploads\/2025\/10\/IMG_20251012_164640-2048x2048.jpg 2048w, https:\/\/radioljubuski.ba\/wp-content\/uploads\/2025\/10\/IMG_20251012_164640-12x12.jpg 12w, https:\/\/radioljubuski.ba\/wp-content\/uploads\/2025\/10\/IMG_20251012_164640-64x64.jpg 64w, https:\/\/radioljubuski.ba\/wp-content\/uploads\/2025\/10\/IMG_20251012_164640-560x560.jpg 560w\" sizes=\"auto, (max-width: 1024px) 100vw, 1024px\" \/><\/figure>\n<\/figure>\n\n\n\n<figure class=\"wp-block-gallery has-nested-images columns-default is-cropped wp-block-gallery-23 is-layout-flex wp-block-gallery-is-layout-flex\">\n<figure class=\"wp-block-image size-large\"><img loading=\"lazy\" decoding=\"async\" width=\"1024\" height=\"1024\" data-id=\"221430\" src=\"https:\/\/radioljubuski.ba\/wp-content\/uploads\/2025\/10\/IMG_20251012_174310-1024x1024.jpg\" alt=\"\" class=\"wp-image-221430\" srcset=\"https:\/\/radioljubuski.ba\/wp-content\/uploads\/2025\/10\/IMG_20251012_174310-1024x1024.jpg 1024w, https:\/\/radioljubuski.ba\/wp-content\/uploads\/2025\/10\/IMG_20251012_174310-300x300.jpg 300w, https:\/\/radioljubuski.ba\/wp-content\/uploads\/2025\/10\/IMG_20251012_174310-150x150.jpg 150w, https:\/\/radioljubuski.ba\/wp-content\/uploads\/2025\/10\/IMG_20251012_174310-768x768.jpg 768w, https:\/\/radioljubuski.ba\/wp-content\/uploads\/2025\/10\/IMG_20251012_174310-1536x1536.jpg 1536w, https:\/\/radioljubuski.ba\/wp-content\/uploads\/2025\/10\/IMG_20251012_174310-2048x2048.jpg 2048w, https:\/\/radioljubuski.ba\/wp-content\/uploads\/2025\/10\/IMG_20251012_174310-12x12.jpg 12w, https:\/\/radioljubuski.ba\/wp-content\/uploads\/2025\/10\/IMG_20251012_174310-64x64.jpg 64w, https:\/\/radioljubuski.ba\/wp-content\/uploads\/2025\/10\/IMG_20251012_174310-560x560.jpg 560w\" sizes=\"auto, (max-width: 1024px) 100vw, 1024px\" \/><\/figure>\n\n\n\n<figure class=\"wp-block-image size-large\"><img loading=\"lazy\" decoding=\"async\" width=\"1024\" height=\"1024\" data-id=\"221431\" src=\"https:\/\/radioljubuski.ba\/wp-content\/uploads\/2025\/10\/IMG_20251012_174227-1-1024x1024.jpg\" alt=\"\" class=\"wp-image-221431\" srcset=\"https:\/\/radioljubuski.ba\/wp-content\/uploads\/2025\/10\/IMG_20251012_174227-1-1024x1024.jpg 1024w, https:\/\/radioljubuski.ba\/wp-content\/uploads\/2025\/10\/IMG_20251012_174227-1-300x300.jpg 300w, https:\/\/radioljubuski.ba\/wp-content\/uploads\/2025\/10\/IMG_20251012_174227-1-150x150.jpg 150w, https:\/\/radioljubuski.ba\/wp-content\/uploads\/2025\/10\/IMG_20251012_174227-1-768x768.jpg 768w, https:\/\/radioljubuski.ba\/wp-content\/uploads\/2025\/10\/IMG_20251012_174227-1-1536x1536.jpg 1536w, https:\/\/radioljubuski.ba\/wp-content\/uploads\/2025\/10\/IMG_20251012_174227-1-2048x2048.jpg 2048w, https:\/\/radioljubuski.ba\/wp-content\/uploads\/2025\/10\/IMG_20251012_174227-1-12x12.jpg 12w, https:\/\/radioljubuski.ba\/wp-content\/uploads\/2025\/10\/IMG_20251012_174227-1-64x64.jpg 64w, https:\/\/radioljubuski.ba\/wp-content\/uploads\/2025\/10\/IMG_20251012_174227-1-560x560.jpg 560w\" sizes=\"auto, (max-width: 1024px) 100vw, 1024px\" \/><\/figure>\n<\/figure>\n\n\n\n<figure class=\"wp-block-gallery has-nested-images columns-default is-cropped wp-block-gallery-24 is-layout-flex wp-block-gallery-is-layout-flex\">\n<figure class=\"wp-block-image size-large\"><img loading=\"lazy\" decoding=\"async\" width=\"1024\" height=\"1024\" data-id=\"221432\" src=\"https:\/\/radioljubuski.ba\/wp-content\/uploads\/2025\/10\/IMG_20251012_174324-1024x1024.jpg\" alt=\"\" class=\"wp-image-221432\" srcset=\"https:\/\/radioljubuski.ba\/wp-content\/uploads\/2025\/10\/IMG_20251012_174324-1024x1024.jpg 1024w, https:\/\/radioljubuski.ba\/wp-content\/uploads\/2025\/10\/IMG_20251012_174324-300x300.jpg 300w, https:\/\/radioljubuski.ba\/wp-content\/uploads\/2025\/10\/IMG_20251012_174324-150x150.jpg 150w, https:\/\/radioljubuski.ba\/wp-content\/uploads\/2025\/10\/IMG_20251012_174324-768x768.jpg 768w, https:\/\/radioljubuski.ba\/wp-content\/uploads\/2025\/10\/IMG_20251012_174324-1536x1536.jpg 1536w, https:\/\/radioljubuski.ba\/wp-content\/uploads\/2025\/10\/IMG_20251012_174324-2048x2048.jpg 2048w, https:\/\/radioljubuski.ba\/wp-content\/uploads\/2025\/10\/IMG_20251012_174324-12x12.jpg 12w, https:\/\/radioljubuski.ba\/wp-content\/uploads\/2025\/10\/IMG_20251012_174324-64x64.jpg 64w, https:\/\/radioljubuski.ba\/wp-content\/uploads\/2025\/10\/IMG_20251012_174324-560x560.jpg 560w\" sizes=\"auto, (max-width: 1024px) 100vw, 1024px\" \/><\/figure>\n\n\n\n<figure class=\"wp-block-image size-large\"><img loading=\"lazy\" decoding=\"async\" width=\"1024\" height=\"1024\" data-id=\"221433\" src=\"https:\/\/radioljubuski.ba\/wp-content\/uploads\/2025\/10\/IMG_20251012_174049-1024x1024.jpg\" alt=\"\" class=\"wp-image-221433\" srcset=\"https:\/\/radioljubuski.ba\/wp-content\/uploads\/2025\/10\/IMG_20251012_174049-1024x1024.jpg 1024w, https:\/\/radioljubuski.ba\/wp-content\/uploads\/2025\/10\/IMG_20251012_174049-300x300.jpg 300w, https:\/\/radioljubuski.ba\/wp-content\/uploads\/2025\/10\/IMG_20251012_174049-150x150.jpg 150w, https:\/\/radioljubuski.ba\/wp-content\/uploads\/2025\/10\/IMG_20251012_174049-768x768.jpg 768w, https:\/\/radioljubuski.ba\/wp-content\/uploads\/2025\/10\/IMG_20251012_174049-1536x1536.jpg 1536w, https:\/\/radioljubuski.ba\/wp-content\/uploads\/2025\/10\/IMG_20251012_174049-2048x2048.jpg 2048w, https:\/\/radioljubuski.ba\/wp-content\/uploads\/2025\/10\/IMG_20251012_174049-12x12.jpg 12w, https:\/\/radioljubuski.ba\/wp-content\/uploads\/2025\/10\/IMG_20251012_174049-64x64.jpg 64w, https:\/\/radioljubuski.ba\/wp-content\/uploads\/2025\/10\/IMG_20251012_174049-560x560.jpg 560w\" sizes=\"auto, (max-width: 1024px) 100vw, 1024px\" \/><\/figure>\n<\/figure>\n\n\n\n<figure class=\"wp-block-gallery has-nested-images columns-default is-cropped wp-block-gallery-25 is-layout-flex wp-block-gallery-is-layout-flex\">\n<figure class=\"wp-block-image size-large\"><img loading=\"lazy\" decoding=\"async\" width=\"1024\" height=\"1024\" data-id=\"221436\" src=\"https:\/\/radioljubuski.ba\/wp-content\/uploads\/2025\/10\/IMG_20251012_171001-1024x1024.jpg\" alt=\"\" class=\"wp-image-221436\" srcset=\"https:\/\/radioljubuski.ba\/wp-content\/uploads\/2025\/10\/IMG_20251012_171001-1024x1024.jpg 1024w, https:\/\/radioljubuski.ba\/wp-content\/uploads\/2025\/10\/IMG_20251012_171001-300x300.jpg 300w, https:\/\/radioljubuski.ba\/wp-content\/uploads\/2025\/10\/IMG_20251012_171001-150x150.jpg 150w, https:\/\/radioljubuski.ba\/wp-content\/uploads\/2025\/10\/IMG_20251012_171001-768x768.jpg 768w, https:\/\/radioljubuski.ba\/wp-content\/uploads\/2025\/10\/IMG_20251012_171001-1536x1536.jpg 1536w, https:\/\/radioljubuski.ba\/wp-content\/uploads\/2025\/10\/IMG_20251012_171001-2048x2048.jpg 2048w, https:\/\/radioljubuski.ba\/wp-content\/uploads\/2025\/10\/IMG_20251012_171001-12x12.jpg 12w, https:\/\/radioljubuski.ba\/wp-content\/uploads\/2025\/10\/IMG_20251012_171001-64x64.jpg 64w, https:\/\/radioljubuski.ba\/wp-content\/uploads\/2025\/10\/IMG_20251012_171001-560x560.jpg 560w\" sizes=\"auto, (max-width: 1024px) 100vw, 1024px\" \/><\/figure>\n\n\n\n<figure class=\"wp-block-image size-large\"><img loading=\"lazy\" decoding=\"async\" width=\"1024\" height=\"1024\" data-id=\"221437\" src=\"https:\/\/radioljubuski.ba\/wp-content\/uploads\/2025\/10\/IMG_20251012_161404-1024x1024.jpg\" alt=\"\" class=\"wp-image-221437\" srcset=\"https:\/\/radioljubuski.ba\/wp-content\/uploads\/2025\/10\/IMG_20251012_161404-1024x1024.jpg 1024w, https:\/\/radioljubuski.ba\/wp-content\/uploads\/2025\/10\/IMG_20251012_161404-300x300.jpg 300w, https:\/\/radioljubuski.ba\/wp-content\/uploads\/2025\/10\/IMG_20251012_161404-150x150.jpg 150w, https:\/\/radioljubuski.ba\/wp-content\/uploads\/2025\/10\/IMG_20251012_161404-768x768.jpg 768w, https:\/\/radioljubuski.ba\/wp-content\/uploads\/2025\/10\/IMG_20251012_161404-1536x1536.jpg 1536w, https:\/\/radioljubuski.ba\/wp-content\/uploads\/2025\/10\/IMG_20251012_161404-2048x2048.jpg 2048w, https:\/\/radioljubuski.ba\/wp-content\/uploads\/2025\/10\/IMG_20251012_161404-12x12.jpg 12w, https:\/\/radioljubuski.ba\/wp-content\/uploads\/2025\/10\/IMG_20251012_161404-64x64.jpg 64w, https:\/\/radioljubuski.ba\/wp-content\/uploads\/2025\/10\/IMG_20251012_161404-560x560.jpg 560w\" sizes=\"auto, (max-width: 1024px) 100vw, 1024px\" \/><\/figure>\n<\/figure>\n\n\n\n<p>B. Medi\u0107 \/ G. Ili\u0107 <\/p>\n","protected":false},"excerpt":{"rendered":"<p>Danas je u \u017eupi Humac vladalo osobito sve\u010dano ozra\u010dje, u filijalnoj zajednici Prolog uprili\u010deno je veliko slavlje povodom blagoslova novoizgra\u0111ene crkve posve\u0107ene svetom Franji. Nakon trodnevne duhovne priprave, ove nedjelje 12.listopada 2025. godine u 17.00 sati odr\u017eano je sredi\u0161nje misno slavlje s \u010dinom sve\u010danog blagoslova nove crkve. Svetu misu i obred blagoslova predvodio je mostarsko [&hellip;]<\/p>\n","protected":false},"author":2,"featured_media":221424,"comment_status":"closed","ping_status":"closed","sticky":false,"template":"","format":"standard","meta":{"h5ap_radio_sources":[],"footnotes":""},"categories":[3,28,32],"tags":[],"class_list":["post-221355","post","type-post","status-publish","format-standard","has-post-thumbnail","hentry","category-ljubuski","category-novosti","category-poslusajte"],"yoast_head":"<!-- This site is optimized with the Yoast SEO plugin v27.5 - https:\/\/yoast.com\/product\/yoast-seo-wordpress\/ -->\n<title>Sve\u010dani blagoslov nove crkve svetog Franje u Prologu - RADIO LJUBU\u0160KI<\/title>\n<meta name=\"robots\" content=\"index, follow, max-snippet:-1, max-image-preview:large, max-video-preview:-1\" \/>\n<link rel=\"canonical\" href=\"https:\/\/radioljubuski.ba\/index.php\/2025\/10\/12\/svecani-blagoslov-nove-crkve-svetog-franje-u-prologu\/\" \/>\n<meta property=\"og:locale\" content=\"hr_HR\" \/>\n<meta property=\"og:type\" content=\"article\" \/>\n<meta property=\"og:title\" content=\"Sve\u010dani blagoslov nove crkve svetog Franje u Prologu - RADIO LJUBU\u0160KI\" \/>\n<meta property=\"og:description\" content=\"Danas je u \u017eupi Humac vladalo osobito sve\u010dano ozra\u010dje, u filijalnoj zajednici Prolog uprili\u010deno je veliko slavlje povodom blagoslova novoizgra\u0111ene crkve posve\u0107ene svetom Franji. Nakon trodnevne duhovne priprave, ove nedjelje 12.listopada 2025. godine u 17.00 sati odr\u017eano je sredi\u0161nje misno slavlje s \u010dinom sve\u010danog blagoslova nove crkve. Svetu misu i obred blagoslova predvodio je mostarsko [&hellip;]\" \/>\n<meta property=\"og:url\" content=\"https:\/\/radioljubuski.ba\/index.php\/2025\/10\/12\/svecani-blagoslov-nove-crkve-svetog-franje-u-prologu\/\" \/>\n<meta property=\"og:site_name\" content=\"RADIO LJUBU\u0160KI\" \/>\n<meta property=\"article:publisher\" content=\"https:\/\/www.facebook.com\/Radiio-Ljubuski-1490835324566332\" \/>\n<meta property=\"article:published_time\" content=\"2025-10-12T18:17:26+00:00\" \/>\n<meta property=\"article:modified_time\" content=\"2025-10-13T07:58:41+00:00\" \/>\n<meta property=\"og:image\" content=\"https:\/\/radioljubuski.ba\/wp-content\/uploads\/2025\/10\/3P0A4070-1-scaled.jpg\" \/>\n\t<meta property=\"og:image:width\" content=\"2560\" \/>\n\t<meta property=\"og:image:height\" content=\"1707\" \/>\n\t<meta property=\"og:image:type\" content=\"image\/jpeg\" \/>\n<meta name=\"author\" content=\"Radio Ljubu\u0161ki\" \/>\n<meta name=\"twitter:card\" content=\"summary_large_image\" \/>\n<meta name=\"twitter:creator\" content=\"@radioljubuski\" \/>\n<meta name=\"twitter:site\" content=\"@radioljubuski\" \/>\n<meta name=\"twitter:label1\" content=\"Napisao\/la\" \/>\n\t<meta name=\"twitter:data1\" content=\"Radio Ljubu\u0161ki\" \/>\n\t<meta name=\"twitter:label2\" content=\"Procijenjeno vrijeme \u010ditanja\" \/>\n\t<meta name=\"twitter:data2\" content=\"15 minuta\" \/>\n<script type=\"application\/ld+json\" class=\"yoast-schema-graph\">{\"@context\":\"https:\\\/\\\/schema.org\",\"@graph\":[{\"@type\":\"Article\",\"@id\":\"https:\\\/\\\/radioljubuski.ba\\\/index.php\\\/2025\\\/10\\\/12\\\/svecani-blagoslov-nove-crkve-svetog-franje-u-prologu\\\/#article\",\"isPartOf\":{\"@id\":\"https:\\\/\\\/radioljubuski.ba\\\/index.php\\\/2025\\\/10\\\/12\\\/svecani-blagoslov-nove-crkve-svetog-franje-u-prologu\\\/\"},\"author\":{\"name\":\"Radio Ljubu\u0161ki\",\"@id\":\"https:\\\/\\\/radioljubuski.ba\\\/#\\\/schema\\\/person\\\/19fc700381a780f69665d7956c469e3b\"},\"headline\":\"Sve\u010dani blagoslov nove crkve svetog Franje u Prologu\",\"datePublished\":\"2025-10-12T18:17:26+00:00\",\"dateModified\":\"2025-10-13T07:58:41+00:00\",\"mainEntityOfPage\":{\"@id\":\"https:\\\/\\\/radioljubuski.ba\\\/index.php\\\/2025\\\/10\\\/12\\\/svecani-blagoslov-nove-crkve-svetog-franje-u-prologu\\\/\"},\"wordCount\":834,\"publisher\":{\"@id\":\"https:\\\/\\\/radioljubuski.ba\\\/#organization\"},\"image\":{\"@id\":\"https:\\\/\\\/radioljubuski.ba\\\/index.php\\\/2025\\\/10\\\/12\\\/svecani-blagoslov-nove-crkve-svetog-franje-u-prologu\\\/#primaryimage\"},\"thumbnailUrl\":\"https:\\\/\\\/radioljubuski.ba\\\/wp-content\\\/uploads\\\/2025\\\/10\\\/3P0A4070-1-scaled.jpg\",\"articleSection\":[\"Ljubu\u0161ki\",\"Novosti\",\"Poslu\u0161ajte\"],\"inLanguage\":\"hr\"},{\"@type\":\"WebPage\",\"@id\":\"https:\\\/\\\/radioljubuski.ba\\\/index.php\\\/2025\\\/10\\\/12\\\/svecani-blagoslov-nove-crkve-svetog-franje-u-prologu\\\/\",\"url\":\"https:\\\/\\\/radioljubuski.ba\\\/index.php\\\/2025\\\/10\\\/12\\\/svecani-blagoslov-nove-crkve-svetog-franje-u-prologu\\\/\",\"name\":\"Sve\u010dani blagoslov nove crkve svetog Franje u Prologu - RADIO LJUBU\u0160KI\",\"isPartOf\":{\"@id\":\"https:\\\/\\\/radioljubuski.ba\\\/#website\"},\"primaryImageOfPage\":{\"@id\":\"https:\\\/\\\/radioljubuski.ba\\\/index.php\\\/2025\\\/10\\\/12\\\/svecani-blagoslov-nove-crkve-svetog-franje-u-prologu\\\/#primaryimage\"},\"image\":{\"@id\":\"https:\\\/\\\/radioljubuski.ba\\\/index.php\\\/2025\\\/10\\\/12\\\/svecani-blagoslov-nove-crkve-svetog-franje-u-prologu\\\/#primaryimage\"},\"thumbnailUrl\":\"https:\\\/\\\/radioljubuski.ba\\\/wp-content\\\/uploads\\\/2025\\\/10\\\/3P0A4070-1-scaled.jpg\",\"datePublished\":\"2025-10-12T18:17:26+00:00\",\"dateModified\":\"2025-10-13T07:58:41+00:00\",\"breadcrumb\":{\"@id\":\"https:\\\/\\\/radioljubuski.ba\\\/index.php\\\/2025\\\/10\\\/12\\\/svecani-blagoslov-nove-crkve-svetog-franje-u-prologu\\\/#breadcrumb\"},\"inLanguage\":\"hr\",\"potentialAction\":[{\"@type\":\"ReadAction\",\"target\":[\"https:\\\/\\\/radioljubuski.ba\\\/index.php\\\/2025\\\/10\\\/12\\\/svecani-blagoslov-nove-crkve-svetog-franje-u-prologu\\\/\"]}]},{\"@type\":\"ImageObject\",\"inLanguage\":\"hr\",\"@id\":\"https:\\\/\\\/radioljubuski.ba\\\/index.php\\\/2025\\\/10\\\/12\\\/svecani-blagoslov-nove-crkve-svetog-franje-u-prologu\\\/#primaryimage\",\"url\":\"https:\\\/\\\/radioljubuski.ba\\\/wp-content\\\/uploads\\\/2025\\\/10\\\/3P0A4070-1-scaled.jpg\",\"contentUrl\":\"https:\\\/\\\/radioljubuski.ba\\\/wp-content\\\/uploads\\\/2025\\\/10\\\/3P0A4070-1-scaled.jpg\",\"width\":2560,\"height\":1707},{\"@type\":\"BreadcrumbList\",\"@id\":\"https:\\\/\\\/radioljubuski.ba\\\/index.php\\\/2025\\\/10\\\/12\\\/svecani-blagoslov-nove-crkve-svetog-franje-u-prologu\\\/#breadcrumb\",\"itemListElement\":[{\"@type\":\"ListItem\",\"position\":1,\"name\":\"Po\u010detna stranica\",\"item\":\"https:\\\/\\\/radioljubuski.ba\\\/\"},{\"@type\":\"ListItem\",\"position\":2,\"name\":\"Sve\u010dani blagoslov nove crkve svetog Franje u Prologu\"}]},{\"@type\":\"WebSite\",\"@id\":\"https:\\\/\\\/radioljubuski.ba\\\/#website\",\"url\":\"https:\\\/\\\/radioljubuski.ba\\\/\",\"name\":\"Radio Ljubu\u0161ki\",\"description\":\"Sun\u010dana frekvencija Hercegovine\",\"publisher\":{\"@id\":\"https:\\\/\\\/radioljubuski.ba\\\/#organization\"},\"potentialAction\":[{\"@type\":\"SearchAction\",\"target\":{\"@type\":\"EntryPoint\",\"urlTemplate\":\"https:\\\/\\\/radioljubuski.ba\\\/?s={search_term_string}\"},\"query-input\":{\"@type\":\"PropertyValueSpecification\",\"valueRequired\":true,\"valueName\":\"search_term_string\"}}],\"inLanguage\":\"hr\"},{\"@type\":\"Organization\",\"@id\":\"https:\\\/\\\/radioljubuski.ba\\\/#organization\",\"name\":\"Radio Ljubu\u0161ki\",\"url\":\"https:\\\/\\\/radioljubuski.ba\\\/\",\"logo\":{\"@type\":\"ImageObject\",\"inLanguage\":\"hr\",\"@id\":\"https:\\\/\\\/radioljubuski.ba\\\/#\\\/schema\\\/logo\\\/image\\\/\",\"url\":\"https:\\\/\\\/radioljubuski.ba\\\/wp-content\\\/uploads\\\/2021\\\/02\\\/cropped-Radio_Ljubuski_logo1.jpg\",\"contentUrl\":\"https:\\\/\\\/radioljubuski.ba\\\/wp-content\\\/uploads\\\/2021\\\/02\\\/cropped-Radio_Ljubuski_logo1.jpg\",\"width\":512,\"height\":512,\"caption\":\"Radio Ljubu\u0161ki\"},\"image\":{\"@id\":\"https:\\\/\\\/radioljubuski.ba\\\/#\\\/schema\\\/logo\\\/image\\\/\"},\"sameAs\":[\"https:\\\/\\\/www.facebook.com\\\/Radiio-Ljubuski-1490835324566332\",\"https:\\\/\\\/x.com\\\/radioljubuski\",\"https:\\\/\\\/hr.linkedin.com\\\/company\\\/radio-ljubuski\",\"https:\\\/\\\/www.youtube.com\\\/channel\\\/UCHYaeO_n0Db3tjNGudGpXyw\"]},{\"@type\":\"Person\",\"@id\":\"https:\\\/\\\/radioljubuski.ba\\\/#\\\/schema\\\/person\\\/19fc700381a780f69665d7956c469e3b\",\"name\":\"Radio Ljubu\u0161ki\"}]}<\/script>\n<!-- \/ Yoast SEO plugin. -->","yoast_head_json":{"title":"Sve\u010dani blagoslov nove crkve svetog Franje u Prologu - RADIO LJUBU\u0160KI","robots":{"index":"index","follow":"follow","max-snippet":"max-snippet:-1","max-image-preview":"max-image-preview:large","max-video-preview":"max-video-preview:-1"},"canonical":"https:\/\/radioljubuski.ba\/index.php\/2025\/10\/12\/svecani-blagoslov-nove-crkve-svetog-franje-u-prologu\/","og_locale":"hr_HR","og_type":"article","og_title":"Sve\u010dani blagoslov nove crkve svetog Franje u Prologu - RADIO LJUBU\u0160KI","og_description":"Danas je u \u017eupi Humac vladalo osobito sve\u010dano ozra\u010dje, u filijalnoj zajednici Prolog uprili\u010deno je veliko slavlje povodom blagoslova novoizgra\u0111ene crkve posve\u0107ene svetom Franji. Nakon trodnevne duhovne priprave, ove nedjelje 12.listopada 2025. godine u 17.00 sati odr\u017eano je sredi\u0161nje misno slavlje s \u010dinom sve\u010danog blagoslova nove crkve. Svetu misu i obred blagoslova predvodio je mostarsko [&hellip;]","og_url":"https:\/\/radioljubuski.ba\/index.php\/2025\/10\/12\/svecani-blagoslov-nove-crkve-svetog-franje-u-prologu\/","og_site_name":"RADIO LJUBU\u0160KI","article_publisher":"https:\/\/www.facebook.com\/Radiio-Ljubuski-1490835324566332","article_published_time":"2025-10-12T18:17:26+00:00","article_modified_time":"2025-10-13T07:58:41+00:00","og_image":[{"width":2560,"height":1707,"url":"https:\/\/radioljubuski.ba\/wp-content\/uploads\/2025\/10\/3P0A4070-1-scaled.jpg","type":"image\/jpeg"}],"author":"Radio Ljubu\u0161ki","twitter_card":"summary_large_image","twitter_creator":"@radioljubuski","twitter_site":"@radioljubuski","twitter_misc":{"Napisao\/la":"Radio Ljubu\u0161ki","Procijenjeno vrijeme \u010ditanja":"15 minuta"},"schema":{"@context":"https:\/\/schema.org","@graph":[{"@type":"Article","@id":"https:\/\/radioljubuski.ba\/index.php\/2025\/10\/12\/svecani-blagoslov-nove-crkve-svetog-franje-u-prologu\/#article","isPartOf":{"@id":"https:\/\/radioljubuski.ba\/index.php\/2025\/10\/12\/svecani-blagoslov-nove-crkve-svetog-franje-u-prologu\/"},"author":{"name":"Radio Ljubu\u0161ki","@id":"https:\/\/radioljubuski.ba\/#\/schema\/person\/19fc700381a780f69665d7956c469e3b"},"headline":"Sve\u010dani blagoslov nove crkve svetog Franje u Prologu","datePublished":"2025-10-12T18:17:26+00:00","dateModified":"2025-10-13T07:58:41+00:00","mainEntityOfPage":{"@id":"https:\/\/radioljubuski.ba\/index.php\/2025\/10\/12\/svecani-blagoslov-nove-crkve-svetog-franje-u-prologu\/"},"wordCount":834,"publisher":{"@id":"https:\/\/radioljubuski.ba\/#organization"},"image":{"@id":"https:\/\/radioljubuski.ba\/index.php\/2025\/10\/12\/svecani-blagoslov-nove-crkve-svetog-franje-u-prologu\/#primaryimage"},"thumbnailUrl":"https:\/\/radioljubuski.ba\/wp-content\/uploads\/2025\/10\/3P0A4070-1-scaled.jpg","articleSection":["Ljubu\u0161ki","Novosti","Poslu\u0161ajte"],"inLanguage":"hr"},{"@type":"WebPage","@id":"https:\/\/radioljubuski.ba\/index.php\/2025\/10\/12\/svecani-blagoslov-nove-crkve-svetog-franje-u-prologu\/","url":"https:\/\/radioljubuski.ba\/index.php\/2025\/10\/12\/svecani-blagoslov-nove-crkve-svetog-franje-u-prologu\/","name":"Sve\u010dani blagoslov nove crkve svetog Franje u Prologu - RADIO LJUBU\u0160KI","isPartOf":{"@id":"https:\/\/radioljubuski.ba\/#website"},"primaryImageOfPage":{"@id":"https:\/\/radioljubuski.ba\/index.php\/2025\/10\/12\/svecani-blagoslov-nove-crkve-svetog-franje-u-prologu\/#primaryimage"},"image":{"@id":"https:\/\/radioljubuski.ba\/index.php\/2025\/10\/12\/svecani-blagoslov-nove-crkve-svetog-franje-u-prologu\/#primaryimage"},"thumbnailUrl":"https:\/\/radioljubuski.ba\/wp-content\/uploads\/2025\/10\/3P0A4070-1-scaled.jpg","datePublished":"2025-10-12T18:17:26+00:00","dateModified":"2025-10-13T07:58:41+00:00","breadcrumb":{"@id":"https:\/\/radioljubuski.ba\/index.php\/2025\/10\/12\/svecani-blagoslov-nove-crkve-svetog-franje-u-prologu\/#breadcrumb"},"inLanguage":"hr","potentialAction":[{"@type":"ReadAction","target":["https:\/\/radioljubuski.ba\/index.php\/2025\/10\/12\/svecani-blagoslov-nove-crkve-svetog-franje-u-prologu\/"]}]},{"@type":"ImageObject","inLanguage":"hr","@id":"https:\/\/radioljubuski.ba\/index.php\/2025\/10\/12\/svecani-blagoslov-nove-crkve-svetog-franje-u-prologu\/#primaryimage","url":"https:\/\/radioljubuski.ba\/wp-content\/uploads\/2025\/10\/3P0A4070-1-scaled.jpg","contentUrl":"https:\/\/radioljubuski.ba\/wp-content\/uploads\/2025\/10\/3P0A4070-1-scaled.jpg","width":2560,"height":1707},{"@type":"BreadcrumbList","@id":"https:\/\/radioljubuski.ba\/index.php\/2025\/10\/12\/svecani-blagoslov-nove-crkve-svetog-franje-u-prologu\/#breadcrumb","itemListElement":[{"@type":"ListItem","position":1,"name":"Po\u010detna stranica","item":"https:\/\/radioljubuski.ba\/"},{"@type":"ListItem","position":2,"name":"Sve\u010dani blagoslov nove crkve svetog Franje u Prologu"}]},{"@type":"WebSite","@id":"https:\/\/radioljubuski.ba\/#website","url":"https:\/\/radioljubuski.ba\/","name":"Radio Ljubu\u0161ki","description":"Sun\u010dana frekvencija Hercegovine","publisher":{"@id":"https:\/\/radioljubuski.ba\/#organization"},"potentialAction":[{"@type":"SearchAction","target":{"@type":"EntryPoint","urlTemplate":"https:\/\/radioljubuski.ba\/?s={search_term_string}"},"query-input":{"@type":"PropertyValueSpecification","valueRequired":true,"valueName":"search_term_string"}}],"inLanguage":"hr"},{"@type":"Organization","@id":"https:\/\/radioljubuski.ba\/#organization","name":"Radio Ljubu\u0161ki","url":"https:\/\/radioljubuski.ba\/","logo":{"@type":"ImageObject","inLanguage":"hr","@id":"https:\/\/radioljubuski.ba\/#\/schema\/logo\/image\/","url":"https:\/\/radioljubuski.ba\/wp-content\/uploads\/2021\/02\/cropped-Radio_Ljubuski_logo1.jpg","contentUrl":"https:\/\/radioljubuski.ba\/wp-content\/uploads\/2021\/02\/cropped-Radio_Ljubuski_logo1.jpg","width":512,"height":512,"caption":"Radio Ljubu\u0161ki"},"image":{"@id":"https:\/\/radioljubuski.ba\/#\/schema\/logo\/image\/"},"sameAs":["https:\/\/www.facebook.com\/Radiio-Ljubuski-1490835324566332","https:\/\/x.com\/radioljubuski","https:\/\/hr.linkedin.com\/company\/radio-ljubuski","https:\/\/www.youtube.com\/channel\/UCHYaeO_n0Db3tjNGudGpXyw"]},{"@type":"Person","@id":"https:\/\/radioljubuski.ba\/#\/schema\/person\/19fc700381a780f69665d7956c469e3b","name":"Radio Ljubu\u0161ki"}]}},"_links":{"self":[{"href":"https:\/\/radioljubuski.ba\/index.php\/wp-json\/wp\/v2\/posts\/221355","targetHints":{"allow":["GET"]}}],"collection":[{"href":"https:\/\/radioljubuski.ba\/index.php\/wp-json\/wp\/v2\/posts"}],"about":[{"href":"https:\/\/radioljubuski.ba\/index.php\/wp-json\/wp\/v2\/types\/post"}],"author":[{"embeddable":true,"href":"https:\/\/radioljubuski.ba\/index.php\/wp-json\/wp\/v2\/users\/2"}],"replies":[{"embeddable":true,"href":"https:\/\/radioljubuski.ba\/index.php\/wp-json\/wp\/v2\/comments?post=221355"}],"version-history":[{"count":17,"href":"https:\/\/radioljubuski.ba\/index.php\/wp-json\/wp\/v2\/posts\/221355\/revisions"}],"predecessor-version":[{"id":221463,"href":"https:\/\/radioljubuski.ba\/index.php\/wp-json\/wp\/v2\/posts\/221355\/revisions\/221463"}],"wp:featuredmedia":[{"embeddable":true,"href":"https:\/\/radioljubuski.ba\/index.php\/wp-json\/wp\/v2\/media\/221424"}],"wp:attachment":[{"href":"https:\/\/radioljubuski.ba\/index.php\/wp-json\/wp\/v2\/media?parent=221355"}],"wp:term":[{"taxonomy":"category","embeddable":true,"href":"https:\/\/radioljubuski.ba\/index.php\/wp-json\/wp\/v2\/categories?post=221355"},{"taxonomy":"post_tag","embeddable":true,"href":"https:\/\/radioljubuski.ba\/index.php\/wp-json\/wp\/v2\/tags?post=221355"}],"curies":[{"name":"wp","href":"https:\/\/api.w.org\/{rel}","templated":true}]}}