{"id":221492,"date":"2025-10-15T11:54:08","date_gmt":"2025-10-15T10:54:08","guid":{"rendered":"https:\/\/radioljubuski.ba\/?p=221492"},"modified":"2025-10-16T07:20:50","modified_gmt":"2025-10-16T06:20:50","slug":"didakovi-dani-2025-svecana-akademija-i-jubilarni-20-koncert-odabranih-na-humcu","status":"publish","type":"post","link":"https:\/\/radioljubuski.ba\/index.php\/2025\/10\/15\/didakovi-dani-2025-svecana-akademija-i-jubilarni-20-koncert-odabranih-na-humcu\/","title":{"rendered":"Didakovi dani 2025.: Sve\u010dana akademija i jubilarni 20. Koncert odabranih na Humcu"},"content":{"rendered":"\n<p>U \u010detvrtak, 16. listopada, u Domu sv. Ante na Humcu bit \u0107e uprili\u010deno sve\u010dano otvaranje manifestacije, sve\u010dana akademija i dodjela nagrada Didak. Ovogodi\u0161nje Didakove dane sve\u010dano otvoriti uzoriti kardinal Vinko Pulji\u0107. U glazbenom dijelu programa nastupit \u0107e Marko Perkovi\u0107 Thompson, etno skupina Didak, tambura\u0161ki orkestar Misericordia i klapa Concordia.<\/p>\n\n\n\n<p><strong>VA\u017dNA OBAVIJEST&nbsp;<\/strong><\/p>\n\n\n\n<p><em><strong>Zbog velikog interesa i ograni\u010denog broja mjesta, organizator je primoran uvesti ulaznice, koje je potrebno prethodno rezervirati.&nbsp;<\/strong><\/em><\/p>\n\n\n\n<p><em><strong>Besplatne ulaznice mogu se preuzeti sutra od 9:00 sati u suvenirnici \u201cLirio\u201d&nbsp; na Humcu u Ljubu\u0161kom.<\/strong><\/em><\/p>\n\n\n\n<p><em><strong>Molimo sve zainteresirane da na vrijeme osiguraju svoje mjesto.<\/strong><\/em><br><br>U sklopu 22. me\u0111unarodne kulturne manifestacije \u201cDidakovi dani 2025.\u201d, koju tradicionalno organizira HKUD Didak iz Gradni\u0107a, u subotu, 18. listopada, bit \u0107e odr\u017ean jubilarni 20. Koncert odabranih.<br><br>Koncert \u0107e se odr\u017eati u Domu sv. Ante na Humcu s po\u010detkom u 18:30 sati, a okupit \u0107e u\u010denike glazbenih \u0161kola iz Hrvatske i Bosne i Hercegovine koji \u0107e svojom izvedbom jo\u0161 jednom potvrditi visoku umjetni\u010dku razinu i bogatstvo kulturnog stvarala\u0161tva mladih glazbenika.<\/p>\n\n\n\n<p><br><strong>PROGRAM<\/strong><\/p>\n\n\n\n<p><strong>1.&nbsp; Sergej Rachmaninov: Preludij op. 32, br. 8 u a-molu<\/strong><\/p>\n\n\n\n<p><strong>ANA PRIMORAC, klavir, III. s.<\/strong><\/p>\n\n\n\n<p>Nastavnica: Mirna \u0160i\u0161irak, prof.<\/p>\n\n\n\n<p><strong><em>Glazbena \u0161kola Ljubu\u0161ki<\/em><\/strong><strong><em><\/em><\/strong><\/p>\n\n\n\n<p><strong>2.&nbsp; Aleksandar Skrjabin: Etida op. 8, br. 12 u dis-molu<\/strong><\/p>\n\n\n\n<p><strong>LUCIJA BO\u0160NJAK, 2. godina studija klavira na MA u Sarajevu<\/strong><\/p>\n\n\n\n<p>Nastavnica: prof. mr. Azra Medi\u0107<\/p>\n\n\n\n<p><strong><em>Muzi\u010dka akademija Univerziteta u Sarajevu<\/em><\/strong><strong><em><\/em><\/strong><\/p>\n\n\n\n<p><a><\/a><a>Nastavnici tijekom <\/a><a>glazbenog obrazovanja u G\u0160 Ljubu\u0161ki<\/a>:<\/p>\n\n\n\n<p>Ana Ko\u017eul, I. i II. raz. O\u0160; Marija Martinovi\u0107, prof. III. O\u0160;<\/p>\n\n\n\n<p>od IV. O\u0160 i kompletnu S\u0160, Maja Stojanov\u0107, prof.<\/p>\n\n\n\n<p><strong>3.&nbsp; Henri Dutilleux: Sonatina za flautu i klavir<\/strong><\/p>\n\n\n\n<p><strong>MARO BULI\u0106, 5. godina studija flaute na MA u Zagrebu<\/strong><\/p>\n\n\n\n<p>Nastavnica: red. prof. art. Renata Penezi\u0107<\/p>\n\n\n\n<p><strong><em>Muzi\u010dka akademija Sveu\u010dili\u0161ta u Zagrebu<\/em><\/strong><strong><em><\/em><\/strong><\/p>\n\n\n\n<p>Uz klavir, Anamaria Biland\u017ei\u0107, mag. mus.<\/p>\n\n\n\n<p>Nastavnici tijekom glazbenog obrazovanja:<\/p>\n\n\n\n<p>OG\u0160 Brotnjo \u010citluk, nast. Tina Vidi\u0107, prof.; G\u0160 \u0160iroki Brijeg, I. s, univ. spec. mus. Nikolina Vukoja Pinjuh; G\u0160 Ljubu\u0161ki od II. do IV. s &nbsp;Maja Ko\u017eul, prof.<\/p>\n\n\n\n<p><strong>Koncerti uz pratnju Guda\u010dkog orkestra G\u0160 Pavla Markovca, Zagreb<\/strong><strong><\/strong><\/p>\n\n\n\n<p><strong>4.&nbsp; <a>Johann Sebastian Bach: Koncert za klavir i guda\u010de br. 5 u f-molu,<\/a><\/strong><\/p>\n\n\n\n<p><a><strong>BWV 1056<\/strong><\/a><strong><\/strong><\/p>\n\n\n\n<p>&nbsp;&nbsp;&nbsp;&nbsp;&nbsp;&nbsp;&nbsp;&nbsp;&nbsp;&nbsp;&nbsp;&nbsp;&nbsp;&nbsp;&nbsp;&nbsp;&nbsp;&nbsp;&nbsp;&nbsp;&nbsp;&nbsp;&nbsp;&nbsp;&nbsp;&nbsp;&nbsp;&nbsp;&nbsp;&nbsp;&nbsp;&nbsp;&nbsp;&nbsp;&nbsp;&nbsp;&nbsp;&nbsp;&nbsp;&nbsp; <a>I. stavak, Allegro moderato<\/a>&nbsp;<\/p>\n\n\n\n<p><strong>MARIJA ZUBAC, 3. godina studija klavira na MA u Sarajevu<\/strong><\/p>\n\n\n\n<p>Nastavnica: prof. mr. Azra Medi\u0107<\/p>\n\n\n\n<p><strong><em>Muzi\u010dka akademija Univerziteta u Sarajevu<\/em><\/strong><\/p>\n\n\n\n<p>Nastavnik tijekom glazbenog obrazovanja u OG\u0160 Brotnjo \u010citluk i SG\u0160 Ivana pl. Zajca u Mostaru, Olivet Mott, prof.<\/p>\n\n\n\n<p><strong>5. &nbsp;Vittorio Monti: Czardas<\/strong><\/p>\n\n\n\n<p><strong>MARKO SU\u0160AC, harmonika, V. o.<\/strong><\/p>\n\n\n\n<p>Nastavnik: Aleksandar Stojanovi\u0107, mr.<\/p>\n\n\n\n<p><strong><em>Osnovna glazbena \u0161kola Brotnjo, \u010citluk&nbsp;<\/em><\/strong><\/p>\n\n\n\n<p><strong>6.&nbsp; <a>Johann Joachim <\/a><a>Quantz<\/a>: Koncert za flautu i orkestar u G-duru,<\/strong><\/p>\n\n\n\n<p><a><strong>QV 5:174<\/strong><\/a><strong><\/strong><\/p>\n\n\n\n<p>I. stavak, Allegro<\/p>\n\n\n\n<p><a><strong>JAKOV BEGI\u0106, flauta, IV. s.<\/strong><\/a><\/p>\n\n\n\n<p>Nastavnica: univ. spec. mus. Nikolina Vukoja Pinjuh<\/p>\n\n\n\n<p><strong><em>Glazbena \u0161kola Pavla Markovca, Zagreb <\/em><\/strong><strong><em><\/em><\/strong><\/p>\n\n\n\n<p>Zavr\u0161io OG\u0160 u \u0160irokom Brijegu kod iste profesorice<\/p>\n\n\n\n<p><strong>Solo to\u010dka Guda\u010dkog orkestra G\u0160 Pavla Markovca, Zagreb<\/strong><strong><\/strong><\/p>\n\n\n\n<p><strong>7.&nbsp; <a>Wolfgang Amadeus Mozart: Serenada br. <\/a><a>13 u G-duru, KV 525<\/a><\/strong><\/p>\n\n\n\n<p><a>II. stavak, Romanze \u2013 Andante<\/a><\/p>\n\n\n\n<p>III. stavak, Menuetto. Allegretto \u2013 Trio<\/p>\n\n\n\n<p><strong>Dirigentica: Edita Kolovrat, mag. mus.<\/strong><\/p>\n\n\n\n<p><strong>Koncerti uz pratnju orkestra Srednje muzi\u010dke \u0161kole Sarajevo<\/strong><strong><\/strong><\/p>\n\n\n\n<p><strong>8.&nbsp; Ennio Morricone: Gabrijelova oboa<\/strong><\/p>\n\n\n\n<p><strong>AMILA DIZDAREVI\u0106, oboa, III. s.<\/strong><\/p>\n\n\n\n<p>Nastavnica: Jovana Jevti\u0107 Moravac, prof.<\/p>\n\n\n\n<p><strong><em>Srednja muzi\u010dka \u0161kola Sarajevo<\/em><\/strong><strong><em><\/em><\/strong><\/p>\n\n\n\n<p><strong>9.&nbsp; <a>Antonio Vivaldi: Koncert za violinu i <\/a><a>violon\u010delo u B-duru, RV 547<\/a><\/strong><\/p>\n\n\n\n<p>I. stavak, Allegro moderato<\/p>\n\n\n\n<p><a><strong>LAMIJA \u0160I\u0160I\u0106, violina, II. s.<\/strong><\/a><\/p>\n\n\n\n<p>Nastavnica: Marina \u0110or\u0111evi\u0107, prof.<\/p>\n\n\n\n<p><strong>IMAN \u0110IPA, violon\u010delo, IV. s.<\/strong><\/p>\n\n\n\n<p>Nastavnica: Anela Dervi\u0161evi\u0107, prof.<\/p>\n\n\n\n<p><strong><em>Srednja muzi\u010dka \u0161kola Sarajevo<\/em><\/strong><strong><em><\/em><\/strong><\/p>\n\n\n\n<p><strong>Solo to\u010dka orkestra Srednje muzi\u010dke \u0161kole Sarajevo<\/strong><strong><\/strong><\/p>\n\n\n\n<p><strong>10.&nbsp; Edvard Grieg: Holberg Suite op. 40<\/strong><\/p>\n\n\n\n<p>&nbsp;&nbsp;&nbsp;&nbsp;&nbsp;&nbsp;&nbsp;&nbsp;&nbsp;&nbsp;&nbsp;&nbsp;&nbsp;&nbsp;&nbsp;&nbsp;&nbsp;&nbsp;&nbsp;&nbsp;&nbsp;&nbsp;&nbsp;&nbsp;&nbsp;&nbsp;&nbsp;&nbsp;&nbsp;&nbsp;&nbsp;&nbsp; I. stavak, Prelude<\/p>\n\n\n\n<p><strong>Dirigentica: Tijana Vignjevi\u0107, prof.<\/strong><\/p>\n\n\n\n<p><strong>Zajedni\u010dka to\u010dka Guda\u010dkog orkestra G\u0160 P Markovca i SM\u0160 Sarajevo<\/strong><\/p>\n\n\n\n<p><strong>11.&nbsp; <a>Astor Piazzolla: Libertango<\/a><\/strong><strong> <\/strong><strong><\/strong><\/p>\n\n\n\n<p><strong>Dirigentica: Edita Kolovrat, mag. mus.<\/strong><\/p>\n\n\n\n<p><strong>U zajedni\u010dkom to\u010dkama zborova i orkestra nastupaju Mje\u0161oviti zbor i Guda\u010dki orkestar G\u0160 P. Markovca, Zagreb; Mje\u0161oviti zbor i orkestar SM\u0160 Sarajevo, Djevoja\u010dki zbor G\u0160 \u0160iroki Brijeg, Mje\u0161oviti zbor G\u0160 I. pl. Zajca, Mostar i u zadnjoj to\u010dki programa Djevoja\u010dki zbor G\u0160 Ljubu\u0161ki<\/strong><\/p>\n\n\n\n<p><strong>12. Wolfgang Amadeus Mozart: Ave verum corpus;<\/strong> Largo<strong>&nbsp;<\/strong><\/p>\n\n\n\n<p><strong>Dirigent: <\/strong><strong>Vinko Karmeli\u0107, mag. mus.<\/strong><\/p>\n\n\n\n<p><strong>13. Antonio Vivaldi: Credo in unum Deum, RV591<a>; <\/a><\/strong>Allegro<strong>&nbsp;<\/strong><\/p>\n\n\n\n<p><strong>Dirigent: Filip Milo\u0161evi\u0107<\/strong><strong>, mag mus.<\/strong><\/p>\n\n\n\n<p><strong>14. Antonio Vivaldi: Laudate Dominum, Psalm 116, RV 606; <\/strong>Allegro<\/p>\n\n\n\n<p><strong>Dirigent: <\/strong><strong>Marko Salavarda, prof.<\/strong><strong><\/strong><\/p>\n\n\n\n<p><strong>15. Antonio Vivaldi: Gloria in excelsis Deo, <\/strong><strong>RV 589<\/strong><strong><\/strong><\/p>\n\n\n\n<p><a><strong>Dirigentica: <\/strong><\/a><strong>\u017deljka Andri\u0107, prof.<\/strong><strong><\/strong><\/p>\n\n\n\n<p><strong>16. <a>Bo\u017eidar \u0160irola <\/a><\/strong>(obrada P. Ma\u0161i\u0107\/A. Bla\u017eina)<strong>: U slavu fra Didaka Bunti\u0107a<\/strong><strong><\/strong><\/p>\n\n\n\n<p><strong>Dirigent: <\/strong><strong>Marko Petkovi\u0107, mag. mus.<\/strong><\/p>\n\n\n\n<p><a><strong>Ansamble uvje\u017ebali:<\/strong><\/a><\/p>\n\n\n\n<p><strong>Guda\u010dki orkestar Glazbene \u0161kole Pavla Markovca, Zagreb<\/strong><\/p>\n\n\n\n<p><strong>Orkestar uvje\u017ebala: Edita Kolovrat, mag. mus.<\/strong><\/p>\n\n\n\n<p><strong>Mje\u0161oviti zbor Glazbene \u0161kole Pavla Markovca, Zagreb<\/strong><\/p>\n\n\n\n<p><strong>Zbor uvje\u017ebali: Antonija Bla\u017eina, prof. i Vinko Karmeli\u0107, mag. mus.<\/strong><\/p>\n\n\n\n<p><strong>Orkestar Srednje muzi\u010dke \u0161kole, Sarajevo<\/strong><\/p>\n\n\n\n<p><strong>Orkestar uvje\u017ebala: Tijana Vignjevi\u0107, prof.<\/strong><\/p>\n\n\n\n<p><strong>Mje\u0161oviti hor Srednje muzi\u010dke \u0161kole, Sarajevo<\/strong><\/p>\n\n\n\n<p><strong>Zbor uvje\u017ebala: \u017deljka Andri\u0107, prof.<\/strong><\/p>\n\n\n\n<p><strong>Djevoja\u010dki zbor Glazbene \u0161kole \u0160iroki Brijeg<\/strong><\/p>\n\n\n\n<p><strong>Zbor uvje\u017ebao: Marko Salavarda, prof.<\/strong><\/p>\n\n\n\n<p><strong>Mje\u0161oviti zbor Glazbene \u0161kole Ivana pl. Zajca, Mostar<\/strong><\/p>\n\n\n\n<p><strong>Zbor uvje\u017ebao: Filip Milo\u0161evi\u0107, mag. mus.<\/strong><\/p>\n\n\n\n<p><strong>Djevoja\u010dki zbor Glazbene \u0161kole Ljubu\u0161ki<\/strong><\/p>\n\n\n\n<p><strong>Zbor uvje\u017ebao: <a>Marko Petkovi\u0107<\/a>, mag. mus.<\/strong><\/p>\n\n\n\n<p><a><strong>\u010cembalo u orkestru, Anamaria Biland\u017ei\u0107, mag. mus.<\/strong><\/a><\/p>\n\n\n\n<p>Organizator manifestacije je Hrvatsko kulturno umjetni\u010dko dru\u0161tvo Didak, a generalni pokrovitelj je Sredi\u0161nji dr\u017eavni ured za Hrvate izvan Republike Hrvatske, dok su pokrovitelji manifestacije Op\u0107ina \u010citluk,\u00a0<strong>Grad Ljubu\u0161ki<\/strong>\u00a0i Vlada HN\u017d.<\/p>\n","protected":false},"excerpt":{"rendered":"<p>U \u010detvrtak, 16. listopada, u Domu sv. Ante na Humcu bit \u0107e uprili\u010deno sve\u010dano otvaranje manifestacije, sve\u010dana akademija i dodjela nagrada Didak. Ovogodi\u0161nje Didakove dane sve\u010dano otvoriti uzoriti kardinal Vinko Pulji\u0107. U glazbenom dijelu programa nastupit \u0107e Marko Perkovi\u0107 Thompson, etno skupina Didak, tambura\u0161ki orkestar Misericordia i klapa Concordia. VA\u017dNA OBAVIJEST&nbsp; Zbog velikog interesa i [&hellip;]<\/p>\n","protected":false},"author":2,"featured_media":221493,"comment_status":"closed","ping_status":"closed","sticky":false,"template":"","format":"standard","meta":{"h5ap_radio_sources":[],"footnotes":""},"categories":[3,28],"tags":[],"class_list":["post-221492","post","type-post","status-publish","format-standard","has-post-thumbnail","hentry","category-ljubuski","category-novosti"],"yoast_head":"<!-- This site is optimized with the Yoast SEO plugin v27.5 - https:\/\/yoast.com\/product\/yoast-seo-wordpress\/ -->\n<title>Didakovi dani 2025.: Sve\u010dana akademija i jubilarni 20. Koncert odabranih na Humcu - RADIO LJUBU\u0160KI<\/title>\n<meta name=\"robots\" content=\"index, follow, max-snippet:-1, max-image-preview:large, max-video-preview:-1\" \/>\n<link rel=\"canonical\" href=\"https:\/\/radioljubuski.ba\/index.php\/2025\/10\/15\/didakovi-dani-2025-svecana-akademija-i-jubilarni-20-koncert-odabranih-na-humcu\/\" \/>\n<meta property=\"og:locale\" content=\"hr_HR\" \/>\n<meta property=\"og:type\" content=\"article\" \/>\n<meta property=\"og:title\" content=\"Didakovi dani 2025.: Sve\u010dana akademija i jubilarni 20. Koncert odabranih na Humcu - RADIO LJUBU\u0160KI\" \/>\n<meta property=\"og:description\" content=\"U \u010detvrtak, 16. listopada, u Domu sv. Ante na Humcu bit \u0107e uprili\u010deno sve\u010dano otvaranje manifestacije, sve\u010dana akademija i dodjela nagrada Didak. Ovogodi\u0161nje Didakove dane sve\u010dano otvoriti uzoriti kardinal Vinko Pulji\u0107. U glazbenom dijelu programa nastupit \u0107e Marko Perkovi\u0107 Thompson, etno skupina Didak, tambura\u0161ki orkestar Misericordia i klapa Concordia. VA\u017dNA OBAVIJEST&nbsp; Zbog velikog interesa i [&hellip;]\" \/>\n<meta property=\"og:url\" content=\"https:\/\/radioljubuski.ba\/index.php\/2025\/10\/15\/didakovi-dani-2025-svecana-akademija-i-jubilarni-20-koncert-odabranih-na-humcu\/\" \/>\n<meta property=\"og:site_name\" content=\"RADIO LJUBU\u0160KI\" \/>\n<meta property=\"article:publisher\" content=\"https:\/\/www.facebook.com\/Radiio-Ljubuski-1490835324566332\" \/>\n<meta property=\"article:published_time\" content=\"2025-10-15T10:54:08+00:00\" \/>\n<meta property=\"article:modified_time\" content=\"2025-10-16T06:20:50+00:00\" \/>\n<meta property=\"og:image\" content=\"https:\/\/radioljubuski.ba\/wp-content\/uploads\/2025\/10\/WhatsApp-Slika-2025-10-03-u-20.07.18_49db27f8-1024x697-1.jpg\" \/>\n\t<meta property=\"og:image:width\" content=\"1024\" \/>\n\t<meta property=\"og:image:height\" content=\"697\" \/>\n\t<meta property=\"og:image:type\" content=\"image\/jpeg\" \/>\n<meta name=\"author\" content=\"Radio Ljubu\u0161ki\" \/>\n<meta name=\"twitter:card\" content=\"summary_large_image\" \/>\n<meta name=\"twitter:creator\" content=\"@radioljubuski\" \/>\n<meta name=\"twitter:site\" content=\"@radioljubuski\" \/>\n<meta name=\"twitter:label1\" content=\"Napisao\/la\" \/>\n\t<meta name=\"twitter:data1\" content=\"Radio Ljubu\u0161ki\" \/>\n\t<meta name=\"twitter:label2\" content=\"Procijenjeno vrijeme \u010ditanja\" \/>\n\t<meta name=\"twitter:data2\" content=\"5 minuta\" \/>\n<script type=\"application\/ld+json\" class=\"yoast-schema-graph\">{\"@context\":\"https:\\\/\\\/schema.org\",\"@graph\":[{\"@type\":\"Article\",\"@id\":\"https:\\\/\\\/radioljubuski.ba\\\/index.php\\\/2025\\\/10\\\/15\\\/didakovi-dani-2025-svecana-akademija-i-jubilarni-20-koncert-odabranih-na-humcu\\\/#article\",\"isPartOf\":{\"@id\":\"https:\\\/\\\/radioljubuski.ba\\\/index.php\\\/2025\\\/10\\\/15\\\/didakovi-dani-2025-svecana-akademija-i-jubilarni-20-koncert-odabranih-na-humcu\\\/\"},\"author\":{\"name\":\"Radio Ljubu\u0161ki\",\"@id\":\"https:\\\/\\\/radioljubuski.ba\\\/#\\\/schema\\\/person\\\/19fc700381a780f69665d7956c469e3b\"},\"headline\":\"Didakovi dani 2025.: Sve\u010dana akademija i jubilarni 20. Koncert odabranih na Humcu\",\"datePublished\":\"2025-10-15T10:54:08+00:00\",\"dateModified\":\"2025-10-16T06:20:50+00:00\",\"mainEntityOfPage\":{\"@id\":\"https:\\\/\\\/radioljubuski.ba\\\/index.php\\\/2025\\\/10\\\/15\\\/didakovi-dani-2025-svecana-akademija-i-jubilarni-20-koncert-odabranih-na-humcu\\\/\"},\"wordCount\":968,\"publisher\":{\"@id\":\"https:\\\/\\\/radioljubuski.ba\\\/#organization\"},\"image\":{\"@id\":\"https:\\\/\\\/radioljubuski.ba\\\/index.php\\\/2025\\\/10\\\/15\\\/didakovi-dani-2025-svecana-akademija-i-jubilarni-20-koncert-odabranih-na-humcu\\\/#primaryimage\"},\"thumbnailUrl\":\"https:\\\/\\\/radioljubuski.ba\\\/wp-content\\\/uploads\\\/2025\\\/10\\\/WhatsApp-Slika-2025-10-03-u-20.07.18_49db27f8-1024x697-1.jpg\",\"articleSection\":[\"Ljubu\u0161ki\",\"Novosti\"],\"inLanguage\":\"hr\"},{\"@type\":\"WebPage\",\"@id\":\"https:\\\/\\\/radioljubuski.ba\\\/index.php\\\/2025\\\/10\\\/15\\\/didakovi-dani-2025-svecana-akademija-i-jubilarni-20-koncert-odabranih-na-humcu\\\/\",\"url\":\"https:\\\/\\\/radioljubuski.ba\\\/index.php\\\/2025\\\/10\\\/15\\\/didakovi-dani-2025-svecana-akademija-i-jubilarni-20-koncert-odabranih-na-humcu\\\/\",\"name\":\"Didakovi dani 2025.: Sve\u010dana akademija i jubilarni 20. Koncert odabranih na Humcu - RADIO LJUBU\u0160KI\",\"isPartOf\":{\"@id\":\"https:\\\/\\\/radioljubuski.ba\\\/#website\"},\"primaryImageOfPage\":{\"@id\":\"https:\\\/\\\/radioljubuski.ba\\\/index.php\\\/2025\\\/10\\\/15\\\/didakovi-dani-2025-svecana-akademija-i-jubilarni-20-koncert-odabranih-na-humcu\\\/#primaryimage\"},\"image\":{\"@id\":\"https:\\\/\\\/radioljubuski.ba\\\/index.php\\\/2025\\\/10\\\/15\\\/didakovi-dani-2025-svecana-akademija-i-jubilarni-20-koncert-odabranih-na-humcu\\\/#primaryimage\"},\"thumbnailUrl\":\"https:\\\/\\\/radioljubuski.ba\\\/wp-content\\\/uploads\\\/2025\\\/10\\\/WhatsApp-Slika-2025-10-03-u-20.07.18_49db27f8-1024x697-1.jpg\",\"datePublished\":\"2025-10-15T10:54:08+00:00\",\"dateModified\":\"2025-10-16T06:20:50+00:00\",\"breadcrumb\":{\"@id\":\"https:\\\/\\\/radioljubuski.ba\\\/index.php\\\/2025\\\/10\\\/15\\\/didakovi-dani-2025-svecana-akademija-i-jubilarni-20-koncert-odabranih-na-humcu\\\/#breadcrumb\"},\"inLanguage\":\"hr\",\"potentialAction\":[{\"@type\":\"ReadAction\",\"target\":[\"https:\\\/\\\/radioljubuski.ba\\\/index.php\\\/2025\\\/10\\\/15\\\/didakovi-dani-2025-svecana-akademija-i-jubilarni-20-koncert-odabranih-na-humcu\\\/\"]}]},{\"@type\":\"ImageObject\",\"inLanguage\":\"hr\",\"@id\":\"https:\\\/\\\/radioljubuski.ba\\\/index.php\\\/2025\\\/10\\\/15\\\/didakovi-dani-2025-svecana-akademija-i-jubilarni-20-koncert-odabranih-na-humcu\\\/#primaryimage\",\"url\":\"https:\\\/\\\/radioljubuski.ba\\\/wp-content\\\/uploads\\\/2025\\\/10\\\/WhatsApp-Slika-2025-10-03-u-20.07.18_49db27f8-1024x697-1.jpg\",\"contentUrl\":\"https:\\\/\\\/radioljubuski.ba\\\/wp-content\\\/uploads\\\/2025\\\/10\\\/WhatsApp-Slika-2025-10-03-u-20.07.18_49db27f8-1024x697-1.jpg\",\"width\":1024,\"height\":697},{\"@type\":\"BreadcrumbList\",\"@id\":\"https:\\\/\\\/radioljubuski.ba\\\/index.php\\\/2025\\\/10\\\/15\\\/didakovi-dani-2025-svecana-akademija-i-jubilarni-20-koncert-odabranih-na-humcu\\\/#breadcrumb\",\"itemListElement\":[{\"@type\":\"ListItem\",\"position\":1,\"name\":\"Po\u010detna stranica\",\"item\":\"https:\\\/\\\/radioljubuski.ba\\\/\"},{\"@type\":\"ListItem\",\"position\":2,\"name\":\"Didakovi dani 2025.: Sve\u010dana akademija i jubilarni 20. Koncert odabranih na Humcu\"}]},{\"@type\":\"WebSite\",\"@id\":\"https:\\\/\\\/radioljubuski.ba\\\/#website\",\"url\":\"https:\\\/\\\/radioljubuski.ba\\\/\",\"name\":\"Radio Ljubu\u0161ki\",\"description\":\"Sun\u010dana frekvencija Hercegovine\",\"publisher\":{\"@id\":\"https:\\\/\\\/radioljubuski.ba\\\/#organization\"},\"potentialAction\":[{\"@type\":\"SearchAction\",\"target\":{\"@type\":\"EntryPoint\",\"urlTemplate\":\"https:\\\/\\\/radioljubuski.ba\\\/?s={search_term_string}\"},\"query-input\":{\"@type\":\"PropertyValueSpecification\",\"valueRequired\":true,\"valueName\":\"search_term_string\"}}],\"inLanguage\":\"hr\"},{\"@type\":\"Organization\",\"@id\":\"https:\\\/\\\/radioljubuski.ba\\\/#organization\",\"name\":\"Radio Ljubu\u0161ki\",\"url\":\"https:\\\/\\\/radioljubuski.ba\\\/\",\"logo\":{\"@type\":\"ImageObject\",\"inLanguage\":\"hr\",\"@id\":\"https:\\\/\\\/radioljubuski.ba\\\/#\\\/schema\\\/logo\\\/image\\\/\",\"url\":\"https:\\\/\\\/radioljubuski.ba\\\/wp-content\\\/uploads\\\/2021\\\/02\\\/cropped-Radio_Ljubuski_logo1.jpg\",\"contentUrl\":\"https:\\\/\\\/radioljubuski.ba\\\/wp-content\\\/uploads\\\/2021\\\/02\\\/cropped-Radio_Ljubuski_logo1.jpg\",\"width\":512,\"height\":512,\"caption\":\"Radio Ljubu\u0161ki\"},\"image\":{\"@id\":\"https:\\\/\\\/radioljubuski.ba\\\/#\\\/schema\\\/logo\\\/image\\\/\"},\"sameAs\":[\"https:\\\/\\\/www.facebook.com\\\/Radiio-Ljubuski-1490835324566332\",\"https:\\\/\\\/x.com\\\/radioljubuski\",\"https:\\\/\\\/hr.linkedin.com\\\/company\\\/radio-ljubuski\",\"https:\\\/\\\/www.youtube.com\\\/channel\\\/UCHYaeO_n0Db3tjNGudGpXyw\"]},{\"@type\":\"Person\",\"@id\":\"https:\\\/\\\/radioljubuski.ba\\\/#\\\/schema\\\/person\\\/19fc700381a780f69665d7956c469e3b\",\"name\":\"Radio Ljubu\u0161ki\"}]}<\/script>\n<!-- \/ Yoast SEO plugin. -->","yoast_head_json":{"title":"Didakovi dani 2025.: Sve\u010dana akademija i jubilarni 20. Koncert odabranih na Humcu - RADIO LJUBU\u0160KI","robots":{"index":"index","follow":"follow","max-snippet":"max-snippet:-1","max-image-preview":"max-image-preview:large","max-video-preview":"max-video-preview:-1"},"canonical":"https:\/\/radioljubuski.ba\/index.php\/2025\/10\/15\/didakovi-dani-2025-svecana-akademija-i-jubilarni-20-koncert-odabranih-na-humcu\/","og_locale":"hr_HR","og_type":"article","og_title":"Didakovi dani 2025.: Sve\u010dana akademija i jubilarni 20. Koncert odabranih na Humcu - RADIO LJUBU\u0160KI","og_description":"U \u010detvrtak, 16. listopada, u Domu sv. Ante na Humcu bit \u0107e uprili\u010deno sve\u010dano otvaranje manifestacije, sve\u010dana akademija i dodjela nagrada Didak. Ovogodi\u0161nje Didakove dane sve\u010dano otvoriti uzoriti kardinal Vinko Pulji\u0107. U glazbenom dijelu programa nastupit \u0107e Marko Perkovi\u0107 Thompson, etno skupina Didak, tambura\u0161ki orkestar Misericordia i klapa Concordia. VA\u017dNA OBAVIJEST&nbsp; Zbog velikog interesa i [&hellip;]","og_url":"https:\/\/radioljubuski.ba\/index.php\/2025\/10\/15\/didakovi-dani-2025-svecana-akademija-i-jubilarni-20-koncert-odabranih-na-humcu\/","og_site_name":"RADIO LJUBU\u0160KI","article_publisher":"https:\/\/www.facebook.com\/Radiio-Ljubuski-1490835324566332","article_published_time":"2025-10-15T10:54:08+00:00","article_modified_time":"2025-10-16T06:20:50+00:00","og_image":[{"width":1024,"height":697,"url":"https:\/\/radioljubuski.ba\/wp-content\/uploads\/2025\/10\/WhatsApp-Slika-2025-10-03-u-20.07.18_49db27f8-1024x697-1.jpg","type":"image\/jpeg"}],"author":"Radio Ljubu\u0161ki","twitter_card":"summary_large_image","twitter_creator":"@radioljubuski","twitter_site":"@radioljubuski","twitter_misc":{"Napisao\/la":"Radio Ljubu\u0161ki","Procijenjeno vrijeme \u010ditanja":"5 minuta"},"schema":{"@context":"https:\/\/schema.org","@graph":[{"@type":"Article","@id":"https:\/\/radioljubuski.ba\/index.php\/2025\/10\/15\/didakovi-dani-2025-svecana-akademija-i-jubilarni-20-koncert-odabranih-na-humcu\/#article","isPartOf":{"@id":"https:\/\/radioljubuski.ba\/index.php\/2025\/10\/15\/didakovi-dani-2025-svecana-akademija-i-jubilarni-20-koncert-odabranih-na-humcu\/"},"author":{"name":"Radio Ljubu\u0161ki","@id":"https:\/\/radioljubuski.ba\/#\/schema\/person\/19fc700381a780f69665d7956c469e3b"},"headline":"Didakovi dani 2025.: Sve\u010dana akademija i jubilarni 20. Koncert odabranih na Humcu","datePublished":"2025-10-15T10:54:08+00:00","dateModified":"2025-10-16T06:20:50+00:00","mainEntityOfPage":{"@id":"https:\/\/radioljubuski.ba\/index.php\/2025\/10\/15\/didakovi-dani-2025-svecana-akademija-i-jubilarni-20-koncert-odabranih-na-humcu\/"},"wordCount":968,"publisher":{"@id":"https:\/\/radioljubuski.ba\/#organization"},"image":{"@id":"https:\/\/radioljubuski.ba\/index.php\/2025\/10\/15\/didakovi-dani-2025-svecana-akademija-i-jubilarni-20-koncert-odabranih-na-humcu\/#primaryimage"},"thumbnailUrl":"https:\/\/radioljubuski.ba\/wp-content\/uploads\/2025\/10\/WhatsApp-Slika-2025-10-03-u-20.07.18_49db27f8-1024x697-1.jpg","articleSection":["Ljubu\u0161ki","Novosti"],"inLanguage":"hr"},{"@type":"WebPage","@id":"https:\/\/radioljubuski.ba\/index.php\/2025\/10\/15\/didakovi-dani-2025-svecana-akademija-i-jubilarni-20-koncert-odabranih-na-humcu\/","url":"https:\/\/radioljubuski.ba\/index.php\/2025\/10\/15\/didakovi-dani-2025-svecana-akademija-i-jubilarni-20-koncert-odabranih-na-humcu\/","name":"Didakovi dani 2025.: Sve\u010dana akademija i jubilarni 20. Koncert odabranih na Humcu - RADIO LJUBU\u0160KI","isPartOf":{"@id":"https:\/\/radioljubuski.ba\/#website"},"primaryImageOfPage":{"@id":"https:\/\/radioljubuski.ba\/index.php\/2025\/10\/15\/didakovi-dani-2025-svecana-akademija-i-jubilarni-20-koncert-odabranih-na-humcu\/#primaryimage"},"image":{"@id":"https:\/\/radioljubuski.ba\/index.php\/2025\/10\/15\/didakovi-dani-2025-svecana-akademija-i-jubilarni-20-koncert-odabranih-na-humcu\/#primaryimage"},"thumbnailUrl":"https:\/\/radioljubuski.ba\/wp-content\/uploads\/2025\/10\/WhatsApp-Slika-2025-10-03-u-20.07.18_49db27f8-1024x697-1.jpg","datePublished":"2025-10-15T10:54:08+00:00","dateModified":"2025-10-16T06:20:50+00:00","breadcrumb":{"@id":"https:\/\/radioljubuski.ba\/index.php\/2025\/10\/15\/didakovi-dani-2025-svecana-akademija-i-jubilarni-20-koncert-odabranih-na-humcu\/#breadcrumb"},"inLanguage":"hr","potentialAction":[{"@type":"ReadAction","target":["https:\/\/radioljubuski.ba\/index.php\/2025\/10\/15\/didakovi-dani-2025-svecana-akademija-i-jubilarni-20-koncert-odabranih-na-humcu\/"]}]},{"@type":"ImageObject","inLanguage":"hr","@id":"https:\/\/radioljubuski.ba\/index.php\/2025\/10\/15\/didakovi-dani-2025-svecana-akademija-i-jubilarni-20-koncert-odabranih-na-humcu\/#primaryimage","url":"https:\/\/radioljubuski.ba\/wp-content\/uploads\/2025\/10\/WhatsApp-Slika-2025-10-03-u-20.07.18_49db27f8-1024x697-1.jpg","contentUrl":"https:\/\/radioljubuski.ba\/wp-content\/uploads\/2025\/10\/WhatsApp-Slika-2025-10-03-u-20.07.18_49db27f8-1024x697-1.jpg","width":1024,"height":697},{"@type":"BreadcrumbList","@id":"https:\/\/radioljubuski.ba\/index.php\/2025\/10\/15\/didakovi-dani-2025-svecana-akademija-i-jubilarni-20-koncert-odabranih-na-humcu\/#breadcrumb","itemListElement":[{"@type":"ListItem","position":1,"name":"Po\u010detna stranica","item":"https:\/\/radioljubuski.ba\/"},{"@type":"ListItem","position":2,"name":"Didakovi dani 2025.: Sve\u010dana akademija i jubilarni 20. Koncert odabranih na Humcu"}]},{"@type":"WebSite","@id":"https:\/\/radioljubuski.ba\/#website","url":"https:\/\/radioljubuski.ba\/","name":"Radio Ljubu\u0161ki","description":"Sun\u010dana frekvencija Hercegovine","publisher":{"@id":"https:\/\/radioljubuski.ba\/#organization"},"potentialAction":[{"@type":"SearchAction","target":{"@type":"EntryPoint","urlTemplate":"https:\/\/radioljubuski.ba\/?s={search_term_string}"},"query-input":{"@type":"PropertyValueSpecification","valueRequired":true,"valueName":"search_term_string"}}],"inLanguage":"hr"},{"@type":"Organization","@id":"https:\/\/radioljubuski.ba\/#organization","name":"Radio Ljubu\u0161ki","url":"https:\/\/radioljubuski.ba\/","logo":{"@type":"ImageObject","inLanguage":"hr","@id":"https:\/\/radioljubuski.ba\/#\/schema\/logo\/image\/","url":"https:\/\/radioljubuski.ba\/wp-content\/uploads\/2021\/02\/cropped-Radio_Ljubuski_logo1.jpg","contentUrl":"https:\/\/radioljubuski.ba\/wp-content\/uploads\/2021\/02\/cropped-Radio_Ljubuski_logo1.jpg","width":512,"height":512,"caption":"Radio Ljubu\u0161ki"},"image":{"@id":"https:\/\/radioljubuski.ba\/#\/schema\/logo\/image\/"},"sameAs":["https:\/\/www.facebook.com\/Radiio-Ljubuski-1490835324566332","https:\/\/x.com\/radioljubuski","https:\/\/hr.linkedin.com\/company\/radio-ljubuski","https:\/\/www.youtube.com\/channel\/UCHYaeO_n0Db3tjNGudGpXyw"]},{"@type":"Person","@id":"https:\/\/radioljubuski.ba\/#\/schema\/person\/19fc700381a780f69665d7956c469e3b","name":"Radio Ljubu\u0161ki"}]}},"_links":{"self":[{"href":"https:\/\/radioljubuski.ba\/index.php\/wp-json\/wp\/v2\/posts\/221492","targetHints":{"allow":["GET"]}}],"collection":[{"href":"https:\/\/radioljubuski.ba\/index.php\/wp-json\/wp\/v2\/posts"}],"about":[{"href":"https:\/\/radioljubuski.ba\/index.php\/wp-json\/wp\/v2\/types\/post"}],"author":[{"embeddable":true,"href":"https:\/\/radioljubuski.ba\/index.php\/wp-json\/wp\/v2\/users\/2"}],"replies":[{"embeddable":true,"href":"https:\/\/radioljubuski.ba\/index.php\/wp-json\/wp\/v2\/comments?post=221492"}],"version-history":[{"count":7,"href":"https:\/\/radioljubuski.ba\/index.php\/wp-json\/wp\/v2\/posts\/221492\/revisions"}],"predecessor-version":[{"id":221527,"href":"https:\/\/radioljubuski.ba\/index.php\/wp-json\/wp\/v2\/posts\/221492\/revisions\/221527"}],"wp:featuredmedia":[{"embeddable":true,"href":"https:\/\/radioljubuski.ba\/index.php\/wp-json\/wp\/v2\/media\/221493"}],"wp:attachment":[{"href":"https:\/\/radioljubuski.ba\/index.php\/wp-json\/wp\/v2\/media?parent=221492"}],"wp:term":[{"taxonomy":"category","embeddable":true,"href":"https:\/\/radioljubuski.ba\/index.php\/wp-json\/wp\/v2\/categories?post=221492"},{"taxonomy":"post_tag","embeddable":true,"href":"https:\/\/radioljubuski.ba\/index.php\/wp-json\/wp\/v2\/tags?post=221492"}],"curies":[{"name":"wp","href":"https:\/\/api.w.org\/{rel}","templated":true}]}}