{"id":221517,"date":"2025-10-17T08:14:07","date_gmt":"2025-10-17T07:14:07","guid":{"rendered":"https:\/\/radioljubuski.ba\/?p=221517"},"modified":"2025-10-17T09:54:14","modified_gmt":"2025-10-17T08:54:14","slug":"gradu-ljubuskom-i-gradonacelniku-vedran-markoticu-uruceno-priznanje-didak-za-svestrani-razvoj","status":"publish","type":"post","link":"https:\/\/radioljubuski.ba\/index.php\/2025\/10\/17\/gradu-ljubuskom-i-gradonacelniku-vedran-markoticu-uruceno-priznanje-didak-za-svestrani-razvoj\/","title":{"rendered":"Gradu Ljubu\u0161kom i gradona\u010delniku Vedranu Markoti\u0107u uru\u010deno priznanje \u201eDidak\u201c za svestrani razvoj"},"content":{"rendered":"\n<p>U Domu svetog Ante na Humcu ve\u010deras je sve\u010dano otvorena tradicionalna kulturno-duhovna manifestacija \u201eDidakovi dani 2025.\u201c, koja se ve\u0107 22. godinu zaredom odr\u017eava u \u010dast fra Didaka Bunti\u0107a, hercegova\u010dkog franjevca, humanista, pedagoga i prosvjetitelja. <\/p>\n\n\n\n<p>Ovogodi\u0161nje \u201eDidakove dane\u201c otvorio je kardinal Vinko Pulji\u0107, istaknuv\u0161i u svom obra\u0107anju va\u017enost o\u010duvanja duha vjere, humanosti i kulturne ba\u0161tine koju je fra Didak neumorno promicao tijekom svoga \u017eivota.<\/p>\n\n\n\n<figure class=\"wp-block-image size-large\"><img loading=\"lazy\" decoding=\"async\" width=\"1024\" height=\"683\" src=\"https:\/\/radioljubuski.ba\/wp-content\/uploads\/2025\/10\/3P0A4319-1024x683.jpg\" alt=\"\" class=\"wp-image-221578\" srcset=\"https:\/\/radioljubuski.ba\/wp-content\/uploads\/2025\/10\/3P0A4319-1024x683.jpg 1024w, https:\/\/radioljubuski.ba\/wp-content\/uploads\/2025\/10\/3P0A4319-300x200.jpg 300w, https:\/\/radioljubuski.ba\/wp-content\/uploads\/2025\/10\/3P0A4319-768x512.jpg 768w, https:\/\/radioljubuski.ba\/wp-content\/uploads\/2025\/10\/3P0A4319-1536x1024.jpg 1536w, https:\/\/radioljubuski.ba\/wp-content\/uploads\/2025\/10\/3P0A4319-2048x1365.jpg 2048w, https:\/\/radioljubuski.ba\/wp-content\/uploads\/2025\/10\/3P0A4319-18x12.jpg 18w\" sizes=\"auto, (max-width: 1024px) 100vw, 1024px\" \/><\/figure>\n\n\n\n<p><br><br>Na sve\u010danoj akademiji, odr\u017eanoj u prepunom Domu sv. Ante, uru\u010dena su priznanja \u201eDidak\u201c pojedincima i institucijama koji su svojim djelovanjem pridonijeli dru\u0161tvenom, kulturnom, znanstvenom i duhovnom napretku te promicanju vrijednosti po\u017ertvovnosti i solidarnosti koje je \u017eivio fra Didak Bunti\u0107. Skupu su se obratili doma\u0107in huma\u010dki gvardijan i \u017eupnik fra Miro \u0160ego, dr\u017eavni tajnik Sredi\u0161njeg dr\u017eavnog ureda za Hrvate izvan Republike Hrvatske Zvonko Milas, predsjednik HNS-a dr. Dragan \u010covi\u0107.<\/p>\n\n\n\n<figure class=\"wp-block-gallery has-nested-images columns-default is-cropped wp-block-gallery-1 is-layout-flex wp-block-gallery-is-layout-flex\">\n<figure class=\"wp-block-image size-large\"><img loading=\"lazy\" decoding=\"async\" width=\"1024\" height=\"683\" data-id=\"221600\" src=\"https:\/\/radioljubuski.ba\/wp-content\/uploads\/2025\/10\/3P0A4263-1-1024x683.jpg\" alt=\"\" class=\"wp-image-221600\" srcset=\"https:\/\/radioljubuski.ba\/wp-content\/uploads\/2025\/10\/3P0A4263-1-1024x683.jpg 1024w, https:\/\/radioljubuski.ba\/wp-content\/uploads\/2025\/10\/3P0A4263-1-300x200.jpg 300w, https:\/\/radioljubuski.ba\/wp-content\/uploads\/2025\/10\/3P0A4263-1-768x512.jpg 768w, https:\/\/radioljubuski.ba\/wp-content\/uploads\/2025\/10\/3P0A4263-1-1536x1024.jpg 1536w, https:\/\/radioljubuski.ba\/wp-content\/uploads\/2025\/10\/3P0A4263-1-2048x1365.jpg 2048w, https:\/\/radioljubuski.ba\/wp-content\/uploads\/2025\/10\/3P0A4263-1-18x12.jpg 18w\" sizes=\"auto, (max-width: 1024px) 100vw, 1024px\" \/><\/figure>\n<\/figure>\n\n\n\n<figure class=\"wp-block-image size-large\"><img loading=\"lazy\" decoding=\"async\" width=\"1024\" height=\"683\" src=\"https:\/\/radioljubuski.ba\/wp-content\/uploads\/2025\/10\/3P0A4284-1-1024x683.jpg\" alt=\"\" class=\"wp-image-221599\" srcset=\"https:\/\/radioljubuski.ba\/wp-content\/uploads\/2025\/10\/3P0A4284-1-1024x683.jpg 1024w, https:\/\/radioljubuski.ba\/wp-content\/uploads\/2025\/10\/3P0A4284-1-300x200.jpg 300w, https:\/\/radioljubuski.ba\/wp-content\/uploads\/2025\/10\/3P0A4284-1-768x512.jpg 768w, https:\/\/radioljubuski.ba\/wp-content\/uploads\/2025\/10\/3P0A4284-1-1536x1024.jpg 1536w, https:\/\/radioljubuski.ba\/wp-content\/uploads\/2025\/10\/3P0A4284-1-2048x1365.jpg 2048w, https:\/\/radioljubuski.ba\/wp-content\/uploads\/2025\/10\/3P0A4284-1-18x12.jpg 18w\" sizes=\"auto, (max-width: 1024px) 100vw, 1024px\" \/><\/figure>\n\n\n\n<p><\/p>\n\n\n\n<figure class=\"wp-block-image size-large\"><img loading=\"lazy\" decoding=\"async\" width=\"1024\" height=\"683\" src=\"https:\/\/radioljubuski.ba\/wp-content\/uploads\/2025\/10\/3P0A4303-1024x683.jpg\" alt=\"\" class=\"wp-image-221595\" srcset=\"https:\/\/radioljubuski.ba\/wp-content\/uploads\/2025\/10\/3P0A4303-1024x683.jpg 1024w, https:\/\/radioljubuski.ba\/wp-content\/uploads\/2025\/10\/3P0A4303-300x200.jpg 300w, https:\/\/radioljubuski.ba\/wp-content\/uploads\/2025\/10\/3P0A4303-768x512.jpg 768w, https:\/\/radioljubuski.ba\/wp-content\/uploads\/2025\/10\/3P0A4303-1536x1024.jpg 1536w, https:\/\/radioljubuski.ba\/wp-content\/uploads\/2025\/10\/3P0A4303-2048x1365.jpg 2048w, https:\/\/radioljubuski.ba\/wp-content\/uploads\/2025\/10\/3P0A4303-18x12.jpg 18w\" sizes=\"auto, (max-width: 1024px) 100vw, 1024px\" \/><\/figure>\n\n\n\n<p><\/p>\n\n\n\n<figure class=\"wp-block-gallery has-nested-images columns-default is-cropped wp-block-gallery-2 is-layout-flex wp-block-gallery-is-layout-flex\">\n<figure class=\"wp-block-image size-large\"><img loading=\"lazy\" decoding=\"async\" width=\"1024\" height=\"683\" data-id=\"221596\" src=\"https:\/\/radioljubuski.ba\/wp-content\/uploads\/2025\/10\/3P0A4305-1024x683.jpg\" alt=\"\" class=\"wp-image-221596\" srcset=\"https:\/\/radioljubuski.ba\/wp-content\/uploads\/2025\/10\/3P0A4305-1024x683.jpg 1024w, https:\/\/radioljubuski.ba\/wp-content\/uploads\/2025\/10\/3P0A4305-300x200.jpg 300w, https:\/\/radioljubuski.ba\/wp-content\/uploads\/2025\/10\/3P0A4305-768x512.jpg 768w, https:\/\/radioljubuski.ba\/wp-content\/uploads\/2025\/10\/3P0A4305-1536x1024.jpg 1536w, https:\/\/radioljubuski.ba\/wp-content\/uploads\/2025\/10\/3P0A4305-2048x1365.jpg 2048w, https:\/\/radioljubuski.ba\/wp-content\/uploads\/2025\/10\/3P0A4305-18x12.jpg 18w\" sizes=\"auto, (max-width: 1024px) 100vw, 1024px\" \/><\/figure>\n<\/figure>\n\n\n\n<p>Grad Ljubu\u0161ki i gradona\u010delnik Vedran Markoti\u0107 dobitnici su priznanja Didak u kategoriji svestranog razvoja.<\/p>\n\n\n\n<figure class=\"wp-block-video\"><video height=\"850\" style=\"aspect-ratio: 478 \/ 850;\" width=\"478\" controls src=\"https:\/\/radioljubuski.ba\/wp-content\/uploads\/2025\/10\/WhatsApp-Video-2025-10-17-at-08.22.35.mp4\"><\/video><\/figure>\n\n\n\n<p><br><br>Zastupnica u Europskom parlamentu \u017deljana Zovko i glazbenik Marko Perkovi\u0107 Thompson dobitnici su priznanja \u201eDidak\u201c za 2025. godinu. Zovko je nagra\u0111ena za politi\u010dko djelovanje i dugogodi\u0161nji doprinos promicanju prava hrvatskog naroda u Bosni i Hercegovini te ja\u010danju europske perspektive BiH, dok je Marku Perkovi\u0107u Thompsonu priznanje dodijeljeno za njegovo umjetni\u010dko stvarala\u0161tvo i isticanje nacionalnog identiteta kroz glazbu.<\/p>\n\n\n\n<figure class=\"wp-block-image size-large\"><img loading=\"lazy\" decoding=\"async\" width=\"1024\" height=\"683\" src=\"https:\/\/radioljubuski.ba\/wp-content\/uploads\/2025\/10\/3P0A4417-1024x683.jpg\" alt=\"\" class=\"wp-image-221579\" srcset=\"https:\/\/radioljubuski.ba\/wp-content\/uploads\/2025\/10\/3P0A4417-1024x683.jpg 1024w, https:\/\/radioljubuski.ba\/wp-content\/uploads\/2025\/10\/3P0A4417-300x200.jpg 300w, https:\/\/radioljubuski.ba\/wp-content\/uploads\/2025\/10\/3P0A4417-768x512.jpg 768w, https:\/\/radioljubuski.ba\/wp-content\/uploads\/2025\/10\/3P0A4417-1536x1024.jpg 1536w, https:\/\/radioljubuski.ba\/wp-content\/uploads\/2025\/10\/3P0A4417-2048x1365.jpg 2048w, https:\/\/radioljubuski.ba\/wp-content\/uploads\/2025\/10\/3P0A4417-18x12.jpg 18w\" sizes=\"auto, (max-width: 1024px) 100vw, 1024px\" \/><\/figure>\n\n\n\n<figure class=\"wp-block-image size-large\"><img loading=\"lazy\" decoding=\"async\" width=\"1024\" height=\"683\" src=\"https:\/\/radioljubuski.ba\/wp-content\/uploads\/2025\/10\/3P0A4389-1024x683.jpg\" alt=\"\" class=\"wp-image-221580\" srcset=\"https:\/\/radioljubuski.ba\/wp-content\/uploads\/2025\/10\/3P0A4389-1024x683.jpg 1024w, https:\/\/radioljubuski.ba\/wp-content\/uploads\/2025\/10\/3P0A4389-300x200.jpg 300w, https:\/\/radioljubuski.ba\/wp-content\/uploads\/2025\/10\/3P0A4389-768x512.jpg 768w, https:\/\/radioljubuski.ba\/wp-content\/uploads\/2025\/10\/3P0A4389-1536x1024.jpg 1536w, https:\/\/radioljubuski.ba\/wp-content\/uploads\/2025\/10\/3P0A4389-2048x1365.jpg 2048w, https:\/\/radioljubuski.ba\/wp-content\/uploads\/2025\/10\/3P0A4389-18x12.jpg 18w\" sizes=\"auto, (max-width: 1024px) 100vw, 1024px\" \/><\/figure>\n\n\n\n<p>Ovogodi\u0161nji laureati su i dr. fra Robert Joli\u0107 u podru\u010dju znanosti, Miro Tomas (Toming) u podru\u010dju gospodarstva, Hrvatsko narodno kazali\u0161te Mostar u podru\u010dju kulture, mons. Aldo Cavalli, apostolski vizitator za \u017eupu Me\u0111ugorje, u podru\u010dju duhovnosti, Zajednica Cenacolo za humanitarno djelovanje, te fra Tomislav Pervan za \u017eivotno djelo.<\/p>\n\n\n\n<figure class=\"wp-block-image size-large\"><img loading=\"lazy\" decoding=\"async\" width=\"1024\" height=\"683\" src=\"https:\/\/radioljubuski.ba\/wp-content\/uploads\/2025\/10\/3P0A4338-1024x683.jpg\" alt=\"\" class=\"wp-image-221581\" srcset=\"https:\/\/radioljubuski.ba\/wp-content\/uploads\/2025\/10\/3P0A4338-1024x683.jpg 1024w, https:\/\/radioljubuski.ba\/wp-content\/uploads\/2025\/10\/3P0A4338-300x200.jpg 300w, https:\/\/radioljubuski.ba\/wp-content\/uploads\/2025\/10\/3P0A4338-768x512.jpg 768w, https:\/\/radioljubuski.ba\/wp-content\/uploads\/2025\/10\/3P0A4338-1536x1024.jpg 1536w, https:\/\/radioljubuski.ba\/wp-content\/uploads\/2025\/10\/3P0A4338-2048x1365.jpg 2048w, https:\/\/radioljubuski.ba\/wp-content\/uploads\/2025\/10\/3P0A4338-18x12.jpg 18w\" sizes=\"auto, (max-width: 1024px) 100vw, 1024px\" \/><\/figure>\n\n\n\n<p><\/p>\n\n\n\n<figure class=\"wp-block-image size-large\"><img loading=\"lazy\" decoding=\"async\" width=\"1024\" height=\"683\" src=\"https:\/\/radioljubuski.ba\/wp-content\/uploads\/2025\/10\/3P0A4346-1024x683.jpg\" alt=\"\" class=\"wp-image-221582\" srcset=\"https:\/\/radioljubuski.ba\/wp-content\/uploads\/2025\/10\/3P0A4346-1024x683.jpg 1024w, https:\/\/radioljubuski.ba\/wp-content\/uploads\/2025\/10\/3P0A4346-300x200.jpg 300w, https:\/\/radioljubuski.ba\/wp-content\/uploads\/2025\/10\/3P0A4346-768x512.jpg 768w, https:\/\/radioljubuski.ba\/wp-content\/uploads\/2025\/10\/3P0A4346-1536x1024.jpg 1536w, https:\/\/radioljubuski.ba\/wp-content\/uploads\/2025\/10\/3P0A4346-2048x1365.jpg 2048w, https:\/\/radioljubuski.ba\/wp-content\/uploads\/2025\/10\/3P0A4346-18x12.jpg 18w\" sizes=\"auto, (max-width: 1024px) 100vw, 1024px\" \/><\/figure>\n\n\n\n<p><\/p>\n\n\n\n<figure class=\"wp-block-image size-large\"><img loading=\"lazy\" decoding=\"async\" width=\"1024\" height=\"683\" src=\"https:\/\/radioljubuski.ba\/wp-content\/uploads\/2025\/10\/3P0A4360-1024x683.jpg\" alt=\"\" class=\"wp-image-221583\" srcset=\"https:\/\/radioljubuski.ba\/wp-content\/uploads\/2025\/10\/3P0A4360-1024x683.jpg 1024w, https:\/\/radioljubuski.ba\/wp-content\/uploads\/2025\/10\/3P0A4360-300x200.jpg 300w, https:\/\/radioljubuski.ba\/wp-content\/uploads\/2025\/10\/3P0A4360-768x512.jpg 768w, https:\/\/radioljubuski.ba\/wp-content\/uploads\/2025\/10\/3P0A4360-1536x1024.jpg 1536w, https:\/\/radioljubuski.ba\/wp-content\/uploads\/2025\/10\/3P0A4360-2048x1365.jpg 2048w, https:\/\/radioljubuski.ba\/wp-content\/uploads\/2025\/10\/3P0A4360-18x12.jpg 18w\" sizes=\"auto, (max-width: 1024px) 100vw, 1024px\" \/><\/figure>\n\n\n\n<p><\/p>\n\n\n\n<figure class=\"wp-block-image size-large\"><img loading=\"lazy\" decoding=\"async\" width=\"1024\" height=\"683\" src=\"https:\/\/radioljubuski.ba\/wp-content\/uploads\/2025\/10\/3P0A4381-1024x683.jpg\" alt=\"\" class=\"wp-image-221585\" srcset=\"https:\/\/radioljubuski.ba\/wp-content\/uploads\/2025\/10\/3P0A4381-1024x683.jpg 1024w, https:\/\/radioljubuski.ba\/wp-content\/uploads\/2025\/10\/3P0A4381-300x200.jpg 300w, https:\/\/radioljubuski.ba\/wp-content\/uploads\/2025\/10\/3P0A4381-768x512.jpg 768w, https:\/\/radioljubuski.ba\/wp-content\/uploads\/2025\/10\/3P0A4381-1536x1024.jpg 1536w, https:\/\/radioljubuski.ba\/wp-content\/uploads\/2025\/10\/3P0A4381-2048x1365.jpg 2048w, https:\/\/radioljubuski.ba\/wp-content\/uploads\/2025\/10\/3P0A4381-18x12.jpg 18w\" sizes=\"auto, (max-width: 1024px) 100vw, 1024px\" \/><\/figure>\n\n\n\n<figure class=\"wp-block-gallery has-nested-images columns-default is-cropped wp-block-gallery-3 is-layout-flex wp-block-gallery-is-layout-flex\">\n<figure class=\"wp-block-image size-large\"><img loading=\"lazy\" decoding=\"async\" width=\"1024\" height=\"683\" data-id=\"221588\" src=\"https:\/\/radioljubuski.ba\/wp-content\/uploads\/2025\/10\/3P0A4432-1024x683.jpg\" alt=\"\" class=\"wp-image-221588\" srcset=\"https:\/\/radioljubuski.ba\/wp-content\/uploads\/2025\/10\/3P0A4432-1024x683.jpg 1024w, https:\/\/radioljubuski.ba\/wp-content\/uploads\/2025\/10\/3P0A4432-300x200.jpg 300w, https:\/\/radioljubuski.ba\/wp-content\/uploads\/2025\/10\/3P0A4432-768x512.jpg 768w, https:\/\/radioljubuski.ba\/wp-content\/uploads\/2025\/10\/3P0A4432-1536x1024.jpg 1536w, https:\/\/radioljubuski.ba\/wp-content\/uploads\/2025\/10\/3P0A4432-2048x1365.jpg 2048w, https:\/\/radioljubuski.ba\/wp-content\/uploads\/2025\/10\/3P0A4432-18x12.jpg 18w\" sizes=\"auto, (max-width: 1024px) 100vw, 1024px\" \/><\/figure>\n<\/figure>\n\n\n\n<figure class=\"wp-block-gallery has-nested-images columns-default is-cropped wp-block-gallery-4 is-layout-flex wp-block-gallery-is-layout-flex\">\n<figure class=\"wp-block-image size-large\"><img loading=\"lazy\" decoding=\"async\" width=\"1024\" height=\"683\" data-id=\"221589\" src=\"https:\/\/radioljubuski.ba\/wp-content\/uploads\/2025\/10\/3P0A4442-1024x683.jpg\" alt=\"\" class=\"wp-image-221589\" srcset=\"https:\/\/radioljubuski.ba\/wp-content\/uploads\/2025\/10\/3P0A4442-1024x683.jpg 1024w, https:\/\/radioljubuski.ba\/wp-content\/uploads\/2025\/10\/3P0A4442-300x200.jpg 300w, https:\/\/radioljubuski.ba\/wp-content\/uploads\/2025\/10\/3P0A4442-768x512.jpg 768w, https:\/\/radioljubuski.ba\/wp-content\/uploads\/2025\/10\/3P0A4442-1536x1024.jpg 1536w, https:\/\/radioljubuski.ba\/wp-content\/uploads\/2025\/10\/3P0A4442-2048x1365.jpg 2048w, https:\/\/radioljubuski.ba\/wp-content\/uploads\/2025\/10\/3P0A4442-18x12.jpg 18w\" sizes=\"auto, (max-width: 1024px) 100vw, 1024px\" \/><\/figure>\n<\/figure>\n\n\n\n<figure class=\"wp-block-image size-large\"><img loading=\"lazy\" decoding=\"async\" width=\"1024\" height=\"683\" src=\"https:\/\/radioljubuski.ba\/wp-content\/uploads\/2025\/10\/3P0A4448-1024x683.jpg\" alt=\"\" class=\"wp-image-221590\" srcset=\"https:\/\/radioljubuski.ba\/wp-content\/uploads\/2025\/10\/3P0A4448-1024x683.jpg 1024w, https:\/\/radioljubuski.ba\/wp-content\/uploads\/2025\/10\/3P0A4448-300x200.jpg 300w, https:\/\/radioljubuski.ba\/wp-content\/uploads\/2025\/10\/3P0A4448-768x512.jpg 768w, https:\/\/radioljubuski.ba\/wp-content\/uploads\/2025\/10\/3P0A4448-1536x1024.jpg 1536w, https:\/\/radioljubuski.ba\/wp-content\/uploads\/2025\/10\/3P0A4448-2048x1365.jpg 2048w, https:\/\/radioljubuski.ba\/wp-content\/uploads\/2025\/10\/3P0A4448-18x12.jpg 18w\" sizes=\"auto, (max-width: 1024px) 100vw, 1024px\" \/><\/figure>\n\n\n\n<figure class=\"wp-block-image size-large\"><img loading=\"lazy\" decoding=\"async\" width=\"1024\" height=\"461\" src=\"https:\/\/radioljubuski.ba\/wp-content\/uploads\/2025\/10\/IMG_20251016_192607-1024x461.jpg\" alt=\"\" class=\"wp-image-221570\" srcset=\"https:\/\/radioljubuski.ba\/wp-content\/uploads\/2025\/10\/IMG_20251016_192607-1024x461.jpg 1024w, https:\/\/radioljubuski.ba\/wp-content\/uploads\/2025\/10\/IMG_20251016_192607-300x135.jpg 300w, https:\/\/radioljubuski.ba\/wp-content\/uploads\/2025\/10\/IMG_20251016_192607-768x346.jpg 768w, https:\/\/radioljubuski.ba\/wp-content\/uploads\/2025\/10\/IMG_20251016_192607-1536x691.jpg 1536w, https:\/\/radioljubuski.ba\/wp-content\/uploads\/2025\/10\/IMG_20251016_192607-2048x922.jpg 2048w, https:\/\/radioljubuski.ba\/wp-content\/uploads\/2025\/10\/IMG_20251016_192607-18x8.jpg 18w\" sizes=\"auto, (max-width: 1024px) 100vw, 1024px\" \/><\/figure>\n\n\n\n<figure class=\"wp-block-image size-large\"><img loading=\"lazy\" decoding=\"async\" width=\"1024\" height=\"461\" src=\"https:\/\/radioljubuski.ba\/wp-content\/uploads\/2025\/10\/IMG_20251016_192554-1024x461.jpg\" alt=\"\" class=\"wp-image-221569\" srcset=\"https:\/\/radioljubuski.ba\/wp-content\/uploads\/2025\/10\/IMG_20251016_192554-1024x461.jpg 1024w, https:\/\/radioljubuski.ba\/wp-content\/uploads\/2025\/10\/IMG_20251016_192554-300x135.jpg 300w, https:\/\/radioljubuski.ba\/wp-content\/uploads\/2025\/10\/IMG_20251016_192554-768x346.jpg 768w, https:\/\/radioljubuski.ba\/wp-content\/uploads\/2025\/10\/IMG_20251016_192554-1536x691.jpg 1536w, https:\/\/radioljubuski.ba\/wp-content\/uploads\/2025\/10\/IMG_20251016_192554-2048x922.jpg 2048w, https:\/\/radioljubuski.ba\/wp-content\/uploads\/2025\/10\/IMG_20251016_192554-18x8.jpg 18w\" sizes=\"auto, (max-width: 1024px) 100vw, 1024px\" \/><\/figure>\n\n\n\n<p><br><br>U glazbenom dijelu programa nastupili su Marko Perkovi\u0107 Thompson, Etno skupina \u201eDidak\u201c, Tambura\u0161ki orkestar \u201eMisericordia\u201c i Klapa \u201eConcordia\u201c iz Me\u0111ugorja, koji su svojim izvedbama dali poseban ton sve\u010danosti i stvorili dojmljivo ozra\u010dje.<\/p>\n\n\n\n<figure class=\"wp-block-gallery has-nested-images columns-default is-cropped wp-block-gallery-5 is-layout-flex wp-block-gallery-is-layout-flex\">\n<figure class=\"wp-block-image size-large\"><img loading=\"lazy\" decoding=\"async\" width=\"1024\" height=\"683\" data-id=\"221592\" src=\"https:\/\/radioljubuski.ba\/wp-content\/uploads\/2025\/10\/3P0A4258-1024x683.jpg\" alt=\"\" class=\"wp-image-221592\" srcset=\"https:\/\/radioljubuski.ba\/wp-content\/uploads\/2025\/10\/3P0A4258-1024x683.jpg 1024w, https:\/\/radioljubuski.ba\/wp-content\/uploads\/2025\/10\/3P0A4258-300x200.jpg 300w, https:\/\/radioljubuski.ba\/wp-content\/uploads\/2025\/10\/3P0A4258-768x512.jpg 768w, https:\/\/radioljubuski.ba\/wp-content\/uploads\/2025\/10\/3P0A4258-1536x1024.jpg 1536w, https:\/\/radioljubuski.ba\/wp-content\/uploads\/2025\/10\/3P0A4258-2048x1365.jpg 2048w, https:\/\/radioljubuski.ba\/wp-content\/uploads\/2025\/10\/3P0A4258-18x12.jpg 18w\" sizes=\"auto, (max-width: 1024px) 100vw, 1024px\" \/><\/figure>\n<\/figure>\n\n\n\n<figure class=\"wp-block-gallery has-nested-images columns-default is-cropped wp-block-gallery-6 is-layout-flex wp-block-gallery-is-layout-flex\">\n<figure class=\"wp-block-image size-large\"><img loading=\"lazy\" decoding=\"async\" width=\"1024\" height=\"683\" data-id=\"221591\" src=\"https:\/\/radioljubuski.ba\/wp-content\/uploads\/2025\/10\/3P0A4403-1024x683.jpg\" alt=\"\" class=\"wp-image-221591\" srcset=\"https:\/\/radioljubuski.ba\/wp-content\/uploads\/2025\/10\/3P0A4403-1024x683.jpg 1024w, https:\/\/radioljubuski.ba\/wp-content\/uploads\/2025\/10\/3P0A4403-300x200.jpg 300w, https:\/\/radioljubuski.ba\/wp-content\/uploads\/2025\/10\/3P0A4403-768x512.jpg 768w, https:\/\/radioljubuski.ba\/wp-content\/uploads\/2025\/10\/3P0A4403-1536x1024.jpg 1536w, https:\/\/radioljubuski.ba\/wp-content\/uploads\/2025\/10\/3P0A4403-2048x1365.jpg 2048w, https:\/\/radioljubuski.ba\/wp-content\/uploads\/2025\/10\/3P0A4403-18x12.jpg 18w\" sizes=\"auto, (max-width: 1024px) 100vw, 1024px\" \/><\/figure>\n<\/figure>\n\n\n\n<p>Program se nastavlja u subotu, 18. listopada, kada \u0107e u sklopu 22. me\u0111unarodne kulturne manifestacije \u201eDidakovi dani 2025.\u201c, koju tradicionalno organizira HKUD Didak iz Gradni\u0107a, biti odr\u017ean jubilarni 20. Koncert odabranih. Koncert \u0107e se odr\u017eati u Domu svetog Ante na Humcu, s po\u010detkom u 18:30 sati, a okupit \u0107e u\u010denike glazbenih \u0161kola iz Zagreba, Mostara, \u0160irokog Brijega, \u010citluka i Ljubu\u0161kog, koji \u0107e svojim izvedbama jo\u0161 jednom potvrditi visoku umjetni\u010dku razinu i bogatstvo kulturnog stvarala\u0161tva mladih glazbenika.<br><br>Zavr\u0161nica manifestacije bit \u0107e u nedjelju, 19. listopada, kada \u0107e se odr\u017eati sve\u010dano misno slavlje u \u017eupnoj crkvi u Drinovcima, rodnom mjestu fra Didaka Bunti\u0107a.<\/p>\n\n\n\n<p>Organizator manifestacije je Hrvatsko kulturno-umjetni\u010dko dru\u0161tvo Didak. <\/p>\n\n\n\n<p>Generalni pokrovitelj \u201eDidakovih dana 2025.\u201c je Sredi\u0161nji ured za Hrvate izvan Republike Hrvatske, a pokrovitelji su Grad Ljubu\u0161ki, Op\u0107ina \u010citluk i Vlada Hercegova\u010dko-neretvanske \u017eupanije.<\/p>\n\n\n\n<figure class=\"wp-block-image size-large\"><img loading=\"lazy\" decoding=\"async\" width=\"1024\" height=\"683\" src=\"https:\/\/radioljubuski.ba\/wp-content\/uploads\/2025\/10\/3P0A4449-1024x683.jpg\" alt=\"\" class=\"wp-image-221602\" srcset=\"https:\/\/radioljubuski.ba\/wp-content\/uploads\/2025\/10\/3P0A4449-1024x683.jpg 1024w, https:\/\/radioljubuski.ba\/wp-content\/uploads\/2025\/10\/3P0A4449-300x200.jpg 300w, https:\/\/radioljubuski.ba\/wp-content\/uploads\/2025\/10\/3P0A4449-768x512.jpg 768w, https:\/\/radioljubuski.ba\/wp-content\/uploads\/2025\/10\/3P0A4449-1536x1024.jpg 1536w, https:\/\/radioljubuski.ba\/wp-content\/uploads\/2025\/10\/3P0A4449-2048x1365.jpg 2048w, https:\/\/radioljubuski.ba\/wp-content\/uploads\/2025\/10\/3P0A4449-18x12.jpg 18w\" sizes=\"auto, (max-width: 1024px) 100vw, 1024px\" \/><\/figure>\n\n\n\n<p><\/p>\n\n\n\n<figure class=\"wp-block-image size-large\"><img loading=\"lazy\" decoding=\"async\" width=\"1024\" height=\"683\" src=\"https:\/\/radioljubuski.ba\/wp-content\/uploads\/2025\/10\/3P0A4278-1024x683.jpg\" alt=\"\" class=\"wp-image-221603\" srcset=\"https:\/\/radioljubuski.ba\/wp-content\/uploads\/2025\/10\/3P0A4278-1024x683.jpg 1024w, https:\/\/radioljubuski.ba\/wp-content\/uploads\/2025\/10\/3P0A4278-300x200.jpg 300w, https:\/\/radioljubuski.ba\/wp-content\/uploads\/2025\/10\/3P0A4278-768x512.jpg 768w, https:\/\/radioljubuski.ba\/wp-content\/uploads\/2025\/10\/3P0A4278-1536x1024.jpg 1536w, https:\/\/radioljubuski.ba\/wp-content\/uploads\/2025\/10\/3P0A4278-2048x1365.jpg 2048w, https:\/\/radioljubuski.ba\/wp-content\/uploads\/2025\/10\/3P0A4278-18x12.jpg 18w\" sizes=\"auto, (max-width: 1024px) 100vw, 1024px\" \/><\/figure>\n\n\n\n<p><\/p>\n\n\n\n<figure class=\"wp-block-gallery has-nested-images columns-default is-cropped wp-block-gallery-7 is-layout-flex wp-block-gallery-is-layout-flex\">\n<figure class=\"wp-block-image size-large\"><img loading=\"lazy\" decoding=\"async\" width=\"1024\" height=\"683\" data-id=\"221604\" src=\"https:\/\/radioljubuski.ba\/wp-content\/uploads\/2025\/10\/3P0A4324-1024x683.jpg\" alt=\"\" class=\"wp-image-221604\" srcset=\"https:\/\/radioljubuski.ba\/wp-content\/uploads\/2025\/10\/3P0A4324-1024x683.jpg 1024w, https:\/\/radioljubuski.ba\/wp-content\/uploads\/2025\/10\/3P0A4324-300x200.jpg 300w, https:\/\/radioljubuski.ba\/wp-content\/uploads\/2025\/10\/3P0A4324-768x512.jpg 768w, https:\/\/radioljubuski.ba\/wp-content\/uploads\/2025\/10\/3P0A4324-1536x1024.jpg 1536w, https:\/\/radioljubuski.ba\/wp-content\/uploads\/2025\/10\/3P0A4324-2048x1365.jpg 2048w, https:\/\/radioljubuski.ba\/wp-content\/uploads\/2025\/10\/3P0A4324-18x12.jpg 18w\" sizes=\"auto, (max-width: 1024px) 100vw, 1024px\" \/><\/figure>\n<\/figure>\n\n\n\n<p> <br>B. Medi\u0107 \/ G. Ili\u0107 &#8211; Radio Ljubu\u0161ki<\/p>\n","protected":false},"excerpt":{"rendered":"<p>U Domu svetog Ante na Humcu ve\u010deras je sve\u010dano otvorena tradicionalna kulturno-duhovna manifestacija \u201eDidakovi dani 2025.\u201c, koja se ve\u0107 22. godinu zaredom odr\u017eava u \u010dast fra Didaka Bunti\u0107a, hercegova\u010dkog franjevca, humanista, pedagoga i prosvjetitelja. Ovogodi\u0161nje \u201eDidakove dane\u201c otvorio je kardinal Vinko Pulji\u0107, istaknuv\u0161i u svom obra\u0107anju va\u017enost o\u010duvanja duha vjere, humanosti i kulturne ba\u0161tine koju [&hellip;]<\/p>\n","protected":false},"author":2,"featured_media":221577,"comment_status":"closed","ping_status":"closed","sticky":false,"template":"","format":"standard","meta":{"h5ap_radio_sources":[],"footnotes":""},"categories":[3,28],"tags":[],"class_list":["post-221517","post","type-post","status-publish","format-standard","has-post-thumbnail","hentry","category-ljubuski","category-novosti"],"yoast_head":"<!-- This site is optimized with the Yoast SEO plugin v27.5 - https:\/\/yoast.com\/product\/yoast-seo-wordpress\/ -->\n<title>Gradu Ljubu\u0161kom i gradona\u010delniku Vedranu Markoti\u0107u uru\u010deno priznanje \u201eDidak\u201c za svestrani razvoj - RADIO LJUBU\u0160KI<\/title>\n<meta name=\"robots\" content=\"index, follow, max-snippet:-1, max-image-preview:large, max-video-preview:-1\" \/>\n<link rel=\"canonical\" href=\"https:\/\/radioljubuski.ba\/index.php\/2025\/10\/17\/gradu-ljubuskom-i-gradonacelniku-vedran-markoticu-uruceno-priznanje-didak-za-svestrani-razvoj\/\" \/>\n<meta property=\"og:locale\" content=\"hr_HR\" \/>\n<meta property=\"og:type\" content=\"article\" \/>\n<meta property=\"og:title\" content=\"Gradu Ljubu\u0161kom i gradona\u010delniku Vedranu Markoti\u0107u uru\u010deno priznanje \u201eDidak\u201c za svestrani razvoj - RADIO LJUBU\u0160KI\" \/>\n<meta property=\"og:description\" content=\"U Domu svetog Ante na Humcu ve\u010deras je sve\u010dano otvorena tradicionalna kulturno-duhovna manifestacija \u201eDidakovi dani 2025.\u201c, koja se ve\u0107 22. godinu zaredom odr\u017eava u \u010dast fra Didaka Bunti\u0107a, hercegova\u010dkog franjevca, humanista, pedagoga i prosvjetitelja. Ovogodi\u0161nje \u201eDidakove dane\u201c otvorio je kardinal Vinko Pulji\u0107, istaknuv\u0161i u svom obra\u0107anju va\u017enost o\u010duvanja duha vjere, humanosti i kulturne ba\u0161tine koju [&hellip;]\" \/>\n<meta property=\"og:url\" content=\"https:\/\/radioljubuski.ba\/index.php\/2025\/10\/17\/gradu-ljubuskom-i-gradonacelniku-vedran-markoticu-uruceno-priznanje-didak-za-svestrani-razvoj\/\" \/>\n<meta property=\"og:site_name\" content=\"RADIO LJUBU\u0160KI\" \/>\n<meta property=\"article:publisher\" content=\"https:\/\/www.facebook.com\/Radiio-Ljubuski-1490835324566332\" \/>\n<meta property=\"article:published_time\" content=\"2025-10-17T07:14:07+00:00\" \/>\n<meta property=\"article:modified_time\" content=\"2025-10-17T08:54:14+00:00\" \/>\n<meta property=\"og:image\" content=\"https:\/\/radioljubuski.ba\/wp-content\/uploads\/2025\/10\/3P0A4375-scaled.jpg\" \/>\n\t<meta property=\"og:image:width\" content=\"2560\" \/>\n\t<meta property=\"og:image:height\" content=\"1707\" \/>\n\t<meta property=\"og:image:type\" content=\"image\/jpeg\" \/>\n<meta name=\"author\" content=\"Radio Ljubu\u0161ki\" \/>\n<meta name=\"twitter:card\" content=\"summary_large_image\" \/>\n<meta name=\"twitter:creator\" content=\"@radioljubuski\" \/>\n<meta name=\"twitter:site\" content=\"@radioljubuski\" \/>\n<meta name=\"twitter:label1\" content=\"Napisao\/la\" \/>\n\t<meta name=\"twitter:data1\" content=\"Radio Ljubu\u0161ki\" \/>\n\t<meta name=\"twitter:label2\" content=\"Procijenjeno vrijeme \u010ditanja\" \/>\n\t<meta name=\"twitter:data2\" content=\"7 minuta\" \/>\n<script type=\"application\/ld+json\" class=\"yoast-schema-graph\">{\"@context\":\"https:\\\/\\\/schema.org\",\"@graph\":[{\"@type\":\"Article\",\"@id\":\"https:\\\/\\\/radioljubuski.ba\\\/index.php\\\/2025\\\/10\\\/17\\\/gradu-ljubuskom-i-gradonacelniku-vedran-markoticu-uruceno-priznanje-didak-za-svestrani-razvoj\\\/#article\",\"isPartOf\":{\"@id\":\"https:\\\/\\\/radioljubuski.ba\\\/index.php\\\/2025\\\/10\\\/17\\\/gradu-ljubuskom-i-gradonacelniku-vedran-markoticu-uruceno-priznanje-didak-za-svestrani-razvoj\\\/\"},\"author\":{\"name\":\"Radio Ljubu\u0161ki\",\"@id\":\"https:\\\/\\\/radioljubuski.ba\\\/#\\\/schema\\\/person\\\/19fc700381a780f69665d7956c469e3b\"},\"headline\":\"Gradu Ljubu\u0161kom i gradona\u010delniku Vedranu Markoti\u0107u uru\u010deno priznanje \u201eDidak\u201c za svestrani razvoj\",\"datePublished\":\"2025-10-17T07:14:07+00:00\",\"dateModified\":\"2025-10-17T08:54:14+00:00\",\"mainEntityOfPage\":{\"@id\":\"https:\\\/\\\/radioljubuski.ba\\\/index.php\\\/2025\\\/10\\\/17\\\/gradu-ljubuskom-i-gradonacelniku-vedran-markoticu-uruceno-priznanje-didak-za-svestrani-razvoj\\\/\"},\"wordCount\":487,\"publisher\":{\"@id\":\"https:\\\/\\\/radioljubuski.ba\\\/#organization\"},\"image\":{\"@id\":\"https:\\\/\\\/radioljubuski.ba\\\/index.php\\\/2025\\\/10\\\/17\\\/gradu-ljubuskom-i-gradonacelniku-vedran-markoticu-uruceno-priznanje-didak-za-svestrani-razvoj\\\/#primaryimage\"},\"thumbnailUrl\":\"https:\\\/\\\/radioljubuski.ba\\\/wp-content\\\/uploads\\\/2025\\\/10\\\/3P0A4375-scaled.jpg\",\"articleSection\":[\"Ljubu\u0161ki\",\"Novosti\"],\"inLanguage\":\"hr\"},{\"@type\":\"WebPage\",\"@id\":\"https:\\\/\\\/radioljubuski.ba\\\/index.php\\\/2025\\\/10\\\/17\\\/gradu-ljubuskom-i-gradonacelniku-vedran-markoticu-uruceno-priznanje-didak-za-svestrani-razvoj\\\/\",\"url\":\"https:\\\/\\\/radioljubuski.ba\\\/index.php\\\/2025\\\/10\\\/17\\\/gradu-ljubuskom-i-gradonacelniku-vedran-markoticu-uruceno-priznanje-didak-za-svestrani-razvoj\\\/\",\"name\":\"Gradu Ljubu\u0161kom i gradona\u010delniku Vedranu Markoti\u0107u uru\u010deno priznanje \u201eDidak\u201c za svestrani razvoj - RADIO LJUBU\u0160KI\",\"isPartOf\":{\"@id\":\"https:\\\/\\\/radioljubuski.ba\\\/#website\"},\"primaryImageOfPage\":{\"@id\":\"https:\\\/\\\/radioljubuski.ba\\\/index.php\\\/2025\\\/10\\\/17\\\/gradu-ljubuskom-i-gradonacelniku-vedran-markoticu-uruceno-priznanje-didak-za-svestrani-razvoj\\\/#primaryimage\"},\"image\":{\"@id\":\"https:\\\/\\\/radioljubuski.ba\\\/index.php\\\/2025\\\/10\\\/17\\\/gradu-ljubuskom-i-gradonacelniku-vedran-markoticu-uruceno-priznanje-didak-za-svestrani-razvoj\\\/#primaryimage\"},\"thumbnailUrl\":\"https:\\\/\\\/radioljubuski.ba\\\/wp-content\\\/uploads\\\/2025\\\/10\\\/3P0A4375-scaled.jpg\",\"datePublished\":\"2025-10-17T07:14:07+00:00\",\"dateModified\":\"2025-10-17T08:54:14+00:00\",\"breadcrumb\":{\"@id\":\"https:\\\/\\\/radioljubuski.ba\\\/index.php\\\/2025\\\/10\\\/17\\\/gradu-ljubuskom-i-gradonacelniku-vedran-markoticu-uruceno-priznanje-didak-za-svestrani-razvoj\\\/#breadcrumb\"},\"inLanguage\":\"hr\",\"potentialAction\":[{\"@type\":\"ReadAction\",\"target\":[\"https:\\\/\\\/radioljubuski.ba\\\/index.php\\\/2025\\\/10\\\/17\\\/gradu-ljubuskom-i-gradonacelniku-vedran-markoticu-uruceno-priznanje-didak-za-svestrani-razvoj\\\/\"]}]},{\"@type\":\"ImageObject\",\"inLanguage\":\"hr\",\"@id\":\"https:\\\/\\\/radioljubuski.ba\\\/index.php\\\/2025\\\/10\\\/17\\\/gradu-ljubuskom-i-gradonacelniku-vedran-markoticu-uruceno-priznanje-didak-za-svestrani-razvoj\\\/#primaryimage\",\"url\":\"https:\\\/\\\/radioljubuski.ba\\\/wp-content\\\/uploads\\\/2025\\\/10\\\/3P0A4375-scaled.jpg\",\"contentUrl\":\"https:\\\/\\\/radioljubuski.ba\\\/wp-content\\\/uploads\\\/2025\\\/10\\\/3P0A4375-scaled.jpg\",\"width\":2560,\"height\":1707},{\"@type\":\"BreadcrumbList\",\"@id\":\"https:\\\/\\\/radioljubuski.ba\\\/index.php\\\/2025\\\/10\\\/17\\\/gradu-ljubuskom-i-gradonacelniku-vedran-markoticu-uruceno-priznanje-didak-za-svestrani-razvoj\\\/#breadcrumb\",\"itemListElement\":[{\"@type\":\"ListItem\",\"position\":1,\"name\":\"Po\u010detna stranica\",\"item\":\"https:\\\/\\\/radioljubuski.ba\\\/\"},{\"@type\":\"ListItem\",\"position\":2,\"name\":\"Gradu Ljubu\u0161kom i gradona\u010delniku Vedranu Markoti\u0107u uru\u010deno priznanje \u201eDidak\u201c za svestrani razvoj\"}]},{\"@type\":\"WebSite\",\"@id\":\"https:\\\/\\\/radioljubuski.ba\\\/#website\",\"url\":\"https:\\\/\\\/radioljubuski.ba\\\/\",\"name\":\"Radio Ljubu\u0161ki\",\"description\":\"Sun\u010dana frekvencija Hercegovine\",\"publisher\":{\"@id\":\"https:\\\/\\\/radioljubuski.ba\\\/#organization\"},\"potentialAction\":[{\"@type\":\"SearchAction\",\"target\":{\"@type\":\"EntryPoint\",\"urlTemplate\":\"https:\\\/\\\/radioljubuski.ba\\\/?s={search_term_string}\"},\"query-input\":{\"@type\":\"PropertyValueSpecification\",\"valueRequired\":true,\"valueName\":\"search_term_string\"}}],\"inLanguage\":\"hr\"},{\"@type\":\"Organization\",\"@id\":\"https:\\\/\\\/radioljubuski.ba\\\/#organization\",\"name\":\"Radio Ljubu\u0161ki\",\"url\":\"https:\\\/\\\/radioljubuski.ba\\\/\",\"logo\":{\"@type\":\"ImageObject\",\"inLanguage\":\"hr\",\"@id\":\"https:\\\/\\\/radioljubuski.ba\\\/#\\\/schema\\\/logo\\\/image\\\/\",\"url\":\"https:\\\/\\\/radioljubuski.ba\\\/wp-content\\\/uploads\\\/2021\\\/02\\\/cropped-Radio_Ljubuski_logo1.jpg\",\"contentUrl\":\"https:\\\/\\\/radioljubuski.ba\\\/wp-content\\\/uploads\\\/2021\\\/02\\\/cropped-Radio_Ljubuski_logo1.jpg\",\"width\":512,\"height\":512,\"caption\":\"Radio Ljubu\u0161ki\"},\"image\":{\"@id\":\"https:\\\/\\\/radioljubuski.ba\\\/#\\\/schema\\\/logo\\\/image\\\/\"},\"sameAs\":[\"https:\\\/\\\/www.facebook.com\\\/Radiio-Ljubuski-1490835324566332\",\"https:\\\/\\\/x.com\\\/radioljubuski\",\"https:\\\/\\\/hr.linkedin.com\\\/company\\\/radio-ljubuski\",\"https:\\\/\\\/www.youtube.com\\\/channel\\\/UCHYaeO_n0Db3tjNGudGpXyw\"]},{\"@type\":\"Person\",\"@id\":\"https:\\\/\\\/radioljubuski.ba\\\/#\\\/schema\\\/person\\\/19fc700381a780f69665d7956c469e3b\",\"name\":\"Radio Ljubu\u0161ki\"}]}<\/script>\n<!-- \/ Yoast SEO plugin. -->","yoast_head_json":{"title":"Gradu Ljubu\u0161kom i gradona\u010delniku Vedranu Markoti\u0107u uru\u010deno priznanje \u201eDidak\u201c za svestrani razvoj - RADIO LJUBU\u0160KI","robots":{"index":"index","follow":"follow","max-snippet":"max-snippet:-1","max-image-preview":"max-image-preview:large","max-video-preview":"max-video-preview:-1"},"canonical":"https:\/\/radioljubuski.ba\/index.php\/2025\/10\/17\/gradu-ljubuskom-i-gradonacelniku-vedran-markoticu-uruceno-priznanje-didak-za-svestrani-razvoj\/","og_locale":"hr_HR","og_type":"article","og_title":"Gradu Ljubu\u0161kom i gradona\u010delniku Vedranu Markoti\u0107u uru\u010deno priznanje \u201eDidak\u201c za svestrani razvoj - RADIO LJUBU\u0160KI","og_description":"U Domu svetog Ante na Humcu ve\u010deras je sve\u010dano otvorena tradicionalna kulturno-duhovna manifestacija \u201eDidakovi dani 2025.\u201c, koja se ve\u0107 22. godinu zaredom odr\u017eava u \u010dast fra Didaka Bunti\u0107a, hercegova\u010dkog franjevca, humanista, pedagoga i prosvjetitelja. Ovogodi\u0161nje \u201eDidakove dane\u201c otvorio je kardinal Vinko Pulji\u0107, istaknuv\u0161i u svom obra\u0107anju va\u017enost o\u010duvanja duha vjere, humanosti i kulturne ba\u0161tine koju [&hellip;]","og_url":"https:\/\/radioljubuski.ba\/index.php\/2025\/10\/17\/gradu-ljubuskom-i-gradonacelniku-vedran-markoticu-uruceno-priznanje-didak-za-svestrani-razvoj\/","og_site_name":"RADIO LJUBU\u0160KI","article_publisher":"https:\/\/www.facebook.com\/Radiio-Ljubuski-1490835324566332","article_published_time":"2025-10-17T07:14:07+00:00","article_modified_time":"2025-10-17T08:54:14+00:00","og_image":[{"width":2560,"height":1707,"url":"https:\/\/radioljubuski.ba\/wp-content\/uploads\/2025\/10\/3P0A4375-scaled.jpg","type":"image\/jpeg"}],"author":"Radio Ljubu\u0161ki","twitter_card":"summary_large_image","twitter_creator":"@radioljubuski","twitter_site":"@radioljubuski","twitter_misc":{"Napisao\/la":"Radio Ljubu\u0161ki","Procijenjeno vrijeme \u010ditanja":"7 minuta"},"schema":{"@context":"https:\/\/schema.org","@graph":[{"@type":"Article","@id":"https:\/\/radioljubuski.ba\/index.php\/2025\/10\/17\/gradu-ljubuskom-i-gradonacelniku-vedran-markoticu-uruceno-priznanje-didak-za-svestrani-razvoj\/#article","isPartOf":{"@id":"https:\/\/radioljubuski.ba\/index.php\/2025\/10\/17\/gradu-ljubuskom-i-gradonacelniku-vedran-markoticu-uruceno-priznanje-didak-za-svestrani-razvoj\/"},"author":{"name":"Radio Ljubu\u0161ki","@id":"https:\/\/radioljubuski.ba\/#\/schema\/person\/19fc700381a780f69665d7956c469e3b"},"headline":"Gradu Ljubu\u0161kom i gradona\u010delniku Vedranu Markoti\u0107u uru\u010deno priznanje \u201eDidak\u201c za svestrani razvoj","datePublished":"2025-10-17T07:14:07+00:00","dateModified":"2025-10-17T08:54:14+00:00","mainEntityOfPage":{"@id":"https:\/\/radioljubuski.ba\/index.php\/2025\/10\/17\/gradu-ljubuskom-i-gradonacelniku-vedran-markoticu-uruceno-priznanje-didak-za-svestrani-razvoj\/"},"wordCount":487,"publisher":{"@id":"https:\/\/radioljubuski.ba\/#organization"},"image":{"@id":"https:\/\/radioljubuski.ba\/index.php\/2025\/10\/17\/gradu-ljubuskom-i-gradonacelniku-vedran-markoticu-uruceno-priznanje-didak-za-svestrani-razvoj\/#primaryimage"},"thumbnailUrl":"https:\/\/radioljubuski.ba\/wp-content\/uploads\/2025\/10\/3P0A4375-scaled.jpg","articleSection":["Ljubu\u0161ki","Novosti"],"inLanguage":"hr"},{"@type":"WebPage","@id":"https:\/\/radioljubuski.ba\/index.php\/2025\/10\/17\/gradu-ljubuskom-i-gradonacelniku-vedran-markoticu-uruceno-priznanje-didak-za-svestrani-razvoj\/","url":"https:\/\/radioljubuski.ba\/index.php\/2025\/10\/17\/gradu-ljubuskom-i-gradonacelniku-vedran-markoticu-uruceno-priznanje-didak-za-svestrani-razvoj\/","name":"Gradu Ljubu\u0161kom i gradona\u010delniku Vedranu Markoti\u0107u uru\u010deno priznanje \u201eDidak\u201c za svestrani razvoj - RADIO LJUBU\u0160KI","isPartOf":{"@id":"https:\/\/radioljubuski.ba\/#website"},"primaryImageOfPage":{"@id":"https:\/\/radioljubuski.ba\/index.php\/2025\/10\/17\/gradu-ljubuskom-i-gradonacelniku-vedran-markoticu-uruceno-priznanje-didak-za-svestrani-razvoj\/#primaryimage"},"image":{"@id":"https:\/\/radioljubuski.ba\/index.php\/2025\/10\/17\/gradu-ljubuskom-i-gradonacelniku-vedran-markoticu-uruceno-priznanje-didak-za-svestrani-razvoj\/#primaryimage"},"thumbnailUrl":"https:\/\/radioljubuski.ba\/wp-content\/uploads\/2025\/10\/3P0A4375-scaled.jpg","datePublished":"2025-10-17T07:14:07+00:00","dateModified":"2025-10-17T08:54:14+00:00","breadcrumb":{"@id":"https:\/\/radioljubuski.ba\/index.php\/2025\/10\/17\/gradu-ljubuskom-i-gradonacelniku-vedran-markoticu-uruceno-priznanje-didak-za-svestrani-razvoj\/#breadcrumb"},"inLanguage":"hr","potentialAction":[{"@type":"ReadAction","target":["https:\/\/radioljubuski.ba\/index.php\/2025\/10\/17\/gradu-ljubuskom-i-gradonacelniku-vedran-markoticu-uruceno-priznanje-didak-za-svestrani-razvoj\/"]}]},{"@type":"ImageObject","inLanguage":"hr","@id":"https:\/\/radioljubuski.ba\/index.php\/2025\/10\/17\/gradu-ljubuskom-i-gradonacelniku-vedran-markoticu-uruceno-priznanje-didak-za-svestrani-razvoj\/#primaryimage","url":"https:\/\/radioljubuski.ba\/wp-content\/uploads\/2025\/10\/3P0A4375-scaled.jpg","contentUrl":"https:\/\/radioljubuski.ba\/wp-content\/uploads\/2025\/10\/3P0A4375-scaled.jpg","width":2560,"height":1707},{"@type":"BreadcrumbList","@id":"https:\/\/radioljubuski.ba\/index.php\/2025\/10\/17\/gradu-ljubuskom-i-gradonacelniku-vedran-markoticu-uruceno-priznanje-didak-za-svestrani-razvoj\/#breadcrumb","itemListElement":[{"@type":"ListItem","position":1,"name":"Po\u010detna stranica","item":"https:\/\/radioljubuski.ba\/"},{"@type":"ListItem","position":2,"name":"Gradu Ljubu\u0161kom i gradona\u010delniku Vedranu Markoti\u0107u uru\u010deno priznanje \u201eDidak\u201c za svestrani razvoj"}]},{"@type":"WebSite","@id":"https:\/\/radioljubuski.ba\/#website","url":"https:\/\/radioljubuski.ba\/","name":"Radio Ljubu\u0161ki","description":"Sun\u010dana frekvencija Hercegovine","publisher":{"@id":"https:\/\/radioljubuski.ba\/#organization"},"potentialAction":[{"@type":"SearchAction","target":{"@type":"EntryPoint","urlTemplate":"https:\/\/radioljubuski.ba\/?s={search_term_string}"},"query-input":{"@type":"PropertyValueSpecification","valueRequired":true,"valueName":"search_term_string"}}],"inLanguage":"hr"},{"@type":"Organization","@id":"https:\/\/radioljubuski.ba\/#organization","name":"Radio Ljubu\u0161ki","url":"https:\/\/radioljubuski.ba\/","logo":{"@type":"ImageObject","inLanguage":"hr","@id":"https:\/\/radioljubuski.ba\/#\/schema\/logo\/image\/","url":"https:\/\/radioljubuski.ba\/wp-content\/uploads\/2021\/02\/cropped-Radio_Ljubuski_logo1.jpg","contentUrl":"https:\/\/radioljubuski.ba\/wp-content\/uploads\/2021\/02\/cropped-Radio_Ljubuski_logo1.jpg","width":512,"height":512,"caption":"Radio Ljubu\u0161ki"},"image":{"@id":"https:\/\/radioljubuski.ba\/#\/schema\/logo\/image\/"},"sameAs":["https:\/\/www.facebook.com\/Radiio-Ljubuski-1490835324566332","https:\/\/x.com\/radioljubuski","https:\/\/hr.linkedin.com\/company\/radio-ljubuski","https:\/\/www.youtube.com\/channel\/UCHYaeO_n0Db3tjNGudGpXyw"]},{"@type":"Person","@id":"https:\/\/radioljubuski.ba\/#\/schema\/person\/19fc700381a780f69665d7956c469e3b","name":"Radio Ljubu\u0161ki"}]}},"_links":{"self":[{"href":"https:\/\/radioljubuski.ba\/index.php\/wp-json\/wp\/v2\/posts\/221517","targetHints":{"allow":["GET"]}}],"collection":[{"href":"https:\/\/radioljubuski.ba\/index.php\/wp-json\/wp\/v2\/posts"}],"about":[{"href":"https:\/\/radioljubuski.ba\/index.php\/wp-json\/wp\/v2\/types\/post"}],"author":[{"embeddable":true,"href":"https:\/\/radioljubuski.ba\/index.php\/wp-json\/wp\/v2\/users\/2"}],"replies":[{"embeddable":true,"href":"https:\/\/radioljubuski.ba\/index.php\/wp-json\/wp\/v2\/comments?post=221517"}],"version-history":[{"count":11,"href":"https:\/\/radioljubuski.ba\/index.php\/wp-json\/wp\/v2\/posts\/221517\/revisions"}],"predecessor-version":[{"id":221608,"href":"https:\/\/radioljubuski.ba\/index.php\/wp-json\/wp\/v2\/posts\/221517\/revisions\/221608"}],"wp:featuredmedia":[{"embeddable":true,"href":"https:\/\/radioljubuski.ba\/index.php\/wp-json\/wp\/v2\/media\/221577"}],"wp:attachment":[{"href":"https:\/\/radioljubuski.ba\/index.php\/wp-json\/wp\/v2\/media?parent=221517"}],"wp:term":[{"taxonomy":"category","embeddable":true,"href":"https:\/\/radioljubuski.ba\/index.php\/wp-json\/wp\/v2\/categories?post=221517"},{"taxonomy":"post_tag","embeddable":true,"href":"https:\/\/radioljubuski.ba\/index.php\/wp-json\/wp\/v2\/tags?post=221517"}],"curies":[{"name":"wp","href":"https:\/\/api.w.org\/{rel}","templated":true}]}}