{"id":221609,"date":"2025-10-17T11:39:36","date_gmt":"2025-10-17T10:39:36","guid":{"rendered":"https:\/\/radioljubuski.ba\/?p=221609"},"modified":"2025-10-20T09:11:32","modified_gmt":"2025-10-20T08:11:32","slug":"izvidac-agram-u-nedjelju-na-kosovu-izvidac-2-danas-docekuje-capljinu-a-nogometasi-ljubuskog-u-nedjelju-ugoscuju-klisa","status":"publish","type":"post","link":"https:\/\/radioljubuski.ba\/index.php\/2025\/10\/17\/izvidac-agram-u-nedjelju-na-kosovu-izvidac-2-danas-docekuje-capljinu-a-nogometasi-ljubuskog-u-nedjelju-ugoscuju-klisa\/","title":{"rendered":"Izvi\u0111a\u010d Agram u nedjelju na Kosovu, Izvi\u0111a\u010d 2 danas do\u010dekuje \u010capljinu, a nogometa\u0161i Ljubu\u0161kog u nedjelju ugo\u0161\u0107uju Klisa"},"content":{"rendered":"\n<p>Za vikend koji je pred nama rukometa\u0161i Izvi\u0111a\u010da igraju uzvratnu utakmicu 2. kola EHF European Cupa protiv kosovske mom\u010dadi Besa Famgas. Ve\u0107 ve\u010deras ljubitelji rukometa u Ljubu\u0161kom mo\u0107i \u0107e gledati utakmicu 2. kola 1. lige F BiH \u2013 skupina Jug u kojoj \u0107e&nbsp; Izvi\u0111a\u010d2 ugostiti mom\u010dad \u010capljine, a u subotu i nedjelju u\u017eivati u nastupima mla\u0111ih kategorija Izvi\u0111a\u010da. Nogometa\u0161i Ljubu\u0161kog \u0107e u nedjelju na Babovcu ugostiti mom\u010dad Klisa.<\/p>\n\n\n\n<p><strong>RUKOMET<\/strong><\/p>\n\n\n\n<p><strong>Izvi\u0111a\u010d Agram<\/strong><\/p>\n\n\n\n<p>Rukometa\u0161i Izvi\u0111a\u010d Agrama u drugoj utakmici 2. kola EHF European Cupa gostuju na Kosovu kod KH Besa Famgasa. Utakmica se igra u nedjelju, 19. listopada, s po\u010detkom u 19 sati.<\/p>\n\n\n\n<p>Podsje\u0107amo, u prvoj utakmici, koja je odigrana u nedjelju u Ljubu\u0161kom, Izvi\u0111a\u010d je pobijedio rezultatom 40:19 i na uzvratni susret odlazi s 19 golova prednosti.<\/p>\n\n\n\n<p><strong>Izvi\u0111a\u010d 2<\/strong><\/p>\n\n\n\n<p>U 2. kolu Prve lige F BiH \u2013 skupina Jug rukometa\u0161i Izvi\u0111a\u010da 2 \u0107e ve\u010deras u Gradskoj \u0161portskoj dvorani u Ljubu\u0161kom ugostiti mom\u010dad \u010capljine. Po\u010detak utakmice je zakazan za 19 sati. Podsje\u0107amo, Izvi\u0111a\u010d2 je u 1. kolu gostovao u Sarajevu kod mom\u010dadi Brije\u0161\u0107a i upisao pobjedu 29:28, a rukometa\u0161i \u010capljine je na doma\u0107em terenu pora\u017eena od druge mom\u010dadi Zrinjskog rezultatom 36:35.<\/p>\n\n\n\n<p><strong>Rukometna akademija Izvi\u0111a\u010d<\/strong><\/p>\n\n\n\n<p>Za vikend koji je pred nama u goste Rukometnoj akademiji Izvi\u0111a\u010d sti\u017ee RA Vitez. I mu\u0161karci i \u017eene igrat \u0107e svoje utakmice u dvije kategorije \u2013 mu\u0161karci u kategoriji kadeti i mla\u0111i kadeti, a \u017eene u kategoriji mla\u0111e kadetkinje i djevoj\u010dice. Utakmice u \u017eenskim kategorijama igraju se u subotu od 14 sati, a utakmice u mu\u0161kim kategorijama u nedjelju od 11 sati.<\/p>\n\n\n\n<p><strong>NOGOMET<\/strong><\/p>\n\n\n\n<p>Nogometa\u0161i Ljubu\u0161kog \u0107e u 10. kolu Druge lige F BiH &#8211; skupina Jug ugostiti mom\u010dad Klisa iz Buturovi\u0107 Polja. Utakmica se igra u nedjelju, 19. listopada spo\u010detkom u 14,30 sati.<\/p>\n\n\n\n<p>Podsje\u0107amo, nakon devet odigranih kola Ljubu\u0161ki se nalazi na devetom mjestu prvenstvene ljestvice s devet osvojenih bodova iz osam odigranih utakmica, Klis se nalaze na 6. mjestu, s 15 osvojenih bodova iz devet odigranih utakmica.<\/p>\n\n\n\n<p><\/p>\n\n\n\n<p>Radio Ljubu\u0161ki<\/p>\n","protected":false},"excerpt":{"rendered":"<p>Za vikend koji je pred nama rukometa\u0161i Izvi\u0111a\u010da igraju uzvratnu utakmicu 2. kola EHF European Cupa protiv kosovske mom\u010dadi Besa Famgas. Ve\u0107 ve\u010deras ljubitelji rukometa u Ljubu\u0161kom mo\u0107i \u0107e gledati utakmicu 2. kola 1. lige F BiH \u2013 skupina Jug u kojoj \u0107e&nbsp; Izvi\u0111a\u010d2 ugostiti mom\u010dad \u010capljine, a u subotu i nedjelju u\u017eivati u nastupima [&hellip;]<\/p>\n","protected":false},"author":2,"featured_media":221610,"comment_status":"closed","ping_status":"closed","sticky":false,"template":"","format":"standard","meta":{"h5ap_radio_sources":[],"footnotes":""},"categories":[3,7],"tags":[],"class_list":["post-221609","post","type-post","status-publish","format-standard","has-post-thumbnail","hentry","category-ljubuski","category-sport"],"yoast_head":"<!-- This site is optimized with the Yoast SEO plugin v27.5 - https:\/\/yoast.com\/product\/yoast-seo-wordpress\/ -->\n<title>Izvi\u0111a\u010d Agram u nedjelju na Kosovu, Izvi\u0111a\u010d 2 danas do\u010dekuje \u010capljinu, a nogometa\u0161i Ljubu\u0161kog u nedjelju ugo\u0161\u0107uju Klisa - RADIO LJUBU\u0160KI<\/title>\n<meta name=\"robots\" content=\"index, follow, max-snippet:-1, max-image-preview:large, max-video-preview:-1\" \/>\n<link rel=\"canonical\" href=\"https:\/\/radioljubuski.ba\/index.php\/2025\/10\/17\/izvidac-agram-u-nedjelju-na-kosovu-izvidac-2-danas-docekuje-capljinu-a-nogometasi-ljubuskog-u-nedjelju-ugoscuju-klisa\/\" \/>\n<meta property=\"og:locale\" content=\"hr_HR\" \/>\n<meta property=\"og:type\" content=\"article\" \/>\n<meta property=\"og:title\" content=\"Izvi\u0111a\u010d Agram u nedjelju na Kosovu, Izvi\u0111a\u010d 2 danas do\u010dekuje \u010capljinu, a nogometa\u0161i Ljubu\u0161kog u nedjelju ugo\u0161\u0107uju Klisa - RADIO LJUBU\u0160KI\" \/>\n<meta property=\"og:description\" content=\"Za vikend koji je pred nama rukometa\u0161i Izvi\u0111a\u010da igraju uzvratnu utakmicu 2. kola EHF European Cupa protiv kosovske mom\u010dadi Besa Famgas. Ve\u0107 ve\u010deras ljubitelji rukometa u Ljubu\u0161kom mo\u0107i \u0107e gledati utakmicu 2. kola 1. lige F BiH \u2013 skupina Jug u kojoj \u0107e&nbsp; Izvi\u0111a\u010d2 ugostiti mom\u010dad \u010capljine, a u subotu i nedjelju u\u017eivati u nastupima [&hellip;]\" \/>\n<meta property=\"og:url\" content=\"https:\/\/radioljubuski.ba\/index.php\/2025\/10\/17\/izvidac-agram-u-nedjelju-na-kosovu-izvidac-2-danas-docekuje-capljinu-a-nogometasi-ljubuskog-u-nedjelju-ugoscuju-klisa\/\" \/>\n<meta property=\"og:site_name\" content=\"RADIO LJUBU\u0160KI\" \/>\n<meta property=\"article:publisher\" content=\"https:\/\/www.facebook.com\/Radiio-Ljubuski-1490835324566332\" \/>\n<meta property=\"article:published_time\" content=\"2025-10-17T10:39:36+00:00\" \/>\n<meta property=\"article:modified_time\" content=\"2025-10-20T08:11:32+00:00\" \/>\n<meta property=\"og:image\" content=\"https:\/\/radioljubuski.ba\/wp-content\/uploads\/2025\/10\/sportski-vodic-2.png\" \/>\n\t<meta property=\"og:image:width\" content=\"1080\" \/>\n\t<meta property=\"og:image:height\" content=\"1080\" \/>\n\t<meta property=\"og:image:type\" content=\"image\/png\" \/>\n<meta name=\"author\" content=\"Radio Ljubu\u0161ki\" \/>\n<meta name=\"twitter:card\" content=\"summary_large_image\" \/>\n<meta name=\"twitter:creator\" content=\"@radioljubuski\" \/>\n<meta name=\"twitter:site\" content=\"@radioljubuski\" \/>\n<meta name=\"twitter:label1\" content=\"Napisao\/la\" \/>\n\t<meta name=\"twitter:data1\" content=\"Radio Ljubu\u0161ki\" \/>\n\t<meta name=\"twitter:label2\" content=\"Procijenjeno vrijeme \u010ditanja\" \/>\n\t<meta name=\"twitter:data2\" content=\"2 minute\" \/>\n<script type=\"application\/ld+json\" class=\"yoast-schema-graph\">{\"@context\":\"https:\\\/\\\/schema.org\",\"@graph\":[{\"@type\":\"Article\",\"@id\":\"https:\\\/\\\/radioljubuski.ba\\\/index.php\\\/2025\\\/10\\\/17\\\/izvidac-agram-u-nedjelju-na-kosovu-izvidac-2-danas-docekuje-capljinu-a-nogometasi-ljubuskog-u-nedjelju-ugoscuju-klisa\\\/#article\",\"isPartOf\":{\"@id\":\"https:\\\/\\\/radioljubuski.ba\\\/index.php\\\/2025\\\/10\\\/17\\\/izvidac-agram-u-nedjelju-na-kosovu-izvidac-2-danas-docekuje-capljinu-a-nogometasi-ljubuskog-u-nedjelju-ugoscuju-klisa\\\/\"},\"author\":{\"name\":\"Radio Ljubu\u0161ki\",\"@id\":\"https:\\\/\\\/radioljubuski.ba\\\/#\\\/schema\\\/person\\\/19fc700381a780f69665d7956c469e3b\"},\"headline\":\"Izvi\u0111a\u010d Agram u nedjelju na Kosovu, Izvi\u0111a\u010d 2 danas do\u010dekuje \u010capljinu, a nogometa\u0161i Ljubu\u0161kog u nedjelju ugo\u0161\u0107uju Klisa\",\"datePublished\":\"2025-10-17T10:39:36+00:00\",\"dateModified\":\"2025-10-20T08:11:32+00:00\",\"mainEntityOfPage\":{\"@id\":\"https:\\\/\\\/radioljubuski.ba\\\/index.php\\\/2025\\\/10\\\/17\\\/izvidac-agram-u-nedjelju-na-kosovu-izvidac-2-danas-docekuje-capljinu-a-nogometasi-ljubuskog-u-nedjelju-ugoscuju-klisa\\\/\"},\"wordCount\":376,\"publisher\":{\"@id\":\"https:\\\/\\\/radioljubuski.ba\\\/#organization\"},\"image\":{\"@id\":\"https:\\\/\\\/radioljubuski.ba\\\/index.php\\\/2025\\\/10\\\/17\\\/izvidac-agram-u-nedjelju-na-kosovu-izvidac-2-danas-docekuje-capljinu-a-nogometasi-ljubuskog-u-nedjelju-ugoscuju-klisa\\\/#primaryimage\"},\"thumbnailUrl\":\"https:\\\/\\\/radioljubuski.ba\\\/wp-content\\\/uploads\\\/2025\\\/10\\\/sportski-vodic-2.png\",\"articleSection\":[\"Ljubu\u0161ki\",\"\u0160port\"],\"inLanguage\":\"hr\"},{\"@type\":\"WebPage\",\"@id\":\"https:\\\/\\\/radioljubuski.ba\\\/index.php\\\/2025\\\/10\\\/17\\\/izvidac-agram-u-nedjelju-na-kosovu-izvidac-2-danas-docekuje-capljinu-a-nogometasi-ljubuskog-u-nedjelju-ugoscuju-klisa\\\/\",\"url\":\"https:\\\/\\\/radioljubuski.ba\\\/index.php\\\/2025\\\/10\\\/17\\\/izvidac-agram-u-nedjelju-na-kosovu-izvidac-2-danas-docekuje-capljinu-a-nogometasi-ljubuskog-u-nedjelju-ugoscuju-klisa\\\/\",\"name\":\"Izvi\u0111a\u010d Agram u nedjelju na Kosovu, Izvi\u0111a\u010d 2 danas do\u010dekuje \u010capljinu, a nogometa\u0161i Ljubu\u0161kog u nedjelju ugo\u0161\u0107uju Klisa - RADIO LJUBU\u0160KI\",\"isPartOf\":{\"@id\":\"https:\\\/\\\/radioljubuski.ba\\\/#website\"},\"primaryImageOfPage\":{\"@id\":\"https:\\\/\\\/radioljubuski.ba\\\/index.php\\\/2025\\\/10\\\/17\\\/izvidac-agram-u-nedjelju-na-kosovu-izvidac-2-danas-docekuje-capljinu-a-nogometasi-ljubuskog-u-nedjelju-ugoscuju-klisa\\\/#primaryimage\"},\"image\":{\"@id\":\"https:\\\/\\\/radioljubuski.ba\\\/index.php\\\/2025\\\/10\\\/17\\\/izvidac-agram-u-nedjelju-na-kosovu-izvidac-2-danas-docekuje-capljinu-a-nogometasi-ljubuskog-u-nedjelju-ugoscuju-klisa\\\/#primaryimage\"},\"thumbnailUrl\":\"https:\\\/\\\/radioljubuski.ba\\\/wp-content\\\/uploads\\\/2025\\\/10\\\/sportski-vodic-2.png\",\"datePublished\":\"2025-10-17T10:39:36+00:00\",\"dateModified\":\"2025-10-20T08:11:32+00:00\",\"breadcrumb\":{\"@id\":\"https:\\\/\\\/radioljubuski.ba\\\/index.php\\\/2025\\\/10\\\/17\\\/izvidac-agram-u-nedjelju-na-kosovu-izvidac-2-danas-docekuje-capljinu-a-nogometasi-ljubuskog-u-nedjelju-ugoscuju-klisa\\\/#breadcrumb\"},\"inLanguage\":\"hr\",\"potentialAction\":[{\"@type\":\"ReadAction\",\"target\":[\"https:\\\/\\\/radioljubuski.ba\\\/index.php\\\/2025\\\/10\\\/17\\\/izvidac-agram-u-nedjelju-na-kosovu-izvidac-2-danas-docekuje-capljinu-a-nogometasi-ljubuskog-u-nedjelju-ugoscuju-klisa\\\/\"]}]},{\"@type\":\"ImageObject\",\"inLanguage\":\"hr\",\"@id\":\"https:\\\/\\\/radioljubuski.ba\\\/index.php\\\/2025\\\/10\\\/17\\\/izvidac-agram-u-nedjelju-na-kosovu-izvidac-2-danas-docekuje-capljinu-a-nogometasi-ljubuskog-u-nedjelju-ugoscuju-klisa\\\/#primaryimage\",\"url\":\"https:\\\/\\\/radioljubuski.ba\\\/wp-content\\\/uploads\\\/2025\\\/10\\\/sportski-vodic-2.png\",\"contentUrl\":\"https:\\\/\\\/radioljubuski.ba\\\/wp-content\\\/uploads\\\/2025\\\/10\\\/sportski-vodic-2.png\",\"width\":1080,\"height\":1080},{\"@type\":\"BreadcrumbList\",\"@id\":\"https:\\\/\\\/radioljubuski.ba\\\/index.php\\\/2025\\\/10\\\/17\\\/izvidac-agram-u-nedjelju-na-kosovu-izvidac-2-danas-docekuje-capljinu-a-nogometasi-ljubuskog-u-nedjelju-ugoscuju-klisa\\\/#breadcrumb\",\"itemListElement\":[{\"@type\":\"ListItem\",\"position\":1,\"name\":\"Po\u010detna stranica\",\"item\":\"https:\\\/\\\/radioljubuski.ba\\\/\"},{\"@type\":\"ListItem\",\"position\":2,\"name\":\"Izvi\u0111a\u010d Agram u nedjelju na Kosovu, Izvi\u0111a\u010d 2 danas do\u010dekuje \u010capljinu, a nogometa\u0161i Ljubu\u0161kog u nedjelju ugo\u0161\u0107uju Klisa\"}]},{\"@type\":\"WebSite\",\"@id\":\"https:\\\/\\\/radioljubuski.ba\\\/#website\",\"url\":\"https:\\\/\\\/radioljubuski.ba\\\/\",\"name\":\"Radio Ljubu\u0161ki\",\"description\":\"Sun\u010dana frekvencija Hercegovine\",\"publisher\":{\"@id\":\"https:\\\/\\\/radioljubuski.ba\\\/#organization\"},\"potentialAction\":[{\"@type\":\"SearchAction\",\"target\":{\"@type\":\"EntryPoint\",\"urlTemplate\":\"https:\\\/\\\/radioljubuski.ba\\\/?s={search_term_string}\"},\"query-input\":{\"@type\":\"PropertyValueSpecification\",\"valueRequired\":true,\"valueName\":\"search_term_string\"}}],\"inLanguage\":\"hr\"},{\"@type\":\"Organization\",\"@id\":\"https:\\\/\\\/radioljubuski.ba\\\/#organization\",\"name\":\"Radio Ljubu\u0161ki\",\"url\":\"https:\\\/\\\/radioljubuski.ba\\\/\",\"logo\":{\"@type\":\"ImageObject\",\"inLanguage\":\"hr\",\"@id\":\"https:\\\/\\\/radioljubuski.ba\\\/#\\\/schema\\\/logo\\\/image\\\/\",\"url\":\"https:\\\/\\\/radioljubuski.ba\\\/wp-content\\\/uploads\\\/2021\\\/02\\\/cropped-Radio_Ljubuski_logo1.jpg\",\"contentUrl\":\"https:\\\/\\\/radioljubuski.ba\\\/wp-content\\\/uploads\\\/2021\\\/02\\\/cropped-Radio_Ljubuski_logo1.jpg\",\"width\":512,\"height\":512,\"caption\":\"Radio Ljubu\u0161ki\"},\"image\":{\"@id\":\"https:\\\/\\\/radioljubuski.ba\\\/#\\\/schema\\\/logo\\\/image\\\/\"},\"sameAs\":[\"https:\\\/\\\/www.facebook.com\\\/Radiio-Ljubuski-1490835324566332\",\"https:\\\/\\\/x.com\\\/radioljubuski\",\"https:\\\/\\\/hr.linkedin.com\\\/company\\\/radio-ljubuski\",\"https:\\\/\\\/www.youtube.com\\\/channel\\\/UCHYaeO_n0Db3tjNGudGpXyw\"]},{\"@type\":\"Person\",\"@id\":\"https:\\\/\\\/radioljubuski.ba\\\/#\\\/schema\\\/person\\\/19fc700381a780f69665d7956c469e3b\",\"name\":\"Radio Ljubu\u0161ki\"}]}<\/script>\n<!-- \/ Yoast SEO plugin. -->","yoast_head_json":{"title":"Izvi\u0111a\u010d Agram u nedjelju na Kosovu, Izvi\u0111a\u010d 2 danas do\u010dekuje \u010capljinu, a nogometa\u0161i Ljubu\u0161kog u nedjelju ugo\u0161\u0107uju Klisa - RADIO LJUBU\u0160KI","robots":{"index":"index","follow":"follow","max-snippet":"max-snippet:-1","max-image-preview":"max-image-preview:large","max-video-preview":"max-video-preview:-1"},"canonical":"https:\/\/radioljubuski.ba\/index.php\/2025\/10\/17\/izvidac-agram-u-nedjelju-na-kosovu-izvidac-2-danas-docekuje-capljinu-a-nogometasi-ljubuskog-u-nedjelju-ugoscuju-klisa\/","og_locale":"hr_HR","og_type":"article","og_title":"Izvi\u0111a\u010d Agram u nedjelju na Kosovu, Izvi\u0111a\u010d 2 danas do\u010dekuje \u010capljinu, a nogometa\u0161i Ljubu\u0161kog u nedjelju ugo\u0161\u0107uju Klisa - RADIO LJUBU\u0160KI","og_description":"Za vikend koji je pred nama rukometa\u0161i Izvi\u0111a\u010da igraju uzvratnu utakmicu 2. kola EHF European Cupa protiv kosovske mom\u010dadi Besa Famgas. Ve\u0107 ve\u010deras ljubitelji rukometa u Ljubu\u0161kom mo\u0107i \u0107e gledati utakmicu 2. kola 1. lige F BiH \u2013 skupina Jug u kojoj \u0107e&nbsp; Izvi\u0111a\u010d2 ugostiti mom\u010dad \u010capljine, a u subotu i nedjelju u\u017eivati u nastupima [&hellip;]","og_url":"https:\/\/radioljubuski.ba\/index.php\/2025\/10\/17\/izvidac-agram-u-nedjelju-na-kosovu-izvidac-2-danas-docekuje-capljinu-a-nogometasi-ljubuskog-u-nedjelju-ugoscuju-klisa\/","og_site_name":"RADIO LJUBU\u0160KI","article_publisher":"https:\/\/www.facebook.com\/Radiio-Ljubuski-1490835324566332","article_published_time":"2025-10-17T10:39:36+00:00","article_modified_time":"2025-10-20T08:11:32+00:00","og_image":[{"width":1080,"height":1080,"url":"https:\/\/radioljubuski.ba\/wp-content\/uploads\/2025\/10\/sportski-vodic-2.png","type":"image\/png"}],"author":"Radio Ljubu\u0161ki","twitter_card":"summary_large_image","twitter_creator":"@radioljubuski","twitter_site":"@radioljubuski","twitter_misc":{"Napisao\/la":"Radio Ljubu\u0161ki","Procijenjeno vrijeme \u010ditanja":"2 minute"},"schema":{"@context":"https:\/\/schema.org","@graph":[{"@type":"Article","@id":"https:\/\/radioljubuski.ba\/index.php\/2025\/10\/17\/izvidac-agram-u-nedjelju-na-kosovu-izvidac-2-danas-docekuje-capljinu-a-nogometasi-ljubuskog-u-nedjelju-ugoscuju-klisa\/#article","isPartOf":{"@id":"https:\/\/radioljubuski.ba\/index.php\/2025\/10\/17\/izvidac-agram-u-nedjelju-na-kosovu-izvidac-2-danas-docekuje-capljinu-a-nogometasi-ljubuskog-u-nedjelju-ugoscuju-klisa\/"},"author":{"name":"Radio Ljubu\u0161ki","@id":"https:\/\/radioljubuski.ba\/#\/schema\/person\/19fc700381a780f69665d7956c469e3b"},"headline":"Izvi\u0111a\u010d Agram u nedjelju na Kosovu, Izvi\u0111a\u010d 2 danas do\u010dekuje \u010capljinu, a nogometa\u0161i Ljubu\u0161kog u nedjelju ugo\u0161\u0107uju Klisa","datePublished":"2025-10-17T10:39:36+00:00","dateModified":"2025-10-20T08:11:32+00:00","mainEntityOfPage":{"@id":"https:\/\/radioljubuski.ba\/index.php\/2025\/10\/17\/izvidac-agram-u-nedjelju-na-kosovu-izvidac-2-danas-docekuje-capljinu-a-nogometasi-ljubuskog-u-nedjelju-ugoscuju-klisa\/"},"wordCount":376,"publisher":{"@id":"https:\/\/radioljubuski.ba\/#organization"},"image":{"@id":"https:\/\/radioljubuski.ba\/index.php\/2025\/10\/17\/izvidac-agram-u-nedjelju-na-kosovu-izvidac-2-danas-docekuje-capljinu-a-nogometasi-ljubuskog-u-nedjelju-ugoscuju-klisa\/#primaryimage"},"thumbnailUrl":"https:\/\/radioljubuski.ba\/wp-content\/uploads\/2025\/10\/sportski-vodic-2.png","articleSection":["Ljubu\u0161ki","\u0160port"],"inLanguage":"hr"},{"@type":"WebPage","@id":"https:\/\/radioljubuski.ba\/index.php\/2025\/10\/17\/izvidac-agram-u-nedjelju-na-kosovu-izvidac-2-danas-docekuje-capljinu-a-nogometasi-ljubuskog-u-nedjelju-ugoscuju-klisa\/","url":"https:\/\/radioljubuski.ba\/index.php\/2025\/10\/17\/izvidac-agram-u-nedjelju-na-kosovu-izvidac-2-danas-docekuje-capljinu-a-nogometasi-ljubuskog-u-nedjelju-ugoscuju-klisa\/","name":"Izvi\u0111a\u010d Agram u nedjelju na Kosovu, Izvi\u0111a\u010d 2 danas do\u010dekuje \u010capljinu, a nogometa\u0161i Ljubu\u0161kog u nedjelju ugo\u0161\u0107uju Klisa - RADIO LJUBU\u0160KI","isPartOf":{"@id":"https:\/\/radioljubuski.ba\/#website"},"primaryImageOfPage":{"@id":"https:\/\/radioljubuski.ba\/index.php\/2025\/10\/17\/izvidac-agram-u-nedjelju-na-kosovu-izvidac-2-danas-docekuje-capljinu-a-nogometasi-ljubuskog-u-nedjelju-ugoscuju-klisa\/#primaryimage"},"image":{"@id":"https:\/\/radioljubuski.ba\/index.php\/2025\/10\/17\/izvidac-agram-u-nedjelju-na-kosovu-izvidac-2-danas-docekuje-capljinu-a-nogometasi-ljubuskog-u-nedjelju-ugoscuju-klisa\/#primaryimage"},"thumbnailUrl":"https:\/\/radioljubuski.ba\/wp-content\/uploads\/2025\/10\/sportski-vodic-2.png","datePublished":"2025-10-17T10:39:36+00:00","dateModified":"2025-10-20T08:11:32+00:00","breadcrumb":{"@id":"https:\/\/radioljubuski.ba\/index.php\/2025\/10\/17\/izvidac-agram-u-nedjelju-na-kosovu-izvidac-2-danas-docekuje-capljinu-a-nogometasi-ljubuskog-u-nedjelju-ugoscuju-klisa\/#breadcrumb"},"inLanguage":"hr","potentialAction":[{"@type":"ReadAction","target":["https:\/\/radioljubuski.ba\/index.php\/2025\/10\/17\/izvidac-agram-u-nedjelju-na-kosovu-izvidac-2-danas-docekuje-capljinu-a-nogometasi-ljubuskog-u-nedjelju-ugoscuju-klisa\/"]}]},{"@type":"ImageObject","inLanguage":"hr","@id":"https:\/\/radioljubuski.ba\/index.php\/2025\/10\/17\/izvidac-agram-u-nedjelju-na-kosovu-izvidac-2-danas-docekuje-capljinu-a-nogometasi-ljubuskog-u-nedjelju-ugoscuju-klisa\/#primaryimage","url":"https:\/\/radioljubuski.ba\/wp-content\/uploads\/2025\/10\/sportski-vodic-2.png","contentUrl":"https:\/\/radioljubuski.ba\/wp-content\/uploads\/2025\/10\/sportski-vodic-2.png","width":1080,"height":1080},{"@type":"BreadcrumbList","@id":"https:\/\/radioljubuski.ba\/index.php\/2025\/10\/17\/izvidac-agram-u-nedjelju-na-kosovu-izvidac-2-danas-docekuje-capljinu-a-nogometasi-ljubuskog-u-nedjelju-ugoscuju-klisa\/#breadcrumb","itemListElement":[{"@type":"ListItem","position":1,"name":"Po\u010detna stranica","item":"https:\/\/radioljubuski.ba\/"},{"@type":"ListItem","position":2,"name":"Izvi\u0111a\u010d Agram u nedjelju na Kosovu, Izvi\u0111a\u010d 2 danas do\u010dekuje \u010capljinu, a nogometa\u0161i Ljubu\u0161kog u nedjelju ugo\u0161\u0107uju Klisa"}]},{"@type":"WebSite","@id":"https:\/\/radioljubuski.ba\/#website","url":"https:\/\/radioljubuski.ba\/","name":"Radio Ljubu\u0161ki","description":"Sun\u010dana frekvencija Hercegovine","publisher":{"@id":"https:\/\/radioljubuski.ba\/#organization"},"potentialAction":[{"@type":"SearchAction","target":{"@type":"EntryPoint","urlTemplate":"https:\/\/radioljubuski.ba\/?s={search_term_string}"},"query-input":{"@type":"PropertyValueSpecification","valueRequired":true,"valueName":"search_term_string"}}],"inLanguage":"hr"},{"@type":"Organization","@id":"https:\/\/radioljubuski.ba\/#organization","name":"Radio Ljubu\u0161ki","url":"https:\/\/radioljubuski.ba\/","logo":{"@type":"ImageObject","inLanguage":"hr","@id":"https:\/\/radioljubuski.ba\/#\/schema\/logo\/image\/","url":"https:\/\/radioljubuski.ba\/wp-content\/uploads\/2021\/02\/cropped-Radio_Ljubuski_logo1.jpg","contentUrl":"https:\/\/radioljubuski.ba\/wp-content\/uploads\/2021\/02\/cropped-Radio_Ljubuski_logo1.jpg","width":512,"height":512,"caption":"Radio Ljubu\u0161ki"},"image":{"@id":"https:\/\/radioljubuski.ba\/#\/schema\/logo\/image\/"},"sameAs":["https:\/\/www.facebook.com\/Radiio-Ljubuski-1490835324566332","https:\/\/x.com\/radioljubuski","https:\/\/hr.linkedin.com\/company\/radio-ljubuski","https:\/\/www.youtube.com\/channel\/UCHYaeO_n0Db3tjNGudGpXyw"]},{"@type":"Person","@id":"https:\/\/radioljubuski.ba\/#\/schema\/person\/19fc700381a780f69665d7956c469e3b","name":"Radio Ljubu\u0161ki"}]}},"_links":{"self":[{"href":"https:\/\/radioljubuski.ba\/index.php\/wp-json\/wp\/v2\/posts\/221609","targetHints":{"allow":["GET"]}}],"collection":[{"href":"https:\/\/radioljubuski.ba\/index.php\/wp-json\/wp\/v2\/posts"}],"about":[{"href":"https:\/\/radioljubuski.ba\/index.php\/wp-json\/wp\/v2\/types\/post"}],"author":[{"embeddable":true,"href":"https:\/\/radioljubuski.ba\/index.php\/wp-json\/wp\/v2\/users\/2"}],"replies":[{"embeddable":true,"href":"https:\/\/radioljubuski.ba\/index.php\/wp-json\/wp\/v2\/comments?post=221609"}],"version-history":[{"count":3,"href":"https:\/\/radioljubuski.ba\/index.php\/wp-json\/wp\/v2\/posts\/221609\/revisions"}],"predecessor-version":[{"id":221614,"href":"https:\/\/radioljubuski.ba\/index.php\/wp-json\/wp\/v2\/posts\/221609\/revisions\/221614"}],"wp:featuredmedia":[{"embeddable":true,"href":"https:\/\/radioljubuski.ba\/index.php\/wp-json\/wp\/v2\/media\/221610"}],"wp:attachment":[{"href":"https:\/\/radioljubuski.ba\/index.php\/wp-json\/wp\/v2\/media?parent=221609"}],"wp:term":[{"taxonomy":"category","embeddable":true,"href":"https:\/\/radioljubuski.ba\/index.php\/wp-json\/wp\/v2\/categories?post=221609"},{"taxonomy":"post_tag","embeddable":true,"href":"https:\/\/radioljubuski.ba\/index.php\/wp-json\/wp\/v2\/tags?post=221609"}],"curies":[{"name":"wp","href":"https:\/\/api.w.org\/{rel}","templated":true}]}}