{"id":221615,"date":"2025-10-20T09:09:55","date_gmt":"2025-10-20T08:09:55","guid":{"rendered":"https:\/\/radioljubuski.ba\/?p=221615"},"modified":"2025-10-20T09:09:57","modified_gmt":"2025-10-20T08:09:57","slug":"ljubuski-vinari-u-danima-otvorenih-podruma-na-vinskoj-cesti-hercegovine","status":"publish","type":"post","link":"https:\/\/radioljubuski.ba\/index.php\/2025\/10\/20\/ljubuski-vinari-u-danima-otvorenih-podruma-na-vinskoj-cesti-hercegovine\/","title":{"rendered":"Ljubu\u0161ki vinari u Danima otvorenih podruma na Vinskoj cesti Hercegovine!"},"content":{"rendered":"\n<p>Nakon uspje\u0161nog\u00a0<strong>Festivala Vinske ceste Hercegovine<\/strong>, koji je ovoga ljeta okupio brojne zaljubljenike u vino, okuse i do\u017eivljaje \u2013 one koji cijene tradiciju, autenti\u010dnost i hercegova\u010dko gostoprimstvo pred nama je nova manifestacija koja donosi jo\u0161 vi\u0161e razloga za dru\u017eenje i u\u017eivanje: \u201cDani otvorenih podruma\u201d Vinske ceste Hercegovine.<\/p>\n\n\n\n<p><strong>Vinska cesta Hercegovine<\/strong>&nbsp;jedinstven je projekt kojim rukovodi Vanjskotrgovinska komora Bosne i Hercegovine, u suradnji s gradovima i op\u0107inama Ljubu\u0161ki, \u010citluk, Mostar, \u010capljina, Stolac i Trebinje. Inicijativa povezuje vinarije, restorane, specijalizirane barove, obiteljska gospodarstva i turisti\u010dke subjekte unutar regije, s ciljem zajedni\u010dkog razvoja i promocije eno-gastronomije i turizma.<\/p>\n\n\n\n<p>Ova mre\u017ea entuzijasta ve\u0107 godinama promi\u010de Hercegovinu kao eno-gastro destinaciju prepoznatu i izvan granica regije \u2013 a upravo je jesenska manifestacija \u201cDani otvorenih podruma\u201d idealna prilika da se do\u017eivi sav taj spoj vina, tradicije i gostoljubivosti.<\/p>\n\n\n\n<p><strong>\u010cetiri vikenda u\u017eivanja i otkrivanja<\/strong><\/p>\n\n\n\n<p>Tijekom \u010detiri jesenska vikenda, od 24. listopada do 23. studenoga 2025., \u010dlanovi Vinske ceste Hercegovine otvaraju svoja vrata posjetiteljima i pripremaju bogat program ispunjen degustacijama vina, obilascima podruma i vinograda, radionicama, tematskim ve\u010derima i glazbenim doga\u0111ajima \u2013 sve s ciljem da se do\u017eivi autenti\u010dan hercegova\u010dki duh, kultura vina i istinsko gostoprimstvo.<\/p>\n\n\n\n<p><strong>Hercegovina \u2013 regija koja pri\u010da vinske pri\u010de<\/strong><\/p>\n\n\n\n<p>Svaki kutak Vinske ceste Hercegovine nosi svoju pri\u010du i svoj poseban \u0161arm \u2013 od Mostara i \u010citluka, gdje nastaju carska vina me\u0111u kamenim vinogradima, preko Ljubu\u0161kog s njegovim prirodnim ljepotama, te \u010capljine, grada bogate povijesti i vinske tradicije, do Trebinja, koje \u010duva duh mona\u0161kih podruma i stoljetne vinarske kulture i Stoca koji mami mirisima maslina i mediteranskog bilja. Upravo zbog toga, \u201cDani otvorenih podruma\u201d nisu samo manifestacija \u2013 oni su poziv na istra\u017eivanje, dru\u017eenje i u\u017eivanje u svemu \u0161to Hercegovina ima za ponuditi.<\/p>\n\n\n\n<p>Detaljan program doga\u0111anja i popis sudionika bit \u0107e objavljeni na&nbsp;<a href=\"https:\/\/hwr.ba\/\" target=\"_blank\" rel=\"noreferrer noopener\">dru\u0161tvenim mre\u017eama Vinske ceste Hercegovine<\/a>, gdje \u0107e se redovito najavljivati svi vikendi i doga\u0111aji po gradovima.<\/p>\n\n\n\n<p>Manifestacija \u201cDani otvorenih podruma\u201d dio je aktivnosti koje Vinska cesta Hercegovine provodi s ciljem ja\u010danja turisti\u010dke ponude i promocije vinskog turizma u regiji, a sufinancirana je sredstvima Europske unije.<\/p>\n\n\n\n<p><strong>Ljubu\u0161ki postaje glavni grad vina ovog vikenda!<\/strong><\/p>\n\n\n\n<p>Prvi vikend doga\u0111anja odr\u017eava se upravo u <strong>Ljubu\u0161kom,<\/strong> <strong>25. i 26. listopada 2025.<\/strong>, a u programu sudjeluju vinari i ugostitelji iz Ljubu\u0161kog kraja \u2013 <strong>Smokva Wine Bar, Tabak Museum &amp; Restaurant, Podrum Begi\u0107, Obiteljski podrum Su\u0161ac i Vinogradi Nui\u0107.<\/strong><br><\/p>\n\n\n\n<p>Svaki vikend za vino &#8211; novi grad, nova mjesta, nove pri\u010de.<\/p>\n\n\n\n<p>Dani otvorenih podruma donose posebne degustacije, dru\u017eenja s vinarima i prave jesenske do\u017eivljaje u srcu Hercegovine. <\/p>\n\n\n\n<p>Festival Vinske ceste Hercegovine\/Radio Ljubu\u0161ki<\/p>\n","protected":false},"excerpt":{"rendered":"<p>Nakon uspje\u0161nog\u00a0Festivala Vinske ceste Hercegovine, koji je ovoga ljeta okupio brojne zaljubljenike u vino, okuse i do\u017eivljaje \u2013 one koji cijene tradiciju, autenti\u010dnost i hercegova\u010dko gostoprimstvo pred nama je nova manifestacija koja donosi jo\u0161 vi\u0161e razloga za dru\u017eenje i u\u017eivanje: \u201cDani otvorenih podruma\u201d Vinske ceste Hercegovine. Vinska cesta Hercegovine&nbsp;jedinstven je projekt kojim rukovodi Vanjskotrgovinska komora [&hellip;]<\/p>\n","protected":false},"author":2,"featured_media":221616,"comment_status":"closed","ping_status":"closed","sticky":false,"template":"","format":"standard","meta":{"h5ap_radio_sources":[],"footnotes":""},"categories":[1,3],"tags":[],"class_list":["post-221615","post","type-post","status-publish","format-standard","has-post-thumbnail","hentry","category-bihiregija","category-ljubuski"],"yoast_head":"<!-- This site is optimized with the Yoast SEO plugin v27.5 - https:\/\/yoast.com\/product\/yoast-seo-wordpress\/ -->\n<title>Ljubu\u0161ki vinari u Danima otvorenih podruma na Vinskoj cesti Hercegovine! - RADIO LJUBU\u0160KI<\/title>\n<meta name=\"robots\" content=\"index, follow, max-snippet:-1, max-image-preview:large, max-video-preview:-1\" \/>\n<link rel=\"canonical\" href=\"https:\/\/radioljubuski.ba\/index.php\/2025\/10\/20\/ljubuski-vinari-u-danima-otvorenih-podruma-na-vinskoj-cesti-hercegovine\/\" \/>\n<meta property=\"og:locale\" content=\"hr_HR\" \/>\n<meta property=\"og:type\" content=\"article\" \/>\n<meta property=\"og:title\" content=\"Ljubu\u0161ki vinari u Danima otvorenih podruma na Vinskoj cesti Hercegovine! - RADIO LJUBU\u0160KI\" \/>\n<meta property=\"og:description\" content=\"Nakon uspje\u0161nog\u00a0Festivala Vinske ceste Hercegovine, koji je ovoga ljeta okupio brojne zaljubljenike u vino, okuse i do\u017eivljaje \u2013 one koji cijene tradiciju, autenti\u010dnost i hercegova\u010dko gostoprimstvo pred nama je nova manifestacija koja donosi jo\u0161 vi\u0161e razloga za dru\u017eenje i u\u017eivanje: \u201cDani otvorenih podruma\u201d Vinske ceste Hercegovine. Vinska cesta Hercegovine&nbsp;jedinstven je projekt kojim rukovodi Vanjskotrgovinska komora [&hellip;]\" \/>\n<meta property=\"og:url\" content=\"https:\/\/radioljubuski.ba\/index.php\/2025\/10\/20\/ljubuski-vinari-u-danima-otvorenih-podruma-na-vinskoj-cesti-hercegovine\/\" \/>\n<meta property=\"og:site_name\" content=\"RADIO LJUBU\u0160KI\" \/>\n<meta property=\"article:publisher\" content=\"https:\/\/www.facebook.com\/Radiio-Ljubuski-1490835324566332\" \/>\n<meta property=\"article:published_time\" content=\"2025-10-20T08:09:55+00:00\" \/>\n<meta property=\"article:modified_time\" content=\"2025-10-20T08:09:57+00:00\" \/>\n<meta property=\"og:image\" content=\"https:\/\/radioljubuski.ba\/wp-content\/uploads\/2025\/10\/561785903_814108084808438_3355180123240094801_n.jpg\" \/>\n\t<meta property=\"og:image:width\" content=\"1080\" \/>\n\t<meta property=\"og:image:height\" content=\"1350\" \/>\n\t<meta property=\"og:image:type\" content=\"image\/jpeg\" \/>\n<meta name=\"author\" content=\"Radio Ljubu\u0161ki\" \/>\n<meta name=\"twitter:card\" content=\"summary_large_image\" \/>\n<meta name=\"twitter:creator\" content=\"@radioljubuski\" \/>\n<meta name=\"twitter:site\" content=\"@radioljubuski\" \/>\n<meta name=\"twitter:label1\" content=\"Napisao\/la\" \/>\n\t<meta name=\"twitter:data1\" content=\"Radio Ljubu\u0161ki\" \/>\n\t<meta name=\"twitter:label2\" content=\"Procijenjeno vrijeme \u010ditanja\" \/>\n\t<meta name=\"twitter:data2\" content=\"3 minute\" \/>\n<script type=\"application\/ld+json\" class=\"yoast-schema-graph\">{\"@context\":\"https:\\\/\\\/schema.org\",\"@graph\":[{\"@type\":\"Article\",\"@id\":\"https:\\\/\\\/radioljubuski.ba\\\/index.php\\\/2025\\\/10\\\/20\\\/ljubuski-vinari-u-danima-otvorenih-podruma-na-vinskoj-cesti-hercegovine\\\/#article\",\"isPartOf\":{\"@id\":\"https:\\\/\\\/radioljubuski.ba\\\/index.php\\\/2025\\\/10\\\/20\\\/ljubuski-vinari-u-danima-otvorenih-podruma-na-vinskoj-cesti-hercegovine\\\/\"},\"author\":{\"name\":\"Radio Ljubu\u0161ki\",\"@id\":\"https:\\\/\\\/radioljubuski.ba\\\/#\\\/schema\\\/person\\\/19fc700381a780f69665d7956c469e3b\"},\"headline\":\"Ljubu\u0161ki vinari u Danima otvorenih podruma na Vinskoj cesti Hercegovine!\",\"datePublished\":\"2025-10-20T08:09:55+00:00\",\"dateModified\":\"2025-10-20T08:09:57+00:00\",\"mainEntityOfPage\":{\"@id\":\"https:\\\/\\\/radioljubuski.ba\\\/index.php\\\/2025\\\/10\\\/20\\\/ljubuski-vinari-u-danima-otvorenih-podruma-na-vinskoj-cesti-hercegovine\\\/\"},\"wordCount\":456,\"publisher\":{\"@id\":\"https:\\\/\\\/radioljubuski.ba\\\/#organization\"},\"image\":{\"@id\":\"https:\\\/\\\/radioljubuski.ba\\\/index.php\\\/2025\\\/10\\\/20\\\/ljubuski-vinari-u-danima-otvorenih-podruma-na-vinskoj-cesti-hercegovine\\\/#primaryimage\"},\"thumbnailUrl\":\"https:\\\/\\\/radioljubuski.ba\\\/wp-content\\\/uploads\\\/2025\\\/10\\\/561785903_814108084808438_3355180123240094801_n.jpg\",\"articleSection\":[\"BIH i regija\",\"Ljubu\u0161ki\"],\"inLanguage\":\"hr\"},{\"@type\":\"WebPage\",\"@id\":\"https:\\\/\\\/radioljubuski.ba\\\/index.php\\\/2025\\\/10\\\/20\\\/ljubuski-vinari-u-danima-otvorenih-podruma-na-vinskoj-cesti-hercegovine\\\/\",\"url\":\"https:\\\/\\\/radioljubuski.ba\\\/index.php\\\/2025\\\/10\\\/20\\\/ljubuski-vinari-u-danima-otvorenih-podruma-na-vinskoj-cesti-hercegovine\\\/\",\"name\":\"Ljubu\u0161ki vinari u Danima otvorenih podruma na Vinskoj cesti Hercegovine! - RADIO LJUBU\u0160KI\",\"isPartOf\":{\"@id\":\"https:\\\/\\\/radioljubuski.ba\\\/#website\"},\"primaryImageOfPage\":{\"@id\":\"https:\\\/\\\/radioljubuski.ba\\\/index.php\\\/2025\\\/10\\\/20\\\/ljubuski-vinari-u-danima-otvorenih-podruma-na-vinskoj-cesti-hercegovine\\\/#primaryimage\"},\"image\":{\"@id\":\"https:\\\/\\\/radioljubuski.ba\\\/index.php\\\/2025\\\/10\\\/20\\\/ljubuski-vinari-u-danima-otvorenih-podruma-na-vinskoj-cesti-hercegovine\\\/#primaryimage\"},\"thumbnailUrl\":\"https:\\\/\\\/radioljubuski.ba\\\/wp-content\\\/uploads\\\/2025\\\/10\\\/561785903_814108084808438_3355180123240094801_n.jpg\",\"datePublished\":\"2025-10-20T08:09:55+00:00\",\"dateModified\":\"2025-10-20T08:09:57+00:00\",\"breadcrumb\":{\"@id\":\"https:\\\/\\\/radioljubuski.ba\\\/index.php\\\/2025\\\/10\\\/20\\\/ljubuski-vinari-u-danima-otvorenih-podruma-na-vinskoj-cesti-hercegovine\\\/#breadcrumb\"},\"inLanguage\":\"hr\",\"potentialAction\":[{\"@type\":\"ReadAction\",\"target\":[\"https:\\\/\\\/radioljubuski.ba\\\/index.php\\\/2025\\\/10\\\/20\\\/ljubuski-vinari-u-danima-otvorenih-podruma-na-vinskoj-cesti-hercegovine\\\/\"]}]},{\"@type\":\"ImageObject\",\"inLanguage\":\"hr\",\"@id\":\"https:\\\/\\\/radioljubuski.ba\\\/index.php\\\/2025\\\/10\\\/20\\\/ljubuski-vinari-u-danima-otvorenih-podruma-na-vinskoj-cesti-hercegovine\\\/#primaryimage\",\"url\":\"https:\\\/\\\/radioljubuski.ba\\\/wp-content\\\/uploads\\\/2025\\\/10\\\/561785903_814108084808438_3355180123240094801_n.jpg\",\"contentUrl\":\"https:\\\/\\\/radioljubuski.ba\\\/wp-content\\\/uploads\\\/2025\\\/10\\\/561785903_814108084808438_3355180123240094801_n.jpg\",\"width\":1080,\"height\":1350},{\"@type\":\"BreadcrumbList\",\"@id\":\"https:\\\/\\\/radioljubuski.ba\\\/index.php\\\/2025\\\/10\\\/20\\\/ljubuski-vinari-u-danima-otvorenih-podruma-na-vinskoj-cesti-hercegovine\\\/#breadcrumb\",\"itemListElement\":[{\"@type\":\"ListItem\",\"position\":1,\"name\":\"Po\u010detna stranica\",\"item\":\"https:\\\/\\\/radioljubuski.ba\\\/\"},{\"@type\":\"ListItem\",\"position\":2,\"name\":\"Ljubu\u0161ki vinari u Danima otvorenih podruma na Vinskoj cesti Hercegovine!\"}]},{\"@type\":\"WebSite\",\"@id\":\"https:\\\/\\\/radioljubuski.ba\\\/#website\",\"url\":\"https:\\\/\\\/radioljubuski.ba\\\/\",\"name\":\"Radio Ljubu\u0161ki\",\"description\":\"Sun\u010dana frekvencija Hercegovine\",\"publisher\":{\"@id\":\"https:\\\/\\\/radioljubuski.ba\\\/#organization\"},\"potentialAction\":[{\"@type\":\"SearchAction\",\"target\":{\"@type\":\"EntryPoint\",\"urlTemplate\":\"https:\\\/\\\/radioljubuski.ba\\\/?s={search_term_string}\"},\"query-input\":{\"@type\":\"PropertyValueSpecification\",\"valueRequired\":true,\"valueName\":\"search_term_string\"}}],\"inLanguage\":\"hr\"},{\"@type\":\"Organization\",\"@id\":\"https:\\\/\\\/radioljubuski.ba\\\/#organization\",\"name\":\"Radio Ljubu\u0161ki\",\"url\":\"https:\\\/\\\/radioljubuski.ba\\\/\",\"logo\":{\"@type\":\"ImageObject\",\"inLanguage\":\"hr\",\"@id\":\"https:\\\/\\\/radioljubuski.ba\\\/#\\\/schema\\\/logo\\\/image\\\/\",\"url\":\"https:\\\/\\\/radioljubuski.ba\\\/wp-content\\\/uploads\\\/2021\\\/02\\\/cropped-Radio_Ljubuski_logo1.jpg\",\"contentUrl\":\"https:\\\/\\\/radioljubuski.ba\\\/wp-content\\\/uploads\\\/2021\\\/02\\\/cropped-Radio_Ljubuski_logo1.jpg\",\"width\":512,\"height\":512,\"caption\":\"Radio Ljubu\u0161ki\"},\"image\":{\"@id\":\"https:\\\/\\\/radioljubuski.ba\\\/#\\\/schema\\\/logo\\\/image\\\/\"},\"sameAs\":[\"https:\\\/\\\/www.facebook.com\\\/Radiio-Ljubuski-1490835324566332\",\"https:\\\/\\\/x.com\\\/radioljubuski\",\"https:\\\/\\\/hr.linkedin.com\\\/company\\\/radio-ljubuski\",\"https:\\\/\\\/www.youtube.com\\\/channel\\\/UCHYaeO_n0Db3tjNGudGpXyw\"]},{\"@type\":\"Person\",\"@id\":\"https:\\\/\\\/radioljubuski.ba\\\/#\\\/schema\\\/person\\\/19fc700381a780f69665d7956c469e3b\",\"name\":\"Radio Ljubu\u0161ki\"}]}<\/script>\n<!-- \/ Yoast SEO plugin. -->","yoast_head_json":{"title":"Ljubu\u0161ki vinari u Danima otvorenih podruma na Vinskoj cesti Hercegovine! - RADIO LJUBU\u0160KI","robots":{"index":"index","follow":"follow","max-snippet":"max-snippet:-1","max-image-preview":"max-image-preview:large","max-video-preview":"max-video-preview:-1"},"canonical":"https:\/\/radioljubuski.ba\/index.php\/2025\/10\/20\/ljubuski-vinari-u-danima-otvorenih-podruma-na-vinskoj-cesti-hercegovine\/","og_locale":"hr_HR","og_type":"article","og_title":"Ljubu\u0161ki vinari u Danima otvorenih podruma na Vinskoj cesti Hercegovine! - RADIO LJUBU\u0160KI","og_description":"Nakon uspje\u0161nog\u00a0Festivala Vinske ceste Hercegovine, koji je ovoga ljeta okupio brojne zaljubljenike u vino, okuse i do\u017eivljaje \u2013 one koji cijene tradiciju, autenti\u010dnost i hercegova\u010dko gostoprimstvo pred nama je nova manifestacija koja donosi jo\u0161 vi\u0161e razloga za dru\u017eenje i u\u017eivanje: \u201cDani otvorenih podruma\u201d Vinske ceste Hercegovine. Vinska cesta Hercegovine&nbsp;jedinstven je projekt kojim rukovodi Vanjskotrgovinska komora [&hellip;]","og_url":"https:\/\/radioljubuski.ba\/index.php\/2025\/10\/20\/ljubuski-vinari-u-danima-otvorenih-podruma-na-vinskoj-cesti-hercegovine\/","og_site_name":"RADIO LJUBU\u0160KI","article_publisher":"https:\/\/www.facebook.com\/Radiio-Ljubuski-1490835324566332","article_published_time":"2025-10-20T08:09:55+00:00","article_modified_time":"2025-10-20T08:09:57+00:00","og_image":[{"width":1080,"height":1350,"url":"https:\/\/radioljubuski.ba\/wp-content\/uploads\/2025\/10\/561785903_814108084808438_3355180123240094801_n.jpg","type":"image\/jpeg"}],"author":"Radio Ljubu\u0161ki","twitter_card":"summary_large_image","twitter_creator":"@radioljubuski","twitter_site":"@radioljubuski","twitter_misc":{"Napisao\/la":"Radio Ljubu\u0161ki","Procijenjeno vrijeme \u010ditanja":"3 minute"},"schema":{"@context":"https:\/\/schema.org","@graph":[{"@type":"Article","@id":"https:\/\/radioljubuski.ba\/index.php\/2025\/10\/20\/ljubuski-vinari-u-danima-otvorenih-podruma-na-vinskoj-cesti-hercegovine\/#article","isPartOf":{"@id":"https:\/\/radioljubuski.ba\/index.php\/2025\/10\/20\/ljubuski-vinari-u-danima-otvorenih-podruma-na-vinskoj-cesti-hercegovine\/"},"author":{"name":"Radio Ljubu\u0161ki","@id":"https:\/\/radioljubuski.ba\/#\/schema\/person\/19fc700381a780f69665d7956c469e3b"},"headline":"Ljubu\u0161ki vinari u Danima otvorenih podruma na Vinskoj cesti Hercegovine!","datePublished":"2025-10-20T08:09:55+00:00","dateModified":"2025-10-20T08:09:57+00:00","mainEntityOfPage":{"@id":"https:\/\/radioljubuski.ba\/index.php\/2025\/10\/20\/ljubuski-vinari-u-danima-otvorenih-podruma-na-vinskoj-cesti-hercegovine\/"},"wordCount":456,"publisher":{"@id":"https:\/\/radioljubuski.ba\/#organization"},"image":{"@id":"https:\/\/radioljubuski.ba\/index.php\/2025\/10\/20\/ljubuski-vinari-u-danima-otvorenih-podruma-na-vinskoj-cesti-hercegovine\/#primaryimage"},"thumbnailUrl":"https:\/\/radioljubuski.ba\/wp-content\/uploads\/2025\/10\/561785903_814108084808438_3355180123240094801_n.jpg","articleSection":["BIH i regija","Ljubu\u0161ki"],"inLanguage":"hr"},{"@type":"WebPage","@id":"https:\/\/radioljubuski.ba\/index.php\/2025\/10\/20\/ljubuski-vinari-u-danima-otvorenih-podruma-na-vinskoj-cesti-hercegovine\/","url":"https:\/\/radioljubuski.ba\/index.php\/2025\/10\/20\/ljubuski-vinari-u-danima-otvorenih-podruma-na-vinskoj-cesti-hercegovine\/","name":"Ljubu\u0161ki vinari u Danima otvorenih podruma na Vinskoj cesti Hercegovine! - RADIO LJUBU\u0160KI","isPartOf":{"@id":"https:\/\/radioljubuski.ba\/#website"},"primaryImageOfPage":{"@id":"https:\/\/radioljubuski.ba\/index.php\/2025\/10\/20\/ljubuski-vinari-u-danima-otvorenih-podruma-na-vinskoj-cesti-hercegovine\/#primaryimage"},"image":{"@id":"https:\/\/radioljubuski.ba\/index.php\/2025\/10\/20\/ljubuski-vinari-u-danima-otvorenih-podruma-na-vinskoj-cesti-hercegovine\/#primaryimage"},"thumbnailUrl":"https:\/\/radioljubuski.ba\/wp-content\/uploads\/2025\/10\/561785903_814108084808438_3355180123240094801_n.jpg","datePublished":"2025-10-20T08:09:55+00:00","dateModified":"2025-10-20T08:09:57+00:00","breadcrumb":{"@id":"https:\/\/radioljubuski.ba\/index.php\/2025\/10\/20\/ljubuski-vinari-u-danima-otvorenih-podruma-na-vinskoj-cesti-hercegovine\/#breadcrumb"},"inLanguage":"hr","potentialAction":[{"@type":"ReadAction","target":["https:\/\/radioljubuski.ba\/index.php\/2025\/10\/20\/ljubuski-vinari-u-danima-otvorenih-podruma-na-vinskoj-cesti-hercegovine\/"]}]},{"@type":"ImageObject","inLanguage":"hr","@id":"https:\/\/radioljubuski.ba\/index.php\/2025\/10\/20\/ljubuski-vinari-u-danima-otvorenih-podruma-na-vinskoj-cesti-hercegovine\/#primaryimage","url":"https:\/\/radioljubuski.ba\/wp-content\/uploads\/2025\/10\/561785903_814108084808438_3355180123240094801_n.jpg","contentUrl":"https:\/\/radioljubuski.ba\/wp-content\/uploads\/2025\/10\/561785903_814108084808438_3355180123240094801_n.jpg","width":1080,"height":1350},{"@type":"BreadcrumbList","@id":"https:\/\/radioljubuski.ba\/index.php\/2025\/10\/20\/ljubuski-vinari-u-danima-otvorenih-podruma-na-vinskoj-cesti-hercegovine\/#breadcrumb","itemListElement":[{"@type":"ListItem","position":1,"name":"Po\u010detna stranica","item":"https:\/\/radioljubuski.ba\/"},{"@type":"ListItem","position":2,"name":"Ljubu\u0161ki vinari u Danima otvorenih podruma na Vinskoj cesti Hercegovine!"}]},{"@type":"WebSite","@id":"https:\/\/radioljubuski.ba\/#website","url":"https:\/\/radioljubuski.ba\/","name":"Radio Ljubu\u0161ki","description":"Sun\u010dana frekvencija Hercegovine","publisher":{"@id":"https:\/\/radioljubuski.ba\/#organization"},"potentialAction":[{"@type":"SearchAction","target":{"@type":"EntryPoint","urlTemplate":"https:\/\/radioljubuski.ba\/?s={search_term_string}"},"query-input":{"@type":"PropertyValueSpecification","valueRequired":true,"valueName":"search_term_string"}}],"inLanguage":"hr"},{"@type":"Organization","@id":"https:\/\/radioljubuski.ba\/#organization","name":"Radio Ljubu\u0161ki","url":"https:\/\/radioljubuski.ba\/","logo":{"@type":"ImageObject","inLanguage":"hr","@id":"https:\/\/radioljubuski.ba\/#\/schema\/logo\/image\/","url":"https:\/\/radioljubuski.ba\/wp-content\/uploads\/2021\/02\/cropped-Radio_Ljubuski_logo1.jpg","contentUrl":"https:\/\/radioljubuski.ba\/wp-content\/uploads\/2021\/02\/cropped-Radio_Ljubuski_logo1.jpg","width":512,"height":512,"caption":"Radio Ljubu\u0161ki"},"image":{"@id":"https:\/\/radioljubuski.ba\/#\/schema\/logo\/image\/"},"sameAs":["https:\/\/www.facebook.com\/Radiio-Ljubuski-1490835324566332","https:\/\/x.com\/radioljubuski","https:\/\/hr.linkedin.com\/company\/radio-ljubuski","https:\/\/www.youtube.com\/channel\/UCHYaeO_n0Db3tjNGudGpXyw"]},{"@type":"Person","@id":"https:\/\/radioljubuski.ba\/#\/schema\/person\/19fc700381a780f69665d7956c469e3b","name":"Radio Ljubu\u0161ki"}]}},"_links":{"self":[{"href":"https:\/\/radioljubuski.ba\/index.php\/wp-json\/wp\/v2\/posts\/221615","targetHints":{"allow":["GET"]}}],"collection":[{"href":"https:\/\/radioljubuski.ba\/index.php\/wp-json\/wp\/v2\/posts"}],"about":[{"href":"https:\/\/radioljubuski.ba\/index.php\/wp-json\/wp\/v2\/types\/post"}],"author":[{"embeddable":true,"href":"https:\/\/radioljubuski.ba\/index.php\/wp-json\/wp\/v2\/users\/2"}],"replies":[{"embeddable":true,"href":"https:\/\/radioljubuski.ba\/index.php\/wp-json\/wp\/v2\/comments?post=221615"}],"version-history":[{"count":2,"href":"https:\/\/radioljubuski.ba\/index.php\/wp-json\/wp\/v2\/posts\/221615\/revisions"}],"predecessor-version":[{"id":221714,"href":"https:\/\/radioljubuski.ba\/index.php\/wp-json\/wp\/v2\/posts\/221615\/revisions\/221714"}],"wp:featuredmedia":[{"embeddable":true,"href":"https:\/\/radioljubuski.ba\/index.php\/wp-json\/wp\/v2\/media\/221616"}],"wp:attachment":[{"href":"https:\/\/radioljubuski.ba\/index.php\/wp-json\/wp\/v2\/media?parent=221615"}],"wp:term":[{"taxonomy":"category","embeddable":true,"href":"https:\/\/radioljubuski.ba\/index.php\/wp-json\/wp\/v2\/categories?post=221615"},{"taxonomy":"post_tag","embeddable":true,"href":"https:\/\/radioljubuski.ba\/index.php\/wp-json\/wp\/v2\/tags?post=221615"}],"curies":[{"name":"wp","href":"https:\/\/api.w.org\/{rel}","templated":true}]}}