{"id":221618,"date":"2025-10-18T22:18:15","date_gmt":"2025-10-18T21:18:15","guid":{"rendered":"https:\/\/radioljubuski.ba\/?p=221618"},"modified":"2025-10-19T06:16:11","modified_gmt":"2025-10-19T05:16:11","slug":"ljubuski-odrzan-20-koncert-odabranih-u-sklopu-manifestacije-didakovi-dani-2025","status":"publish","type":"post","link":"https:\/\/radioljubuski.ba\/index.php\/2025\/10\/18\/ljubuski-odrzan-20-koncert-odabranih-u-sklopu-manifestacije-didakovi-dani-2025\/","title":{"rendered":"Ljubu\u0161ki: Odr\u017ean 20. Koncert odabranih u sklopu manifestacije \u201cDidakovi dani 2025.\u201d"},"content":{"rendered":"\n<p>U subotu 18. listopada 2025. u Domu sv. Ante na Humcu odr\u017ean je&nbsp;<strong>jubilarni 20. Koncert odabranih<\/strong>, u sklopu 22.kulturne manifestacije&nbsp;<strong>\u201cDidakovi dani 2025.\u201d<\/strong>&nbsp;posve\u0107ene bogatoj ostav\u0161tini fra Didaka Bunti\u0107a.<\/p>\n\n\n\n<blockquote class=\"wp-block-quote is-layout-flow wp-block-quote-is-layout-flow\">\n<p>Fra Didak Bunti\u0107 (1871. \u2013 1922.) bio je franjevac, odgojitelj i narodni dobrotvor, poznat kao &#8220;hercegova\u010dki Mojsije&#8221;. Osim \u0161to je bio izniman pedagog i dugogodi\u0161nji ravnatelj Franjeva\u010dke klasi\u010dne gimnazije u \u0160irokom Brijegu, ostao je upam\u0107en po svojoj hrabrosti i domi\u0161ljatosti kada je tijekom Prvog svjetskog rata organizirao masovni prijevoz djece iz gladne Hercegovine u plodnu Slavoniju. Tada je, prema procjenama, vi\u0161e od 12.000 djece spa\u0161eno od gladi. Fra Didak Bunti\u0107 nije bio samo duhovni vo\u0111a, ve\u0107 i izniman prosvjetitelj, pokreta\u010d kulturnih inicijativa i prakti\u010dnih gospodarskih rje\u0161enja za svoj narod. Kao ravnatelj Gimnazije u \u0160irokom Brijegu sna\u017eno je zagovarao obrazovanje na hrvatskom jeziku te poticao razvoj \u0161kolstva i op\u0107e pismenosti, osobito me\u0111u seoskom djecom. Vjerovao je da se narod mo\u017ee uzdi\u0107i samo ako se ula\u017ee u znanje, kulturu i svijest o vlastitom identitetu. <\/p>\n\n\n\n<p>Dio svog \u017eivota proveo je upravo na Humcu gdje je poha\u0111ao novicijat Hercegova\u010dke franjeva\u010dke provincije Marijina Uznesenja.<\/p>\n\n\n\n<p>U umjetnosti je podr\u017eavao glazbene, literarne i kazali\u0161ne aktivnosti, poti\u010du\u0107i u\u010denike i mlade na izra\u017eavanje kroz kulturno stvarala\u0161tvo. Pod njegovim vodstvom \u0161kola nije bila samo mjesto u\u010denja, ve\u0107 i sredi\u0161te kulturnog \u017eivota zajednice. Usto, fra Didak je prepoznao va\u017enost modernizacije poljoprivrede; poticao je sadnju vinove loze, maslina i duhana, te je uveo prakti\u010dnu nastavu iz agronomije, vjeruju\u0107i da znanstveno potkrijepljena poljoprivreda mo\u017ee izvu\u0107i Hercegovinu iz siroma\u0161tva. Njegovo \u017eivotno djelo ostaje trajna inspiracija brojnim nara\u0161tajima, a &#8220;Didakovi dani&#8221; svjedo\u010de o tome koliko njegovo naslije\u0111e i danas ima snagu okupljati, odgajati i nadahnjivati.<\/p>\n<\/blockquote>\n\n\n\n<p><strong>Glazbena \u0161kola Ljubu\u0161ki<\/strong> bila je ve\u010deras doma\u0107inom <strong>20. Koncerta odabranih<\/strong> koji se odr\u017eava u sklopu Didakovih dana, u organizaciji Hrvatskog kulturno umjetni\u010dkog dru\u0161tva Didak, koncerta koji okuplja najbolje me\u0111u mladim glazbenicima, u\u010denicima osnovnih, srednjih glazbenih \u0161kola i akademija.<\/p>\n\n\n\n<p><strong>Andrijana Zubac<\/strong> tajnica udruge <strong>HKUD Didak<\/strong> posjetitelje je vodila kroz ovu ve\u010der nagla\u0161avaju\u0107i vrijednosti naslije\u0111a fra Didaka Bunti\u0107a koje manifestacija promi\u010de ve\u0107 dva desetlje\u0107a na generacije glazbenika, svih sudionika i brojnih posjetitelja.<\/p>\n\n\n\n<figure class=\"wp-block-image size-large\"><img loading=\"lazy\" decoding=\"async\" width=\"1024\" height=\"1024\" src=\"https:\/\/radioljubuski.ba\/wp-content\/uploads\/2025\/10\/IMG_20251018_184035-1024x1024.jpg\" alt=\"\" class=\"wp-image-221627\" srcset=\"https:\/\/radioljubuski.ba\/wp-content\/uploads\/2025\/10\/IMG_20251018_184035-1024x1024.jpg 1024w, https:\/\/radioljubuski.ba\/wp-content\/uploads\/2025\/10\/IMG_20251018_184035-300x300.jpg 300w, https:\/\/radioljubuski.ba\/wp-content\/uploads\/2025\/10\/IMG_20251018_184035-150x150.jpg 150w, https:\/\/radioljubuski.ba\/wp-content\/uploads\/2025\/10\/IMG_20251018_184035-768x768.jpg 768w, https:\/\/radioljubuski.ba\/wp-content\/uploads\/2025\/10\/IMG_20251018_184035-1536x1536.jpg 1536w, https:\/\/radioljubuski.ba\/wp-content\/uploads\/2025\/10\/IMG_20251018_184035-2048x2048.jpg 2048w, https:\/\/radioljubuski.ba\/wp-content\/uploads\/2025\/10\/IMG_20251018_184035-12x12.jpg 12w, https:\/\/radioljubuski.ba\/wp-content\/uploads\/2025\/10\/IMG_20251018_184035-64x64.jpg 64w, https:\/\/radioljubuski.ba\/wp-content\/uploads\/2025\/10\/IMG_20251018_184035-560x560.jpg 560w\" sizes=\"auto, (max-width: 1024px) 100vw, 1024px\" \/><\/figure>\n\n\n\n<p>Ispred doma\u0107ina koncerta Glazbene \u0161kole Ljubu\u0161ki, prisutnima se obratila ravnateljica \u0161kole<strong> Ivana \u0160aravanja<\/strong> koja je nakon pozdravnog govora uru\u010dila prigodne darove<strong> Josipu Vrbancu<\/strong>, dugogodi\u0161njem ravnatelju Glazbene \u0161kole Pavla Markovca u Zagrebu i <strong>fra Marinku \u0160akoti<\/strong> idejnom za\u010detniku Didakovih dana.<\/p>\n\n\n\n<figure class=\"wp-block-image size-large\"><img loading=\"lazy\" decoding=\"async\" width=\"1024\" height=\"1024\" src=\"https:\/\/radioljubuski.ba\/wp-content\/uploads\/2025\/10\/IMG_20251018_184217-1024x1024.jpg\" alt=\"\" class=\"wp-image-221628\" srcset=\"https:\/\/radioljubuski.ba\/wp-content\/uploads\/2025\/10\/IMG_20251018_184217-1024x1024.jpg 1024w, https:\/\/radioljubuski.ba\/wp-content\/uploads\/2025\/10\/IMG_20251018_184217-300x300.jpg 300w, https:\/\/radioljubuski.ba\/wp-content\/uploads\/2025\/10\/IMG_20251018_184217-150x150.jpg 150w, https:\/\/radioljubuski.ba\/wp-content\/uploads\/2025\/10\/IMG_20251018_184217-768x768.jpg 768w, https:\/\/radioljubuski.ba\/wp-content\/uploads\/2025\/10\/IMG_20251018_184217-1536x1536.jpg 1536w, https:\/\/radioljubuski.ba\/wp-content\/uploads\/2025\/10\/IMG_20251018_184217-2048x2048.jpg 2048w, https:\/\/radioljubuski.ba\/wp-content\/uploads\/2025\/10\/IMG_20251018_184217-12x12.jpg 12w, https:\/\/radioljubuski.ba\/wp-content\/uploads\/2025\/10\/IMG_20251018_184217-64x64.jpg 64w, https:\/\/radioljubuski.ba\/wp-content\/uploads\/2025\/10\/IMG_20251018_184217-560x560.jpg 560w\" sizes=\"auto, (max-width: 1024px) 100vw, 1024px\" \/><\/figure>\n\n\n\n<figure class=\"wp-block-image size-large\"><img loading=\"lazy\" decoding=\"async\" width=\"1024\" height=\"1024\" src=\"https:\/\/radioljubuski.ba\/wp-content\/uploads\/2025\/10\/IMG_20251018_184710-1-1024x1024.jpg\" alt=\"\" class=\"wp-image-221629\" srcset=\"https:\/\/radioljubuski.ba\/wp-content\/uploads\/2025\/10\/IMG_20251018_184710-1-1024x1024.jpg 1024w, https:\/\/radioljubuski.ba\/wp-content\/uploads\/2025\/10\/IMG_20251018_184710-1-300x300.jpg 300w, https:\/\/radioljubuski.ba\/wp-content\/uploads\/2025\/10\/IMG_20251018_184710-1-150x150.jpg 150w, https:\/\/radioljubuski.ba\/wp-content\/uploads\/2025\/10\/IMG_20251018_184710-1-768x768.jpg 768w, https:\/\/radioljubuski.ba\/wp-content\/uploads\/2025\/10\/IMG_20251018_184710-1-1536x1536.jpg 1536w, https:\/\/radioljubuski.ba\/wp-content\/uploads\/2025\/10\/IMG_20251018_184710-1-2048x2048.jpg 2048w, https:\/\/radioljubuski.ba\/wp-content\/uploads\/2025\/10\/IMG_20251018_184710-1-12x12.jpg 12w, https:\/\/radioljubuski.ba\/wp-content\/uploads\/2025\/10\/IMG_20251018_184710-1-64x64.jpg 64w, https:\/\/radioljubuski.ba\/wp-content\/uploads\/2025\/10\/IMG_20251018_184710-1-560x560.jpg 560w\" sizes=\"auto, (max-width: 1024px) 100vw, 1024px\" \/><\/figure>\n\n\n\n<figure class=\"wp-block-image size-large\"><img loading=\"lazy\" decoding=\"async\" width=\"1024\" height=\"831\" src=\"https:\/\/radioljubuski.ba\/wp-content\/uploads\/2025\/10\/IMG_20251018_220826-1024x831.jpg\" alt=\"\" class=\"wp-image-221645\" srcset=\"https:\/\/radioljubuski.ba\/wp-content\/uploads\/2025\/10\/IMG_20251018_220826-1024x831.jpg 1024w, https:\/\/radioljubuski.ba\/wp-content\/uploads\/2025\/10\/IMG_20251018_220826-300x243.jpg 300w, https:\/\/radioljubuski.ba\/wp-content\/uploads\/2025\/10\/IMG_20251018_220826-768x623.jpg 768w, https:\/\/radioljubuski.ba\/wp-content\/uploads\/2025\/10\/IMG_20251018_220826-15x12.jpg 15w, https:\/\/radioljubuski.ba\/wp-content\/uploads\/2025\/10\/IMG_20251018_220826.jpg 1080w\" sizes=\"auto, (max-width: 1024px) 100vw, 1024px\" \/><\/figure>\n\n\n\n<p>Koncert je zapo\u010deo virtuoznim izvedbama solista; <strong>Ana Primorac<\/strong>, u\u010denica 3. razreda srednje Glazbene \u0161kole Ljubu\u0161ki, otvorila je koncert Rachmaninovljevim Preludijem u a-molu, dok je <strong>Lucija Bo\u0161njak<\/strong>, studentica druge godine klavira izvela Skrjabinovu etidu.<\/p>\n\n\n\n<figure class=\"wp-block-image size-large\"><img loading=\"lazy\" decoding=\"async\" width=\"1024\" height=\"1024\" src=\"https:\/\/radioljubuski.ba\/wp-content\/uploads\/2025\/10\/IMG_20251018_185317-1024x1024.jpg\" alt=\"\" class=\"wp-image-221620\" srcset=\"https:\/\/radioljubuski.ba\/wp-content\/uploads\/2025\/10\/IMG_20251018_185317-1024x1024.jpg 1024w, https:\/\/radioljubuski.ba\/wp-content\/uploads\/2025\/10\/IMG_20251018_185317-300x300.jpg 300w, https:\/\/radioljubuski.ba\/wp-content\/uploads\/2025\/10\/IMG_20251018_185317-150x150.jpg 150w, https:\/\/radioljubuski.ba\/wp-content\/uploads\/2025\/10\/IMG_20251018_185317-768x768.jpg 768w, https:\/\/radioljubuski.ba\/wp-content\/uploads\/2025\/10\/IMG_20251018_185317-1536x1536.jpg 1536w, https:\/\/radioljubuski.ba\/wp-content\/uploads\/2025\/10\/IMG_20251018_185317-2048x2048.jpg 2048w, https:\/\/radioljubuski.ba\/wp-content\/uploads\/2025\/10\/IMG_20251018_185317-12x12.jpg 12w, https:\/\/radioljubuski.ba\/wp-content\/uploads\/2025\/10\/IMG_20251018_185317-64x64.jpg 64w, https:\/\/radioljubuski.ba\/wp-content\/uploads\/2025\/10\/IMG_20251018_185317-560x560.jpg 560w\" sizes=\"auto, (max-width: 1024px) 100vw, 1024px\" \/><\/figure>\n\n\n\n<figure class=\"wp-block-image size-large\"><img loading=\"lazy\" decoding=\"async\" width=\"1024\" height=\"1024\" src=\"https:\/\/radioljubuski.ba\/wp-content\/uploads\/2025\/10\/IMG_20251018_190220-1024x1024.jpg\" alt=\"\" class=\"wp-image-221622\" srcset=\"https:\/\/radioljubuski.ba\/wp-content\/uploads\/2025\/10\/IMG_20251018_190220-1024x1024.jpg 1024w, https:\/\/radioljubuski.ba\/wp-content\/uploads\/2025\/10\/IMG_20251018_190220-300x300.jpg 300w, https:\/\/radioljubuski.ba\/wp-content\/uploads\/2025\/10\/IMG_20251018_190220-150x150.jpg 150w, https:\/\/radioljubuski.ba\/wp-content\/uploads\/2025\/10\/IMG_20251018_190220-768x768.jpg 768w, https:\/\/radioljubuski.ba\/wp-content\/uploads\/2025\/10\/IMG_20251018_190220-1536x1536.jpg 1536w, https:\/\/radioljubuski.ba\/wp-content\/uploads\/2025\/10\/IMG_20251018_190220-2048x2048.jpg 2048w, https:\/\/radioljubuski.ba\/wp-content\/uploads\/2025\/10\/IMG_20251018_190220-12x12.jpg 12w, https:\/\/radioljubuski.ba\/wp-content\/uploads\/2025\/10\/IMG_20251018_190220-64x64.jpg 64w, https:\/\/radioljubuski.ba\/wp-content\/uploads\/2025\/10\/IMG_20251018_190220-560x560.jpg 560w\" sizes=\"auto, (max-width: 1024px) 100vw, 1024px\" \/><\/figure>\n\n\n\n<p>Ljepotu toplog i profinjenog zvuka kontrabasa publici je pribli\u017eio <strong>Darvin Breka<\/strong>, u\u010denik Glazbene \u0161kole Pavla Markovca, izvedbom tre\u0107eg stavka Koncerta za kontrabas u D-duru V\u00e1clava Pichla.<\/p>\n\n\n\n<figure class=\"wp-block-image size-large\"><img loading=\"lazy\" decoding=\"async\" width=\"1024\" height=\"461\" src=\"https:\/\/radioljubuski.ba\/wp-content\/uploads\/2025\/10\/IMG_20251018_185805-1024x461.jpg\" alt=\"\" class=\"wp-image-221646\" srcset=\"https:\/\/radioljubuski.ba\/wp-content\/uploads\/2025\/10\/IMG_20251018_185805-1024x461.jpg 1024w, https:\/\/radioljubuski.ba\/wp-content\/uploads\/2025\/10\/IMG_20251018_185805-300x135.jpg 300w, https:\/\/radioljubuski.ba\/wp-content\/uploads\/2025\/10\/IMG_20251018_185805-768x346.jpg 768w, https:\/\/radioljubuski.ba\/wp-content\/uploads\/2025\/10\/IMG_20251018_185805-1536x691.jpg 1536w, https:\/\/radioljubuski.ba\/wp-content\/uploads\/2025\/10\/IMG_20251018_185805-2048x922.jpg 2048w, https:\/\/radioljubuski.ba\/wp-content\/uploads\/2025\/10\/IMG_20251018_185805-18x8.jpg 18w\" sizes=\"auto, (max-width: 1024px) 100vw, 1024px\" \/><\/figure>\n\n\n\n<p>Publiku je odu\u0161evio i flautist <strong>Maro Buli\u0107<\/strong>, student pete godine MA u Zagrebu, koji je u pratnji Anamarije Biland\u017ei\u0107 na klaviru izveo sonatinu Henrija Dutilleuxa, a potom i <strong>Marija Zubac<\/strong> studentica 3. godine studija klavira, s prvom stavkom Bachovog Koncerta u f-molu za klavir i guda\u010de.<\/p>\n\n\n\n<figure class=\"wp-block-image size-large\"><img loading=\"lazy\" decoding=\"async\" width=\"1024\" height=\"1024\" src=\"https:\/\/radioljubuski.ba\/wp-content\/uploads\/2025\/10\/IMG_20251018_190628-1024x1024.jpg\" alt=\"\" class=\"wp-image-221623\" srcset=\"https:\/\/radioljubuski.ba\/wp-content\/uploads\/2025\/10\/IMG_20251018_190628-1024x1024.jpg 1024w, https:\/\/radioljubuski.ba\/wp-content\/uploads\/2025\/10\/IMG_20251018_190628-300x300.jpg 300w, https:\/\/radioljubuski.ba\/wp-content\/uploads\/2025\/10\/IMG_20251018_190628-150x150.jpg 150w, https:\/\/radioljubuski.ba\/wp-content\/uploads\/2025\/10\/IMG_20251018_190628-768x768.jpg 768w, https:\/\/radioljubuski.ba\/wp-content\/uploads\/2025\/10\/IMG_20251018_190628-1536x1536.jpg 1536w, https:\/\/radioljubuski.ba\/wp-content\/uploads\/2025\/10\/IMG_20251018_190628-2048x2048.jpg 2048w, https:\/\/radioljubuski.ba\/wp-content\/uploads\/2025\/10\/IMG_20251018_190628-12x12.jpg 12w, https:\/\/radioljubuski.ba\/wp-content\/uploads\/2025\/10\/IMG_20251018_190628-64x64.jpg 64w, https:\/\/radioljubuski.ba\/wp-content\/uploads\/2025\/10\/IMG_20251018_190628-560x560.jpg 560w\" sizes=\"auto, (max-width: 1024px) 100vw, 1024px\" \/><\/figure>\n\n\n\n<figure class=\"wp-block-image size-large\"><img loading=\"lazy\" decoding=\"async\" width=\"1024\" height=\"461\" src=\"https:\/\/radioljubuski.ba\/wp-content\/uploads\/2025\/10\/IMG_20251018_192617-1024x461.jpg\" alt=\"\" class=\"wp-image-221624\" srcset=\"https:\/\/radioljubuski.ba\/wp-content\/uploads\/2025\/10\/IMG_20251018_192617-1024x461.jpg 1024w, https:\/\/radioljubuski.ba\/wp-content\/uploads\/2025\/10\/IMG_20251018_192617-300x135.jpg 300w, https:\/\/radioljubuski.ba\/wp-content\/uploads\/2025\/10\/IMG_20251018_192617-768x346.jpg 768w, https:\/\/radioljubuski.ba\/wp-content\/uploads\/2025\/10\/IMG_20251018_192617-1536x691.jpg 1536w, https:\/\/radioljubuski.ba\/wp-content\/uploads\/2025\/10\/IMG_20251018_192617-2048x922.jpg 2048w, https:\/\/radioljubuski.ba\/wp-content\/uploads\/2025\/10\/IMG_20251018_192617-18x8.jpg 18w\" sizes=\"auto, (max-width: 1024px) 100vw, 1024px\" \/><\/figure>\n\n\n\n<figure class=\"wp-block-image size-large\"><img loading=\"lazy\" decoding=\"async\" width=\"1024\" height=\"1024\" src=\"https:\/\/radioljubuski.ba\/wp-content\/uploads\/2025\/10\/IMG_20251018_192242-1024x1024.jpg\" alt=\"\" class=\"wp-image-221631\" srcset=\"https:\/\/radioljubuski.ba\/wp-content\/uploads\/2025\/10\/IMG_20251018_192242-1024x1024.jpg 1024w, https:\/\/radioljubuski.ba\/wp-content\/uploads\/2025\/10\/IMG_20251018_192242-300x300.jpg 300w, https:\/\/radioljubuski.ba\/wp-content\/uploads\/2025\/10\/IMG_20251018_192242-150x150.jpg 150w, https:\/\/radioljubuski.ba\/wp-content\/uploads\/2025\/10\/IMG_20251018_192242-768x768.jpg 768w, https:\/\/radioljubuski.ba\/wp-content\/uploads\/2025\/10\/IMG_20251018_192242-1536x1536.jpg 1536w, https:\/\/radioljubuski.ba\/wp-content\/uploads\/2025\/10\/IMG_20251018_192242-2048x2048.jpg 2048w, https:\/\/radioljubuski.ba\/wp-content\/uploads\/2025\/10\/IMG_20251018_192242-12x12.jpg 12w, https:\/\/radioljubuski.ba\/wp-content\/uploads\/2025\/10\/IMG_20251018_192242-64x64.jpg 64w, https:\/\/radioljubuski.ba\/wp-content\/uploads\/2025\/10\/IMG_20251018_192242-560x560.jpg 560w\" sizes=\"auto, (max-width: 1024px) 100vw, 1024px\" \/><\/figure>\n\n\n\n<p>Sa izvedbom vatrenog Czardasa Vittoria Montija predstavio se mladi harmonika\u0161 <strong>Marko Su\u0161ac<\/strong> iz OG\u0160 Brotnjo,  dok je flautist <strong>Jakov Begi\u0107<\/strong> izveo prvi stavak koncerta J.J. Quantza uz pratnju Guda\u010dkog orkestra G\u0160 Pavla Markovca iz Zagreba.<\/p>\n\n\n\n<figure class=\"wp-block-image size-large\"><img loading=\"lazy\" decoding=\"async\" width=\"1024\" height=\"1024\" src=\"https:\/\/radioljubuski.ba\/wp-content\/uploads\/2025\/10\/IMG_20251018_193007-1024x1024.jpg\" alt=\"\" class=\"wp-image-221625\" srcset=\"https:\/\/radioljubuski.ba\/wp-content\/uploads\/2025\/10\/IMG_20251018_193007-1024x1024.jpg 1024w, https:\/\/radioljubuski.ba\/wp-content\/uploads\/2025\/10\/IMG_20251018_193007-300x300.jpg 300w, https:\/\/radioljubuski.ba\/wp-content\/uploads\/2025\/10\/IMG_20251018_193007-150x150.jpg 150w, https:\/\/radioljubuski.ba\/wp-content\/uploads\/2025\/10\/IMG_20251018_193007-768x768.jpg 768w, https:\/\/radioljubuski.ba\/wp-content\/uploads\/2025\/10\/IMG_20251018_193007-1536x1536.jpg 1536w, https:\/\/radioljubuski.ba\/wp-content\/uploads\/2025\/10\/IMG_20251018_193007-2048x2048.jpg 2048w, https:\/\/radioljubuski.ba\/wp-content\/uploads\/2025\/10\/IMG_20251018_193007-12x12.jpg 12w, https:\/\/radioljubuski.ba\/wp-content\/uploads\/2025\/10\/IMG_20251018_193007-64x64.jpg 64w, https:\/\/radioljubuski.ba\/wp-content\/uploads\/2025\/10\/IMG_20251018_193007-560x560.jpg 560w\" sizes=\"auto, (max-width: 1024px) 100vw, 1024px\" \/><\/figure>\n\n\n<div class=\"wp-block-image\">\n<figure class=\"aligncenter size-large\"><img loading=\"lazy\" decoding=\"async\" width=\"576\" height=\"1024\" src=\"https:\/\/radioljubuski.ba\/wp-content\/uploads\/2025\/10\/IMG_20251018_193635-576x1024.jpg\" alt=\"\" class=\"wp-image-221626\" srcset=\"https:\/\/radioljubuski.ba\/wp-content\/uploads\/2025\/10\/IMG_20251018_193635-576x1024.jpg 576w, https:\/\/radioljubuski.ba\/wp-content\/uploads\/2025\/10\/IMG_20251018_193635-169x300.jpg 169w, https:\/\/radioljubuski.ba\/wp-content\/uploads\/2025\/10\/IMG_20251018_193635-768x1365.jpg 768w, https:\/\/radioljubuski.ba\/wp-content\/uploads\/2025\/10\/IMG_20251018_193635-864x1536.jpg 864w, https:\/\/radioljubuski.ba\/wp-content\/uploads\/2025\/10\/IMG_20251018_193635-1152x2048.jpg 1152w, https:\/\/radioljubuski.ba\/wp-content\/uploads\/2025\/10\/IMG_20251018_193635-7x12.jpg 7w, https:\/\/radioljubuski.ba\/wp-content\/uploads\/2025\/10\/IMG_20251018_193635-scaled.jpg 1440w\" sizes=\"auto, (max-width: 576px) 100vw, 576px\" \/><\/figure>\n<\/div>\n\n\n<p>Uslijedio je orkestralni dio programa, u kojem su se nizale poznate i zahtjevne skladbe. Guda\u010dki orkestar G\u0160 Pavla Markovca pod ravnanjem <strong>Edite Kolovrat<\/strong> izveo je odabrane stavke Mozartove &#8220;Male no\u0107ne muzike&#8221;, a potom je uslijedila skladba &#8220;Libertango&#8221; od A. Piazzolle.<\/p>\n\n\n\n<figure class=\"wp-block-image size-large\"><img loading=\"lazy\" decoding=\"async\" width=\"1024\" height=\"576\" src=\"https:\/\/radioljubuski.ba\/wp-content\/uploads\/2025\/10\/IMG_20251018_195329-1024x576.jpg\" alt=\"\" class=\"wp-image-221630\" srcset=\"https:\/\/radioljubuski.ba\/wp-content\/uploads\/2025\/10\/IMG_20251018_195329-1024x576.jpg 1024w, https:\/\/radioljubuski.ba\/wp-content\/uploads\/2025\/10\/IMG_20251018_195329-300x169.jpg 300w, https:\/\/radioljubuski.ba\/wp-content\/uploads\/2025\/10\/IMG_20251018_195329-768x432.jpg 768w, https:\/\/radioljubuski.ba\/wp-content\/uploads\/2025\/10\/IMG_20251018_195329-1536x864.jpg 1536w, https:\/\/radioljubuski.ba\/wp-content\/uploads\/2025\/10\/IMG_20251018_195329-2048x1152.jpg 2048w, https:\/\/radioljubuski.ba\/wp-content\/uploads\/2025\/10\/IMG_20251018_195329-18x10.jpg 18w\" sizes=\"auto, (max-width: 1024px) 100vw, 1024px\" \/><\/figure>\n\n\n\n<h6 class=\"wp-block-heading\">Dom sv.Ante Humac 20. Koncert odabranih<\/h6>\n\n\n\n<figure class=\"wp-block-image size-large\"><img loading=\"lazy\" decoding=\"async\" width=\"1024\" height=\"576\" src=\"https:\/\/radioljubuski.ba\/wp-content\/uploads\/2025\/10\/IMG_20251018_201422-1024x576.jpg\" alt=\"\" class=\"wp-image-221635\" srcset=\"https:\/\/radioljubuski.ba\/wp-content\/uploads\/2025\/10\/IMG_20251018_201422-1024x576.jpg 1024w, https:\/\/radioljubuski.ba\/wp-content\/uploads\/2025\/10\/IMG_20251018_201422-300x169.jpg 300w, https:\/\/radioljubuski.ba\/wp-content\/uploads\/2025\/10\/IMG_20251018_201422-768x432.jpg 768w, https:\/\/radioljubuski.ba\/wp-content\/uploads\/2025\/10\/IMG_20251018_201422-1536x864.jpg 1536w, https:\/\/radioljubuski.ba\/wp-content\/uploads\/2025\/10\/IMG_20251018_201422-2048x1152.jpg 2048w, https:\/\/radioljubuski.ba\/wp-content\/uploads\/2025\/10\/IMG_20251018_201422-18x10.jpg 18w\" sizes=\"auto, (max-width: 1024px) 100vw, 1024px\" \/><\/figure>\n\n\n\n<figure class=\"wp-block-image size-large\"><img loading=\"lazy\" decoding=\"async\" width=\"1024\" height=\"576\" src=\"https:\/\/radioljubuski.ba\/wp-content\/uploads\/2025\/10\/IMG_20251018_195908-1024x576.jpg\" alt=\"\" class=\"wp-image-221634\" srcset=\"https:\/\/radioljubuski.ba\/wp-content\/uploads\/2025\/10\/IMG_20251018_195908-1024x576.jpg 1024w, https:\/\/radioljubuski.ba\/wp-content\/uploads\/2025\/10\/IMG_20251018_195908-300x169.jpg 300w, https:\/\/radioljubuski.ba\/wp-content\/uploads\/2025\/10\/IMG_20251018_195908-768x432.jpg 768w, https:\/\/radioljubuski.ba\/wp-content\/uploads\/2025\/10\/IMG_20251018_195908-1536x864.jpg 1536w, https:\/\/radioljubuski.ba\/wp-content\/uploads\/2025\/10\/IMG_20251018_195908-2048x1152.jpg 2048w, https:\/\/radioljubuski.ba\/wp-content\/uploads\/2025\/10\/IMG_20251018_195908-18x10.jpg 18w\" sizes=\"auto, (max-width: 1024px) 100vw, 1024px\" \/><\/figure>\n\n\n\n<figure class=\"wp-block-image size-large\"><img loading=\"lazy\" decoding=\"async\" width=\"1024\" height=\"576\" src=\"https:\/\/radioljubuski.ba\/wp-content\/uploads\/2025\/10\/IMG_20251018_200215-1024x576.jpg\" alt=\"\" class=\"wp-image-221632\" srcset=\"https:\/\/radioljubuski.ba\/wp-content\/uploads\/2025\/10\/IMG_20251018_200215-1024x576.jpg 1024w, https:\/\/radioljubuski.ba\/wp-content\/uploads\/2025\/10\/IMG_20251018_200215-300x169.jpg 300w, https:\/\/radioljubuski.ba\/wp-content\/uploads\/2025\/10\/IMG_20251018_200215-768x432.jpg 768w, https:\/\/radioljubuski.ba\/wp-content\/uploads\/2025\/10\/IMG_20251018_200215-1536x864.jpg 1536w, https:\/\/radioljubuski.ba\/wp-content\/uploads\/2025\/10\/IMG_20251018_200215-2048x1152.jpg 2048w, https:\/\/radioljubuski.ba\/wp-content\/uploads\/2025\/10\/IMG_20251018_200215-18x10.jpg 18w\" sizes=\"auto, (max-width: 1024px) 100vw, 1024px\" \/><\/figure>\n\n\n<div class=\"wp-block-image\">\n<figure class=\"aligncenter size-large\"><img loading=\"lazy\" decoding=\"async\" width=\"576\" height=\"1024\" src=\"https:\/\/radioljubuski.ba\/wp-content\/uploads\/2025\/10\/IMG_20251018_201216-576x1024.jpg\" alt=\"\" class=\"wp-image-221633\" srcset=\"https:\/\/radioljubuski.ba\/wp-content\/uploads\/2025\/10\/IMG_20251018_201216-576x1024.jpg 576w, https:\/\/radioljubuski.ba\/wp-content\/uploads\/2025\/10\/IMG_20251018_201216-169x300.jpg 169w, https:\/\/radioljubuski.ba\/wp-content\/uploads\/2025\/10\/IMG_20251018_201216-768x1365.jpg 768w, https:\/\/radioljubuski.ba\/wp-content\/uploads\/2025\/10\/IMG_20251018_201216-864x1536.jpg 864w, https:\/\/radioljubuski.ba\/wp-content\/uploads\/2025\/10\/IMG_20251018_201216-1152x2048.jpg 1152w, https:\/\/radioljubuski.ba\/wp-content\/uploads\/2025\/10\/IMG_20251018_201216-7x12.jpg 7w, https:\/\/radioljubuski.ba\/wp-content\/uploads\/2025\/10\/IMG_20251018_201216-scaled.jpg 1440w\" sizes=\"auto, (max-width: 576px) 100vw, 576px\" \/><\/figure>\n<\/div>\n\n\n<p>U impresivnom zavr\u0161etku koncerta nastupili su zajedno zborovi iz vi\u0161e glazbenih \u0161kola:<\/p>\n\n\n\n<ul class=\"wp-block-list\">\n<li>Mje\u0161oviti zbor G\u0160 Pavla Markovca (Zagreb)<\/li>\n\n\n\n<li>Djevoja\u010dki zbor G\u0160 \u0160iroki Brijeg<\/li>\n\n\n\n<li>Mje\u0161oviti zbor G\u0160 Ivana pl. Zajca (Mostar)<\/li>\n\n\n\n<li>Djevoja\u010dki zbor G\u0160 Ljubu\u0161ki<\/li>\n<\/ul>\n\n\n\n<p>Zborovi su, uz orkestralnu pratnju i \u010dembalo <strong>Anamarije Biland\u017ei\u0107,<\/strong> izveli izbor iz sakralnog repertoara: Mozartovo <em>Ave verum corpus<\/em>, vi\u0161e stavaka iz Vivaldijeva <em>Gloria<\/em>, <em>Laudate Dominum<\/em> i <em>Credo<\/em>, a ve\u010der je sve\u010dano zaklju\u010dena izvedbom skladbe <strong>\u201cU slavu fra Didaka Bunti\u0107a\u201d<\/strong> u obradi P. Ma\u0161i\u0107a i A. Bla\u017eine.<\/p>\n\n\n\n<p>Dirigentska palica izmjenjivala se me\u0111u vrsnim glazbenim pedagozima: <strong>Vinkom Karmeli\u0107em, Filipom Milo\u0161evi\u0107em, Markom Salavardom<\/strong> i <strong>Markom Petkovi\u0107em<\/strong>.<\/p>\n\n\n\n<hr class=\"wp-block-separator has-alpha-channel-opacity\"\/>\n\n\n\n<h5 class=\"wp-block-heading\">Nakon odr\u017eanog koncerta organizator je uru\u010dio prigodne zahvalnice svim solistima, profesorima, dirigentima, ravnateljima glazbenih \u0161kola koje su sudjelovale, te zahvalnice za osobit doprinos Mihaeli Pavlovi\u0107, Josipu Vrbancu i Mariju Vasilju. <\/h5>\n\n\n\n<figure class=\"wp-block-image size-large\"><img loading=\"lazy\" decoding=\"async\" width=\"1024\" height=\"576\" src=\"https:\/\/radioljubuski.ba\/wp-content\/uploads\/2025\/10\/IMG_20251018_202016-1024x576.jpg\" alt=\"\" class=\"wp-image-221637\" srcset=\"https:\/\/radioljubuski.ba\/wp-content\/uploads\/2025\/10\/IMG_20251018_202016-1024x576.jpg 1024w, https:\/\/radioljubuski.ba\/wp-content\/uploads\/2025\/10\/IMG_20251018_202016-300x169.jpg 300w, https:\/\/radioljubuski.ba\/wp-content\/uploads\/2025\/10\/IMG_20251018_202016-768x432.jpg 768w, https:\/\/radioljubuski.ba\/wp-content\/uploads\/2025\/10\/IMG_20251018_202016-1536x864.jpg 1536w, https:\/\/radioljubuski.ba\/wp-content\/uploads\/2025\/10\/IMG_20251018_202016-2048x1152.jpg 2048w, https:\/\/radioljubuski.ba\/wp-content\/uploads\/2025\/10\/IMG_20251018_202016-18x10.jpg 18w\" sizes=\"auto, (max-width: 1024px) 100vw, 1024px\" \/><\/figure>\n\n\n\n<figure class=\"wp-block-image size-large\"><img loading=\"lazy\" decoding=\"async\" width=\"1024\" height=\"576\" src=\"https:\/\/radioljubuski.ba\/wp-content\/uploads\/2025\/10\/IMG_20251018_202211-1024x576.jpg\" alt=\"\" class=\"wp-image-221638\" srcset=\"https:\/\/radioljubuski.ba\/wp-content\/uploads\/2025\/10\/IMG_20251018_202211-1024x576.jpg 1024w, https:\/\/radioljubuski.ba\/wp-content\/uploads\/2025\/10\/IMG_20251018_202211-300x169.jpg 300w, https:\/\/radioljubuski.ba\/wp-content\/uploads\/2025\/10\/IMG_20251018_202211-768x432.jpg 768w, https:\/\/radioljubuski.ba\/wp-content\/uploads\/2025\/10\/IMG_20251018_202211-1536x864.jpg 1536w, https:\/\/radioljubuski.ba\/wp-content\/uploads\/2025\/10\/IMG_20251018_202211-2048x1152.jpg 2048w, https:\/\/radioljubuski.ba\/wp-content\/uploads\/2025\/10\/IMG_20251018_202211-18x10.jpg 18w\" sizes=\"auto, (max-width: 1024px) 100vw, 1024px\" \/><\/figure>\n\n\n\n<figure class=\"wp-block-image size-large\"><img loading=\"lazy\" decoding=\"async\" width=\"1024\" height=\"576\" src=\"https:\/\/radioljubuski.ba\/wp-content\/uploads\/2025\/10\/IMG_20251018_202408-1024x576.jpg\" alt=\"\" class=\"wp-image-221639\" srcset=\"https:\/\/radioljubuski.ba\/wp-content\/uploads\/2025\/10\/IMG_20251018_202408-1024x576.jpg 1024w, https:\/\/radioljubuski.ba\/wp-content\/uploads\/2025\/10\/IMG_20251018_202408-300x169.jpg 300w, https:\/\/radioljubuski.ba\/wp-content\/uploads\/2025\/10\/IMG_20251018_202408-768x432.jpg 768w, https:\/\/radioljubuski.ba\/wp-content\/uploads\/2025\/10\/IMG_20251018_202408-1536x864.jpg 1536w, https:\/\/radioljubuski.ba\/wp-content\/uploads\/2025\/10\/IMG_20251018_202408-2048x1152.jpg 2048w, https:\/\/radioljubuski.ba\/wp-content\/uploads\/2025\/10\/IMG_20251018_202408-18x10.jpg 18w\" sizes=\"auto, (max-width: 1024px) 100vw, 1024px\" \/><\/figure>\n\n\n\n<figure class=\"wp-block-image size-large\"><img loading=\"lazy\" decoding=\"async\" width=\"1024\" height=\"576\" src=\"https:\/\/radioljubuski.ba\/wp-content\/uploads\/2025\/10\/IMG_20251018_202755-1024x576.jpg\" alt=\"\" class=\"wp-image-221640\" srcset=\"https:\/\/radioljubuski.ba\/wp-content\/uploads\/2025\/10\/IMG_20251018_202755-1024x576.jpg 1024w, https:\/\/radioljubuski.ba\/wp-content\/uploads\/2025\/10\/IMG_20251018_202755-300x169.jpg 300w, https:\/\/radioljubuski.ba\/wp-content\/uploads\/2025\/10\/IMG_20251018_202755-768x432.jpg 768w, https:\/\/radioljubuski.ba\/wp-content\/uploads\/2025\/10\/IMG_20251018_202755-1536x864.jpg 1536w, https:\/\/radioljubuski.ba\/wp-content\/uploads\/2025\/10\/IMG_20251018_202755-2048x1152.jpg 2048w, https:\/\/radioljubuski.ba\/wp-content\/uploads\/2025\/10\/IMG_20251018_202755-18x10.jpg 18w\" sizes=\"auto, (max-width: 1024px) 100vw, 1024px\" \/><\/figure>\n\n\n\n<figure class=\"wp-block-image size-large\"><img loading=\"lazy\" decoding=\"async\" width=\"1024\" height=\"576\" src=\"https:\/\/radioljubuski.ba\/wp-content\/uploads\/2025\/10\/IMG_20251018_202846-1024x576.jpg\" alt=\"\" class=\"wp-image-221641\" srcset=\"https:\/\/radioljubuski.ba\/wp-content\/uploads\/2025\/10\/IMG_20251018_202846-1024x576.jpg 1024w, https:\/\/radioljubuski.ba\/wp-content\/uploads\/2025\/10\/IMG_20251018_202846-300x169.jpg 300w, https:\/\/radioljubuski.ba\/wp-content\/uploads\/2025\/10\/IMG_20251018_202846-768x432.jpg 768w, https:\/\/radioljubuski.ba\/wp-content\/uploads\/2025\/10\/IMG_20251018_202846-1536x864.jpg 1536w, https:\/\/radioljubuski.ba\/wp-content\/uploads\/2025\/10\/IMG_20251018_202846-2048x1152.jpg 2048w, https:\/\/radioljubuski.ba\/wp-content\/uploads\/2025\/10\/IMG_20251018_202846-18x10.jpg 18w\" sizes=\"auto, (max-width: 1024px) 100vw, 1024px\" \/><\/figure>\n\n\n\n<p>Generalni pokrovitelj manifestacije bio je <strong>Sredi\u0161nji dr\u017eavni ured za Hrvate izvan Republike Hrvatske<\/strong>, dok su pokrovitelji koncerta bili <strong>Op\u0107ina \u010citluk<\/strong>, <strong>Grad Ljubu\u0161ki<\/strong> i <strong>Vlada HN\u017d<\/strong>.<\/p>\n\n\n\n<hr class=\"wp-block-separator has-alpha-channel-opacity\"\/>\n\n\n\n<p>Jubilarni 20. Koncert odabranih publici je pru\u017eio nezaboravnu ve\u010der vrhunske klasi\u010dne glazbe i sna\u017enu poruku kroz nastup talentiranih mladih glazbenika. Uistinu, ve\u010der dostojna sje\u0107anja na fra Didaka Bunti\u0107a i njegov neizbrisiv trag u kulturi i obrazovanju.<\/p>\n\n\n\n<p>B.Medi\u0107<\/p>\n","protected":false},"excerpt":{"rendered":"<p>U subotu 18. listopada 2025. u Domu sv. Ante na Humcu odr\u017ean je&nbsp;jubilarni 20. Koncert odabranih, u sklopu 22.kulturne manifestacije&nbsp;\u201cDidakovi dani 2025.\u201d&nbsp;posve\u0107ene bogatoj ostav\u0161tini fra Didaka Bunti\u0107a. Fra Didak Bunti\u0107 (1871. \u2013 1922.) bio je franjevac, odgojitelj i narodni dobrotvor, poznat kao &#8220;hercegova\u010dki Mojsije&#8221;. Osim \u0161to je bio izniman pedagog i dugogodi\u0161nji ravnatelj Franjeva\u010dke klasi\u010dne [&hellip;]<\/p>\n","protected":false},"author":2,"featured_media":221650,"comment_status":"closed","ping_status":"closed","sticky":false,"template":"","format":"standard","meta":{"h5ap_radio_sources":[],"footnotes":""},"categories":[1,33,3],"tags":[],"class_list":["post-221618","post","type-post","status-publish","format-standard","has-post-thumbnail","hentry","category-bihiregija","category-kultura","category-ljubuski"],"yoast_head":"<!-- This site is optimized with the Yoast SEO plugin v27.5 - https:\/\/yoast.com\/product\/yoast-seo-wordpress\/ -->\n<title>Ljubu\u0161ki: Odr\u017ean 20. Koncert odabranih u sklopu manifestacije \u201cDidakovi dani 2025.\u201d - RADIO LJUBU\u0160KI<\/title>\n<meta name=\"robots\" content=\"index, follow, max-snippet:-1, max-image-preview:large, max-video-preview:-1\" \/>\n<link rel=\"canonical\" href=\"https:\/\/radioljubuski.ba\/index.php\/2025\/10\/18\/ljubuski-odrzan-20-koncert-odabranih-u-sklopu-manifestacije-didakovi-dani-2025\/\" \/>\n<meta property=\"og:locale\" content=\"hr_HR\" \/>\n<meta property=\"og:type\" content=\"article\" \/>\n<meta property=\"og:title\" content=\"Ljubu\u0161ki: Odr\u017ean 20. Koncert odabranih u sklopu manifestacije \u201cDidakovi dani 2025.\u201d - RADIO LJUBU\u0160KI\" \/>\n<meta property=\"og:description\" content=\"U subotu 18. listopada 2025. u Domu sv. Ante na Humcu odr\u017ean je&nbsp;jubilarni 20. Koncert odabranih, u sklopu 22.kulturne manifestacije&nbsp;\u201cDidakovi dani 2025.\u201d&nbsp;posve\u0107ene bogatoj ostav\u0161tini fra Didaka Bunti\u0107a. Fra Didak Bunti\u0107 (1871. \u2013 1922.) bio je franjevac, odgojitelj i narodni dobrotvor, poznat kao &#8220;hercegova\u010dki Mojsije&#8221;. Osim \u0161to je bio izniman pedagog i dugogodi\u0161nji ravnatelj Franjeva\u010dke klasi\u010dne [&hellip;]\" \/>\n<meta property=\"og:url\" content=\"https:\/\/radioljubuski.ba\/index.php\/2025\/10\/18\/ljubuski-odrzan-20-koncert-odabranih-u-sklopu-manifestacije-didakovi-dani-2025\/\" \/>\n<meta property=\"og:site_name\" content=\"RADIO LJUBU\u0160KI\" \/>\n<meta property=\"article:publisher\" content=\"https:\/\/www.facebook.com\/Radiio-Ljubuski-1490835324566332\" \/>\n<meta property=\"article:published_time\" content=\"2025-10-18T21:18:15+00:00\" \/>\n<meta property=\"article:modified_time\" content=\"2025-10-19T05:16:11+00:00\" \/>\n<meta property=\"og:image\" content=\"https:\/\/radioljubuski.ba\/wp-content\/uploads\/2025\/10\/IMG_20251018_195915-scaled.jpg\" \/>\n\t<meta property=\"og:image:width\" content=\"2560\" \/>\n\t<meta property=\"og:image:height\" content=\"1440\" \/>\n\t<meta property=\"og:image:type\" content=\"image\/jpeg\" \/>\n<meta name=\"author\" content=\"Radio Ljubu\u0161ki\" \/>\n<meta name=\"twitter:card\" content=\"summary_large_image\" \/>\n<meta name=\"twitter:creator\" content=\"@radioljubuski\" \/>\n<meta name=\"twitter:site\" content=\"@radioljubuski\" \/>\n<meta name=\"twitter:label1\" content=\"Napisao\/la\" \/>\n\t<meta name=\"twitter:data1\" content=\"Radio Ljubu\u0161ki\" \/>\n\t<meta name=\"twitter:label2\" content=\"Procijenjeno vrijeme \u010ditanja\" \/>\n\t<meta name=\"twitter:data2\" content=\"8 minuta\" \/>\n<script type=\"application\/ld+json\" class=\"yoast-schema-graph\">{\"@context\":\"https:\\\/\\\/schema.org\",\"@graph\":[{\"@type\":\"Article\",\"@id\":\"https:\\\/\\\/radioljubuski.ba\\\/index.php\\\/2025\\\/10\\\/18\\\/ljubuski-odrzan-20-koncert-odabranih-u-sklopu-manifestacije-didakovi-dani-2025\\\/#article\",\"isPartOf\":{\"@id\":\"https:\\\/\\\/radioljubuski.ba\\\/index.php\\\/2025\\\/10\\\/18\\\/ljubuski-odrzan-20-koncert-odabranih-u-sklopu-manifestacije-didakovi-dani-2025\\\/\"},\"author\":{\"name\":\"Radio Ljubu\u0161ki\",\"@id\":\"https:\\\/\\\/radioljubuski.ba\\\/#\\\/schema\\\/person\\\/19fc700381a780f69665d7956c469e3b\"},\"headline\":\"Ljubu\u0161ki: Odr\u017ean 20. Koncert odabranih u sklopu manifestacije \u201cDidakovi dani 2025.\u201d\",\"datePublished\":\"2025-10-18T21:18:15+00:00\",\"dateModified\":\"2025-10-19T05:16:11+00:00\",\"mainEntityOfPage\":{\"@id\":\"https:\\\/\\\/radioljubuski.ba\\\/index.php\\\/2025\\\/10\\\/18\\\/ljubuski-odrzan-20-koncert-odabranih-u-sklopu-manifestacije-didakovi-dani-2025\\\/\"},\"wordCount\":869,\"publisher\":{\"@id\":\"https:\\\/\\\/radioljubuski.ba\\\/#organization\"},\"image\":{\"@id\":\"https:\\\/\\\/radioljubuski.ba\\\/index.php\\\/2025\\\/10\\\/18\\\/ljubuski-odrzan-20-koncert-odabranih-u-sklopu-manifestacije-didakovi-dani-2025\\\/#primaryimage\"},\"thumbnailUrl\":\"https:\\\/\\\/radioljubuski.ba\\\/wp-content\\\/uploads\\\/2025\\\/10\\\/IMG_20251018_195915-scaled.jpg\",\"articleSection\":[\"BIH i regija\",\"Kultura\",\"Ljubu\u0161ki\"],\"inLanguage\":\"hr\"},{\"@type\":\"WebPage\",\"@id\":\"https:\\\/\\\/radioljubuski.ba\\\/index.php\\\/2025\\\/10\\\/18\\\/ljubuski-odrzan-20-koncert-odabranih-u-sklopu-manifestacije-didakovi-dani-2025\\\/\",\"url\":\"https:\\\/\\\/radioljubuski.ba\\\/index.php\\\/2025\\\/10\\\/18\\\/ljubuski-odrzan-20-koncert-odabranih-u-sklopu-manifestacije-didakovi-dani-2025\\\/\",\"name\":\"Ljubu\u0161ki: Odr\u017ean 20. Koncert odabranih u sklopu manifestacije \u201cDidakovi dani 2025.\u201d - RADIO LJUBU\u0160KI\",\"isPartOf\":{\"@id\":\"https:\\\/\\\/radioljubuski.ba\\\/#website\"},\"primaryImageOfPage\":{\"@id\":\"https:\\\/\\\/radioljubuski.ba\\\/index.php\\\/2025\\\/10\\\/18\\\/ljubuski-odrzan-20-koncert-odabranih-u-sklopu-manifestacije-didakovi-dani-2025\\\/#primaryimage\"},\"image\":{\"@id\":\"https:\\\/\\\/radioljubuski.ba\\\/index.php\\\/2025\\\/10\\\/18\\\/ljubuski-odrzan-20-koncert-odabranih-u-sklopu-manifestacije-didakovi-dani-2025\\\/#primaryimage\"},\"thumbnailUrl\":\"https:\\\/\\\/radioljubuski.ba\\\/wp-content\\\/uploads\\\/2025\\\/10\\\/IMG_20251018_195915-scaled.jpg\",\"datePublished\":\"2025-10-18T21:18:15+00:00\",\"dateModified\":\"2025-10-19T05:16:11+00:00\",\"breadcrumb\":{\"@id\":\"https:\\\/\\\/radioljubuski.ba\\\/index.php\\\/2025\\\/10\\\/18\\\/ljubuski-odrzan-20-koncert-odabranih-u-sklopu-manifestacije-didakovi-dani-2025\\\/#breadcrumb\"},\"inLanguage\":\"hr\",\"potentialAction\":[{\"@type\":\"ReadAction\",\"target\":[\"https:\\\/\\\/radioljubuski.ba\\\/index.php\\\/2025\\\/10\\\/18\\\/ljubuski-odrzan-20-koncert-odabranih-u-sklopu-manifestacije-didakovi-dani-2025\\\/\"]}]},{\"@type\":\"ImageObject\",\"inLanguage\":\"hr\",\"@id\":\"https:\\\/\\\/radioljubuski.ba\\\/index.php\\\/2025\\\/10\\\/18\\\/ljubuski-odrzan-20-koncert-odabranih-u-sklopu-manifestacije-didakovi-dani-2025\\\/#primaryimage\",\"url\":\"https:\\\/\\\/radioljubuski.ba\\\/wp-content\\\/uploads\\\/2025\\\/10\\\/IMG_20251018_195915-scaled.jpg\",\"contentUrl\":\"https:\\\/\\\/radioljubuski.ba\\\/wp-content\\\/uploads\\\/2025\\\/10\\\/IMG_20251018_195915-scaled.jpg\",\"width\":2560,\"height\":1440},{\"@type\":\"BreadcrumbList\",\"@id\":\"https:\\\/\\\/radioljubuski.ba\\\/index.php\\\/2025\\\/10\\\/18\\\/ljubuski-odrzan-20-koncert-odabranih-u-sklopu-manifestacije-didakovi-dani-2025\\\/#breadcrumb\",\"itemListElement\":[{\"@type\":\"ListItem\",\"position\":1,\"name\":\"Po\u010detna stranica\",\"item\":\"https:\\\/\\\/radioljubuski.ba\\\/\"},{\"@type\":\"ListItem\",\"position\":2,\"name\":\"Ljubu\u0161ki: Odr\u017ean 20. Koncert odabranih u sklopu manifestacije \u201cDidakovi dani 2025.\u201d\"}]},{\"@type\":\"WebSite\",\"@id\":\"https:\\\/\\\/radioljubuski.ba\\\/#website\",\"url\":\"https:\\\/\\\/radioljubuski.ba\\\/\",\"name\":\"Radio Ljubu\u0161ki\",\"description\":\"Sun\u010dana frekvencija Hercegovine\",\"publisher\":{\"@id\":\"https:\\\/\\\/radioljubuski.ba\\\/#organization\"},\"potentialAction\":[{\"@type\":\"SearchAction\",\"target\":{\"@type\":\"EntryPoint\",\"urlTemplate\":\"https:\\\/\\\/radioljubuski.ba\\\/?s={search_term_string}\"},\"query-input\":{\"@type\":\"PropertyValueSpecification\",\"valueRequired\":true,\"valueName\":\"search_term_string\"}}],\"inLanguage\":\"hr\"},{\"@type\":\"Organization\",\"@id\":\"https:\\\/\\\/radioljubuski.ba\\\/#organization\",\"name\":\"Radio Ljubu\u0161ki\",\"url\":\"https:\\\/\\\/radioljubuski.ba\\\/\",\"logo\":{\"@type\":\"ImageObject\",\"inLanguage\":\"hr\",\"@id\":\"https:\\\/\\\/radioljubuski.ba\\\/#\\\/schema\\\/logo\\\/image\\\/\",\"url\":\"https:\\\/\\\/radioljubuski.ba\\\/wp-content\\\/uploads\\\/2021\\\/02\\\/cropped-Radio_Ljubuski_logo1.jpg\",\"contentUrl\":\"https:\\\/\\\/radioljubuski.ba\\\/wp-content\\\/uploads\\\/2021\\\/02\\\/cropped-Radio_Ljubuski_logo1.jpg\",\"width\":512,\"height\":512,\"caption\":\"Radio Ljubu\u0161ki\"},\"image\":{\"@id\":\"https:\\\/\\\/radioljubuski.ba\\\/#\\\/schema\\\/logo\\\/image\\\/\"},\"sameAs\":[\"https:\\\/\\\/www.facebook.com\\\/Radiio-Ljubuski-1490835324566332\",\"https:\\\/\\\/x.com\\\/radioljubuski\",\"https:\\\/\\\/hr.linkedin.com\\\/company\\\/radio-ljubuski\",\"https:\\\/\\\/www.youtube.com\\\/channel\\\/UCHYaeO_n0Db3tjNGudGpXyw\"]},{\"@type\":\"Person\",\"@id\":\"https:\\\/\\\/radioljubuski.ba\\\/#\\\/schema\\\/person\\\/19fc700381a780f69665d7956c469e3b\",\"name\":\"Radio Ljubu\u0161ki\"}]}<\/script>\n<!-- \/ Yoast SEO plugin. -->","yoast_head_json":{"title":"Ljubu\u0161ki: Odr\u017ean 20. Koncert odabranih u sklopu manifestacije \u201cDidakovi dani 2025.\u201d - RADIO LJUBU\u0160KI","robots":{"index":"index","follow":"follow","max-snippet":"max-snippet:-1","max-image-preview":"max-image-preview:large","max-video-preview":"max-video-preview:-1"},"canonical":"https:\/\/radioljubuski.ba\/index.php\/2025\/10\/18\/ljubuski-odrzan-20-koncert-odabranih-u-sklopu-manifestacije-didakovi-dani-2025\/","og_locale":"hr_HR","og_type":"article","og_title":"Ljubu\u0161ki: Odr\u017ean 20. Koncert odabranih u sklopu manifestacije \u201cDidakovi dani 2025.\u201d - RADIO LJUBU\u0160KI","og_description":"U subotu 18. listopada 2025. u Domu sv. Ante na Humcu odr\u017ean je&nbsp;jubilarni 20. Koncert odabranih, u sklopu 22.kulturne manifestacije&nbsp;\u201cDidakovi dani 2025.\u201d&nbsp;posve\u0107ene bogatoj ostav\u0161tini fra Didaka Bunti\u0107a. Fra Didak Bunti\u0107 (1871. \u2013 1922.) bio je franjevac, odgojitelj i narodni dobrotvor, poznat kao &#8220;hercegova\u010dki Mojsije&#8221;. Osim \u0161to je bio izniman pedagog i dugogodi\u0161nji ravnatelj Franjeva\u010dke klasi\u010dne [&hellip;]","og_url":"https:\/\/radioljubuski.ba\/index.php\/2025\/10\/18\/ljubuski-odrzan-20-koncert-odabranih-u-sklopu-manifestacije-didakovi-dani-2025\/","og_site_name":"RADIO LJUBU\u0160KI","article_publisher":"https:\/\/www.facebook.com\/Radiio-Ljubuski-1490835324566332","article_published_time":"2025-10-18T21:18:15+00:00","article_modified_time":"2025-10-19T05:16:11+00:00","og_image":[{"width":2560,"height":1440,"url":"https:\/\/radioljubuski.ba\/wp-content\/uploads\/2025\/10\/IMG_20251018_195915-scaled.jpg","type":"image\/jpeg"}],"author":"Radio Ljubu\u0161ki","twitter_card":"summary_large_image","twitter_creator":"@radioljubuski","twitter_site":"@radioljubuski","twitter_misc":{"Napisao\/la":"Radio Ljubu\u0161ki","Procijenjeno vrijeme \u010ditanja":"8 minuta"},"schema":{"@context":"https:\/\/schema.org","@graph":[{"@type":"Article","@id":"https:\/\/radioljubuski.ba\/index.php\/2025\/10\/18\/ljubuski-odrzan-20-koncert-odabranih-u-sklopu-manifestacije-didakovi-dani-2025\/#article","isPartOf":{"@id":"https:\/\/radioljubuski.ba\/index.php\/2025\/10\/18\/ljubuski-odrzan-20-koncert-odabranih-u-sklopu-manifestacije-didakovi-dani-2025\/"},"author":{"name":"Radio Ljubu\u0161ki","@id":"https:\/\/radioljubuski.ba\/#\/schema\/person\/19fc700381a780f69665d7956c469e3b"},"headline":"Ljubu\u0161ki: Odr\u017ean 20. Koncert odabranih u sklopu manifestacije \u201cDidakovi dani 2025.\u201d","datePublished":"2025-10-18T21:18:15+00:00","dateModified":"2025-10-19T05:16:11+00:00","mainEntityOfPage":{"@id":"https:\/\/radioljubuski.ba\/index.php\/2025\/10\/18\/ljubuski-odrzan-20-koncert-odabranih-u-sklopu-manifestacije-didakovi-dani-2025\/"},"wordCount":869,"publisher":{"@id":"https:\/\/radioljubuski.ba\/#organization"},"image":{"@id":"https:\/\/radioljubuski.ba\/index.php\/2025\/10\/18\/ljubuski-odrzan-20-koncert-odabranih-u-sklopu-manifestacije-didakovi-dani-2025\/#primaryimage"},"thumbnailUrl":"https:\/\/radioljubuski.ba\/wp-content\/uploads\/2025\/10\/IMG_20251018_195915-scaled.jpg","articleSection":["BIH i regija","Kultura","Ljubu\u0161ki"],"inLanguage":"hr"},{"@type":"WebPage","@id":"https:\/\/radioljubuski.ba\/index.php\/2025\/10\/18\/ljubuski-odrzan-20-koncert-odabranih-u-sklopu-manifestacije-didakovi-dani-2025\/","url":"https:\/\/radioljubuski.ba\/index.php\/2025\/10\/18\/ljubuski-odrzan-20-koncert-odabranih-u-sklopu-manifestacije-didakovi-dani-2025\/","name":"Ljubu\u0161ki: Odr\u017ean 20. Koncert odabranih u sklopu manifestacije \u201cDidakovi dani 2025.\u201d - RADIO LJUBU\u0160KI","isPartOf":{"@id":"https:\/\/radioljubuski.ba\/#website"},"primaryImageOfPage":{"@id":"https:\/\/radioljubuski.ba\/index.php\/2025\/10\/18\/ljubuski-odrzan-20-koncert-odabranih-u-sklopu-manifestacije-didakovi-dani-2025\/#primaryimage"},"image":{"@id":"https:\/\/radioljubuski.ba\/index.php\/2025\/10\/18\/ljubuski-odrzan-20-koncert-odabranih-u-sklopu-manifestacije-didakovi-dani-2025\/#primaryimage"},"thumbnailUrl":"https:\/\/radioljubuski.ba\/wp-content\/uploads\/2025\/10\/IMG_20251018_195915-scaled.jpg","datePublished":"2025-10-18T21:18:15+00:00","dateModified":"2025-10-19T05:16:11+00:00","breadcrumb":{"@id":"https:\/\/radioljubuski.ba\/index.php\/2025\/10\/18\/ljubuski-odrzan-20-koncert-odabranih-u-sklopu-manifestacije-didakovi-dani-2025\/#breadcrumb"},"inLanguage":"hr","potentialAction":[{"@type":"ReadAction","target":["https:\/\/radioljubuski.ba\/index.php\/2025\/10\/18\/ljubuski-odrzan-20-koncert-odabranih-u-sklopu-manifestacije-didakovi-dani-2025\/"]}]},{"@type":"ImageObject","inLanguage":"hr","@id":"https:\/\/radioljubuski.ba\/index.php\/2025\/10\/18\/ljubuski-odrzan-20-koncert-odabranih-u-sklopu-manifestacije-didakovi-dani-2025\/#primaryimage","url":"https:\/\/radioljubuski.ba\/wp-content\/uploads\/2025\/10\/IMG_20251018_195915-scaled.jpg","contentUrl":"https:\/\/radioljubuski.ba\/wp-content\/uploads\/2025\/10\/IMG_20251018_195915-scaled.jpg","width":2560,"height":1440},{"@type":"BreadcrumbList","@id":"https:\/\/radioljubuski.ba\/index.php\/2025\/10\/18\/ljubuski-odrzan-20-koncert-odabranih-u-sklopu-manifestacije-didakovi-dani-2025\/#breadcrumb","itemListElement":[{"@type":"ListItem","position":1,"name":"Po\u010detna stranica","item":"https:\/\/radioljubuski.ba\/"},{"@type":"ListItem","position":2,"name":"Ljubu\u0161ki: Odr\u017ean 20. Koncert odabranih u sklopu manifestacije \u201cDidakovi dani 2025.\u201d"}]},{"@type":"WebSite","@id":"https:\/\/radioljubuski.ba\/#website","url":"https:\/\/radioljubuski.ba\/","name":"Radio Ljubu\u0161ki","description":"Sun\u010dana frekvencija Hercegovine","publisher":{"@id":"https:\/\/radioljubuski.ba\/#organization"},"potentialAction":[{"@type":"SearchAction","target":{"@type":"EntryPoint","urlTemplate":"https:\/\/radioljubuski.ba\/?s={search_term_string}"},"query-input":{"@type":"PropertyValueSpecification","valueRequired":true,"valueName":"search_term_string"}}],"inLanguage":"hr"},{"@type":"Organization","@id":"https:\/\/radioljubuski.ba\/#organization","name":"Radio Ljubu\u0161ki","url":"https:\/\/radioljubuski.ba\/","logo":{"@type":"ImageObject","inLanguage":"hr","@id":"https:\/\/radioljubuski.ba\/#\/schema\/logo\/image\/","url":"https:\/\/radioljubuski.ba\/wp-content\/uploads\/2021\/02\/cropped-Radio_Ljubuski_logo1.jpg","contentUrl":"https:\/\/radioljubuski.ba\/wp-content\/uploads\/2021\/02\/cropped-Radio_Ljubuski_logo1.jpg","width":512,"height":512,"caption":"Radio Ljubu\u0161ki"},"image":{"@id":"https:\/\/radioljubuski.ba\/#\/schema\/logo\/image\/"},"sameAs":["https:\/\/www.facebook.com\/Radiio-Ljubuski-1490835324566332","https:\/\/x.com\/radioljubuski","https:\/\/hr.linkedin.com\/company\/radio-ljubuski","https:\/\/www.youtube.com\/channel\/UCHYaeO_n0Db3tjNGudGpXyw"]},{"@type":"Person","@id":"https:\/\/radioljubuski.ba\/#\/schema\/person\/19fc700381a780f69665d7956c469e3b","name":"Radio Ljubu\u0161ki"}]}},"_links":{"self":[{"href":"https:\/\/radioljubuski.ba\/index.php\/wp-json\/wp\/v2\/posts\/221618","targetHints":{"allow":["GET"]}}],"collection":[{"href":"https:\/\/radioljubuski.ba\/index.php\/wp-json\/wp\/v2\/posts"}],"about":[{"href":"https:\/\/radioljubuski.ba\/index.php\/wp-json\/wp\/v2\/types\/post"}],"author":[{"embeddable":true,"href":"https:\/\/radioljubuski.ba\/index.php\/wp-json\/wp\/v2\/users\/2"}],"replies":[{"embeddable":true,"href":"https:\/\/radioljubuski.ba\/index.php\/wp-json\/wp\/v2\/comments?post=221618"}],"version-history":[{"count":11,"href":"https:\/\/radioljubuski.ba\/index.php\/wp-json\/wp\/v2\/posts\/221618\/revisions"}],"predecessor-version":[{"id":221657,"href":"https:\/\/radioljubuski.ba\/index.php\/wp-json\/wp\/v2\/posts\/221618\/revisions\/221657"}],"wp:featuredmedia":[{"embeddable":true,"href":"https:\/\/radioljubuski.ba\/index.php\/wp-json\/wp\/v2\/media\/221650"}],"wp:attachment":[{"href":"https:\/\/radioljubuski.ba\/index.php\/wp-json\/wp\/v2\/media?parent=221618"}],"wp:term":[{"taxonomy":"category","embeddable":true,"href":"https:\/\/radioljubuski.ba\/index.php\/wp-json\/wp\/v2\/categories?post=221618"},{"taxonomy":"post_tag","embeddable":true,"href":"https:\/\/radioljubuski.ba\/index.php\/wp-json\/wp\/v2\/tags?post=221618"}],"curies":[{"name":"wp","href":"https:\/\/api.w.org\/{rel}","templated":true}]}}