{"id":221670,"date":"2025-10-20T08:26:22","date_gmt":"2025-10-20T07:26:22","guid":{"rendered":"https:\/\/radioljubuski.ba\/?p=221670"},"modified":"2025-10-20T08:26:23","modified_gmt":"2025-10-20T07:26:23","slug":"foto-video-proslavljena-50-obljetnica-crkve-sv-stjepana-prvomucenika-u-stubici-i-blagoslov-novog-zvonika","status":"publish","type":"post","link":"https:\/\/radioljubuski.ba\/index.php\/2025\/10\/20\/foto-video-proslavljena-50-obljetnica-crkve-sv-stjepana-prvomucenika-u-stubici-i-blagoslov-novog-zvonika\/","title":{"rendered":"Foto\/ Video: Proslavljena 50. obljetnica crkve sv. Stjepana Prvomu\u010denika u Stubici i blagoslov novog zvonika"},"content":{"rendered":"\n<p>U nedjelju 19. listopada 2025. godine, vjernici filijalne crkve sv. Stjepana Prvomu\u010denika u Stubici sve\u010dano su obilje\u017eili 50 godina od njezine izgradnje uz blagoslov novoizgra\u0111enog zvonika. Sve\u010danost je okupila brojne \u017eupljane i goste koji su s ponosom i rado\u0161\u0107u proslavili ovaj va\u017ean jubilej. Sredi\u0161nje misno slavlje predvodio je \u017eupnik \u017eupe Presvetog Srca Isusova Studenci, don Ivan Peri\u0107, uz koncelebraciju don Branka \u0160imovi\u0107a i don Mate Pehara. Liturgijsko pjevanje animirao je mje\u0161oviti zbor iz Studenaca i Stubice. Doga\u0111aju su prisustvovali i dopremijer Vlade FBIH i ministar financija Toni Kraljevi\u0107, ministrica financija \u017dZH Blagica Leko, predstavnici skup\u0161tine \u017dZH, te Grada Ljubu\u0161kog.<\/p>\n\n\n\n<figure class=\"wp-block-gallery has-nested-images columns-default is-cropped wp-block-gallery-1 is-layout-flex wp-block-gallery-is-layout-flex\">\n<figure class=\"wp-block-image size-large\"><img loading=\"lazy\" decoding=\"async\" width=\"1024\" height=\"683\" data-id=\"221678\" src=\"https:\/\/radioljubuski.ba\/wp-content\/uploads\/2025\/10\/3P0A4479-1-1024x683.jpg\" alt=\"\" class=\"wp-image-221678\" srcset=\"https:\/\/radioljubuski.ba\/wp-content\/uploads\/2025\/10\/3P0A4479-1-1024x683.jpg 1024w, https:\/\/radioljubuski.ba\/wp-content\/uploads\/2025\/10\/3P0A4479-1-300x200.jpg 300w, https:\/\/radioljubuski.ba\/wp-content\/uploads\/2025\/10\/3P0A4479-1-768x512.jpg 768w, https:\/\/radioljubuski.ba\/wp-content\/uploads\/2025\/10\/3P0A4479-1-1536x1024.jpg 1536w, https:\/\/radioljubuski.ba\/wp-content\/uploads\/2025\/10\/3P0A4479-1-2048x1365.jpg 2048w, https:\/\/radioljubuski.ba\/wp-content\/uploads\/2025\/10\/3P0A4479-1-18x12.jpg 18w\" sizes=\"auto, (max-width: 1024px) 100vw, 1024px\" \/><\/figure>\n\n\n\n<figure class=\"wp-block-image size-large\"><img loading=\"lazy\" decoding=\"async\" width=\"1024\" height=\"683\" data-id=\"221677\" src=\"https:\/\/radioljubuski.ba\/wp-content\/uploads\/2025\/10\/3P0A4484-1-1024x683.jpg\" alt=\"\" class=\"wp-image-221677\" srcset=\"https:\/\/radioljubuski.ba\/wp-content\/uploads\/2025\/10\/3P0A4484-1-1024x683.jpg 1024w, https:\/\/radioljubuski.ba\/wp-content\/uploads\/2025\/10\/3P0A4484-1-300x200.jpg 300w, https:\/\/radioljubuski.ba\/wp-content\/uploads\/2025\/10\/3P0A4484-1-768x512.jpg 768w, https:\/\/radioljubuski.ba\/wp-content\/uploads\/2025\/10\/3P0A4484-1-1536x1024.jpg 1536w, https:\/\/radioljubuski.ba\/wp-content\/uploads\/2025\/10\/3P0A4484-1-2048x1365.jpg 2048w, https:\/\/radioljubuski.ba\/wp-content\/uploads\/2025\/10\/3P0A4484-1-18x12.jpg 18w\" sizes=\"auto, (max-width: 1024px) 100vw, 1024px\" \/><\/figure>\n<\/figure>\n\n\n\n<p><\/p>\n\n\n\n<h4 class=\"wp-block-heading has-text-align-center\">Crkva u Stubici sagra\u0111ena je trudom i vjerom naroda<\/h4>\n\n\n\n<p>U obra\u0107anju prisutnima, don Ivan Peri\u0107 podsjetio je na povijest crkve i nastanak nove gra\u0111evine uz koju su odrasle mnoge generacije vjernika.<\/p>\n\n\n\n<p>\u201eMjesto Stubica pripada \u017eupi Presvetog Srca Isusova Studenci i jedna je od tri crkve na\u0161e \u017eupe, uz \u017eupnu crkvu Srca Isusova i crkvu Sv. Ane u Zvirovi\u0107ima. Stubica broji oko \u0161ezdesetak obitelji, a crkva sv. Stjepana Prvomu\u010denika sagra\u0111ena je prije to\u010dno pedeset godina, zahvaljuju\u0107i narodu ovoga mjesta i tada\u0161njem \u017eupniku don Zvonku Vuleti\u0107u\u201c, rekao je don Ivan.<\/p>\n\n\n\n<p>Dodao je kako je novoizgra\u0111eni zvonik u potpunosti promijenio izgled crkve, daju\u0107i joj dostojanstveniji i trajniji oblik:<\/p>\n\n\n\n<p>\u201ePored crkve se sve ove godine nalazio monta\u017eni zvonik sa zvonom koji je slu\u017eio do ovih posljednjih mjeseci. Kada smo zapo\u010deli s izgradnjom novog zvonika, prislonjenog uz samu crkvu, prenijeli smo postoje\u0107e zvono, elektrificirali ga, zavr\u0161ili molerske radove na crkvi i mrtva\u010dnici te uredili okoli\u0161. Sve je, Bogu hvala, danas spremno za ovu sve\u010danost\u201c, istaknuo je.<\/p>\n\n\n\n<p>Vrijednost radova prema\u0161ila je sto tisu\u0107a maraka, a kako je kazao \u017eupnik, projekt je ostvaren uz potporu brojnih dobro\u010dinitelja i institucija: \u201eZahvalni smo Gradu Ljubu\u0161kom, Ministarstvu financija i Skup\u0161tini \u017dupanije Zapadnohercegova\u010dke, kao i na\u0161im \u017eupljanima koji su na razli\u010dite na\u010dine pomogli. Najva\u017enije je da je crkva obnovljena i da se na\u0161 trud vidi\u201c, zaklju\u010dio je Peri\u0107.<\/p>\n\n\n\n<figure class=\"wp-block-gallery has-nested-images columns-default is-cropped wp-block-gallery-2 is-layout-flex wp-block-gallery-is-layout-flex\">\n<figure class=\"wp-block-image size-large\"><img loading=\"lazy\" decoding=\"async\" width=\"1024\" height=\"683\" data-id=\"221697\" src=\"https:\/\/radioljubuski.ba\/wp-content\/uploads\/2025\/10\/3P0A4538-1024x683.jpg\" alt=\"\" class=\"wp-image-221697\" srcset=\"https:\/\/radioljubuski.ba\/wp-content\/uploads\/2025\/10\/3P0A4538-1024x683.jpg 1024w, https:\/\/radioljubuski.ba\/wp-content\/uploads\/2025\/10\/3P0A4538-300x200.jpg 300w, https:\/\/radioljubuski.ba\/wp-content\/uploads\/2025\/10\/3P0A4538-768x512.jpg 768w, https:\/\/radioljubuski.ba\/wp-content\/uploads\/2025\/10\/3P0A4538-1536x1024.jpg 1536w, https:\/\/radioljubuski.ba\/wp-content\/uploads\/2025\/10\/3P0A4538-2048x1365.jpg 2048w, https:\/\/radioljubuski.ba\/wp-content\/uploads\/2025\/10\/3P0A4538-18x12.jpg 18w\" sizes=\"auto, (max-width: 1024px) 100vw, 1024px\" \/><\/figure>\n\n\n\n<figure class=\"wp-block-image size-large\"><img loading=\"lazy\" decoding=\"async\" width=\"1024\" height=\"683\" data-id=\"221684\" src=\"https:\/\/radioljubuski.ba\/wp-content\/uploads\/2025\/10\/3P0A4503-1024x683.jpg\" alt=\"\" class=\"wp-image-221684\" srcset=\"https:\/\/radioljubuski.ba\/wp-content\/uploads\/2025\/10\/3P0A4503-1024x683.jpg 1024w, https:\/\/radioljubuski.ba\/wp-content\/uploads\/2025\/10\/3P0A4503-300x200.jpg 300w, https:\/\/radioljubuski.ba\/wp-content\/uploads\/2025\/10\/3P0A4503-768x512.jpg 768w, https:\/\/radioljubuski.ba\/wp-content\/uploads\/2025\/10\/3P0A4503-1536x1024.jpg 1536w, https:\/\/radioljubuski.ba\/wp-content\/uploads\/2025\/10\/3P0A4503-2048x1365.jpg 2048w, https:\/\/radioljubuski.ba\/wp-content\/uploads\/2025\/10\/3P0A4503-18x12.jpg 18w\" sizes=\"auto, (max-width: 1024px) 100vw, 1024px\" \/><\/figure>\n<\/figure>\n\n\n\n<p><\/p>\n\n\n\n<figure class=\"wp-block-gallery has-nested-images columns-default is-cropped wp-block-gallery-3 is-layout-flex wp-block-gallery-is-layout-flex\">\n<figure class=\"wp-block-image size-large\"><img loading=\"lazy\" decoding=\"async\" width=\"1024\" height=\"683\" data-id=\"221679\" src=\"https:\/\/radioljubuski.ba\/wp-content\/uploads\/2025\/10\/3P0A4485-1-1024x683.jpg\" alt=\"\" class=\"wp-image-221679\" srcset=\"https:\/\/radioljubuski.ba\/wp-content\/uploads\/2025\/10\/3P0A4485-1-1024x683.jpg 1024w, https:\/\/radioljubuski.ba\/wp-content\/uploads\/2025\/10\/3P0A4485-1-300x200.jpg 300w, https:\/\/radioljubuski.ba\/wp-content\/uploads\/2025\/10\/3P0A4485-1-768x512.jpg 768w, https:\/\/radioljubuski.ba\/wp-content\/uploads\/2025\/10\/3P0A4485-1-1536x1024.jpg 1536w, https:\/\/radioljubuski.ba\/wp-content\/uploads\/2025\/10\/3P0A4485-1-2048x1365.jpg 2048w, https:\/\/radioljubuski.ba\/wp-content\/uploads\/2025\/10\/3P0A4485-1-18x12.jpg 18w\" sizes=\"auto, (max-width: 1024px) 100vw, 1024px\" \/><\/figure>\n\n\n\n<figure class=\"wp-block-image size-large\"><img loading=\"lazy\" decoding=\"async\" width=\"1024\" height=\"683\" data-id=\"221680\" src=\"https:\/\/radioljubuski.ba\/wp-content\/uploads\/2025\/10\/3P0A4486-1-1024x683.jpg\" alt=\"\" class=\"wp-image-221680\" srcset=\"https:\/\/radioljubuski.ba\/wp-content\/uploads\/2025\/10\/3P0A4486-1-1024x683.jpg 1024w, https:\/\/radioljubuski.ba\/wp-content\/uploads\/2025\/10\/3P0A4486-1-300x200.jpg 300w, https:\/\/radioljubuski.ba\/wp-content\/uploads\/2025\/10\/3P0A4486-1-768x512.jpg 768w, https:\/\/radioljubuski.ba\/wp-content\/uploads\/2025\/10\/3P0A4486-1-1536x1024.jpg 1536w, https:\/\/radioljubuski.ba\/wp-content\/uploads\/2025\/10\/3P0A4486-1-2048x1365.jpg 2048w, https:\/\/radioljubuski.ba\/wp-content\/uploads\/2025\/10\/3P0A4486-1-18x12.jpg 18w\" sizes=\"auto, (max-width: 1024px) 100vw, 1024px\" \/><\/figure>\n<\/figure>\n\n\n\n<p><\/p>\n\n\n\n<figure class=\"wp-block-gallery has-nested-images columns-default is-cropped wp-block-gallery-4 is-layout-flex wp-block-gallery-is-layout-flex\">\n<figure class=\"wp-block-image size-large\"><img loading=\"lazy\" decoding=\"async\" width=\"1024\" height=\"683\" data-id=\"221694\" src=\"https:\/\/radioljubuski.ba\/wp-content\/uploads\/2025\/10\/3P0A4531-1024x683.jpg\" alt=\"\" class=\"wp-image-221694\" srcset=\"https:\/\/radioljubuski.ba\/wp-content\/uploads\/2025\/10\/3P0A4531-1024x683.jpg 1024w, https:\/\/radioljubuski.ba\/wp-content\/uploads\/2025\/10\/3P0A4531-300x200.jpg 300w, https:\/\/radioljubuski.ba\/wp-content\/uploads\/2025\/10\/3P0A4531-768x512.jpg 768w, https:\/\/radioljubuski.ba\/wp-content\/uploads\/2025\/10\/3P0A4531-1536x1024.jpg 1536w, https:\/\/radioljubuski.ba\/wp-content\/uploads\/2025\/10\/3P0A4531-2048x1365.jpg 2048w, https:\/\/radioljubuski.ba\/wp-content\/uploads\/2025\/10\/3P0A4531-18x12.jpg 18w\" sizes=\"auto, (max-width: 1024px) 100vw, 1024px\" \/><\/figure>\n\n\n\n<figure class=\"wp-block-image size-large\"><img loading=\"lazy\" decoding=\"async\" width=\"1024\" height=\"683\" data-id=\"221693\" src=\"https:\/\/radioljubuski.ba\/wp-content\/uploads\/2025\/10\/3P0A4529-1024x683.jpg\" alt=\"\" class=\"wp-image-221693\" srcset=\"https:\/\/radioljubuski.ba\/wp-content\/uploads\/2025\/10\/3P0A4529-1024x683.jpg 1024w, https:\/\/radioljubuski.ba\/wp-content\/uploads\/2025\/10\/3P0A4529-300x200.jpg 300w, https:\/\/radioljubuski.ba\/wp-content\/uploads\/2025\/10\/3P0A4529-768x512.jpg 768w, https:\/\/radioljubuski.ba\/wp-content\/uploads\/2025\/10\/3P0A4529-1536x1024.jpg 1536w, https:\/\/radioljubuski.ba\/wp-content\/uploads\/2025\/10\/3P0A4529-2048x1365.jpg 2048w, https:\/\/radioljubuski.ba\/wp-content\/uploads\/2025\/10\/3P0A4529-18x12.jpg 18w\" sizes=\"auto, (max-width: 1024px) 100vw, 1024px\" \/><\/figure>\n\n\n\n<figure class=\"wp-block-image size-large\"><img loading=\"lazy\" decoding=\"async\" width=\"1024\" height=\"683\" data-id=\"221689\" src=\"https:\/\/radioljubuski.ba\/wp-content\/uploads\/2025\/10\/3P0A4522-1024x683.jpg\" alt=\"\" class=\"wp-image-221689\" srcset=\"https:\/\/radioljubuski.ba\/wp-content\/uploads\/2025\/10\/3P0A4522-1024x683.jpg 1024w, https:\/\/radioljubuski.ba\/wp-content\/uploads\/2025\/10\/3P0A4522-300x200.jpg 300w, https:\/\/radioljubuski.ba\/wp-content\/uploads\/2025\/10\/3P0A4522-768x512.jpg 768w, https:\/\/radioljubuski.ba\/wp-content\/uploads\/2025\/10\/3P0A4522-1536x1024.jpg 1536w, https:\/\/radioljubuski.ba\/wp-content\/uploads\/2025\/10\/3P0A4522-2048x1365.jpg 2048w, https:\/\/radioljubuski.ba\/wp-content\/uploads\/2025\/10\/3P0A4522-18x12.jpg 18w\" sizes=\"auto, (max-width: 1024px) 100vw, 1024px\" \/><\/figure>\n<\/figure>\n\n\n\n<p><\/p>\n\n\n\n<figure class=\"wp-block-gallery has-nested-images columns-default is-cropped wp-block-gallery-5 is-layout-flex wp-block-gallery-is-layout-flex\">\n<figure class=\"wp-block-image size-large\"><img loading=\"lazy\" decoding=\"async\" width=\"1024\" height=\"683\" data-id=\"221681\" src=\"https:\/\/radioljubuski.ba\/wp-content\/uploads\/2025\/10\/3P0A4492-1024x683.jpg\" alt=\"\" class=\"wp-image-221681\" srcset=\"https:\/\/radioljubuski.ba\/wp-content\/uploads\/2025\/10\/3P0A4492-1024x683.jpg 1024w, https:\/\/radioljubuski.ba\/wp-content\/uploads\/2025\/10\/3P0A4492-300x200.jpg 300w, https:\/\/radioljubuski.ba\/wp-content\/uploads\/2025\/10\/3P0A4492-768x512.jpg 768w, https:\/\/radioljubuski.ba\/wp-content\/uploads\/2025\/10\/3P0A4492-1536x1024.jpg 1536w, https:\/\/radioljubuski.ba\/wp-content\/uploads\/2025\/10\/3P0A4492-2048x1365.jpg 2048w, https:\/\/radioljubuski.ba\/wp-content\/uploads\/2025\/10\/3P0A4492-18x12.jpg 18w\" sizes=\"auto, (max-width: 1024px) 100vw, 1024px\" \/><\/figure>\n\n\n\n<figure class=\"wp-block-image size-large\"><img loading=\"lazy\" decoding=\"async\" width=\"1024\" height=\"683\" data-id=\"221686\" src=\"https:\/\/radioljubuski.ba\/wp-content\/uploads\/2025\/10\/3P0A4506-1024x683.jpg\" alt=\"\" class=\"wp-image-221686\" srcset=\"https:\/\/radioljubuski.ba\/wp-content\/uploads\/2025\/10\/3P0A4506-1024x683.jpg 1024w, https:\/\/radioljubuski.ba\/wp-content\/uploads\/2025\/10\/3P0A4506-300x200.jpg 300w, https:\/\/radioljubuski.ba\/wp-content\/uploads\/2025\/10\/3P0A4506-768x512.jpg 768w, https:\/\/radioljubuski.ba\/wp-content\/uploads\/2025\/10\/3P0A4506-1536x1024.jpg 1536w, https:\/\/radioljubuski.ba\/wp-content\/uploads\/2025\/10\/3P0A4506-2048x1365.jpg 2048w, https:\/\/radioljubuski.ba\/wp-content\/uploads\/2025\/10\/3P0A4506-18x12.jpg 18w\" sizes=\"auto, (max-width: 1024px) 100vw, 1024px\" \/><\/figure>\n<\/figure>\n\n\n\n<p><\/p>\n\n\n\n<h4 class=\"wp-block-heading has-text-align-center\">Ovo je dan koji \u0107emo dugo pamtiti<\/h4>\n\n\n\n<p>Sve\u010danosti je nazo\u010dio i Ivan Jel\u010di\u0107, predsjednik Skup\u0161tine \u017dupanije Zapadnohercegova\u010dke i mje\u0161tanin Stubice. Govore\u0107i za Radio Ljubu\u0161ki, Jel\u010di\u0107 je naglasio kako je dan proslave prilika da se izrazi zahvalnost svima koji su doprinosili obnovi i o\u010duvanju crkve, ali i da se porazgovara o onome \u0161to tek slijedi.<\/p>\n\n\n\n<p>\u201eIskreno, dana\u0161nji dan smo \u017eeljeli iskoristiti kao priliku da se zahvalimo, prvenstveno na\u0161im \u017eiteljima i dobro\u010diniteljima, a potom i institucijama s razine Federacije, \u017dupanije te Grada. Uistinu imamo u njima prave prijatelje i danas smo \u017eeljeli uprili\u010diti svetu misu, nakon nje i zajedni\u010dko dru\u017eenje da popri\u010damo i zahvalimo na svemu \u0161to je u\u010dinjeno\u201c, kazao je Jel\u010di\u0107.<\/p>\n\n\n\n<p>Govore\u0107i o duhu sela i povezanosti ljudi, Jel\u010di\u0107 je podsjetio da Stubica ima dugu tradiciju okupljanja i me\u0111usobne potpore, koju mje\u0161tani nastoje prenositi i na mla\u0111e generacije.<\/p>\n\n\n\n<p>\u201eNadam se da \u0107e ovakva okupljanja postati tradicija. Do sada smo imali nekoliko sli\u010dnih doga\u0111aja koje smo znali nazvati \u2018Stubi\u010dko zajedni\u0161tvo\u2019. Mi smo malo selo, ali nekada nas je krasilo veliko zajedni\u0161tvo. Siguran sam da ga imamo i danas te da je ovo, na neki na\u010din, uvertira u sve ono \u0161to \u0107e se ubudu\u0107e doga\u0111ati vjerujem da \u0107e biti jo\u0161 puno ovakvih susreta i lijepih prigoda\u201c, zaklju\u010dio je Jel\u010di\u0107.<\/p>\n\n\n\n<p>Nakon misnog slavlja i blagoslova zvonika, okupljeni su se preselili na seosko igrali\u0161te, gdje je prire\u0111en domjenak uz pjesmu i dru\u017eenje. U ugodnoj atmosferi, uz razgovor i smijeh, obilje\u017een je vrijedan jubilej  pola stolje\u0107a od gradnje crkve koja je postala sredi\u0161te duhovnog i obiteljskog \u017eivota mje\u0161tana.<\/p>\n\n\n\n<figure class=\"wp-block-gallery has-nested-images columns-default is-cropped wp-block-gallery-6 is-layout-flex wp-block-gallery-is-layout-flex\">\n<figure class=\"wp-block-image size-large\"><img loading=\"lazy\" decoding=\"async\" width=\"1024\" height=\"683\" data-id=\"221691\" src=\"https:\/\/radioljubuski.ba\/wp-content\/uploads\/2025\/10\/3P0A4525-1024x683.jpg\" alt=\"\" class=\"wp-image-221691\" srcset=\"https:\/\/radioljubuski.ba\/wp-content\/uploads\/2025\/10\/3P0A4525-1024x683.jpg 1024w, https:\/\/radioljubuski.ba\/wp-content\/uploads\/2025\/10\/3P0A4525-300x200.jpg 300w, https:\/\/radioljubuski.ba\/wp-content\/uploads\/2025\/10\/3P0A4525-768x512.jpg 768w, https:\/\/radioljubuski.ba\/wp-content\/uploads\/2025\/10\/3P0A4525-1536x1024.jpg 1536w, https:\/\/radioljubuski.ba\/wp-content\/uploads\/2025\/10\/3P0A4525-2048x1365.jpg 2048w, https:\/\/radioljubuski.ba\/wp-content\/uploads\/2025\/10\/3P0A4525-18x12.jpg 18w\" sizes=\"auto, (max-width: 1024px) 100vw, 1024px\" \/><\/figure>\n\n\n\n<figure class=\"wp-block-image size-large\"><img loading=\"lazy\" decoding=\"async\" width=\"1024\" height=\"683\" data-id=\"221692\" src=\"https:\/\/radioljubuski.ba\/wp-content\/uploads\/2025\/10\/3P0A4526-1024x683.jpg\" alt=\"\" class=\"wp-image-221692\" srcset=\"https:\/\/radioljubuski.ba\/wp-content\/uploads\/2025\/10\/3P0A4526-1024x683.jpg 1024w, https:\/\/radioljubuski.ba\/wp-content\/uploads\/2025\/10\/3P0A4526-300x200.jpg 300w, https:\/\/radioljubuski.ba\/wp-content\/uploads\/2025\/10\/3P0A4526-768x512.jpg 768w, https:\/\/radioljubuski.ba\/wp-content\/uploads\/2025\/10\/3P0A4526-1536x1024.jpg 1536w, https:\/\/radioljubuski.ba\/wp-content\/uploads\/2025\/10\/3P0A4526-2048x1365.jpg 2048w, https:\/\/radioljubuski.ba\/wp-content\/uploads\/2025\/10\/3P0A4526-18x12.jpg 18w\" sizes=\"auto, (max-width: 1024px) 100vw, 1024px\" \/><\/figure>\n<\/figure>\n\n\n\n<p><\/p>\n\n\n\n<figure class=\"wp-block-gallery has-nested-images columns-default is-cropped wp-block-gallery-7 is-layout-flex wp-block-gallery-is-layout-flex\">\n<figure class=\"wp-block-image size-large\"><img loading=\"lazy\" decoding=\"async\" width=\"1024\" height=\"683\" data-id=\"221695\" src=\"https:\/\/radioljubuski.ba\/wp-content\/uploads\/2025\/10\/3P0A4535-1024x683.jpg\" alt=\"\" class=\"wp-image-221695\" srcset=\"https:\/\/radioljubuski.ba\/wp-content\/uploads\/2025\/10\/3P0A4535-1024x683.jpg 1024w, https:\/\/radioljubuski.ba\/wp-content\/uploads\/2025\/10\/3P0A4535-300x200.jpg 300w, https:\/\/radioljubuski.ba\/wp-content\/uploads\/2025\/10\/3P0A4535-768x512.jpg 768w, https:\/\/radioljubuski.ba\/wp-content\/uploads\/2025\/10\/3P0A4535-1536x1024.jpg 1536w, https:\/\/radioljubuski.ba\/wp-content\/uploads\/2025\/10\/3P0A4535-2048x1365.jpg 2048w, https:\/\/radioljubuski.ba\/wp-content\/uploads\/2025\/10\/3P0A4535-18x12.jpg 18w\" sizes=\"auto, (max-width: 1024px) 100vw, 1024px\" \/><\/figure>\n\n\n\n<figure class=\"wp-block-image size-large\"><img loading=\"lazy\" decoding=\"async\" width=\"1024\" height=\"683\" data-id=\"221696\" src=\"https:\/\/radioljubuski.ba\/wp-content\/uploads\/2025\/10\/3P0A4536-1024x683.jpg\" alt=\"\" class=\"wp-image-221696\" srcset=\"https:\/\/radioljubuski.ba\/wp-content\/uploads\/2025\/10\/3P0A4536-1024x683.jpg 1024w, https:\/\/radioljubuski.ba\/wp-content\/uploads\/2025\/10\/3P0A4536-300x200.jpg 300w, https:\/\/radioljubuski.ba\/wp-content\/uploads\/2025\/10\/3P0A4536-768x512.jpg 768w, https:\/\/radioljubuski.ba\/wp-content\/uploads\/2025\/10\/3P0A4536-1536x1024.jpg 1536w, https:\/\/radioljubuski.ba\/wp-content\/uploads\/2025\/10\/3P0A4536-2048x1365.jpg 2048w, https:\/\/radioljubuski.ba\/wp-content\/uploads\/2025\/10\/3P0A4536-18x12.jpg 18w\" sizes=\"auto, (max-width: 1024px) 100vw, 1024px\" \/><\/figure>\n<\/figure>\n\n\n\n<p><\/p>\n\n\n\n<figure class=\"wp-block-gallery has-nested-images columns-default is-cropped wp-block-gallery-8 is-layout-flex wp-block-gallery-is-layout-flex\">\n<figure class=\"wp-block-image size-large\"><img loading=\"lazy\" decoding=\"async\" width=\"1024\" height=\"683\" data-id=\"221697\" src=\"https:\/\/radioljubuski.ba\/wp-content\/uploads\/2025\/10\/3P0A4538-1024x683.jpg\" alt=\"\" class=\"wp-image-221697\" srcset=\"https:\/\/radioljubuski.ba\/wp-content\/uploads\/2025\/10\/3P0A4538-1024x683.jpg 1024w, https:\/\/radioljubuski.ba\/wp-content\/uploads\/2025\/10\/3P0A4538-300x200.jpg 300w, https:\/\/radioljubuski.ba\/wp-content\/uploads\/2025\/10\/3P0A4538-768x512.jpg 768w, https:\/\/radioljubuski.ba\/wp-content\/uploads\/2025\/10\/3P0A4538-1536x1024.jpg 1536w, https:\/\/radioljubuski.ba\/wp-content\/uploads\/2025\/10\/3P0A4538-2048x1365.jpg 2048w, https:\/\/radioljubuski.ba\/wp-content\/uploads\/2025\/10\/3P0A4538-18x12.jpg 18w\" sizes=\"auto, (max-width: 1024px) 100vw, 1024px\" \/><\/figure>\n\n\n\n<figure class=\"wp-block-image size-large\"><img loading=\"lazy\" decoding=\"async\" width=\"1024\" height=\"683\" data-id=\"221698\" src=\"https:\/\/radioljubuski.ba\/wp-content\/uploads\/2025\/10\/3P0A4539-1024x683.jpg\" alt=\"\" class=\"wp-image-221698\" srcset=\"https:\/\/radioljubuski.ba\/wp-content\/uploads\/2025\/10\/3P0A4539-1024x683.jpg 1024w, https:\/\/radioljubuski.ba\/wp-content\/uploads\/2025\/10\/3P0A4539-300x200.jpg 300w, https:\/\/radioljubuski.ba\/wp-content\/uploads\/2025\/10\/3P0A4539-768x512.jpg 768w, https:\/\/radioljubuski.ba\/wp-content\/uploads\/2025\/10\/3P0A4539-1536x1024.jpg 1536w, https:\/\/radioljubuski.ba\/wp-content\/uploads\/2025\/10\/3P0A4539-2048x1365.jpg 2048w, https:\/\/radioljubuski.ba\/wp-content\/uploads\/2025\/10\/3P0A4539-18x12.jpg 18w\" sizes=\"auto, (max-width: 1024px) 100vw, 1024px\" \/><\/figure>\n<\/figure>\n\n\n\n<p><\/p>\n\n\n\n<figure class=\"wp-block-gallery has-nested-images columns-default is-cropped wp-block-gallery-9 is-layout-flex wp-block-gallery-is-layout-flex\">\n<figure class=\"wp-block-image size-large\"><img loading=\"lazy\" decoding=\"async\" width=\"1024\" height=\"683\" data-id=\"221699\" src=\"https:\/\/radioljubuski.ba\/wp-content\/uploads\/2025\/10\/3P0A4548-1024x683.jpg\" alt=\"\" class=\"wp-image-221699\" srcset=\"https:\/\/radioljubuski.ba\/wp-content\/uploads\/2025\/10\/3P0A4548-1024x683.jpg 1024w, https:\/\/radioljubuski.ba\/wp-content\/uploads\/2025\/10\/3P0A4548-300x200.jpg 300w, https:\/\/radioljubuski.ba\/wp-content\/uploads\/2025\/10\/3P0A4548-768x512.jpg 768w, https:\/\/radioljubuski.ba\/wp-content\/uploads\/2025\/10\/3P0A4548-1536x1024.jpg 1536w, https:\/\/radioljubuski.ba\/wp-content\/uploads\/2025\/10\/3P0A4548-2048x1365.jpg 2048w, https:\/\/radioljubuski.ba\/wp-content\/uploads\/2025\/10\/3P0A4548-18x12.jpg 18w\" sizes=\"auto, (max-width: 1024px) 100vw, 1024px\" \/><\/figure>\n\n\n\n<figure class=\"wp-block-image size-large\"><img loading=\"lazy\" decoding=\"async\" width=\"1024\" height=\"683\" data-id=\"221700\" src=\"https:\/\/radioljubuski.ba\/wp-content\/uploads\/2025\/10\/3P0A4550-1024x683.jpg\" alt=\"\" class=\"wp-image-221700\" srcset=\"https:\/\/radioljubuski.ba\/wp-content\/uploads\/2025\/10\/3P0A4550-1024x683.jpg 1024w, https:\/\/radioljubuski.ba\/wp-content\/uploads\/2025\/10\/3P0A4550-300x200.jpg 300w, https:\/\/radioljubuski.ba\/wp-content\/uploads\/2025\/10\/3P0A4550-768x512.jpg 768w, https:\/\/radioljubuski.ba\/wp-content\/uploads\/2025\/10\/3P0A4550-1536x1024.jpg 1536w, https:\/\/radioljubuski.ba\/wp-content\/uploads\/2025\/10\/3P0A4550-2048x1365.jpg 2048w, https:\/\/radioljubuski.ba\/wp-content\/uploads\/2025\/10\/3P0A4550-18x12.jpg 18w\" sizes=\"auto, (max-width: 1024px) 100vw, 1024px\" \/><\/figure>\n<\/figure>\n\n\n\n<p><\/p>\n\n\n\n<figure class=\"wp-block-gallery has-nested-images columns-default is-cropped wp-block-gallery-10 is-layout-flex wp-block-gallery-is-layout-flex\">\n<figure class=\"wp-block-image size-large\"><img loading=\"lazy\" decoding=\"async\" width=\"1024\" height=\"683\" data-id=\"221703\" src=\"https:\/\/radioljubuski.ba\/wp-content\/uploads\/2025\/10\/naslovna-1024x683.jpg\" alt=\"\" class=\"wp-image-221703\" srcset=\"https:\/\/radioljubuski.ba\/wp-content\/uploads\/2025\/10\/naslovna-1024x683.jpg 1024w, https:\/\/radioljubuski.ba\/wp-content\/uploads\/2025\/10\/naslovna-300x200.jpg 300w, https:\/\/radioljubuski.ba\/wp-content\/uploads\/2025\/10\/naslovna-768x512.jpg 768w, https:\/\/radioljubuski.ba\/wp-content\/uploads\/2025\/10\/naslovna-1536x1024.jpg 1536w, https:\/\/radioljubuski.ba\/wp-content\/uploads\/2025\/10\/naslovna-2048x1365.jpg 2048w, https:\/\/radioljubuski.ba\/wp-content\/uploads\/2025\/10\/naslovna-18x12.jpg 18w\" sizes=\"auto, (max-width: 1024px) 100vw, 1024px\" \/><\/figure>\n\n\n\n<figure class=\"wp-block-image size-large\"><img loading=\"lazy\" decoding=\"async\" width=\"1024\" height=\"683\" data-id=\"221701\" src=\"https:\/\/radioljubuski.ba\/wp-content\/uploads\/2025\/10\/3P0A4551-1024x683.jpg\" alt=\"\" class=\"wp-image-221701\" srcset=\"https:\/\/radioljubuski.ba\/wp-content\/uploads\/2025\/10\/3P0A4551-1024x683.jpg 1024w, https:\/\/radioljubuski.ba\/wp-content\/uploads\/2025\/10\/3P0A4551-300x200.jpg 300w, https:\/\/radioljubuski.ba\/wp-content\/uploads\/2025\/10\/3P0A4551-768x512.jpg 768w, https:\/\/radioljubuski.ba\/wp-content\/uploads\/2025\/10\/3P0A4551-1536x1024.jpg 1536w, https:\/\/radioljubuski.ba\/wp-content\/uploads\/2025\/10\/3P0A4551-2048x1365.jpg 2048w, https:\/\/radioljubuski.ba\/wp-content\/uploads\/2025\/10\/3P0A4551-18x12.jpg 18w\" sizes=\"auto, (max-width: 1024px) 100vw, 1024px\" \/><\/figure>\n<\/figure>\n\n\n\n<p><\/p>\n\n\n\n<figure class=\"wp-block-gallery has-nested-images columns-default is-cropped wp-block-gallery-11 is-layout-flex wp-block-gallery-is-layout-flex\">\n<figure class=\"wp-block-image size-large\"><img loading=\"lazy\" decoding=\"async\" width=\"1024\" height=\"768\" data-id=\"221706\" src=\"https:\/\/radioljubuski.ba\/wp-content\/uploads\/2025\/10\/stubica-1024x768.jpg\" alt=\"\" class=\"wp-image-221706\" srcset=\"https:\/\/radioljubuski.ba\/wp-content\/uploads\/2025\/10\/stubica-1024x768.jpg 1024w, https:\/\/radioljubuski.ba\/wp-content\/uploads\/2025\/10\/stubica-300x225.jpg 300w, https:\/\/radioljubuski.ba\/wp-content\/uploads\/2025\/10\/stubica-768x576.jpg 768w, https:\/\/radioljubuski.ba\/wp-content\/uploads\/2025\/10\/stubica-1536x1152.jpg 1536w, https:\/\/radioljubuski.ba\/wp-content\/uploads\/2025\/10\/stubica-2048x1536.jpg 2048w, https:\/\/radioljubuski.ba\/wp-content\/uploads\/2025\/10\/stubica-16x12.jpg 16w\" sizes=\"auto, (max-width: 1024px) 100vw, 1024px\" \/><\/figure>\n\n\n\n<figure class=\"wp-block-image size-large\"><img loading=\"lazy\" decoding=\"async\" width=\"1024\" height=\"768\" data-id=\"221705\" src=\"https:\/\/radioljubuski.ba\/wp-content\/uploads\/2025\/10\/stubica-1-1-1024x768.jpg\" alt=\"\" class=\"wp-image-221705\" srcset=\"https:\/\/radioljubuski.ba\/wp-content\/uploads\/2025\/10\/stubica-1-1-1024x768.jpg 1024w, https:\/\/radioljubuski.ba\/wp-content\/uploads\/2025\/10\/stubica-1-1-300x225.jpg 300w, https:\/\/radioljubuski.ba\/wp-content\/uploads\/2025\/10\/stubica-1-1-768x576.jpg 768w, https:\/\/radioljubuski.ba\/wp-content\/uploads\/2025\/10\/stubica-1-1-1536x1152.jpg 1536w, https:\/\/radioljubuski.ba\/wp-content\/uploads\/2025\/10\/stubica-1-1-2048x1536.jpg 2048w, https:\/\/radioljubuski.ba\/wp-content\/uploads\/2025\/10\/stubica-1-1-16x12.jpg 16w\" sizes=\"auto, (max-width: 1024px) 100vw, 1024px\" \/><\/figure>\n<\/figure>\n\n\n\n<p><\/p>\n\n\n\n<p><\/p>\n\n\n\n<blockquote class=\"instagram-media\" data-instgrm-captioned data-instgrm-permalink=\"https:\/\/www.instagram.com\/reel\/DQAMqbMDaQA\/?utm_source=ig_embed&amp;utm_campaign=loading\" data-instgrm-version=\"14\" style=\" background:#FFF; border:0; border-radius:3px; box-shadow:0 0 1px 0 rgba(0,0,0,0.5),0 1px 10px 0 rgba(0,0,0,0.15); margin: 1px; max-width:540px; min-width:326px; padding:0; width:99.375%; width:-webkit-calc(100% - 2px); width:calc(100% - 2px);\"><div style=\"padding:16px;\"> <a href=\"https:\/\/www.instagram.com\/reel\/DQAMqbMDaQA\/?utm_source=ig_embed&amp;utm_campaign=loading\" style=\" background:#FFFFFF; line-height:0; padding:0 0; text-align:center; text-decoration:none; width:100%;\" target=\"_blank\"> <div style=\" display: flex; flex-direction: row; align-items: center;\"> <div style=\"background-color: #F4F4F4; border-radius: 50%; flex-grow: 0; height: 40px; margin-right: 14px; width: 40px;\"><\/div> <div style=\"display: flex; flex-direction: column; flex-grow: 1; justify-content: center;\"> <div style=\" background-color: #F4F4F4; border-radius: 4px; flex-grow: 0; height: 14px; margin-bottom: 6px; width: 100px;\"><\/div> <div style=\" background-color: #F4F4F4; border-radius: 4px; flex-grow: 0; height: 14px; width: 60px;\"><\/div><\/div><\/div><div style=\"padding: 19% 0;\"><\/div> <div style=\"display:block; height:50px; margin:0 auto 12px; width:50px;\"><svg width=\"50px\" height=\"50px\" viewBox=\"0 0 60 60\" version=\"1.1\" xmlns=\"https:\/\/www.w3.org\/2000\/svg\" xmlns:xlink=\"https:\/\/www.w3.org\/1999\/xlink\"><g stroke=\"none\" stroke-width=\"1\" fill=\"none\" fill-rule=\"evenodd\"><g transform=\"translate(-511.000000, -20.000000)\" fill=\"#000000\"><g><path d=\"M556.869,30.41 C554.814,30.41 553.148,32.076 553.148,34.131 C553.148,36.186 554.814,37.852 556.869,37.852 C558.924,37.852 560.59,36.186 560.59,34.131 C560.59,32.076 558.924,30.41 556.869,30.41 M541,60.657 C535.114,60.657 530.342,55.887 530.342,50 C530.342,44.114 535.114,39.342 541,39.342 C546.887,39.342 551.658,44.114 551.658,50 C551.658,55.887 546.887,60.657 541,60.657 M541,33.886 C532.1,33.886 524.886,41.1 524.886,50 C524.886,58.899 532.1,66.113 541,66.113 C549.9,66.113 557.115,58.899 557.115,50 C557.115,41.1 549.9,33.886 541,33.886 M565.378,62.101 C565.244,65.022 564.756,66.606 564.346,67.663 C563.803,69.06 563.154,70.057 562.106,71.106 C561.058,72.155 560.06,72.803 558.662,73.347 C557.607,73.757 556.021,74.244 553.102,74.378 C549.944,74.521 548.997,74.552 541,74.552 C533.003,74.552 532.056,74.521 528.898,74.378 C525.979,74.244 524.393,73.757 523.338,73.347 C521.94,72.803 520.942,72.155 519.894,71.106 C518.846,70.057 518.197,69.06 517.654,67.663 C517.244,66.606 516.755,65.022 516.623,62.101 C516.479,58.943 516.448,57.996 516.448,50 C516.448,42.003 516.479,41.056 516.623,37.899 C516.755,34.978 517.244,33.391 517.654,32.338 C518.197,30.938 518.846,29.942 519.894,28.894 C520.942,27.846 521.94,27.196 523.338,26.654 C524.393,26.244 525.979,25.756 528.898,25.623 C532.057,25.479 533.004,25.448 541,25.448 C548.997,25.448 549.943,25.479 553.102,25.623 C556.021,25.756 557.607,26.244 558.662,26.654 C560.06,27.196 561.058,27.846 562.106,28.894 C563.154,29.942 563.803,30.938 564.346,32.338 C564.756,33.391 565.244,34.978 565.378,37.899 C565.522,41.056 565.552,42.003 565.552,50 C565.552,57.996 565.522,58.943 565.378,62.101 M570.82,37.631 C570.674,34.438 570.167,32.258 569.425,30.349 C568.659,28.377 567.633,26.702 565.965,25.035 C564.297,23.368 562.623,22.342 560.652,21.575 C558.743,20.834 556.562,20.326 553.369,20.18 C550.169,20.033 549.148,20 541,20 C532.853,20 531.831,20.033 528.631,20.18 C525.438,20.326 523.257,20.834 521.349,21.575 C519.376,22.342 517.703,23.368 516.035,25.035 C514.368,26.702 513.342,28.377 512.574,30.349 C511.834,32.258 511.326,34.438 511.181,37.631 C511.035,40.831 511,41.851 511,50 C511,58.147 511.035,59.17 511.181,62.369 C511.326,65.562 511.834,67.743 512.574,69.651 C513.342,71.625 514.368,73.296 516.035,74.965 C517.703,76.634 519.376,77.658 521.349,78.425 C523.257,79.167 525.438,79.673 528.631,79.82 C531.831,79.965 532.853,80.001 541,80.001 C549.148,80.001 550.169,79.965 553.369,79.82 C556.562,79.673 558.743,79.167 560.652,78.425 C562.623,77.658 564.297,76.634 565.965,74.965 C567.633,73.296 568.659,71.625 569.425,69.651 C570.167,67.743 570.674,65.562 570.82,62.369 C570.966,59.17 571,58.147 571,50 C571,41.851 570.966,40.831 570.82,37.631\"><\/path><\/g><\/g><\/g><\/svg><\/div><div style=\"padding-top: 8px;\"> <div style=\" color:#3897f0; font-family:Arial,sans-serif; font-size:14px; font-style:normal; font-weight:550; line-height:18px;\">Pogledajte ovu objavu na Instagramu.<\/div><\/div><div style=\"padding: 12.5% 0;\"><\/div> <div style=\"display: flex; flex-direction: row; margin-bottom: 14px; align-items: center;\"><div> <div style=\"background-color: #F4F4F4; border-radius: 50%; height: 12.5px; width: 12.5px; transform: translateX(0px) translateY(7px);\"><\/div> <div style=\"background-color: #F4F4F4; height: 12.5px; transform: rotate(-45deg) translateX(3px) translateY(1px); width: 12.5px; flex-grow: 0; margin-right: 14px; margin-left: 2px;\"><\/div> <div style=\"background-color: #F4F4F4; border-radius: 50%; height: 12.5px; width: 12.5px; transform: translateX(9px) translateY(-18px);\"><\/div><\/div><div style=\"margin-left: 8px;\"> <div style=\" background-color: #F4F4F4; border-radius: 50%; flex-grow: 0; height: 20px; width: 20px;\"><\/div> <div style=\" width: 0; height: 0; border-top: 2px solid transparent; border-left: 6px solid #f4f4f4; border-bottom: 2px solid transparent; transform: translateX(16px) translateY(-4px) rotate(30deg)\"><\/div><\/div><div style=\"margin-left: auto;\"> <div style=\" width: 0px; border-top: 8px solid #F4F4F4; border-right: 8px solid transparent; transform: translateY(16px);\"><\/div> <div style=\" background-color: #F4F4F4; flex-grow: 0; height: 12px; width: 16px; transform: translateY(-4px);\"><\/div> <div style=\" width: 0; height: 0; border-top: 8px solid #F4F4F4; border-left: 8px solid transparent; transform: translateY(-4px) translateX(8px);\"><\/div><\/div><\/div> <div style=\"display: flex; flex-direction: column; flex-grow: 1; justify-content: center; margin-bottom: 24px;\"> <div style=\" background-color: #F4F4F4; border-radius: 4px; flex-grow: 0; height: 14px; margin-bottom: 6px; width: 224px;\"><\/div> <div style=\" background-color: #F4F4F4; border-radius: 4px; flex-grow: 0; height: 14px; width: 144px;\"><\/div><\/div><\/a><p style=\" color:#c9c8cd; font-family:Arial,sans-serif; font-size:14px; line-height:17px; margin-bottom:0; margin-top:8px; overflow:hidden; padding:8px 0 7px; text-align:center; text-overflow:ellipsis; white-space:nowrap;\"><a href=\"https:\/\/www.instagram.com\/reel\/DQAMqbMDaQA\/?utm_source=ig_embed&amp;utm_campaign=loading\" style=\" color:#c9c8cd; font-family:Arial,sans-serif; font-size:14px; font-style:normal; font-weight:normal; line-height:17px; text-decoration:none;\" target=\"_blank\">Objavu dijeli Radio Ljubu\u0161ki\ud83d\udcfb (@radio_ljubuski)<\/a><\/p><\/div><\/blockquote>\n<script async src=\"\/\/www.instagram.com\/embed.js\"><\/script>\n\n\n\n<p>Gordana Ili\u0107 \/ Radio Ljubu\u0161ki<\/p>\n\n\n\n<p><\/p>\n","protected":false},"excerpt":{"rendered":"<p>U nedjelju 19. listopada 2025. godine, vjernici filijalne crkve sv. Stjepana Prvomu\u010denika u Stubici sve\u010dano su obilje\u017eili 50 godina od njezine izgradnje uz blagoslov novoizgra\u0111enog zvonika. Sve\u010danost je okupila brojne \u017eupljane i goste koji su s ponosom i rado\u0161\u0107u proslavili ovaj va\u017ean jubilej. Sredi\u0161nje misno slavlje predvodio je \u017eupnik \u017eupe Presvetog Srca Isusova Studenci, don [&hellip;]<\/p>\n","protected":false},"author":2,"featured_media":221702,"comment_status":"closed","ping_status":"closed","sticky":false,"template":"","format":"standard","meta":{"h5ap_radio_sources":[],"footnotes":""},"categories":[3,28],"tags":[],"class_list":["post-221670","post","type-post","status-publish","format-standard","has-post-thumbnail","hentry","category-ljubuski","category-novosti"],"yoast_head":"<!-- This site is optimized with the Yoast SEO plugin v27.5 - https:\/\/yoast.com\/product\/yoast-seo-wordpress\/ -->\n<title>Foto\/ Video: Proslavljena 50. obljetnica crkve sv. Stjepana Prvomu\u010denika u Stubici i blagoslov novog zvonika - RADIO LJUBU\u0160KI<\/title>\n<meta name=\"robots\" content=\"index, follow, max-snippet:-1, max-image-preview:large, max-video-preview:-1\" \/>\n<link rel=\"canonical\" href=\"https:\/\/radioljubuski.ba\/index.php\/2025\/10\/20\/foto-video-proslavljena-50-obljetnica-crkve-sv-stjepana-prvomucenika-u-stubici-i-blagoslov-novog-zvonika\/\" \/>\n<meta property=\"og:locale\" content=\"hr_HR\" \/>\n<meta property=\"og:type\" content=\"article\" \/>\n<meta property=\"og:title\" content=\"Foto\/ Video: Proslavljena 50. obljetnica crkve sv. Stjepana Prvomu\u010denika u Stubici i blagoslov novog zvonika - RADIO LJUBU\u0160KI\" \/>\n<meta property=\"og:description\" content=\"U nedjelju 19. listopada 2025. godine, vjernici filijalne crkve sv. Stjepana Prvomu\u010denika u Stubici sve\u010dano su obilje\u017eili 50 godina od njezine izgradnje uz blagoslov novoizgra\u0111enog zvonika. Sve\u010danost je okupila brojne \u017eupljane i goste koji su s ponosom i rado\u0161\u0107u proslavili ovaj va\u017ean jubilej. Sredi\u0161nje misno slavlje predvodio je \u017eupnik \u017eupe Presvetog Srca Isusova Studenci, don [&hellip;]\" \/>\n<meta property=\"og:url\" content=\"https:\/\/radioljubuski.ba\/index.php\/2025\/10\/20\/foto-video-proslavljena-50-obljetnica-crkve-sv-stjepana-prvomucenika-u-stubici-i-blagoslov-novog-zvonika\/\" \/>\n<meta property=\"og:site_name\" content=\"RADIO LJUBU\u0160KI\" \/>\n<meta property=\"article:publisher\" content=\"https:\/\/www.facebook.com\/Radiio-Ljubuski-1490835324566332\" \/>\n<meta property=\"article:published_time\" content=\"2025-10-20T07:26:22+00:00\" \/>\n<meta property=\"article:modified_time\" content=\"2025-10-20T07:26:23+00:00\" \/>\n<meta property=\"og:image\" content=\"https:\/\/radioljubuski.ba\/wp-content\/uploads\/2025\/10\/3P0A4554-scaled.jpg\" \/>\n\t<meta property=\"og:image:width\" content=\"2560\" \/>\n\t<meta property=\"og:image:height\" content=\"1707\" \/>\n\t<meta property=\"og:image:type\" content=\"image\/jpeg\" \/>\n<meta name=\"author\" content=\"Radio Ljubu\u0161ki\" \/>\n<meta name=\"twitter:card\" content=\"summary_large_image\" \/>\n<meta name=\"twitter:creator\" content=\"@radioljubuski\" \/>\n<meta name=\"twitter:site\" content=\"@radioljubuski\" \/>\n<meta name=\"twitter:label1\" content=\"Napisao\/la\" \/>\n\t<meta name=\"twitter:data1\" content=\"Radio Ljubu\u0161ki\" \/>\n\t<meta name=\"twitter:label2\" content=\"Procijenjeno vrijeme \u010ditanja\" \/>\n\t<meta name=\"twitter:data2\" content=\"8 minuta\" \/>\n<script type=\"application\/ld+json\" class=\"yoast-schema-graph\">{\"@context\":\"https:\\\/\\\/schema.org\",\"@graph\":[{\"@type\":\"Article\",\"@id\":\"https:\\\/\\\/radioljubuski.ba\\\/index.php\\\/2025\\\/10\\\/20\\\/foto-video-proslavljena-50-obljetnica-crkve-sv-stjepana-prvomucenika-u-stubici-i-blagoslov-novog-zvonika\\\/#article\",\"isPartOf\":{\"@id\":\"https:\\\/\\\/radioljubuski.ba\\\/index.php\\\/2025\\\/10\\\/20\\\/foto-video-proslavljena-50-obljetnica-crkve-sv-stjepana-prvomucenika-u-stubici-i-blagoslov-novog-zvonika\\\/\"},\"author\":{\"name\":\"Radio Ljubu\u0161ki\",\"@id\":\"https:\\\/\\\/radioljubuski.ba\\\/#\\\/schema\\\/person\\\/19fc700381a780f69665d7956c469e3b\"},\"headline\":\"Foto\\\/ Video: Proslavljena 50. obljetnica crkve sv. Stjepana Prvomu\u010denika u Stubici i blagoslov novog zvonika\",\"datePublished\":\"2025-10-20T07:26:22+00:00\",\"dateModified\":\"2025-10-20T07:26:23+00:00\",\"mainEntityOfPage\":{\"@id\":\"https:\\\/\\\/radioljubuski.ba\\\/index.php\\\/2025\\\/10\\\/20\\\/foto-video-proslavljena-50-obljetnica-crkve-sv-stjepana-prvomucenika-u-stubici-i-blagoslov-novog-zvonika\\\/\"},\"wordCount\":682,\"publisher\":{\"@id\":\"https:\\\/\\\/radioljubuski.ba\\\/#organization\"},\"image\":{\"@id\":\"https:\\\/\\\/radioljubuski.ba\\\/index.php\\\/2025\\\/10\\\/20\\\/foto-video-proslavljena-50-obljetnica-crkve-sv-stjepana-prvomucenika-u-stubici-i-blagoslov-novog-zvonika\\\/#primaryimage\"},\"thumbnailUrl\":\"https:\\\/\\\/radioljubuski.ba\\\/wp-content\\\/uploads\\\/2025\\\/10\\\/3P0A4554-scaled.jpg\",\"articleSection\":[\"Ljubu\u0161ki\",\"Novosti\"],\"inLanguage\":\"hr\"},{\"@type\":\"WebPage\",\"@id\":\"https:\\\/\\\/radioljubuski.ba\\\/index.php\\\/2025\\\/10\\\/20\\\/foto-video-proslavljena-50-obljetnica-crkve-sv-stjepana-prvomucenika-u-stubici-i-blagoslov-novog-zvonika\\\/\",\"url\":\"https:\\\/\\\/radioljubuski.ba\\\/index.php\\\/2025\\\/10\\\/20\\\/foto-video-proslavljena-50-obljetnica-crkve-sv-stjepana-prvomucenika-u-stubici-i-blagoslov-novog-zvonika\\\/\",\"name\":\"Foto\\\/ Video: Proslavljena 50. obljetnica crkve sv. Stjepana Prvomu\u010denika u Stubici i blagoslov novog zvonika - RADIO LJUBU\u0160KI\",\"isPartOf\":{\"@id\":\"https:\\\/\\\/radioljubuski.ba\\\/#website\"},\"primaryImageOfPage\":{\"@id\":\"https:\\\/\\\/radioljubuski.ba\\\/index.php\\\/2025\\\/10\\\/20\\\/foto-video-proslavljena-50-obljetnica-crkve-sv-stjepana-prvomucenika-u-stubici-i-blagoslov-novog-zvonika\\\/#primaryimage\"},\"image\":{\"@id\":\"https:\\\/\\\/radioljubuski.ba\\\/index.php\\\/2025\\\/10\\\/20\\\/foto-video-proslavljena-50-obljetnica-crkve-sv-stjepana-prvomucenika-u-stubici-i-blagoslov-novog-zvonika\\\/#primaryimage\"},\"thumbnailUrl\":\"https:\\\/\\\/radioljubuski.ba\\\/wp-content\\\/uploads\\\/2025\\\/10\\\/3P0A4554-scaled.jpg\",\"datePublished\":\"2025-10-20T07:26:22+00:00\",\"dateModified\":\"2025-10-20T07:26:23+00:00\",\"breadcrumb\":{\"@id\":\"https:\\\/\\\/radioljubuski.ba\\\/index.php\\\/2025\\\/10\\\/20\\\/foto-video-proslavljena-50-obljetnica-crkve-sv-stjepana-prvomucenika-u-stubici-i-blagoslov-novog-zvonika\\\/#breadcrumb\"},\"inLanguage\":\"hr\",\"potentialAction\":[{\"@type\":\"ReadAction\",\"target\":[\"https:\\\/\\\/radioljubuski.ba\\\/index.php\\\/2025\\\/10\\\/20\\\/foto-video-proslavljena-50-obljetnica-crkve-sv-stjepana-prvomucenika-u-stubici-i-blagoslov-novog-zvonika\\\/\"]}]},{\"@type\":\"ImageObject\",\"inLanguage\":\"hr\",\"@id\":\"https:\\\/\\\/radioljubuski.ba\\\/index.php\\\/2025\\\/10\\\/20\\\/foto-video-proslavljena-50-obljetnica-crkve-sv-stjepana-prvomucenika-u-stubici-i-blagoslov-novog-zvonika\\\/#primaryimage\",\"url\":\"https:\\\/\\\/radioljubuski.ba\\\/wp-content\\\/uploads\\\/2025\\\/10\\\/3P0A4554-scaled.jpg\",\"contentUrl\":\"https:\\\/\\\/radioljubuski.ba\\\/wp-content\\\/uploads\\\/2025\\\/10\\\/3P0A4554-scaled.jpg\",\"width\":2560,\"height\":1707},{\"@type\":\"BreadcrumbList\",\"@id\":\"https:\\\/\\\/radioljubuski.ba\\\/index.php\\\/2025\\\/10\\\/20\\\/foto-video-proslavljena-50-obljetnica-crkve-sv-stjepana-prvomucenika-u-stubici-i-blagoslov-novog-zvonika\\\/#breadcrumb\",\"itemListElement\":[{\"@type\":\"ListItem\",\"position\":1,\"name\":\"Po\u010detna stranica\",\"item\":\"https:\\\/\\\/radioljubuski.ba\\\/\"},{\"@type\":\"ListItem\",\"position\":2,\"name\":\"Foto\\\/ Video: Proslavljena 50. obljetnica crkve sv. Stjepana Prvomu\u010denika u Stubici i blagoslov novog zvonika\"}]},{\"@type\":\"WebSite\",\"@id\":\"https:\\\/\\\/radioljubuski.ba\\\/#website\",\"url\":\"https:\\\/\\\/radioljubuski.ba\\\/\",\"name\":\"Radio Ljubu\u0161ki\",\"description\":\"Sun\u010dana frekvencija Hercegovine\",\"publisher\":{\"@id\":\"https:\\\/\\\/radioljubuski.ba\\\/#organization\"},\"potentialAction\":[{\"@type\":\"SearchAction\",\"target\":{\"@type\":\"EntryPoint\",\"urlTemplate\":\"https:\\\/\\\/radioljubuski.ba\\\/?s={search_term_string}\"},\"query-input\":{\"@type\":\"PropertyValueSpecification\",\"valueRequired\":true,\"valueName\":\"search_term_string\"}}],\"inLanguage\":\"hr\"},{\"@type\":\"Organization\",\"@id\":\"https:\\\/\\\/radioljubuski.ba\\\/#organization\",\"name\":\"Radio Ljubu\u0161ki\",\"url\":\"https:\\\/\\\/radioljubuski.ba\\\/\",\"logo\":{\"@type\":\"ImageObject\",\"inLanguage\":\"hr\",\"@id\":\"https:\\\/\\\/radioljubuski.ba\\\/#\\\/schema\\\/logo\\\/image\\\/\",\"url\":\"https:\\\/\\\/radioljubuski.ba\\\/wp-content\\\/uploads\\\/2021\\\/02\\\/cropped-Radio_Ljubuski_logo1.jpg\",\"contentUrl\":\"https:\\\/\\\/radioljubuski.ba\\\/wp-content\\\/uploads\\\/2021\\\/02\\\/cropped-Radio_Ljubuski_logo1.jpg\",\"width\":512,\"height\":512,\"caption\":\"Radio Ljubu\u0161ki\"},\"image\":{\"@id\":\"https:\\\/\\\/radioljubuski.ba\\\/#\\\/schema\\\/logo\\\/image\\\/\"},\"sameAs\":[\"https:\\\/\\\/www.facebook.com\\\/Radiio-Ljubuski-1490835324566332\",\"https:\\\/\\\/x.com\\\/radioljubuski\",\"https:\\\/\\\/hr.linkedin.com\\\/company\\\/radio-ljubuski\",\"https:\\\/\\\/www.youtube.com\\\/channel\\\/UCHYaeO_n0Db3tjNGudGpXyw\"]},{\"@type\":\"Person\",\"@id\":\"https:\\\/\\\/radioljubuski.ba\\\/#\\\/schema\\\/person\\\/19fc700381a780f69665d7956c469e3b\",\"name\":\"Radio Ljubu\u0161ki\"}]}<\/script>\n<!-- \/ Yoast SEO plugin. -->","yoast_head_json":{"title":"Foto\/ Video: Proslavljena 50. obljetnica crkve sv. Stjepana Prvomu\u010denika u Stubici i blagoslov novog zvonika - RADIO LJUBU\u0160KI","robots":{"index":"index","follow":"follow","max-snippet":"max-snippet:-1","max-image-preview":"max-image-preview:large","max-video-preview":"max-video-preview:-1"},"canonical":"https:\/\/radioljubuski.ba\/index.php\/2025\/10\/20\/foto-video-proslavljena-50-obljetnica-crkve-sv-stjepana-prvomucenika-u-stubici-i-blagoslov-novog-zvonika\/","og_locale":"hr_HR","og_type":"article","og_title":"Foto\/ Video: Proslavljena 50. obljetnica crkve sv. Stjepana Prvomu\u010denika u Stubici i blagoslov novog zvonika - RADIO LJUBU\u0160KI","og_description":"U nedjelju 19. listopada 2025. godine, vjernici filijalne crkve sv. Stjepana Prvomu\u010denika u Stubici sve\u010dano su obilje\u017eili 50 godina od njezine izgradnje uz blagoslov novoizgra\u0111enog zvonika. Sve\u010danost je okupila brojne \u017eupljane i goste koji su s ponosom i rado\u0161\u0107u proslavili ovaj va\u017ean jubilej. Sredi\u0161nje misno slavlje predvodio je \u017eupnik \u017eupe Presvetog Srca Isusova Studenci, don [&hellip;]","og_url":"https:\/\/radioljubuski.ba\/index.php\/2025\/10\/20\/foto-video-proslavljena-50-obljetnica-crkve-sv-stjepana-prvomucenika-u-stubici-i-blagoslov-novog-zvonika\/","og_site_name":"RADIO LJUBU\u0160KI","article_publisher":"https:\/\/www.facebook.com\/Radiio-Ljubuski-1490835324566332","article_published_time":"2025-10-20T07:26:22+00:00","article_modified_time":"2025-10-20T07:26:23+00:00","og_image":[{"width":2560,"height":1707,"url":"https:\/\/radioljubuski.ba\/wp-content\/uploads\/2025\/10\/3P0A4554-scaled.jpg","type":"image\/jpeg"}],"author":"Radio Ljubu\u0161ki","twitter_card":"summary_large_image","twitter_creator":"@radioljubuski","twitter_site":"@radioljubuski","twitter_misc":{"Napisao\/la":"Radio Ljubu\u0161ki","Procijenjeno vrijeme \u010ditanja":"8 minuta"},"schema":{"@context":"https:\/\/schema.org","@graph":[{"@type":"Article","@id":"https:\/\/radioljubuski.ba\/index.php\/2025\/10\/20\/foto-video-proslavljena-50-obljetnica-crkve-sv-stjepana-prvomucenika-u-stubici-i-blagoslov-novog-zvonika\/#article","isPartOf":{"@id":"https:\/\/radioljubuski.ba\/index.php\/2025\/10\/20\/foto-video-proslavljena-50-obljetnica-crkve-sv-stjepana-prvomucenika-u-stubici-i-blagoslov-novog-zvonika\/"},"author":{"name":"Radio Ljubu\u0161ki","@id":"https:\/\/radioljubuski.ba\/#\/schema\/person\/19fc700381a780f69665d7956c469e3b"},"headline":"Foto\/ Video: Proslavljena 50. obljetnica crkve sv. Stjepana Prvomu\u010denika u Stubici i blagoslov novog zvonika","datePublished":"2025-10-20T07:26:22+00:00","dateModified":"2025-10-20T07:26:23+00:00","mainEntityOfPage":{"@id":"https:\/\/radioljubuski.ba\/index.php\/2025\/10\/20\/foto-video-proslavljena-50-obljetnica-crkve-sv-stjepana-prvomucenika-u-stubici-i-blagoslov-novog-zvonika\/"},"wordCount":682,"publisher":{"@id":"https:\/\/radioljubuski.ba\/#organization"},"image":{"@id":"https:\/\/radioljubuski.ba\/index.php\/2025\/10\/20\/foto-video-proslavljena-50-obljetnica-crkve-sv-stjepana-prvomucenika-u-stubici-i-blagoslov-novog-zvonika\/#primaryimage"},"thumbnailUrl":"https:\/\/radioljubuski.ba\/wp-content\/uploads\/2025\/10\/3P0A4554-scaled.jpg","articleSection":["Ljubu\u0161ki","Novosti"],"inLanguage":"hr"},{"@type":"WebPage","@id":"https:\/\/radioljubuski.ba\/index.php\/2025\/10\/20\/foto-video-proslavljena-50-obljetnica-crkve-sv-stjepana-prvomucenika-u-stubici-i-blagoslov-novog-zvonika\/","url":"https:\/\/radioljubuski.ba\/index.php\/2025\/10\/20\/foto-video-proslavljena-50-obljetnica-crkve-sv-stjepana-prvomucenika-u-stubici-i-blagoslov-novog-zvonika\/","name":"Foto\/ Video: Proslavljena 50. obljetnica crkve sv. Stjepana Prvomu\u010denika u Stubici i blagoslov novog zvonika - RADIO LJUBU\u0160KI","isPartOf":{"@id":"https:\/\/radioljubuski.ba\/#website"},"primaryImageOfPage":{"@id":"https:\/\/radioljubuski.ba\/index.php\/2025\/10\/20\/foto-video-proslavljena-50-obljetnica-crkve-sv-stjepana-prvomucenika-u-stubici-i-blagoslov-novog-zvonika\/#primaryimage"},"image":{"@id":"https:\/\/radioljubuski.ba\/index.php\/2025\/10\/20\/foto-video-proslavljena-50-obljetnica-crkve-sv-stjepana-prvomucenika-u-stubici-i-blagoslov-novog-zvonika\/#primaryimage"},"thumbnailUrl":"https:\/\/radioljubuski.ba\/wp-content\/uploads\/2025\/10\/3P0A4554-scaled.jpg","datePublished":"2025-10-20T07:26:22+00:00","dateModified":"2025-10-20T07:26:23+00:00","breadcrumb":{"@id":"https:\/\/radioljubuski.ba\/index.php\/2025\/10\/20\/foto-video-proslavljena-50-obljetnica-crkve-sv-stjepana-prvomucenika-u-stubici-i-blagoslov-novog-zvonika\/#breadcrumb"},"inLanguage":"hr","potentialAction":[{"@type":"ReadAction","target":["https:\/\/radioljubuski.ba\/index.php\/2025\/10\/20\/foto-video-proslavljena-50-obljetnica-crkve-sv-stjepana-prvomucenika-u-stubici-i-blagoslov-novog-zvonika\/"]}]},{"@type":"ImageObject","inLanguage":"hr","@id":"https:\/\/radioljubuski.ba\/index.php\/2025\/10\/20\/foto-video-proslavljena-50-obljetnica-crkve-sv-stjepana-prvomucenika-u-stubici-i-blagoslov-novog-zvonika\/#primaryimage","url":"https:\/\/radioljubuski.ba\/wp-content\/uploads\/2025\/10\/3P0A4554-scaled.jpg","contentUrl":"https:\/\/radioljubuski.ba\/wp-content\/uploads\/2025\/10\/3P0A4554-scaled.jpg","width":2560,"height":1707},{"@type":"BreadcrumbList","@id":"https:\/\/radioljubuski.ba\/index.php\/2025\/10\/20\/foto-video-proslavljena-50-obljetnica-crkve-sv-stjepana-prvomucenika-u-stubici-i-blagoslov-novog-zvonika\/#breadcrumb","itemListElement":[{"@type":"ListItem","position":1,"name":"Po\u010detna stranica","item":"https:\/\/radioljubuski.ba\/"},{"@type":"ListItem","position":2,"name":"Foto\/ Video: Proslavljena 50. obljetnica crkve sv. Stjepana Prvomu\u010denika u Stubici i blagoslov novog zvonika"}]},{"@type":"WebSite","@id":"https:\/\/radioljubuski.ba\/#website","url":"https:\/\/radioljubuski.ba\/","name":"Radio Ljubu\u0161ki","description":"Sun\u010dana frekvencija Hercegovine","publisher":{"@id":"https:\/\/radioljubuski.ba\/#organization"},"potentialAction":[{"@type":"SearchAction","target":{"@type":"EntryPoint","urlTemplate":"https:\/\/radioljubuski.ba\/?s={search_term_string}"},"query-input":{"@type":"PropertyValueSpecification","valueRequired":true,"valueName":"search_term_string"}}],"inLanguage":"hr"},{"@type":"Organization","@id":"https:\/\/radioljubuski.ba\/#organization","name":"Radio Ljubu\u0161ki","url":"https:\/\/radioljubuski.ba\/","logo":{"@type":"ImageObject","inLanguage":"hr","@id":"https:\/\/radioljubuski.ba\/#\/schema\/logo\/image\/","url":"https:\/\/radioljubuski.ba\/wp-content\/uploads\/2021\/02\/cropped-Radio_Ljubuski_logo1.jpg","contentUrl":"https:\/\/radioljubuski.ba\/wp-content\/uploads\/2021\/02\/cropped-Radio_Ljubuski_logo1.jpg","width":512,"height":512,"caption":"Radio Ljubu\u0161ki"},"image":{"@id":"https:\/\/radioljubuski.ba\/#\/schema\/logo\/image\/"},"sameAs":["https:\/\/www.facebook.com\/Radiio-Ljubuski-1490835324566332","https:\/\/x.com\/radioljubuski","https:\/\/hr.linkedin.com\/company\/radio-ljubuski","https:\/\/www.youtube.com\/channel\/UCHYaeO_n0Db3tjNGudGpXyw"]},{"@type":"Person","@id":"https:\/\/radioljubuski.ba\/#\/schema\/person\/19fc700381a780f69665d7956c469e3b","name":"Radio Ljubu\u0161ki"}]}},"_links":{"self":[{"href":"https:\/\/radioljubuski.ba\/index.php\/wp-json\/wp\/v2\/posts\/221670","targetHints":{"allow":["GET"]}}],"collection":[{"href":"https:\/\/radioljubuski.ba\/index.php\/wp-json\/wp\/v2\/posts"}],"about":[{"href":"https:\/\/radioljubuski.ba\/index.php\/wp-json\/wp\/v2\/types\/post"}],"author":[{"embeddable":true,"href":"https:\/\/radioljubuski.ba\/index.php\/wp-json\/wp\/v2\/users\/2"}],"replies":[{"embeddable":true,"href":"https:\/\/radioljubuski.ba\/index.php\/wp-json\/wp\/v2\/comments?post=221670"}],"version-history":[{"count":5,"href":"https:\/\/radioljubuski.ba\/index.php\/wp-json\/wp\/v2\/posts\/221670\/revisions"}],"predecessor-version":[{"id":221710,"href":"https:\/\/radioljubuski.ba\/index.php\/wp-json\/wp\/v2\/posts\/221670\/revisions\/221710"}],"wp:featuredmedia":[{"embeddable":true,"href":"https:\/\/radioljubuski.ba\/index.php\/wp-json\/wp\/v2\/media\/221702"}],"wp:attachment":[{"href":"https:\/\/radioljubuski.ba\/index.php\/wp-json\/wp\/v2\/media?parent=221670"}],"wp:term":[{"taxonomy":"category","embeddable":true,"href":"https:\/\/radioljubuski.ba\/index.php\/wp-json\/wp\/v2\/categories?post=221670"},{"taxonomy":"post_tag","embeddable":true,"href":"https:\/\/radioljubuski.ba\/index.php\/wp-json\/wp\/v2\/tags?post=221670"}],"curies":[{"name":"wp","href":"https:\/\/api.w.org\/{rel}","templated":true}]}}