{"id":221711,"date":"2025-10-20T09:02:56","date_gmt":"2025-10-20T08:02:56","guid":{"rendered":"https:\/\/radioljubuski.ba\/?p=221711"},"modified":"2025-10-20T09:49:25","modified_gmt":"2025-10-20T08:49:25","slug":"izvidac-agram-u-trecem-kolu-ehf-european-kupa","status":"publish","type":"post","link":"https:\/\/radioljubuski.ba\/index.php\/2025\/10\/20\/izvidac-agram-u-trecem-kolu-ehf-european-kupa\/","title":{"rendered":"Izvi\u0111a\u010d Agram u tre\u0107em kolu EHF European kupa"},"content":{"rendered":"\n<p>Rukometa\u0161i Izvi\u0111a\u010dAgrama plasirali su se u tre\u0107e kolo EHF Europskog kupa, nakon \u0161to su u revan\u0161 susretu protiv kosovske ekipe Besa Famgas, koji je odigran na Kosovu, odigrali nerije\u0161eno 32:32. Podsje\u0107amo, Izvi\u0111a\u010d je u prvoj utakmici u Ljubu\u0161kom pobijedio 40:19 i tako s ukupnih 72:51 osigurao nastup u tre\u0107em kolu.<\/p>\n\n\n\n<p>Izvi\u0111a\u010d je cijelo vrijeme kontrolirao utakmicu, poveo 1:0, pa 3:1, pa 8:3, 10:6, 12:8, 15:10, da bi na poluvrijeme oti\u0161ao s rezultatom 12:6.<\/p>\n\n\n\n<p>Po\u010detkom drugog poluvremena dopustio je doma\u0107inima da se pribli\u017ee na dva gola razlike, odnosno da do\u0111u do 14:16, \u0161to je Izvi\u0111a\u010d, manje-vi\u0161e, odr\u017eavao ve\u0107i dio drugog poluvremena. Tako je bilo, 15:17, 16:18, 18:20, 20:22, 23:25, 26:28, 28:30. Nakon toga doma\u0107ini su stigli do izjedna\u010denja 30:30, pa 31:31, Izvi\u0111a\u010d je poveo 32:31, i na kraju doma\u0107ini posti\u017eu posljednji gol za kona\u010dnih 32:32.<\/p>\n\n\n\n<p>Najefikasniji u redovima Izvi\u0111a\u010da bio je Kerim Semi\u0107 koji je postigao pet golova, po \u010detiri gola dodali su Patrick Dodig i Mile Lasi\u0107, a Danijel Stijovi\u0107, Kristian Kati\u0107, Milan Dedi\u0107 i Mihael Mandi\u0107 postigli su po 3 gola. Doma\u0107ine su predvodili Elion Vokshi s devet te Deniz Terziqi sa 8 postignutih golova.<\/p>\n\n\n\n<p>Pogledajte utakmicu:<\/p>\n\n\n\n<figure class=\"wp-block-embed is-type-video is-provider-youtube wp-block-embed-youtube wp-embed-aspect-16-9 wp-has-aspect-ratio\"><div class=\"wp-block-embed__wrapper\">\n<iframe loading=\"lazy\" title=\"KH Besa Famgas - HC Izvidac\" width=\"640\" height=\"360\" src=\"https:\/\/www.youtube.com\/embed\/j-SkHp1R-ZQ?feature=oembed\" frameborder=\"0\" allow=\"accelerometer; autoplay; clipboard-write; encrypted-media; gyroscope; picture-in-picture; web-share\" referrerpolicy=\"strict-origin-when-cross-origin\" allowfullscreen><\/iframe>\n<\/div><\/figure>\n\n\n\n<p>Radio Ljubu\u0161ki<\/p>\n","protected":false},"excerpt":{"rendered":"<p>Rukometa\u0161i Izvi\u0111a\u010dAgrama plasirali su se u tre\u0107e kolo EHF Europskog kupa, nakon \u0161to su u revan\u0161 susretu protiv kosovske ekipe Besa Famgas, koji je odigran na Kosovu, odigrali nerije\u0161eno 32:32. Podsje\u0107amo, Izvi\u0111a\u010d je u prvoj utakmici u Ljubu\u0161kom pobijedio 40:19 i tako s ukupnih 72:51 osigurao nastup u tre\u0107em kolu. Izvi\u0111a\u010d je cijelo vrijeme kontrolirao [&hellip;]<\/p>\n","protected":false},"author":2,"featured_media":221712,"comment_status":"closed","ping_status":"closed","sticky":false,"template":"","format":"standard","meta":{"h5ap_radio_sources":[],"footnotes":""},"categories":[3,28,7],"tags":[],"class_list":["post-221711","post","type-post","status-publish","format-standard","has-post-thumbnail","hentry","category-ljubuski","category-novosti","category-sport"],"yoast_head":"<!-- This site is optimized with the Yoast SEO plugin v27.5 - https:\/\/yoast.com\/product\/yoast-seo-wordpress\/ -->\n<title>Izvi\u0111a\u010d Agram u tre\u0107em kolu EHF European kupa - RADIO LJUBU\u0160KI<\/title>\n<meta name=\"robots\" content=\"index, follow, max-snippet:-1, max-image-preview:large, max-video-preview:-1\" \/>\n<link rel=\"canonical\" href=\"https:\/\/radioljubuski.ba\/index.php\/2025\/10\/20\/izvidac-agram-u-trecem-kolu-ehf-european-kupa\/\" \/>\n<meta property=\"og:locale\" content=\"hr_HR\" \/>\n<meta property=\"og:type\" content=\"article\" \/>\n<meta property=\"og:title\" content=\"Izvi\u0111a\u010d Agram u tre\u0107em kolu EHF European kupa - RADIO LJUBU\u0160KI\" \/>\n<meta property=\"og:description\" content=\"Rukometa\u0161i Izvi\u0111a\u010dAgrama plasirali su se u tre\u0107e kolo EHF Europskog kupa, nakon \u0161to su u revan\u0161 susretu protiv kosovske ekipe Besa Famgas, koji je odigran na Kosovu, odigrali nerije\u0161eno 32:32. Podsje\u0107amo, Izvi\u0111a\u010d je u prvoj utakmici u Ljubu\u0161kom pobijedio 40:19 i tako s ukupnih 72:51 osigurao nastup u tre\u0107em kolu. Izvi\u0111a\u010d je cijelo vrijeme kontrolirao [&hellip;]\" \/>\n<meta property=\"og:url\" content=\"https:\/\/radioljubuski.ba\/index.php\/2025\/10\/20\/izvidac-agram-u-trecem-kolu-ehf-european-kupa\/\" \/>\n<meta property=\"og:site_name\" content=\"RADIO LJUBU\u0160KI\" \/>\n<meta property=\"article:publisher\" content=\"https:\/\/www.facebook.com\/Radiio-Ljubuski-1490835324566332\" \/>\n<meta property=\"article:published_time\" content=\"2025-10-20T08:02:56+00:00\" \/>\n<meta property=\"article:modified_time\" content=\"2025-10-20T08:49:25+00:00\" \/>\n<meta property=\"og:image\" content=\"https:\/\/radioljubuski.ba\/wp-content\/uploads\/2025\/10\/565155815_1487629406257044_2727171815226775980_n.jpg\" \/>\n\t<meta property=\"og:image:width\" content=\"1638\" \/>\n\t<meta property=\"og:image:height\" content=\"2048\" \/>\n\t<meta property=\"og:image:type\" content=\"image\/jpeg\" \/>\n<meta name=\"author\" content=\"Radio Ljubu\u0161ki\" \/>\n<meta name=\"twitter:card\" content=\"summary_large_image\" \/>\n<meta name=\"twitter:creator\" content=\"@radioljubuski\" \/>\n<meta name=\"twitter:site\" content=\"@radioljubuski\" \/>\n<meta name=\"twitter:label1\" content=\"Napisao\/la\" \/>\n\t<meta name=\"twitter:data1\" content=\"Radio Ljubu\u0161ki\" \/>\n\t<meta name=\"twitter:label2\" content=\"Procijenjeno vrijeme \u010ditanja\" \/>\n\t<meta name=\"twitter:data2\" content=\"2 minute\" \/>\n<script type=\"application\/ld+json\" class=\"yoast-schema-graph\">{\"@context\":\"https:\\\/\\\/schema.org\",\"@graph\":[{\"@type\":\"Article\",\"@id\":\"https:\\\/\\\/radioljubuski.ba\\\/index.php\\\/2025\\\/10\\\/20\\\/izvidac-agram-u-trecem-kolu-ehf-european-kupa\\\/#article\",\"isPartOf\":{\"@id\":\"https:\\\/\\\/radioljubuski.ba\\\/index.php\\\/2025\\\/10\\\/20\\\/izvidac-agram-u-trecem-kolu-ehf-european-kupa\\\/\"},\"author\":{\"name\":\"Radio Ljubu\u0161ki\",\"@id\":\"https:\\\/\\\/radioljubuski.ba\\\/#\\\/schema\\\/person\\\/19fc700381a780f69665d7956c469e3b\"},\"headline\":\"Izvi\u0111a\u010d Agram u tre\u0107em kolu EHF European kupa\",\"datePublished\":\"2025-10-20T08:02:56+00:00\",\"dateModified\":\"2025-10-20T08:49:25+00:00\",\"mainEntityOfPage\":{\"@id\":\"https:\\\/\\\/radioljubuski.ba\\\/index.php\\\/2025\\\/10\\\/20\\\/izvidac-agram-u-trecem-kolu-ehf-european-kupa\\\/\"},\"wordCount\":212,\"publisher\":{\"@id\":\"https:\\\/\\\/radioljubuski.ba\\\/#organization\"},\"image\":{\"@id\":\"https:\\\/\\\/radioljubuski.ba\\\/index.php\\\/2025\\\/10\\\/20\\\/izvidac-agram-u-trecem-kolu-ehf-european-kupa\\\/#primaryimage\"},\"thumbnailUrl\":\"https:\\\/\\\/radioljubuski.ba\\\/wp-content\\\/uploads\\\/2025\\\/10\\\/565155815_1487629406257044_2727171815226775980_n.jpg\",\"articleSection\":[\"Ljubu\u0161ki\",\"Novosti\",\"\u0160port\"],\"inLanguage\":\"hr\"},{\"@type\":\"WebPage\",\"@id\":\"https:\\\/\\\/radioljubuski.ba\\\/index.php\\\/2025\\\/10\\\/20\\\/izvidac-agram-u-trecem-kolu-ehf-european-kupa\\\/\",\"url\":\"https:\\\/\\\/radioljubuski.ba\\\/index.php\\\/2025\\\/10\\\/20\\\/izvidac-agram-u-trecem-kolu-ehf-european-kupa\\\/\",\"name\":\"Izvi\u0111a\u010d Agram u tre\u0107em kolu EHF European kupa - RADIO LJUBU\u0160KI\",\"isPartOf\":{\"@id\":\"https:\\\/\\\/radioljubuski.ba\\\/#website\"},\"primaryImageOfPage\":{\"@id\":\"https:\\\/\\\/radioljubuski.ba\\\/index.php\\\/2025\\\/10\\\/20\\\/izvidac-agram-u-trecem-kolu-ehf-european-kupa\\\/#primaryimage\"},\"image\":{\"@id\":\"https:\\\/\\\/radioljubuski.ba\\\/index.php\\\/2025\\\/10\\\/20\\\/izvidac-agram-u-trecem-kolu-ehf-european-kupa\\\/#primaryimage\"},\"thumbnailUrl\":\"https:\\\/\\\/radioljubuski.ba\\\/wp-content\\\/uploads\\\/2025\\\/10\\\/565155815_1487629406257044_2727171815226775980_n.jpg\",\"datePublished\":\"2025-10-20T08:02:56+00:00\",\"dateModified\":\"2025-10-20T08:49:25+00:00\",\"breadcrumb\":{\"@id\":\"https:\\\/\\\/radioljubuski.ba\\\/index.php\\\/2025\\\/10\\\/20\\\/izvidac-agram-u-trecem-kolu-ehf-european-kupa\\\/#breadcrumb\"},\"inLanguage\":\"hr\",\"potentialAction\":[{\"@type\":\"ReadAction\",\"target\":[\"https:\\\/\\\/radioljubuski.ba\\\/index.php\\\/2025\\\/10\\\/20\\\/izvidac-agram-u-trecem-kolu-ehf-european-kupa\\\/\"]}]},{\"@type\":\"ImageObject\",\"inLanguage\":\"hr\",\"@id\":\"https:\\\/\\\/radioljubuski.ba\\\/index.php\\\/2025\\\/10\\\/20\\\/izvidac-agram-u-trecem-kolu-ehf-european-kupa\\\/#primaryimage\",\"url\":\"https:\\\/\\\/radioljubuski.ba\\\/wp-content\\\/uploads\\\/2025\\\/10\\\/565155815_1487629406257044_2727171815226775980_n.jpg\",\"contentUrl\":\"https:\\\/\\\/radioljubuski.ba\\\/wp-content\\\/uploads\\\/2025\\\/10\\\/565155815_1487629406257044_2727171815226775980_n.jpg\",\"width\":1638,\"height\":2048},{\"@type\":\"BreadcrumbList\",\"@id\":\"https:\\\/\\\/radioljubuski.ba\\\/index.php\\\/2025\\\/10\\\/20\\\/izvidac-agram-u-trecem-kolu-ehf-european-kupa\\\/#breadcrumb\",\"itemListElement\":[{\"@type\":\"ListItem\",\"position\":1,\"name\":\"Po\u010detna stranica\",\"item\":\"https:\\\/\\\/radioljubuski.ba\\\/\"},{\"@type\":\"ListItem\",\"position\":2,\"name\":\"Izvi\u0111a\u010d Agram u tre\u0107em kolu EHF European kupa\"}]},{\"@type\":\"WebSite\",\"@id\":\"https:\\\/\\\/radioljubuski.ba\\\/#website\",\"url\":\"https:\\\/\\\/radioljubuski.ba\\\/\",\"name\":\"Radio Ljubu\u0161ki\",\"description\":\"Sun\u010dana frekvencija Hercegovine\",\"publisher\":{\"@id\":\"https:\\\/\\\/radioljubuski.ba\\\/#organization\"},\"potentialAction\":[{\"@type\":\"SearchAction\",\"target\":{\"@type\":\"EntryPoint\",\"urlTemplate\":\"https:\\\/\\\/radioljubuski.ba\\\/?s={search_term_string}\"},\"query-input\":{\"@type\":\"PropertyValueSpecification\",\"valueRequired\":true,\"valueName\":\"search_term_string\"}}],\"inLanguage\":\"hr\"},{\"@type\":\"Organization\",\"@id\":\"https:\\\/\\\/radioljubuski.ba\\\/#organization\",\"name\":\"Radio Ljubu\u0161ki\",\"url\":\"https:\\\/\\\/radioljubuski.ba\\\/\",\"logo\":{\"@type\":\"ImageObject\",\"inLanguage\":\"hr\",\"@id\":\"https:\\\/\\\/radioljubuski.ba\\\/#\\\/schema\\\/logo\\\/image\\\/\",\"url\":\"https:\\\/\\\/radioljubuski.ba\\\/wp-content\\\/uploads\\\/2021\\\/02\\\/cropped-Radio_Ljubuski_logo1.jpg\",\"contentUrl\":\"https:\\\/\\\/radioljubuski.ba\\\/wp-content\\\/uploads\\\/2021\\\/02\\\/cropped-Radio_Ljubuski_logo1.jpg\",\"width\":512,\"height\":512,\"caption\":\"Radio Ljubu\u0161ki\"},\"image\":{\"@id\":\"https:\\\/\\\/radioljubuski.ba\\\/#\\\/schema\\\/logo\\\/image\\\/\"},\"sameAs\":[\"https:\\\/\\\/www.facebook.com\\\/Radiio-Ljubuski-1490835324566332\",\"https:\\\/\\\/x.com\\\/radioljubuski\",\"https:\\\/\\\/hr.linkedin.com\\\/company\\\/radio-ljubuski\",\"https:\\\/\\\/www.youtube.com\\\/channel\\\/UCHYaeO_n0Db3tjNGudGpXyw\"]},{\"@type\":\"Person\",\"@id\":\"https:\\\/\\\/radioljubuski.ba\\\/#\\\/schema\\\/person\\\/19fc700381a780f69665d7956c469e3b\",\"name\":\"Radio Ljubu\u0161ki\"}]}<\/script>\n<!-- \/ Yoast SEO plugin. -->","yoast_head_json":{"title":"Izvi\u0111a\u010d Agram u tre\u0107em kolu EHF European kupa - RADIO LJUBU\u0160KI","robots":{"index":"index","follow":"follow","max-snippet":"max-snippet:-1","max-image-preview":"max-image-preview:large","max-video-preview":"max-video-preview:-1"},"canonical":"https:\/\/radioljubuski.ba\/index.php\/2025\/10\/20\/izvidac-agram-u-trecem-kolu-ehf-european-kupa\/","og_locale":"hr_HR","og_type":"article","og_title":"Izvi\u0111a\u010d Agram u tre\u0107em kolu EHF European kupa - RADIO LJUBU\u0160KI","og_description":"Rukometa\u0161i Izvi\u0111a\u010dAgrama plasirali su se u tre\u0107e kolo EHF Europskog kupa, nakon \u0161to su u revan\u0161 susretu protiv kosovske ekipe Besa Famgas, koji je odigran na Kosovu, odigrali nerije\u0161eno 32:32. Podsje\u0107amo, Izvi\u0111a\u010d je u prvoj utakmici u Ljubu\u0161kom pobijedio 40:19 i tako s ukupnih 72:51 osigurao nastup u tre\u0107em kolu. Izvi\u0111a\u010d je cijelo vrijeme kontrolirao [&hellip;]","og_url":"https:\/\/radioljubuski.ba\/index.php\/2025\/10\/20\/izvidac-agram-u-trecem-kolu-ehf-european-kupa\/","og_site_name":"RADIO LJUBU\u0160KI","article_publisher":"https:\/\/www.facebook.com\/Radiio-Ljubuski-1490835324566332","article_published_time":"2025-10-20T08:02:56+00:00","article_modified_time":"2025-10-20T08:49:25+00:00","og_image":[{"width":1638,"height":2048,"url":"https:\/\/radioljubuski.ba\/wp-content\/uploads\/2025\/10\/565155815_1487629406257044_2727171815226775980_n.jpg","type":"image\/jpeg"}],"author":"Radio Ljubu\u0161ki","twitter_card":"summary_large_image","twitter_creator":"@radioljubuski","twitter_site":"@radioljubuski","twitter_misc":{"Napisao\/la":"Radio Ljubu\u0161ki","Procijenjeno vrijeme \u010ditanja":"2 minute"},"schema":{"@context":"https:\/\/schema.org","@graph":[{"@type":"Article","@id":"https:\/\/radioljubuski.ba\/index.php\/2025\/10\/20\/izvidac-agram-u-trecem-kolu-ehf-european-kupa\/#article","isPartOf":{"@id":"https:\/\/radioljubuski.ba\/index.php\/2025\/10\/20\/izvidac-agram-u-trecem-kolu-ehf-european-kupa\/"},"author":{"name":"Radio Ljubu\u0161ki","@id":"https:\/\/radioljubuski.ba\/#\/schema\/person\/19fc700381a780f69665d7956c469e3b"},"headline":"Izvi\u0111a\u010d Agram u tre\u0107em kolu EHF European kupa","datePublished":"2025-10-20T08:02:56+00:00","dateModified":"2025-10-20T08:49:25+00:00","mainEntityOfPage":{"@id":"https:\/\/radioljubuski.ba\/index.php\/2025\/10\/20\/izvidac-agram-u-trecem-kolu-ehf-european-kupa\/"},"wordCount":212,"publisher":{"@id":"https:\/\/radioljubuski.ba\/#organization"},"image":{"@id":"https:\/\/radioljubuski.ba\/index.php\/2025\/10\/20\/izvidac-agram-u-trecem-kolu-ehf-european-kupa\/#primaryimage"},"thumbnailUrl":"https:\/\/radioljubuski.ba\/wp-content\/uploads\/2025\/10\/565155815_1487629406257044_2727171815226775980_n.jpg","articleSection":["Ljubu\u0161ki","Novosti","\u0160port"],"inLanguage":"hr"},{"@type":"WebPage","@id":"https:\/\/radioljubuski.ba\/index.php\/2025\/10\/20\/izvidac-agram-u-trecem-kolu-ehf-european-kupa\/","url":"https:\/\/radioljubuski.ba\/index.php\/2025\/10\/20\/izvidac-agram-u-trecem-kolu-ehf-european-kupa\/","name":"Izvi\u0111a\u010d Agram u tre\u0107em kolu EHF European kupa - RADIO LJUBU\u0160KI","isPartOf":{"@id":"https:\/\/radioljubuski.ba\/#website"},"primaryImageOfPage":{"@id":"https:\/\/radioljubuski.ba\/index.php\/2025\/10\/20\/izvidac-agram-u-trecem-kolu-ehf-european-kupa\/#primaryimage"},"image":{"@id":"https:\/\/radioljubuski.ba\/index.php\/2025\/10\/20\/izvidac-agram-u-trecem-kolu-ehf-european-kupa\/#primaryimage"},"thumbnailUrl":"https:\/\/radioljubuski.ba\/wp-content\/uploads\/2025\/10\/565155815_1487629406257044_2727171815226775980_n.jpg","datePublished":"2025-10-20T08:02:56+00:00","dateModified":"2025-10-20T08:49:25+00:00","breadcrumb":{"@id":"https:\/\/radioljubuski.ba\/index.php\/2025\/10\/20\/izvidac-agram-u-trecem-kolu-ehf-european-kupa\/#breadcrumb"},"inLanguage":"hr","potentialAction":[{"@type":"ReadAction","target":["https:\/\/radioljubuski.ba\/index.php\/2025\/10\/20\/izvidac-agram-u-trecem-kolu-ehf-european-kupa\/"]}]},{"@type":"ImageObject","inLanguage":"hr","@id":"https:\/\/radioljubuski.ba\/index.php\/2025\/10\/20\/izvidac-agram-u-trecem-kolu-ehf-european-kupa\/#primaryimage","url":"https:\/\/radioljubuski.ba\/wp-content\/uploads\/2025\/10\/565155815_1487629406257044_2727171815226775980_n.jpg","contentUrl":"https:\/\/radioljubuski.ba\/wp-content\/uploads\/2025\/10\/565155815_1487629406257044_2727171815226775980_n.jpg","width":1638,"height":2048},{"@type":"BreadcrumbList","@id":"https:\/\/radioljubuski.ba\/index.php\/2025\/10\/20\/izvidac-agram-u-trecem-kolu-ehf-european-kupa\/#breadcrumb","itemListElement":[{"@type":"ListItem","position":1,"name":"Po\u010detna stranica","item":"https:\/\/radioljubuski.ba\/"},{"@type":"ListItem","position":2,"name":"Izvi\u0111a\u010d Agram u tre\u0107em kolu EHF European kupa"}]},{"@type":"WebSite","@id":"https:\/\/radioljubuski.ba\/#website","url":"https:\/\/radioljubuski.ba\/","name":"Radio Ljubu\u0161ki","description":"Sun\u010dana frekvencija Hercegovine","publisher":{"@id":"https:\/\/radioljubuski.ba\/#organization"},"potentialAction":[{"@type":"SearchAction","target":{"@type":"EntryPoint","urlTemplate":"https:\/\/radioljubuski.ba\/?s={search_term_string}"},"query-input":{"@type":"PropertyValueSpecification","valueRequired":true,"valueName":"search_term_string"}}],"inLanguage":"hr"},{"@type":"Organization","@id":"https:\/\/radioljubuski.ba\/#organization","name":"Radio Ljubu\u0161ki","url":"https:\/\/radioljubuski.ba\/","logo":{"@type":"ImageObject","inLanguage":"hr","@id":"https:\/\/radioljubuski.ba\/#\/schema\/logo\/image\/","url":"https:\/\/radioljubuski.ba\/wp-content\/uploads\/2021\/02\/cropped-Radio_Ljubuski_logo1.jpg","contentUrl":"https:\/\/radioljubuski.ba\/wp-content\/uploads\/2021\/02\/cropped-Radio_Ljubuski_logo1.jpg","width":512,"height":512,"caption":"Radio Ljubu\u0161ki"},"image":{"@id":"https:\/\/radioljubuski.ba\/#\/schema\/logo\/image\/"},"sameAs":["https:\/\/www.facebook.com\/Radiio-Ljubuski-1490835324566332","https:\/\/x.com\/radioljubuski","https:\/\/hr.linkedin.com\/company\/radio-ljubuski","https:\/\/www.youtube.com\/channel\/UCHYaeO_n0Db3tjNGudGpXyw"]},{"@type":"Person","@id":"https:\/\/radioljubuski.ba\/#\/schema\/person\/19fc700381a780f69665d7956c469e3b","name":"Radio Ljubu\u0161ki"}]}},"_links":{"self":[{"href":"https:\/\/radioljubuski.ba\/index.php\/wp-json\/wp\/v2\/posts\/221711","targetHints":{"allow":["GET"]}}],"collection":[{"href":"https:\/\/radioljubuski.ba\/index.php\/wp-json\/wp\/v2\/posts"}],"about":[{"href":"https:\/\/radioljubuski.ba\/index.php\/wp-json\/wp\/v2\/types\/post"}],"author":[{"embeddable":true,"href":"https:\/\/radioljubuski.ba\/index.php\/wp-json\/wp\/v2\/users\/2"}],"replies":[{"embeddable":true,"href":"https:\/\/radioljubuski.ba\/index.php\/wp-json\/wp\/v2\/comments?post=221711"}],"version-history":[{"count":3,"href":"https:\/\/radioljubuski.ba\/index.php\/wp-json\/wp\/v2\/posts\/221711\/revisions"}],"predecessor-version":[{"id":221719,"href":"https:\/\/radioljubuski.ba\/index.php\/wp-json\/wp\/v2\/posts\/221711\/revisions\/221719"}],"wp:featuredmedia":[{"embeddable":true,"href":"https:\/\/radioljubuski.ba\/index.php\/wp-json\/wp\/v2\/media\/221712"}],"wp:attachment":[{"href":"https:\/\/radioljubuski.ba\/index.php\/wp-json\/wp\/v2\/media?parent=221711"}],"wp:term":[{"taxonomy":"category","embeddable":true,"href":"https:\/\/radioljubuski.ba\/index.php\/wp-json\/wp\/v2\/categories?post=221711"},{"taxonomy":"post_tag","embeddable":true,"href":"https:\/\/radioljubuski.ba\/index.php\/wp-json\/wp\/v2\/tags?post=221711"}],"curies":[{"name":"wp","href":"https:\/\/api.w.org\/{rel}","templated":true}]}}