{"id":221720,"date":"2025-10-20T09:53:12","date_gmt":"2025-10-20T08:53:12","guid":{"rendered":"https:\/\/radioljubuski.ba\/?p=221720"},"modified":"2025-10-27T10:57:37","modified_gmt":"2025-10-27T09:57:37","slug":"plasman-rukometasa-izvidac-agrama-u-3-kola-ehf-europa-kupa-poraz-izvidaca-2-i-pobjeda-nogometasa-ljubuskog","status":"publish","type":"post","link":"https:\/\/radioljubuski.ba\/index.php\/2025\/10\/20\/plasman-rukometasa-izvidac-agrama-u-3-kola-ehf-europa-kupa-poraz-izvidaca-2-i-pobjeda-nogometasa-ljubuskog\/","title":{"rendered":"Plasman rukometa\u0161a Izvi\u0111a\u010d Agrama u 3. kolo EHF Europa kupa, poraz Izvi\u0111a\u010da 2 i pobjeda nogometa\u0161a Ljubu\u0161kog"},"content":{"rendered":"\n<p>Protekli vikend rukometa\u0161i Izvi\u0111a\u010d Agrama odigrali su nerije\u0161eno kod kosovske Bese Famgas i plasirali se u 3. kolo EHF European Cupa, rukometa\u0161i Izvi\u0111a\u010da 2 pora\u017eeni su od \u010capljine na doma\u0107em parketu, a nogometa\u0161i Ljubu\u0161kog su na Babovcu svladali Klis 1:0.<\/p>\n\n\n\n<p><strong>RUKOMET<\/strong><\/p>\n\n\n\n<p><strong>Izvi\u0111a\u010d<\/strong><\/p>\n\n\n\n<p>Rukometa\u0161i Izvi\u0111a\u010d Agrama plasirali su se u tre\u0107e kolo EHF Europskog kupa, nakon \u0161to su u revan\u0161 susretu protiv kosovske ekipe Besa Famgas, koji je odigran na Kosovu, odigrali nerije\u0161eno 32:32. Podsje\u0107amo, Izvi\u0111a\u010d je u prvoj utakmici u Ljubu\u0161kom pobijedio 40:19 i tako s ukupnih 72:51 osigurao nastup u tre\u0107em kolu.<\/p>\n\n\n\n<p>Izvi\u0111a\u010d je cijelo vrijeme kontrolirao utakmicu, poveo 1:0, pa 3:1, pa 8:3, 10:6, 12:8, 15:10, da bi na poluvrijeme oti\u0161ao s rezultatom 16:12.<\/p>\n\n\n\n<p>Po\u010detkom drugog poluvremena dopustio je doma\u0107inima da se pribli\u017ee na dva gola razlike, odnosno da do\u0111u do 14:16, \u0161to je Izvi\u0111a\u010d, manje-vi\u0161e, odr\u017eavao ve\u0107i dio drugog poluvremena. Tako je bilo, 15:17, 16:18, 18:20, 20:22, 23:25, 26:28, 28:30. Nakon toga doma\u0107ini su stigli do izjedna\u010denja 30:30, pa 31:31, Izvi\u0111a\u010d je poveo 32:31, i na kraju doma\u0107ini posti\u017eu posljednji gol za kona\u010dnih 32:32.<\/p>\n\n\n\n<p>Najefikasniji u redovima Izvi\u0111a\u010da bio je Kerim Semi\u0107 koji je postigao pet golova, po \u010detiri gola dodali su Patrick Dodig i Mile Lasi\u0107, a Danijel Stijovi\u0107, Kristian Kati\u0107, Milan Dedi\u0107 i Mihael Mandi\u0107 postigli su po 3 gola. Doma\u0107ine su predvodili Elion Vokshi s devet te Deniz Terziqi s 8 postignutih golova.<\/p>\n\n\n\n<figure class=\"wp-block-embed is-type-wp-embed is-provider-radio-ljubu-ki wp-block-embed-radio-ljubu-ki\"><div class=\"wp-block-embed__wrapper\">\n<blockquote class=\"wp-embedded-content\" data-secret=\"SPggrfX264\"><a href=\"https:\/\/radioljubuski.ba\/index.php\/2025\/10\/20\/izvidac-agram-u-trecem-kolu-ehf-european-kupa\/\">Izvi\u0111a\u010d Agram u tre\u0107em kolu EHF European kupa<\/a><\/blockquote><iframe loading=\"lazy\" class=\"wp-embedded-content\" sandbox=\"allow-scripts\" security=\"restricted\" style=\"position: absolute; visibility: hidden;\" title=\"&#8220;Izvi\u0111a\u010d Agram u tre\u0107em kolu EHF European kupa&#8221; &#8212;   RADIO LJUBU\u0160KI\" src=\"https:\/\/radioljubuski.ba\/index.php\/2025\/10\/20\/izvidac-agram-u-trecem-kolu-ehf-european-kupa\/embed\/#?secret=1yBFf1nIpC#?secret=SPggrfX264\" data-secret=\"SPggrfX264\" width=\"600\" height=\"338\" frameborder=\"0\" marginwidth=\"0\" marginheight=\"0\" scrolling=\"no\"><\/iframe>\n<\/div><\/figure>\n\n\n\n<p><strong>Izvi\u0111a\u010d2<\/strong><\/p>\n\n\n\n<p>U 2. kolu Prve lige F BiH \u2013 skupina Jug rukometa\u0161i Izvi\u0111a\u010da 2 su u petak u Gradskoj \u0161portskoj dvorani u Ljubu\u0161kom pora\u017eeni od \u010capljine rezultatom 31:30, na poluvremenu je bilo 20:15 za \u010capljince.<\/p>\n\n\n\n<p>Najefikasniji u drugoj mom\u010dadi \u201eSkauta\u201c bio je Toma Tolj s 10 postignutih golova, Toma Mad\u017ear postigao je 6, Mirko \u010cuvalo 5, Andrej Zlopa\u0161a i Stipe Boras po 3, a Petar Luburi\u0107, Kristijan Bebek i Vito Grani\u0107 po jedan gol. \u010capljince je predvodio Marko Jel\u010di\u0107 s osam golova, a Pavo Karlu\u0161i\u0107 i Ante Mili\u0107evi\u0107 postigli su po pet golova.<\/p>\n\n\n\n<p>Nakon dva odigrana kola Izvi\u0111a\u010d 2 nalazi se na 4. mjestu prvenstvene ljestvice s dva boda, jednom pobjedom i jednim porazom. Na \u010delu ljestvice su Sloga iz Gornjeg Vakufa\/Uskoplja, Igman s Ilid\u017ee i Vele\u017e iz Mostara svi s dvije pobjede u dva susreta i maksimalnih \u010detiri boda.<\/p>\n\n\n\n<p>U idu\u0107em, 3. kolu, koje je na rasporedu idu\u0107i vikend, Izvi\u0111a\u010d 2 gostuje u Gornjem Vakufu\/Uskoplju kod vode\u0107e Sloge.<\/p>\n\n\n\n<p>Pogledajte snimak utakmice protiv \u010capljine:<\/p>\n\n\n\n<figure class=\"wp-block-embed is-type-video is-provider-youtube wp-block-embed-youtube wp-embed-aspect-16-9 wp-has-aspect-ratio\"><div class=\"wp-block-embed__wrapper\">\n<iframe loading=\"lazy\" title=\"RK Izvi\u0111a\u010d 2 vs RK \u010capljina - 17\/10\/2025\" width=\"640\" height=\"360\" src=\"https:\/\/www.youtube.com\/embed\/j1hzIz4tudk?feature=oembed\" frameborder=\"0\" allow=\"accelerometer; autoplay; clipboard-write; encrypted-media; gyroscope; picture-in-picture; web-share\" referrerpolicy=\"strict-origin-when-cross-origin\" allowfullscreen><\/iframe>\n<\/div><\/figure>\n\n\n\n<p><strong>Rukometna akademija Izvi\u0111a\u010d<\/strong><\/p>\n\n\n\n<p>Ovaj vikend je bio vrlo aktivan za mla\u0111e kategorije Izvi\u0111a\u010da, odnosno za Rukometnu akademiju Izvi\u0111a\u010d.<\/p>\n\n\n\n<p>Mu\u0161ka mom\u010dad RA izvi\u0111a\u010d ugostila je u 2. kolu Lige mladih RS HB ugostila svoje vr\u0161njake iz RA Vitez.<\/p>\n\n\n\n<p>Odigrane su dvije utakmice u dvije uzrasne kategorije i u obje kategorije slavila je doma\u0107a mom\u010dad.<\/p>\n\n\n\n<p>RA Izvi\u0111a\u010d : RA Vitez &#8211;  kadeti 38:34<\/p>\n\n\n\n<p>RA Izvi\u0111a\u010d : RA Vitez &#8211; mla\u0111i kadeti 27:23<\/p>\n\n\n\n<p>Curice RA Izvi\u0111a\u010d su u 1. kolu Lige mladih RS HB u subotu ugostile svoje vr\u0161njakinje iz RA Vitez.<\/p>\n\n\n\n<p>Odigrane su tri utakmice i u svim utakmicama slavile su curice RA Izvi\u0111a\u010d.<\/p>\n\n\n\n<p>Djevoj\u010dice 2011. godi\u0161te<\/p>\n\n\n\n<p>RA Izvi\u0111a\u010d1 : RA Vitez 30:6<\/p>\n\n\n\n<p>RA Izvi\u0111a\u010d2 : RA Vitez 22:17<\/p>\n\n\n\n<p>Djevoj\u010dice 2013. godi\u0161te<\/p>\n\n\n\n<p>RA Izvi\u0111a\u010d : RA Vitez 23:16<\/p>\n\n\n\n<p>Ekipa kadetkinja RA Vitez nije do\u0161la na utakmicu pa \u0107e taj susret biti odigran naknadno.<\/p>\n\n\n\n<p>Vrijedi dodati da je u nedjelju 11 djevoj\u010dica RA Izvi\u0111a\u010d sudjelovalo na regionalnom okupljanju regije jug &#8211; Dalmacija za djevoj\u010dice 2010.\/12. godi\u0161te u organizaciji HRS pod trenerskom palicom trenera Dominikovi\u0107a.<\/p>\n\n\n\n<p><strong>NOGOMET<\/strong><\/p>\n\n\n\n<p>Nogometa\u0161i Ljubu\u0161kog su u nedjelju u 10. kolu Druge lige F BiH \u2013 skupina Jug na Babovcu ugostili mom\u010dad Klisa iz Buturovi\u0107 Polja i slavili s 1:0, na poluvremenu je bilo 0:0.<\/p>\n\n\n\n<p>Jedini gol na utakmici postigao je Luka Bebek u 89. minuti utakmice.<\/p>\n\n\n\n<p>Ljubu\u0161ki je nastupio u sljede\u0107em sastavu: Borna Ili\u010di\u0107, Josip \u0160o\u0161i\u0107, Veselko Vi\u0161tica, Ante Vegar, An\u0111elko Mikuli\u0107, Mario Pulji\u0107, Stanko Mi\u0161eti\u0107, Filip Bebek, Luka Matija\u0161evi\u0107, Josip Doli\u0107 &nbsp;i Noah-Luka \u0160imi\u0107. U drugom poluvremenu u igru su umjesto Veselka Vi\u0161tice, An\u0111elka Mikuli\u0107a, Stanka Mi\u0161eti\u0107a, Luke Matija\u0161evi\u0107a i Ante Vegara u\u0161li Gabrijel Pulji\u0107, Grgo Vasilj, Luka Bebek, Bo\u017ee Milas i Nikola Grani\u0107.<\/p>\n\n\n\n<p>Nakon deset odigranih kola mom\u010dad Ljubu\u0161kog se nalazi na 8. mjestu prvenstvene ljestvice s 13 osvojenih bodova.<\/p>\n\n\n\n<p>U idu\u0107em, 11. kolu, koje je na rasporedu idu\u0107i vikend, Ljubu\u0161ki \u0107e gostovati kod susjednih Gruda.<\/p>\n\n\n\n<p>Radio Ljubu\u0161ki<\/p>\n","protected":false},"excerpt":{"rendered":"<p>Protekli vikend rukometa\u0161i Izvi\u0111a\u010d Agrama odigrali su nerije\u0161eno kod kosovske Bese Famgas i plasirali se u 3. kolo EHF European Cupa, rukometa\u0161i Izvi\u0111a\u010da 2 pora\u017eeni su od \u010capljine na doma\u0107em parketu, a nogometa\u0161i Ljubu\u0161kog su na Babovcu svladali Klis 1:0. RUKOMET Izvi\u0111a\u010d Rukometa\u0161i Izvi\u0111a\u010d Agrama plasirali su se u tre\u0107e kolo EHF Europskog kupa, nakon [&hellip;]<\/p>\n","protected":false},"author":2,"featured_media":221721,"comment_status":"closed","ping_status":"closed","sticky":false,"template":"","format":"standard","meta":{"h5ap_radio_sources":[],"footnotes":""},"categories":[3,28,7],"tags":[],"class_list":["post-221720","post","type-post","status-publish","format-standard","has-post-thumbnail","hentry","category-ljubuski","category-novosti","category-sport"],"yoast_head":"<!-- This site is optimized with the Yoast SEO plugin v27.5 - https:\/\/yoast.com\/product\/yoast-seo-wordpress\/ -->\n<title>Plasman rukometa\u0161a Izvi\u0111a\u010d Agrama u 3. kolo EHF Europa kupa, poraz Izvi\u0111a\u010da 2 i pobjeda nogometa\u0161a Ljubu\u0161kog - RADIO LJUBU\u0160KI<\/title>\n<meta name=\"robots\" content=\"index, follow, max-snippet:-1, max-image-preview:large, max-video-preview:-1\" \/>\n<link rel=\"canonical\" href=\"https:\/\/radioljubuski.ba\/index.php\/2025\/10\/20\/plasman-rukometasa-izvidac-agrama-u-3-kola-ehf-europa-kupa-poraz-izvidaca-2-i-pobjeda-nogometasa-ljubuskog\/\" \/>\n<meta property=\"og:locale\" content=\"hr_HR\" \/>\n<meta property=\"og:type\" content=\"article\" \/>\n<meta property=\"og:title\" content=\"Plasman rukometa\u0161a Izvi\u0111a\u010d Agrama u 3. kolo EHF Europa kupa, poraz Izvi\u0111a\u010da 2 i pobjeda nogometa\u0161a Ljubu\u0161kog - RADIO LJUBU\u0160KI\" \/>\n<meta property=\"og:description\" content=\"Protekli vikend rukometa\u0161i Izvi\u0111a\u010d Agrama odigrali su nerije\u0161eno kod kosovske Bese Famgas i plasirali se u 3. kolo EHF European Cupa, rukometa\u0161i Izvi\u0111a\u010da 2 pora\u017eeni su od \u010capljine na doma\u0107em parketu, a nogometa\u0161i Ljubu\u0161kog su na Babovcu svladali Klis 1:0. RUKOMET Izvi\u0111a\u010d Rukometa\u0161i Izvi\u0111a\u010d Agrama plasirali su se u tre\u0107e kolo EHF Europskog kupa, nakon [&hellip;]\" \/>\n<meta property=\"og:url\" content=\"https:\/\/radioljubuski.ba\/index.php\/2025\/10\/20\/plasman-rukometasa-izvidac-agrama-u-3-kola-ehf-europa-kupa-poraz-izvidaca-2-i-pobjeda-nogometasa-ljubuskog\/\" \/>\n<meta property=\"og:site_name\" content=\"RADIO LJUBU\u0160KI\" \/>\n<meta property=\"article:publisher\" content=\"https:\/\/www.facebook.com\/Radiio-Ljubuski-1490835324566332\" \/>\n<meta property=\"article:published_time\" content=\"2025-10-20T08:53:12+00:00\" \/>\n<meta property=\"article:modified_time\" content=\"2025-10-27T09:57:37+00:00\" \/>\n<meta property=\"og:image\" content=\"https:\/\/radioljubuski.ba\/wp-content\/uploads\/2025\/10\/sportske-novosti-2.png\" \/>\n\t<meta property=\"og:image:width\" content=\"808\" \/>\n\t<meta property=\"og:image:height\" content=\"699\" \/>\n\t<meta property=\"og:image:type\" content=\"image\/png\" \/>\n<meta name=\"author\" content=\"Radio Ljubu\u0161ki\" \/>\n<meta name=\"twitter:card\" content=\"summary_large_image\" \/>\n<meta name=\"twitter:creator\" content=\"@radioljubuski\" \/>\n<meta name=\"twitter:site\" content=\"@radioljubuski\" \/>\n<meta name=\"twitter:label1\" content=\"Napisao\/la\" \/>\n\t<meta name=\"twitter:data1\" content=\"Radio Ljubu\u0161ki\" \/>\n\t<meta name=\"twitter:label2\" content=\"Procijenjeno vrijeme \u010ditanja\" \/>\n\t<meta name=\"twitter:data2\" content=\"4 minute\" \/>\n<script type=\"application\/ld+json\" class=\"yoast-schema-graph\">{\"@context\":\"https:\\\/\\\/schema.org\",\"@graph\":[{\"@type\":\"Article\",\"@id\":\"https:\\\/\\\/radioljubuski.ba\\\/index.php\\\/2025\\\/10\\\/20\\\/plasman-rukometasa-izvidac-agrama-u-3-kola-ehf-europa-kupa-poraz-izvidaca-2-i-pobjeda-nogometasa-ljubuskog\\\/#article\",\"isPartOf\":{\"@id\":\"https:\\\/\\\/radioljubuski.ba\\\/index.php\\\/2025\\\/10\\\/20\\\/plasman-rukometasa-izvidac-agrama-u-3-kola-ehf-europa-kupa-poraz-izvidaca-2-i-pobjeda-nogometasa-ljubuskog\\\/\"},\"author\":{\"name\":\"Radio Ljubu\u0161ki\",\"@id\":\"https:\\\/\\\/radioljubuski.ba\\\/#\\\/schema\\\/person\\\/19fc700381a780f69665d7956c469e3b\"},\"headline\":\"Plasman rukometa\u0161a Izvi\u0111a\u010d Agrama u 3. kolo EHF Europa kupa, poraz Izvi\u0111a\u010da 2 i pobjeda nogometa\u0161a Ljubu\u0161kog\",\"datePublished\":\"2025-10-20T08:53:12+00:00\",\"dateModified\":\"2025-10-27T09:57:37+00:00\",\"mainEntityOfPage\":{\"@id\":\"https:\\\/\\\/radioljubuski.ba\\\/index.php\\\/2025\\\/10\\\/20\\\/plasman-rukometasa-izvidac-agrama-u-3-kola-ehf-europa-kupa-poraz-izvidaca-2-i-pobjeda-nogometasa-ljubuskog\\\/\"},\"wordCount\":790,\"publisher\":{\"@id\":\"https:\\\/\\\/radioljubuski.ba\\\/#organization\"},\"image\":{\"@id\":\"https:\\\/\\\/radioljubuski.ba\\\/index.php\\\/2025\\\/10\\\/20\\\/plasman-rukometasa-izvidac-agrama-u-3-kola-ehf-europa-kupa-poraz-izvidaca-2-i-pobjeda-nogometasa-ljubuskog\\\/#primaryimage\"},\"thumbnailUrl\":\"https:\\\/\\\/radioljubuski.ba\\\/wp-content\\\/uploads\\\/2025\\\/10\\\/sportske-novosti-2.png\",\"articleSection\":[\"Ljubu\u0161ki\",\"Novosti\",\"\u0160port\"],\"inLanguage\":\"hr\"},{\"@type\":\"WebPage\",\"@id\":\"https:\\\/\\\/radioljubuski.ba\\\/index.php\\\/2025\\\/10\\\/20\\\/plasman-rukometasa-izvidac-agrama-u-3-kola-ehf-europa-kupa-poraz-izvidaca-2-i-pobjeda-nogometasa-ljubuskog\\\/\",\"url\":\"https:\\\/\\\/radioljubuski.ba\\\/index.php\\\/2025\\\/10\\\/20\\\/plasman-rukometasa-izvidac-agrama-u-3-kola-ehf-europa-kupa-poraz-izvidaca-2-i-pobjeda-nogometasa-ljubuskog\\\/\",\"name\":\"Plasman rukometa\u0161a Izvi\u0111a\u010d Agrama u 3. kolo EHF Europa kupa, poraz Izvi\u0111a\u010da 2 i pobjeda nogometa\u0161a Ljubu\u0161kog - RADIO LJUBU\u0160KI\",\"isPartOf\":{\"@id\":\"https:\\\/\\\/radioljubuski.ba\\\/#website\"},\"primaryImageOfPage\":{\"@id\":\"https:\\\/\\\/radioljubuski.ba\\\/index.php\\\/2025\\\/10\\\/20\\\/plasman-rukometasa-izvidac-agrama-u-3-kola-ehf-europa-kupa-poraz-izvidaca-2-i-pobjeda-nogometasa-ljubuskog\\\/#primaryimage\"},\"image\":{\"@id\":\"https:\\\/\\\/radioljubuski.ba\\\/index.php\\\/2025\\\/10\\\/20\\\/plasman-rukometasa-izvidac-agrama-u-3-kola-ehf-europa-kupa-poraz-izvidaca-2-i-pobjeda-nogometasa-ljubuskog\\\/#primaryimage\"},\"thumbnailUrl\":\"https:\\\/\\\/radioljubuski.ba\\\/wp-content\\\/uploads\\\/2025\\\/10\\\/sportske-novosti-2.png\",\"datePublished\":\"2025-10-20T08:53:12+00:00\",\"dateModified\":\"2025-10-27T09:57:37+00:00\",\"breadcrumb\":{\"@id\":\"https:\\\/\\\/radioljubuski.ba\\\/index.php\\\/2025\\\/10\\\/20\\\/plasman-rukometasa-izvidac-agrama-u-3-kola-ehf-europa-kupa-poraz-izvidaca-2-i-pobjeda-nogometasa-ljubuskog\\\/#breadcrumb\"},\"inLanguage\":\"hr\",\"potentialAction\":[{\"@type\":\"ReadAction\",\"target\":[\"https:\\\/\\\/radioljubuski.ba\\\/index.php\\\/2025\\\/10\\\/20\\\/plasman-rukometasa-izvidac-agrama-u-3-kola-ehf-europa-kupa-poraz-izvidaca-2-i-pobjeda-nogometasa-ljubuskog\\\/\"]}]},{\"@type\":\"ImageObject\",\"inLanguage\":\"hr\",\"@id\":\"https:\\\/\\\/radioljubuski.ba\\\/index.php\\\/2025\\\/10\\\/20\\\/plasman-rukometasa-izvidac-agrama-u-3-kola-ehf-europa-kupa-poraz-izvidaca-2-i-pobjeda-nogometasa-ljubuskog\\\/#primaryimage\",\"url\":\"https:\\\/\\\/radioljubuski.ba\\\/wp-content\\\/uploads\\\/2025\\\/10\\\/sportske-novosti-2.png\",\"contentUrl\":\"https:\\\/\\\/radioljubuski.ba\\\/wp-content\\\/uploads\\\/2025\\\/10\\\/sportske-novosti-2.png\",\"width\":808,\"height\":699},{\"@type\":\"BreadcrumbList\",\"@id\":\"https:\\\/\\\/radioljubuski.ba\\\/index.php\\\/2025\\\/10\\\/20\\\/plasman-rukometasa-izvidac-agrama-u-3-kola-ehf-europa-kupa-poraz-izvidaca-2-i-pobjeda-nogometasa-ljubuskog\\\/#breadcrumb\",\"itemListElement\":[{\"@type\":\"ListItem\",\"position\":1,\"name\":\"Po\u010detna stranica\",\"item\":\"https:\\\/\\\/radioljubuski.ba\\\/\"},{\"@type\":\"ListItem\",\"position\":2,\"name\":\"Plasman rukometa\u0161a Izvi\u0111a\u010d Agrama u 3. kolo EHF Europa kupa, poraz Izvi\u0111a\u010da 2 i pobjeda nogometa\u0161a Ljubu\u0161kog\"}]},{\"@type\":\"WebSite\",\"@id\":\"https:\\\/\\\/radioljubuski.ba\\\/#website\",\"url\":\"https:\\\/\\\/radioljubuski.ba\\\/\",\"name\":\"Radio Ljubu\u0161ki\",\"description\":\"Sun\u010dana frekvencija Hercegovine\",\"publisher\":{\"@id\":\"https:\\\/\\\/radioljubuski.ba\\\/#organization\"},\"potentialAction\":[{\"@type\":\"SearchAction\",\"target\":{\"@type\":\"EntryPoint\",\"urlTemplate\":\"https:\\\/\\\/radioljubuski.ba\\\/?s={search_term_string}\"},\"query-input\":{\"@type\":\"PropertyValueSpecification\",\"valueRequired\":true,\"valueName\":\"search_term_string\"}}],\"inLanguage\":\"hr\"},{\"@type\":\"Organization\",\"@id\":\"https:\\\/\\\/radioljubuski.ba\\\/#organization\",\"name\":\"Radio Ljubu\u0161ki\",\"url\":\"https:\\\/\\\/radioljubuski.ba\\\/\",\"logo\":{\"@type\":\"ImageObject\",\"inLanguage\":\"hr\",\"@id\":\"https:\\\/\\\/radioljubuski.ba\\\/#\\\/schema\\\/logo\\\/image\\\/\",\"url\":\"https:\\\/\\\/radioljubuski.ba\\\/wp-content\\\/uploads\\\/2021\\\/02\\\/cropped-Radio_Ljubuski_logo1.jpg\",\"contentUrl\":\"https:\\\/\\\/radioljubuski.ba\\\/wp-content\\\/uploads\\\/2021\\\/02\\\/cropped-Radio_Ljubuski_logo1.jpg\",\"width\":512,\"height\":512,\"caption\":\"Radio Ljubu\u0161ki\"},\"image\":{\"@id\":\"https:\\\/\\\/radioljubuski.ba\\\/#\\\/schema\\\/logo\\\/image\\\/\"},\"sameAs\":[\"https:\\\/\\\/www.facebook.com\\\/Radiio-Ljubuski-1490835324566332\",\"https:\\\/\\\/x.com\\\/radioljubuski\",\"https:\\\/\\\/hr.linkedin.com\\\/company\\\/radio-ljubuski\",\"https:\\\/\\\/www.youtube.com\\\/channel\\\/UCHYaeO_n0Db3tjNGudGpXyw\"]},{\"@type\":\"Person\",\"@id\":\"https:\\\/\\\/radioljubuski.ba\\\/#\\\/schema\\\/person\\\/19fc700381a780f69665d7956c469e3b\",\"name\":\"Radio Ljubu\u0161ki\"}]}<\/script>\n<!-- \/ Yoast SEO plugin. -->","yoast_head_json":{"title":"Plasman rukometa\u0161a Izvi\u0111a\u010d Agrama u 3. kolo EHF Europa kupa, poraz Izvi\u0111a\u010da 2 i pobjeda nogometa\u0161a Ljubu\u0161kog - RADIO LJUBU\u0160KI","robots":{"index":"index","follow":"follow","max-snippet":"max-snippet:-1","max-image-preview":"max-image-preview:large","max-video-preview":"max-video-preview:-1"},"canonical":"https:\/\/radioljubuski.ba\/index.php\/2025\/10\/20\/plasman-rukometasa-izvidac-agrama-u-3-kola-ehf-europa-kupa-poraz-izvidaca-2-i-pobjeda-nogometasa-ljubuskog\/","og_locale":"hr_HR","og_type":"article","og_title":"Plasman rukometa\u0161a Izvi\u0111a\u010d Agrama u 3. kolo EHF Europa kupa, poraz Izvi\u0111a\u010da 2 i pobjeda nogometa\u0161a Ljubu\u0161kog - RADIO LJUBU\u0160KI","og_description":"Protekli vikend rukometa\u0161i Izvi\u0111a\u010d Agrama odigrali su nerije\u0161eno kod kosovske Bese Famgas i plasirali se u 3. kolo EHF European Cupa, rukometa\u0161i Izvi\u0111a\u010da 2 pora\u017eeni su od \u010capljine na doma\u0107em parketu, a nogometa\u0161i Ljubu\u0161kog su na Babovcu svladali Klis 1:0. RUKOMET Izvi\u0111a\u010d Rukometa\u0161i Izvi\u0111a\u010d Agrama plasirali su se u tre\u0107e kolo EHF Europskog kupa, nakon [&hellip;]","og_url":"https:\/\/radioljubuski.ba\/index.php\/2025\/10\/20\/plasman-rukometasa-izvidac-agrama-u-3-kola-ehf-europa-kupa-poraz-izvidaca-2-i-pobjeda-nogometasa-ljubuskog\/","og_site_name":"RADIO LJUBU\u0160KI","article_publisher":"https:\/\/www.facebook.com\/Radiio-Ljubuski-1490835324566332","article_published_time":"2025-10-20T08:53:12+00:00","article_modified_time":"2025-10-27T09:57:37+00:00","og_image":[{"width":808,"height":699,"url":"https:\/\/radioljubuski.ba\/wp-content\/uploads\/2025\/10\/sportske-novosti-2.png","type":"image\/png"}],"author":"Radio Ljubu\u0161ki","twitter_card":"summary_large_image","twitter_creator":"@radioljubuski","twitter_site":"@radioljubuski","twitter_misc":{"Napisao\/la":"Radio Ljubu\u0161ki","Procijenjeno vrijeme \u010ditanja":"4 minute"},"schema":{"@context":"https:\/\/schema.org","@graph":[{"@type":"Article","@id":"https:\/\/radioljubuski.ba\/index.php\/2025\/10\/20\/plasman-rukometasa-izvidac-agrama-u-3-kola-ehf-europa-kupa-poraz-izvidaca-2-i-pobjeda-nogometasa-ljubuskog\/#article","isPartOf":{"@id":"https:\/\/radioljubuski.ba\/index.php\/2025\/10\/20\/plasman-rukometasa-izvidac-agrama-u-3-kola-ehf-europa-kupa-poraz-izvidaca-2-i-pobjeda-nogometasa-ljubuskog\/"},"author":{"name":"Radio Ljubu\u0161ki","@id":"https:\/\/radioljubuski.ba\/#\/schema\/person\/19fc700381a780f69665d7956c469e3b"},"headline":"Plasman rukometa\u0161a Izvi\u0111a\u010d Agrama u 3. kolo EHF Europa kupa, poraz Izvi\u0111a\u010da 2 i pobjeda nogometa\u0161a Ljubu\u0161kog","datePublished":"2025-10-20T08:53:12+00:00","dateModified":"2025-10-27T09:57:37+00:00","mainEntityOfPage":{"@id":"https:\/\/radioljubuski.ba\/index.php\/2025\/10\/20\/plasman-rukometasa-izvidac-agrama-u-3-kola-ehf-europa-kupa-poraz-izvidaca-2-i-pobjeda-nogometasa-ljubuskog\/"},"wordCount":790,"publisher":{"@id":"https:\/\/radioljubuski.ba\/#organization"},"image":{"@id":"https:\/\/radioljubuski.ba\/index.php\/2025\/10\/20\/plasman-rukometasa-izvidac-agrama-u-3-kola-ehf-europa-kupa-poraz-izvidaca-2-i-pobjeda-nogometasa-ljubuskog\/#primaryimage"},"thumbnailUrl":"https:\/\/radioljubuski.ba\/wp-content\/uploads\/2025\/10\/sportske-novosti-2.png","articleSection":["Ljubu\u0161ki","Novosti","\u0160port"],"inLanguage":"hr"},{"@type":"WebPage","@id":"https:\/\/radioljubuski.ba\/index.php\/2025\/10\/20\/plasman-rukometasa-izvidac-agrama-u-3-kola-ehf-europa-kupa-poraz-izvidaca-2-i-pobjeda-nogometasa-ljubuskog\/","url":"https:\/\/radioljubuski.ba\/index.php\/2025\/10\/20\/plasman-rukometasa-izvidac-agrama-u-3-kola-ehf-europa-kupa-poraz-izvidaca-2-i-pobjeda-nogometasa-ljubuskog\/","name":"Plasman rukometa\u0161a Izvi\u0111a\u010d Agrama u 3. kolo EHF Europa kupa, poraz Izvi\u0111a\u010da 2 i pobjeda nogometa\u0161a Ljubu\u0161kog - RADIO LJUBU\u0160KI","isPartOf":{"@id":"https:\/\/radioljubuski.ba\/#website"},"primaryImageOfPage":{"@id":"https:\/\/radioljubuski.ba\/index.php\/2025\/10\/20\/plasman-rukometasa-izvidac-agrama-u-3-kola-ehf-europa-kupa-poraz-izvidaca-2-i-pobjeda-nogometasa-ljubuskog\/#primaryimage"},"image":{"@id":"https:\/\/radioljubuski.ba\/index.php\/2025\/10\/20\/plasman-rukometasa-izvidac-agrama-u-3-kola-ehf-europa-kupa-poraz-izvidaca-2-i-pobjeda-nogometasa-ljubuskog\/#primaryimage"},"thumbnailUrl":"https:\/\/radioljubuski.ba\/wp-content\/uploads\/2025\/10\/sportske-novosti-2.png","datePublished":"2025-10-20T08:53:12+00:00","dateModified":"2025-10-27T09:57:37+00:00","breadcrumb":{"@id":"https:\/\/radioljubuski.ba\/index.php\/2025\/10\/20\/plasman-rukometasa-izvidac-agrama-u-3-kola-ehf-europa-kupa-poraz-izvidaca-2-i-pobjeda-nogometasa-ljubuskog\/#breadcrumb"},"inLanguage":"hr","potentialAction":[{"@type":"ReadAction","target":["https:\/\/radioljubuski.ba\/index.php\/2025\/10\/20\/plasman-rukometasa-izvidac-agrama-u-3-kola-ehf-europa-kupa-poraz-izvidaca-2-i-pobjeda-nogometasa-ljubuskog\/"]}]},{"@type":"ImageObject","inLanguage":"hr","@id":"https:\/\/radioljubuski.ba\/index.php\/2025\/10\/20\/plasman-rukometasa-izvidac-agrama-u-3-kola-ehf-europa-kupa-poraz-izvidaca-2-i-pobjeda-nogometasa-ljubuskog\/#primaryimage","url":"https:\/\/radioljubuski.ba\/wp-content\/uploads\/2025\/10\/sportske-novosti-2.png","contentUrl":"https:\/\/radioljubuski.ba\/wp-content\/uploads\/2025\/10\/sportske-novosti-2.png","width":808,"height":699},{"@type":"BreadcrumbList","@id":"https:\/\/radioljubuski.ba\/index.php\/2025\/10\/20\/plasman-rukometasa-izvidac-agrama-u-3-kola-ehf-europa-kupa-poraz-izvidaca-2-i-pobjeda-nogometasa-ljubuskog\/#breadcrumb","itemListElement":[{"@type":"ListItem","position":1,"name":"Po\u010detna stranica","item":"https:\/\/radioljubuski.ba\/"},{"@type":"ListItem","position":2,"name":"Plasman rukometa\u0161a Izvi\u0111a\u010d Agrama u 3. kolo EHF Europa kupa, poraz Izvi\u0111a\u010da 2 i pobjeda nogometa\u0161a Ljubu\u0161kog"}]},{"@type":"WebSite","@id":"https:\/\/radioljubuski.ba\/#website","url":"https:\/\/radioljubuski.ba\/","name":"Radio Ljubu\u0161ki","description":"Sun\u010dana frekvencija Hercegovine","publisher":{"@id":"https:\/\/radioljubuski.ba\/#organization"},"potentialAction":[{"@type":"SearchAction","target":{"@type":"EntryPoint","urlTemplate":"https:\/\/radioljubuski.ba\/?s={search_term_string}"},"query-input":{"@type":"PropertyValueSpecification","valueRequired":true,"valueName":"search_term_string"}}],"inLanguage":"hr"},{"@type":"Organization","@id":"https:\/\/radioljubuski.ba\/#organization","name":"Radio Ljubu\u0161ki","url":"https:\/\/radioljubuski.ba\/","logo":{"@type":"ImageObject","inLanguage":"hr","@id":"https:\/\/radioljubuski.ba\/#\/schema\/logo\/image\/","url":"https:\/\/radioljubuski.ba\/wp-content\/uploads\/2021\/02\/cropped-Radio_Ljubuski_logo1.jpg","contentUrl":"https:\/\/radioljubuski.ba\/wp-content\/uploads\/2021\/02\/cropped-Radio_Ljubuski_logo1.jpg","width":512,"height":512,"caption":"Radio Ljubu\u0161ki"},"image":{"@id":"https:\/\/radioljubuski.ba\/#\/schema\/logo\/image\/"},"sameAs":["https:\/\/www.facebook.com\/Radiio-Ljubuski-1490835324566332","https:\/\/x.com\/radioljubuski","https:\/\/hr.linkedin.com\/company\/radio-ljubuski","https:\/\/www.youtube.com\/channel\/UCHYaeO_n0Db3tjNGudGpXyw"]},{"@type":"Person","@id":"https:\/\/radioljubuski.ba\/#\/schema\/person\/19fc700381a780f69665d7956c469e3b","name":"Radio Ljubu\u0161ki"}]}},"_links":{"self":[{"href":"https:\/\/radioljubuski.ba\/index.php\/wp-json\/wp\/v2\/posts\/221720","targetHints":{"allow":["GET"]}}],"collection":[{"href":"https:\/\/radioljubuski.ba\/index.php\/wp-json\/wp\/v2\/posts"}],"about":[{"href":"https:\/\/radioljubuski.ba\/index.php\/wp-json\/wp\/v2\/types\/post"}],"author":[{"embeddable":true,"href":"https:\/\/radioljubuski.ba\/index.php\/wp-json\/wp\/v2\/users\/2"}],"replies":[{"embeddable":true,"href":"https:\/\/radioljubuski.ba\/index.php\/wp-json\/wp\/v2\/comments?post=221720"}],"version-history":[{"count":3,"href":"https:\/\/radioljubuski.ba\/index.php\/wp-json\/wp\/v2\/posts\/221720\/revisions"}],"predecessor-version":[{"id":221728,"href":"https:\/\/radioljubuski.ba\/index.php\/wp-json\/wp\/v2\/posts\/221720\/revisions\/221728"}],"wp:featuredmedia":[{"embeddable":true,"href":"https:\/\/radioljubuski.ba\/index.php\/wp-json\/wp\/v2\/media\/221721"}],"wp:attachment":[{"href":"https:\/\/radioljubuski.ba\/index.php\/wp-json\/wp\/v2\/media?parent=221720"}],"wp:term":[{"taxonomy":"category","embeddable":true,"href":"https:\/\/radioljubuski.ba\/index.php\/wp-json\/wp\/v2\/categories?post=221720"},{"taxonomy":"post_tag","embeddable":true,"href":"https:\/\/radioljubuski.ba\/index.php\/wp-json\/wp\/v2\/tags?post=221720"}],"curies":[{"name":"wp","href":"https:\/\/api.w.org\/{rel}","templated":true}]}}