{"id":221729,"date":"2025-10-21T08:39:03","date_gmt":"2025-10-21T07:39:03","guid":{"rendered":"https:\/\/radioljubuski.ba\/?p=221729"},"modified":"2025-10-27T09:13:54","modified_gmt":"2025-10-27T08:13:54","slug":"rezervirajte-svoje-mjesto-i-dodite-na-dane-otvorenih-podruma-u-ljubuski","status":"publish","type":"post","link":"https:\/\/radioljubuski.ba\/index.php\/2025\/10\/21\/rezervirajte-svoje-mjesto-i-dodite-na-dane-otvorenih-podruma-u-ljubuski\/","title":{"rendered":"Rezervirajte svoje mjesto i do\u0111ite na Dane otvorenih podruma u Ljubu\u0161ki"},"content":{"rendered":"\n<h1 class=\"wp-block-heading\">&nbsp;<\/h1>\n\n\n\n<p><strong>Ljubu\u0161ki <\/strong>potvr\u0111uje kako je sredi\u0161te vinskih do\u017eivljaja, naime doma\u0107ini smo prvog vikenda u sklopu manifestacije <strong>\u201eDani otvorenih podruma\u201c <\/strong>Vinske ceste Hercegovine, koja okuplja vinare, ugostitelje i ljubitelje vina iz cijele regije.<\/p>\n\n\n\n<p><strong>Ljubu\u0161ki<\/strong>  tako u subotu i nedjelju <strong>25. i 26.listopada 2025.<\/strong> postaje nezaobilaznom destinacijom za istinske ljubitelje vina i dobre hrane.<\/p>\n\n\n\n<p>U programu sudjeluju vinari i ugostitelji iz Ljubu\u0161kog : <strong>Smokva Wine Bar, Tabak Museum &amp; Restaurant, Podrum Begi\u0107, Obiteljski podrum Su\u0161ac i Vinogradi Nui\u0107<\/strong>.<\/p>\n\n\n\n<figure class=\"wp-block-image size-large\"><img loading=\"lazy\" decoding=\"async\" width=\"1024\" height=\"819\" src=\"https:\/\/radioljubuski.ba\/wp-content\/uploads\/2025\/10\/Beige-Boho-Style-Accessories-Photo-Collage-1024x819.png\" alt=\"\" class=\"wp-image-221752\" srcset=\"https:\/\/radioljubuski.ba\/wp-content\/uploads\/2025\/10\/Beige-Boho-Style-Accessories-Photo-Collage-1024x819.png 1024w, https:\/\/radioljubuski.ba\/wp-content\/uploads\/2025\/10\/Beige-Boho-Style-Accessories-Photo-Collage-300x240.png 300w, https:\/\/radioljubuski.ba\/wp-content\/uploads\/2025\/10\/Beige-Boho-Style-Accessories-Photo-Collage-768x614.png 768w, https:\/\/radioljubuski.ba\/wp-content\/uploads\/2025\/10\/Beige-Boho-Style-Accessories-Photo-Collage-1536x1229.png 1536w, https:\/\/radioljubuski.ba\/wp-content\/uploads\/2025\/10\/Beige-Boho-Style-Accessories-Photo-Collage-15x12.png 15w, https:\/\/radioljubuski.ba\/wp-content\/uploads\/2025\/10\/Beige-Boho-Style-Accessories-Photo-Collage.png 2000w\" sizes=\"auto, (max-width: 1024px) 100vw, 1024px\" \/><\/figure>\n\n\n\n<p><\/p>\n\n\n\n<p>Radio Ljubu\u0161ki Vam predstavlja program manifestacije :<br><br><strong>Subota  25. listopa<\/strong>da<br><br><strong>Vinogradi Nui\u0107<\/strong> otvoreni su <strong>od 12 do 14 sati<\/strong>, a posjetitelji \u0107e imati priliku besplatno razgledati vinograde i u\u017eivati u promo danu, do\u017eivjeti pravo iskustvo hercegova\u010dke vinske tradicije na dohvat ruke! Rezervirajte svoje mjesto na <strong>063 034 706 <\/strong>.<br><br><strong>Obiteljski podrum Su\u0161ac<\/strong> bit \u0107e otvoren u subotu <strong>od 14 do 19 sati<\/strong> \u2013 uz obilazak vinograda i maslinjaka, ku\u0161anje vina i maslinovog ulja, te autenti\u010dan ugo\u0111aj tradicionalnog hercegova\u010dkog doma\u0107instva. Cijena degustacije je 40 konvertibilnih maraka, a broj mjesta je ograni\u010den uz rezervaciju na brojeve telefona <strong>063 215 017 i 063 494 088.<\/strong><br><br><strong>Podrum Begi\u0107 od 16 do 21 sat<\/strong> priprema pravi hercegova\u010dki do\u017eivljaj uz pe\u010denje rakije, obilazak vinograda, doma\u0107u mezu, ro\u0161tilj i glazbu u\u017eivo. Cijena sudjelovanja je 60 maraka po osobi, uz obaveznu rezervaciju na broj <strong>063 714 558.<\/strong><br><br><strong>Smokva Wine Bar od 18 do 24 sata<\/strong> donosi glazbu uz resident DJ-a, gastro delicije Dragana Buconji\u0107a i live cooking show s OGYR grilom, te bogatu ponudu sa vi\u0161e od 200 vinskih etiketa na izbor. Kontakt broj <strong>063 451 999.<\/strong><br><br><strong>Tabak Restaurant<\/strong> nudi cjelodnevno u\u017eivanje <strong>od 11 do 23 sata,<\/strong> uz glazbu u\u017eivo od 20 sati i ve\u010deru uz vino. Kontakt broj <strong>063 726 777<\/strong>.<br><\/p>\n\n\n\n<p><strong>Nedjelja 26.listopada<\/strong><\/p>\n\n\n\n<p><strong>Smokva Wine Bar<\/strong> od <strong>16:00 do 24:00<\/strong> uz program: Resident DJ, gastro delicije by Dragan Buconji\u0107, live cooking show s OFYR grillom, razgovor s HWR vinarima (18:00\u201320:00),  Magnum vina &amp; jedinstveni vinski do\u017eivljaj. Kontakt broj <strong>063 451 999.<\/strong><\/p>\n\n\n\n<p><strong>Podrum Begi\u0107 od 16 do 21 sat<\/strong> priprema pravi hercegova\u010dki do\u017eivljaj uz pe\u010denje rakije, obilazak vinograda, doma\u0107u mezu, ro\u0161tilj i glazbu u\u017eivo. Cijena sudjelovanja je 60 maraka po osobi, uz obaveznu rezervaciju na broj <strong>063 714 558.<\/strong><\/p>\n\n\n\n<p><strong>Tabak Restaurant<\/strong> nudi cjelodnevno u\u017eivanje <strong>od 11 do 23 sata,<\/strong> vinsku vikend promociju. Kontakt broj <strong>063 726 777<\/strong>.<\/p>\n\n\n\n<p>Detaljniji sadr\u017eaj pogledajte na dru\u0161tvenim stranicama <strong>Vinske ceste Hercegovine<\/strong> :<\/p>\n\n\n\n<p><a href=\"https:\/\/www.facebook.com\/hwr.ba\/?locale=hr_HR\">https:\/\/www.facebook.com\/hwr.ba\/?locale=hr_HR<\/a><\/p>\n\n\n\n<figure class=\"wp-block-image size-large\"><img loading=\"lazy\" decoding=\"async\" width=\"819\" height=\"1024\" src=\"https:\/\/radioljubuski.ba\/wp-content\/uploads\/2025\/10\/561785903_814108084808438_3355180123240094801_n-819x1024.jpg\" alt=\"\" class=\"wp-image-221616\" srcset=\"https:\/\/radioljubuski.ba\/wp-content\/uploads\/2025\/10\/561785903_814108084808438_3355180123240094801_n-819x1024.jpg 819w, https:\/\/radioljubuski.ba\/wp-content\/uploads\/2025\/10\/561785903_814108084808438_3355180123240094801_n-240x300.jpg 240w, https:\/\/radioljubuski.ba\/wp-content\/uploads\/2025\/10\/561785903_814108084808438_3355180123240094801_n-768x960.jpg 768w, https:\/\/radioljubuski.ba\/wp-content\/uploads\/2025\/10\/561785903_814108084808438_3355180123240094801_n-10x12.jpg 10w, https:\/\/radioljubuski.ba\/wp-content\/uploads\/2025\/10\/561785903_814108084808438_3355180123240094801_n.jpg 1080w\" sizes=\"auto, (max-width: 819px) 100vw, 819px\" \/><\/figure>\n\n\n\n<p><em><strong>Vinska cesta Hercegovine&nbsp; projekt je kojim rukovodi Vanjskotrgovinska komora Bosne i Hercegovine a sufinanciran je sredstvima Europske unije.<\/strong><\/em><\/p>\n\n\n\n<p>Radio Ljubu\u0161ki<\/p>\n\n\n\n<p><\/p>\n","protected":false},"excerpt":{"rendered":"<p>&nbsp; Ljubu\u0161ki potvr\u0111uje kako je sredi\u0161te vinskih do\u017eivljaja, naime doma\u0107ini smo prvog vikenda u sklopu manifestacije \u201eDani otvorenih podruma\u201c Vinske ceste Hercegovine, koja okuplja vinare, ugostitelje i ljubitelje vina iz cijele regije. Ljubu\u0161ki tako u subotu i nedjelju 25. i 26.listopada 2025. postaje nezaobilaznom destinacijom za istinske ljubitelje vina i dobre hrane. U programu sudjeluju [&hellip;]<\/p>\n","protected":false},"author":2,"featured_media":221732,"comment_status":"closed","ping_status":"closed","sticky":false,"template":"","format":"standard","meta":{"h5ap_radio_sources":[],"footnotes":""},"categories":[1,28],"tags":[],"class_list":["post-221729","post","type-post","status-publish","format-standard","has-post-thumbnail","hentry","category-bihiregija","category-novosti"],"yoast_head":"<!-- This site is optimized with the Yoast SEO plugin v27.5 - https:\/\/yoast.com\/product\/yoast-seo-wordpress\/ -->\n<title>Rezervirajte svoje mjesto i do\u0111ite na Dane otvorenih podruma u Ljubu\u0161ki - RADIO LJUBU\u0160KI<\/title>\n<meta name=\"robots\" content=\"index, follow, max-snippet:-1, max-image-preview:large, max-video-preview:-1\" \/>\n<link rel=\"canonical\" href=\"https:\/\/radioljubuski.ba\/index.php\/2025\/10\/21\/rezervirajte-svoje-mjesto-i-dodite-na-dane-otvorenih-podruma-u-ljubuski\/\" \/>\n<meta property=\"og:locale\" content=\"hr_HR\" \/>\n<meta property=\"og:type\" content=\"article\" \/>\n<meta property=\"og:title\" content=\"Rezervirajte svoje mjesto i do\u0111ite na Dane otvorenih podruma u Ljubu\u0161ki - RADIO LJUBU\u0160KI\" \/>\n<meta property=\"og:description\" content=\"&nbsp; Ljubu\u0161ki potvr\u0111uje kako je sredi\u0161te vinskih do\u017eivljaja, naime doma\u0107ini smo prvog vikenda u sklopu manifestacije \u201eDani otvorenih podruma\u201c Vinske ceste Hercegovine, koja okuplja vinare, ugostitelje i ljubitelje vina iz cijele regije. Ljubu\u0161ki tako u subotu i nedjelju 25. i 26.listopada 2025. postaje nezaobilaznom destinacijom za istinske ljubitelje vina i dobre hrane. U programu sudjeluju [&hellip;]\" \/>\n<meta property=\"og:url\" content=\"https:\/\/radioljubuski.ba\/index.php\/2025\/10\/21\/rezervirajte-svoje-mjesto-i-dodite-na-dane-otvorenih-podruma-u-ljubuski\/\" \/>\n<meta property=\"og:site_name\" content=\"RADIO LJUBU\u0160KI\" \/>\n<meta property=\"article:publisher\" content=\"https:\/\/www.facebook.com\/Radiio-Ljubuski-1490835324566332\" \/>\n<meta property=\"article:published_time\" content=\"2025-10-21T07:39:03+00:00\" \/>\n<meta property=\"article:modified_time\" content=\"2025-10-27T08:13:54+00:00\" \/>\n<meta property=\"og:image\" content=\"https:\/\/radioljubuski.ba\/wp-content\/uploads\/2025\/10\/IMG-20251020-WA0011.jpg\" \/>\n\t<meta property=\"og:image:width\" content=\"1920\" \/>\n\t<meta property=\"og:image:height\" content=\"1080\" \/>\n\t<meta property=\"og:image:type\" content=\"image\/jpeg\" \/>\n<meta name=\"author\" content=\"Radio Ljubu\u0161ki\" \/>\n<meta name=\"twitter:card\" content=\"summary_large_image\" \/>\n<meta name=\"twitter:creator\" content=\"@radioljubuski\" \/>\n<meta name=\"twitter:site\" content=\"@radioljubuski\" \/>\n<meta name=\"twitter:label1\" content=\"Napisao\/la\" \/>\n\t<meta name=\"twitter:data1\" content=\"Radio Ljubu\u0161ki\" \/>\n\t<meta name=\"twitter:label2\" content=\"Procijenjeno vrijeme \u010ditanja\" \/>\n\t<meta name=\"twitter:data2\" content=\"3 minute\" \/>\n<script type=\"application\/ld+json\" class=\"yoast-schema-graph\">{\"@context\":\"https:\\\/\\\/schema.org\",\"@graph\":[{\"@type\":\"Article\",\"@id\":\"https:\\\/\\\/radioljubuski.ba\\\/index.php\\\/2025\\\/10\\\/21\\\/rezervirajte-svoje-mjesto-i-dodite-na-dane-otvorenih-podruma-u-ljubuski\\\/#article\",\"isPartOf\":{\"@id\":\"https:\\\/\\\/radioljubuski.ba\\\/index.php\\\/2025\\\/10\\\/21\\\/rezervirajte-svoje-mjesto-i-dodite-na-dane-otvorenih-podruma-u-ljubuski\\\/\"},\"author\":{\"name\":\"Radio Ljubu\u0161ki\",\"@id\":\"https:\\\/\\\/radioljubuski.ba\\\/#\\\/schema\\\/person\\\/19fc700381a780f69665d7956c469e3b\"},\"headline\":\"Rezervirajte svoje mjesto i do\u0111ite na Dane otvorenih podruma u Ljubu\u0161ki\",\"datePublished\":\"2025-10-21T07:39:03+00:00\",\"dateModified\":\"2025-10-27T08:13:54+00:00\",\"mainEntityOfPage\":{\"@id\":\"https:\\\/\\\/radioljubuski.ba\\\/index.php\\\/2025\\\/10\\\/21\\\/rezervirajte-svoje-mjesto-i-dodite-na-dane-otvorenih-podruma-u-ljubuski\\\/\"},\"wordCount\":412,\"publisher\":{\"@id\":\"https:\\\/\\\/radioljubuski.ba\\\/#organization\"},\"image\":{\"@id\":\"https:\\\/\\\/radioljubuski.ba\\\/index.php\\\/2025\\\/10\\\/21\\\/rezervirajte-svoje-mjesto-i-dodite-na-dane-otvorenih-podruma-u-ljubuski\\\/#primaryimage\"},\"thumbnailUrl\":\"https:\\\/\\\/radioljubuski.ba\\\/wp-content\\\/uploads\\\/2025\\\/10\\\/IMG-20251020-WA0011.jpg\",\"articleSection\":[\"BIH i regija\",\"Novosti\"],\"inLanguage\":\"hr\"},{\"@type\":\"WebPage\",\"@id\":\"https:\\\/\\\/radioljubuski.ba\\\/index.php\\\/2025\\\/10\\\/21\\\/rezervirajte-svoje-mjesto-i-dodite-na-dane-otvorenih-podruma-u-ljubuski\\\/\",\"url\":\"https:\\\/\\\/radioljubuski.ba\\\/index.php\\\/2025\\\/10\\\/21\\\/rezervirajte-svoje-mjesto-i-dodite-na-dane-otvorenih-podruma-u-ljubuski\\\/\",\"name\":\"Rezervirajte svoje mjesto i do\u0111ite na Dane otvorenih podruma u Ljubu\u0161ki - RADIO LJUBU\u0160KI\",\"isPartOf\":{\"@id\":\"https:\\\/\\\/radioljubuski.ba\\\/#website\"},\"primaryImageOfPage\":{\"@id\":\"https:\\\/\\\/radioljubuski.ba\\\/index.php\\\/2025\\\/10\\\/21\\\/rezervirajte-svoje-mjesto-i-dodite-na-dane-otvorenih-podruma-u-ljubuski\\\/#primaryimage\"},\"image\":{\"@id\":\"https:\\\/\\\/radioljubuski.ba\\\/index.php\\\/2025\\\/10\\\/21\\\/rezervirajte-svoje-mjesto-i-dodite-na-dane-otvorenih-podruma-u-ljubuski\\\/#primaryimage\"},\"thumbnailUrl\":\"https:\\\/\\\/radioljubuski.ba\\\/wp-content\\\/uploads\\\/2025\\\/10\\\/IMG-20251020-WA0011.jpg\",\"datePublished\":\"2025-10-21T07:39:03+00:00\",\"dateModified\":\"2025-10-27T08:13:54+00:00\",\"breadcrumb\":{\"@id\":\"https:\\\/\\\/radioljubuski.ba\\\/index.php\\\/2025\\\/10\\\/21\\\/rezervirajte-svoje-mjesto-i-dodite-na-dane-otvorenih-podruma-u-ljubuski\\\/#breadcrumb\"},\"inLanguage\":\"hr\",\"potentialAction\":[{\"@type\":\"ReadAction\",\"target\":[\"https:\\\/\\\/radioljubuski.ba\\\/index.php\\\/2025\\\/10\\\/21\\\/rezervirajte-svoje-mjesto-i-dodite-na-dane-otvorenih-podruma-u-ljubuski\\\/\"]}]},{\"@type\":\"ImageObject\",\"inLanguage\":\"hr\",\"@id\":\"https:\\\/\\\/radioljubuski.ba\\\/index.php\\\/2025\\\/10\\\/21\\\/rezervirajte-svoje-mjesto-i-dodite-na-dane-otvorenih-podruma-u-ljubuski\\\/#primaryimage\",\"url\":\"https:\\\/\\\/radioljubuski.ba\\\/wp-content\\\/uploads\\\/2025\\\/10\\\/IMG-20251020-WA0011.jpg\",\"contentUrl\":\"https:\\\/\\\/radioljubuski.ba\\\/wp-content\\\/uploads\\\/2025\\\/10\\\/IMG-20251020-WA0011.jpg\",\"width\":1920,\"height\":1080},{\"@type\":\"BreadcrumbList\",\"@id\":\"https:\\\/\\\/radioljubuski.ba\\\/index.php\\\/2025\\\/10\\\/21\\\/rezervirajte-svoje-mjesto-i-dodite-na-dane-otvorenih-podruma-u-ljubuski\\\/#breadcrumb\",\"itemListElement\":[{\"@type\":\"ListItem\",\"position\":1,\"name\":\"Po\u010detna stranica\",\"item\":\"https:\\\/\\\/radioljubuski.ba\\\/\"},{\"@type\":\"ListItem\",\"position\":2,\"name\":\"Rezervirajte svoje mjesto i do\u0111ite na Dane otvorenih podruma u Ljubu\u0161ki\"}]},{\"@type\":\"WebSite\",\"@id\":\"https:\\\/\\\/radioljubuski.ba\\\/#website\",\"url\":\"https:\\\/\\\/radioljubuski.ba\\\/\",\"name\":\"Radio Ljubu\u0161ki\",\"description\":\"Sun\u010dana frekvencija Hercegovine\",\"publisher\":{\"@id\":\"https:\\\/\\\/radioljubuski.ba\\\/#organization\"},\"potentialAction\":[{\"@type\":\"SearchAction\",\"target\":{\"@type\":\"EntryPoint\",\"urlTemplate\":\"https:\\\/\\\/radioljubuski.ba\\\/?s={search_term_string}\"},\"query-input\":{\"@type\":\"PropertyValueSpecification\",\"valueRequired\":true,\"valueName\":\"search_term_string\"}}],\"inLanguage\":\"hr\"},{\"@type\":\"Organization\",\"@id\":\"https:\\\/\\\/radioljubuski.ba\\\/#organization\",\"name\":\"Radio Ljubu\u0161ki\",\"url\":\"https:\\\/\\\/radioljubuski.ba\\\/\",\"logo\":{\"@type\":\"ImageObject\",\"inLanguage\":\"hr\",\"@id\":\"https:\\\/\\\/radioljubuski.ba\\\/#\\\/schema\\\/logo\\\/image\\\/\",\"url\":\"https:\\\/\\\/radioljubuski.ba\\\/wp-content\\\/uploads\\\/2021\\\/02\\\/cropped-Radio_Ljubuski_logo1.jpg\",\"contentUrl\":\"https:\\\/\\\/radioljubuski.ba\\\/wp-content\\\/uploads\\\/2021\\\/02\\\/cropped-Radio_Ljubuski_logo1.jpg\",\"width\":512,\"height\":512,\"caption\":\"Radio Ljubu\u0161ki\"},\"image\":{\"@id\":\"https:\\\/\\\/radioljubuski.ba\\\/#\\\/schema\\\/logo\\\/image\\\/\"},\"sameAs\":[\"https:\\\/\\\/www.facebook.com\\\/Radiio-Ljubuski-1490835324566332\",\"https:\\\/\\\/x.com\\\/radioljubuski\",\"https:\\\/\\\/hr.linkedin.com\\\/company\\\/radio-ljubuski\",\"https:\\\/\\\/www.youtube.com\\\/channel\\\/UCHYaeO_n0Db3tjNGudGpXyw\"]},{\"@type\":\"Person\",\"@id\":\"https:\\\/\\\/radioljubuski.ba\\\/#\\\/schema\\\/person\\\/19fc700381a780f69665d7956c469e3b\",\"name\":\"Radio Ljubu\u0161ki\"}]}<\/script>\n<!-- \/ Yoast SEO plugin. -->","yoast_head_json":{"title":"Rezervirajte svoje mjesto i do\u0111ite na Dane otvorenih podruma u Ljubu\u0161ki - RADIO LJUBU\u0160KI","robots":{"index":"index","follow":"follow","max-snippet":"max-snippet:-1","max-image-preview":"max-image-preview:large","max-video-preview":"max-video-preview:-1"},"canonical":"https:\/\/radioljubuski.ba\/index.php\/2025\/10\/21\/rezervirajte-svoje-mjesto-i-dodite-na-dane-otvorenih-podruma-u-ljubuski\/","og_locale":"hr_HR","og_type":"article","og_title":"Rezervirajte svoje mjesto i do\u0111ite na Dane otvorenih podruma u Ljubu\u0161ki - RADIO LJUBU\u0160KI","og_description":"&nbsp; Ljubu\u0161ki potvr\u0111uje kako je sredi\u0161te vinskih do\u017eivljaja, naime doma\u0107ini smo prvog vikenda u sklopu manifestacije \u201eDani otvorenih podruma\u201c Vinske ceste Hercegovine, koja okuplja vinare, ugostitelje i ljubitelje vina iz cijele regije. Ljubu\u0161ki tako u subotu i nedjelju 25. i 26.listopada 2025. postaje nezaobilaznom destinacijom za istinske ljubitelje vina i dobre hrane. U programu sudjeluju [&hellip;]","og_url":"https:\/\/radioljubuski.ba\/index.php\/2025\/10\/21\/rezervirajte-svoje-mjesto-i-dodite-na-dane-otvorenih-podruma-u-ljubuski\/","og_site_name":"RADIO LJUBU\u0160KI","article_publisher":"https:\/\/www.facebook.com\/Radiio-Ljubuski-1490835324566332","article_published_time":"2025-10-21T07:39:03+00:00","article_modified_time":"2025-10-27T08:13:54+00:00","og_image":[{"width":1920,"height":1080,"url":"https:\/\/radioljubuski.ba\/wp-content\/uploads\/2025\/10\/IMG-20251020-WA0011.jpg","type":"image\/jpeg"}],"author":"Radio Ljubu\u0161ki","twitter_card":"summary_large_image","twitter_creator":"@radioljubuski","twitter_site":"@radioljubuski","twitter_misc":{"Napisao\/la":"Radio Ljubu\u0161ki","Procijenjeno vrijeme \u010ditanja":"3 minute"},"schema":{"@context":"https:\/\/schema.org","@graph":[{"@type":"Article","@id":"https:\/\/radioljubuski.ba\/index.php\/2025\/10\/21\/rezervirajte-svoje-mjesto-i-dodite-na-dane-otvorenih-podruma-u-ljubuski\/#article","isPartOf":{"@id":"https:\/\/radioljubuski.ba\/index.php\/2025\/10\/21\/rezervirajte-svoje-mjesto-i-dodite-na-dane-otvorenih-podruma-u-ljubuski\/"},"author":{"name":"Radio Ljubu\u0161ki","@id":"https:\/\/radioljubuski.ba\/#\/schema\/person\/19fc700381a780f69665d7956c469e3b"},"headline":"Rezervirajte svoje mjesto i do\u0111ite na Dane otvorenih podruma u Ljubu\u0161ki","datePublished":"2025-10-21T07:39:03+00:00","dateModified":"2025-10-27T08:13:54+00:00","mainEntityOfPage":{"@id":"https:\/\/radioljubuski.ba\/index.php\/2025\/10\/21\/rezervirajte-svoje-mjesto-i-dodite-na-dane-otvorenih-podruma-u-ljubuski\/"},"wordCount":412,"publisher":{"@id":"https:\/\/radioljubuski.ba\/#organization"},"image":{"@id":"https:\/\/radioljubuski.ba\/index.php\/2025\/10\/21\/rezervirajte-svoje-mjesto-i-dodite-na-dane-otvorenih-podruma-u-ljubuski\/#primaryimage"},"thumbnailUrl":"https:\/\/radioljubuski.ba\/wp-content\/uploads\/2025\/10\/IMG-20251020-WA0011.jpg","articleSection":["BIH i regija","Novosti"],"inLanguage":"hr"},{"@type":"WebPage","@id":"https:\/\/radioljubuski.ba\/index.php\/2025\/10\/21\/rezervirajte-svoje-mjesto-i-dodite-na-dane-otvorenih-podruma-u-ljubuski\/","url":"https:\/\/radioljubuski.ba\/index.php\/2025\/10\/21\/rezervirajte-svoje-mjesto-i-dodite-na-dane-otvorenih-podruma-u-ljubuski\/","name":"Rezervirajte svoje mjesto i do\u0111ite na Dane otvorenih podruma u Ljubu\u0161ki - RADIO LJUBU\u0160KI","isPartOf":{"@id":"https:\/\/radioljubuski.ba\/#website"},"primaryImageOfPage":{"@id":"https:\/\/radioljubuski.ba\/index.php\/2025\/10\/21\/rezervirajte-svoje-mjesto-i-dodite-na-dane-otvorenih-podruma-u-ljubuski\/#primaryimage"},"image":{"@id":"https:\/\/radioljubuski.ba\/index.php\/2025\/10\/21\/rezervirajte-svoje-mjesto-i-dodite-na-dane-otvorenih-podruma-u-ljubuski\/#primaryimage"},"thumbnailUrl":"https:\/\/radioljubuski.ba\/wp-content\/uploads\/2025\/10\/IMG-20251020-WA0011.jpg","datePublished":"2025-10-21T07:39:03+00:00","dateModified":"2025-10-27T08:13:54+00:00","breadcrumb":{"@id":"https:\/\/radioljubuski.ba\/index.php\/2025\/10\/21\/rezervirajte-svoje-mjesto-i-dodite-na-dane-otvorenih-podruma-u-ljubuski\/#breadcrumb"},"inLanguage":"hr","potentialAction":[{"@type":"ReadAction","target":["https:\/\/radioljubuski.ba\/index.php\/2025\/10\/21\/rezervirajte-svoje-mjesto-i-dodite-na-dane-otvorenih-podruma-u-ljubuski\/"]}]},{"@type":"ImageObject","inLanguage":"hr","@id":"https:\/\/radioljubuski.ba\/index.php\/2025\/10\/21\/rezervirajte-svoje-mjesto-i-dodite-na-dane-otvorenih-podruma-u-ljubuski\/#primaryimage","url":"https:\/\/radioljubuski.ba\/wp-content\/uploads\/2025\/10\/IMG-20251020-WA0011.jpg","contentUrl":"https:\/\/radioljubuski.ba\/wp-content\/uploads\/2025\/10\/IMG-20251020-WA0011.jpg","width":1920,"height":1080},{"@type":"BreadcrumbList","@id":"https:\/\/radioljubuski.ba\/index.php\/2025\/10\/21\/rezervirajte-svoje-mjesto-i-dodite-na-dane-otvorenih-podruma-u-ljubuski\/#breadcrumb","itemListElement":[{"@type":"ListItem","position":1,"name":"Po\u010detna stranica","item":"https:\/\/radioljubuski.ba\/"},{"@type":"ListItem","position":2,"name":"Rezervirajte svoje mjesto i do\u0111ite na Dane otvorenih podruma u Ljubu\u0161ki"}]},{"@type":"WebSite","@id":"https:\/\/radioljubuski.ba\/#website","url":"https:\/\/radioljubuski.ba\/","name":"Radio Ljubu\u0161ki","description":"Sun\u010dana frekvencija Hercegovine","publisher":{"@id":"https:\/\/radioljubuski.ba\/#organization"},"potentialAction":[{"@type":"SearchAction","target":{"@type":"EntryPoint","urlTemplate":"https:\/\/radioljubuski.ba\/?s={search_term_string}"},"query-input":{"@type":"PropertyValueSpecification","valueRequired":true,"valueName":"search_term_string"}}],"inLanguage":"hr"},{"@type":"Organization","@id":"https:\/\/radioljubuski.ba\/#organization","name":"Radio Ljubu\u0161ki","url":"https:\/\/radioljubuski.ba\/","logo":{"@type":"ImageObject","inLanguage":"hr","@id":"https:\/\/radioljubuski.ba\/#\/schema\/logo\/image\/","url":"https:\/\/radioljubuski.ba\/wp-content\/uploads\/2021\/02\/cropped-Radio_Ljubuski_logo1.jpg","contentUrl":"https:\/\/radioljubuski.ba\/wp-content\/uploads\/2021\/02\/cropped-Radio_Ljubuski_logo1.jpg","width":512,"height":512,"caption":"Radio Ljubu\u0161ki"},"image":{"@id":"https:\/\/radioljubuski.ba\/#\/schema\/logo\/image\/"},"sameAs":["https:\/\/www.facebook.com\/Radiio-Ljubuski-1490835324566332","https:\/\/x.com\/radioljubuski","https:\/\/hr.linkedin.com\/company\/radio-ljubuski","https:\/\/www.youtube.com\/channel\/UCHYaeO_n0Db3tjNGudGpXyw"]},{"@type":"Person","@id":"https:\/\/radioljubuski.ba\/#\/schema\/person\/19fc700381a780f69665d7956c469e3b","name":"Radio Ljubu\u0161ki"}]}},"_links":{"self":[{"href":"https:\/\/radioljubuski.ba\/index.php\/wp-json\/wp\/v2\/posts\/221729","targetHints":{"allow":["GET"]}}],"collection":[{"href":"https:\/\/radioljubuski.ba\/index.php\/wp-json\/wp\/v2\/posts"}],"about":[{"href":"https:\/\/radioljubuski.ba\/index.php\/wp-json\/wp\/v2\/types\/post"}],"author":[{"embeddable":true,"href":"https:\/\/radioljubuski.ba\/index.php\/wp-json\/wp\/v2\/users\/2"}],"replies":[{"embeddable":true,"href":"https:\/\/radioljubuski.ba\/index.php\/wp-json\/wp\/v2\/comments?post=221729"}],"version-history":[{"count":14,"href":"https:\/\/radioljubuski.ba\/index.php\/wp-json\/wp\/v2\/posts\/221729\/revisions"}],"predecessor-version":[{"id":221754,"href":"https:\/\/radioljubuski.ba\/index.php\/wp-json\/wp\/v2\/posts\/221729\/revisions\/221754"}],"wp:featuredmedia":[{"embeddable":true,"href":"https:\/\/radioljubuski.ba\/index.php\/wp-json\/wp\/v2\/media\/221732"}],"wp:attachment":[{"href":"https:\/\/radioljubuski.ba\/index.php\/wp-json\/wp\/v2\/media?parent=221729"}],"wp:term":[{"taxonomy":"category","embeddable":true,"href":"https:\/\/radioljubuski.ba\/index.php\/wp-json\/wp\/v2\/categories?post=221729"},{"taxonomy":"post_tag","embeddable":true,"href":"https:\/\/radioljubuski.ba\/index.php\/wp-json\/wp\/v2\/tags?post=221729"}],"curies":[{"name":"wp","href":"https:\/\/api.w.org\/{rel}","templated":true}]}}