{"id":221755,"date":"2025-10-21T11:17:12","date_gmt":"2025-10-21T10:17:12","guid":{"rendered":"https:\/\/radioljubuski.ba\/?p=221755"},"modified":"2025-10-21T14:37:47","modified_gmt":"2025-10-21T13:37:47","slug":"izvidac-u-trecem-kolu-protiv-hb-dudelange-iz-luksemburga","status":"publish","type":"post","link":"https:\/\/radioljubuski.ba\/index.php\/2025\/10\/21\/izvidac-u-trecem-kolu-protiv-hb-dudelange-iz-luksemburga\/","title":{"rendered":"EHF Euro kup: RK Izvi\u0111a\u010d Agram u tre\u0107em kolu protiv HB Dudelange iz Luksemburga"},"content":{"rendered":"\n<p>Rukometni klub <strong>Izvi\u0111a\u010d Agram<\/strong> iz Ljubu\u0161kog nastavlja svoj europski  put. Nakon \u0161to je uspje\u0161no pro\u0161ao drugo kolo, ljubu\u0161ki sastav na\u0161ao se u <strong>tre\u0107em kolu EHF Europskog Kupa 2025.\/26.<\/strong>, me\u0111u <strong>32 najbolja kluba<\/strong> koja su ostala u borbi za trofej. <\/p>\n\n\n\n<p><\/p>\n\n\n\n<p><strong>Protivnik \u201cSkautima\u201d u tre\u0107em kolu je HB Dudelange iz Luksemburga. <\/strong><\/p>\n\n\n\n<p><\/p>\n\n\n\n<p>U tre\u0107em kolu klubovi su raspore\u0111eni u <strong>dva \u201epota\u201c<\/strong> s po 16 mom\u010dadi, a svaka ekipa iz \u201epota 1\u201c dobila je protivnika iz \u201epota 2\u201c. Pravila o izbjegavanju susreta klubova iz iste zemlje ne vrijede, \u0161to zna\u010di da su mogu\u0107i i doma\u0107i okr\u0161aji.<\/p>\n\n\n\n<p>RK <strong>Izvi\u0111a\u010d Agram<\/strong> bio je smje\u0161ten u <strong>\u201epot 1\u201c<\/strong>, zajedno s brojnim renomiranim europskim klubovima:<\/p>\n\n\n\n<p><strong>POT 1:<\/strong><\/p>\n\n\n\n<ul class=\"wp-block-list\">\n<li>HC Fivers WAT Margareten (AUT)<\/li>\n\n\n\n<li><strong>HC Izvi\u0111a\u010d<\/strong> (BIH)<\/li>\n\n\n\n<li>HC Dukla Praha (CZE)<\/li>\n\n\n\n<li>HCB Karvina (CZE)<\/li>\n\n\n\n<li>SKKP Handball Brno (CZE)<\/li>\n\n\n\n<li>BK-46 (FIN)<\/li>\n\n\n\n<li>Olympiacos SFP (GRE)<\/li>\n\n\n\n<li>MOL Tatab\u00e1nya KC (HUN)<\/li>\n\n\n\n<li>Raimond Sassari (ITA)<\/li>\n\n\n\n<li>GRK Ohrid (MKD)<\/li>\n\n\n\n<li>Runar Sandefjord (NOR)<\/li>\n\n\n\n<li>ACS HC Buz\u0103u 2012 (ROU)<\/li>\n\n\n\n<li>RK Trimo Trebnje (SLO)<\/li>\n\n\n\n<li>HC Vojvodina (SRB)<\/li>\n\n\n\n<li>Be\u015fikta\u015f JK (TUR)<\/li>\n\n\n\n<li>Nil\u00fcfer BSK (TUR)<\/li>\n<\/ul>\n\n\n\n<p>Potencijalni protivnici Izvi\u0111a\u010da nalazili su se u <strong>\u201epotu 2\u201c<\/strong>, u kojem su bile sljede\u0107e ekipe:<\/p>\n\n\n\n<p><strong>POT 2:<\/strong><\/p>\n\n\n\n<ul class=\"wp-block-list\">\n<li>Sparkasse Schwaz Handball Tirol (AUT)<\/li>\n\n\n\n<li>MRK Sloga Doboj (BIH)<\/li>\n\n\n\n<li>RK Konjuh \u017divinice (BIH)<\/li>\n\n\n\n<li>P\u00f5lva Serviti (EST)<\/li>\n\n\n\n<li>A.C. PAOK (GRE)<\/li>\n\n\n\n<li>Bianco Monte Drama 1986 (GRE)<\/li>\n\n\n\n<li>Balatonf\u00fcredi KSE (HUN)<\/li>\n\n\n\n<li>Maccabi Tel Aviv (ISR)<\/li>\n\n\n\n<li>Cassano Magnago HC (ITA)<\/li>\n\n\n\n<li>VHC \u0160viesa (LTU)<\/li>\n\n\n\n<li>HB Dudelange (LUX)<\/li>\n\n\n\n<li>HB Red Boys Differdange (LUX)<\/li>\n\n\n\n<li>HC Berchem (LUX)<\/li>\n\n\n\n<li>RK Budvanska Rivijera (MNE)<\/li>\n\n\n\n<li>RK Celje Pivovarna La\u0161ko (SLO)<\/li>\n\n\n\n<li>HSC Suhr Aarau (SUI)<\/li>\n<\/ul>\n\n\n\n<p> Pobjednici \u0107e izboriti plasman u <strong>osminu finala<\/strong> (Last 16), koja je na rasporedu u velja\u010di 2026. godine.<\/p>\n\n\n\n<p>&#8220;<strong>Na\u0161im de\u010dkima \u017edrijeb 3. kola EHF European Cupa donio je protivnika iz Luksemburga \u2014 HB Dudelange. Prvi me\u010d igramo doma, u na\u0161oj dvorani u Ljubu\u0161kom, 15.\/16. studenog!<\/strong><\/p>\n\n\n\n<p><strong>Uzvrat je tjedan dana kasnije u Luksemburgu.\ud83d\udd25 Srce, borba i navija\u010dka energija \u2014 to je ono \u0161to nas nosi!Zajedno idemo po novu europsku pobjedu!&#8221;<\/strong> poru\u010dili su iz na\u0161eg kluba.<\/p>\n\n\n\n<p><\/p>\n","protected":false},"excerpt":{"rendered":"<p>Rukometni klub Izvi\u0111a\u010d Agram iz Ljubu\u0161kog nastavlja svoj europski put. Nakon \u0161to je uspje\u0161no pro\u0161ao drugo kolo, ljubu\u0161ki sastav na\u0161ao se u tre\u0107em kolu EHF Europskog Kupa 2025.\/26., me\u0111u 32 najbolja kluba koja su ostala u borbi za trofej. Protivnik \u201cSkautima\u201d u tre\u0107em kolu je HB Dudelange iz Luksemburga. U tre\u0107em kolu klubovi su raspore\u0111eni [&hellip;]<\/p>\n","protected":false},"author":2,"featured_media":221779,"comment_status":"closed","ping_status":"closed","sticky":false,"template":"","format":"standard","meta":{"h5ap_radio_sources":[],"footnotes":""},"categories":[3,7],"tags":[],"class_list":["post-221755","post","type-post","status-publish","format-standard","has-post-thumbnail","hentry","category-ljubuski","category-sport"],"yoast_head":"<!-- This site is optimized with the Yoast SEO plugin v27.5 - https:\/\/yoast.com\/product\/yoast-seo-wordpress\/ -->\n<title>EHF Euro kup: RK Izvi\u0111a\u010d Agram u tre\u0107em kolu protiv HB Dudelange iz Luksemburga - RADIO LJUBU\u0160KI<\/title>\n<meta name=\"robots\" content=\"index, follow, max-snippet:-1, max-image-preview:large, max-video-preview:-1\" \/>\n<link rel=\"canonical\" href=\"https:\/\/radioljubuski.ba\/index.php\/2025\/10\/21\/izvidac-u-trecem-kolu-protiv-hb-dudelange-iz-luksemburga\/\" \/>\n<meta property=\"og:locale\" content=\"hr_HR\" \/>\n<meta property=\"og:type\" content=\"article\" \/>\n<meta property=\"og:title\" content=\"EHF Euro kup: RK Izvi\u0111a\u010d Agram u tre\u0107em kolu protiv HB Dudelange iz Luksemburga - RADIO LJUBU\u0160KI\" \/>\n<meta property=\"og:description\" content=\"Rukometni klub Izvi\u0111a\u010d Agram iz Ljubu\u0161kog nastavlja svoj europski put. Nakon \u0161to je uspje\u0161no pro\u0161ao drugo kolo, ljubu\u0161ki sastav na\u0161ao se u tre\u0107em kolu EHF Europskog Kupa 2025.\/26., me\u0111u 32 najbolja kluba koja su ostala u borbi za trofej. Protivnik \u201cSkautima\u201d u tre\u0107em kolu je HB Dudelange iz Luksemburga. U tre\u0107em kolu klubovi su raspore\u0111eni [&hellip;]\" \/>\n<meta property=\"og:url\" content=\"https:\/\/radioljubuski.ba\/index.php\/2025\/10\/21\/izvidac-u-trecem-kolu-protiv-hb-dudelange-iz-luksemburga\/\" \/>\n<meta property=\"og:site_name\" content=\"RADIO LJUBU\u0160KI\" \/>\n<meta property=\"article:publisher\" content=\"https:\/\/www.facebook.com\/Radiio-Ljubuski-1490835324566332\" \/>\n<meta property=\"article:published_time\" content=\"2025-10-21T10:17:12+00:00\" \/>\n<meta property=\"article:modified_time\" content=\"2025-10-21T13:37:47+00:00\" \/>\n<meta property=\"og:image\" content=\"https:\/\/radioljubuski.ba\/wp-content\/uploads\/2025\/10\/FB_IMG_1761046518083.jpg\" \/>\n\t<meta property=\"og:image:width\" content=\"794\" \/>\n\t<meta property=\"og:image:height\" content=\"1123\" \/>\n\t<meta property=\"og:image:type\" content=\"image\/jpeg\" \/>\n<meta name=\"author\" content=\"Radio Ljubu\u0161ki\" \/>\n<meta name=\"twitter:card\" content=\"summary_large_image\" \/>\n<meta name=\"twitter:creator\" content=\"@radioljubuski\" \/>\n<meta name=\"twitter:site\" content=\"@radioljubuski\" \/>\n<meta name=\"twitter:label1\" content=\"Napisao\/la\" \/>\n\t<meta name=\"twitter:data1\" content=\"Radio Ljubu\u0161ki\" \/>\n\t<meta name=\"twitter:label2\" content=\"Procijenjeno vrijeme \u010ditanja\" \/>\n\t<meta name=\"twitter:data2\" content=\"2 minute\" \/>\n<script type=\"application\/ld+json\" class=\"yoast-schema-graph\">{\"@context\":\"https:\\\/\\\/schema.org\",\"@graph\":[{\"@type\":\"Article\",\"@id\":\"https:\\\/\\\/radioljubuski.ba\\\/index.php\\\/2025\\\/10\\\/21\\\/izvidac-u-trecem-kolu-protiv-hb-dudelange-iz-luksemburga\\\/#article\",\"isPartOf\":{\"@id\":\"https:\\\/\\\/radioljubuski.ba\\\/index.php\\\/2025\\\/10\\\/21\\\/izvidac-u-trecem-kolu-protiv-hb-dudelange-iz-luksemburga\\\/\"},\"author\":{\"name\":\"Radio Ljubu\u0161ki\",\"@id\":\"https:\\\/\\\/radioljubuski.ba\\\/#\\\/schema\\\/person\\\/19fc700381a780f69665d7956c469e3b\"},\"headline\":\"EHF Euro kup: RK Izvi\u0111a\u010d Agram u tre\u0107em kolu protiv HB Dudelange iz Luksemburga\",\"datePublished\":\"2025-10-21T10:17:12+00:00\",\"dateModified\":\"2025-10-21T13:37:47+00:00\",\"mainEntityOfPage\":{\"@id\":\"https:\\\/\\\/radioljubuski.ba\\\/index.php\\\/2025\\\/10\\\/21\\\/izvidac-u-trecem-kolu-protiv-hb-dudelange-iz-luksemburga\\\/\"},\"wordCount\":354,\"publisher\":{\"@id\":\"https:\\\/\\\/radioljubuski.ba\\\/#organization\"},\"image\":{\"@id\":\"https:\\\/\\\/radioljubuski.ba\\\/index.php\\\/2025\\\/10\\\/21\\\/izvidac-u-trecem-kolu-protiv-hb-dudelange-iz-luksemburga\\\/#primaryimage\"},\"thumbnailUrl\":\"https:\\\/\\\/radioljubuski.ba\\\/wp-content\\\/uploads\\\/2025\\\/10\\\/FB_IMG_1761046518083.jpg\",\"articleSection\":[\"Ljubu\u0161ki\",\"\u0160port\"],\"inLanguage\":\"hr\"},{\"@type\":\"WebPage\",\"@id\":\"https:\\\/\\\/radioljubuski.ba\\\/index.php\\\/2025\\\/10\\\/21\\\/izvidac-u-trecem-kolu-protiv-hb-dudelange-iz-luksemburga\\\/\",\"url\":\"https:\\\/\\\/radioljubuski.ba\\\/index.php\\\/2025\\\/10\\\/21\\\/izvidac-u-trecem-kolu-protiv-hb-dudelange-iz-luksemburga\\\/\",\"name\":\"EHF Euro kup: RK Izvi\u0111a\u010d Agram u tre\u0107em kolu protiv HB Dudelange iz Luksemburga - RADIO LJUBU\u0160KI\",\"isPartOf\":{\"@id\":\"https:\\\/\\\/radioljubuski.ba\\\/#website\"},\"primaryImageOfPage\":{\"@id\":\"https:\\\/\\\/radioljubuski.ba\\\/index.php\\\/2025\\\/10\\\/21\\\/izvidac-u-trecem-kolu-protiv-hb-dudelange-iz-luksemburga\\\/#primaryimage\"},\"image\":{\"@id\":\"https:\\\/\\\/radioljubuski.ba\\\/index.php\\\/2025\\\/10\\\/21\\\/izvidac-u-trecem-kolu-protiv-hb-dudelange-iz-luksemburga\\\/#primaryimage\"},\"thumbnailUrl\":\"https:\\\/\\\/radioljubuski.ba\\\/wp-content\\\/uploads\\\/2025\\\/10\\\/FB_IMG_1761046518083.jpg\",\"datePublished\":\"2025-10-21T10:17:12+00:00\",\"dateModified\":\"2025-10-21T13:37:47+00:00\",\"breadcrumb\":{\"@id\":\"https:\\\/\\\/radioljubuski.ba\\\/index.php\\\/2025\\\/10\\\/21\\\/izvidac-u-trecem-kolu-protiv-hb-dudelange-iz-luksemburga\\\/#breadcrumb\"},\"inLanguage\":\"hr\",\"potentialAction\":[{\"@type\":\"ReadAction\",\"target\":[\"https:\\\/\\\/radioljubuski.ba\\\/index.php\\\/2025\\\/10\\\/21\\\/izvidac-u-trecem-kolu-protiv-hb-dudelange-iz-luksemburga\\\/\"]}]},{\"@type\":\"ImageObject\",\"inLanguage\":\"hr\",\"@id\":\"https:\\\/\\\/radioljubuski.ba\\\/index.php\\\/2025\\\/10\\\/21\\\/izvidac-u-trecem-kolu-protiv-hb-dudelange-iz-luksemburga\\\/#primaryimage\",\"url\":\"https:\\\/\\\/radioljubuski.ba\\\/wp-content\\\/uploads\\\/2025\\\/10\\\/FB_IMG_1761046518083.jpg\",\"contentUrl\":\"https:\\\/\\\/radioljubuski.ba\\\/wp-content\\\/uploads\\\/2025\\\/10\\\/FB_IMG_1761046518083.jpg\",\"width\":794,\"height\":1123},{\"@type\":\"BreadcrumbList\",\"@id\":\"https:\\\/\\\/radioljubuski.ba\\\/index.php\\\/2025\\\/10\\\/21\\\/izvidac-u-trecem-kolu-protiv-hb-dudelange-iz-luksemburga\\\/#breadcrumb\",\"itemListElement\":[{\"@type\":\"ListItem\",\"position\":1,\"name\":\"Po\u010detna stranica\",\"item\":\"https:\\\/\\\/radioljubuski.ba\\\/\"},{\"@type\":\"ListItem\",\"position\":2,\"name\":\"EHF Euro kup: RK Izvi\u0111a\u010d Agram u tre\u0107em kolu protiv HB Dudelange iz Luksemburga\"}]},{\"@type\":\"WebSite\",\"@id\":\"https:\\\/\\\/radioljubuski.ba\\\/#website\",\"url\":\"https:\\\/\\\/radioljubuski.ba\\\/\",\"name\":\"Radio Ljubu\u0161ki\",\"description\":\"Sun\u010dana frekvencija Hercegovine\",\"publisher\":{\"@id\":\"https:\\\/\\\/radioljubuski.ba\\\/#organization\"},\"potentialAction\":[{\"@type\":\"SearchAction\",\"target\":{\"@type\":\"EntryPoint\",\"urlTemplate\":\"https:\\\/\\\/radioljubuski.ba\\\/?s={search_term_string}\"},\"query-input\":{\"@type\":\"PropertyValueSpecification\",\"valueRequired\":true,\"valueName\":\"search_term_string\"}}],\"inLanguage\":\"hr\"},{\"@type\":\"Organization\",\"@id\":\"https:\\\/\\\/radioljubuski.ba\\\/#organization\",\"name\":\"Radio Ljubu\u0161ki\",\"url\":\"https:\\\/\\\/radioljubuski.ba\\\/\",\"logo\":{\"@type\":\"ImageObject\",\"inLanguage\":\"hr\",\"@id\":\"https:\\\/\\\/radioljubuski.ba\\\/#\\\/schema\\\/logo\\\/image\\\/\",\"url\":\"https:\\\/\\\/radioljubuski.ba\\\/wp-content\\\/uploads\\\/2021\\\/02\\\/cropped-Radio_Ljubuski_logo1.jpg\",\"contentUrl\":\"https:\\\/\\\/radioljubuski.ba\\\/wp-content\\\/uploads\\\/2021\\\/02\\\/cropped-Radio_Ljubuski_logo1.jpg\",\"width\":512,\"height\":512,\"caption\":\"Radio Ljubu\u0161ki\"},\"image\":{\"@id\":\"https:\\\/\\\/radioljubuski.ba\\\/#\\\/schema\\\/logo\\\/image\\\/\"},\"sameAs\":[\"https:\\\/\\\/www.facebook.com\\\/Radiio-Ljubuski-1490835324566332\",\"https:\\\/\\\/x.com\\\/radioljubuski\",\"https:\\\/\\\/hr.linkedin.com\\\/company\\\/radio-ljubuski\",\"https:\\\/\\\/www.youtube.com\\\/channel\\\/UCHYaeO_n0Db3tjNGudGpXyw\"]},{\"@type\":\"Person\",\"@id\":\"https:\\\/\\\/radioljubuski.ba\\\/#\\\/schema\\\/person\\\/19fc700381a780f69665d7956c469e3b\",\"name\":\"Radio Ljubu\u0161ki\"}]}<\/script>\n<!-- \/ Yoast SEO plugin. -->","yoast_head_json":{"title":"EHF Euro kup: RK Izvi\u0111a\u010d Agram u tre\u0107em kolu protiv HB Dudelange iz Luksemburga - RADIO LJUBU\u0160KI","robots":{"index":"index","follow":"follow","max-snippet":"max-snippet:-1","max-image-preview":"max-image-preview:large","max-video-preview":"max-video-preview:-1"},"canonical":"https:\/\/radioljubuski.ba\/index.php\/2025\/10\/21\/izvidac-u-trecem-kolu-protiv-hb-dudelange-iz-luksemburga\/","og_locale":"hr_HR","og_type":"article","og_title":"EHF Euro kup: RK Izvi\u0111a\u010d Agram u tre\u0107em kolu protiv HB Dudelange iz Luksemburga - RADIO LJUBU\u0160KI","og_description":"Rukometni klub Izvi\u0111a\u010d Agram iz Ljubu\u0161kog nastavlja svoj europski put. Nakon \u0161to je uspje\u0161no pro\u0161ao drugo kolo, ljubu\u0161ki sastav na\u0161ao se u tre\u0107em kolu EHF Europskog Kupa 2025.\/26., me\u0111u 32 najbolja kluba koja su ostala u borbi za trofej. Protivnik \u201cSkautima\u201d u tre\u0107em kolu je HB Dudelange iz Luksemburga. U tre\u0107em kolu klubovi su raspore\u0111eni [&hellip;]","og_url":"https:\/\/radioljubuski.ba\/index.php\/2025\/10\/21\/izvidac-u-trecem-kolu-protiv-hb-dudelange-iz-luksemburga\/","og_site_name":"RADIO LJUBU\u0160KI","article_publisher":"https:\/\/www.facebook.com\/Radiio-Ljubuski-1490835324566332","article_published_time":"2025-10-21T10:17:12+00:00","article_modified_time":"2025-10-21T13:37:47+00:00","og_image":[{"width":794,"height":1123,"url":"https:\/\/radioljubuski.ba\/wp-content\/uploads\/2025\/10\/FB_IMG_1761046518083.jpg","type":"image\/jpeg"}],"author":"Radio Ljubu\u0161ki","twitter_card":"summary_large_image","twitter_creator":"@radioljubuski","twitter_site":"@radioljubuski","twitter_misc":{"Napisao\/la":"Radio Ljubu\u0161ki","Procijenjeno vrijeme \u010ditanja":"2 minute"},"schema":{"@context":"https:\/\/schema.org","@graph":[{"@type":"Article","@id":"https:\/\/radioljubuski.ba\/index.php\/2025\/10\/21\/izvidac-u-trecem-kolu-protiv-hb-dudelange-iz-luksemburga\/#article","isPartOf":{"@id":"https:\/\/radioljubuski.ba\/index.php\/2025\/10\/21\/izvidac-u-trecem-kolu-protiv-hb-dudelange-iz-luksemburga\/"},"author":{"name":"Radio Ljubu\u0161ki","@id":"https:\/\/radioljubuski.ba\/#\/schema\/person\/19fc700381a780f69665d7956c469e3b"},"headline":"EHF Euro kup: RK Izvi\u0111a\u010d Agram u tre\u0107em kolu protiv HB Dudelange iz Luksemburga","datePublished":"2025-10-21T10:17:12+00:00","dateModified":"2025-10-21T13:37:47+00:00","mainEntityOfPage":{"@id":"https:\/\/radioljubuski.ba\/index.php\/2025\/10\/21\/izvidac-u-trecem-kolu-protiv-hb-dudelange-iz-luksemburga\/"},"wordCount":354,"publisher":{"@id":"https:\/\/radioljubuski.ba\/#organization"},"image":{"@id":"https:\/\/radioljubuski.ba\/index.php\/2025\/10\/21\/izvidac-u-trecem-kolu-protiv-hb-dudelange-iz-luksemburga\/#primaryimage"},"thumbnailUrl":"https:\/\/radioljubuski.ba\/wp-content\/uploads\/2025\/10\/FB_IMG_1761046518083.jpg","articleSection":["Ljubu\u0161ki","\u0160port"],"inLanguage":"hr"},{"@type":"WebPage","@id":"https:\/\/radioljubuski.ba\/index.php\/2025\/10\/21\/izvidac-u-trecem-kolu-protiv-hb-dudelange-iz-luksemburga\/","url":"https:\/\/radioljubuski.ba\/index.php\/2025\/10\/21\/izvidac-u-trecem-kolu-protiv-hb-dudelange-iz-luksemburga\/","name":"EHF Euro kup: RK Izvi\u0111a\u010d Agram u tre\u0107em kolu protiv HB Dudelange iz Luksemburga - RADIO LJUBU\u0160KI","isPartOf":{"@id":"https:\/\/radioljubuski.ba\/#website"},"primaryImageOfPage":{"@id":"https:\/\/radioljubuski.ba\/index.php\/2025\/10\/21\/izvidac-u-trecem-kolu-protiv-hb-dudelange-iz-luksemburga\/#primaryimage"},"image":{"@id":"https:\/\/radioljubuski.ba\/index.php\/2025\/10\/21\/izvidac-u-trecem-kolu-protiv-hb-dudelange-iz-luksemburga\/#primaryimage"},"thumbnailUrl":"https:\/\/radioljubuski.ba\/wp-content\/uploads\/2025\/10\/FB_IMG_1761046518083.jpg","datePublished":"2025-10-21T10:17:12+00:00","dateModified":"2025-10-21T13:37:47+00:00","breadcrumb":{"@id":"https:\/\/radioljubuski.ba\/index.php\/2025\/10\/21\/izvidac-u-trecem-kolu-protiv-hb-dudelange-iz-luksemburga\/#breadcrumb"},"inLanguage":"hr","potentialAction":[{"@type":"ReadAction","target":["https:\/\/radioljubuski.ba\/index.php\/2025\/10\/21\/izvidac-u-trecem-kolu-protiv-hb-dudelange-iz-luksemburga\/"]}]},{"@type":"ImageObject","inLanguage":"hr","@id":"https:\/\/radioljubuski.ba\/index.php\/2025\/10\/21\/izvidac-u-trecem-kolu-protiv-hb-dudelange-iz-luksemburga\/#primaryimage","url":"https:\/\/radioljubuski.ba\/wp-content\/uploads\/2025\/10\/FB_IMG_1761046518083.jpg","contentUrl":"https:\/\/radioljubuski.ba\/wp-content\/uploads\/2025\/10\/FB_IMG_1761046518083.jpg","width":794,"height":1123},{"@type":"BreadcrumbList","@id":"https:\/\/radioljubuski.ba\/index.php\/2025\/10\/21\/izvidac-u-trecem-kolu-protiv-hb-dudelange-iz-luksemburga\/#breadcrumb","itemListElement":[{"@type":"ListItem","position":1,"name":"Po\u010detna stranica","item":"https:\/\/radioljubuski.ba\/"},{"@type":"ListItem","position":2,"name":"EHF Euro kup: RK Izvi\u0111a\u010d Agram u tre\u0107em kolu protiv HB Dudelange iz Luksemburga"}]},{"@type":"WebSite","@id":"https:\/\/radioljubuski.ba\/#website","url":"https:\/\/radioljubuski.ba\/","name":"Radio Ljubu\u0161ki","description":"Sun\u010dana frekvencija Hercegovine","publisher":{"@id":"https:\/\/radioljubuski.ba\/#organization"},"potentialAction":[{"@type":"SearchAction","target":{"@type":"EntryPoint","urlTemplate":"https:\/\/radioljubuski.ba\/?s={search_term_string}"},"query-input":{"@type":"PropertyValueSpecification","valueRequired":true,"valueName":"search_term_string"}}],"inLanguage":"hr"},{"@type":"Organization","@id":"https:\/\/radioljubuski.ba\/#organization","name":"Radio Ljubu\u0161ki","url":"https:\/\/radioljubuski.ba\/","logo":{"@type":"ImageObject","inLanguage":"hr","@id":"https:\/\/radioljubuski.ba\/#\/schema\/logo\/image\/","url":"https:\/\/radioljubuski.ba\/wp-content\/uploads\/2021\/02\/cropped-Radio_Ljubuski_logo1.jpg","contentUrl":"https:\/\/radioljubuski.ba\/wp-content\/uploads\/2021\/02\/cropped-Radio_Ljubuski_logo1.jpg","width":512,"height":512,"caption":"Radio Ljubu\u0161ki"},"image":{"@id":"https:\/\/radioljubuski.ba\/#\/schema\/logo\/image\/"},"sameAs":["https:\/\/www.facebook.com\/Radiio-Ljubuski-1490835324566332","https:\/\/x.com\/radioljubuski","https:\/\/hr.linkedin.com\/company\/radio-ljubuski","https:\/\/www.youtube.com\/channel\/UCHYaeO_n0Db3tjNGudGpXyw"]},{"@type":"Person","@id":"https:\/\/radioljubuski.ba\/#\/schema\/person\/19fc700381a780f69665d7956c469e3b","name":"Radio Ljubu\u0161ki"}]}},"_links":{"self":[{"href":"https:\/\/radioljubuski.ba\/index.php\/wp-json\/wp\/v2\/posts\/221755","targetHints":{"allow":["GET"]}}],"collection":[{"href":"https:\/\/radioljubuski.ba\/index.php\/wp-json\/wp\/v2\/posts"}],"about":[{"href":"https:\/\/radioljubuski.ba\/index.php\/wp-json\/wp\/v2\/types\/post"}],"author":[{"embeddable":true,"href":"https:\/\/radioljubuski.ba\/index.php\/wp-json\/wp\/v2\/users\/2"}],"replies":[{"embeddable":true,"href":"https:\/\/radioljubuski.ba\/index.php\/wp-json\/wp\/v2\/comments?post=221755"}],"version-history":[{"count":7,"href":"https:\/\/radioljubuski.ba\/index.php\/wp-json\/wp\/v2\/posts\/221755\/revisions"}],"predecessor-version":[{"id":221784,"href":"https:\/\/radioljubuski.ba\/index.php\/wp-json\/wp\/v2\/posts\/221755\/revisions\/221784"}],"wp:featuredmedia":[{"embeddable":true,"href":"https:\/\/radioljubuski.ba\/index.php\/wp-json\/wp\/v2\/media\/221779"}],"wp:attachment":[{"href":"https:\/\/radioljubuski.ba\/index.php\/wp-json\/wp\/v2\/media?parent=221755"}],"wp:term":[{"taxonomy":"category","embeddable":true,"href":"https:\/\/radioljubuski.ba\/index.php\/wp-json\/wp\/v2\/categories?post=221755"},{"taxonomy":"post_tag","embeddable":true,"href":"https:\/\/radioljubuski.ba\/index.php\/wp-json\/wp\/v2\/tags?post=221755"}],"curies":[{"name":"wp","href":"https:\/\/api.w.org\/{rel}","templated":true}]}}