{"id":221760,"date":"2025-10-21T12:21:28","date_gmt":"2025-10-21T11:21:28","guid":{"rendered":"https:\/\/radioljubuski.ba\/?p=221760"},"modified":"2025-10-21T12:58:21","modified_gmt":"2025-10-21T11:58:21","slug":"u-ljubuskom-odrzane-plazma-sportske-igre-mladih-za-zupaniju-zapadnohercegovacku","status":"publish","type":"post","link":"https:\/\/radioljubuski.ba\/index.php\/2025\/10\/21\/u-ljubuskom-odrzane-plazma-sportske-igre-mladih-za-zupaniju-zapadnohercegovacku\/","title":{"rendered":"U Ljubu\u0161kom odr\u017eane Plazma sportske igre mladih za \u017dupaniju Zapadnohercegova\u010dku"},"content":{"rendered":"\n<p>Gradska \u0161portska dvorana u Ljubu\u0161kom danas je sigurno bilo najveselije mjesto u gradu. Veselje, pjesma, smijeh, ples, graja i vriska odjekivali su dvoranom koju su ve\u0107im dijelom ispunila djeca predvo\u0111ena svojim odgojiteljicama i u\u010diteljicama. Naime, Plazma Sportske igre mladih okupile su u dvorani djecu iz dje\u010djih vrti\u0107a i nekoliko osnovnih \u0161kola iz gradova i op\u0107ina \u017dupanije Zapadnohercegova\u010dke koja su sudjelovala u \u017eupanijskim sportskim igrama mladih. Manifestacija pod nazivom \u201eIgrajmo zajedno, sanjajmo zajedno&#8221;, organizirana je povodom Dje\u010dje nedjelje, a zajedni\u010dki je organiziraju Federalno ministarstvo rada i socijalne politike, Ministarska koordinacija u oblasti socijalne politike u F BiH te Plazma sportske igre mladih. Manifestacija \u201eIgrajmo zajedno, sanjajmo zajedno\u201c ove godine obilazi gradove Bosne i Hercegovine. Nakon Gora\u017eda, Gornjeg Vakufa\/Uskoplja i Stoca, danas je odr\u017eana u Ljubu\u0161kom, a program \u0107e se nastaviti u Tomislavgradu, Ilija\u0161u i Lukavcu.<\/p>\n\n\n\n<p>&nbsp;\u201eZadovoljstvo nam je \u0161to je Ljubu\u0161ki danas bio doma\u0107in sredi\u0161nje manifestacije za \u017dZH i nadamo se da \u0107emo se opet u proljetnim mjesecima vidjeti ovdje na na\u0161em godi\u0161njem danu sporta koji ve\u0107 par godina organiziramo upravo ovdje kod vas. Tako\u0111er bi se zahvalila i svim prosvjetnim radnicima, u\u010diteljima, u\u010diteljicama i odgojiteljicama koji su doveli svu ovu djecu ovdje u gradsku dvoranu u Ljubu\u0161kom i pomogli nam da uveli\u010damo Dje\u010dju nedjelju koja je zapravo vrijeme u godini kada se prisje\u0107amo svih onih prava koje djeca imaju, a mi to \u010desto zaboravljamo\u201c, kazala je, me\u0111u ostalim, Amina Durakovi\u0107, projekt koordinator Plazma sportskih igara mladih u Bosni i Hercegovini za Radio Ljubu\u0161ki.<\/p>\n\n\n\n<figure class=\"wp-block-image size-large\"><img loading=\"lazy\" decoding=\"async\" width=\"1024\" height=\"683\" src=\"https:\/\/radioljubuski.ba\/wp-content\/uploads\/2025\/10\/IMG_4326-1024x683.jpg\" alt=\"\" class=\"wp-image-221762\" srcset=\"https:\/\/radioljubuski.ba\/wp-content\/uploads\/2025\/10\/IMG_4326-1024x683.jpg 1024w, https:\/\/radioljubuski.ba\/wp-content\/uploads\/2025\/10\/IMG_4326-300x200.jpg 300w, https:\/\/radioljubuski.ba\/wp-content\/uploads\/2025\/10\/IMG_4326-768x512.jpg 768w, https:\/\/radioljubuski.ba\/wp-content\/uploads\/2025\/10\/IMG_4326-1536x1024.jpg 1536w, https:\/\/radioljubuski.ba\/wp-content\/uploads\/2025\/10\/IMG_4326-2048x1365.jpg 2048w, https:\/\/radioljubuski.ba\/wp-content\/uploads\/2025\/10\/IMG_4326-18x12.jpg 18w\" sizes=\"auto, (max-width: 1024px) 100vw, 1024px\" \/><\/figure>\n\n\n\n<figure class=\"wp-block-image size-large\"><img loading=\"lazy\" decoding=\"async\" width=\"1024\" height=\"683\" src=\"https:\/\/radioljubuski.ba\/wp-content\/uploads\/2025\/10\/IMG_4332-1024x683.jpg\" alt=\"\" class=\"wp-image-221763\" srcset=\"https:\/\/radioljubuski.ba\/wp-content\/uploads\/2025\/10\/IMG_4332-1024x683.jpg 1024w, https:\/\/radioljubuski.ba\/wp-content\/uploads\/2025\/10\/IMG_4332-300x200.jpg 300w, https:\/\/radioljubuski.ba\/wp-content\/uploads\/2025\/10\/IMG_4332-768x512.jpg 768w, https:\/\/radioljubuski.ba\/wp-content\/uploads\/2025\/10\/IMG_4332-1536x1024.jpg 1536w, https:\/\/radioljubuski.ba\/wp-content\/uploads\/2025\/10\/IMG_4332-2048x1365.jpg 2048w, https:\/\/radioljubuski.ba\/wp-content\/uploads\/2025\/10\/IMG_4332-18x12.jpg 18w\" sizes=\"auto, (max-width: 1024px) 100vw, 1024px\" \/><\/figure>\n\n\n\n<figure class=\"wp-block-image size-large\"><img loading=\"lazy\" decoding=\"async\" width=\"1024\" height=\"683\" src=\"https:\/\/radioljubuski.ba\/wp-content\/uploads\/2025\/10\/IMG_4342-1024x683.jpg\" alt=\"\" class=\"wp-image-221764\" srcset=\"https:\/\/radioljubuski.ba\/wp-content\/uploads\/2025\/10\/IMG_4342-1024x683.jpg 1024w, https:\/\/radioljubuski.ba\/wp-content\/uploads\/2025\/10\/IMG_4342-300x200.jpg 300w, https:\/\/radioljubuski.ba\/wp-content\/uploads\/2025\/10\/IMG_4342-768x512.jpg 768w, https:\/\/radioljubuski.ba\/wp-content\/uploads\/2025\/10\/IMG_4342-1536x1024.jpg 1536w, https:\/\/radioljubuski.ba\/wp-content\/uploads\/2025\/10\/IMG_4342-2048x1365.jpg 2048w, https:\/\/radioljubuski.ba\/wp-content\/uploads\/2025\/10\/IMG_4342-18x12.jpg 18w\" sizes=\"auto, (max-width: 1024px) 100vw, 1024px\" \/><\/figure>\n\n\n\n<figure class=\"wp-block-image size-large\"><img loading=\"lazy\" decoding=\"async\" width=\"1024\" height=\"683\" src=\"https:\/\/radioljubuski.ba\/wp-content\/uploads\/2025\/10\/IMG_4353-1024x683.jpg\" alt=\"\" class=\"wp-image-221765\" srcset=\"https:\/\/radioljubuski.ba\/wp-content\/uploads\/2025\/10\/IMG_4353-1024x683.jpg 1024w, https:\/\/radioljubuski.ba\/wp-content\/uploads\/2025\/10\/IMG_4353-300x200.jpg 300w, https:\/\/radioljubuski.ba\/wp-content\/uploads\/2025\/10\/IMG_4353-768x512.jpg 768w, https:\/\/radioljubuski.ba\/wp-content\/uploads\/2025\/10\/IMG_4353-1536x1024.jpg 1536w, https:\/\/radioljubuski.ba\/wp-content\/uploads\/2025\/10\/IMG_4353-2048x1365.jpg 2048w, https:\/\/radioljubuski.ba\/wp-content\/uploads\/2025\/10\/IMG_4353-18x12.jpg 18w\" sizes=\"auto, (max-width: 1024px) 100vw, 1024px\" \/><\/figure>\n\n\n\n<figure class=\"wp-block-image size-large\"><img loading=\"lazy\" decoding=\"async\" width=\"1024\" height=\"683\" src=\"https:\/\/radioljubuski.ba\/wp-content\/uploads\/2025\/10\/IMG_4358-1024x683.jpg\" alt=\"\" class=\"wp-image-221766\" srcset=\"https:\/\/radioljubuski.ba\/wp-content\/uploads\/2025\/10\/IMG_4358-1024x683.jpg 1024w, https:\/\/radioljubuski.ba\/wp-content\/uploads\/2025\/10\/IMG_4358-300x200.jpg 300w, https:\/\/radioljubuski.ba\/wp-content\/uploads\/2025\/10\/IMG_4358-768x512.jpg 768w, https:\/\/radioljubuski.ba\/wp-content\/uploads\/2025\/10\/IMG_4358-1536x1024.jpg 1536w, https:\/\/radioljubuski.ba\/wp-content\/uploads\/2025\/10\/IMG_4358-2048x1365.jpg 2048w, https:\/\/radioljubuski.ba\/wp-content\/uploads\/2025\/10\/IMG_4358-18x12.jpg 18w\" sizes=\"auto, (max-width: 1024px) 100vw, 1024px\" \/><\/figure>\n\n\n\n<figure class=\"wp-block-image size-large\"><img loading=\"lazy\" decoding=\"async\" width=\"1024\" height=\"683\" src=\"https:\/\/radioljubuski.ba\/wp-content\/uploads\/2025\/10\/IMG_4374-1024x683.jpg\" alt=\"\" class=\"wp-image-221776\" srcset=\"https:\/\/radioljubuski.ba\/wp-content\/uploads\/2025\/10\/IMG_4374-1024x683.jpg 1024w, https:\/\/radioljubuski.ba\/wp-content\/uploads\/2025\/10\/IMG_4374-300x200.jpg 300w, https:\/\/radioljubuski.ba\/wp-content\/uploads\/2025\/10\/IMG_4374-768x512.jpg 768w, https:\/\/radioljubuski.ba\/wp-content\/uploads\/2025\/10\/IMG_4374-1536x1024.jpg 1536w, https:\/\/radioljubuski.ba\/wp-content\/uploads\/2025\/10\/IMG_4374-2048x1365.jpg 2048w, https:\/\/radioljubuski.ba\/wp-content\/uploads\/2025\/10\/IMG_4374-18x12.jpg 18w\" sizes=\"auto, (max-width: 1024px) 100vw, 1024px\" \/><\/figure>\n\n\n\n<figure class=\"wp-block-image size-large\"><img loading=\"lazy\" decoding=\"async\" width=\"1024\" height=\"683\" src=\"https:\/\/radioljubuski.ba\/wp-content\/uploads\/2025\/10\/IMG_4377-1024x683.jpg\" alt=\"\" class=\"wp-image-221767\" srcset=\"https:\/\/radioljubuski.ba\/wp-content\/uploads\/2025\/10\/IMG_4377-1024x683.jpg 1024w, https:\/\/radioljubuski.ba\/wp-content\/uploads\/2025\/10\/IMG_4377-300x200.jpg 300w, https:\/\/radioljubuski.ba\/wp-content\/uploads\/2025\/10\/IMG_4377-768x512.jpg 768w, https:\/\/radioljubuski.ba\/wp-content\/uploads\/2025\/10\/IMG_4377-1536x1024.jpg 1536w, https:\/\/radioljubuski.ba\/wp-content\/uploads\/2025\/10\/IMG_4377-2048x1365.jpg 2048w, https:\/\/radioljubuski.ba\/wp-content\/uploads\/2025\/10\/IMG_4377-18x12.jpg 18w\" sizes=\"auto, (max-width: 1024px) 100vw, 1024px\" \/><\/figure>\n\n\n\n<figure class=\"wp-block-image size-large\"><img loading=\"lazy\" decoding=\"async\" width=\"1024\" height=\"683\" src=\"https:\/\/radioljubuski.ba\/wp-content\/uploads\/2025\/10\/IMG_4378-1024x683.jpg\" alt=\"\" class=\"wp-image-221768\" srcset=\"https:\/\/radioljubuski.ba\/wp-content\/uploads\/2025\/10\/IMG_4378-1024x683.jpg 1024w, https:\/\/radioljubuski.ba\/wp-content\/uploads\/2025\/10\/IMG_4378-300x200.jpg 300w, https:\/\/radioljubuski.ba\/wp-content\/uploads\/2025\/10\/IMG_4378-768x512.jpg 768w, https:\/\/radioljubuski.ba\/wp-content\/uploads\/2025\/10\/IMG_4378-1536x1024.jpg 1536w, https:\/\/radioljubuski.ba\/wp-content\/uploads\/2025\/10\/IMG_4378-2048x1365.jpg 2048w, https:\/\/radioljubuski.ba\/wp-content\/uploads\/2025\/10\/IMG_4378-18x12.jpg 18w\" sizes=\"auto, (max-width: 1024px) 100vw, 1024px\" \/><\/figure>\n\n\n\n<figure class=\"wp-block-image size-large\"><img loading=\"lazy\" decoding=\"async\" width=\"1024\" height=\"683\" src=\"https:\/\/radioljubuski.ba\/wp-content\/uploads\/2025\/10\/IMG_4383-1024x683.jpg\" alt=\"\" class=\"wp-image-221769\" srcset=\"https:\/\/radioljubuski.ba\/wp-content\/uploads\/2025\/10\/IMG_4383-1024x683.jpg 1024w, https:\/\/radioljubuski.ba\/wp-content\/uploads\/2025\/10\/IMG_4383-300x200.jpg 300w, https:\/\/radioljubuski.ba\/wp-content\/uploads\/2025\/10\/IMG_4383-768x512.jpg 768w, https:\/\/radioljubuski.ba\/wp-content\/uploads\/2025\/10\/IMG_4383-1536x1024.jpg 1536w, https:\/\/radioljubuski.ba\/wp-content\/uploads\/2025\/10\/IMG_4383-2048x1365.jpg 2048w, https:\/\/radioljubuski.ba\/wp-content\/uploads\/2025\/10\/IMG_4383-18x12.jpg 18w\" sizes=\"auto, (max-width: 1024px) 100vw, 1024px\" \/><\/figure>\n\n\n\n<figure class=\"wp-block-image size-large\"><img loading=\"lazy\" decoding=\"async\" width=\"1024\" height=\"683\" src=\"https:\/\/radioljubuski.ba\/wp-content\/uploads\/2025\/10\/IMG_4385-1024x683.jpg\" alt=\"\" class=\"wp-image-221770\" srcset=\"https:\/\/radioljubuski.ba\/wp-content\/uploads\/2025\/10\/IMG_4385-1024x683.jpg 1024w, https:\/\/radioljubuski.ba\/wp-content\/uploads\/2025\/10\/IMG_4385-300x200.jpg 300w, https:\/\/radioljubuski.ba\/wp-content\/uploads\/2025\/10\/IMG_4385-768x512.jpg 768w, https:\/\/radioljubuski.ba\/wp-content\/uploads\/2025\/10\/IMG_4385-1536x1024.jpg 1536w, https:\/\/radioljubuski.ba\/wp-content\/uploads\/2025\/10\/IMG_4385-2048x1365.jpg 2048w, https:\/\/radioljubuski.ba\/wp-content\/uploads\/2025\/10\/IMG_4385-18x12.jpg 18w\" sizes=\"auto, (max-width: 1024px) 100vw, 1024px\" \/><\/figure>\n\n\n\n<figure class=\"wp-block-image size-large\"><img loading=\"lazy\" decoding=\"async\" width=\"1024\" height=\"683\" src=\"https:\/\/radioljubuski.ba\/wp-content\/uploads\/2025\/10\/IMG_4387-1024x683.jpg\" alt=\"\" class=\"wp-image-221771\" srcset=\"https:\/\/radioljubuski.ba\/wp-content\/uploads\/2025\/10\/IMG_4387-1024x683.jpg 1024w, https:\/\/radioljubuski.ba\/wp-content\/uploads\/2025\/10\/IMG_4387-300x200.jpg 300w, https:\/\/radioljubuski.ba\/wp-content\/uploads\/2025\/10\/IMG_4387-768x512.jpg 768w, https:\/\/radioljubuski.ba\/wp-content\/uploads\/2025\/10\/IMG_4387-1536x1024.jpg 1536w, https:\/\/radioljubuski.ba\/wp-content\/uploads\/2025\/10\/IMG_4387-2048x1365.jpg 2048w, https:\/\/radioljubuski.ba\/wp-content\/uploads\/2025\/10\/IMG_4387-18x12.jpg 18w\" sizes=\"auto, (max-width: 1024px) 100vw, 1024px\" \/><\/figure>\n\n\n\n<figure class=\"wp-block-image size-large\"><img loading=\"lazy\" decoding=\"async\" width=\"1024\" height=\"683\" src=\"https:\/\/radioljubuski.ba\/wp-content\/uploads\/2025\/10\/IMG_4388-1024x683.jpg\" alt=\"\" class=\"wp-image-221772\" srcset=\"https:\/\/radioljubuski.ba\/wp-content\/uploads\/2025\/10\/IMG_4388-1024x683.jpg 1024w, https:\/\/radioljubuski.ba\/wp-content\/uploads\/2025\/10\/IMG_4388-300x200.jpg 300w, https:\/\/radioljubuski.ba\/wp-content\/uploads\/2025\/10\/IMG_4388-768x512.jpg 768w, https:\/\/radioljubuski.ba\/wp-content\/uploads\/2025\/10\/IMG_4388-1536x1024.jpg 1536w, https:\/\/radioljubuski.ba\/wp-content\/uploads\/2025\/10\/IMG_4388-2048x1365.jpg 2048w, https:\/\/radioljubuski.ba\/wp-content\/uploads\/2025\/10\/IMG_4388-18x12.jpg 18w\" sizes=\"auto, (max-width: 1024px) 100vw, 1024px\" \/><\/figure>\n\n\n\n<figure class=\"wp-block-image size-large\"><img loading=\"lazy\" decoding=\"async\" width=\"1024\" height=\"683\" src=\"https:\/\/radioljubuski.ba\/wp-content\/uploads\/2025\/10\/IMG_4389-1024x683.jpg\" alt=\"\" class=\"wp-image-221773\" srcset=\"https:\/\/radioljubuski.ba\/wp-content\/uploads\/2025\/10\/IMG_4389-1024x683.jpg 1024w, https:\/\/radioljubuski.ba\/wp-content\/uploads\/2025\/10\/IMG_4389-300x200.jpg 300w, https:\/\/radioljubuski.ba\/wp-content\/uploads\/2025\/10\/IMG_4389-768x512.jpg 768w, https:\/\/radioljubuski.ba\/wp-content\/uploads\/2025\/10\/IMG_4389-1536x1024.jpg 1536w, https:\/\/radioljubuski.ba\/wp-content\/uploads\/2025\/10\/IMG_4389-2048x1365.jpg 2048w, https:\/\/radioljubuski.ba\/wp-content\/uploads\/2025\/10\/IMG_4389-18x12.jpg 18w\" sizes=\"auto, (max-width: 1024px) 100vw, 1024px\" \/><\/figure>\n\n\n\n<figure class=\"wp-block-image size-large\"><img loading=\"lazy\" decoding=\"async\" width=\"1024\" height=\"683\" src=\"https:\/\/radioljubuski.ba\/wp-content\/uploads\/2025\/10\/IMG_4391-1024x683.jpg\" alt=\"\" class=\"wp-image-221774\" srcset=\"https:\/\/radioljubuski.ba\/wp-content\/uploads\/2025\/10\/IMG_4391-1024x683.jpg 1024w, https:\/\/radioljubuski.ba\/wp-content\/uploads\/2025\/10\/IMG_4391-300x200.jpg 300w, https:\/\/radioljubuski.ba\/wp-content\/uploads\/2025\/10\/IMG_4391-768x512.jpg 768w, https:\/\/radioljubuski.ba\/wp-content\/uploads\/2025\/10\/IMG_4391-1536x1024.jpg 1536w, https:\/\/radioljubuski.ba\/wp-content\/uploads\/2025\/10\/IMG_4391-2048x1365.jpg 2048w, https:\/\/radioljubuski.ba\/wp-content\/uploads\/2025\/10\/IMG_4391-18x12.jpg 18w\" sizes=\"auto, (max-width: 1024px) 100vw, 1024px\" \/><\/figure>\n\n\n\n<figure class=\"wp-block-image size-large\"><img loading=\"lazy\" decoding=\"async\" width=\"1024\" height=\"683\" src=\"https:\/\/radioljubuski.ba\/wp-content\/uploads\/2025\/10\/IMG_4392-1024x683.jpg\" alt=\"\" class=\"wp-image-221775\" srcset=\"https:\/\/radioljubuski.ba\/wp-content\/uploads\/2025\/10\/IMG_4392-1024x683.jpg 1024w, https:\/\/radioljubuski.ba\/wp-content\/uploads\/2025\/10\/IMG_4392-300x200.jpg 300w, https:\/\/radioljubuski.ba\/wp-content\/uploads\/2025\/10\/IMG_4392-768x512.jpg 768w, https:\/\/radioljubuski.ba\/wp-content\/uploads\/2025\/10\/IMG_4392-1536x1024.jpg 1536w, https:\/\/radioljubuski.ba\/wp-content\/uploads\/2025\/10\/IMG_4392-2048x1365.jpg 2048w, https:\/\/radioljubuski.ba\/wp-content\/uploads\/2025\/10\/IMG_4392-18x12.jpg 18w\" sizes=\"auto, (max-width: 1024px) 100vw, 1024px\" \/><\/figure>\n\n\n\n<p>Radio Ljubu\u0161ki<\/p>\n","protected":false},"excerpt":{"rendered":"<p>Gradska \u0161portska dvorana u Ljubu\u0161kom danas je sigurno bilo najveselije mjesto u gradu. Veselje, pjesma, smijeh, ples, graja i vriska odjekivali su dvoranom koju su ve\u0107im dijelom ispunila djeca predvo\u0111ena svojim odgojiteljicama i u\u010diteljicama. Naime, Plazma Sportske igre mladih okupile su u dvorani djecu iz dje\u010djih vrti\u0107a i nekoliko osnovnih \u0161kola iz gradova i op\u0107ina [&hellip;]<\/p>\n","protected":false},"author":2,"featured_media":221761,"comment_status":"closed","ping_status":"closed","sticky":false,"template":"","format":"standard","meta":{"h5ap_radio_sources":[],"footnotes":""},"categories":[3,30],"tags":[],"class_list":["post-221760","post","type-post","status-publish","format-standard","has-post-thumbnail","hentry","category-ljubuski","category-zupanija-zapadnohercegovacka"],"yoast_head":"<!-- This site is optimized with the Yoast SEO plugin v27.5 - https:\/\/yoast.com\/product\/yoast-seo-wordpress\/ -->\n<title>U Ljubu\u0161kom odr\u017eane Plazma sportske igre mladih za \u017dupaniju Zapadnohercegova\u010dku - RADIO LJUBU\u0160KI<\/title>\n<meta name=\"robots\" content=\"index, follow, max-snippet:-1, max-image-preview:large, max-video-preview:-1\" \/>\n<link rel=\"canonical\" href=\"https:\/\/radioljubuski.ba\/index.php\/2025\/10\/21\/u-ljubuskom-odrzane-plazma-sportske-igre-mladih-za-zupaniju-zapadnohercegovacku\/\" \/>\n<meta property=\"og:locale\" content=\"hr_HR\" \/>\n<meta property=\"og:type\" content=\"article\" \/>\n<meta property=\"og:title\" content=\"U Ljubu\u0161kom odr\u017eane Plazma sportske igre mladih za \u017dupaniju Zapadnohercegova\u010dku - RADIO LJUBU\u0160KI\" \/>\n<meta property=\"og:description\" content=\"Gradska \u0161portska dvorana u Ljubu\u0161kom danas je sigurno bilo najveselije mjesto u gradu. Veselje, pjesma, smijeh, ples, graja i vriska odjekivali su dvoranom koju su ve\u0107im dijelom ispunila djeca predvo\u0111ena svojim odgojiteljicama i u\u010diteljicama. Naime, Plazma Sportske igre mladih okupile su u dvorani djecu iz dje\u010djih vrti\u0107a i nekoliko osnovnih \u0161kola iz gradova i op\u0107ina [&hellip;]\" \/>\n<meta property=\"og:url\" content=\"https:\/\/radioljubuski.ba\/index.php\/2025\/10\/21\/u-ljubuskom-odrzane-plazma-sportske-igre-mladih-za-zupaniju-zapadnohercegovacku\/\" \/>\n<meta property=\"og:site_name\" content=\"RADIO LJUBU\u0160KI\" \/>\n<meta property=\"article:publisher\" content=\"https:\/\/www.facebook.com\/Radiio-Ljubuski-1490835324566332\" \/>\n<meta property=\"article:published_time\" content=\"2025-10-21T11:21:28+00:00\" \/>\n<meta property=\"article:modified_time\" content=\"2025-10-21T11:58:21+00:00\" \/>\n<meta property=\"og:image\" content=\"https:\/\/radioljubuski.ba\/wp-content\/uploads\/2025\/10\/IMG_4333.jpg\" \/>\n\t<meta property=\"og:image:width\" content=\"2400\" \/>\n\t<meta property=\"og:image:height\" content=\"1600\" \/>\n\t<meta property=\"og:image:type\" content=\"image\/jpeg\" \/>\n<meta name=\"author\" content=\"Radio Ljubu\u0161ki\" \/>\n<meta name=\"twitter:card\" content=\"summary_large_image\" \/>\n<meta name=\"twitter:creator\" content=\"@radioljubuski\" \/>\n<meta name=\"twitter:site\" content=\"@radioljubuski\" \/>\n<meta name=\"twitter:label1\" content=\"Napisao\/la\" \/>\n\t<meta name=\"twitter:data1\" content=\"Radio Ljubu\u0161ki\" \/>\n\t<meta name=\"twitter:label2\" content=\"Procijenjeno vrijeme \u010ditanja\" \/>\n\t<meta name=\"twitter:data2\" content=\"5 minuta\" \/>\n<script type=\"application\/ld+json\" class=\"yoast-schema-graph\">{\"@context\":\"https:\\\/\\\/schema.org\",\"@graph\":[{\"@type\":\"Article\",\"@id\":\"https:\\\/\\\/radioljubuski.ba\\\/index.php\\\/2025\\\/10\\\/21\\\/u-ljubuskom-odrzane-plazma-sportske-igre-mladih-za-zupaniju-zapadnohercegovacku\\\/#article\",\"isPartOf\":{\"@id\":\"https:\\\/\\\/radioljubuski.ba\\\/index.php\\\/2025\\\/10\\\/21\\\/u-ljubuskom-odrzane-plazma-sportske-igre-mladih-za-zupaniju-zapadnohercegovacku\\\/\"},\"author\":{\"name\":\"Radio Ljubu\u0161ki\",\"@id\":\"https:\\\/\\\/radioljubuski.ba\\\/#\\\/schema\\\/person\\\/19fc700381a780f69665d7956c469e3b\"},\"headline\":\"U Ljubu\u0161kom odr\u017eane Plazma sportske igre mladih za \u017dupaniju Zapadnohercegova\u010dku\",\"datePublished\":\"2025-10-21T11:21:28+00:00\",\"dateModified\":\"2025-10-21T11:58:21+00:00\",\"mainEntityOfPage\":{\"@id\":\"https:\\\/\\\/radioljubuski.ba\\\/index.php\\\/2025\\\/10\\\/21\\\/u-ljubuskom-odrzane-plazma-sportske-igre-mladih-za-zupaniju-zapadnohercegovacku\\\/\"},\"wordCount\":289,\"publisher\":{\"@id\":\"https:\\\/\\\/radioljubuski.ba\\\/#organization\"},\"image\":{\"@id\":\"https:\\\/\\\/radioljubuski.ba\\\/index.php\\\/2025\\\/10\\\/21\\\/u-ljubuskom-odrzane-plazma-sportske-igre-mladih-za-zupaniju-zapadnohercegovacku\\\/#primaryimage\"},\"thumbnailUrl\":\"https:\\\/\\\/radioljubuski.ba\\\/wp-content\\\/uploads\\\/2025\\\/10\\\/IMG_4333.jpg\",\"articleSection\":[\"Ljubu\u0161ki\",\"\u017dupanija Zapadnohercegova\u010dka\"],\"inLanguage\":\"hr\"},{\"@type\":\"WebPage\",\"@id\":\"https:\\\/\\\/radioljubuski.ba\\\/index.php\\\/2025\\\/10\\\/21\\\/u-ljubuskom-odrzane-plazma-sportske-igre-mladih-za-zupaniju-zapadnohercegovacku\\\/\",\"url\":\"https:\\\/\\\/radioljubuski.ba\\\/index.php\\\/2025\\\/10\\\/21\\\/u-ljubuskom-odrzane-plazma-sportske-igre-mladih-za-zupaniju-zapadnohercegovacku\\\/\",\"name\":\"U Ljubu\u0161kom odr\u017eane Plazma sportske igre mladih za \u017dupaniju Zapadnohercegova\u010dku - RADIO LJUBU\u0160KI\",\"isPartOf\":{\"@id\":\"https:\\\/\\\/radioljubuski.ba\\\/#website\"},\"primaryImageOfPage\":{\"@id\":\"https:\\\/\\\/radioljubuski.ba\\\/index.php\\\/2025\\\/10\\\/21\\\/u-ljubuskom-odrzane-plazma-sportske-igre-mladih-za-zupaniju-zapadnohercegovacku\\\/#primaryimage\"},\"image\":{\"@id\":\"https:\\\/\\\/radioljubuski.ba\\\/index.php\\\/2025\\\/10\\\/21\\\/u-ljubuskom-odrzane-plazma-sportske-igre-mladih-za-zupaniju-zapadnohercegovacku\\\/#primaryimage\"},\"thumbnailUrl\":\"https:\\\/\\\/radioljubuski.ba\\\/wp-content\\\/uploads\\\/2025\\\/10\\\/IMG_4333.jpg\",\"datePublished\":\"2025-10-21T11:21:28+00:00\",\"dateModified\":\"2025-10-21T11:58:21+00:00\",\"breadcrumb\":{\"@id\":\"https:\\\/\\\/radioljubuski.ba\\\/index.php\\\/2025\\\/10\\\/21\\\/u-ljubuskom-odrzane-plazma-sportske-igre-mladih-za-zupaniju-zapadnohercegovacku\\\/#breadcrumb\"},\"inLanguage\":\"hr\",\"potentialAction\":[{\"@type\":\"ReadAction\",\"target\":[\"https:\\\/\\\/radioljubuski.ba\\\/index.php\\\/2025\\\/10\\\/21\\\/u-ljubuskom-odrzane-plazma-sportske-igre-mladih-za-zupaniju-zapadnohercegovacku\\\/\"]}]},{\"@type\":\"ImageObject\",\"inLanguage\":\"hr\",\"@id\":\"https:\\\/\\\/radioljubuski.ba\\\/index.php\\\/2025\\\/10\\\/21\\\/u-ljubuskom-odrzane-plazma-sportske-igre-mladih-za-zupaniju-zapadnohercegovacku\\\/#primaryimage\",\"url\":\"https:\\\/\\\/radioljubuski.ba\\\/wp-content\\\/uploads\\\/2025\\\/10\\\/IMG_4333.jpg\",\"contentUrl\":\"https:\\\/\\\/radioljubuski.ba\\\/wp-content\\\/uploads\\\/2025\\\/10\\\/IMG_4333.jpg\",\"width\":2400,\"height\":1600},{\"@type\":\"BreadcrumbList\",\"@id\":\"https:\\\/\\\/radioljubuski.ba\\\/index.php\\\/2025\\\/10\\\/21\\\/u-ljubuskom-odrzane-plazma-sportske-igre-mladih-za-zupaniju-zapadnohercegovacku\\\/#breadcrumb\",\"itemListElement\":[{\"@type\":\"ListItem\",\"position\":1,\"name\":\"Po\u010detna stranica\",\"item\":\"https:\\\/\\\/radioljubuski.ba\\\/\"},{\"@type\":\"ListItem\",\"position\":2,\"name\":\"U Ljubu\u0161kom odr\u017eane Plazma sportske igre mladih za \u017dupaniju Zapadnohercegova\u010dku\"}]},{\"@type\":\"WebSite\",\"@id\":\"https:\\\/\\\/radioljubuski.ba\\\/#website\",\"url\":\"https:\\\/\\\/radioljubuski.ba\\\/\",\"name\":\"Radio Ljubu\u0161ki\",\"description\":\"Sun\u010dana frekvencija Hercegovine\",\"publisher\":{\"@id\":\"https:\\\/\\\/radioljubuski.ba\\\/#organization\"},\"potentialAction\":[{\"@type\":\"SearchAction\",\"target\":{\"@type\":\"EntryPoint\",\"urlTemplate\":\"https:\\\/\\\/radioljubuski.ba\\\/?s={search_term_string}\"},\"query-input\":{\"@type\":\"PropertyValueSpecification\",\"valueRequired\":true,\"valueName\":\"search_term_string\"}}],\"inLanguage\":\"hr\"},{\"@type\":\"Organization\",\"@id\":\"https:\\\/\\\/radioljubuski.ba\\\/#organization\",\"name\":\"Radio Ljubu\u0161ki\",\"url\":\"https:\\\/\\\/radioljubuski.ba\\\/\",\"logo\":{\"@type\":\"ImageObject\",\"inLanguage\":\"hr\",\"@id\":\"https:\\\/\\\/radioljubuski.ba\\\/#\\\/schema\\\/logo\\\/image\\\/\",\"url\":\"https:\\\/\\\/radioljubuski.ba\\\/wp-content\\\/uploads\\\/2021\\\/02\\\/cropped-Radio_Ljubuski_logo1.jpg\",\"contentUrl\":\"https:\\\/\\\/radioljubuski.ba\\\/wp-content\\\/uploads\\\/2021\\\/02\\\/cropped-Radio_Ljubuski_logo1.jpg\",\"width\":512,\"height\":512,\"caption\":\"Radio Ljubu\u0161ki\"},\"image\":{\"@id\":\"https:\\\/\\\/radioljubuski.ba\\\/#\\\/schema\\\/logo\\\/image\\\/\"},\"sameAs\":[\"https:\\\/\\\/www.facebook.com\\\/Radiio-Ljubuski-1490835324566332\",\"https:\\\/\\\/x.com\\\/radioljubuski\",\"https:\\\/\\\/hr.linkedin.com\\\/company\\\/radio-ljubuski\",\"https:\\\/\\\/www.youtube.com\\\/channel\\\/UCHYaeO_n0Db3tjNGudGpXyw\"]},{\"@type\":\"Person\",\"@id\":\"https:\\\/\\\/radioljubuski.ba\\\/#\\\/schema\\\/person\\\/19fc700381a780f69665d7956c469e3b\",\"name\":\"Radio Ljubu\u0161ki\"}]}<\/script>\n<!-- \/ Yoast SEO plugin. -->","yoast_head_json":{"title":"U Ljubu\u0161kom odr\u017eane Plazma sportske igre mladih za \u017dupaniju Zapadnohercegova\u010dku - RADIO LJUBU\u0160KI","robots":{"index":"index","follow":"follow","max-snippet":"max-snippet:-1","max-image-preview":"max-image-preview:large","max-video-preview":"max-video-preview:-1"},"canonical":"https:\/\/radioljubuski.ba\/index.php\/2025\/10\/21\/u-ljubuskom-odrzane-plazma-sportske-igre-mladih-za-zupaniju-zapadnohercegovacku\/","og_locale":"hr_HR","og_type":"article","og_title":"U Ljubu\u0161kom odr\u017eane Plazma sportske igre mladih za \u017dupaniju Zapadnohercegova\u010dku - RADIO LJUBU\u0160KI","og_description":"Gradska \u0161portska dvorana u Ljubu\u0161kom danas je sigurno bilo najveselije mjesto u gradu. Veselje, pjesma, smijeh, ples, graja i vriska odjekivali su dvoranom koju su ve\u0107im dijelom ispunila djeca predvo\u0111ena svojim odgojiteljicama i u\u010diteljicama. Naime, Plazma Sportske igre mladih okupile su u dvorani djecu iz dje\u010djih vrti\u0107a i nekoliko osnovnih \u0161kola iz gradova i op\u0107ina [&hellip;]","og_url":"https:\/\/radioljubuski.ba\/index.php\/2025\/10\/21\/u-ljubuskom-odrzane-plazma-sportske-igre-mladih-za-zupaniju-zapadnohercegovacku\/","og_site_name":"RADIO LJUBU\u0160KI","article_publisher":"https:\/\/www.facebook.com\/Radiio-Ljubuski-1490835324566332","article_published_time":"2025-10-21T11:21:28+00:00","article_modified_time":"2025-10-21T11:58:21+00:00","og_image":[{"width":2400,"height":1600,"url":"https:\/\/radioljubuski.ba\/wp-content\/uploads\/2025\/10\/IMG_4333.jpg","type":"image\/jpeg"}],"author":"Radio Ljubu\u0161ki","twitter_card":"summary_large_image","twitter_creator":"@radioljubuski","twitter_site":"@radioljubuski","twitter_misc":{"Napisao\/la":"Radio Ljubu\u0161ki","Procijenjeno vrijeme \u010ditanja":"5 minuta"},"schema":{"@context":"https:\/\/schema.org","@graph":[{"@type":"Article","@id":"https:\/\/radioljubuski.ba\/index.php\/2025\/10\/21\/u-ljubuskom-odrzane-plazma-sportske-igre-mladih-za-zupaniju-zapadnohercegovacku\/#article","isPartOf":{"@id":"https:\/\/radioljubuski.ba\/index.php\/2025\/10\/21\/u-ljubuskom-odrzane-plazma-sportske-igre-mladih-za-zupaniju-zapadnohercegovacku\/"},"author":{"name":"Radio Ljubu\u0161ki","@id":"https:\/\/radioljubuski.ba\/#\/schema\/person\/19fc700381a780f69665d7956c469e3b"},"headline":"U Ljubu\u0161kom odr\u017eane Plazma sportske igre mladih za \u017dupaniju Zapadnohercegova\u010dku","datePublished":"2025-10-21T11:21:28+00:00","dateModified":"2025-10-21T11:58:21+00:00","mainEntityOfPage":{"@id":"https:\/\/radioljubuski.ba\/index.php\/2025\/10\/21\/u-ljubuskom-odrzane-plazma-sportske-igre-mladih-za-zupaniju-zapadnohercegovacku\/"},"wordCount":289,"publisher":{"@id":"https:\/\/radioljubuski.ba\/#organization"},"image":{"@id":"https:\/\/radioljubuski.ba\/index.php\/2025\/10\/21\/u-ljubuskom-odrzane-plazma-sportske-igre-mladih-za-zupaniju-zapadnohercegovacku\/#primaryimage"},"thumbnailUrl":"https:\/\/radioljubuski.ba\/wp-content\/uploads\/2025\/10\/IMG_4333.jpg","articleSection":["Ljubu\u0161ki","\u017dupanija Zapadnohercegova\u010dka"],"inLanguage":"hr"},{"@type":"WebPage","@id":"https:\/\/radioljubuski.ba\/index.php\/2025\/10\/21\/u-ljubuskom-odrzane-plazma-sportske-igre-mladih-za-zupaniju-zapadnohercegovacku\/","url":"https:\/\/radioljubuski.ba\/index.php\/2025\/10\/21\/u-ljubuskom-odrzane-plazma-sportske-igre-mladih-za-zupaniju-zapadnohercegovacku\/","name":"U Ljubu\u0161kom odr\u017eane Plazma sportske igre mladih za \u017dupaniju Zapadnohercegova\u010dku - RADIO LJUBU\u0160KI","isPartOf":{"@id":"https:\/\/radioljubuski.ba\/#website"},"primaryImageOfPage":{"@id":"https:\/\/radioljubuski.ba\/index.php\/2025\/10\/21\/u-ljubuskom-odrzane-plazma-sportske-igre-mladih-za-zupaniju-zapadnohercegovacku\/#primaryimage"},"image":{"@id":"https:\/\/radioljubuski.ba\/index.php\/2025\/10\/21\/u-ljubuskom-odrzane-plazma-sportske-igre-mladih-za-zupaniju-zapadnohercegovacku\/#primaryimage"},"thumbnailUrl":"https:\/\/radioljubuski.ba\/wp-content\/uploads\/2025\/10\/IMG_4333.jpg","datePublished":"2025-10-21T11:21:28+00:00","dateModified":"2025-10-21T11:58:21+00:00","breadcrumb":{"@id":"https:\/\/radioljubuski.ba\/index.php\/2025\/10\/21\/u-ljubuskom-odrzane-plazma-sportske-igre-mladih-za-zupaniju-zapadnohercegovacku\/#breadcrumb"},"inLanguage":"hr","potentialAction":[{"@type":"ReadAction","target":["https:\/\/radioljubuski.ba\/index.php\/2025\/10\/21\/u-ljubuskom-odrzane-plazma-sportske-igre-mladih-za-zupaniju-zapadnohercegovacku\/"]}]},{"@type":"ImageObject","inLanguage":"hr","@id":"https:\/\/radioljubuski.ba\/index.php\/2025\/10\/21\/u-ljubuskom-odrzane-plazma-sportske-igre-mladih-za-zupaniju-zapadnohercegovacku\/#primaryimage","url":"https:\/\/radioljubuski.ba\/wp-content\/uploads\/2025\/10\/IMG_4333.jpg","contentUrl":"https:\/\/radioljubuski.ba\/wp-content\/uploads\/2025\/10\/IMG_4333.jpg","width":2400,"height":1600},{"@type":"BreadcrumbList","@id":"https:\/\/radioljubuski.ba\/index.php\/2025\/10\/21\/u-ljubuskom-odrzane-plazma-sportske-igre-mladih-za-zupaniju-zapadnohercegovacku\/#breadcrumb","itemListElement":[{"@type":"ListItem","position":1,"name":"Po\u010detna stranica","item":"https:\/\/radioljubuski.ba\/"},{"@type":"ListItem","position":2,"name":"U Ljubu\u0161kom odr\u017eane Plazma sportske igre mladih za \u017dupaniju Zapadnohercegova\u010dku"}]},{"@type":"WebSite","@id":"https:\/\/radioljubuski.ba\/#website","url":"https:\/\/radioljubuski.ba\/","name":"Radio Ljubu\u0161ki","description":"Sun\u010dana frekvencija Hercegovine","publisher":{"@id":"https:\/\/radioljubuski.ba\/#organization"},"potentialAction":[{"@type":"SearchAction","target":{"@type":"EntryPoint","urlTemplate":"https:\/\/radioljubuski.ba\/?s={search_term_string}"},"query-input":{"@type":"PropertyValueSpecification","valueRequired":true,"valueName":"search_term_string"}}],"inLanguage":"hr"},{"@type":"Organization","@id":"https:\/\/radioljubuski.ba\/#organization","name":"Radio Ljubu\u0161ki","url":"https:\/\/radioljubuski.ba\/","logo":{"@type":"ImageObject","inLanguage":"hr","@id":"https:\/\/radioljubuski.ba\/#\/schema\/logo\/image\/","url":"https:\/\/radioljubuski.ba\/wp-content\/uploads\/2021\/02\/cropped-Radio_Ljubuski_logo1.jpg","contentUrl":"https:\/\/radioljubuski.ba\/wp-content\/uploads\/2021\/02\/cropped-Radio_Ljubuski_logo1.jpg","width":512,"height":512,"caption":"Radio Ljubu\u0161ki"},"image":{"@id":"https:\/\/radioljubuski.ba\/#\/schema\/logo\/image\/"},"sameAs":["https:\/\/www.facebook.com\/Radiio-Ljubuski-1490835324566332","https:\/\/x.com\/radioljubuski","https:\/\/hr.linkedin.com\/company\/radio-ljubuski","https:\/\/www.youtube.com\/channel\/UCHYaeO_n0Db3tjNGudGpXyw"]},{"@type":"Person","@id":"https:\/\/radioljubuski.ba\/#\/schema\/person\/19fc700381a780f69665d7956c469e3b","name":"Radio Ljubu\u0161ki"}]}},"_links":{"self":[{"href":"https:\/\/radioljubuski.ba\/index.php\/wp-json\/wp\/v2\/posts\/221760","targetHints":{"allow":["GET"]}}],"collection":[{"href":"https:\/\/radioljubuski.ba\/index.php\/wp-json\/wp\/v2\/posts"}],"about":[{"href":"https:\/\/radioljubuski.ba\/index.php\/wp-json\/wp\/v2\/types\/post"}],"author":[{"embeddable":true,"href":"https:\/\/radioljubuski.ba\/index.php\/wp-json\/wp\/v2\/users\/2"}],"replies":[{"embeddable":true,"href":"https:\/\/radioljubuski.ba\/index.php\/wp-json\/wp\/v2\/comments?post=221760"}],"version-history":[{"count":2,"href":"https:\/\/radioljubuski.ba\/index.php\/wp-json\/wp\/v2\/posts\/221760\/revisions"}],"predecessor-version":[{"id":221778,"href":"https:\/\/radioljubuski.ba\/index.php\/wp-json\/wp\/v2\/posts\/221760\/revisions\/221778"}],"wp:featuredmedia":[{"embeddable":true,"href":"https:\/\/radioljubuski.ba\/index.php\/wp-json\/wp\/v2\/media\/221761"}],"wp:attachment":[{"href":"https:\/\/radioljubuski.ba\/index.php\/wp-json\/wp\/v2\/media?parent=221760"}],"wp:term":[{"taxonomy":"category","embeddable":true,"href":"https:\/\/radioljubuski.ba\/index.php\/wp-json\/wp\/v2\/categories?post=221760"},{"taxonomy":"post_tag","embeddable":true,"href":"https:\/\/radioljubuski.ba\/index.php\/wp-json\/wp\/v2\/tags?post=221760"}],"curies":[{"name":"wp","href":"https:\/\/api.w.org\/{rel}","templated":true}]}}