{"id":221785,"date":"2025-10-21T16:37:57","date_gmt":"2025-10-21T15:37:57","guid":{"rendered":"https:\/\/radioljubuski.ba\/?p=221785"},"modified":"2025-10-23T13:06:15","modified_gmt":"2025-10-23T12:06:15","slug":"zamjenik-premijera-kraljevic-i-veleposlanik-todorov-o-nastavku-regionalne-suradnje","status":"publish","type":"post","link":"https:\/\/radioljubuski.ba\/index.php\/2025\/10\/21\/zamjenik-premijera-kraljevic-i-veleposlanik-todorov-o-nastavku-regionalne-suradnje\/","title":{"rendered":"Zamjenik premijera Kraljevi\u0107 i veleposlanik Todorov o nastavku regionalne suradnje"},"content":{"rendered":"\n<p>Zamjenik premijera Federacije BiH i federalni ministar financija Toni Kraljevi\u0107 primio je u posjetu veleposlanika Republike Srbije u Bosni i Hercegovini Ivana Todorova.<\/p>\n\n\n\n<p>Ministar Kraljevi\u0107 je, uz izraze dobrodo\u0161lice, upoznao veleposlanika Todorova s opsegom nadle\u017enosti Federalnog ministarstva financija i izazovima s kojima se suo\u010dava.<\/p>\n\n\n\n<p>Todorov je naglasio va\u017enost nastavka regionalne suradnje, posebno isti\u010du\u0107i zna\u010daj ekonomske suradnje s obzirom da veliki broj tvrtki iz Srbije posluje u Bosni i Hercegovini i obratno. Razgovarali su i o izazovima koji predstoje za obje dr\u017eave i na\u010dinu kako ih zajedni\u010dki prevladati.<\/p>\n\n\n\n<p>Na kraju razgovora ministar Kraljevi\u0107 se zahvalilo veleposlaniku na ovoj posjeti i za\u017eelio mu uspje\u0161an nastavak mandata u na\u0161oj zemlji, priop\u0107eno je iz Federalnog ministarstva financija.<\/p>\n\n\n\n<p><\/p>\n","protected":false},"excerpt":{"rendered":"<p>Zamjenik premijera Federacije BiH i federalni ministar financija Toni Kraljevi\u0107 primio je u posjetu veleposlanika Republike Srbije u Bosni i Hercegovini Ivana Todorova. Ministar Kraljevi\u0107 je, uz izraze dobrodo\u0161lice, upoznao veleposlanika Todorova s opsegom nadle\u017enosti Federalnog ministarstva financija i izazovima s kojima se suo\u010dava. Todorov je naglasio va\u017enost nastavka regionalne suradnje, posebno isti\u010du\u0107i zna\u010daj ekonomske [&hellip;]<\/p>\n","protected":false},"author":2,"featured_media":221786,"comment_status":"closed","ping_status":"closed","sticky":false,"template":"","format":"standard","meta":{"h5ap_radio_sources":[],"footnotes":""},"categories":[1],"tags":[],"class_list":["post-221785","post","type-post","status-publish","format-standard","has-post-thumbnail","hentry","category-bihiregija"],"yoast_head":"<!-- This site is optimized with the Yoast SEO plugin v27.5 - https:\/\/yoast.com\/product\/yoast-seo-wordpress\/ -->\n<title>Zamjenik premijera Kraljevi\u0107 i veleposlanik Todorov o nastavku regionalne suradnje - RADIO LJUBU\u0160KI<\/title>\n<meta name=\"robots\" content=\"index, follow, max-snippet:-1, max-image-preview:large, max-video-preview:-1\" \/>\n<link rel=\"canonical\" href=\"https:\/\/radioljubuski.ba\/index.php\/2025\/10\/21\/zamjenik-premijera-kraljevic-i-veleposlanik-todorov-o-nastavku-regionalne-suradnje\/\" \/>\n<meta property=\"og:locale\" content=\"hr_HR\" \/>\n<meta property=\"og:type\" content=\"article\" \/>\n<meta property=\"og:title\" content=\"Zamjenik premijera Kraljevi\u0107 i veleposlanik Todorov o nastavku regionalne suradnje - RADIO LJUBU\u0160KI\" \/>\n<meta property=\"og:description\" content=\"Zamjenik premijera Federacije BiH i federalni ministar financija Toni Kraljevi\u0107 primio je u posjetu veleposlanika Republike Srbije u Bosni i Hercegovini Ivana Todorova. Ministar Kraljevi\u0107 je, uz izraze dobrodo\u0161lice, upoznao veleposlanika Todorova s opsegom nadle\u017enosti Federalnog ministarstva financija i izazovima s kojima se suo\u010dava. Todorov je naglasio va\u017enost nastavka regionalne suradnje, posebno isti\u010du\u0107i zna\u010daj ekonomske [&hellip;]\" \/>\n<meta property=\"og:url\" content=\"https:\/\/radioljubuski.ba\/index.php\/2025\/10\/21\/zamjenik-premijera-kraljevic-i-veleposlanik-todorov-o-nastavku-regionalne-suradnje\/\" \/>\n<meta property=\"og:site_name\" content=\"RADIO LJUBU\u0160KI\" \/>\n<meta property=\"article:publisher\" content=\"https:\/\/www.facebook.com\/Radiio-Ljubuski-1490835324566332\" \/>\n<meta property=\"article:published_time\" content=\"2025-10-21T15:37:57+00:00\" \/>\n<meta property=\"article:modified_time\" content=\"2025-10-23T12:06:15+00:00\" \/>\n<meta property=\"og:image\" content=\"https:\/\/radioljubuski.ba\/wp-content\/uploads\/2025\/10\/IMG_5459.png\" \/>\n\t<meta property=\"og:image:width\" content=\"1280\" \/>\n\t<meta property=\"og:image:height\" content=\"853\" \/>\n\t<meta property=\"og:image:type\" content=\"image\/png\" \/>\n<meta name=\"author\" content=\"Radio Ljubu\u0161ki\" \/>\n<meta name=\"twitter:card\" content=\"summary_large_image\" \/>\n<meta name=\"twitter:creator\" content=\"@radioljubuski\" \/>\n<meta name=\"twitter:site\" content=\"@radioljubuski\" \/>\n<meta name=\"twitter:label1\" content=\"Napisao\/la\" \/>\n\t<meta name=\"twitter:data1\" content=\"Radio Ljubu\u0161ki\" \/>\n\t<meta name=\"twitter:label2\" content=\"Procijenjeno vrijeme \u010ditanja\" \/>\n\t<meta name=\"twitter:data2\" content=\"1 minuta\" \/>\n<script type=\"application\/ld+json\" class=\"yoast-schema-graph\">{\"@context\":\"https:\\\/\\\/schema.org\",\"@graph\":[{\"@type\":\"Article\",\"@id\":\"https:\\\/\\\/radioljubuski.ba\\\/index.php\\\/2025\\\/10\\\/21\\\/zamjenik-premijera-kraljevic-i-veleposlanik-todorov-o-nastavku-regionalne-suradnje\\\/#article\",\"isPartOf\":{\"@id\":\"https:\\\/\\\/radioljubuski.ba\\\/index.php\\\/2025\\\/10\\\/21\\\/zamjenik-premijera-kraljevic-i-veleposlanik-todorov-o-nastavku-regionalne-suradnje\\\/\"},\"author\":{\"name\":\"Radio Ljubu\u0161ki\",\"@id\":\"https:\\\/\\\/radioljubuski.ba\\\/#\\\/schema\\\/person\\\/19fc700381a780f69665d7956c469e3b\"},\"headline\":\"Zamjenik premijera Kraljevi\u0107 i veleposlanik Todorov o nastavku regionalne suradnje\",\"datePublished\":\"2025-10-21T15:37:57+00:00\",\"dateModified\":\"2025-10-23T12:06:15+00:00\",\"mainEntityOfPage\":{\"@id\":\"https:\\\/\\\/radioljubuski.ba\\\/index.php\\\/2025\\\/10\\\/21\\\/zamjenik-premijera-kraljevic-i-veleposlanik-todorov-o-nastavku-regionalne-suradnje\\\/\"},\"wordCount\":137,\"publisher\":{\"@id\":\"https:\\\/\\\/radioljubuski.ba\\\/#organization\"},\"image\":{\"@id\":\"https:\\\/\\\/radioljubuski.ba\\\/index.php\\\/2025\\\/10\\\/21\\\/zamjenik-premijera-kraljevic-i-veleposlanik-todorov-o-nastavku-regionalne-suradnje\\\/#primaryimage\"},\"thumbnailUrl\":\"https:\\\/\\\/radioljubuski.ba\\\/wp-content\\\/uploads\\\/2025\\\/10\\\/IMG_5459.png\",\"articleSection\":[\"BIH i regija\"],\"inLanguage\":\"hr\"},{\"@type\":\"WebPage\",\"@id\":\"https:\\\/\\\/radioljubuski.ba\\\/index.php\\\/2025\\\/10\\\/21\\\/zamjenik-premijera-kraljevic-i-veleposlanik-todorov-o-nastavku-regionalne-suradnje\\\/\",\"url\":\"https:\\\/\\\/radioljubuski.ba\\\/index.php\\\/2025\\\/10\\\/21\\\/zamjenik-premijera-kraljevic-i-veleposlanik-todorov-o-nastavku-regionalne-suradnje\\\/\",\"name\":\"Zamjenik premijera Kraljevi\u0107 i veleposlanik Todorov o nastavku regionalne suradnje - RADIO LJUBU\u0160KI\",\"isPartOf\":{\"@id\":\"https:\\\/\\\/radioljubuski.ba\\\/#website\"},\"primaryImageOfPage\":{\"@id\":\"https:\\\/\\\/radioljubuski.ba\\\/index.php\\\/2025\\\/10\\\/21\\\/zamjenik-premijera-kraljevic-i-veleposlanik-todorov-o-nastavku-regionalne-suradnje\\\/#primaryimage\"},\"image\":{\"@id\":\"https:\\\/\\\/radioljubuski.ba\\\/index.php\\\/2025\\\/10\\\/21\\\/zamjenik-premijera-kraljevic-i-veleposlanik-todorov-o-nastavku-regionalne-suradnje\\\/#primaryimage\"},\"thumbnailUrl\":\"https:\\\/\\\/radioljubuski.ba\\\/wp-content\\\/uploads\\\/2025\\\/10\\\/IMG_5459.png\",\"datePublished\":\"2025-10-21T15:37:57+00:00\",\"dateModified\":\"2025-10-23T12:06:15+00:00\",\"breadcrumb\":{\"@id\":\"https:\\\/\\\/radioljubuski.ba\\\/index.php\\\/2025\\\/10\\\/21\\\/zamjenik-premijera-kraljevic-i-veleposlanik-todorov-o-nastavku-regionalne-suradnje\\\/#breadcrumb\"},\"inLanguage\":\"hr\",\"potentialAction\":[{\"@type\":\"ReadAction\",\"target\":[\"https:\\\/\\\/radioljubuski.ba\\\/index.php\\\/2025\\\/10\\\/21\\\/zamjenik-premijera-kraljevic-i-veleposlanik-todorov-o-nastavku-regionalne-suradnje\\\/\"]}]},{\"@type\":\"ImageObject\",\"inLanguage\":\"hr\",\"@id\":\"https:\\\/\\\/radioljubuski.ba\\\/index.php\\\/2025\\\/10\\\/21\\\/zamjenik-premijera-kraljevic-i-veleposlanik-todorov-o-nastavku-regionalne-suradnje\\\/#primaryimage\",\"url\":\"https:\\\/\\\/radioljubuski.ba\\\/wp-content\\\/uploads\\\/2025\\\/10\\\/IMG_5459.png\",\"contentUrl\":\"https:\\\/\\\/radioljubuski.ba\\\/wp-content\\\/uploads\\\/2025\\\/10\\\/IMG_5459.png\",\"width\":1280,\"height\":853},{\"@type\":\"BreadcrumbList\",\"@id\":\"https:\\\/\\\/radioljubuski.ba\\\/index.php\\\/2025\\\/10\\\/21\\\/zamjenik-premijera-kraljevic-i-veleposlanik-todorov-o-nastavku-regionalne-suradnje\\\/#breadcrumb\",\"itemListElement\":[{\"@type\":\"ListItem\",\"position\":1,\"name\":\"Po\u010detna stranica\",\"item\":\"https:\\\/\\\/radioljubuski.ba\\\/\"},{\"@type\":\"ListItem\",\"position\":2,\"name\":\"Zamjenik premijera Kraljevi\u0107 i veleposlanik Todorov o nastavku regionalne suradnje\"}]},{\"@type\":\"WebSite\",\"@id\":\"https:\\\/\\\/radioljubuski.ba\\\/#website\",\"url\":\"https:\\\/\\\/radioljubuski.ba\\\/\",\"name\":\"Radio Ljubu\u0161ki\",\"description\":\"Sun\u010dana frekvencija Hercegovine\",\"publisher\":{\"@id\":\"https:\\\/\\\/radioljubuski.ba\\\/#organization\"},\"potentialAction\":[{\"@type\":\"SearchAction\",\"target\":{\"@type\":\"EntryPoint\",\"urlTemplate\":\"https:\\\/\\\/radioljubuski.ba\\\/?s={search_term_string}\"},\"query-input\":{\"@type\":\"PropertyValueSpecification\",\"valueRequired\":true,\"valueName\":\"search_term_string\"}}],\"inLanguage\":\"hr\"},{\"@type\":\"Organization\",\"@id\":\"https:\\\/\\\/radioljubuski.ba\\\/#organization\",\"name\":\"Radio Ljubu\u0161ki\",\"url\":\"https:\\\/\\\/radioljubuski.ba\\\/\",\"logo\":{\"@type\":\"ImageObject\",\"inLanguage\":\"hr\",\"@id\":\"https:\\\/\\\/radioljubuski.ba\\\/#\\\/schema\\\/logo\\\/image\\\/\",\"url\":\"https:\\\/\\\/radioljubuski.ba\\\/wp-content\\\/uploads\\\/2021\\\/02\\\/cropped-Radio_Ljubuski_logo1.jpg\",\"contentUrl\":\"https:\\\/\\\/radioljubuski.ba\\\/wp-content\\\/uploads\\\/2021\\\/02\\\/cropped-Radio_Ljubuski_logo1.jpg\",\"width\":512,\"height\":512,\"caption\":\"Radio Ljubu\u0161ki\"},\"image\":{\"@id\":\"https:\\\/\\\/radioljubuski.ba\\\/#\\\/schema\\\/logo\\\/image\\\/\"},\"sameAs\":[\"https:\\\/\\\/www.facebook.com\\\/Radiio-Ljubuski-1490835324566332\",\"https:\\\/\\\/x.com\\\/radioljubuski\",\"https:\\\/\\\/hr.linkedin.com\\\/company\\\/radio-ljubuski\",\"https:\\\/\\\/www.youtube.com\\\/channel\\\/UCHYaeO_n0Db3tjNGudGpXyw\"]},{\"@type\":\"Person\",\"@id\":\"https:\\\/\\\/radioljubuski.ba\\\/#\\\/schema\\\/person\\\/19fc700381a780f69665d7956c469e3b\",\"name\":\"Radio Ljubu\u0161ki\"}]}<\/script>\n<!-- \/ Yoast SEO plugin. -->","yoast_head_json":{"title":"Zamjenik premijera Kraljevi\u0107 i veleposlanik Todorov o nastavku regionalne suradnje - RADIO LJUBU\u0160KI","robots":{"index":"index","follow":"follow","max-snippet":"max-snippet:-1","max-image-preview":"max-image-preview:large","max-video-preview":"max-video-preview:-1"},"canonical":"https:\/\/radioljubuski.ba\/index.php\/2025\/10\/21\/zamjenik-premijera-kraljevic-i-veleposlanik-todorov-o-nastavku-regionalne-suradnje\/","og_locale":"hr_HR","og_type":"article","og_title":"Zamjenik premijera Kraljevi\u0107 i veleposlanik Todorov o nastavku regionalne suradnje - RADIO LJUBU\u0160KI","og_description":"Zamjenik premijera Federacije BiH i federalni ministar financija Toni Kraljevi\u0107 primio je u posjetu veleposlanika Republike Srbije u Bosni i Hercegovini Ivana Todorova. Ministar Kraljevi\u0107 je, uz izraze dobrodo\u0161lice, upoznao veleposlanika Todorova s opsegom nadle\u017enosti Federalnog ministarstva financija i izazovima s kojima se suo\u010dava. Todorov je naglasio va\u017enost nastavka regionalne suradnje, posebno isti\u010du\u0107i zna\u010daj ekonomske [&hellip;]","og_url":"https:\/\/radioljubuski.ba\/index.php\/2025\/10\/21\/zamjenik-premijera-kraljevic-i-veleposlanik-todorov-o-nastavku-regionalne-suradnje\/","og_site_name":"RADIO LJUBU\u0160KI","article_publisher":"https:\/\/www.facebook.com\/Radiio-Ljubuski-1490835324566332","article_published_time":"2025-10-21T15:37:57+00:00","article_modified_time":"2025-10-23T12:06:15+00:00","og_image":[{"width":1280,"height":853,"url":"https:\/\/radioljubuski.ba\/wp-content\/uploads\/2025\/10\/IMG_5459.png","type":"image\/png"}],"author":"Radio Ljubu\u0161ki","twitter_card":"summary_large_image","twitter_creator":"@radioljubuski","twitter_site":"@radioljubuski","twitter_misc":{"Napisao\/la":"Radio Ljubu\u0161ki","Procijenjeno vrijeme \u010ditanja":"1 minuta"},"schema":{"@context":"https:\/\/schema.org","@graph":[{"@type":"Article","@id":"https:\/\/radioljubuski.ba\/index.php\/2025\/10\/21\/zamjenik-premijera-kraljevic-i-veleposlanik-todorov-o-nastavku-regionalne-suradnje\/#article","isPartOf":{"@id":"https:\/\/radioljubuski.ba\/index.php\/2025\/10\/21\/zamjenik-premijera-kraljevic-i-veleposlanik-todorov-o-nastavku-regionalne-suradnje\/"},"author":{"name":"Radio Ljubu\u0161ki","@id":"https:\/\/radioljubuski.ba\/#\/schema\/person\/19fc700381a780f69665d7956c469e3b"},"headline":"Zamjenik premijera Kraljevi\u0107 i veleposlanik Todorov o nastavku regionalne suradnje","datePublished":"2025-10-21T15:37:57+00:00","dateModified":"2025-10-23T12:06:15+00:00","mainEntityOfPage":{"@id":"https:\/\/radioljubuski.ba\/index.php\/2025\/10\/21\/zamjenik-premijera-kraljevic-i-veleposlanik-todorov-o-nastavku-regionalne-suradnje\/"},"wordCount":137,"publisher":{"@id":"https:\/\/radioljubuski.ba\/#organization"},"image":{"@id":"https:\/\/radioljubuski.ba\/index.php\/2025\/10\/21\/zamjenik-premijera-kraljevic-i-veleposlanik-todorov-o-nastavku-regionalne-suradnje\/#primaryimage"},"thumbnailUrl":"https:\/\/radioljubuski.ba\/wp-content\/uploads\/2025\/10\/IMG_5459.png","articleSection":["BIH i regija"],"inLanguage":"hr"},{"@type":"WebPage","@id":"https:\/\/radioljubuski.ba\/index.php\/2025\/10\/21\/zamjenik-premijera-kraljevic-i-veleposlanik-todorov-o-nastavku-regionalne-suradnje\/","url":"https:\/\/radioljubuski.ba\/index.php\/2025\/10\/21\/zamjenik-premijera-kraljevic-i-veleposlanik-todorov-o-nastavku-regionalne-suradnje\/","name":"Zamjenik premijera Kraljevi\u0107 i veleposlanik Todorov o nastavku regionalne suradnje - RADIO LJUBU\u0160KI","isPartOf":{"@id":"https:\/\/radioljubuski.ba\/#website"},"primaryImageOfPage":{"@id":"https:\/\/radioljubuski.ba\/index.php\/2025\/10\/21\/zamjenik-premijera-kraljevic-i-veleposlanik-todorov-o-nastavku-regionalne-suradnje\/#primaryimage"},"image":{"@id":"https:\/\/radioljubuski.ba\/index.php\/2025\/10\/21\/zamjenik-premijera-kraljevic-i-veleposlanik-todorov-o-nastavku-regionalne-suradnje\/#primaryimage"},"thumbnailUrl":"https:\/\/radioljubuski.ba\/wp-content\/uploads\/2025\/10\/IMG_5459.png","datePublished":"2025-10-21T15:37:57+00:00","dateModified":"2025-10-23T12:06:15+00:00","breadcrumb":{"@id":"https:\/\/radioljubuski.ba\/index.php\/2025\/10\/21\/zamjenik-premijera-kraljevic-i-veleposlanik-todorov-o-nastavku-regionalne-suradnje\/#breadcrumb"},"inLanguage":"hr","potentialAction":[{"@type":"ReadAction","target":["https:\/\/radioljubuski.ba\/index.php\/2025\/10\/21\/zamjenik-premijera-kraljevic-i-veleposlanik-todorov-o-nastavku-regionalne-suradnje\/"]}]},{"@type":"ImageObject","inLanguage":"hr","@id":"https:\/\/radioljubuski.ba\/index.php\/2025\/10\/21\/zamjenik-premijera-kraljevic-i-veleposlanik-todorov-o-nastavku-regionalne-suradnje\/#primaryimage","url":"https:\/\/radioljubuski.ba\/wp-content\/uploads\/2025\/10\/IMG_5459.png","contentUrl":"https:\/\/radioljubuski.ba\/wp-content\/uploads\/2025\/10\/IMG_5459.png","width":1280,"height":853},{"@type":"BreadcrumbList","@id":"https:\/\/radioljubuski.ba\/index.php\/2025\/10\/21\/zamjenik-premijera-kraljevic-i-veleposlanik-todorov-o-nastavku-regionalne-suradnje\/#breadcrumb","itemListElement":[{"@type":"ListItem","position":1,"name":"Po\u010detna stranica","item":"https:\/\/radioljubuski.ba\/"},{"@type":"ListItem","position":2,"name":"Zamjenik premijera Kraljevi\u0107 i veleposlanik Todorov o nastavku regionalne suradnje"}]},{"@type":"WebSite","@id":"https:\/\/radioljubuski.ba\/#website","url":"https:\/\/radioljubuski.ba\/","name":"Radio Ljubu\u0161ki","description":"Sun\u010dana frekvencija Hercegovine","publisher":{"@id":"https:\/\/radioljubuski.ba\/#organization"},"potentialAction":[{"@type":"SearchAction","target":{"@type":"EntryPoint","urlTemplate":"https:\/\/radioljubuski.ba\/?s={search_term_string}"},"query-input":{"@type":"PropertyValueSpecification","valueRequired":true,"valueName":"search_term_string"}}],"inLanguage":"hr"},{"@type":"Organization","@id":"https:\/\/radioljubuski.ba\/#organization","name":"Radio Ljubu\u0161ki","url":"https:\/\/radioljubuski.ba\/","logo":{"@type":"ImageObject","inLanguage":"hr","@id":"https:\/\/radioljubuski.ba\/#\/schema\/logo\/image\/","url":"https:\/\/radioljubuski.ba\/wp-content\/uploads\/2021\/02\/cropped-Radio_Ljubuski_logo1.jpg","contentUrl":"https:\/\/radioljubuski.ba\/wp-content\/uploads\/2021\/02\/cropped-Radio_Ljubuski_logo1.jpg","width":512,"height":512,"caption":"Radio Ljubu\u0161ki"},"image":{"@id":"https:\/\/radioljubuski.ba\/#\/schema\/logo\/image\/"},"sameAs":["https:\/\/www.facebook.com\/Radiio-Ljubuski-1490835324566332","https:\/\/x.com\/radioljubuski","https:\/\/hr.linkedin.com\/company\/radio-ljubuski","https:\/\/www.youtube.com\/channel\/UCHYaeO_n0Db3tjNGudGpXyw"]},{"@type":"Person","@id":"https:\/\/radioljubuski.ba\/#\/schema\/person\/19fc700381a780f69665d7956c469e3b","name":"Radio Ljubu\u0161ki"}]}},"_links":{"self":[{"href":"https:\/\/radioljubuski.ba\/index.php\/wp-json\/wp\/v2\/posts\/221785","targetHints":{"allow":["GET"]}}],"collection":[{"href":"https:\/\/radioljubuski.ba\/index.php\/wp-json\/wp\/v2\/posts"}],"about":[{"href":"https:\/\/radioljubuski.ba\/index.php\/wp-json\/wp\/v2\/types\/post"}],"author":[{"embeddable":true,"href":"https:\/\/radioljubuski.ba\/index.php\/wp-json\/wp\/v2\/users\/2"}],"replies":[{"embeddable":true,"href":"https:\/\/radioljubuski.ba\/index.php\/wp-json\/wp\/v2\/comments?post=221785"}],"version-history":[{"count":1,"href":"https:\/\/radioljubuski.ba\/index.php\/wp-json\/wp\/v2\/posts\/221785\/revisions"}],"predecessor-version":[{"id":221787,"href":"https:\/\/radioljubuski.ba\/index.php\/wp-json\/wp\/v2\/posts\/221785\/revisions\/221787"}],"wp:featuredmedia":[{"embeddable":true,"href":"https:\/\/radioljubuski.ba\/index.php\/wp-json\/wp\/v2\/media\/221786"}],"wp:attachment":[{"href":"https:\/\/radioljubuski.ba\/index.php\/wp-json\/wp\/v2\/media?parent=221785"}],"wp:term":[{"taxonomy":"category","embeddable":true,"href":"https:\/\/radioljubuski.ba\/index.php\/wp-json\/wp\/v2\/categories?post=221785"},{"taxonomy":"post_tag","embeddable":true,"href":"https:\/\/radioljubuski.ba\/index.php\/wp-json\/wp\/v2\/tags?post=221785"}],"curies":[{"name":"wp","href":"https:\/\/api.w.org\/{rel}","templated":true}]}}