{"id":221791,"date":"2025-10-22T07:18:20","date_gmt":"2025-10-22T06:18:20","guid":{"rendered":"https:\/\/radioljubuski.ba\/?p=221791"},"modified":"2025-10-23T13:06:52","modified_gmt":"2025-10-23T12:06:52","slug":"skupstina-zzh-raspravljala-o-izmjenama-zakona-o-radu-gradenju-i-drzavnim-sluzbenicima","status":"publish","type":"post","link":"https:\/\/radioljubuski.ba\/index.php\/2025\/10\/22\/skupstina-zzh-raspravljala-o-izmjenama-zakona-o-radu-gradenju-i-drzavnim-sluzbenicima\/","title":{"rendered":"Skup\u0161tina \u017dZH raspravljala o izmjenama zakona o radu, gra\u0111enju i dr\u017eavnim slu\u017ebenicima"},"content":{"rendered":"\n<p>Na temelju \u010dlanka 50. Poslovnika Skup\u0161tine \u017dupanije Zapadnohercegova\u010dke sazvana je 23. redovna sjednica Skup\u0161tine \u017dupanije Zapadnohercegova\u010dke i odr\u017eana u utorak, 21. listopada 2025. godine, s po\u010detkom u 10:00 sati u dvorani za sastanke Skup\u0161tine \u017dupanije Zapadnohercegova\u010dke.<\/p>\n\n\n\n<p><strong>Prva to\u010dka dnevnog reda<\/strong>&nbsp;bila je usvajanje Zapisnika s prethodne sjednice, koji je jednoglasno prihva\u0107en bez primjedbi.<\/p>\n\n\n\n<p><strong>Druga to\u010dka,&nbsp;<\/strong>pod nazivom Zastupni\u010dka pitanja, primjedbe i prijedlozi, izazvala je znatan interes zastupnika te je potrajala du\u017ee kao i uobi\u010dajeno. Tijekom to\u010dke iznesena su brojna pitanja, komentari i prijedlozi koji su se odnosili na aktualna \u017eupanijska pitanja, kao i na rad pojedinih ministarstava i institucija.<\/p>\n\n\n\n<p><strong>Izmjena dnevnog reda<\/strong><\/p>\n\n\n\n<p>U okviru ove to\u010dke, predsjednik Kluba zastupnika HDZ-a BiH Ivan Leko predlo\u017eio je izmjenu dnevnog reda. Naime, prijedlog&nbsp;<strong>Odluke o o\u010ditovanju na Prednacrt Zakona o radu FBiH<\/strong>&nbsp;uvr\u0161ten je kao nova&nbsp;<strong>to\u010dka 11,&nbsp;<\/strong>dok je izvorna to\u010dka 11 \u2013&nbsp;<strong>Prijedlog Zaklju\u010dka o usvajanju Izvje\u0161\u0107a o radu Vlade \u017dupanije Zapadnohercegova\u010dke za 2024. godinu<\/strong>&nbsp;\u2013 pomaknuta na&nbsp;<strong>to\u010dku 12.&nbsp;<\/strong>Predlo\u017eena izmjena prihva\u0107ena je jednoglasno.<\/p>\n\n\n\n<p>U okviru tre\u0107e, \u010detvrte, pete i \u0161este to\u010dke dnevnog reda, Skup\u0161tina je raspravljala o zakonodavnim prijedlozima iz resora rada i socijalne skrbi. Sve \u010detiri to\u010dke obrazlo\u017eila je pomo\u0107nica ministra zdravstva, rada i socijalne skrbi Kristina Primorac.<\/p>\n\n\n\n<p>U tre\u0107oj to\u010dki predstavljen je&nbsp;<strong>Prijedlog Zakona o izmjenama i dopunama Zakona o radu,&nbsp;<\/strong>kojim se, me\u0111u ostalim, propisuju uvjeti za stjecanje mirovine u skladu sa zakonima o mirovinskom osiguranju, uvodi se mogu\u0107nost zaklju\u010divanja ugovora o privremenim i povremenim poslovima sa studentima, dok se pojedine odredbe bri\u0161u zbog dono\u0161enja posebnih zakona (lex specialis). \u010clanovi Skup\u0161tine jednoglasno su usvojili prijedlog.<\/p>\n\n\n\n<p><strong>Prijedlog Zakona o mirnom rje\u0161avanju radnih sporova,&nbsp;<\/strong>kao \u010detvrta to\u010dka dnevnog reda, ima za cilj uspostavu u\u010dinkovitog sustava za mirno rje\u0161avanje radnih sporova, smanjenje optere\u0107enja sudova, te ja\u010danje socijalnog dijaloga i kolektivnog pregovaranja. Ovaj zakonski prijedlog tako\u0111er je jednoglasno usvojen.<\/p>\n\n\n\n<p>U petoj to\u010dki razmatran je&nbsp;<strong>Prijedlog Zakona o za\u0161titi na radu,&nbsp;<\/strong>kojim se definiraju prava i obveze poslodavaca i radnika u podru\u010dju sigurnosti i zdravlja na radu. Poseban naglasak stavljen je na prevenciju ozljeda, profesionalnih oboljenja te o\u010duvanje radnog okoli\u0161a. Pomo\u0107nica ministra istaknula je i novu obvezu za poslodavce koji izra\u0111uju tehni\u010dku dokumentaciju, da ve\u0107 u fazi projektiranja primijene mjere za\u0161tite na radu. I ova to\u010dka je jednoglasno usvojena.<\/p>\n\n\n\n<p><strong>\u0160esta to\u010dka dnevnog reda<\/strong>&nbsp;bio je&nbsp;<strong>Prijedlog Zakona o reprezentativnosti sindikata i udruga poslodavaca,&nbsp;<\/strong>kojim se doprinosi pove\u0107anju pravne sigurnosti u radnim odnosima, ja\u010danju za\u0161tite radni\u010dkih prava i unapre\u0111enju socijalnog dijaloga izme\u0111u poslodavaca, radnika i vlasti. Zakonom se propisuju jasni kriteriji, uvjeti i dokazi za utvr\u0111ivanje reprezentativnosti sindikata. Izme\u0111u ostalog, sindikat se smatra reprezentativnim ako je registriran najmanje 12 mjeseci prije podno\u0161enja zahtjeva, financira se isklju\u010divo iz \u010dlanarina i ima dovoljan postotak u\u010dlanjenih. Kada je rije\u010d o reprezentativnosti kod odre\u0111enog poslodavca, dodatni uvjet je da sindikat okuplja najmanje 20% zaposlenih. Prijedlog je jednoglasno usvojen.<\/p>\n\n\n\n<p>U okviru sedme i osme to\u010dke dnevnog reda, Skup\u0161tina \u017dupanije Zapadnohercegova\u010dke razmatrala je prijedloge zakona iz djelokruga Ministarstva prostornog ure\u0111enja, graditeljstva i za\u0161tite okoli\u0161a. Obje to\u010dke obrazlo\u017eio je ministar Mate Lon\u010dar.<\/p>\n\n\n\n<p>U sedmoj to\u010dki predstavljen je&nbsp;<strong>Prijedlog Zakona o izmjenama i dopunama Zakona o gra\u0111enju (skra\u0107eni postupak).&nbsp;<\/strong>Ministar je istaknuo klju\u010dne izmjene \u010dlanka 43., koje se odnose na pristupanje gra\u0111enju temeljem pravomo\u0107ne gra\u0111evinske dozvole, kao i izmjene \u010dlanaka 44., 47., 56., 81., 82., 83., uvo\u0111enje novog \u010dlanka 93.a, te izmjene \u010dlanaka 94. i 97. Zakona o gra\u0111enju. Nakon kra\u0107e rasprave, zastupnici su ve\u0107inom usvojili prijedlog, uz jedan glas suzdr\u017ean \u2013 zastupnice Marije Lovri\u0107.<\/p>\n\n\n\n<p>Osma to\u010dka dnevnog reda odnosila se na&nbsp;<strong>Prijedlog Zakona o izmjenama i dopunama Zakona o prostornom ure\u0111enju (skra\u0107eni postupak).&nbsp;<\/strong>Ministar Lon\u010dar obrazlo\u017eio je izmjene \u010dlanka 32., koje se odnose na plan parcelacije kao pomo\u0107ni dokument, te izmjene i dopune \u010dlanka 48.a koje omogu\u0107uju izmjene i dopune lokacijske dozvole. Nadalje, pojasnio je izmjene \u010dlanka 50. koje uskla\u0111uju nadle\u017enosti resornog ministarstva kod izdavanja dozvola za geolo\u0161ka istra\u017eivanja u svrhu eksploatacije mineralnih sirovina do 25 hektara. Predlo\u017eene su i izmjene \u010dlanka 51. koje se odnose na pribavljanje podataka o posjednicima i vlasnicima susjednih parcela u fazi izdavanja lokacijske dozvole. Tako\u0111er je obrazlo\u017eio izmjene \u010dlanka 78. o inspekcijskom nadzoru planova parcelacije, izmjene \u010dlanka 86. vezane uz nastavak upravnog postupka, te izmjene \u010dlanka 88. koje reguliraju prijelazno razdoblje vezano za legalizaciju objekata. Prijedlog je usvojen ve\u0107inom glasova, uz jedan glas protiv (zastupnik Tomislav Bandi\u0107) i jedan suzdr\u017ean (zastupnica Marija Lovri\u0107).<\/p>\n\n\n\n<p><strong>Prijedlog Zakona o izmjenama i dopunama Zakona o upravnim pristojbama s tarifom upravnih pristojbi \u017dupanije Zapadnohercegova\u010dke (skra\u0107eni postupak)&nbsp;<\/strong>obrazlo\u017eio je ministar pravosu\u0111a i uprave Vjekoslav Lasi\u0107. Ministar je naglasio da su glavne izmjene usmjerene na prilagodbu zakona procesu digitalizacije javne uprave \u017dZH, \u0161to omogu\u0107ava pla\u0107anje upravnih pristojbi bezgotovinskim putem. Nakon razmatranja, prijedlog je usvojen jednoglasno kao deveta to\u010dka.<\/p>\n\n\n\n<p>Deseta to\u010dka dnevnog reda odnosila se na&nbsp;<strong>Nacrt Zakona o izmjenama i dopunama Zakona o dr\u017eavnim slu\u017ebenicima u tijelima dr\u017eavne slu\u017ebe u \u017dupaniji Zapadnohercegova\u010dkoj,&nbsp;<\/strong>koji je detaljno obrazlo\u017eio ministar pravosu\u0111a i uprave Vjekoslav Lasi\u0107. Istaknuo je kako su posljednje izmjene ovog zakona donesene 2013. godine, te da je rije\u010d o sadr\u017eajno kvalitetnim i opse\u017enim izmjenama.<\/p>\n\n\n\n<p>Posebno je naglasio&nbsp;<strong>izmjene \u010dlanka 6.&nbsp;<\/strong>, kojima se uvodi nova kategorija radnog mjesta \u2013&nbsp;<strong>rukovoditelj stru\u010dne, tehni\u010dke i druge zajedni\u010dke ili samostalne slu\u017ebe,&nbsp;<\/strong>osnovane od strane Vlade \u017dZH, gradona\u010delnika ili op\u0107inskog na\u010delnika. Uz to,&nbsp;<strong>novim \u010dlankom 7.a<\/strong>&nbsp;daje se opis poslova ove kategorije, koji ne pripadaju postoje\u0107im klasifikacijama. Ministar je ukazao i na niz drugih izmjena, \u010diji su detalji dostupni zastupnicima u dostavljenim materijalima.<\/p>\n\n\n\n<p>Tijekom rasprave, vi\u0161e zastupnika zatra\u017eilo je razmatranje mogu\u0107nosti odr\u017eavanja javne rasprave o ovom nacrtu. Nakon kra\u0107e stanke, pristupilo se glasanju o&nbsp;<strong>Zaklju\u010dku o odr\u017eavanju javne rasprave<\/strong>, koji su podr\u017eali zastupnici&nbsp;<strong>Tomislav Bandi\u0107, Antonija Bano\u017ei\u0107, Zvonko Juri\u0161i\u0107 i Marija Lovri\u0107,&nbsp;<\/strong>dok je&nbsp;<strong>Ante Pavlovi\u0107<\/strong>&nbsp;bio suzdr\u017ean.<\/p>\n\n\n\n<p>Prilikom glasovanja o samom nacrtu zakona,&nbsp;<strong>dvoje zastupnika bilo je protiv<\/strong>&nbsp;\u2013 Zvonko Juri\u0161i\u0107 i Marija Lovri\u0107, dok su&nbsp;<strong>suzdr\u017eani bili<\/strong>&nbsp;Antonija Bano\u017ei\u0107 i Tomislav Bandi\u0107.<\/p>\n\n\n\n<p><strong>Prijedlog Odluke o o\u010ditovanju na Prednacrt Zakona o radu FBiH,&nbsp;<\/strong>u sklopu 11. to\u010dke dnevnog reda, obrazlo\u017eila je pomo\u0107nica ministrice zdravstva, rada i socijalne skrbi Kristina Primorac. Na samom po\u010detku izlaganja istaknula je kako je s adrese Federalnog ministarstva rada i socijalne politike pristigao Prednacrt Zakona o radu Federacije BiH, na koji se Zapadnohercegova\u010dka \u017eupanija mora o\u010ditovati, budu\u0107i da se radi o podijeljenoj nadle\u017enosti.<\/p>\n\n\n\n<p>Pomo\u0107nica Primorac navela je kako je u tu svrhu sastavljeno ukupno 26 amandmana koji su sastavni dio Odluke, a kojom se Prednacrt Zakona djelomi\u010dno prihva\u0107a, uz uva\u017eavanje predlo\u017eenih amandmana. U nastavku je detaljno obrazlo\u017eila razloge za njihovo dono\u0161enje, s posebnim naglaskom na potrebu osiguravanja pravne jasno\u0107e i dosljednosti zakonskih odredbi. Usvojeno jednoglasno.<\/p>\n\n\n\n<p><strong>Prijedlog Zaklju\u010dka o usvajanju Izvje\u0161\u0107a o radu Vlade \u017dupanije Zapadnohercegova\u010dke za 2024. godinu<\/strong>&nbsp;bila je posljednja to\u010dka dnevnog reda. Izvje\u0161\u0107e je detaljno obrazlo\u017eio predsjednik Vlade \u017dupanije Zapadnohercegova\u010dke Predrag \u010covi\u0107, koji je predstavio klju\u010dne aktivnosti, postignu\u0107a i izazove s kojima se Vlada suo\u010davala tijekom 2024. godine. U svom izlaganju osvrnuo se na ostvarene ciljeve, provedene projekte te prioritete koji su obilje\u017eili rad Vlade u protekloj godini. Zastupnici su jednoglasno usvojili ovaj Prijedlog Zaklju\u010dka \u010dime je zaklju\u010den rad ove sjednice.<\/p>\n\n\n\n<blockquote class=\"wp-block-quote is-layout-flow wp-block-quote-is-layout-flow\">\n<p><a href=\"https:\/\/youtube.com\/live\/DJFwwVTkBG0?feature=share\" target=\"_blank\" rel=\"noreferrer noopener\">Video prijenos sjednice<\/a>&nbsp;<a href=\"https:\/\/www.youtube.com\/live\/DJFwwVTkBG0\">pogledajte ovdje.<\/a><\/p>\n<\/blockquote>\n\n\n\n<p>STRU\u010cNA SLU\u017dBA SKUP\u0160TINE<\/p>\n","protected":false},"excerpt":{"rendered":"<p>Na temelju \u010dlanka 50. Poslovnika Skup\u0161tine \u017dupanije Zapadnohercegova\u010dke sazvana je 23. redovna sjednica Skup\u0161tine \u017dupanije Zapadnohercegova\u010dke i odr\u017eana u utorak, 21. listopada 2025. godine, s po\u010detkom u 10:00 sati u dvorani za sastanke Skup\u0161tine \u017dupanije Zapadnohercegova\u010dke. Prva to\u010dka dnevnog reda&nbsp;bila je usvajanje Zapisnika s prethodne sjednice, koji je jednoglasno prihva\u0107en bez primjedbi. Druga to\u010dka,&nbsp;pod nazivom [&hellip;]<\/p>\n","protected":false},"author":2,"featured_media":221792,"comment_status":"closed","ping_status":"closed","sticky":false,"template":"","format":"standard","meta":{"h5ap_radio_sources":[],"footnotes":""},"categories":[28,30],"tags":[],"class_list":["post-221791","post","type-post","status-publish","format-standard","has-post-thumbnail","hentry","category-novosti","category-zupanija-zapadnohercegovacka"],"yoast_head":"<!-- This site is optimized with the Yoast SEO plugin v27.5 - https:\/\/yoast.com\/product\/yoast-seo-wordpress\/ -->\n<title>Skup\u0161tina \u017dZH raspravljala o izmjenama zakona o radu, gra\u0111enju i dr\u017eavnim slu\u017ebenicima - RADIO LJUBU\u0160KI<\/title>\n<meta name=\"robots\" content=\"index, follow, max-snippet:-1, max-image-preview:large, max-video-preview:-1\" \/>\n<link rel=\"canonical\" href=\"https:\/\/radioljubuski.ba\/index.php\/2025\/10\/22\/skupstina-zzh-raspravljala-o-izmjenama-zakona-o-radu-gradenju-i-drzavnim-sluzbenicima\/\" \/>\n<meta property=\"og:locale\" content=\"hr_HR\" \/>\n<meta property=\"og:type\" content=\"article\" \/>\n<meta property=\"og:title\" content=\"Skup\u0161tina \u017dZH raspravljala o izmjenama zakona o radu, gra\u0111enju i dr\u017eavnim slu\u017ebenicima - RADIO LJUBU\u0160KI\" \/>\n<meta property=\"og:description\" content=\"Na temelju \u010dlanka 50. Poslovnika Skup\u0161tine \u017dupanije Zapadnohercegova\u010dke sazvana je 23. redovna sjednica Skup\u0161tine \u017dupanije Zapadnohercegova\u010dke i odr\u017eana u utorak, 21. listopada 2025. godine, s po\u010detkom u 10:00 sati u dvorani za sastanke Skup\u0161tine \u017dupanije Zapadnohercegova\u010dke. Prva to\u010dka dnevnog reda&nbsp;bila je usvajanje Zapisnika s prethodne sjednice, koji je jednoglasno prihva\u0107en bez primjedbi. Druga to\u010dka,&nbsp;pod nazivom [&hellip;]\" \/>\n<meta property=\"og:url\" content=\"https:\/\/radioljubuski.ba\/index.php\/2025\/10\/22\/skupstina-zzh-raspravljala-o-izmjenama-zakona-o-radu-gradenju-i-drzavnim-sluzbenicima\/\" \/>\n<meta property=\"og:site_name\" content=\"RADIO LJUBU\u0160KI\" \/>\n<meta property=\"article:publisher\" content=\"https:\/\/www.facebook.com\/Radiio-Ljubuski-1490835324566332\" \/>\n<meta property=\"article:published_time\" content=\"2025-10-22T06:18:20+00:00\" \/>\n<meta property=\"article:modified_time\" content=\"2025-10-23T12:06:52+00:00\" \/>\n<meta property=\"og:image\" content=\"https:\/\/radioljubuski.ba\/wp-content\/uploads\/2025\/10\/skupstina-zzh.jpg\" \/>\n\t<meta property=\"og:image:width\" content=\"1465\" \/>\n\t<meta property=\"og:image:height\" content=\"196\" \/>\n\t<meta property=\"og:image:type\" content=\"image\/jpeg\" \/>\n<meta name=\"author\" content=\"Radio Ljubu\u0161ki\" \/>\n<meta name=\"twitter:card\" content=\"summary_large_image\" \/>\n<meta name=\"twitter:creator\" content=\"@radioljubuski\" \/>\n<meta name=\"twitter:site\" content=\"@radioljubuski\" \/>\n<meta name=\"twitter:label1\" content=\"Napisao\/la\" \/>\n\t<meta name=\"twitter:data1\" content=\"Radio Ljubu\u0161ki\" \/>\n\t<meta name=\"twitter:label2\" content=\"Procijenjeno vrijeme \u010ditanja\" \/>\n\t<meta name=\"twitter:data2\" content=\"7 minuta\" \/>\n<script type=\"application\/ld+json\" class=\"yoast-schema-graph\">{\"@context\":\"https:\\\/\\\/schema.org\",\"@graph\":[{\"@type\":\"Article\",\"@id\":\"https:\\\/\\\/radioljubuski.ba\\\/index.php\\\/2025\\\/10\\\/22\\\/skupstina-zzh-raspravljala-o-izmjenama-zakona-o-radu-gradenju-i-drzavnim-sluzbenicima\\\/#article\",\"isPartOf\":{\"@id\":\"https:\\\/\\\/radioljubuski.ba\\\/index.php\\\/2025\\\/10\\\/22\\\/skupstina-zzh-raspravljala-o-izmjenama-zakona-o-radu-gradenju-i-drzavnim-sluzbenicima\\\/\"},\"author\":{\"name\":\"Radio Ljubu\u0161ki\",\"@id\":\"https:\\\/\\\/radioljubuski.ba\\\/#\\\/schema\\\/person\\\/19fc700381a780f69665d7956c469e3b\"},\"headline\":\"Skup\u0161tina \u017dZH raspravljala o izmjenama zakona o radu, gra\u0111enju i dr\u017eavnim slu\u017ebenicima\",\"datePublished\":\"2025-10-22T06:18:20+00:00\",\"dateModified\":\"2025-10-23T12:06:52+00:00\",\"mainEntityOfPage\":{\"@id\":\"https:\\\/\\\/radioljubuski.ba\\\/index.php\\\/2025\\\/10\\\/22\\\/skupstina-zzh-raspravljala-o-izmjenama-zakona-o-radu-gradenju-i-drzavnim-sluzbenicima\\\/\"},\"wordCount\":1361,\"publisher\":{\"@id\":\"https:\\\/\\\/radioljubuski.ba\\\/#organization\"},\"image\":{\"@id\":\"https:\\\/\\\/radioljubuski.ba\\\/index.php\\\/2025\\\/10\\\/22\\\/skupstina-zzh-raspravljala-o-izmjenama-zakona-o-radu-gradenju-i-drzavnim-sluzbenicima\\\/#primaryimage\"},\"thumbnailUrl\":\"https:\\\/\\\/radioljubuski.ba\\\/wp-content\\\/uploads\\\/2025\\\/10\\\/skupstina-zzh.jpg\",\"articleSection\":[\"Novosti\",\"\u017dupanija Zapadnohercegova\u010dka\"],\"inLanguage\":\"hr\"},{\"@type\":\"WebPage\",\"@id\":\"https:\\\/\\\/radioljubuski.ba\\\/index.php\\\/2025\\\/10\\\/22\\\/skupstina-zzh-raspravljala-o-izmjenama-zakona-o-radu-gradenju-i-drzavnim-sluzbenicima\\\/\",\"url\":\"https:\\\/\\\/radioljubuski.ba\\\/index.php\\\/2025\\\/10\\\/22\\\/skupstina-zzh-raspravljala-o-izmjenama-zakona-o-radu-gradenju-i-drzavnim-sluzbenicima\\\/\",\"name\":\"Skup\u0161tina \u017dZH raspravljala o izmjenama zakona o radu, gra\u0111enju i dr\u017eavnim slu\u017ebenicima - RADIO LJUBU\u0160KI\",\"isPartOf\":{\"@id\":\"https:\\\/\\\/radioljubuski.ba\\\/#website\"},\"primaryImageOfPage\":{\"@id\":\"https:\\\/\\\/radioljubuski.ba\\\/index.php\\\/2025\\\/10\\\/22\\\/skupstina-zzh-raspravljala-o-izmjenama-zakona-o-radu-gradenju-i-drzavnim-sluzbenicima\\\/#primaryimage\"},\"image\":{\"@id\":\"https:\\\/\\\/radioljubuski.ba\\\/index.php\\\/2025\\\/10\\\/22\\\/skupstina-zzh-raspravljala-o-izmjenama-zakona-o-radu-gradenju-i-drzavnim-sluzbenicima\\\/#primaryimage\"},\"thumbnailUrl\":\"https:\\\/\\\/radioljubuski.ba\\\/wp-content\\\/uploads\\\/2025\\\/10\\\/skupstina-zzh.jpg\",\"datePublished\":\"2025-10-22T06:18:20+00:00\",\"dateModified\":\"2025-10-23T12:06:52+00:00\",\"breadcrumb\":{\"@id\":\"https:\\\/\\\/radioljubuski.ba\\\/index.php\\\/2025\\\/10\\\/22\\\/skupstina-zzh-raspravljala-o-izmjenama-zakona-o-radu-gradenju-i-drzavnim-sluzbenicima\\\/#breadcrumb\"},\"inLanguage\":\"hr\",\"potentialAction\":[{\"@type\":\"ReadAction\",\"target\":[\"https:\\\/\\\/radioljubuski.ba\\\/index.php\\\/2025\\\/10\\\/22\\\/skupstina-zzh-raspravljala-o-izmjenama-zakona-o-radu-gradenju-i-drzavnim-sluzbenicima\\\/\"]}]},{\"@type\":\"ImageObject\",\"inLanguage\":\"hr\",\"@id\":\"https:\\\/\\\/radioljubuski.ba\\\/index.php\\\/2025\\\/10\\\/22\\\/skupstina-zzh-raspravljala-o-izmjenama-zakona-o-radu-gradenju-i-drzavnim-sluzbenicima\\\/#primaryimage\",\"url\":\"https:\\\/\\\/radioljubuski.ba\\\/wp-content\\\/uploads\\\/2025\\\/10\\\/skupstina-zzh.jpg\",\"contentUrl\":\"https:\\\/\\\/radioljubuski.ba\\\/wp-content\\\/uploads\\\/2025\\\/10\\\/skupstina-zzh.jpg\",\"width\":1465,\"height\":196},{\"@type\":\"BreadcrumbList\",\"@id\":\"https:\\\/\\\/radioljubuski.ba\\\/index.php\\\/2025\\\/10\\\/22\\\/skupstina-zzh-raspravljala-o-izmjenama-zakona-o-radu-gradenju-i-drzavnim-sluzbenicima\\\/#breadcrumb\",\"itemListElement\":[{\"@type\":\"ListItem\",\"position\":1,\"name\":\"Po\u010detna stranica\",\"item\":\"https:\\\/\\\/radioljubuski.ba\\\/\"},{\"@type\":\"ListItem\",\"position\":2,\"name\":\"Skup\u0161tina \u017dZH raspravljala o izmjenama zakona o radu, gra\u0111enju i dr\u017eavnim slu\u017ebenicima\"}]},{\"@type\":\"WebSite\",\"@id\":\"https:\\\/\\\/radioljubuski.ba\\\/#website\",\"url\":\"https:\\\/\\\/radioljubuski.ba\\\/\",\"name\":\"Radio Ljubu\u0161ki\",\"description\":\"Sun\u010dana frekvencija Hercegovine\",\"publisher\":{\"@id\":\"https:\\\/\\\/radioljubuski.ba\\\/#organization\"},\"potentialAction\":[{\"@type\":\"SearchAction\",\"target\":{\"@type\":\"EntryPoint\",\"urlTemplate\":\"https:\\\/\\\/radioljubuski.ba\\\/?s={search_term_string}\"},\"query-input\":{\"@type\":\"PropertyValueSpecification\",\"valueRequired\":true,\"valueName\":\"search_term_string\"}}],\"inLanguage\":\"hr\"},{\"@type\":\"Organization\",\"@id\":\"https:\\\/\\\/radioljubuski.ba\\\/#organization\",\"name\":\"Radio Ljubu\u0161ki\",\"url\":\"https:\\\/\\\/radioljubuski.ba\\\/\",\"logo\":{\"@type\":\"ImageObject\",\"inLanguage\":\"hr\",\"@id\":\"https:\\\/\\\/radioljubuski.ba\\\/#\\\/schema\\\/logo\\\/image\\\/\",\"url\":\"https:\\\/\\\/radioljubuski.ba\\\/wp-content\\\/uploads\\\/2021\\\/02\\\/cropped-Radio_Ljubuski_logo1.jpg\",\"contentUrl\":\"https:\\\/\\\/radioljubuski.ba\\\/wp-content\\\/uploads\\\/2021\\\/02\\\/cropped-Radio_Ljubuski_logo1.jpg\",\"width\":512,\"height\":512,\"caption\":\"Radio Ljubu\u0161ki\"},\"image\":{\"@id\":\"https:\\\/\\\/radioljubuski.ba\\\/#\\\/schema\\\/logo\\\/image\\\/\"},\"sameAs\":[\"https:\\\/\\\/www.facebook.com\\\/Radiio-Ljubuski-1490835324566332\",\"https:\\\/\\\/x.com\\\/radioljubuski\",\"https:\\\/\\\/hr.linkedin.com\\\/company\\\/radio-ljubuski\",\"https:\\\/\\\/www.youtube.com\\\/channel\\\/UCHYaeO_n0Db3tjNGudGpXyw\"]},{\"@type\":\"Person\",\"@id\":\"https:\\\/\\\/radioljubuski.ba\\\/#\\\/schema\\\/person\\\/19fc700381a780f69665d7956c469e3b\",\"name\":\"Radio Ljubu\u0161ki\"}]}<\/script>\n<!-- \/ Yoast SEO plugin. -->","yoast_head_json":{"title":"Skup\u0161tina \u017dZH raspravljala o izmjenama zakona o radu, gra\u0111enju i dr\u017eavnim slu\u017ebenicima - RADIO LJUBU\u0160KI","robots":{"index":"index","follow":"follow","max-snippet":"max-snippet:-1","max-image-preview":"max-image-preview:large","max-video-preview":"max-video-preview:-1"},"canonical":"https:\/\/radioljubuski.ba\/index.php\/2025\/10\/22\/skupstina-zzh-raspravljala-o-izmjenama-zakona-o-radu-gradenju-i-drzavnim-sluzbenicima\/","og_locale":"hr_HR","og_type":"article","og_title":"Skup\u0161tina \u017dZH raspravljala o izmjenama zakona o radu, gra\u0111enju i dr\u017eavnim slu\u017ebenicima - RADIO LJUBU\u0160KI","og_description":"Na temelju \u010dlanka 50. Poslovnika Skup\u0161tine \u017dupanije Zapadnohercegova\u010dke sazvana je 23. redovna sjednica Skup\u0161tine \u017dupanije Zapadnohercegova\u010dke i odr\u017eana u utorak, 21. listopada 2025. godine, s po\u010detkom u 10:00 sati u dvorani za sastanke Skup\u0161tine \u017dupanije Zapadnohercegova\u010dke. Prva to\u010dka dnevnog reda&nbsp;bila je usvajanje Zapisnika s prethodne sjednice, koji je jednoglasno prihva\u0107en bez primjedbi. Druga to\u010dka,&nbsp;pod nazivom [&hellip;]","og_url":"https:\/\/radioljubuski.ba\/index.php\/2025\/10\/22\/skupstina-zzh-raspravljala-o-izmjenama-zakona-o-radu-gradenju-i-drzavnim-sluzbenicima\/","og_site_name":"RADIO LJUBU\u0160KI","article_publisher":"https:\/\/www.facebook.com\/Radiio-Ljubuski-1490835324566332","article_published_time":"2025-10-22T06:18:20+00:00","article_modified_time":"2025-10-23T12:06:52+00:00","og_image":[{"width":1465,"height":196,"url":"https:\/\/radioljubuski.ba\/wp-content\/uploads\/2025\/10\/skupstina-zzh.jpg","type":"image\/jpeg"}],"author":"Radio Ljubu\u0161ki","twitter_card":"summary_large_image","twitter_creator":"@radioljubuski","twitter_site":"@radioljubuski","twitter_misc":{"Napisao\/la":"Radio Ljubu\u0161ki","Procijenjeno vrijeme \u010ditanja":"7 minuta"},"schema":{"@context":"https:\/\/schema.org","@graph":[{"@type":"Article","@id":"https:\/\/radioljubuski.ba\/index.php\/2025\/10\/22\/skupstina-zzh-raspravljala-o-izmjenama-zakona-o-radu-gradenju-i-drzavnim-sluzbenicima\/#article","isPartOf":{"@id":"https:\/\/radioljubuski.ba\/index.php\/2025\/10\/22\/skupstina-zzh-raspravljala-o-izmjenama-zakona-o-radu-gradenju-i-drzavnim-sluzbenicima\/"},"author":{"name":"Radio Ljubu\u0161ki","@id":"https:\/\/radioljubuski.ba\/#\/schema\/person\/19fc700381a780f69665d7956c469e3b"},"headline":"Skup\u0161tina \u017dZH raspravljala o izmjenama zakona o radu, gra\u0111enju i dr\u017eavnim slu\u017ebenicima","datePublished":"2025-10-22T06:18:20+00:00","dateModified":"2025-10-23T12:06:52+00:00","mainEntityOfPage":{"@id":"https:\/\/radioljubuski.ba\/index.php\/2025\/10\/22\/skupstina-zzh-raspravljala-o-izmjenama-zakona-o-radu-gradenju-i-drzavnim-sluzbenicima\/"},"wordCount":1361,"publisher":{"@id":"https:\/\/radioljubuski.ba\/#organization"},"image":{"@id":"https:\/\/radioljubuski.ba\/index.php\/2025\/10\/22\/skupstina-zzh-raspravljala-o-izmjenama-zakona-o-radu-gradenju-i-drzavnim-sluzbenicima\/#primaryimage"},"thumbnailUrl":"https:\/\/radioljubuski.ba\/wp-content\/uploads\/2025\/10\/skupstina-zzh.jpg","articleSection":["Novosti","\u017dupanija Zapadnohercegova\u010dka"],"inLanguage":"hr"},{"@type":"WebPage","@id":"https:\/\/radioljubuski.ba\/index.php\/2025\/10\/22\/skupstina-zzh-raspravljala-o-izmjenama-zakona-o-radu-gradenju-i-drzavnim-sluzbenicima\/","url":"https:\/\/radioljubuski.ba\/index.php\/2025\/10\/22\/skupstina-zzh-raspravljala-o-izmjenama-zakona-o-radu-gradenju-i-drzavnim-sluzbenicima\/","name":"Skup\u0161tina \u017dZH raspravljala o izmjenama zakona o radu, gra\u0111enju i dr\u017eavnim slu\u017ebenicima - RADIO LJUBU\u0160KI","isPartOf":{"@id":"https:\/\/radioljubuski.ba\/#website"},"primaryImageOfPage":{"@id":"https:\/\/radioljubuski.ba\/index.php\/2025\/10\/22\/skupstina-zzh-raspravljala-o-izmjenama-zakona-o-radu-gradenju-i-drzavnim-sluzbenicima\/#primaryimage"},"image":{"@id":"https:\/\/radioljubuski.ba\/index.php\/2025\/10\/22\/skupstina-zzh-raspravljala-o-izmjenama-zakona-o-radu-gradenju-i-drzavnim-sluzbenicima\/#primaryimage"},"thumbnailUrl":"https:\/\/radioljubuski.ba\/wp-content\/uploads\/2025\/10\/skupstina-zzh.jpg","datePublished":"2025-10-22T06:18:20+00:00","dateModified":"2025-10-23T12:06:52+00:00","breadcrumb":{"@id":"https:\/\/radioljubuski.ba\/index.php\/2025\/10\/22\/skupstina-zzh-raspravljala-o-izmjenama-zakona-o-radu-gradenju-i-drzavnim-sluzbenicima\/#breadcrumb"},"inLanguage":"hr","potentialAction":[{"@type":"ReadAction","target":["https:\/\/radioljubuski.ba\/index.php\/2025\/10\/22\/skupstina-zzh-raspravljala-o-izmjenama-zakona-o-radu-gradenju-i-drzavnim-sluzbenicima\/"]}]},{"@type":"ImageObject","inLanguage":"hr","@id":"https:\/\/radioljubuski.ba\/index.php\/2025\/10\/22\/skupstina-zzh-raspravljala-o-izmjenama-zakona-o-radu-gradenju-i-drzavnim-sluzbenicima\/#primaryimage","url":"https:\/\/radioljubuski.ba\/wp-content\/uploads\/2025\/10\/skupstina-zzh.jpg","contentUrl":"https:\/\/radioljubuski.ba\/wp-content\/uploads\/2025\/10\/skupstina-zzh.jpg","width":1465,"height":196},{"@type":"BreadcrumbList","@id":"https:\/\/radioljubuski.ba\/index.php\/2025\/10\/22\/skupstina-zzh-raspravljala-o-izmjenama-zakona-o-radu-gradenju-i-drzavnim-sluzbenicima\/#breadcrumb","itemListElement":[{"@type":"ListItem","position":1,"name":"Po\u010detna stranica","item":"https:\/\/radioljubuski.ba\/"},{"@type":"ListItem","position":2,"name":"Skup\u0161tina \u017dZH raspravljala o izmjenama zakona o radu, gra\u0111enju i dr\u017eavnim slu\u017ebenicima"}]},{"@type":"WebSite","@id":"https:\/\/radioljubuski.ba\/#website","url":"https:\/\/radioljubuski.ba\/","name":"Radio Ljubu\u0161ki","description":"Sun\u010dana frekvencija Hercegovine","publisher":{"@id":"https:\/\/radioljubuski.ba\/#organization"},"potentialAction":[{"@type":"SearchAction","target":{"@type":"EntryPoint","urlTemplate":"https:\/\/radioljubuski.ba\/?s={search_term_string}"},"query-input":{"@type":"PropertyValueSpecification","valueRequired":true,"valueName":"search_term_string"}}],"inLanguage":"hr"},{"@type":"Organization","@id":"https:\/\/radioljubuski.ba\/#organization","name":"Radio Ljubu\u0161ki","url":"https:\/\/radioljubuski.ba\/","logo":{"@type":"ImageObject","inLanguage":"hr","@id":"https:\/\/radioljubuski.ba\/#\/schema\/logo\/image\/","url":"https:\/\/radioljubuski.ba\/wp-content\/uploads\/2021\/02\/cropped-Radio_Ljubuski_logo1.jpg","contentUrl":"https:\/\/radioljubuski.ba\/wp-content\/uploads\/2021\/02\/cropped-Radio_Ljubuski_logo1.jpg","width":512,"height":512,"caption":"Radio Ljubu\u0161ki"},"image":{"@id":"https:\/\/radioljubuski.ba\/#\/schema\/logo\/image\/"},"sameAs":["https:\/\/www.facebook.com\/Radiio-Ljubuski-1490835324566332","https:\/\/x.com\/radioljubuski","https:\/\/hr.linkedin.com\/company\/radio-ljubuski","https:\/\/www.youtube.com\/channel\/UCHYaeO_n0Db3tjNGudGpXyw"]},{"@type":"Person","@id":"https:\/\/radioljubuski.ba\/#\/schema\/person\/19fc700381a780f69665d7956c469e3b","name":"Radio Ljubu\u0161ki"}]}},"_links":{"self":[{"href":"https:\/\/radioljubuski.ba\/index.php\/wp-json\/wp\/v2\/posts\/221791","targetHints":{"allow":["GET"]}}],"collection":[{"href":"https:\/\/radioljubuski.ba\/index.php\/wp-json\/wp\/v2\/posts"}],"about":[{"href":"https:\/\/radioljubuski.ba\/index.php\/wp-json\/wp\/v2\/types\/post"}],"author":[{"embeddable":true,"href":"https:\/\/radioljubuski.ba\/index.php\/wp-json\/wp\/v2\/users\/2"}],"replies":[{"embeddable":true,"href":"https:\/\/radioljubuski.ba\/index.php\/wp-json\/wp\/v2\/comments?post=221791"}],"version-history":[{"count":1,"href":"https:\/\/radioljubuski.ba\/index.php\/wp-json\/wp\/v2\/posts\/221791\/revisions"}],"predecessor-version":[{"id":221793,"href":"https:\/\/radioljubuski.ba\/index.php\/wp-json\/wp\/v2\/posts\/221791\/revisions\/221793"}],"wp:featuredmedia":[{"embeddable":true,"href":"https:\/\/radioljubuski.ba\/index.php\/wp-json\/wp\/v2\/media\/221792"}],"wp:attachment":[{"href":"https:\/\/radioljubuski.ba\/index.php\/wp-json\/wp\/v2\/media?parent=221791"}],"wp:term":[{"taxonomy":"category","embeddable":true,"href":"https:\/\/radioljubuski.ba\/index.php\/wp-json\/wp\/v2\/categories?post=221791"},{"taxonomy":"post_tag","embeddable":true,"href":"https:\/\/radioljubuski.ba\/index.php\/wp-json\/wp\/v2\/tags?post=221791"}],"curies":[{"name":"wp","href":"https:\/\/api.w.org\/{rel}","templated":true}]}}