{"id":221794,"date":"2025-10-24T08:40:32","date_gmt":"2025-10-24T07:40:32","guid":{"rendered":"https:\/\/radioljubuski.ba\/?p=221794"},"modified":"2025-10-24T13:28:53","modified_gmt":"2025-10-24T12:28:53","slug":"ljubuski-krenula-berba-i-prerada-maslina-dobar-randman-i-ulje-vhunske-kvalitete","status":"publish","type":"post","link":"https:\/\/radioljubuski.ba\/index.php\/2025\/10\/24\/ljubuski-krenula-berba-i-prerada-maslina-dobar-randman-i-ulje-vhunske-kvalitete\/","title":{"rendered":"Ljubu\u0161ki: Krenula berba i prerada maslina, dobar randman i ulje vrhunske kvalitete"},"content":{"rendered":"\n<p>Maslinarstvo u Ljubu\u0161kom je u punom zamahu, prema podacima koje smo dobili od Udruge maslinara na podru\u010dju Ljubu\u0161kog zasa\u0111eno je 65.000 stabala maslina na preko 200 hektara povr\u0161ine, a broj novih nasada je u stalnom porastu.<\/p>\n\n\n\n<p>Berba maslina u Ljubu\u0161kom po\u010dela je prije deset dana, samim time i prerada, dio maslinara je iskoristio lijepo vrijeme i zavr\u0161io berbu, drugi se tek spremaju, \u010dekaju povoljne vremenske prilike. Prema rije\u010dima maslinara koji su obrali, ovogodi\u0161nja berba je bolja od lanjske. Iako je urod manji, zadovoljni su randmanima koji se kre\u0107u od 12 do 16 posto, prosje\u010dne vrijednosti od 14 %.<\/p>\n\n\n\n<p>Kada ve\u0107 govorimo o randmanu spomenimo da je rije\u010d o postotku ulja koji se dobije iz odre\u0111ene koli\u010dine maslina nakon prerade u uljari. Odnosno on pokazuje koliko je ulja izvu\u010deno iz maslina u odnosu na njihovu ukupnu te\u017einu. S obzirom na to da prosje\u010dni randman ove sezone iznosi 14 % zna\u010di da su na\u0161i maslinari na 100 kilograma maslina dobili 14 litara ulja.<\/p>\n\n\n\n<p><strong>Maslinarstvo u Ljubu\u0161kom: Spoj tradicije, obiteljskog rada i vrhunske tehnologije<\/strong><\/p>\n\n\n\n<p>Posjetili smo Uljaru Muri\u0107 u Pregra\u0111u koja radi ve\u0107 sedam godina, sada nakon pro\u0161irenja i nabave nove opreme u pro\u0161irenom pogonu kapaciteta obrade 800 kilograma maslina na sat.<\/p>\n\n\n\n<p>Na ulazu zati\u010demo Matu Bo\u0161njaka kako do\u010dekuje maslinare koji su donijeli urod na obradu. Mate nam uz pozdrav govori \u201e Mogu stati na sekund popri\u010dati, jer evo kako je krenula berba ne stajemo, ima dana kada ne stignemo ve\u010derati, ali sad je vrijeme od toga. \u201e<\/p>\n\n\n<div class=\"wp-block-image\">\n<figure class=\"aligncenter size-large\"><img loading=\"lazy\" decoding=\"async\" width=\"1024\" height=\"768\" src=\"https:\/\/radioljubuski.ba\/wp-content\/uploads\/2025\/10\/IMG_5434-1024x768.jpg\" alt=\"\" class=\"wp-image-221798\" srcset=\"https:\/\/radioljubuski.ba\/wp-content\/uploads\/2025\/10\/IMG_5434-1024x768.jpg 1024w, https:\/\/radioljubuski.ba\/wp-content\/uploads\/2025\/10\/IMG_5434-300x225.jpg 300w, https:\/\/radioljubuski.ba\/wp-content\/uploads\/2025\/10\/IMG_5434-768x576.jpg 768w, https:\/\/radioljubuski.ba\/wp-content\/uploads\/2025\/10\/IMG_5434-1536x1152.jpg 1536w, https:\/\/radioljubuski.ba\/wp-content\/uploads\/2025\/10\/IMG_5434-2048x1536.jpg 2048w, https:\/\/radioljubuski.ba\/wp-content\/uploads\/2025\/10\/IMG_5434-16x12.jpg 16w\" sizes=\"auto, (max-width: 1024px) 100vw, 1024px\" \/><\/figure>\n<\/div>\n\n\n<p>Ovu uljaru koja je zasad jedna od dvije na podru\u010dju Ljubu\u0161kog, vode tri brata sa \u0161est sinova i cijelom obitelji koja je uklju\u010dena u maslinarstvo, Mate isti\u010de kako im nedostaje otac koji je pomagao. &#8220;Evo sad mu je godi\u0161njica, fali kako nije, pomagao nam je do zadnjeg dana, usadio nam je radnu naviku, nau\u010dio radu, mislim da nas i sad gleda i da je zadovoljan, mi smo nastavili kako nas je on u\u010dio.\u201c<\/p>\n\n\n<div class=\"wp-block-image\">\n<figure class=\"aligncenter size-large\"><img loading=\"lazy\" decoding=\"async\" width=\"1024\" height=\"768\" src=\"https:\/\/radioljubuski.ba\/wp-content\/uploads\/2025\/10\/IMG_5407-1024x768.jpg\" alt=\"\" class=\"wp-image-221799\" srcset=\"https:\/\/radioljubuski.ba\/wp-content\/uploads\/2025\/10\/IMG_5407-1024x768.jpg 1024w, https:\/\/radioljubuski.ba\/wp-content\/uploads\/2025\/10\/IMG_5407-300x225.jpg 300w, https:\/\/radioljubuski.ba\/wp-content\/uploads\/2025\/10\/IMG_5407-768x576.jpg 768w, https:\/\/radioljubuski.ba\/wp-content\/uploads\/2025\/10\/IMG_5407-1536x1152.jpg 1536w, https:\/\/radioljubuski.ba\/wp-content\/uploads\/2025\/10\/IMG_5407-2048x1536.jpg 2048w, https:\/\/radioljubuski.ba\/wp-content\/uploads\/2025\/10\/IMG_5407-16x12.jpg 16w\" sizes=\"auto, (max-width: 1024px) 100vw, 1024px\" \/><\/figure>\n<\/div>\n\n\n<p>O svom nasadu ka\u017ee nam kako imaju zasa\u0111enih 6000 maslina od kojih je ve\u0107ina dospjela na puni rod a ostatak su mladi nasadi. Komentirao je ovogodi\u0161nji urod i preradu:<\/p>\n\n\n\n<p>\u201eDovoze ljudi masline iz cijelog Ljubu\u0161kog i okolice, tko je dovozio doveze opet. Ove godine randmani su bolji nego lani, manji je urod vi\u0161e je ulja, masline su zdrave. Donose ljudi i manje koli\u010dine, \u0161ta \u0107u, ne\u0107u ih vra\u0107at, pa ih pustim. Mi smo posadili sorte Istarsku bjelicu, Leccino, Frantoio, Coratinu\u2026Po\u010dele su se kod nas saditi i &#8220;\u0160panjolke&#8221;, tu nemam iskustva, koliko vidimo \u0161to ljudi dovezu, plod je ne\u0161to sitniji pa nisu zadovoljni jer je te\u017ee brati, no mladi su nasadi treba pri\u010dekati jo\u0161 koju godinu, mislim kako su \u201e\u0160panjolke\u201c namijenjene za strojno branje da nisu za ru\u010dne dr\u017ea\u010de. Ne znam, sa\u010dekat \u0107emo pa \u0107e se vidjeti kada krenu na puni rod.\u201c<\/p>\n\n\n\n<p>Poveznica na video : <a href=\"https:\/\/www.instagram.com\/reel\/DQJoKhPjUWy\">https:\/\/www.instagram.com\/reel\/DQJoKhPjUWy<\/a><\/p>\n\n\n\n<p>Kupce ulja zanimaju i cijene maslinovog ulja pa smo na\u0161eg sugovornika upitali za komentar \u201ePretpostavljam da \u0107e cijena ove godine i\u0107i par maraka na vi\u0161e, ulje je tra\u017eeno i ulje je dobro.\u201c<\/p>\n\n\n<div class=\"wp-block-image\">\n<figure class=\"aligncenter size-large\"><img loading=\"lazy\" decoding=\"async\" width=\"1024\" height=\"768\" src=\"https:\/\/radioljubuski.ba\/wp-content\/uploads\/2025\/10\/IMG_5415-1024x768.jpg\" alt=\"\" class=\"wp-image-221797\" srcset=\"https:\/\/radioljubuski.ba\/wp-content\/uploads\/2025\/10\/IMG_5415-1024x768.jpg 1024w, https:\/\/radioljubuski.ba\/wp-content\/uploads\/2025\/10\/IMG_5415-300x225.jpg 300w, https:\/\/radioljubuski.ba\/wp-content\/uploads\/2025\/10\/IMG_5415-768x576.jpg 768w, https:\/\/radioljubuski.ba\/wp-content\/uploads\/2025\/10\/IMG_5415-1536x1152.jpg 1536w, https:\/\/radioljubuski.ba\/wp-content\/uploads\/2025\/10\/IMG_5415-2048x1536.jpg 2048w, https:\/\/radioljubuski.ba\/wp-content\/uploads\/2025\/10\/IMG_5415-16x12.jpg 16w\" sizes=\"auto, (max-width: 1024px) 100vw, 1024px\" \/><\/figure>\n<\/div>\n\n\n<p>O samom postupku rada u uljari ka\u017ee kako je sada puno lak\u0161e u ve\u0107em prostoru i s novom opremom:<\/p>\n\n\n\n<p>\u201ePostupak u uljari nama je sada puno lak\u0161i, sve ide uobi\u010dajeno, ljudi donesu masline, pripremimo im ka\u0161ete ili gajbe u koje oni istovare, izvagamo, napi\u0161emo kila\u017eu i sutra do\u0111u po svoje ulje. Sve \u0161to primimo odradimo u najkra\u0107em roku u 24 sata.\u201c <\/p>\n\n\n\n<p>Nagla\u0161ava i kako sami paze na iskoristivost \u201eOtpad od na\u0161ih maslina iskori\u0161tavamo, ve\u0107 drugu godinu zasipamo masline. To smo prije tri godine vidjeli na jednom sajmu i dobili preporuke od stru\u010dnjaka koji su magistrirali na komini i poslu\u0161ali njihove upute. Tako komina ne le\u017ei ve\u0107 je vra\u0107amo opet maslini i zaklju\u010dujemo cijeli projekt ekolo\u0161ki. Treba slu\u0161ati struku, a \u0161to \u0107e biti od toga vidjet \u0107emo, \u0161ta Bog dadne.\u201c<\/p>\n\n\n\n<figure class=\"wp-block-image size-large\"><img loading=\"lazy\" decoding=\"async\" width=\"1024\" height=\"768\" src=\"https:\/\/radioljubuski.ba\/wp-content\/uploads\/2025\/10\/IMG_5428-1024x768.jpg\" alt=\"\" class=\"wp-image-221796\" srcset=\"https:\/\/radioljubuski.ba\/wp-content\/uploads\/2025\/10\/IMG_5428-1024x768.jpg 1024w, https:\/\/radioljubuski.ba\/wp-content\/uploads\/2025\/10\/IMG_5428-300x225.jpg 300w, https:\/\/radioljubuski.ba\/wp-content\/uploads\/2025\/10\/IMG_5428-768x576.jpg 768w, https:\/\/radioljubuski.ba\/wp-content\/uploads\/2025\/10\/IMG_5428-1536x1152.jpg 1536w, https:\/\/radioljubuski.ba\/wp-content\/uploads\/2025\/10\/IMG_5428-2048x1536.jpg 2048w, https:\/\/radioljubuski.ba\/wp-content\/uploads\/2025\/10\/IMG_5428-16x12.jpg 16w\" sizes=\"auto, (max-width: 1024px) 100vw, 1024px\" \/><\/figure>\n\n\n\n<p><strong>Ulje iz Ljubu\u0161kog je u vrhu po svojoj kvaliteti i nagradama<\/strong><\/p>\n\n\n\n<p>\u201e<strong>Mogu za nas re\u0107i kako smo jako zadovoljni jer se redovito predstavljamo na mnogim manifestacijama i odnosimo medalje. Na\u0161e maslinovo ulje kao i ulja drugih kolega maslinara iz Ljubu\u0161kog i Hercegovine na manifestacijama u Hrvatskoj su uvijek u vrhu, mi smo me\u0111u deset najboljih ulja; recimo od 300-400 sudionika koliko ih bude u prosjeku. Uvijek smo tu pri vrhu. Me\u0111u 30 najboljih kada pogledate listu pri vrhu, sve Hercegovina! Ima regija s maslinovim uljima koja su zvu\u010dnija i koja su vi\u0161e brendirana, budu oni nekad bolji od nas ali budu puno puta i lo\u0161iji ali \u0161to se ka\u017ee imaju \u201ebolju pri\u010du\u201c i ve\u0107u cijenu od nas.<\/strong>&#8221; isti\u010de Mate na kraju na\u0161eg razgovora.<\/p>\n\n\n\n<p>Foto: New York International Olive Oil Competition 2025. &#8211; osvojena nagrada na presti\u017enom svjetskom natjecanju.<\/p>\n\n\n\n<figure class=\"wp-block-gallery has-nested-images columns-default is-cropped wp-block-gallery-1 is-layout-flex wp-block-gallery-is-layout-flex\">\n<figure class=\"wp-block-image size-large\"><img loading=\"lazy\" decoding=\"async\" width=\"591\" height=\"1024\" data-id=\"221834\" src=\"https:\/\/radioljubuski.ba\/wp-content\/uploads\/2025\/10\/bosnjak-591x1024.jpg\" alt=\"\" class=\"wp-image-221834\" srcset=\"https:\/\/radioljubuski.ba\/wp-content\/uploads\/2025\/10\/bosnjak-591x1024.jpg 591w, https:\/\/radioljubuski.ba\/wp-content\/uploads\/2025\/10\/bosnjak-173x300.jpg 173w, https:\/\/radioljubuski.ba\/wp-content\/uploads\/2025\/10\/bosnjak-768x1331.jpg 768w, https:\/\/radioljubuski.ba\/wp-content\/uploads\/2025\/10\/bosnjak-886x1536.jpg 886w, https:\/\/radioljubuski.ba\/wp-content\/uploads\/2025\/10\/bosnjak-7x12.jpg 7w, https:\/\/radioljubuski.ba\/wp-content\/uploads\/2025\/10\/bosnjak.jpg 923w\" sizes=\"auto, (max-width: 591px) 100vw, 591px\" \/><\/figure>\n\n\n\n<figure class=\"wp-block-image size-large\"><img loading=\"lazy\" decoding=\"async\" width=\"513\" height=\"1024\" data-id=\"221835\" src=\"https:\/\/radioljubuski.ba\/wp-content\/uploads\/2025\/10\/ulje-4-513x1024.jpg\" alt=\"\" class=\"wp-image-221835\" srcset=\"https:\/\/radioljubuski.ba\/wp-content\/uploads\/2025\/10\/ulje-4-513x1024.jpg 513w, https:\/\/radioljubuski.ba\/wp-content\/uploads\/2025\/10\/ulje-4-150x300.jpg 150w, https:\/\/radioljubuski.ba\/wp-content\/uploads\/2025\/10\/ulje-4-768x1532.jpg 768w, https:\/\/radioljubuski.ba\/wp-content\/uploads\/2025\/10\/ulje-4-770x1536.jpg 770w, https:\/\/radioljubuski.ba\/wp-content\/uploads\/2025\/10\/ulje-4-6x12.jpg 6w, https:\/\/radioljubuski.ba\/wp-content\/uploads\/2025\/10\/ulje-4.jpg 802w\" sizes=\"auto, (max-width: 513px) 100vw, 513px\" \/><\/figure>\n<\/figure>\n\n\n\n<figure class=\"wp-block-gallery has-nested-images columns-default is-cropped wp-block-gallery-2 is-layout-flex wp-block-gallery-is-layout-flex\">\n<figure class=\"wp-block-image size-large\"><img loading=\"lazy\" decoding=\"async\" width=\"768\" height=\"1024\" data-id=\"221804\" src=\"https:\/\/radioljubuski.ba\/wp-content\/uploads\/2025\/10\/IMG_5395-768x1024.jpg\" alt=\"\" class=\"wp-image-221804\" srcset=\"https:\/\/radioljubuski.ba\/wp-content\/uploads\/2025\/10\/IMG_5395-768x1024.jpg 768w, https:\/\/radioljubuski.ba\/wp-content\/uploads\/2025\/10\/IMG_5395-225x300.jpg 225w, https:\/\/radioljubuski.ba\/wp-content\/uploads\/2025\/10\/IMG_5395-1152x1536.jpg 1152w, https:\/\/radioljubuski.ba\/wp-content\/uploads\/2025\/10\/IMG_5395-1536x2048.jpg 1536w, https:\/\/radioljubuski.ba\/wp-content\/uploads\/2025\/10\/IMG_5395-9x12.jpg 9w, https:\/\/radioljubuski.ba\/wp-content\/uploads\/2025\/10\/IMG_5395-scaled.jpg 1920w\" sizes=\"auto, (max-width: 768px) 100vw, 768px\" \/><\/figure>\n\n\n\n<figure class=\"wp-block-image size-large\"><img loading=\"lazy\" decoding=\"async\" width=\"1024\" height=\"768\" data-id=\"221805\" src=\"https:\/\/radioljubuski.ba\/wp-content\/uploads\/2025\/10\/IMG_5458-1024x768.jpg\" alt=\"\" class=\"wp-image-221805\" srcset=\"https:\/\/radioljubuski.ba\/wp-content\/uploads\/2025\/10\/IMG_5458-1024x768.jpg 1024w, https:\/\/radioljubuski.ba\/wp-content\/uploads\/2025\/10\/IMG_5458-300x225.jpg 300w, https:\/\/radioljubuski.ba\/wp-content\/uploads\/2025\/10\/IMG_5458-768x576.jpg 768w, https:\/\/radioljubuski.ba\/wp-content\/uploads\/2025\/10\/IMG_5458-1536x1152.jpg 1536w, https:\/\/radioljubuski.ba\/wp-content\/uploads\/2025\/10\/IMG_5458-2048x1536.jpg 2048w, https:\/\/radioljubuski.ba\/wp-content\/uploads\/2025\/10\/IMG_5458-16x12.jpg 16w\" sizes=\"auto, (max-width: 1024px) 100vw, 1024px\" \/><\/figure>\n<\/figure>\n\n\n\n<p>Prerada maslina u uljari Muri\u0107, Ljubu\u0161ki listopad 2025.<\/p>\n\n\n<div class=\"wp-block-image\">\n<figure class=\"aligncenter size-large\"><img loading=\"lazy\" decoding=\"async\" width=\"768\" height=\"1024\" src=\"https:\/\/radioljubuski.ba\/wp-content\/uploads\/2025\/10\/IMG_5455-768x1024.jpg\" alt=\"\" class=\"wp-image-221801\" srcset=\"https:\/\/radioljubuski.ba\/wp-content\/uploads\/2025\/10\/IMG_5455-768x1024.jpg 768w, https:\/\/radioljubuski.ba\/wp-content\/uploads\/2025\/10\/IMG_5455-225x300.jpg 225w, https:\/\/radioljubuski.ba\/wp-content\/uploads\/2025\/10\/IMG_5455-1152x1536.jpg 1152w, https:\/\/radioljubuski.ba\/wp-content\/uploads\/2025\/10\/IMG_5455-1536x2048.jpg 1536w, https:\/\/radioljubuski.ba\/wp-content\/uploads\/2025\/10\/IMG_5455-9x12.jpg 9w, https:\/\/radioljubuski.ba\/wp-content\/uploads\/2025\/10\/IMG_5455-scaled.jpg 1920w\" sizes=\"auto, (max-width: 768px) 100vw, 768px\" \/><\/figure>\n<\/div>\n\n\n<figure class=\"wp-block-gallery has-nested-images columns-default is-cropped wp-block-gallery-3 is-layout-flex wp-block-gallery-is-layout-flex\">\n<figure class=\"wp-block-image size-large\"><img loading=\"lazy\" decoding=\"async\" width=\"1024\" height=\"1006\" data-id=\"221803\" src=\"https:\/\/radioljubuski.ba\/wp-content\/uploads\/2025\/10\/IMG_5411-1024x1006.jpg\" alt=\"\" class=\"wp-image-221803\" srcset=\"https:\/\/radioljubuski.ba\/wp-content\/uploads\/2025\/10\/IMG_5411-1024x1006.jpg 1024w, https:\/\/radioljubuski.ba\/wp-content\/uploads\/2025\/10\/IMG_5411-300x295.jpg 300w, https:\/\/radioljubuski.ba\/wp-content\/uploads\/2025\/10\/IMG_5411-768x755.jpg 768w, https:\/\/radioljubuski.ba\/wp-content\/uploads\/2025\/10\/IMG_5411-1536x1509.jpg 1536w, https:\/\/radioljubuski.ba\/wp-content\/uploads\/2025\/10\/IMG_5411-2048x2012.jpg 2048w, https:\/\/radioljubuski.ba\/wp-content\/uploads\/2025\/10\/IMG_5411-12x12.jpg 12w, https:\/\/radioljubuski.ba\/wp-content\/uploads\/2025\/10\/IMG_5411-64x64.jpg 64w\" sizes=\"auto, (max-width: 1024px) 100vw, 1024px\" \/><\/figure>\n\n\n\n<figure class=\"wp-block-image size-large\"><img loading=\"lazy\" decoding=\"async\" width=\"1024\" height=\"768\" data-id=\"221802\" src=\"https:\/\/radioljubuski.ba\/wp-content\/uploads\/2025\/10\/IMG_5449-1024x768.jpg\" alt=\"\" class=\"wp-image-221802\" srcset=\"https:\/\/radioljubuski.ba\/wp-content\/uploads\/2025\/10\/IMG_5449-1024x768.jpg 1024w, https:\/\/radioljubuski.ba\/wp-content\/uploads\/2025\/10\/IMG_5449-300x225.jpg 300w, https:\/\/radioljubuski.ba\/wp-content\/uploads\/2025\/10\/IMG_5449-768x576.jpg 768w, https:\/\/radioljubuski.ba\/wp-content\/uploads\/2025\/10\/IMG_5449-1536x1152.jpg 1536w, https:\/\/radioljubuski.ba\/wp-content\/uploads\/2025\/10\/IMG_5449-2048x1536.jpg 2048w, https:\/\/radioljubuski.ba\/wp-content\/uploads\/2025\/10\/IMG_5449-16x12.jpg 16w\" sizes=\"auto, (max-width: 1024px) 100vw, 1024px\" \/><\/figure>\n<\/figure>\n\n\n\n<p>Berba maslina na podru\u010dju Ljubu\u0161kog se nastavlja, svim maslinarima \u017eelimo plodnu berbu, te da im trud bude nagra\u0111en kapima vrhunskog maslinovog ulja.<\/p>\n\n\n\n<p>Autor: B.Medi\u0107 <\/p>\n\n\n\n<p>Foto: G.Ili\u0107<\/p>\n\n\n\n<p><\/p>\n","protected":false},"excerpt":{"rendered":"<p>Maslinarstvo u Ljubu\u0161kom je u punom zamahu, prema podacima koje smo dobili od Udruge maslinara na podru\u010dju Ljubu\u0161kog zasa\u0111eno je 65.000 stabala maslina na preko 200 hektara povr\u0161ine, a broj novih nasada je u stalnom porastu. Berba maslina u Ljubu\u0161kom po\u010dela je prije deset dana, samim time i prerada, dio maslinara je iskoristio lijepo vrijeme [&hellip;]<\/p>\n","protected":false},"author":2,"featured_media":221838,"comment_status":"closed","ping_status":"closed","sticky":false,"template":"","format":"standard","meta":{"h5ap_radio_sources":[],"footnotes":""},"categories":[1,3,28],"tags":[],"class_list":["post-221794","post","type-post","status-publish","format-standard","has-post-thumbnail","hentry","category-bihiregija","category-ljubuski","category-novosti"],"yoast_head":"<!-- This site is optimized with the Yoast SEO plugin v27.5 - https:\/\/yoast.com\/product\/yoast-seo-wordpress\/ -->\n<title>Ljubu\u0161ki: Krenula berba i prerada maslina, dobar randman i ulje vrhunske kvalitete - RADIO LJUBU\u0160KI<\/title>\n<meta name=\"robots\" content=\"index, follow, max-snippet:-1, max-image-preview:large, max-video-preview:-1\" \/>\n<link rel=\"canonical\" href=\"https:\/\/radioljubuski.ba\/index.php\/2025\/10\/24\/ljubuski-krenula-berba-i-prerada-maslina-dobar-randman-i-ulje-vhunske-kvalitete\/\" \/>\n<meta property=\"og:locale\" content=\"hr_HR\" \/>\n<meta property=\"og:type\" content=\"article\" \/>\n<meta property=\"og:title\" content=\"Ljubu\u0161ki: Krenula berba i prerada maslina, dobar randman i ulje vrhunske kvalitete - RADIO LJUBU\u0160KI\" \/>\n<meta property=\"og:description\" content=\"Maslinarstvo u Ljubu\u0161kom je u punom zamahu, prema podacima koje smo dobili od Udruge maslinara na podru\u010dju Ljubu\u0161kog zasa\u0111eno je 65.000 stabala maslina na preko 200 hektara povr\u0161ine, a broj novih nasada je u stalnom porastu. Berba maslina u Ljubu\u0161kom po\u010dela je prije deset dana, samim time i prerada, dio maslinara je iskoristio lijepo vrijeme [&hellip;]\" \/>\n<meta property=\"og:url\" content=\"https:\/\/radioljubuski.ba\/index.php\/2025\/10\/24\/ljubuski-krenula-berba-i-prerada-maslina-dobar-randman-i-ulje-vhunske-kvalitete\/\" \/>\n<meta property=\"og:site_name\" content=\"RADIO LJUBU\u0160KI\" \/>\n<meta property=\"article:publisher\" content=\"https:\/\/www.facebook.com\/Radiio-Ljubuski-1490835324566332\" \/>\n<meta property=\"article:published_time\" content=\"2025-10-24T07:40:32+00:00\" \/>\n<meta property=\"article:modified_time\" content=\"2025-10-24T12:28:53+00:00\" \/>\n<meta property=\"og:image\" content=\"https:\/\/radioljubuski.ba\/wp-content\/uploads\/2025\/10\/IMG_20251023_135434.jpg\" \/>\n\t<meta property=\"og:image:width\" content=\"1200\" \/>\n\t<meta property=\"og:image:height\" content=\"1129\" \/>\n\t<meta property=\"og:image:type\" content=\"image\/jpeg\" \/>\n<meta name=\"author\" content=\"Radio Ljubu\u0161ki\" \/>\n<meta name=\"twitter:card\" content=\"summary_large_image\" \/>\n<meta name=\"twitter:creator\" content=\"@radioljubuski\" \/>\n<meta name=\"twitter:site\" content=\"@radioljubuski\" \/>\n<meta name=\"twitter:label1\" content=\"Napisao\/la\" \/>\n\t<meta name=\"twitter:data1\" content=\"Radio Ljubu\u0161ki\" \/>\n\t<meta name=\"twitter:label2\" content=\"Procijenjeno vrijeme \u010ditanja\" \/>\n\t<meta name=\"twitter:data2\" content=\"7 minuta\" \/>\n<script type=\"application\/ld+json\" class=\"yoast-schema-graph\">{\"@context\":\"https:\\\/\\\/schema.org\",\"@graph\":[{\"@type\":\"Article\",\"@id\":\"https:\\\/\\\/radioljubuski.ba\\\/index.php\\\/2025\\\/10\\\/24\\\/ljubuski-krenula-berba-i-prerada-maslina-dobar-randman-i-ulje-vhunske-kvalitete\\\/#article\",\"isPartOf\":{\"@id\":\"https:\\\/\\\/radioljubuski.ba\\\/index.php\\\/2025\\\/10\\\/24\\\/ljubuski-krenula-berba-i-prerada-maslina-dobar-randman-i-ulje-vhunske-kvalitete\\\/\"},\"author\":{\"name\":\"Radio Ljubu\u0161ki\",\"@id\":\"https:\\\/\\\/radioljubuski.ba\\\/#\\\/schema\\\/person\\\/19fc700381a780f69665d7956c469e3b\"},\"headline\":\"Ljubu\u0161ki: Krenula berba i prerada maslina, dobar randman i ulje vrhunske kvalitete\",\"datePublished\":\"2025-10-24T07:40:32+00:00\",\"dateModified\":\"2025-10-24T12:28:53+00:00\",\"mainEntityOfPage\":{\"@id\":\"https:\\\/\\\/radioljubuski.ba\\\/index.php\\\/2025\\\/10\\\/24\\\/ljubuski-krenula-berba-i-prerada-maslina-dobar-randman-i-ulje-vhunske-kvalitete\\\/\"},\"wordCount\":894,\"publisher\":{\"@id\":\"https:\\\/\\\/radioljubuski.ba\\\/#organization\"},\"image\":{\"@id\":\"https:\\\/\\\/radioljubuski.ba\\\/index.php\\\/2025\\\/10\\\/24\\\/ljubuski-krenula-berba-i-prerada-maslina-dobar-randman-i-ulje-vhunske-kvalitete\\\/#primaryimage\"},\"thumbnailUrl\":\"https:\\\/\\\/radioljubuski.ba\\\/wp-content\\\/uploads\\\/2025\\\/10\\\/IMG_20251023_135434.jpg\",\"articleSection\":[\"BIH i regija\",\"Ljubu\u0161ki\",\"Novosti\"],\"inLanguage\":\"hr\"},{\"@type\":\"WebPage\",\"@id\":\"https:\\\/\\\/radioljubuski.ba\\\/index.php\\\/2025\\\/10\\\/24\\\/ljubuski-krenula-berba-i-prerada-maslina-dobar-randman-i-ulje-vhunske-kvalitete\\\/\",\"url\":\"https:\\\/\\\/radioljubuski.ba\\\/index.php\\\/2025\\\/10\\\/24\\\/ljubuski-krenula-berba-i-prerada-maslina-dobar-randman-i-ulje-vhunske-kvalitete\\\/\",\"name\":\"Ljubu\u0161ki: Krenula berba i prerada maslina, dobar randman i ulje vrhunske kvalitete - RADIO LJUBU\u0160KI\",\"isPartOf\":{\"@id\":\"https:\\\/\\\/radioljubuski.ba\\\/#website\"},\"primaryImageOfPage\":{\"@id\":\"https:\\\/\\\/radioljubuski.ba\\\/index.php\\\/2025\\\/10\\\/24\\\/ljubuski-krenula-berba-i-prerada-maslina-dobar-randman-i-ulje-vhunske-kvalitete\\\/#primaryimage\"},\"image\":{\"@id\":\"https:\\\/\\\/radioljubuski.ba\\\/index.php\\\/2025\\\/10\\\/24\\\/ljubuski-krenula-berba-i-prerada-maslina-dobar-randman-i-ulje-vhunske-kvalitete\\\/#primaryimage\"},\"thumbnailUrl\":\"https:\\\/\\\/radioljubuski.ba\\\/wp-content\\\/uploads\\\/2025\\\/10\\\/IMG_20251023_135434.jpg\",\"datePublished\":\"2025-10-24T07:40:32+00:00\",\"dateModified\":\"2025-10-24T12:28:53+00:00\",\"breadcrumb\":{\"@id\":\"https:\\\/\\\/radioljubuski.ba\\\/index.php\\\/2025\\\/10\\\/24\\\/ljubuski-krenula-berba-i-prerada-maslina-dobar-randman-i-ulje-vhunske-kvalitete\\\/#breadcrumb\"},\"inLanguage\":\"hr\",\"potentialAction\":[{\"@type\":\"ReadAction\",\"target\":[\"https:\\\/\\\/radioljubuski.ba\\\/index.php\\\/2025\\\/10\\\/24\\\/ljubuski-krenula-berba-i-prerada-maslina-dobar-randman-i-ulje-vhunske-kvalitete\\\/\"]}]},{\"@type\":\"ImageObject\",\"inLanguage\":\"hr\",\"@id\":\"https:\\\/\\\/radioljubuski.ba\\\/index.php\\\/2025\\\/10\\\/24\\\/ljubuski-krenula-berba-i-prerada-maslina-dobar-randman-i-ulje-vhunske-kvalitete\\\/#primaryimage\",\"url\":\"https:\\\/\\\/radioljubuski.ba\\\/wp-content\\\/uploads\\\/2025\\\/10\\\/IMG_20251023_135434.jpg\",\"contentUrl\":\"https:\\\/\\\/radioljubuski.ba\\\/wp-content\\\/uploads\\\/2025\\\/10\\\/IMG_20251023_135434.jpg\",\"width\":1200,\"height\":1129},{\"@type\":\"BreadcrumbList\",\"@id\":\"https:\\\/\\\/radioljubuski.ba\\\/index.php\\\/2025\\\/10\\\/24\\\/ljubuski-krenula-berba-i-prerada-maslina-dobar-randman-i-ulje-vhunske-kvalitete\\\/#breadcrumb\",\"itemListElement\":[{\"@type\":\"ListItem\",\"position\":1,\"name\":\"Po\u010detna stranica\",\"item\":\"https:\\\/\\\/radioljubuski.ba\\\/\"},{\"@type\":\"ListItem\",\"position\":2,\"name\":\"Ljubu\u0161ki: Krenula berba i prerada maslina, dobar randman i ulje vrhunske kvalitete\"}]},{\"@type\":\"WebSite\",\"@id\":\"https:\\\/\\\/radioljubuski.ba\\\/#website\",\"url\":\"https:\\\/\\\/radioljubuski.ba\\\/\",\"name\":\"Radio Ljubu\u0161ki\",\"description\":\"Sun\u010dana frekvencija Hercegovine\",\"publisher\":{\"@id\":\"https:\\\/\\\/radioljubuski.ba\\\/#organization\"},\"potentialAction\":[{\"@type\":\"SearchAction\",\"target\":{\"@type\":\"EntryPoint\",\"urlTemplate\":\"https:\\\/\\\/radioljubuski.ba\\\/?s={search_term_string}\"},\"query-input\":{\"@type\":\"PropertyValueSpecification\",\"valueRequired\":true,\"valueName\":\"search_term_string\"}}],\"inLanguage\":\"hr\"},{\"@type\":\"Organization\",\"@id\":\"https:\\\/\\\/radioljubuski.ba\\\/#organization\",\"name\":\"Radio Ljubu\u0161ki\",\"url\":\"https:\\\/\\\/radioljubuski.ba\\\/\",\"logo\":{\"@type\":\"ImageObject\",\"inLanguage\":\"hr\",\"@id\":\"https:\\\/\\\/radioljubuski.ba\\\/#\\\/schema\\\/logo\\\/image\\\/\",\"url\":\"https:\\\/\\\/radioljubuski.ba\\\/wp-content\\\/uploads\\\/2021\\\/02\\\/cropped-Radio_Ljubuski_logo1.jpg\",\"contentUrl\":\"https:\\\/\\\/radioljubuski.ba\\\/wp-content\\\/uploads\\\/2021\\\/02\\\/cropped-Radio_Ljubuski_logo1.jpg\",\"width\":512,\"height\":512,\"caption\":\"Radio Ljubu\u0161ki\"},\"image\":{\"@id\":\"https:\\\/\\\/radioljubuski.ba\\\/#\\\/schema\\\/logo\\\/image\\\/\"},\"sameAs\":[\"https:\\\/\\\/www.facebook.com\\\/Radiio-Ljubuski-1490835324566332\",\"https:\\\/\\\/x.com\\\/radioljubuski\",\"https:\\\/\\\/hr.linkedin.com\\\/company\\\/radio-ljubuski\",\"https:\\\/\\\/www.youtube.com\\\/channel\\\/UCHYaeO_n0Db3tjNGudGpXyw\"]},{\"@type\":\"Person\",\"@id\":\"https:\\\/\\\/radioljubuski.ba\\\/#\\\/schema\\\/person\\\/19fc700381a780f69665d7956c469e3b\",\"name\":\"Radio Ljubu\u0161ki\"}]}<\/script>\n<!-- \/ Yoast SEO plugin. -->","yoast_head_json":{"title":"Ljubu\u0161ki: Krenula berba i prerada maslina, dobar randman i ulje vrhunske kvalitete - RADIO LJUBU\u0160KI","robots":{"index":"index","follow":"follow","max-snippet":"max-snippet:-1","max-image-preview":"max-image-preview:large","max-video-preview":"max-video-preview:-1"},"canonical":"https:\/\/radioljubuski.ba\/index.php\/2025\/10\/24\/ljubuski-krenula-berba-i-prerada-maslina-dobar-randman-i-ulje-vhunske-kvalitete\/","og_locale":"hr_HR","og_type":"article","og_title":"Ljubu\u0161ki: Krenula berba i prerada maslina, dobar randman i ulje vrhunske kvalitete - RADIO LJUBU\u0160KI","og_description":"Maslinarstvo u Ljubu\u0161kom je u punom zamahu, prema podacima koje smo dobili od Udruge maslinara na podru\u010dju Ljubu\u0161kog zasa\u0111eno je 65.000 stabala maslina na preko 200 hektara povr\u0161ine, a broj novih nasada je u stalnom porastu. Berba maslina u Ljubu\u0161kom po\u010dela je prije deset dana, samim time i prerada, dio maslinara je iskoristio lijepo vrijeme [&hellip;]","og_url":"https:\/\/radioljubuski.ba\/index.php\/2025\/10\/24\/ljubuski-krenula-berba-i-prerada-maslina-dobar-randman-i-ulje-vhunske-kvalitete\/","og_site_name":"RADIO LJUBU\u0160KI","article_publisher":"https:\/\/www.facebook.com\/Radiio-Ljubuski-1490835324566332","article_published_time":"2025-10-24T07:40:32+00:00","article_modified_time":"2025-10-24T12:28:53+00:00","og_image":[{"width":1200,"height":1129,"url":"https:\/\/radioljubuski.ba\/wp-content\/uploads\/2025\/10\/IMG_20251023_135434.jpg","type":"image\/jpeg"}],"author":"Radio Ljubu\u0161ki","twitter_card":"summary_large_image","twitter_creator":"@radioljubuski","twitter_site":"@radioljubuski","twitter_misc":{"Napisao\/la":"Radio Ljubu\u0161ki","Procijenjeno vrijeme \u010ditanja":"7 minuta"},"schema":{"@context":"https:\/\/schema.org","@graph":[{"@type":"Article","@id":"https:\/\/radioljubuski.ba\/index.php\/2025\/10\/24\/ljubuski-krenula-berba-i-prerada-maslina-dobar-randman-i-ulje-vhunske-kvalitete\/#article","isPartOf":{"@id":"https:\/\/radioljubuski.ba\/index.php\/2025\/10\/24\/ljubuski-krenula-berba-i-prerada-maslina-dobar-randman-i-ulje-vhunske-kvalitete\/"},"author":{"name":"Radio Ljubu\u0161ki","@id":"https:\/\/radioljubuski.ba\/#\/schema\/person\/19fc700381a780f69665d7956c469e3b"},"headline":"Ljubu\u0161ki: Krenula berba i prerada maslina, dobar randman i ulje vrhunske kvalitete","datePublished":"2025-10-24T07:40:32+00:00","dateModified":"2025-10-24T12:28:53+00:00","mainEntityOfPage":{"@id":"https:\/\/radioljubuski.ba\/index.php\/2025\/10\/24\/ljubuski-krenula-berba-i-prerada-maslina-dobar-randman-i-ulje-vhunske-kvalitete\/"},"wordCount":894,"publisher":{"@id":"https:\/\/radioljubuski.ba\/#organization"},"image":{"@id":"https:\/\/radioljubuski.ba\/index.php\/2025\/10\/24\/ljubuski-krenula-berba-i-prerada-maslina-dobar-randman-i-ulje-vhunske-kvalitete\/#primaryimage"},"thumbnailUrl":"https:\/\/radioljubuski.ba\/wp-content\/uploads\/2025\/10\/IMG_20251023_135434.jpg","articleSection":["BIH i regija","Ljubu\u0161ki","Novosti"],"inLanguage":"hr"},{"@type":"WebPage","@id":"https:\/\/radioljubuski.ba\/index.php\/2025\/10\/24\/ljubuski-krenula-berba-i-prerada-maslina-dobar-randman-i-ulje-vhunske-kvalitete\/","url":"https:\/\/radioljubuski.ba\/index.php\/2025\/10\/24\/ljubuski-krenula-berba-i-prerada-maslina-dobar-randman-i-ulje-vhunske-kvalitete\/","name":"Ljubu\u0161ki: Krenula berba i prerada maslina, dobar randman i ulje vrhunske kvalitete - RADIO LJUBU\u0160KI","isPartOf":{"@id":"https:\/\/radioljubuski.ba\/#website"},"primaryImageOfPage":{"@id":"https:\/\/radioljubuski.ba\/index.php\/2025\/10\/24\/ljubuski-krenula-berba-i-prerada-maslina-dobar-randman-i-ulje-vhunske-kvalitete\/#primaryimage"},"image":{"@id":"https:\/\/radioljubuski.ba\/index.php\/2025\/10\/24\/ljubuski-krenula-berba-i-prerada-maslina-dobar-randman-i-ulje-vhunske-kvalitete\/#primaryimage"},"thumbnailUrl":"https:\/\/radioljubuski.ba\/wp-content\/uploads\/2025\/10\/IMG_20251023_135434.jpg","datePublished":"2025-10-24T07:40:32+00:00","dateModified":"2025-10-24T12:28:53+00:00","breadcrumb":{"@id":"https:\/\/radioljubuski.ba\/index.php\/2025\/10\/24\/ljubuski-krenula-berba-i-prerada-maslina-dobar-randman-i-ulje-vhunske-kvalitete\/#breadcrumb"},"inLanguage":"hr","potentialAction":[{"@type":"ReadAction","target":["https:\/\/radioljubuski.ba\/index.php\/2025\/10\/24\/ljubuski-krenula-berba-i-prerada-maslina-dobar-randman-i-ulje-vhunske-kvalitete\/"]}]},{"@type":"ImageObject","inLanguage":"hr","@id":"https:\/\/radioljubuski.ba\/index.php\/2025\/10\/24\/ljubuski-krenula-berba-i-prerada-maslina-dobar-randman-i-ulje-vhunske-kvalitete\/#primaryimage","url":"https:\/\/radioljubuski.ba\/wp-content\/uploads\/2025\/10\/IMG_20251023_135434.jpg","contentUrl":"https:\/\/radioljubuski.ba\/wp-content\/uploads\/2025\/10\/IMG_20251023_135434.jpg","width":1200,"height":1129},{"@type":"BreadcrumbList","@id":"https:\/\/radioljubuski.ba\/index.php\/2025\/10\/24\/ljubuski-krenula-berba-i-prerada-maslina-dobar-randman-i-ulje-vhunske-kvalitete\/#breadcrumb","itemListElement":[{"@type":"ListItem","position":1,"name":"Po\u010detna stranica","item":"https:\/\/radioljubuski.ba\/"},{"@type":"ListItem","position":2,"name":"Ljubu\u0161ki: Krenula berba i prerada maslina, dobar randman i ulje vrhunske kvalitete"}]},{"@type":"WebSite","@id":"https:\/\/radioljubuski.ba\/#website","url":"https:\/\/radioljubuski.ba\/","name":"Radio Ljubu\u0161ki","description":"Sun\u010dana frekvencija Hercegovine","publisher":{"@id":"https:\/\/radioljubuski.ba\/#organization"},"potentialAction":[{"@type":"SearchAction","target":{"@type":"EntryPoint","urlTemplate":"https:\/\/radioljubuski.ba\/?s={search_term_string}"},"query-input":{"@type":"PropertyValueSpecification","valueRequired":true,"valueName":"search_term_string"}}],"inLanguage":"hr"},{"@type":"Organization","@id":"https:\/\/radioljubuski.ba\/#organization","name":"Radio Ljubu\u0161ki","url":"https:\/\/radioljubuski.ba\/","logo":{"@type":"ImageObject","inLanguage":"hr","@id":"https:\/\/radioljubuski.ba\/#\/schema\/logo\/image\/","url":"https:\/\/radioljubuski.ba\/wp-content\/uploads\/2021\/02\/cropped-Radio_Ljubuski_logo1.jpg","contentUrl":"https:\/\/radioljubuski.ba\/wp-content\/uploads\/2021\/02\/cropped-Radio_Ljubuski_logo1.jpg","width":512,"height":512,"caption":"Radio Ljubu\u0161ki"},"image":{"@id":"https:\/\/radioljubuski.ba\/#\/schema\/logo\/image\/"},"sameAs":["https:\/\/www.facebook.com\/Radiio-Ljubuski-1490835324566332","https:\/\/x.com\/radioljubuski","https:\/\/hr.linkedin.com\/company\/radio-ljubuski","https:\/\/www.youtube.com\/channel\/UCHYaeO_n0Db3tjNGudGpXyw"]},{"@type":"Person","@id":"https:\/\/radioljubuski.ba\/#\/schema\/person\/19fc700381a780f69665d7956c469e3b","name":"Radio Ljubu\u0161ki"}]}},"_links":{"self":[{"href":"https:\/\/radioljubuski.ba\/index.php\/wp-json\/wp\/v2\/posts\/221794","targetHints":{"allow":["GET"]}}],"collection":[{"href":"https:\/\/radioljubuski.ba\/index.php\/wp-json\/wp\/v2\/posts"}],"about":[{"href":"https:\/\/radioljubuski.ba\/index.php\/wp-json\/wp\/v2\/types\/post"}],"author":[{"embeddable":true,"href":"https:\/\/radioljubuski.ba\/index.php\/wp-json\/wp\/v2\/users\/2"}],"replies":[{"embeddable":true,"href":"https:\/\/radioljubuski.ba\/index.php\/wp-json\/wp\/v2\/comments?post=221794"}],"version-history":[{"count":9,"href":"https:\/\/radioljubuski.ba\/index.php\/wp-json\/wp\/v2\/posts\/221794\/revisions"}],"predecessor-version":[{"id":221850,"href":"https:\/\/radioljubuski.ba\/index.php\/wp-json\/wp\/v2\/posts\/221794\/revisions\/221850"}],"wp:featuredmedia":[{"embeddable":true,"href":"https:\/\/radioljubuski.ba\/index.php\/wp-json\/wp\/v2\/media\/221838"}],"wp:attachment":[{"href":"https:\/\/radioljubuski.ba\/index.php\/wp-json\/wp\/v2\/media?parent=221794"}],"wp:term":[{"taxonomy":"category","embeddable":true,"href":"https:\/\/radioljubuski.ba\/index.php\/wp-json\/wp\/v2\/categories?post=221794"},{"taxonomy":"post_tag","embeddable":true,"href":"https:\/\/radioljubuski.ba\/index.php\/wp-json\/wp\/v2\/tags?post=221794"}],"curies":[{"name":"wp","href":"https:\/\/api.w.org\/{rel}","templated":true}]}}